{"id":4139,"date":"2010-09-20T01:00:00","date_gmt":"2010-09-19T22:00:00","guid":{"rendered":"http:\/\/localhost\/wordpress\/2010\/09\/20\/aydinlara-turku-dinlemeyi-ogreten-ezgili-yurek-ruhi-su-ve-turkuleri\/"},"modified":"2010-09-20T01:00:00","modified_gmt":"2010-09-19T22:00:00","slug":"aydinlara-turku-dinlemeyi-ogreten-ezgili-yurek-ruhi-su-ve-turkuleri","status":"publish","type":"post","link":"https:\/\/narteks.net\/index.php\/2010\/09\/20\/aydinlara-turku-dinlemeyi-ogreten-ezgili-yurek-ruhi-su-ve-turkuleri\/","title":{"rendered":"Ayd\u0131nlara t\u00fcrk\u00fc dinlemeyi \u00f6\u011freten ezgili y\u00fcrek | Ruhi Su ve t\u00fcrk\u00fcleri"},"content":{"rendered":"<p><img loading=\"lazy\" decoding=\"async\" src=\"images\/stories\/ruhi_su.jpg\" border=\"0\" width=\"155\" height=\"205\" style=\"float: left;\" \/><\/p>\n<p style=\"text-align: justify;\">\u201cSanat\u00e7\u0131 da, t\u0131pk\u0131 bir \u00e7ift\u00e7i gibi, demirci gibi i\u015fini anlatabilmelidir. Hem diliyle, hem de h\u00fcneriyle. Bir ba\u015fka deyi\u015fle, kendi toplumu i\u00e7inde sanat\u0131yla ekmek yiyebilmelidir. \u2018Beni bu halk anlamaz\u2019 demek, en az\u0131ndan, bo\u015f bir kendini be\u011fenmi\u015fliktir. \u0130nsan kendini be\u011fenmede bile yaln\u0131z kalmamal\u0131. Halk\u0131n sanatta anlamad\u0131\u011f\u0131 bir yer olabilir, sanat\u00e7\u0131 bunu umursamazl\u0131k edemez. \u00c7\u00fcnk\u00fc t\u00fcketicisi olmayan bir \u00fcretim ya\u015famaz. Hani h\u00fck\u00fcmet zoruyla da ya\u015famaz demek istiyorum. Elli y\u0131ll\u0131k de\u011fil, y\u00fcz elli y\u0131ll\u0131k deney var \u00f6n\u00fcm\u00fczde. Baz\u0131 sanat kurumlar\u0131n\u0131n gittik\u00e7e yozla\u015fmas\u0131, kuruyup gitmesi bundand\u0131r. Halktan kopuk hi\u00e7bir i\u015ften, hi\u00e7bir insandan hay\u0131r gelmez.\u201d<strong> Ruhi Su<\/strong><\/p>\n<p>Mehmet Ruhi Su, 1912 y\u0131l\u0131nda Van&#8217;da Ermeni bir ailenin mensubu olarak do\u011fdu ve ailesini 1915&#8217;te kaybetti. \u00c7ocuklu\u011funun geri kalan y\u0131llar\u0131n\u0131, kendisini bir M\u00fcsl\u00fcman olarak yeti\u015ftiren yoksul bir ailenin yan\u0131nda ve daha sonra da \u00f6ks\u00fczler yurdunda ge\u00e7irdi. 1927 y\u0131l\u0131nda Kuleli Askeri Lisesi&#8217;ne girdi. 1931 y\u0131l\u0131nda buray\u0131 bitirdi fakat askerlik kariyeri yapmad\u0131. Adana \u00d6\u011fretmen Okulu&#8217;nda okurken, Ankara&#8217;ya M\u00fczik \u00d6\u011fretmen Okulu&#8217;na (Musiki Muallim Mektebi) girmeyi ba\u015fard\u0131. 1942&#8217;de Ankara Devlet Konservatuar\u0131&#8217;n\u0131n \u015ean B\u00f6l\u00fcm\u00fc&#8217;n\u00fc bitirdi. Ayn\u0131 y\u0131llarda s\u0131ras\u0131yla Ankara Cebeci \u0130kinci Ortaokulu&#8217;nda, sonra Hasano\u011flan K\u00f6y Enstit\u00fcs\u00fc&#8217;nde m\u00fczik \u00f6\u011fretmenli\u011fi yapt\u0131. Cumhurba\u015fkanl\u0131\u011f\u0131 Orkestras\u0131\u2019na se\u00e7ildi, konservetuar\u0131n opera b\u00f6l\u00fcm\u00fcnde okudu ve daha sonra da Devlet Operas\u0131&#8217;nda \u00e7al\u0131\u015ft\u0131. Devlet Operas\u0131 sanat\u00e7\u0131s\u0131 olarak, Bastien und Bastienne, Sat\u0131lm\u0131\u015f Ni\u015fanl\u0131, Madame Butterfly, Fidelio, Tosca, Yarasa Opereti, A\u015fk \u0130ksiri, Rigoletto, Figaro&#8217;nun D\u00fc\u011f\u00fcn\u00fc, Maskeli Balo ve Konsolos gibi operalarda rol ald\u0131. T\u00fcrk Opera Sanat\u0131&#8217;n\u0131n temelinde Ruhi Su&#8217;nun katk\u0131s\u0131 b\u00fcy\u00fckt\u00fcr.<\/p>\n<p style=\"text-align: justify;\"> <br \/>\n<object width=\"480\" height=\"398\" data=\"http:\/\/www.dailymotion.com\/swf\/x3xa3z\" type=\"application\/x-shockwave-flash\"><param name=\"allowFullScreen\" value=\"true\" \/><param name=\"allowScriptAccess\" value=\"always\" \/><param name=\"src\" value=\"http:\/\/www.dailymotion.com\/swf\/x3xa3z\" \/><param name=\"allowfullscreen\" value=\"true\" \/><\/object><br \/>\n<br \/><strong><a href=\"http:\/\/www.dailymotion.com\/video\/x3xa3z_ruhi-su-kadinlarimiz_music\">Ruhi Su &#8211; KADINLARIMIZ<\/a><\/strong><br \/><em> <\/em><br \/>Ankara Radyosu&#8217;nda onbe\u015f g\u00fcnde bir yay\u0131nlanan t\u00fcrk\u00fc programlar\u0131 d\u00fczenledi; Dil ve Tarih Co\u011frafya Fak\u00fcltesi`nde b\u00fcy\u00fck bir koro olu\u015fturdu. Ald\u0131\u011f\u0131 klasik bat\u0131 m\u00fczi\u011fi e\u011fitimi, \u00f6mr\u00fc boyunca kendini adad\u0131\u011f\u0131 t\u00fcrk\u00fclerin yorum ve icras\u0131na yakla\u015f\u0131m\u0131n\u0131n kurumsal temelini olu\u015fturdu.<\/p>\n<p>Ruhi Su, sosyalist d\u00fcnya g\u00f6r\u00fc\u015f\u00fc nedeniyle 1952-1957 y\u0131llar\u0131 aras\u0131nda 1951 TKP tevkifat\u0131 dolay\u0131s\u0131 ile hapis yatt\u0131. 1960&#8217;ta \u0130stanbul&#8217;da Taksim Belediye Gazinosu&#8217;nda sahneye \u00e7\u0131kan Ruhi Su, bir yandan da halk t\u00fcrk\u00fclerini kaydedip, ar\u015fivleme g\u00f6revini \u00fcstlendi. Bu arada radyoda da &#8216;Basbariton Ruhi Su T\u00fcrk\u00fcler S\u00f6yl\u00fcyor&#8217; anonsuyla sunulan bir radyo program\u0131 yapt\u0131. Bu programlardan birinde s\u00f6yledi\u011fi &#8220;Serdari Halimiz B\u00f6yle N&#8217;olacak? K\u0131sa \u00e7\u00f6p uzundan hakk\u0131n alacak&#8221; t\u00fcrk\u00fcs\u00fc nedeniyle radyodaki i\u015fine son verildi.<\/p>\n<p>S\u00f6yledi\u011fi t\u00fcrk\u00fclerdeki siyasi vurgular y\u00fcz\u00fcnden aleyhinde kampanyalar ba\u015flat\u0131lan ve i\u015fini kaybeden sanat\u00e7\u0131, t\u00fcrk\u00fcleri derleyip, yeniden yorumlama i\u015fine kendi ba\u015f\u0131na devam etti. 1975&#8217;te S\u00fcmeyra \u00c7ak\u0131r&#8217;la birlikte Dostlar Korosu\u2019nu kurdu. 1978&#8217;den sonra \u00fcretti\u011fi kasetlerle halk m\u00fczi\u011finin, yayg\u0131nla\u015fmas\u0131na b\u00fcy\u00fck katk\u0131da bulundu. Ayd\u0131nlara t\u00fcrk\u00fc dinlemeyi \u00f6\u011freten ki\u015fi olarak da bilinir. Ruhi Su, 12 Eyl\u00fcl y\u00f6netiminin engellemeleri y\u00fcz\u00fcnden yurtd\u0131\u015f\u0131nda tedavi \u015fans\u0131 bulamad\u0131 ve 20 Eyl\u00fcl 1985&#8217;te \u00f6ld\u00fc. Mezar\u0131 \u0130stanbul Zincirlikuyu&#8217;dad\u0131r. Ruhi Su&#8217;nun cenaze t\u00f6renine binlerce ki\u015fi kat\u0131ld\u0131 ve cenaze 12 Eyl\u00fcl d\u00f6neminin ilk b\u00fcy\u00fck kitle g\u00f6sterisi haline d\u00f6n\u00fc\u015ft\u00fc. Naa\u015f\u0131 \u015ei\u015fli Camii&#8217;nden itibaren kitlenin omuzlar\u0131na al\u0131narak, t\u00fcrk\u00fcler ve sloganlar e\u015fli\u011finde y\u00fcr\u00fcy\u00fc\u015fe ge\u00e7ildi. Kitlenin \u00f6n\u00fc \u0130ETT garaj\u0131 \u00f6n\u00fcnde o d\u00f6nemin Ter\u00f6rle M\u00fccadele \u015eube M\u00fcd\u00fcr ve Asayi\u015ften Sorumlu Emn.Md.Yrdc\u0131s\u0131 Mehmet A\u011far y\u00f6netimindeki polis taraf\u0131ndan kesildi. Kitle, uyar\u0131lar\u0131 dinlemeyip zay\u0131f polis barikat\u0131n\u0131 a\u015farak y\u00fcr\u00fcy\u00fc\u015f\u00fcne devam etti. Kalabal\u0131k, Mecidiyek\u00f6y&#8217;den kat\u0131l\u0131mlarla birlikte on binlere ula\u015ft\u0131. Cenaze y\u00fcr\u00fcy\u00fc\u015f\u00fc s\u0131ras\u0131nda ve mezarl\u0131kta g\u00f6zalt\u0131na al\u0131nan 163 ki\u015fi \u0130stanbul siyasi \u015fubede ve 1. Ordu Cankurtaran Trafik \u0130nzibat B\u00f6l\u00fc\u011f\u00fcne ait eski bir binada 15 g\u00fcn s\u00fcreyle g\u00f6zalt\u0131nda tutuldu. S\u0131k\u0131y\u00f6netim Komutanl\u0131\u011f\u0131&#8217;n\u0131n karar\u0131yle serbest b\u0131rak\u0131ld\u0131lar.<\/p>\n<p>Kendisi Alevi Deyi\u015flerini okumu\u015f, Pir Sultan&#8217;\u0131n, Hatayi&#8217;nin ve di\u011fer ozanlar\u0131n deyi\u015flerini yorumlam\u0131\u015ft\u0131r. Naz\u0131m Hikmet&#8217;in \u015fiirlerini ilk besteleyenlerdendir. 1957&#8217;de hapisteyken s\u00f6yledi\u011fi Mahsusmahal adl\u0131 t\u00fcrk\u00fcs\u00fcyle \u00fcnlendi.<\/p>\n<p>Ruhi Su&#8217;nun sesini korumadaki hassasiyeti hakk\u0131nda pek \u00e7ok anlat\u0131 vard\u0131r. Bunlara g\u00f6re Ruhi Su, sesine zarar vermemek i\u00e7in kuruyemi\u015f ve \u00e7ama\u015f\u0131r suyundan uzak dururmu\u015f. Soruldu\u011funda, sesini korumadaki bu hassasiyetinin sanata ve dinleyenlere sayg\u0131s\u0131ndan kaynakland\u0131\u011f\u0131n\u0131 ifade edermi\u015f.<\/p>\n<p>Ruhi Su, \u00f6l\u00fcm\u00fcne kadar 16 tane 45&#8217;lik plak, 11 uzun\u00e7alar \u00e7\u0131kard\u0131. \u00d6l\u00fcm\u00fcnden sonra kurulan Ruhi Su K\u00fclt\u00fcr ve Sanat Vakf\u0131 arac\u0131l\u0131\u011f\u0131yla e\u015fi S\u0131d\u0131ka Su (\u00f6l\u00fcm 18 Ekim 2006) ve o\u011flu Ilg\u0131n Su \u00f6zel ar\u015fivlerdeki ses kay\u0131tlar\u0131ndan yararlanarak plak, kaset ve CD \u00fcretimini s\u00fcrd\u00fcrd\u00fcler. Vakf\u0131n merkezi Beyo\u011flu, \u0130stanbul&#8217;dad\u0131r.<\/p>\n<p>Sanat\u00e7\u0131 hakk\u0131nda Ajans21 taraf\u0131ndan, Ezgili Yurek: Ruhi Su 1995 (24 dk) ad\u0131nda bir belgesel haz\u0131rlanm\u0131\u015ft\u0131r. Bu belgesel Ruhi SU hakk\u0131nda haz\u0131rlanan ilk belgeseldir. Bunun d\u0131\u015f\u0131nda Avusturya Belgeseli ve Ruhi Su Belgeseli (Hilmi Etikan) adlar\u0131nda iki belgesel film de Ruhi Su K\u00fclt\u00fcr ve Sanat Vakf\u0131 arac\u0131l\u0131\u011f\u0131yla g\u00f6sterilmektedir.<\/p>\n<p>\u00a0<\/p>\n<p>\n<object width=\"400\" height=\"300\" data=\"http:\/\/www.humyo.com\/E\/10422871-281475396274101\/10422871-281475396274325\/10422871-281475396274619\/10422871-281475396274919\/10422871-281475396275877\/10422871-281475396276353\/10422871-281475396276927\/10422871-281475396277309\/10422871-281475396277781\/10422871-281475396278259\/10422871-281475396278703\/10422871-281475396279005\/10422871-281475396279313\/10422871-281475396279711\/10422871-281475396280125\/10422871-281475396280331\/10422871-281475396280447?a=1YeFv1w92DU%2CmwBV7tMip0E%2Cmqe9fS2MqMM%2CI2kf-BJFrqo%2CNzlonzsiwUI%2C4MterFamJgI%2CTUCsV7xCOCE%2C_lThDNlzfXw%2Cuv9ubnxweZI%2CScVMPjuabZ4%2CpuPVl75JaX8%2CGtSa7lY0DqE%2Cbgj1vtPlhvU%2C2uXHKZoIseE%2C20K9VULPHfE%2C4j7TEPNPGcE%2CqL3xhsZQIqk\" type=\"application\/x-shockwave-flash\"><param name=\"flashvars\" value=\"autostart=true&amp;usefullscreen=true&amp;\" \/><param name=\"src\" value=\"http:\/\/www.humyo.com\/E\/10422871-281475396274101\/10422871-281475396274325\/10422871-281475396274619\/10422871-281475396274919\/10422871-281475396275877\/10422871-281475396276353\/10422871-281475396276927\/10422871-281475396277309\/10422871-281475396277781\/10422871-281475396278259\/10422871-281475396278703\/10422871-281475396279005\/10422871-281475396279313\/10422871-281475396279711\/10422871-281475396280125\/10422871-281475396280331\/10422871-281475396280447?a=1YeFv1w92DU%2CmwBV7tMip0E%2Cmqe9fS2MqMM%2CI2kf-BJFrqo%2CNzlonzsiwUI%2C4MterFamJgI%2CTUCsV7xCOCE%2C_lThDNlzfXw%2Cuv9ubnxweZI%2CScVMPjuabZ4%2CpuPVl75JaX8%2CGtSa7lY0DqE%2Cbgj1vtPlhvU%2C2uXHKZoIseE%2C20K9VULPHfE%2C4j7TEPNPGcE%2CqL3xhsZQIqk\" \/><param name=\"allowfullscreen\" value=\"true\" \/><\/object><br \/>\n<strong> <\/strong><\/p>\n<p><strong>Alb\u00fcmleri <\/strong><\/p>\n<p> 1. (1971) Seferberlik T\u00fcrk\u00fcleri Ve Kuvayi Milliye Destan\u0131<br \/> 2. (1972) Yunus Emre<br \/> 3. (1972) Karacao\u011flan<br \/> 4. (1972) Pir Sultan Abdal<br \/> 5. (1974) \u015eiirler &#8211; T\u00fcrk\u00fcler<br \/> 6. (1974) K\u00f6ro\u011flu<br \/> 7. (1977) El Kap\u0131lar\u0131 (S\u00fcmeyra \u00c7ak\u0131r \u0130le Birlikte)<br \/> 8. (1977) Sabah\u0131n Sahibi Var (S\u00fcmeyra \u00c7ak\u0131r \u0130le Birlikte)<br \/> 9. (1993) Semahlar<br \/> 10. (1993) \u00c7ocuklar, G\u00f6\u00e7ler, Bal\u0131klar<br \/> 11. (1993) Zeybekler<br \/> 12. (1986) Pir Sultan&#8217;dan Levni&#8217;ye<br \/> 13. (1993) Ezgili Y\u00fcrek<br \/> 14. (1993) Ekin \u0130dim Oldum Harman<br \/> 15. (1987) Kad\u0131k\u00f6y Tiyatrosu Konseri I+II<br \/> 16. (1988) Beyda\u011f\u0131&#8217;n\u0131n Ba\u015f\u0131<br \/> 17. (1988) Dadalo\u011flu Ve \u00c7evresi<br \/> 18. (1989) Huma Ku\u015fu Ve Ta\u015flamalar<br \/> 19. (1990) Sultan Suyu &#8220;Pir Sultan Abdal&#8217;dan Deyi\u015fler&#8221;<br \/> 20. (1991) Dostlar Tiyatrosu Konseri (S\u00fcmeyra \u00c7ak\u0131r \u0130le Birlikte)<br \/> 21. (1992) Ankara&#8217;nn Ta\u015f\u0131na Bak<br \/> 22. (1993) Uyur \u0130ken Uyard\u0131lar<br \/> 23. (1994) Barabar<br \/> 24. (1995) Aman Of<br \/> 25. (2002) Se\u00e7meler ve Hapishane T\u00fcrk\u00fcleri<br \/> 26. (2003) Beni A\u011flat\u0131rsan Yoluna A\u011flat<\/p>\n","protected":false},"excerpt":{"rendered":"<p>\u201cSanat\u00e7\u0131 da, t\u0131pk\u0131 bir \u00e7ift\u00e7i gibi, demirci gibi i\u015fini anlatabilmelidir. Hem diliyle, hem de h\u00fcneriyle. Bir ba\u015fka deyi\u015fle, kendi toplumu i\u00e7inde sanat\u0131yla ekmek yiyebilmelidir. \u2018Beni bu halk anlamaz\u2019 demek, en az\u0131ndan, bo\u015f bir kendini be\u011fenmi\u015fliktir. \u0130nsan kendini be\u011fenmede bile yaln\u0131z kalmamal\u0131. Halk\u0131n sanatta anlamad\u0131\u011f\u0131 bir yer olabilir, sanat\u00e7\u0131 bunu umursamazl\u0131k edemez. \u00c7\u00fcnk\u00fc t\u00fcketicisi olmayan bir [&hellip;]<\/p>\n","protected":false},"author":1,"featured_media":0,"comment_status":"open","ping_status":"open","sticky":false,"template":"","format":"standard","meta":{"footnotes":""},"categories":[100],"tags":[],"class_list":{"0":"post-4139","1":"post","2":"type-post","3":"status-publish","4":"format-standard","6":"category-muzisyenler"},"yoast_head":"<!-- This site is optimized with the Yoast SEO Premium plugin v24.9 (Yoast SEO v24.9) - https:\/\/yoast.com\/wordpress\/plugins\/seo\/ -->\n<title>Ayd\u0131nlara t\u00fcrk\u00fc dinlemeyi \u00f6\u011freten ezgili y\u00fcrek | Ruhi Su ve t\u00fcrk\u00fcleri - narteks.net<\/title>\n<meta name=\"robots\" content=\"index, follow, max-snippet:-1, max-image-preview:large, max-video-preview:-1\" \/>\n<link rel=\"canonical\" href=\"https:\/\/narteks.net\/index.php\/2010\/09\/20\/aydinlara-turku-dinlemeyi-ogreten-ezgili-yurek-ruhi-su-ve-turkuleri\/\" \/>\n<meta property=\"og:locale\" content=\"tr_TR\" \/>\n<meta property=\"og:type\" content=\"article\" \/>\n<meta property=\"og:title\" content=\"Ayd\u0131nlara t\u00fcrk\u00fc dinlemeyi \u00f6\u011freten ezgili y\u00fcrek | Ruhi Su ve t\u00fcrk\u00fcleri\" \/>\n<meta property=\"og:description\" content=\"\u201cSanat\u00e7\u0131 da, t\u0131pk\u0131 bir \u00e7ift\u00e7i gibi, demirci gibi i\u015fini anlatabilmelidir. Hem diliyle, hem de h\u00fcneriyle. Bir ba\u015fka deyi\u015fle, kendi toplumu i\u00e7inde sanat\u0131yla ekmek yiyebilmelidir. \u2018Beni bu halk anlamaz\u2019 demek, en az\u0131ndan, bo\u015f bir kendini be\u011fenmi\u015fliktir. \u0130nsan kendini be\u011fenmede bile yaln\u0131z kalmamal\u0131. Halk\u0131n sanatta anlamad\u0131\u011f\u0131 bir yer olabilir, sanat\u00e7\u0131 bunu umursamazl\u0131k edemez. \u00c7\u00fcnk\u00fc t\u00fcketicisi olmayan bir [&hellip;]\" \/>\n<meta property=\"og:url\" content=\"https:\/\/narteks.net\/index.php\/2010\/09\/20\/aydinlara-turku-dinlemeyi-ogreten-ezgili-yurek-ruhi-su-ve-turkuleri\/\" \/>\n<meta property=\"og:site_name\" content=\"narteks.net\" \/>\n<meta property=\"article:published_time\" content=\"2010-09-19T22:00:00+00:00\" \/>\n<meta property=\"og:image\" content=\"https:\/\/narteks.net\/wp-content\/uploads\/narteks.png\" \/>\n\t<meta property=\"og:image:width\" content=\"300\" \/>\n\t<meta property=\"og:image:height\" content=\"90\" \/>\n\t<meta property=\"og:image:type\" content=\"image\/png\" \/>\n<meta name=\"author\" content=\"Tar\u0131k\" \/>\n<meta name=\"twitter:card\" content=\"summary_large_image\" \/>\n<meta name=\"twitter:creator\" content=\"@narteks\" \/>\n<meta name=\"twitter:site\" content=\"@narteks\" \/>\n<meta name=\"twitter:label1\" content=\"Yazan:\" \/>\n\t<meta name=\"twitter:data1\" content=\"Tar\u0131k\" \/>\n\t<meta name=\"twitter:label2\" content=\"Tahmini okuma s\u00fcresi\" \/>\n\t<meta name=\"twitter:data2\" content=\"5 dakika\" \/>\n<script type=\"application\/ld+json\" class=\"yoast-schema-graph\">{\"@context\":\"https:\/\/schema.org\",\"@graph\":[{\"@type\":\"Article\",\"@id\":\"https:\/\/narteks.net\/index.php\/2010\/09\/20\/aydinlara-turku-dinlemeyi-ogreten-ezgili-yurek-ruhi-su-ve-turkuleri\/#article\",\"isPartOf\":{\"@id\":\"https:\/\/narteks.net\/index.php\/2010\/09\/20\/aydinlara-turku-dinlemeyi-ogreten-ezgili-yurek-ruhi-su-ve-turkuleri\/\"},\"author\":{\"name\":\"Tar\u0131k\",\"@id\":\"https:\/\/narteks.net\/#\/schema\/person\/61f37d9834294b72d31d274e7ed79bca\"},\"headline\":\"Ayd\u0131nlara t\u00fcrk\u00fc dinlemeyi \u00f6\u011freten ezgili y\u00fcrek | Ruhi Su ve t\u00fcrk\u00fcleri\",\"datePublished\":\"2010-09-19T22:00:00+00:00\",\"mainEntityOfPage\":{\"@id\":\"https:\/\/narteks.net\/index.php\/2010\/09\/20\/aydinlara-turku-dinlemeyi-ogreten-ezgili-yurek-ruhi-su-ve-turkuleri\/\"},\"wordCount\":1071,\"commentCount\":0,\"publisher\":{\"@id\":\"https:\/\/narteks.net\/#organization\"},\"articleSection\":[\"M\u00fczisyenler\"],\"inLanguage\":\"tr\",\"potentialAction\":[{\"@type\":\"CommentAction\",\"name\":\"Comment\",\"target\":[\"https:\/\/narteks.net\/index.php\/2010\/09\/20\/aydinlara-turku-dinlemeyi-ogreten-ezgili-yurek-ruhi-su-ve-turkuleri\/#respond\"]}]},{\"@type\":\"WebPage\",\"@id\":\"https:\/\/narteks.net\/index.php\/2010\/09\/20\/aydinlara-turku-dinlemeyi-ogreten-ezgili-yurek-ruhi-su-ve-turkuleri\/\",\"url\":\"https:\/\/narteks.net\/index.php\/2010\/09\/20\/aydinlara-turku-dinlemeyi-ogreten-ezgili-yurek-ruhi-su-ve-turkuleri\/\",\"name\":\"Ayd\u0131nlara t\u00fcrk\u00fc dinlemeyi \u00f6\u011freten ezgili y\u00fcrek | Ruhi Su ve t\u00fcrk\u00fcleri - narteks.net\",\"isPartOf\":{\"@id\":\"https:\/\/narteks.net\/#website\"},\"datePublished\":\"2010-09-19T22:00:00+00:00\",\"breadcrumb\":{\"@id\":\"https:\/\/narteks.net\/index.php\/2010\/09\/20\/aydinlara-turku-dinlemeyi-ogreten-ezgili-yurek-ruhi-su-ve-turkuleri\/#breadcrumb\"},\"inLanguage\":\"tr\",\"potentialAction\":[{\"@type\":\"ReadAction\",\"target\":[\"https:\/\/narteks.net\/index.php\/2010\/09\/20\/aydinlara-turku-dinlemeyi-ogreten-ezgili-yurek-ruhi-su-ve-turkuleri\/\"]}]},{\"@type\":\"BreadcrumbList\",\"@id\":\"https:\/\/narteks.net\/index.php\/2010\/09\/20\/aydinlara-turku-dinlemeyi-ogreten-ezgili-yurek-ruhi-su-ve-turkuleri\/#breadcrumb\",\"itemListElement\":[{\"@type\":\"ListItem\",\"position\":1,\"name\":\"Anasayfa\",\"item\":\"https:\/\/narteks.net\/\"},{\"@type\":\"ListItem\",\"position\":2,\"name\":\"Ayd\u0131nlara t\u00fcrk\u00fc dinlemeyi \u00f6\u011freten ezgili y\u00fcrek | Ruhi Su ve t\u00fcrk\u00fcleri\"}]},{\"@type\":\"WebSite\",\"@id\":\"https:\/\/narteks.net\/#website\",\"url\":\"https:\/\/narteks.net\/\",\"name\":\"narteks.net\",\"description\":\"K\u00fclt\u00fcr Sanat Edebiyat Felsefe\",\"publisher\":{\"@id\":\"https:\/\/narteks.net\/#organization\"},\"alternateName\":\"K\u00fclt\u00fcr Sanat Edebiyat Felsefe\",\"potentialAction\":[{\"@type\":\"SearchAction\",\"target\":{\"@type\":\"EntryPoint\",\"urlTemplate\":\"https:\/\/narteks.net\/?s={search_term_string}\"},\"query-input\":{\"@type\":\"PropertyValueSpecification\",\"valueRequired\":true,\"valueName\":\"search_term_string\"}}],\"inLanguage\":\"tr\"},{\"@type\":\"Organization\",\"@id\":\"https:\/\/narteks.net\/#organization\",\"name\":\"narteks.net\",\"url\":\"https:\/\/narteks.net\/\",\"logo\":{\"@type\":\"ImageObject\",\"inLanguage\":\"tr\",\"@id\":\"https:\/\/narteks.net\/#\/schema\/logo\/image\/\",\"url\":\"https:\/\/narteks.net\/wp-content\/uploads\/narteks.png\",\"contentUrl\":\"https:\/\/narteks.net\/wp-content\/uploads\/narteks.png\",\"width\":300,\"height\":90,\"caption\":\"narteks.net\"},\"image\":{\"@id\":\"https:\/\/narteks.net\/#\/schema\/logo\/image\/\"},\"sameAs\":[\"https:\/\/x.com\/narteks\",\"https:\/\/instagram.com\/narteksnet\"]},{\"@type\":\"Person\",\"@id\":\"https:\/\/narteks.net\/#\/schema\/person\/61f37d9834294b72d31d274e7ed79bca\",\"name\":\"Tar\u0131k\",\"image\":{\"@type\":\"ImageObject\",\"inLanguage\":\"tr\",\"@id\":\"https:\/\/narteks.net\/#\/schema\/person\/image\/\",\"url\":\"https:\/\/secure.gravatar.com\/avatar\/50865afb55632c4ae467e0af0930f6510aa2297d8014be502a55b14f3b7550cf?s=96&d=mm&r=g\",\"contentUrl\":\"https:\/\/secure.gravatar.com\/avatar\/50865afb55632c4ae467e0af0930f6510aa2297d8014be502a55b14f3b7550cf?s=96&d=mm&r=g\",\"caption\":\"Tar\u0131k\"},\"sameAs\":[\"http:\/\/narteks.net\"],\"url\":\"https:\/\/narteks.net\/index.php\/author\/narbak\/\"}]}<\/script>\n<!-- \/ Yoast SEO Premium plugin. -->","yoast_head_json":{"title":"Ayd\u0131nlara t\u00fcrk\u00fc dinlemeyi \u00f6\u011freten ezgili y\u00fcrek | Ruhi Su ve t\u00fcrk\u00fcleri - narteks.net","robots":{"index":"index","follow":"follow","max-snippet":"max-snippet:-1","max-image-preview":"max-image-preview:large","max-video-preview":"max-video-preview:-1"},"canonical":"https:\/\/narteks.net\/index.php\/2010\/09\/20\/aydinlara-turku-dinlemeyi-ogreten-ezgili-yurek-ruhi-su-ve-turkuleri\/","og_locale":"tr_TR","og_type":"article","og_title":"Ayd\u0131nlara t\u00fcrk\u00fc dinlemeyi \u00f6\u011freten ezgili y\u00fcrek | Ruhi Su ve t\u00fcrk\u00fcleri","og_description":"\u201cSanat\u00e7\u0131 da, t\u0131pk\u0131 bir \u00e7ift\u00e7i gibi, demirci gibi i\u015fini anlatabilmelidir. Hem diliyle, hem de h\u00fcneriyle. Bir ba\u015fka deyi\u015fle, kendi toplumu i\u00e7inde sanat\u0131yla ekmek yiyebilmelidir. \u2018Beni bu halk anlamaz\u2019 demek, en az\u0131ndan, bo\u015f bir kendini be\u011fenmi\u015fliktir. \u0130nsan kendini be\u011fenmede bile yaln\u0131z kalmamal\u0131. Halk\u0131n sanatta anlamad\u0131\u011f\u0131 bir yer olabilir, sanat\u00e7\u0131 bunu umursamazl\u0131k edemez. \u00c7\u00fcnk\u00fc t\u00fcketicisi olmayan bir [&hellip;]","og_url":"https:\/\/narteks.net\/index.php\/2010\/09\/20\/aydinlara-turku-dinlemeyi-ogreten-ezgili-yurek-ruhi-su-ve-turkuleri\/","og_site_name":"narteks.net","article_published_time":"2010-09-19T22:00:00+00:00","og_image":[{"width":300,"height":90,"url":"https:\/\/narteks.net\/wp-content\/uploads\/narteks.png","type":"image\/png"}],"author":"Tar\u0131k","twitter_card":"summary_large_image","twitter_creator":"@narteks","twitter_site":"@narteks","twitter_misc":{"Yazan:":"Tar\u0131k","Tahmini okuma s\u00fcresi":"5 dakika"},"schema":{"@context":"https:\/\/schema.org","@graph":[{"@type":"Article","@id":"https:\/\/narteks.net\/index.php\/2010\/09\/20\/aydinlara-turku-dinlemeyi-ogreten-ezgili-yurek-ruhi-su-ve-turkuleri\/#article","isPartOf":{"@id":"https:\/\/narteks.net\/index.php\/2010\/09\/20\/aydinlara-turku-dinlemeyi-ogreten-ezgili-yurek-ruhi-su-ve-turkuleri\/"},"author":{"name":"Tar\u0131k","@id":"https:\/\/narteks.net\/#\/schema\/person\/61f37d9834294b72d31d274e7ed79bca"},"headline":"Ayd\u0131nlara t\u00fcrk\u00fc dinlemeyi \u00f6\u011freten ezgili y\u00fcrek | Ruhi Su ve t\u00fcrk\u00fcleri","datePublished":"2010-09-19T22:00:00+00:00","mainEntityOfPage":{"@id":"https:\/\/narteks.net\/index.php\/2010\/09\/20\/aydinlara-turku-dinlemeyi-ogreten-ezgili-yurek-ruhi-su-ve-turkuleri\/"},"wordCount":1071,"commentCount":0,"publisher":{"@id":"https:\/\/narteks.net\/#organization"},"articleSection":["M\u00fczisyenler"],"inLanguage":"tr","potentialAction":[{"@type":"CommentAction","name":"Comment","target":["https:\/\/narteks.net\/index.php\/2010\/09\/20\/aydinlara-turku-dinlemeyi-ogreten-ezgili-yurek-ruhi-su-ve-turkuleri\/#respond"]}]},{"@type":"WebPage","@id":"https:\/\/narteks.net\/index.php\/2010\/09\/20\/aydinlara-turku-dinlemeyi-ogreten-ezgili-yurek-ruhi-su-ve-turkuleri\/","url":"https:\/\/narteks.net\/index.php\/2010\/09\/20\/aydinlara-turku-dinlemeyi-ogreten-ezgili-yurek-ruhi-su-ve-turkuleri\/","name":"Ayd\u0131nlara t\u00fcrk\u00fc dinlemeyi \u00f6\u011freten ezgili y\u00fcrek | Ruhi Su ve t\u00fcrk\u00fcleri - narteks.net","isPartOf":{"@id":"https:\/\/narteks.net\/#website"},"datePublished":"2010-09-19T22:00:00+00:00","breadcrumb":{"@id":"https:\/\/narteks.net\/index.php\/2010\/09\/20\/aydinlara-turku-dinlemeyi-ogreten-ezgili-yurek-ruhi-su-ve-turkuleri\/#breadcrumb"},"inLanguage":"tr","potentialAction":[{"@type":"ReadAction","target":["https:\/\/narteks.net\/index.php\/2010\/09\/20\/aydinlara-turku-dinlemeyi-ogreten-ezgili-yurek-ruhi-su-ve-turkuleri\/"]}]},{"@type":"BreadcrumbList","@id":"https:\/\/narteks.net\/index.php\/2010\/09\/20\/aydinlara-turku-dinlemeyi-ogreten-ezgili-yurek-ruhi-su-ve-turkuleri\/#breadcrumb","itemListElement":[{"@type":"ListItem","position":1,"name":"Anasayfa","item":"https:\/\/narteks.net\/"},{"@type":"ListItem","position":2,"name":"Ayd\u0131nlara t\u00fcrk\u00fc dinlemeyi \u00f6\u011freten ezgili y\u00fcrek | Ruhi Su ve t\u00fcrk\u00fcleri"}]},{"@type":"WebSite","@id":"https:\/\/narteks.net\/#website","url":"https:\/\/narteks.net\/","name":"narteks.net","description":"K\u00fclt\u00fcr Sanat Edebiyat Felsefe","publisher":{"@id":"https:\/\/narteks.net\/#organization"},"alternateName":"K\u00fclt\u00fcr Sanat Edebiyat Felsefe","potentialAction":[{"@type":"SearchAction","target":{"@type":"EntryPoint","urlTemplate":"https:\/\/narteks.net\/?s={search_term_string}"},"query-input":{"@type":"PropertyValueSpecification","valueRequired":true,"valueName":"search_term_string"}}],"inLanguage":"tr"},{"@type":"Organization","@id":"https:\/\/narteks.net\/#organization","name":"narteks.net","url":"https:\/\/narteks.net\/","logo":{"@type":"ImageObject","inLanguage":"tr","@id":"https:\/\/narteks.net\/#\/schema\/logo\/image\/","url":"https:\/\/narteks.net\/wp-content\/uploads\/narteks.png","contentUrl":"https:\/\/narteks.net\/wp-content\/uploads\/narteks.png","width":300,"height":90,"caption":"narteks.net"},"image":{"@id":"https:\/\/narteks.net\/#\/schema\/logo\/image\/"},"sameAs":["https:\/\/x.com\/narteks","https:\/\/instagram.com\/narteksnet"]},{"@type":"Person","@id":"https:\/\/narteks.net\/#\/schema\/person\/61f37d9834294b72d31d274e7ed79bca","name":"Tar\u0131k","image":{"@type":"ImageObject","inLanguage":"tr","@id":"https:\/\/narteks.net\/#\/schema\/person\/image\/","url":"https:\/\/secure.gravatar.com\/avatar\/50865afb55632c4ae467e0af0930f6510aa2297d8014be502a55b14f3b7550cf?s=96&d=mm&r=g","contentUrl":"https:\/\/secure.gravatar.com\/avatar\/50865afb55632c4ae467e0af0930f6510aa2297d8014be502a55b14f3b7550cf?s=96&d=mm&r=g","caption":"Tar\u0131k"},"sameAs":["http:\/\/narteks.net"],"url":"https:\/\/narteks.net\/index.php\/author\/narbak\/"}]}},"_links":{"self":[{"href":"https:\/\/narteks.net\/index.php\/wp-json\/wp\/v2\/posts\/4139","targetHints":{"allow":["GET"]}}],"collection":[{"href":"https:\/\/narteks.net\/index.php\/wp-json\/wp\/v2\/posts"}],"about":[{"href":"https:\/\/narteks.net\/index.php\/wp-json\/wp\/v2\/types\/post"}],"author":[{"embeddable":true,"href":"https:\/\/narteks.net\/index.php\/wp-json\/wp\/v2\/users\/1"}],"replies":[{"embeddable":true,"href":"https:\/\/narteks.net\/index.php\/wp-json\/wp\/v2\/comments?post=4139"}],"version-history":[{"count":0,"href":"https:\/\/narteks.net\/index.php\/wp-json\/wp\/v2\/posts\/4139\/revisions"}],"wp:attachment":[{"href":"https:\/\/narteks.net\/index.php\/wp-json\/wp\/v2\/media?parent=4139"}],"wp:term":[{"taxonomy":"category","embeddable":true,"href":"https:\/\/narteks.net\/index.php\/wp-json\/wp\/v2\/categories?post=4139"},{"taxonomy":"post_tag","embeddable":true,"href":"https:\/\/narteks.net\/index.php\/wp-json\/wp\/v2\/tags?post=4139"}],"curies":[{"name":"wp","href":"https:\/\/api.w.org\/{rel}","templated":true}]}}