{"id":414,"date":"2009-03-12T23:58:31","date_gmt":"2009-03-12T20:58:31","guid":{"rendered":"http:\/\/localhost\/wordpress\/2009\/03\/12\/ormanci-turkusu\/"},"modified":"2009-03-12T23:58:31","modified_gmt":"2009-03-12T20:58:31","slug":"ormanci-turkusu","status":"publish","type":"post","link":"https:\/\/narteks.net\/index.php\/2009\/03\/12\/ormanci-turkusu\/","title":{"rendered":"Ormanc\u0131 T\u00fcrk\u00fcs\u00fc"},"content":{"rendered":"<p style=\"text-align: justify;\"><span style=\"font-size: 14pt;\"><strong>\u00c7\u0131kt\u0131m Belen Kahvesine: Ormanc\u0131 T\u00fcrk\u00fcs\u00fcn\u00fcn Do\u011fu\u015fu<\/strong><\/span><\/p>\n<p>Nuran Bayg\u00fcl<\/p>\n<p> Mu\u011fla&#8217;n\u0131n Yata\u011fan il\u00e7esine ba\u011fl\u0131 Gevenes k\u00f6y\u00fcnde Mustafa \u015eahbudak ad\u0131n da, 1922 y\u0131l\u0131nda bir efe do\u011far. Babas\u0131 a\u011fad\u0131r, dolay\u0131s\u0131yla Mustafa da bir a\u011fa \u00e7ocu\u011fudur. Mustafa hiddetli bir ki\u015fili\u011fe sahiptir. K\u00f6y Muhtar\u0131 Tevfik Cezayirli en yak\u0131n canci\u011fer arkada\u015f\u0131d\u0131r. Herke bu ikilinin arkada\u015fl\u0131\u011f\u0131na g\u0131pta ile bakar Neredeyse her ak\u015fam k\u00f6y kahvesinde bu iki arkada\u015f dama ma\u00e7\u0131 d\u00fczenlerler iddial\u0131 ve dost\u00e7a yap\u0131lan bu kar\u015f\u0131la\u015fmalar, kahvedekiler taraf\u0131ndan ilgi ile izlenir. \u00c7\u00fcnk\u00fc bu olaylar\u0131n m\u00fckafat\u0131n\u0131, izleyiciler almaktad\u0131r. 1946 y\u0131l\u0131, Temmuz ay\u0131n\u0131n s\u0131cak bir g\u00fcn\u00fcnde bu arkada\u015fl\u0131\u011fa kan damlar, \u00f6fke seli kar\u0131\u015f\u0131r. U\u011fursu hadise cezaevinde sonu\u00e7lanarak, elli be\u015f y\u0131ld\u0131r s\u00f6ylenegelen bir drama d\u00f6n\u00fc\u015f\u00fcr.<\/p>\n<p>S\u0131cak bir temmuz g\u00fcn\u00fc Mustafa \u015eahbudak, her zamanki gibi yine k\u00f6y kahvesi ne gider. O s\u0131rada kahveye Muhtar Tevfik Cezayirli&#8217;yi g\u00f6rme\u011fe, Yata\u011fan il\u00e7e Milli E\u011fitim M\u00fcfetti\u015fi ile tahsildar gelmi\u015ftir. Muhtar olmad\u0131\u011f\u0131 i\u00e7in misafirleri her zaman oldu\u011fu gibi, Mustafa \u015eahbudak a\u011f\u0131rlama g\u00f6revini \u00fcstlenir. \u0130ki misafiri al\u0131p yeme\u011fe g\u00f6t\u00fcr\u00fcr. D\u00f6nd\u00fcklerinde Muhtar&#8217;\u0131 kendilerini bekler g\u00f6r\u00fcrler. O g\u00fcn iki misafirden izin isteyip, yine dama tahtas\u0131n\u0131n ba\u015f\u0131na otururlar. Oyunun yar\u0131s\u0131nda orman memuru, Mehmet \u0130n, \u00e7\u0131kagelir. Mehmet, sarho\u015ftur. Bir g\u00fcn \u00f6nce, kom\u015fu olan \u00c7iftlik k\u00f6y\u00fcnde yang\u0131n olmu\u015ftur. 1946 se\u00e7imlerinin evraklar\u0131 Yata\u011fan&#8217;a g\u00f6nderilecektir. Se\u00e7im evrak\u0131n\u0131 Yata\u011fan&#8217;a, k\u00f6y bek\u00e7isinin g\u00f6t\u00fcrmesi zorunludur. Ormanc\u0131 ise, yang\u0131n evrak\u0131n\u0131n bir an \u00f6nce il\u00e7eye g\u00f6t\u00fcr\u00fclmesi i\u00e7in, bek\u00e7iyi Muhtar&#8217;dan ister. Muhtar:<br \/>-Olmaz, daha acil olan se\u00e7im sonu\u00e7lar\u0131n\u0131n ula\u015ft\u0131r\u0131lmas\u0131 gerekiyor. Bek\u00e7iyi g\u00f6nderemem der. Bunun \u00fczerine Ormanc\u0131 ile Muhtar aras\u0131nda, bir tart\u0131\u015fma ba\u015flar. Muhtar en sonunda:<br \/>-Ay\u0131p ediyorsun Mehmet, bize m\u00fcsaade et, der.<\/p>\n<p>Ormanc\u0131 kahveye girip tekrar geri d\u00f6ner, gelir. Dama masas\u0131n\u0131 bir yumrukta darmada\u011f\u0131n eder. Mustafa \u015eahbudak,\u00a0 bu davran\u0131\u015fa tahamm\u00fcl edemez ve Ormanc\u0131&#8217;ya bir tokat atar. Olay\u0131n b\u00fcy\u00fcyece\u011fini anlayan k\u00f6yl\u00fcler, adam\u0131 al\u0131p sakinle\u015fmesi i\u00e7in kahvenin arka taraf\u0131na g\u00f6t\u00fcr\u00fcrler. Ormanc\u0131 oradan ba\u011f\u0131rarak k\u00fcf\u00fcrler savurmaktad\u0131r. K\u00fcf\u00fcrler Mustafa \u015eahbudak&#8217;\u0131n tahamm\u00fcl s\u0131n\u0131r\u0131n\u0131 daha da zorlar. Yerinden kalkar, Ormanc\u0131&#8217;n\u0131n \u00fczerine y\u00fcr\u00fcr. Ormanc\u0131 Mehmet&#8217;in, kamas\u0131n\u0131 \u00e7\u0131kar\u0131p Mustafa \u015eahbudak&#8217;\u0131n sol kolunun paz\u0131s\u0131ndan yaralar. O zaman, Mustafa \u015eahbudak Ormanc\u0131y\u0131 korkutmak i\u00e7in, belindeki tabancay\u0131 \u00e7\u0131kar\u0131r, yere do\u011fru ate\u015f eder. \u0130\u015fte ne olursa, o an olur!<\/p>\n<p>Muhtar, Ormanc\u0131&#8217;n\u0131n ikinci kez kama vurmamas\u0131 i\u00e7in elini tutar. Fakat, Mustafa Bey teti\u011fi \u00e7oktan \u00e7ekmi\u015ftir&#8230; Ormanc\u0131 bunun \u00fczerine ka\u00e7maya ba\u015flar. Mustafa \u015eahbudak ka\u00e7mas\u0131n diye, bir el daha ate\u015f eder. Bu ate\u015f de \u00f6ld\u00fcrmek i\u00e7in de\u011fil, ka\u00e7mas\u0131na engel olmak i\u00e7indir. ikinci at\u0131\u015f \u00fczerine Mehmet in, yere d\u00fc\u015fer.<\/p>\n<p>Arka cebinde tabaka oldu\u011fu i\u00e7in, ona hi\u00e7 bir \u015fey olmaz. Bu arada ne yaz\u0131k ki, Mustafa \u015eahbudak, kaza kur\u015funu ile dostu Tevfik&#8217;i vurur. O g\u00fcnlerin imkans\u0131zl\u0131klar\u0131 i\u00e7erisinde Tevfik&#8217;i, tahta bir sal \u00fczerinde Mu\u011fla devlet hastahanesine g\u00f6t\u00fcr\u00fcrler. Tevfik, \u00e7ok kan kaybetmektedir. Mustafa, Doktor Veli Bey&#8217;e:<\/p>\n<p>Babam\u0131n selam\u0131 var, bu adam\u0131 iyile\u015ftir. der.<br \/>Veli Bey:<br \/>-O \u00f6lecek, \u00f6nce senin kolunu saral\u0131m. der. O s\u0131rada Tevfik eliyle i\u015faret edip Mustafa&#8217;y\u0131 yan\u0131na \u00e7a\u011f\u0131rarak:<br \/>-Ben \u00f6l\u00fcyorum hakk\u0131n\u0131 helal et. der.<br \/>Mustafa:<br \/>-Hay\u0131r, sen \u00f6lmeyeceksin! derken a\u011flamaya ba\u015flar. Asl\u0131nda orada herkes efelerin a\u011flamad\u0131\u011f\u0131n\u0131 bilir. Ancak Mustafa, arkada\u015f\u0131n\u0131n bu durumuna dayanamam\u0131\u015ft\u0131r.<br \/>Ger\u00e7ekten de biraz sonra Tevfik, hayata g\u00f6zlerini kapar. Mustafa, en yak\u0131n arkada\u015f\u0131n\u0131 \u00f6ld\u00fcrd\u00fc\u011f\u00fc i\u00e7in polise teslim olur, Bu olay \u00fczerine d\u00f6rt y\u0131l ceza yer. Ceza. evindeyken her gece Tevfik r\u00fcyas\u0131na girer. Ancak Ormanc\u0131&#8217;ya kini gittik\u00e7e artar. Bu ac\u0131 olaydan sonra k\u00f6yde kalamayaca\u011f\u0131n\u0131 anlayan Ormanc\u0131, tayin ister.<br \/>Kavakl\u0131dere Orman M\u00fcd\u00fcrl\u00fc\u011f\u00fcne atan\u0131r. Aslen Marmarislidir. Emeklili\u011finden sonra oraya yerle\u015fir. Doksanl\u0131 y\u0131llar\u0131n ba\u015f\u0131nda, kendi memleketi olan Marmaris&#8217;te \u00f6l\u00fcr.<\/p>\n<p>Mustafa \u015eahbudak cezaevinden \u00e7\u0131kt\u0131ktan sonra, an\u0131larla dolu o k\u00f6yde ya\u015fayamayaca\u011f\u0131n\u0131 anlay\u0131p, Mu\u011fla merkeze yerle\u015fir.<\/p>\n<p>\u00c7ok sevdi\u011fi, g\u00fcnlerini birlikte ge\u00e7irdi\u011fi arkada\u015f\u0131n\u0131 Muhtar Tevfik Cezayirli&#8217;yi tek<br \/>kur\u015funla \u00f6ld\u00fcrd\u00fc\u011f\u00fcnde arkada yirmi be\u015f ya\u015f\u0131nda bir e\u015f ve \u00fc\u00e7 \u00e7ocuk b\u0131rak\u0131r. Muhtar&#8217;\u0131n e\u015fi Pembe, bu ac\u0131ya dayanamay\u0131nca birka\u00e7 y\u0131l sonra akl\u0131 dengesini yitirir. O\u011flan\u0131n biri \u0130zmir&#8217;e yerle\u015fir. Di\u011fer o\u011flanla k\u0131z, k\u00f6yde evlenirler ve hayatlar\u0131n\u0131 orada s\u00fcrd\u00fcrmeye devam etmekteler.<\/p>\n<p>Y\u0131llard\u0131r her \u015feyi unutmaya \u00e7al\u0131\u015fan Mustafa&#8217;ya bir g\u00fcn arkada\u015flar\u0131, Tahir Usta ad\u0131nda bir de\u011firmenciden bahsederler. Bu de\u011firmenci, annesinin akrabas\u0131d\u0131r. De\u011firmenci Tahir Usta ayn\u0131 zamanda t\u00fcrk\u00fc de bestelemektedir. \u0130\u015fte Gevenes k\u00f6y\u00fcnde ya\u015fanan bu ac\u0131 olay da bu ki\u015fi taraf\u0131ndan bestelenmi\u015ftir. D\u00fc\u011f\u00fcnlerde okunan, herkesin diline d\u00fc\u015fen t\u00fcrk\u00fc &#8221;Ormanc\u0131d\u0131r.&#8221; Bir g\u00fcn, radyodan duydu\u011fu bu t\u00fcrk\u00fc ile unutmak istedi\u011fi olaylar\u0131, tekrar ya\u015far gibi olur. Radyoyu kapat\u0131r, bu t\u00fcrk\u00fcden \u00e7ok incinmi\u015ftir.<\/p>\n<p>Ormanc\u0131 t\u00fcrk\u00fcde Ormanc\u0131 ad\u0131 ile, Mustafa \u015eahbudak ise &#8221;Bay Mustafa&#8221; ad\u0131 ile yer alm\u0131\u015ft\u0131r.<\/p>\n<p>Ormanc\u0131 Mehmet&#8217;in bir anl\u0131k sarho\u015flu\u011funun musibetini, y\u0131llarca pi\u015fmanl\u0131k<br \/>duyarak ve memleketinde bar\u0131namayarak \u00f6dedi demek yanl\u0131\u015f olur.<br \/>\u00c7\u00fcnk\u00fc o t\u00fcrk\u00fc ya\u015fad\u0131\u011f\u0131 m\u00fcddet\u00e7e k\u00f6t\u00fc adam olarak an\u0131lacakt\u0131r ve tarihe \u00f6yle ge\u00e7ecektir.*<\/p>\n<p>ORMANCI T\u00dcRK\u00dcS\u00dc<\/p>\n<p>\u00c7\u0131kt\u0131m Belen kahvesine bakt\u0131m ovaya<br \/>Bay Mustafa \u00e7a\u011f\u0131rd\u0131, dam oynamaya,<br \/>Ormanc\u0131 da gelir gelmez, y\u0131kar masay\u0131, <br \/>S\u00f6z dinlemez Ormanc\u0131, \u00e7ekmi\u015f kafay\u0131 <br \/>Aman Ormanc\u0131, can\u0131m Ormanc\u0131 <br \/>K\u00f6y\u00fcm\u00fcze b\u0131rakt\u0131n yoktan bir ac\u0131<\/p>\n<p>Gevenes&#8217; in ortas\u0131nda, de\u011firmen d\u00f6ner,<br \/>De\u011firmenin sular\u0131, da\u011f\u0131ndan iner,<br \/>Ormanc\u0131&#8217;ya at\u0131lan kur\u015fun, Tevfik&#8217; e d\u00f6ner,<br \/>Tevfik&#8217; in feryatlar\u0131, y\u00fcrekler deler,<br \/>Aman Ormanc\u0131, can\u0131m Ormanc\u0131<br \/>K\u00f6y\u00fcm\u00fcze b\u0131rakt\u0131n yoktan bir ac\u0131<\/p>\n<p>Gevenes&#8217; in sular\u0131 ho\u015ftur i\u00e7meye,<br \/>\u00dcst\u00fcnde k\u00f6pr\u00fcs\u00fc var, gelip ge\u00e7meye, <br \/>Tevfik&#8217; imi vurdular, hi\u00e7 mi hi\u00e7 yere, <br \/>Yaz\u0131k ettin Ormanc\u0131, k\u00f6y\u00fcn iki gencine <br \/>Aman Ormanc\u0131, can\u0131m Ormanc\u0131 <br \/>K\u00f6y\u00fcm\u00fcze b\u0131rakt\u0131n yoktan bir ac\u0131<\/p>\n<p>*Derlemeyi yapan Kemal Erdin\u00e7.<\/p>\n<p>1-Cumhuriyet \u00dcniversitesi T\u00fcrk Dili Okutman\u0131<\/p>\n","protected":false},"excerpt":{"rendered":"<p>\u00c7\u0131kt\u0131m Belen Kahvesine: Ormanc\u0131 T\u00fcrk\u00fcs\u00fcn\u00fcn Do\u011fu\u015fu Nuran Bayg\u00fcl Mu\u011fla&#8217;n\u0131n Yata\u011fan il\u00e7esine ba\u011fl\u0131 Gevenes k\u00f6y\u00fcnde Mustafa \u015eahbudak ad\u0131n da, 1922 y\u0131l\u0131nda bir efe do\u011far. Babas\u0131 a\u011fad\u0131r, dolay\u0131s\u0131yla Mustafa da bir a\u011fa \u00e7ocu\u011fudur. Mustafa hiddetli bir ki\u015fili\u011fe sahiptir. K\u00f6y Muhtar\u0131 Tevfik Cezayirli en yak\u0131n canci\u011fer arkada\u015f\u0131d\u0131r. Herke bu ikilinin arkada\u015fl\u0131\u011f\u0131na g\u0131pta ile bakar Neredeyse her ak\u015fam k\u00f6y [&hellip;]<\/p>\n","protected":false},"author":1,"featured_media":0,"comment_status":"open","ping_status":"open","sticky":false,"template":"","format":"standard","meta":{"footnotes":""},"categories":[55],"tags":[],"class_list":{"0":"post-414","1":"post","2":"type-post","3":"status-publish","4":"format-standard","6":"category-oykuleriyle-turkuler"},"yoast_head":"<!-- This site is optimized with the Yoast SEO Premium plugin v24.9 (Yoast SEO v24.9) - https:\/\/yoast.com\/wordpress\/plugins\/seo\/ -->\n<title>Ormanc\u0131 T\u00fcrk\u00fcs\u00fc - narteks.net<\/title>\n<meta name=\"robots\" content=\"index, follow, max-snippet:-1, max-image-preview:large, max-video-preview:-1\" \/>\n<link rel=\"canonical\" href=\"https:\/\/narteks.net\/index.php\/2009\/03\/12\/ormanci-turkusu\/\" \/>\n<meta property=\"og:locale\" content=\"tr_TR\" \/>\n<meta property=\"og:type\" content=\"article\" \/>\n<meta property=\"og:title\" content=\"Ormanc\u0131 T\u00fcrk\u00fcs\u00fc\" \/>\n<meta property=\"og:description\" content=\"\u00c7\u0131kt\u0131m Belen Kahvesine: Ormanc\u0131 T\u00fcrk\u00fcs\u00fcn\u00fcn Do\u011fu\u015fu Nuran Bayg\u00fcl Mu\u011fla&#8217;n\u0131n Yata\u011fan il\u00e7esine ba\u011fl\u0131 Gevenes k\u00f6y\u00fcnde Mustafa \u015eahbudak ad\u0131n da, 1922 y\u0131l\u0131nda bir efe do\u011far. Babas\u0131 a\u011fad\u0131r, dolay\u0131s\u0131yla Mustafa da bir a\u011fa \u00e7ocu\u011fudur. Mustafa hiddetli bir ki\u015fili\u011fe sahiptir. K\u00f6y Muhtar\u0131 Tevfik Cezayirli en yak\u0131n canci\u011fer arkada\u015f\u0131d\u0131r. Herke bu ikilinin arkada\u015fl\u0131\u011f\u0131na g\u0131pta ile bakar Neredeyse her ak\u015fam k\u00f6y [&hellip;]\" \/>\n<meta property=\"og:url\" content=\"https:\/\/narteks.net\/index.php\/2009\/03\/12\/ormanci-turkusu\/\" \/>\n<meta property=\"og:site_name\" content=\"narteks.net\" \/>\n<meta property=\"article:published_time\" content=\"2009-03-12T20:58:31+00:00\" \/>\n<meta property=\"og:image\" content=\"https:\/\/narteks.net\/wp-content\/uploads\/narteks.png\" \/>\n\t<meta property=\"og:image:width\" content=\"300\" \/>\n\t<meta property=\"og:image:height\" content=\"90\" \/>\n\t<meta property=\"og:image:type\" content=\"image\/png\" \/>\n<meta name=\"author\" content=\"Tar\u0131k\" \/>\n<meta name=\"twitter:card\" content=\"summary_large_image\" \/>\n<meta name=\"twitter:creator\" content=\"@narteks\" \/>\n<meta name=\"twitter:site\" content=\"@narteks\" \/>\n<meta name=\"twitter:label1\" content=\"Yazan:\" \/>\n\t<meta name=\"twitter:data1\" content=\"Tar\u0131k\" \/>\n\t<meta name=\"twitter:label2\" content=\"Tahmini okuma s\u00fcresi\" \/>\n\t<meta name=\"twitter:data2\" content=\"6 dakika\" \/>\n<script type=\"application\/ld+json\" class=\"yoast-schema-graph\">{\"@context\":\"https:\/\/schema.org\",\"@graph\":[{\"@type\":\"Article\",\"@id\":\"https:\/\/narteks.net\/index.php\/2009\/03\/12\/ormanci-turkusu\/#article\",\"isPartOf\":{\"@id\":\"https:\/\/narteks.net\/index.php\/2009\/03\/12\/ormanci-turkusu\/\"},\"author\":{\"name\":\"Tar\u0131k\",\"@id\":\"https:\/\/narteks.net\/#\/schema\/person\/61f37d9834294b72d31d274e7ed79bca\"},\"headline\":\"Ormanc\u0131 T\u00fcrk\u00fcs\u00fc\",\"datePublished\":\"2009-03-12T20:58:31+00:00\",\"mainEntityOfPage\":{\"@id\":\"https:\/\/narteks.net\/index.php\/2009\/03\/12\/ormanci-turkusu\/\"},\"wordCount\":1180,\"commentCount\":0,\"publisher\":{\"@id\":\"https:\/\/narteks.net\/#organization\"},\"articleSection\":[\"\u00d6yk\u00fcleriyle T\u00fcrk\u00fcler\"],\"inLanguage\":\"tr\",\"potentialAction\":[{\"@type\":\"CommentAction\",\"name\":\"Comment\",\"target\":[\"https:\/\/narteks.net\/index.php\/2009\/03\/12\/ormanci-turkusu\/#respond\"]}]},{\"@type\":\"WebPage\",\"@id\":\"https:\/\/narteks.net\/index.php\/2009\/03\/12\/ormanci-turkusu\/\",\"url\":\"https:\/\/narteks.net\/index.php\/2009\/03\/12\/ormanci-turkusu\/\",\"name\":\"Ormanc\u0131 T\u00fcrk\u00fcs\u00fc - narteks.net\",\"isPartOf\":{\"@id\":\"https:\/\/narteks.net\/#website\"},\"datePublished\":\"2009-03-12T20:58:31+00:00\",\"breadcrumb\":{\"@id\":\"https:\/\/narteks.net\/index.php\/2009\/03\/12\/ormanci-turkusu\/#breadcrumb\"},\"inLanguage\":\"tr\",\"potentialAction\":[{\"@type\":\"ReadAction\",\"target\":[\"https:\/\/narteks.net\/index.php\/2009\/03\/12\/ormanci-turkusu\/\"]}]},{\"@type\":\"BreadcrumbList\",\"@id\":\"https:\/\/narteks.net\/index.php\/2009\/03\/12\/ormanci-turkusu\/#breadcrumb\",\"itemListElement\":[{\"@type\":\"ListItem\",\"position\":1,\"name\":\"Anasayfa\",\"item\":\"https:\/\/narteks.net\/\"},{\"@type\":\"ListItem\",\"position\":2,\"name\":\"Ormanc\u0131 T\u00fcrk\u00fcs\u00fc\"}]},{\"@type\":\"WebSite\",\"@id\":\"https:\/\/narteks.net\/#website\",\"url\":\"https:\/\/narteks.net\/\",\"name\":\"narteks.net\",\"description\":\"K\u00fclt\u00fcr Sanat Edebiyat Felsefe\",\"publisher\":{\"@id\":\"https:\/\/narteks.net\/#organization\"},\"alternateName\":\"K\u00fclt\u00fcr Sanat Edebiyat Felsefe\",\"potentialAction\":[{\"@type\":\"SearchAction\",\"target\":{\"@type\":\"EntryPoint\",\"urlTemplate\":\"https:\/\/narteks.net\/?s={search_term_string}\"},\"query-input\":{\"@type\":\"PropertyValueSpecification\",\"valueRequired\":true,\"valueName\":\"search_term_string\"}}],\"inLanguage\":\"tr\"},{\"@type\":\"Organization\",\"@id\":\"https:\/\/narteks.net\/#organization\",\"name\":\"narteks.net\",\"url\":\"https:\/\/narteks.net\/\",\"logo\":{\"@type\":\"ImageObject\",\"inLanguage\":\"tr\",\"@id\":\"https:\/\/narteks.net\/#\/schema\/logo\/image\/\",\"url\":\"https:\/\/narteks.net\/wp-content\/uploads\/narteks.png\",\"contentUrl\":\"https:\/\/narteks.net\/wp-content\/uploads\/narteks.png\",\"width\":300,\"height\":90,\"caption\":\"narteks.net\"},\"image\":{\"@id\":\"https:\/\/narteks.net\/#\/schema\/logo\/image\/\"},\"sameAs\":[\"https:\/\/x.com\/narteks\",\"https:\/\/instagram.com\/narteksnet\"]},{\"@type\":\"Person\",\"@id\":\"https:\/\/narteks.net\/#\/schema\/person\/61f37d9834294b72d31d274e7ed79bca\",\"name\":\"Tar\u0131k\",\"image\":{\"@type\":\"ImageObject\",\"inLanguage\":\"tr\",\"@id\":\"https:\/\/narteks.net\/#\/schema\/person\/image\/\",\"url\":\"https:\/\/secure.gravatar.com\/avatar\/50865afb55632c4ae467e0af0930f6510aa2297d8014be502a55b14f3b7550cf?s=96&d=mm&r=g\",\"contentUrl\":\"https:\/\/secure.gravatar.com\/avatar\/50865afb55632c4ae467e0af0930f6510aa2297d8014be502a55b14f3b7550cf?s=96&d=mm&r=g\",\"caption\":\"Tar\u0131k\"},\"sameAs\":[\"http:\/\/narteks.net\"],\"url\":\"https:\/\/narteks.net\/index.php\/author\/narbak\/\"}]}<\/script>\n<!-- \/ Yoast SEO Premium plugin. -->","yoast_head_json":{"title":"Ormanc\u0131 T\u00fcrk\u00fcs\u00fc - narteks.net","robots":{"index":"index","follow":"follow","max-snippet":"max-snippet:-1","max-image-preview":"max-image-preview:large","max-video-preview":"max-video-preview:-1"},"canonical":"https:\/\/narteks.net\/index.php\/2009\/03\/12\/ormanci-turkusu\/","og_locale":"tr_TR","og_type":"article","og_title":"Ormanc\u0131 T\u00fcrk\u00fcs\u00fc","og_description":"\u00c7\u0131kt\u0131m Belen Kahvesine: Ormanc\u0131 T\u00fcrk\u00fcs\u00fcn\u00fcn Do\u011fu\u015fu Nuran Bayg\u00fcl Mu\u011fla&#8217;n\u0131n Yata\u011fan il\u00e7esine ba\u011fl\u0131 Gevenes k\u00f6y\u00fcnde Mustafa \u015eahbudak ad\u0131n da, 1922 y\u0131l\u0131nda bir efe do\u011far. Babas\u0131 a\u011fad\u0131r, dolay\u0131s\u0131yla Mustafa da bir a\u011fa \u00e7ocu\u011fudur. Mustafa hiddetli bir ki\u015fili\u011fe sahiptir. K\u00f6y Muhtar\u0131 Tevfik Cezayirli en yak\u0131n canci\u011fer arkada\u015f\u0131d\u0131r. Herke bu ikilinin arkada\u015fl\u0131\u011f\u0131na g\u0131pta ile bakar Neredeyse her ak\u015fam k\u00f6y [&hellip;]","og_url":"https:\/\/narteks.net\/index.php\/2009\/03\/12\/ormanci-turkusu\/","og_site_name":"narteks.net","article_published_time":"2009-03-12T20:58:31+00:00","og_image":[{"width":300,"height":90,"url":"https:\/\/narteks.net\/wp-content\/uploads\/narteks.png","type":"image\/png"}],"author":"Tar\u0131k","twitter_card":"summary_large_image","twitter_creator":"@narteks","twitter_site":"@narteks","twitter_misc":{"Yazan:":"Tar\u0131k","Tahmini okuma s\u00fcresi":"6 dakika"},"schema":{"@context":"https:\/\/schema.org","@graph":[{"@type":"Article","@id":"https:\/\/narteks.net\/index.php\/2009\/03\/12\/ormanci-turkusu\/#article","isPartOf":{"@id":"https:\/\/narteks.net\/index.php\/2009\/03\/12\/ormanci-turkusu\/"},"author":{"name":"Tar\u0131k","@id":"https:\/\/narteks.net\/#\/schema\/person\/61f37d9834294b72d31d274e7ed79bca"},"headline":"Ormanc\u0131 T\u00fcrk\u00fcs\u00fc","datePublished":"2009-03-12T20:58:31+00:00","mainEntityOfPage":{"@id":"https:\/\/narteks.net\/index.php\/2009\/03\/12\/ormanci-turkusu\/"},"wordCount":1180,"commentCount":0,"publisher":{"@id":"https:\/\/narteks.net\/#organization"},"articleSection":["\u00d6yk\u00fcleriyle T\u00fcrk\u00fcler"],"inLanguage":"tr","potentialAction":[{"@type":"CommentAction","name":"Comment","target":["https:\/\/narteks.net\/index.php\/2009\/03\/12\/ormanci-turkusu\/#respond"]}]},{"@type":"WebPage","@id":"https:\/\/narteks.net\/index.php\/2009\/03\/12\/ormanci-turkusu\/","url":"https:\/\/narteks.net\/index.php\/2009\/03\/12\/ormanci-turkusu\/","name":"Ormanc\u0131 T\u00fcrk\u00fcs\u00fc - narteks.net","isPartOf":{"@id":"https:\/\/narteks.net\/#website"},"datePublished":"2009-03-12T20:58:31+00:00","breadcrumb":{"@id":"https:\/\/narteks.net\/index.php\/2009\/03\/12\/ormanci-turkusu\/#breadcrumb"},"inLanguage":"tr","potentialAction":[{"@type":"ReadAction","target":["https:\/\/narteks.net\/index.php\/2009\/03\/12\/ormanci-turkusu\/"]}]},{"@type":"BreadcrumbList","@id":"https:\/\/narteks.net\/index.php\/2009\/03\/12\/ormanci-turkusu\/#breadcrumb","itemListElement":[{"@type":"ListItem","position":1,"name":"Anasayfa","item":"https:\/\/narteks.net\/"},{"@type":"ListItem","position":2,"name":"Ormanc\u0131 T\u00fcrk\u00fcs\u00fc"}]},{"@type":"WebSite","@id":"https:\/\/narteks.net\/#website","url":"https:\/\/narteks.net\/","name":"narteks.net","description":"K\u00fclt\u00fcr Sanat Edebiyat Felsefe","publisher":{"@id":"https:\/\/narteks.net\/#organization"},"alternateName":"K\u00fclt\u00fcr Sanat Edebiyat Felsefe","potentialAction":[{"@type":"SearchAction","target":{"@type":"EntryPoint","urlTemplate":"https:\/\/narteks.net\/?s={search_term_string}"},"query-input":{"@type":"PropertyValueSpecification","valueRequired":true,"valueName":"search_term_string"}}],"inLanguage":"tr"},{"@type":"Organization","@id":"https:\/\/narteks.net\/#organization","name":"narteks.net","url":"https:\/\/narteks.net\/","logo":{"@type":"ImageObject","inLanguage":"tr","@id":"https:\/\/narteks.net\/#\/schema\/logo\/image\/","url":"https:\/\/narteks.net\/wp-content\/uploads\/narteks.png","contentUrl":"https:\/\/narteks.net\/wp-content\/uploads\/narteks.png","width":300,"height":90,"caption":"narteks.net"},"image":{"@id":"https:\/\/narteks.net\/#\/schema\/logo\/image\/"},"sameAs":["https:\/\/x.com\/narteks","https:\/\/instagram.com\/narteksnet"]},{"@type":"Person","@id":"https:\/\/narteks.net\/#\/schema\/person\/61f37d9834294b72d31d274e7ed79bca","name":"Tar\u0131k","image":{"@type":"ImageObject","inLanguage":"tr","@id":"https:\/\/narteks.net\/#\/schema\/person\/image\/","url":"https:\/\/secure.gravatar.com\/avatar\/50865afb55632c4ae467e0af0930f6510aa2297d8014be502a55b14f3b7550cf?s=96&d=mm&r=g","contentUrl":"https:\/\/secure.gravatar.com\/avatar\/50865afb55632c4ae467e0af0930f6510aa2297d8014be502a55b14f3b7550cf?s=96&d=mm&r=g","caption":"Tar\u0131k"},"sameAs":["http:\/\/narteks.net"],"url":"https:\/\/narteks.net\/index.php\/author\/narbak\/"}]}},"_links":{"self":[{"href":"https:\/\/narteks.net\/index.php\/wp-json\/wp\/v2\/posts\/414","targetHints":{"allow":["GET"]}}],"collection":[{"href":"https:\/\/narteks.net\/index.php\/wp-json\/wp\/v2\/posts"}],"about":[{"href":"https:\/\/narteks.net\/index.php\/wp-json\/wp\/v2\/types\/post"}],"author":[{"embeddable":true,"href":"https:\/\/narteks.net\/index.php\/wp-json\/wp\/v2\/users\/1"}],"replies":[{"embeddable":true,"href":"https:\/\/narteks.net\/index.php\/wp-json\/wp\/v2\/comments?post=414"}],"version-history":[{"count":0,"href":"https:\/\/narteks.net\/index.php\/wp-json\/wp\/v2\/posts\/414\/revisions"}],"wp:attachment":[{"href":"https:\/\/narteks.net\/index.php\/wp-json\/wp\/v2\/media?parent=414"}],"wp:term":[{"taxonomy":"category","embeddable":true,"href":"https:\/\/narteks.net\/index.php\/wp-json\/wp\/v2\/categories?post=414"},{"taxonomy":"post_tag","embeddable":true,"href":"https:\/\/narteks.net\/index.php\/wp-json\/wp\/v2\/tags?post=414"}],"curies":[{"name":"wp","href":"https:\/\/api.w.org\/{rel}","templated":true}]}}