{"id":4140,"date":"2010-02-03T16:19:21","date_gmt":"2010-02-03T13:19:21","guid":{"rendered":"http:\/\/localhost\/wordpress\/2010\/02\/03\/tekel-iscilerinin-direnisi-ve-ogrettikleri-zincirlerinden-baska-yoktur-kaybedecegin\/"},"modified":"2010-02-03T16:19:21","modified_gmt":"2010-02-03T13:19:21","slug":"tekel-iscilerinin-direnisi-ve-ogrettikleri-zincirlerinden-baska-yoktur-kaybedecegin","status":"publish","type":"post","link":"https:\/\/narteks.net\/index.php\/2010\/02\/03\/tekel-iscilerinin-direnisi-ve-ogrettikleri-zincirlerinden-baska-yoktur-kaybedecegin\/","title":{"rendered":"Tekel i\u015f\u00e7ilerinin direni\u015fi ve \u00f6\u011frettikleri | Zincirlerinden ba\u015fka yoktur kaybedece\u011fin"},"content":{"rendered":"<p><img loading=\"lazy\" decoding=\"async\" src=\"http:\/\/www.doktorsigortasi.com\/resimler\/tekel-iscileri-icin-bir-saat-geciktiler-170.jpg\" border=\"0\" width=\"155\" height=\"205\" style=\"float: left;\" \/><\/p>\n<p style=\"text-align: justify;\">Tekel i\u015f\u00e7ilerinin neredeyse iki ay\u0131 bulan \u00f6rg\u00fctl\u00fc s\u0131n\u0131f direni\u015fi, h\u00fck\u00fcmetin ve burjuvazi&#8217;nin t\u00fcm hesaplar\u0131n\u0131 alt \u00fcst etti.Ba\u015fbakan,ba\u015fta i\u015f\u00e7i s\u0131n\u0131f\u0131 olmak \u00fczere t\u00fcm emek\u00e7i kesimleri ve medya&#8217;y\u0131 hedef alan a\u00e7\u0131klamalar yapmay\u0131 s\u00fcrd\u00fcr\u00fcyor &#8220;Tekel i\u015f\u00e7ilerinin eyleminin amac\u0131n\u0131 a\u015ft\u0131\u011f\u0131n\u0131 iddia eden Erdo\u011fan &#8220;Ama\u00e7, hak aray\u0131\u015f\u0131 de\u011fil, h\u00fck\u00fcmete kar\u015f\u0131 aleni bir kampanyaya d\u00f6n\u00fc\u015fm\u00fc\u015ft\u00fcr. Pankartlara, sloganlara bak\u0131n. \u015eahs\u0131m\u0131, partimi hedef alan edep d\u0131\u015f\u0131, terbiye d\u0131\u015f\u0131 bir \u00fcslup kullan\u0131l\u0131yor.Yap\u0131lan eylemin yasal olmad\u0131\u011f\u0131n\u0131 s\u00f6yleyen Erdo\u011fan, Bu yasal olmayan s\u00fcrece, bu ay sonuna kadar sabrediyoruz. Ama bu ay sonu, 4-C ile ilgili i\u015flem bittikten sonra yasal olan ad\u0131m neyse, bu ad\u0131m\u0131 bu defa biz ataca\u011f\u0131z. \u00c7\u00fcnk\u00fc, kusura bakmas\u0131nlar. Bu \u00fclke yol ge\u00e7en han\u0131 de\u011fil.T\u00fcy\u00fc bitmemi\u015f yetimin paras\u0131n\u0131 yiyorlar&#8221;<\/p>\n<p style=\"text-align: justify;\">Anla\u015f\u0131l\u0131yor ki; Burjuvazi kendi krizinin faturas\u0131n\u0131, geni\u015f emek\u00e7i kitlelerden \u00e7\u0131karmaya kararl\u0131.Ancak uzun bir s\u00fcredir emek\u00e7i kitleler \u00fczerindeki kara bulutlar\u0131n da\u011f\u0131lma e\u011filimi ileride ya\u015fanacak f\u0131rt\u0131nan\u0131n da habercisi\u00a0 gibi g\u00f6r\u00fcn\u00fcyor&#8230;<\/p>\n<p style=\"text-align: justify;\">Ba\u015fbakan ve onun ak\u0131l hocalar\u0131 tekel i\u015f\u00e7ilerinin eyleminin amac\u0131n\u0131 a\u015ft\u0131\u011f\u0131n\u0131 s\u00f6ylerken san\u0131r\u0131m tekel i\u015f\u00e7ilerinin direni\u015finin bir balo,bir k\u0131r pikni\u011fi havas\u0131nda ge\u00e7ece\u011fi kan\u0131s\u0131ndayd\u0131.Ancak burjuvazi ve onun y\u0131lmaz savunuculu\u011fu yapan ba\u015fbakan \u015funu bilmelidirki; Bu s\u00fcre\u00e7 kar topu gibi yuvarlanarak \u00e7\u0131\u011f&#8217;a d\u00f6n\u00fc\u015fecektir. Zincirlerinden ba\u015fka kaybedece\u011fi bir \u015fey kalmayan insan topluluklar\u0131n\u0131n tarihte neler yapt\u0131klar\u0131 g\u00f6r\u00fclm\u00fc\u015ft\u00fcr&#8230;D\u00fcnya da ya\u015fanan\u00a0 ve \u00f6zelde \u00fclkemizde ya\u015fanan s\u00fcre\u00e7 budur.Geleceklerine dair umutlar\u0131n\u0131 yitirmi\u015f bu geni\u015f kitlenin, burjuvazi i\u00e7in tek olumlu yan\u0131 ,bu kitlelerin s\u0131n\u0131f perspektifli bir \u00f6rg\u00fctl\u00fcl\u00fc\u011f\u00fc olmay\u0131\u015f\u0131,olamay\u0131\u015f\u0131d\u0131r.<\/p>\n<p style=\"text-align: justify;\">Burjuvazinin ve ba\u015fbakan\u0131n tam da korktu\u011fu nokta budur.Tekel i\u015f\u00e7ilerinin maksat\u0131 a\u015ft\u0131\u011f\u0131 nokta da budur&#8230;Yani geni\u015f kitlelerin bu eylemin k\u0131v\u0131lc\u0131m\u0131yla burjuvaziye kar\u015f\u0131 \u00f6rg\u00fctlenmesi ve kabusu olacak uyuyan bir devin uyanma ihtimalidir.Budur ba\u015fbakan\u0131n tehditlerinin nedeni,yoksa t\u00fcy\u00fc bitmemi\u015f yetim hakk\u0131 diye yutturmaya \u00e7al\u0131\u015ft\u0131\u011f\u0131 hikayeler \u00e7ok komiktir.\u00dcstelik sokaktaki direnenler zaten bizzat t\u00fcy\u00fc bitmemi\u015f yetimlerdir.Kimin hakk\u0131n\u0131 kim yiyormu\u015f&#8230;? Burjuvazi v\u00fccudundaki kal\u0131n k\u0131llar\u0131 bize t\u00fcy olarak yutturmaya \u00e7al\u0131\u015f\u0131yor.<\/p>\n<p style=\"text-align: justify;\">\u00d6rg\u00fctlenme bir zorunluluk s\u00fcrecidir ve i\u00e7inde bulundu\u011fumuz durumun tek \u00e7\u0131k\u0131\u015f anahtar\u0131d\u0131r.Bulundu\u011fumuz her alanda burjuvazinin krizini onlara \u00f6dettirmek ad\u0131na \u00f6rg\u00fctlenmeliyiz.Tepki vermeyi\u00a0 ve \u00f6zellikle i\u015f\u00e7i s\u0131n\u0131f\u0131na omuz vermeliyiz.Toplumun ve i\u015f\u00e7i s\u0131n\u0131f\u0131n\u0131n \u00f6nc\u00fcs\u00fc olmas\u0131 gereken ayd\u0131nlar\u0131 \u00f6l\u00fc uykusundan uyand\u0131rmal\u0131y\u0131z.Bunun i\u00e7in sizleri yar\u0131n, burjuvazi&#8217;nin hayat\u0131n\u0131 durdurmaya,S\u0131n\u0131f\u0131n ve emek\u00e7i halk\u0131n g\u00fcc\u00fcn\u00fc g\u00f6stermeye davet ediyoruz&#8230;<\/p>\n<p style=\"text-align: justify;\">Umudumuz ve gelece\u011fimiz i\u00e7in 4 \u015fubat&#8217;ta genel grev&#8217;e<\/p>\n<p style=\"text-align: justify;\">Narteks.net \u00e7al\u0131\u015fanlar\u0131&#8230;<\/p>\n","protected":false},"excerpt":{"rendered":"<p>Tekel i\u015f\u00e7ilerinin neredeyse iki ay\u0131 bulan \u00f6rg\u00fctl\u00fc s\u0131n\u0131f direni\u015fi, h\u00fck\u00fcmetin ve burjuvazi&#8217;nin t\u00fcm hesaplar\u0131n\u0131 alt \u00fcst etti.Ba\u015fbakan,ba\u015fta i\u015f\u00e7i s\u0131n\u0131f\u0131 olmak \u00fczere t\u00fcm emek\u00e7i kesimleri ve medya&#8217;y\u0131 hedef alan a\u00e7\u0131klamalar yapmay\u0131 s\u00fcrd\u00fcr\u00fcyor &#8220;Tekel i\u015f\u00e7ilerinin eyleminin amac\u0131n\u0131 a\u015ft\u0131\u011f\u0131n\u0131 iddia eden Erdo\u011fan &#8220;Ama\u00e7, hak aray\u0131\u015f\u0131 de\u011fil, h\u00fck\u00fcmete kar\u015f\u0131 aleni bir kampanyaya d\u00f6n\u00fc\u015fm\u00fc\u015ft\u00fcr. Pankartlara, sloganlara bak\u0131n. \u015eahs\u0131m\u0131, partimi hedef [&hellip;]<\/p>\n","protected":false},"author":1,"featured_media":0,"comment_status":"open","ping_status":"open","sticky":false,"template":"","format":"standard","meta":{"footnotes":""},"categories":[98],"tags":[],"class_list":{"0":"post-4140","1":"post","2":"type-post","3":"status-publish","4":"format-standard","6":"category-turkiye"},"yoast_head":"<!-- This site is optimized with the Yoast SEO Premium plugin v24.9 (Yoast SEO v24.9) - https:\/\/yoast.com\/wordpress\/plugins\/seo\/ -->\n<title>Tekel i\u015f\u00e7ilerinin direni\u015fi ve \u00f6\u011frettikleri | Zincirlerinden ba\u015fka yoktur kaybedece\u011fin - narteks.net<\/title>\n<meta name=\"robots\" content=\"index, follow, max-snippet:-1, max-image-preview:large, max-video-preview:-1\" \/>\n<link rel=\"canonical\" href=\"https:\/\/narteks.net\/index.php\/2010\/02\/03\/tekel-iscilerinin-direnisi-ve-ogrettikleri-zincirlerinden-baska-yoktur-kaybedecegin\/\" \/>\n<meta property=\"og:locale\" content=\"tr_TR\" \/>\n<meta property=\"og:type\" content=\"article\" \/>\n<meta property=\"og:title\" content=\"Tekel i\u015f\u00e7ilerinin direni\u015fi ve \u00f6\u011frettikleri | Zincirlerinden ba\u015fka yoktur kaybedece\u011fin\" \/>\n<meta property=\"og:description\" content=\"Tekel i\u015f\u00e7ilerinin neredeyse iki ay\u0131 bulan \u00f6rg\u00fctl\u00fc s\u0131n\u0131f direni\u015fi, h\u00fck\u00fcmetin ve burjuvazi&#8217;nin t\u00fcm hesaplar\u0131n\u0131 alt \u00fcst etti.Ba\u015fbakan,ba\u015fta i\u015f\u00e7i s\u0131n\u0131f\u0131 olmak \u00fczere t\u00fcm emek\u00e7i kesimleri ve medya&#8217;y\u0131 hedef alan a\u00e7\u0131klamalar yapmay\u0131 s\u00fcrd\u00fcr\u00fcyor &#8220;Tekel i\u015f\u00e7ilerinin eyleminin amac\u0131n\u0131 a\u015ft\u0131\u011f\u0131n\u0131 iddia eden Erdo\u011fan &#8220;Ama\u00e7, hak aray\u0131\u015f\u0131 de\u011fil, h\u00fck\u00fcmete kar\u015f\u0131 aleni bir kampanyaya d\u00f6n\u00fc\u015fm\u00fc\u015ft\u00fcr. Pankartlara, sloganlara bak\u0131n. \u015eahs\u0131m\u0131, partimi hedef [&hellip;]\" \/>\n<meta property=\"og:url\" content=\"https:\/\/narteks.net\/index.php\/2010\/02\/03\/tekel-iscilerinin-direnisi-ve-ogrettikleri-zincirlerinden-baska-yoktur-kaybedecegin\/\" \/>\n<meta property=\"og:site_name\" content=\"narteks.net\" \/>\n<meta property=\"article:published_time\" content=\"2010-02-03T13:19:21+00:00\" \/>\n<meta property=\"og:image\" content=\"http:\/\/www.doktorsigortasi.com\/resimler\/tekel-iscileri-icin-bir-saat-geciktiler-170.jpg\" \/>\n<meta name=\"author\" content=\"Tar\u0131k\" \/>\n<meta name=\"twitter:card\" content=\"summary_large_image\" \/>\n<meta name=\"twitter:creator\" content=\"@narteks\" \/>\n<meta name=\"twitter:site\" content=\"@narteks\" \/>\n<meta name=\"twitter:label1\" content=\"Yazan:\" \/>\n\t<meta name=\"twitter:data1\" content=\"Tar\u0131k\" \/>\n\t<meta name=\"twitter:label2\" content=\"Tahmini okuma s\u00fcresi\" \/>\n\t<meta name=\"twitter:data2\" content=\"3 dakika\" \/>\n<script type=\"application\/ld+json\" class=\"yoast-schema-graph\">{\"@context\":\"https:\/\/schema.org\",\"@graph\":[{\"@type\":\"Article\",\"@id\":\"https:\/\/narteks.net\/index.php\/2010\/02\/03\/tekel-iscilerinin-direnisi-ve-ogrettikleri-zincirlerinden-baska-yoktur-kaybedecegin\/#article\",\"isPartOf\":{\"@id\":\"https:\/\/narteks.net\/index.php\/2010\/02\/03\/tekel-iscilerinin-direnisi-ve-ogrettikleri-zincirlerinden-baska-yoktur-kaybedecegin\/\"},\"author\":{\"name\":\"Tar\u0131k\",\"@id\":\"https:\/\/narteks.net\/#\/schema\/person\/61f37d9834294b72d31d274e7ed79bca\"},\"headline\":\"Tekel i\u015f\u00e7ilerinin direni\u015fi ve \u00f6\u011frettikleri | Zincirlerinden ba\u015fka yoktur kaybedece\u011fin\",\"datePublished\":\"2010-02-03T13:19:21+00:00\",\"mainEntityOfPage\":{\"@id\":\"https:\/\/narteks.net\/index.php\/2010\/02\/03\/tekel-iscilerinin-direnisi-ve-ogrettikleri-zincirlerinden-baska-yoktur-kaybedecegin\/\"},\"wordCount\":539,\"commentCount\":0,\"publisher\":{\"@id\":\"https:\/\/narteks.net\/#organization\"},\"image\":{\"@id\":\"https:\/\/narteks.net\/index.php\/2010\/02\/03\/tekel-iscilerinin-direnisi-ve-ogrettikleri-zincirlerinden-baska-yoktur-kaybedecegin\/#primaryimage\"},\"thumbnailUrl\":\"http:\/\/www.doktorsigortasi.com\/resimler\/tekel-iscileri-icin-bir-saat-geciktiler-170.jpg\",\"articleSection\":[\"T\u00fcrkiye\"],\"inLanguage\":\"tr\",\"potentialAction\":[{\"@type\":\"CommentAction\",\"name\":\"Comment\",\"target\":[\"https:\/\/narteks.net\/index.php\/2010\/02\/03\/tekel-iscilerinin-direnisi-ve-ogrettikleri-zincirlerinden-baska-yoktur-kaybedecegin\/#respond\"]}]},{\"@type\":\"WebPage\",\"@id\":\"https:\/\/narteks.net\/index.php\/2010\/02\/03\/tekel-iscilerinin-direnisi-ve-ogrettikleri-zincirlerinden-baska-yoktur-kaybedecegin\/\",\"url\":\"https:\/\/narteks.net\/index.php\/2010\/02\/03\/tekel-iscilerinin-direnisi-ve-ogrettikleri-zincirlerinden-baska-yoktur-kaybedecegin\/\",\"name\":\"Tekel i\u015f\u00e7ilerinin direni\u015fi ve \u00f6\u011frettikleri | Zincirlerinden ba\u015fka yoktur kaybedece\u011fin - narteks.net\",\"isPartOf\":{\"@id\":\"https:\/\/narteks.net\/#website\"},\"primaryImageOfPage\":{\"@id\":\"https:\/\/narteks.net\/index.php\/2010\/02\/03\/tekel-iscilerinin-direnisi-ve-ogrettikleri-zincirlerinden-baska-yoktur-kaybedecegin\/#primaryimage\"},\"image\":{\"@id\":\"https:\/\/narteks.net\/index.php\/2010\/02\/03\/tekel-iscilerinin-direnisi-ve-ogrettikleri-zincirlerinden-baska-yoktur-kaybedecegin\/#primaryimage\"},\"thumbnailUrl\":\"http:\/\/www.doktorsigortasi.com\/resimler\/tekel-iscileri-icin-bir-saat-geciktiler-170.jpg\",\"datePublished\":\"2010-02-03T13:19:21+00:00\",\"breadcrumb\":{\"@id\":\"https:\/\/narteks.net\/index.php\/2010\/02\/03\/tekel-iscilerinin-direnisi-ve-ogrettikleri-zincirlerinden-baska-yoktur-kaybedecegin\/#breadcrumb\"},\"inLanguage\":\"tr\",\"potentialAction\":[{\"@type\":\"ReadAction\",\"target\":[\"https:\/\/narteks.net\/index.php\/2010\/02\/03\/tekel-iscilerinin-direnisi-ve-ogrettikleri-zincirlerinden-baska-yoktur-kaybedecegin\/\"]}]},{\"@type\":\"ImageObject\",\"inLanguage\":\"tr\",\"@id\":\"https:\/\/narteks.net\/index.php\/2010\/02\/03\/tekel-iscilerinin-direnisi-ve-ogrettikleri-zincirlerinden-baska-yoktur-kaybedecegin\/#primaryimage\",\"url\":\"http:\/\/www.doktorsigortasi.com\/resimler\/tekel-iscileri-icin-bir-saat-geciktiler-170.jpg\",\"contentUrl\":\"http:\/\/www.doktorsigortasi.com\/resimler\/tekel-iscileri-icin-bir-saat-geciktiler-170.jpg\"},{\"@type\":\"BreadcrumbList\",\"@id\":\"https:\/\/narteks.net\/index.php\/2010\/02\/03\/tekel-iscilerinin-direnisi-ve-ogrettikleri-zincirlerinden-baska-yoktur-kaybedecegin\/#breadcrumb\",\"itemListElement\":[{\"@type\":\"ListItem\",\"position\":1,\"name\":\"Anasayfa\",\"item\":\"https:\/\/narteks.net\/\"},{\"@type\":\"ListItem\",\"position\":2,\"name\":\"Tekel i\u015f\u00e7ilerinin direni\u015fi ve \u00f6\u011frettikleri | Zincirlerinden ba\u015fka yoktur kaybedece\u011fin\"}]},{\"@type\":\"WebSite\",\"@id\":\"https:\/\/narteks.net\/#website\",\"url\":\"https:\/\/narteks.net\/\",\"name\":\"narteks.net\",\"description\":\"K\u00fclt\u00fcr Sanat Edebiyat Felsefe\",\"publisher\":{\"@id\":\"https:\/\/narteks.net\/#organization\"},\"alternateName\":\"K\u00fclt\u00fcr Sanat Edebiyat Felsefe\",\"potentialAction\":[{\"@type\":\"SearchAction\",\"target\":{\"@type\":\"EntryPoint\",\"urlTemplate\":\"https:\/\/narteks.net\/?s={search_term_string}\"},\"query-input\":{\"@type\":\"PropertyValueSpecification\",\"valueRequired\":true,\"valueName\":\"search_term_string\"}}],\"inLanguage\":\"tr\"},{\"@type\":\"Organization\",\"@id\":\"https:\/\/narteks.net\/#organization\",\"name\":\"narteks.net\",\"url\":\"https:\/\/narteks.net\/\",\"logo\":{\"@type\":\"ImageObject\",\"inLanguage\":\"tr\",\"@id\":\"https:\/\/narteks.net\/#\/schema\/logo\/image\/\",\"url\":\"https:\/\/narteks.net\/wp-content\/uploads\/narteks.png\",\"contentUrl\":\"https:\/\/narteks.net\/wp-content\/uploads\/narteks.png\",\"width\":300,\"height\":90,\"caption\":\"narteks.net\"},\"image\":{\"@id\":\"https:\/\/narteks.net\/#\/schema\/logo\/image\/\"},\"sameAs\":[\"https:\/\/x.com\/narteks\",\"https:\/\/instagram.com\/narteksnet\"]},{\"@type\":\"Person\",\"@id\":\"https:\/\/narteks.net\/#\/schema\/person\/61f37d9834294b72d31d274e7ed79bca\",\"name\":\"Tar\u0131k\",\"image\":{\"@type\":\"ImageObject\",\"inLanguage\":\"tr\",\"@id\":\"https:\/\/narteks.net\/#\/schema\/person\/image\/\",\"url\":\"https:\/\/secure.gravatar.com\/avatar\/50865afb55632c4ae467e0af0930f6510aa2297d8014be502a55b14f3b7550cf?s=96&d=mm&r=g\",\"contentUrl\":\"https:\/\/secure.gravatar.com\/avatar\/50865afb55632c4ae467e0af0930f6510aa2297d8014be502a55b14f3b7550cf?s=96&d=mm&r=g\",\"caption\":\"Tar\u0131k\"},\"sameAs\":[\"http:\/\/narteks.net\"],\"url\":\"https:\/\/narteks.net\/index.php\/author\/narbak\/\"}]}<\/script>\n<!-- \/ Yoast SEO Premium plugin. -->","yoast_head_json":{"title":"Tekel i\u015f\u00e7ilerinin direni\u015fi ve \u00f6\u011frettikleri | Zincirlerinden ba\u015fka yoktur kaybedece\u011fin - narteks.net","robots":{"index":"index","follow":"follow","max-snippet":"max-snippet:-1","max-image-preview":"max-image-preview:large","max-video-preview":"max-video-preview:-1"},"canonical":"https:\/\/narteks.net\/index.php\/2010\/02\/03\/tekel-iscilerinin-direnisi-ve-ogrettikleri-zincirlerinden-baska-yoktur-kaybedecegin\/","og_locale":"tr_TR","og_type":"article","og_title":"Tekel i\u015f\u00e7ilerinin direni\u015fi ve \u00f6\u011frettikleri | Zincirlerinden ba\u015fka yoktur kaybedece\u011fin","og_description":"Tekel i\u015f\u00e7ilerinin neredeyse iki ay\u0131 bulan \u00f6rg\u00fctl\u00fc s\u0131n\u0131f direni\u015fi, h\u00fck\u00fcmetin ve burjuvazi&#8217;nin t\u00fcm hesaplar\u0131n\u0131 alt \u00fcst etti.Ba\u015fbakan,ba\u015fta i\u015f\u00e7i s\u0131n\u0131f\u0131 olmak \u00fczere t\u00fcm emek\u00e7i kesimleri ve medya&#8217;y\u0131 hedef alan a\u00e7\u0131klamalar yapmay\u0131 s\u00fcrd\u00fcr\u00fcyor &#8220;Tekel i\u015f\u00e7ilerinin eyleminin amac\u0131n\u0131 a\u015ft\u0131\u011f\u0131n\u0131 iddia eden Erdo\u011fan &#8220;Ama\u00e7, hak aray\u0131\u015f\u0131 de\u011fil, h\u00fck\u00fcmete kar\u015f\u0131 aleni bir kampanyaya d\u00f6n\u00fc\u015fm\u00fc\u015ft\u00fcr. Pankartlara, sloganlara bak\u0131n. \u015eahs\u0131m\u0131, partimi hedef [&hellip;]","og_url":"https:\/\/narteks.net\/index.php\/2010\/02\/03\/tekel-iscilerinin-direnisi-ve-ogrettikleri-zincirlerinden-baska-yoktur-kaybedecegin\/","og_site_name":"narteks.net","article_published_time":"2010-02-03T13:19:21+00:00","og_image":[{"url":"http:\/\/www.doktorsigortasi.com\/resimler\/tekel-iscileri-icin-bir-saat-geciktiler-170.jpg","type":"","width":"","height":""}],"author":"Tar\u0131k","twitter_card":"summary_large_image","twitter_creator":"@narteks","twitter_site":"@narteks","twitter_misc":{"Yazan:":"Tar\u0131k","Tahmini okuma s\u00fcresi":"3 dakika"},"schema":{"@context":"https:\/\/schema.org","@graph":[{"@type":"Article","@id":"https:\/\/narteks.net\/index.php\/2010\/02\/03\/tekel-iscilerinin-direnisi-ve-ogrettikleri-zincirlerinden-baska-yoktur-kaybedecegin\/#article","isPartOf":{"@id":"https:\/\/narteks.net\/index.php\/2010\/02\/03\/tekel-iscilerinin-direnisi-ve-ogrettikleri-zincirlerinden-baska-yoktur-kaybedecegin\/"},"author":{"name":"Tar\u0131k","@id":"https:\/\/narteks.net\/#\/schema\/person\/61f37d9834294b72d31d274e7ed79bca"},"headline":"Tekel i\u015f\u00e7ilerinin direni\u015fi ve \u00f6\u011frettikleri | Zincirlerinden ba\u015fka yoktur kaybedece\u011fin","datePublished":"2010-02-03T13:19:21+00:00","mainEntityOfPage":{"@id":"https:\/\/narteks.net\/index.php\/2010\/02\/03\/tekel-iscilerinin-direnisi-ve-ogrettikleri-zincirlerinden-baska-yoktur-kaybedecegin\/"},"wordCount":539,"commentCount":0,"publisher":{"@id":"https:\/\/narteks.net\/#organization"},"image":{"@id":"https:\/\/narteks.net\/index.php\/2010\/02\/03\/tekel-iscilerinin-direnisi-ve-ogrettikleri-zincirlerinden-baska-yoktur-kaybedecegin\/#primaryimage"},"thumbnailUrl":"http:\/\/www.doktorsigortasi.com\/resimler\/tekel-iscileri-icin-bir-saat-geciktiler-170.jpg","articleSection":["T\u00fcrkiye"],"inLanguage":"tr","potentialAction":[{"@type":"CommentAction","name":"Comment","target":["https:\/\/narteks.net\/index.php\/2010\/02\/03\/tekel-iscilerinin-direnisi-ve-ogrettikleri-zincirlerinden-baska-yoktur-kaybedecegin\/#respond"]}]},{"@type":"WebPage","@id":"https:\/\/narteks.net\/index.php\/2010\/02\/03\/tekel-iscilerinin-direnisi-ve-ogrettikleri-zincirlerinden-baska-yoktur-kaybedecegin\/","url":"https:\/\/narteks.net\/index.php\/2010\/02\/03\/tekel-iscilerinin-direnisi-ve-ogrettikleri-zincirlerinden-baska-yoktur-kaybedecegin\/","name":"Tekel i\u015f\u00e7ilerinin direni\u015fi ve \u00f6\u011frettikleri | Zincirlerinden ba\u015fka yoktur kaybedece\u011fin - narteks.net","isPartOf":{"@id":"https:\/\/narteks.net\/#website"},"primaryImageOfPage":{"@id":"https:\/\/narteks.net\/index.php\/2010\/02\/03\/tekel-iscilerinin-direnisi-ve-ogrettikleri-zincirlerinden-baska-yoktur-kaybedecegin\/#primaryimage"},"image":{"@id":"https:\/\/narteks.net\/index.php\/2010\/02\/03\/tekel-iscilerinin-direnisi-ve-ogrettikleri-zincirlerinden-baska-yoktur-kaybedecegin\/#primaryimage"},"thumbnailUrl":"http:\/\/www.doktorsigortasi.com\/resimler\/tekel-iscileri-icin-bir-saat-geciktiler-170.jpg","datePublished":"2010-02-03T13:19:21+00:00","breadcrumb":{"@id":"https:\/\/narteks.net\/index.php\/2010\/02\/03\/tekel-iscilerinin-direnisi-ve-ogrettikleri-zincirlerinden-baska-yoktur-kaybedecegin\/#breadcrumb"},"inLanguage":"tr","potentialAction":[{"@type":"ReadAction","target":["https:\/\/narteks.net\/index.php\/2010\/02\/03\/tekel-iscilerinin-direnisi-ve-ogrettikleri-zincirlerinden-baska-yoktur-kaybedecegin\/"]}]},{"@type":"ImageObject","inLanguage":"tr","@id":"https:\/\/narteks.net\/index.php\/2010\/02\/03\/tekel-iscilerinin-direnisi-ve-ogrettikleri-zincirlerinden-baska-yoktur-kaybedecegin\/#primaryimage","url":"http:\/\/www.doktorsigortasi.com\/resimler\/tekel-iscileri-icin-bir-saat-geciktiler-170.jpg","contentUrl":"http:\/\/www.doktorsigortasi.com\/resimler\/tekel-iscileri-icin-bir-saat-geciktiler-170.jpg"},{"@type":"BreadcrumbList","@id":"https:\/\/narteks.net\/index.php\/2010\/02\/03\/tekel-iscilerinin-direnisi-ve-ogrettikleri-zincirlerinden-baska-yoktur-kaybedecegin\/#breadcrumb","itemListElement":[{"@type":"ListItem","position":1,"name":"Anasayfa","item":"https:\/\/narteks.net\/"},{"@type":"ListItem","position":2,"name":"Tekel i\u015f\u00e7ilerinin direni\u015fi ve \u00f6\u011frettikleri | Zincirlerinden ba\u015fka yoktur kaybedece\u011fin"}]},{"@type":"WebSite","@id":"https:\/\/narteks.net\/#website","url":"https:\/\/narteks.net\/","name":"narteks.net","description":"K\u00fclt\u00fcr Sanat Edebiyat Felsefe","publisher":{"@id":"https:\/\/narteks.net\/#organization"},"alternateName":"K\u00fclt\u00fcr Sanat Edebiyat Felsefe","potentialAction":[{"@type":"SearchAction","target":{"@type":"EntryPoint","urlTemplate":"https:\/\/narteks.net\/?s={search_term_string}"},"query-input":{"@type":"PropertyValueSpecification","valueRequired":true,"valueName":"search_term_string"}}],"inLanguage":"tr"},{"@type":"Organization","@id":"https:\/\/narteks.net\/#organization","name":"narteks.net","url":"https:\/\/narteks.net\/","logo":{"@type":"ImageObject","inLanguage":"tr","@id":"https:\/\/narteks.net\/#\/schema\/logo\/image\/","url":"https:\/\/narteks.net\/wp-content\/uploads\/narteks.png","contentUrl":"https:\/\/narteks.net\/wp-content\/uploads\/narteks.png","width":300,"height":90,"caption":"narteks.net"},"image":{"@id":"https:\/\/narteks.net\/#\/schema\/logo\/image\/"},"sameAs":["https:\/\/x.com\/narteks","https:\/\/instagram.com\/narteksnet"]},{"@type":"Person","@id":"https:\/\/narteks.net\/#\/schema\/person\/61f37d9834294b72d31d274e7ed79bca","name":"Tar\u0131k","image":{"@type":"ImageObject","inLanguage":"tr","@id":"https:\/\/narteks.net\/#\/schema\/person\/image\/","url":"https:\/\/secure.gravatar.com\/avatar\/50865afb55632c4ae467e0af0930f6510aa2297d8014be502a55b14f3b7550cf?s=96&d=mm&r=g","contentUrl":"https:\/\/secure.gravatar.com\/avatar\/50865afb55632c4ae467e0af0930f6510aa2297d8014be502a55b14f3b7550cf?s=96&d=mm&r=g","caption":"Tar\u0131k"},"sameAs":["http:\/\/narteks.net"],"url":"https:\/\/narteks.net\/index.php\/author\/narbak\/"}]}},"_links":{"self":[{"href":"https:\/\/narteks.net\/index.php\/wp-json\/wp\/v2\/posts\/4140","targetHints":{"allow":["GET"]}}],"collection":[{"href":"https:\/\/narteks.net\/index.php\/wp-json\/wp\/v2\/posts"}],"about":[{"href":"https:\/\/narteks.net\/index.php\/wp-json\/wp\/v2\/types\/post"}],"author":[{"embeddable":true,"href":"https:\/\/narteks.net\/index.php\/wp-json\/wp\/v2\/users\/1"}],"replies":[{"embeddable":true,"href":"https:\/\/narteks.net\/index.php\/wp-json\/wp\/v2\/comments?post=4140"}],"version-history":[{"count":0,"href":"https:\/\/narteks.net\/index.php\/wp-json\/wp\/v2\/posts\/4140\/revisions"}],"wp:attachment":[{"href":"https:\/\/narteks.net\/index.php\/wp-json\/wp\/v2\/media?parent=4140"}],"wp:term":[{"taxonomy":"category","embeddable":true,"href":"https:\/\/narteks.net\/index.php\/wp-json\/wp\/v2\/categories?post=4140"},{"taxonomy":"post_tag","embeddable":true,"href":"https:\/\/narteks.net\/index.php\/wp-json\/wp\/v2\/tags?post=4140"}],"curies":[{"name":"wp","href":"https:\/\/api.w.org\/{rel}","templated":true}]}}