{"id":4146,"date":"2010-02-04T01:40:39","date_gmt":"2010-02-03T22:40:39","guid":{"rendered":"http:\/\/localhost\/wordpress\/2010\/02\/04\/prometheus-cehennemde-albert-camus\/"},"modified":"2010-02-04T01:40:39","modified_gmt":"2010-02-03T22:40:39","slug":"prometheus-cehennemde-albert-camus","status":"publish","type":"post","link":"https:\/\/narteks.net\/index.php\/2010\/02\/04\/prometheus-cehennemde-albert-camus\/","title":{"rendered":"Prometheus Cehennemde | Albert Camus"},"content":{"rendered":"<p style=\"text-align: justify;\"><img loading=\"lazy\" decoding=\"async\" style=\"float: left;\" src=\"http:\/\/philipcarrgomm.files.wordpress.com\/2009\/09\/camus-photo.jpg\" alt=\"\" width=\"155\" height=\"205\" \/>Kar\u015f\u0131 koyan\u0131 olmad\u0131k\u00e7a Tanr\u0131n\u0131n bir yan\u0131 eksik geliyor bana(Prometheus Kafkasya&#8217;da) Lukianos Bug\u00fcn\u00fcn insan\u0131 i\u00e7in Prometheus nedir? Ger\u00e7i, Tanr\u0131lara kafa tutan bu adam \u00e7a\u011fda\u015f insan\u0131n \u00f6rne\u011fi say\u0131labilir.Binlerce y\u0131l \u00f6nceki bu kafa tutma bug\u00fcn tarihin e\u015fsiz bir sars\u0131nt\u0131s\u0131 ile sona eriyor da diyebiliriz. Ama, bir yandan da,\u00f6yle geliyor ki, bu ezilmi\u015f insan bizim aram\u0131zda da ezile gitmekte;d\u00fcnyaya sald\u0131\u011f\u0131 \u00e7\u0131\u011fl\u0131\u011fa, insan ba\u015fkald\u0131r\u0131s\u0131n\u0131n b\u00fcy\u00fck \u00e7\u0131\u011fl\u0131\u011f\u0131na h\u00e2l\u00e2 sa\u011f\u0131r\u0131z hepimiz.<\/p>\n<p style=\"text-align: justify;\">Ger\u00e7ekten bug\u00fcn\u00fcn insan\u0131 say\u0131s\u0131z y\u0131\u011f\u0131nlar halinde bu darac\u0131k yery\u00fcz\u00fcnde \u00e7ile dolduruyor. Ate\u015ften,yiyecekten yoksun bu insan i\u00e7in \u00f6zg\u00fcrl\u00fck hi\u00e7 de acelesi olmayan bir l\u00fckst\u00fcr. \u00c7ok daha \u00e7ekecekleri var insanlar\u0131n; \u00f6zg\u00fcrl\u00fck ve onun son tan\u0131klar\u0131 da azalacak gittik\u00e7e. Prometheus insanlara ate\u015fi ve \u00f6zg\u00fcrl\u00fc\u011f\u00fc,teknikleri ve sanatlar\u0131 bir arada verecek kadar onlar\u0131 seven bir kahramand\u0131.Bug\u00fcnk\u00fc insanl\u0131ksa,yaln\u0131z tekni\u011fe gereksinim duyuyor, yaln\u0131z onun kayg\u0131s\u0131nda. Ba\u015fkald\u0131rmas\u0131n\u0131 makineleri i\u00e7inden yap\u0131yor. Sanat\u0131 ve ona ba\u011fl\u0131 her \u015feyi bir engel, bir k\u00f6lelik belirtisi say\u0131yor. Prometheus&#8217;un \u00f6zelli\u011fi, tam tersine, makineyi sanattan ay\u0131rmas\u0131d\u0131r. Onca, bedenler ve ruhlar bir arada \u00f6zg\u00fcrl\u00fc\u011fe kavu\u015fabilirler. Bug\u00fcn\u00fcn insan\u0131, \u00f6nce bedenin kurtulmas\u0131 gerekti\u011fini san\u0131yor. Bu u\u011furda ruhun bir s\u00fcre i\u00e7in \u00f6lmesine bile raz\u0131 oluyor. Ama, ruh bir s\u00fcre i\u00e7in \u00f6lebilir mi? Do\u011frusunu isterseniz, Prometheus yeniden gelecek olsa, bug\u00fcn\u00fcn insanlar\u0131 ona Tanr\u0131lar\u0131n yapt\u0131\u011f\u0131n\u0131 yapard\u0131.\u0130lk simgesi oldu\u011fu insanl\u0131k ad\u0131na onu kayaya \u00e7ivilerlerdi. Bu yenilmi\u015f insana k\u00fcf\u00fcr edecek d\u00fc\u015fman sesleri, Aiskhylos&#8217;un tragedyas\u0131n\u0131n e\u015fi\u011finde \u00e7\u0131nlayan seslerin ayn\u0131 olurdu : G\u00fcc\u00fcn ve \u015fiddetin sesleri.<\/p>\n<p>Acaba k\u0131s\u0131r mevsim, \u00e7\u0131plak a\u011fa\u00e7lar, d\u00fcnyan\u0131n k\u0131\u015f\u0131 m\u0131 y\u0131k\u0131yor beni? Ama, bu \u0131\u015f\u0131k \u00f6zlemi hak veriyor bana. Bir ba\u015fka d\u00fcnyay\u0131, benim ger\u00e7ek yurdumu anlat\u0131yor bana. Ba\u015fka insanlar i\u00e7in h\u00e2l\u00e2 bir anlam\u0131 kald\u0131 m\u0131 o d\u00fcnyan\u0131n? Sava\u015f\u0131n ba\u015flad\u0131\u011f\u0131 y\u0131l, Odysseus&#8217;un izlerinde dola\u015fmak i\u00e7in gemiye binmek \u00fczereydim. O g\u00fcnlerde yoksul bir delikanl\u0131 bile bir denizi a\u015f\u0131p \u0131\u015f\u0131kl\u0131 d\u00fcnyalara gitmeye kalkabilirdi.<\/p>\n<p>Ama, ben de o zaman herkesin yapt\u0131\u011f\u0131n\u0131 yapt\u0131m. Binmedim gemiye. Cehennemin a\u00e7\u0131lan kap\u0131s\u0131nda tepinen kuyrukta yerimi ald\u0131m. Yava\u015f yava\u015f girdik hepimiz ve \u00f6ld\u00fcr\u00fclen ilk g\u00fcnahs\u0131z\u0131n \u00e7\u0131\u011fl\u0131\u011f\u0131 ile kap\u0131 kapand\u0131 arkam\u0131zdan. Cehennemdeydik art\u0131k, bir daha da \u00e7\u0131kmad\u0131k i\u00e7inden. Alt\u0131 uzun y\u0131ld\u0131r al\u0131\u015fmaya \u00e7al\u0131\u015f\u0131yoruz ona. Mutlu adalar\u0131n s\u0131cak hortlaklar\u0131 \u00e7ok uzaklarda, ate\u015fsiz ve g\u00fcne\u015fsiz uzun y\u0131llar\u0131n arkas\u0131nda g\u00f6r\u00fcn\u00fcyor bize.<\/p>\n<p>Bu \u0131slak ve karanl\u0131k Avrupa&#8217;da insan nas\u0131l,ya\u015fl\u0131 Chateaubriand&#8217;\u0131n Yunanistan&#8217;a giden Ampere&#8217;e s\u00f6yledi\u011fi \u015fu s\u00f6z\u00fc an\u0131msay\u0131nca h\u00fcz\u00fcnle \u00fcrpermez, ayn\u0131 ac\u0131y\u0131 duymaz : <em>\u00abBenim Attika&#8217;da g\u00f6rd\u00fc\u011f\u00fcm hi\u00e7bir \u015feyi bulamayacaks\u0131n\u0131z. Ne o zeytin a\u011fa\u00e7lar\u0131n\u0131n bir yapra\u011f\u0131n\u0131, ne de \u00fcz\u00fcmlerin bir tanesini.Benim zaman\u0131m\u0131n otuna bile \u00f6zlem duyuyorum. Bir \u00e7al\u0131y\u0131 bile ya\u015fatmaya g\u00fcc\u00fcm yetmedi.\u00bb<\/em>Biz de taze kan\u0131m\u0131za kar\u015f\u0131n, bu son y\u00fczy\u0131l\u0131n korkun\u00e7 ya\u015fl\u0131l\u0131\u011f\u0131na g\u00f6m\u00fcl\u00fc, b\u00fct\u00fcn \u00e7a\u011flar\u0131n otunu, salt kendisi i\u00e7in g\u00f6rmeye gidece\u011fimiz zeytin yapra\u011f\u0131n\u0131 ar\u0131yoruz. Her yerde, her yerde onun \u00e7\u0131\u011fl\u0131klar\u0131, ac\u0131s\u0131, korkular\u0131. Bu y\u0131\u011f\u0131n y\u0131\u011f\u0131n yarat\u0131klar aras\u0131nda c\u0131rc\u0131rb\u00f6ceklerine yer yok art\u0131k. Tarih, \u00fcst\u00fcnde fundal\u0131k bitmeyen k\u0131s\u0131r bir toprakt\u0131r. Bug\u00fcn\u00fcn insan\u0131 yine de tarihi se\u00e7ti. Ondan ayr\u0131lamazd\u0131 festen, ayr\u0131lmas\u0131 da gerekmezdi. Ama, tarihi kendi buyru\u011fu alt\u0131na alacak yerde, her g\u00fcn biraz daha onun k\u00f6lesi olmaya raz\u0131 oluyor. <\/p>\n<p>\u0130\u015fte, bunda ihanet ediyor Prometheus&#8217;a,\u00ab<em>bu at\u0131lgan d\u00fc\u015f\u00fcnceli ve u\u00e7ar\u0131 y\u00fcrekli\u00bb insano\u011fluna. Bunda d\u00f6n\u00fcyor bug\u00fcn\u00fcn insan\u0131, Prometheus&#8217;un kurtarmak istedi\u011fi insanlar\u0131n zavall\u0131l\u0131\u011f\u0131na.\u00a0 O insanlara ki, \u00abd\u00fc\u015flerde ya\u015far gibi bakmadan g\u00f6r\u00fcyor, duymadan dinliyorlard\u0131.\u00bb <\/em>Provence&#8217;da bir ak\u015fam, p\u00fcr\u00fczs\u00fcz g\u00fczel bir tepe, bir par\u00e7a deniz mavisi yetiyor insana her \u015feyin yeni ba\u015ftan yap\u0131lmas\u0131 gerekti\u011fini anlatmaya. Bedenin isteklerini kar\u015f\u0131lamak i\u00e7in ate\u015fi yeniden bulmak,tezg\u00e2hlar\u0131 yeniden kurmak zorunday\u0131z.Attika,\u00f6zg\u00fcrl\u00fck ve meyveleri, ruhun ekme\u011fi bir ba\u015fka zamana. Elimizden ne gelir? Kendi kendimize ba\u011f\u0131rmaktan ba\u015fka ne yapabiliriz, onlar\u0131 hi\u00e7bir zaman bulamayaca\u011f\u0131z ya da ba\u015fkalar\u0131 bulacaklar diye. Hi\u00e7 de\u011filse bu ba\u015fkalar\u0131n\u0131n onlardan yoksun kalmamas\u0131na \u00e7al\u0131\u015fmaktan \u00f6te \u00e7are yok. Ne yapabiliriz? Bunlar hi\u00e7 olmayacak art\u0131k, ya da ba\u015fkalar\u0131n\u0131n olacak diye yerinmekten ve hi\u00e7 de\u011filse bu ba\u015fkalar\u0131n\u0131n onlara kavu\u015fmas\u0131na \u00e7al\u0131\u015fmaktan ba\u015fka ne gelir elden diye. Bunu ac\u0131 ile duyan, yine de k\u00fcsmeden ya\u015famaya \u00e7al\u0131\u015fan bizler, \u00e7ok mu ge\u00e7 geldik, \u00e7ok mu erken? \u00c7al\u0131l\u0131klar\u0131 ye\u015fertmeye g\u00fcc\u00fcm\u00fcz yetecek mi? Zaman\u0131m\u0131zda y\u00fckselen bu soruya Prometheus&#8217;un kar\u015f\u0131l\u0131k verece\u011fini d\u00fc\u015f\u00fcn\u00fcn.Ger\u00e7ekte bu kar\u015f\u0131l\u0131\u011f\u0131 \u00e7oktan vermi\u015f o : <em>\u00abSize yeni d\u00fczeni ve kalk\u0131nmay\u0131 vaat ediyorum ey \u00f6l\u00fcml\u00fcler! E\u011fer, bunu kendi elinizle yapacak kadar usta, de\u011ferli ve g\u00fc\u00e7l\u00fc iseniz.\u00bb<\/em> Kurtulu\u015fun bizim elimizde oldu\u011fu do\u011fruysa, \u00e7a\u011f\u0131m\u0131z\u0131n bu sorusuna ben evet diyece\u011fim, tan\u0131d\u0131\u011f\u0131m birka\u00e7 insanda g\u00f6rd\u00fc\u011f\u00fcm kafal\u0131 g\u00fcce, bilgili yi\u011fitli\u011fe g\u00fcvenerek.<\/p>\n<p><em>\u00abEvet do\u011fruluk! diye ba\u011f\u0131r\u0131r Prometheus, ey anam benim! G\u00f6r\u00fcyorsun bana neler \u00e7ektirdiklerini!\u00bb<\/em> Hermes ise alay eder kahramanla : <em>\u00ab\u015ea\u015f\u0131yorum sana, madem k\u00e2hindin, neden \u00f6nceden g\u00f6rmedin bu \u00e7ektiklerini?\u00bb \u00abBiliyordum\u00bb<\/em> diye kar\u015f\u0131l\u0131k verir asi Prometheus. Benim s\u00f6z\u00fcn\u00fc etti\u011fim insanlar da adaletin o\u011fulland\u0131r. Onlar da bile bile herkesin derdiyle dertleniyorlar. Biliyorlar ki g\u00f6zleri yoktur onun, Prometheus&#8217;un ve onun adaletini at\u0131p yerine akim buldu\u011fu adaleti koymak gerekir, i\u015fte, Prometheus bu yoldan \u00e7a\u011f\u0131m\u0131z\u0131n insan\u0131 oluyor.<\/p>\n<p>S\u00f6ylencelerin kendi ya\u015famlar\u0131 yoktur. Onlara bizim can ve kan vermemizi beklerler, yery\u00fcz\u00fcnde onlar\u0131n \u00e7a\u011fr\u0131s\u0131na bir tek insan kar\u015f\u0131l\u0131k verdi mi, \u00f6zlerini taptaze sunarlar bize. Bizim i\u015fimiz bu \u00f6z\u00fc korumak ve yeniden dirilmesi i\u00e7in \u00f6l\u00fcm uykusuna dalmamas\u0131n\u0131 sa\u011flamakt\u0131r. Bug\u00fcn\u00fcn insan\u0131m kurtarman\u0131n olanaks\u0131z oldu\u011funu d\u00fc\u015f\u00fcn\u00fcyorum kimi zaman. Ama, bu insano\u011fullar\u0131 ruh\u00e7a ve bedence kurtar\u0131labilir h\u00e2l\u00e2. Onlara mutluluk ve g\u00fczellik yollar\u0131n\u0131 a\u00e7abiliriz. G\u00fczelliksiz ve \u00f6zg\u00fcrl\u00fcks\u00fcz ya\u015famaya raz\u0131 olursak, Prometheus s\u00f6ylencesi daha ba\u015fkalar\u0131yla birlikte bize insan\u0131n ancak bir zaman i\u00e7in parampar\u00e7a edilebilece\u011fini,insan\u0131n t\u00fcm\u00fcne yararl\u0131 olmad\u0131k\u00e7a, hi\u00e7bir \u015feye yararl\u0131 olunamayaca\u011f\u0131n\u0131 an\u0131msat\u0131r bize.\u0130nsan ekmek ve \u00e7al\u0131 istiyorsa ve e\u011fer ekme\u011fin daha zorunlu oldu\u011fu do\u011fru ise \u00e7al\u0131n\u0131n an\u0131s\u0131n\u0131 korumay\u0131 \u00f6\u011frenelim.Tarihin en karanl\u0131k g\u00fcnlerinde Prometheus insanlar\u0131, zor i\u015flerini duraksamadan topra\u011fa ve durmadan biten ota bir yanlar\u0131yla ba\u011fl\u0131 kalacaklard\u0131r. Zincire vurulmu\u015f kahraman, Tanr\u0131n\u0131n y\u0131ld\u0131r\u0131m ve \u015fim\u015feklerinde,insana olan o rahat g\u00fcvenini yitirmez.Onun i\u00e7in, Prometheus ba\u011fland\u0131\u011f\u0131 kayadan daha sert, dala\u011f\u0131n\u0131 yiyen akbabadan daha sab\u0131rl\u0131d\u0131r. Tanr\u0131lara ba\u015fkald\u0131rmaktan daha \u00f6nemli olan \u015fey bizce, bu s\u00fcrekli diretmedir. Ve bu hi\u00e7bir \u015feyi ay\u0131rt etmeme ve atmama g\u00fcc\u00fcd\u00fcr ki, insanlar\u0131n dertli y\u00fcre\u011fini d\u00fcnyan\u0131n ilkyaz\u0131yla uzla\u015ft\u0131rm\u0131\u015f ve uzla\u015ft\u0131racakt\u0131r.<\/p>\n","protected":false},"excerpt":{"rendered":"<p>Kar\u015f\u0131 koyan\u0131 olmad\u0131k\u00e7a Tanr\u0131n\u0131n bir yan\u0131 eksik geliyor bana(Prometheus Kafkasya&#8217;da) Lukianos Bug\u00fcn\u00fcn insan\u0131 i\u00e7in Prometheus nedir? Ger\u00e7i, Tanr\u0131lara kafa tutan bu adam \u00e7a\u011fda\u015f insan\u0131n \u00f6rne\u011fi say\u0131labilir.Binlerce y\u0131l \u00f6nceki bu kafa tutma bug\u00fcn tarihin e\u015fsiz bir sars\u0131nt\u0131s\u0131 ile sona eriyor da diyebiliriz. Ama, bir yandan da,\u00f6yle geliyor ki, bu ezilmi\u015f insan bizim aram\u0131zda da ezile gitmekte;d\u00fcnyaya [&hellip;]<\/p>\n","protected":false},"author":1,"featured_media":0,"comment_status":"open","ping_status":"open","sticky":false,"template":"","format":"standard","meta":{"footnotes":""},"categories":[138],"tags":[],"class_list":{"0":"post-4146","1":"post","2":"type-post","3":"status-publish","4":"format-standard","6":"category-edebiyat-dunya"},"yoast_head":"<!-- This site is optimized with the Yoast SEO Premium plugin v24.9 (Yoast SEO v24.9) - https:\/\/yoast.com\/wordpress\/plugins\/seo\/ -->\n<title>Prometheus Cehennemde | Albert Camus - narteks.net<\/title>\n<meta name=\"robots\" content=\"index, follow, max-snippet:-1, max-image-preview:large, max-video-preview:-1\" \/>\n<link rel=\"canonical\" href=\"https:\/\/narteks.net\/index.php\/2010\/02\/04\/prometheus-cehennemde-albert-camus\/\" \/>\n<meta property=\"og:locale\" content=\"tr_TR\" \/>\n<meta property=\"og:type\" content=\"article\" \/>\n<meta property=\"og:title\" content=\"Prometheus Cehennemde | Albert Camus\" \/>\n<meta property=\"og:description\" content=\"Kar\u015f\u0131 koyan\u0131 olmad\u0131k\u00e7a Tanr\u0131n\u0131n bir yan\u0131 eksik geliyor bana(Prometheus Kafkasya&#8217;da) Lukianos Bug\u00fcn\u00fcn insan\u0131 i\u00e7in Prometheus nedir? Ger\u00e7i, Tanr\u0131lara kafa tutan bu adam \u00e7a\u011fda\u015f insan\u0131n \u00f6rne\u011fi say\u0131labilir.Binlerce y\u0131l \u00f6nceki bu kafa tutma bug\u00fcn tarihin e\u015fsiz bir sars\u0131nt\u0131s\u0131 ile sona eriyor da diyebiliriz. Ama, bir yandan da,\u00f6yle geliyor ki, bu ezilmi\u015f insan bizim aram\u0131zda da ezile gitmekte;d\u00fcnyaya [&hellip;]\" \/>\n<meta property=\"og:url\" content=\"https:\/\/narteks.net\/index.php\/2010\/02\/04\/prometheus-cehennemde-albert-camus\/\" \/>\n<meta property=\"og:site_name\" content=\"narteks.net\" \/>\n<meta property=\"article:published_time\" content=\"2010-02-03T22:40:39+00:00\" \/>\n<meta property=\"og:image\" content=\"http:\/\/philipcarrgomm.files.wordpress.com\/2009\/09\/camus-photo.jpg\" \/>\n<meta name=\"author\" content=\"Tar\u0131k\" \/>\n<meta name=\"twitter:card\" content=\"summary_large_image\" \/>\n<meta name=\"twitter:creator\" content=\"@narteks\" \/>\n<meta name=\"twitter:site\" content=\"@narteks\" \/>\n<meta name=\"twitter:label1\" content=\"Yazan:\" \/>\n\t<meta name=\"twitter:data1\" content=\"Tar\u0131k\" \/>\n\t<meta name=\"twitter:label2\" content=\"Tahmini okuma s\u00fcresi\" \/>\n\t<meta name=\"twitter:data2\" content=\"7 dakika\" \/>\n<script type=\"application\/ld+json\" class=\"yoast-schema-graph\">{\"@context\":\"https:\/\/schema.org\",\"@graph\":[{\"@type\":\"Article\",\"@id\":\"https:\/\/narteks.net\/index.php\/2010\/02\/04\/prometheus-cehennemde-albert-camus\/#article\",\"isPartOf\":{\"@id\":\"https:\/\/narteks.net\/index.php\/2010\/02\/04\/prometheus-cehennemde-albert-camus\/\"},\"author\":{\"name\":\"Tar\u0131k\",\"@id\":\"https:\/\/narteks.net\/#\/schema\/person\/61f37d9834294b72d31d274e7ed79bca\"},\"headline\":\"Prometheus Cehennemde | Albert Camus\",\"datePublished\":\"2010-02-03T22:40:39+00:00\",\"mainEntityOfPage\":{\"@id\":\"https:\/\/narteks.net\/index.php\/2010\/02\/04\/prometheus-cehennemde-albert-camus\/\"},\"wordCount\":1364,\"commentCount\":0,\"publisher\":{\"@id\":\"https:\/\/narteks.net\/#organization\"},\"image\":{\"@id\":\"https:\/\/narteks.net\/index.php\/2010\/02\/04\/prometheus-cehennemde-albert-camus\/#primaryimage\"},\"thumbnailUrl\":\"http:\/\/philipcarrgomm.files.wordpress.com\/2009\/09\/camus-photo.jpg\",\"articleSection\":[\"Edebiyat ( D\u00fcnya )\"],\"inLanguage\":\"tr\",\"potentialAction\":[{\"@type\":\"CommentAction\",\"name\":\"Comment\",\"target\":[\"https:\/\/narteks.net\/index.php\/2010\/02\/04\/prometheus-cehennemde-albert-camus\/#respond\"]}]},{\"@type\":\"WebPage\",\"@id\":\"https:\/\/narteks.net\/index.php\/2010\/02\/04\/prometheus-cehennemde-albert-camus\/\",\"url\":\"https:\/\/narteks.net\/index.php\/2010\/02\/04\/prometheus-cehennemde-albert-camus\/\",\"name\":\"Prometheus Cehennemde | Albert Camus - narteks.net\",\"isPartOf\":{\"@id\":\"https:\/\/narteks.net\/#website\"},\"primaryImageOfPage\":{\"@id\":\"https:\/\/narteks.net\/index.php\/2010\/02\/04\/prometheus-cehennemde-albert-camus\/#primaryimage\"},\"image\":{\"@id\":\"https:\/\/narteks.net\/index.php\/2010\/02\/04\/prometheus-cehennemde-albert-camus\/#primaryimage\"},\"thumbnailUrl\":\"http:\/\/philipcarrgomm.files.wordpress.com\/2009\/09\/camus-photo.jpg\",\"datePublished\":\"2010-02-03T22:40:39+00:00\",\"breadcrumb\":{\"@id\":\"https:\/\/narteks.net\/index.php\/2010\/02\/04\/prometheus-cehennemde-albert-camus\/#breadcrumb\"},\"inLanguage\":\"tr\",\"potentialAction\":[{\"@type\":\"ReadAction\",\"target\":[\"https:\/\/narteks.net\/index.php\/2010\/02\/04\/prometheus-cehennemde-albert-camus\/\"]}]},{\"@type\":\"ImageObject\",\"inLanguage\":\"tr\",\"@id\":\"https:\/\/narteks.net\/index.php\/2010\/02\/04\/prometheus-cehennemde-albert-camus\/#primaryimage\",\"url\":\"http:\/\/philipcarrgomm.files.wordpress.com\/2009\/09\/camus-photo.jpg\",\"contentUrl\":\"http:\/\/philipcarrgomm.files.wordpress.com\/2009\/09\/camus-photo.jpg\"},{\"@type\":\"BreadcrumbList\",\"@id\":\"https:\/\/narteks.net\/index.php\/2010\/02\/04\/prometheus-cehennemde-albert-camus\/#breadcrumb\",\"itemListElement\":[{\"@type\":\"ListItem\",\"position\":1,\"name\":\"Anasayfa\",\"item\":\"https:\/\/narteks.net\/\"},{\"@type\":\"ListItem\",\"position\":2,\"name\":\"Prometheus Cehennemde | Albert Camus\"}]},{\"@type\":\"WebSite\",\"@id\":\"https:\/\/narteks.net\/#website\",\"url\":\"https:\/\/narteks.net\/\",\"name\":\"narteks.net\",\"description\":\"K\u00fclt\u00fcr Sanat Edebiyat Felsefe\",\"publisher\":{\"@id\":\"https:\/\/narteks.net\/#organization\"},\"alternateName\":\"K\u00fclt\u00fcr Sanat Edebiyat Felsefe\",\"potentialAction\":[{\"@type\":\"SearchAction\",\"target\":{\"@type\":\"EntryPoint\",\"urlTemplate\":\"https:\/\/narteks.net\/?s={search_term_string}\"},\"query-input\":{\"@type\":\"PropertyValueSpecification\",\"valueRequired\":true,\"valueName\":\"search_term_string\"}}],\"inLanguage\":\"tr\"},{\"@type\":\"Organization\",\"@id\":\"https:\/\/narteks.net\/#organization\",\"name\":\"narteks.net\",\"url\":\"https:\/\/narteks.net\/\",\"logo\":{\"@type\":\"ImageObject\",\"inLanguage\":\"tr\",\"@id\":\"https:\/\/narteks.net\/#\/schema\/logo\/image\/\",\"url\":\"https:\/\/narteks.net\/wp-content\/uploads\/narteks.png\",\"contentUrl\":\"https:\/\/narteks.net\/wp-content\/uploads\/narteks.png\",\"width\":300,\"height\":90,\"caption\":\"narteks.net\"},\"image\":{\"@id\":\"https:\/\/narteks.net\/#\/schema\/logo\/image\/\"},\"sameAs\":[\"https:\/\/x.com\/narteks\",\"https:\/\/instagram.com\/narteksnet\"]},{\"@type\":\"Person\",\"@id\":\"https:\/\/narteks.net\/#\/schema\/person\/61f37d9834294b72d31d274e7ed79bca\",\"name\":\"Tar\u0131k\",\"image\":{\"@type\":\"ImageObject\",\"inLanguage\":\"tr\",\"@id\":\"https:\/\/narteks.net\/#\/schema\/person\/image\/\",\"url\":\"https:\/\/secure.gravatar.com\/avatar\/50865afb55632c4ae467e0af0930f6510aa2297d8014be502a55b14f3b7550cf?s=96&d=mm&r=g\",\"contentUrl\":\"https:\/\/secure.gravatar.com\/avatar\/50865afb55632c4ae467e0af0930f6510aa2297d8014be502a55b14f3b7550cf?s=96&d=mm&r=g\",\"caption\":\"Tar\u0131k\"},\"sameAs\":[\"http:\/\/narteks.net\"],\"url\":\"https:\/\/narteks.net\/index.php\/author\/narbak\/\"}]}<\/script>\n<!-- \/ Yoast SEO Premium plugin. -->","yoast_head_json":{"title":"Prometheus Cehennemde | Albert Camus - narteks.net","robots":{"index":"index","follow":"follow","max-snippet":"max-snippet:-1","max-image-preview":"max-image-preview:large","max-video-preview":"max-video-preview:-1"},"canonical":"https:\/\/narteks.net\/index.php\/2010\/02\/04\/prometheus-cehennemde-albert-camus\/","og_locale":"tr_TR","og_type":"article","og_title":"Prometheus Cehennemde | Albert Camus","og_description":"Kar\u015f\u0131 koyan\u0131 olmad\u0131k\u00e7a Tanr\u0131n\u0131n bir yan\u0131 eksik geliyor bana(Prometheus Kafkasya&#8217;da) Lukianos Bug\u00fcn\u00fcn insan\u0131 i\u00e7in Prometheus nedir? Ger\u00e7i, Tanr\u0131lara kafa tutan bu adam \u00e7a\u011fda\u015f insan\u0131n \u00f6rne\u011fi say\u0131labilir.Binlerce y\u0131l \u00f6nceki bu kafa tutma bug\u00fcn tarihin e\u015fsiz bir sars\u0131nt\u0131s\u0131 ile sona eriyor da diyebiliriz. Ama, bir yandan da,\u00f6yle geliyor ki, bu ezilmi\u015f insan bizim aram\u0131zda da ezile gitmekte;d\u00fcnyaya [&hellip;]","og_url":"https:\/\/narteks.net\/index.php\/2010\/02\/04\/prometheus-cehennemde-albert-camus\/","og_site_name":"narteks.net","article_published_time":"2010-02-03T22:40:39+00:00","og_image":[{"url":"http:\/\/philipcarrgomm.files.wordpress.com\/2009\/09\/camus-photo.jpg","type":"","width":"","height":""}],"author":"Tar\u0131k","twitter_card":"summary_large_image","twitter_creator":"@narteks","twitter_site":"@narteks","twitter_misc":{"Yazan:":"Tar\u0131k","Tahmini okuma s\u00fcresi":"7 dakika"},"schema":{"@context":"https:\/\/schema.org","@graph":[{"@type":"Article","@id":"https:\/\/narteks.net\/index.php\/2010\/02\/04\/prometheus-cehennemde-albert-camus\/#article","isPartOf":{"@id":"https:\/\/narteks.net\/index.php\/2010\/02\/04\/prometheus-cehennemde-albert-camus\/"},"author":{"name":"Tar\u0131k","@id":"https:\/\/narteks.net\/#\/schema\/person\/61f37d9834294b72d31d274e7ed79bca"},"headline":"Prometheus Cehennemde | Albert Camus","datePublished":"2010-02-03T22:40:39+00:00","mainEntityOfPage":{"@id":"https:\/\/narteks.net\/index.php\/2010\/02\/04\/prometheus-cehennemde-albert-camus\/"},"wordCount":1364,"commentCount":0,"publisher":{"@id":"https:\/\/narteks.net\/#organization"},"image":{"@id":"https:\/\/narteks.net\/index.php\/2010\/02\/04\/prometheus-cehennemde-albert-camus\/#primaryimage"},"thumbnailUrl":"http:\/\/philipcarrgomm.files.wordpress.com\/2009\/09\/camus-photo.jpg","articleSection":["Edebiyat ( D\u00fcnya )"],"inLanguage":"tr","potentialAction":[{"@type":"CommentAction","name":"Comment","target":["https:\/\/narteks.net\/index.php\/2010\/02\/04\/prometheus-cehennemde-albert-camus\/#respond"]}]},{"@type":"WebPage","@id":"https:\/\/narteks.net\/index.php\/2010\/02\/04\/prometheus-cehennemde-albert-camus\/","url":"https:\/\/narteks.net\/index.php\/2010\/02\/04\/prometheus-cehennemde-albert-camus\/","name":"Prometheus Cehennemde | Albert Camus - narteks.net","isPartOf":{"@id":"https:\/\/narteks.net\/#website"},"primaryImageOfPage":{"@id":"https:\/\/narteks.net\/index.php\/2010\/02\/04\/prometheus-cehennemde-albert-camus\/#primaryimage"},"image":{"@id":"https:\/\/narteks.net\/index.php\/2010\/02\/04\/prometheus-cehennemde-albert-camus\/#primaryimage"},"thumbnailUrl":"http:\/\/philipcarrgomm.files.wordpress.com\/2009\/09\/camus-photo.jpg","datePublished":"2010-02-03T22:40:39+00:00","breadcrumb":{"@id":"https:\/\/narteks.net\/index.php\/2010\/02\/04\/prometheus-cehennemde-albert-camus\/#breadcrumb"},"inLanguage":"tr","potentialAction":[{"@type":"ReadAction","target":["https:\/\/narteks.net\/index.php\/2010\/02\/04\/prometheus-cehennemde-albert-camus\/"]}]},{"@type":"ImageObject","inLanguage":"tr","@id":"https:\/\/narteks.net\/index.php\/2010\/02\/04\/prometheus-cehennemde-albert-camus\/#primaryimage","url":"http:\/\/philipcarrgomm.files.wordpress.com\/2009\/09\/camus-photo.jpg","contentUrl":"http:\/\/philipcarrgomm.files.wordpress.com\/2009\/09\/camus-photo.jpg"},{"@type":"BreadcrumbList","@id":"https:\/\/narteks.net\/index.php\/2010\/02\/04\/prometheus-cehennemde-albert-camus\/#breadcrumb","itemListElement":[{"@type":"ListItem","position":1,"name":"Anasayfa","item":"https:\/\/narteks.net\/"},{"@type":"ListItem","position":2,"name":"Prometheus Cehennemde | Albert Camus"}]},{"@type":"WebSite","@id":"https:\/\/narteks.net\/#website","url":"https:\/\/narteks.net\/","name":"narteks.net","description":"K\u00fclt\u00fcr Sanat Edebiyat Felsefe","publisher":{"@id":"https:\/\/narteks.net\/#organization"},"alternateName":"K\u00fclt\u00fcr Sanat Edebiyat Felsefe","potentialAction":[{"@type":"SearchAction","target":{"@type":"EntryPoint","urlTemplate":"https:\/\/narteks.net\/?s={search_term_string}"},"query-input":{"@type":"PropertyValueSpecification","valueRequired":true,"valueName":"search_term_string"}}],"inLanguage":"tr"},{"@type":"Organization","@id":"https:\/\/narteks.net\/#organization","name":"narteks.net","url":"https:\/\/narteks.net\/","logo":{"@type":"ImageObject","inLanguage":"tr","@id":"https:\/\/narteks.net\/#\/schema\/logo\/image\/","url":"https:\/\/narteks.net\/wp-content\/uploads\/narteks.png","contentUrl":"https:\/\/narteks.net\/wp-content\/uploads\/narteks.png","width":300,"height":90,"caption":"narteks.net"},"image":{"@id":"https:\/\/narteks.net\/#\/schema\/logo\/image\/"},"sameAs":["https:\/\/x.com\/narteks","https:\/\/instagram.com\/narteksnet"]},{"@type":"Person","@id":"https:\/\/narteks.net\/#\/schema\/person\/61f37d9834294b72d31d274e7ed79bca","name":"Tar\u0131k","image":{"@type":"ImageObject","inLanguage":"tr","@id":"https:\/\/narteks.net\/#\/schema\/person\/image\/","url":"https:\/\/secure.gravatar.com\/avatar\/50865afb55632c4ae467e0af0930f6510aa2297d8014be502a55b14f3b7550cf?s=96&d=mm&r=g","contentUrl":"https:\/\/secure.gravatar.com\/avatar\/50865afb55632c4ae467e0af0930f6510aa2297d8014be502a55b14f3b7550cf?s=96&d=mm&r=g","caption":"Tar\u0131k"},"sameAs":["http:\/\/narteks.net"],"url":"https:\/\/narteks.net\/index.php\/author\/narbak\/"}]}},"_links":{"self":[{"href":"https:\/\/narteks.net\/index.php\/wp-json\/wp\/v2\/posts\/4146","targetHints":{"allow":["GET"]}}],"collection":[{"href":"https:\/\/narteks.net\/index.php\/wp-json\/wp\/v2\/posts"}],"about":[{"href":"https:\/\/narteks.net\/index.php\/wp-json\/wp\/v2\/types\/post"}],"author":[{"embeddable":true,"href":"https:\/\/narteks.net\/index.php\/wp-json\/wp\/v2\/users\/1"}],"replies":[{"embeddable":true,"href":"https:\/\/narteks.net\/index.php\/wp-json\/wp\/v2\/comments?post=4146"}],"version-history":[{"count":0,"href":"https:\/\/narteks.net\/index.php\/wp-json\/wp\/v2\/posts\/4146\/revisions"}],"wp:attachment":[{"href":"https:\/\/narteks.net\/index.php\/wp-json\/wp\/v2\/media?parent=4146"}],"wp:term":[{"taxonomy":"category","embeddable":true,"href":"https:\/\/narteks.net\/index.php\/wp-json\/wp\/v2\/categories?post=4146"},{"taxonomy":"post_tag","embeddable":true,"href":"https:\/\/narteks.net\/index.php\/wp-json\/wp\/v2\/tags?post=4146"}],"curies":[{"name":"wp","href":"https:\/\/api.w.org\/{rel}","templated":true}]}}