{"id":4147,"date":"2010-02-04T17:13:57","date_gmt":"2010-02-04T14:13:57","guid":{"rendered":"http:\/\/localhost\/wordpress\/2010\/02\/04\/imgeleriyle-anadoluyu-ozetleyen-sair-kendi-sesinden-12-siir-ahmet-arif\/"},"modified":"2010-02-04T17:13:57","modified_gmt":"2010-02-04T14:13:57","slug":"imgeleriyle-anadoluyu-ozetleyen-sair-kendi-sesinden-12-siir-ahmet-arif","status":"publish","type":"post","link":"https:\/\/narteks.net\/index.php\/2010\/02\/04\/imgeleriyle-anadoluyu-ozetleyen-sair-kendi-sesinden-12-siir-ahmet-arif\/","title":{"rendered":"\u0130mgeleriyle Anadolu&#8217;yu \u00f6zetleyen \u015fair | Kendi sesinden 12 \u015fiir &#8211; Ahmet Arif"},"content":{"rendered":"<p><img loading=\"lazy\" decoding=\"async\" src=\"http:\/\/serpene.files.wordpress.com\/2007\/08\/ahmedarif.jpg\" border=\"0\" width=\"155\" height=\"205\" style=\"float: left; border: 0;\" \/><\/p>\n<p style=\"text-align: justify;\">1927&#8217;de Diyarbak\u0131r\u2019da do\u011fan Ahmet Arif,\u00a0 Orta\u00f6\u011frenimini Diyarbak\u0131r Lisesi\u2019nde tamamlad\u0131. Ankara \u00dcniversitesi Dil ve Tarih Co\u011frafya Fak\u00fcltesi Felsefe B\u00f6l\u00fcm\u00fc \u00f6\u011frencisiyken 1950\u2019de T\u00fcrk Ceza Yasas\u0131\u2019n\u0131n 141. maddesine ayk\u0131r\u0131 davranmak su\u00e7lamas\u0131yla tutukland\u0131. 1952\u2019de gizli \u00f6rg\u00fct kurma iddias\u0131yla yine tutukland\u0131. 2 y\u0131l\u00a0 h\u00fck\u00fcm giydi. Cezaevi g\u00fcnleri sona erince Ankara&#8217;ya yerle\u015fti. Bir s\u00fcre plan kopya teknisyeni olarak \u00e7al\u0131\u015ft\u0131. Ankara\u2019daki gazeteler ve dergilerde teknik i\u015flerle u\u011fra\u015farak ya\u015fam\u0131n\u0131 kazand\u0131. Gazetecilikten emekliye ayr\u0131ld\u0131.<\/p>\n<p style=\"text-align: justify;\">\u0130lk \u015fiiri &#8220;Millet&#8221; dergisinde yay\u0131nland\u0131. As\u0131l sanat\u0131n\u0131 ve ki\u015fili\u011fini 1948-1954 aras\u0131nda Yery\u00fcz\u00fc, Beraber, Se\u00e7ilmi\u015f Hikayeler, Yeni Ufuklar, Kaynak dergilerinde yay\u0131nlanan \u015fiirleriyle ortaya koydu. Ard\u0131ndan uzun bir suskunluk d\u00f6nemine girdi. 1968&#8217;de tek kitab\u0131 olan &#8220;Hasretinden Prangalar Eskittim&#8221; yay\u0131nlan\u0131nca, \u00e7ok b\u00fcy\u00fck bir yank\u0131 uyand\u0131rd\u0131.<\/p>\n<p>\n<object width=\"480\" height=\"365\"><param name=\"movie\" value=\"http:\/\/www.dailymotion.com\/swf\/x9g4tn\" \/><param name=\"allowFullScreen\" value=\"true\" \/><param name=\"allowScriptAccess\" value=\"always\" \/><embed width=\"480\" height=\"365\" src=\"http:\/\/www.dailymotion.com\/swf\/x9g4tn\" allowfullscreen=\"true\" allowscriptaccess=\"always\"><\/embed><\/object><br \/>\n<strong><a href=\"http:\/\/www.dailymotion.com\/video\/x9g4tn_ahmet-arif-hasretinden-prangalar-es_creation\">Ahmet Arif &#8211; Hasretinden Prangalar Eskittim<\/a><\/strong><\/p>\n<p style=\"text-align: justify;\">Kitap yay\u0131nlanmas\u0131ndan sonraki 12 y\u0131lda 18 bask\u0131 yapt\u0131. Orhan Veli&#8217;nin etkisinin s\u00fcrd\u00fc\u011f\u00fc bir d\u00f6nemde \u015fiire ba\u015flayan Ahmet Arif, N\u00e2z\u0131m Hikmet&#8217;in a\u00e7t\u0131\u011f\u0131 yolda y\u00fcr\u00fcd\u00fc. Ondan ald\u0131\u011f\u0131 \u015fiirselli\u011fi bir Anadolu duyarl\u0131l\u0131\u011f\u0131 ve \u00f6zlemiyle geni\u015fletti. \u015eiiri \u00e7o\u011funlukla t\u00fcrk\u00fclere dayal\u0131 g\u00f6r\u00fcnse de halk kaynaklar\u0131n\u0131n olanaklar\u0131n\u0131, t\u00fcrk\u00fclerin \u00f6tesinde arad\u0131. G\u00fcn\u00fcm\u00fcz \u015fiirini de b\u00fcy\u00fck \u00f6l\u00e7\u00fcde etkiledi. \u015eiirinde ritmin b\u00fcy\u00fck yeri vard\u0131r. Ama onda ritim sese de\u011fil s\u00f6ze dayand\u0131\u011f\u0131ndan daha derinlere inerek b\u00fcy\u00fck bir lirizmin kayna\u011f\u0131 olur. Do\u011fu Anadolu insan malzemesini bu lirizmin i\u00e7inde yo\u011furarak ger\u00e7ek\u00e7i \u015fiirdeki didaktizm tehlikesini a\u015fmay\u0131 bildi. \u00d6zellikle imge konusunda yapt\u0131\u011f\u0131 s\u0131\u00e7ramayla gen\u00e7 \u015fairlere \u00f6rnek oldu. Gazete ve dergilerde yay\u0131nlanan d\u00fczyaz\u0131lar\u0131yla da 1950 ku\u015fa\u011f\u0131 olarak an\u0131lan \u015fair ve yazarlar\u0131n b\u00fcy\u00fck b\u00f6l\u00fcm\u00fcnde izler b\u0131rakt\u0131. \u015eiirlerinin \u00e7o\u011fu bestelendi.2 Haziran 1991&#8217;de Ankara\u2019da ya\u015fam\u0131n\u0131 yitirdi.<\/p>\n<p><embed type=\"application\/x-shockwave-flash\" width=\"400\" height=\"300\" src=\"http:\/\/www.humyo.com\/E\/10422871-281475394372905\/10422871-281475394373299\/10422871-281475394373825\/10422871-281475394374081\/10422871-281475394374905\/10422871-281475394375583\/10422871-281475394381189\/10422871-281475394375929\/10422871-281475394376379\/10422871-281475394378019\/10422871-281475394379211\/10422871-281475394380463?a=r7bL4RanZjA%2Cz2IWrbXpysg%2CZcNvUDWG8xI%2C_y8DtmsT7UM%2CaYUI8Hr54BM%2CcvKVe1bdAMo%2CS-wcbrNJkHw%2C7KQocVFSSck%2CBYQzPSQI5S8%2CDbkrdcBEd6U%2Cd-5j1h0L1ZA%2CKqfHtuXVJtk\" flashvars=\"autostart=true&amp;usefullscreen=true&amp;\" allowfullscreen=\"true\"><\/embed><\/p>\n","protected":false},"excerpt":{"rendered":"<p>1927&#8217;de Diyarbak\u0131r\u2019da do\u011fan Ahmet Arif,\u00a0 Orta\u00f6\u011frenimini Diyarbak\u0131r Lisesi\u2019nde tamamlad\u0131. Ankara \u00dcniversitesi Dil ve Tarih Co\u011frafya Fak\u00fcltesi Felsefe B\u00f6l\u00fcm\u00fc \u00f6\u011frencisiyken 1950\u2019de T\u00fcrk Ceza Yasas\u0131\u2019n\u0131n 141. maddesine ayk\u0131r\u0131 davranmak su\u00e7lamas\u0131yla tutukland\u0131. 1952\u2019de gizli \u00f6rg\u00fct kurma iddias\u0131yla yine tutukland\u0131. 2 y\u0131l\u00a0 h\u00fck\u00fcm giydi. Cezaevi g\u00fcnleri sona erince Ankara&#8217;ya yerle\u015fti. Bir s\u00fcre plan kopya teknisyeni olarak \u00e7al\u0131\u015ft\u0131. Ankara\u2019daki gazeteler [&hellip;]<\/p>\n","protected":false},"author":1,"featured_media":0,"comment_status":"open","ping_status":"open","sticky":false,"template":"","format":"standard","meta":{"footnotes":""},"categories":[122],"tags":[],"class_list":{"0":"post-4147","1":"post","2":"type-post","3":"status-publish","4":"format-standard","6":"category-sair-e-dair"},"yoast_head":"<!-- This site is optimized with the Yoast SEO Premium plugin v24.9 (Yoast SEO v24.9) - https:\/\/yoast.com\/wordpress\/plugins\/seo\/ -->\n<title>\u0130mgeleriyle Anadolu&#039;yu \u00f6zetleyen \u015fair | Kendi sesinden 12 \u015fiir - Ahmet Arif - narteks.net<\/title>\n<meta name=\"robots\" content=\"index, follow, max-snippet:-1, max-image-preview:large, max-video-preview:-1\" \/>\n<link rel=\"canonical\" href=\"https:\/\/narteks.net\/index.php\/2010\/02\/04\/imgeleriyle-anadoluyu-ozetleyen-sair-kendi-sesinden-12-siir-ahmet-arif\/\" \/>\n<meta property=\"og:locale\" content=\"tr_TR\" \/>\n<meta property=\"og:type\" content=\"article\" \/>\n<meta property=\"og:title\" content=\"\u0130mgeleriyle Anadolu&#039;yu \u00f6zetleyen \u015fair | Kendi sesinden 12 \u015fiir - Ahmet Arif\" \/>\n<meta property=\"og:description\" content=\"1927&#8217;de Diyarbak\u0131r\u2019da do\u011fan Ahmet Arif,\u00a0 Orta\u00f6\u011frenimini Diyarbak\u0131r Lisesi\u2019nde tamamlad\u0131. Ankara \u00dcniversitesi Dil ve Tarih Co\u011frafya Fak\u00fcltesi Felsefe B\u00f6l\u00fcm\u00fc \u00f6\u011frencisiyken 1950\u2019de T\u00fcrk Ceza Yasas\u0131\u2019n\u0131n 141. maddesine ayk\u0131r\u0131 davranmak su\u00e7lamas\u0131yla tutukland\u0131. 1952\u2019de gizli \u00f6rg\u00fct kurma iddias\u0131yla yine tutukland\u0131. 2 y\u0131l\u00a0 h\u00fck\u00fcm giydi. Cezaevi g\u00fcnleri sona erince Ankara&#8217;ya yerle\u015fti. Bir s\u00fcre plan kopya teknisyeni olarak \u00e7al\u0131\u015ft\u0131. Ankara\u2019daki gazeteler [&hellip;]\" \/>\n<meta property=\"og:url\" content=\"https:\/\/narteks.net\/index.php\/2010\/02\/04\/imgeleriyle-anadoluyu-ozetleyen-sair-kendi-sesinden-12-siir-ahmet-arif\/\" \/>\n<meta property=\"og:site_name\" content=\"narteks.net\" \/>\n<meta property=\"article:published_time\" content=\"2010-02-04T14:13:57+00:00\" \/>\n<meta property=\"og:image\" content=\"http:\/\/serpene.files.wordpress.com\/2007\/08\/ahmedarif.jpg\" \/>\n<meta name=\"author\" content=\"Tar\u0131k\" \/>\n<meta name=\"twitter:card\" content=\"summary_large_image\" \/>\n<meta name=\"twitter:creator\" content=\"@narteks\" \/>\n<meta name=\"twitter:site\" content=\"@narteks\" \/>\n<meta name=\"twitter:label1\" content=\"Yazan:\" \/>\n\t<meta name=\"twitter:data1\" content=\"Tar\u0131k\" \/>\n\t<meta name=\"twitter:label2\" content=\"Tahmini okuma s\u00fcresi\" \/>\n\t<meta name=\"twitter:data2\" content=\"2 dakika\" \/>\n<script type=\"application\/ld+json\" class=\"yoast-schema-graph\">{\"@context\":\"https:\/\/schema.org\",\"@graph\":[{\"@type\":\"Article\",\"@id\":\"https:\/\/narteks.net\/index.php\/2010\/02\/04\/imgeleriyle-anadoluyu-ozetleyen-sair-kendi-sesinden-12-siir-ahmet-arif\/#article\",\"isPartOf\":{\"@id\":\"https:\/\/narteks.net\/index.php\/2010\/02\/04\/imgeleriyle-anadoluyu-ozetleyen-sair-kendi-sesinden-12-siir-ahmet-arif\/\"},\"author\":{\"name\":\"Tar\u0131k\",\"@id\":\"https:\/\/narteks.net\/#\/schema\/person\/61f37d9834294b72d31d274e7ed79bca\"},\"headline\":\"\u0130mgeleriyle Anadolu&#8217;yu \u00f6zetleyen \u015fair | Kendi sesinden 12 \u015fiir &#8211; Ahmet Arif\",\"datePublished\":\"2010-02-04T14:13:57+00:00\",\"mainEntityOfPage\":{\"@id\":\"https:\/\/narteks.net\/index.php\/2010\/02\/04\/imgeleriyle-anadoluyu-ozetleyen-sair-kendi-sesinden-12-siir-ahmet-arif\/\"},\"wordCount\":346,\"commentCount\":0,\"publisher\":{\"@id\":\"https:\/\/narteks.net\/#organization\"},\"image\":{\"@id\":\"https:\/\/narteks.net\/index.php\/2010\/02\/04\/imgeleriyle-anadoluyu-ozetleyen-sair-kendi-sesinden-12-siir-ahmet-arif\/#primaryimage\"},\"thumbnailUrl\":\"http:\/\/serpene.files.wordpress.com\/2007\/08\/ahmedarif.jpg\",\"articleSection\":[\"\u015eair'e Dair\"],\"inLanguage\":\"tr\",\"potentialAction\":[{\"@type\":\"CommentAction\",\"name\":\"Comment\",\"target\":[\"https:\/\/narteks.net\/index.php\/2010\/02\/04\/imgeleriyle-anadoluyu-ozetleyen-sair-kendi-sesinden-12-siir-ahmet-arif\/#respond\"]}]},{\"@type\":\"WebPage\",\"@id\":\"https:\/\/narteks.net\/index.php\/2010\/02\/04\/imgeleriyle-anadoluyu-ozetleyen-sair-kendi-sesinden-12-siir-ahmet-arif\/\",\"url\":\"https:\/\/narteks.net\/index.php\/2010\/02\/04\/imgeleriyle-anadoluyu-ozetleyen-sair-kendi-sesinden-12-siir-ahmet-arif\/\",\"name\":\"\u0130mgeleriyle Anadolu'yu \u00f6zetleyen \u015fair | Kendi sesinden 12 \u015fiir - Ahmet Arif - narteks.net\",\"isPartOf\":{\"@id\":\"https:\/\/narteks.net\/#website\"},\"primaryImageOfPage\":{\"@id\":\"https:\/\/narteks.net\/index.php\/2010\/02\/04\/imgeleriyle-anadoluyu-ozetleyen-sair-kendi-sesinden-12-siir-ahmet-arif\/#primaryimage\"},\"image\":{\"@id\":\"https:\/\/narteks.net\/index.php\/2010\/02\/04\/imgeleriyle-anadoluyu-ozetleyen-sair-kendi-sesinden-12-siir-ahmet-arif\/#primaryimage\"},\"thumbnailUrl\":\"http:\/\/serpene.files.wordpress.com\/2007\/08\/ahmedarif.jpg\",\"datePublished\":\"2010-02-04T14:13:57+00:00\",\"breadcrumb\":{\"@id\":\"https:\/\/narteks.net\/index.php\/2010\/02\/04\/imgeleriyle-anadoluyu-ozetleyen-sair-kendi-sesinden-12-siir-ahmet-arif\/#breadcrumb\"},\"inLanguage\":\"tr\",\"potentialAction\":[{\"@type\":\"ReadAction\",\"target\":[\"https:\/\/narteks.net\/index.php\/2010\/02\/04\/imgeleriyle-anadoluyu-ozetleyen-sair-kendi-sesinden-12-siir-ahmet-arif\/\"]}]},{\"@type\":\"ImageObject\",\"inLanguage\":\"tr\",\"@id\":\"https:\/\/narteks.net\/index.php\/2010\/02\/04\/imgeleriyle-anadoluyu-ozetleyen-sair-kendi-sesinden-12-siir-ahmet-arif\/#primaryimage\",\"url\":\"http:\/\/serpene.files.wordpress.com\/2007\/08\/ahmedarif.jpg\",\"contentUrl\":\"http:\/\/serpene.files.wordpress.com\/2007\/08\/ahmedarif.jpg\"},{\"@type\":\"BreadcrumbList\",\"@id\":\"https:\/\/narteks.net\/index.php\/2010\/02\/04\/imgeleriyle-anadoluyu-ozetleyen-sair-kendi-sesinden-12-siir-ahmet-arif\/#breadcrumb\",\"itemListElement\":[{\"@type\":\"ListItem\",\"position\":1,\"name\":\"Anasayfa\",\"item\":\"https:\/\/narteks.net\/\"},{\"@type\":\"ListItem\",\"position\":2,\"name\":\"\u0130mgeleriyle Anadolu&#8217;yu \u00f6zetleyen \u015fair | Kendi sesinden 12 \u015fiir &#8211; Ahmet Arif\"}]},{\"@type\":\"WebSite\",\"@id\":\"https:\/\/narteks.net\/#website\",\"url\":\"https:\/\/narteks.net\/\",\"name\":\"narteks.net\",\"description\":\"K\u00fclt\u00fcr Sanat Edebiyat Felsefe\",\"publisher\":{\"@id\":\"https:\/\/narteks.net\/#organization\"},\"alternateName\":\"K\u00fclt\u00fcr Sanat Edebiyat Felsefe\",\"potentialAction\":[{\"@type\":\"SearchAction\",\"target\":{\"@type\":\"EntryPoint\",\"urlTemplate\":\"https:\/\/narteks.net\/?s={search_term_string}\"},\"query-input\":{\"@type\":\"PropertyValueSpecification\",\"valueRequired\":true,\"valueName\":\"search_term_string\"}}],\"inLanguage\":\"tr\"},{\"@type\":\"Organization\",\"@id\":\"https:\/\/narteks.net\/#organization\",\"name\":\"narteks.net\",\"url\":\"https:\/\/narteks.net\/\",\"logo\":{\"@type\":\"ImageObject\",\"inLanguage\":\"tr\",\"@id\":\"https:\/\/narteks.net\/#\/schema\/logo\/image\/\",\"url\":\"https:\/\/narteks.net\/wp-content\/uploads\/narteks.png\",\"contentUrl\":\"https:\/\/narteks.net\/wp-content\/uploads\/narteks.png\",\"width\":300,\"height\":90,\"caption\":\"narteks.net\"},\"image\":{\"@id\":\"https:\/\/narteks.net\/#\/schema\/logo\/image\/\"},\"sameAs\":[\"https:\/\/x.com\/narteks\",\"https:\/\/instagram.com\/narteksnet\"]},{\"@type\":\"Person\",\"@id\":\"https:\/\/narteks.net\/#\/schema\/person\/61f37d9834294b72d31d274e7ed79bca\",\"name\":\"Tar\u0131k\",\"image\":{\"@type\":\"ImageObject\",\"inLanguage\":\"tr\",\"@id\":\"https:\/\/narteks.net\/#\/schema\/person\/image\/\",\"url\":\"https:\/\/secure.gravatar.com\/avatar\/50865afb55632c4ae467e0af0930f6510aa2297d8014be502a55b14f3b7550cf?s=96&d=mm&r=g\",\"contentUrl\":\"https:\/\/secure.gravatar.com\/avatar\/50865afb55632c4ae467e0af0930f6510aa2297d8014be502a55b14f3b7550cf?s=96&d=mm&r=g\",\"caption\":\"Tar\u0131k\"},\"sameAs\":[\"http:\/\/narteks.net\"],\"url\":\"https:\/\/narteks.net\/index.php\/author\/narbak\/\"}]}<\/script>\n<!-- \/ Yoast SEO Premium plugin. -->","yoast_head_json":{"title":"\u0130mgeleriyle Anadolu'yu \u00f6zetleyen \u015fair | Kendi sesinden 12 \u015fiir - Ahmet Arif - narteks.net","robots":{"index":"index","follow":"follow","max-snippet":"max-snippet:-1","max-image-preview":"max-image-preview:large","max-video-preview":"max-video-preview:-1"},"canonical":"https:\/\/narteks.net\/index.php\/2010\/02\/04\/imgeleriyle-anadoluyu-ozetleyen-sair-kendi-sesinden-12-siir-ahmet-arif\/","og_locale":"tr_TR","og_type":"article","og_title":"\u0130mgeleriyle Anadolu'yu \u00f6zetleyen \u015fair | Kendi sesinden 12 \u015fiir - Ahmet Arif","og_description":"1927&#8217;de Diyarbak\u0131r\u2019da do\u011fan Ahmet Arif,\u00a0 Orta\u00f6\u011frenimini Diyarbak\u0131r Lisesi\u2019nde tamamlad\u0131. Ankara \u00dcniversitesi Dil ve Tarih Co\u011frafya Fak\u00fcltesi Felsefe B\u00f6l\u00fcm\u00fc \u00f6\u011frencisiyken 1950\u2019de T\u00fcrk Ceza Yasas\u0131\u2019n\u0131n 141. maddesine ayk\u0131r\u0131 davranmak su\u00e7lamas\u0131yla tutukland\u0131. 1952\u2019de gizli \u00f6rg\u00fct kurma iddias\u0131yla yine tutukland\u0131. 2 y\u0131l\u00a0 h\u00fck\u00fcm giydi. Cezaevi g\u00fcnleri sona erince Ankara&#8217;ya yerle\u015fti. Bir s\u00fcre plan kopya teknisyeni olarak \u00e7al\u0131\u015ft\u0131. Ankara\u2019daki gazeteler [&hellip;]","og_url":"https:\/\/narteks.net\/index.php\/2010\/02\/04\/imgeleriyle-anadoluyu-ozetleyen-sair-kendi-sesinden-12-siir-ahmet-arif\/","og_site_name":"narteks.net","article_published_time":"2010-02-04T14:13:57+00:00","og_image":[{"url":"http:\/\/serpene.files.wordpress.com\/2007\/08\/ahmedarif.jpg","type":"","width":"","height":""}],"author":"Tar\u0131k","twitter_card":"summary_large_image","twitter_creator":"@narteks","twitter_site":"@narteks","twitter_misc":{"Yazan:":"Tar\u0131k","Tahmini okuma s\u00fcresi":"2 dakika"},"schema":{"@context":"https:\/\/schema.org","@graph":[{"@type":"Article","@id":"https:\/\/narteks.net\/index.php\/2010\/02\/04\/imgeleriyle-anadoluyu-ozetleyen-sair-kendi-sesinden-12-siir-ahmet-arif\/#article","isPartOf":{"@id":"https:\/\/narteks.net\/index.php\/2010\/02\/04\/imgeleriyle-anadoluyu-ozetleyen-sair-kendi-sesinden-12-siir-ahmet-arif\/"},"author":{"name":"Tar\u0131k","@id":"https:\/\/narteks.net\/#\/schema\/person\/61f37d9834294b72d31d274e7ed79bca"},"headline":"\u0130mgeleriyle Anadolu&#8217;yu \u00f6zetleyen \u015fair | Kendi sesinden 12 \u015fiir &#8211; Ahmet Arif","datePublished":"2010-02-04T14:13:57+00:00","mainEntityOfPage":{"@id":"https:\/\/narteks.net\/index.php\/2010\/02\/04\/imgeleriyle-anadoluyu-ozetleyen-sair-kendi-sesinden-12-siir-ahmet-arif\/"},"wordCount":346,"commentCount":0,"publisher":{"@id":"https:\/\/narteks.net\/#organization"},"image":{"@id":"https:\/\/narteks.net\/index.php\/2010\/02\/04\/imgeleriyle-anadoluyu-ozetleyen-sair-kendi-sesinden-12-siir-ahmet-arif\/#primaryimage"},"thumbnailUrl":"http:\/\/serpene.files.wordpress.com\/2007\/08\/ahmedarif.jpg","articleSection":["\u015eair'e Dair"],"inLanguage":"tr","potentialAction":[{"@type":"CommentAction","name":"Comment","target":["https:\/\/narteks.net\/index.php\/2010\/02\/04\/imgeleriyle-anadoluyu-ozetleyen-sair-kendi-sesinden-12-siir-ahmet-arif\/#respond"]}]},{"@type":"WebPage","@id":"https:\/\/narteks.net\/index.php\/2010\/02\/04\/imgeleriyle-anadoluyu-ozetleyen-sair-kendi-sesinden-12-siir-ahmet-arif\/","url":"https:\/\/narteks.net\/index.php\/2010\/02\/04\/imgeleriyle-anadoluyu-ozetleyen-sair-kendi-sesinden-12-siir-ahmet-arif\/","name":"\u0130mgeleriyle Anadolu'yu \u00f6zetleyen \u015fair | Kendi sesinden 12 \u015fiir - Ahmet Arif - narteks.net","isPartOf":{"@id":"https:\/\/narteks.net\/#website"},"primaryImageOfPage":{"@id":"https:\/\/narteks.net\/index.php\/2010\/02\/04\/imgeleriyle-anadoluyu-ozetleyen-sair-kendi-sesinden-12-siir-ahmet-arif\/#primaryimage"},"image":{"@id":"https:\/\/narteks.net\/index.php\/2010\/02\/04\/imgeleriyle-anadoluyu-ozetleyen-sair-kendi-sesinden-12-siir-ahmet-arif\/#primaryimage"},"thumbnailUrl":"http:\/\/serpene.files.wordpress.com\/2007\/08\/ahmedarif.jpg","datePublished":"2010-02-04T14:13:57+00:00","breadcrumb":{"@id":"https:\/\/narteks.net\/index.php\/2010\/02\/04\/imgeleriyle-anadoluyu-ozetleyen-sair-kendi-sesinden-12-siir-ahmet-arif\/#breadcrumb"},"inLanguage":"tr","potentialAction":[{"@type":"ReadAction","target":["https:\/\/narteks.net\/index.php\/2010\/02\/04\/imgeleriyle-anadoluyu-ozetleyen-sair-kendi-sesinden-12-siir-ahmet-arif\/"]}]},{"@type":"ImageObject","inLanguage":"tr","@id":"https:\/\/narteks.net\/index.php\/2010\/02\/04\/imgeleriyle-anadoluyu-ozetleyen-sair-kendi-sesinden-12-siir-ahmet-arif\/#primaryimage","url":"http:\/\/serpene.files.wordpress.com\/2007\/08\/ahmedarif.jpg","contentUrl":"http:\/\/serpene.files.wordpress.com\/2007\/08\/ahmedarif.jpg"},{"@type":"BreadcrumbList","@id":"https:\/\/narteks.net\/index.php\/2010\/02\/04\/imgeleriyle-anadoluyu-ozetleyen-sair-kendi-sesinden-12-siir-ahmet-arif\/#breadcrumb","itemListElement":[{"@type":"ListItem","position":1,"name":"Anasayfa","item":"https:\/\/narteks.net\/"},{"@type":"ListItem","position":2,"name":"\u0130mgeleriyle Anadolu&#8217;yu \u00f6zetleyen \u015fair | Kendi sesinden 12 \u015fiir &#8211; Ahmet Arif"}]},{"@type":"WebSite","@id":"https:\/\/narteks.net\/#website","url":"https:\/\/narteks.net\/","name":"narteks.net","description":"K\u00fclt\u00fcr Sanat Edebiyat Felsefe","publisher":{"@id":"https:\/\/narteks.net\/#organization"},"alternateName":"K\u00fclt\u00fcr Sanat Edebiyat Felsefe","potentialAction":[{"@type":"SearchAction","target":{"@type":"EntryPoint","urlTemplate":"https:\/\/narteks.net\/?s={search_term_string}"},"query-input":{"@type":"PropertyValueSpecification","valueRequired":true,"valueName":"search_term_string"}}],"inLanguage":"tr"},{"@type":"Organization","@id":"https:\/\/narteks.net\/#organization","name":"narteks.net","url":"https:\/\/narteks.net\/","logo":{"@type":"ImageObject","inLanguage":"tr","@id":"https:\/\/narteks.net\/#\/schema\/logo\/image\/","url":"https:\/\/narteks.net\/wp-content\/uploads\/narteks.png","contentUrl":"https:\/\/narteks.net\/wp-content\/uploads\/narteks.png","width":300,"height":90,"caption":"narteks.net"},"image":{"@id":"https:\/\/narteks.net\/#\/schema\/logo\/image\/"},"sameAs":["https:\/\/x.com\/narteks","https:\/\/instagram.com\/narteksnet"]},{"@type":"Person","@id":"https:\/\/narteks.net\/#\/schema\/person\/61f37d9834294b72d31d274e7ed79bca","name":"Tar\u0131k","image":{"@type":"ImageObject","inLanguage":"tr","@id":"https:\/\/narteks.net\/#\/schema\/person\/image\/","url":"https:\/\/secure.gravatar.com\/avatar\/50865afb55632c4ae467e0af0930f6510aa2297d8014be502a55b14f3b7550cf?s=96&d=mm&r=g","contentUrl":"https:\/\/secure.gravatar.com\/avatar\/50865afb55632c4ae467e0af0930f6510aa2297d8014be502a55b14f3b7550cf?s=96&d=mm&r=g","caption":"Tar\u0131k"},"sameAs":["http:\/\/narteks.net"],"url":"https:\/\/narteks.net\/index.php\/author\/narbak\/"}]}},"_links":{"self":[{"href":"https:\/\/narteks.net\/index.php\/wp-json\/wp\/v2\/posts\/4147","targetHints":{"allow":["GET"]}}],"collection":[{"href":"https:\/\/narteks.net\/index.php\/wp-json\/wp\/v2\/posts"}],"about":[{"href":"https:\/\/narteks.net\/index.php\/wp-json\/wp\/v2\/types\/post"}],"author":[{"embeddable":true,"href":"https:\/\/narteks.net\/index.php\/wp-json\/wp\/v2\/users\/1"}],"replies":[{"embeddable":true,"href":"https:\/\/narteks.net\/index.php\/wp-json\/wp\/v2\/comments?post=4147"}],"version-history":[{"count":0,"href":"https:\/\/narteks.net\/index.php\/wp-json\/wp\/v2\/posts\/4147\/revisions"}],"wp:attachment":[{"href":"https:\/\/narteks.net\/index.php\/wp-json\/wp\/v2\/media?parent=4147"}],"wp:term":[{"taxonomy":"category","embeddable":true,"href":"https:\/\/narteks.net\/index.php\/wp-json\/wp\/v2\/categories?post=4147"},{"taxonomy":"post_tag","embeddable":true,"href":"https:\/\/narteks.net\/index.php\/wp-json\/wp\/v2\/tags?post=4147"}],"curies":[{"name":"wp","href":"https:\/\/api.w.org\/{rel}","templated":true}]}}