{"id":4149,"date":"2010-02-05T10:31:30","date_gmt":"2010-02-05T07:31:30","guid":{"rendered":"http:\/\/localhost\/wordpress\/2010\/02\/05\/anacigimkardeslerimyoldaslarim-bagislayin-beni-hayati-ve-son-mektubu-mayakovski\/"},"modified":"2010-02-05T10:31:30","modified_gmt":"2010-02-05T07:31:30","slug":"anacigimkardeslerimyoldaslarim-bagislayin-beni-hayati-ve-son-mektubu-mayakovski","status":"publish","type":"post","link":"https:\/\/narteks.net\/index.php\/2010\/02\/05\/anacigimkardeslerimyoldaslarim-bagislayin-beni-hayati-ve-son-mektubu-mayakovski\/","title":{"rendered":"Anac\u0131\u011f\u0131m,karde\u015flerim,yolda\u015flar\u0131m ba\u011f\u0131\u015flay\u0131n beni | hayat\u0131 ve son mektubu &#8211; Mayakovski"},"content":{"rendered":"<p><img loading=\"lazy\" decoding=\"async\" src=\"http:\/\/upload.wikimedia.org\/wikipedia\/commons\/thumb\/f\/f7\/Majakovskij.face.jpg\/180px-Majakovskij.face.jpg\" border=\"0\" width=\"155\" height=\"205\" style=\"float: left;\" \/>Mayakovski&#8217;nin Son Mektubu<\/p>\n<p> (\u015eairin cesedinin yan\u0131nda bulunmu\u015ftur.)<\/p>\n<p> Hepinize! ..<br \/> \u0130\u015fte \u00f6l\u00fcyorum.<br \/> Kimseyi su\u00e7lamay\u0131n bundan \u00f6t\u00fcr\u00fc.<br \/> Hele dedikodudan,<br \/> unutmay\u0131n ki,<br \/> merhum nefret ederdi.<\/p>\n<p> Anac\u0131\u011f\u0131m,<br \/> karde\u015flerim,<br \/> yolda\u015flar\u0131m!<br \/> Ba\u011f\u0131\u015flay\u0131n beni.<\/p>\n<p> \u0130\u015f de\u011fil bu,<br \/> biliyorum<br \/> (kimseye de \u00f6\u011f\u00fctlemem),<br \/> ama benim i\u00e7in<br \/> ba\u015fka bir \u00e7\u0131kar yol kalmam\u0131\u015ft\u0131.<\/p>\n<p> Lili, beni sev.<br \/> H\u00fck\u00fcmet Yolda\u015f!<br \/> Ailem: Lili Brik, anam, k\u0131z karde\u015flerim<br \/> ve Veronika Vitoldovna Polonkaya\u2019dan ibarettir;<br \/> ya\u015famlar\u0131n\u0131 sa\u011flarsan, ne mutlu bana\u2026<\/p>\n<p> Bitmemi\u015f \u015fiirleri Brik\u2019lere verin, ne l\u00e2z\u0131msa onlar yapar.<\/p>\n<p> \u201cBir varm\u0131\u015f bir yokmu\u015f\u201d<br \/> derler hani:<br \/> A\u015fk\u0131n k\u00fc\u00e7\u00fck sandal\u0131<br \/> hayat \u0131rma\u011f\u0131n\u0131n ak\u0131nt\u0131s\u0131na kafa<br \/> tutabilir mi!<\/p>\n<p> Dayanamay\u0131p par\u00e7aland\u0131 i\u015fte sonunda\u2026<\/p>\n<p> Ac\u0131lar\u0131<br \/> mutsuzluklar\u0131<br \/> kar\u015f\u0131l\u0131kl\u0131 haks\u0131zl\u0131klar\u0131<br \/> hat\u0131rlamaya bile de\u011fmez:<br \/> \u00d6de\u015fmi\u015f durumday\u0131z kahpe felekle.<br \/> Ve sizler mutlu olun yeter.<\/p>\n<p><em>Mayakovski<\/em><\/p>\n<p>***<\/p>\n<p style=\"text-align: justify;\">7 ya da 19 Temmuz (Ne annesi, ne babas\u0131, ne de kendisi tam olarak bilmiyor) 1893&#8217;te G\u00fcrcistan&#8217;\u0131n Kutais kentinden 20 verst uzakl\u0131ktaki Ba\u011fdadi k\u00f6y\u00fcnde do\u011fdu. Babas\u0131 Vladimir Konstantinovi\u00e7 Mayakovski Ba\u011fdadi b\u00f6lgesi orman i\u015f\u00e7isi idi ve Luda ve Olya ad\u0131nda iki k\u0131z karde\u015fi vard\u0131. Ona kendi aralar\u0131nda Volodya olarak hitap ediyorlard\u0131. K\u0131zkarde\u015fi Luda&#8217;n\u0131n an\u0131lar\u0131na g\u00f6re, aile, G\u00fcrc\u00fc geleneklerine ba\u011fl\u0131 bir hayat ya\u015fayan ancak Rus\u00e7a&#8217;y\u0131 da korumaya \u00f6zen g\u00f6steren mutlu bir ailedir. Aile bir s\u00fcre sonra Kutais kentine ta\u015f\u0131n\u0131r ve Mayakovski burada 1900 y\u0131l\u0131 sonunda Kutais Lisesi&#8217;ne gitmeye ba\u015flar.<\/p>\n<p>Okulda \u00e7ok ba\u015far\u0131l\u0131d\u0131r, hatta okulun en iyisidir. Bu d\u00f6nemde kurmaca romanlar\u0131 \u00f6zellikle de Jules Verne&#8217;i \u00e7ok sever. \u00d6\u011fretmeni onu bir sanat\u00e7\u0131 olarak kabul edip onunla \u00f6zel olarak ilgilenmeye, dersler vermeye ba\u015flar.<\/p>\n<p>Mayokovski bu d\u00f6nemde politikaya da ilgi duymaya ba\u015flar. 1905 ba\u015far\u0131s\u0131z devrim giri\u015fimi s\u0131ras\u0131nda k\u0131zkarde\u015fi gizlice Moskova&#8217;ya gider ve onu devrim ile tan\u0131\u015ft\u0131racak baz\u0131 belgeler getirir. Bu s\u0131ralarda Kutais de Bol\u015fevik Partisi&#8217;nin yeralt\u0131 eylemlerinin merkezlerinden biri olmu\u015ftur. Bu d\u00f6nemden sonra \u015fiir ve devrim onun i\u00e7in b\u00f6l\u00fcnmez bir b\u00fct\u00fcn haline gelir. Bir s\u00fcre sonra babas\u0131 kesik parma\u011f\u0131ndan kapt\u0131\u011f\u0131 bir enfeksiyon sonucu \u00f6l\u00fcr.<\/p>\n<p>Bu \u00f6l\u00fcmden sonra aile Kuatis&#8217;den Moskova&#8217;ya g\u00f6\u00e7er. Moskova&#8217;da bir s\u00fcre b\u00fcy\u00fck bir yoksulluk i\u00e7inde ya\u015farlar. Annesi \u00e7al\u0131\u015fmaya ba\u015flar. Mayakovski ise sosyalist arkada\u015flar bulur ve kendini bir sanat\u00e7\u0131 olarak Moskova\u2019da tan\u0131tmaya \u00e7al\u0131\u015f\u0131r. Tekrar okula ba\u015flar. Derslerde felsefe kitaplar\u0131 okumaya, d\u00fc\u015f\u00fcnmeye ba\u015flar. Marksizm onu b\u00fcy\u00fcler. Sosyalist devrim hayalleri ile ya\u015famaya ba\u015flayan Mayakovski&#8217;nin dersleri art\u0131k eskisi gibi iyi de\u011fildir. Bu d\u00f6nemde sadece 14 ya\u015f\u0131ndad\u0131r. Annesi an\u0131lar\u0131nda bu d\u00f6nemi \u015f\u00f6yle anlat\u0131r.<br \/>\u201c \u00a0\u00a0\u00a0 &#8230;Okula gitti ancak zaman\u0131n\u0131n \u00e7o\u011funu derslere vermek yerine propagandaya ay\u0131rd\u0131. Daha 14 ya\u015f\u0131nda idi ancak 19 ya\u015f\u0131nda biri gibi davran\u0131yordu ve \u00e7ok ate\u015fli idi. Parti \u00fcyeleri onunla g\u00f6r\u00fc\u015fmeye geliyor, onunla bulu\u015fuyor ve devrim i\u00e7in ondan faydalan\u0131yorlard\u0131. Vlademir adeta ya\u015flanm\u0131\u015ft\u0131. \u00a0\u00a0\u00a0 \u201d<\/p>\n<p>Mayakovski bir olaydan sonra okuldan at\u0131l\u0131r. bir\u00e7ok kez tutuklan\u0131r. Bol\u015fevik partisinde propagandac\u0131, \u00f6rg\u00fct\u00e7\u00fc ve yaz\u0131c\u0131 olarak faaliyet g\u00f6stermeye ba\u015flayan Mayakovski\u2019nin evi 29 Mart 1908&#8217;de polis taraf\u0131ndan bas\u0131l\u0131r ve Mayakovski tekrar tutuklan\u0131r. Bu esnada gizli bilgilerin de yaz\u0131ld\u0131\u011f\u0131 not defterini yutar. Parti bu d\u00f6nemden sonra ona daha fazla ba\u011flan\u0131r. 15 ya\u015f\u0131nda bir daha d\u00f6nemeyece\u011fi evinden polislerce al\u0131n\u0131r ve bilinmeyen bir yere g\u00f6t\u00fcr\u00fcl\u00fcr. \u0130lk girdi\u011fi h\u00fccrede 12 ay ge\u00e7irir. Bu d\u00f6nemde 3 y\u0131l aradan sonra tekrar kurmaca romanlar okumaya ve yo\u011fun bir \u015fekilde yazmaya ba\u015flar. Bu Mayakovski&#8217;nin okuduklar\u0131ndan ziyade kendi \u00f6zg\u00fcn fikirlerini yazd\u0131\u011f\u0131 bir d\u00f6nem olarak tan\u0131mlanabilir. Hapis y\u0131llar\u0131ndan sonra bu sefer Moskova Resim ve Heykel Okulu\u2019na kaydolur. Burada \u00f6zg\u00fcn ve halktan olan \u00e7al\u0131\u015fmalar\u0131 ile di\u011fer \u00f6\u011frencilerden farkl\u0131la\u015f\u0131r. 1911&#8217;de f\u00fct\u00fcrist harekete kat\u0131l\u0131r ve F\u00fct\u00fcrist Bildiri&#8217;ye imzas\u0131n\u0131 koyar. Burjuva g\u00f6reneklerine meydan okuyan ve s\u0131\u011f kamu be\u011fenisini sarsan edebi \u00fcr\u00fcnler verir.<\/p>\n<p>\u00d6\u011fretmenlerini eski d\u00fcnyan\u0131n temsilcileri olarak g\u00f6rmekte ve devrimle kurulacak yeni d\u00fcnyaya ili\u015fkin resimler yapmaktad\u0131r. Bu \u00e7al\u0131\u015fmalar\u0131n\u0131n Rus f\u00fct\u00fcrizminin ba\u015flang\u0131c\u0131 oldu\u011fu s\u00f6ylenebilir. Bir zamanlar elden ele dola\u015fan Pu\u015fkin&#8217;in \u015fiirlerinin yerini Mayakovski&#8217;nin \u015fiirleri almaya ba\u015flar. Bu arada polis tekrar Mayakovski&#8217;nin pe\u015fine d\u00fc\u015fer. \u015eair, trajedi adl\u0131 oyununu St. Petersburg&#8217;da bir parkta sahnelemeye ba\u015flar. Bu oyundan sonra \u00fcn\u00fc iyice yay\u0131l\u0131r. 1913 k\u0131\u015f\u0131nda Korni \u00c7ekovski&#8217;de bu oyunu izler ve oyun hakk\u0131nda yazar. Ona g\u00f6re bu oyunda bizzat Mayakovski vard\u0131r. Oyunda ortada bir adam ve \u00e7evresinde de\u011fi\u015fik k\u0131l\u0131klarda onu yok etmeye \u00e7al\u0131\u015fan bir\u00e7ok insan vard\u0131r. \u00c7ekovski, bunun ger\u00e7ekten bir trajedi oldu\u011funu ve bunun i\u00e7in \u015fairin bir b\u00fcy\u00fck bir \u00fcn yapaca\u011f\u0131n\u0131 s\u00f6yler. Gorki&#8217;nin e\u015fi Maria ise an\u0131lar\u0131nda Mayakovski hakk\u0131nda \u015f\u00f6yle der:<br \/>\u201c \u00a0\u00a0\u00a0 &#8230;1918&#8217;de Mayakovski&#8217;yi sahnede izledim. Bana g\u00f6re o e\u011fer bu meslekte ilerlese idi m\u00fcthi\u015f bir oyuncu olabilirdi. \u00a0\u00a0\u00a0 \u201d<\/p>\n<p><strong>I. D\u00fcnya Sava\u015f\u0131 ve Ekim Devrimi y\u0131llar\u0131<\/strong><\/p>\n<p>1914 y\u0131l\u0131nda I. D\u00fcnya Sava\u015f\u0131 patlak verir. Mayakovski ba\u015flarda olduk\u00e7a heyecanl\u0131d\u0131r ve zafer kazanma duygusu ile ba\u015f\u0131 d\u00f6nm\u00fc\u015ft\u00fcr. Ancak ilk meydan sava\u015f\u0131ndan sonra tan\u0131k oldu\u011fu \u015feyler fikirlerini de\u011fi\u015ftirir. 1915 y\u0131l\u0131nda Pantolonlu Bulut adl\u0131 \u015fiir kitab\u0131n\u0131 yazar. Maksim Gorki bu \u015fiirini \u00e7ok be\u011fenir ve \u015fairle ilgili \u00f6vg\u00fc dolu yaz\u0131lar yazar. Gorki&#8217;nin e\u015fi an\u0131lar\u0131nda Gorki&#8217;nin Mayakovski hakk\u0131ndaki d\u00fc\u015f\u00fcncelerini \u015f\u00f6yle dile getirmi\u015ftir:<br \/>\u201c \u00a0\u00a0\u00a0 &#8230;E\u015fim Mayakovski&#8217;ye \u00e7ok \u00f6nem verirdi. Onun \u015fiirde bir yerlere gelmesini istiyordu. \u00c7\u00fcnk\u00fc her ikisi de ayn\u0131 \u015feyleri d\u00fc\u015f\u00fcn\u00fcyor ve ayn\u0131 \u015feyin pe\u015finde ko\u015fuyordu. Onun g\u00fcn\u00fcn birinde hakk\u0131nda \u00e7ok konu\u015falan biri olaca\u011f\u0131n\u0131 \u00e7ok iyi biliyordu. \u00a0\u00a0\u00a0 \u201d<\/p>\n<p>Mayakovski&#8217;ye g\u00f6re bulut \u00e7a\u011fda\u015f sanat\u0131n birle\u015fti\u011fi bir de\u011ferdir. Bunun yan\u0131nda cehennem \u015fiddet ve bireycilik gibi \u015feyler de yeni bir anlam kazanm\u0131\u015ft\u0131r. 1915-1917 y\u0131llar\u0131 aras\u0131nda Lili Brik ile b\u00fcy\u00fck bir a\u015fk ya\u015far, y\u0131llarca bu a\u015fk\u0131n etkisinde kal\u0131r. Mayakovski&#8217;nin Moskova&#8217;n\u0131n f\u00fct\u00fcrist sanat\u0131 kabul edece\u011fine dair en ufak bir \u015f\u00fcphesi yoktur. Ona g\u00f6re devrim onun devrimidir ve devrim ger\u00e7ekle\u015fti\u011finde t\u00fcm d\u00fc\u015fleri ger\u00e7ek olacakt\u0131r.<\/p>\n<p>Bu duygularla 1917 Ekim Devrimi&#8217;ni \u00e7o\u015fkuyla kar\u015f\u0131lar ve devrimin ba\u015fl\u0131ca s\u00f6zc\u00fclerinden birisi olur. Devrim sonras\u0131 \u00e7\u0131kan i\u00e7 sava\u015fta Mayakovski bu sefer sanat\u0131n\u0131 propaganda afi\u015flerinde g\u00f6stermeye ba\u015flar. Art\u0131k duvarlarda, direklerde binalarda Mayakovski&#8217;nin haz\u0131rlad\u0131\u011f\u0131 propaganda afi\u015fleri vard\u0131r. Ekim devrimi ile Rusya&#8217;da f\u00fct\u00fcrizmin geli\u015fmesinin ayn\u0131 d\u00f6neme denk gelmesi nedeniyle f\u00fct\u00fcrizm bir t\u00fcr kom\u00fcnist f\u00fct\u00fcrizm olarak alg\u0131lan\u0131r ve bir araya gelen f\u00fct\u00fcrist sanat\u00e7\u0131lar halka seslenmeye ba\u015flar.<\/p>\n<p>\u015eair 35 Gazete ve 57 dergide yaz\u0131 yazm\u0131\u015ft\u0131r. Dergi ve gazetelerde yazd\u0131klar\u0131 siyaset ve propaganda koksa da onu di\u011fer k\u00f6\u015fe yazarlar\u0131ndan ay\u0131ran bir\u00e7ok \u015fey vard\u0131r.<\/p>\n<p>\u015eairin \u0130zvestya&#8217;da yay\u0131mlan\u0131n politik \u015fiirlerini okuyan Lenin \u015f\u00f6yle der.<br \/>\u201c \u00a0\u00a0\u00a0 &#8230;Mayakovski&#8217;nin \u015fiirlerinden pek bir \u015fey anlam\u0131yorum ancak onun meydanlarda sava\u015facak bir uzman oldu\u011funu hissediyorum. Onun yazd\u0131klar\u0131 siyasi a\u00e7\u0131dan belki tart\u0131\u015f\u0131labilir. \u015eiirlerinde \u00e7ok fazla politik bir \u015fey yok, insanlar\u0131 bir \u015feye davet eder bir hava yok. \u015eiiri kom\u00fcnistleri birle\u015ftirmeye yetmez. Ama politik bak\u0131\u015f a\u00e7\u0131s\u0131n\u0131n do\u011fru oldu\u011funa inanc\u0131m sonsuz. \u00a0\u00a0\u00a0 \u201d<\/p>\n<p>Lenin Mayakovski&#8217;nin dobra dobra konu\u015fmas\u0131ndan fazlas\u0131 ile ho\u015flan\u0131r ve bu nedenle \u00f6zellikle propaganda da ondan faydalanmaya \u00e7al\u0131\u015f\u0131r. Mayakovski de Bol\u015foy Tiyatrosu&#8217;nda Vilademir \u0130lyi\u00e7 Lenin adl\u0131 \u015fiirini okur.<\/p>\n<p>Yeni Lef dergisini (1922-1923) yeniden ya\u015fatmaya \u00e7al\u0131\u015f\u0131r (\u041d\u043e\u0432\u044b\u0439 \u043b\u0435\u0444, 1927-1928). Ka\u011f\u0131d\u0131n yeti\u015fmedi\u011fi, bas\u0131mevlerinin \u00e7al\u0131\u015fmad\u0131\u011f\u0131, sava\u015f\u0131n y\u0131pratt\u0131\u011f\u0131 d\u00f6nemlerde; halk\u0131n gazete ve mizah dergileri yerine kulland\u0131\u011f\u0131 ROSTA (Rusya Telgraf Ajans\u0131) Pencereleri adl\u0131 pankartlar\u0131 haz\u0131rlar. 1925&#8217;te yazd\u0131\u011f\u0131 baz\u0131 ta\u015flamalar y\u00fcz\u00fcnden \u0130ngiltere&#8217;ye giri\u015fi engellenir. ABD&#8217;ye dolayl\u0131 olarak, Meksika&#8217;dan ge\u00e7erek girer. Ayn\u0131 y\u0131l yak\u0131n dostu Sergey Yesenin Leningrad&#8217;da \u0130ngiltere Oteli&#8217;nde intihar eder. Yesenin, son \u015fiiri; &#8220;Elveda dost, elveda&#8221;y\u0131 damar\u0131n\u0131 a\u00e7arak, kan\u0131yla yazm\u0131\u015ft\u0131. Buna kar\u015f\u0131l\u0131k hemen bir \u015fiir yaz\u0131p, okumaya ba\u015flar, fakat zaman\u0131n devrimcilerinden b\u00fcy\u00fck tepki g\u00f6r\u00fcr. Bu olaydan tam 5 y\u0131l sonra; 1930&#8217;da Lili Brik&#8217;i ve ailesini SSCB h\u00fck\u00fcmetine emanet etti\u011fini belirten bir mektup b\u0131rakarak silahla intihar eder. \u00d6l\u00fcm\u00fcnden sonra do\u011fdu\u011fu k\u00f6y olan Ba\u011fdadi&#8217;ye \u015fairin ad\u0131 verilir.<\/p>\n<p><strong>Eserleri<\/strong><\/p>\n<p>\u015eiirleri<\/p>\n<p> <em> Pantolonlu Bulut<br \/> Omurgan\u0131n Fl\u00fct\u00fc<br \/> Lenin Destan\u0131<br \/> Y\u00fcz Elli Milyon<br \/><\/em><br \/>Oyunlar\u0131<\/p>\n<p> <em>Trajedi &#8211; Vladimir Mayakovski<br \/> Gizemli G\u00fcld\u00fcr\u00fc<br \/> Tahtakurusu<br \/> Banyo<br \/> Moskova yan\u0131yor<br \/><\/em><br \/>Kitaplar\u0131<\/p>\n<p><em>Amerika&#8217;y\u0131 Ke\u015ffim<\/em><\/p>\n","protected":false},"excerpt":{"rendered":"<p>Mayakovski&#8217;nin Son Mektubu (\u015eairin cesedinin yan\u0131nda bulunmu\u015ftur.) Hepinize! .. \u0130\u015fte \u00f6l\u00fcyorum. Kimseyi su\u00e7lamay\u0131n bundan \u00f6t\u00fcr\u00fc. Hele dedikodudan, unutmay\u0131n ki, merhum nefret ederdi. Anac\u0131\u011f\u0131m, karde\u015flerim, yolda\u015flar\u0131m! Ba\u011f\u0131\u015flay\u0131n beni. \u0130\u015f de\u011fil bu, biliyorum (kimseye de \u00f6\u011f\u00fctlemem), ama benim i\u00e7in ba\u015fka bir \u00e7\u0131kar yol kalmam\u0131\u015ft\u0131. Lili, beni sev. H\u00fck\u00fcmet Yolda\u015f! Ailem: Lili Brik, anam, k\u0131z karde\u015flerim ve Veronika [&hellip;]<\/p>\n","protected":false},"author":1,"featured_media":0,"comment_status":"open","ping_status":"open","sticky":false,"template":"","format":"standard","meta":{"footnotes":""},"categories":[122],"tags":[],"class_list":{"0":"post-4149","1":"post","2":"type-post","3":"status-publish","4":"format-standard","6":"category-sair-e-dair"},"yoast_head":"<!-- This site is optimized with the Yoast SEO Premium plugin v24.9 (Yoast SEO v24.9) - https:\/\/yoast.com\/wordpress\/plugins\/seo\/ -->\n<title>Anac\u0131\u011f\u0131m,karde\u015flerim,yolda\u015flar\u0131m ba\u011f\u0131\u015flay\u0131n beni | hayat\u0131 ve son mektubu - Mayakovski - narteks.net<\/title>\n<meta name=\"robots\" content=\"index, follow, max-snippet:-1, max-image-preview:large, max-video-preview:-1\" \/>\n<link rel=\"canonical\" href=\"https:\/\/narteks.net\/index.php\/2010\/02\/05\/anacigimkardeslerimyoldaslarim-bagislayin-beni-hayati-ve-son-mektubu-mayakovski\/\" \/>\n<meta property=\"og:locale\" content=\"tr_TR\" \/>\n<meta property=\"og:type\" content=\"article\" \/>\n<meta property=\"og:title\" content=\"Anac\u0131\u011f\u0131m,karde\u015flerim,yolda\u015flar\u0131m ba\u011f\u0131\u015flay\u0131n beni | hayat\u0131 ve son mektubu - Mayakovski\" \/>\n<meta property=\"og:description\" content=\"Mayakovski&#8217;nin Son Mektubu (\u015eairin cesedinin yan\u0131nda bulunmu\u015ftur.) Hepinize! .. \u0130\u015fte \u00f6l\u00fcyorum. Kimseyi su\u00e7lamay\u0131n bundan \u00f6t\u00fcr\u00fc. Hele dedikodudan, unutmay\u0131n ki, merhum nefret ederdi. Anac\u0131\u011f\u0131m, karde\u015flerim, yolda\u015flar\u0131m! Ba\u011f\u0131\u015flay\u0131n beni. \u0130\u015f de\u011fil bu, biliyorum (kimseye de \u00f6\u011f\u00fctlemem), ama benim i\u00e7in ba\u015fka bir \u00e7\u0131kar yol kalmam\u0131\u015ft\u0131. Lili, beni sev. H\u00fck\u00fcmet Yolda\u015f! Ailem: Lili Brik, anam, k\u0131z karde\u015flerim ve Veronika [&hellip;]\" \/>\n<meta property=\"og:url\" content=\"https:\/\/narteks.net\/index.php\/2010\/02\/05\/anacigimkardeslerimyoldaslarim-bagislayin-beni-hayati-ve-son-mektubu-mayakovski\/\" \/>\n<meta property=\"og:site_name\" content=\"narteks.net\" \/>\n<meta property=\"article:published_time\" content=\"2010-02-05T07:31:30+00:00\" \/>\n<meta property=\"og:image\" content=\"http:\/\/upload.wikimedia.org\/wikipedia\/commons\/thumb\/f\/f7\/Majakovskij.face.jpg\/180px-Majakovskij.face.jpg\" \/>\n<meta name=\"author\" content=\"Tar\u0131k\" \/>\n<meta name=\"twitter:card\" content=\"summary_large_image\" \/>\n<meta name=\"twitter:creator\" content=\"@narteks\" \/>\n<meta name=\"twitter:site\" content=\"@narteks\" \/>\n<meta name=\"twitter:label1\" content=\"Yazan:\" \/>\n\t<meta name=\"twitter:data1\" content=\"Tar\u0131k\" \/>\n\t<meta name=\"twitter:label2\" content=\"Tahmini okuma s\u00fcresi\" \/>\n\t<meta name=\"twitter:data2\" content=\"8 dakika\" \/>\n<script type=\"application\/ld+json\" class=\"yoast-schema-graph\">{\"@context\":\"https:\/\/schema.org\",\"@graph\":[{\"@type\":\"Article\",\"@id\":\"https:\/\/narteks.net\/index.php\/2010\/02\/05\/anacigimkardeslerimyoldaslarim-bagislayin-beni-hayati-ve-son-mektubu-mayakovski\/#article\",\"isPartOf\":{\"@id\":\"https:\/\/narteks.net\/index.php\/2010\/02\/05\/anacigimkardeslerimyoldaslarim-bagislayin-beni-hayati-ve-son-mektubu-mayakovski\/\"},\"author\":{\"name\":\"Tar\u0131k\",\"@id\":\"https:\/\/narteks.net\/#\/schema\/person\/61f37d9834294b72d31d274e7ed79bca\"},\"headline\":\"Anac\u0131\u011f\u0131m,karde\u015flerim,yolda\u015flar\u0131m ba\u011f\u0131\u015flay\u0131n beni | hayat\u0131 ve son mektubu &#8211; Mayakovski\",\"datePublished\":\"2010-02-05T07:31:30+00:00\",\"mainEntityOfPage\":{\"@id\":\"https:\/\/narteks.net\/index.php\/2010\/02\/05\/anacigimkardeslerimyoldaslarim-bagislayin-beni-hayati-ve-son-mektubu-mayakovski\/\"},\"wordCount\":1724,\"commentCount\":0,\"publisher\":{\"@id\":\"https:\/\/narteks.net\/#organization\"},\"image\":{\"@id\":\"https:\/\/narteks.net\/index.php\/2010\/02\/05\/anacigimkardeslerimyoldaslarim-bagislayin-beni-hayati-ve-son-mektubu-mayakovski\/#primaryimage\"},\"thumbnailUrl\":\"http:\/\/upload.wikimedia.org\/wikipedia\/commons\/thumb\/f\/f7\/Majakovskij.face.jpg\/180px-Majakovskij.face.jpg\",\"articleSection\":[\"\u015eair'e Dair\"],\"inLanguage\":\"tr\",\"potentialAction\":[{\"@type\":\"CommentAction\",\"name\":\"Comment\",\"target\":[\"https:\/\/narteks.net\/index.php\/2010\/02\/05\/anacigimkardeslerimyoldaslarim-bagislayin-beni-hayati-ve-son-mektubu-mayakovski\/#respond\"]}]},{\"@type\":\"WebPage\",\"@id\":\"https:\/\/narteks.net\/index.php\/2010\/02\/05\/anacigimkardeslerimyoldaslarim-bagislayin-beni-hayati-ve-son-mektubu-mayakovski\/\",\"url\":\"https:\/\/narteks.net\/index.php\/2010\/02\/05\/anacigimkardeslerimyoldaslarim-bagislayin-beni-hayati-ve-son-mektubu-mayakovski\/\",\"name\":\"Anac\u0131\u011f\u0131m,karde\u015flerim,yolda\u015flar\u0131m ba\u011f\u0131\u015flay\u0131n beni | hayat\u0131 ve son mektubu - Mayakovski - narteks.net\",\"isPartOf\":{\"@id\":\"https:\/\/narteks.net\/#website\"},\"primaryImageOfPage\":{\"@id\":\"https:\/\/narteks.net\/index.php\/2010\/02\/05\/anacigimkardeslerimyoldaslarim-bagislayin-beni-hayati-ve-son-mektubu-mayakovski\/#primaryimage\"},\"image\":{\"@id\":\"https:\/\/narteks.net\/index.php\/2010\/02\/05\/anacigimkardeslerimyoldaslarim-bagislayin-beni-hayati-ve-son-mektubu-mayakovski\/#primaryimage\"},\"thumbnailUrl\":\"http:\/\/upload.wikimedia.org\/wikipedia\/commons\/thumb\/f\/f7\/Majakovskij.face.jpg\/180px-Majakovskij.face.jpg\",\"datePublished\":\"2010-02-05T07:31:30+00:00\",\"breadcrumb\":{\"@id\":\"https:\/\/narteks.net\/index.php\/2010\/02\/05\/anacigimkardeslerimyoldaslarim-bagislayin-beni-hayati-ve-son-mektubu-mayakovski\/#breadcrumb\"},\"inLanguage\":\"tr\",\"potentialAction\":[{\"@type\":\"ReadAction\",\"target\":[\"https:\/\/narteks.net\/index.php\/2010\/02\/05\/anacigimkardeslerimyoldaslarim-bagislayin-beni-hayati-ve-son-mektubu-mayakovski\/\"]}]},{\"@type\":\"ImageObject\",\"inLanguage\":\"tr\",\"@id\":\"https:\/\/narteks.net\/index.php\/2010\/02\/05\/anacigimkardeslerimyoldaslarim-bagislayin-beni-hayati-ve-son-mektubu-mayakovski\/#primaryimage\",\"url\":\"http:\/\/upload.wikimedia.org\/wikipedia\/commons\/thumb\/f\/f7\/Majakovskij.face.jpg\/180px-Majakovskij.face.jpg\",\"contentUrl\":\"http:\/\/upload.wikimedia.org\/wikipedia\/commons\/thumb\/f\/f7\/Majakovskij.face.jpg\/180px-Majakovskij.face.jpg\"},{\"@type\":\"BreadcrumbList\",\"@id\":\"https:\/\/narteks.net\/index.php\/2010\/02\/05\/anacigimkardeslerimyoldaslarim-bagislayin-beni-hayati-ve-son-mektubu-mayakovski\/#breadcrumb\",\"itemListElement\":[{\"@type\":\"ListItem\",\"position\":1,\"name\":\"Anasayfa\",\"item\":\"https:\/\/narteks.net\/\"},{\"@type\":\"ListItem\",\"position\":2,\"name\":\"Anac\u0131\u011f\u0131m,karde\u015flerim,yolda\u015flar\u0131m ba\u011f\u0131\u015flay\u0131n beni | hayat\u0131 ve son mektubu &#8211; Mayakovski\"}]},{\"@type\":\"WebSite\",\"@id\":\"https:\/\/narteks.net\/#website\",\"url\":\"https:\/\/narteks.net\/\",\"name\":\"narteks.net\",\"description\":\"K\u00fclt\u00fcr Sanat Edebiyat Felsefe\",\"publisher\":{\"@id\":\"https:\/\/narteks.net\/#organization\"},\"alternateName\":\"K\u00fclt\u00fcr Sanat Edebiyat Felsefe\",\"potentialAction\":[{\"@type\":\"SearchAction\",\"target\":{\"@type\":\"EntryPoint\",\"urlTemplate\":\"https:\/\/narteks.net\/?s={search_term_string}\"},\"query-input\":{\"@type\":\"PropertyValueSpecification\",\"valueRequired\":true,\"valueName\":\"search_term_string\"}}],\"inLanguage\":\"tr\"},{\"@type\":\"Organization\",\"@id\":\"https:\/\/narteks.net\/#organization\",\"name\":\"narteks.net\",\"url\":\"https:\/\/narteks.net\/\",\"logo\":{\"@type\":\"ImageObject\",\"inLanguage\":\"tr\",\"@id\":\"https:\/\/narteks.net\/#\/schema\/logo\/image\/\",\"url\":\"https:\/\/narteks.net\/wp-content\/uploads\/narteks.png\",\"contentUrl\":\"https:\/\/narteks.net\/wp-content\/uploads\/narteks.png\",\"width\":300,\"height\":90,\"caption\":\"narteks.net\"},\"image\":{\"@id\":\"https:\/\/narteks.net\/#\/schema\/logo\/image\/\"},\"sameAs\":[\"https:\/\/x.com\/narteks\",\"https:\/\/instagram.com\/narteksnet\"]},{\"@type\":\"Person\",\"@id\":\"https:\/\/narteks.net\/#\/schema\/person\/61f37d9834294b72d31d274e7ed79bca\",\"name\":\"Tar\u0131k\",\"image\":{\"@type\":\"ImageObject\",\"inLanguage\":\"tr\",\"@id\":\"https:\/\/narteks.net\/#\/schema\/person\/image\/\",\"url\":\"https:\/\/secure.gravatar.com\/avatar\/50865afb55632c4ae467e0af0930f6510aa2297d8014be502a55b14f3b7550cf?s=96&d=mm&r=g\",\"contentUrl\":\"https:\/\/secure.gravatar.com\/avatar\/50865afb55632c4ae467e0af0930f6510aa2297d8014be502a55b14f3b7550cf?s=96&d=mm&r=g\",\"caption\":\"Tar\u0131k\"},\"sameAs\":[\"http:\/\/narteks.net\"],\"url\":\"https:\/\/narteks.net\/index.php\/author\/narbak\/\"}]}<\/script>\n<!-- \/ Yoast SEO Premium plugin. -->","yoast_head_json":{"title":"Anac\u0131\u011f\u0131m,karde\u015flerim,yolda\u015flar\u0131m ba\u011f\u0131\u015flay\u0131n beni | hayat\u0131 ve son mektubu - Mayakovski - narteks.net","robots":{"index":"index","follow":"follow","max-snippet":"max-snippet:-1","max-image-preview":"max-image-preview:large","max-video-preview":"max-video-preview:-1"},"canonical":"https:\/\/narteks.net\/index.php\/2010\/02\/05\/anacigimkardeslerimyoldaslarim-bagislayin-beni-hayati-ve-son-mektubu-mayakovski\/","og_locale":"tr_TR","og_type":"article","og_title":"Anac\u0131\u011f\u0131m,karde\u015flerim,yolda\u015flar\u0131m ba\u011f\u0131\u015flay\u0131n beni | hayat\u0131 ve son mektubu - Mayakovski","og_description":"Mayakovski&#8217;nin Son Mektubu (\u015eairin cesedinin yan\u0131nda bulunmu\u015ftur.) Hepinize! .. \u0130\u015fte \u00f6l\u00fcyorum. Kimseyi su\u00e7lamay\u0131n bundan \u00f6t\u00fcr\u00fc. Hele dedikodudan, unutmay\u0131n ki, merhum nefret ederdi. Anac\u0131\u011f\u0131m, karde\u015flerim, yolda\u015flar\u0131m! Ba\u011f\u0131\u015flay\u0131n beni. \u0130\u015f de\u011fil bu, biliyorum (kimseye de \u00f6\u011f\u00fctlemem), ama benim i\u00e7in ba\u015fka bir \u00e7\u0131kar yol kalmam\u0131\u015ft\u0131. Lili, beni sev. H\u00fck\u00fcmet Yolda\u015f! Ailem: Lili Brik, anam, k\u0131z karde\u015flerim ve Veronika [&hellip;]","og_url":"https:\/\/narteks.net\/index.php\/2010\/02\/05\/anacigimkardeslerimyoldaslarim-bagislayin-beni-hayati-ve-son-mektubu-mayakovski\/","og_site_name":"narteks.net","article_published_time":"2010-02-05T07:31:30+00:00","og_image":[{"url":"http:\/\/upload.wikimedia.org\/wikipedia\/commons\/thumb\/f\/f7\/Majakovskij.face.jpg\/180px-Majakovskij.face.jpg","type":"","width":"","height":""}],"author":"Tar\u0131k","twitter_card":"summary_large_image","twitter_creator":"@narteks","twitter_site":"@narteks","twitter_misc":{"Yazan:":"Tar\u0131k","Tahmini okuma s\u00fcresi":"8 dakika"},"schema":{"@context":"https:\/\/schema.org","@graph":[{"@type":"Article","@id":"https:\/\/narteks.net\/index.php\/2010\/02\/05\/anacigimkardeslerimyoldaslarim-bagislayin-beni-hayati-ve-son-mektubu-mayakovski\/#article","isPartOf":{"@id":"https:\/\/narteks.net\/index.php\/2010\/02\/05\/anacigimkardeslerimyoldaslarim-bagislayin-beni-hayati-ve-son-mektubu-mayakovski\/"},"author":{"name":"Tar\u0131k","@id":"https:\/\/narteks.net\/#\/schema\/person\/61f37d9834294b72d31d274e7ed79bca"},"headline":"Anac\u0131\u011f\u0131m,karde\u015flerim,yolda\u015flar\u0131m ba\u011f\u0131\u015flay\u0131n beni | hayat\u0131 ve son mektubu &#8211; Mayakovski","datePublished":"2010-02-05T07:31:30+00:00","mainEntityOfPage":{"@id":"https:\/\/narteks.net\/index.php\/2010\/02\/05\/anacigimkardeslerimyoldaslarim-bagislayin-beni-hayati-ve-son-mektubu-mayakovski\/"},"wordCount":1724,"commentCount":0,"publisher":{"@id":"https:\/\/narteks.net\/#organization"},"image":{"@id":"https:\/\/narteks.net\/index.php\/2010\/02\/05\/anacigimkardeslerimyoldaslarim-bagislayin-beni-hayati-ve-son-mektubu-mayakovski\/#primaryimage"},"thumbnailUrl":"http:\/\/upload.wikimedia.org\/wikipedia\/commons\/thumb\/f\/f7\/Majakovskij.face.jpg\/180px-Majakovskij.face.jpg","articleSection":["\u015eair'e Dair"],"inLanguage":"tr","potentialAction":[{"@type":"CommentAction","name":"Comment","target":["https:\/\/narteks.net\/index.php\/2010\/02\/05\/anacigimkardeslerimyoldaslarim-bagislayin-beni-hayati-ve-son-mektubu-mayakovski\/#respond"]}]},{"@type":"WebPage","@id":"https:\/\/narteks.net\/index.php\/2010\/02\/05\/anacigimkardeslerimyoldaslarim-bagislayin-beni-hayati-ve-son-mektubu-mayakovski\/","url":"https:\/\/narteks.net\/index.php\/2010\/02\/05\/anacigimkardeslerimyoldaslarim-bagislayin-beni-hayati-ve-son-mektubu-mayakovski\/","name":"Anac\u0131\u011f\u0131m,karde\u015flerim,yolda\u015flar\u0131m ba\u011f\u0131\u015flay\u0131n beni | hayat\u0131 ve son mektubu - Mayakovski - narteks.net","isPartOf":{"@id":"https:\/\/narteks.net\/#website"},"primaryImageOfPage":{"@id":"https:\/\/narteks.net\/index.php\/2010\/02\/05\/anacigimkardeslerimyoldaslarim-bagislayin-beni-hayati-ve-son-mektubu-mayakovski\/#primaryimage"},"image":{"@id":"https:\/\/narteks.net\/index.php\/2010\/02\/05\/anacigimkardeslerimyoldaslarim-bagislayin-beni-hayati-ve-son-mektubu-mayakovski\/#primaryimage"},"thumbnailUrl":"http:\/\/upload.wikimedia.org\/wikipedia\/commons\/thumb\/f\/f7\/Majakovskij.face.jpg\/180px-Majakovskij.face.jpg","datePublished":"2010-02-05T07:31:30+00:00","breadcrumb":{"@id":"https:\/\/narteks.net\/index.php\/2010\/02\/05\/anacigimkardeslerimyoldaslarim-bagislayin-beni-hayati-ve-son-mektubu-mayakovski\/#breadcrumb"},"inLanguage":"tr","potentialAction":[{"@type":"ReadAction","target":["https:\/\/narteks.net\/index.php\/2010\/02\/05\/anacigimkardeslerimyoldaslarim-bagislayin-beni-hayati-ve-son-mektubu-mayakovski\/"]}]},{"@type":"ImageObject","inLanguage":"tr","@id":"https:\/\/narteks.net\/index.php\/2010\/02\/05\/anacigimkardeslerimyoldaslarim-bagislayin-beni-hayati-ve-son-mektubu-mayakovski\/#primaryimage","url":"http:\/\/upload.wikimedia.org\/wikipedia\/commons\/thumb\/f\/f7\/Majakovskij.face.jpg\/180px-Majakovskij.face.jpg","contentUrl":"http:\/\/upload.wikimedia.org\/wikipedia\/commons\/thumb\/f\/f7\/Majakovskij.face.jpg\/180px-Majakovskij.face.jpg"},{"@type":"BreadcrumbList","@id":"https:\/\/narteks.net\/index.php\/2010\/02\/05\/anacigimkardeslerimyoldaslarim-bagislayin-beni-hayati-ve-son-mektubu-mayakovski\/#breadcrumb","itemListElement":[{"@type":"ListItem","position":1,"name":"Anasayfa","item":"https:\/\/narteks.net\/"},{"@type":"ListItem","position":2,"name":"Anac\u0131\u011f\u0131m,karde\u015flerim,yolda\u015flar\u0131m ba\u011f\u0131\u015flay\u0131n beni | hayat\u0131 ve son mektubu &#8211; Mayakovski"}]},{"@type":"WebSite","@id":"https:\/\/narteks.net\/#website","url":"https:\/\/narteks.net\/","name":"narteks.net","description":"K\u00fclt\u00fcr Sanat Edebiyat Felsefe","publisher":{"@id":"https:\/\/narteks.net\/#organization"},"alternateName":"K\u00fclt\u00fcr Sanat Edebiyat Felsefe","potentialAction":[{"@type":"SearchAction","target":{"@type":"EntryPoint","urlTemplate":"https:\/\/narteks.net\/?s={search_term_string}"},"query-input":{"@type":"PropertyValueSpecification","valueRequired":true,"valueName":"search_term_string"}}],"inLanguage":"tr"},{"@type":"Organization","@id":"https:\/\/narteks.net\/#organization","name":"narteks.net","url":"https:\/\/narteks.net\/","logo":{"@type":"ImageObject","inLanguage":"tr","@id":"https:\/\/narteks.net\/#\/schema\/logo\/image\/","url":"https:\/\/narteks.net\/wp-content\/uploads\/narteks.png","contentUrl":"https:\/\/narteks.net\/wp-content\/uploads\/narteks.png","width":300,"height":90,"caption":"narteks.net"},"image":{"@id":"https:\/\/narteks.net\/#\/schema\/logo\/image\/"},"sameAs":["https:\/\/x.com\/narteks","https:\/\/instagram.com\/narteksnet"]},{"@type":"Person","@id":"https:\/\/narteks.net\/#\/schema\/person\/61f37d9834294b72d31d274e7ed79bca","name":"Tar\u0131k","image":{"@type":"ImageObject","inLanguage":"tr","@id":"https:\/\/narteks.net\/#\/schema\/person\/image\/","url":"https:\/\/secure.gravatar.com\/avatar\/50865afb55632c4ae467e0af0930f6510aa2297d8014be502a55b14f3b7550cf?s=96&d=mm&r=g","contentUrl":"https:\/\/secure.gravatar.com\/avatar\/50865afb55632c4ae467e0af0930f6510aa2297d8014be502a55b14f3b7550cf?s=96&d=mm&r=g","caption":"Tar\u0131k"},"sameAs":["http:\/\/narteks.net"],"url":"https:\/\/narteks.net\/index.php\/author\/narbak\/"}]}},"_links":{"self":[{"href":"https:\/\/narteks.net\/index.php\/wp-json\/wp\/v2\/posts\/4149","targetHints":{"allow":["GET"]}}],"collection":[{"href":"https:\/\/narteks.net\/index.php\/wp-json\/wp\/v2\/posts"}],"about":[{"href":"https:\/\/narteks.net\/index.php\/wp-json\/wp\/v2\/types\/post"}],"author":[{"embeddable":true,"href":"https:\/\/narteks.net\/index.php\/wp-json\/wp\/v2\/users\/1"}],"replies":[{"embeddable":true,"href":"https:\/\/narteks.net\/index.php\/wp-json\/wp\/v2\/comments?post=4149"}],"version-history":[{"count":0,"href":"https:\/\/narteks.net\/index.php\/wp-json\/wp\/v2\/posts\/4149\/revisions"}],"wp:attachment":[{"href":"https:\/\/narteks.net\/index.php\/wp-json\/wp\/v2\/media?parent=4149"}],"wp:term":[{"taxonomy":"category","embeddable":true,"href":"https:\/\/narteks.net\/index.php\/wp-json\/wp\/v2\/categories?post=4149"},{"taxonomy":"post_tag","embeddable":true,"href":"https:\/\/narteks.net\/index.php\/wp-json\/wp\/v2\/tags?post=4149"}],"curies":[{"name":"wp","href":"https:\/\/api.w.org\/{rel}","templated":true}]}}