{"id":4151,"date":"2010-02-05T20:24:47","date_gmt":"2010-02-05T17:24:47","guid":{"rendered":"http:\/\/localhost\/wordpress\/2010\/02\/05\/vakit-tahrik-vakti-erkan-kucuk\/"},"modified":"2010-02-05T20:24:47","modified_gmt":"2010-02-05T17:24:47","slug":"vakit-tahrik-vakti-erkan-kucuk","status":"publish","type":"post","link":"https:\/\/narteks.net\/index.php\/2010\/02\/05\/vakit-tahrik-vakti-erkan-kucuk\/","title":{"rendered":"Vakit tahrik Vakti; Erkan K\u00fc\u00e7\u00fck"},"content":{"rendered":"<p style=\"text-align: justify;\">Vakit gazetesinde\u00a0<em> \u201c Ahlaks\u0131z oyun\u2019dan tahrik dolu mesajlar\u201d<\/em> ba\u015fl\u0131\u011f\u0131yla yer alan habere g\u00f6re\u00a0 Kumbarac\u0131 50&#8217;de sahnelenecek olan \u201cYala ama yutma\u201d adl\u0131 oyun melekleri uygunsuz bir durumda g\u00f6sterdi\u011fi i\u00e7in halk\u0131n dini duygular\u0131n\u0131 incitiyormu\u015f.\u00a0 Oyun yazar\u0131n\u0131n ad\u0131n\u0131n bile yanl\u0131\u015f yaz\u0131ld\u0131\u011f\u0131 bu ele\u015ftirinin!\u00a0 provokat\u00f6rl\u00fc\u011f\u00fcyle nam salm\u0131\u015f bir gazetede yer almas\u0131n\u0131n art niyetten uzak oldu\u011funu s\u00f6ylemek m\u00fcmk\u00fcn de\u011fil. Gazete, lin\u00e7 g\u00fcruhunun ak\u0131nc\u0131s\u0131 g\u00f6reviyle, vurulacak olan\u0131 i\u015faret etmekten hicap duymuyor. Her zamanki ideolojik f\u00fctursuzlu\u011fuyla sivil alanda cihad\u0131n\u0131 s\u00fcrd\u00fcr\u00fcyor.<\/p>\n<p style=\"text-align: justify;\">Gazetede ki habere g\u00f6re\u00a0<em> \u201cBeyo\u011flu&#8217;nda \u00f6n\u00fcm\u00fczdeki g\u00fcnlerde s\u00f6zde \u2018Sanat i\u00e7in sanat&#8217; anlay\u0131\u015f\u0131 ad\u0131na ahlaks\u0131z bir tiyatro sergilenecek. \u2018Kumbarac\u0131 50&#8242; tiyatrosu taraf\u0131ndan sergilenecek ahlaks\u0131z oyunda bir mele\u011fin kendini porno film setinde insan olarak bulmas\u0131 konu edilecek<\/em>\u201d\u00a0 denilerek\u00a0 ard\u0131ndan <em>\u201cYala ama yutma&#8217; isimli oyunun sahnelenmeden kald\u0131r\u0131lmas\u0131 gerekti\u011fi <\/em>\u201c\u00a0 ifade ediliyor.<\/p>\n<p>Oyunu ahlaks\u0131zl\u0131kla su\u00e7larken, kendi yapt\u0131klar\u0131n\u0131n hangi ahlak kurallar\u0131na uydu\u011funu \u015fahsen merak ediyorum. Umar\u0131m Vakit\u2019in bu \u00e7a\u011fr\u0131s\u0131na uyup da ellerine sopa, b\u0131\u00e7ak vb. al\u0131p tiyatro basmaya yola \u00e7\u0131kan densizler olmaz. Fa\u015fizan iklimlerde topra\u011f\u0131n, kutsanan de\u011ferler i\u00e7in kanla sulanmas\u0131 vaka-i\u00a0 adiyeden say\u0131l\u0131r. \u015eiddet s\u0131radanla\u015f\u0131r.\u00a0 Eline sat\u0131r\u0131 al\u0131p Allah Allah nidalar\u0131yla insanlar\u0131n \u00fczerine sald\u0131rmak, beyaz\u00a0 beresini tak\u0131p cinayet i\u015flemek birilerinin g\u00f6z\u00fcnde kahramanl\u0131k olarak g\u00f6r\u00fcl\u00fcr. <\/p>\n<p>Demokrasi g\u00fc\u00e7lerinin b\u00f6yle zamanlarda tetikte olmas\u0131 ve sesini y\u00fckseltmesi gerekiyor. Fa\u015fizmin her t\u00fcrl\u00fc bi\u00e7iminin k\u0131nanmas\u0131 ve b\u00fcy\u00fcmemesi i\u00e7in\u00a0 \u00f6n\u00fcne set \u00e7ekilmesi \u00f6zg\u00fcrl\u00fcklerin geni\u015fleyebilmesi\u00a0 i\u00e7in zorunludur.<\/p>\n<p>Ayn\u0131 \u015fekilde sanat \u00e7evresinin de \u015fiddetin ancak kendilerine dokundu\u011fu zaman sesinin \u00e7\u0131kmas\u0131n\u0131 etikten ve\u00a0 sanat\u00e7\u0131 sorumlulu\u011fundan uzak bir davran\u0131\u015f olarak g\u00f6r\u00fcyorum. Defalarca ger\u00e7ekle\u015fen lin\u00e7lere, sald\u0131r\u0131lara kar\u015f\u0131 yeterli duyarl\u0131\u011f\u0131 g\u00f6stermemelerinin bir sonucudur bu ya\u015fanan. <\/p>\n","protected":false},"excerpt":{"rendered":"<p>Vakit gazetesinde\u00a0 \u201c Ahlaks\u0131z oyun\u2019dan tahrik dolu mesajlar\u201d ba\u015fl\u0131\u011f\u0131yla yer alan habere g\u00f6re\u00a0 Kumbarac\u0131 50&#8217;de sahnelenecek olan \u201cYala ama yutma\u201d adl\u0131 oyun melekleri uygunsuz bir durumda g\u00f6sterdi\u011fi i\u00e7in halk\u0131n dini duygular\u0131n\u0131 incitiyormu\u015f.\u00a0 Oyun yazar\u0131n\u0131n ad\u0131n\u0131n bile yanl\u0131\u015f yaz\u0131ld\u0131\u011f\u0131 bu ele\u015ftirinin!\u00a0 provokat\u00f6rl\u00fc\u011f\u00fcyle nam salm\u0131\u015f bir gazetede yer almas\u0131n\u0131n art niyetten uzak oldu\u011funu s\u00f6ylemek m\u00fcmk\u00fcn de\u011fil. Gazete, [&hellip;]<\/p>\n","protected":false},"author":1,"featured_media":0,"comment_status":"open","ping_status":"open","sticky":false,"template":"","format":"standard","meta":{"footnotes":""},"categories":[140],"tags":[],"class_list":{"0":"post-4151","1":"post","2":"type-post","3":"status-publish","4":"format-standard","6":"category-erkan-kucuk-makale"},"yoast_head":"<!-- This site is optimized with the Yoast SEO Premium plugin v24.9 (Yoast SEO v24.9) - https:\/\/yoast.com\/wordpress\/plugins\/seo\/ -->\n<title>Vakit tahrik Vakti; Erkan K\u00fc\u00e7\u00fck - narteks.net<\/title>\n<meta name=\"robots\" content=\"index, follow, max-snippet:-1, max-image-preview:large, max-video-preview:-1\" \/>\n<link rel=\"canonical\" href=\"https:\/\/narteks.net\/index.php\/2010\/02\/05\/vakit-tahrik-vakti-erkan-kucuk\/\" \/>\n<meta property=\"og:locale\" content=\"tr_TR\" \/>\n<meta property=\"og:type\" content=\"article\" \/>\n<meta property=\"og:title\" content=\"Vakit tahrik Vakti; Erkan K\u00fc\u00e7\u00fck\" \/>\n<meta property=\"og:description\" content=\"Vakit gazetesinde\u00a0 \u201c Ahlaks\u0131z oyun\u2019dan tahrik dolu mesajlar\u201d ba\u015fl\u0131\u011f\u0131yla yer alan habere g\u00f6re\u00a0 Kumbarac\u0131 50&#8217;de sahnelenecek olan \u201cYala ama yutma\u201d adl\u0131 oyun melekleri uygunsuz bir durumda g\u00f6sterdi\u011fi i\u00e7in halk\u0131n dini duygular\u0131n\u0131 incitiyormu\u015f.\u00a0 Oyun yazar\u0131n\u0131n ad\u0131n\u0131n bile yanl\u0131\u015f yaz\u0131ld\u0131\u011f\u0131 bu ele\u015ftirinin!\u00a0 provokat\u00f6rl\u00fc\u011f\u00fcyle nam salm\u0131\u015f bir gazetede yer almas\u0131n\u0131n art niyetten uzak oldu\u011funu s\u00f6ylemek m\u00fcmk\u00fcn de\u011fil. Gazete, [&hellip;]\" \/>\n<meta property=\"og:url\" content=\"https:\/\/narteks.net\/index.php\/2010\/02\/05\/vakit-tahrik-vakti-erkan-kucuk\/\" \/>\n<meta property=\"og:site_name\" content=\"narteks.net\" \/>\n<meta property=\"article:published_time\" content=\"2010-02-05T17:24:47+00:00\" \/>\n<meta property=\"og:image\" content=\"https:\/\/narteks.net\/wp-content\/uploads\/narteks.png\" \/>\n\t<meta property=\"og:image:width\" content=\"300\" \/>\n\t<meta property=\"og:image:height\" content=\"90\" \/>\n\t<meta property=\"og:image:type\" content=\"image\/png\" \/>\n<meta name=\"author\" content=\"Tar\u0131k\" \/>\n<meta name=\"twitter:card\" content=\"summary_large_image\" \/>\n<meta name=\"twitter:creator\" content=\"@narteks\" \/>\n<meta name=\"twitter:site\" content=\"@narteks\" \/>\n<meta name=\"twitter:label1\" content=\"Yazan:\" \/>\n\t<meta name=\"twitter:data1\" content=\"Tar\u0131k\" \/>\n\t<meta name=\"twitter:label2\" content=\"Tahmini okuma s\u00fcresi\" \/>\n\t<meta name=\"twitter:data2\" content=\"2 dakika\" \/>\n<script type=\"application\/ld+json\" class=\"yoast-schema-graph\">{\"@context\":\"https:\/\/schema.org\",\"@graph\":[{\"@type\":\"Article\",\"@id\":\"https:\/\/narteks.net\/index.php\/2010\/02\/05\/vakit-tahrik-vakti-erkan-kucuk\/#article\",\"isPartOf\":{\"@id\":\"https:\/\/narteks.net\/index.php\/2010\/02\/05\/vakit-tahrik-vakti-erkan-kucuk\/\"},\"author\":{\"name\":\"Tar\u0131k\",\"@id\":\"https:\/\/narteks.net\/#\/schema\/person\/61f37d9834294b72d31d274e7ed79bca\"},\"headline\":\"Vakit tahrik Vakti; Erkan K\u00fc\u00e7\u00fck\",\"datePublished\":\"2010-02-05T17:24:47+00:00\",\"mainEntityOfPage\":{\"@id\":\"https:\/\/narteks.net\/index.php\/2010\/02\/05\/vakit-tahrik-vakti-erkan-kucuk\/\"},\"wordCount\":359,\"commentCount\":0,\"publisher\":{\"@id\":\"https:\/\/narteks.net\/#organization\"},\"articleSection\":[\"Erkan K\u00fc\u00e7\u00fck (Makale)\"],\"inLanguage\":\"tr\",\"potentialAction\":[{\"@type\":\"CommentAction\",\"name\":\"Comment\",\"target\":[\"https:\/\/narteks.net\/index.php\/2010\/02\/05\/vakit-tahrik-vakti-erkan-kucuk\/#respond\"]}]},{\"@type\":\"WebPage\",\"@id\":\"https:\/\/narteks.net\/index.php\/2010\/02\/05\/vakit-tahrik-vakti-erkan-kucuk\/\",\"url\":\"https:\/\/narteks.net\/index.php\/2010\/02\/05\/vakit-tahrik-vakti-erkan-kucuk\/\",\"name\":\"Vakit tahrik Vakti; Erkan K\u00fc\u00e7\u00fck - narteks.net\",\"isPartOf\":{\"@id\":\"https:\/\/narteks.net\/#website\"},\"datePublished\":\"2010-02-05T17:24:47+00:00\",\"breadcrumb\":{\"@id\":\"https:\/\/narteks.net\/index.php\/2010\/02\/05\/vakit-tahrik-vakti-erkan-kucuk\/#breadcrumb\"},\"inLanguage\":\"tr\",\"potentialAction\":[{\"@type\":\"ReadAction\",\"target\":[\"https:\/\/narteks.net\/index.php\/2010\/02\/05\/vakit-tahrik-vakti-erkan-kucuk\/\"]}]},{\"@type\":\"BreadcrumbList\",\"@id\":\"https:\/\/narteks.net\/index.php\/2010\/02\/05\/vakit-tahrik-vakti-erkan-kucuk\/#breadcrumb\",\"itemListElement\":[{\"@type\":\"ListItem\",\"position\":1,\"name\":\"Anasayfa\",\"item\":\"https:\/\/narteks.net\/\"},{\"@type\":\"ListItem\",\"position\":2,\"name\":\"Vakit tahrik Vakti; Erkan K\u00fc\u00e7\u00fck\"}]},{\"@type\":\"WebSite\",\"@id\":\"https:\/\/narteks.net\/#website\",\"url\":\"https:\/\/narteks.net\/\",\"name\":\"narteks.net\",\"description\":\"K\u00fclt\u00fcr Sanat Edebiyat Felsefe\",\"publisher\":{\"@id\":\"https:\/\/narteks.net\/#organization\"},\"alternateName\":\"K\u00fclt\u00fcr Sanat Edebiyat Felsefe\",\"potentialAction\":[{\"@type\":\"SearchAction\",\"target\":{\"@type\":\"EntryPoint\",\"urlTemplate\":\"https:\/\/narteks.net\/?s={search_term_string}\"},\"query-input\":{\"@type\":\"PropertyValueSpecification\",\"valueRequired\":true,\"valueName\":\"search_term_string\"}}],\"inLanguage\":\"tr\"},{\"@type\":\"Organization\",\"@id\":\"https:\/\/narteks.net\/#organization\",\"name\":\"narteks.net\",\"url\":\"https:\/\/narteks.net\/\",\"logo\":{\"@type\":\"ImageObject\",\"inLanguage\":\"tr\",\"@id\":\"https:\/\/narteks.net\/#\/schema\/logo\/image\/\",\"url\":\"https:\/\/narteks.net\/wp-content\/uploads\/narteks.png\",\"contentUrl\":\"https:\/\/narteks.net\/wp-content\/uploads\/narteks.png\",\"width\":300,\"height\":90,\"caption\":\"narteks.net\"},\"image\":{\"@id\":\"https:\/\/narteks.net\/#\/schema\/logo\/image\/\"},\"sameAs\":[\"https:\/\/x.com\/narteks\",\"https:\/\/instagram.com\/narteksnet\"]},{\"@type\":\"Person\",\"@id\":\"https:\/\/narteks.net\/#\/schema\/person\/61f37d9834294b72d31d274e7ed79bca\",\"name\":\"Tar\u0131k\",\"image\":{\"@type\":\"ImageObject\",\"inLanguage\":\"tr\",\"@id\":\"https:\/\/narteks.net\/#\/schema\/person\/image\/\",\"url\":\"https:\/\/secure.gravatar.com\/avatar\/50865afb55632c4ae467e0af0930f6510aa2297d8014be502a55b14f3b7550cf?s=96&d=mm&r=g\",\"contentUrl\":\"https:\/\/secure.gravatar.com\/avatar\/50865afb55632c4ae467e0af0930f6510aa2297d8014be502a55b14f3b7550cf?s=96&d=mm&r=g\",\"caption\":\"Tar\u0131k\"},\"sameAs\":[\"http:\/\/narteks.net\"],\"url\":\"https:\/\/narteks.net\/index.php\/author\/narbak\/\"}]}<\/script>\n<!-- \/ Yoast SEO Premium plugin. -->","yoast_head_json":{"title":"Vakit tahrik Vakti; Erkan K\u00fc\u00e7\u00fck - narteks.net","robots":{"index":"index","follow":"follow","max-snippet":"max-snippet:-1","max-image-preview":"max-image-preview:large","max-video-preview":"max-video-preview:-1"},"canonical":"https:\/\/narteks.net\/index.php\/2010\/02\/05\/vakit-tahrik-vakti-erkan-kucuk\/","og_locale":"tr_TR","og_type":"article","og_title":"Vakit tahrik Vakti; Erkan K\u00fc\u00e7\u00fck","og_description":"Vakit gazetesinde\u00a0 \u201c Ahlaks\u0131z oyun\u2019dan tahrik dolu mesajlar\u201d ba\u015fl\u0131\u011f\u0131yla yer alan habere g\u00f6re\u00a0 Kumbarac\u0131 50&#8217;de sahnelenecek olan \u201cYala ama yutma\u201d adl\u0131 oyun melekleri uygunsuz bir durumda g\u00f6sterdi\u011fi i\u00e7in halk\u0131n dini duygular\u0131n\u0131 incitiyormu\u015f.\u00a0 Oyun yazar\u0131n\u0131n ad\u0131n\u0131n bile yanl\u0131\u015f yaz\u0131ld\u0131\u011f\u0131 bu ele\u015ftirinin!\u00a0 provokat\u00f6rl\u00fc\u011f\u00fcyle nam salm\u0131\u015f bir gazetede yer almas\u0131n\u0131n art niyetten uzak oldu\u011funu s\u00f6ylemek m\u00fcmk\u00fcn de\u011fil. Gazete, [&hellip;]","og_url":"https:\/\/narteks.net\/index.php\/2010\/02\/05\/vakit-tahrik-vakti-erkan-kucuk\/","og_site_name":"narteks.net","article_published_time":"2010-02-05T17:24:47+00:00","og_image":[{"width":300,"height":90,"url":"https:\/\/narteks.net\/wp-content\/uploads\/narteks.png","type":"image\/png"}],"author":"Tar\u0131k","twitter_card":"summary_large_image","twitter_creator":"@narteks","twitter_site":"@narteks","twitter_misc":{"Yazan:":"Tar\u0131k","Tahmini okuma s\u00fcresi":"2 dakika"},"schema":{"@context":"https:\/\/schema.org","@graph":[{"@type":"Article","@id":"https:\/\/narteks.net\/index.php\/2010\/02\/05\/vakit-tahrik-vakti-erkan-kucuk\/#article","isPartOf":{"@id":"https:\/\/narteks.net\/index.php\/2010\/02\/05\/vakit-tahrik-vakti-erkan-kucuk\/"},"author":{"name":"Tar\u0131k","@id":"https:\/\/narteks.net\/#\/schema\/person\/61f37d9834294b72d31d274e7ed79bca"},"headline":"Vakit tahrik Vakti; Erkan K\u00fc\u00e7\u00fck","datePublished":"2010-02-05T17:24:47+00:00","mainEntityOfPage":{"@id":"https:\/\/narteks.net\/index.php\/2010\/02\/05\/vakit-tahrik-vakti-erkan-kucuk\/"},"wordCount":359,"commentCount":0,"publisher":{"@id":"https:\/\/narteks.net\/#organization"},"articleSection":["Erkan K\u00fc\u00e7\u00fck (Makale)"],"inLanguage":"tr","potentialAction":[{"@type":"CommentAction","name":"Comment","target":["https:\/\/narteks.net\/index.php\/2010\/02\/05\/vakit-tahrik-vakti-erkan-kucuk\/#respond"]}]},{"@type":"WebPage","@id":"https:\/\/narteks.net\/index.php\/2010\/02\/05\/vakit-tahrik-vakti-erkan-kucuk\/","url":"https:\/\/narteks.net\/index.php\/2010\/02\/05\/vakit-tahrik-vakti-erkan-kucuk\/","name":"Vakit tahrik Vakti; Erkan K\u00fc\u00e7\u00fck - narteks.net","isPartOf":{"@id":"https:\/\/narteks.net\/#website"},"datePublished":"2010-02-05T17:24:47+00:00","breadcrumb":{"@id":"https:\/\/narteks.net\/index.php\/2010\/02\/05\/vakit-tahrik-vakti-erkan-kucuk\/#breadcrumb"},"inLanguage":"tr","potentialAction":[{"@type":"ReadAction","target":["https:\/\/narteks.net\/index.php\/2010\/02\/05\/vakit-tahrik-vakti-erkan-kucuk\/"]}]},{"@type":"BreadcrumbList","@id":"https:\/\/narteks.net\/index.php\/2010\/02\/05\/vakit-tahrik-vakti-erkan-kucuk\/#breadcrumb","itemListElement":[{"@type":"ListItem","position":1,"name":"Anasayfa","item":"https:\/\/narteks.net\/"},{"@type":"ListItem","position":2,"name":"Vakit tahrik Vakti; Erkan K\u00fc\u00e7\u00fck"}]},{"@type":"WebSite","@id":"https:\/\/narteks.net\/#website","url":"https:\/\/narteks.net\/","name":"narteks.net","description":"K\u00fclt\u00fcr Sanat Edebiyat Felsefe","publisher":{"@id":"https:\/\/narteks.net\/#organization"},"alternateName":"K\u00fclt\u00fcr Sanat Edebiyat Felsefe","potentialAction":[{"@type":"SearchAction","target":{"@type":"EntryPoint","urlTemplate":"https:\/\/narteks.net\/?s={search_term_string}"},"query-input":{"@type":"PropertyValueSpecification","valueRequired":true,"valueName":"search_term_string"}}],"inLanguage":"tr"},{"@type":"Organization","@id":"https:\/\/narteks.net\/#organization","name":"narteks.net","url":"https:\/\/narteks.net\/","logo":{"@type":"ImageObject","inLanguage":"tr","@id":"https:\/\/narteks.net\/#\/schema\/logo\/image\/","url":"https:\/\/narteks.net\/wp-content\/uploads\/narteks.png","contentUrl":"https:\/\/narteks.net\/wp-content\/uploads\/narteks.png","width":300,"height":90,"caption":"narteks.net"},"image":{"@id":"https:\/\/narteks.net\/#\/schema\/logo\/image\/"},"sameAs":["https:\/\/x.com\/narteks","https:\/\/instagram.com\/narteksnet"]},{"@type":"Person","@id":"https:\/\/narteks.net\/#\/schema\/person\/61f37d9834294b72d31d274e7ed79bca","name":"Tar\u0131k","image":{"@type":"ImageObject","inLanguage":"tr","@id":"https:\/\/narteks.net\/#\/schema\/person\/image\/","url":"https:\/\/secure.gravatar.com\/avatar\/50865afb55632c4ae467e0af0930f6510aa2297d8014be502a55b14f3b7550cf?s=96&d=mm&r=g","contentUrl":"https:\/\/secure.gravatar.com\/avatar\/50865afb55632c4ae467e0af0930f6510aa2297d8014be502a55b14f3b7550cf?s=96&d=mm&r=g","caption":"Tar\u0131k"},"sameAs":["http:\/\/narteks.net"],"url":"https:\/\/narteks.net\/index.php\/author\/narbak\/"}]}},"_links":{"self":[{"href":"https:\/\/narteks.net\/index.php\/wp-json\/wp\/v2\/posts\/4151","targetHints":{"allow":["GET"]}}],"collection":[{"href":"https:\/\/narteks.net\/index.php\/wp-json\/wp\/v2\/posts"}],"about":[{"href":"https:\/\/narteks.net\/index.php\/wp-json\/wp\/v2\/types\/post"}],"author":[{"embeddable":true,"href":"https:\/\/narteks.net\/index.php\/wp-json\/wp\/v2\/users\/1"}],"replies":[{"embeddable":true,"href":"https:\/\/narteks.net\/index.php\/wp-json\/wp\/v2\/comments?post=4151"}],"version-history":[{"count":0,"href":"https:\/\/narteks.net\/index.php\/wp-json\/wp\/v2\/posts\/4151\/revisions"}],"wp:attachment":[{"href":"https:\/\/narteks.net\/index.php\/wp-json\/wp\/v2\/media?parent=4151"}],"wp:term":[{"taxonomy":"category","embeddable":true,"href":"https:\/\/narteks.net\/index.php\/wp-json\/wp\/v2\/categories?post=4151"},{"taxonomy":"post_tag","embeddable":true,"href":"https:\/\/narteks.net\/index.php\/wp-json\/wp\/v2\/tags?post=4151"}],"curies":[{"name":"wp","href":"https:\/\/api.w.org\/{rel}","templated":true}]}}