{"id":4153,"date":"2010-02-06T12:05:07","date_gmt":"2010-02-06T09:05:07","guid":{"rendered":"http:\/\/localhost\/wordpress\/2010\/02\/06\/mezopotamyanin-imkansiz-ask-hikayesi-mem-u-zin-ehmede-xani\/"},"modified":"2010-02-06T12:05:07","modified_gmt":"2010-02-06T09:05:07","slug":"mezopotamyanin-imkansiz-ask-hikayesi-mem-u-zin-ehmede-xani","status":"publish","type":"post","link":"https:\/\/narteks.net\/index.php\/2010\/02\/06\/mezopotamyanin-imkansiz-ask-hikayesi-mem-u-zin-ehmede-xani\/","title":{"rendered":"Mezopotamya&#8217;n\u0131n imkans\u0131z a\u015fk hikayesi | Mem \u00fb Z\u00een &#8211; Ehmed\u00ea Xan\u00ee"},"content":{"rendered":"<p style=\"text-align: justify;\"><img loading=\"lazy\" decoding=\"async\" src=\"images\/stories\/memuzin.jpg\" border=\"0\" width=\"155\" height=\"205\" style=\"float: left;\" \/>Cizre  h\u00fck\u00fcmdarlar\u0131ndan Mir Abdullah&#8217;\u0131n o\u011flu Mir Zeynuddin zaman\u0131nda (854 Hicri,  1451\/1451 Miladi) y\u0131llar\u0131nda olay meydana gelmi\u015ftir.K\u00fcrt \u015fairi, bilgini olan  Ehmed\u00ea Xan\u00ee taraf\u0131ndan yaz\u0131lm\u0131\u015f ve 1695 y\u0131ll\u0131nda tamamlanm\u0131\u015ft\u0131r. Bu eserin  hangi tar\u0131hte yaz\u0131lm\u0131\u015f oldu\u011fu hakk\u0131nda hi\u00e7bir belge yoktur. 1690 y\u0131l\u0131nda yazmaya  ba\u015flad\u0131\u011f\u0131 s\u00f6ylenmektedir.Xan\u00ee&#8217;nin, hangi tarihte do\u011fup hangi tarihte vefat  etti\u011fi hakk\u0131nda da kesin bilgiler mevcut de\u011fil. Buna ra\u011fmen Xan\u00ee&#8217;nin (1651\/52)  y\u0131l\u0131nda Hakk\u00e2r\u00ee b\u00f6lgesinde bulunan X\u00e2n k\u00f6y\u00fcnde d\u00fcnyaya geldi\u011fi ve ismini buradan  ald\u0131\u011f\u0131 yarg\u0131s\u0131 g\u00fc\u00e7l\u00fcd\u00fcr.<\/p>\n<p style=\"text-align: justify;\">Ehmed\u00ea Xan\u00ee, K\u00fcrt edebiyat\u0131na can verenlerin ba\u015f\u0131nda gelmektedir. Ve K\u00fcrt  halk\u0131na bir\u00e7ok eser arma\u011fan etmi\u015ftir. Bu eserlenden biri (\u015faheseri) olan Mem \u00fb  Z\u00een&#8217;dir.<\/p>\n<p style=\"text-align: justify;\">Ahmed\u00ea Xan\u00ee, bu olaydan yakla\u015f\u0131k olarak 240 y\u0131l sonra Cizre&#8217;ye gelmi\u015f ve  eserini yazm\u0131\u015ft\u0131r. Bu \u00f6l\u00fcms\u00fcz eser hakk\u0131nda g\u00fcn\u00fcm\u00fcze kadar onlanca inceleme  kitab\u0131 ve y\u00fczlerce makale yay\u0131nlanm\u0131\u015f, konferanslar d\u00fczenlenmi\u015f, tart\u0131\u015fmalar  yap\u0131lm\u0131\u015ft\u0131r.<\/p>\n<p style=\"text-align: justify;\">Sonu olmayan s\u0131n\u0131rs\u0131z g\u00fczelli\u011fin, sonu gelmez a\u015f\u0131klar\u0131n\u0131n destan\u0131d\u0131r. fakat  a\u015f\u0131klarla arzu sahipleri ayr\u0131d\u0131r, baz\u0131s\u0131 faydalanmak ister, \u00f6teki feda olmak.  baz\u0131lar\u0131 canlar\u0131 i\u00e7in ister canan\u0131, baz\u0131lar\u0131 da cananlar\u0131 i\u00e7in verir can\u0131.  kimisi kavu\u015fmak ister, tacdin gibi. kimi de derdi se\u00e7er, mem u zin gibi&#8230;.<\/p>\n<p style=\"text-align: justify;\">Sulara bakt\u0131\u011f\u0131 zaman, kanl\u0131 g\u00f6zya\u015flar\u0131 her iki g\u00f6z\u00fcnden akard\u0131, bah\u00e7enin  alan\u0131 b\u00fclb\u00fcl\u00fcn a\u015fk\u0131na dondu, g\u00fcl suyuyla g\u00fclleri sulard\u0131. ger\u00e7ekten bir \u00e7am  a\u011fac\u0131na benzeyen boyunu, parlak g\u00fcne\u015f gibi \u0131\u015f\u0131kl\u0131 olan yana\u011f\u0131n\u0131, \u00f6ylesine  yerlere s\u00fcrterdi ki, topraklar\u0131 ve tarhlar\u0131 s\u0131kard\u0131. toprak onun i\u00e7in ah ederdi,  ta\u015flar inlerdi, a\u011fa\u00e7lar onun icin vah ederdi, yapraklar s\u0131zlard\u0131. dertlerin  elinden \u00e7ekti\u011fi zaman, fele\u011fin aynas\u0131n\u0131n y\u00fcz\u00fcn\u00fc karart\u0131rd\u0131. kendi rengiyle  g\u00fcllerin rengini soldurdu, kendi sesiyle b\u00fclb\u00fcl\u00fc mahzun k\u0131ld\u0131. b\u00fclb\u00fcl onunla ses  orta\u011f\u0131 olamazd\u0131, k\u0131rm\u0131z\u0131 g\u00fcl de onunla renk orta\u011f\u0131 olamazd\u0131.<\/p>\n<p style=\"text-align: justify;\">&#8230;<\/p>\n<p style=\"text-align: justify;\">i\u015fte o a\u011f\u0131rba\u015fl\u0131 da\u011f ve sakin deniz, a\u015fk taraf\u0131ndan hafifletilmi\u015f,  delirtilmi\u015fti, yani hasta ve fena halde olan mem, zay\u0131fl\u0131k taraf\u0131ndan cok  peri\u015fan olmu\u015ftu. halk \u015fehirden \u00e7\u0131kt\u0131\u011f\u0131 g\u00fcn, zin hayalinin sevdas\u0131 onun ba\u015f\u0131na  vurdu. a\u015fk derdinden sarho\u015f ve hasta olan mem reyhanlara s\u00fcmb\u00fcllere bakt\u0131; &#8221; ey  g\u00fcl! ger\u00e7i sen de nazeninsin, ama sen nerede, zinin y\u00fcz\u00fcn\u00fcn rengi nerede?<\/p>\n<p style=\"text-align: justify;\">***************<\/p>\n<p style=\"text-align: justify;\"><strong>Mem u Z\u00een Hikayesi<\/strong><\/p>\n<p style=\"text-align: justify;\">Cizre Beyi, Mir Zeynuddin&#8217;in Z\u00een ve Sit\u00ee adlar\u0131nda iki tane bac\u0131s\u0131 vard\u0131.<\/p>\n<p style=\"text-align: justify;\">Z\u00een, beyaz tenli, beyin can ci\u011feriydi. Bey onu \u00e7ok severdi. Sit\u00ee ise esmer,  selvi boylu biriydi. Tacdin, Beyin Divan Vezirinin o\u011fluydu. Hik\u00e2yenin ana  kahraman\u0131 Mem ise Tacdin&#8217;in manevi karde\u015fi ve dostuydu. Botan b\u00f6lgesinde bahar\u0131n  m\u00fcjdecisi olan Mart ay\u0131nda (21 Mart Newroz), e\u011flence ve bayram g\u00fcnlerinde \u00e7oluk  &#8211; \u00e7ocuk b\u00fct\u00fcn Cizre halk\u0131 k\u0131rlara \u00e7\u0131kar s\u00fcslenirlerdi.<\/p>\n<p style=\"text-align: justify;\">\u0130\u015fte b\u00f6yle bir g\u00fcnde Mem ile Tacdin, y\u00f6redeki k\u00f6se gelene\u011finin de bir t\u00fcr  etkisiyle kendilerine k\u0131zlar gibi s\u00fcs verip ve k\u0131yafet de\u011fi\u015ftirerek \u015fenli\u011fe  kat\u0131l\u0131rlar. \u015eenlik alan\u0131na vard\u0131klar\u0131nda erkek k\u0131yafetli iki ki\u015fiyi g\u00f6r\u00fcrler  (onlar Sit\u00ee ile Z\u00een&#8217;di). Onlar\u0131 g\u00f6r\u00fcr g\u00f6rmez ikiside yere d\u00fc\u015f\u00fcp bay\u0131ld\u0131lar. Sit\u00ee  ile Z\u00een bayan k\u0131yafetli iki erke\u011fi iyice s\u00fczerek onlar sezmeden kendi  y\u00fczeklerini onlar\u0131n parmaklar\u0131na ge\u00e7irip oradan ayr\u0131l\u0131rlar. Mem ile Tacdin  ay\u0131ld\u0131klar\u0131nda kendilerinin bezgin ve sersemlemi\u015f bulurlar. Bu esnada Tacdin  Mem&#8217;in parma\u011f\u0131nda, \u00fczerinde Z\u00een yaz\u0131l\u0131 m\u00fccevheri fark eder, Tacdin Mem&#8217;\u0131n  parma\u011f\u0131na do\u011fru elini uzat\u0131nca Mem de onun parma\u011f\u0131nda bulunan paha bi\u00e7ilmez ve  \u00fczerinde Sit\u00ee yaz\u0131lm\u0131\u015f olan y\u00fcz\u00fc\u011f\u00fc g\u00f6r\u00fcr. \u0130kiside S\u00eeti ve Z\u00een&#8217;in ne yapm\u0131\u015f  olduklar\u0131n\u0131 anlarlar.<\/p>\n<p style=\"text-align: justify;\">Sit\u00ee ile Z\u00een dad\u0131lar\u0131 olan Heyzebun&#8217;a anlat\u0131rlar. Dad\u0131lar\u0131 bir hekim k\u0131l\u0131\u011f\u0131na  girerek hasta olan Mem ve Tacdin&#8217;in yan\u0131na var\u0131p, Sit\u00ee ve Z\u00een&#8217;inde onlar gibi  yand\u0131\u011f\u0131n\u0131 s\u00f6yler ve y\u00fcz\u00fckleri geri ister. Tacdin y\u00fcz\u00fc\u011f\u00fc geri verir. Fakat Mem  &#8216;bununla ya\u015f\u0131yorum&#8217; diyerek y\u00fcz\u00fc\u011f\u00fc vermez.<\/p>\n<p style=\"text-align: justify;\">Mem ile Tacdin kalk\u0131p arkada\u015flar\u0131na durumu anlat\u0131rlar. Bunun \u00fczerine Tacdin  i\u00e7in Cizre&#8217;nin \u00f6nde gelenleri arac\u0131 olurlar ve Cizre Bey&#8217;inden Sit\u00ee&#8217;yi Tacdine  isterlerler.<\/p>\n<p style=\"text-align: justify;\">Bey, Tacdin&#8217;e Sit\u00ee&#8217;yi verir. B\u00f6ylece yedi g\u00fcn yedi gece d\u00fc\u011f\u00fcn yap\u0131l\u0131r.<\/p>\n<p style=\"text-align: justify;\">Aslen Botanl\u0131 olmay\u0131p \u0130ran&#8217;\u0131n bir k\u00f6y\u00fcnden (Merguverli) olan Beko, Bey&#8217;in  kap\u0131c\u0131s\u0131d\u0131r. Tacdin Beko&#8217;yu hi\u00e7 sevmez. Bey&#8217;e ka\u00e7 sefer bu adam\u0131n kap\u0131c\u0131l\u0131\u011fa  lay\u0131k olmad\u0131\u011f\u0131n\u0131 s\u00f6yler fakat Bey her defas\u0131nda, &#8216;de\u011firmenimiz onunla d\u00f6n\u00fcyor.  K\u00f6pekler de kap\u0131c\u0131d\u0131rlar&#8217; der. Beko, Bey&#8217;in Z\u00een&#8217;i Mem&#8217;e vermemesi i\u00e7in &#8216;Efendim,  Tacdin kendi taraf\u0131ndan Z\u00een&#8217;i Mem&#8217;e vermi\u015f.&#8217; yalan\u0131n\u0131 uydurur. Bunun \u00fczerine  k\u0131zan Bey, &#8220;And i\u00e7erim ki, Z\u00een&#8217;i e\u015f olarak Mem&#8217;e vermeyece\u011fim. Ben K\u00fcrde k\u0131z  vermem!&#8221; der.<\/p>\n<p style=\"text-align: justify;\">Bey&#8217;in ava \u00e7\u0131kt\u0131\u011f\u0131 bir g\u00fcnde Mem Z\u00een&#8217;i g\u00f6rmek i\u00e7in bah\u00e7eye girer. Mem&#8217;i g\u00f6ren  Z\u00een birden y\u0131k\u0131l\u0131verir yere. Bu s\u0131rada Mem onu g\u00f6rmez g\u00fcl ve reyhanlar\u0131  seyrederek \u015f\u00f6yle der:<\/p>\n<p style=\"text-align: justify;\">&#8216;Ey gul! Eger tu nazen\u00een\u00ee, \/ &#8216;Ey g\u00fcl! Ger\u00e7i sen de nazeninsin,<\/p>\n<p style=\"text-align: justify;\">Keng\u00ea tu ji reng\u00ea ruy\u00ea Z\u00een&#8217;\u00ee \/ Sen nerde, Zin&#8217;in y\u00fcz\u00fcn\u00fcn rengi nerde?<\/p>\n<p style=\"text-align: justify;\">Ey s\u0131nb\u0131l! Eger hey\u00ee tu xwe\u015f b\u00fb, \/ Ey s\u00fcnb\u00fcl! Ger\u00e7i senin g\u00fczel kokan  var,<\/p>\n<p style=\"text-align: justify;\">Reyhan ji te b\u00fby\u00eene s\u00eeyehr\u00fb, \/ Reyhan senin i\u00e7in kara y\u00fczl\u00fc olmu\u015f.<\/p>\n<p style=\"text-align: justify;\">Hun ne ji m\u00eesal\u00ea zilfe yarin \/ Fakat siz yarimin z\u00fclfine benzemezsiniz.<\/p>\n<p style=\"text-align: justify;\">Hun her du f\u0131z\u00fbl \u00fb he zekar\u0131n \/ \u0130kiniz de ars\u0131z ve herzecisiniz.<\/p>\n<p style=\"text-align: justify;\">Ey b\u0131lb\u0131l! Eger tu ehl\u00ea hal\u00ee \/ Ey b\u00fclb\u00fcl! Ger\u00e7i sen de a\u015fk adam\u0131s\u0131n,<\/p>\n<p style=\"text-align: justify;\">Perwany\u00ea \u015fem&#8217;\u00ea werd\u00ea al\u00ee, \/ K\u0131rm\u0131z\u0131 g\u00fcl mumunun pervanesisin.<\/p>\n<p style=\"text-align: justify;\">Z\u00een&#8217;a me ji sorgula te ge\u015ftir \/ Benim Z\u00een&#8217;im senin k\u0131r\u0131m\u0131z\u0131 g\u00fcl\u00fcnden daha  \u015fendir.<\/p>\n<p style=\"text-align: justify;\">Bext&#8217;\u00ea me ji tal\u0131\u00ea te re\u015ftir&#8217; \/ Benim baht\u0131m da senin talihinden daha  karad\u0131r.&#8217;<\/p>\n<p style=\"text-align: justify;\">Mem bunu s\u00f6yledikten sonra Z\u00een&#8217;i g\u00f6r\u00fcr ve o da orada bay\u0131l\u0131r. Ava giden Bey,  avdan d\u00f6n\u00fcnce Mem&#8217;i bir abaya sar\u0131lm\u0131\u015f bir \u015fekilde bah\u00e7ede g\u00f6r\u00fcr. Mem, &#8216;Beyim,  biliyorsunuz ben hastay\u0131m can\u0131m s\u0131k\u0131ld\u0131 gezeyim derken sonra kendimi burda  buldum&#8217; der. Bey&#8217;in yan\u0131nda bulunan Tacdin aban\u0131n alt\u0131nda Z\u00een&#8217;in sa\u00e7lar\u0131n\u0131  g\u00f6r\u00fcr, durumu anlayan Tacdin, Bey&#8217;i ikna ederek divana do\u011fru g\u00f6t\u00fcr\u00fcr. Daha sonra  eve gidip Sit\u00ee ve \u00e7ocu\u011funu evden \u00e7\u0131kararak, evi ate\u015fe verir. B\u00f6ylece Mem ile  Z\u00een&#8217;in kurtulu\u015fu i\u00e7in Tacdin evini feda eder. Emsali g\u00f6r\u00fclmemi\u015f bir dostluk  \u00f6rne\u011fini sergiler.<\/p>\n<p style=\"text-align: justify;\">Beko&#8217;nun oyunlar\u0131yla beyle satran\u00e7 oynamaya ikna edilen Mem ba\u015flang\u0131\u00e7ta ilk  \u00fc\u00e7 oyunu al\u0131r. Beko Mem&#8217;in iyi oynad\u0131\u011f\u0131n\u0131 g\u00f6r\u00fcnce Mem&#8217;in y\u00f6n\u00fcn\u00fc Z\u00een&#8217;e do\u011fru  \u00e7evirir. Z\u00een&#8217;i g\u00f6r\u00fcp hayallere dalan Mem, Bey&#8217;e yenilir. Sevgilisinin Z\u00een  oldu\u011funu \u00f6\u011frenen bey Mem&#8217;i zindana atar.<\/p>\n<p style=\"text-align: justify;\">Bir seneye yak\u0131n zindanda kalan Mem, Z\u00een&#8217;in hasretine dayanamay\u0131p \u00f6l\u00fcr.  Mem&#8217;in cenazesinin kald\u0131r\u0131ld\u0131\u011f\u0131 esnada Tacdin Beko&#8217;yu g\u00f6r\u00fcp \u00f6ld\u00fcr\u00fcr.<\/p>\n<p style=\"text-align: justify;\">Beko&#8217;nun \u00f6ld\u00fc\u011f\u00fcn\u00fc g\u00f6ren Z\u00een, bak\u0131n hakk\u0131nda ne d\u00fc\u015f\u00fcn\u00fcyor:<\/p>\n<p style=\"text-align: justify;\">&#8216;Ey \u015fah \u00fb wezir\u00ea izz-\u00fb temkin! \/ &#8216;Ey izz ve temkinli \u015fah ve vezir!<\/p>\n<p style=\"text-align: justify;\">Ez h\u00eav\u00ee dikim ne kin \u00eenad\u00ea \/ Rica ediyorum inat etmeyiniz,<\/p>\n<p style=\"text-align: justify;\">Der heqq\u00ea vi menbe\u00ea fesad\u00ea \/ Bu fesat kayna\u011f\u0131 hakk\u0131nda.<\/p>\n<p style=\"text-align: justify;\">Lewra ku xwedan\u00ea ins \u00fb canan \/ \u00c7\u00fcnk\u00fc insanlar ve cinlerin Allah\u0131n,<\/p>\n<p style=\"text-align: justify;\">Wi xaliqe erd \u00fb asimanan, \/ Yer ve g\u00f6klerin yarat\u0131c\u0131s\u0131,<\/p>\n<p style=\"text-align: justify;\">Roja ew\u00ee hubbe da heb\u00eeban \/ Sevgiyi, sevgilileri verdi\u011fi g\u00fcn,<\/p>\n<p style=\"text-align: justify;\">H\u0131ng\u00ea ew\u00ee buxz\u00ea da raqiban \/ O zaman bu\u011fzu da rakiblere verdi.<\/p>\n<p style=\"text-align: justify;\">&#8230; \/ &#8230;<\/p>\n<p style=\"text-align: justify;\">Em sorgulin, ew jibo me xare \/ Biz k\u0131rm\u0131z\u0131 g\u00fcl\u00fcz, o bizim i\u00e7in dikendir<\/p>\n<p style=\"text-align: justify;\">Em genc\u00een \u00fb ew jibo me mare \/ Biz hazineyiz o bizim i\u00e7in y\u0131land\u0131r.<\/p>\n<p style=\"text-align: justify;\">Gul h\u0131fz-\u0131 di bin bi n\u00fbk\u00ea xaran \/ G\u00fcller dikenlerin gagas\u0131yla korunur,<\/p>\n<p style=\"text-align: justify;\">Genc\u00eene xwedan di bin bi maran \/ Hazineler de y\u0131lanlarla beslenir.<\/p>\n<p style=\"text-align: justify;\">&#8230; &#8230;<\/p>\n<p style=\"text-align: justify;\">Ger ew ne b\u00fbya di n\u00eav me hail \/ E\u011fer o olmasayd\u0131 aram\u0131zda engel,<\/p>\n<p style=\"text-align: justify;\">I\u015fqa me di b\u00fb betal \u00fb zail&#8217; \/ A\u015fk\u0131m\u0131z da bozulur ve zail olurdu.&#8217;<\/p>\n<p style=\"text-align: justify;\">&#8220;Nas\u0131l ki bir g\u00fcl\u00fc diken, hazineyi de y\u0131lan koruyorsa, bizim de bek\u00e7imiz  (k\u00f6pe\u011fimiz) Beko olacakt\u0131r.&#8221; Diyen Z\u00een, Mem&#8217;in mezar\u0131n\u0131n ba\u015f\u0131nda devaml\u0131  a\u011flayarak \u015f\u00f6yle der:<\/p>\n<p style=\"text-align: justify;\">&#8216;Ey v\u00fccudumun ve can\u0131m\u0131n m\u00fclk\u00fcm\u00fcn sahibi,<\/p>\n<p style=\"text-align: justify;\">Ben bah\u00e7eyim, sen de bah\u00e7\u0131van<\/p>\n<p style=\"text-align: justify;\">Senin bah\u00e7en sahipsizdir<\/p>\n<p style=\"text-align: justify;\">Sen olamazsan onlar neye yarar<\/p>\n<p style=\"text-align: justify;\">Ka\u015flar, g\u00f6zler, z\u00fcl\u00fcfler neyedir.<\/p>\n<p style=\"text-align: justify;\">Z\u00fclf\u00fcm\u00fc tel tel \u00e7ekeyim<\/p>\n<p style=\"text-align: justify;\">Sonra yarim sen beni belki de\u011fi\u015fik g\u00f6r\u00fcrs\u00fcn<\/p>\n<p style=\"text-align: justify;\">En iyi hepsi yerinde kals\u0131n<\/p>\n<p style=\"text-align: justify;\">Hakk&#8217;a emanetim teslim ediyim.&#8217;<\/p>\n<p style=\"text-align: justify;\">diyerek yap\u0131\u015ft\u0131\u011f\u0131 Mem&#8217;in mezar ta\u015f\u0131nda can\u0131n\u0131 verir. Bey, Z\u00een&#8217;i g\u00f6mmek i\u00e7in  Mem&#8217;in mezar\u0131n\u0131 a\u00e7t\u0131rarak Z\u00een&#8217;in sark\u0131t\u0131ld\u0131\u011f\u0131 esnada seslenir ve \u015f\u00f6yle der:<\/p>\n<p style=\"text-align: justify;\">&#8220;Memo! Al sana yar!&#8221; der<\/p>\n<p style=\"text-align: justify;\">*********<\/p>\n<p style=\"text-align: justify;\">Xan\u00ee, bu a\u015fk hik\u00e2yesini, K\u00fcrt halk\u0131 aras\u0131nda olduk\u00e7a yayg\u0131n olan ve s\u00f6zl\u00fc  gelenek yoluyla y\u00fczy\u0131llarca dilden, dile dola\u015fan &#8216;Mem\u00ea Alan Destan\u0131&#8221;\u0131ndan  esinlenerek yazm\u0131\u015ft\u0131r. Mitolojik bir nitelik kazanan bu destan M.\u00d6.&#8217;den bu yana halk aras\u0131nda, daha \u00e7ok &#8216;dengb\u00eaj&#8217; &#8216;ler taraf\u0131ndan  ve \u00f6zellikle uzun k\u0131\u015f gecelerinde ard arda uzay\u0131p giden gecelerde manzum ve  bazen de anlat\u0131c\u0131 durup mensur (hikaye edici bir dille) anlat\u0131rd\u0131. Uzun soluklu bu dengb\u00eajleri, halk \u00e2deta b\u00fcy\u00fclenmi\u015f bir \u015fekilde ve  kendinden ge\u00e7ercesine saatlerce dinler ve onu takip eden gecelerde hik\u00e2yenin sonunu b\u00fcy\u00fck bir sab\u0131rs\u0131zl\u0131k ve merakla beklerdi. Halk\u0131n ilgisini g\u00f6re  anlat\u0131c\u0131s\u0131 da hik\u00e2yenin k\u0131sa veya uzunlu\u011funu belirler. Xan\u00ee, &#8216;Mem \u00fb Z\u00een&#8217; &#8216; i  XVII. Y\u00fczy\u0131l\u0131n sonlar\u0131nda yazm\u0131\u015ft\u0131r. O d\u00f6nemde yaz\u0131lm\u0131\u015f olan b\u00fct\u00fcn eserlerde Arap\u00e7a ve  Fars\u00e7a&#8217;n\u0131n etkisi alt\u0131nda kal\u0131p bu dillerden kelimeler mevcuttur. (Bu Divan  Edebiyat\u0131&#8217;n\u0131n da bir \u00f6zelli\u011fidi.) Bunda dolay\u0131d\u0131r ki bu Mem \u00fb Z\u00een&#8217;de de bu etkiyi  g\u00f6rebilmek m\u00fcmk\u00fcnd\u00fcr. Buna ra\u011fmen bu eser, K\u00fcrt dilinin ve zengin k\u00fclt\u00fcr\u00fcn\u00fcn  ispat\u0131d\u0131r. Xan\u00ee&#8217;nin, &#8216;Kurmanc\u0131m, k\u00fbh-\u00ee kenar\u00ee &#8216; (K\u00fcrd\u00fcm, da\u011fl\u0131y\u0131m, kenardan\u0131m)  deyi\u015fi, san\u0131r\u0131m bir\u00e7ok sorunun cevab\u0131 niteli\u011findedir. Bu eser, ilk olarak Ahmed Fa\u00eek  taraf\u0131ndan (1143 hicri-1730 milad\u00ee) y\u0131l\u0131nda Azeri T\u00fcrk\u00e7esine \u00e7evrilmi\u015ftir.<\/p>\n<p style=\"text-align: justify;\">S\u0131rr\u0131 Dada\u015fbilge, 1969 y\u0131l\u0131nda nesre \u00e7evirip, beyitlerini sadele\u015ftirmi\u015ftir.  42 yaprak 83 sayfadan meydana gelmi\u015f bu \u00e7evirinin ilk sayfas\u0131 zayidir. Fa\u00eek, Ehmed\u00ea Xan\u00ee&#8217;den 35 y\u0131l sonra \u00e7eviri yapm\u0131\u015ft\u0131r. \u0130ki ayr\u0131 yerden kendisinden  bahsetmekte olan Fa\u00eek ayr\u0131ca gazellerin son beyitlerinde mahlaz  kullanm\u0131\u015ft\u0131r.<\/p>\n<p style=\"text-align: justify;\">\u0130kinci olarak Abdulaziz Halis \u00c7\u0131k\u0131nta\u015f 1906 y\u0131l\u0131nda T\u00fcrk\u00e7eye \u00e7evirmi\u015ftir.  Fakat kitap bir t\u00fcrl\u00fc bas\u0131lamaz. Arap\u00e7a, Frans\u0131zca, Almanca, Rus\u00e7a ba\u015fta olmak  \u00fczere bir\u00e7ok dile \u00e7evrisi yap\u0131lm\u0131\u015ft\u0131r. 1968 y\u0131l\u0131nda M.Emin Bozarslan taraf\u0131ndan T\u00fcrk\u00e7eye  \u00e7evirilmi\u015ftir. Leyla ile Mecnun, Romeo ve Juliyet gibi Mem \u00fb Z\u00een&#8217;de d\u00fcnyan\u0131n  \u00f6l\u00fcms\u00fcz edebi eserleri aras\u0131nda yerini alm\u0131\u015ft\u0131r. Ve yine bu eserlerdeki gibi Mem \u00fb Z\u00een&#8217;de de be\u015feri a\u015fktan ilah\u00ee bir a\u015fka y\u00fckseli\u015f vard\u0131r. Bu a\u015fk  etraf\u0131nda Xan\u00ee, \u00e7a\u011f\u0131n sosyal, k\u00fclt\u00fcrel, dini ve idari durumunu g\u00fc\u00e7l\u00fc bir \u015fekilde  tasvir etmi\u015f, b\u00f6lge (Botan b\u00f6lgesi)&#8217;n\u0131n t\u00f6relerini, bayramlar\u0131n\u0131 (Burada Newroz  bayra**n\u0131n yeri olduk\u00e7a \u00f6nemli&#8230;), bayramlarla birlikte av partilerini, k\u0131r e\u011flencelerini k\u0131sacas\u0131 halk\u0131n b\u00fct\u00fcn ya\u015fant\u0131 tarzlar\u0131n\u0131 g\u00f6rebilmek  m\u00fcmk\u00fcnd\u00fcr. A\u015fk unsurunun yan\u0131nda, da\u011flardan (Cudi, Tura &#8216;Tur da\u011f\u0131&#8217;),  sulardan (\u00d6zellikle Dicle nehrini), a\u011fa\u00e7lardan, hayvanlardan, ku\u015flardan (B\u00fclb\u00fcl\u00fcn  \u00f6nemi b\u00fcy\u00fck), bitkilerden (B\u00fclb\u00fclle ba\u011flant\u0131l\u0131 olarak g\u00fcl&#8217;den ), renklerden, kokulardan s\u0131k s\u0131k bahsetmekte bunlar\u0131 okuyucunun zihninde canland\u0131r\u0131p adete  g\u00f6zler \u00f6n\u00fcne sermektedir<\/p>\n","protected":false},"excerpt":{"rendered":"<p>Cizre h\u00fck\u00fcmdarlar\u0131ndan Mir Abdullah&#8217;\u0131n o\u011flu Mir Zeynuddin zaman\u0131nda (854 Hicri, 1451\/1451 Miladi) y\u0131llar\u0131nda olay meydana gelmi\u015ftir.K\u00fcrt \u015fairi, bilgini olan Ehmed\u00ea Xan\u00ee taraf\u0131ndan yaz\u0131lm\u0131\u015f ve 1695 y\u0131ll\u0131nda tamamlanm\u0131\u015ft\u0131r. Bu eserin hangi tar\u0131hte yaz\u0131lm\u0131\u015f oldu\u011fu hakk\u0131nda hi\u00e7bir belge yoktur. 1690 y\u0131l\u0131nda yazmaya ba\u015flad\u0131\u011f\u0131 s\u00f6ylenmektedir.Xan\u00ee&#8217;nin, hangi tarihte do\u011fup hangi tarihte vefat etti\u011fi hakk\u0131nda da kesin bilgiler mevcut de\u011fil. [&hellip;]<\/p>\n","protected":false},"author":1,"featured_media":0,"comment_status":"open","ping_status":"open","sticky":false,"template":"","format":"standard","meta":{"footnotes":""},"categories":[137],"tags":[],"class_list":{"0":"post-4153","1":"post","2":"type-post","3":"status-publish","4":"format-standard","6":"category-edebiyat-turkiye"},"yoast_head":"<!-- This site is optimized with the Yoast SEO Premium plugin v24.9 (Yoast SEO v24.9) - https:\/\/yoast.com\/wordpress\/plugins\/seo\/ -->\n<title>Mezopotamya&#039;n\u0131n imkans\u0131z a\u015fk hikayesi | Mem \u00fb Z\u00een - Ehmed\u00ea Xan\u00ee - narteks.net<\/title>\n<meta name=\"robots\" content=\"index, follow, max-snippet:-1, max-image-preview:large, max-video-preview:-1\" \/>\n<link rel=\"canonical\" href=\"https:\/\/narteks.net\/index.php\/2010\/02\/06\/mezopotamyanin-imkansiz-ask-hikayesi-mem-u-zin-ehmede-xani\/\" \/>\n<meta property=\"og:locale\" content=\"tr_TR\" \/>\n<meta property=\"og:type\" content=\"article\" \/>\n<meta property=\"og:title\" content=\"Mezopotamya&#039;n\u0131n imkans\u0131z a\u015fk hikayesi | Mem \u00fb Z\u00een - Ehmed\u00ea Xan\u00ee\" \/>\n<meta property=\"og:description\" content=\"Cizre h\u00fck\u00fcmdarlar\u0131ndan Mir Abdullah&#8217;\u0131n o\u011flu Mir Zeynuddin zaman\u0131nda (854 Hicri, 1451\/1451 Miladi) y\u0131llar\u0131nda olay meydana gelmi\u015ftir.K\u00fcrt \u015fairi, bilgini olan Ehmed\u00ea Xan\u00ee taraf\u0131ndan yaz\u0131lm\u0131\u015f ve 1695 y\u0131ll\u0131nda tamamlanm\u0131\u015ft\u0131r. Bu eserin hangi tar\u0131hte yaz\u0131lm\u0131\u015f oldu\u011fu hakk\u0131nda hi\u00e7bir belge yoktur. 1690 y\u0131l\u0131nda yazmaya ba\u015flad\u0131\u011f\u0131 s\u00f6ylenmektedir.Xan\u00ee&#8217;nin, hangi tarihte do\u011fup hangi tarihte vefat etti\u011fi hakk\u0131nda da kesin bilgiler mevcut de\u011fil. [&hellip;]\" \/>\n<meta property=\"og:url\" content=\"https:\/\/narteks.net\/index.php\/2010\/02\/06\/mezopotamyanin-imkansiz-ask-hikayesi-mem-u-zin-ehmede-xani\/\" \/>\n<meta property=\"og:site_name\" content=\"narteks.net\" \/>\n<meta property=\"article:published_time\" content=\"2010-02-06T09:05:07+00:00\" \/>\n<meta property=\"og:image\" content=\"https:\/\/narteks.net\/wp-content\/uploads\/narteks.png\" \/>\n\t<meta property=\"og:image:width\" content=\"300\" \/>\n\t<meta property=\"og:image:height\" content=\"90\" \/>\n\t<meta property=\"og:image:type\" content=\"image\/png\" \/>\n<meta name=\"author\" content=\"Tar\u0131k\" \/>\n<meta name=\"twitter:card\" content=\"summary_large_image\" \/>\n<meta name=\"twitter:creator\" content=\"@narteks\" \/>\n<meta name=\"twitter:site\" content=\"@narteks\" \/>\n<meta name=\"twitter:label1\" content=\"Yazan:\" \/>\n\t<meta name=\"twitter:data1\" content=\"Tar\u0131k\" \/>\n\t<meta name=\"twitter:label2\" content=\"Tahmini okuma s\u00fcresi\" \/>\n\t<meta name=\"twitter:data2\" content=\"11 dakika\" \/>\n<script type=\"application\/ld+json\" class=\"yoast-schema-graph\">{\"@context\":\"https:\/\/schema.org\",\"@graph\":[{\"@type\":\"Article\",\"@id\":\"https:\/\/narteks.net\/index.php\/2010\/02\/06\/mezopotamyanin-imkansiz-ask-hikayesi-mem-u-zin-ehmede-xani\/#article\",\"isPartOf\":{\"@id\":\"https:\/\/narteks.net\/index.php\/2010\/02\/06\/mezopotamyanin-imkansiz-ask-hikayesi-mem-u-zin-ehmede-xani\/\"},\"author\":{\"name\":\"Tar\u0131k\",\"@id\":\"https:\/\/narteks.net\/#\/schema\/person\/61f37d9834294b72d31d274e7ed79bca\"},\"headline\":\"Mezopotamya&#8217;n\u0131n imkans\u0131z a\u015fk hikayesi | Mem \u00fb Z\u00een &#8211; Ehmed\u00ea Xan\u00ee\",\"datePublished\":\"2010-02-06T09:05:07+00:00\",\"mainEntityOfPage\":{\"@id\":\"https:\/\/narteks.net\/index.php\/2010\/02\/06\/mezopotamyanin-imkansiz-ask-hikayesi-mem-u-zin-ehmede-xani\/\"},\"wordCount\":2208,\"commentCount\":0,\"publisher\":{\"@id\":\"https:\/\/narteks.net\/#organization\"},\"articleSection\":[\"Edebiyat ( T\u00fcrkiye )\"],\"inLanguage\":\"tr\",\"potentialAction\":[{\"@type\":\"CommentAction\",\"name\":\"Comment\",\"target\":[\"https:\/\/narteks.net\/index.php\/2010\/02\/06\/mezopotamyanin-imkansiz-ask-hikayesi-mem-u-zin-ehmede-xani\/#respond\"]}]},{\"@type\":\"WebPage\",\"@id\":\"https:\/\/narteks.net\/index.php\/2010\/02\/06\/mezopotamyanin-imkansiz-ask-hikayesi-mem-u-zin-ehmede-xani\/\",\"url\":\"https:\/\/narteks.net\/index.php\/2010\/02\/06\/mezopotamyanin-imkansiz-ask-hikayesi-mem-u-zin-ehmede-xani\/\",\"name\":\"Mezopotamya'n\u0131n imkans\u0131z a\u015fk hikayesi | Mem \u00fb Z\u00een - Ehmed\u00ea Xan\u00ee - narteks.net\",\"isPartOf\":{\"@id\":\"https:\/\/narteks.net\/#website\"},\"datePublished\":\"2010-02-06T09:05:07+00:00\",\"breadcrumb\":{\"@id\":\"https:\/\/narteks.net\/index.php\/2010\/02\/06\/mezopotamyanin-imkansiz-ask-hikayesi-mem-u-zin-ehmede-xani\/#breadcrumb\"},\"inLanguage\":\"tr\",\"potentialAction\":[{\"@type\":\"ReadAction\",\"target\":[\"https:\/\/narteks.net\/index.php\/2010\/02\/06\/mezopotamyanin-imkansiz-ask-hikayesi-mem-u-zin-ehmede-xani\/\"]}]},{\"@type\":\"BreadcrumbList\",\"@id\":\"https:\/\/narteks.net\/index.php\/2010\/02\/06\/mezopotamyanin-imkansiz-ask-hikayesi-mem-u-zin-ehmede-xani\/#breadcrumb\",\"itemListElement\":[{\"@type\":\"ListItem\",\"position\":1,\"name\":\"Anasayfa\",\"item\":\"https:\/\/narteks.net\/\"},{\"@type\":\"ListItem\",\"position\":2,\"name\":\"Mezopotamya&#8217;n\u0131n imkans\u0131z a\u015fk hikayesi | Mem \u00fb Z\u00een &#8211; Ehmed\u00ea Xan\u00ee\"}]},{\"@type\":\"WebSite\",\"@id\":\"https:\/\/narteks.net\/#website\",\"url\":\"https:\/\/narteks.net\/\",\"name\":\"narteks.net\",\"description\":\"K\u00fclt\u00fcr Sanat Edebiyat Felsefe\",\"publisher\":{\"@id\":\"https:\/\/narteks.net\/#organization\"},\"alternateName\":\"K\u00fclt\u00fcr Sanat Edebiyat Felsefe\",\"potentialAction\":[{\"@type\":\"SearchAction\",\"target\":{\"@type\":\"EntryPoint\",\"urlTemplate\":\"https:\/\/narteks.net\/?s={search_term_string}\"},\"query-input\":{\"@type\":\"PropertyValueSpecification\",\"valueRequired\":true,\"valueName\":\"search_term_string\"}}],\"inLanguage\":\"tr\"},{\"@type\":\"Organization\",\"@id\":\"https:\/\/narteks.net\/#organization\",\"name\":\"narteks.net\",\"url\":\"https:\/\/narteks.net\/\",\"logo\":{\"@type\":\"ImageObject\",\"inLanguage\":\"tr\",\"@id\":\"https:\/\/narteks.net\/#\/schema\/logo\/image\/\",\"url\":\"https:\/\/narteks.net\/wp-content\/uploads\/narteks.png\",\"contentUrl\":\"https:\/\/narteks.net\/wp-content\/uploads\/narteks.png\",\"width\":300,\"height\":90,\"caption\":\"narteks.net\"},\"image\":{\"@id\":\"https:\/\/narteks.net\/#\/schema\/logo\/image\/\"},\"sameAs\":[\"https:\/\/x.com\/narteks\",\"https:\/\/instagram.com\/narteksnet\"]},{\"@type\":\"Person\",\"@id\":\"https:\/\/narteks.net\/#\/schema\/person\/61f37d9834294b72d31d274e7ed79bca\",\"name\":\"Tar\u0131k\",\"image\":{\"@type\":\"ImageObject\",\"inLanguage\":\"tr\",\"@id\":\"https:\/\/narteks.net\/#\/schema\/person\/image\/\",\"url\":\"https:\/\/secure.gravatar.com\/avatar\/50865afb55632c4ae467e0af0930f6510aa2297d8014be502a55b14f3b7550cf?s=96&d=mm&r=g\",\"contentUrl\":\"https:\/\/secure.gravatar.com\/avatar\/50865afb55632c4ae467e0af0930f6510aa2297d8014be502a55b14f3b7550cf?s=96&d=mm&r=g\",\"caption\":\"Tar\u0131k\"},\"sameAs\":[\"http:\/\/narteks.net\"],\"url\":\"https:\/\/narteks.net\/index.php\/author\/narbak\/\"}]}<\/script>\n<!-- \/ Yoast SEO Premium plugin. -->","yoast_head_json":{"title":"Mezopotamya'n\u0131n imkans\u0131z a\u015fk hikayesi | Mem \u00fb Z\u00een - Ehmed\u00ea Xan\u00ee - narteks.net","robots":{"index":"index","follow":"follow","max-snippet":"max-snippet:-1","max-image-preview":"max-image-preview:large","max-video-preview":"max-video-preview:-1"},"canonical":"https:\/\/narteks.net\/index.php\/2010\/02\/06\/mezopotamyanin-imkansiz-ask-hikayesi-mem-u-zin-ehmede-xani\/","og_locale":"tr_TR","og_type":"article","og_title":"Mezopotamya'n\u0131n imkans\u0131z a\u015fk hikayesi | Mem \u00fb Z\u00een - Ehmed\u00ea Xan\u00ee","og_description":"Cizre h\u00fck\u00fcmdarlar\u0131ndan Mir Abdullah&#8217;\u0131n o\u011flu Mir Zeynuddin zaman\u0131nda (854 Hicri, 1451\/1451 Miladi) y\u0131llar\u0131nda olay meydana gelmi\u015ftir.K\u00fcrt \u015fairi, bilgini olan Ehmed\u00ea Xan\u00ee taraf\u0131ndan yaz\u0131lm\u0131\u015f ve 1695 y\u0131ll\u0131nda tamamlanm\u0131\u015ft\u0131r. Bu eserin hangi tar\u0131hte yaz\u0131lm\u0131\u015f oldu\u011fu hakk\u0131nda hi\u00e7bir belge yoktur. 1690 y\u0131l\u0131nda yazmaya ba\u015flad\u0131\u011f\u0131 s\u00f6ylenmektedir.Xan\u00ee&#8217;nin, hangi tarihte do\u011fup hangi tarihte vefat etti\u011fi hakk\u0131nda da kesin bilgiler mevcut de\u011fil. [&hellip;]","og_url":"https:\/\/narteks.net\/index.php\/2010\/02\/06\/mezopotamyanin-imkansiz-ask-hikayesi-mem-u-zin-ehmede-xani\/","og_site_name":"narteks.net","article_published_time":"2010-02-06T09:05:07+00:00","og_image":[{"width":300,"height":90,"url":"https:\/\/narteks.net\/wp-content\/uploads\/narteks.png","type":"image\/png"}],"author":"Tar\u0131k","twitter_card":"summary_large_image","twitter_creator":"@narteks","twitter_site":"@narteks","twitter_misc":{"Yazan:":"Tar\u0131k","Tahmini okuma s\u00fcresi":"11 dakika"},"schema":{"@context":"https:\/\/schema.org","@graph":[{"@type":"Article","@id":"https:\/\/narteks.net\/index.php\/2010\/02\/06\/mezopotamyanin-imkansiz-ask-hikayesi-mem-u-zin-ehmede-xani\/#article","isPartOf":{"@id":"https:\/\/narteks.net\/index.php\/2010\/02\/06\/mezopotamyanin-imkansiz-ask-hikayesi-mem-u-zin-ehmede-xani\/"},"author":{"name":"Tar\u0131k","@id":"https:\/\/narteks.net\/#\/schema\/person\/61f37d9834294b72d31d274e7ed79bca"},"headline":"Mezopotamya&#8217;n\u0131n imkans\u0131z a\u015fk hikayesi | Mem \u00fb Z\u00een &#8211; Ehmed\u00ea Xan\u00ee","datePublished":"2010-02-06T09:05:07+00:00","mainEntityOfPage":{"@id":"https:\/\/narteks.net\/index.php\/2010\/02\/06\/mezopotamyanin-imkansiz-ask-hikayesi-mem-u-zin-ehmede-xani\/"},"wordCount":2208,"commentCount":0,"publisher":{"@id":"https:\/\/narteks.net\/#organization"},"articleSection":["Edebiyat ( T\u00fcrkiye )"],"inLanguage":"tr","potentialAction":[{"@type":"CommentAction","name":"Comment","target":["https:\/\/narteks.net\/index.php\/2010\/02\/06\/mezopotamyanin-imkansiz-ask-hikayesi-mem-u-zin-ehmede-xani\/#respond"]}]},{"@type":"WebPage","@id":"https:\/\/narteks.net\/index.php\/2010\/02\/06\/mezopotamyanin-imkansiz-ask-hikayesi-mem-u-zin-ehmede-xani\/","url":"https:\/\/narteks.net\/index.php\/2010\/02\/06\/mezopotamyanin-imkansiz-ask-hikayesi-mem-u-zin-ehmede-xani\/","name":"Mezopotamya'n\u0131n imkans\u0131z a\u015fk hikayesi | Mem \u00fb Z\u00een - Ehmed\u00ea Xan\u00ee - narteks.net","isPartOf":{"@id":"https:\/\/narteks.net\/#website"},"datePublished":"2010-02-06T09:05:07+00:00","breadcrumb":{"@id":"https:\/\/narteks.net\/index.php\/2010\/02\/06\/mezopotamyanin-imkansiz-ask-hikayesi-mem-u-zin-ehmede-xani\/#breadcrumb"},"inLanguage":"tr","potentialAction":[{"@type":"ReadAction","target":["https:\/\/narteks.net\/index.php\/2010\/02\/06\/mezopotamyanin-imkansiz-ask-hikayesi-mem-u-zin-ehmede-xani\/"]}]},{"@type":"BreadcrumbList","@id":"https:\/\/narteks.net\/index.php\/2010\/02\/06\/mezopotamyanin-imkansiz-ask-hikayesi-mem-u-zin-ehmede-xani\/#breadcrumb","itemListElement":[{"@type":"ListItem","position":1,"name":"Anasayfa","item":"https:\/\/narteks.net\/"},{"@type":"ListItem","position":2,"name":"Mezopotamya&#8217;n\u0131n imkans\u0131z a\u015fk hikayesi | Mem \u00fb Z\u00een &#8211; Ehmed\u00ea Xan\u00ee"}]},{"@type":"WebSite","@id":"https:\/\/narteks.net\/#website","url":"https:\/\/narteks.net\/","name":"narteks.net","description":"K\u00fclt\u00fcr Sanat Edebiyat Felsefe","publisher":{"@id":"https:\/\/narteks.net\/#organization"},"alternateName":"K\u00fclt\u00fcr Sanat Edebiyat Felsefe","potentialAction":[{"@type":"SearchAction","target":{"@type":"EntryPoint","urlTemplate":"https:\/\/narteks.net\/?s={search_term_string}"},"query-input":{"@type":"PropertyValueSpecification","valueRequired":true,"valueName":"search_term_string"}}],"inLanguage":"tr"},{"@type":"Organization","@id":"https:\/\/narteks.net\/#organization","name":"narteks.net","url":"https:\/\/narteks.net\/","logo":{"@type":"ImageObject","inLanguage":"tr","@id":"https:\/\/narteks.net\/#\/schema\/logo\/image\/","url":"https:\/\/narteks.net\/wp-content\/uploads\/narteks.png","contentUrl":"https:\/\/narteks.net\/wp-content\/uploads\/narteks.png","width":300,"height":90,"caption":"narteks.net"},"image":{"@id":"https:\/\/narteks.net\/#\/schema\/logo\/image\/"},"sameAs":["https:\/\/x.com\/narteks","https:\/\/instagram.com\/narteksnet"]},{"@type":"Person","@id":"https:\/\/narteks.net\/#\/schema\/person\/61f37d9834294b72d31d274e7ed79bca","name":"Tar\u0131k","image":{"@type":"ImageObject","inLanguage":"tr","@id":"https:\/\/narteks.net\/#\/schema\/person\/image\/","url":"https:\/\/secure.gravatar.com\/avatar\/50865afb55632c4ae467e0af0930f6510aa2297d8014be502a55b14f3b7550cf?s=96&d=mm&r=g","contentUrl":"https:\/\/secure.gravatar.com\/avatar\/50865afb55632c4ae467e0af0930f6510aa2297d8014be502a55b14f3b7550cf?s=96&d=mm&r=g","caption":"Tar\u0131k"},"sameAs":["http:\/\/narteks.net"],"url":"https:\/\/narteks.net\/index.php\/author\/narbak\/"}]}},"_links":{"self":[{"href":"https:\/\/narteks.net\/index.php\/wp-json\/wp\/v2\/posts\/4153","targetHints":{"allow":["GET"]}}],"collection":[{"href":"https:\/\/narteks.net\/index.php\/wp-json\/wp\/v2\/posts"}],"about":[{"href":"https:\/\/narteks.net\/index.php\/wp-json\/wp\/v2\/types\/post"}],"author":[{"embeddable":true,"href":"https:\/\/narteks.net\/index.php\/wp-json\/wp\/v2\/users\/1"}],"replies":[{"embeddable":true,"href":"https:\/\/narteks.net\/index.php\/wp-json\/wp\/v2\/comments?post=4153"}],"version-history":[{"count":0,"href":"https:\/\/narteks.net\/index.php\/wp-json\/wp\/v2\/posts\/4153\/revisions"}],"wp:attachment":[{"href":"https:\/\/narteks.net\/index.php\/wp-json\/wp\/v2\/media?parent=4153"}],"wp:term":[{"taxonomy":"category","embeddable":true,"href":"https:\/\/narteks.net\/index.php\/wp-json\/wp\/v2\/categories?post=4153"},{"taxonomy":"post_tag","embeddable":true,"href":"https:\/\/narteks.net\/index.php\/wp-json\/wp\/v2\/tags?post=4153"}],"curies":[{"name":"wp","href":"https:\/\/api.w.org\/{rel}","templated":true}]}}