{"id":4154,"date":"2010-02-06T14:17:01","date_gmt":"2010-02-06T11:17:01","guid":{"rendered":"http:\/\/localhost\/wordpress\/2010\/02\/06\/insanin-damarinda-balkanlar-akiyorsamutlaka-icinde-bregovic-vardir-gbregovic-ve-sarkilari\/"},"modified":"2010-02-06T14:17:01","modified_gmt":"2010-02-06T11:17:01","slug":"insanin-damarinda-balkanlar-akiyorsamutlaka-icinde-bregovic-vardir-gbregovic-ve-sarkilari","status":"publish","type":"post","link":"https:\/\/narteks.net\/index.php\/2010\/02\/06\/insanin-damarinda-balkanlar-akiyorsamutlaka-icinde-bregovic-vardir-gbregovic-ve-sarkilari\/","title":{"rendered":"\u0130nsan\u0131n damar\u0131nda balkanlar ak\u0131yorsa,mutlaka i\u00e7inde Bregovic vard\u0131r | G.Bregovic ve \u015fark\u0131lar\u0131"},"content":{"rendered":"<p><strong><img loading=\"lazy\" decoding=\"async\" src=\"images\/stories\/goran-bregovic.jpg\" border=\"0\" width=\"155\" height=\"205\" style=\"float: left;\" \/><\/strong><\/p>\n<p style=\"text-align: justify;\">22 mart 1950 y\u0131l\u0131nda Yugoslav halk ordusunda subay olan H\u0131rvat baba ve S\u0131rp bir annenin \u00e7ocu\u011fu olarak Saraybosna Sarajevo\u2019da do\u011fdu.Bregovic ,Yugoslavya&#8217;n\u0131n en ba\u015far\u0131l\u0131 gruplar\u0131ndan say\u0131lan &#8220;White Button&#8221; (bijelo dugme, &#8220;Beyaz D\u00fc\u011fme&#8221;) ad\u0131nda bir rock grubunun kurucusudur.M\u00fczik okulunda violin \u00e7alan Goran, yetenekli olmad\u0131\u011f\u0131 d\u00fc\u015f\u00fcn\u00fclerek ikinci s\u0131n\u0131fta okuldan at\u0131lmas\u0131 sebebiyle m\u00fczik e\u011fitimi yar\u0131m kald\u0131. Annesi ona ilk gitar&#8217;\u0131n\u0131 alana dek, arkada\u015flar\u0131 m\u00fczik konusunda yard\u0131mc\u0131 oldular. Goran iyi bir sanat okuluna kay\u0131t olmak istedi.<\/p>\n<p style=\"text-align: justify;\">Annesinin okulda e\u015fcinselli\u011fin yayg\u0131n oldu\u011funu d\u00fc\u015f\u00fcnmesi \u00fczerine apar topar onu teknik liseye yazd\u0131rd\u0131. Fakat bir s\u00fcre sonra arabas\u0131yla okul&#8217;a \u00e7arp\u0131nca bu okuldan da at\u0131ld\u0131. Ard\u0131ndan dil okuluna gitmeye ba\u015flad\u0131 ve okuldaki \u201cBestija \u201c m\u00fczik grubunda gitar \u00e7almaya ba\u015flad\u0131. 16 ya\u015f\u0131na geldi\u011finde annesi onu yanl\u0131z b\u0131rakmas\u0131 \u00fczerine Konjicte bir barda gitar \u00e7ald\u0131, in\u015faatlarda \u00e7al\u0131\u015ft\u0131 ve gazete satt\u0131.<\/p>\n<p>Film m\u00fczi\u011fine ilk olarak 1978&#8217;de Mica Milosevic&#8217;in Nije Nego filmiyle ba\u015flad\u0131. Bregovic&#8217;in en renkli ortakl\u0131\u011f\u0131 y\u00f6netmen Emir Kusturica ile ger\u00e7ekle\u015fti, 1989&#8217;da Dom Za Vesanje, 1993&#8217;de Arizona Dream, 1995&#8217;de Cannes Film Festival&#8217;ini kazanan Underground ve 1998&#8217;de Crna Macka gibi Emir Kusturica filmlerinin m\u00fcziklerini yaparak Kusturica ve Bregovic \u00e7ok ba\u015far\u0131l\u0131 bir ikili haline geldi. Sanat\u00e7\u0131 T\u00fcrkiye&#8217;de \u0130zmir, \u0130stanbul, Bursa ,Ankara ve Diyarbak\u0131r illerinde de konserler vermi\u015ftir. Sanat\u00e7\u0131n\u0131n par\u00e7alar\u0131ndan baz\u0131lar\u0131 Sezen Aksu ve Candan Er\u00e7etin gibi T\u00fcrk m\u00fczisyenler taraf\u0131ndan T\u00fcrk\u00e7e s\u00f6zlerle seslendirilmi\u015ftir.<br \/>D\u00fc\u011f\u00fcn ve cenaze felsefesini benimsemi\u015f biridir ve bu y\u00fczden konserlerinde orkestra siyah giyinirken o ise bembeyaz giyinir.<\/p>\n<p> <br \/>\n<object width=\"400\" height=\"300\" data=\"http:\/\/www.humyo.com\/E\/10422871-281475393120227\/10422871-281475393117549\/10422871-281475393120453\/10422871-281475393123619\/10422871-281475393130813\/10422871-281475393114577\/10422871-281475393111405\/10422871-281475393112345\/10422871-281475393125825\/10422871-281475393117429\/10422871-281475393108785\/10422871-281475393109149\/10422871-281475393106635\/10422871-281475393106637\/10422871-281475393106705\/10422871-281475393117427\/10422871-281475393114253\/10422871-281475393128243\/10422871-281475393130413\/10422871-281475393127087\/10422871-281475393129139\/10422871-281475393114357\/10422871-281475393111611\/10422871-281475393110089\/10422871-281475393119621\/10422871-281475393123445\/10422871-281475393131981\/10422871-281475393122825\/10422871-281475393125143?a=w8MEA6511ms%2CSMs0-iLrRBU%2CdDbk9J8Puzg%2CBq15xbM2zxo%2CPaIYo4Zxsyk%2CL3_20nPRIAI%2Cs_0phzK30o8%2CaKhM8et0LrY%2Cq-T6qf7lwYw%2C-ZX1k0J_bvc%2CC4_ELsj749o%2ChvsOIxo8Tes%2Cb3weM_85oko%2CdpXFq3VYytA%2C87B7_GtMuNI%2CtsGAyeTcXFE%2CTesr8ISbVkA%2Cg3EShCtGEbY%2CX2pdqgvBTXY%2C3RkpSLx6lSw%2CL_l1ZfR57_Y%2CHWM30JhFuJY%2CHucznFttm6Q%2C9Bb0o36WanQ%2CcM9DkjGBVsg%2CPI9ttODgeBs%2CmC1RxJOicw0%2C934P4qhnqiM%2ChHXa4KFjNe0\" type=\"application\/x-shockwave-flash\"><param name=\"flashvars\" value=\"autostart=true&amp;\" \/><param name=\"src\" value=\"http:\/\/www.humyo.com\/E\/10422871-281475393120227\/10422871-281475393117549\/10422871-281475393120453\/10422871-281475393123619\/10422871-281475393130813\/10422871-281475393114577\/10422871-281475393111405\/10422871-281475393112345\/10422871-281475393125825\/10422871-281475393117429\/10422871-281475393108785\/10422871-281475393109149\/10422871-281475393106635\/10422871-281475393106637\/10422871-281475393106705\/10422871-281475393117427\/10422871-281475393114253\/10422871-281475393128243\/10422871-281475393130413\/10422871-281475393127087\/10422871-281475393129139\/10422871-281475393114357\/10422871-281475393111611\/10422871-281475393110089\/10422871-281475393119621\/10422871-281475393123445\/10422871-281475393131981\/10422871-281475393122825\/10422871-281475393125143?a=w8MEA6511ms%2CSMs0-iLrRBU%2CdDbk9J8Puzg%2CBq15xbM2zxo%2CPaIYo4Zxsyk%2CL3_20nPRIAI%2Cs_0phzK30o8%2CaKhM8et0LrY%2Cq-T6qf7lwYw%2C-ZX1k0J_bvc%2CC4_ELsj749o%2ChvsOIxo8Tes%2Cb3weM_85oko%2CdpXFq3VYytA%2C87B7_GtMuNI%2CtsGAyeTcXFE%2CTesr8ISbVkA%2Cg3EShCtGEbY%2CX2pdqgvBTXY%2C3RkpSLx6lSw%2CL_l1ZfR57_Y%2CHWM30JhFuJY%2CHucznFttm6Q%2C9Bb0o36WanQ%2CcM9DkjGBVsg%2CPI9ttODgeBs%2CmC1RxJOicw0%2C934P4qhnqiM%2ChHXa4KFjNe0\" \/><\/object><br \/>\n<strong>Alb\u00fcmleri<\/strong><\/p>\n<p>Solo Alb\u00fcmleri<\/p>\n<p> * Goran Bregovi\u0107 (1976)<br \/> * A milicija trenira strogo\u0107u (1983)<br \/> * Dom za Vjesanje (1989)<br \/> * Les Temps des Gitans &#8211; Kuduz (Film M\u00fczi\u011fi) (1990)<br \/> * Arizona Dream (Film M\u00fczi\u011fi) (1993)<br \/> * La reine Margot (Film M\u00fczi\u011fi) (1994)<br \/> * Underground (Film M\u00fczi\u011fi) (1995)<br \/> * P.S. (Derleme\/ Se\u00e7ki) (1996)<br \/> * Silence of the Balkans (Canl\u0131 Performans\/ Konser) (1997)<br \/> * Protops\u00e1lti (\u03a0\u03c1\u03c9\u03c4\u03bf\u03c8\u03ac\u03bb\u03c4\u03b7)- Parad\u00e9chtika (\u03a0\u03b1\u03c1\u03b1\u03b4\u03ad\u03c7\u03c4\u03b7\u03ba\u03b1) (1998)<br \/> * Ederlezi (Derleme\/ Se\u00e7ki) (1998)<br \/> * Kayah &amp; Bregovi\u0107 (2000)<br \/> * Thessaloniki &#8211; Yannena with Two Canvas Shoes with George Dalaras (1999)<br \/> * Songbook (Derleme\/ Se\u00e7ki) (2000)<br \/> * Tales and Songs from Weddings and Funerals (2002)<br \/> * Goran Bregovic&#8217;s Karmen with a Happy End (2007)<br \/> * Alkohol (2008)<br \/> * Mustafa (2008)<\/p>\n<p>Bijelo Dugme Alb\u00fcmleri<\/p>\n<p> * Kad bi Bio Bijelo Dugme(1974)<br \/> * \u015eta bi Dao da si na Mom Mjestu (1975)<br \/> * Eto! Bas Hocu! (1976)<br \/> * Koncert kod Hajducke Cesme (Canl\u0131 Performans\/ Konser) (1977)<br \/> * Bitanga i Princeza (1979)<br \/> * Dozivjeti Stotu (1981)<br \/> * Singl Ploce 1974 &#8211; 1975 (Derleme\/ Se\u00e7ki) (1982)<br \/> * Singl Ploce 1976 &#8211; 1980 (Derleme\/ Se\u00e7ki) (1982)<br \/> * Uspavanka za Radmilu M. (1983)<br \/> * Kosovka Djevojka (1984)<br \/> * Pljuni i Zapjevaj Moja Jugoslavijo (1986)<br \/> * Ciribiribela (1988)<br \/> * Ima Neka Tajna Veza (Derleme\/ Se\u00e7ki) (1994)<br \/> * Sanjao Sam Nocas da te Nemam &#8211; Velike Rock Balade (Derleme\/ Se\u00e7ki) (1994)<br \/> * Rock&amp;Roll &#8211; Najveci Hitovi (Derleme\/ Se\u00e7ki) (1994)<br \/> * Iz Sve Snage (1995)<\/p>\n<p>Film M\u00fczikleri<\/p>\n<p> * Mustafa (2008),<br \/> * Arizona dream (film) (1993)<br \/> * Ederlezi (film) \u00e7ingeneler zaman\u0131<\/p>\n","protected":false},"excerpt":{"rendered":"<p>22 mart 1950 y\u0131l\u0131nda Yugoslav halk ordusunda subay olan H\u0131rvat baba ve S\u0131rp bir annenin \u00e7ocu\u011fu olarak Saraybosna Sarajevo\u2019da do\u011fdu.Bregovic ,Yugoslavya&#8217;n\u0131n en ba\u015far\u0131l\u0131 gruplar\u0131ndan say\u0131lan &#8220;White Button&#8221; (bijelo dugme, &#8220;Beyaz D\u00fc\u011fme&#8221;) ad\u0131nda bir rock grubunun kurucusudur.M\u00fczik okulunda violin \u00e7alan Goran, yetenekli olmad\u0131\u011f\u0131 d\u00fc\u015f\u00fcn\u00fclerek ikinci s\u0131n\u0131fta okuldan at\u0131lmas\u0131 sebebiyle m\u00fczik e\u011fitimi yar\u0131m kald\u0131. Annesi ona ilk [&hellip;]<\/p>\n","protected":false},"author":1,"featured_media":0,"comment_status":"open","ping_status":"open","sticky":false,"template":"","format":"standard","meta":{"footnotes":""},"categories":[125],"tags":[],"class_list":{"0":"post-4154","1":"post","2":"type-post","3":"status-publish","4":"format-standard","6":"category-dunya-dan-muzik"},"yoast_head":"<!-- This site is optimized with the Yoast SEO Premium plugin v24.9 (Yoast SEO v24.9) - https:\/\/yoast.com\/wordpress\/plugins\/seo\/ -->\n<title>\u0130nsan\u0131n damar\u0131nda balkanlar ak\u0131yorsa,mutlaka i\u00e7inde Bregovic vard\u0131r | G.Bregovic ve \u015fark\u0131lar\u0131 - narteks.net<\/title>\n<meta name=\"robots\" content=\"index, follow, max-snippet:-1, max-image-preview:large, max-video-preview:-1\" \/>\n<link rel=\"canonical\" href=\"https:\/\/narteks.net\/index.php\/2010\/02\/06\/insanin-damarinda-balkanlar-akiyorsamutlaka-icinde-bregovic-vardir-gbregovic-ve-sarkilari\/\" \/>\n<meta property=\"og:locale\" content=\"tr_TR\" \/>\n<meta property=\"og:type\" content=\"article\" \/>\n<meta property=\"og:title\" content=\"\u0130nsan\u0131n damar\u0131nda balkanlar ak\u0131yorsa,mutlaka i\u00e7inde Bregovic vard\u0131r | G.Bregovic ve \u015fark\u0131lar\u0131\" \/>\n<meta property=\"og:description\" content=\"22 mart 1950 y\u0131l\u0131nda Yugoslav halk ordusunda subay olan H\u0131rvat baba ve S\u0131rp bir annenin \u00e7ocu\u011fu olarak Saraybosna Sarajevo\u2019da do\u011fdu.Bregovic ,Yugoslavya&#8217;n\u0131n en ba\u015far\u0131l\u0131 gruplar\u0131ndan say\u0131lan &#8220;White Button&#8221; (bijelo dugme, &#8220;Beyaz D\u00fc\u011fme&#8221;) ad\u0131nda bir rock grubunun kurucusudur.M\u00fczik okulunda violin \u00e7alan Goran, yetenekli olmad\u0131\u011f\u0131 d\u00fc\u015f\u00fcn\u00fclerek ikinci s\u0131n\u0131fta okuldan at\u0131lmas\u0131 sebebiyle m\u00fczik e\u011fitimi yar\u0131m kald\u0131. Annesi ona ilk [&hellip;]\" \/>\n<meta property=\"og:url\" content=\"https:\/\/narteks.net\/index.php\/2010\/02\/06\/insanin-damarinda-balkanlar-akiyorsamutlaka-icinde-bregovic-vardir-gbregovic-ve-sarkilari\/\" \/>\n<meta property=\"og:site_name\" content=\"narteks.net\" \/>\n<meta property=\"article:published_time\" content=\"2010-02-06T11:17:01+00:00\" \/>\n<meta property=\"og:image\" content=\"https:\/\/narteks.net\/wp-content\/uploads\/narteks.png\" \/>\n\t<meta property=\"og:image:width\" content=\"300\" \/>\n\t<meta property=\"og:image:height\" content=\"90\" \/>\n\t<meta property=\"og:image:type\" content=\"image\/png\" \/>\n<meta name=\"author\" content=\"Tar\u0131k\" \/>\n<meta name=\"twitter:card\" content=\"summary_large_image\" \/>\n<meta name=\"twitter:creator\" content=\"@narteks\" \/>\n<meta name=\"twitter:site\" content=\"@narteks\" \/>\n<meta name=\"twitter:label1\" content=\"Yazan:\" \/>\n\t<meta name=\"twitter:data1\" content=\"Tar\u0131k\" \/>\n\t<meta name=\"twitter:label2\" content=\"Tahmini okuma s\u00fcresi\" \/>\n\t<meta name=\"twitter:data2\" content=\"2 dakika\" \/>\n<script type=\"application\/ld+json\" class=\"yoast-schema-graph\">{\"@context\":\"https:\/\/schema.org\",\"@graph\":[{\"@type\":\"Article\",\"@id\":\"https:\/\/narteks.net\/index.php\/2010\/02\/06\/insanin-damarinda-balkanlar-akiyorsamutlaka-icinde-bregovic-vardir-gbregovic-ve-sarkilari\/#article\",\"isPartOf\":{\"@id\":\"https:\/\/narteks.net\/index.php\/2010\/02\/06\/insanin-damarinda-balkanlar-akiyorsamutlaka-icinde-bregovic-vardir-gbregovic-ve-sarkilari\/\"},\"author\":{\"name\":\"Tar\u0131k\",\"@id\":\"https:\/\/narteks.net\/#\/schema\/person\/61f37d9834294b72d31d274e7ed79bca\"},\"headline\":\"\u0130nsan\u0131n damar\u0131nda balkanlar ak\u0131yorsa,mutlaka i\u00e7inde Bregovic vard\u0131r | G.Bregovic ve \u015fark\u0131lar\u0131\",\"datePublished\":\"2010-02-06T11:17:01+00:00\",\"mainEntityOfPage\":{\"@id\":\"https:\/\/narteks.net\/index.php\/2010\/02\/06\/insanin-damarinda-balkanlar-akiyorsamutlaka-icinde-bregovic-vardir-gbregovic-ve-sarkilari\/\"},\"wordCount\":510,\"commentCount\":0,\"publisher\":{\"@id\":\"https:\/\/narteks.net\/#organization\"},\"articleSection\":[\"D\u00fcnya'dan M\u00fczik\"],\"inLanguage\":\"tr\",\"potentialAction\":[{\"@type\":\"CommentAction\",\"name\":\"Comment\",\"target\":[\"https:\/\/narteks.net\/index.php\/2010\/02\/06\/insanin-damarinda-balkanlar-akiyorsamutlaka-icinde-bregovic-vardir-gbregovic-ve-sarkilari\/#respond\"]}]},{\"@type\":\"WebPage\",\"@id\":\"https:\/\/narteks.net\/index.php\/2010\/02\/06\/insanin-damarinda-balkanlar-akiyorsamutlaka-icinde-bregovic-vardir-gbregovic-ve-sarkilari\/\",\"url\":\"https:\/\/narteks.net\/index.php\/2010\/02\/06\/insanin-damarinda-balkanlar-akiyorsamutlaka-icinde-bregovic-vardir-gbregovic-ve-sarkilari\/\",\"name\":\"\u0130nsan\u0131n damar\u0131nda balkanlar ak\u0131yorsa,mutlaka i\u00e7inde Bregovic vard\u0131r | G.Bregovic ve \u015fark\u0131lar\u0131 - narteks.net\",\"isPartOf\":{\"@id\":\"https:\/\/narteks.net\/#website\"},\"datePublished\":\"2010-02-06T11:17:01+00:00\",\"breadcrumb\":{\"@id\":\"https:\/\/narteks.net\/index.php\/2010\/02\/06\/insanin-damarinda-balkanlar-akiyorsamutlaka-icinde-bregovic-vardir-gbregovic-ve-sarkilari\/#breadcrumb\"},\"inLanguage\":\"tr\",\"potentialAction\":[{\"@type\":\"ReadAction\",\"target\":[\"https:\/\/narteks.net\/index.php\/2010\/02\/06\/insanin-damarinda-balkanlar-akiyorsamutlaka-icinde-bregovic-vardir-gbregovic-ve-sarkilari\/\"]}]},{\"@type\":\"BreadcrumbList\",\"@id\":\"https:\/\/narteks.net\/index.php\/2010\/02\/06\/insanin-damarinda-balkanlar-akiyorsamutlaka-icinde-bregovic-vardir-gbregovic-ve-sarkilari\/#breadcrumb\",\"itemListElement\":[{\"@type\":\"ListItem\",\"position\":1,\"name\":\"Anasayfa\",\"item\":\"https:\/\/narteks.net\/\"},{\"@type\":\"ListItem\",\"position\":2,\"name\":\"\u0130nsan\u0131n damar\u0131nda balkanlar ak\u0131yorsa,mutlaka i\u00e7inde Bregovic vard\u0131r | G.Bregovic ve \u015fark\u0131lar\u0131\"}]},{\"@type\":\"WebSite\",\"@id\":\"https:\/\/narteks.net\/#website\",\"url\":\"https:\/\/narteks.net\/\",\"name\":\"narteks.net\",\"description\":\"K\u00fclt\u00fcr Sanat Edebiyat Felsefe\",\"publisher\":{\"@id\":\"https:\/\/narteks.net\/#organization\"},\"alternateName\":\"K\u00fclt\u00fcr Sanat Edebiyat Felsefe\",\"potentialAction\":[{\"@type\":\"SearchAction\",\"target\":{\"@type\":\"EntryPoint\",\"urlTemplate\":\"https:\/\/narteks.net\/?s={search_term_string}\"},\"query-input\":{\"@type\":\"PropertyValueSpecification\",\"valueRequired\":true,\"valueName\":\"search_term_string\"}}],\"inLanguage\":\"tr\"},{\"@type\":\"Organization\",\"@id\":\"https:\/\/narteks.net\/#organization\",\"name\":\"narteks.net\",\"url\":\"https:\/\/narteks.net\/\",\"logo\":{\"@type\":\"ImageObject\",\"inLanguage\":\"tr\",\"@id\":\"https:\/\/narteks.net\/#\/schema\/logo\/image\/\",\"url\":\"https:\/\/narteks.net\/wp-content\/uploads\/narteks.png\",\"contentUrl\":\"https:\/\/narteks.net\/wp-content\/uploads\/narteks.png\",\"width\":300,\"height\":90,\"caption\":\"narteks.net\"},\"image\":{\"@id\":\"https:\/\/narteks.net\/#\/schema\/logo\/image\/\"},\"sameAs\":[\"https:\/\/x.com\/narteks\",\"https:\/\/instagram.com\/narteksnet\"]},{\"@type\":\"Person\",\"@id\":\"https:\/\/narteks.net\/#\/schema\/person\/61f37d9834294b72d31d274e7ed79bca\",\"name\":\"Tar\u0131k\",\"image\":{\"@type\":\"ImageObject\",\"inLanguage\":\"tr\",\"@id\":\"https:\/\/narteks.net\/#\/schema\/person\/image\/\",\"url\":\"https:\/\/secure.gravatar.com\/avatar\/50865afb55632c4ae467e0af0930f6510aa2297d8014be502a55b14f3b7550cf?s=96&d=mm&r=g\",\"contentUrl\":\"https:\/\/secure.gravatar.com\/avatar\/50865afb55632c4ae467e0af0930f6510aa2297d8014be502a55b14f3b7550cf?s=96&d=mm&r=g\",\"caption\":\"Tar\u0131k\"},\"sameAs\":[\"http:\/\/narteks.net\"],\"url\":\"https:\/\/narteks.net\/index.php\/author\/narbak\/\"}]}<\/script>\n<!-- \/ Yoast SEO Premium plugin. -->","yoast_head_json":{"title":"\u0130nsan\u0131n damar\u0131nda balkanlar ak\u0131yorsa,mutlaka i\u00e7inde Bregovic vard\u0131r | G.Bregovic ve \u015fark\u0131lar\u0131 - narteks.net","robots":{"index":"index","follow":"follow","max-snippet":"max-snippet:-1","max-image-preview":"max-image-preview:large","max-video-preview":"max-video-preview:-1"},"canonical":"https:\/\/narteks.net\/index.php\/2010\/02\/06\/insanin-damarinda-balkanlar-akiyorsamutlaka-icinde-bregovic-vardir-gbregovic-ve-sarkilari\/","og_locale":"tr_TR","og_type":"article","og_title":"\u0130nsan\u0131n damar\u0131nda balkanlar ak\u0131yorsa,mutlaka i\u00e7inde Bregovic vard\u0131r | G.Bregovic ve \u015fark\u0131lar\u0131","og_description":"22 mart 1950 y\u0131l\u0131nda Yugoslav halk ordusunda subay olan H\u0131rvat baba ve S\u0131rp bir annenin \u00e7ocu\u011fu olarak Saraybosna Sarajevo\u2019da do\u011fdu.Bregovic ,Yugoslavya&#8217;n\u0131n en ba\u015far\u0131l\u0131 gruplar\u0131ndan say\u0131lan &#8220;White Button&#8221; (bijelo dugme, &#8220;Beyaz D\u00fc\u011fme&#8221;) ad\u0131nda bir rock grubunun kurucusudur.M\u00fczik okulunda violin \u00e7alan Goran, yetenekli olmad\u0131\u011f\u0131 d\u00fc\u015f\u00fcn\u00fclerek ikinci s\u0131n\u0131fta okuldan at\u0131lmas\u0131 sebebiyle m\u00fczik e\u011fitimi yar\u0131m kald\u0131. Annesi ona ilk [&hellip;]","og_url":"https:\/\/narteks.net\/index.php\/2010\/02\/06\/insanin-damarinda-balkanlar-akiyorsamutlaka-icinde-bregovic-vardir-gbregovic-ve-sarkilari\/","og_site_name":"narteks.net","article_published_time":"2010-02-06T11:17:01+00:00","og_image":[{"width":300,"height":90,"url":"https:\/\/narteks.net\/wp-content\/uploads\/narteks.png","type":"image\/png"}],"author":"Tar\u0131k","twitter_card":"summary_large_image","twitter_creator":"@narteks","twitter_site":"@narteks","twitter_misc":{"Yazan:":"Tar\u0131k","Tahmini okuma s\u00fcresi":"2 dakika"},"schema":{"@context":"https:\/\/schema.org","@graph":[{"@type":"Article","@id":"https:\/\/narteks.net\/index.php\/2010\/02\/06\/insanin-damarinda-balkanlar-akiyorsamutlaka-icinde-bregovic-vardir-gbregovic-ve-sarkilari\/#article","isPartOf":{"@id":"https:\/\/narteks.net\/index.php\/2010\/02\/06\/insanin-damarinda-balkanlar-akiyorsamutlaka-icinde-bregovic-vardir-gbregovic-ve-sarkilari\/"},"author":{"name":"Tar\u0131k","@id":"https:\/\/narteks.net\/#\/schema\/person\/61f37d9834294b72d31d274e7ed79bca"},"headline":"\u0130nsan\u0131n damar\u0131nda balkanlar ak\u0131yorsa,mutlaka i\u00e7inde Bregovic vard\u0131r | G.Bregovic ve \u015fark\u0131lar\u0131","datePublished":"2010-02-06T11:17:01+00:00","mainEntityOfPage":{"@id":"https:\/\/narteks.net\/index.php\/2010\/02\/06\/insanin-damarinda-balkanlar-akiyorsamutlaka-icinde-bregovic-vardir-gbregovic-ve-sarkilari\/"},"wordCount":510,"commentCount":0,"publisher":{"@id":"https:\/\/narteks.net\/#organization"},"articleSection":["D\u00fcnya'dan M\u00fczik"],"inLanguage":"tr","potentialAction":[{"@type":"CommentAction","name":"Comment","target":["https:\/\/narteks.net\/index.php\/2010\/02\/06\/insanin-damarinda-balkanlar-akiyorsamutlaka-icinde-bregovic-vardir-gbregovic-ve-sarkilari\/#respond"]}]},{"@type":"WebPage","@id":"https:\/\/narteks.net\/index.php\/2010\/02\/06\/insanin-damarinda-balkanlar-akiyorsamutlaka-icinde-bregovic-vardir-gbregovic-ve-sarkilari\/","url":"https:\/\/narteks.net\/index.php\/2010\/02\/06\/insanin-damarinda-balkanlar-akiyorsamutlaka-icinde-bregovic-vardir-gbregovic-ve-sarkilari\/","name":"\u0130nsan\u0131n damar\u0131nda balkanlar ak\u0131yorsa,mutlaka i\u00e7inde Bregovic vard\u0131r | G.Bregovic ve \u015fark\u0131lar\u0131 - narteks.net","isPartOf":{"@id":"https:\/\/narteks.net\/#website"},"datePublished":"2010-02-06T11:17:01+00:00","breadcrumb":{"@id":"https:\/\/narteks.net\/index.php\/2010\/02\/06\/insanin-damarinda-balkanlar-akiyorsamutlaka-icinde-bregovic-vardir-gbregovic-ve-sarkilari\/#breadcrumb"},"inLanguage":"tr","potentialAction":[{"@type":"ReadAction","target":["https:\/\/narteks.net\/index.php\/2010\/02\/06\/insanin-damarinda-balkanlar-akiyorsamutlaka-icinde-bregovic-vardir-gbregovic-ve-sarkilari\/"]}]},{"@type":"BreadcrumbList","@id":"https:\/\/narteks.net\/index.php\/2010\/02\/06\/insanin-damarinda-balkanlar-akiyorsamutlaka-icinde-bregovic-vardir-gbregovic-ve-sarkilari\/#breadcrumb","itemListElement":[{"@type":"ListItem","position":1,"name":"Anasayfa","item":"https:\/\/narteks.net\/"},{"@type":"ListItem","position":2,"name":"\u0130nsan\u0131n damar\u0131nda balkanlar ak\u0131yorsa,mutlaka i\u00e7inde Bregovic vard\u0131r | G.Bregovic ve \u015fark\u0131lar\u0131"}]},{"@type":"WebSite","@id":"https:\/\/narteks.net\/#website","url":"https:\/\/narteks.net\/","name":"narteks.net","description":"K\u00fclt\u00fcr Sanat Edebiyat Felsefe","publisher":{"@id":"https:\/\/narteks.net\/#organization"},"alternateName":"K\u00fclt\u00fcr Sanat Edebiyat Felsefe","potentialAction":[{"@type":"SearchAction","target":{"@type":"EntryPoint","urlTemplate":"https:\/\/narteks.net\/?s={search_term_string}"},"query-input":{"@type":"PropertyValueSpecification","valueRequired":true,"valueName":"search_term_string"}}],"inLanguage":"tr"},{"@type":"Organization","@id":"https:\/\/narteks.net\/#organization","name":"narteks.net","url":"https:\/\/narteks.net\/","logo":{"@type":"ImageObject","inLanguage":"tr","@id":"https:\/\/narteks.net\/#\/schema\/logo\/image\/","url":"https:\/\/narteks.net\/wp-content\/uploads\/narteks.png","contentUrl":"https:\/\/narteks.net\/wp-content\/uploads\/narteks.png","width":300,"height":90,"caption":"narteks.net"},"image":{"@id":"https:\/\/narteks.net\/#\/schema\/logo\/image\/"},"sameAs":["https:\/\/x.com\/narteks","https:\/\/instagram.com\/narteksnet"]},{"@type":"Person","@id":"https:\/\/narteks.net\/#\/schema\/person\/61f37d9834294b72d31d274e7ed79bca","name":"Tar\u0131k","image":{"@type":"ImageObject","inLanguage":"tr","@id":"https:\/\/narteks.net\/#\/schema\/person\/image\/","url":"https:\/\/secure.gravatar.com\/avatar\/50865afb55632c4ae467e0af0930f6510aa2297d8014be502a55b14f3b7550cf?s=96&d=mm&r=g","contentUrl":"https:\/\/secure.gravatar.com\/avatar\/50865afb55632c4ae467e0af0930f6510aa2297d8014be502a55b14f3b7550cf?s=96&d=mm&r=g","caption":"Tar\u0131k"},"sameAs":["http:\/\/narteks.net"],"url":"https:\/\/narteks.net\/index.php\/author\/narbak\/"}]}},"_links":{"self":[{"href":"https:\/\/narteks.net\/index.php\/wp-json\/wp\/v2\/posts\/4154","targetHints":{"allow":["GET"]}}],"collection":[{"href":"https:\/\/narteks.net\/index.php\/wp-json\/wp\/v2\/posts"}],"about":[{"href":"https:\/\/narteks.net\/index.php\/wp-json\/wp\/v2\/types\/post"}],"author":[{"embeddable":true,"href":"https:\/\/narteks.net\/index.php\/wp-json\/wp\/v2\/users\/1"}],"replies":[{"embeddable":true,"href":"https:\/\/narteks.net\/index.php\/wp-json\/wp\/v2\/comments?post=4154"}],"version-history":[{"count":0,"href":"https:\/\/narteks.net\/index.php\/wp-json\/wp\/v2\/posts\/4154\/revisions"}],"wp:attachment":[{"href":"https:\/\/narteks.net\/index.php\/wp-json\/wp\/v2\/media?parent=4154"}],"wp:term":[{"taxonomy":"category","embeddable":true,"href":"https:\/\/narteks.net\/index.php\/wp-json\/wp\/v2\/categories?post=4154"},{"taxonomy":"post_tag","embeddable":true,"href":"https:\/\/narteks.net\/index.php\/wp-json\/wp\/v2\/tags?post=4154"}],"curies":[{"name":"wp","href":"https:\/\/api.w.org\/{rel}","templated":true}]}}