{"id":416,"date":"2009-03-13T13:54:27","date_gmt":"2009-03-13T10:54:27","guid":{"rendered":"http:\/\/localhost\/wordpress\/2009\/03\/13\/debreli-hasan\/"},"modified":"2009-03-13T13:54:27","modified_gmt":"2009-03-13T10:54:27","slug":"debreli-hasan","status":"publish","type":"post","link":"https:\/\/narteks.net\/index.php\/2009\/03\/13\/debreli-hasan\/","title":{"rendered":"Debreli Hasan"},"content":{"rendered":"<p style=\"text-align: justify;\"><span style=\"font-size: 14pt;\"> Debreli Hasan <\/span><\/p>\n<p>Debreli Hasan, Drama&#8217;da yeti\u015fmi\u015f. Debreli nam\u0131yla m\u00fcbadele \u00f6ncesi donemde Drama-Serez-Sarisaban b\u00f6lgelerinde faaliyet g\u00f6stermi\u015f bir halk kahraman\u0131 e\u015fk\u0131yad\u0131r.<\/p>\n<p>Drama k\u00f6pr\u00fcs\u00fcn\u00fc,o devrin haks\u0131zl\u0131kla para kazanan halk\u0131 ezen zenginlerinden ald\u0131\u011f\u0131 hara\u00e7la yapt\u0131rm\u0131\u015ft\u0131r. Debreli Hasan&#8217;\u0131n ya\u015fad\u0131\u011f\u0131,donem kesinlikle bilinmemekle beraber Cakircali Efe ile \u00e7a\u011fda\u015f oldu\u011fu g\u00f6r\u00fc\u015fleri,hatta at\u0131\u015ft\u0131klar\u0131na dair hikayeler onun 1870-1920 y\u0131llar\u0131 aras\u0131nda Makedonya da\u011flar\u0131nda egemen oldu\u011funu g\u00f6stermektedir. Bu konuda halk aras\u0131nda s\u00f6ylenen menk\u0131beye g\u00f6re;Selanikli Yahudi bir t\u00fcccar ticaret i\u00e7in \u0130zmir&#8217;e gidecektir.&#8221;E\u011fer bu civar da\u011flarda h\u00fck\u00fcmran olan Debreli&#8217;den ge\u00e7sen, Ege da\u011flar\u0131nda Cakircali&#8217;dan ge\u00e7emezsin. &#8220;denir, kendisine. Nitekim de \u00f6yle olur.<\/p>\n<p>Debreli&#8217;nin \u00e7etesinde pek \u00e7ok ki\u015fi yoktur. Bilinen Kara kedi nam\u0131yla bir tek k\u0131zan\u0131 oldu\u011fudur. Halka onu sevdiren e\u015fk\u0131ya ki\u015fili\u011finin en ustun taraf\u0131 ise fakirlere yardim etmesi,bilhassa birbirini seven yoksul gen\u00e7leri evlendirmesidir. Bu konuda \u015f\u00f6yle bir menk\u0131be de vard\u0131r. &#8220;Evlenmek niyetinde olan da\u011fl\u0131 bir gen\u00e7,tek danas\u0131n\u0131 alm\u0131\u015f, \u0130skece pazar\u0131na inmektedir. Yolu, Debreli Hasan taraf\u0131ndan kesilir. Delikanl\u0131n\u0131n evlenmek i\u00e7in paras\u0131 olmad\u0131\u011f\u0131n\u0131 anlayanca Debreli kendisine d\u00fc\u011f\u00fcn i\u00e7in yetecek paray\u0131 verir ve ayr\u0131ca danas\u0131n\u0131 satmamas\u0131n\u0131 sal\u0131k verip u\u011furlar.&#8221;<\/p>\n<p>Makedon da\u011flar\u0131n\u0131n Debreli&#8217;si sonunda padi\u015fah aff\u0131na u\u011frar veya s\u00f6ylentiye g\u00f6re m\u00fcbadelede g\u00fcvenlik g\u00fc\u00e7lerinin elinden ka\u00e7may\u0131 ba\u015far\u0131r ve T\u00fcrkiye&#8217;ye g\u00f6\u00e7 eder.<\/p>\n<p>K\u0131sacas\u0131 Rumeli T\u00fcrklerinin g\u00f6nl\u00fcne yerle\u015fmi\u015ftir efsanesiyle Debreli Hasana.<\/p>\n<p>Drama k\u00f6pr\u00fcs\u00fc Hasan dard\u0131r ge\u00e7ilmez<br \/>So\u011fuktur sular\u0131 Hasan bir tas i\u00e7ilmez<br \/>At martinini Debreli Hasan da\u011flar inlesin<br \/>Drama mahpusunda Hasan Kara kedi dinlesin<\/p>\n<p>Mezar ta\u015flar\u0131n\u0131 Hasan koyun mu sand\u0131n<br \/>Adam \u00f6ld\u00fcrmeyi Hasan oyun mu sand\u0131n<br \/>At martinini Debreli Hasan da\u011flar inlesin<br \/>Drama mahpusunda Hasan dostlar dinlesin<\/p>\n<p>Drama k\u00f6pr\u00fcs\u00fc Hasan dard\u0131r darac\u0131k<br \/>\u00c7ok istemem Yanko Corbaci bin be\u015f y\u00fcz lirac\u0131k<br \/>At martinini Debreli Hasan da\u011flar inlesin<br \/>Drama mahpusunda Hasan Kara kedi dinlesin<\/p>\n<p>Drama k\u00f6pr\u00fcs\u00fcn\u00fc Hasan gece mi ge\u00e7tin<br \/>Ecel \u015ferbetini Hasan \u00f6lmeden mi i\u00e7tin<br \/>At martinini Debreli Hasan da\u011flar inlesin<br \/>Drama mahpusunda Hasan dostlar dinlesin. <\/p>\n<p>Kaynak:<br \/>\u00d6yk\u00fcs\u00fcyle T\u00fcrk\u00fcs\u00fcyle <br \/>Bat\u0131 Trakya T\u00fcrk\u00fcleri<br \/>Re\u015fit Salim- Osman H. Arda<\/p>\n","protected":false},"excerpt":{"rendered":"<p>Debreli Hasan Debreli Hasan, Drama&#8217;da yeti\u015fmi\u015f. Debreli nam\u0131yla m\u00fcbadele \u00f6ncesi donemde Drama-Serez-Sarisaban b\u00f6lgelerinde faaliyet g\u00f6stermi\u015f bir halk kahraman\u0131 e\u015fk\u0131yad\u0131r. Drama k\u00f6pr\u00fcs\u00fcn\u00fc,o devrin haks\u0131zl\u0131kla para kazanan halk\u0131 ezen zenginlerinden ald\u0131\u011f\u0131 hara\u00e7la yapt\u0131rm\u0131\u015ft\u0131r. Debreli Hasan&#8217;\u0131n ya\u015fad\u0131\u011f\u0131,donem kesinlikle bilinmemekle beraber Cakircali Efe ile \u00e7a\u011fda\u015f oldu\u011fu g\u00f6r\u00fc\u015fleri,hatta at\u0131\u015ft\u0131klar\u0131na dair hikayeler onun 1870-1920 y\u0131llar\u0131 aras\u0131nda Makedonya da\u011flar\u0131nda egemen oldu\u011funu g\u00f6stermektedir. [&hellip;]<\/p>\n","protected":false},"author":1,"featured_media":0,"comment_status":"open","ping_status":"open","sticky":false,"template":"","format":"standard","meta":{"footnotes":""},"categories":[55],"tags":[],"class_list":{"0":"post-416","1":"post","2":"type-post","3":"status-publish","4":"format-standard","6":"category-oykuleriyle-turkuler"},"yoast_head":"<!-- This site is optimized with the Yoast SEO Premium plugin v24.9 (Yoast SEO v24.9) - https:\/\/yoast.com\/wordpress\/plugins\/seo\/ -->\n<title>Debreli Hasan - narteks.net<\/title>\n<meta name=\"robots\" content=\"index, follow, max-snippet:-1, max-image-preview:large, max-video-preview:-1\" \/>\n<link rel=\"canonical\" href=\"https:\/\/narteks.net\/index.php\/2009\/03\/13\/debreli-hasan\/\" \/>\n<meta property=\"og:locale\" content=\"tr_TR\" \/>\n<meta property=\"og:type\" content=\"article\" \/>\n<meta property=\"og:title\" content=\"Debreli Hasan\" \/>\n<meta property=\"og:description\" content=\"Debreli Hasan Debreli Hasan, Drama&#8217;da yeti\u015fmi\u015f. Debreli nam\u0131yla m\u00fcbadele \u00f6ncesi donemde Drama-Serez-Sarisaban b\u00f6lgelerinde faaliyet g\u00f6stermi\u015f bir halk kahraman\u0131 e\u015fk\u0131yad\u0131r. Drama k\u00f6pr\u00fcs\u00fcn\u00fc,o devrin haks\u0131zl\u0131kla para kazanan halk\u0131 ezen zenginlerinden ald\u0131\u011f\u0131 hara\u00e7la yapt\u0131rm\u0131\u015ft\u0131r. Debreli Hasan&#8217;\u0131n ya\u015fad\u0131\u011f\u0131,donem kesinlikle bilinmemekle beraber Cakircali Efe ile \u00e7a\u011fda\u015f oldu\u011fu g\u00f6r\u00fc\u015fleri,hatta at\u0131\u015ft\u0131klar\u0131na dair hikayeler onun 1870-1920 y\u0131llar\u0131 aras\u0131nda Makedonya da\u011flar\u0131nda egemen oldu\u011funu g\u00f6stermektedir. [&hellip;]\" \/>\n<meta property=\"og:url\" content=\"https:\/\/narteks.net\/index.php\/2009\/03\/13\/debreli-hasan\/\" \/>\n<meta property=\"og:site_name\" content=\"narteks.net\" \/>\n<meta property=\"article:published_time\" content=\"2009-03-13T10:54:27+00:00\" \/>\n<meta property=\"og:image\" content=\"https:\/\/narteks.net\/wp-content\/uploads\/narteks.png\" \/>\n\t<meta property=\"og:image:width\" content=\"300\" \/>\n\t<meta property=\"og:image:height\" content=\"90\" \/>\n\t<meta property=\"og:image:type\" content=\"image\/png\" \/>\n<meta name=\"author\" content=\"Tar\u0131k\" \/>\n<meta name=\"twitter:card\" content=\"summary_large_image\" \/>\n<meta name=\"twitter:creator\" content=\"@narteks\" \/>\n<meta name=\"twitter:site\" content=\"@narteks\" \/>\n<meta name=\"twitter:label1\" content=\"Yazan:\" \/>\n\t<meta name=\"twitter:data1\" content=\"Tar\u0131k\" \/>\n\t<meta name=\"twitter:label2\" content=\"Tahmini okuma s\u00fcresi\" \/>\n\t<meta name=\"twitter:data2\" content=\"2 dakika\" \/>\n<script type=\"application\/ld+json\" class=\"yoast-schema-graph\">{\"@context\":\"https:\/\/schema.org\",\"@graph\":[{\"@type\":\"Article\",\"@id\":\"https:\/\/narteks.net\/index.php\/2009\/03\/13\/debreli-hasan\/#article\",\"isPartOf\":{\"@id\":\"https:\/\/narteks.net\/index.php\/2009\/03\/13\/debreli-hasan\/\"},\"author\":{\"name\":\"Tar\u0131k\",\"@id\":\"https:\/\/narteks.net\/#\/schema\/person\/61f37d9834294b72d31d274e7ed79bca\"},\"headline\":\"Debreli Hasan\",\"datePublished\":\"2009-03-13T10:54:27+00:00\",\"mainEntityOfPage\":{\"@id\":\"https:\/\/narteks.net\/index.php\/2009\/03\/13\/debreli-hasan\/\"},\"wordCount\":417,\"commentCount\":0,\"publisher\":{\"@id\":\"https:\/\/narteks.net\/#organization\"},\"articleSection\":[\"\u00d6yk\u00fcleriyle T\u00fcrk\u00fcler\"],\"inLanguage\":\"tr\",\"potentialAction\":[{\"@type\":\"CommentAction\",\"name\":\"Comment\",\"target\":[\"https:\/\/narteks.net\/index.php\/2009\/03\/13\/debreli-hasan\/#respond\"]}]},{\"@type\":\"WebPage\",\"@id\":\"https:\/\/narteks.net\/index.php\/2009\/03\/13\/debreli-hasan\/\",\"url\":\"https:\/\/narteks.net\/index.php\/2009\/03\/13\/debreli-hasan\/\",\"name\":\"Debreli Hasan - narteks.net\",\"isPartOf\":{\"@id\":\"https:\/\/narteks.net\/#website\"},\"datePublished\":\"2009-03-13T10:54:27+00:00\",\"breadcrumb\":{\"@id\":\"https:\/\/narteks.net\/index.php\/2009\/03\/13\/debreli-hasan\/#breadcrumb\"},\"inLanguage\":\"tr\",\"potentialAction\":[{\"@type\":\"ReadAction\",\"target\":[\"https:\/\/narteks.net\/index.php\/2009\/03\/13\/debreli-hasan\/\"]}]},{\"@type\":\"BreadcrumbList\",\"@id\":\"https:\/\/narteks.net\/index.php\/2009\/03\/13\/debreli-hasan\/#breadcrumb\",\"itemListElement\":[{\"@type\":\"ListItem\",\"position\":1,\"name\":\"Anasayfa\",\"item\":\"https:\/\/narteks.net\/\"},{\"@type\":\"ListItem\",\"position\":2,\"name\":\"Debreli Hasan\"}]},{\"@type\":\"WebSite\",\"@id\":\"https:\/\/narteks.net\/#website\",\"url\":\"https:\/\/narteks.net\/\",\"name\":\"narteks.net\",\"description\":\"K\u00fclt\u00fcr Sanat Edebiyat Felsefe\",\"publisher\":{\"@id\":\"https:\/\/narteks.net\/#organization\"},\"alternateName\":\"K\u00fclt\u00fcr Sanat Edebiyat Felsefe\",\"potentialAction\":[{\"@type\":\"SearchAction\",\"target\":{\"@type\":\"EntryPoint\",\"urlTemplate\":\"https:\/\/narteks.net\/?s={search_term_string}\"},\"query-input\":{\"@type\":\"PropertyValueSpecification\",\"valueRequired\":true,\"valueName\":\"search_term_string\"}}],\"inLanguage\":\"tr\"},{\"@type\":\"Organization\",\"@id\":\"https:\/\/narteks.net\/#organization\",\"name\":\"narteks.net\",\"url\":\"https:\/\/narteks.net\/\",\"logo\":{\"@type\":\"ImageObject\",\"inLanguage\":\"tr\",\"@id\":\"https:\/\/narteks.net\/#\/schema\/logo\/image\/\",\"url\":\"https:\/\/narteks.net\/wp-content\/uploads\/narteks.png\",\"contentUrl\":\"https:\/\/narteks.net\/wp-content\/uploads\/narteks.png\",\"width\":300,\"height\":90,\"caption\":\"narteks.net\"},\"image\":{\"@id\":\"https:\/\/narteks.net\/#\/schema\/logo\/image\/\"},\"sameAs\":[\"https:\/\/x.com\/narteks\",\"https:\/\/instagram.com\/narteksnet\"]},{\"@type\":\"Person\",\"@id\":\"https:\/\/narteks.net\/#\/schema\/person\/61f37d9834294b72d31d274e7ed79bca\",\"name\":\"Tar\u0131k\",\"image\":{\"@type\":\"ImageObject\",\"inLanguage\":\"tr\",\"@id\":\"https:\/\/narteks.net\/#\/schema\/person\/image\/\",\"url\":\"https:\/\/secure.gravatar.com\/avatar\/50865afb55632c4ae467e0af0930f6510aa2297d8014be502a55b14f3b7550cf?s=96&d=mm&r=g\",\"contentUrl\":\"https:\/\/secure.gravatar.com\/avatar\/50865afb55632c4ae467e0af0930f6510aa2297d8014be502a55b14f3b7550cf?s=96&d=mm&r=g\",\"caption\":\"Tar\u0131k\"},\"sameAs\":[\"http:\/\/narteks.net\"],\"url\":\"https:\/\/narteks.net\/index.php\/author\/narbak\/\"}]}<\/script>\n<!-- \/ Yoast SEO Premium plugin. -->","yoast_head_json":{"title":"Debreli Hasan - narteks.net","robots":{"index":"index","follow":"follow","max-snippet":"max-snippet:-1","max-image-preview":"max-image-preview:large","max-video-preview":"max-video-preview:-1"},"canonical":"https:\/\/narteks.net\/index.php\/2009\/03\/13\/debreli-hasan\/","og_locale":"tr_TR","og_type":"article","og_title":"Debreli Hasan","og_description":"Debreli Hasan Debreli Hasan, Drama&#8217;da yeti\u015fmi\u015f. Debreli nam\u0131yla m\u00fcbadele \u00f6ncesi donemde Drama-Serez-Sarisaban b\u00f6lgelerinde faaliyet g\u00f6stermi\u015f bir halk kahraman\u0131 e\u015fk\u0131yad\u0131r. Drama k\u00f6pr\u00fcs\u00fcn\u00fc,o devrin haks\u0131zl\u0131kla para kazanan halk\u0131 ezen zenginlerinden ald\u0131\u011f\u0131 hara\u00e7la yapt\u0131rm\u0131\u015ft\u0131r. Debreli Hasan&#8217;\u0131n ya\u015fad\u0131\u011f\u0131,donem kesinlikle bilinmemekle beraber Cakircali Efe ile \u00e7a\u011fda\u015f oldu\u011fu g\u00f6r\u00fc\u015fleri,hatta at\u0131\u015ft\u0131klar\u0131na dair hikayeler onun 1870-1920 y\u0131llar\u0131 aras\u0131nda Makedonya da\u011flar\u0131nda egemen oldu\u011funu g\u00f6stermektedir. [&hellip;]","og_url":"https:\/\/narteks.net\/index.php\/2009\/03\/13\/debreli-hasan\/","og_site_name":"narteks.net","article_published_time":"2009-03-13T10:54:27+00:00","og_image":[{"width":300,"height":90,"url":"https:\/\/narteks.net\/wp-content\/uploads\/narteks.png","type":"image\/png"}],"author":"Tar\u0131k","twitter_card":"summary_large_image","twitter_creator":"@narteks","twitter_site":"@narteks","twitter_misc":{"Yazan:":"Tar\u0131k","Tahmini okuma s\u00fcresi":"2 dakika"},"schema":{"@context":"https:\/\/schema.org","@graph":[{"@type":"Article","@id":"https:\/\/narteks.net\/index.php\/2009\/03\/13\/debreli-hasan\/#article","isPartOf":{"@id":"https:\/\/narteks.net\/index.php\/2009\/03\/13\/debreli-hasan\/"},"author":{"name":"Tar\u0131k","@id":"https:\/\/narteks.net\/#\/schema\/person\/61f37d9834294b72d31d274e7ed79bca"},"headline":"Debreli Hasan","datePublished":"2009-03-13T10:54:27+00:00","mainEntityOfPage":{"@id":"https:\/\/narteks.net\/index.php\/2009\/03\/13\/debreli-hasan\/"},"wordCount":417,"commentCount":0,"publisher":{"@id":"https:\/\/narteks.net\/#organization"},"articleSection":["\u00d6yk\u00fcleriyle T\u00fcrk\u00fcler"],"inLanguage":"tr","potentialAction":[{"@type":"CommentAction","name":"Comment","target":["https:\/\/narteks.net\/index.php\/2009\/03\/13\/debreli-hasan\/#respond"]}]},{"@type":"WebPage","@id":"https:\/\/narteks.net\/index.php\/2009\/03\/13\/debreli-hasan\/","url":"https:\/\/narteks.net\/index.php\/2009\/03\/13\/debreli-hasan\/","name":"Debreli Hasan - narteks.net","isPartOf":{"@id":"https:\/\/narteks.net\/#website"},"datePublished":"2009-03-13T10:54:27+00:00","breadcrumb":{"@id":"https:\/\/narteks.net\/index.php\/2009\/03\/13\/debreli-hasan\/#breadcrumb"},"inLanguage":"tr","potentialAction":[{"@type":"ReadAction","target":["https:\/\/narteks.net\/index.php\/2009\/03\/13\/debreli-hasan\/"]}]},{"@type":"BreadcrumbList","@id":"https:\/\/narteks.net\/index.php\/2009\/03\/13\/debreli-hasan\/#breadcrumb","itemListElement":[{"@type":"ListItem","position":1,"name":"Anasayfa","item":"https:\/\/narteks.net\/"},{"@type":"ListItem","position":2,"name":"Debreli Hasan"}]},{"@type":"WebSite","@id":"https:\/\/narteks.net\/#website","url":"https:\/\/narteks.net\/","name":"narteks.net","description":"K\u00fclt\u00fcr Sanat Edebiyat Felsefe","publisher":{"@id":"https:\/\/narteks.net\/#organization"},"alternateName":"K\u00fclt\u00fcr Sanat Edebiyat Felsefe","potentialAction":[{"@type":"SearchAction","target":{"@type":"EntryPoint","urlTemplate":"https:\/\/narteks.net\/?s={search_term_string}"},"query-input":{"@type":"PropertyValueSpecification","valueRequired":true,"valueName":"search_term_string"}}],"inLanguage":"tr"},{"@type":"Organization","@id":"https:\/\/narteks.net\/#organization","name":"narteks.net","url":"https:\/\/narteks.net\/","logo":{"@type":"ImageObject","inLanguage":"tr","@id":"https:\/\/narteks.net\/#\/schema\/logo\/image\/","url":"https:\/\/narteks.net\/wp-content\/uploads\/narteks.png","contentUrl":"https:\/\/narteks.net\/wp-content\/uploads\/narteks.png","width":300,"height":90,"caption":"narteks.net"},"image":{"@id":"https:\/\/narteks.net\/#\/schema\/logo\/image\/"},"sameAs":["https:\/\/x.com\/narteks","https:\/\/instagram.com\/narteksnet"]},{"@type":"Person","@id":"https:\/\/narteks.net\/#\/schema\/person\/61f37d9834294b72d31d274e7ed79bca","name":"Tar\u0131k","image":{"@type":"ImageObject","inLanguage":"tr","@id":"https:\/\/narteks.net\/#\/schema\/person\/image\/","url":"https:\/\/secure.gravatar.com\/avatar\/50865afb55632c4ae467e0af0930f6510aa2297d8014be502a55b14f3b7550cf?s=96&d=mm&r=g","contentUrl":"https:\/\/secure.gravatar.com\/avatar\/50865afb55632c4ae467e0af0930f6510aa2297d8014be502a55b14f3b7550cf?s=96&d=mm&r=g","caption":"Tar\u0131k"},"sameAs":["http:\/\/narteks.net"],"url":"https:\/\/narteks.net\/index.php\/author\/narbak\/"}]}},"_links":{"self":[{"href":"https:\/\/narteks.net\/index.php\/wp-json\/wp\/v2\/posts\/416","targetHints":{"allow":["GET"]}}],"collection":[{"href":"https:\/\/narteks.net\/index.php\/wp-json\/wp\/v2\/posts"}],"about":[{"href":"https:\/\/narteks.net\/index.php\/wp-json\/wp\/v2\/types\/post"}],"author":[{"embeddable":true,"href":"https:\/\/narteks.net\/index.php\/wp-json\/wp\/v2\/users\/1"}],"replies":[{"embeddable":true,"href":"https:\/\/narteks.net\/index.php\/wp-json\/wp\/v2\/comments?post=416"}],"version-history":[{"count":0,"href":"https:\/\/narteks.net\/index.php\/wp-json\/wp\/v2\/posts\/416\/revisions"}],"wp:attachment":[{"href":"https:\/\/narteks.net\/index.php\/wp-json\/wp\/v2\/media?parent=416"}],"wp:term":[{"taxonomy":"category","embeddable":true,"href":"https:\/\/narteks.net\/index.php\/wp-json\/wp\/v2\/categories?post=416"},{"taxonomy":"post_tag","embeddable":true,"href":"https:\/\/narteks.net\/index.php\/wp-json\/wp\/v2\/tags?post=416"}],"curies":[{"name":"wp","href":"https:\/\/api.w.org\/{rel}","templated":true}]}}