{"id":4160,"date":"2010-02-08T10:43:36","date_gmt":"2010-02-08T07:43:36","guid":{"rendered":"http:\/\/localhost\/wordpress\/2010\/02\/08\/turkulere-gonul-vermis-bir-ailenin-guclu-yorumcusu-kubat-ve-turkuler\/"},"modified":"2010-02-08T10:43:36","modified_gmt":"2010-02-08T07:43:36","slug":"turkulere-gonul-vermis-bir-ailenin-guclu-yorumcusu-kubat-ve-turkuler","status":"publish","type":"post","link":"https:\/\/narteks.net\/index.php\/2010\/02\/08\/turkulere-gonul-vermis-bir-ailenin-guclu-yorumcusu-kubat-ve-turkuler\/","title":{"rendered":"T\u00fcrk\u00fclere g\u00f6n\u00fcl vermi\u015f bir ailenin g\u00fc\u00e7l\u00fc yorumcusu | KUBAT ve t\u00fcrk\u00fcler"},"content":{"rendered":"<p><strong><img loading=\"lazy\" decoding=\"async\" src=\"images\/stories\/kubat.jpg\" border=\"0\" width=\"155\" height=\"205\" style=\"float: left;\" \/><\/strong><\/p>\n<p style=\"text-align: justify;\">Ger\u00e7ek ad\u0131 Ramazan Kubat&#8217;t\u0131r. Sanat hayat\u0131nda soyad\u0131 olan Kubat&#8217;\u0131 kullanmaktad\u0131r.Ailesinin \u00e7o\u011fu ferdi gibi amcas\u0131 \u015eemsettin Kubat da \u00f6nemli bir halk ozan\u0131d\u0131r. Afyon Emirda\u011f&#8217;dan Bel\u00e7ika&#8217;ya g\u00f6\u00e7 eden bir ailenin d\u00f6rt \u00e7ocu\u011funun en k\u00fc\u00e7\u00fc\u011f\u00fc olan Kubat, 4 Ekim 1974&#8217;de Anvers&#8217;de do\u011fdu. Be\u015finci ya\u015f g\u00fcn\u00fcnde babas\u0131n\u0131n hediyesi &#8220;Cura&#8221; ile m\u00fczik hayat\u0131na ba\u015flad\u0131. K\u0131sa s\u00fcrede curan\u0131n b\u00fct\u00fcn \u00f6zelliklerini \u00f6\u011frenme ba\u015far\u0131s\u0131 g\u00f6steren Kubat, ba\u011flamay\u0131 da eline ald\u0131\u011f\u0131 andan itibaren \u00e7almaya ba\u015flad\u0131. Sekiz ya\u015f\u0131ndayken ailesine ait restoranda mikrofonla tan\u0131\u015ft\u0131 ve sahneye \u00e7\u0131kmaya ba\u015flad\u0131.Bu s\u0131ralarda m\u00fczik akademisine devam ederek solfej ve klasik gitar e\u011fitimi ald\u0131.<\/p>\n<p style=\"text-align: justify;\">1986 y\u0131l\u0131nda yap\u0131lan bir ses yar\u0131\u015fmas\u0131nda birinci se\u00e7ilen Kubat, daha sonra T\u00fcrkiye&#8217;ye geldi ve 1996 y\u0131l\u0131nda ilk alb\u00fcm\u00fc &#8220;Kubat&#8221;\u0131 yay\u0131nlad\u0131. Farkl\u0131 yorumu ve tarz\u0131yla m\u00fczik d\u00fcnyas\u0131na kendini kabul ettirerek 1998&#8217;de ikinci alb\u00fcm\u00fc &#8220;Bug\u00fcn&#8221;\u00fc, 1999 y\u0131l\u0131nda ise \u00fc\u00e7\u00fcnc\u00fc alb\u00fcm\u00fc &#8220;Bir Ayr\u0131l\u0131k, Bir Yoksulluk, Bir \u00d6l\u00fcm&#8221;\u00fc sevenleri ile bulu\u015fturdu.<br \/>Kubat, \u00f6nceki alb\u00fcmlerindeki \u00e7izginin \u00f6tesine ge\u00e7mek, t\u00fcrk\u00fcleri daha da \u00f6n plana \u00e7\u0131karmak amac\u0131yla farkl\u0131 bir proje haz\u0131rlamaya ba\u015flad\u0131 ve otuz be\u015f anonim t\u00fcrk\u00fcy\u00fc yorumlad\u0131\u011f\u0131 &#8220;Ar\u015fiv 1-2-3&#8221; adl\u0131 alb\u00fcm\u00fcn\u00fc 2001 y\u0131l\u0131nda yay\u0131nlad\u0131. Bu alb\u00fcm\u00fcn\u00fcn yan\u0131 s\u0131ra 8 farkl\u0131 dilde haz\u0131rlanan 80 sayfal\u0131k kitapla da t\u00fcrk\u00fclerin tarihsel \u00f6zelliklerini m\u00fczikseverlere sundu. Ayr\u0131ca, ayn\u0131 t\u00fcrk\u00fclerin canl\u0131 performans\u0131n\u0131n sergilendi\u011fi konser kayd\u0131n\u0131 VCD olarak &#8220;Ar\u015fiv&#8221; e ekledi.<\/p>\n<p style=\"text-align: justify;\">\u00a0<\/p>\n<p>\n<object width=\"480\" height=\"398\"><param name=\"movie\" value=\"http:\/\/www.dailymotion.com\/swf\/x8px6u\" \/><param name=\"allowFullScreen\" value=\"true\" \/><param name=\"allowScriptAccess\" value=\"always\" \/><embed width=\"480\" height=\"398\" src=\"http:\/\/www.dailymotion.com\/swf\/x8px6u\" allowfullscreen=\"true\" allowscriptaccess=\"always\"><\/embed><\/object><br \/>\n<br \/><strong><a href=\"http:\/\/www.dailymotion.com\/video\/x8px6u_kubat-dermanimsin_music\">Kubat &#8211; Dermanimsin<\/a><\/strong><br \/><em><a href=\"http:\/\/www.dailymotion.com\/tr\/channel\/music\"><br \/><\/a><\/em><\/p>\n<p style=\"text-align: justify;\">Bu \u00e7al\u0131\u015fmalar\u0131n\u0131n, alb\u00fcmlerinin hayallerine uzanan yolun hen\u00fcz ba\u015flang\u0131c\u0131 oldu\u011funa inanan Kubat, sanat hayat\u0131n\u0131n mihenk ta\u015f\u0131 ve hayallerine giden yolun ba\u015flang\u0131c\u0131 olarak kabul etti\u011fi i\u00e7in ger\u00e7ek do\u011fum g\u00fcn\u00fcm diye niteledi\u011fi Rene Giessen y\u00f6netimindeki senfoni orkestras\u0131, etnik \u00e7alg\u0131lar ve halk oyunlar\u0131 toplulu\u011fu e\u015fli\u011fiyle 1 Haziran 2002&#8217;de L\u00fctfi K\u0131rdar Kongre ve Sergi Saray\u0131nda K\u00fclt\u00fcr Bakanl\u0131\u011f\u0131n\u0131n sponsorlu\u011funda \u2018Anadolu G\u00fcne\u015fi&#8217; isimli g\u00f6rkemli bir konser ger\u00e7ekle\u015ftirdi.<br \/>\u00dc\u00e7 y\u0131ll\u0131k aradan sonra, Eyl\u00fcl 2003 tarihinde hayallerine ula\u015fma da \u00f6nemli bir ad\u0131m olabilecek &#8220;Lokman&#8221; isimli alb\u00fcm\u00fcyle sevenleri ile bulu\u015ftu. Aylar boyu s\u00fcren \u00f6zenli bir \u00e7al\u0131\u015fman\u0131n \u00fcr\u00fcn\u00fc olan alb\u00fcm, T\u00fcrk Halk M\u00fczi\u011fi&#8217;nden rock m\u00fczi\u011fe, pop m\u00fczikten jazz&#8217;a, etnik m\u00fczikten klasik m\u00fczi\u011fe kadar geni\u015f bir m\u00fczik yelpazesi sunmakta.2004 y\u0131l\u0131nda TRT 1 ekranlar\u0131nda 1200 ki\u015filik seyirci kapasitesi olan Ankara Ar\u0131 St\u00fcdyolar\u0131nda bug\u00fcn halen TRT-INT,TRT2 ve TRT4&#8217;de tekrar\u0131 olan &#8220;Kubat&#8217;la Anadolu&#8217;nun Sesi&#8221; program\u0131n\u0131 ba\u015far\u0131yla sundu. 2005 y\u0131l\u0131nda &#8220;Yare Do\u011fru&#8221; alb\u00fcm\u00fcn\u00fcn ard\u0131ndan vatani g\u00f6revini tamamlad\u0131. Asker d\u00f6n\u00fc\u015f\u00fc kald\u0131\u011f\u0131 yerden &#8220;Folklorika&#8221; adl\u0131 m\u00fczikal ile devam etti. Hemen ard\u0131ndan T\u00fcrkiye&#8217;nin ilk t\u00fcrk\u00e7e m\u00fczik kanal\u0131 Kral Tv&#8217;de &#8220;Kubat Zaman\u0131&#8221; adl\u0131 m\u00fczik program\u0131na ba\u015flad\u0131.<br \/>Uzun bir aradan sonra farkl\u0131 bir sound ile haz\u0131rlanan,merakla beklenen alb\u00fcm\u00fc &#8220;KUBAT-2008&#8221; yeni y\u0131l\u0131n ilk alb\u00fcm\u00fc olarak 3 Ocak 2008&#8217;de m\u00fczik marketlerde yerini ald\u0131.<br \/>Kubat, bu alb\u00fcmde T\u00fcrk Halk M\u00fczi\u011fi&#8217;ni rock, pop, jazz, etnik ve klasik m\u00fczik alt yap\u0131lar\u0131ndan olu\u015fan zengin bir yelpazeyle m\u00fczikseverlere sunuyor. Alb\u00fcm\u00fcn \u00e7\u0131k\u0131\u015f ve klip par\u00e7as\u0131 s\u00f6z ve m\u00fczi\u011fi B\u00fclent g\u00fcm\u00fc\u015f&#8217;e ait olan &#8220;Derman\u0131ms\u0131n&#8221; adl\u0131 \u015fark\u0131.<\/p>\n<p><embed type=\"application\/x-shockwave-flash\" width=\"400\" height=\"300\" src=\"http:\/\/www.humyo.com\/E\/10422871-281475396372167\/10422871-281475396373369\/10422871-281475396374653\/10422871-281475396376031\/10422871-281475396378105\/10422871-281475396379515\/10422871-281475396380921\/10422871-281475396382257\/10422871-281475396383701?a=jsMF5q31O7I%2CLnfPkmncOSk%2C5HBoIMhJQC8%2CshRr0Esb9kc%2CsirBi4og7FY%2CKsODBvb6ONg%2CzEuFIhvQkRQ%2CoxbZOM-_wg4%2C0DWECTU_1Yg\" flashvars=\"autostart=true&amp;usefullscreen=true&amp;\" allowfullscreen=\"true\"><\/embed><\/p>\n","protected":false},"excerpt":{"rendered":"<p>Ger\u00e7ek ad\u0131 Ramazan Kubat&#8217;t\u0131r. Sanat hayat\u0131nda soyad\u0131 olan Kubat&#8217;\u0131 kullanmaktad\u0131r.Ailesinin \u00e7o\u011fu ferdi gibi amcas\u0131 \u015eemsettin Kubat da \u00f6nemli bir halk ozan\u0131d\u0131r. Afyon Emirda\u011f&#8217;dan Bel\u00e7ika&#8217;ya g\u00f6\u00e7 eden bir ailenin d\u00f6rt \u00e7ocu\u011funun en k\u00fc\u00e7\u00fc\u011f\u00fc olan Kubat, 4 Ekim 1974&#8217;de Anvers&#8217;de do\u011fdu. Be\u015finci ya\u015f g\u00fcn\u00fcnde babas\u0131n\u0131n hediyesi &#8220;Cura&#8221; ile m\u00fczik hayat\u0131na ba\u015flad\u0131. K\u0131sa s\u00fcrede curan\u0131n b\u00fct\u00fcn \u00f6zelliklerini \u00f6\u011frenme [&hellip;]<\/p>\n","protected":false},"author":1,"featured_media":0,"comment_status":"open","ping_status":"open","sticky":false,"template":"","format":"standard","meta":{"footnotes":""},"categories":[100],"tags":[],"class_list":{"0":"post-4160","1":"post","2":"type-post","3":"status-publish","4":"format-standard","6":"category-muzisyenler"},"yoast_head":"<!-- This site is optimized with the Yoast SEO Premium plugin v24.9 (Yoast SEO v24.9) - https:\/\/yoast.com\/wordpress\/plugins\/seo\/ -->\n<title>T\u00fcrk\u00fclere g\u00f6n\u00fcl vermi\u015f bir ailenin g\u00fc\u00e7l\u00fc yorumcusu | KUBAT ve t\u00fcrk\u00fcler - narteks.net<\/title>\n<meta name=\"robots\" content=\"index, follow, max-snippet:-1, max-image-preview:large, max-video-preview:-1\" \/>\n<link rel=\"canonical\" href=\"https:\/\/narteks.net\/index.php\/2010\/02\/08\/turkulere-gonul-vermis-bir-ailenin-guclu-yorumcusu-kubat-ve-turkuler\/\" \/>\n<meta property=\"og:locale\" content=\"tr_TR\" \/>\n<meta property=\"og:type\" content=\"article\" \/>\n<meta property=\"og:title\" content=\"T\u00fcrk\u00fclere g\u00f6n\u00fcl vermi\u015f bir ailenin g\u00fc\u00e7l\u00fc yorumcusu | KUBAT ve t\u00fcrk\u00fcler\" \/>\n<meta property=\"og:description\" content=\"Ger\u00e7ek ad\u0131 Ramazan Kubat&#8217;t\u0131r. Sanat hayat\u0131nda soyad\u0131 olan Kubat&#8217;\u0131 kullanmaktad\u0131r.Ailesinin \u00e7o\u011fu ferdi gibi amcas\u0131 \u015eemsettin Kubat da \u00f6nemli bir halk ozan\u0131d\u0131r. Afyon Emirda\u011f&#8217;dan Bel\u00e7ika&#8217;ya g\u00f6\u00e7 eden bir ailenin d\u00f6rt \u00e7ocu\u011funun en k\u00fc\u00e7\u00fc\u011f\u00fc olan Kubat, 4 Ekim 1974&#8217;de Anvers&#8217;de do\u011fdu. Be\u015finci ya\u015f g\u00fcn\u00fcnde babas\u0131n\u0131n hediyesi &#8220;Cura&#8221; ile m\u00fczik hayat\u0131na ba\u015flad\u0131. K\u0131sa s\u00fcrede curan\u0131n b\u00fct\u00fcn \u00f6zelliklerini \u00f6\u011frenme [&hellip;]\" \/>\n<meta property=\"og:url\" content=\"https:\/\/narteks.net\/index.php\/2010\/02\/08\/turkulere-gonul-vermis-bir-ailenin-guclu-yorumcusu-kubat-ve-turkuler\/\" \/>\n<meta property=\"og:site_name\" content=\"narteks.net\" \/>\n<meta property=\"article:published_time\" content=\"2010-02-08T07:43:36+00:00\" \/>\n<meta property=\"og:image\" content=\"https:\/\/narteks.net\/wp-content\/uploads\/narteks.png\" \/>\n\t<meta property=\"og:image:width\" content=\"300\" \/>\n\t<meta property=\"og:image:height\" content=\"90\" \/>\n\t<meta property=\"og:image:type\" content=\"image\/png\" \/>\n<meta name=\"author\" content=\"Tar\u0131k\" \/>\n<meta name=\"twitter:card\" content=\"summary_large_image\" \/>\n<meta name=\"twitter:creator\" content=\"@narteks\" \/>\n<meta name=\"twitter:site\" content=\"@narteks\" \/>\n<meta name=\"twitter:label1\" content=\"Yazan:\" \/>\n\t<meta name=\"twitter:data1\" content=\"Tar\u0131k\" \/>\n\t<meta name=\"twitter:label2\" content=\"Tahmini okuma s\u00fcresi\" \/>\n\t<meta name=\"twitter:data2\" content=\"3 dakika\" \/>\n<script type=\"application\/ld+json\" class=\"yoast-schema-graph\">{\"@context\":\"https:\/\/schema.org\",\"@graph\":[{\"@type\":\"Article\",\"@id\":\"https:\/\/narteks.net\/index.php\/2010\/02\/08\/turkulere-gonul-vermis-bir-ailenin-guclu-yorumcusu-kubat-ve-turkuler\/#article\",\"isPartOf\":{\"@id\":\"https:\/\/narteks.net\/index.php\/2010\/02\/08\/turkulere-gonul-vermis-bir-ailenin-guclu-yorumcusu-kubat-ve-turkuler\/\"},\"author\":{\"name\":\"Tar\u0131k\",\"@id\":\"https:\/\/narteks.net\/#\/schema\/person\/61f37d9834294b72d31d274e7ed79bca\"},\"headline\":\"T\u00fcrk\u00fclere g\u00f6n\u00fcl vermi\u015f bir ailenin g\u00fc\u00e7l\u00fc yorumcusu | KUBAT ve t\u00fcrk\u00fcler\",\"datePublished\":\"2010-02-08T07:43:36+00:00\",\"mainEntityOfPage\":{\"@id\":\"https:\/\/narteks.net\/index.php\/2010\/02\/08\/turkulere-gonul-vermis-bir-ailenin-guclu-yorumcusu-kubat-ve-turkuler\/\"},\"wordCount\":640,\"commentCount\":0,\"publisher\":{\"@id\":\"https:\/\/narteks.net\/#organization\"},\"articleSection\":[\"M\u00fczisyenler\"],\"inLanguage\":\"tr\",\"potentialAction\":[{\"@type\":\"CommentAction\",\"name\":\"Comment\",\"target\":[\"https:\/\/narteks.net\/index.php\/2010\/02\/08\/turkulere-gonul-vermis-bir-ailenin-guclu-yorumcusu-kubat-ve-turkuler\/#respond\"]}]},{\"@type\":\"WebPage\",\"@id\":\"https:\/\/narteks.net\/index.php\/2010\/02\/08\/turkulere-gonul-vermis-bir-ailenin-guclu-yorumcusu-kubat-ve-turkuler\/\",\"url\":\"https:\/\/narteks.net\/index.php\/2010\/02\/08\/turkulere-gonul-vermis-bir-ailenin-guclu-yorumcusu-kubat-ve-turkuler\/\",\"name\":\"T\u00fcrk\u00fclere g\u00f6n\u00fcl vermi\u015f bir ailenin g\u00fc\u00e7l\u00fc yorumcusu | KUBAT ve t\u00fcrk\u00fcler - narteks.net\",\"isPartOf\":{\"@id\":\"https:\/\/narteks.net\/#website\"},\"datePublished\":\"2010-02-08T07:43:36+00:00\",\"breadcrumb\":{\"@id\":\"https:\/\/narteks.net\/index.php\/2010\/02\/08\/turkulere-gonul-vermis-bir-ailenin-guclu-yorumcusu-kubat-ve-turkuler\/#breadcrumb\"},\"inLanguage\":\"tr\",\"potentialAction\":[{\"@type\":\"ReadAction\",\"target\":[\"https:\/\/narteks.net\/index.php\/2010\/02\/08\/turkulere-gonul-vermis-bir-ailenin-guclu-yorumcusu-kubat-ve-turkuler\/\"]}]},{\"@type\":\"BreadcrumbList\",\"@id\":\"https:\/\/narteks.net\/index.php\/2010\/02\/08\/turkulere-gonul-vermis-bir-ailenin-guclu-yorumcusu-kubat-ve-turkuler\/#breadcrumb\",\"itemListElement\":[{\"@type\":\"ListItem\",\"position\":1,\"name\":\"Anasayfa\",\"item\":\"https:\/\/narteks.net\/\"},{\"@type\":\"ListItem\",\"position\":2,\"name\":\"T\u00fcrk\u00fclere g\u00f6n\u00fcl vermi\u015f bir ailenin g\u00fc\u00e7l\u00fc yorumcusu | KUBAT ve t\u00fcrk\u00fcler\"}]},{\"@type\":\"WebSite\",\"@id\":\"https:\/\/narteks.net\/#website\",\"url\":\"https:\/\/narteks.net\/\",\"name\":\"narteks.net\",\"description\":\"K\u00fclt\u00fcr Sanat Edebiyat Felsefe\",\"publisher\":{\"@id\":\"https:\/\/narteks.net\/#organization\"},\"alternateName\":\"K\u00fclt\u00fcr Sanat Edebiyat Felsefe\",\"potentialAction\":[{\"@type\":\"SearchAction\",\"target\":{\"@type\":\"EntryPoint\",\"urlTemplate\":\"https:\/\/narteks.net\/?s={search_term_string}\"},\"query-input\":{\"@type\":\"PropertyValueSpecification\",\"valueRequired\":true,\"valueName\":\"search_term_string\"}}],\"inLanguage\":\"tr\"},{\"@type\":\"Organization\",\"@id\":\"https:\/\/narteks.net\/#organization\",\"name\":\"narteks.net\",\"url\":\"https:\/\/narteks.net\/\",\"logo\":{\"@type\":\"ImageObject\",\"inLanguage\":\"tr\",\"@id\":\"https:\/\/narteks.net\/#\/schema\/logo\/image\/\",\"url\":\"https:\/\/narteks.net\/wp-content\/uploads\/narteks.png\",\"contentUrl\":\"https:\/\/narteks.net\/wp-content\/uploads\/narteks.png\",\"width\":300,\"height\":90,\"caption\":\"narteks.net\"},\"image\":{\"@id\":\"https:\/\/narteks.net\/#\/schema\/logo\/image\/\"},\"sameAs\":[\"https:\/\/x.com\/narteks\",\"https:\/\/instagram.com\/narteksnet\"]},{\"@type\":\"Person\",\"@id\":\"https:\/\/narteks.net\/#\/schema\/person\/61f37d9834294b72d31d274e7ed79bca\",\"name\":\"Tar\u0131k\",\"image\":{\"@type\":\"ImageObject\",\"inLanguage\":\"tr\",\"@id\":\"https:\/\/narteks.net\/#\/schema\/person\/image\/\",\"url\":\"https:\/\/secure.gravatar.com\/avatar\/50865afb55632c4ae467e0af0930f6510aa2297d8014be502a55b14f3b7550cf?s=96&d=mm&r=g\",\"contentUrl\":\"https:\/\/secure.gravatar.com\/avatar\/50865afb55632c4ae467e0af0930f6510aa2297d8014be502a55b14f3b7550cf?s=96&d=mm&r=g\",\"caption\":\"Tar\u0131k\"},\"sameAs\":[\"http:\/\/narteks.net\"],\"url\":\"https:\/\/narteks.net\/index.php\/author\/narbak\/\"}]}<\/script>\n<!-- \/ Yoast SEO Premium plugin. -->","yoast_head_json":{"title":"T\u00fcrk\u00fclere g\u00f6n\u00fcl vermi\u015f bir ailenin g\u00fc\u00e7l\u00fc yorumcusu | KUBAT ve t\u00fcrk\u00fcler - narteks.net","robots":{"index":"index","follow":"follow","max-snippet":"max-snippet:-1","max-image-preview":"max-image-preview:large","max-video-preview":"max-video-preview:-1"},"canonical":"https:\/\/narteks.net\/index.php\/2010\/02\/08\/turkulere-gonul-vermis-bir-ailenin-guclu-yorumcusu-kubat-ve-turkuler\/","og_locale":"tr_TR","og_type":"article","og_title":"T\u00fcrk\u00fclere g\u00f6n\u00fcl vermi\u015f bir ailenin g\u00fc\u00e7l\u00fc yorumcusu | KUBAT ve t\u00fcrk\u00fcler","og_description":"Ger\u00e7ek ad\u0131 Ramazan Kubat&#8217;t\u0131r. Sanat hayat\u0131nda soyad\u0131 olan Kubat&#8217;\u0131 kullanmaktad\u0131r.Ailesinin \u00e7o\u011fu ferdi gibi amcas\u0131 \u015eemsettin Kubat da \u00f6nemli bir halk ozan\u0131d\u0131r. Afyon Emirda\u011f&#8217;dan Bel\u00e7ika&#8217;ya g\u00f6\u00e7 eden bir ailenin d\u00f6rt \u00e7ocu\u011funun en k\u00fc\u00e7\u00fc\u011f\u00fc olan Kubat, 4 Ekim 1974&#8217;de Anvers&#8217;de do\u011fdu. Be\u015finci ya\u015f g\u00fcn\u00fcnde babas\u0131n\u0131n hediyesi &#8220;Cura&#8221; ile m\u00fczik hayat\u0131na ba\u015flad\u0131. K\u0131sa s\u00fcrede curan\u0131n b\u00fct\u00fcn \u00f6zelliklerini \u00f6\u011frenme [&hellip;]","og_url":"https:\/\/narteks.net\/index.php\/2010\/02\/08\/turkulere-gonul-vermis-bir-ailenin-guclu-yorumcusu-kubat-ve-turkuler\/","og_site_name":"narteks.net","article_published_time":"2010-02-08T07:43:36+00:00","og_image":[{"width":300,"height":90,"url":"https:\/\/narteks.net\/wp-content\/uploads\/narteks.png","type":"image\/png"}],"author":"Tar\u0131k","twitter_card":"summary_large_image","twitter_creator":"@narteks","twitter_site":"@narteks","twitter_misc":{"Yazan:":"Tar\u0131k","Tahmini okuma s\u00fcresi":"3 dakika"},"schema":{"@context":"https:\/\/schema.org","@graph":[{"@type":"Article","@id":"https:\/\/narteks.net\/index.php\/2010\/02\/08\/turkulere-gonul-vermis-bir-ailenin-guclu-yorumcusu-kubat-ve-turkuler\/#article","isPartOf":{"@id":"https:\/\/narteks.net\/index.php\/2010\/02\/08\/turkulere-gonul-vermis-bir-ailenin-guclu-yorumcusu-kubat-ve-turkuler\/"},"author":{"name":"Tar\u0131k","@id":"https:\/\/narteks.net\/#\/schema\/person\/61f37d9834294b72d31d274e7ed79bca"},"headline":"T\u00fcrk\u00fclere g\u00f6n\u00fcl vermi\u015f bir ailenin g\u00fc\u00e7l\u00fc yorumcusu | KUBAT ve t\u00fcrk\u00fcler","datePublished":"2010-02-08T07:43:36+00:00","mainEntityOfPage":{"@id":"https:\/\/narteks.net\/index.php\/2010\/02\/08\/turkulere-gonul-vermis-bir-ailenin-guclu-yorumcusu-kubat-ve-turkuler\/"},"wordCount":640,"commentCount":0,"publisher":{"@id":"https:\/\/narteks.net\/#organization"},"articleSection":["M\u00fczisyenler"],"inLanguage":"tr","potentialAction":[{"@type":"CommentAction","name":"Comment","target":["https:\/\/narteks.net\/index.php\/2010\/02\/08\/turkulere-gonul-vermis-bir-ailenin-guclu-yorumcusu-kubat-ve-turkuler\/#respond"]}]},{"@type":"WebPage","@id":"https:\/\/narteks.net\/index.php\/2010\/02\/08\/turkulere-gonul-vermis-bir-ailenin-guclu-yorumcusu-kubat-ve-turkuler\/","url":"https:\/\/narteks.net\/index.php\/2010\/02\/08\/turkulere-gonul-vermis-bir-ailenin-guclu-yorumcusu-kubat-ve-turkuler\/","name":"T\u00fcrk\u00fclere g\u00f6n\u00fcl vermi\u015f bir ailenin g\u00fc\u00e7l\u00fc yorumcusu | KUBAT ve t\u00fcrk\u00fcler - narteks.net","isPartOf":{"@id":"https:\/\/narteks.net\/#website"},"datePublished":"2010-02-08T07:43:36+00:00","breadcrumb":{"@id":"https:\/\/narteks.net\/index.php\/2010\/02\/08\/turkulere-gonul-vermis-bir-ailenin-guclu-yorumcusu-kubat-ve-turkuler\/#breadcrumb"},"inLanguage":"tr","potentialAction":[{"@type":"ReadAction","target":["https:\/\/narteks.net\/index.php\/2010\/02\/08\/turkulere-gonul-vermis-bir-ailenin-guclu-yorumcusu-kubat-ve-turkuler\/"]}]},{"@type":"BreadcrumbList","@id":"https:\/\/narteks.net\/index.php\/2010\/02\/08\/turkulere-gonul-vermis-bir-ailenin-guclu-yorumcusu-kubat-ve-turkuler\/#breadcrumb","itemListElement":[{"@type":"ListItem","position":1,"name":"Anasayfa","item":"https:\/\/narteks.net\/"},{"@type":"ListItem","position":2,"name":"T\u00fcrk\u00fclere g\u00f6n\u00fcl vermi\u015f bir ailenin g\u00fc\u00e7l\u00fc yorumcusu | KUBAT ve t\u00fcrk\u00fcler"}]},{"@type":"WebSite","@id":"https:\/\/narteks.net\/#website","url":"https:\/\/narteks.net\/","name":"narteks.net","description":"K\u00fclt\u00fcr Sanat Edebiyat Felsefe","publisher":{"@id":"https:\/\/narteks.net\/#organization"},"alternateName":"K\u00fclt\u00fcr Sanat Edebiyat Felsefe","potentialAction":[{"@type":"SearchAction","target":{"@type":"EntryPoint","urlTemplate":"https:\/\/narteks.net\/?s={search_term_string}"},"query-input":{"@type":"PropertyValueSpecification","valueRequired":true,"valueName":"search_term_string"}}],"inLanguage":"tr"},{"@type":"Organization","@id":"https:\/\/narteks.net\/#organization","name":"narteks.net","url":"https:\/\/narteks.net\/","logo":{"@type":"ImageObject","inLanguage":"tr","@id":"https:\/\/narteks.net\/#\/schema\/logo\/image\/","url":"https:\/\/narteks.net\/wp-content\/uploads\/narteks.png","contentUrl":"https:\/\/narteks.net\/wp-content\/uploads\/narteks.png","width":300,"height":90,"caption":"narteks.net"},"image":{"@id":"https:\/\/narteks.net\/#\/schema\/logo\/image\/"},"sameAs":["https:\/\/x.com\/narteks","https:\/\/instagram.com\/narteksnet"]},{"@type":"Person","@id":"https:\/\/narteks.net\/#\/schema\/person\/61f37d9834294b72d31d274e7ed79bca","name":"Tar\u0131k","image":{"@type":"ImageObject","inLanguage":"tr","@id":"https:\/\/narteks.net\/#\/schema\/person\/image\/","url":"https:\/\/secure.gravatar.com\/avatar\/50865afb55632c4ae467e0af0930f6510aa2297d8014be502a55b14f3b7550cf?s=96&d=mm&r=g","contentUrl":"https:\/\/secure.gravatar.com\/avatar\/50865afb55632c4ae467e0af0930f6510aa2297d8014be502a55b14f3b7550cf?s=96&d=mm&r=g","caption":"Tar\u0131k"},"sameAs":["http:\/\/narteks.net"],"url":"https:\/\/narteks.net\/index.php\/author\/narbak\/"}]}},"_links":{"self":[{"href":"https:\/\/narteks.net\/index.php\/wp-json\/wp\/v2\/posts\/4160","targetHints":{"allow":["GET"]}}],"collection":[{"href":"https:\/\/narteks.net\/index.php\/wp-json\/wp\/v2\/posts"}],"about":[{"href":"https:\/\/narteks.net\/index.php\/wp-json\/wp\/v2\/types\/post"}],"author":[{"embeddable":true,"href":"https:\/\/narteks.net\/index.php\/wp-json\/wp\/v2\/users\/1"}],"replies":[{"embeddable":true,"href":"https:\/\/narteks.net\/index.php\/wp-json\/wp\/v2\/comments?post=4160"}],"version-history":[{"count":0,"href":"https:\/\/narteks.net\/index.php\/wp-json\/wp\/v2\/posts\/4160\/revisions"}],"wp:attachment":[{"href":"https:\/\/narteks.net\/index.php\/wp-json\/wp\/v2\/media?parent=4160"}],"wp:term":[{"taxonomy":"category","embeddable":true,"href":"https:\/\/narteks.net\/index.php\/wp-json\/wp\/v2\/categories?post=4160"},{"taxonomy":"post_tag","embeddable":true,"href":"https:\/\/narteks.net\/index.php\/wp-json\/wp\/v2\/tags?post=4160"}],"curies":[{"name":"wp","href":"https:\/\/api.w.org\/{rel}","templated":true}]}}