{"id":4177,"date":"2010-02-08T13:06:46","date_gmt":"2010-02-08T10:06:46","guid":{"rendered":"http:\/\/localhost\/wordpress\/2010\/02\/08\/kurban-sert-insanlar-sahip-sarkilariyla-kurban-narteksnette\/"},"modified":"2010-02-08T13:06:46","modified_gmt":"2010-02-08T10:06:46","slug":"kurban-sert-insanlar-sahip-sarkilariyla-kurban-narteksnette","status":"publish","type":"post","link":"https:\/\/narteks.net\/index.php\/2010\/02\/08\/kurban-sert-insanlar-sahip-sarkilariyla-kurban-narteksnette\/","title":{"rendered":"Kurban | Sert | \u0130nsanlar | Sahip | \u015eark\u0131lar\u0131yla KURBAN Narteks.net&#8217;te"},"content":{"rendered":"<p><strong><img loading=\"lazy\" decoding=\"async\" src=\"images\/stories\/kurban-grup.jpg\" border=\"0\" width=\"155\" height=\"205\" style=\"float: left;\" \/><\/strong><\/p>\n<p style=\"text-align: justify;\">Kurban, Rock grubu. 1995 y\u0131l\u0131nda Outside ad\u0131 ile kuruldu. Bu isim alt\u0131nda ingilizce \u015fark\u0131lar \u00e7ald\u0131lar. 1997 y\u0131l\u0131nda grubun ismini Kurban olarak de\u011fi\u015ftirdiler ve ayn\u0131 y\u0131l, 1995 y\u0131l\u0131nda kat\u0131l\u0131p ba\u015far\u0131 kazanamad\u0131klar\u0131 Roxy M\u00fczik Yar\u0131\u015fmas\u0131&#8217;na kat\u0131larak 3.oldular 1999 y\u0131l\u0131nda Metallica&#8217;n\u0131n Ali Sami Yen Stad\u0131&#8217;nda verdikleri konserde alt grup olarak Metallica&#8217;dan \u00f6nce \u00e7ok ba\u015far\u0131l\u0131 bir konser verdiler.1999 y\u0131l\u0131n\u0131n Mart ay\u0131nda ilk alb\u00fcmleri olan Kurban&#8217;\u0131 piyasaya s\u00fcrd\u00fcler. Ard\u0131ndan eski gitaristleri Umut G\u00f6k\u00e7en&#8217;in Amerika&#8217;ya g\u00f6\u00e7mesi ile gitarist de\u011fi\u015ftirdiler ve son iki alb\u00fcmde yer alan \u00d6zg\u00fcr Kankaynar ile yola devam karar\u0131 ald\u0131lar. Sert ve \u0130nsanlar alb\u00fcmleri ile m\u00fczik hayatlar\u0131na kald\u0131klar\u0131 yerden devam ettiler.<\/p>\n<p>Son b\u00fcy\u00fck canl\u0131 performanslar\u0131n\u0131 ROCK\u0130STANBUL 2005&#8217;te Megadeth&#8217;in alt grubu olarak yapt\u0131lar. Grup Haziran 2005 itibariyle, t\u00fcm y\u00fck\u00fcn Deniz Y\u0131lmaz&#8217;\u0131n \u00fczerine binmesi ve son alb\u00fcmleri \u0130nsanlar&#8217;\u0131n bir ayda sadece 25.000 kopya satmas\u0131 sebebiyle da\u011f\u0131ld\u0131\u011f\u0131n\u0131 a\u00e7\u0131klad\u0131. Deniz Y\u0131lmaz Panik isimli gruba, davulcu Burak G\u00fcrp\u0131nar Athena&#8217;ya kat\u0131ld\u0131, grubun bas\u00e7\u0131s\u0131 Kerem T\u00fcz\u00fcn ise Demir Demirkan&#8217;la sahne almaya ba\u015flad\u0131. Grubun bir akustik alb\u00fcm projesi vard\u0131, fakat da\u011f\u0131lmalar\u0131 sonucu bunu ger\u00e7ekle\u015ftiremediler.<\/p>\n<p><object width=\"480\" height=\"365\" data=\"http:\/\/www.dailymotion.com\/swf\/xbxk5w\" type=\"application\/x-shockwave-flash\"><param name=\"allowFullScreen\" value=\"true\" \/><param name=\"allowScriptAccess\" value=\"always\" \/><param name=\"src\" value=\"http:\/\/www.dailymotion.com\/swf\/xbxk5w\" \/><param name=\"allowfullscreen\" value=\"true\" \/><\/object><br \/>\n<br \/><strong><a href=\"http:\/\/www.dailymotion.com\/video\/xbxk5w_kurban-soykyran_music\">kurban soyk\u0131ran<\/a><\/strong><br \/><em> <\/em>Kurban 31 Aral\u0131k 2006 tarihi itibariyle tekrar bir araya geldiklerini a\u00e7\u0131klad\u0131. Tekrar birle\u015fmelerinin ard\u0131ndan 26 Ocak 2007&#8217;de \u0130stanbul&#8217;da ve 27 Ocak Ankara&#8217;da olmak \u00fczere konser verdiler.<\/p>\n<p>2007 nin ilk aylar\u0131nda turneye \u00e7\u0131kan Kurban, solist Deniz Y\u0131lmaz&#8217;\u0131n askere gitmesi sebebiyle 25 \u015eubat 2007&#8217;den sonra 15 ayl\u0131k bir ara vermi\u015f, onun askerden d\u00f6n\u00fc\u015f\u00fc ile birlikte konserlerine tekrar ba\u015flam\u0131\u015ft\u0131r. 2009 y\u0131l\u0131nda \u00e7e\u015fitli \u00fcniversitelerin bahar \u015fenliklerinde bir dizi konser veren grup eyl\u00fcl 2009da \u00e7\u0131karacaklar\u0131 alb\u00fcm\u00fc de tan\u0131tt\u0131lar.<\/p>\n<p> Grup Elemanlar\u0131 <\/p>\n<p> * Deniz Y\u0131lmaz &#8211; Ritim Gitar, Vokal<br \/> * Burak G\u00fcrp\u0131nar &#8211; Davul<br \/> * Umut G\u00f6k\u00e7en &#8211; Gitar (\u0130lk Alb\u00fcmde)<br \/> * \u00d6zg\u00fcr Kankaynar &#8211; Gitar (Sert ve \u0130nsanlar alb\u00fcmlerinde)<br \/> * Kerem T\u00fcz\u00fcn &#8211; Bass Gitar<\/p>\n<p>Alb\u00fcmleri <br \/>Kurban<\/p>\n<p>Kurban (Raks M\u00fczik) (1999)<\/p>\n<p> 1. Intro<\/p>\n<p> 1. Gelme<br \/> 2. Ben De\u011filim<br \/> 3. Yalan<br \/> 4. \u0130stersin<br \/> 5. Yalaka<br \/> 6. Sorma<br \/> 7. Kurban<br \/> 8. Yemen T\u00fcrk\u00fcs\u00fc<br \/> 9. Dur Gitme<br \/> 10. Son S\u00f6z<br \/> 11. Wonderful Tonight<br \/> 12. Outro<\/p>\n<p>Sert<\/p>\n<p>Ters Sert (On-Air) (2004)<\/p>\n<p> 1. Intro<br \/> 2. Sar\u0131 \u00c7izmeli Mehmet A\u011fa<br \/> 3. Namus Belas\u0131<br \/> 4. A\u011flama De\u011fmez Hayat<br \/> 5. Hayvan<br \/> 6. Yalan Dostum<br \/> 7. Yosma<br \/> 8. Haberin Yok<br \/> 9. Annen<br \/> 10. Lambaya P\u00fcf De<br \/> 11. Zorba<\/p>\n<p>\u0130nsanlar <br \/>\u0130nsanlar (Pasaj) (2005)<\/p>\n<p> 1. A Bir<br \/> 2. Su\u00e7 Bende<br \/> 3. Yine<br \/> 4. Uyut Beni<br \/> 5. Cennet<br \/> 6. Zor G\u00fczel<br \/> 7. A<br \/> 8. Yok<br \/> 9. \u0130nsanlar<br \/> 10. Sus<br \/> 11. Sak\u0131n S\u00f6yleme<br \/> 12. Ben<br \/> 13. A\u011fla<br \/> 14. G\u00f6\u00e7<\/p>\n<p>Sahip <\/p>\n<p>Sahip (2010)<\/p>\n<p> 1. \u0130frit<br \/> 2. Mesih<br \/> 3. Son Emir<br \/> 4. Soyk\u0131ran<br \/> 5. Hakim<br \/> 6. Yobaz<br \/> 7. Bre Cahil<br \/> 8. G\u00fcne\u015f<br \/> 9. Sahip<br \/> 10. Misafir<\/p>\n<p>\u00a0<\/p>\n<p>\n<object width=\"400\" height=\"315\" data=\"http:\/\/www.humyo.com\/E\/10044311-281475235475117\/10044311-281475235475547\/10044311-281475235476343\/10044311-281475235476841\/10044311-281475235477359\/10044311-281475235477887\/10044311-281475235478513\/10044311-281475235479157\/10044311-281475235479783\/10044311-281475235480301\/10044311-281475235480583\/10044311-281475235481113\/10044311-281475235481939\/10044311-281475235482825\/10044311-281475235483397\/10044311-281475235484141\/10044311-281475235484661\/10044311-281475235485269\/10044311-281475235486053\/10044311-281475235486569\/10044311-281475235487871\/10044311-281475235489905\/10044311-281475235490699\/10044311-281475235491359\/10044311-281475235492401\/10044311-281475235492933\/10044311-281475235493625\/10044311-281475235494365\" type=\"application\/x-shockwave-flash\"><param name=\"flashvars\" value=\"autostart=true&amp;imagestart=true&amp;displayheight=236\" \/><param name=\"src\" value=\"http:\/\/www.humyo.com\/E\/10044311-281475235475117\/10044311-281475235475547\/10044311-281475235476343\/10044311-281475235476841\/10044311-281475235477359\/10044311-281475235477887\/10044311-281475235478513\/10044311-281475235479157\/10044311-281475235479783\/10044311-281475235480301\/10044311-281475235480583\/10044311-281475235481113\/10044311-281475235481939\/10044311-281475235482825\/10044311-281475235483397\/10044311-281475235484141\/10044311-281475235484661\/10044311-281475235485269\/10044311-281475235486053\/10044311-281475235486569\/10044311-281475235487871\/10044311-281475235489905\/10044311-281475235490699\/10044311-281475235491359\/10044311-281475235492401\/10044311-281475235492933\/10044311-281475235493625\/10044311-281475235494365\" \/><\/object><\/p>\n","protected":false},"excerpt":{"rendered":"<p>Kurban, Rock grubu. 1995 y\u0131l\u0131nda Outside ad\u0131 ile kuruldu. Bu isim alt\u0131nda ingilizce \u015fark\u0131lar \u00e7ald\u0131lar. 1997 y\u0131l\u0131nda grubun ismini Kurban olarak de\u011fi\u015ftirdiler ve ayn\u0131 y\u0131l, 1995 y\u0131l\u0131nda kat\u0131l\u0131p ba\u015far\u0131 kazanamad\u0131klar\u0131 Roxy M\u00fczik Yar\u0131\u015fmas\u0131&#8217;na kat\u0131larak 3.oldular 1999 y\u0131l\u0131nda Metallica&#8217;n\u0131n Ali Sami Yen Stad\u0131&#8217;nda verdikleri konserde alt grup olarak Metallica&#8217;dan \u00f6nce \u00e7ok ba\u015far\u0131l\u0131 bir konser verdiler.1999 y\u0131l\u0131n\u0131n [&hellip;]<\/p>\n","protected":false},"author":1,"featured_media":0,"comment_status":"open","ping_status":"open","sticky":false,"template":"","format":"standard","meta":{"footnotes":""},"categories":[127],"tags":[],"class_list":{"0":"post-4177","1":"post","2":"type-post","3":"status-publish","4":"format-standard","6":"category-muzik-gruplari"},"yoast_head":"<!-- This site is optimized with the Yoast SEO Premium plugin v24.9 (Yoast SEO v24.9) - https:\/\/yoast.com\/wordpress\/plugins\/seo\/ -->\n<title>Kurban | Sert | \u0130nsanlar | Sahip | \u015eark\u0131lar\u0131yla KURBAN Narteks.net&#039;te - narteks.net<\/title>\n<meta name=\"robots\" content=\"index, follow, max-snippet:-1, max-image-preview:large, max-video-preview:-1\" \/>\n<link rel=\"canonical\" href=\"https:\/\/narteks.net\/index.php\/2010\/02\/08\/kurban-sert-insanlar-sahip-sarkilariyla-kurban-narteksnette\/\" \/>\n<meta property=\"og:locale\" content=\"tr_TR\" \/>\n<meta property=\"og:type\" content=\"article\" \/>\n<meta property=\"og:title\" content=\"Kurban | Sert | \u0130nsanlar | Sahip | \u015eark\u0131lar\u0131yla KURBAN Narteks.net&#039;te\" \/>\n<meta property=\"og:description\" content=\"Kurban, Rock grubu. 1995 y\u0131l\u0131nda Outside ad\u0131 ile kuruldu. Bu isim alt\u0131nda ingilizce \u015fark\u0131lar \u00e7ald\u0131lar. 1997 y\u0131l\u0131nda grubun ismini Kurban olarak de\u011fi\u015ftirdiler ve ayn\u0131 y\u0131l, 1995 y\u0131l\u0131nda kat\u0131l\u0131p ba\u015far\u0131 kazanamad\u0131klar\u0131 Roxy M\u00fczik Yar\u0131\u015fmas\u0131&#8217;na kat\u0131larak 3.oldular 1999 y\u0131l\u0131nda Metallica&#8217;n\u0131n Ali Sami Yen Stad\u0131&#8217;nda verdikleri konserde alt grup olarak Metallica&#8217;dan \u00f6nce \u00e7ok ba\u015far\u0131l\u0131 bir konser verdiler.1999 y\u0131l\u0131n\u0131n [&hellip;]\" \/>\n<meta property=\"og:url\" content=\"https:\/\/narteks.net\/index.php\/2010\/02\/08\/kurban-sert-insanlar-sahip-sarkilariyla-kurban-narteksnette\/\" \/>\n<meta property=\"og:site_name\" content=\"narteks.net\" \/>\n<meta property=\"article:published_time\" content=\"2010-02-08T10:06:46+00:00\" \/>\n<meta property=\"og:image\" content=\"https:\/\/narteks.net\/wp-content\/uploads\/narteks.png\" \/>\n\t<meta property=\"og:image:width\" content=\"300\" \/>\n\t<meta property=\"og:image:height\" content=\"90\" \/>\n\t<meta property=\"og:image:type\" content=\"image\/png\" \/>\n<meta name=\"author\" content=\"Tar\u0131k\" \/>\n<meta name=\"twitter:card\" content=\"summary_large_image\" \/>\n<meta name=\"twitter:creator\" content=\"@narteks\" \/>\n<meta name=\"twitter:site\" content=\"@narteks\" \/>\n<meta name=\"twitter:label1\" content=\"Yazan:\" \/>\n\t<meta name=\"twitter:data1\" content=\"Tar\u0131k\" \/>\n\t<meta name=\"twitter:label2\" content=\"Tahmini okuma s\u00fcresi\" \/>\n\t<meta name=\"twitter:data2\" content=\"2 dakika\" \/>\n<script type=\"application\/ld+json\" class=\"yoast-schema-graph\">{\"@context\":\"https:\/\/schema.org\",\"@graph\":[{\"@type\":\"Article\",\"@id\":\"https:\/\/narteks.net\/index.php\/2010\/02\/08\/kurban-sert-insanlar-sahip-sarkilariyla-kurban-narteksnette\/#article\",\"isPartOf\":{\"@id\":\"https:\/\/narteks.net\/index.php\/2010\/02\/08\/kurban-sert-insanlar-sahip-sarkilariyla-kurban-narteksnette\/\"},\"author\":{\"name\":\"Tar\u0131k\",\"@id\":\"https:\/\/narteks.net\/#\/schema\/person\/61f37d9834294b72d31d274e7ed79bca\"},\"headline\":\"Kurban | Sert | \u0130nsanlar | Sahip | \u015eark\u0131lar\u0131yla KURBAN Narteks.net&#8217;te\",\"datePublished\":\"2010-02-08T10:06:46+00:00\",\"mainEntityOfPage\":{\"@id\":\"https:\/\/narteks.net\/index.php\/2010\/02\/08\/kurban-sert-insanlar-sahip-sarkilariyla-kurban-narteksnette\/\"},\"wordCount\":467,\"commentCount\":0,\"publisher\":{\"@id\":\"https:\/\/narteks.net\/#organization\"},\"articleSection\":[\"M\u00fczik Gruplar\u0131\"],\"inLanguage\":\"tr\",\"potentialAction\":[{\"@type\":\"CommentAction\",\"name\":\"Comment\",\"target\":[\"https:\/\/narteks.net\/index.php\/2010\/02\/08\/kurban-sert-insanlar-sahip-sarkilariyla-kurban-narteksnette\/#respond\"]}]},{\"@type\":\"WebPage\",\"@id\":\"https:\/\/narteks.net\/index.php\/2010\/02\/08\/kurban-sert-insanlar-sahip-sarkilariyla-kurban-narteksnette\/\",\"url\":\"https:\/\/narteks.net\/index.php\/2010\/02\/08\/kurban-sert-insanlar-sahip-sarkilariyla-kurban-narteksnette\/\",\"name\":\"Kurban | Sert | \u0130nsanlar | Sahip | \u015eark\u0131lar\u0131yla KURBAN Narteks.net'te - narteks.net\",\"isPartOf\":{\"@id\":\"https:\/\/narteks.net\/#website\"},\"datePublished\":\"2010-02-08T10:06:46+00:00\",\"breadcrumb\":{\"@id\":\"https:\/\/narteks.net\/index.php\/2010\/02\/08\/kurban-sert-insanlar-sahip-sarkilariyla-kurban-narteksnette\/#breadcrumb\"},\"inLanguage\":\"tr\",\"potentialAction\":[{\"@type\":\"ReadAction\",\"target\":[\"https:\/\/narteks.net\/index.php\/2010\/02\/08\/kurban-sert-insanlar-sahip-sarkilariyla-kurban-narteksnette\/\"]}]},{\"@type\":\"BreadcrumbList\",\"@id\":\"https:\/\/narteks.net\/index.php\/2010\/02\/08\/kurban-sert-insanlar-sahip-sarkilariyla-kurban-narteksnette\/#breadcrumb\",\"itemListElement\":[{\"@type\":\"ListItem\",\"position\":1,\"name\":\"Anasayfa\",\"item\":\"https:\/\/narteks.net\/\"},{\"@type\":\"ListItem\",\"position\":2,\"name\":\"Kurban | Sert | \u0130nsanlar | Sahip | \u015eark\u0131lar\u0131yla KURBAN Narteks.net&#8217;te\"}]},{\"@type\":\"WebSite\",\"@id\":\"https:\/\/narteks.net\/#website\",\"url\":\"https:\/\/narteks.net\/\",\"name\":\"narteks.net\",\"description\":\"K\u00fclt\u00fcr Sanat Edebiyat Felsefe\",\"publisher\":{\"@id\":\"https:\/\/narteks.net\/#organization\"},\"alternateName\":\"K\u00fclt\u00fcr Sanat Edebiyat Felsefe\",\"potentialAction\":[{\"@type\":\"SearchAction\",\"target\":{\"@type\":\"EntryPoint\",\"urlTemplate\":\"https:\/\/narteks.net\/?s={search_term_string}\"},\"query-input\":{\"@type\":\"PropertyValueSpecification\",\"valueRequired\":true,\"valueName\":\"search_term_string\"}}],\"inLanguage\":\"tr\"},{\"@type\":\"Organization\",\"@id\":\"https:\/\/narteks.net\/#organization\",\"name\":\"narteks.net\",\"url\":\"https:\/\/narteks.net\/\",\"logo\":{\"@type\":\"ImageObject\",\"inLanguage\":\"tr\",\"@id\":\"https:\/\/narteks.net\/#\/schema\/logo\/image\/\",\"url\":\"https:\/\/narteks.net\/wp-content\/uploads\/narteks.png\",\"contentUrl\":\"https:\/\/narteks.net\/wp-content\/uploads\/narteks.png\",\"width\":300,\"height\":90,\"caption\":\"narteks.net\"},\"image\":{\"@id\":\"https:\/\/narteks.net\/#\/schema\/logo\/image\/\"},\"sameAs\":[\"https:\/\/x.com\/narteks\",\"https:\/\/instagram.com\/narteksnet\"]},{\"@type\":\"Person\",\"@id\":\"https:\/\/narteks.net\/#\/schema\/person\/61f37d9834294b72d31d274e7ed79bca\",\"name\":\"Tar\u0131k\",\"image\":{\"@type\":\"ImageObject\",\"inLanguage\":\"tr\",\"@id\":\"https:\/\/narteks.net\/#\/schema\/person\/image\/\",\"url\":\"https:\/\/secure.gravatar.com\/avatar\/50865afb55632c4ae467e0af0930f6510aa2297d8014be502a55b14f3b7550cf?s=96&d=mm&r=g\",\"contentUrl\":\"https:\/\/secure.gravatar.com\/avatar\/50865afb55632c4ae467e0af0930f6510aa2297d8014be502a55b14f3b7550cf?s=96&d=mm&r=g\",\"caption\":\"Tar\u0131k\"},\"sameAs\":[\"http:\/\/narteks.net\"],\"url\":\"https:\/\/narteks.net\/index.php\/author\/narbak\/\"}]}<\/script>\n<!-- \/ Yoast SEO Premium plugin. -->","yoast_head_json":{"title":"Kurban | Sert | \u0130nsanlar | Sahip | \u015eark\u0131lar\u0131yla KURBAN Narteks.net'te - narteks.net","robots":{"index":"index","follow":"follow","max-snippet":"max-snippet:-1","max-image-preview":"max-image-preview:large","max-video-preview":"max-video-preview:-1"},"canonical":"https:\/\/narteks.net\/index.php\/2010\/02\/08\/kurban-sert-insanlar-sahip-sarkilariyla-kurban-narteksnette\/","og_locale":"tr_TR","og_type":"article","og_title":"Kurban | Sert | \u0130nsanlar | Sahip | \u015eark\u0131lar\u0131yla KURBAN Narteks.net'te","og_description":"Kurban, Rock grubu. 1995 y\u0131l\u0131nda Outside ad\u0131 ile kuruldu. Bu isim alt\u0131nda ingilizce \u015fark\u0131lar \u00e7ald\u0131lar. 1997 y\u0131l\u0131nda grubun ismini Kurban olarak de\u011fi\u015ftirdiler ve ayn\u0131 y\u0131l, 1995 y\u0131l\u0131nda kat\u0131l\u0131p ba\u015far\u0131 kazanamad\u0131klar\u0131 Roxy M\u00fczik Yar\u0131\u015fmas\u0131&#8217;na kat\u0131larak 3.oldular 1999 y\u0131l\u0131nda Metallica&#8217;n\u0131n Ali Sami Yen Stad\u0131&#8217;nda verdikleri konserde alt grup olarak Metallica&#8217;dan \u00f6nce \u00e7ok ba\u015far\u0131l\u0131 bir konser verdiler.1999 y\u0131l\u0131n\u0131n [&hellip;]","og_url":"https:\/\/narteks.net\/index.php\/2010\/02\/08\/kurban-sert-insanlar-sahip-sarkilariyla-kurban-narteksnette\/","og_site_name":"narteks.net","article_published_time":"2010-02-08T10:06:46+00:00","og_image":[{"width":300,"height":90,"url":"https:\/\/narteks.net\/wp-content\/uploads\/narteks.png","type":"image\/png"}],"author":"Tar\u0131k","twitter_card":"summary_large_image","twitter_creator":"@narteks","twitter_site":"@narteks","twitter_misc":{"Yazan:":"Tar\u0131k","Tahmini okuma s\u00fcresi":"2 dakika"},"schema":{"@context":"https:\/\/schema.org","@graph":[{"@type":"Article","@id":"https:\/\/narteks.net\/index.php\/2010\/02\/08\/kurban-sert-insanlar-sahip-sarkilariyla-kurban-narteksnette\/#article","isPartOf":{"@id":"https:\/\/narteks.net\/index.php\/2010\/02\/08\/kurban-sert-insanlar-sahip-sarkilariyla-kurban-narteksnette\/"},"author":{"name":"Tar\u0131k","@id":"https:\/\/narteks.net\/#\/schema\/person\/61f37d9834294b72d31d274e7ed79bca"},"headline":"Kurban | Sert | \u0130nsanlar | Sahip | \u015eark\u0131lar\u0131yla KURBAN Narteks.net&#8217;te","datePublished":"2010-02-08T10:06:46+00:00","mainEntityOfPage":{"@id":"https:\/\/narteks.net\/index.php\/2010\/02\/08\/kurban-sert-insanlar-sahip-sarkilariyla-kurban-narteksnette\/"},"wordCount":467,"commentCount":0,"publisher":{"@id":"https:\/\/narteks.net\/#organization"},"articleSection":["M\u00fczik Gruplar\u0131"],"inLanguage":"tr","potentialAction":[{"@type":"CommentAction","name":"Comment","target":["https:\/\/narteks.net\/index.php\/2010\/02\/08\/kurban-sert-insanlar-sahip-sarkilariyla-kurban-narteksnette\/#respond"]}]},{"@type":"WebPage","@id":"https:\/\/narteks.net\/index.php\/2010\/02\/08\/kurban-sert-insanlar-sahip-sarkilariyla-kurban-narteksnette\/","url":"https:\/\/narteks.net\/index.php\/2010\/02\/08\/kurban-sert-insanlar-sahip-sarkilariyla-kurban-narteksnette\/","name":"Kurban | Sert | \u0130nsanlar | Sahip | \u015eark\u0131lar\u0131yla KURBAN Narteks.net'te - narteks.net","isPartOf":{"@id":"https:\/\/narteks.net\/#website"},"datePublished":"2010-02-08T10:06:46+00:00","breadcrumb":{"@id":"https:\/\/narteks.net\/index.php\/2010\/02\/08\/kurban-sert-insanlar-sahip-sarkilariyla-kurban-narteksnette\/#breadcrumb"},"inLanguage":"tr","potentialAction":[{"@type":"ReadAction","target":["https:\/\/narteks.net\/index.php\/2010\/02\/08\/kurban-sert-insanlar-sahip-sarkilariyla-kurban-narteksnette\/"]}]},{"@type":"BreadcrumbList","@id":"https:\/\/narteks.net\/index.php\/2010\/02\/08\/kurban-sert-insanlar-sahip-sarkilariyla-kurban-narteksnette\/#breadcrumb","itemListElement":[{"@type":"ListItem","position":1,"name":"Anasayfa","item":"https:\/\/narteks.net\/"},{"@type":"ListItem","position":2,"name":"Kurban | Sert | \u0130nsanlar | Sahip | \u015eark\u0131lar\u0131yla KURBAN Narteks.net&#8217;te"}]},{"@type":"WebSite","@id":"https:\/\/narteks.net\/#website","url":"https:\/\/narteks.net\/","name":"narteks.net","description":"K\u00fclt\u00fcr Sanat Edebiyat Felsefe","publisher":{"@id":"https:\/\/narteks.net\/#organization"},"alternateName":"K\u00fclt\u00fcr Sanat Edebiyat Felsefe","potentialAction":[{"@type":"SearchAction","target":{"@type":"EntryPoint","urlTemplate":"https:\/\/narteks.net\/?s={search_term_string}"},"query-input":{"@type":"PropertyValueSpecification","valueRequired":true,"valueName":"search_term_string"}}],"inLanguage":"tr"},{"@type":"Organization","@id":"https:\/\/narteks.net\/#organization","name":"narteks.net","url":"https:\/\/narteks.net\/","logo":{"@type":"ImageObject","inLanguage":"tr","@id":"https:\/\/narteks.net\/#\/schema\/logo\/image\/","url":"https:\/\/narteks.net\/wp-content\/uploads\/narteks.png","contentUrl":"https:\/\/narteks.net\/wp-content\/uploads\/narteks.png","width":300,"height":90,"caption":"narteks.net"},"image":{"@id":"https:\/\/narteks.net\/#\/schema\/logo\/image\/"},"sameAs":["https:\/\/x.com\/narteks","https:\/\/instagram.com\/narteksnet"]},{"@type":"Person","@id":"https:\/\/narteks.net\/#\/schema\/person\/61f37d9834294b72d31d274e7ed79bca","name":"Tar\u0131k","image":{"@type":"ImageObject","inLanguage":"tr","@id":"https:\/\/narteks.net\/#\/schema\/person\/image\/","url":"https:\/\/secure.gravatar.com\/avatar\/50865afb55632c4ae467e0af0930f6510aa2297d8014be502a55b14f3b7550cf?s=96&d=mm&r=g","contentUrl":"https:\/\/secure.gravatar.com\/avatar\/50865afb55632c4ae467e0af0930f6510aa2297d8014be502a55b14f3b7550cf?s=96&d=mm&r=g","caption":"Tar\u0131k"},"sameAs":["http:\/\/narteks.net"],"url":"https:\/\/narteks.net\/index.php\/author\/narbak\/"}]}},"_links":{"self":[{"href":"https:\/\/narteks.net\/index.php\/wp-json\/wp\/v2\/posts\/4177","targetHints":{"allow":["GET"]}}],"collection":[{"href":"https:\/\/narteks.net\/index.php\/wp-json\/wp\/v2\/posts"}],"about":[{"href":"https:\/\/narteks.net\/index.php\/wp-json\/wp\/v2\/types\/post"}],"author":[{"embeddable":true,"href":"https:\/\/narteks.net\/index.php\/wp-json\/wp\/v2\/users\/1"}],"replies":[{"embeddable":true,"href":"https:\/\/narteks.net\/index.php\/wp-json\/wp\/v2\/comments?post=4177"}],"version-history":[{"count":0,"href":"https:\/\/narteks.net\/index.php\/wp-json\/wp\/v2\/posts\/4177\/revisions"}],"wp:attachment":[{"href":"https:\/\/narteks.net\/index.php\/wp-json\/wp\/v2\/media?parent=4177"}],"wp:term":[{"taxonomy":"category","embeddable":true,"href":"https:\/\/narteks.net\/index.php\/wp-json\/wp\/v2\/categories?post=4177"},{"taxonomy":"post_tag","embeddable":true,"href":"https:\/\/narteks.net\/index.php\/wp-json\/wp\/v2\/tags?post=4177"}],"curies":[{"name":"wp","href":"https:\/\/api.w.org\/{rel}","templated":true}]}}