{"id":419,"date":"2009-03-13T13:59:48","date_gmt":"2009-03-13T10:59:48","guid":{"rendered":"http:\/\/localhost\/wordpress\/2009\/03\/13\/ela-gozlu-nazli-yari\/"},"modified":"2009-03-13T13:59:48","modified_gmt":"2009-03-13T10:59:48","slug":"ela-gozlu-nazli-yari","status":"publish","type":"post","link":"https:\/\/narteks.net\/index.php\/2009\/03\/13\/ela-gozlu-nazli-yari\/","title":{"rendered":"Ela G\u00f6zl\u00fc Nazl\u0131 Yari"},"content":{"rendered":"<p style=\"text-align: justify;\"><span style=\"font-size: 14pt;\"><strong> Ela G\u00f6zl\u00fc Nazl\u0131 Yari <\/strong><\/span><\/p>\n<p>Derleyen : Mazlum N. K\u0131l\u0131\u00e7k\u0131ran<\/p>\n<p>\u00c7\u0131kartt\u0131n allan kara ba\u011flad\u0131n<br \/>Y\u00fcre\u011fimi a\u015fk oduna da\u011flad\u0131n<br \/>Bir yar i\u00e7in on be\u015f sene a\u011flad\u0131n <br \/>Ey Ferrahi g\u00fcl dedim de, g\u00fclmedin.<\/p>\n<p>G\u00f6nl\u00fc yaral\u0131 bir ozan Ferrahi. Dedi\u011fi gibi bir yar u\u011fruna yan\u0131p yak\u0131lmakla ge\u00e7mi\u015f \u00f6mr\u00fc. 1934 y\u0131l\u0131nda Ceyhan&#8217;\u0131n K\u0131vr\u0131k k\u00f6y\u00fcnde do\u011fmu\u015f. As\u0131l ad\u0131 Mehmet Ali Metin. Saz vurmaya k\u00fc\u00e7\u00fck ya\u015flarda ba\u015flam\u0131\u015f. \u00c7evrenin sevilen bir genci olmu\u015f S\u00f6z erli\u011fi, yan\u0131nda \u00e7al\u0131\u015ft\u0131\u011f\u0131 a\u011fan\u0131n k\u0131z\u0131na sevdalanmas\u0131yla ba\u015fl\u0131yor. A\u011fa \u00f6nceleri k\u0131z\u0131m Ferrahi&#8217;ye vermeye raz\u0131 olu yor ama sonralar\u0131 \u00e7evrenin dedikodular\u0131n\u0131n etkisiyle bundan cay\u0131yor.<\/p>\n<p>T\u00fcrk\u00fclerinden de anla\u015f\u0131ld\u0131\u011f\u0131 gibi a\u011fa k\u0131z\u0131n\u0131n ad\u0131 Emine&#8217;dir. \u0130ki g\u00f6nl\u00fcn bir olmas\u0131 engellenince, al\u0131r ba\u015f\u0131m \u00e7\u0131kar s\u0131ladan. Ba\u015flar gurbet ellerde saz\u0131yla \u00e7ile doldurmaya. Bundan sonra Ferrahi&#8217;nin \u00f6yk\u00fcs\u00fc daha da yan\u0131kt\u0131r. Otuz ya\u015flar\u0131ndayken bir A\u015f\u0131k i\u00e7in en \u00f6nemli \u015feyini, sesini kaybeder. Saz\u0131yla kal\u0131r bir ba\u015f\u0131na. Bir ara evlenir ve bir k\u0131z\u0131 olur. Ad\u0131m Emine koyar. K\u00fc\u00e7\u00fck Emine be\u015f ya\u015f\u0131ndan sonra babas\u0131n\u0131n sesi, solu\u011fu olur. Baba \u00e7alar, k\u00fc\u00e7\u00fck Emine s\u00f6yler. 1960 do\u011fumlu olan Emine&#8217;nin s\u00f6yledikleri yaln\u0131zca babas\u0131n\u0131n t\u00fcrk\u00fcleri de\u011fildir. Daha o zamandan da\u011far\u0131nda y\u00fcz elli t\u00fcrk\u00fc vard\u0131r. B\u00f6ylece baba-k\u0131z ge\u00e7im derdini birlikte y\u00fcklenir, birlikte payla\u015f\u0131rlar. Yurdumuzun \u00e7e\u015fitli y\u00f6relerinde yap\u0131lan A\u015f\u0131klar Bayramlar\u0131&#8217;na kat\u0131l\u0131rlar. \u015eimdi 1967 y\u0131l\u0131nda Konya&#8217;da yap\u0131lan A\u015f\u0131klar Bayram\u0131nda Mihri Hatun \u00f6d\u00fcl\u00fcn\u00fc kazand\u0131ran t\u00fcrk\u00fcs\u00fcn\u00fcn s\u00f6zlerini sunuyoruz.<\/p>\n<p>Ela g\u00f6zl\u00fc nazl\u0131 yari <br \/>G\u00f6rem dedim g\u00f6remedim <br \/>Bo\u015f kalm\u0131\u015ft\u0131r kavil yeri <br \/>Varam dedim varamad\u0131m.<\/p>\n<p>G\u00f6nl\u00fcm\u00fcn g\u00fcl\u00fc nerede <br \/>Engeller durmaz arada <br \/>Emine&#8217;yle ben murada<br \/>Erem dedim, eremedim.<\/p>\n<p>\u015eeker kaymak tatl\u0131 dili<br \/>K\u0131nalam\u0131\u015f nazik eli <br \/>Koynundaki gonca g\u00fcl\u00fc <br \/>Derem dedim, deremedim.<\/p>\n<p>\u015eahinim yok \u00e7\u0131kam ava <br \/>Ne yapt\u0131msa ald\u0131m hava<br \/>Ku\u015flar gibi ben bir yuva <br \/>Kuram dedim kuramad\u0131m.<\/p>\n<p>Gel derdini bana anlat <br \/>Ben kimlere edem minnet <br \/>Dediler ki, ba\u011f\u0131n cennet <br \/>Girem dedim, giremedim.<\/p>\n<p>Mehmet Ali as\u0131l ad\u0131m<br \/>Ferrahi&#8217;yi pirle kodum<br \/>Gurbet elden d\u00f6nem dedim<br \/>Duram dedim, duramad\u0131m&#8230;<\/p>\n<p>Kubbede kalan bir ho\u015f seda diye bo\u015funa dememi\u015fler. \u0130\u015fte Ferrahi&#8217;yi art\u0131k ya\u015fatanlar da radyolar\u0131m\u0131z Halk T\u00fcrk\u00fcleri da\u011far\u0131nda bulunan bu t\u00fcrk\u00fcler oluyor. \u00c7\u00fcnk\u00fc Ferrahi&#8217;nin dolmak bilmeyen \u00e7ilesi 1969 y\u0131l\u0131n\u0131n 26 Nisan g\u00fcn\u00fc aram\u0131zdan ayr\u0131lmas\u0131yla t\u00fckendi. Usta a\u015f\u0131k ard\u0131nda bir bir \u00e7ok ko\u015fma, g\u00fczelleme gibi t\u00fcrk\u00fcler b\u0131rakarak g\u00f6\u00e7\u00fcp gitti. Son senelerinde iki A\u015f\u0131klar Bayram\u0131&#8217;na kat\u0131lm\u0131\u015ft\u0131. Her ikisinde de k\u0131z\u0131 Emine&#8217;yle birlikte birincilik \u00f6d\u00fcl\u00fc ald\u0131. 1967 Y\u0131l\u0131nda Konya&#8217;da &lt;&lt;Mihri Hatun&gt;&gt; t\u00fcrk\u00fc \u00f6d\u00fcl\u00fcn\u00fc, ertesi y\u0131l da yine Konya&#8217;da K\u00f6ro\u011flu \u00f6d\u00fcl\u00fcn\u00fc ald\u0131lar. Ferrahi&#8217;nin \u00f6yk\u00fcs\u00fcn\u00fc \u00e7ok sevilen bir t\u00fcrk\u00fcs\u00fcn\u00fcn \u015fiiriyle erdiriyoruz.<\/p>\n<p>Ah neyleyim g\u00f6n\u00fcl senin elinden<br \/>Her zaman a\u011flar\u0131m g\u00fclemem gayr\u0131<br \/>Ben b\u0131kt\u0131m usand\u0131m elin dilinden<br \/>Terk ettim s\u0131lay\u0131 d\u00f6nemem gayr\u0131.<\/p>\n<p>G\u00f6n\u00fcl ben s\u0131rr\u0131na eremedim ki<br \/>Gonca, gonca g\u00fcller deremedim ki <br \/>Kaybeyledim (aneyledim) dostu g\u00f6remedim ki <br \/>Aylar y\u0131llar ge\u00e7se g\u00f6remem gayr\u0131.<\/p>\n<p>Ey Ferrahi, yand\u0131m yar ate\u015fine<br \/>Neler gelir gariplerin ba\u015f\u0131na<br \/>A\u011flayarak geline mezar ta\u015f\u0131ma<br \/>Uyan\u0131p da sana g\u00fclemem gayr\u0131.<\/p>\n<p>Kaynak:<br \/>Ahmet G\u00fcnday<br \/>Ba\u011flama Metodu<br \/>Notalar\u0131 ile Halk T\u00fcrk\u00fcleri<br \/>ve T\u00fcrk\u00fc Hikayeleri\u00a0\u00a0\u00a0 Nisan 1977<\/p>\n","protected":false},"excerpt":{"rendered":"<p>Ela G\u00f6zl\u00fc Nazl\u0131 Yari Derleyen : Mazlum N. K\u0131l\u0131\u00e7k\u0131ran \u00c7\u0131kartt\u0131n allan kara ba\u011flad\u0131nY\u00fcre\u011fimi a\u015fk oduna da\u011flad\u0131nBir yar i\u00e7in on be\u015f sene a\u011flad\u0131n Ey Ferrahi g\u00fcl dedim de, g\u00fclmedin. G\u00f6nl\u00fc yaral\u0131 bir ozan Ferrahi. Dedi\u011fi gibi bir yar u\u011fruna yan\u0131p yak\u0131lmakla ge\u00e7mi\u015f \u00f6mr\u00fc. 1934 y\u0131l\u0131nda Ceyhan&#8217;\u0131n K\u0131vr\u0131k k\u00f6y\u00fcnde do\u011fmu\u015f. As\u0131l ad\u0131 Mehmet Ali Metin. Saz vurmaya [&hellip;]<\/p>\n","protected":false},"author":1,"featured_media":0,"comment_status":"open","ping_status":"open","sticky":false,"template":"","format":"standard","meta":{"footnotes":""},"categories":[55],"tags":[],"class_list":{"0":"post-419","1":"post","2":"type-post","3":"status-publish","4":"format-standard","6":"category-oykuleriyle-turkuler"},"yoast_head":"<!-- This site is optimized with the Yoast SEO Premium plugin v24.9 (Yoast SEO v24.9) - https:\/\/yoast.com\/wordpress\/plugins\/seo\/ -->\n<title>Ela G\u00f6zl\u00fc Nazl\u0131 Yari - narteks.net<\/title>\n<meta name=\"robots\" content=\"index, follow, max-snippet:-1, max-image-preview:large, max-video-preview:-1\" \/>\n<link rel=\"canonical\" href=\"https:\/\/narteks.net\/index.php\/2009\/03\/13\/ela-gozlu-nazli-yari\/\" \/>\n<meta property=\"og:locale\" content=\"tr_TR\" \/>\n<meta property=\"og:type\" content=\"article\" \/>\n<meta property=\"og:title\" content=\"Ela G\u00f6zl\u00fc Nazl\u0131 Yari\" \/>\n<meta property=\"og:description\" content=\"Ela G\u00f6zl\u00fc Nazl\u0131 Yari Derleyen : Mazlum N. K\u0131l\u0131\u00e7k\u0131ran \u00c7\u0131kartt\u0131n allan kara ba\u011flad\u0131nY\u00fcre\u011fimi a\u015fk oduna da\u011flad\u0131nBir yar i\u00e7in on be\u015f sene a\u011flad\u0131n Ey Ferrahi g\u00fcl dedim de, g\u00fclmedin. G\u00f6nl\u00fc yaral\u0131 bir ozan Ferrahi. Dedi\u011fi gibi bir yar u\u011fruna yan\u0131p yak\u0131lmakla ge\u00e7mi\u015f \u00f6mr\u00fc. 1934 y\u0131l\u0131nda Ceyhan&#8217;\u0131n K\u0131vr\u0131k k\u00f6y\u00fcnde do\u011fmu\u015f. As\u0131l ad\u0131 Mehmet Ali Metin. Saz vurmaya [&hellip;]\" \/>\n<meta property=\"og:url\" content=\"https:\/\/narteks.net\/index.php\/2009\/03\/13\/ela-gozlu-nazli-yari\/\" \/>\n<meta property=\"og:site_name\" content=\"narteks.net\" \/>\n<meta property=\"article:published_time\" content=\"2009-03-13T10:59:48+00:00\" \/>\n<meta property=\"og:image\" content=\"https:\/\/narteks.net\/wp-content\/uploads\/narteks.png\" \/>\n\t<meta property=\"og:image:width\" content=\"300\" \/>\n\t<meta property=\"og:image:height\" content=\"90\" \/>\n\t<meta property=\"og:image:type\" content=\"image\/png\" \/>\n<meta name=\"author\" content=\"Tar\u0131k\" \/>\n<meta name=\"twitter:card\" content=\"summary_large_image\" \/>\n<meta name=\"twitter:creator\" content=\"@narteks\" \/>\n<meta name=\"twitter:site\" content=\"@narteks\" \/>\n<meta name=\"twitter:label1\" content=\"Yazan:\" \/>\n\t<meta name=\"twitter:data1\" content=\"Tar\u0131k\" \/>\n\t<meta name=\"twitter:label2\" content=\"Tahmini okuma s\u00fcresi\" \/>\n\t<meta name=\"twitter:data2\" content=\"3 dakika\" \/>\n<script type=\"application\/ld+json\" class=\"yoast-schema-graph\">{\"@context\":\"https:\/\/schema.org\",\"@graph\":[{\"@type\":\"Article\",\"@id\":\"https:\/\/narteks.net\/index.php\/2009\/03\/13\/ela-gozlu-nazli-yari\/#article\",\"isPartOf\":{\"@id\":\"https:\/\/narteks.net\/index.php\/2009\/03\/13\/ela-gozlu-nazli-yari\/\"},\"author\":{\"name\":\"Tar\u0131k\",\"@id\":\"https:\/\/narteks.net\/#\/schema\/person\/61f37d9834294b72d31d274e7ed79bca\"},\"headline\":\"Ela G\u00f6zl\u00fc Nazl\u0131 Yari\",\"datePublished\":\"2009-03-13T10:59:48+00:00\",\"mainEntityOfPage\":{\"@id\":\"https:\/\/narteks.net\/index.php\/2009\/03\/13\/ela-gozlu-nazli-yari\/\"},\"wordCount\":653,\"commentCount\":0,\"publisher\":{\"@id\":\"https:\/\/narteks.net\/#organization\"},\"articleSection\":[\"\u00d6yk\u00fcleriyle T\u00fcrk\u00fcler\"],\"inLanguage\":\"tr\",\"potentialAction\":[{\"@type\":\"CommentAction\",\"name\":\"Comment\",\"target\":[\"https:\/\/narteks.net\/index.php\/2009\/03\/13\/ela-gozlu-nazli-yari\/#respond\"]}]},{\"@type\":\"WebPage\",\"@id\":\"https:\/\/narteks.net\/index.php\/2009\/03\/13\/ela-gozlu-nazli-yari\/\",\"url\":\"https:\/\/narteks.net\/index.php\/2009\/03\/13\/ela-gozlu-nazli-yari\/\",\"name\":\"Ela G\u00f6zl\u00fc Nazl\u0131 Yari - narteks.net\",\"isPartOf\":{\"@id\":\"https:\/\/narteks.net\/#website\"},\"datePublished\":\"2009-03-13T10:59:48+00:00\",\"breadcrumb\":{\"@id\":\"https:\/\/narteks.net\/index.php\/2009\/03\/13\/ela-gozlu-nazli-yari\/#breadcrumb\"},\"inLanguage\":\"tr\",\"potentialAction\":[{\"@type\":\"ReadAction\",\"target\":[\"https:\/\/narteks.net\/index.php\/2009\/03\/13\/ela-gozlu-nazli-yari\/\"]}]},{\"@type\":\"BreadcrumbList\",\"@id\":\"https:\/\/narteks.net\/index.php\/2009\/03\/13\/ela-gozlu-nazli-yari\/#breadcrumb\",\"itemListElement\":[{\"@type\":\"ListItem\",\"position\":1,\"name\":\"Anasayfa\",\"item\":\"https:\/\/narteks.net\/\"},{\"@type\":\"ListItem\",\"position\":2,\"name\":\"Ela G\u00f6zl\u00fc Nazl\u0131 Yari\"}]},{\"@type\":\"WebSite\",\"@id\":\"https:\/\/narteks.net\/#website\",\"url\":\"https:\/\/narteks.net\/\",\"name\":\"narteks.net\",\"description\":\"K\u00fclt\u00fcr Sanat Edebiyat Felsefe\",\"publisher\":{\"@id\":\"https:\/\/narteks.net\/#organization\"},\"alternateName\":\"K\u00fclt\u00fcr Sanat Edebiyat Felsefe\",\"potentialAction\":[{\"@type\":\"SearchAction\",\"target\":{\"@type\":\"EntryPoint\",\"urlTemplate\":\"https:\/\/narteks.net\/?s={search_term_string}\"},\"query-input\":{\"@type\":\"PropertyValueSpecification\",\"valueRequired\":true,\"valueName\":\"search_term_string\"}}],\"inLanguage\":\"tr\"},{\"@type\":\"Organization\",\"@id\":\"https:\/\/narteks.net\/#organization\",\"name\":\"narteks.net\",\"url\":\"https:\/\/narteks.net\/\",\"logo\":{\"@type\":\"ImageObject\",\"inLanguage\":\"tr\",\"@id\":\"https:\/\/narteks.net\/#\/schema\/logo\/image\/\",\"url\":\"https:\/\/narteks.net\/wp-content\/uploads\/narteks.png\",\"contentUrl\":\"https:\/\/narteks.net\/wp-content\/uploads\/narteks.png\",\"width\":300,\"height\":90,\"caption\":\"narteks.net\"},\"image\":{\"@id\":\"https:\/\/narteks.net\/#\/schema\/logo\/image\/\"},\"sameAs\":[\"https:\/\/x.com\/narteks\",\"https:\/\/instagram.com\/narteksnet\"]},{\"@type\":\"Person\",\"@id\":\"https:\/\/narteks.net\/#\/schema\/person\/61f37d9834294b72d31d274e7ed79bca\",\"name\":\"Tar\u0131k\",\"image\":{\"@type\":\"ImageObject\",\"inLanguage\":\"tr\",\"@id\":\"https:\/\/narteks.net\/#\/schema\/person\/image\/\",\"url\":\"https:\/\/secure.gravatar.com\/avatar\/50865afb55632c4ae467e0af0930f6510aa2297d8014be502a55b14f3b7550cf?s=96&d=mm&r=g\",\"contentUrl\":\"https:\/\/secure.gravatar.com\/avatar\/50865afb55632c4ae467e0af0930f6510aa2297d8014be502a55b14f3b7550cf?s=96&d=mm&r=g\",\"caption\":\"Tar\u0131k\"},\"sameAs\":[\"http:\/\/narteks.net\"],\"url\":\"https:\/\/narteks.net\/index.php\/author\/narbak\/\"}]}<\/script>\n<!-- \/ Yoast SEO Premium plugin. -->","yoast_head_json":{"title":"Ela G\u00f6zl\u00fc Nazl\u0131 Yari - narteks.net","robots":{"index":"index","follow":"follow","max-snippet":"max-snippet:-1","max-image-preview":"max-image-preview:large","max-video-preview":"max-video-preview:-1"},"canonical":"https:\/\/narteks.net\/index.php\/2009\/03\/13\/ela-gozlu-nazli-yari\/","og_locale":"tr_TR","og_type":"article","og_title":"Ela G\u00f6zl\u00fc Nazl\u0131 Yari","og_description":"Ela G\u00f6zl\u00fc Nazl\u0131 Yari Derleyen : Mazlum N. K\u0131l\u0131\u00e7k\u0131ran \u00c7\u0131kartt\u0131n allan kara ba\u011flad\u0131nY\u00fcre\u011fimi a\u015fk oduna da\u011flad\u0131nBir yar i\u00e7in on be\u015f sene a\u011flad\u0131n Ey Ferrahi g\u00fcl dedim de, g\u00fclmedin. G\u00f6nl\u00fc yaral\u0131 bir ozan Ferrahi. Dedi\u011fi gibi bir yar u\u011fruna yan\u0131p yak\u0131lmakla ge\u00e7mi\u015f \u00f6mr\u00fc. 1934 y\u0131l\u0131nda Ceyhan&#8217;\u0131n K\u0131vr\u0131k k\u00f6y\u00fcnde do\u011fmu\u015f. As\u0131l ad\u0131 Mehmet Ali Metin. Saz vurmaya [&hellip;]","og_url":"https:\/\/narteks.net\/index.php\/2009\/03\/13\/ela-gozlu-nazli-yari\/","og_site_name":"narteks.net","article_published_time":"2009-03-13T10:59:48+00:00","og_image":[{"width":300,"height":90,"url":"https:\/\/narteks.net\/wp-content\/uploads\/narteks.png","type":"image\/png"}],"author":"Tar\u0131k","twitter_card":"summary_large_image","twitter_creator":"@narteks","twitter_site":"@narteks","twitter_misc":{"Yazan:":"Tar\u0131k","Tahmini okuma s\u00fcresi":"3 dakika"},"schema":{"@context":"https:\/\/schema.org","@graph":[{"@type":"Article","@id":"https:\/\/narteks.net\/index.php\/2009\/03\/13\/ela-gozlu-nazli-yari\/#article","isPartOf":{"@id":"https:\/\/narteks.net\/index.php\/2009\/03\/13\/ela-gozlu-nazli-yari\/"},"author":{"name":"Tar\u0131k","@id":"https:\/\/narteks.net\/#\/schema\/person\/61f37d9834294b72d31d274e7ed79bca"},"headline":"Ela G\u00f6zl\u00fc Nazl\u0131 Yari","datePublished":"2009-03-13T10:59:48+00:00","mainEntityOfPage":{"@id":"https:\/\/narteks.net\/index.php\/2009\/03\/13\/ela-gozlu-nazli-yari\/"},"wordCount":653,"commentCount":0,"publisher":{"@id":"https:\/\/narteks.net\/#organization"},"articleSection":["\u00d6yk\u00fcleriyle T\u00fcrk\u00fcler"],"inLanguage":"tr","potentialAction":[{"@type":"CommentAction","name":"Comment","target":["https:\/\/narteks.net\/index.php\/2009\/03\/13\/ela-gozlu-nazli-yari\/#respond"]}]},{"@type":"WebPage","@id":"https:\/\/narteks.net\/index.php\/2009\/03\/13\/ela-gozlu-nazli-yari\/","url":"https:\/\/narteks.net\/index.php\/2009\/03\/13\/ela-gozlu-nazli-yari\/","name":"Ela G\u00f6zl\u00fc Nazl\u0131 Yari - narteks.net","isPartOf":{"@id":"https:\/\/narteks.net\/#website"},"datePublished":"2009-03-13T10:59:48+00:00","breadcrumb":{"@id":"https:\/\/narteks.net\/index.php\/2009\/03\/13\/ela-gozlu-nazli-yari\/#breadcrumb"},"inLanguage":"tr","potentialAction":[{"@type":"ReadAction","target":["https:\/\/narteks.net\/index.php\/2009\/03\/13\/ela-gozlu-nazli-yari\/"]}]},{"@type":"BreadcrumbList","@id":"https:\/\/narteks.net\/index.php\/2009\/03\/13\/ela-gozlu-nazli-yari\/#breadcrumb","itemListElement":[{"@type":"ListItem","position":1,"name":"Anasayfa","item":"https:\/\/narteks.net\/"},{"@type":"ListItem","position":2,"name":"Ela G\u00f6zl\u00fc Nazl\u0131 Yari"}]},{"@type":"WebSite","@id":"https:\/\/narteks.net\/#website","url":"https:\/\/narteks.net\/","name":"narteks.net","description":"K\u00fclt\u00fcr Sanat Edebiyat Felsefe","publisher":{"@id":"https:\/\/narteks.net\/#organization"},"alternateName":"K\u00fclt\u00fcr Sanat Edebiyat Felsefe","potentialAction":[{"@type":"SearchAction","target":{"@type":"EntryPoint","urlTemplate":"https:\/\/narteks.net\/?s={search_term_string}"},"query-input":{"@type":"PropertyValueSpecification","valueRequired":true,"valueName":"search_term_string"}}],"inLanguage":"tr"},{"@type":"Organization","@id":"https:\/\/narteks.net\/#organization","name":"narteks.net","url":"https:\/\/narteks.net\/","logo":{"@type":"ImageObject","inLanguage":"tr","@id":"https:\/\/narteks.net\/#\/schema\/logo\/image\/","url":"https:\/\/narteks.net\/wp-content\/uploads\/narteks.png","contentUrl":"https:\/\/narteks.net\/wp-content\/uploads\/narteks.png","width":300,"height":90,"caption":"narteks.net"},"image":{"@id":"https:\/\/narteks.net\/#\/schema\/logo\/image\/"},"sameAs":["https:\/\/x.com\/narteks","https:\/\/instagram.com\/narteksnet"]},{"@type":"Person","@id":"https:\/\/narteks.net\/#\/schema\/person\/61f37d9834294b72d31d274e7ed79bca","name":"Tar\u0131k","image":{"@type":"ImageObject","inLanguage":"tr","@id":"https:\/\/narteks.net\/#\/schema\/person\/image\/","url":"https:\/\/secure.gravatar.com\/avatar\/50865afb55632c4ae467e0af0930f6510aa2297d8014be502a55b14f3b7550cf?s=96&d=mm&r=g","contentUrl":"https:\/\/secure.gravatar.com\/avatar\/50865afb55632c4ae467e0af0930f6510aa2297d8014be502a55b14f3b7550cf?s=96&d=mm&r=g","caption":"Tar\u0131k"},"sameAs":["http:\/\/narteks.net"],"url":"https:\/\/narteks.net\/index.php\/author\/narbak\/"}]}},"_links":{"self":[{"href":"https:\/\/narteks.net\/index.php\/wp-json\/wp\/v2\/posts\/419","targetHints":{"allow":["GET"]}}],"collection":[{"href":"https:\/\/narteks.net\/index.php\/wp-json\/wp\/v2\/posts"}],"about":[{"href":"https:\/\/narteks.net\/index.php\/wp-json\/wp\/v2\/types\/post"}],"author":[{"embeddable":true,"href":"https:\/\/narteks.net\/index.php\/wp-json\/wp\/v2\/users\/1"}],"replies":[{"embeddable":true,"href":"https:\/\/narteks.net\/index.php\/wp-json\/wp\/v2\/comments?post=419"}],"version-history":[{"count":0,"href":"https:\/\/narteks.net\/index.php\/wp-json\/wp\/v2\/posts\/419\/revisions"}],"wp:attachment":[{"href":"https:\/\/narteks.net\/index.php\/wp-json\/wp\/v2\/media?parent=419"}],"wp:term":[{"taxonomy":"category","embeddable":true,"href":"https:\/\/narteks.net\/index.php\/wp-json\/wp\/v2\/categories?post=419"},{"taxonomy":"post_tag","embeddable":true,"href":"https:\/\/narteks.net\/index.php\/wp-json\/wp\/v2\/tags?post=419"}],"curies":[{"name":"wp","href":"https:\/\/api.w.org\/{rel}","templated":true}]}}