{"id":4191,"date":"2010-02-10T14:41:27","date_gmt":"2010-02-10T11:41:27","guid":{"rendered":"http:\/\/localhost\/wordpress\/2010\/02\/10\/yesilcam-film-muzikleri-turkiyenin-en-guzel-kadin-seslerinden-biri-handan-kara\/"},"modified":"2010-02-10T14:41:27","modified_gmt":"2010-02-10T11:41:27","slug":"yesilcam-film-muzikleri-turkiyenin-en-guzel-kadin-seslerinden-biri-handan-kara","status":"publish","type":"post","link":"https:\/\/narteks.net\/index.php\/2010\/02\/10\/yesilcam-film-muzikleri-turkiyenin-en-guzel-kadin-seslerinden-biri-handan-kara\/","title":{"rendered":"Ye\u015fil\u00e7am film m\u00fczikleri |T\u00fcrkiye&#8217;nin en g\u00fczel kad\u0131n seslerinden biri | Handan Kara"},"content":{"rendered":"<p style=\"text-align: justify;\"><img loading=\"lazy\" decoding=\"async\" src=\"http:\/\/www.diskotek.arkaplan.com.tr\/catalog\/images\/handan_kara.jpg\" border=\"0\" width=\"155\" height=\"205\" style=\"float: left;\" \/>Handan Kara 1939 y\u0131l\u0131nda \u0130stanbul Bak\u0131rk\u00f6yde d\u00fcnyaya gelir. \u0130lk ve orta \u00f6\u011frenimini yine ayn\u0131 yerde tamamlad\u0131ktan sonra memur olarak hayata at\u0131l\u0131r. Fakat bu arada \u00e7ok sevdi\u011fi musikiyi hi\u00e7 bir \u015fekile ihmal etmeyip, bo\u015f vakitlerinde bir \u00e7ok \u00fcstatdan ders al\u0131r. Bir yandan da \u00e7e\u015fitli topluluklarla \u00e7al\u0131\u015farak yetene\u011fini\u00a0 ilerlettir. Handan Kara bu \u00e7al\u0131\u015fmalar\u0131n\u0131n ilk semeresini 1962-1963 y\u0131l\u0131nda g\u00f6recektir. O s\u0131ralarda \u0130stanbul radyosu &#8216;Yeni Yurttan Sesler&#8217; ad\u0131 alt\u0131nda bir program serisine ba\u015flam\u0131\u015ft\u0131r. Tabi Handan Kara bu programda\u00a0 yer almakta gecikmez. Hemen pe\u015finden, reklam programlar\u0131nda \u00e7ok aranan bir sanatkar olur.<\/p>\n<p style=\"text-align: justify;\">Bunu takiben sahne konserleri ve melodi plak \u015firketi i\u00e7in okudu\u011fu plaklar gelir.T\u00fcrkiyede en g\u00fczel\u00a0 kad\u0131n seslerinden biridir.\u00a0 Kad\u0131n sesinin malesef erkeksile\u015fti\u011fi g\u00fcn\u00fcm\u00fczde( \u00f6rn:muazzez ersoy,ebru g\u00fcnde\u015f,seda sayan, vs.vs.)\u00a0 Ger\u00e7ek p\u0131rlanta sesler M\u00fczeyyen Senar, Hamiyet Y\u00fcceses, Safiye Ayla,Sabite Tur G\u00fclerman, Mualla Mukadder, Ne\u015fe Can,Handan Kara, \u0130nci \u00c7ay\u0131rl\u0131, Nesrin Sipahi, G\u00fclderen G\u00fcl , Belk\u0131s \u00d6zener gibi ger\u00e7ek sanat\u00e7\u0131 ve ger\u00e7ek kad\u0131n sesleri daima g\u00fcn ge\u00e7tik\u00e7e de\u011feri daha da artacakt\u0131r.<\/p>\n<p>\n<object width=\"480\" height=\"398\" data=\"http:\/\/www.dailymotion.com\/swf\/xbr9m0\" type=\"application\/x-shockwave-flash\"><param name=\"allowFullScreen\" value=\"true\" \/><param name=\"allowScriptAccess\" value=\"always\" \/><param name=\"src\" value=\"http:\/\/www.dailymotion.com\/swf\/xbr9m0\" \/><param name=\"allowfullscreen\" value=\"true\" \/><\/object>\n<\/p>\n<p><strong><a href=\"http:\/\/www.dailymotion.com\/video\/xbr9m0_handan-kara-her-sonbahar-geli\u015finde_music\">Handan Kara-her sonbahar geli\u015finde-<\/a><\/strong><br \/><em> <\/em><\/p>\n<p style=\"text-align: justify;\">Kara ,Belk\u0131s \u00d6zener&#8217;in d\u00f6nemda\u015f\u0131d\u0131r. Ayn\u0131 zamanlarda (a\u015fa\u011f\u0131 yukar\u0131) ayn\u0131 \u015fark\u0131lar\u0131 s\u00f6ylediler. Bir filmde \u00d6zener varsa, di\u011ferinde de Kara olurdu. \u00d6zener&#8217;e g\u00f6re elbette daha \u015fansl\u0131yd\u0131; \u00e7ok daha fazla plak yapt\u0131, y\u00fcz\u00fcn\u00fc \u00e7ok daha fazla insana ezberletebildi. Ama b\u00f6yle yapmas\u0131, \u00d6zener&#8217;e reva g\u00f6r\u00fclen muameleye tabi tutulmas\u0131n\u0131 engellemedi. T\u00fcrk sinemas\u0131 Ecevit&#8217;in (ve beyaz g\u00fcvercinlerinin ve mavi g\u00f6mleklerinin) pe\u015finden &#8216;Maden&#8217;lere inmeye kalkt\u0131\u011f\u0131nda ise Kara bir kenara at\u0131l\u0131verdi. Eksik kalan\u0131 da 12 Eyl\u00fcl arabeski tamamlam\u0131\u015f ve Handan Kara k\u00f6\u015fesine \u00e7ekilmek zorunda kalm\u0131\u015ft\u0131. Halen de (yurt d\u0131\u015f\u0131ndaki) ayn\u0131 k\u00f6\u015fede oturuyor Kara&#8230;<\/p>\n<p><embed type=\"application\/x-shockwave-flash\" width=\"400\" height=\"300\" src=\"http:\/\/www.humyo.com\/E\/10422871-281475394328239\/10422871-281475394328763\/10422871-281475394329199\/10422871-281475394329639\/10422871-281475394330001\/10422871-281475394330655\/10422871-281475394331599\/10422871-281475394332125\/10422871-281475394332945\/10422871-281475394333515\/10422871-281475394333967\/10422871-281475394334363\/10422871-281475394334725\/10422871-281475394335107\/10422871-281475394335679\/10422871-281475394336523\/10422871-281475394337567\/10422871-281475394337839\/10422871-281475394338689\/10422871-281475394339067?a=OBi0j20oQDg%2CBeS9SBEGX7I%2CTNA9uyqvdvA%2Cn3uiY6tlmoM%2CEQhYIcAf91k%2CHt55WKXT_lA%2CSkYGBi7sNR8%2CpvepBKnVsHk%2ChbPpkwh5ysk%2CFLbrkKr_iDc%2CxW7mh9Xdax4%2C-oOms_JG1H0%2C_xKF15R59jA%2C81bUC-gpMZc%2CZ746mTtXHtE%2CbhfPV0_iYbM%2Cr6-DvhPA86o%2Cfd_6ykYfCk0%2CMjSggbXNmrY%2CbUNBMYhD38I%2CO-HYdUAxMtU%2Cie_aZ0KTviU%2CQXh9iiKyqpo%2ClGwD4_cMqdQ%2CGv1vXPI8CvM%2CyReCtzfknyA%2CCdR1fj70HLk%2CwIETdylvFpY%2CV8J8tf1sPoo%2C6c8JWTSQxBc%2C4KC-CvXgZfM%2CEkxiHtnqjOs%2CHLaShBqOjTQ%2CDPkTpYxMQEg%2ClgeqIUCJVvI%2CBZiZCTPwTUU%2Cz5sP20EnDSo%2C1ZPDAeGuEEk%2CshGrYvnuQRk%2CE_zhGfRSB6E\" flashvars=\"autostart=true&amp;usefullscreen=true&amp;\" allowfullscreen=\"true\"><\/embed><\/p>\n","protected":false},"excerpt":{"rendered":"<p>Handan Kara 1939 y\u0131l\u0131nda \u0130stanbul Bak\u0131rk\u00f6yde d\u00fcnyaya gelir. \u0130lk ve orta \u00f6\u011frenimini yine ayn\u0131 yerde tamamlad\u0131ktan sonra memur olarak hayata at\u0131l\u0131r. Fakat bu arada \u00e7ok sevdi\u011fi musikiyi hi\u00e7 bir \u015fekile ihmal etmeyip, bo\u015f vakitlerinde bir \u00e7ok \u00fcstatdan ders al\u0131r. Bir yandan da \u00e7e\u015fitli topluluklarla \u00e7al\u0131\u015farak yetene\u011fini\u00a0 ilerlettir. Handan Kara bu \u00e7al\u0131\u015fmalar\u0131n\u0131n ilk semeresini 1962-1963 y\u0131l\u0131nda [&hellip;]<\/p>\n","protected":false},"author":1,"featured_media":0,"comment_status":"open","ping_status":"open","sticky":false,"template":"","format":"standard","meta":{"footnotes":""},"categories":[100],"tags":[],"class_list":{"0":"post-4191","1":"post","2":"type-post","3":"status-publish","4":"format-standard","6":"category-muzisyenler"},"yoast_head":"<!-- This site is optimized with the Yoast SEO Premium plugin v24.9 (Yoast SEO v24.9) - https:\/\/yoast.com\/wordpress\/plugins\/seo\/ -->\n<title>Ye\u015fil\u00e7am film m\u00fczikleri |T\u00fcrkiye&#039;nin en g\u00fczel kad\u0131n seslerinden biri | Handan Kara - narteks.net<\/title>\n<meta name=\"robots\" content=\"index, follow, max-snippet:-1, max-image-preview:large, max-video-preview:-1\" \/>\n<link rel=\"canonical\" href=\"https:\/\/narteks.net\/index.php\/2010\/02\/10\/yesilcam-film-muzikleri-turkiyenin-en-guzel-kadin-seslerinden-biri-handan-kara\/\" \/>\n<meta property=\"og:locale\" content=\"tr_TR\" \/>\n<meta property=\"og:type\" content=\"article\" \/>\n<meta property=\"og:title\" content=\"Ye\u015fil\u00e7am film m\u00fczikleri |T\u00fcrkiye&#039;nin en g\u00fczel kad\u0131n seslerinden biri | Handan Kara\" \/>\n<meta property=\"og:description\" content=\"Handan Kara 1939 y\u0131l\u0131nda \u0130stanbul Bak\u0131rk\u00f6yde d\u00fcnyaya gelir. \u0130lk ve orta \u00f6\u011frenimini yine ayn\u0131 yerde tamamlad\u0131ktan sonra memur olarak hayata at\u0131l\u0131r. Fakat bu arada \u00e7ok sevdi\u011fi musikiyi hi\u00e7 bir \u015fekile ihmal etmeyip, bo\u015f vakitlerinde bir \u00e7ok \u00fcstatdan ders al\u0131r. Bir yandan da \u00e7e\u015fitli topluluklarla \u00e7al\u0131\u015farak yetene\u011fini\u00a0 ilerlettir. Handan Kara bu \u00e7al\u0131\u015fmalar\u0131n\u0131n ilk semeresini 1962-1963 y\u0131l\u0131nda [&hellip;]\" \/>\n<meta property=\"og:url\" content=\"https:\/\/narteks.net\/index.php\/2010\/02\/10\/yesilcam-film-muzikleri-turkiyenin-en-guzel-kadin-seslerinden-biri-handan-kara\/\" \/>\n<meta property=\"og:site_name\" content=\"narteks.net\" \/>\n<meta property=\"article:published_time\" content=\"2010-02-10T11:41:27+00:00\" \/>\n<meta property=\"og:image\" content=\"http:\/\/www.diskotek.arkaplan.com.tr\/catalog\/images\/handan_kara.jpg\" \/>\n<meta name=\"author\" content=\"Tar\u0131k\" \/>\n<meta name=\"twitter:card\" content=\"summary_large_image\" \/>\n<meta name=\"twitter:creator\" content=\"@narteks\" \/>\n<meta name=\"twitter:site\" content=\"@narteks\" \/>\n<meta name=\"twitter:label1\" content=\"Yazan:\" \/>\n\t<meta name=\"twitter:data1\" content=\"Tar\u0131k\" \/>\n\t<meta name=\"twitter:label2\" content=\"Tahmini okuma s\u00fcresi\" \/>\n\t<meta name=\"twitter:data2\" content=\"2 dakika\" \/>\n<script type=\"application\/ld+json\" class=\"yoast-schema-graph\">{\"@context\":\"https:\/\/schema.org\",\"@graph\":[{\"@type\":\"Article\",\"@id\":\"https:\/\/narteks.net\/index.php\/2010\/02\/10\/yesilcam-film-muzikleri-turkiyenin-en-guzel-kadin-seslerinden-biri-handan-kara\/#article\",\"isPartOf\":{\"@id\":\"https:\/\/narteks.net\/index.php\/2010\/02\/10\/yesilcam-film-muzikleri-turkiyenin-en-guzel-kadin-seslerinden-biri-handan-kara\/\"},\"author\":{\"name\":\"Tar\u0131k\",\"@id\":\"https:\/\/narteks.net\/#\/schema\/person\/61f37d9834294b72d31d274e7ed79bca\"},\"headline\":\"Ye\u015fil\u00e7am film m\u00fczikleri |T\u00fcrkiye&#8217;nin en g\u00fczel kad\u0131n seslerinden biri | Handan Kara\",\"datePublished\":\"2010-02-10T11:41:27+00:00\",\"mainEntityOfPage\":{\"@id\":\"https:\/\/narteks.net\/index.php\/2010\/02\/10\/yesilcam-film-muzikleri-turkiyenin-en-guzel-kadin-seslerinden-biri-handan-kara\/\"},\"wordCount\":347,\"commentCount\":0,\"publisher\":{\"@id\":\"https:\/\/narteks.net\/#organization\"},\"image\":{\"@id\":\"https:\/\/narteks.net\/index.php\/2010\/02\/10\/yesilcam-film-muzikleri-turkiyenin-en-guzel-kadin-seslerinden-biri-handan-kara\/#primaryimage\"},\"thumbnailUrl\":\"http:\/\/www.diskotek.arkaplan.com.tr\/catalog\/images\/handan_kara.jpg\",\"articleSection\":[\"M\u00fczisyenler\"],\"inLanguage\":\"tr\",\"potentialAction\":[{\"@type\":\"CommentAction\",\"name\":\"Comment\",\"target\":[\"https:\/\/narteks.net\/index.php\/2010\/02\/10\/yesilcam-film-muzikleri-turkiyenin-en-guzel-kadin-seslerinden-biri-handan-kara\/#respond\"]}]},{\"@type\":\"WebPage\",\"@id\":\"https:\/\/narteks.net\/index.php\/2010\/02\/10\/yesilcam-film-muzikleri-turkiyenin-en-guzel-kadin-seslerinden-biri-handan-kara\/\",\"url\":\"https:\/\/narteks.net\/index.php\/2010\/02\/10\/yesilcam-film-muzikleri-turkiyenin-en-guzel-kadin-seslerinden-biri-handan-kara\/\",\"name\":\"Ye\u015fil\u00e7am film m\u00fczikleri |T\u00fcrkiye'nin en g\u00fczel kad\u0131n seslerinden biri | Handan Kara - narteks.net\",\"isPartOf\":{\"@id\":\"https:\/\/narteks.net\/#website\"},\"primaryImageOfPage\":{\"@id\":\"https:\/\/narteks.net\/index.php\/2010\/02\/10\/yesilcam-film-muzikleri-turkiyenin-en-guzel-kadin-seslerinden-biri-handan-kara\/#primaryimage\"},\"image\":{\"@id\":\"https:\/\/narteks.net\/index.php\/2010\/02\/10\/yesilcam-film-muzikleri-turkiyenin-en-guzel-kadin-seslerinden-biri-handan-kara\/#primaryimage\"},\"thumbnailUrl\":\"http:\/\/www.diskotek.arkaplan.com.tr\/catalog\/images\/handan_kara.jpg\",\"datePublished\":\"2010-02-10T11:41:27+00:00\",\"breadcrumb\":{\"@id\":\"https:\/\/narteks.net\/index.php\/2010\/02\/10\/yesilcam-film-muzikleri-turkiyenin-en-guzel-kadin-seslerinden-biri-handan-kara\/#breadcrumb\"},\"inLanguage\":\"tr\",\"potentialAction\":[{\"@type\":\"ReadAction\",\"target\":[\"https:\/\/narteks.net\/index.php\/2010\/02\/10\/yesilcam-film-muzikleri-turkiyenin-en-guzel-kadin-seslerinden-biri-handan-kara\/\"]}]},{\"@type\":\"ImageObject\",\"inLanguage\":\"tr\",\"@id\":\"https:\/\/narteks.net\/index.php\/2010\/02\/10\/yesilcam-film-muzikleri-turkiyenin-en-guzel-kadin-seslerinden-biri-handan-kara\/#primaryimage\",\"url\":\"http:\/\/www.diskotek.arkaplan.com.tr\/catalog\/images\/handan_kara.jpg\",\"contentUrl\":\"http:\/\/www.diskotek.arkaplan.com.tr\/catalog\/images\/handan_kara.jpg\"},{\"@type\":\"BreadcrumbList\",\"@id\":\"https:\/\/narteks.net\/index.php\/2010\/02\/10\/yesilcam-film-muzikleri-turkiyenin-en-guzel-kadin-seslerinden-biri-handan-kara\/#breadcrumb\",\"itemListElement\":[{\"@type\":\"ListItem\",\"position\":1,\"name\":\"Anasayfa\",\"item\":\"https:\/\/narteks.net\/\"},{\"@type\":\"ListItem\",\"position\":2,\"name\":\"Ye\u015fil\u00e7am film m\u00fczikleri |T\u00fcrkiye&#8217;nin en g\u00fczel kad\u0131n seslerinden biri | Handan Kara\"}]},{\"@type\":\"WebSite\",\"@id\":\"https:\/\/narteks.net\/#website\",\"url\":\"https:\/\/narteks.net\/\",\"name\":\"narteks.net\",\"description\":\"K\u00fclt\u00fcr Sanat Edebiyat Felsefe\",\"publisher\":{\"@id\":\"https:\/\/narteks.net\/#organization\"},\"alternateName\":\"K\u00fclt\u00fcr Sanat Edebiyat Felsefe\",\"potentialAction\":[{\"@type\":\"SearchAction\",\"target\":{\"@type\":\"EntryPoint\",\"urlTemplate\":\"https:\/\/narteks.net\/?s={search_term_string}\"},\"query-input\":{\"@type\":\"PropertyValueSpecification\",\"valueRequired\":true,\"valueName\":\"search_term_string\"}}],\"inLanguage\":\"tr\"},{\"@type\":\"Organization\",\"@id\":\"https:\/\/narteks.net\/#organization\",\"name\":\"narteks.net\",\"url\":\"https:\/\/narteks.net\/\",\"logo\":{\"@type\":\"ImageObject\",\"inLanguage\":\"tr\",\"@id\":\"https:\/\/narteks.net\/#\/schema\/logo\/image\/\",\"url\":\"https:\/\/narteks.net\/wp-content\/uploads\/narteks.png\",\"contentUrl\":\"https:\/\/narteks.net\/wp-content\/uploads\/narteks.png\",\"width\":300,\"height\":90,\"caption\":\"narteks.net\"},\"image\":{\"@id\":\"https:\/\/narteks.net\/#\/schema\/logo\/image\/\"},\"sameAs\":[\"https:\/\/x.com\/narteks\",\"https:\/\/instagram.com\/narteksnet\"]},{\"@type\":\"Person\",\"@id\":\"https:\/\/narteks.net\/#\/schema\/person\/61f37d9834294b72d31d274e7ed79bca\",\"name\":\"Tar\u0131k\",\"image\":{\"@type\":\"ImageObject\",\"inLanguage\":\"tr\",\"@id\":\"https:\/\/narteks.net\/#\/schema\/person\/image\/\",\"url\":\"https:\/\/secure.gravatar.com\/avatar\/50865afb55632c4ae467e0af0930f6510aa2297d8014be502a55b14f3b7550cf?s=96&d=mm&r=g\",\"contentUrl\":\"https:\/\/secure.gravatar.com\/avatar\/50865afb55632c4ae467e0af0930f6510aa2297d8014be502a55b14f3b7550cf?s=96&d=mm&r=g\",\"caption\":\"Tar\u0131k\"},\"sameAs\":[\"http:\/\/narteks.net\"],\"url\":\"https:\/\/narteks.net\/index.php\/author\/narbak\/\"}]}<\/script>\n<!-- \/ Yoast SEO Premium plugin. -->","yoast_head_json":{"title":"Ye\u015fil\u00e7am film m\u00fczikleri |T\u00fcrkiye'nin en g\u00fczel kad\u0131n seslerinden biri | Handan Kara - narteks.net","robots":{"index":"index","follow":"follow","max-snippet":"max-snippet:-1","max-image-preview":"max-image-preview:large","max-video-preview":"max-video-preview:-1"},"canonical":"https:\/\/narteks.net\/index.php\/2010\/02\/10\/yesilcam-film-muzikleri-turkiyenin-en-guzel-kadin-seslerinden-biri-handan-kara\/","og_locale":"tr_TR","og_type":"article","og_title":"Ye\u015fil\u00e7am film m\u00fczikleri |T\u00fcrkiye'nin en g\u00fczel kad\u0131n seslerinden biri | Handan Kara","og_description":"Handan Kara 1939 y\u0131l\u0131nda \u0130stanbul Bak\u0131rk\u00f6yde d\u00fcnyaya gelir. \u0130lk ve orta \u00f6\u011frenimini yine ayn\u0131 yerde tamamlad\u0131ktan sonra memur olarak hayata at\u0131l\u0131r. Fakat bu arada \u00e7ok sevdi\u011fi musikiyi hi\u00e7 bir \u015fekile ihmal etmeyip, bo\u015f vakitlerinde bir \u00e7ok \u00fcstatdan ders al\u0131r. Bir yandan da \u00e7e\u015fitli topluluklarla \u00e7al\u0131\u015farak yetene\u011fini\u00a0 ilerlettir. Handan Kara bu \u00e7al\u0131\u015fmalar\u0131n\u0131n ilk semeresini 1962-1963 y\u0131l\u0131nda [&hellip;]","og_url":"https:\/\/narteks.net\/index.php\/2010\/02\/10\/yesilcam-film-muzikleri-turkiyenin-en-guzel-kadin-seslerinden-biri-handan-kara\/","og_site_name":"narteks.net","article_published_time":"2010-02-10T11:41:27+00:00","og_image":[{"url":"http:\/\/www.diskotek.arkaplan.com.tr\/catalog\/images\/handan_kara.jpg","type":"","width":"","height":""}],"author":"Tar\u0131k","twitter_card":"summary_large_image","twitter_creator":"@narteks","twitter_site":"@narteks","twitter_misc":{"Yazan:":"Tar\u0131k","Tahmini okuma s\u00fcresi":"2 dakika"},"schema":{"@context":"https:\/\/schema.org","@graph":[{"@type":"Article","@id":"https:\/\/narteks.net\/index.php\/2010\/02\/10\/yesilcam-film-muzikleri-turkiyenin-en-guzel-kadin-seslerinden-biri-handan-kara\/#article","isPartOf":{"@id":"https:\/\/narteks.net\/index.php\/2010\/02\/10\/yesilcam-film-muzikleri-turkiyenin-en-guzel-kadin-seslerinden-biri-handan-kara\/"},"author":{"name":"Tar\u0131k","@id":"https:\/\/narteks.net\/#\/schema\/person\/61f37d9834294b72d31d274e7ed79bca"},"headline":"Ye\u015fil\u00e7am film m\u00fczikleri |T\u00fcrkiye&#8217;nin en g\u00fczel kad\u0131n seslerinden biri | Handan Kara","datePublished":"2010-02-10T11:41:27+00:00","mainEntityOfPage":{"@id":"https:\/\/narteks.net\/index.php\/2010\/02\/10\/yesilcam-film-muzikleri-turkiyenin-en-guzel-kadin-seslerinden-biri-handan-kara\/"},"wordCount":347,"commentCount":0,"publisher":{"@id":"https:\/\/narteks.net\/#organization"},"image":{"@id":"https:\/\/narteks.net\/index.php\/2010\/02\/10\/yesilcam-film-muzikleri-turkiyenin-en-guzel-kadin-seslerinden-biri-handan-kara\/#primaryimage"},"thumbnailUrl":"http:\/\/www.diskotek.arkaplan.com.tr\/catalog\/images\/handan_kara.jpg","articleSection":["M\u00fczisyenler"],"inLanguage":"tr","potentialAction":[{"@type":"CommentAction","name":"Comment","target":["https:\/\/narteks.net\/index.php\/2010\/02\/10\/yesilcam-film-muzikleri-turkiyenin-en-guzel-kadin-seslerinden-biri-handan-kara\/#respond"]}]},{"@type":"WebPage","@id":"https:\/\/narteks.net\/index.php\/2010\/02\/10\/yesilcam-film-muzikleri-turkiyenin-en-guzel-kadin-seslerinden-biri-handan-kara\/","url":"https:\/\/narteks.net\/index.php\/2010\/02\/10\/yesilcam-film-muzikleri-turkiyenin-en-guzel-kadin-seslerinden-biri-handan-kara\/","name":"Ye\u015fil\u00e7am film m\u00fczikleri |T\u00fcrkiye'nin en g\u00fczel kad\u0131n seslerinden biri | Handan Kara - narteks.net","isPartOf":{"@id":"https:\/\/narteks.net\/#website"},"primaryImageOfPage":{"@id":"https:\/\/narteks.net\/index.php\/2010\/02\/10\/yesilcam-film-muzikleri-turkiyenin-en-guzel-kadin-seslerinden-biri-handan-kara\/#primaryimage"},"image":{"@id":"https:\/\/narteks.net\/index.php\/2010\/02\/10\/yesilcam-film-muzikleri-turkiyenin-en-guzel-kadin-seslerinden-biri-handan-kara\/#primaryimage"},"thumbnailUrl":"http:\/\/www.diskotek.arkaplan.com.tr\/catalog\/images\/handan_kara.jpg","datePublished":"2010-02-10T11:41:27+00:00","breadcrumb":{"@id":"https:\/\/narteks.net\/index.php\/2010\/02\/10\/yesilcam-film-muzikleri-turkiyenin-en-guzel-kadin-seslerinden-biri-handan-kara\/#breadcrumb"},"inLanguage":"tr","potentialAction":[{"@type":"ReadAction","target":["https:\/\/narteks.net\/index.php\/2010\/02\/10\/yesilcam-film-muzikleri-turkiyenin-en-guzel-kadin-seslerinden-biri-handan-kara\/"]}]},{"@type":"ImageObject","inLanguage":"tr","@id":"https:\/\/narteks.net\/index.php\/2010\/02\/10\/yesilcam-film-muzikleri-turkiyenin-en-guzel-kadin-seslerinden-biri-handan-kara\/#primaryimage","url":"http:\/\/www.diskotek.arkaplan.com.tr\/catalog\/images\/handan_kara.jpg","contentUrl":"http:\/\/www.diskotek.arkaplan.com.tr\/catalog\/images\/handan_kara.jpg"},{"@type":"BreadcrumbList","@id":"https:\/\/narteks.net\/index.php\/2010\/02\/10\/yesilcam-film-muzikleri-turkiyenin-en-guzel-kadin-seslerinden-biri-handan-kara\/#breadcrumb","itemListElement":[{"@type":"ListItem","position":1,"name":"Anasayfa","item":"https:\/\/narteks.net\/"},{"@type":"ListItem","position":2,"name":"Ye\u015fil\u00e7am film m\u00fczikleri |T\u00fcrkiye&#8217;nin en g\u00fczel kad\u0131n seslerinden biri | Handan Kara"}]},{"@type":"WebSite","@id":"https:\/\/narteks.net\/#website","url":"https:\/\/narteks.net\/","name":"narteks.net","description":"K\u00fclt\u00fcr Sanat Edebiyat Felsefe","publisher":{"@id":"https:\/\/narteks.net\/#organization"},"alternateName":"K\u00fclt\u00fcr Sanat Edebiyat Felsefe","potentialAction":[{"@type":"SearchAction","target":{"@type":"EntryPoint","urlTemplate":"https:\/\/narteks.net\/?s={search_term_string}"},"query-input":{"@type":"PropertyValueSpecification","valueRequired":true,"valueName":"search_term_string"}}],"inLanguage":"tr"},{"@type":"Organization","@id":"https:\/\/narteks.net\/#organization","name":"narteks.net","url":"https:\/\/narteks.net\/","logo":{"@type":"ImageObject","inLanguage":"tr","@id":"https:\/\/narteks.net\/#\/schema\/logo\/image\/","url":"https:\/\/narteks.net\/wp-content\/uploads\/narteks.png","contentUrl":"https:\/\/narteks.net\/wp-content\/uploads\/narteks.png","width":300,"height":90,"caption":"narteks.net"},"image":{"@id":"https:\/\/narteks.net\/#\/schema\/logo\/image\/"},"sameAs":["https:\/\/x.com\/narteks","https:\/\/instagram.com\/narteksnet"]},{"@type":"Person","@id":"https:\/\/narteks.net\/#\/schema\/person\/61f37d9834294b72d31d274e7ed79bca","name":"Tar\u0131k","image":{"@type":"ImageObject","inLanguage":"tr","@id":"https:\/\/narteks.net\/#\/schema\/person\/image\/","url":"https:\/\/secure.gravatar.com\/avatar\/50865afb55632c4ae467e0af0930f6510aa2297d8014be502a55b14f3b7550cf?s=96&d=mm&r=g","contentUrl":"https:\/\/secure.gravatar.com\/avatar\/50865afb55632c4ae467e0af0930f6510aa2297d8014be502a55b14f3b7550cf?s=96&d=mm&r=g","caption":"Tar\u0131k"},"sameAs":["http:\/\/narteks.net"],"url":"https:\/\/narteks.net\/index.php\/author\/narbak\/"}]}},"_links":{"self":[{"href":"https:\/\/narteks.net\/index.php\/wp-json\/wp\/v2\/posts\/4191","targetHints":{"allow":["GET"]}}],"collection":[{"href":"https:\/\/narteks.net\/index.php\/wp-json\/wp\/v2\/posts"}],"about":[{"href":"https:\/\/narteks.net\/index.php\/wp-json\/wp\/v2\/types\/post"}],"author":[{"embeddable":true,"href":"https:\/\/narteks.net\/index.php\/wp-json\/wp\/v2\/users\/1"}],"replies":[{"embeddable":true,"href":"https:\/\/narteks.net\/index.php\/wp-json\/wp\/v2\/comments?post=4191"}],"version-history":[{"count":0,"href":"https:\/\/narteks.net\/index.php\/wp-json\/wp\/v2\/posts\/4191\/revisions"}],"wp:attachment":[{"href":"https:\/\/narteks.net\/index.php\/wp-json\/wp\/v2\/media?parent=4191"}],"wp:term":[{"taxonomy":"category","embeddable":true,"href":"https:\/\/narteks.net\/index.php\/wp-json\/wp\/v2\/categories?post=4191"},{"taxonomy":"post_tag","embeddable":true,"href":"https:\/\/narteks.net\/index.php\/wp-json\/wp\/v2\/tags?post=4191"}],"curies":[{"name":"wp","href":"https:\/\/api.w.org\/{rel}","templated":true}]}}