{"id":420,"date":"2009-03-13T14:00:47","date_gmt":"2009-03-13T11:00:47","guid":{"rendered":"http:\/\/localhost\/wordpress\/2009\/03\/13\/eregli-den-ciktim-sokun-eyledim\/"},"modified":"2009-03-13T14:00:47","modified_gmt":"2009-03-13T11:00:47","slug":"eregli-den-ciktim-sokun-eyledim","status":"publish","type":"post","link":"https:\/\/narteks.net\/index.php\/2009\/03\/13\/eregli-den-ciktim-sokun-eyledim\/","title":{"rendered":"Ere\u011fli&#8217;den \u00c7\u0131kt\u0131m S\u00f6k\u00fcn Eyledim"},"content":{"rendered":"<p style=\"text-align: justify;\"><span style=\"font-size: 14pt;\"><strong> Ere\u011fli&#8217;den \u00c7\u0131kt\u0131m S\u00f6k\u00fcn Eyledim <\/strong><\/span><\/p>\n<p>Ali Ercan, Kara Ka\u015f G\u00f6zlerin Elmas ve Ni\u011fde T\u00fcrk\u00fcleri adl\u0131 kitab\u0131nda &#8220;Sabi Baba&#8221; isminde bir ki\u015fiden dinledi\u011fi bu t\u00fcrk\u00fcn\u00fcn hikayesini aynen \u015f\u00f6yle anlatmaktad\u0131r:<\/p>\n<p>&#8220;Orta k\u00f6yde Tahir efendi ad\u0131nda bir halk \u015fairi varm\u0131\u015f. Bu z\u00e2t saz\u0131n\u0131 kendi zevki i\u00e7in \u00e7alarm\u0131\u015f. Alt\u0131nda at\u0131, terkesinde saz\u0131, \u015fehir \u015fehir, kasaba kasaba dola\u015f\u0131rm\u0131\u015f. G\u00fcnlerden bir yaz mevsimi Ere\u011fli&#8217;ye gezmeye gidiyor. \u015eehre girmeden bir a\u011fa\u00e7l\u0131k, su kenar\u0131nda bir ka\u00e7 a\u015firet \u00e7ad\u0131r\u0131na rastl\u0131yor. \u00c7ad\u0131rlar\u0131n bir tanesinden g\u00fczel bir k\u0131z ellerindeki helkeleri,sa\u00e7lar\u0131 iki b\u00f6l\u00fck,yak\u0131n\u0131ndaki p\u0131nara su doldurmaya gidiyor. Tahir efendi k\u0131z\u0131 g\u00f6r\u00fcnce a\u015f\u0131k oluyor. Kendisini tan\u0131t\u0131yor ve Allah&#8217;\u0131n emri ile de k\u0131za evlenme teklifi yap\u0131yor. K\u0131z ise Tahir efendiyi ayaktan ba\u015fa kadar s\u00fczd\u00fckten sonra teklifi kabul ediyor. &#8220;Yaln\u0131z babam Adana&#8217;ya gitti, bir hafta sonra gelir, o zaman gel ve beni babamdan iste&#8221; diyor.<\/p>\n<p>Tahir efendi hemen geri Ortak\u00f6y&#8217;e d\u00f6ner ve en yak\u0131n akrabas\u0131na,e\u015fine,dostuna durumu anlat\u0131r ve bir haftay\u0131 sab\u0131rs\u0131zl\u0131kla bekler. O bekleye dursun ,k\u0131z\u0131n babas\u0131 \u00fc\u00e7 g\u00fcn sonra d\u00f6n\u00fcyor. K\u0131z\u0131n\u0131n durumunda bir tak\u0131m de\u011fi\u015fiklikler seziyor. Vaziyeti ba\u015fka bir \u015fah\u0131s taraf\u0131ndan da \u00f6\u011frenen baba,bu i\u015fe asla raz\u0131 olmuyor. Hemen \u00e7ad\u0131r\u0131,\u00e7atmay\u0131 y\u00fcklenip Adana taraf\u0131na do\u011fru yollan\u0131yor. Bir hafta ge\u00e7iyor ve Tahir efendi d\u00fcn\u00fcrc\u00fclerini toplay\u0131p Ere\u011fli&#8217;ye hareket ediyor. \u00c7ad\u0131r\u0131n oldu\u011fu yere geldikleri zaman hepsi \u015fa\u015f\u0131r\u0131yorlar. \u00c7\u00fcnk\u00fc \u00e7ad\u0131r\u0131n yerinde yeller esmektedir. Tahir efendi Sevgili H\u00fcsne&#8217;sinin ayak izinden ba\u015fka hi\u00e7bir \u015feye rastlayam\u0131yor. Sonsuz gam t\u00fcl\u00fcne b\u00fcr\u00fcnen Tahir efendi \u00e7eker saz\u0131n\u0131, vurur m\u0131zrab\u0131n\u0131 ve bu t\u00fcrk\u00fcy\u00fc yakar.&#8221; <\/p>\n<p>Kaynak:<br \/>ERCAN,Ali,Kara Ka\u015f G\u00f6zlerin Elmas ve Ni\u011fde T\u00fcrk\u00fcleri,s.24,25,Ni\u011fde \u0130l Bas\u0131m <br \/>Evi,Ni\u011fde,1965<\/p>\n<p>\u00d6\u011frt. G\u00f6r. Hakan Taty\u00fcz<\/p>\n<div id=\"_booktextmark_tab_id_\" style=\"visibility: hidden;\" title=\"1236944907807\">\u00a0<\/div>\n","protected":false},"excerpt":{"rendered":"<p>Ere\u011fli&#8217;den \u00c7\u0131kt\u0131m S\u00f6k\u00fcn Eyledim Ali Ercan, Kara Ka\u015f G\u00f6zlerin Elmas ve Ni\u011fde T\u00fcrk\u00fcleri adl\u0131 kitab\u0131nda &#8220;Sabi Baba&#8221; isminde bir ki\u015fiden dinledi\u011fi bu t\u00fcrk\u00fcn\u00fcn hikayesini aynen \u015f\u00f6yle anlatmaktad\u0131r: &#8220;Orta k\u00f6yde Tahir efendi ad\u0131nda bir halk \u015fairi varm\u0131\u015f. Bu z\u00e2t saz\u0131n\u0131 kendi zevki i\u00e7in \u00e7alarm\u0131\u015f. Alt\u0131nda at\u0131, terkesinde saz\u0131, \u015fehir \u015fehir, kasaba kasaba dola\u015f\u0131rm\u0131\u015f. G\u00fcnlerden bir yaz [&hellip;]<\/p>\n","protected":false},"author":1,"featured_media":0,"comment_status":"open","ping_status":"open","sticky":false,"template":"","format":"standard","meta":{"footnotes":""},"categories":[55],"tags":[],"class_list":{"0":"post-420","1":"post","2":"type-post","3":"status-publish","4":"format-standard","6":"category-oykuleriyle-turkuler"},"yoast_head":"<!-- This site is optimized with the Yoast SEO Premium plugin v24.9 (Yoast SEO v24.9) - https:\/\/yoast.com\/wordpress\/plugins\/seo\/ -->\n<title>Ere\u011fli&#039;den \u00c7\u0131kt\u0131m S\u00f6k\u00fcn Eyledim - narteks.net<\/title>\n<meta name=\"robots\" content=\"index, follow, max-snippet:-1, max-image-preview:large, max-video-preview:-1\" \/>\n<link rel=\"canonical\" href=\"https:\/\/narteks.net\/index.php\/2009\/03\/13\/eregli-den-ciktim-sokun-eyledim\/\" \/>\n<meta property=\"og:locale\" content=\"tr_TR\" \/>\n<meta property=\"og:type\" content=\"article\" \/>\n<meta property=\"og:title\" content=\"Ere\u011fli&#039;den \u00c7\u0131kt\u0131m S\u00f6k\u00fcn Eyledim\" \/>\n<meta property=\"og:description\" content=\"Ere\u011fli&#8217;den \u00c7\u0131kt\u0131m S\u00f6k\u00fcn Eyledim Ali Ercan, Kara Ka\u015f G\u00f6zlerin Elmas ve Ni\u011fde T\u00fcrk\u00fcleri adl\u0131 kitab\u0131nda &#8220;Sabi Baba&#8221; isminde bir ki\u015fiden dinledi\u011fi bu t\u00fcrk\u00fcn\u00fcn hikayesini aynen \u015f\u00f6yle anlatmaktad\u0131r: &#8220;Orta k\u00f6yde Tahir efendi ad\u0131nda bir halk \u015fairi varm\u0131\u015f. Bu z\u00e2t saz\u0131n\u0131 kendi zevki i\u00e7in \u00e7alarm\u0131\u015f. Alt\u0131nda at\u0131, terkesinde saz\u0131, \u015fehir \u015fehir, kasaba kasaba dola\u015f\u0131rm\u0131\u015f. G\u00fcnlerden bir yaz [&hellip;]\" \/>\n<meta property=\"og:url\" content=\"https:\/\/narteks.net\/index.php\/2009\/03\/13\/eregli-den-ciktim-sokun-eyledim\/\" \/>\n<meta property=\"og:site_name\" content=\"narteks.net\" \/>\n<meta property=\"article:published_time\" content=\"2009-03-13T11:00:47+00:00\" \/>\n<meta property=\"og:image\" content=\"https:\/\/narteks.net\/wp-content\/uploads\/narteks.png\" \/>\n\t<meta property=\"og:image:width\" content=\"300\" \/>\n\t<meta property=\"og:image:height\" content=\"90\" \/>\n\t<meta property=\"og:image:type\" content=\"image\/png\" \/>\n<meta name=\"author\" content=\"Tar\u0131k\" \/>\n<meta name=\"twitter:card\" content=\"summary_large_image\" \/>\n<meta name=\"twitter:creator\" content=\"@narteks\" \/>\n<meta name=\"twitter:site\" content=\"@narteks\" \/>\n<meta name=\"twitter:label1\" content=\"Yazan:\" \/>\n\t<meta name=\"twitter:data1\" content=\"Tar\u0131k\" \/>\n\t<meta name=\"twitter:label2\" content=\"Tahmini okuma s\u00fcresi\" \/>\n\t<meta name=\"twitter:data2\" content=\"2 dakika\" \/>\n<script type=\"application\/ld+json\" class=\"yoast-schema-graph\">{\"@context\":\"https:\/\/schema.org\",\"@graph\":[{\"@type\":\"Article\",\"@id\":\"https:\/\/narteks.net\/index.php\/2009\/03\/13\/eregli-den-ciktim-sokun-eyledim\/#article\",\"isPartOf\":{\"@id\":\"https:\/\/narteks.net\/index.php\/2009\/03\/13\/eregli-den-ciktim-sokun-eyledim\/\"},\"author\":{\"name\":\"Tar\u0131k\",\"@id\":\"https:\/\/narteks.net\/#\/schema\/person\/61f37d9834294b72d31d274e7ed79bca\"},\"headline\":\"Ere\u011fli&#8217;den \u00c7\u0131kt\u0131m S\u00f6k\u00fcn Eyledim\",\"datePublished\":\"2009-03-13T11:00:47+00:00\",\"mainEntityOfPage\":{\"@id\":\"https:\/\/narteks.net\/index.php\/2009\/03\/13\/eregli-den-ciktim-sokun-eyledim\/\"},\"wordCount\":380,\"commentCount\":0,\"publisher\":{\"@id\":\"https:\/\/narteks.net\/#organization\"},\"articleSection\":[\"\u00d6yk\u00fcleriyle T\u00fcrk\u00fcler\"],\"inLanguage\":\"tr\",\"potentialAction\":[{\"@type\":\"CommentAction\",\"name\":\"Comment\",\"target\":[\"https:\/\/narteks.net\/index.php\/2009\/03\/13\/eregli-den-ciktim-sokun-eyledim\/#respond\"]}]},{\"@type\":\"WebPage\",\"@id\":\"https:\/\/narteks.net\/index.php\/2009\/03\/13\/eregli-den-ciktim-sokun-eyledim\/\",\"url\":\"https:\/\/narteks.net\/index.php\/2009\/03\/13\/eregli-den-ciktim-sokun-eyledim\/\",\"name\":\"Ere\u011fli'den \u00c7\u0131kt\u0131m S\u00f6k\u00fcn Eyledim - narteks.net\",\"isPartOf\":{\"@id\":\"https:\/\/narteks.net\/#website\"},\"datePublished\":\"2009-03-13T11:00:47+00:00\",\"breadcrumb\":{\"@id\":\"https:\/\/narteks.net\/index.php\/2009\/03\/13\/eregli-den-ciktim-sokun-eyledim\/#breadcrumb\"},\"inLanguage\":\"tr\",\"potentialAction\":[{\"@type\":\"ReadAction\",\"target\":[\"https:\/\/narteks.net\/index.php\/2009\/03\/13\/eregli-den-ciktim-sokun-eyledim\/\"]}]},{\"@type\":\"BreadcrumbList\",\"@id\":\"https:\/\/narteks.net\/index.php\/2009\/03\/13\/eregli-den-ciktim-sokun-eyledim\/#breadcrumb\",\"itemListElement\":[{\"@type\":\"ListItem\",\"position\":1,\"name\":\"Anasayfa\",\"item\":\"https:\/\/narteks.net\/\"},{\"@type\":\"ListItem\",\"position\":2,\"name\":\"Ere\u011fli&#8217;den \u00c7\u0131kt\u0131m S\u00f6k\u00fcn Eyledim\"}]},{\"@type\":\"WebSite\",\"@id\":\"https:\/\/narteks.net\/#website\",\"url\":\"https:\/\/narteks.net\/\",\"name\":\"narteks.net\",\"description\":\"K\u00fclt\u00fcr Sanat Edebiyat Felsefe\",\"publisher\":{\"@id\":\"https:\/\/narteks.net\/#organization\"},\"alternateName\":\"K\u00fclt\u00fcr Sanat Edebiyat Felsefe\",\"potentialAction\":[{\"@type\":\"SearchAction\",\"target\":{\"@type\":\"EntryPoint\",\"urlTemplate\":\"https:\/\/narteks.net\/?s={search_term_string}\"},\"query-input\":{\"@type\":\"PropertyValueSpecification\",\"valueRequired\":true,\"valueName\":\"search_term_string\"}}],\"inLanguage\":\"tr\"},{\"@type\":\"Organization\",\"@id\":\"https:\/\/narteks.net\/#organization\",\"name\":\"narteks.net\",\"url\":\"https:\/\/narteks.net\/\",\"logo\":{\"@type\":\"ImageObject\",\"inLanguage\":\"tr\",\"@id\":\"https:\/\/narteks.net\/#\/schema\/logo\/image\/\",\"url\":\"https:\/\/narteks.net\/wp-content\/uploads\/narteks.png\",\"contentUrl\":\"https:\/\/narteks.net\/wp-content\/uploads\/narteks.png\",\"width\":300,\"height\":90,\"caption\":\"narteks.net\"},\"image\":{\"@id\":\"https:\/\/narteks.net\/#\/schema\/logo\/image\/\"},\"sameAs\":[\"https:\/\/x.com\/narteks\",\"https:\/\/instagram.com\/narteksnet\"]},{\"@type\":\"Person\",\"@id\":\"https:\/\/narteks.net\/#\/schema\/person\/61f37d9834294b72d31d274e7ed79bca\",\"name\":\"Tar\u0131k\",\"image\":{\"@type\":\"ImageObject\",\"inLanguage\":\"tr\",\"@id\":\"https:\/\/narteks.net\/#\/schema\/person\/image\/\",\"url\":\"https:\/\/secure.gravatar.com\/avatar\/50865afb55632c4ae467e0af0930f6510aa2297d8014be502a55b14f3b7550cf?s=96&d=mm&r=g\",\"contentUrl\":\"https:\/\/secure.gravatar.com\/avatar\/50865afb55632c4ae467e0af0930f6510aa2297d8014be502a55b14f3b7550cf?s=96&d=mm&r=g\",\"caption\":\"Tar\u0131k\"},\"sameAs\":[\"http:\/\/narteks.net\"],\"url\":\"https:\/\/narteks.net\/index.php\/author\/narbak\/\"}]}<\/script>\n<!-- \/ Yoast SEO Premium plugin. -->","yoast_head_json":{"title":"Ere\u011fli'den \u00c7\u0131kt\u0131m S\u00f6k\u00fcn Eyledim - narteks.net","robots":{"index":"index","follow":"follow","max-snippet":"max-snippet:-1","max-image-preview":"max-image-preview:large","max-video-preview":"max-video-preview:-1"},"canonical":"https:\/\/narteks.net\/index.php\/2009\/03\/13\/eregli-den-ciktim-sokun-eyledim\/","og_locale":"tr_TR","og_type":"article","og_title":"Ere\u011fli'den \u00c7\u0131kt\u0131m S\u00f6k\u00fcn Eyledim","og_description":"Ere\u011fli&#8217;den \u00c7\u0131kt\u0131m S\u00f6k\u00fcn Eyledim Ali Ercan, Kara Ka\u015f G\u00f6zlerin Elmas ve Ni\u011fde T\u00fcrk\u00fcleri adl\u0131 kitab\u0131nda &#8220;Sabi Baba&#8221; isminde bir ki\u015fiden dinledi\u011fi bu t\u00fcrk\u00fcn\u00fcn hikayesini aynen \u015f\u00f6yle anlatmaktad\u0131r: &#8220;Orta k\u00f6yde Tahir efendi ad\u0131nda bir halk \u015fairi varm\u0131\u015f. Bu z\u00e2t saz\u0131n\u0131 kendi zevki i\u00e7in \u00e7alarm\u0131\u015f. Alt\u0131nda at\u0131, terkesinde saz\u0131, \u015fehir \u015fehir, kasaba kasaba dola\u015f\u0131rm\u0131\u015f. G\u00fcnlerden bir yaz [&hellip;]","og_url":"https:\/\/narteks.net\/index.php\/2009\/03\/13\/eregli-den-ciktim-sokun-eyledim\/","og_site_name":"narteks.net","article_published_time":"2009-03-13T11:00:47+00:00","og_image":[{"width":300,"height":90,"url":"https:\/\/narteks.net\/wp-content\/uploads\/narteks.png","type":"image\/png"}],"author":"Tar\u0131k","twitter_card":"summary_large_image","twitter_creator":"@narteks","twitter_site":"@narteks","twitter_misc":{"Yazan:":"Tar\u0131k","Tahmini okuma s\u00fcresi":"2 dakika"},"schema":{"@context":"https:\/\/schema.org","@graph":[{"@type":"Article","@id":"https:\/\/narteks.net\/index.php\/2009\/03\/13\/eregli-den-ciktim-sokun-eyledim\/#article","isPartOf":{"@id":"https:\/\/narteks.net\/index.php\/2009\/03\/13\/eregli-den-ciktim-sokun-eyledim\/"},"author":{"name":"Tar\u0131k","@id":"https:\/\/narteks.net\/#\/schema\/person\/61f37d9834294b72d31d274e7ed79bca"},"headline":"Ere\u011fli&#8217;den \u00c7\u0131kt\u0131m S\u00f6k\u00fcn Eyledim","datePublished":"2009-03-13T11:00:47+00:00","mainEntityOfPage":{"@id":"https:\/\/narteks.net\/index.php\/2009\/03\/13\/eregli-den-ciktim-sokun-eyledim\/"},"wordCount":380,"commentCount":0,"publisher":{"@id":"https:\/\/narteks.net\/#organization"},"articleSection":["\u00d6yk\u00fcleriyle T\u00fcrk\u00fcler"],"inLanguage":"tr","potentialAction":[{"@type":"CommentAction","name":"Comment","target":["https:\/\/narteks.net\/index.php\/2009\/03\/13\/eregli-den-ciktim-sokun-eyledim\/#respond"]}]},{"@type":"WebPage","@id":"https:\/\/narteks.net\/index.php\/2009\/03\/13\/eregli-den-ciktim-sokun-eyledim\/","url":"https:\/\/narteks.net\/index.php\/2009\/03\/13\/eregli-den-ciktim-sokun-eyledim\/","name":"Ere\u011fli'den \u00c7\u0131kt\u0131m S\u00f6k\u00fcn Eyledim - narteks.net","isPartOf":{"@id":"https:\/\/narteks.net\/#website"},"datePublished":"2009-03-13T11:00:47+00:00","breadcrumb":{"@id":"https:\/\/narteks.net\/index.php\/2009\/03\/13\/eregli-den-ciktim-sokun-eyledim\/#breadcrumb"},"inLanguage":"tr","potentialAction":[{"@type":"ReadAction","target":["https:\/\/narteks.net\/index.php\/2009\/03\/13\/eregli-den-ciktim-sokun-eyledim\/"]}]},{"@type":"BreadcrumbList","@id":"https:\/\/narteks.net\/index.php\/2009\/03\/13\/eregli-den-ciktim-sokun-eyledim\/#breadcrumb","itemListElement":[{"@type":"ListItem","position":1,"name":"Anasayfa","item":"https:\/\/narteks.net\/"},{"@type":"ListItem","position":2,"name":"Ere\u011fli&#8217;den \u00c7\u0131kt\u0131m S\u00f6k\u00fcn Eyledim"}]},{"@type":"WebSite","@id":"https:\/\/narteks.net\/#website","url":"https:\/\/narteks.net\/","name":"narteks.net","description":"K\u00fclt\u00fcr Sanat Edebiyat Felsefe","publisher":{"@id":"https:\/\/narteks.net\/#organization"},"alternateName":"K\u00fclt\u00fcr Sanat Edebiyat Felsefe","potentialAction":[{"@type":"SearchAction","target":{"@type":"EntryPoint","urlTemplate":"https:\/\/narteks.net\/?s={search_term_string}"},"query-input":{"@type":"PropertyValueSpecification","valueRequired":true,"valueName":"search_term_string"}}],"inLanguage":"tr"},{"@type":"Organization","@id":"https:\/\/narteks.net\/#organization","name":"narteks.net","url":"https:\/\/narteks.net\/","logo":{"@type":"ImageObject","inLanguage":"tr","@id":"https:\/\/narteks.net\/#\/schema\/logo\/image\/","url":"https:\/\/narteks.net\/wp-content\/uploads\/narteks.png","contentUrl":"https:\/\/narteks.net\/wp-content\/uploads\/narteks.png","width":300,"height":90,"caption":"narteks.net"},"image":{"@id":"https:\/\/narteks.net\/#\/schema\/logo\/image\/"},"sameAs":["https:\/\/x.com\/narteks","https:\/\/instagram.com\/narteksnet"]},{"@type":"Person","@id":"https:\/\/narteks.net\/#\/schema\/person\/61f37d9834294b72d31d274e7ed79bca","name":"Tar\u0131k","image":{"@type":"ImageObject","inLanguage":"tr","@id":"https:\/\/narteks.net\/#\/schema\/person\/image\/","url":"https:\/\/secure.gravatar.com\/avatar\/50865afb55632c4ae467e0af0930f6510aa2297d8014be502a55b14f3b7550cf?s=96&d=mm&r=g","contentUrl":"https:\/\/secure.gravatar.com\/avatar\/50865afb55632c4ae467e0af0930f6510aa2297d8014be502a55b14f3b7550cf?s=96&d=mm&r=g","caption":"Tar\u0131k"},"sameAs":["http:\/\/narteks.net"],"url":"https:\/\/narteks.net\/index.php\/author\/narbak\/"}]}},"_links":{"self":[{"href":"https:\/\/narteks.net\/index.php\/wp-json\/wp\/v2\/posts\/420","targetHints":{"allow":["GET"]}}],"collection":[{"href":"https:\/\/narteks.net\/index.php\/wp-json\/wp\/v2\/posts"}],"about":[{"href":"https:\/\/narteks.net\/index.php\/wp-json\/wp\/v2\/types\/post"}],"author":[{"embeddable":true,"href":"https:\/\/narteks.net\/index.php\/wp-json\/wp\/v2\/users\/1"}],"replies":[{"embeddable":true,"href":"https:\/\/narteks.net\/index.php\/wp-json\/wp\/v2\/comments?post=420"}],"version-history":[{"count":0,"href":"https:\/\/narteks.net\/index.php\/wp-json\/wp\/v2\/posts\/420\/revisions"}],"wp:attachment":[{"href":"https:\/\/narteks.net\/index.php\/wp-json\/wp\/v2\/media?parent=420"}],"wp:term":[{"taxonomy":"category","embeddable":true,"href":"https:\/\/narteks.net\/index.php\/wp-json\/wp\/v2\/categories?post=420"},{"taxonomy":"post_tag","embeddable":true,"href":"https:\/\/narteks.net\/index.php\/wp-json\/wp\/v2\/tags?post=420"}],"curies":[{"name":"wp","href":"https:\/\/api.w.org\/{rel}","templated":true}]}}