{"id":4200,"date":"2010-02-11T13:53:35","date_gmt":"2010-02-11T10:53:35","guid":{"rendered":"http:\/\/localhost\/wordpress\/2010\/02\/11\/diyeceksiniz-ki-korku-bir-bilim-degildir-korku-cagi-albert-camus\/"},"modified":"2010-02-11T13:53:35","modified_gmt":"2010-02-11T10:53:35","slug":"diyeceksiniz-ki-korku-bir-bilim-degildir-korku-cagi-albert-camus","status":"publish","type":"post","link":"https:\/\/narteks.net\/index.php\/2010\/02\/11\/diyeceksiniz-ki-korku-bir-bilim-degildir-korku-cagi-albert-camus\/","title":{"rendered":"Diyeceksiniz ki korku bir bilim de\u011fildir | Korku \u00c7a\u011f\u0131 &#8211; Albert Camus"},"content":{"rendered":"<p style=\"text-align: justify;\"><img loading=\"lazy\" decoding=\"async\" style=\"float: left;\" src=\"http:\/\/t0.gstatic.com\/images?q=tbn:7Jvwhz7XS3RovM:http:\/\/www.britannica.com\/blogs\/wp-content\/uploads\/2010\/01\/21107-004-8bbc18d8.jpg\" width=\"155\" height=\"205\" border=\"0\" \/>XVII. y\u00fczy\u0131l, matematik \u00e7a\u011f\u0131, XVIII. y\u00fczy\u0131l fizik \u00e7a\u011f\u0131, XX. y\u00fczy\u0131l\u0131m\u0131z korku \u00e7a\u011f\u0131d\u0131r. Diyeceksiniz ki korku bir bilim de\u011fildir. Ama, bu korkuda bilimin pay\u0131 var. \u00c7\u00fcnk\u00fc kuramsal alandaki son geli\u015fmeleri onu kendi kendini yads\u0131maya g\u00f6t\u00fcrd\u00fc; pratik alandaki geli\u015fmeleri ise, b\u00fct\u00fcn d\u00fcnyay\u0131 yok edebilecek duruma geldi. \u00dcstelik, korku bir bilim say\u0131lmasa bile, onun bir teknik oldu\u011fu su g\u00f6t\u00fcrmez.<\/p>\n<p style=\"text-align: justify;\">Ya\u015fad\u0131\u011f\u0131m\u0131z d\u00fcnyada en g\u00f6ze \u00e7arpan \u015fey, \u00e7o\u011fu insanlar\u0131n, her \u00e7e\u015fit inan\u00e7 sahipleri d\u0131\u015f\u0131nda, gelecekten yoksun olmalar\u0131d\u0131r. Gelece\u011fe el atmayan, geli\u015fme, iyile\u015fme umudu olmayan bir ya\u015fam\u0131n ne de\u011feri olabilir? A\u015f\u0131lmaz bir duvar\u0131n \u00f6n\u00fcnde ya\u015famak k\u00f6pek\u00e7e ya\u015famakt\u0131r. Do\u011frusunu isterseniz, benim ku\u015fa\u011f\u0131mdakiler ve bug\u00fcn at\u00f6lyelere ve fak\u00fcltelere girenler k\u00f6pek\u00e7e ya\u015fam\u0131\u015f ve ya\u015famaktad\u0131rlar.<\/p>\n<p>\u0130nsanlar\u0131n gelece\u011fe kapal\u0131 ya\u015famalar\u0131 ilk kez bug\u00fcn olmuyor elbet. Ama, insanlar eskiden konu\u015farak ba\u011fr\u0131\u015farak bu duvar\u0131 a\u015farlard\u0131. Kendilerine umut veren ba\u015fka de\u011ferleri yard\u0131ma \u00e7a\u011f\u0131r\u0131rlard\u0131. Bug\u00fcn kimse konu\u015fmuyor (eski s\u00f6ylediklerini yineleyenlerden ba\u015fka), \u00e7\u00fcnk\u00fc, d\u00fcnyay\u0131 s\u00fcr\u00fckleyen k\u00f6r ve sa\u011f\u0131r g\u00fc\u00e7ler, \u00f6\u011f\u00fctleri, haber vermeleri, yalvar\u0131p yakarmalar\u0131 dinleyece\u011fe benzemiyor. \u015eu son y\u0131llarda g\u00f6rd\u00fcklerimiz bizde bir \u015feyi k\u0131rd\u0131. Bu \u015fey, insan\u0131n g\u00fcvenidir; o g\u00fcven ki, insanl\u0131\u011f\u0131n dilini konu\u015ftuk mu bir ba\u015fkas\u0131ndan insanca kar\u015f\u0131l\u0131k g\u00f6rece\u011fimize inand\u0131r\u0131rd\u0131 bizi. G\u00f6zlerimizin \u00f6n\u00fcnde yalan s\u00f6ylediler, insan\u0131 k\u00fc\u00e7\u00fcltt\u00fcler, \u00f6ld\u00fcrd\u00fcler, s\u00fcrd\u00fcler, i\u015fkencelere soktular. Ve hi\u00e7 bir kez, bunu yapanlar, yapt\u0131klar\u0131n\u0131n k\u00f6t\u00fc oldu\u011funa inand\u0131r\u0131lamad\u0131. \u00c7\u00fcnk\u00fc, kendilerine g\u00fcveniyorlard\u0131. \u00c7\u00fcnk\u00fc, soyut bir kafa, yani bir ideolojinin adam\u0131 ba\u015fka bir \u015feye inand\u0131r\u0131lamaz.<\/p>\n<p style=\"text-align: justify;\">\u0130nsanlar aras\u0131nda s\u00fcr\u00fcp gelen uzun diyalog bitti. \u0130nand\u0131r\u0131lamayan bir adamdan elbette korkulur&#8230;<\/p>\n<p>&#8230; Bu korku ile hesapla\u015fmak i\u00e7in onun ne demek istedi\u011fini, neden ka\u00e7t\u0131\u011f\u0131n\u0131 bilmek gerekir. Onun demek istedi\u011fi de, ka\u00e7t\u0131\u011f\u0131 da ayn\u0131 \u015feydir : \u00d6ld\u00fcrmenin hakl\u0131 g\u00f6r\u00fcld\u00fc\u011f\u00fc, insan ya\u015fam\u0131n\u0131n hi\u00e7e say\u0131ld\u0131\u011f\u0131 bir d\u00fcnya. \u00ee\u015fte, g\u00fcn\u00fcm\u00fcz\u00fcn ba\u015fl\u0131ca siyasal sorunu budur, \u00f6teki sorunlara ge\u00e7mezden \u00f6nce, bunun kar\u015f\u0131s\u0131nda tutumumuzu a\u00e7\u0131klamal\u0131y\u0131z. Hi\u00e7bir \u015feyi kurmaya ba\u015flamadan \u00f6nce, \u015fu ilci soru<br \/>\u00fczerinde durmal\u0131y\u0131z : Do\u011frudan do\u011fruya ya da dolay\u0131s\u0131yla \u00f6ld\u00fcr\u00fclmek ya da i\u015fkence g\u00f6rmek ister miriniz, istemez misiniz? Do\u011frudan do\u011fruya ya da dolay\u0131s\u0131yla ba\u015fkas\u0131n\u0131 \u00f6ld\u00fcrmek ya da i\u015fkenceye sokmak ister misiniz, istemez misiniz? Bu sorulara hay\u0131r diyenlerin hepsi, ister istemez, davran\u0131\u015flar\u0131n\u0131 de\u011fi\u015ftirecek bir s\u00fcr\u00fc sonu\u00e7lara s\u00fcr\u00fckleneceklerdir. Ben, bu sonu\u00e7lardan birka\u00e7\u0131 \u00fczerinde durmak istiyorum. Bu arada iyi niyetli okuyucum, kendi kendine ayn\u0131 \u015feyi sorsun ve kar\u015f\u0131l\u0131\u011f\u0131m versin.<\/p>\n","protected":false},"excerpt":{"rendered":"<p>XVII. y\u00fczy\u0131l, matematik \u00e7a\u011f\u0131, XVIII. y\u00fczy\u0131l fizik \u00e7a\u011f\u0131, XX. y\u00fczy\u0131l\u0131m\u0131z korku \u00e7a\u011f\u0131d\u0131r. Diyeceksiniz ki korku bir bilim de\u011fildir. Ama, bu korkuda bilimin pay\u0131 var. \u00c7\u00fcnk\u00fc kuramsal alandaki son geli\u015fmeleri onu kendi kendini yads\u0131maya g\u00f6t\u00fcrd\u00fc; pratik alandaki geli\u015fmeleri ise, b\u00fct\u00fcn d\u00fcnyay\u0131 yok edebilecek duruma geldi. \u00dcstelik, korku bir bilim say\u0131lmasa bile, onun bir teknik oldu\u011fu su [&hellip;]<\/p>\n","protected":false},"author":1,"featured_media":0,"comment_status":"open","ping_status":"open","sticky":false,"template":"","format":"standard","meta":{"footnotes":""},"categories":[138],"tags":[],"class_list":{"0":"post-4200","1":"post","2":"type-post","3":"status-publish","4":"format-standard","6":"category-edebiyat-dunya"},"yoast_head":"<!-- This site is optimized with the Yoast SEO Premium plugin v24.9 (Yoast SEO v24.9) - https:\/\/yoast.com\/wordpress\/plugins\/seo\/ -->\n<title>Diyeceksiniz ki korku bir bilim de\u011fildir | Korku \u00c7a\u011f\u0131 - Albert Camus - narteks.net<\/title>\n<meta name=\"robots\" content=\"index, follow, max-snippet:-1, max-image-preview:large, max-video-preview:-1\" \/>\n<link rel=\"canonical\" href=\"https:\/\/narteks.net\/index.php\/2010\/02\/11\/diyeceksiniz-ki-korku-bir-bilim-degildir-korku-cagi-albert-camus\/\" \/>\n<meta property=\"og:locale\" content=\"tr_TR\" \/>\n<meta property=\"og:type\" content=\"article\" \/>\n<meta property=\"og:title\" content=\"Diyeceksiniz ki korku bir bilim de\u011fildir | Korku \u00c7a\u011f\u0131 - Albert Camus\" \/>\n<meta property=\"og:description\" content=\"XVII. y\u00fczy\u0131l, matematik \u00e7a\u011f\u0131, XVIII. y\u00fczy\u0131l fizik \u00e7a\u011f\u0131, XX. y\u00fczy\u0131l\u0131m\u0131z korku \u00e7a\u011f\u0131d\u0131r. Diyeceksiniz ki korku bir bilim de\u011fildir. Ama, bu korkuda bilimin pay\u0131 var. \u00c7\u00fcnk\u00fc kuramsal alandaki son geli\u015fmeleri onu kendi kendini yads\u0131maya g\u00f6t\u00fcrd\u00fc; pratik alandaki geli\u015fmeleri ise, b\u00fct\u00fcn d\u00fcnyay\u0131 yok edebilecek duruma geldi. \u00dcstelik, korku bir bilim say\u0131lmasa bile, onun bir teknik oldu\u011fu su [&hellip;]\" \/>\n<meta property=\"og:url\" content=\"https:\/\/narteks.net\/index.php\/2010\/02\/11\/diyeceksiniz-ki-korku-bir-bilim-degildir-korku-cagi-albert-camus\/\" \/>\n<meta property=\"og:site_name\" content=\"narteks.net\" \/>\n<meta property=\"article:published_time\" content=\"2010-02-11T10:53:35+00:00\" \/>\n<meta property=\"og:image\" content=\"http:\/\/t0.gstatic.com\/images?q=tbn:7Jvwhz7XS3RovM:http:\/\/www.britannica.com\/blogs\/wp-content\/uploads\/2010\/01\/21107-004-8bbc18d8.jpg\" \/>\n<meta name=\"author\" content=\"Tar\u0131k\" \/>\n<meta name=\"twitter:card\" content=\"summary_large_image\" \/>\n<meta name=\"twitter:creator\" content=\"@narteks\" \/>\n<meta name=\"twitter:site\" content=\"@narteks\" \/>\n<meta name=\"twitter:label1\" content=\"Yazan:\" \/>\n\t<meta name=\"twitter:data1\" content=\"Tar\u0131k\" \/>\n\t<meta name=\"twitter:label2\" content=\"Tahmini okuma s\u00fcresi\" \/>\n\t<meta name=\"twitter:data2\" content=\"3 dakika\" \/>\n<script type=\"application\/ld+json\" class=\"yoast-schema-graph\">{\"@context\":\"https:\/\/schema.org\",\"@graph\":[{\"@type\":\"Article\",\"@id\":\"https:\/\/narteks.net\/index.php\/2010\/02\/11\/diyeceksiniz-ki-korku-bir-bilim-degildir-korku-cagi-albert-camus\/#article\",\"isPartOf\":{\"@id\":\"https:\/\/narteks.net\/index.php\/2010\/02\/11\/diyeceksiniz-ki-korku-bir-bilim-degildir-korku-cagi-albert-camus\/\"},\"author\":{\"name\":\"Tar\u0131k\",\"@id\":\"https:\/\/narteks.net\/#\/schema\/person\/61f37d9834294b72d31d274e7ed79bca\"},\"headline\":\"Diyeceksiniz ki korku bir bilim de\u011fildir | Korku \u00c7a\u011f\u0131 &#8211; Albert Camus\",\"datePublished\":\"2010-02-11T10:53:35+00:00\",\"mainEntityOfPage\":{\"@id\":\"https:\/\/narteks.net\/index.php\/2010\/02\/11\/diyeceksiniz-ki-korku-bir-bilim-degildir-korku-cagi-albert-camus\/\"},\"wordCount\":538,\"commentCount\":0,\"publisher\":{\"@id\":\"https:\/\/narteks.net\/#organization\"},\"image\":{\"@id\":\"https:\/\/narteks.net\/index.php\/2010\/02\/11\/diyeceksiniz-ki-korku-bir-bilim-degildir-korku-cagi-albert-camus\/#primaryimage\"},\"thumbnailUrl\":\"http:\/\/t0.gstatic.com\/images?q=tbn:7Jvwhz7XS3RovM:http:\/\/www.britannica.com\/blogs\/wp-content\/uploads\/2010\/01\/21107-004-8bbc18d8.jpg\",\"articleSection\":[\"Edebiyat ( D\u00fcnya )\"],\"inLanguage\":\"tr\",\"potentialAction\":[{\"@type\":\"CommentAction\",\"name\":\"Comment\",\"target\":[\"https:\/\/narteks.net\/index.php\/2010\/02\/11\/diyeceksiniz-ki-korku-bir-bilim-degildir-korku-cagi-albert-camus\/#respond\"]}]},{\"@type\":\"WebPage\",\"@id\":\"https:\/\/narteks.net\/index.php\/2010\/02\/11\/diyeceksiniz-ki-korku-bir-bilim-degildir-korku-cagi-albert-camus\/\",\"url\":\"https:\/\/narteks.net\/index.php\/2010\/02\/11\/diyeceksiniz-ki-korku-bir-bilim-degildir-korku-cagi-albert-camus\/\",\"name\":\"Diyeceksiniz ki korku bir bilim de\u011fildir | Korku \u00c7a\u011f\u0131 - Albert Camus - narteks.net\",\"isPartOf\":{\"@id\":\"https:\/\/narteks.net\/#website\"},\"primaryImageOfPage\":{\"@id\":\"https:\/\/narteks.net\/index.php\/2010\/02\/11\/diyeceksiniz-ki-korku-bir-bilim-degildir-korku-cagi-albert-camus\/#primaryimage\"},\"image\":{\"@id\":\"https:\/\/narteks.net\/index.php\/2010\/02\/11\/diyeceksiniz-ki-korku-bir-bilim-degildir-korku-cagi-albert-camus\/#primaryimage\"},\"thumbnailUrl\":\"http:\/\/t0.gstatic.com\/images?q=tbn:7Jvwhz7XS3RovM:http:\/\/www.britannica.com\/blogs\/wp-content\/uploads\/2010\/01\/21107-004-8bbc18d8.jpg\",\"datePublished\":\"2010-02-11T10:53:35+00:00\",\"breadcrumb\":{\"@id\":\"https:\/\/narteks.net\/index.php\/2010\/02\/11\/diyeceksiniz-ki-korku-bir-bilim-degildir-korku-cagi-albert-camus\/#breadcrumb\"},\"inLanguage\":\"tr\",\"potentialAction\":[{\"@type\":\"ReadAction\",\"target\":[\"https:\/\/narteks.net\/index.php\/2010\/02\/11\/diyeceksiniz-ki-korku-bir-bilim-degildir-korku-cagi-albert-camus\/\"]}]},{\"@type\":\"ImageObject\",\"inLanguage\":\"tr\",\"@id\":\"https:\/\/narteks.net\/index.php\/2010\/02\/11\/diyeceksiniz-ki-korku-bir-bilim-degildir-korku-cagi-albert-camus\/#primaryimage\",\"url\":\"http:\/\/t0.gstatic.com\/images?q=tbn:7Jvwhz7XS3RovM:http:\/\/www.britannica.com\/blogs\/wp-content\/uploads\/2010\/01\/21107-004-8bbc18d8.jpg\",\"contentUrl\":\"http:\/\/t0.gstatic.com\/images?q=tbn:7Jvwhz7XS3RovM:http:\/\/www.britannica.com\/blogs\/wp-content\/uploads\/2010\/01\/21107-004-8bbc18d8.jpg\"},{\"@type\":\"BreadcrumbList\",\"@id\":\"https:\/\/narteks.net\/index.php\/2010\/02\/11\/diyeceksiniz-ki-korku-bir-bilim-degildir-korku-cagi-albert-camus\/#breadcrumb\",\"itemListElement\":[{\"@type\":\"ListItem\",\"position\":1,\"name\":\"Anasayfa\",\"item\":\"https:\/\/narteks.net\/\"},{\"@type\":\"ListItem\",\"position\":2,\"name\":\"Diyeceksiniz ki korku bir bilim de\u011fildir | Korku \u00c7a\u011f\u0131 &#8211; Albert Camus\"}]},{\"@type\":\"WebSite\",\"@id\":\"https:\/\/narteks.net\/#website\",\"url\":\"https:\/\/narteks.net\/\",\"name\":\"narteks.net\",\"description\":\"K\u00fclt\u00fcr Sanat Edebiyat Felsefe\",\"publisher\":{\"@id\":\"https:\/\/narteks.net\/#organization\"},\"alternateName\":\"K\u00fclt\u00fcr Sanat Edebiyat Felsefe\",\"potentialAction\":[{\"@type\":\"SearchAction\",\"target\":{\"@type\":\"EntryPoint\",\"urlTemplate\":\"https:\/\/narteks.net\/?s={search_term_string}\"},\"query-input\":{\"@type\":\"PropertyValueSpecification\",\"valueRequired\":true,\"valueName\":\"search_term_string\"}}],\"inLanguage\":\"tr\"},{\"@type\":\"Organization\",\"@id\":\"https:\/\/narteks.net\/#organization\",\"name\":\"narteks.net\",\"url\":\"https:\/\/narteks.net\/\",\"logo\":{\"@type\":\"ImageObject\",\"inLanguage\":\"tr\",\"@id\":\"https:\/\/narteks.net\/#\/schema\/logo\/image\/\",\"url\":\"https:\/\/narteks.net\/wp-content\/uploads\/narteks.png\",\"contentUrl\":\"https:\/\/narteks.net\/wp-content\/uploads\/narteks.png\",\"width\":300,\"height\":90,\"caption\":\"narteks.net\"},\"image\":{\"@id\":\"https:\/\/narteks.net\/#\/schema\/logo\/image\/\"},\"sameAs\":[\"https:\/\/x.com\/narteks\",\"https:\/\/instagram.com\/narteksnet\"]},{\"@type\":\"Person\",\"@id\":\"https:\/\/narteks.net\/#\/schema\/person\/61f37d9834294b72d31d274e7ed79bca\",\"name\":\"Tar\u0131k\",\"image\":{\"@type\":\"ImageObject\",\"inLanguage\":\"tr\",\"@id\":\"https:\/\/narteks.net\/#\/schema\/person\/image\/\",\"url\":\"https:\/\/secure.gravatar.com\/avatar\/50865afb55632c4ae467e0af0930f6510aa2297d8014be502a55b14f3b7550cf?s=96&d=mm&r=g\",\"contentUrl\":\"https:\/\/secure.gravatar.com\/avatar\/50865afb55632c4ae467e0af0930f6510aa2297d8014be502a55b14f3b7550cf?s=96&d=mm&r=g\",\"caption\":\"Tar\u0131k\"},\"sameAs\":[\"http:\/\/narteks.net\"],\"url\":\"https:\/\/narteks.net\/index.php\/author\/narbak\/\"}]}<\/script>\n<!-- \/ Yoast SEO Premium plugin. -->","yoast_head_json":{"title":"Diyeceksiniz ki korku bir bilim de\u011fildir | Korku \u00c7a\u011f\u0131 - Albert Camus - narteks.net","robots":{"index":"index","follow":"follow","max-snippet":"max-snippet:-1","max-image-preview":"max-image-preview:large","max-video-preview":"max-video-preview:-1"},"canonical":"https:\/\/narteks.net\/index.php\/2010\/02\/11\/diyeceksiniz-ki-korku-bir-bilim-degildir-korku-cagi-albert-camus\/","og_locale":"tr_TR","og_type":"article","og_title":"Diyeceksiniz ki korku bir bilim de\u011fildir | Korku \u00c7a\u011f\u0131 - Albert Camus","og_description":"XVII. y\u00fczy\u0131l, matematik \u00e7a\u011f\u0131, XVIII. y\u00fczy\u0131l fizik \u00e7a\u011f\u0131, XX. y\u00fczy\u0131l\u0131m\u0131z korku \u00e7a\u011f\u0131d\u0131r. Diyeceksiniz ki korku bir bilim de\u011fildir. Ama, bu korkuda bilimin pay\u0131 var. \u00c7\u00fcnk\u00fc kuramsal alandaki son geli\u015fmeleri onu kendi kendini yads\u0131maya g\u00f6t\u00fcrd\u00fc; pratik alandaki geli\u015fmeleri ise, b\u00fct\u00fcn d\u00fcnyay\u0131 yok edebilecek duruma geldi. \u00dcstelik, korku bir bilim say\u0131lmasa bile, onun bir teknik oldu\u011fu su [&hellip;]","og_url":"https:\/\/narteks.net\/index.php\/2010\/02\/11\/diyeceksiniz-ki-korku-bir-bilim-degildir-korku-cagi-albert-camus\/","og_site_name":"narteks.net","article_published_time":"2010-02-11T10:53:35+00:00","og_image":[{"url":"http:\/\/t0.gstatic.com\/images?q=tbn:7Jvwhz7XS3RovM:http:\/\/www.britannica.com\/blogs\/wp-content\/uploads\/2010\/01\/21107-004-8bbc18d8.jpg","type":"","width":"","height":""}],"author":"Tar\u0131k","twitter_card":"summary_large_image","twitter_creator":"@narteks","twitter_site":"@narteks","twitter_misc":{"Yazan:":"Tar\u0131k","Tahmini okuma s\u00fcresi":"3 dakika"},"schema":{"@context":"https:\/\/schema.org","@graph":[{"@type":"Article","@id":"https:\/\/narteks.net\/index.php\/2010\/02\/11\/diyeceksiniz-ki-korku-bir-bilim-degildir-korku-cagi-albert-camus\/#article","isPartOf":{"@id":"https:\/\/narteks.net\/index.php\/2010\/02\/11\/diyeceksiniz-ki-korku-bir-bilim-degildir-korku-cagi-albert-camus\/"},"author":{"name":"Tar\u0131k","@id":"https:\/\/narteks.net\/#\/schema\/person\/61f37d9834294b72d31d274e7ed79bca"},"headline":"Diyeceksiniz ki korku bir bilim de\u011fildir | Korku \u00c7a\u011f\u0131 &#8211; Albert Camus","datePublished":"2010-02-11T10:53:35+00:00","mainEntityOfPage":{"@id":"https:\/\/narteks.net\/index.php\/2010\/02\/11\/diyeceksiniz-ki-korku-bir-bilim-degildir-korku-cagi-albert-camus\/"},"wordCount":538,"commentCount":0,"publisher":{"@id":"https:\/\/narteks.net\/#organization"},"image":{"@id":"https:\/\/narteks.net\/index.php\/2010\/02\/11\/diyeceksiniz-ki-korku-bir-bilim-degildir-korku-cagi-albert-camus\/#primaryimage"},"thumbnailUrl":"http:\/\/t0.gstatic.com\/images?q=tbn:7Jvwhz7XS3RovM:http:\/\/www.britannica.com\/blogs\/wp-content\/uploads\/2010\/01\/21107-004-8bbc18d8.jpg","articleSection":["Edebiyat ( D\u00fcnya )"],"inLanguage":"tr","potentialAction":[{"@type":"CommentAction","name":"Comment","target":["https:\/\/narteks.net\/index.php\/2010\/02\/11\/diyeceksiniz-ki-korku-bir-bilim-degildir-korku-cagi-albert-camus\/#respond"]}]},{"@type":"WebPage","@id":"https:\/\/narteks.net\/index.php\/2010\/02\/11\/diyeceksiniz-ki-korku-bir-bilim-degildir-korku-cagi-albert-camus\/","url":"https:\/\/narteks.net\/index.php\/2010\/02\/11\/diyeceksiniz-ki-korku-bir-bilim-degildir-korku-cagi-albert-camus\/","name":"Diyeceksiniz ki korku bir bilim de\u011fildir | Korku \u00c7a\u011f\u0131 - Albert Camus - narteks.net","isPartOf":{"@id":"https:\/\/narteks.net\/#website"},"primaryImageOfPage":{"@id":"https:\/\/narteks.net\/index.php\/2010\/02\/11\/diyeceksiniz-ki-korku-bir-bilim-degildir-korku-cagi-albert-camus\/#primaryimage"},"image":{"@id":"https:\/\/narteks.net\/index.php\/2010\/02\/11\/diyeceksiniz-ki-korku-bir-bilim-degildir-korku-cagi-albert-camus\/#primaryimage"},"thumbnailUrl":"http:\/\/t0.gstatic.com\/images?q=tbn:7Jvwhz7XS3RovM:http:\/\/www.britannica.com\/blogs\/wp-content\/uploads\/2010\/01\/21107-004-8bbc18d8.jpg","datePublished":"2010-02-11T10:53:35+00:00","breadcrumb":{"@id":"https:\/\/narteks.net\/index.php\/2010\/02\/11\/diyeceksiniz-ki-korku-bir-bilim-degildir-korku-cagi-albert-camus\/#breadcrumb"},"inLanguage":"tr","potentialAction":[{"@type":"ReadAction","target":["https:\/\/narteks.net\/index.php\/2010\/02\/11\/diyeceksiniz-ki-korku-bir-bilim-degildir-korku-cagi-albert-camus\/"]}]},{"@type":"ImageObject","inLanguage":"tr","@id":"https:\/\/narteks.net\/index.php\/2010\/02\/11\/diyeceksiniz-ki-korku-bir-bilim-degildir-korku-cagi-albert-camus\/#primaryimage","url":"http:\/\/t0.gstatic.com\/images?q=tbn:7Jvwhz7XS3RovM:http:\/\/www.britannica.com\/blogs\/wp-content\/uploads\/2010\/01\/21107-004-8bbc18d8.jpg","contentUrl":"http:\/\/t0.gstatic.com\/images?q=tbn:7Jvwhz7XS3RovM:http:\/\/www.britannica.com\/blogs\/wp-content\/uploads\/2010\/01\/21107-004-8bbc18d8.jpg"},{"@type":"BreadcrumbList","@id":"https:\/\/narteks.net\/index.php\/2010\/02\/11\/diyeceksiniz-ki-korku-bir-bilim-degildir-korku-cagi-albert-camus\/#breadcrumb","itemListElement":[{"@type":"ListItem","position":1,"name":"Anasayfa","item":"https:\/\/narteks.net\/"},{"@type":"ListItem","position":2,"name":"Diyeceksiniz ki korku bir bilim de\u011fildir | Korku \u00c7a\u011f\u0131 &#8211; Albert Camus"}]},{"@type":"WebSite","@id":"https:\/\/narteks.net\/#website","url":"https:\/\/narteks.net\/","name":"narteks.net","description":"K\u00fclt\u00fcr Sanat Edebiyat Felsefe","publisher":{"@id":"https:\/\/narteks.net\/#organization"},"alternateName":"K\u00fclt\u00fcr Sanat Edebiyat Felsefe","potentialAction":[{"@type":"SearchAction","target":{"@type":"EntryPoint","urlTemplate":"https:\/\/narteks.net\/?s={search_term_string}"},"query-input":{"@type":"PropertyValueSpecification","valueRequired":true,"valueName":"search_term_string"}}],"inLanguage":"tr"},{"@type":"Organization","@id":"https:\/\/narteks.net\/#organization","name":"narteks.net","url":"https:\/\/narteks.net\/","logo":{"@type":"ImageObject","inLanguage":"tr","@id":"https:\/\/narteks.net\/#\/schema\/logo\/image\/","url":"https:\/\/narteks.net\/wp-content\/uploads\/narteks.png","contentUrl":"https:\/\/narteks.net\/wp-content\/uploads\/narteks.png","width":300,"height":90,"caption":"narteks.net"},"image":{"@id":"https:\/\/narteks.net\/#\/schema\/logo\/image\/"},"sameAs":["https:\/\/x.com\/narteks","https:\/\/instagram.com\/narteksnet"]},{"@type":"Person","@id":"https:\/\/narteks.net\/#\/schema\/person\/61f37d9834294b72d31d274e7ed79bca","name":"Tar\u0131k","image":{"@type":"ImageObject","inLanguage":"tr","@id":"https:\/\/narteks.net\/#\/schema\/person\/image\/","url":"https:\/\/secure.gravatar.com\/avatar\/50865afb55632c4ae467e0af0930f6510aa2297d8014be502a55b14f3b7550cf?s=96&d=mm&r=g","contentUrl":"https:\/\/secure.gravatar.com\/avatar\/50865afb55632c4ae467e0af0930f6510aa2297d8014be502a55b14f3b7550cf?s=96&d=mm&r=g","caption":"Tar\u0131k"},"sameAs":["http:\/\/narteks.net"],"url":"https:\/\/narteks.net\/index.php\/author\/narbak\/"}]}},"_links":{"self":[{"href":"https:\/\/narteks.net\/index.php\/wp-json\/wp\/v2\/posts\/4200","targetHints":{"allow":["GET"]}}],"collection":[{"href":"https:\/\/narteks.net\/index.php\/wp-json\/wp\/v2\/posts"}],"about":[{"href":"https:\/\/narteks.net\/index.php\/wp-json\/wp\/v2\/types\/post"}],"author":[{"embeddable":true,"href":"https:\/\/narteks.net\/index.php\/wp-json\/wp\/v2\/users\/1"}],"replies":[{"embeddable":true,"href":"https:\/\/narteks.net\/index.php\/wp-json\/wp\/v2\/comments?post=4200"}],"version-history":[{"count":0,"href":"https:\/\/narteks.net\/index.php\/wp-json\/wp\/v2\/posts\/4200\/revisions"}],"wp:attachment":[{"href":"https:\/\/narteks.net\/index.php\/wp-json\/wp\/v2\/media?parent=4200"}],"wp:term":[{"taxonomy":"category","embeddable":true,"href":"https:\/\/narteks.net\/index.php\/wp-json\/wp\/v2\/categories?post=4200"},{"taxonomy":"post_tag","embeddable":true,"href":"https:\/\/narteks.net\/index.php\/wp-json\/wp\/v2\/tags?post=4200"}],"curies":[{"name":"wp","href":"https:\/\/api.w.org\/{rel}","templated":true}]}}