{"id":4204,"date":"2010-02-12T11:01:25","date_gmt":"2010-02-12T08:01:25","guid":{"rendered":"http:\/\/localhost\/wordpress\/2010\/02\/12\/turkiye-solunda-cok-dinlenen-ve-cok-tartisilan-bir-ozan-ali-asker-ve-ezgileri\/"},"modified":"2010-02-12T11:01:25","modified_gmt":"2010-02-12T08:01:25","slug":"turkiye-solunda-cok-dinlenen-ve-cok-tartisilan-bir-ozan-ali-asker-ve-ezgileri","status":"publish","type":"post","link":"https:\/\/narteks.net\/index.php\/2010\/02\/12\/turkiye-solunda-cok-dinlenen-ve-cok-tartisilan-bir-ozan-ali-asker-ve-ezgileri\/","title":{"rendered":"T\u00fcrkiye solunda \u00e7ok dinlenen ve \u00e7ok tart\u0131\u015f\u0131lan bir ozan | Ali Asker ve Ezgileri"},"content":{"rendered":"<p style=\"text-align: justify;\"><img loading=\"lazy\" decoding=\"async\" src=\"images\/stories\/ali-asker.jpg\" border=\"0\" width=\"155\" height=\"205\" style=\"float: left;\" \/>&#8221; T\u00fcrk\u00fcler kal\u0131r. \u0130\u015fkencede \u00e7\u0131\u011fl\u0131klar\u0131n\u0131z da i\u015fkence yapanlar\u0131n kulaklar\u0131nda hep kal\u0131r. Acaba \u00e7ocuklar\u0131n\u0131n, e\u015flerinin yan\u0131nda nas\u0131l yat\u0131yorlar, merak ediyorum.&#8221;<br \/>Ali Asker&#8230; Ozan&#8230; Ba\u015fkald\u0131ran, g\u00fcven veren, zulme direnen, memleket hasretini anlatan \u00f6zlem dolu dizelerin yarat\u0131c\u0131s\u0131&#8230; Ankara Devrimci Yol davas\u0131ndan yarg\u0131land\u0131. Karde\u015fi Zeynel Abidin Ceylan Ankara emniyetinde g\u00f6rd\u00fc\u011f\u00fc i\u015fkenceler sonucunda \u00f6ld\u00fcr\u00fcld\u00fc. \u0130kibu\u00e7uk sene Mamak Cezaevinde kald\u0131. Tahliye sonras\u0131 askere gitti. Askerli\u011fini yaparken firar edip yurtd\u0131\u015f\u0131na \u00e7\u0131kt\u0131. 1984\u2018te gitti\u011fi \u00fclkeye bir daha geli\u015fi 20 y\u0131l sonra oldu.<\/p>\n<p style=\"text-align: justify;\">T\u00fcrkiye solunda \u00e7ok dinlenen ve \u00e7ok tart\u0131\u015f\u0131lan bir ozan oldu hep&#8230; 1970\u2018li y\u0131llarda Devrimci Yol hareketinin d\u00fczenledi\u011fi miting ve etkinliklerde ad\u0131 duyuldu, solcu olanlar\u0131n gen\u00e7li\u011fi, onu dinleyerek ge\u00e7ti.. Toplam 12 alb\u00fcm yapt\u0131. Oy Da\u011flar, Hayat Ye\u015filde, Karadeniz, Dilim Yasak, Eylem G\u00fczeli, \u015eu Metris\u2018in \u00d6n\u00fc gibi \u00e7ok bilindik t\u00fcrk\u00fclerin sahibi olan Asker\u2018in Halk\u0131m Medet Umar Devrimci Yol\u2018dan, Binba\u015f\u0131 Ernesto \u00d6lmedi Daha, \u0130ndim Maden Ocaklar\u0131na isimli par\u00e7alar\u0131 70\u2018li y\u0131llarda dilden dile, mitingden mitinge doland\u0131.<\/p>\n<p><em>Y\u0131llar\u0131n usta m\u00fczisyeni ve halk ozan\u0131s\u0131n\u0131z. Sanat\u00e7\u0131 kimli\u011finiz ve politik duru\u015funuzla halk\u0131n y\u00fcre\u011finde yer eden sizi, Ali Asker yapan neydi? \u00c7ocuklu\u011fundan bu yana Ali Asker neleri biriktirdi?<\/em><br \/>54 do\u011fumluyum. Tunceli\u2018nin Hozat kazas\u0131nda do\u011fmu\u015fum. \u0130lkokul ikinci s\u0131n\u0131fa kadar Hozat\u2018tayd\u0131m, sonra Elaz\u0131\u011f\u2018a ta\u015f\u0131nd\u0131k. T\u00fcrk\u00fc s\u00f6ylemeye \u00e7ocuklu\u011fumda ba\u015flad\u0131m. Bizim y\u00f6re malum, Alevilerin yo\u011fun oldu\u011fu bir yer&#8230; Pir Sultan\u2018\u0131n, Nesimi\u2018nin t\u00fcrk\u00fcleriyle b\u00fcy\u00fcd\u00fcm. 1967\u2018de Elaz\u0131\u011f\u2018a ta\u015f\u0131nd\u0131ktan sonra A\u015f\u0131k Mahsuni\u2018yle tan\u0131\u015fma f\u0131rsat\u0131m\u0131z oldu. A\u015f\u0131k Mahsuni, Kul Ahmet, Osman Da\u011fl\u0131, Feyzullah \u00c7\u0131nar, Ali Ekber \u00c7i\u00e7ek konser vermeye gelirler, ben de babam\u0131n kahvesinde garsonluk yapard\u0131m okul d\u0131\u015f\u0131nda ve yaz tatillerinde&#8230; Hozat garaj\u0131nda, Kristal Palas kahvesi vard\u0131, orada \u00e7ay da\u011f\u0131t\u0131rken Mahsuni\u2018yle tan\u0131\u015fma f\u0131rsat\u0131m\u0131z oldu. Her geli\u015finde yan\u0131na giderdim. \u0130lk konserim de Mahsuni\u2018yle Elaz\u0131\u011f\u2018da Saray Sinemas\u0131\u2018nda oldu. Bir t\u00fcrk\u00fc s\u00f6ylemi\u015ftim, daha sonra halk\u0131n istemi \u00fczerine birka\u00e7 t\u00fcrk\u00fc okumak zorunda kald\u0131m. Halk E\u011fitim\u2018in \u00e7ok iyi \u00f6\u011fretmenleri vard\u0131, onlar\u0131n deste\u011fiyle t\u00fcrk\u00fc s\u00f6yleme sanat\u0131n\u0131 \u00f6\u011frendim. Kucak a\u00e7t\u0131lar, ben iki y\u0131l gidip geldim oraya, daha sonra bonservis de ald\u0131m. Bu s\u00fcre i\u00e7inde Elaz\u0131\u011f radyosunda \u00e7\u0131kt\u0131m, Elaz\u0131\u011f\u2018\u0131n aile \u00e7ay bah\u00e7esi vard\u0131, o zaman \u00e7ay bah\u00e7eleri me\u015fhurdu. Ak\u015famlar\u0131 halk\u0131n en yo\u011fun topland\u0131\u011f\u0131 yerlerden biriydi. Orada program almaya ba\u015flad\u0131m. 1969\u2018da Mahsuni bir geli\u015finde &#8220;Benimle Anadolu turnesine geleceksin&#8221; dedi, ben de babamdan izin al, \u00f6yle geleyim dedim, \u00e7\u00fcnk\u00fc benim tek ba\u015f\u0131ma karar verme yetkim yoktu. Birlikte turneye \u00e7\u0131kt\u0131k. Mahsuni\u2018yle ili\u015fkimiz hep oldu, \u00e7ok severdim. \u0130nsan olarak da \u00e7ok de\u011ferliydi.<\/p>\n<p>K\u0131sacas\u0131, klasik olacak ama \u00e7ocuklu\u011fumdan beri t\u00fcrk\u00fc s\u00f6ylerim. \u00c7ok a\u011f\u0131r bir yoksulluk d\u00f6nemimiz oldu ailece&#8230; Ekmek bulamazd\u0131k yemeye&#8230; Hakkarili \u00e7ocuklar\u0131n askeri k\u0131\u015flalardan art\u0131k ekmekleri toplad\u0131\u011f\u0131n\u0131 g\u00f6rd\u00fc\u011f\u00fcmde televizyonda, benim \u00e7ocuklu\u011fum akl\u0131ma geliyordu, \u00e7\u00fcnk\u00fc ben de onlardan biriydim. Ger\u00e7ekten \u00e7\u00f6pl\u00fckten \u00e7ok ekmek toplad\u0131m, toplarken askerler komutanlara emir verip yakalard\u0131, ciddi \u015fekilde d\u00f6v\u00fcl\u00fcrd\u00fck askerler taraf\u0131ndan&#8230; O zaman karar ald\u0131m, bu askerli\u011fi yapmayaca\u011f\u0131m dedim.<\/p>\n<p><em>Herhalde \u00e7ocuklu\u011funuzda ya\u015fad\u0131\u011f\u0131n\u0131z bu k\u00f6t\u00fc an\u0131lar, sizin 12 Eyl\u00fcl\u2018de cezaevi s\u00fcreciniz sonras\u0131 askerlik yapmamak i\u00e7in yurtd\u0131\u015f\u0131na gidi\u015finize neden oldu.<\/em><br \/>\u00c7ocuklu\u011fumdan kalan bir \u015feydi. Ben ekmek topluyordum, h\u0131rs\u0131zl\u0131k yapm\u0131yordum. \u00c7\u00f6pe att\u0131klar\u0131 ekmekleri toplamak bile h\u0131rs\u0131zl\u0131\u011fa giriyordu. \u00c7ok h\u0131rpalad\u0131lar bizi&#8230; T\u00fcrkiye \u0130\u015f\u00e7i Partisi\u2018nin olu\u015fumunda yak\u0131n akrabalar\u0131m vard\u0131. Fikir Kul\u00fcpleri Federasyonu\u2018nun kurulmas\u0131yla birlikte Mahir \u00c7ayanlar\u0131n, Deniz Gezmi\u015flerin, \u0130brahim Kaypakkaya ve Cevahirlerin at\u0131l\u0131m\u0131yla olu\u015fan yap\u0131lanmalar ve onlar\u0131n 6. Filo\u2018ya kar\u015f\u0131 koymalar\u0131, a\u00e7\u0131klamalar\u0131, bildirileri&#8230; Televizyon yoktu o zamanlar ama radyolar \u00e7ok rahatl\u0131kla veriyordu bildirileri. D\u00f6nemin devrimci liderleri, \u00f6\u011frenci \u00f6nderlerinin yapt\u0131\u011f\u0131 a\u00e7\u0131klamalar babamgillerin bizimle konu\u015ftuklar\u0131yla birebir \u00f6rt\u00fc\u015f\u00fcyordu, b\u00f6ylece onlar\u0131n d\u00fc\u015f\u00fcncelerini kucaklamaya ba\u015flad\u0131k. \u00c7ocuktuk, gen\u00e7lik \u00e7a\u011f\u0131na yeni ad\u0131m at\u0131yordum fakat herkes politikayla ilgiliydi, aileler radyoyu dinlemeden kesinlikle yatmazlard\u0131, haberleri hi\u00e7 ka\u00e7\u0131rmazlard\u0131.<\/p>\n<p><em>12 Eyl\u00fcl sonras\u0131 yurt d\u0131\u015f\u0131na gittiniz, uzun y\u0131llar \u00fclkeye d\u00f6nmediniz. En \u00e7ok yara alanlardan biri olarak d\u00fcnden bug\u00fcne bakt\u0131\u011f\u0131n\u0131zda neler d\u00fc\u015f\u00fcn\u00fcyorsunuz?<\/em><br \/>\u00dclkenin \u00e7ok \u00e7ok gerilere gitti\u011fini g\u00f6r\u00fcyorum. Orada da bir\u00e7ok panel ve tart\u0131\u015fmalara kat\u0131ld\u0131m, say\u0131s\u0131z konserler verdim. Abart\u0131s\u0131z s\u00f6yl\u00fcyorum, 2000\u2018den fazla konsere kat\u0131ld\u0131m. G\u00fcnde iki geceye kat\u0131ld\u0131\u011f\u0131m\u0131 bilirim, oradan oraya ko\u015ftururduk. Tutuklu aileleri, avukatlar, insan haklar\u0131 dernekleri ve dostlar\u0131m\u0131z bize \u00fclkeyi anlat\u0131yordu. Fakat, geldi\u011fimde ger\u00e7ekten \u00fclkenin \u00e7ok \u00e7ok gerilere, dibe vurdu\u011funu g\u00f6rd\u00fcm. Bizim ya\u015fad\u0131\u011f\u0131m\u0131z s\u00fcre\u00e7te insanlar T\u00fcrkiye\u2018ye kar\u015f\u0131 duyarl\u0131yd\u0131, \u015fimdi kapa\u011f\u0131 Avrupa\u2018ya, Amerika\u2018ya atay\u0131m mant\u0131\u011f\u0131yla hareket eden milyonlarca gen\u00e7 insan var, milyonlarca aile var. Oysa yurtd\u0131\u015f\u0131ndaki s\u0131k\u0131nt\u0131lar\u0131 ya\u015famad\u0131klar\u0131 i\u00e7in bilmiyorlar, onlara \u00e7ekici geliyor.<\/p>\n<p>T\u00fcrkiye\u2018de \u00e7ok ciddi sorunlardan biri 12 Eyl\u00fcl anayasas\u0131n\u0131n de\u011fi\u015fmemesi, bu T\u00fcrkiye\u2018de fa\u015fizmin devam etti\u011fi anlam\u0131na geliyor. Bug\u00fcn, her \u015feyde ambargo var; \u00f6\u011frenci, i\u015f\u00e7i, memurun en k\u00fc\u00e7\u00fck demokratik talebinin kar\u015f\u0131s\u0131nda joplu, panzerli, dip\u00e7ikli devlet g\u00f6revlilerini g\u00f6r\u00fcyoruz. O gaz s\u0131kanlar da asl\u0131nda ma\u011fdurlardan&#8230; Askere gidip de bize zorunlu dip\u00e7ik vuranlar da halk \u00e7ocuklar\u0131&#8230; Bir tela\u015f, kaos ortam\u0131 hakim ve bundan \u00e7\u0131kmakta zorlan\u0131yorlar, \u00e7\u00fcnk\u00fc 12 Eyl\u00fcl \u00f6yle bir s\u00fcre\u00e7 ya\u015fatt\u0131 ki t\u0131rpanla bi\u00e7ildi toplum, t\u00fcm genleriyle oynand\u0131. Ge\u00e7mi\u015fte de\u011ferleri i\u00e7in u\u011fruna seve seve y\u00fcr\u00fcy\u00fc\u015fler, g\u00f6steriler yapan aileler bug\u00fcn sessiz, suskun bireyler haline geldiler. Kapitalizm sistemin y\u00fcr\u00fcmesi i\u00e7in toplumlar\u0131n birey olmas\u0131n\u0131 istiyor, kesinlikle \u00f6rg\u00fctl\u00fc insan istemiyorlar. Egoist, bencil, tek ba\u015f\u0131na hareket eden birey istiyorlar. T\u00fcrkiye bu hale getirildi. Bunu ba\u015fard\u0131lar. Ama, bu ge\u00e7ici ba\u015far\u0131&#8230; As\u0131l sorun bundan sonra&#8230; Acaba gelece\u011fi d\u00fc\u015f\u00fcnebildiler mi? Avrupa\u2018n\u0131n bir\u00e7ok \u00fclkesinde, yak\u0131n m\u00fcttefi\u011fi Amerika\u2018da insanlar\u0131n nas\u0131l ya\u015fad\u0131\u011f\u0131n\u0131 \u00e7ok iyi biliyorum. Bireyler art\u0131k i\u015fsiz, e\u011fitimsiz ve \u00f6rg\u00fcts\u00fcz olduklar\u0131 i\u00e7in serseri may\u0131n gibiler. Ya\u011fmalar, talanlar&#8230; G\u00fcn\u00fcn ortas\u0131nda \u0130ngiltere\u2018de insanlar\u0131n b\u0131\u00e7akland\u0131\u011f\u0131n\u0131 ve nas\u0131l soyuldu\u011funu \u00e7ok iyi biliyorum. Ayn\u0131 \u015fey Amerika\u2018da daha ac\u0131mas\u0131z, daha vahim&#8230; \u0130\u015fte T\u00fcrkiye\u2018yi buna d\u00f6n\u00fc\u015ft\u00fcrmeye \u00e7al\u0131\u015f\u0131yorlar. Ve ba\u015fard\u0131lar. T\u00fcrkiye bir ayna&#8230; Bu ayna benim aynam de\u011fil, bu 12 Eyl\u00fcl anayasas\u0131n\u0131 de\u011fi\u015ftirmeyen, s\u00f6z\u00fcm ona T\u00fcrkiye\u2018nin sahibiyiz diyenlerin aynas\u0131&#8230; Sokaktaki insanlara bakt\u0131\u011f\u0131m zaman ben onlar\u0131 g\u00f6r\u00fcyorum. Biz y\u0131llar \u00f6nce de T\u00fcrkiye\u2018de kontrgerillan\u0131n oldu\u011funu s\u00f6yledik, derin devlet dedik. \u00dclk\u00fcc\u00fc militanlarla birlikte \u00e7al\u0131\u015ft\u0131klar\u0131n\u0131 s\u00f6ylerken bize kimse inanm\u0131yordu, bug\u00fcn biz de\u011fil kendileri s\u00f6yl\u00fcyorlar. Bu yap\u0131n\u0131n s\u00fcrmesini isteyenler yola devam ediyorlar. Ve s\u00f6z\u00fcm ona sosyal demokrat ge\u00e7inenler ise halk\u0131n t\u00fcm demokrat istemlerini t\u00f6rp\u00fcleyip sa\u011fa kaymaya ba\u015flad\u0131lar. MHPden daha milliyet\u00e7i oldular. \u0130slami kesime hitap etmek i\u00e7in se\u00e7im d\u00f6nemlerinde yerel se\u00e7imlerde \u00f6rne\u011fin Kuran kurslar\u0131 vaadinde bile bulundular ama n\u2018oldu; ters tepti. Di\u011ferleri kazand\u0131.<\/p>\n<p><em>Bir r\u00f6portaj\u0131n\u0131zda, 12 Eyl\u00fcl darbecilerine dokunulmazken 12 Eyl\u00fcl\u2018\u00fc bo\u015fverin, Ergenekon\u2018a bak\u0131n dediler. Her kesimden insan\u0131 sorgulad\u0131lar ama bir tek kesime bula\u015fmad\u0131lar demi\u015ftiniz. Kim onlar?<\/em><br \/>Evet do\u011frudur. O kesim 12 Eyl\u00fcl anayasas\u0131n\u0131 yaratanlard\u0131r. Darbeyi yapanlard\u0131r. Onlara hi\u00e7 dokunmad\u0131lar. D\u00fcnyan\u0131n bir\u00e7ok yerinde darbe yapanlar yarg\u0131land\u0131lar. En yak\u0131n kom\u015fumuz Yunanistan\u2018da darbe yapanlar y\u0131llarca ceza ald\u0131, bir k\u0131sm\u0131 hala i\u00e7erde&#8230; Ama T\u00fcrkiye\u2018de nedense koruma alt\u0131na al\u0131n\u0131yorlar. T\u00fcrkiye\u2018de bir avu\u00e7 insan\u0131n s\u00f6ylemi ciddiye al\u0131n\u0131yor ve darbe yapanlar yarg\u0131lanm\u0131yor. Almanya\u2018da Hitler kara bir lekedir, \u0130talya\u2018da Mussolini, \u0130spanya\u2018da Franko yarg\u0131lanm\u0131\u015ft\u0131r ama bize ac\u0131 \u00e7ektirenlere dokunulmam\u0131\u015ft\u0131r. Milyonlarca insan\u0131 a\u00e7l\u0131k, sefalet, yoksulluk ve i\u015fkenceyle ba\u015f ba\u015fa b\u0131rakt\u0131lar, halen \u015fiddetin s\u00fcrd\u00fc\u011f\u00fc bir \u00fclkede demokrasiden s\u00f6zedemiyorsak bu bizim ay\u0131b\u0131m\u0131z de\u011fildir. Her s\u00f6z\u00fcm\u00fcz\u00fc bast\u0131r\u0131yorlar.<\/p>\n<p><em>TEKEL i\u015f\u00e7ilerinin Ankara\u2018daki direni\u015fi devam ediyor. Ankara\u2018da K\u00fcrt, T\u00fcrk b\u00fct\u00fcn i\u015f\u00e7iler birlikte sald\u0131r\u0131ya u\u011frad\u0131, ayn\u0131 havuza at\u0131ld\u0131lar. Bu manzara size ne d\u00fc\u015f\u00fcnd\u00fcrd\u00fc, K\u00fcrt ve T\u00fcrk emek\u00e7ilere \u00f6neriniz nedir?<\/em><br \/>A\u00e7\u0131l\u0131mdan bahsediyorlar, a\u00e7\u0131l\u0131m a\u00e7\u0131l\u0131m diyorlar, ad\u0131n\u0131 koyup i\u00e7ini dolduram\u0131yorlar, bo\u015f bir a\u00e7\u0131l\u0131m. Bir Alevi, bir K\u00fcrt, sonra demokratik a\u00e7\u0131l\u0131m dediler. Kendi tarih kitaplar\u0131nda vard\u0131r, Asya\u2018da a\u00e7l\u0131ktan milyonlarca insan d\u00fcnyan\u0131n bir\u00e7ok yerine ak\u0131n etmi\u015f, g\u00f6\u00e7etmi\u015ftir. O ak\u0131n edenler hi\u00e7 mi T\u00fcrkiye\u2018ye u\u011framad\u0131lar? Ben Alevi k\u00f6kenliyim, bir yan\u0131m K\u00fcrt, \u00e7ocuklar\u0131m T\u00fcrk\u00e7e ve Frans\u0131zca konu\u015fuyor. Lazlar, Abazalar, G\u00fcrc\u00fcler, \u00c7erkezler, Rum Pontuslar ya\u015f\u0131yordu Karadeniz\u2018de&#8230; Ayr\u0131 ayr\u0131 k\u00fclt\u00fcrlerin Anadolu\u2018da birlikte ya\u015fad\u0131klar\u0131n\u0131 g\u00f6steren \u00e7ok bariz \u00f6rnekler var. T\u00fcrkiye T\u00fcrklerindir mant\u0131\u011f\u0131n\u0131 ciddiye alm\u0131yorum. \u00c7ocuklu\u011fumda da alm\u0131yordum \u00e7\u00fcnk\u00fc bizi yoksayd\u0131lar. Okulda \u00f6\u011fretmenler bize \u015funu diyordu: &#8220;Evde ba\u015fka dil konu\u015fulursa bize s\u00f6yleyin.&#8221; Y\u0131llar \u00f6nce bizim dediklerimizi bug\u00fcn kendileri dillendirdiler, ge\u00e7 kald\u0131lar ama&#8230; T\u00fcrkiye\u2018nin K\u00fcrt sorununa \u00e7\u00f6z\u00fcm\u00fcn\u00fcn hi\u00e7bir zaman kanl\u0131 olmas\u0131n\u0131 istemedik ne K\u00fcrtlerden ne de ordudan&#8230; Ordunun i\u00e7inde halk \u00e7ocuklar\u0131 vard\u0131r, emrivaki gidiyorlar. Ke\u015fke hi\u00e7birinin burnu kanamasayd\u0131. Bunu \u00e7\u00f6zebilirlerdi ama \u00e7\u0131kar ili\u015fkileri girdi\u011fi zaman araya, \u00f6l\u00fcmler birileri i\u00e7in hikaye oldu. Bu sava\u015f bizim sava\u015f\u0131m\u0131z de\u011fil. Biz b\u00f6yle bir sava\u015f istemiyoruz. TEKEL i\u015f\u00e7ileri i\u015fte bunlardan biri, \u00f6\u011fretiyor bize&#8230; T\u00fcrkiye Amerikan emperyalizminin kontrol\u00fcndeki en yak\u0131n m\u00fcttefi\u011fi diyorduk ge\u00e7mi\u015fte de.. 12 Eyl\u00fcl sonras\u0131 \u00d6zal\u2018la \u00f6zelle\u015ftirme s\u00fcreci ba\u015flad\u0131. Herkese \u00e7ekici geldi. Memur y\u00fcr\u00fcd\u00fc, kimse ciddiye almad\u0131. \u00d6\u011fretmenler, \u00f6\u011frenciler y\u00fcr\u00fcd\u00fc, kimsenin g\u0131k\u0131 \u00e7\u0131kmad\u0131, bug\u00fcn de \u00f6zelle\u015ftirmenin nemenem oldu\u011funu i\u015f\u00e7iler g\u00f6r\u00fcyorlar art\u0131k. Halk\u0131n se\u00e7ti\u011fi vekiller deniliyor, \u00f6zellikle vekillerin g\u00f6z\u00fcne biber gaz\u0131 s\u0131kt\u0131lar. TEKEL i\u015f\u00e7isine ac\u0131mas\u0131zca sald\u0131rd\u0131lar. Bu kirli sava\u015fta hi\u00e7bir generalin ya da bir bakan\u0131n \u00e7ocu\u011funun \u00f6ld\u00fc\u011f\u00fcn\u00fc duymad\u0131m. 30 bin insan\u0131n \u00f6ld\u00fc. Halk bunu da dikkate almak zorunda&#8230;<\/p>\n<p><em>Alevi k\u00f6kenli bir sanat\u00e7\u0131 olarak sizce Alevileri ya da K\u00fcrtleri, bu \u00fclkede t\u00fcm kendisini \u2018\u00f6teki\u2018 hissedenleri kurtaracak olan nedir?<\/em><br \/>Halk\u0131n uyan\u0131k olmas\u0131ndan, demokratik a\u00e7\u0131l\u0131m\u0131n ger\u00e7ek\u00e7i olmas\u0131ndan ge\u00e7er. Biz bu topraklarda ya\u015f\u0131yoruz. Ayr\u0131ms\u0131z diyoruz, bu topraklar kimsenin babas\u0131n\u0131n mal\u0131 de\u011fil, kim ya\u015f\u0131yorsa onundur. \u00dclke bizim \u00fclkemizdir. Art\u0131k ba\u015fka gezegenler var. T\u00fcrkiyeli de\u011fil d\u00fcnyal\u0131y\u0131m diyece\u011fim art\u0131k, para birimi, g\u00fcmr\u00fck kap\u0131lar\u0131 olmayacak. Bunu bilim adamlar\u0131 s\u00f6yl\u00fcyor. Marsl\u0131y\u0131m, Ven\u00fcsl\u00fcy\u00fcm diyecek insanlar, bunu a\u00e7\u0131klam\u0131yorlar bug\u00fcn&#8230; O zaman bunlar ne yapacaklar? Tank ve silah satanlard\u0131r bu sava\u015f\u0131n kazanan\u0131&#8230; Uyu\u015fturucudan para kazananlard\u0131r.<\/p>\n<p><em>&#8220;T\u00fcrkiye yarat\u0131lan bu toplumla bir g\u00fcn hesapla\u015facak. Umudumu yitirmedim, gelecek sosyalizme gebe&#8221; demi\u015ftiniz bir r\u00f6portaj\u0131n\u0131zda&#8230; Bu hesapla\u015fma uzak m\u0131?<\/em><br \/>Biz g\u00f6rmeyece\u011fiz ama s\u00fcre\u00e7 \u00e7ok h\u0131zl\u0131 bir \u015fekilde geli\u015fiyor. D\u00fcn kapitalistler reddetti ama Marks\u2018\u0131n s\u00f6yledikleri bug\u00fcn tekrar tart\u0131\u015f\u0131l\u0131yor, herkesin yapabilece\u011fi bir i\u015fte \u00e7al\u0131\u015fmas\u0131, \u00f6\u011frenim g\u00f6rmesi, halk\u0131n bilin\u00e7lenmesi, k\u00f6kl\u00fc bir k\u00fclt\u00fcrel de\u011fi\u015fimin olmas\u0131 laz\u0131m&#8230; Art\u0131k gen\u00e7lik s\u00fcreci biraz daha kavramaya ba\u015flad\u0131. 12 Eyl\u00fcl gen\u00e7li\u011fi s\u00fcre\u00e7ten kopuktu. En ac\u0131 ya\u015fayan bu gen\u00e7lik oldu. Bu gen\u00e7li\u011fe ciddi bir \u015fekilde m\u00fcdahale edilmezse, sorunlar\u0131na \u00e7\u00f6z\u00fcm getirilmezse, bu gen\u00e7li\u011fi yaratanlar onlarla y\u00fczle\u015fecek bir g\u00fcn&#8230;<\/p>\n<p>Halk\u0131n sanat\u00e7\u0131s\u0131 olman\u0131n bedeli nedir?<br \/>Ger\u00e7ekleri s\u00f6yledi\u011fin zaman, bedeli idamd\u0131r, i\u015fkencedir, cezaevidir. Bir k\u00f6\u015fe ba\u015f\u0131nda vurulmakt\u0131r. S\u00fcrg\u00fcnd\u00fcr.<\/p>\n<p><em>Peki, sizin i\u00e7in s\u00fcrg\u00fcn nedir?<\/em><br \/>S\u00fcrg\u00fcn\u00fc anlatmak zordur. Ben orada da bo\u015f durmad\u0131m. Yapmak istedi\u011fim \u015feyleri orada da yapmaya \u00e7al\u0131\u015ft\u0131m, \u00e7\u00fcnk\u00fc bir devrimcinin, bir ozan\u0131n g\u00f6revidir bu&#8230; S\u00fcrg\u00fcn&#8230; Kendi \u00fclkenden kopuksun, annenden, babandan, en sevdi\u011fin yak\u0131n arkada\u015flar\u0131ndan, m\u00fccadelenden ayr\u0131 bir yerlerdesin. S\u00fcre\u00e7 i\u00e7inde orada da m\u00fccadelenin, hayat\u0131n i\u00e7inde oluyorsun, fakat hasretin \u00f6n\u00fcne ge\u00e7mek \u00e7ok zor&#8230; Beynine bazen h\u00fckmedemiyorsun, ona anlatmak \u00e7ok zordur. Ben \u015f\u00f6yle tan\u0131ml\u0131yorum: S\u00fcrg\u00fcn bir a\u011fac\u0131n k\u00f6k\u00fcn\u00fcn ve yapraklar\u0131n\u0131n hava ve toprakla ba\u011f\u0131n\u0131n kopmas\u0131na benzer, s\u00fcrg\u00fcn aniden sona eren bir sevgiye benzer.<\/p>\n<p><em>\u00c7\u00fcr\u00fcme ve yozla\u015fma her yerde. Ya t\u00fcrk\u00fcler?&#8230;<\/em><br \/>T\u00fcrk\u00fcler \u00e7\u00fcr\u00fcmez ki&#8230; Kitaplar\u0131 yakt\u0131lar, insanlar\u0131 ast\u0131lar, kur\u015funland\u0131lar, insanlar\u0131m\u0131z\u0131 da yakt\u0131lar, hepimiz \u015fahit olduk. Pir Sultan 1600\u2018l\u00fc y\u0131llarda ya\u015fam\u0131\u015f. Ve Nesimi&#8230; Bug\u00fcn hayatta yoklar ama t\u00fcrk\u00fcleri hala ya\u015f\u0131yor. T\u00fcrk\u00fcler kal\u0131r. \u0130\u015fkencede \u00e7\u0131\u011fl\u0131klar\u0131n\u0131z da i\u015fkence yapanlar\u0131n kulaklar\u0131nda hep kal\u0131r. Acaba \u00e7ocuklar\u0131n\u0131n, e\u015flerinin yan\u0131nda nas\u0131l yat\u0131yorlar, merak ediyorum.<\/p>\n<p><em>Yeni bir alb\u00fcm \u00e7al\u0131\u015fman\u0131z vard\u0131?<\/em><br \/>Evet, d\u00f6rt senedir bekliyorum. \u015eirketlerin ve teknolojinin gazab\u0131na u\u011frad\u0131m. Ke\u015fke diyorum ge\u00e7mi\u015fte oldu\u011fu gibi Mahsunilerin d\u00f6nemindeki gibi 45\u2018lik plaklar olsayd\u0131. S\u00f6yledi\u011finiz her \u015fey halka s\u0131ca\u011f\u0131 s\u0131ca\u011f\u0131na ta\u015f\u0131nsayd\u0131 \u00e7ok daha iyi olurdu. Ama ekonomi ve ticaret, i\u015fin i\u00e7ine maddiyat girdi mi \u015firketler de bunu kabul etmiyor. \u0130nternet arac\u0131l\u0131\u011f\u0131yla indiriyorlar, sadece ben \u015fikayet\u00e7i de\u011filim, d\u00fcnyan\u0131n her taraf\u0131nda \u015fikayet\u00e7i insanlar, yani \u00fcretim durdu. Zenginlik var gibi g\u00f6r\u00fcnse de \u00fcretim durdu, k\u0131s\u0131rla\u015fma ba\u015flad\u0131.<\/p>\n<p>Son bir soruyla s\u00f6yle\u015fiyi sonland\u0131rmak istiyorum. Bir alb\u00fcm\u00fcn\u00fcz\u00fcn ad\u0131 \u2018Zordur\u2018. Sizin i\u00e7in zor olan nedir?<br \/>\u0130nsan olmakt\u0131r.<\/p>\n<p>s\u00f6yle\u015fi: Belma Nur Kartal-Sol Haber Portal\u0131<\/p>\n<p>\n<object width=\"400\" height=\"300\" data=\"http:\/\/www.humyo.com\/E\/10422871-281475394495857\/10422871-281475394496775\/10422871-281475394497233\/10422871-281475394501591\/10422871-281475394509457\/10422871-281475394511641\/10422871-281475394513087\/10422871-281475394515001\/10422871-281475394515911\/10422871-281475394517103\/10422871-281475394518533\/10422871-281475394520239\/10422871-281475394521585\/10422871-281475394525081\/10422871-281475394526979\/10422871-281475394529175\/10422871-281475394529723\/10422871-281475394531083\/10422871-281475394532353\/10422871-281475394532869\/10422871-281475394533009?a=nkdR3H7StGA%2CwEy6pr4KSrw%2CypsG8tiiZe4%2CgFDMNKBa6TI%2CUawrw3Gt2uo%2CwyFRXSFJaRk%2C17RVce0sY2Q%2CrcvZuetuvpI%2CUQtaBdUMmgE%2Cace_s8ARB9w%2CwXBY-XKo538%2CqzIk53x1iWE%2CshuZVT7PcjU%2CnvU6F_epY4M%2CleyG79j2Fzk%2CYG9NDhc6WHY%2Chq-pW1dv8H8%2CurAraO0HEuE%2CpN9BZqnv1tA%2C8vaeeatHfXA%2CNdV1a1D-q9o\" type=\"application\/x-shockwave-flash\"><param name=\"flashvars\" value=\"autostart=true&amp;usefullscreen=true&amp;\" \/><param name=\"src\" value=\"http:\/\/www.humyo.com\/E\/10422871-281475394495857\/10422871-281475394496775\/10422871-281475394497233\/10422871-281475394501591\/10422871-281475394509457\/10422871-281475394511641\/10422871-281475394513087\/10422871-281475394515001\/10422871-281475394515911\/10422871-281475394517103\/10422871-281475394518533\/10422871-281475394520239\/10422871-281475394521585\/10422871-281475394525081\/10422871-281475394526979\/10422871-281475394529175\/10422871-281475394529723\/10422871-281475394531083\/10422871-281475394532353\/10422871-281475394532869\/10422871-281475394533009?a=nkdR3H7StGA%2CwEy6pr4KSrw%2CypsG8tiiZe4%2CgFDMNKBa6TI%2CUawrw3Gt2uo%2CwyFRXSFJaRk%2C17RVce0sY2Q%2CrcvZuetuvpI%2CUQtaBdUMmgE%2Cace_s8ARB9w%2CwXBY-XKo538%2CqzIk53x1iWE%2CshuZVT7PcjU%2CnvU6F_epY4M%2CleyG79j2Fzk%2CYG9NDhc6WHY%2Chq-pW1dv8H8%2CurAraO0HEuE%2CpN9BZqnv1tA%2C8vaeeatHfXA%2CNdV1a1D-q9o\" \/><param name=\"allowfullscreen\" value=\"true\" \/><\/object><\/p>\n","protected":false},"excerpt":{"rendered":"<p>&#8221; T\u00fcrk\u00fcler kal\u0131r. \u0130\u015fkencede \u00e7\u0131\u011fl\u0131klar\u0131n\u0131z da i\u015fkence yapanlar\u0131n kulaklar\u0131nda hep kal\u0131r. Acaba \u00e7ocuklar\u0131n\u0131n, e\u015flerinin yan\u0131nda nas\u0131l yat\u0131yorlar, merak ediyorum.&#8221;Ali Asker&#8230; Ozan&#8230; Ba\u015fkald\u0131ran, g\u00fcven veren, zulme direnen, memleket hasretini anlatan \u00f6zlem dolu dizelerin yarat\u0131c\u0131s\u0131&#8230; Ankara Devrimci Yol davas\u0131ndan yarg\u0131land\u0131. Karde\u015fi Zeynel Abidin Ceylan Ankara emniyetinde g\u00f6rd\u00fc\u011f\u00fc i\u015fkenceler sonucunda \u00f6ld\u00fcr\u00fcld\u00fc. \u0130kibu\u00e7uk sene Mamak Cezaevinde kald\u0131. Tahliye sonras\u0131 [&hellip;]<\/p>\n","protected":false},"author":1,"featured_media":0,"comment_status":"open","ping_status":"open","sticky":false,"template":"","format":"standard","meta":{"footnotes":""},"categories":[100],"tags":[],"class_list":{"0":"post-4204","1":"post","2":"type-post","3":"status-publish","4":"format-standard","6":"category-muzisyenler"},"yoast_head":"<!-- This site is optimized with the Yoast SEO Premium plugin v24.9 (Yoast SEO v24.9) - https:\/\/yoast.com\/wordpress\/plugins\/seo\/ -->\n<title>T\u00fcrkiye solunda \u00e7ok dinlenen ve \u00e7ok tart\u0131\u015f\u0131lan bir ozan | Ali Asker ve Ezgileri - narteks.net<\/title>\n<meta name=\"robots\" content=\"index, follow, max-snippet:-1, max-image-preview:large, max-video-preview:-1\" \/>\n<link rel=\"canonical\" href=\"https:\/\/narteks.net\/index.php\/2010\/02\/12\/turkiye-solunda-cok-dinlenen-ve-cok-tartisilan-bir-ozan-ali-asker-ve-ezgileri\/\" \/>\n<meta property=\"og:locale\" content=\"tr_TR\" \/>\n<meta property=\"og:type\" content=\"article\" \/>\n<meta property=\"og:title\" content=\"T\u00fcrkiye solunda \u00e7ok dinlenen ve \u00e7ok tart\u0131\u015f\u0131lan bir ozan | Ali Asker ve Ezgileri\" \/>\n<meta property=\"og:description\" content=\"&#8221; T\u00fcrk\u00fcler kal\u0131r. \u0130\u015fkencede \u00e7\u0131\u011fl\u0131klar\u0131n\u0131z da i\u015fkence yapanlar\u0131n kulaklar\u0131nda hep kal\u0131r. Acaba \u00e7ocuklar\u0131n\u0131n, e\u015flerinin yan\u0131nda nas\u0131l yat\u0131yorlar, merak ediyorum.&#8221;Ali Asker&#8230; Ozan&#8230; Ba\u015fkald\u0131ran, g\u00fcven veren, zulme direnen, memleket hasretini anlatan \u00f6zlem dolu dizelerin yarat\u0131c\u0131s\u0131&#8230; Ankara Devrimci Yol davas\u0131ndan yarg\u0131land\u0131. Karde\u015fi Zeynel Abidin Ceylan Ankara emniyetinde g\u00f6rd\u00fc\u011f\u00fc i\u015fkenceler sonucunda \u00f6ld\u00fcr\u00fcld\u00fc. \u0130kibu\u00e7uk sene Mamak Cezaevinde kald\u0131. Tahliye sonras\u0131 [&hellip;]\" \/>\n<meta property=\"og:url\" content=\"https:\/\/narteks.net\/index.php\/2010\/02\/12\/turkiye-solunda-cok-dinlenen-ve-cok-tartisilan-bir-ozan-ali-asker-ve-ezgileri\/\" \/>\n<meta property=\"og:site_name\" content=\"narteks.net\" \/>\n<meta property=\"article:published_time\" content=\"2010-02-12T08:01:25+00:00\" \/>\n<meta property=\"og:image\" content=\"https:\/\/narteks.net\/wp-content\/uploads\/narteks.png\" \/>\n\t<meta property=\"og:image:width\" content=\"300\" \/>\n\t<meta property=\"og:image:height\" content=\"90\" \/>\n\t<meta property=\"og:image:type\" content=\"image\/png\" \/>\n<meta name=\"author\" content=\"Tar\u0131k\" \/>\n<meta name=\"twitter:card\" content=\"summary_large_image\" \/>\n<meta name=\"twitter:creator\" content=\"@narteks\" \/>\n<meta name=\"twitter:site\" content=\"@narteks\" \/>\n<meta name=\"twitter:label1\" content=\"Yazan:\" \/>\n\t<meta name=\"twitter:data1\" content=\"Tar\u0131k\" \/>\n\t<meta name=\"twitter:label2\" content=\"Tahmini okuma s\u00fcresi\" \/>\n\t<meta name=\"twitter:data2\" content=\"13 dakika\" \/>\n<script type=\"application\/ld+json\" class=\"yoast-schema-graph\">{\"@context\":\"https:\/\/schema.org\",\"@graph\":[{\"@type\":\"Article\",\"@id\":\"https:\/\/narteks.net\/index.php\/2010\/02\/12\/turkiye-solunda-cok-dinlenen-ve-cok-tartisilan-bir-ozan-ali-asker-ve-ezgileri\/#article\",\"isPartOf\":{\"@id\":\"https:\/\/narteks.net\/index.php\/2010\/02\/12\/turkiye-solunda-cok-dinlenen-ve-cok-tartisilan-bir-ozan-ali-asker-ve-ezgileri\/\"},\"author\":{\"name\":\"Tar\u0131k\",\"@id\":\"https:\/\/narteks.net\/#\/schema\/person\/61f37d9834294b72d31d274e7ed79bca\"},\"headline\":\"T\u00fcrkiye solunda \u00e7ok dinlenen ve \u00e7ok tart\u0131\u015f\u0131lan bir ozan | Ali Asker ve Ezgileri\",\"datePublished\":\"2010-02-12T08:01:25+00:00\",\"mainEntityOfPage\":{\"@id\":\"https:\/\/narteks.net\/index.php\/2010\/02\/12\/turkiye-solunda-cok-dinlenen-ve-cok-tartisilan-bir-ozan-ali-asker-ve-ezgileri\/\"},\"wordCount\":2607,\"commentCount\":0,\"publisher\":{\"@id\":\"https:\/\/narteks.net\/#organization\"},\"articleSection\":[\"M\u00fczisyenler\"],\"inLanguage\":\"tr\",\"potentialAction\":[{\"@type\":\"CommentAction\",\"name\":\"Comment\",\"target\":[\"https:\/\/narteks.net\/index.php\/2010\/02\/12\/turkiye-solunda-cok-dinlenen-ve-cok-tartisilan-bir-ozan-ali-asker-ve-ezgileri\/#respond\"]}]},{\"@type\":\"WebPage\",\"@id\":\"https:\/\/narteks.net\/index.php\/2010\/02\/12\/turkiye-solunda-cok-dinlenen-ve-cok-tartisilan-bir-ozan-ali-asker-ve-ezgileri\/\",\"url\":\"https:\/\/narteks.net\/index.php\/2010\/02\/12\/turkiye-solunda-cok-dinlenen-ve-cok-tartisilan-bir-ozan-ali-asker-ve-ezgileri\/\",\"name\":\"T\u00fcrkiye solunda \u00e7ok dinlenen ve \u00e7ok tart\u0131\u015f\u0131lan bir ozan | Ali Asker ve Ezgileri - narteks.net\",\"isPartOf\":{\"@id\":\"https:\/\/narteks.net\/#website\"},\"datePublished\":\"2010-02-12T08:01:25+00:00\",\"breadcrumb\":{\"@id\":\"https:\/\/narteks.net\/index.php\/2010\/02\/12\/turkiye-solunda-cok-dinlenen-ve-cok-tartisilan-bir-ozan-ali-asker-ve-ezgileri\/#breadcrumb\"},\"inLanguage\":\"tr\",\"potentialAction\":[{\"@type\":\"ReadAction\",\"target\":[\"https:\/\/narteks.net\/index.php\/2010\/02\/12\/turkiye-solunda-cok-dinlenen-ve-cok-tartisilan-bir-ozan-ali-asker-ve-ezgileri\/\"]}]},{\"@type\":\"BreadcrumbList\",\"@id\":\"https:\/\/narteks.net\/index.php\/2010\/02\/12\/turkiye-solunda-cok-dinlenen-ve-cok-tartisilan-bir-ozan-ali-asker-ve-ezgileri\/#breadcrumb\",\"itemListElement\":[{\"@type\":\"ListItem\",\"position\":1,\"name\":\"Anasayfa\",\"item\":\"https:\/\/narteks.net\/\"},{\"@type\":\"ListItem\",\"position\":2,\"name\":\"T\u00fcrkiye solunda \u00e7ok dinlenen ve \u00e7ok tart\u0131\u015f\u0131lan bir ozan | Ali Asker ve Ezgileri\"}]},{\"@type\":\"WebSite\",\"@id\":\"https:\/\/narteks.net\/#website\",\"url\":\"https:\/\/narteks.net\/\",\"name\":\"narteks.net\",\"description\":\"K\u00fclt\u00fcr Sanat Edebiyat Felsefe\",\"publisher\":{\"@id\":\"https:\/\/narteks.net\/#organization\"},\"alternateName\":\"K\u00fclt\u00fcr Sanat Edebiyat Felsefe\",\"potentialAction\":[{\"@type\":\"SearchAction\",\"target\":{\"@type\":\"EntryPoint\",\"urlTemplate\":\"https:\/\/narteks.net\/?s={search_term_string}\"},\"query-input\":{\"@type\":\"PropertyValueSpecification\",\"valueRequired\":true,\"valueName\":\"search_term_string\"}}],\"inLanguage\":\"tr\"},{\"@type\":\"Organization\",\"@id\":\"https:\/\/narteks.net\/#organization\",\"name\":\"narteks.net\",\"url\":\"https:\/\/narteks.net\/\",\"logo\":{\"@type\":\"ImageObject\",\"inLanguage\":\"tr\",\"@id\":\"https:\/\/narteks.net\/#\/schema\/logo\/image\/\",\"url\":\"https:\/\/narteks.net\/wp-content\/uploads\/narteks.png\",\"contentUrl\":\"https:\/\/narteks.net\/wp-content\/uploads\/narteks.png\",\"width\":300,\"height\":90,\"caption\":\"narteks.net\"},\"image\":{\"@id\":\"https:\/\/narteks.net\/#\/schema\/logo\/image\/\"},\"sameAs\":[\"https:\/\/x.com\/narteks\",\"https:\/\/instagram.com\/narteksnet\"]},{\"@type\":\"Person\",\"@id\":\"https:\/\/narteks.net\/#\/schema\/person\/61f37d9834294b72d31d274e7ed79bca\",\"name\":\"Tar\u0131k\",\"image\":{\"@type\":\"ImageObject\",\"inLanguage\":\"tr\",\"@id\":\"https:\/\/narteks.net\/#\/schema\/person\/image\/\",\"url\":\"https:\/\/secure.gravatar.com\/avatar\/50865afb55632c4ae467e0af0930f6510aa2297d8014be502a55b14f3b7550cf?s=96&d=mm&r=g\",\"contentUrl\":\"https:\/\/secure.gravatar.com\/avatar\/50865afb55632c4ae467e0af0930f6510aa2297d8014be502a55b14f3b7550cf?s=96&d=mm&r=g\",\"caption\":\"Tar\u0131k\"},\"sameAs\":[\"http:\/\/narteks.net\"],\"url\":\"https:\/\/narteks.net\/index.php\/author\/narbak\/\"}]}<\/script>\n<!-- \/ Yoast SEO Premium plugin. -->","yoast_head_json":{"title":"T\u00fcrkiye solunda \u00e7ok dinlenen ve \u00e7ok tart\u0131\u015f\u0131lan bir ozan | Ali Asker ve Ezgileri - narteks.net","robots":{"index":"index","follow":"follow","max-snippet":"max-snippet:-1","max-image-preview":"max-image-preview:large","max-video-preview":"max-video-preview:-1"},"canonical":"https:\/\/narteks.net\/index.php\/2010\/02\/12\/turkiye-solunda-cok-dinlenen-ve-cok-tartisilan-bir-ozan-ali-asker-ve-ezgileri\/","og_locale":"tr_TR","og_type":"article","og_title":"T\u00fcrkiye solunda \u00e7ok dinlenen ve \u00e7ok tart\u0131\u015f\u0131lan bir ozan | Ali Asker ve Ezgileri","og_description":"&#8221; T\u00fcrk\u00fcler kal\u0131r. \u0130\u015fkencede \u00e7\u0131\u011fl\u0131klar\u0131n\u0131z da i\u015fkence yapanlar\u0131n kulaklar\u0131nda hep kal\u0131r. Acaba \u00e7ocuklar\u0131n\u0131n, e\u015flerinin yan\u0131nda nas\u0131l yat\u0131yorlar, merak ediyorum.&#8221;Ali Asker&#8230; Ozan&#8230; Ba\u015fkald\u0131ran, g\u00fcven veren, zulme direnen, memleket hasretini anlatan \u00f6zlem dolu dizelerin yarat\u0131c\u0131s\u0131&#8230; Ankara Devrimci Yol davas\u0131ndan yarg\u0131land\u0131. Karde\u015fi Zeynel Abidin Ceylan Ankara emniyetinde g\u00f6rd\u00fc\u011f\u00fc i\u015fkenceler sonucunda \u00f6ld\u00fcr\u00fcld\u00fc. \u0130kibu\u00e7uk sene Mamak Cezaevinde kald\u0131. Tahliye sonras\u0131 [&hellip;]","og_url":"https:\/\/narteks.net\/index.php\/2010\/02\/12\/turkiye-solunda-cok-dinlenen-ve-cok-tartisilan-bir-ozan-ali-asker-ve-ezgileri\/","og_site_name":"narteks.net","article_published_time":"2010-02-12T08:01:25+00:00","og_image":[{"width":300,"height":90,"url":"https:\/\/narteks.net\/wp-content\/uploads\/narteks.png","type":"image\/png"}],"author":"Tar\u0131k","twitter_card":"summary_large_image","twitter_creator":"@narteks","twitter_site":"@narteks","twitter_misc":{"Yazan:":"Tar\u0131k","Tahmini okuma s\u00fcresi":"13 dakika"},"schema":{"@context":"https:\/\/schema.org","@graph":[{"@type":"Article","@id":"https:\/\/narteks.net\/index.php\/2010\/02\/12\/turkiye-solunda-cok-dinlenen-ve-cok-tartisilan-bir-ozan-ali-asker-ve-ezgileri\/#article","isPartOf":{"@id":"https:\/\/narteks.net\/index.php\/2010\/02\/12\/turkiye-solunda-cok-dinlenen-ve-cok-tartisilan-bir-ozan-ali-asker-ve-ezgileri\/"},"author":{"name":"Tar\u0131k","@id":"https:\/\/narteks.net\/#\/schema\/person\/61f37d9834294b72d31d274e7ed79bca"},"headline":"T\u00fcrkiye solunda \u00e7ok dinlenen ve \u00e7ok tart\u0131\u015f\u0131lan bir ozan | Ali Asker ve Ezgileri","datePublished":"2010-02-12T08:01:25+00:00","mainEntityOfPage":{"@id":"https:\/\/narteks.net\/index.php\/2010\/02\/12\/turkiye-solunda-cok-dinlenen-ve-cok-tartisilan-bir-ozan-ali-asker-ve-ezgileri\/"},"wordCount":2607,"commentCount":0,"publisher":{"@id":"https:\/\/narteks.net\/#organization"},"articleSection":["M\u00fczisyenler"],"inLanguage":"tr","potentialAction":[{"@type":"CommentAction","name":"Comment","target":["https:\/\/narteks.net\/index.php\/2010\/02\/12\/turkiye-solunda-cok-dinlenen-ve-cok-tartisilan-bir-ozan-ali-asker-ve-ezgileri\/#respond"]}]},{"@type":"WebPage","@id":"https:\/\/narteks.net\/index.php\/2010\/02\/12\/turkiye-solunda-cok-dinlenen-ve-cok-tartisilan-bir-ozan-ali-asker-ve-ezgileri\/","url":"https:\/\/narteks.net\/index.php\/2010\/02\/12\/turkiye-solunda-cok-dinlenen-ve-cok-tartisilan-bir-ozan-ali-asker-ve-ezgileri\/","name":"T\u00fcrkiye solunda \u00e7ok dinlenen ve \u00e7ok tart\u0131\u015f\u0131lan bir ozan | Ali Asker ve Ezgileri - narteks.net","isPartOf":{"@id":"https:\/\/narteks.net\/#website"},"datePublished":"2010-02-12T08:01:25+00:00","breadcrumb":{"@id":"https:\/\/narteks.net\/index.php\/2010\/02\/12\/turkiye-solunda-cok-dinlenen-ve-cok-tartisilan-bir-ozan-ali-asker-ve-ezgileri\/#breadcrumb"},"inLanguage":"tr","potentialAction":[{"@type":"ReadAction","target":["https:\/\/narteks.net\/index.php\/2010\/02\/12\/turkiye-solunda-cok-dinlenen-ve-cok-tartisilan-bir-ozan-ali-asker-ve-ezgileri\/"]}]},{"@type":"BreadcrumbList","@id":"https:\/\/narteks.net\/index.php\/2010\/02\/12\/turkiye-solunda-cok-dinlenen-ve-cok-tartisilan-bir-ozan-ali-asker-ve-ezgileri\/#breadcrumb","itemListElement":[{"@type":"ListItem","position":1,"name":"Anasayfa","item":"https:\/\/narteks.net\/"},{"@type":"ListItem","position":2,"name":"T\u00fcrkiye solunda \u00e7ok dinlenen ve \u00e7ok tart\u0131\u015f\u0131lan bir ozan | Ali Asker ve Ezgileri"}]},{"@type":"WebSite","@id":"https:\/\/narteks.net\/#website","url":"https:\/\/narteks.net\/","name":"narteks.net","description":"K\u00fclt\u00fcr Sanat Edebiyat Felsefe","publisher":{"@id":"https:\/\/narteks.net\/#organization"},"alternateName":"K\u00fclt\u00fcr Sanat Edebiyat Felsefe","potentialAction":[{"@type":"SearchAction","target":{"@type":"EntryPoint","urlTemplate":"https:\/\/narteks.net\/?s={search_term_string}"},"query-input":{"@type":"PropertyValueSpecification","valueRequired":true,"valueName":"search_term_string"}}],"inLanguage":"tr"},{"@type":"Organization","@id":"https:\/\/narteks.net\/#organization","name":"narteks.net","url":"https:\/\/narteks.net\/","logo":{"@type":"ImageObject","inLanguage":"tr","@id":"https:\/\/narteks.net\/#\/schema\/logo\/image\/","url":"https:\/\/narteks.net\/wp-content\/uploads\/narteks.png","contentUrl":"https:\/\/narteks.net\/wp-content\/uploads\/narteks.png","width":300,"height":90,"caption":"narteks.net"},"image":{"@id":"https:\/\/narteks.net\/#\/schema\/logo\/image\/"},"sameAs":["https:\/\/x.com\/narteks","https:\/\/instagram.com\/narteksnet"]},{"@type":"Person","@id":"https:\/\/narteks.net\/#\/schema\/person\/61f37d9834294b72d31d274e7ed79bca","name":"Tar\u0131k","image":{"@type":"ImageObject","inLanguage":"tr","@id":"https:\/\/narteks.net\/#\/schema\/person\/image\/","url":"https:\/\/secure.gravatar.com\/avatar\/50865afb55632c4ae467e0af0930f6510aa2297d8014be502a55b14f3b7550cf?s=96&d=mm&r=g","contentUrl":"https:\/\/secure.gravatar.com\/avatar\/50865afb55632c4ae467e0af0930f6510aa2297d8014be502a55b14f3b7550cf?s=96&d=mm&r=g","caption":"Tar\u0131k"},"sameAs":["http:\/\/narteks.net"],"url":"https:\/\/narteks.net\/index.php\/author\/narbak\/"}]}},"_links":{"self":[{"href":"https:\/\/narteks.net\/index.php\/wp-json\/wp\/v2\/posts\/4204","targetHints":{"allow":["GET"]}}],"collection":[{"href":"https:\/\/narteks.net\/index.php\/wp-json\/wp\/v2\/posts"}],"about":[{"href":"https:\/\/narteks.net\/index.php\/wp-json\/wp\/v2\/types\/post"}],"author":[{"embeddable":true,"href":"https:\/\/narteks.net\/index.php\/wp-json\/wp\/v2\/users\/1"}],"replies":[{"embeddable":true,"href":"https:\/\/narteks.net\/index.php\/wp-json\/wp\/v2\/comments?post=4204"}],"version-history":[{"count":0,"href":"https:\/\/narteks.net\/index.php\/wp-json\/wp\/v2\/posts\/4204\/revisions"}],"wp:attachment":[{"href":"https:\/\/narteks.net\/index.php\/wp-json\/wp\/v2\/media?parent=4204"}],"wp:term":[{"taxonomy":"category","embeddable":true,"href":"https:\/\/narteks.net\/index.php\/wp-json\/wp\/v2\/categories?post=4204"},{"taxonomy":"post_tag","embeddable":true,"href":"https:\/\/narteks.net\/index.php\/wp-json\/wp\/v2\/tags?post=4204"}],"curies":[{"name":"wp","href":"https:\/\/api.w.org\/{rel}","templated":true}]}}