{"id":421,"date":"2009-03-13T14:04:58","date_gmt":"2009-03-13T11:04:58","guid":{"rendered":"http:\/\/localhost\/wordpress\/2009\/03\/13\/erzincan-a-girdim-turkusu\/"},"modified":"2009-03-13T14:04:58","modified_gmt":"2009-03-13T11:04:58","slug":"erzincan-a-girdim-turkusu","status":"publish","type":"post","link":"https:\/\/narteks.net\/index.php\/2009\/03\/13\/erzincan-a-girdim-turkusu\/","title":{"rendered":"Erzincan\u2019a Girdim T\u00fcrk\u00fcs\u00fc"},"content":{"rendered":"<p style=\"text-align: justify;\"><span style=\"font-size: 14pt;\"><strong> Erzincan\u2019a Girdim T\u00fcrk\u00fcs\u00fc<br \/><\/strong><\/span><br \/>\u201cErzincan\u2019a girdim ne g\u00fczel ba\u011flar.\u201d, Erzincan Halk T\u00fcrk\u00fcleri i\u00e7inde en \u00e7ok sevilen bir uzun havad\u0131r. G\u00fczel oldu\u011fu kadar da ac\u0131 bir ger\u00e7e\u011fi dile getirir.<\/p>\n<p>Erzincan, yemye\u015fil beldelerimizden biridir. I. D\u00fcnya Sava\u015f\u0131 y\u0131llar\u0131nda bu \u201cg\u00fczel ba\u011flar\u201d da t\u0131pk\u0131 o g\u00fcnk\u00fc Erzincanl\u0131lar gibi <br \/>h\u00fcz\u00fcnl\u00fcyd\u00fc . \u00c7\u00fcnk\u00fc bu ba\u011flar terk ediliyordu. 1916 y\u0131l\u0131nda, Ruslar Erzurum\u2019u alm\u0131\u015f Erzincan\u2019a do\u011fru ilerliyorlard\u0131 . Halen ya\u015fl\u0131 Erzincanl\u0131lar\u0131n hat\u0131ralar\u0131 aras\u0131nda kalan gen\u00e7 nesillerin masal havas\u0131 i\u00e7inde dinledikleri \u201cMuhacirlik\u201d, binlerce Erzincanl\u0131n\u0131n Anadolu i\u00e7lerine g\u00f6\u00e7 etmesini ve aylar sonra Erzincan\u2019a geri d\u00f6nmesini hikaye eder.<\/p>\n<p>Bu t\u00fcrk\u00fc o ac\u0131 hat\u0131ralar\u0131n ya\u015fand\u0131\u011f\u0131 h\u00fcz\u00fcnl\u00fc Erzincan&#8217;\u0131 dile getirir.<\/p>\n<p>Erzincan\u2019a Girdim T\u00fcrk\u00fcs\u00fc<\/p>\n<p>Erzincan\u2019a girdim ne g\u00fczel ba\u011flar<br \/>Erzurum\u2019a vard\u0131m dumanl\u0131 da\u011flar<br \/>Elleri koynunda bir g\u00fczel a\u011flar<br \/>Oy anam anam hallar\u0131m yaman<\/p>\n<p>Y\u00fcce da\u011f ba\u015f\u0131nda \u00e7ad\u0131r a\u00e7ar\u0131m<br \/>Nazl\u0131m seni burdan al\u0131p ka\u00e7ar\u0131m<br \/>Kahve bulamazsam kenger i\u00e7erim<br \/>Oy anam anam hallar\u0131m a\u011flar<\/p>\n<p>Anama s\u00f6yleyin lamba yakmas\u0131n<br \/>\u00c7uha \u015falvar\u0131ma u\u00e7kur takmas\u0131n<br \/>O\u011flum gelir diye yola bakmas\u0131n<br \/>Oy anam anam hallar\u0131m yaman<\/p>\n<p>Ay\u015feg\u00fcl G\u00f6ktepe (Radyo Program Yap\u0131mc\u0131s\u0131)<\/p>\n","protected":false},"excerpt":{"rendered":"<p>Erzincan\u2019a Girdim T\u00fcrk\u00fcs\u00fc\u201cErzincan\u2019a girdim ne g\u00fczel ba\u011flar.\u201d, Erzincan Halk T\u00fcrk\u00fcleri i\u00e7inde en \u00e7ok sevilen bir uzun havad\u0131r. G\u00fczel oldu\u011fu kadar da ac\u0131 bir ger\u00e7e\u011fi dile getirir. Erzincan, yemye\u015fil beldelerimizden biridir. I. D\u00fcnya Sava\u015f\u0131 y\u0131llar\u0131nda bu \u201cg\u00fczel ba\u011flar\u201d da t\u0131pk\u0131 o g\u00fcnk\u00fc Erzincanl\u0131lar gibi h\u00fcz\u00fcnl\u00fcyd\u00fc . \u00c7\u00fcnk\u00fc bu ba\u011flar terk ediliyordu. 1916 y\u0131l\u0131nda, Ruslar Erzurum\u2019u alm\u0131\u015f [&hellip;]<\/p>\n","protected":false},"author":1,"featured_media":0,"comment_status":"open","ping_status":"open","sticky":false,"template":"","format":"standard","meta":{"footnotes":""},"categories":[55],"tags":[],"class_list":{"0":"post-421","1":"post","2":"type-post","3":"status-publish","4":"format-standard","6":"category-oykuleriyle-turkuler"},"yoast_head":"<!-- This site is optimized with the Yoast SEO Premium plugin v24.9 (Yoast SEO v24.9) - https:\/\/yoast.com\/wordpress\/plugins\/seo\/ -->\n<title>Erzincan\u2019a Girdim T\u00fcrk\u00fcs\u00fc - narteks.net<\/title>\n<meta name=\"robots\" content=\"index, follow, max-snippet:-1, max-image-preview:large, max-video-preview:-1\" \/>\n<link rel=\"canonical\" href=\"https:\/\/narteks.net\/index.php\/2009\/03\/13\/erzincan-a-girdim-turkusu\/\" \/>\n<meta property=\"og:locale\" content=\"tr_TR\" \/>\n<meta property=\"og:type\" content=\"article\" \/>\n<meta property=\"og:title\" content=\"Erzincan\u2019a Girdim T\u00fcrk\u00fcs\u00fc\" \/>\n<meta property=\"og:description\" content=\"Erzincan\u2019a Girdim T\u00fcrk\u00fcs\u00fc\u201cErzincan\u2019a girdim ne g\u00fczel ba\u011flar.\u201d, Erzincan Halk T\u00fcrk\u00fcleri i\u00e7inde en \u00e7ok sevilen bir uzun havad\u0131r. G\u00fczel oldu\u011fu kadar da ac\u0131 bir ger\u00e7e\u011fi dile getirir. Erzincan, yemye\u015fil beldelerimizden biridir. I. D\u00fcnya Sava\u015f\u0131 y\u0131llar\u0131nda bu \u201cg\u00fczel ba\u011flar\u201d da t\u0131pk\u0131 o g\u00fcnk\u00fc Erzincanl\u0131lar gibi h\u00fcz\u00fcnl\u00fcyd\u00fc . \u00c7\u00fcnk\u00fc bu ba\u011flar terk ediliyordu. 1916 y\u0131l\u0131nda, Ruslar Erzurum\u2019u alm\u0131\u015f [&hellip;]\" \/>\n<meta property=\"og:url\" content=\"https:\/\/narteks.net\/index.php\/2009\/03\/13\/erzincan-a-girdim-turkusu\/\" \/>\n<meta property=\"og:site_name\" content=\"narteks.net\" \/>\n<meta property=\"article:published_time\" content=\"2009-03-13T11:04:58+00:00\" \/>\n<meta property=\"og:image\" content=\"https:\/\/narteks.net\/wp-content\/uploads\/narteks.png\" \/>\n\t<meta property=\"og:image:width\" content=\"300\" \/>\n\t<meta property=\"og:image:height\" content=\"90\" \/>\n\t<meta property=\"og:image:type\" content=\"image\/png\" \/>\n<meta name=\"author\" content=\"Tar\u0131k\" \/>\n<meta name=\"twitter:card\" content=\"summary_large_image\" \/>\n<meta name=\"twitter:creator\" content=\"@narteks\" \/>\n<meta name=\"twitter:site\" content=\"@narteks\" \/>\n<meta name=\"twitter:label1\" content=\"Yazan:\" \/>\n\t<meta name=\"twitter:data1\" content=\"Tar\u0131k\" \/>\n\t<meta name=\"twitter:label2\" content=\"Tahmini okuma s\u00fcresi\" \/>\n\t<meta name=\"twitter:data2\" content=\"1 dakika\" \/>\n<script type=\"application\/ld+json\" class=\"yoast-schema-graph\">{\"@context\":\"https:\/\/schema.org\",\"@graph\":[{\"@type\":\"Article\",\"@id\":\"https:\/\/narteks.net\/index.php\/2009\/03\/13\/erzincan-a-girdim-turkusu\/#article\",\"isPartOf\":{\"@id\":\"https:\/\/narteks.net\/index.php\/2009\/03\/13\/erzincan-a-girdim-turkusu\/\"},\"author\":{\"name\":\"Tar\u0131k\",\"@id\":\"https:\/\/narteks.net\/#\/schema\/person\/61f37d9834294b72d31d274e7ed79bca\"},\"headline\":\"Erzincan\u2019a Girdim T\u00fcrk\u00fcs\u00fc\",\"datePublished\":\"2009-03-13T11:04:58+00:00\",\"mainEntityOfPage\":{\"@id\":\"https:\/\/narteks.net\/index.php\/2009\/03\/13\/erzincan-a-girdim-turkusu\/\"},\"wordCount\":242,\"commentCount\":0,\"publisher\":{\"@id\":\"https:\/\/narteks.net\/#organization\"},\"articleSection\":[\"\u00d6yk\u00fcleriyle T\u00fcrk\u00fcler\"],\"inLanguage\":\"tr\",\"potentialAction\":[{\"@type\":\"CommentAction\",\"name\":\"Comment\",\"target\":[\"https:\/\/narteks.net\/index.php\/2009\/03\/13\/erzincan-a-girdim-turkusu\/#respond\"]}]},{\"@type\":\"WebPage\",\"@id\":\"https:\/\/narteks.net\/index.php\/2009\/03\/13\/erzincan-a-girdim-turkusu\/\",\"url\":\"https:\/\/narteks.net\/index.php\/2009\/03\/13\/erzincan-a-girdim-turkusu\/\",\"name\":\"Erzincan\u2019a Girdim T\u00fcrk\u00fcs\u00fc - narteks.net\",\"isPartOf\":{\"@id\":\"https:\/\/narteks.net\/#website\"},\"datePublished\":\"2009-03-13T11:04:58+00:00\",\"breadcrumb\":{\"@id\":\"https:\/\/narteks.net\/index.php\/2009\/03\/13\/erzincan-a-girdim-turkusu\/#breadcrumb\"},\"inLanguage\":\"tr\",\"potentialAction\":[{\"@type\":\"ReadAction\",\"target\":[\"https:\/\/narteks.net\/index.php\/2009\/03\/13\/erzincan-a-girdim-turkusu\/\"]}]},{\"@type\":\"BreadcrumbList\",\"@id\":\"https:\/\/narteks.net\/index.php\/2009\/03\/13\/erzincan-a-girdim-turkusu\/#breadcrumb\",\"itemListElement\":[{\"@type\":\"ListItem\",\"position\":1,\"name\":\"Anasayfa\",\"item\":\"https:\/\/narteks.net\/\"},{\"@type\":\"ListItem\",\"position\":2,\"name\":\"Erzincan\u2019a Girdim T\u00fcrk\u00fcs\u00fc\"}]},{\"@type\":\"WebSite\",\"@id\":\"https:\/\/narteks.net\/#website\",\"url\":\"https:\/\/narteks.net\/\",\"name\":\"narteks.net\",\"description\":\"K\u00fclt\u00fcr Sanat Edebiyat Felsefe\",\"publisher\":{\"@id\":\"https:\/\/narteks.net\/#organization\"},\"alternateName\":\"K\u00fclt\u00fcr Sanat Edebiyat Felsefe\",\"potentialAction\":[{\"@type\":\"SearchAction\",\"target\":{\"@type\":\"EntryPoint\",\"urlTemplate\":\"https:\/\/narteks.net\/?s={search_term_string}\"},\"query-input\":{\"@type\":\"PropertyValueSpecification\",\"valueRequired\":true,\"valueName\":\"search_term_string\"}}],\"inLanguage\":\"tr\"},{\"@type\":\"Organization\",\"@id\":\"https:\/\/narteks.net\/#organization\",\"name\":\"narteks.net\",\"url\":\"https:\/\/narteks.net\/\",\"logo\":{\"@type\":\"ImageObject\",\"inLanguage\":\"tr\",\"@id\":\"https:\/\/narteks.net\/#\/schema\/logo\/image\/\",\"url\":\"https:\/\/narteks.net\/wp-content\/uploads\/narteks.png\",\"contentUrl\":\"https:\/\/narteks.net\/wp-content\/uploads\/narteks.png\",\"width\":300,\"height\":90,\"caption\":\"narteks.net\"},\"image\":{\"@id\":\"https:\/\/narteks.net\/#\/schema\/logo\/image\/\"},\"sameAs\":[\"https:\/\/x.com\/narteks\",\"https:\/\/instagram.com\/narteksnet\"]},{\"@type\":\"Person\",\"@id\":\"https:\/\/narteks.net\/#\/schema\/person\/61f37d9834294b72d31d274e7ed79bca\",\"name\":\"Tar\u0131k\",\"image\":{\"@type\":\"ImageObject\",\"inLanguage\":\"tr\",\"@id\":\"https:\/\/narteks.net\/#\/schema\/person\/image\/\",\"url\":\"https:\/\/secure.gravatar.com\/avatar\/50865afb55632c4ae467e0af0930f6510aa2297d8014be502a55b14f3b7550cf?s=96&d=mm&r=g\",\"contentUrl\":\"https:\/\/secure.gravatar.com\/avatar\/50865afb55632c4ae467e0af0930f6510aa2297d8014be502a55b14f3b7550cf?s=96&d=mm&r=g\",\"caption\":\"Tar\u0131k\"},\"sameAs\":[\"http:\/\/narteks.net\"],\"url\":\"https:\/\/narteks.net\/index.php\/author\/narbak\/\"}]}<\/script>\n<!-- \/ Yoast SEO Premium plugin. -->","yoast_head_json":{"title":"Erzincan\u2019a Girdim T\u00fcrk\u00fcs\u00fc - narteks.net","robots":{"index":"index","follow":"follow","max-snippet":"max-snippet:-1","max-image-preview":"max-image-preview:large","max-video-preview":"max-video-preview:-1"},"canonical":"https:\/\/narteks.net\/index.php\/2009\/03\/13\/erzincan-a-girdim-turkusu\/","og_locale":"tr_TR","og_type":"article","og_title":"Erzincan\u2019a Girdim T\u00fcrk\u00fcs\u00fc","og_description":"Erzincan\u2019a Girdim T\u00fcrk\u00fcs\u00fc\u201cErzincan\u2019a girdim ne g\u00fczel ba\u011flar.\u201d, Erzincan Halk T\u00fcrk\u00fcleri i\u00e7inde en \u00e7ok sevilen bir uzun havad\u0131r. G\u00fczel oldu\u011fu kadar da ac\u0131 bir ger\u00e7e\u011fi dile getirir. Erzincan, yemye\u015fil beldelerimizden biridir. I. D\u00fcnya Sava\u015f\u0131 y\u0131llar\u0131nda bu \u201cg\u00fczel ba\u011flar\u201d da t\u0131pk\u0131 o g\u00fcnk\u00fc Erzincanl\u0131lar gibi h\u00fcz\u00fcnl\u00fcyd\u00fc . \u00c7\u00fcnk\u00fc bu ba\u011flar terk ediliyordu. 1916 y\u0131l\u0131nda, Ruslar Erzurum\u2019u alm\u0131\u015f [&hellip;]","og_url":"https:\/\/narteks.net\/index.php\/2009\/03\/13\/erzincan-a-girdim-turkusu\/","og_site_name":"narteks.net","article_published_time":"2009-03-13T11:04:58+00:00","og_image":[{"width":300,"height":90,"url":"https:\/\/narteks.net\/wp-content\/uploads\/narteks.png","type":"image\/png"}],"author":"Tar\u0131k","twitter_card":"summary_large_image","twitter_creator":"@narteks","twitter_site":"@narteks","twitter_misc":{"Yazan:":"Tar\u0131k","Tahmini okuma s\u00fcresi":"1 dakika"},"schema":{"@context":"https:\/\/schema.org","@graph":[{"@type":"Article","@id":"https:\/\/narteks.net\/index.php\/2009\/03\/13\/erzincan-a-girdim-turkusu\/#article","isPartOf":{"@id":"https:\/\/narteks.net\/index.php\/2009\/03\/13\/erzincan-a-girdim-turkusu\/"},"author":{"name":"Tar\u0131k","@id":"https:\/\/narteks.net\/#\/schema\/person\/61f37d9834294b72d31d274e7ed79bca"},"headline":"Erzincan\u2019a Girdim T\u00fcrk\u00fcs\u00fc","datePublished":"2009-03-13T11:04:58+00:00","mainEntityOfPage":{"@id":"https:\/\/narteks.net\/index.php\/2009\/03\/13\/erzincan-a-girdim-turkusu\/"},"wordCount":242,"commentCount":0,"publisher":{"@id":"https:\/\/narteks.net\/#organization"},"articleSection":["\u00d6yk\u00fcleriyle T\u00fcrk\u00fcler"],"inLanguage":"tr","potentialAction":[{"@type":"CommentAction","name":"Comment","target":["https:\/\/narteks.net\/index.php\/2009\/03\/13\/erzincan-a-girdim-turkusu\/#respond"]}]},{"@type":"WebPage","@id":"https:\/\/narteks.net\/index.php\/2009\/03\/13\/erzincan-a-girdim-turkusu\/","url":"https:\/\/narteks.net\/index.php\/2009\/03\/13\/erzincan-a-girdim-turkusu\/","name":"Erzincan\u2019a Girdim T\u00fcrk\u00fcs\u00fc - narteks.net","isPartOf":{"@id":"https:\/\/narteks.net\/#website"},"datePublished":"2009-03-13T11:04:58+00:00","breadcrumb":{"@id":"https:\/\/narteks.net\/index.php\/2009\/03\/13\/erzincan-a-girdim-turkusu\/#breadcrumb"},"inLanguage":"tr","potentialAction":[{"@type":"ReadAction","target":["https:\/\/narteks.net\/index.php\/2009\/03\/13\/erzincan-a-girdim-turkusu\/"]}]},{"@type":"BreadcrumbList","@id":"https:\/\/narteks.net\/index.php\/2009\/03\/13\/erzincan-a-girdim-turkusu\/#breadcrumb","itemListElement":[{"@type":"ListItem","position":1,"name":"Anasayfa","item":"https:\/\/narteks.net\/"},{"@type":"ListItem","position":2,"name":"Erzincan\u2019a Girdim T\u00fcrk\u00fcs\u00fc"}]},{"@type":"WebSite","@id":"https:\/\/narteks.net\/#website","url":"https:\/\/narteks.net\/","name":"narteks.net","description":"K\u00fclt\u00fcr Sanat Edebiyat Felsefe","publisher":{"@id":"https:\/\/narteks.net\/#organization"},"alternateName":"K\u00fclt\u00fcr Sanat Edebiyat Felsefe","potentialAction":[{"@type":"SearchAction","target":{"@type":"EntryPoint","urlTemplate":"https:\/\/narteks.net\/?s={search_term_string}"},"query-input":{"@type":"PropertyValueSpecification","valueRequired":true,"valueName":"search_term_string"}}],"inLanguage":"tr"},{"@type":"Organization","@id":"https:\/\/narteks.net\/#organization","name":"narteks.net","url":"https:\/\/narteks.net\/","logo":{"@type":"ImageObject","inLanguage":"tr","@id":"https:\/\/narteks.net\/#\/schema\/logo\/image\/","url":"https:\/\/narteks.net\/wp-content\/uploads\/narteks.png","contentUrl":"https:\/\/narteks.net\/wp-content\/uploads\/narteks.png","width":300,"height":90,"caption":"narteks.net"},"image":{"@id":"https:\/\/narteks.net\/#\/schema\/logo\/image\/"},"sameAs":["https:\/\/x.com\/narteks","https:\/\/instagram.com\/narteksnet"]},{"@type":"Person","@id":"https:\/\/narteks.net\/#\/schema\/person\/61f37d9834294b72d31d274e7ed79bca","name":"Tar\u0131k","image":{"@type":"ImageObject","inLanguage":"tr","@id":"https:\/\/narteks.net\/#\/schema\/person\/image\/","url":"https:\/\/secure.gravatar.com\/avatar\/50865afb55632c4ae467e0af0930f6510aa2297d8014be502a55b14f3b7550cf?s=96&d=mm&r=g","contentUrl":"https:\/\/secure.gravatar.com\/avatar\/50865afb55632c4ae467e0af0930f6510aa2297d8014be502a55b14f3b7550cf?s=96&d=mm&r=g","caption":"Tar\u0131k"},"sameAs":["http:\/\/narteks.net"],"url":"https:\/\/narteks.net\/index.php\/author\/narbak\/"}]}},"_links":{"self":[{"href":"https:\/\/narteks.net\/index.php\/wp-json\/wp\/v2\/posts\/421","targetHints":{"allow":["GET"]}}],"collection":[{"href":"https:\/\/narteks.net\/index.php\/wp-json\/wp\/v2\/posts"}],"about":[{"href":"https:\/\/narteks.net\/index.php\/wp-json\/wp\/v2\/types\/post"}],"author":[{"embeddable":true,"href":"https:\/\/narteks.net\/index.php\/wp-json\/wp\/v2\/users\/1"}],"replies":[{"embeddable":true,"href":"https:\/\/narteks.net\/index.php\/wp-json\/wp\/v2\/comments?post=421"}],"version-history":[{"count":0,"href":"https:\/\/narteks.net\/index.php\/wp-json\/wp\/v2\/posts\/421\/revisions"}],"wp:attachment":[{"href":"https:\/\/narteks.net\/index.php\/wp-json\/wp\/v2\/media?parent=421"}],"wp:term":[{"taxonomy":"category","embeddable":true,"href":"https:\/\/narteks.net\/index.php\/wp-json\/wp\/v2\/categories?post=421"},{"taxonomy":"post_tag","embeddable":true,"href":"https:\/\/narteks.net\/index.php\/wp-json\/wp\/v2\/tags?post=421"}],"curies":[{"name":"wp","href":"https:\/\/api.w.org\/{rel}","templated":true}]}}