{"id":422,"date":"2009-03-13T14:06:41","date_gmt":"2009-03-13T11:06:41","guid":{"rendered":"http:\/\/localhost\/wordpress\/2009\/03\/13\/ferayi-dir-kizin-adi\/"},"modified":"2009-03-13T14:06:41","modified_gmt":"2009-03-13T11:06:41","slug":"ferayi-dir-kizin-adi","status":"publish","type":"post","link":"https:\/\/narteks.net\/index.php\/2009\/03\/13\/ferayi-dir-kizin-adi\/","title":{"rendered":"Ferayi&#8217;dir K\u0131z\u0131n Ad\u0131"},"content":{"rendered":"<p style=\"text-align: justify;\"><span style=\"font-size: 14pt;\"><strong> Ferayi&#8217;dir K\u0131z\u0131n Ad\u0131<\/strong><\/span><\/p>\n<p>\u015eu bizim Mil\u00e2s, tarih boyunca iki uygarl\u0131\u011fa ba\u015fkentlik etmi\u015ftir. \u0130lkin Halikarnassos&#8217;tan (Bodrum&#8217;dan) \u00f6nce Karya Krall\u0131\u011f\u0131na; daha s\u00f6nra da Mente\u015fe Beyli\u011fine.<\/p>\n<p>Mente\u015fe beylerinden Yakup&#8217;un o\u011flu \u0130lyas, av merakl\u0131s\u0131, da\u011flar sevdal\u0131s\u0131ym\u0131\u015f. Silah\u0131n\u0131 omuzlad\u0131\u011f\u0131 gibi, da\u011flara d\u00fc\u015fermi\u015f. O da\u011f senin, bu da\u011f benim. Hani, bizim Mu\u011fla&#8217;m\u0131z\u0131n da\u011flar\u0131 da da\u011fd\u0131r ha. Adam, avc\u0131 olmasa bile a\u00e7 kalmaz Mu\u011fla da\u011flar\u0131nda. Mevsimine g\u00f6re \u00e7\u0131ntar (mantar) toplar, k\u00f6zde kebap edip yer. Mersindi, \u00e7ilekti, geyik elmas\u0131yd\u0131, haruptu, incirdi; doyurur karn\u0131n\u0131. S\u00f6z\u00fcn ak\u0131\u015f\u0131n\u0131 de\u011fi\u015ftirmiyelim; \u0130lyas Bey&#8217;den anlat\u0131yorduk: Bu \u0130lyas Bey, bir ilkyaz g\u00fcn\u00fc Mu\u011fla da\u011flar\u0131nda av ard\u0131nda ko\u015fuyormu\u015f. G\u00f6ktepe dolaylar\u0131nda olacak; d\u00fcnya g\u00fczeli bir Y\u00f6r\u00fck k\u0131z\u0131na rasgelmi\u015f. Bilinir ki; Y\u00f6r\u00fckler yaz\u0131 yaylada, k\u0131\u015f\u0131 yaz\u0131da (ovada) ge\u00e7irirler. \u0130lyas Bey; bu becene(\u0131ss\u0131z) da\u011f ba\u015f\u0131nda bir g\u00fczeller g\u00fczeliyle kar\u015f\u0131la\u015f\u0131nca \u015fa\u015f\u0131rm\u0131\u015f:<\/p>\n<p>&#8211; \u0130n misin, cin misin? diye sormu\u015f. K\u0131z:<br \/>&#8211; Ne in&#8217;im, ne cin! Sencileyin bir insan\u0131m.<br \/>&#8211; Peki, ne ar\u0131yorsun bu da\u011f ba\u015f\u0131nda?<br \/>&#8211; Kuzular\u0131m\u0131, o\u011flaklar\u0131m\u0131 g\u00fcderim. Ya sen?<br \/>&#8211; Ben mi? av avlay\u0131p ku\u015f ku\u015flard\u0131m ki; bug\u00fcn baht\u0131m kar\u015f\u0131ma seni \u00e7\u0131kard\u0131. Ad\u0131n ne senin?<br \/>&#8211; Ferayi.<br \/>&#8211; Ferayi. Ferayi. Ferayi&#8230;<br \/>&#8211; Benim T\u00fcrkmen ad\u0131m\u0131 Beyenmedin yal\u0131m &#8220;galiba&#8221;?<br \/>&#8211; Yoo. \u00c7ok Beyendim de, Beyendi\u011fimden, d\u00fc\u015f\u00fcrmem ad\u0131n\u0131 dilimden.<br \/>&#8211; Ya senin ad\u0131n ne? Neyin nesi, kimin fesisin?<br \/>&#8211; Ad\u0131m \u0130lyas. Yakup beyin o\u011flu.<br \/>&#8211; Ooo. Beyimizin o\u011flu beyimiz onurland\u0131rm\u0131\u015f obam\u0131z\u0131n kondu\u011fu yerleri. Ne mutluluk can\u0131m\u0131za. Hadi, \u00e7ad\u0131r\u0131m\u0131za buyur da, bir tas ayran sunay\u0131m sana. A\u00e7s\u0131nd\u0131r, \u00e7\u00f6kelek \u00e7\u0131karay\u0131m.<\/p>\n<p>\u0130lyas Bey, Ferayi&#8217;nin sundu\u011fu \u00e7\u00f6kele\u011fi bazlamaya sar\u0131p yemi\u015f, tas tas ayran i\u00e7mi\u015f. Bir yadan da, Ferayi&#8217;yle evlenmeyi kafas\u0131na koymu\u015f, i\u00e7ini a\u00e7m\u0131\u015f:<\/p>\n<p>&#8211; Benle evlenir misin Ferayi?<br \/>&#8211; Bunu anam-atamla konu\u015fman gerek bey..<\/p>\n<p>\u0130lyas Bey d\u00f6nm\u00fc\u015f Milas&#8217;a. Anas\u0131na iletmi\u015f karar\u0131n\u0131:<\/p>\n<p>&#8211; Ana can, hep, benim evlenmemi ister durursun de\u011fil mi?<br \/>&#8211; Hemde nas\u0131l! Hayrola, buldun mu yoksa g\u00f6nl\u00fcn\u00fcn sultan\u0131n\u0131?<br \/>&#8211; Buldum ana. Senden dile\u011fim odur ki; dile\u011fimi bey babama a\u00e7as\u0131n.<br \/>&#8211; Olur o\u011ful. Kim ki gelinimiz olacak k\u0131z?<br \/>&#8211; G\u00f6ktepe&#8217;de oba kurmu\u015f Y\u00f6r\u00fck k\u0131z\u0131 Ferayi.<\/p>\n<p>Yakup bey, adamlar\u0131ndan birka\u00e7\u0131n\u0131 yan\u0131na al\u0131p, varm\u0131\u015f, Ferayi&#8217;nin obas\u0131na. Ho\u015f-be\u015ften sonra da \u00e7\u0131kar\u0131n\u0131\u015f a\u011fz\u0131nda baklay\u0131:<\/p>\n<p>&#8211; Geli\u015fimiz \u015fundand\u0131r ki; diye s\u00f6ze ba\u015flam\u0131\u015f&#8230; &#8220;Bah\u00e7enizdeki g\u00fcl\u00fc dermeye geldik, sizinle karde\u015flik olmaya geldik&#8230; O\u011flum bir Beyenmi\u015f Ferayi&#8217;yi, ben iki Beyendim&#8230;&#8221;<\/p>\n<p>Bey bu, s\u00f6z\u00fc buyruktur. Ferayi&#8217;nin babas\u0131 da m\u0131r\u0131n-k\u0131r\u0131n etmemi\u015f:<br \/>&#8211; Civan o\u011flun \u0130lyas&#8217;a k\u0131z vermek, obam\u0131za \u015fan verir, demi\u015f.<\/p>\n<p>D\u00fc\u011f\u00fcn haz\u0131rl\u0131klar\u0131na tezelden ba\u015flanmas\u0131 kararla\u015ft\u0131r\u0131ld\u0131ktan sonra konuklar daha oturmam\u0131\u015flar. Mu\u015ftuyu \u0130lyas&#8217;a ve halka vermek i\u00e7in, Mil\u00e2s&#8217;a do\u011fru yola koyulmu\u015flar.<\/p>\n<p>Onlar obadan uzakla\u015f\u0131rken, Ferayi&#8217;nin a\u011fabeyi M\u0131st\u0131k d\u00f6nm\u00fc\u015f s\u00fcr\u00fcy\u00fc yaylatmaktan. Neler olup bitti\u011fini sormu\u015f babas\u0131na. Babas\u0131:<br \/>&#8211; Obam\u0131z\u0131n ba\u015f\u0131na devlet ku\u015fu kondu o\u011ful! diye girmi\u015f s\u00f6ze; &#8220;Yakup Beyo\u011flu \u0130lyas Bey, bac\u0131n Ferayi&#8217;ye g\u00f6n\u00fcl koymu\u015f ki; babas\u0131 Ferayi&#8217;yi istemeye gelmi\u015f&#8230;&#8221;<\/p>\n<p>M\u0131st\u0131k:<br \/>&#8211; O \u0130lyas olacak beyo\u011flu Ferayi&#8217;yi nerde g\u00f6rm\u00fc\u015f? demi\u015f ve &#8220;Anla\u015f\u0131lan Ferayi onunla yavuklanmadan (ni\u015fanlanmadan) g\u00f6r\u00fc\u015fm\u00fc\u015f. Ben bunu ar ederim. \u0130lyas kendine ba\u015fka k\u0131smet aras\u0131n&#8221; diye eklemi\u015f. Nice \u0131srar etmi\u015flerse de, &#8220;nal&#8221; demi\u015f, &#8220;m\u0131h&#8221; dememi\u015f M\u0131st\u0131k.<\/p>\n<p>&#8211; Ferayi, bakm\u0131\u015f ki ba\u015fka yol yok; haber salm\u0131\u015f \u0130lyas Bey&#8217;e:<br \/>&#8220;- Beni falan g\u00fcn Kanl\u0131 Kapuz&#8217;un (kanyonun) a\u011fz\u0131nda bekle. Ben \u00e7eyizimi sar\u0131 mayaya (di\u015fi deveye) y\u00fckler gelirim. Ordan da ka\u00e7ar\u0131z birlikte&#8230;&#8221; \u0130lyas Bey, atlam\u0131\u015f at\u0131na, kavil (bulu\u015fma) yerine do\u011fru yola d\u00fcz\u00fclm\u00fc\u015f. Gelin g\u00f6r\u00fcn ki; M\u0131st\u0131k sezmi\u015f olan biteni. \u0130zlemi\u015f Ferayi&#8217;yi. Kanl\u0131 Kapuz&#8217;un ba\u015f\u0131nda yakalam\u0131\u015f. &#8220;Demek \u0130lyas&#8217;la ka\u00e7acaks\u0131n ha?&#8221; diyerek, \u00e7ekmi\u015f b\u0131\u00e7a\u011f\u0131n\u0131, delik-de\u015fik etmi\u015f biricik bac\u0131s\u0131n\u0131. Sonra da kendini, kapusun kara derinliklerine atm\u0131\u015f. \u0130lyas bey kavil yerinde, \u00e7eyiz y\u00fckl\u00fc sar\u0131 mayay\u0131 ba\u015f\u0131bo\u015f g\u00f6r\u00fcnce, y\u00fcre\u011fi a\u011fz\u0131na gelmi\u015f. Az sonra da Ferayi&#8217;nin, al kanlar i\u00e7indeki \u00f6l\u00fcs\u00fcn\u00fc bulmu\u015f. Bunun \u00fczerine \u0130lyas Bey ne yapm\u0131\u015f, bilmiyoruz. Bildi\u011fimiz bir yey var: Halk usta, bu ac\u0131l\u0131 \u00f6yk\u00fcy\u00fc t\u00fcrk\u00fcle\u015ftirmi\u015f, d\u00fcnya durduk\u00e7a \u00e7\u0131\u011fr\u0131ls\u0131n; sevenlerin aras\u0131na kimse girmesin diye: <\/p>\n<p>Ferayidir g\u0131z\u0131n ad\u0131 Ferayi de yand\u0131m aman<br \/>Esmer yarim de aman da Ferayi<br \/>T\u00fcrkmen de g\u0131z\u0131,katarlam\u0131\u015f mayay\u0131 of yand\u0131m aman<br \/>Esmer yarim de aman da mayay\u0131<br \/>Ninni ninna,ninni ninnana,nininih,ninaynam<br \/>Aman da aman Ferayi<\/p>\n<p>Demirciler demir d\u00f6\u011fer,tuncolur \u00f6f yand\u0131m aman<br \/>Esmer yarim de aman da tuncolur<br \/>Sevip sevip ayr\u0131lmas\u0131,g\u00fccolur \u00f6f yand\u0131m aman<br \/>Esmer yarim de aman da g\u00fccolur <\/p>\n<p>Kaynak:<br \/>Ahmet G\u00fcnday<br \/>Ba\u011flama Metodu<br \/>Notalar\u0131 ile Halk T\u00fcrk\u00fcleri<br \/>ve T\u00fcrk\u00fc Hikayeleri\u00a0\u00a0\u00a0\u00a0 Nisan 1977<\/p>\n","protected":false},"excerpt":{"rendered":"<p>Ferayi&#8217;dir K\u0131z\u0131n Ad\u0131 \u015eu bizim Mil\u00e2s, tarih boyunca iki uygarl\u0131\u011fa ba\u015fkentlik etmi\u015ftir. \u0130lkin Halikarnassos&#8217;tan (Bodrum&#8217;dan) \u00f6nce Karya Krall\u0131\u011f\u0131na; daha s\u00f6nra da Mente\u015fe Beyli\u011fine. Mente\u015fe beylerinden Yakup&#8217;un o\u011flu \u0130lyas, av merakl\u0131s\u0131, da\u011flar sevdal\u0131s\u0131ym\u0131\u015f. Silah\u0131n\u0131 omuzlad\u0131\u011f\u0131 gibi, da\u011flara d\u00fc\u015fermi\u015f. O da\u011f senin, bu da\u011f benim. Hani, bizim Mu\u011fla&#8217;m\u0131z\u0131n da\u011flar\u0131 da da\u011fd\u0131r ha. Adam, avc\u0131 olmasa bile a\u00e7 [&hellip;]<\/p>\n","protected":false},"author":1,"featured_media":0,"comment_status":"open","ping_status":"open","sticky":false,"template":"","format":"standard","meta":{"footnotes":""},"categories":[55],"tags":[],"class_list":{"0":"post-422","1":"post","2":"type-post","3":"status-publish","4":"format-standard","6":"category-oykuleriyle-turkuler"},"yoast_head":"<!-- This site is optimized with the Yoast SEO Premium plugin v24.9 (Yoast SEO v24.9) - https:\/\/yoast.com\/wordpress\/plugins\/seo\/ -->\n<title>Ferayi&#039;dir K\u0131z\u0131n Ad\u0131 - narteks.net<\/title>\n<meta name=\"robots\" content=\"index, follow, max-snippet:-1, max-image-preview:large, max-video-preview:-1\" \/>\n<link rel=\"canonical\" href=\"https:\/\/narteks.net\/index.php\/2009\/03\/13\/ferayi-dir-kizin-adi\/\" \/>\n<meta property=\"og:locale\" content=\"tr_TR\" \/>\n<meta property=\"og:type\" content=\"article\" \/>\n<meta property=\"og:title\" content=\"Ferayi&#039;dir K\u0131z\u0131n Ad\u0131\" \/>\n<meta property=\"og:description\" content=\"Ferayi&#8217;dir K\u0131z\u0131n Ad\u0131 \u015eu bizim Mil\u00e2s, tarih boyunca iki uygarl\u0131\u011fa ba\u015fkentlik etmi\u015ftir. \u0130lkin Halikarnassos&#8217;tan (Bodrum&#8217;dan) \u00f6nce Karya Krall\u0131\u011f\u0131na; daha s\u00f6nra da Mente\u015fe Beyli\u011fine. Mente\u015fe beylerinden Yakup&#8217;un o\u011flu \u0130lyas, av merakl\u0131s\u0131, da\u011flar sevdal\u0131s\u0131ym\u0131\u015f. Silah\u0131n\u0131 omuzlad\u0131\u011f\u0131 gibi, da\u011flara d\u00fc\u015fermi\u015f. O da\u011f senin, bu da\u011f benim. Hani, bizim Mu\u011fla&#8217;m\u0131z\u0131n da\u011flar\u0131 da da\u011fd\u0131r ha. Adam, avc\u0131 olmasa bile a\u00e7 [&hellip;]\" \/>\n<meta property=\"og:url\" content=\"https:\/\/narteks.net\/index.php\/2009\/03\/13\/ferayi-dir-kizin-adi\/\" \/>\n<meta property=\"og:site_name\" content=\"narteks.net\" \/>\n<meta property=\"article:published_time\" content=\"2009-03-13T11:06:41+00:00\" \/>\n<meta property=\"og:image\" content=\"https:\/\/narteks.net\/wp-content\/uploads\/narteks.png\" \/>\n\t<meta property=\"og:image:width\" content=\"300\" \/>\n\t<meta property=\"og:image:height\" content=\"90\" \/>\n\t<meta property=\"og:image:type\" content=\"image\/png\" \/>\n<meta name=\"author\" content=\"Tar\u0131k\" \/>\n<meta name=\"twitter:card\" content=\"summary_large_image\" \/>\n<meta name=\"twitter:creator\" content=\"@narteks\" \/>\n<meta name=\"twitter:site\" content=\"@narteks\" \/>\n<meta name=\"twitter:label1\" content=\"Yazan:\" \/>\n\t<meta name=\"twitter:data1\" content=\"Tar\u0131k\" \/>\n\t<meta name=\"twitter:label2\" content=\"Tahmini okuma s\u00fcresi\" \/>\n\t<meta name=\"twitter:data2\" content=\"5 dakika\" \/>\n<script type=\"application\/ld+json\" class=\"yoast-schema-graph\">{\"@context\":\"https:\/\/schema.org\",\"@graph\":[{\"@type\":\"Article\",\"@id\":\"https:\/\/narteks.net\/index.php\/2009\/03\/13\/ferayi-dir-kizin-adi\/#article\",\"isPartOf\":{\"@id\":\"https:\/\/narteks.net\/index.php\/2009\/03\/13\/ferayi-dir-kizin-adi\/\"},\"author\":{\"name\":\"Tar\u0131k\",\"@id\":\"https:\/\/narteks.net\/#\/schema\/person\/61f37d9834294b72d31d274e7ed79bca\"},\"headline\":\"Ferayi&#8217;dir K\u0131z\u0131n Ad\u0131\",\"datePublished\":\"2009-03-13T11:06:41+00:00\",\"mainEntityOfPage\":{\"@id\":\"https:\/\/narteks.net\/index.php\/2009\/03\/13\/ferayi-dir-kizin-adi\/\"},\"wordCount\":921,\"commentCount\":0,\"publisher\":{\"@id\":\"https:\/\/narteks.net\/#organization\"},\"articleSection\":[\"\u00d6yk\u00fcleriyle T\u00fcrk\u00fcler\"],\"inLanguage\":\"tr\",\"potentialAction\":[{\"@type\":\"CommentAction\",\"name\":\"Comment\",\"target\":[\"https:\/\/narteks.net\/index.php\/2009\/03\/13\/ferayi-dir-kizin-adi\/#respond\"]}]},{\"@type\":\"WebPage\",\"@id\":\"https:\/\/narteks.net\/index.php\/2009\/03\/13\/ferayi-dir-kizin-adi\/\",\"url\":\"https:\/\/narteks.net\/index.php\/2009\/03\/13\/ferayi-dir-kizin-adi\/\",\"name\":\"Ferayi'dir K\u0131z\u0131n Ad\u0131 - narteks.net\",\"isPartOf\":{\"@id\":\"https:\/\/narteks.net\/#website\"},\"datePublished\":\"2009-03-13T11:06:41+00:00\",\"breadcrumb\":{\"@id\":\"https:\/\/narteks.net\/index.php\/2009\/03\/13\/ferayi-dir-kizin-adi\/#breadcrumb\"},\"inLanguage\":\"tr\",\"potentialAction\":[{\"@type\":\"ReadAction\",\"target\":[\"https:\/\/narteks.net\/index.php\/2009\/03\/13\/ferayi-dir-kizin-adi\/\"]}]},{\"@type\":\"BreadcrumbList\",\"@id\":\"https:\/\/narteks.net\/index.php\/2009\/03\/13\/ferayi-dir-kizin-adi\/#breadcrumb\",\"itemListElement\":[{\"@type\":\"ListItem\",\"position\":1,\"name\":\"Anasayfa\",\"item\":\"https:\/\/narteks.net\/\"},{\"@type\":\"ListItem\",\"position\":2,\"name\":\"Ferayi&#8217;dir K\u0131z\u0131n Ad\u0131\"}]},{\"@type\":\"WebSite\",\"@id\":\"https:\/\/narteks.net\/#website\",\"url\":\"https:\/\/narteks.net\/\",\"name\":\"narteks.net\",\"description\":\"K\u00fclt\u00fcr Sanat Edebiyat Felsefe\",\"publisher\":{\"@id\":\"https:\/\/narteks.net\/#organization\"},\"alternateName\":\"K\u00fclt\u00fcr Sanat Edebiyat Felsefe\",\"potentialAction\":[{\"@type\":\"SearchAction\",\"target\":{\"@type\":\"EntryPoint\",\"urlTemplate\":\"https:\/\/narteks.net\/?s={search_term_string}\"},\"query-input\":{\"@type\":\"PropertyValueSpecification\",\"valueRequired\":true,\"valueName\":\"search_term_string\"}}],\"inLanguage\":\"tr\"},{\"@type\":\"Organization\",\"@id\":\"https:\/\/narteks.net\/#organization\",\"name\":\"narteks.net\",\"url\":\"https:\/\/narteks.net\/\",\"logo\":{\"@type\":\"ImageObject\",\"inLanguage\":\"tr\",\"@id\":\"https:\/\/narteks.net\/#\/schema\/logo\/image\/\",\"url\":\"https:\/\/narteks.net\/wp-content\/uploads\/narteks.png\",\"contentUrl\":\"https:\/\/narteks.net\/wp-content\/uploads\/narteks.png\",\"width\":300,\"height\":90,\"caption\":\"narteks.net\"},\"image\":{\"@id\":\"https:\/\/narteks.net\/#\/schema\/logo\/image\/\"},\"sameAs\":[\"https:\/\/x.com\/narteks\",\"https:\/\/instagram.com\/narteksnet\"]},{\"@type\":\"Person\",\"@id\":\"https:\/\/narteks.net\/#\/schema\/person\/61f37d9834294b72d31d274e7ed79bca\",\"name\":\"Tar\u0131k\",\"image\":{\"@type\":\"ImageObject\",\"inLanguage\":\"tr\",\"@id\":\"https:\/\/narteks.net\/#\/schema\/person\/image\/\",\"url\":\"https:\/\/secure.gravatar.com\/avatar\/50865afb55632c4ae467e0af0930f6510aa2297d8014be502a55b14f3b7550cf?s=96&d=mm&r=g\",\"contentUrl\":\"https:\/\/secure.gravatar.com\/avatar\/50865afb55632c4ae467e0af0930f6510aa2297d8014be502a55b14f3b7550cf?s=96&d=mm&r=g\",\"caption\":\"Tar\u0131k\"},\"sameAs\":[\"http:\/\/narteks.net\"],\"url\":\"https:\/\/narteks.net\/index.php\/author\/narbak\/\"}]}<\/script>\n<!-- \/ Yoast SEO Premium plugin. -->","yoast_head_json":{"title":"Ferayi'dir K\u0131z\u0131n Ad\u0131 - narteks.net","robots":{"index":"index","follow":"follow","max-snippet":"max-snippet:-1","max-image-preview":"max-image-preview:large","max-video-preview":"max-video-preview:-1"},"canonical":"https:\/\/narteks.net\/index.php\/2009\/03\/13\/ferayi-dir-kizin-adi\/","og_locale":"tr_TR","og_type":"article","og_title":"Ferayi'dir K\u0131z\u0131n Ad\u0131","og_description":"Ferayi&#8217;dir K\u0131z\u0131n Ad\u0131 \u015eu bizim Mil\u00e2s, tarih boyunca iki uygarl\u0131\u011fa ba\u015fkentlik etmi\u015ftir. \u0130lkin Halikarnassos&#8217;tan (Bodrum&#8217;dan) \u00f6nce Karya Krall\u0131\u011f\u0131na; daha s\u00f6nra da Mente\u015fe Beyli\u011fine. Mente\u015fe beylerinden Yakup&#8217;un o\u011flu \u0130lyas, av merakl\u0131s\u0131, da\u011flar sevdal\u0131s\u0131ym\u0131\u015f. Silah\u0131n\u0131 omuzlad\u0131\u011f\u0131 gibi, da\u011flara d\u00fc\u015fermi\u015f. O da\u011f senin, bu da\u011f benim. Hani, bizim Mu\u011fla&#8217;m\u0131z\u0131n da\u011flar\u0131 da da\u011fd\u0131r ha. Adam, avc\u0131 olmasa bile a\u00e7 [&hellip;]","og_url":"https:\/\/narteks.net\/index.php\/2009\/03\/13\/ferayi-dir-kizin-adi\/","og_site_name":"narteks.net","article_published_time":"2009-03-13T11:06:41+00:00","og_image":[{"width":300,"height":90,"url":"https:\/\/narteks.net\/wp-content\/uploads\/narteks.png","type":"image\/png"}],"author":"Tar\u0131k","twitter_card":"summary_large_image","twitter_creator":"@narteks","twitter_site":"@narteks","twitter_misc":{"Yazan:":"Tar\u0131k","Tahmini okuma s\u00fcresi":"5 dakika"},"schema":{"@context":"https:\/\/schema.org","@graph":[{"@type":"Article","@id":"https:\/\/narteks.net\/index.php\/2009\/03\/13\/ferayi-dir-kizin-adi\/#article","isPartOf":{"@id":"https:\/\/narteks.net\/index.php\/2009\/03\/13\/ferayi-dir-kizin-adi\/"},"author":{"name":"Tar\u0131k","@id":"https:\/\/narteks.net\/#\/schema\/person\/61f37d9834294b72d31d274e7ed79bca"},"headline":"Ferayi&#8217;dir K\u0131z\u0131n Ad\u0131","datePublished":"2009-03-13T11:06:41+00:00","mainEntityOfPage":{"@id":"https:\/\/narteks.net\/index.php\/2009\/03\/13\/ferayi-dir-kizin-adi\/"},"wordCount":921,"commentCount":0,"publisher":{"@id":"https:\/\/narteks.net\/#organization"},"articleSection":["\u00d6yk\u00fcleriyle T\u00fcrk\u00fcler"],"inLanguage":"tr","potentialAction":[{"@type":"CommentAction","name":"Comment","target":["https:\/\/narteks.net\/index.php\/2009\/03\/13\/ferayi-dir-kizin-adi\/#respond"]}]},{"@type":"WebPage","@id":"https:\/\/narteks.net\/index.php\/2009\/03\/13\/ferayi-dir-kizin-adi\/","url":"https:\/\/narteks.net\/index.php\/2009\/03\/13\/ferayi-dir-kizin-adi\/","name":"Ferayi'dir K\u0131z\u0131n Ad\u0131 - narteks.net","isPartOf":{"@id":"https:\/\/narteks.net\/#website"},"datePublished":"2009-03-13T11:06:41+00:00","breadcrumb":{"@id":"https:\/\/narteks.net\/index.php\/2009\/03\/13\/ferayi-dir-kizin-adi\/#breadcrumb"},"inLanguage":"tr","potentialAction":[{"@type":"ReadAction","target":["https:\/\/narteks.net\/index.php\/2009\/03\/13\/ferayi-dir-kizin-adi\/"]}]},{"@type":"BreadcrumbList","@id":"https:\/\/narteks.net\/index.php\/2009\/03\/13\/ferayi-dir-kizin-adi\/#breadcrumb","itemListElement":[{"@type":"ListItem","position":1,"name":"Anasayfa","item":"https:\/\/narteks.net\/"},{"@type":"ListItem","position":2,"name":"Ferayi&#8217;dir K\u0131z\u0131n Ad\u0131"}]},{"@type":"WebSite","@id":"https:\/\/narteks.net\/#website","url":"https:\/\/narteks.net\/","name":"narteks.net","description":"K\u00fclt\u00fcr Sanat Edebiyat Felsefe","publisher":{"@id":"https:\/\/narteks.net\/#organization"},"alternateName":"K\u00fclt\u00fcr Sanat Edebiyat Felsefe","potentialAction":[{"@type":"SearchAction","target":{"@type":"EntryPoint","urlTemplate":"https:\/\/narteks.net\/?s={search_term_string}"},"query-input":{"@type":"PropertyValueSpecification","valueRequired":true,"valueName":"search_term_string"}}],"inLanguage":"tr"},{"@type":"Organization","@id":"https:\/\/narteks.net\/#organization","name":"narteks.net","url":"https:\/\/narteks.net\/","logo":{"@type":"ImageObject","inLanguage":"tr","@id":"https:\/\/narteks.net\/#\/schema\/logo\/image\/","url":"https:\/\/narteks.net\/wp-content\/uploads\/narteks.png","contentUrl":"https:\/\/narteks.net\/wp-content\/uploads\/narteks.png","width":300,"height":90,"caption":"narteks.net"},"image":{"@id":"https:\/\/narteks.net\/#\/schema\/logo\/image\/"},"sameAs":["https:\/\/x.com\/narteks","https:\/\/instagram.com\/narteksnet"]},{"@type":"Person","@id":"https:\/\/narteks.net\/#\/schema\/person\/61f37d9834294b72d31d274e7ed79bca","name":"Tar\u0131k","image":{"@type":"ImageObject","inLanguage":"tr","@id":"https:\/\/narteks.net\/#\/schema\/person\/image\/","url":"https:\/\/secure.gravatar.com\/avatar\/50865afb55632c4ae467e0af0930f6510aa2297d8014be502a55b14f3b7550cf?s=96&d=mm&r=g","contentUrl":"https:\/\/secure.gravatar.com\/avatar\/50865afb55632c4ae467e0af0930f6510aa2297d8014be502a55b14f3b7550cf?s=96&d=mm&r=g","caption":"Tar\u0131k"},"sameAs":["http:\/\/narteks.net"],"url":"https:\/\/narteks.net\/index.php\/author\/narbak\/"}]}},"_links":{"self":[{"href":"https:\/\/narteks.net\/index.php\/wp-json\/wp\/v2\/posts\/422","targetHints":{"allow":["GET"]}}],"collection":[{"href":"https:\/\/narteks.net\/index.php\/wp-json\/wp\/v2\/posts"}],"about":[{"href":"https:\/\/narteks.net\/index.php\/wp-json\/wp\/v2\/types\/post"}],"author":[{"embeddable":true,"href":"https:\/\/narteks.net\/index.php\/wp-json\/wp\/v2\/users\/1"}],"replies":[{"embeddable":true,"href":"https:\/\/narteks.net\/index.php\/wp-json\/wp\/v2\/comments?post=422"}],"version-history":[{"count":0,"href":"https:\/\/narteks.net\/index.php\/wp-json\/wp\/v2\/posts\/422\/revisions"}],"wp:attachment":[{"href":"https:\/\/narteks.net\/index.php\/wp-json\/wp\/v2\/media?parent=422"}],"wp:term":[{"taxonomy":"category","embeddable":true,"href":"https:\/\/narteks.net\/index.php\/wp-json\/wp\/v2\/categories?post=422"},{"taxonomy":"post_tag","embeddable":true,"href":"https:\/\/narteks.net\/index.php\/wp-json\/wp\/v2\/tags?post=422"}],"curies":[{"name":"wp","href":"https:\/\/api.w.org\/{rel}","templated":true}]}}