{"id":4220,"date":"2010-02-16T11:06:46","date_gmt":"2010-02-16T08:06:46","guid":{"rendered":"http:\/\/localhost\/wordpress\/2010\/02\/16\/rodinle-yasanan-bir-ask-omrunun-30-yili-akil-hastanesinde-gecmis-bir-kadin-dahi-cclaudel\/"},"modified":"2010-02-16T11:06:46","modified_gmt":"2010-02-16T08:06:46","slug":"rodinle-yasanan-bir-ask-omrunun-30-yili-akil-hastanesinde-gecmis-bir-kadin-dahi-cclaudel","status":"publish","type":"post","link":"https:\/\/narteks.net\/index.php\/2010\/02\/16\/rodinle-yasanan-bir-ask-omrunun-30-yili-akil-hastanesinde-gecmis-bir-kadin-dahi-cclaudel\/","title":{"rendered":"Rodin&#8217;le ya\u015fanan bir a\u015fk | \u00d6mr\u00fcn\u00fcn 30 y\u0131l\u0131 ak\u0131l hastanesinde ge\u00e7mi\u015f bir kad\u0131n dahi &#8211; C.Claudel"},"content":{"rendered":"<p style=\"text-align: justify;\"><!-- BITTI: GittiGidiyor Reklam Kodu --> <span class=\"normaltext-link\"><strong><img loading=\"lazy\" decoding=\"async\" src=\"http:\/\/duyguguncesi.files.wordpress.com\/2010\/07\/camille_claudel.jpg\" border=\"0\" width=\"155\" height=\"205\" style=\"float: left; border: 0;\" \/><\/strong><\/span><\/p>\n<p style=\"text-align: justify;\"><span class=\"normaltext-link\"><strong>8 Aral\u0131k<\/strong><\/span><strong> 1864<\/strong> y\u0131l\u0131nda do\u011fan Frans\u0131z heykeltra\u015f ve grafik sanat\u00e7\u0131s\u0131. <strong>Auguste Rodin <\/strong>ile ya\u015fad\u0131\u011f\u0131 f\u0131rt\u0131nal\u0131 beraberli\u011fin ard\u0131ndan \u00f6l\u00fcnceye kadar ak\u0131l hastanesinde kapal\u0131 kald\u0131.<\/p>\n<p style=\"text-align: justify;\"><span class=\"normaltext-link\"><strong>Fransa<\/strong><\/span>&#8216;n\u0131n Aisne b\u00f6lgesinde do\u011fdu. Hali vakti yerinde bir ailenin ilk \u00e7ocu\u011fuydu. Babas\u0131 Louis Prosper, bankac\u0131, annesi Louise Athana\u00efse C\u00e9cile Cerveaux ise olduk\u00e7a varl\u0131kl\u0131 katolik bir aileden geliyordu. Camille k\u00fc\u00e7\u00fckken aile, Villeneuve-sur-Fere&#8217;ye ta\u015f\u0131nd\u0131. K\u00fc\u00e7\u00fck erkek karde\u015fi <strong>Paul Claudel<\/strong> <strong>1866<\/strong> y\u0131l\u0131nda burada do\u011fdu. K\u00fc\u00e7\u00fckl\u00fc\u011f\u00fcnden beri ta\u015f ve \u00e7amurla oynama merak\u0131, gelece\u011fin yetenekli heykeltra\u015f\u0131n\u0131n kaderini de belirledi. Annesi hi\u00e7 bir zaman k\u0131z\u0131n\u0131n sanat a\u015fk\u0131n\u0131 onaylamasa da babas\u0131 maddi manevi hep Camille&#8217;nin en b\u00fcy\u00fck destek\u00e7isi oldu ve heykel e\u011fitimi almas\u0131 i\u00e7in <strong>1881<\/strong> y\u0131l\u0131nda <span class=\"normaltext-link\"><strong>Paris<\/strong><\/span>&#8216;e ta\u015f\u0131nd\u0131lar ve Academie Colarossi&#8217;de heykeltra\u015f Alfred Boucher&#8217;den ders almaya ba\u015flad\u0131. O tarihte kad\u0131nlar\u0131n, b\u00fcy\u00fck sanat akademilerinde e\u011fitim almas\u0131 yasakt\u0131, k\u0131z \u00f6\u011frenciler b\u00fcy\u00fck sanat\u00e7\u0131lar\u0131n \u00f6zel at\u00f6lyelerinde ders al\u0131yordu. Rodin&#8217;le de tan\u0131\u015fmas\u0131 b\u00f6yle oldu. Bir grup gen\u00e7 kad\u0131n sanat\u00e7\u0131yla birlikte Rodin&#8217;in at\u00f6lyesindeki heykel derslerine kat\u0131lmaya ba\u015flad\u0131 (1883). Camille&#8217;nin \u00fcst\u00fcn yetene\u011fi ve etkileyici ki\u015fili\u011fi onu di\u011fer \u00f6\u011frencilerden ay\u0131rd\u0131 ve Rodin&#8217;in g\u00f6zdesi ve ilham kayna\u011f\u0131 bu gen\u00e7 kad\u0131n bir s\u00fcre sonra sevgilisi ve en b\u00fcy\u00fck rakibi olacakt\u0131.<\/p>\n<p style=\"text-align: justify;\">Camille&#8217;yle ili\u015fkisi ba\u015flad\u0131\u011f\u0131nda Rodin, Rose Beuret&#8217;le yirmi y\u0131ll\u0131k evliydi. Evlili\u011fi pek iyi gitmiyordu. Camille&#8217;yle olan yak\u0131nla\u015fmas\u0131 ikisi i\u00e7inde bir d\u00f6n\u00fcm noktas\u0131 oldu. Birlikte bir \u00e7ok i\u015fe imza att\u0131lar. Rodin bu tarihlerde b\u00fcy\u00fck eseri <strong>&#8221;Cehennemin Kap\u0131lar\u0131&#8221;<\/strong>n\u0131 yapt\u0131. Camille&#8217;in etkileri a\u00e7\u0131k\u00e7a g\u00f6zlenen eserin b\u00fcy\u00fck \u00e7o\u011funlu\u011funun Camille&#8217;ye ait oldu\u011fu rivayet edilir. &#8221;Cehennemin Kap\u0131lar\u0131&#8221; ilk de\u011fildir tabi, Rodin sanat\u00e7\u0131n\u0131n bir \u00e7ok eserini sahiplenmi\u015ftir. Bu s\u00fcre zarf\u0131nda yetene\u011fi Rodin&#8217;den \u00e7ok daha \u00fcst\u00fcn olmas\u0131na ra\u011fmen hep onun g\u00f6lgesi alt\u0131nda kalm\u0131\u015f olan Camille, bir de gayrime\u015fru birlikteli\u011finden hamile kald\u0131. Ama ge\u00e7irdi\u011fi bir kaza sonucu bebe\u011fini kaybetti ve bu b\u00fcy\u00fck depresyonlar\u0131n\u0131n da ba\u015flang\u0131c\u0131 oldu. B\u00f6yle bir ya\u015fam tarz\u0131n\u0131n ho\u015f kar\u015f\u0131lanmad\u0131\u011f\u0131 o tarihlerde annesi Camille&#8217;yi reddetti ve Camille evden ayr\u0131lmak zorunda kald\u0131. Zaten annesiyle aras\u0131nda k\u00fc\u00e7\u00fckl\u00fc\u011f\u00fcnden beri, Camille&#8217;nin sanat a\u015fk\u0131 y\u00fcz\u00fcnden \u00e7at\u0131\u015fmalar vard\u0131. B\u00f6ylece Rodin&#8217;le birlikte ya\u015famaya ba\u015flayan Camille, <strong>1898<\/strong> y\u0131l\u0131na kadar Rodin&#8217;le f\u0131rt\u0131nal\u0131 a\u015fk ve sanat ya\u015fam\u0131na devam etti. Bu a\u015fk tutkulu oldu\u011fu kadar da y\u0131prat\u0131c\u0131 oldu Camille i\u00e7in.<\/p>\n<p style=\"text-align: justify;\">Rodin&#8217;in kad\u0131nlara kar\u015f\u0131 olan kaba tavr\u0131 ve Camille&#8217;yi kendine en b\u00fcy\u00fck rakip olarak g\u00f6rmesi, \u015fiddetli kavgalara sebep oluyordu. En sonunda bir yol ayr\u0131m\u0131na gelen Camille, yoluna tek ba\u015f\u0131na devam etme karar\u0131 ald\u0131 ve Rodin&#8217;i terk etti. Ama bu ayr\u0131l\u0131k Camille i\u00e7in olduk\u00e7a ac\u0131l\u0131 bir d\u00f6nemin de ba\u015flang\u0131c\u0131 oldu. Bu d\u00f6nemde en b\u00fcy\u00fck eserlerini verdi ( <strong>&#8221;Vals&#8221;, &#8220;Clotho&#8221;, &#8220;Olgunluk \u00c7a\u011f\u0131&#8221;, &#8220;Kay\u0131p Tanr\u0131&#8221;, &#8220;Geveze kad\u0131nlar&#8221;, &#8220;Sakuntala&#8221;<\/strong>). <strong>1903<\/strong>&#8216;\u00fcn ba\u015f\u0131nda Salon d&#8217;Automne&#8217;da eserleri sergilendi. \u00dcnl\u00fc sanat ele\u015ftirmeni <strong>Octave Mirbeau<\/strong>&#8216;nun da dedi\u011fi gibi <strong>&#8216;kad\u0131n bir dahiydi&#8217;<\/strong>. Eserleri b\u00fcy\u00fck hayranl\u0131k toplad\u0131. Erken d\u00f6nem i\u015flerinde Rodin&#8217;in etkisi g\u00f6r\u00fclmektedir. Ancak Rodin&#8217;le ayr\u0131ld\u0131ktan sonra sanat\u0131, daha \u00f6zg\u00fcr kalm\u0131\u015f klasik heykelden uzakla\u015farak <strong>Art Nouveau<\/strong>&#8216;ya yakla\u015fm\u0131\u015ft\u0131r. <strong>&#8221;Olgunluk \u00c7a\u011f\u0131&#8221;<\/strong> isimli eserinde Rodin&#8217;le olan ayr\u0131l\u0131\u011f\u0131n\u0131n\u0131n t\u00fcm ac\u0131lar\u0131n\u0131 yans\u0131tm\u0131\u015f olan sanat\u00e7\u0131 ayr\u0131ca heykelde oniks materyalini ilk kullanan isimdir.<\/p>\n<p style=\"text-align: justify;\">Dehas\u0131, heykellerinde duyguyu olduk\u00e7a ba\u015far\u0131l\u0131 yans\u0131tmas\u0131nda kendini ele verir. Heykele ruh veren sanat\u00e7\u0131 olarak tan\u0131nan Camille i\u00e7in t\u00fcm k\u0131skan\u00e7l\u0131\u011f\u0131na ra\u011fmen Rodin \u015f\u00f6yle der;<strong>&#8221;Ona alt\u0131n\u0131 nerede bulaca\u011f\u0131n\u0131 s\u00f6yledim. Ama buldu\u011fu alt\u0131n kendi i\u00e7indeydi\u201d.<\/strong><\/p>\n<p style=\"text-align: justify;\">Camille <strong>1898<\/strong>\u2019den sonraki d\u00f6neminde, hem bir kad\u0131n sanat\u00e7\u0131 olarak ya\u015fad\u0131\u011f\u0131 y\u00fczy\u0131l\u0131, hem de \u00f6zel hayat\u0131ndaki sorunlar\u0131 g\u00f6z \u00f6n\u00fcne al\u0131nd\u0131\u011f\u0131nda, pek \u00e7ok bak\u0131mdan yaln\u0131z kald\u0131. En b\u00fcy\u00fck destek\u00e7isi babas\u0131n\u0131 kaybetti , ona b\u00fcy\u00fck bir hayranl\u0131k besleyen erkek karde\u015fi de diplomat oldu\u011fu i\u00e7in <span class=\"normaltext-link\"><strong>\u00c7in<\/strong><\/span>&#8216;e yerle\u015fti. \u00dcst\u00fcne bir de kar\u015f\u0131lamakta zorland\u0131\u011f\u0131 maddi sorunlar eklenince Camille\u2019in ruh sa\u011fl\u0131\u011f\u0131 giderek bozulmaya ba\u015flad\u0131. <strong>1906<\/strong>&#8216;da bir gece ge\u00e7irdi\u011fi sinir krizi sonucu bir \u00e7ok eserini par\u00e7alad\u0131. Bir s\u00fcre sonra ciddi paranoya belirtileri g\u00f6sterdi\u011fi ve ak\u0131l sa\u011fl\u0131\u011f\u0131n\u0131 kaybetti\u011fi gerek\u00e7esiyle ailesi taraf\u0131ndan, Rodin\u2019in de deste\u011fiyle bir hastaneye kapat\u0131ld\u0131. Bir rivayete g\u00f6re eserlerini ve fikirlerini \u00e7almakla su\u00e7lad\u0131\u011f\u0131 Rodin, onu daha b\u00fcy\u00fck bir yetenek oldu\u011funu bildi\u011fi i\u00e7in ve kendisini ge\u00e7mesini \u00f6nlemek i\u00e7in hastaneye kapatm\u0131\u015ft\u0131. Hastanede heykel yapmas\u0131na bile izin vermiyorlard\u0131. Oysaki o, \u00f6lene kadar heykel yapmak istedi\u011fini s\u00f6ylemi\u015fti bir keresinde. Karde\u015fi Paul&#8217;a yazd\u0131\u011f\u0131 mektupta hastanede olu\u015fuyla ilgili \u015funlar\u0131 yazd\u0131;<\/p>\n<p style=\"text-align: justify;\">\u00a0<\/p>\n<table style=\"text-align: justify;\" border=\"0\" cellspacing=\"0\" cellpadding=\"0\" width=\"561\">\n<tbody>\n<tr>\n<td rowspan=\"2\" width=\"20\" valign=\"top\"><img loading=\"lazy\" decoding=\"async\" src=\"http:\/\/www.biyografi.info\/images\/tirnak-sol.gif\" border=\"0\" width=\"20\" height=\"15\" \/><\/td>\n<td height=\"7\"><img loading=\"lazy\" decoding=\"async\" src=\"http:\/\/www.biyografi.info\/images\/spacer.gif\" border=\"0\" width=\"7\" height=\"7\" \/><\/td>\n<td rowspan=\"2\" width=\"20\" valign=\"top\"><img loading=\"lazy\" decoding=\"async\" src=\"http:\/\/www.biyografi.info\/images\/tirnak-sag.gif\" border=\"0\" width=\"20\" height=\"15\" \/><\/td>\n<\/tr>\n<tr>\n<td class=\"text10a\">\n<div>&#8221;ak\u0131l hastanesi! Evim diyebilece\u011fim bir yere sahip olma hakk\u0131m bile yok! Onlar\u0131n keyfine kalm\u0131\u015f i\u015fim! Bu, kad\u0131n\u0131n s\u00f6m\u00fcr\u00fclmesi, sanat\u00e7\u0131n\u0131n \u00f6lesiye ezilmesi&#8230; Mahsus ka\u00e7\u0131rd\u0131lar beni, onlara t\u0131k\u0131ld\u0131\u011f\u0131m yerde fikir vereyim diye, yarat\u0131c\u0131l\u0131klar\u0131n\u0131n ne kadar s\u0131n\u0131rl\u0131 oldu\u011funu biliyorlar \u00e7\u00fcnk\u00fc. Kurtlar\u0131n kemirdi\u011fi birlahana gibiyim \u015fimdi, yeni filizlenen her yapra\u011f\u0131m\u0131 b\u00fcy\u00fck bir oburlukla mideye indiriyorlar&#8230;<\/p>\n<p>Bilmiyorum, ka\u00e7 y\u0131l oldu buraya kapat\u0131lal\u0131, ama t\u00fcm hayat\u0131m boyunca \u00fcretti\u011fim eserlere sahip \u00e7\u0131kt\u0131ktan sonra \u015fimdi de kendilerinin hak ettikleri hapishane hayat\u0131n\u0131 bana ya\u015fat\u0131yorlar&#8230;<\/p>\n<p>B\u00fct\u00fcn bunlar Rodin \u015feytan\u0131n\u0131n ba\u015f\u0131n\u0131n alt\u0131ndan \u00e7\u0131k\u0131yor, kafas\u0131nda bir tek d\u00fc\u015f\u00fcnce vard\u0131 zaten kendisi \u00f6ld\u00fckten sonra benim sanat\u00e7\u0131 olarak at\u0131l\u0131m yap\u0131p onu a\u015fmam, bunu engellemek i\u00e7in de ya\u015farken oldu\u011fu gibi \u00f6l\u00fcm\u00fcnden sonra da ben hep mutsuz kalmal\u0131yd\u0131m&#8230; Her bak\u0131mdan ba\u015far\u0131ya ula\u015ft\u0131 i\u015fte!<\/p>\n<p>Bu esaretten \u00e7ok s\u0131k\u0131l\u0131yorum&#8230;eve hi\u00e7 d\u00f6nemeyecek miyim, paul?&#8221;<\/p>\n<\/div>\n<\/td>\n<\/tr>\n<\/tbody>\n<\/table>\n<p style=\"text-align: justify;\"><strong>1920<\/strong> y\u0131l\u0131nda doktoru, ailesine k\u0131zlar\u0131n\u0131 eve kabul etmeleri i\u00e7in bir mektup yazd\u0131 ama annesi ve k\u0131z karde\u015fi kendisine s\u0131rt \u00e7evirmi\u015flerdi ve bu y\u00fczden doktorun mektubuna cevap vermediler. Karde\u015fi Paul onu her be\u015f senede bir hastanede ziyaret etti. Camille Claudel <span class=\"normaltext-link\"><strong>19 Ekim<\/strong><\/span><strong>1943<\/strong>&#8216;te 30 y\u0131l\u0131n\u0131 ak\u0131l hastanesinde ge\u00e7irdikten sonra tek ba\u015f\u0131na \u00f6ld\u00fc. \u00c7ok b\u00fcy\u00fck bir yetenek bah\u015fedilmi\u015f bu kad\u0131n, toplum ve ailesi bak\u0131m\u0131ndan ayn\u0131 derecede \u015fansl\u0131 olamad\u0131. Kendisinin de dedi\u011fi gibi kurtlar\u0131n kemirdi\u011fi bu b\u00fcy\u00fck yetenek en olgun meyvalar\u0131n\u0131 veremeden yokoldu.<\/p>\n<p style=\"text-align: justify;\">\u00a0<\/p>\n<table style=\"text-align: justify;\" border=\"0\" cellspacing=\"0\" cellpadding=\"0\" width=\"561\">\n<tbody>\n<tr>\n<td rowspan=\"2\" width=\"20\" valign=\"top\"><img loading=\"lazy\" decoding=\"async\" src=\"http:\/\/www.biyografi.info\/images\/tirnak-sol.gif\" border=\"0\" width=\"20\" height=\"15\" \/><\/td>\n<td height=\"7\"><img loading=\"lazy\" decoding=\"async\" src=\"http:\/\/www.biyografi.info\/images\/spacer.gif\" border=\"0\" width=\"7\" height=\"7\" \/><\/td>\n<td rowspan=\"2\" width=\"20\" valign=\"top\"><img loading=\"lazy\" decoding=\"async\" src=\"http:\/\/www.biyografi.info\/images\/tirnak-sag.gif\" border=\"0\" width=\"20\" height=\"15\" \/><\/td>\n<\/tr>\n<tr>\n<td class=\"text10a\">\n<div>\u201cBu kadar yaln\u0131z kalmak i\u00e7in ne yapt\u0131m?\u201d<\/div>\n<\/td>\n<\/tr>\n<\/tbody>\n<\/table>\n<p style=\"text-align: justify;\">Camille Claudel&#8217;in hayat\u0131 ve Rodin&#8217;le olan ili\u015fkileri <strong>1988<\/strong> y\u0131l\u0131nda beyaz perdeye aktar\u0131ld\u0131. <strong>Gerard Depardieu <\/strong>ve <strong>Isabelle Adjani<\/strong>&#8216;nin ba\u015frollerini payla\u015ft\u0131\u011f\u0131 film, iki Akademi \u00d6d\u00fcl\u00fc kazand\u0131.<\/p>\n","protected":false},"excerpt":{"rendered":"<p>8 Aral\u0131k 1864 y\u0131l\u0131nda do\u011fan Frans\u0131z heykeltra\u015f ve grafik sanat\u00e7\u0131s\u0131. Auguste Rodin ile ya\u015fad\u0131\u011f\u0131 f\u0131rt\u0131nal\u0131 beraberli\u011fin ard\u0131ndan \u00f6l\u00fcnceye kadar ak\u0131l hastanesinde kapal\u0131 kald\u0131. Fransa&#8216;n\u0131n Aisne b\u00f6lgesinde do\u011fdu. Hali vakti yerinde bir ailenin ilk \u00e7ocu\u011fuydu. Babas\u0131 Louis Prosper, bankac\u0131, annesi Louise Athana\u00efse C\u00e9cile Cerveaux ise olduk\u00e7a varl\u0131kl\u0131 katolik bir aileden geliyordu. Camille k\u00fc\u00e7\u00fckken aile, Villeneuve-sur-Fere&#8217;ye ta\u015f\u0131nd\u0131. [&hellip;]<\/p>\n","protected":false},"author":1,"featured_media":0,"comment_status":"open","ping_status":"open","sticky":false,"template":"","format":"standard","meta":{"footnotes":""},"categories":[116],"tags":[],"class_list":{"0":"post-4220","1":"post","2":"type-post","3":"status-publish","4":"format-standard","6":"category-ressam-biyografileri-ve-eserleri"},"yoast_head":"<!-- This site is optimized with the Yoast SEO Premium plugin v24.9 (Yoast SEO v24.9) - https:\/\/yoast.com\/wordpress\/plugins\/seo\/ -->\n<title>Rodin&#039;le ya\u015fanan bir a\u015fk | \u00d6mr\u00fcn\u00fcn 30 y\u0131l\u0131 ak\u0131l hastanesinde ge\u00e7mi\u015f bir kad\u0131n dahi - C.Claudel - narteks.net<\/title>\n<meta name=\"robots\" content=\"index, follow, max-snippet:-1, max-image-preview:large, max-video-preview:-1\" \/>\n<link rel=\"canonical\" href=\"https:\/\/narteks.net\/index.php\/2010\/02\/16\/rodinle-yasanan-bir-ask-omrunun-30-yili-akil-hastanesinde-gecmis-bir-kadin-dahi-cclaudel\/\" \/>\n<meta property=\"og:locale\" content=\"tr_TR\" \/>\n<meta property=\"og:type\" content=\"article\" \/>\n<meta property=\"og:title\" content=\"Rodin&#039;le ya\u015fanan bir a\u015fk | \u00d6mr\u00fcn\u00fcn 30 y\u0131l\u0131 ak\u0131l hastanesinde ge\u00e7mi\u015f bir kad\u0131n dahi - C.Claudel\" \/>\n<meta property=\"og:description\" content=\"8 Aral\u0131k 1864 y\u0131l\u0131nda do\u011fan Frans\u0131z heykeltra\u015f ve grafik sanat\u00e7\u0131s\u0131. Auguste Rodin ile ya\u015fad\u0131\u011f\u0131 f\u0131rt\u0131nal\u0131 beraberli\u011fin ard\u0131ndan \u00f6l\u00fcnceye kadar ak\u0131l hastanesinde kapal\u0131 kald\u0131. Fransa&#8216;n\u0131n Aisne b\u00f6lgesinde do\u011fdu. Hali vakti yerinde bir ailenin ilk \u00e7ocu\u011fuydu. Babas\u0131 Louis Prosper, bankac\u0131, annesi Louise Athana\u00efse C\u00e9cile Cerveaux ise olduk\u00e7a varl\u0131kl\u0131 katolik bir aileden geliyordu. Camille k\u00fc\u00e7\u00fckken aile, Villeneuve-sur-Fere&#8217;ye ta\u015f\u0131nd\u0131. [&hellip;]\" \/>\n<meta property=\"og:url\" content=\"https:\/\/narteks.net\/index.php\/2010\/02\/16\/rodinle-yasanan-bir-ask-omrunun-30-yili-akil-hastanesinde-gecmis-bir-kadin-dahi-cclaudel\/\" \/>\n<meta property=\"og:site_name\" content=\"narteks.net\" \/>\n<meta property=\"article:published_time\" content=\"2010-02-16T08:06:46+00:00\" \/>\n<meta property=\"og:image\" content=\"http:\/\/duyguguncesi.files.wordpress.com\/2010\/07\/camille_claudel.jpg\" \/>\n<meta name=\"author\" content=\"Tar\u0131k\" \/>\n<meta name=\"twitter:card\" content=\"summary_large_image\" \/>\n<meta name=\"twitter:creator\" content=\"@narteks\" \/>\n<meta name=\"twitter:site\" content=\"@narteks\" \/>\n<meta name=\"twitter:label1\" content=\"Yazan:\" \/>\n\t<meta name=\"twitter:data1\" content=\"Tar\u0131k\" \/>\n\t<meta name=\"twitter:label2\" content=\"Tahmini okuma s\u00fcresi\" \/>\n\t<meta name=\"twitter:data2\" content=\"6 dakika\" \/>\n<script type=\"application\/ld+json\" class=\"yoast-schema-graph\">{\"@context\":\"https:\/\/schema.org\",\"@graph\":[{\"@type\":\"Article\",\"@id\":\"https:\/\/narteks.net\/index.php\/2010\/02\/16\/rodinle-yasanan-bir-ask-omrunun-30-yili-akil-hastanesinde-gecmis-bir-kadin-dahi-cclaudel\/#article\",\"isPartOf\":{\"@id\":\"https:\/\/narteks.net\/index.php\/2010\/02\/16\/rodinle-yasanan-bir-ask-omrunun-30-yili-akil-hastanesinde-gecmis-bir-kadin-dahi-cclaudel\/\"},\"author\":{\"name\":\"Tar\u0131k\",\"@id\":\"https:\/\/narteks.net\/#\/schema\/person\/61f37d9834294b72d31d274e7ed79bca\"},\"headline\":\"Rodin&#8217;le ya\u015fanan bir a\u015fk | \u00d6mr\u00fcn\u00fcn 30 y\u0131l\u0131 ak\u0131l hastanesinde ge\u00e7mi\u015f bir kad\u0131n dahi &#8211; C.Claudel\",\"datePublished\":\"2010-02-16T08:06:46+00:00\",\"mainEntityOfPage\":{\"@id\":\"https:\/\/narteks.net\/index.php\/2010\/02\/16\/rodinle-yasanan-bir-ask-omrunun-30-yili-akil-hastanesinde-gecmis-bir-kadin-dahi-cclaudel\/\"},\"wordCount\":1263,\"commentCount\":0,\"publisher\":{\"@id\":\"https:\/\/narteks.net\/#organization\"},\"image\":{\"@id\":\"https:\/\/narteks.net\/index.php\/2010\/02\/16\/rodinle-yasanan-bir-ask-omrunun-30-yili-akil-hastanesinde-gecmis-bir-kadin-dahi-cclaudel\/#primaryimage\"},\"thumbnailUrl\":\"http:\/\/duyguguncesi.files.wordpress.com\/2010\/07\/camille_claudel.jpg\",\"articleSection\":[\"Ressam Biyografileri ve Eserleri\"],\"inLanguage\":\"tr\",\"potentialAction\":[{\"@type\":\"CommentAction\",\"name\":\"Comment\",\"target\":[\"https:\/\/narteks.net\/index.php\/2010\/02\/16\/rodinle-yasanan-bir-ask-omrunun-30-yili-akil-hastanesinde-gecmis-bir-kadin-dahi-cclaudel\/#respond\"]}]},{\"@type\":\"WebPage\",\"@id\":\"https:\/\/narteks.net\/index.php\/2010\/02\/16\/rodinle-yasanan-bir-ask-omrunun-30-yili-akil-hastanesinde-gecmis-bir-kadin-dahi-cclaudel\/\",\"url\":\"https:\/\/narteks.net\/index.php\/2010\/02\/16\/rodinle-yasanan-bir-ask-omrunun-30-yili-akil-hastanesinde-gecmis-bir-kadin-dahi-cclaudel\/\",\"name\":\"Rodin'le ya\u015fanan bir a\u015fk | \u00d6mr\u00fcn\u00fcn 30 y\u0131l\u0131 ak\u0131l hastanesinde ge\u00e7mi\u015f bir kad\u0131n dahi - C.Claudel - narteks.net\",\"isPartOf\":{\"@id\":\"https:\/\/narteks.net\/#website\"},\"primaryImageOfPage\":{\"@id\":\"https:\/\/narteks.net\/index.php\/2010\/02\/16\/rodinle-yasanan-bir-ask-omrunun-30-yili-akil-hastanesinde-gecmis-bir-kadin-dahi-cclaudel\/#primaryimage\"},\"image\":{\"@id\":\"https:\/\/narteks.net\/index.php\/2010\/02\/16\/rodinle-yasanan-bir-ask-omrunun-30-yili-akil-hastanesinde-gecmis-bir-kadin-dahi-cclaudel\/#primaryimage\"},\"thumbnailUrl\":\"http:\/\/duyguguncesi.files.wordpress.com\/2010\/07\/camille_claudel.jpg\",\"datePublished\":\"2010-02-16T08:06:46+00:00\",\"breadcrumb\":{\"@id\":\"https:\/\/narteks.net\/index.php\/2010\/02\/16\/rodinle-yasanan-bir-ask-omrunun-30-yili-akil-hastanesinde-gecmis-bir-kadin-dahi-cclaudel\/#breadcrumb\"},\"inLanguage\":\"tr\",\"potentialAction\":[{\"@type\":\"ReadAction\",\"target\":[\"https:\/\/narteks.net\/index.php\/2010\/02\/16\/rodinle-yasanan-bir-ask-omrunun-30-yili-akil-hastanesinde-gecmis-bir-kadin-dahi-cclaudel\/\"]}]},{\"@type\":\"ImageObject\",\"inLanguage\":\"tr\",\"@id\":\"https:\/\/narteks.net\/index.php\/2010\/02\/16\/rodinle-yasanan-bir-ask-omrunun-30-yili-akil-hastanesinde-gecmis-bir-kadin-dahi-cclaudel\/#primaryimage\",\"url\":\"http:\/\/duyguguncesi.files.wordpress.com\/2010\/07\/camille_claudel.jpg\",\"contentUrl\":\"http:\/\/duyguguncesi.files.wordpress.com\/2010\/07\/camille_claudel.jpg\"},{\"@type\":\"BreadcrumbList\",\"@id\":\"https:\/\/narteks.net\/index.php\/2010\/02\/16\/rodinle-yasanan-bir-ask-omrunun-30-yili-akil-hastanesinde-gecmis-bir-kadin-dahi-cclaudel\/#breadcrumb\",\"itemListElement\":[{\"@type\":\"ListItem\",\"position\":1,\"name\":\"Anasayfa\",\"item\":\"https:\/\/narteks.net\/\"},{\"@type\":\"ListItem\",\"position\":2,\"name\":\"Rodin&#8217;le ya\u015fanan bir a\u015fk | \u00d6mr\u00fcn\u00fcn 30 y\u0131l\u0131 ak\u0131l hastanesinde ge\u00e7mi\u015f bir kad\u0131n dahi &#8211; C.Claudel\"}]},{\"@type\":\"WebSite\",\"@id\":\"https:\/\/narteks.net\/#website\",\"url\":\"https:\/\/narteks.net\/\",\"name\":\"narteks.net\",\"description\":\"K\u00fclt\u00fcr Sanat Edebiyat Felsefe\",\"publisher\":{\"@id\":\"https:\/\/narteks.net\/#organization\"},\"alternateName\":\"K\u00fclt\u00fcr Sanat Edebiyat Felsefe\",\"potentialAction\":[{\"@type\":\"SearchAction\",\"target\":{\"@type\":\"EntryPoint\",\"urlTemplate\":\"https:\/\/narteks.net\/?s={search_term_string}\"},\"query-input\":{\"@type\":\"PropertyValueSpecification\",\"valueRequired\":true,\"valueName\":\"search_term_string\"}}],\"inLanguage\":\"tr\"},{\"@type\":\"Organization\",\"@id\":\"https:\/\/narteks.net\/#organization\",\"name\":\"narteks.net\",\"url\":\"https:\/\/narteks.net\/\",\"logo\":{\"@type\":\"ImageObject\",\"inLanguage\":\"tr\",\"@id\":\"https:\/\/narteks.net\/#\/schema\/logo\/image\/\",\"url\":\"https:\/\/narteks.net\/wp-content\/uploads\/narteks.png\",\"contentUrl\":\"https:\/\/narteks.net\/wp-content\/uploads\/narteks.png\",\"width\":300,\"height\":90,\"caption\":\"narteks.net\"},\"image\":{\"@id\":\"https:\/\/narteks.net\/#\/schema\/logo\/image\/\"},\"sameAs\":[\"https:\/\/x.com\/narteks\",\"https:\/\/instagram.com\/narteksnet\"]},{\"@type\":\"Person\",\"@id\":\"https:\/\/narteks.net\/#\/schema\/person\/61f37d9834294b72d31d274e7ed79bca\",\"name\":\"Tar\u0131k\",\"image\":{\"@type\":\"ImageObject\",\"inLanguage\":\"tr\",\"@id\":\"https:\/\/narteks.net\/#\/schema\/person\/image\/\",\"url\":\"https:\/\/secure.gravatar.com\/avatar\/50865afb55632c4ae467e0af0930f6510aa2297d8014be502a55b14f3b7550cf?s=96&d=mm&r=g\",\"contentUrl\":\"https:\/\/secure.gravatar.com\/avatar\/50865afb55632c4ae467e0af0930f6510aa2297d8014be502a55b14f3b7550cf?s=96&d=mm&r=g\",\"caption\":\"Tar\u0131k\"},\"sameAs\":[\"http:\/\/narteks.net\"],\"url\":\"https:\/\/narteks.net\/index.php\/author\/narbak\/\"}]}<\/script>\n<!-- \/ Yoast SEO Premium plugin. -->","yoast_head_json":{"title":"Rodin'le ya\u015fanan bir a\u015fk | \u00d6mr\u00fcn\u00fcn 30 y\u0131l\u0131 ak\u0131l hastanesinde ge\u00e7mi\u015f bir kad\u0131n dahi - C.Claudel - narteks.net","robots":{"index":"index","follow":"follow","max-snippet":"max-snippet:-1","max-image-preview":"max-image-preview:large","max-video-preview":"max-video-preview:-1"},"canonical":"https:\/\/narteks.net\/index.php\/2010\/02\/16\/rodinle-yasanan-bir-ask-omrunun-30-yili-akil-hastanesinde-gecmis-bir-kadin-dahi-cclaudel\/","og_locale":"tr_TR","og_type":"article","og_title":"Rodin'le ya\u015fanan bir a\u015fk | \u00d6mr\u00fcn\u00fcn 30 y\u0131l\u0131 ak\u0131l hastanesinde ge\u00e7mi\u015f bir kad\u0131n dahi - C.Claudel","og_description":"8 Aral\u0131k 1864 y\u0131l\u0131nda do\u011fan Frans\u0131z heykeltra\u015f ve grafik sanat\u00e7\u0131s\u0131. Auguste Rodin ile ya\u015fad\u0131\u011f\u0131 f\u0131rt\u0131nal\u0131 beraberli\u011fin ard\u0131ndan \u00f6l\u00fcnceye kadar ak\u0131l hastanesinde kapal\u0131 kald\u0131. Fransa&#8216;n\u0131n Aisne b\u00f6lgesinde do\u011fdu. Hali vakti yerinde bir ailenin ilk \u00e7ocu\u011fuydu. Babas\u0131 Louis Prosper, bankac\u0131, annesi Louise Athana\u00efse C\u00e9cile Cerveaux ise olduk\u00e7a varl\u0131kl\u0131 katolik bir aileden geliyordu. Camille k\u00fc\u00e7\u00fckken aile, Villeneuve-sur-Fere&#8217;ye ta\u015f\u0131nd\u0131. [&hellip;]","og_url":"https:\/\/narteks.net\/index.php\/2010\/02\/16\/rodinle-yasanan-bir-ask-omrunun-30-yili-akil-hastanesinde-gecmis-bir-kadin-dahi-cclaudel\/","og_site_name":"narteks.net","article_published_time":"2010-02-16T08:06:46+00:00","og_image":[{"url":"http:\/\/duyguguncesi.files.wordpress.com\/2010\/07\/camille_claudel.jpg","type":"","width":"","height":""}],"author":"Tar\u0131k","twitter_card":"summary_large_image","twitter_creator":"@narteks","twitter_site":"@narteks","twitter_misc":{"Yazan:":"Tar\u0131k","Tahmini okuma s\u00fcresi":"6 dakika"},"schema":{"@context":"https:\/\/schema.org","@graph":[{"@type":"Article","@id":"https:\/\/narteks.net\/index.php\/2010\/02\/16\/rodinle-yasanan-bir-ask-omrunun-30-yili-akil-hastanesinde-gecmis-bir-kadin-dahi-cclaudel\/#article","isPartOf":{"@id":"https:\/\/narteks.net\/index.php\/2010\/02\/16\/rodinle-yasanan-bir-ask-omrunun-30-yili-akil-hastanesinde-gecmis-bir-kadin-dahi-cclaudel\/"},"author":{"name":"Tar\u0131k","@id":"https:\/\/narteks.net\/#\/schema\/person\/61f37d9834294b72d31d274e7ed79bca"},"headline":"Rodin&#8217;le ya\u015fanan bir a\u015fk | \u00d6mr\u00fcn\u00fcn 30 y\u0131l\u0131 ak\u0131l hastanesinde ge\u00e7mi\u015f bir kad\u0131n dahi &#8211; C.Claudel","datePublished":"2010-02-16T08:06:46+00:00","mainEntityOfPage":{"@id":"https:\/\/narteks.net\/index.php\/2010\/02\/16\/rodinle-yasanan-bir-ask-omrunun-30-yili-akil-hastanesinde-gecmis-bir-kadin-dahi-cclaudel\/"},"wordCount":1263,"commentCount":0,"publisher":{"@id":"https:\/\/narteks.net\/#organization"},"image":{"@id":"https:\/\/narteks.net\/index.php\/2010\/02\/16\/rodinle-yasanan-bir-ask-omrunun-30-yili-akil-hastanesinde-gecmis-bir-kadin-dahi-cclaudel\/#primaryimage"},"thumbnailUrl":"http:\/\/duyguguncesi.files.wordpress.com\/2010\/07\/camille_claudel.jpg","articleSection":["Ressam Biyografileri ve Eserleri"],"inLanguage":"tr","potentialAction":[{"@type":"CommentAction","name":"Comment","target":["https:\/\/narteks.net\/index.php\/2010\/02\/16\/rodinle-yasanan-bir-ask-omrunun-30-yili-akil-hastanesinde-gecmis-bir-kadin-dahi-cclaudel\/#respond"]}]},{"@type":"WebPage","@id":"https:\/\/narteks.net\/index.php\/2010\/02\/16\/rodinle-yasanan-bir-ask-omrunun-30-yili-akil-hastanesinde-gecmis-bir-kadin-dahi-cclaudel\/","url":"https:\/\/narteks.net\/index.php\/2010\/02\/16\/rodinle-yasanan-bir-ask-omrunun-30-yili-akil-hastanesinde-gecmis-bir-kadin-dahi-cclaudel\/","name":"Rodin'le ya\u015fanan bir a\u015fk | \u00d6mr\u00fcn\u00fcn 30 y\u0131l\u0131 ak\u0131l hastanesinde ge\u00e7mi\u015f bir kad\u0131n dahi - C.Claudel - narteks.net","isPartOf":{"@id":"https:\/\/narteks.net\/#website"},"primaryImageOfPage":{"@id":"https:\/\/narteks.net\/index.php\/2010\/02\/16\/rodinle-yasanan-bir-ask-omrunun-30-yili-akil-hastanesinde-gecmis-bir-kadin-dahi-cclaudel\/#primaryimage"},"image":{"@id":"https:\/\/narteks.net\/index.php\/2010\/02\/16\/rodinle-yasanan-bir-ask-omrunun-30-yili-akil-hastanesinde-gecmis-bir-kadin-dahi-cclaudel\/#primaryimage"},"thumbnailUrl":"http:\/\/duyguguncesi.files.wordpress.com\/2010\/07\/camille_claudel.jpg","datePublished":"2010-02-16T08:06:46+00:00","breadcrumb":{"@id":"https:\/\/narteks.net\/index.php\/2010\/02\/16\/rodinle-yasanan-bir-ask-omrunun-30-yili-akil-hastanesinde-gecmis-bir-kadin-dahi-cclaudel\/#breadcrumb"},"inLanguage":"tr","potentialAction":[{"@type":"ReadAction","target":["https:\/\/narteks.net\/index.php\/2010\/02\/16\/rodinle-yasanan-bir-ask-omrunun-30-yili-akil-hastanesinde-gecmis-bir-kadin-dahi-cclaudel\/"]}]},{"@type":"ImageObject","inLanguage":"tr","@id":"https:\/\/narteks.net\/index.php\/2010\/02\/16\/rodinle-yasanan-bir-ask-omrunun-30-yili-akil-hastanesinde-gecmis-bir-kadin-dahi-cclaudel\/#primaryimage","url":"http:\/\/duyguguncesi.files.wordpress.com\/2010\/07\/camille_claudel.jpg","contentUrl":"http:\/\/duyguguncesi.files.wordpress.com\/2010\/07\/camille_claudel.jpg"},{"@type":"BreadcrumbList","@id":"https:\/\/narteks.net\/index.php\/2010\/02\/16\/rodinle-yasanan-bir-ask-omrunun-30-yili-akil-hastanesinde-gecmis-bir-kadin-dahi-cclaudel\/#breadcrumb","itemListElement":[{"@type":"ListItem","position":1,"name":"Anasayfa","item":"https:\/\/narteks.net\/"},{"@type":"ListItem","position":2,"name":"Rodin&#8217;le ya\u015fanan bir a\u015fk | \u00d6mr\u00fcn\u00fcn 30 y\u0131l\u0131 ak\u0131l hastanesinde ge\u00e7mi\u015f bir kad\u0131n dahi &#8211; C.Claudel"}]},{"@type":"WebSite","@id":"https:\/\/narteks.net\/#website","url":"https:\/\/narteks.net\/","name":"narteks.net","description":"K\u00fclt\u00fcr Sanat Edebiyat Felsefe","publisher":{"@id":"https:\/\/narteks.net\/#organization"},"alternateName":"K\u00fclt\u00fcr Sanat Edebiyat Felsefe","potentialAction":[{"@type":"SearchAction","target":{"@type":"EntryPoint","urlTemplate":"https:\/\/narteks.net\/?s={search_term_string}"},"query-input":{"@type":"PropertyValueSpecification","valueRequired":true,"valueName":"search_term_string"}}],"inLanguage":"tr"},{"@type":"Organization","@id":"https:\/\/narteks.net\/#organization","name":"narteks.net","url":"https:\/\/narteks.net\/","logo":{"@type":"ImageObject","inLanguage":"tr","@id":"https:\/\/narteks.net\/#\/schema\/logo\/image\/","url":"https:\/\/narteks.net\/wp-content\/uploads\/narteks.png","contentUrl":"https:\/\/narteks.net\/wp-content\/uploads\/narteks.png","width":300,"height":90,"caption":"narteks.net"},"image":{"@id":"https:\/\/narteks.net\/#\/schema\/logo\/image\/"},"sameAs":["https:\/\/x.com\/narteks","https:\/\/instagram.com\/narteksnet"]},{"@type":"Person","@id":"https:\/\/narteks.net\/#\/schema\/person\/61f37d9834294b72d31d274e7ed79bca","name":"Tar\u0131k","image":{"@type":"ImageObject","inLanguage":"tr","@id":"https:\/\/narteks.net\/#\/schema\/person\/image\/","url":"https:\/\/secure.gravatar.com\/avatar\/50865afb55632c4ae467e0af0930f6510aa2297d8014be502a55b14f3b7550cf?s=96&d=mm&r=g","contentUrl":"https:\/\/secure.gravatar.com\/avatar\/50865afb55632c4ae467e0af0930f6510aa2297d8014be502a55b14f3b7550cf?s=96&d=mm&r=g","caption":"Tar\u0131k"},"sameAs":["http:\/\/narteks.net"],"url":"https:\/\/narteks.net\/index.php\/author\/narbak\/"}]}},"_links":{"self":[{"href":"https:\/\/narteks.net\/index.php\/wp-json\/wp\/v2\/posts\/4220","targetHints":{"allow":["GET"]}}],"collection":[{"href":"https:\/\/narteks.net\/index.php\/wp-json\/wp\/v2\/posts"}],"about":[{"href":"https:\/\/narteks.net\/index.php\/wp-json\/wp\/v2\/types\/post"}],"author":[{"embeddable":true,"href":"https:\/\/narteks.net\/index.php\/wp-json\/wp\/v2\/users\/1"}],"replies":[{"embeddable":true,"href":"https:\/\/narteks.net\/index.php\/wp-json\/wp\/v2\/comments?post=4220"}],"version-history":[{"count":0,"href":"https:\/\/narteks.net\/index.php\/wp-json\/wp\/v2\/posts\/4220\/revisions"}],"wp:attachment":[{"href":"https:\/\/narteks.net\/index.php\/wp-json\/wp\/v2\/media?parent=4220"}],"wp:term":[{"taxonomy":"category","embeddable":true,"href":"https:\/\/narteks.net\/index.php\/wp-json\/wp\/v2\/categories?post=4220"},{"taxonomy":"post_tag","embeddable":true,"href":"https:\/\/narteks.net\/index.php\/wp-json\/wp\/v2\/tags?post=4220"}],"curies":[{"name":"wp","href":"https:\/\/api.w.org\/{rel}","templated":true}]}}