{"id":4225,"date":"2010-02-16T17:10:44","date_gmt":"2010-02-16T14:10:44","guid":{"rendered":"http:\/\/localhost\/wordpress\/2010\/02\/16\/solcu-olmayan-sanatci-olamaz-humanist-bir-kisilik-volkan-konak-ve-sarkilari\/"},"modified":"2010-02-16T17:10:44","modified_gmt":"2010-02-16T14:10:44","slug":"solcu-olmayan-sanatci-olamaz-humanist-bir-kisilik-volkan-konak-ve-sarkilari","status":"publish","type":"post","link":"https:\/\/narteks.net\/index.php\/2010\/02\/16\/solcu-olmayan-sanatci-olamaz-humanist-bir-kisilik-volkan-konak-ve-sarkilari\/","title":{"rendered":"Solcu olmayan sanat\u00e7\u0131 olamaz | H\u00fcmanist bir ki\u015filik Volkan Konak ve \u015eark\u0131lar\u0131"},"content":{"rendered":"<p style=\"text-align: justify;\"><img loading=\"lazy\" decoding=\"async\" src=\"images\/stories\/volkan-konak.jpg\" border=\"0\" alt=\"volkan-konak\" width=\"155\" height=\"205\" style=\"float: left; border: 0;\" \/>Volkan Konak 1967 y\u0131l\u0131nda Trabzon\u2019un Ma\u00e7ka il\u00e7esinin Hacevara k\u00f6y\u00fcnde do\u011fdu. \u0130lk orta ve Lise E\u011fitimini Ma\u00e7ka \u2018da tamamlad\u0131ktan sonra, \u00f6\u011fretmeninin te\u015fvikiyle 1983 y\u0131l\u0131nda \u0130stanbul Teknik \u00dcniversitesi T\u00fcrk M\u00fczi\u011fi Devlet Konservatuar\u0131na girdi. 1988 y\u0131l\u0131nda Konservatuar\u0131 bitirip ayn\u0131 y\u0131l \u0130stanbul Teknik \u00dcniversitesinde Halk M\u00fczi\u011fi \u00fczerine Sosyal Bilimler Master E\u011fitimine ba\u015flad\u0131.1991 y\u0131l\u0131nda Master e\u011fitimini tamamlad\u0131.Volkan Konak evli ve bir k\u0131z \u00e7ocu\u011fu babas\u0131d\u0131r.<\/p>\n<p style=\"text-align: justify;\">Sanat ve m\u00fczik hayat\u0131na 1987 y\u0131l\u0131nda Ma\u00e7ka y\u00f6resinde yapt\u0131\u011f\u0131 derleme \u00e7al\u0131\u015fmalar\u0131n\u0131 toplad\u0131\u011f\u0131 \u201cSular\u0131n Horon Yeri\u201d adl\u0131 m\u00fczik alb\u00fcm\u00fcyle ba\u015flad\u0131. Daha sonralar\u0131 beste \u00e7al\u0131\u015fmalar\u0131na ba\u015flad\u0131. Naz\u0131m Hikmet, Ya\u015far Mira\u00e7, \u00d6mer Kayao\u011flu, Sunay Ak\u0131n gibi de\u011ferli \u015fairlerin eserlerini besteleyerek Volkan Konak m\u00fczi\u011fini, tarz\u0131n\u0131 belirlemi\u015f oldu.Beste m\u00fczi\u011finin i\u00e7erisine etnik motifleri katarak, \u00f6rne\u011fi olmayan kendine \u00f6zg\u00fc bir tarz yaratm\u0131\u015f oldu.<\/p>\n<p>Karadeniz M\u00fczi\u011fini Evrensel M\u00fczik formlar\u0131yla bulu\u015fturarak, \u00f6zg\u00fcn bir yap\u0131da yeniden \u015fekillendiren Volkan konak, \u201cEfulim\u201d\u2019i 1993 y\u0131l\u0131nda yapt\u0131. Alb\u00fcm ba\u015fta Karadeniz halk\u0131n\u0131n ve m\u00fczikseverlerin be\u011fenizini ve ilgisini kazand\u0131. Daha sonra 1994 y\u0131l\u0131n\u0131n Ekim ay\u0131nda \u201cGelir misin Benimle\u201dadl\u0131 alb\u00fcm\u00fcn\u00fc haz\u0131rlad\u0131.Ve askerlik g\u00f6revi nedeniyle bir s\u00fcre \u00e7al\u0131\u015fmalar\u0131na ara verdi. Askerlik g\u00f6revini tamamlad\u0131ktan sonra hemen \u00fc\u00e7\u00fcnc\u00fc alb\u00fcm\u00fc \u201dVolkanik Par\u00e7alar\u201d\u2019\u0131n \u00e7al\u0131\u015fmas\u0131na ba\u015flad\u0131. \u00dc\u00e7 ayl\u0131k \u00e7al\u0131\u015fmadan sonrada bu alb\u00fcm M\u00fczikseverlerin be\u011fenisine sunuldu. Volkan konak 1998 y\u0131l\u0131n\u0131n Nisan ay\u0131nda kendisi taraf\u0131ndan kurdu\u011fu \u201cKuzey M\u00fczik Prod\u00fcksiyon\u201d isimli firmas\u0131ndan \u201cPedaliza\u201d isimli Alb\u00fcm\u00fcn\u00fc M\u00fczikseverlerin be\u011fenisine sundu.<\/p>\n<p><object width=\"480\" height=\"365\"><param name=\"movie\" value=\"http:\/\/www.dailymotion.com\/swf\/x8gqvl\" \/><param name=\"allowFullScreen\" value=\"true\" \/><param name=\"allowScriptAccess\" value=\"always\" \/><embed width=\"480\" height=\"365\" src=\"http:\/\/www.dailymotion.com\/swf\/x8gqvl\" allowfullscreen=\"true\" allowscriptaccess=\"always\"><\/embed><\/object><br \/>\n<br \/><strong><a href=\"http:\/\/www.dailymotion.com\/video\/x8gqvl_volkan-konak-yarim-yarim-2009_music\">Volkan Konak Yarim Yarim 2009<\/a><\/strong><br \/><em> <\/em><\/p>\n<p>\u00a0<\/p>\n<p style=\"text-align: justify;\">1993 y\u0131l\u0131ndan bu yana Alb\u00fcm \u00e7al\u0131\u015fmalar\u0131nda yakla\u015f\u0131k elli adet bestesini sergilemi\u015f ve bu \u00e7al\u0131\u015fmalar sonunda Gazeteciler Cemiyeti, \u00e7e\u015fitli vak\u0131f ve dernekler taraf\u0131ndan y\u0131l\u0131n sanat\u00e7\u0131s\u0131 se\u00e7ildi.1997 y\u0131l\u0131n\u0131da Politika dergisi taraf\u0131ndan y\u0131l\u0131n en iyi M\u00fczik sanat\u00e7\u0131s\u0131 se\u00e7ildi. Volkan Konak\u2019\u0131n 1993 y\u0131l\u0131nda \u00fcretti\u011fi bir bestesinin t\u00fcm d\u00fcnya haklar\u0131 \u201cKuzey M\u00fczik Prod\u00fcksiyon ile Frans\u0131z prod\u00fckt\u00f6r Alain Finet taraf\u0131ndan yap\u0131lan s\u00f6zle\u015fme sonucunda Alain Finet taraf\u0131ndan sat\u0131n al\u0131nd\u0131. Bu beste \u0130spanyolca olarak t\u00fcm d\u00fcnyada yay\u0131nlanmak \u00fczere single olarak \u00e7\u0131kar\u0131lacakt\u0131r.<\/p>\n<p>2000 y\u0131l\u0131nda \u201c\u015eimal R\u00fczgar\u0131\u201d adl\u0131 alb\u00fcm\u00fcn\u00fc DMC\u2019 den \u00e7\u0131kararak dinleyicilerine ula\u015ft\u0131rd\u0131. 2003 y\u0131l\u0131 Aral\u0131k ay\u0131nda 3.5 y\u0131l aradan sonra yine DMC etiketiyle yay\u0131nlanan \u201cMaranda\u201d isimli alb\u00fcm\u00fc ise b\u00fcy\u00fck be\u011feni toplayarak 2004 e m\u00fczik d\u00fcnyas\u0131n\u0131n iddialar\u0131 yap\u0131mlar\u0131ndan biri olarak girdi.2006 y\u0131l\u0131nda ise \u201cMora\u201d isimli alb\u00fcm\u00fcyle m\u00fczikseverlerle bulu\u015fan Volkan Konak\u2019\u0131n, alb\u00fcm\u00fcndeki par\u00e7alar b\u00fcy\u00fck be\u011feni toplad\u0131.Mora alb\u00fcm\u00fcnde olan ve ablas\u0131 Nuran Bah\u00e7ekap\u0131l\u0131&#8217;n\u0131n s\u00f6zlerini yazd\u0131\u011f\u0131 Garda\u015f adl\u0131 eseri Kaz\u0131m Koyuncu an\u0131s\u0131na bestelemi\u015ftir.Besteci ve s\u00f6z yazar\u0131 kimli\u011finin yan\u0131s\u0131ra \u015fiirsel y\u00f6n\u00fcde \u00e7ok kuvvetli olan Volkan Konak&#8217;\u0131n bir\u00e7ok \u015fiiri mevcuttur.Konserlerinde \u015fark\u0131lar\u0131n\u0131n yan\u0131s\u0131ra bir\u00e7ok \u015fairden \u015fiirlerde okuyan Volkan Konak, anlatt\u0131\u011f\u0131 esprili hikayeleriyle izleyenlerinin b\u00fcy\u00fck ilgisini \u00e7eker.<\/p>\n<p>T\u00fcrkiyenin her b\u00f6lgesinden \u00e7ok say\u0131da seveni olan Volkan Konak sosyal duyarl\u0131l\u0131\u011f\u0131 geli\u015fmi\u015f, hassas bir sanat\u00e7\u0131m\u0131zd\u0131r.\u0130ki y\u0131l s\u00fcren ve kimsenin u\u011fra\u015fmaya cesaret edemedi\u011fi \u00c7ernobil ara\u015ft\u0131rmas\u0131yla bu facian\u0131n T\u00fcrkiye ve de \u00f6zellikle Karadeniz B\u00f6lgesi \u00fczerindeki etkilerini derleyip, belgelendirmi\u015ftir.Kanserden babas\u0131 dahil bir\u00e7ok yak\u0131n\u0131n\u0131 kaybeden ve bunun ac\u0131s\u0131n\u0131 devaml\u0131 i\u00e7inde duyan Volkan Konak, s\u00f6zlerini ablas\u0131 Nuran Bah\u00e7ekap\u0131l\u0131&#8217;n\u0131n yazd\u0131\u011f\u0131 Cerrahpa\u015fa adl\u0131 eserini babas\u0131 i\u00e7in bestelemi\u015ftir.Y\u0131llard\u0131r Karadeniz B\u00f6lgesindeki Kanser vakalar\u0131n\u0131n art\u0131\u015f\u0131na dikkat \u00e7ekmek i\u00e7in u\u011fra\u015fan Volkan Konak; b\u00f6lgeye &#8220;Kanser Ara\u015ft\u0131rma Hastanesi&#8221; kurulmas\u0131 i\u00e7in m\u00fccadele etmektedir.<\/p>\n<p>2009 y\u0131l\u0131nda \u201cMimoza\u201d ad\u0131n\u0131 verdi\u011fi yeni alb\u00fcm\u00fcyle sevenleriyle tekrar bulu\u015fan Volkan Konak, Mimoza alb\u00fcm\u00fcn\u00fcn ilk klibini \u201cG\u00f6klerde Kartal Gibi\u201d adl\u0131 eserine, ikinci klibini ise \u201cMimoza \u00c7i\u00e7e\u011fi\u201d adl\u0131 eserine \u00e7ekmi\u015ftir.Alb\u00fcm\u00fcn\u00fcn \u00fc\u00e7\u00fcnc\u00fc klip \u00e7al\u0131\u015fmas\u0131n\u0131 ise senelerdir seslendirdi\u011fi ve \u00e7ok sevilen \u201cYarim Yarim\u201d adl\u0131 eserine \u00e7ekmi\u015ftir.<\/p>\n<p>\n<object width=\"400\" height=\"315\"><param name=\"movie\" value=\"http:\/\/www.humyo.com\/E\/10044311-281475244687423\/10044311-281475244688901\/10044311-281475244690139\/10044311-281475244695241\/10044311-281475244696589\/10044311-281475244697987\/10044311-281475244699445\/10044311-281475244700457\/10044311-281475244701861\/10044311-281475244702729\/10044311-281475244703573\/10044311-281475244704829\/10044311-281475244705653\/10044311-281475244706585\/10044311-281475244707527\/10044311-281475244708629\/10044311-281475244709487\/10044311-281475244709853\/10044311-281475244710665\/10044311-281475244711779\/10044311-281475244712823\/10044311-281475244713721\/10044311-281475244714333\/10044311-281475244715523\/10044311-281475244716917\/10044311-281475244691691\" \/><param name=\"flashvars\" value=\"autostart=true&amp;imagestart=true&amp;displayheight=236\" \/><embed type=\"application\/x-shockwave-flash\" width=\"400\" height=\"315\" src=\"http:\/\/www.humyo.com\/E\/10044311-281475244687423\/10044311-281475244688901\/10044311-281475244690139\/10044311-281475244695241\/10044311-281475244696589\/10044311-281475244697987\/10044311-281475244699445\/10044311-281475244700457\/10044311-281475244701861\/10044311-281475244702729\/10044311-281475244703573\/10044311-281475244704829\/10044311-281475244705653\/10044311-281475244706585\/10044311-281475244707527\/10044311-281475244708629\/10044311-281475244709487\/10044311-281475244709853\/10044311-281475244710665\/10044311-281475244711779\/10044311-281475244712823\/10044311-281475244713721\/10044311-281475244714333\/10044311-281475244715523\/10044311-281475244716917\/10044311-281475244691691\" flashvars=\"autostart=true&amp;imagestart=true&amp;displayheight=236\"><\/embed><\/object><\/p>\n","protected":false},"excerpt":{"rendered":"<p>Volkan Konak 1967 y\u0131l\u0131nda Trabzon\u2019un Ma\u00e7ka il\u00e7esinin Hacevara k\u00f6y\u00fcnde do\u011fdu. \u0130lk orta ve Lise E\u011fitimini Ma\u00e7ka \u2018da tamamlad\u0131ktan sonra, \u00f6\u011fretmeninin te\u015fvikiyle 1983 y\u0131l\u0131nda \u0130stanbul Teknik \u00dcniversitesi T\u00fcrk M\u00fczi\u011fi Devlet Konservatuar\u0131na girdi. 1988 y\u0131l\u0131nda Konservatuar\u0131 bitirip ayn\u0131 y\u0131l \u0130stanbul Teknik \u00dcniversitesinde Halk M\u00fczi\u011fi \u00fczerine Sosyal Bilimler Master E\u011fitimine ba\u015flad\u0131.1991 y\u0131l\u0131nda Master e\u011fitimini tamamlad\u0131.Volkan Konak evli ve [&hellip;]<\/p>\n","protected":false},"author":1,"featured_media":0,"comment_status":"open","ping_status":"open","sticky":false,"template":"","format":"standard","meta":{"footnotes":""},"categories":[100],"tags":[],"class_list":{"0":"post-4225","1":"post","2":"type-post","3":"status-publish","4":"format-standard","6":"category-muzisyenler"},"yoast_head":"<!-- This site is optimized with the Yoast SEO Premium plugin v24.9 (Yoast SEO v24.9) - https:\/\/yoast.com\/wordpress\/plugins\/seo\/ -->\n<title>Solcu olmayan sanat\u00e7\u0131 olamaz | H\u00fcmanist bir ki\u015filik Volkan Konak ve \u015eark\u0131lar\u0131 - narteks.net<\/title>\n<meta name=\"robots\" content=\"index, follow, max-snippet:-1, max-image-preview:large, max-video-preview:-1\" \/>\n<link rel=\"canonical\" href=\"https:\/\/narteks.net\/index.php\/2010\/02\/16\/solcu-olmayan-sanatci-olamaz-humanist-bir-kisilik-volkan-konak-ve-sarkilari\/\" \/>\n<meta property=\"og:locale\" content=\"tr_TR\" \/>\n<meta property=\"og:type\" content=\"article\" \/>\n<meta property=\"og:title\" content=\"Solcu olmayan sanat\u00e7\u0131 olamaz | H\u00fcmanist bir ki\u015filik Volkan Konak ve \u015eark\u0131lar\u0131\" \/>\n<meta property=\"og:description\" content=\"Volkan Konak 1967 y\u0131l\u0131nda Trabzon\u2019un Ma\u00e7ka il\u00e7esinin Hacevara k\u00f6y\u00fcnde do\u011fdu. \u0130lk orta ve Lise E\u011fitimini Ma\u00e7ka \u2018da tamamlad\u0131ktan sonra, \u00f6\u011fretmeninin te\u015fvikiyle 1983 y\u0131l\u0131nda \u0130stanbul Teknik \u00dcniversitesi T\u00fcrk M\u00fczi\u011fi Devlet Konservatuar\u0131na girdi. 1988 y\u0131l\u0131nda Konservatuar\u0131 bitirip ayn\u0131 y\u0131l \u0130stanbul Teknik \u00dcniversitesinde Halk M\u00fczi\u011fi \u00fczerine Sosyal Bilimler Master E\u011fitimine ba\u015flad\u0131.1991 y\u0131l\u0131nda Master e\u011fitimini tamamlad\u0131.Volkan Konak evli ve [&hellip;]\" \/>\n<meta property=\"og:url\" content=\"https:\/\/narteks.net\/index.php\/2010\/02\/16\/solcu-olmayan-sanatci-olamaz-humanist-bir-kisilik-volkan-konak-ve-sarkilari\/\" \/>\n<meta property=\"og:site_name\" content=\"narteks.net\" \/>\n<meta property=\"article:published_time\" content=\"2010-02-16T14:10:44+00:00\" \/>\n<meta property=\"og:image\" content=\"https:\/\/narteks.net\/wp-content\/uploads\/narteks.png\" \/>\n\t<meta property=\"og:image:width\" content=\"300\" \/>\n\t<meta property=\"og:image:height\" content=\"90\" \/>\n\t<meta property=\"og:image:type\" content=\"image\/png\" \/>\n<meta name=\"author\" content=\"Tar\u0131k\" \/>\n<meta name=\"twitter:card\" content=\"summary_large_image\" \/>\n<meta name=\"twitter:creator\" content=\"@narteks\" \/>\n<meta name=\"twitter:site\" content=\"@narteks\" \/>\n<meta name=\"twitter:label1\" content=\"Yazan:\" \/>\n\t<meta name=\"twitter:data1\" content=\"Tar\u0131k\" \/>\n\t<meta name=\"twitter:label2\" content=\"Tahmini okuma s\u00fcresi\" \/>\n\t<meta name=\"twitter:data2\" content=\"4 dakika\" \/>\n<script type=\"application\/ld+json\" class=\"yoast-schema-graph\">{\"@context\":\"https:\/\/schema.org\",\"@graph\":[{\"@type\":\"Article\",\"@id\":\"https:\/\/narteks.net\/index.php\/2010\/02\/16\/solcu-olmayan-sanatci-olamaz-humanist-bir-kisilik-volkan-konak-ve-sarkilari\/#article\",\"isPartOf\":{\"@id\":\"https:\/\/narteks.net\/index.php\/2010\/02\/16\/solcu-olmayan-sanatci-olamaz-humanist-bir-kisilik-volkan-konak-ve-sarkilari\/\"},\"author\":{\"name\":\"Tar\u0131k\",\"@id\":\"https:\/\/narteks.net\/#\/schema\/person\/61f37d9834294b72d31d274e7ed79bca\"},\"headline\":\"Solcu olmayan sanat\u00e7\u0131 olamaz | H\u00fcmanist bir ki\u015filik Volkan Konak ve \u015eark\u0131lar\u0131\",\"datePublished\":\"2010-02-16T14:10:44+00:00\",\"mainEntityOfPage\":{\"@id\":\"https:\/\/narteks.net\/index.php\/2010\/02\/16\/solcu-olmayan-sanatci-olamaz-humanist-bir-kisilik-volkan-konak-ve-sarkilari\/\"},\"wordCount\":798,\"commentCount\":0,\"publisher\":{\"@id\":\"https:\/\/narteks.net\/#organization\"},\"articleSection\":[\"M\u00fczisyenler\"],\"inLanguage\":\"tr\",\"potentialAction\":[{\"@type\":\"CommentAction\",\"name\":\"Comment\",\"target\":[\"https:\/\/narteks.net\/index.php\/2010\/02\/16\/solcu-olmayan-sanatci-olamaz-humanist-bir-kisilik-volkan-konak-ve-sarkilari\/#respond\"]}]},{\"@type\":\"WebPage\",\"@id\":\"https:\/\/narteks.net\/index.php\/2010\/02\/16\/solcu-olmayan-sanatci-olamaz-humanist-bir-kisilik-volkan-konak-ve-sarkilari\/\",\"url\":\"https:\/\/narteks.net\/index.php\/2010\/02\/16\/solcu-olmayan-sanatci-olamaz-humanist-bir-kisilik-volkan-konak-ve-sarkilari\/\",\"name\":\"Solcu olmayan sanat\u00e7\u0131 olamaz | H\u00fcmanist bir ki\u015filik Volkan Konak ve \u015eark\u0131lar\u0131 - narteks.net\",\"isPartOf\":{\"@id\":\"https:\/\/narteks.net\/#website\"},\"datePublished\":\"2010-02-16T14:10:44+00:00\",\"breadcrumb\":{\"@id\":\"https:\/\/narteks.net\/index.php\/2010\/02\/16\/solcu-olmayan-sanatci-olamaz-humanist-bir-kisilik-volkan-konak-ve-sarkilari\/#breadcrumb\"},\"inLanguage\":\"tr\",\"potentialAction\":[{\"@type\":\"ReadAction\",\"target\":[\"https:\/\/narteks.net\/index.php\/2010\/02\/16\/solcu-olmayan-sanatci-olamaz-humanist-bir-kisilik-volkan-konak-ve-sarkilari\/\"]}]},{\"@type\":\"BreadcrumbList\",\"@id\":\"https:\/\/narteks.net\/index.php\/2010\/02\/16\/solcu-olmayan-sanatci-olamaz-humanist-bir-kisilik-volkan-konak-ve-sarkilari\/#breadcrumb\",\"itemListElement\":[{\"@type\":\"ListItem\",\"position\":1,\"name\":\"Anasayfa\",\"item\":\"https:\/\/narteks.net\/\"},{\"@type\":\"ListItem\",\"position\":2,\"name\":\"Solcu olmayan sanat\u00e7\u0131 olamaz | H\u00fcmanist bir ki\u015filik Volkan Konak ve \u015eark\u0131lar\u0131\"}]},{\"@type\":\"WebSite\",\"@id\":\"https:\/\/narteks.net\/#website\",\"url\":\"https:\/\/narteks.net\/\",\"name\":\"narteks.net\",\"description\":\"K\u00fclt\u00fcr Sanat Edebiyat Felsefe\",\"publisher\":{\"@id\":\"https:\/\/narteks.net\/#organization\"},\"alternateName\":\"K\u00fclt\u00fcr Sanat Edebiyat Felsefe\",\"potentialAction\":[{\"@type\":\"SearchAction\",\"target\":{\"@type\":\"EntryPoint\",\"urlTemplate\":\"https:\/\/narteks.net\/?s={search_term_string}\"},\"query-input\":{\"@type\":\"PropertyValueSpecification\",\"valueRequired\":true,\"valueName\":\"search_term_string\"}}],\"inLanguage\":\"tr\"},{\"@type\":\"Organization\",\"@id\":\"https:\/\/narteks.net\/#organization\",\"name\":\"narteks.net\",\"url\":\"https:\/\/narteks.net\/\",\"logo\":{\"@type\":\"ImageObject\",\"inLanguage\":\"tr\",\"@id\":\"https:\/\/narteks.net\/#\/schema\/logo\/image\/\",\"url\":\"https:\/\/narteks.net\/wp-content\/uploads\/narteks.png\",\"contentUrl\":\"https:\/\/narteks.net\/wp-content\/uploads\/narteks.png\",\"width\":300,\"height\":90,\"caption\":\"narteks.net\"},\"image\":{\"@id\":\"https:\/\/narteks.net\/#\/schema\/logo\/image\/\"},\"sameAs\":[\"https:\/\/x.com\/narteks\",\"https:\/\/instagram.com\/narteksnet\"]},{\"@type\":\"Person\",\"@id\":\"https:\/\/narteks.net\/#\/schema\/person\/61f37d9834294b72d31d274e7ed79bca\",\"name\":\"Tar\u0131k\",\"image\":{\"@type\":\"ImageObject\",\"inLanguage\":\"tr\",\"@id\":\"https:\/\/narteks.net\/#\/schema\/person\/image\/\",\"url\":\"https:\/\/secure.gravatar.com\/avatar\/50865afb55632c4ae467e0af0930f6510aa2297d8014be502a55b14f3b7550cf?s=96&d=mm&r=g\",\"contentUrl\":\"https:\/\/secure.gravatar.com\/avatar\/50865afb55632c4ae467e0af0930f6510aa2297d8014be502a55b14f3b7550cf?s=96&d=mm&r=g\",\"caption\":\"Tar\u0131k\"},\"sameAs\":[\"http:\/\/narteks.net\"],\"url\":\"https:\/\/narteks.net\/index.php\/author\/narbak\/\"}]}<\/script>\n<!-- \/ Yoast SEO Premium plugin. -->","yoast_head_json":{"title":"Solcu olmayan sanat\u00e7\u0131 olamaz | H\u00fcmanist bir ki\u015filik Volkan Konak ve \u015eark\u0131lar\u0131 - narteks.net","robots":{"index":"index","follow":"follow","max-snippet":"max-snippet:-1","max-image-preview":"max-image-preview:large","max-video-preview":"max-video-preview:-1"},"canonical":"https:\/\/narteks.net\/index.php\/2010\/02\/16\/solcu-olmayan-sanatci-olamaz-humanist-bir-kisilik-volkan-konak-ve-sarkilari\/","og_locale":"tr_TR","og_type":"article","og_title":"Solcu olmayan sanat\u00e7\u0131 olamaz | H\u00fcmanist bir ki\u015filik Volkan Konak ve \u015eark\u0131lar\u0131","og_description":"Volkan Konak 1967 y\u0131l\u0131nda Trabzon\u2019un Ma\u00e7ka il\u00e7esinin Hacevara k\u00f6y\u00fcnde do\u011fdu. \u0130lk orta ve Lise E\u011fitimini Ma\u00e7ka \u2018da tamamlad\u0131ktan sonra, \u00f6\u011fretmeninin te\u015fvikiyle 1983 y\u0131l\u0131nda \u0130stanbul Teknik \u00dcniversitesi T\u00fcrk M\u00fczi\u011fi Devlet Konservatuar\u0131na girdi. 1988 y\u0131l\u0131nda Konservatuar\u0131 bitirip ayn\u0131 y\u0131l \u0130stanbul Teknik \u00dcniversitesinde Halk M\u00fczi\u011fi \u00fczerine Sosyal Bilimler Master E\u011fitimine ba\u015flad\u0131.1991 y\u0131l\u0131nda Master e\u011fitimini tamamlad\u0131.Volkan Konak evli ve [&hellip;]","og_url":"https:\/\/narteks.net\/index.php\/2010\/02\/16\/solcu-olmayan-sanatci-olamaz-humanist-bir-kisilik-volkan-konak-ve-sarkilari\/","og_site_name":"narteks.net","article_published_time":"2010-02-16T14:10:44+00:00","og_image":[{"width":300,"height":90,"url":"https:\/\/narteks.net\/wp-content\/uploads\/narteks.png","type":"image\/png"}],"author":"Tar\u0131k","twitter_card":"summary_large_image","twitter_creator":"@narteks","twitter_site":"@narteks","twitter_misc":{"Yazan:":"Tar\u0131k","Tahmini okuma s\u00fcresi":"4 dakika"},"schema":{"@context":"https:\/\/schema.org","@graph":[{"@type":"Article","@id":"https:\/\/narteks.net\/index.php\/2010\/02\/16\/solcu-olmayan-sanatci-olamaz-humanist-bir-kisilik-volkan-konak-ve-sarkilari\/#article","isPartOf":{"@id":"https:\/\/narteks.net\/index.php\/2010\/02\/16\/solcu-olmayan-sanatci-olamaz-humanist-bir-kisilik-volkan-konak-ve-sarkilari\/"},"author":{"name":"Tar\u0131k","@id":"https:\/\/narteks.net\/#\/schema\/person\/61f37d9834294b72d31d274e7ed79bca"},"headline":"Solcu olmayan sanat\u00e7\u0131 olamaz | H\u00fcmanist bir ki\u015filik Volkan Konak ve \u015eark\u0131lar\u0131","datePublished":"2010-02-16T14:10:44+00:00","mainEntityOfPage":{"@id":"https:\/\/narteks.net\/index.php\/2010\/02\/16\/solcu-olmayan-sanatci-olamaz-humanist-bir-kisilik-volkan-konak-ve-sarkilari\/"},"wordCount":798,"commentCount":0,"publisher":{"@id":"https:\/\/narteks.net\/#organization"},"articleSection":["M\u00fczisyenler"],"inLanguage":"tr","potentialAction":[{"@type":"CommentAction","name":"Comment","target":["https:\/\/narteks.net\/index.php\/2010\/02\/16\/solcu-olmayan-sanatci-olamaz-humanist-bir-kisilik-volkan-konak-ve-sarkilari\/#respond"]}]},{"@type":"WebPage","@id":"https:\/\/narteks.net\/index.php\/2010\/02\/16\/solcu-olmayan-sanatci-olamaz-humanist-bir-kisilik-volkan-konak-ve-sarkilari\/","url":"https:\/\/narteks.net\/index.php\/2010\/02\/16\/solcu-olmayan-sanatci-olamaz-humanist-bir-kisilik-volkan-konak-ve-sarkilari\/","name":"Solcu olmayan sanat\u00e7\u0131 olamaz | H\u00fcmanist bir ki\u015filik Volkan Konak ve \u015eark\u0131lar\u0131 - narteks.net","isPartOf":{"@id":"https:\/\/narteks.net\/#website"},"datePublished":"2010-02-16T14:10:44+00:00","breadcrumb":{"@id":"https:\/\/narteks.net\/index.php\/2010\/02\/16\/solcu-olmayan-sanatci-olamaz-humanist-bir-kisilik-volkan-konak-ve-sarkilari\/#breadcrumb"},"inLanguage":"tr","potentialAction":[{"@type":"ReadAction","target":["https:\/\/narteks.net\/index.php\/2010\/02\/16\/solcu-olmayan-sanatci-olamaz-humanist-bir-kisilik-volkan-konak-ve-sarkilari\/"]}]},{"@type":"BreadcrumbList","@id":"https:\/\/narteks.net\/index.php\/2010\/02\/16\/solcu-olmayan-sanatci-olamaz-humanist-bir-kisilik-volkan-konak-ve-sarkilari\/#breadcrumb","itemListElement":[{"@type":"ListItem","position":1,"name":"Anasayfa","item":"https:\/\/narteks.net\/"},{"@type":"ListItem","position":2,"name":"Solcu olmayan sanat\u00e7\u0131 olamaz | H\u00fcmanist bir ki\u015filik Volkan Konak ve \u015eark\u0131lar\u0131"}]},{"@type":"WebSite","@id":"https:\/\/narteks.net\/#website","url":"https:\/\/narteks.net\/","name":"narteks.net","description":"K\u00fclt\u00fcr Sanat Edebiyat Felsefe","publisher":{"@id":"https:\/\/narteks.net\/#organization"},"alternateName":"K\u00fclt\u00fcr Sanat Edebiyat Felsefe","potentialAction":[{"@type":"SearchAction","target":{"@type":"EntryPoint","urlTemplate":"https:\/\/narteks.net\/?s={search_term_string}"},"query-input":{"@type":"PropertyValueSpecification","valueRequired":true,"valueName":"search_term_string"}}],"inLanguage":"tr"},{"@type":"Organization","@id":"https:\/\/narteks.net\/#organization","name":"narteks.net","url":"https:\/\/narteks.net\/","logo":{"@type":"ImageObject","inLanguage":"tr","@id":"https:\/\/narteks.net\/#\/schema\/logo\/image\/","url":"https:\/\/narteks.net\/wp-content\/uploads\/narteks.png","contentUrl":"https:\/\/narteks.net\/wp-content\/uploads\/narteks.png","width":300,"height":90,"caption":"narteks.net"},"image":{"@id":"https:\/\/narteks.net\/#\/schema\/logo\/image\/"},"sameAs":["https:\/\/x.com\/narteks","https:\/\/instagram.com\/narteksnet"]},{"@type":"Person","@id":"https:\/\/narteks.net\/#\/schema\/person\/61f37d9834294b72d31d274e7ed79bca","name":"Tar\u0131k","image":{"@type":"ImageObject","inLanguage":"tr","@id":"https:\/\/narteks.net\/#\/schema\/person\/image\/","url":"https:\/\/secure.gravatar.com\/avatar\/50865afb55632c4ae467e0af0930f6510aa2297d8014be502a55b14f3b7550cf?s=96&d=mm&r=g","contentUrl":"https:\/\/secure.gravatar.com\/avatar\/50865afb55632c4ae467e0af0930f6510aa2297d8014be502a55b14f3b7550cf?s=96&d=mm&r=g","caption":"Tar\u0131k"},"sameAs":["http:\/\/narteks.net"],"url":"https:\/\/narteks.net\/index.php\/author\/narbak\/"}]}},"_links":{"self":[{"href":"https:\/\/narteks.net\/index.php\/wp-json\/wp\/v2\/posts\/4225","targetHints":{"allow":["GET"]}}],"collection":[{"href":"https:\/\/narteks.net\/index.php\/wp-json\/wp\/v2\/posts"}],"about":[{"href":"https:\/\/narteks.net\/index.php\/wp-json\/wp\/v2\/types\/post"}],"author":[{"embeddable":true,"href":"https:\/\/narteks.net\/index.php\/wp-json\/wp\/v2\/users\/1"}],"replies":[{"embeddable":true,"href":"https:\/\/narteks.net\/index.php\/wp-json\/wp\/v2\/comments?post=4225"}],"version-history":[{"count":0,"href":"https:\/\/narteks.net\/index.php\/wp-json\/wp\/v2\/posts\/4225\/revisions"}],"wp:attachment":[{"href":"https:\/\/narteks.net\/index.php\/wp-json\/wp\/v2\/media?parent=4225"}],"wp:term":[{"taxonomy":"category","embeddable":true,"href":"https:\/\/narteks.net\/index.php\/wp-json\/wp\/v2\/categories?post=4225"},{"taxonomy":"post_tag","embeddable":true,"href":"https:\/\/narteks.net\/index.php\/wp-json\/wp\/v2\/tags?post=4225"}],"curies":[{"name":"wp","href":"https:\/\/api.w.org\/{rel}","templated":true}]}}