{"id":423,"date":"2009-03-13T14:07:39","date_gmt":"2009-03-13T11:07:39","guid":{"rendered":"http:\/\/localhost\/wordpress\/2009\/03\/13\/geyik-ne-melersin\/"},"modified":"2009-03-13T14:07:39","modified_gmt":"2009-03-13T11:07:39","slug":"geyik-ne-melersin","status":"publish","type":"post","link":"https:\/\/narteks.net\/index.php\/2009\/03\/13\/geyik-ne-melersin\/","title":{"rendered":"Geyik Ne Melersin?"},"content":{"rendered":"<p style=\"text-align: justify;\"><span style=\"font-size: 14pt;\"><strong> Geyik Ne Melersin?<\/strong><\/span><\/p>\n<p>&lt;&lt;Fethiye&#8217;nin G\u00fcnl\u00fckba\u015f\u0131 k\u00f6y\u00fcnden Mustafa Topcu&#8217;dan derlenmi\u015ftir&gt;&gt;<\/p>\n<p>G\u00fcney Anadolu da, Akdeniz&#8217;e paralel uzanan Toros s\u0131rada\u011flar\u0131, karl\u0131 doruklar\u0131yle, mavi Akdeniz&#8217;in, y\u00fccelerde patlayan ak k\u00f6p\u00fckl\u00fc dalgalar\u0131d\u0131r sanki&#8230;<\/p>\n<p>Toros s\u0131rada\u011flar\u0131 aras\u0131nda co\u015fkun dereler ve ince-uzun ovalar vard\u0131r. Bu y\u00f6renin insanlar\u0131 do\u011faya, dolay\u0131s\u0131yla her t\u00fcrl\u00fc yaban yarat\u0131\u011f\u0131na yak\u0131nd\u0131rlar. \u00c7okluk T\u00fcrkmenler, tahtac\u0131lar ya\u015far Toros&#8217;larda.<\/p>\n<p>Y\u0131l boyu s\u00fcr\u00fc g\u00fcd\u00fcp tahta bi\u00e7en tahtac\u0131lar, g\u00fcz geldimiydi, do\u011fru Elmal\u0131&#8217;mn Ak\u00e7aini\u015f k\u00f6y\u00fc yak\u0131n\u0131ndaki Tekke mevkiinde al\u0131rlar solu\u011fu. Fethiye&#8217;den Antalya&#8217;ya, Ka\u015f&#8217;tan Korkuteli&#8217;ne dek y\u00f6redeki t\u00fcm Aleviler, kurbanlar\u0131n\u0131 burada keserler. \u00c7\u00fcnk\u00fc Hac\u0131 Bekta\u015f-\u0131 Veli&#8217;nin \u00f6nde gelen m\u00fcritlerinden Abdal Musa tekkesi buradayd\u0131 bir zamanlar.<\/p>\n<p>Hac\u0131 Bekta\u015f-\u0131 Veli, Abdal Musa&#8217;n\u0131n yeti\u015fip olgunla\u015ft\u0131\u011f\u0131m g\u00f6r\u00fcnce O&#8217;na &lt;&lt;el vermi\u015f&gt;&gt;ti. Bekta\u015filikte &lt;&lt;el vermek&gt;&gt;, &lt;&lt;tamam, sen pi\u015ftin&gt;&gt; demek&#8230;<\/p>\n<p>Abdal Musa, &lt;&lt;pir&gt;&gt; inin elini \u00f6pt\u00fckten sonra,\u00a0 O&#8217;nun el\u00e7isi olarak, Bekta\u015fili\u011fi yaymak \u00fczere, Elmal\u0131&#8217;ya gelip, Ak\u00e7aini\u015f k\u00f6y\u00fc dolaylar\u0131na yerle\u015fmi\u015f. \u00d6ylesine bilgili, \u00f6ylesine g\u00fc\u00e7l\u00fc bir ki\u015fiymi\u015f ki; k\u0131sa s\u00fcrede \u00e7ok b\u00fcy\u00fck bir yanda\u015f (taraftar) kitlesi toplam\u0131\u015f.<\/p>\n<p>Aradan y\u00fczy\u0131llar ge\u00e7ti\u011fi halde, o y\u00f6reler halk\u0131 hala; Abdal Musa&#8217;n\u0131n kudretini hayranl\u0131kla anlat\u0131r. O&#8217;nun g\u00f6sterdi\u011fi mucize ve yapt\u0131\u011f\u0131 i\u015flerin \u00e7o\u011fu halk aras\u0131nda s\u00f6ylencele\u015fmi\u015f (efsanele\u015fmi\u015f) tir.<br \/>Bir geyikle \u015fakala\u015fmas\u0131n\u0131 dile getiren s\u00f6ylenceyse, Fethiye-Antalya aras\u0131n\u0131n en, ilgin\u00e7 t\u00fcrk\u00fclerinden birine konu olmu\u015ftur :<\/p>\n<p>Abdal Musa bir g\u00fcn, yenice yavrulam\u0131\u015f bir geyikle kar\u015f\u0131la\u015fm\u0131\u015f. Geyi\u011fi s\u0131namak i\u00e7in, yavrusunu bir kazana saklam\u0131\u015f. Geyik melemeye, yavrusunu aramaya ba\u015flam\u0131\u015f. \u0130\u015fte o s\u0131ra Abdal Musa ile geyik aras\u0131nda ge\u00e7en s\u00f6yle\u015fi, k\u0131rk d\u00f6rtl\u00fckl\u00fck (k\u0131t&#8217;al\u0131k) bir \u015fiir olu\u015fturmu\u015f. Bug\u00fcn t\u00fcrk\u00fcde genellikle be\u015f d\u00f6rtl\u00fck s\u00f6yleniyor.<\/p>\n<p>A\u015fa\u011f\u0131da sundu\u011fumuz s\u00f6zlerin birinci, ikinci ve d\u00f6rd\u00fcnc\u00fc d\u00f6rtl\u00fckleri Abdal Musa&#8217;n\u0131n; \u00fc\u00e7\u00fcnc\u00fc ve be\u015finci d\u00f6rtl\u00fckleri geyi\u011fin a\u011fz\u0131ndan s\u00f6ylenmi\u015ftir :<\/p>\n<p>&lt;&lt;Geyik ne melersin<br \/>Da\u011f\u0131 ta\u015f\u0131 delersin<br \/>Bir yavrunun yolu<br \/>Geyik ne \u00e7ok melersin?<\/p>\n<p>Aday\u0131p atandad\u0131r\u00a0\u00a0\u00a0\u00a0\u00a0\u00a0\u00a0\u00a0\u00a0\u00a0\u00a0\u00a0\u00a0\u00a0\u00a0\u00a0\u00a0\u00a0\u00a0 \u0130skilip&#8217;ine ereyim<br \/>Okuyup yazandad\u0131r\u00a0\u00a0\u00a0\u00a0\u00a0\u00a0\u00a0\u00a0\u00a0\u00a0\u00a0\u00a0\u00a0\u00a0\u00a0 Gonca g\u00fcller dereyim<br \/>Geyik ne arars\u0131n da\u011f\u0131 ta\u015f\u0131\u00a0\u00a0\u00a0\u00a0 Beriye geliver geyik<br \/>Yavrun bu kazandad\u0131r.\u00a0\u00a0\u00a0\u00a0\u00a0\u00a0\u00a0\u00a0 Ben yavrunu vereyim.<\/p>\n<p>Aday\u0131p atand&#8217;dolsun\u00a0\u00a0\u00a0\u00a0\u00a0\u00a0\u00a0\u00a0\u00a0\u00a0\u00a0\u00a0\u00a0 \u0130skilip&#8217;ine eremem<br \/>Okuyup yazand&#8217;olsun\u00a0\u00a0\u00a0\u00a0\u00a0\u00a0\u00a0\u00a0\u00a0\u00a0\u00a0 Gonca g\u00fcller deremem<br \/>Benim yavrumu alan\u0131n\u00a0\u00a0\u00a0\u00a0\u00a0\u00a0\u00a0\u00a0 \u0130nsano\u011flu \u00e7i\u011f s\u00fct emmi\u015f,<br \/>1ki g\u00f6z\u00fc k\u00f6rolsun.\u00a0\u00a0\u00a0\u00a0\u00a0\u00a0\u00a0\u00a0\u00a0\u00a0\u00a0\u00a0\u00a0\u00a0\u00a0\u00a0\u00a0 S\u00f6z\u00fcne g\u00fcvenemem&#8230;&gt;&gt;<\/p>\n<p>Kaynak:<br \/>Ahmet G\u00fcnday<br \/>Ba\u011flama Metodu<br \/>Notalar\u0131 ile Halk T\u00fcrk\u00fcleri<br \/>ve T\u00fcrk\u00fc Hikayeleri\u00a0\u00a0\u00a0\u00a0\u00a0\u00a0\u00a0\u00a0\u00a0\u00a0\u00a0\u00a0\u00a0 Nisan 1977<\/p>\n","protected":false},"excerpt":{"rendered":"<p>Geyik Ne Melersin? &lt;&lt;Fethiye&#8217;nin G\u00fcnl\u00fckba\u015f\u0131 k\u00f6y\u00fcnden Mustafa Topcu&#8217;dan derlenmi\u015ftir&gt;&gt; G\u00fcney Anadolu da, Akdeniz&#8217;e paralel uzanan Toros s\u0131rada\u011flar\u0131, karl\u0131 doruklar\u0131yle, mavi Akdeniz&#8217;in, y\u00fccelerde patlayan ak k\u00f6p\u00fckl\u00fc dalgalar\u0131d\u0131r sanki&#8230; Toros s\u0131rada\u011flar\u0131 aras\u0131nda co\u015fkun dereler ve ince-uzun ovalar vard\u0131r. Bu y\u00f6renin insanlar\u0131 do\u011faya, dolay\u0131s\u0131yla her t\u00fcrl\u00fc yaban yarat\u0131\u011f\u0131na yak\u0131nd\u0131rlar. \u00c7okluk T\u00fcrkmenler, tahtac\u0131lar ya\u015far Toros&#8217;larda. Y\u0131l boyu s\u00fcr\u00fc g\u00fcd\u00fcp [&hellip;]<\/p>\n","protected":false},"author":1,"featured_media":0,"comment_status":"open","ping_status":"open","sticky":false,"template":"","format":"standard","meta":{"footnotes":""},"categories":[55],"tags":[],"class_list":{"0":"post-423","1":"post","2":"type-post","3":"status-publish","4":"format-standard","6":"category-oykuleriyle-turkuler"},"yoast_head":"<!-- This site is optimized with the Yoast SEO Premium plugin v24.9 (Yoast SEO v24.9) - https:\/\/yoast.com\/wordpress\/plugins\/seo\/ -->\n<title>Geyik Ne Melersin? - narteks.net<\/title>\n<meta name=\"robots\" content=\"index, follow, max-snippet:-1, max-image-preview:large, max-video-preview:-1\" \/>\n<link rel=\"canonical\" href=\"https:\/\/narteks.net\/index.php\/2009\/03\/13\/geyik-ne-melersin\/\" \/>\n<meta property=\"og:locale\" content=\"tr_TR\" \/>\n<meta property=\"og:type\" content=\"article\" \/>\n<meta property=\"og:title\" content=\"Geyik Ne Melersin?\" \/>\n<meta property=\"og:description\" content=\"Geyik Ne Melersin? &lt;&lt;Fethiye&#8217;nin G\u00fcnl\u00fckba\u015f\u0131 k\u00f6y\u00fcnden Mustafa Topcu&#8217;dan derlenmi\u015ftir&gt;&gt; G\u00fcney Anadolu da, Akdeniz&#8217;e paralel uzanan Toros s\u0131rada\u011flar\u0131, karl\u0131 doruklar\u0131yle, mavi Akdeniz&#8217;in, y\u00fccelerde patlayan ak k\u00f6p\u00fckl\u00fc dalgalar\u0131d\u0131r sanki&#8230; Toros s\u0131rada\u011flar\u0131 aras\u0131nda co\u015fkun dereler ve ince-uzun ovalar vard\u0131r. Bu y\u00f6renin insanlar\u0131 do\u011faya, dolay\u0131s\u0131yla her t\u00fcrl\u00fc yaban yarat\u0131\u011f\u0131na yak\u0131nd\u0131rlar. \u00c7okluk T\u00fcrkmenler, tahtac\u0131lar ya\u015far Toros&#8217;larda. Y\u0131l boyu s\u00fcr\u00fc g\u00fcd\u00fcp [&hellip;]\" \/>\n<meta property=\"og:url\" content=\"https:\/\/narteks.net\/index.php\/2009\/03\/13\/geyik-ne-melersin\/\" \/>\n<meta property=\"og:site_name\" content=\"narteks.net\" \/>\n<meta property=\"article:published_time\" content=\"2009-03-13T11:07:39+00:00\" \/>\n<meta property=\"og:image\" content=\"https:\/\/narteks.net\/wp-content\/uploads\/narteks.png\" \/>\n\t<meta property=\"og:image:width\" content=\"300\" \/>\n\t<meta property=\"og:image:height\" content=\"90\" \/>\n\t<meta property=\"og:image:type\" content=\"image\/png\" \/>\n<meta name=\"author\" content=\"Tar\u0131k\" \/>\n<meta name=\"twitter:card\" content=\"summary_large_image\" \/>\n<meta name=\"twitter:creator\" content=\"@narteks\" \/>\n<meta name=\"twitter:site\" content=\"@narteks\" \/>\n<meta name=\"twitter:label1\" content=\"Yazan:\" \/>\n\t<meta name=\"twitter:data1\" content=\"Tar\u0131k\" \/>\n\t<meta name=\"twitter:label2\" content=\"Tahmini okuma s\u00fcresi\" \/>\n\t<meta name=\"twitter:data2\" content=\"2 dakika\" \/>\n<script type=\"application\/ld+json\" class=\"yoast-schema-graph\">{\"@context\":\"https:\/\/schema.org\",\"@graph\":[{\"@type\":\"Article\",\"@id\":\"https:\/\/narteks.net\/index.php\/2009\/03\/13\/geyik-ne-melersin\/#article\",\"isPartOf\":{\"@id\":\"https:\/\/narteks.net\/index.php\/2009\/03\/13\/geyik-ne-melersin\/\"},\"author\":{\"name\":\"Tar\u0131k\",\"@id\":\"https:\/\/narteks.net\/#\/schema\/person\/61f37d9834294b72d31d274e7ed79bca\"},\"headline\":\"Geyik Ne Melersin?\",\"datePublished\":\"2009-03-13T11:07:39+00:00\",\"mainEntityOfPage\":{\"@id\":\"https:\/\/narteks.net\/index.php\/2009\/03\/13\/geyik-ne-melersin\/\"},\"wordCount\":494,\"commentCount\":0,\"publisher\":{\"@id\":\"https:\/\/narteks.net\/#organization\"},\"articleSection\":[\"\u00d6yk\u00fcleriyle T\u00fcrk\u00fcler\"],\"inLanguage\":\"tr\",\"potentialAction\":[{\"@type\":\"CommentAction\",\"name\":\"Comment\",\"target\":[\"https:\/\/narteks.net\/index.php\/2009\/03\/13\/geyik-ne-melersin\/#respond\"]}]},{\"@type\":\"WebPage\",\"@id\":\"https:\/\/narteks.net\/index.php\/2009\/03\/13\/geyik-ne-melersin\/\",\"url\":\"https:\/\/narteks.net\/index.php\/2009\/03\/13\/geyik-ne-melersin\/\",\"name\":\"Geyik Ne Melersin? - narteks.net\",\"isPartOf\":{\"@id\":\"https:\/\/narteks.net\/#website\"},\"datePublished\":\"2009-03-13T11:07:39+00:00\",\"breadcrumb\":{\"@id\":\"https:\/\/narteks.net\/index.php\/2009\/03\/13\/geyik-ne-melersin\/#breadcrumb\"},\"inLanguage\":\"tr\",\"potentialAction\":[{\"@type\":\"ReadAction\",\"target\":[\"https:\/\/narteks.net\/index.php\/2009\/03\/13\/geyik-ne-melersin\/\"]}]},{\"@type\":\"BreadcrumbList\",\"@id\":\"https:\/\/narteks.net\/index.php\/2009\/03\/13\/geyik-ne-melersin\/#breadcrumb\",\"itemListElement\":[{\"@type\":\"ListItem\",\"position\":1,\"name\":\"Anasayfa\",\"item\":\"https:\/\/narteks.net\/\"},{\"@type\":\"ListItem\",\"position\":2,\"name\":\"Geyik Ne Melersin?\"}]},{\"@type\":\"WebSite\",\"@id\":\"https:\/\/narteks.net\/#website\",\"url\":\"https:\/\/narteks.net\/\",\"name\":\"narteks.net\",\"description\":\"K\u00fclt\u00fcr Sanat Edebiyat Felsefe\",\"publisher\":{\"@id\":\"https:\/\/narteks.net\/#organization\"},\"alternateName\":\"K\u00fclt\u00fcr Sanat Edebiyat Felsefe\",\"potentialAction\":[{\"@type\":\"SearchAction\",\"target\":{\"@type\":\"EntryPoint\",\"urlTemplate\":\"https:\/\/narteks.net\/?s={search_term_string}\"},\"query-input\":{\"@type\":\"PropertyValueSpecification\",\"valueRequired\":true,\"valueName\":\"search_term_string\"}}],\"inLanguage\":\"tr\"},{\"@type\":\"Organization\",\"@id\":\"https:\/\/narteks.net\/#organization\",\"name\":\"narteks.net\",\"url\":\"https:\/\/narteks.net\/\",\"logo\":{\"@type\":\"ImageObject\",\"inLanguage\":\"tr\",\"@id\":\"https:\/\/narteks.net\/#\/schema\/logo\/image\/\",\"url\":\"https:\/\/narteks.net\/wp-content\/uploads\/narteks.png\",\"contentUrl\":\"https:\/\/narteks.net\/wp-content\/uploads\/narteks.png\",\"width\":300,\"height\":90,\"caption\":\"narteks.net\"},\"image\":{\"@id\":\"https:\/\/narteks.net\/#\/schema\/logo\/image\/\"},\"sameAs\":[\"https:\/\/x.com\/narteks\",\"https:\/\/instagram.com\/narteksnet\"]},{\"@type\":\"Person\",\"@id\":\"https:\/\/narteks.net\/#\/schema\/person\/61f37d9834294b72d31d274e7ed79bca\",\"name\":\"Tar\u0131k\",\"image\":{\"@type\":\"ImageObject\",\"inLanguage\":\"tr\",\"@id\":\"https:\/\/narteks.net\/#\/schema\/person\/image\/\",\"url\":\"https:\/\/secure.gravatar.com\/avatar\/50865afb55632c4ae467e0af0930f6510aa2297d8014be502a55b14f3b7550cf?s=96&d=mm&r=g\",\"contentUrl\":\"https:\/\/secure.gravatar.com\/avatar\/50865afb55632c4ae467e0af0930f6510aa2297d8014be502a55b14f3b7550cf?s=96&d=mm&r=g\",\"caption\":\"Tar\u0131k\"},\"sameAs\":[\"http:\/\/narteks.net\"],\"url\":\"https:\/\/narteks.net\/index.php\/author\/narbak\/\"}]}<\/script>\n<!-- \/ Yoast SEO Premium plugin. -->","yoast_head_json":{"title":"Geyik Ne Melersin? - narteks.net","robots":{"index":"index","follow":"follow","max-snippet":"max-snippet:-1","max-image-preview":"max-image-preview:large","max-video-preview":"max-video-preview:-1"},"canonical":"https:\/\/narteks.net\/index.php\/2009\/03\/13\/geyik-ne-melersin\/","og_locale":"tr_TR","og_type":"article","og_title":"Geyik Ne Melersin?","og_description":"Geyik Ne Melersin? &lt;&lt;Fethiye&#8217;nin G\u00fcnl\u00fckba\u015f\u0131 k\u00f6y\u00fcnden Mustafa Topcu&#8217;dan derlenmi\u015ftir&gt;&gt; G\u00fcney Anadolu da, Akdeniz&#8217;e paralel uzanan Toros s\u0131rada\u011flar\u0131, karl\u0131 doruklar\u0131yle, mavi Akdeniz&#8217;in, y\u00fccelerde patlayan ak k\u00f6p\u00fckl\u00fc dalgalar\u0131d\u0131r sanki&#8230; Toros s\u0131rada\u011flar\u0131 aras\u0131nda co\u015fkun dereler ve ince-uzun ovalar vard\u0131r. Bu y\u00f6renin insanlar\u0131 do\u011faya, dolay\u0131s\u0131yla her t\u00fcrl\u00fc yaban yarat\u0131\u011f\u0131na yak\u0131nd\u0131rlar. \u00c7okluk T\u00fcrkmenler, tahtac\u0131lar ya\u015far Toros&#8217;larda. Y\u0131l boyu s\u00fcr\u00fc g\u00fcd\u00fcp [&hellip;]","og_url":"https:\/\/narteks.net\/index.php\/2009\/03\/13\/geyik-ne-melersin\/","og_site_name":"narteks.net","article_published_time":"2009-03-13T11:07:39+00:00","og_image":[{"width":300,"height":90,"url":"https:\/\/narteks.net\/wp-content\/uploads\/narteks.png","type":"image\/png"}],"author":"Tar\u0131k","twitter_card":"summary_large_image","twitter_creator":"@narteks","twitter_site":"@narteks","twitter_misc":{"Yazan:":"Tar\u0131k","Tahmini okuma s\u00fcresi":"2 dakika"},"schema":{"@context":"https:\/\/schema.org","@graph":[{"@type":"Article","@id":"https:\/\/narteks.net\/index.php\/2009\/03\/13\/geyik-ne-melersin\/#article","isPartOf":{"@id":"https:\/\/narteks.net\/index.php\/2009\/03\/13\/geyik-ne-melersin\/"},"author":{"name":"Tar\u0131k","@id":"https:\/\/narteks.net\/#\/schema\/person\/61f37d9834294b72d31d274e7ed79bca"},"headline":"Geyik Ne Melersin?","datePublished":"2009-03-13T11:07:39+00:00","mainEntityOfPage":{"@id":"https:\/\/narteks.net\/index.php\/2009\/03\/13\/geyik-ne-melersin\/"},"wordCount":494,"commentCount":0,"publisher":{"@id":"https:\/\/narteks.net\/#organization"},"articleSection":["\u00d6yk\u00fcleriyle T\u00fcrk\u00fcler"],"inLanguage":"tr","potentialAction":[{"@type":"CommentAction","name":"Comment","target":["https:\/\/narteks.net\/index.php\/2009\/03\/13\/geyik-ne-melersin\/#respond"]}]},{"@type":"WebPage","@id":"https:\/\/narteks.net\/index.php\/2009\/03\/13\/geyik-ne-melersin\/","url":"https:\/\/narteks.net\/index.php\/2009\/03\/13\/geyik-ne-melersin\/","name":"Geyik Ne Melersin? - narteks.net","isPartOf":{"@id":"https:\/\/narteks.net\/#website"},"datePublished":"2009-03-13T11:07:39+00:00","breadcrumb":{"@id":"https:\/\/narteks.net\/index.php\/2009\/03\/13\/geyik-ne-melersin\/#breadcrumb"},"inLanguage":"tr","potentialAction":[{"@type":"ReadAction","target":["https:\/\/narteks.net\/index.php\/2009\/03\/13\/geyik-ne-melersin\/"]}]},{"@type":"BreadcrumbList","@id":"https:\/\/narteks.net\/index.php\/2009\/03\/13\/geyik-ne-melersin\/#breadcrumb","itemListElement":[{"@type":"ListItem","position":1,"name":"Anasayfa","item":"https:\/\/narteks.net\/"},{"@type":"ListItem","position":2,"name":"Geyik Ne Melersin?"}]},{"@type":"WebSite","@id":"https:\/\/narteks.net\/#website","url":"https:\/\/narteks.net\/","name":"narteks.net","description":"K\u00fclt\u00fcr Sanat Edebiyat Felsefe","publisher":{"@id":"https:\/\/narteks.net\/#organization"},"alternateName":"K\u00fclt\u00fcr Sanat Edebiyat Felsefe","potentialAction":[{"@type":"SearchAction","target":{"@type":"EntryPoint","urlTemplate":"https:\/\/narteks.net\/?s={search_term_string}"},"query-input":{"@type":"PropertyValueSpecification","valueRequired":true,"valueName":"search_term_string"}}],"inLanguage":"tr"},{"@type":"Organization","@id":"https:\/\/narteks.net\/#organization","name":"narteks.net","url":"https:\/\/narteks.net\/","logo":{"@type":"ImageObject","inLanguage":"tr","@id":"https:\/\/narteks.net\/#\/schema\/logo\/image\/","url":"https:\/\/narteks.net\/wp-content\/uploads\/narteks.png","contentUrl":"https:\/\/narteks.net\/wp-content\/uploads\/narteks.png","width":300,"height":90,"caption":"narteks.net"},"image":{"@id":"https:\/\/narteks.net\/#\/schema\/logo\/image\/"},"sameAs":["https:\/\/x.com\/narteks","https:\/\/instagram.com\/narteksnet"]},{"@type":"Person","@id":"https:\/\/narteks.net\/#\/schema\/person\/61f37d9834294b72d31d274e7ed79bca","name":"Tar\u0131k","image":{"@type":"ImageObject","inLanguage":"tr","@id":"https:\/\/narteks.net\/#\/schema\/person\/image\/","url":"https:\/\/secure.gravatar.com\/avatar\/50865afb55632c4ae467e0af0930f6510aa2297d8014be502a55b14f3b7550cf?s=96&d=mm&r=g","contentUrl":"https:\/\/secure.gravatar.com\/avatar\/50865afb55632c4ae467e0af0930f6510aa2297d8014be502a55b14f3b7550cf?s=96&d=mm&r=g","caption":"Tar\u0131k"},"sameAs":["http:\/\/narteks.net"],"url":"https:\/\/narteks.net\/index.php\/author\/narbak\/"}]}},"_links":{"self":[{"href":"https:\/\/narteks.net\/index.php\/wp-json\/wp\/v2\/posts\/423","targetHints":{"allow":["GET"]}}],"collection":[{"href":"https:\/\/narteks.net\/index.php\/wp-json\/wp\/v2\/posts"}],"about":[{"href":"https:\/\/narteks.net\/index.php\/wp-json\/wp\/v2\/types\/post"}],"author":[{"embeddable":true,"href":"https:\/\/narteks.net\/index.php\/wp-json\/wp\/v2\/users\/1"}],"replies":[{"embeddable":true,"href":"https:\/\/narteks.net\/index.php\/wp-json\/wp\/v2\/comments?post=423"}],"version-history":[{"count":0,"href":"https:\/\/narteks.net\/index.php\/wp-json\/wp\/v2\/posts\/423\/revisions"}],"wp:attachment":[{"href":"https:\/\/narteks.net\/index.php\/wp-json\/wp\/v2\/media?parent=423"}],"wp:term":[{"taxonomy":"category","embeddable":true,"href":"https:\/\/narteks.net\/index.php\/wp-json\/wp\/v2\/categories?post=423"},{"taxonomy":"post_tag","embeddable":true,"href":"https:\/\/narteks.net\/index.php\/wp-json\/wp\/v2\/tags?post=423"}],"curies":[{"name":"wp","href":"https:\/\/api.w.org\/{rel}","templated":true}]}}