{"id":4242,"date":"2010-02-21T14:10:48","date_gmt":"2010-02-21T11:10:48","guid":{"rendered":"http:\/\/localhost\/wordpress\/2010\/02\/21\/berivanin-cigligi-canim-yaniyor\/"},"modified":"2010-02-21T14:10:48","modified_gmt":"2010-02-21T11:10:48","slug":"berivanin-cigligi-canim-yaniyor","status":"publish","type":"post","link":"https:\/\/narteks.net\/index.php\/2010\/02\/21\/berivanin-cigligi-canim-yaniyor\/","title":{"rendered":"Berivan&#8217;\u0131n \u00e7\u0131\u011fl\u0131\u011f\u0131: Can\u0131m yan\u0131yor"},"content":{"rendered":"<p style=\"text-align: justify;\"><img loading=\"lazy\" decoding=\"async\" style=\"float: left;\" src=\"http:\/\/www.gundem-online.net\/resimler\/berivan_cocukbatman.jpg\" width=\"155\" height=\"205\" border=\"0\" \/>Batman&#8217;da kat\u0131ld\u0131\u011f\u0131 g\u00f6steride polise ta\u015f att\u0131\u011f\u0131 iddias\u0131yla yarg\u0131land\u0131\u011f\u0131 \u00d6zel Yetkili A\u011f\u0131r Ceza Mahkemesi&#8217;nde ilk duru\u015fmada 7 y\u0131l 9 ay hapis cezas\u0131na \u00e7arpt\u0131r\u0131lan Berivan S., \u0130HD Elaz\u0131\u011f \u015eube Ba\u015fkan\u0131 Nafiz Ko\u00e7&#8217;a mektup g\u00f6nderdi. Berivan g\u00f6nderdi\u011fi mektupta g\u00f6zalt\u0131na al\u0131nd\u0131\u011f\u0131nda polisin y\u00fcz\u00fcn\u00fc pu\u015fi ile kapatt\u0131\u011f\u0131n\u0131 ve foto\u011fraf \u00e7ektirdi\u011fini belirterek, g\u00f6zalt\u0131nda i\u015fkence g\u00f6rd\u00fc\u011f\u00fcn\u00fc yaz\u0131yor. Berivan mektubunda, &#8216;Beni yakalad\u0131klar\u0131nda \u00e7ok d\u00f6vd\u00fcler. Bana niye b\u00f6yle davrand\u0131lar anlam\u0131yorum. Burada \u00e7ok \u00fcz\u00fcl\u00fcyorum, can\u0131m yan\u0131yor burada. Ben buray\u0131 hak etmedim&#8217; dedi.<\/p>\n<p>Batman&#8217;da 9 Ekim 2009 tarihinde kapat\u0131lan DTP taraf\u0131ndan d\u00fczenlenen y\u00fcr\u00fcy\u00fc\u015fe kat\u0131l\u0131p, polise ta\u015f att\u0131\u011f\u0131 iddias\u0131yla g\u00f6zalt\u0131na al\u0131nd\u0131ktan sonra tutuklanan ve Diyarbak\u0131r&#8217;da \u00d6zel Yetkili A\u011f\u0131r Ceza Mahkemesi&#8217;nde g\u00f6r\u00fclen ilk duru\u015fmada 7 y\u0131l 9 ay hapis cezas\u0131na \u00e7arpt\u0131r\u0131lan 15 ya\u015f\u0131ndaki Berivan S., \u0130HD Elaz\u0131\u011f \u015eube Ba\u015fkan\u0131 Nafiz Ko\u00e7&#8217;a mektup g\u00f6nderdi. Berivan tutuldu\u011fu Diyarbak\u0131r E Tipi&#8217;nden g\u00f6nderdi\u011fi mektupta, hi\u00e7bir su\u00e7u olmad\u0131\u011f\u0131n\u0131 buna ra\u011fmen verilen cezaya bir anlam veremedi\u011fini belirtti. G\u00f6nderdi\u011fi mektupta g\u00f6zalt\u0131nda polisin y\u00fcz\u00fcn\u00fc pu\u015fi ile kapatt\u0131\u011f\u0131n\u0131 ve foto\u011fraf \u00e7ekti\u011fini belirten Berivan, &#8216;Beni buraya atanlar inan\u0131n ki kendi \u00e7ocuklar\u0131 olsayd\u0131 bana yapt\u0131klar\u0131n\u0131n ayn\u0131s\u0131n\u0131 onlara yapmazlard\u0131&#8217; dedi. Ben burada ailemi o kadar \u00f6zl\u00fcyorum ki, anlatamam&#8217; diyerek ailesine ve arkada\u015flar\u0131na olan \u00f6zlemini dile getiren Berivan, &#8216;Ben b\u00f6yle bir yeri hi\u00e7 hayal etmemi\u015ftim. \u00c7ocuklu\u011fumu d\u00f6rt duvar aras\u0131nda nas\u0131l ge\u00e7irece\u011fim?&#8217; diye sordu.<\/p>\n<p style=\"text-align: justify;\">&#8216;Polisler niye y\u00fcz\u00fcm\u00fc kapat\u0131p resim \u00e7ektiler?&#8217;<\/p>\n<p>Berivan mektubunda, &#8216;Buras\u0131 o kadar zor ki size ne kadar anlatsam da anlatamam ki. Hep burada kalaca\u011f\u0131ma \u00e7ok korkuyorum. D\u0131\u015far\u0131da arkada\u015flar\u0131mla ko\u015fup oynamak istiyorum. Burada her kap\u0131 a\u00e7\u0131ld\u0131\u011f\u0131nda ya mektup bekliyorum ya da buradan \u00e7\u0131kmay\u0131 bekliyorum. Ben hayat\u0131m boyunca ailemden hi\u00e7 uzak ya\u015famad\u0131m. Bunun i\u00e7in burada \u00e7ok korkuyorum. Ailemi \u00e7ok \u00f6zl\u00fcyorum&#8217; dedi. Mektubunda, hi\u00e7bir su\u00e7u olmad\u0131\u011f\u0131 halde ceza verildi\u011fini ve verilen cezay\u0131 anlam veremedi\u011fini ifade eden Berivan, &#8216;Hi\u00e7 bir su\u00e7um olmad\u0131\u011f\u0131 halde bana bu kadar ceza vermelerini anlam\u0131yorum. Polisleri anlam\u0131yorum ne istediler benden. Ben ne yapt\u0131m onlara? Ben okuyacakt\u0131m okula gidecektim. Polisler niye y\u00fcz\u00fcm\u00fc kapat\u0131p resim \u00e7ektiler?&#8217; \u015feklinde dikkat \u00e7ekici ifadelerde bulundu.<\/p>\n<p>&#8216;Can\u0131m yan\u0131yor&#8217;<\/p>\n<p>G\u00f6zalt\u0131nda polisin kendisine i\u015fkence yapt\u0131\u011f\u0131n\u0131 belirten Berivan, &#8216;Niye bana \u015fiddet ettiler? Bacaklar\u0131m hala morluklar i\u00e7inde. Kimse v\u00fccudumda ki morluklar\u0131 g\u00f6rmesin diye ila\u00e7 s\u00fcrd\u00fcler. Beni yakalad\u0131klar\u0131nda \u00e7ok d\u00f6vd\u00fcler. Bana niye b\u00f6yle davrand\u0131lar anlam\u0131yorum. Ben daha 15 ya\u015f\u0131nday\u0131m ben buray\u0131 hak etmedim. Hi\u00e7 kimse buray\u0131 hak etmiyor. Burada \u00e7ok \u00fcz\u00fcl\u00fcyorum, can\u0131m yan\u0131yor burada. \u0130n\u015fallah cezam\u0131 kabul etmezler, \u00f6zg\u00fcrl\u00fc\u011f\u00fcme kavu\u015furum&#8217; dedi.<\/p>\n<p>&#8216;Susarak gelece\u011fimizi yok etmeyelim&#8217;<\/p>\n<p>Mektubu alan \u0130HD Elaz\u0131\u011f \u015eube Ba\u015fkan\u0131 M. Nafiz Ko\u00e7, \u00c7ocuk Haklar\u0131 S\u00f6zle\u015fmesi&#8217;ne g\u00f6re 18 ya\u015f\u0131na kadar herkesin \u00e7ocuk kategorisinde oldu\u011funu hat\u0131rlatarak, \u00e7ocuklar\u0131n korunmas\u0131 gerekti\u011fini ifade etti. Bu durumda \u00e7ocuklar\u0131n korunmas\u0131 gerekti\u011fini s\u00f6yleyen Ko\u00e7, T\u00fcrkiye&#8217;de \u00e7ocuklara ya\u015flar\u0131ndan b\u00fcy\u00fck cezalar verildi\u011fine dikkat \u00e7ekti. \u0130nsan Haklar\u0131 \u00c7ocuk S\u00f6zle\u015fmesi&#8217;nin 34, 36 ve 37 maddelerine g\u00f6re \u00e7ocuklar\u0131n bedensel, ruhsal y\u00f6nden zarar g\u00f6rebilecek her \u015feyden korunmas\u0131 gerekti\u011fini s\u00f6yleyen Ko\u00e7, T\u00fcrkiye&#8217;de bunlar\u0131n tersi bir durum ya\u015fand\u0131\u011f\u0131n\u0131 kaydetti. \u00c7ocuklar\u0131n cezaevlerine at\u0131larak, ruhsal ve bedensel y\u00f6nden yok edilmeye \u00e7al\u0131\u015f\u0131ld\u0131\u011f\u0131na vurgu yapan Ko\u00e7, &#8216;Buradan herkese sesleniyorum. Gelin bu \u00e7ocuklar i\u00e7in bir \u015feyler yapal\u0131m. Onlar bizim gelece\u011fimizdir. Susarak gelece\u011fimizi yok etmeyelim&#8217; \u015feklinde konu\u015ftu.<\/p>\n<p>SERKAN DEM\u0130REL<br \/>ELAZI\u011e (D\u0130HA)<\/p>\n<p>\u00a0<\/p>\n","protected":false},"excerpt":{"rendered":"<p>Batman&#8217;da kat\u0131ld\u0131\u011f\u0131 g\u00f6steride polise ta\u015f att\u0131\u011f\u0131 iddias\u0131yla yarg\u0131land\u0131\u011f\u0131 \u00d6zel Yetkili A\u011f\u0131r Ceza Mahkemesi&#8217;nde ilk duru\u015fmada 7 y\u0131l 9 ay hapis cezas\u0131na \u00e7arpt\u0131r\u0131lan Berivan S., \u0130HD Elaz\u0131\u011f \u015eube Ba\u015fkan\u0131 Nafiz Ko\u00e7&#8217;a mektup g\u00f6nderdi. Berivan g\u00f6nderdi\u011fi mektupta g\u00f6zalt\u0131na al\u0131nd\u0131\u011f\u0131nda polisin y\u00fcz\u00fcn\u00fc pu\u015fi ile kapatt\u0131\u011f\u0131n\u0131 ve foto\u011fraf \u00e7ektirdi\u011fini belirterek, g\u00f6zalt\u0131nda i\u015fkence g\u00f6rd\u00fc\u011f\u00fcn\u00fc yaz\u0131yor. Berivan mektubunda, &#8216;Beni yakalad\u0131klar\u0131nda \u00e7ok [&hellip;]<\/p>\n","protected":false},"author":1,"featured_media":0,"comment_status":"open","ping_status":"open","sticky":false,"template":"","format":"standard","meta":{"footnotes":""},"categories":[98],"tags":[],"class_list":{"0":"post-4242","1":"post","2":"type-post","3":"status-publish","4":"format-standard","6":"category-turkiye"},"yoast_head":"<!-- This site is optimized with the Yoast SEO Premium plugin v24.9 (Yoast SEO v24.9) - https:\/\/yoast.com\/wordpress\/plugins\/seo\/ -->\n<title>Berivan&#039;\u0131n \u00e7\u0131\u011fl\u0131\u011f\u0131: Can\u0131m yan\u0131yor - narteks.net<\/title>\n<meta name=\"robots\" content=\"index, follow, max-snippet:-1, max-image-preview:large, max-video-preview:-1\" \/>\n<link rel=\"canonical\" href=\"https:\/\/narteks.net\/index.php\/2010\/02\/21\/berivanin-cigligi-canim-yaniyor\/\" \/>\n<meta property=\"og:locale\" content=\"tr_TR\" \/>\n<meta property=\"og:type\" content=\"article\" \/>\n<meta property=\"og:title\" content=\"Berivan&#039;\u0131n \u00e7\u0131\u011fl\u0131\u011f\u0131: Can\u0131m yan\u0131yor\" \/>\n<meta property=\"og:description\" content=\"Batman&#8217;da kat\u0131ld\u0131\u011f\u0131 g\u00f6steride polise ta\u015f att\u0131\u011f\u0131 iddias\u0131yla yarg\u0131land\u0131\u011f\u0131 \u00d6zel Yetkili A\u011f\u0131r Ceza Mahkemesi&#8217;nde ilk duru\u015fmada 7 y\u0131l 9 ay hapis cezas\u0131na \u00e7arpt\u0131r\u0131lan Berivan S., \u0130HD Elaz\u0131\u011f \u015eube Ba\u015fkan\u0131 Nafiz Ko\u00e7&#8217;a mektup g\u00f6nderdi. Berivan g\u00f6nderdi\u011fi mektupta g\u00f6zalt\u0131na al\u0131nd\u0131\u011f\u0131nda polisin y\u00fcz\u00fcn\u00fc pu\u015fi ile kapatt\u0131\u011f\u0131n\u0131 ve foto\u011fraf \u00e7ektirdi\u011fini belirterek, g\u00f6zalt\u0131nda i\u015fkence g\u00f6rd\u00fc\u011f\u00fcn\u00fc yaz\u0131yor. Berivan mektubunda, &#8216;Beni yakalad\u0131klar\u0131nda \u00e7ok [&hellip;]\" \/>\n<meta property=\"og:url\" content=\"https:\/\/narteks.net\/index.php\/2010\/02\/21\/berivanin-cigligi-canim-yaniyor\/\" \/>\n<meta property=\"og:site_name\" content=\"narteks.net\" \/>\n<meta property=\"article:published_time\" content=\"2010-02-21T11:10:48+00:00\" \/>\n<meta property=\"og:image\" content=\"http:\/\/www.gundem-online.net\/resimler\/berivan_cocukbatman.jpg\" \/>\n<meta name=\"author\" content=\"Tar\u0131k\" \/>\n<meta name=\"twitter:card\" content=\"summary_large_image\" \/>\n<meta name=\"twitter:creator\" content=\"@narteks\" \/>\n<meta name=\"twitter:site\" content=\"@narteks\" \/>\n<meta name=\"twitter:label1\" content=\"Yazan:\" \/>\n\t<meta name=\"twitter:data1\" content=\"Tar\u0131k\" \/>\n\t<meta name=\"twitter:label2\" content=\"Tahmini okuma s\u00fcresi\" \/>\n\t<meta name=\"twitter:data2\" content=\"3 dakika\" \/>\n<script type=\"application\/ld+json\" class=\"yoast-schema-graph\">{\"@context\":\"https:\/\/schema.org\",\"@graph\":[{\"@type\":\"Article\",\"@id\":\"https:\/\/narteks.net\/index.php\/2010\/02\/21\/berivanin-cigligi-canim-yaniyor\/#article\",\"isPartOf\":{\"@id\":\"https:\/\/narteks.net\/index.php\/2010\/02\/21\/berivanin-cigligi-canim-yaniyor\/\"},\"author\":{\"name\":\"Tar\u0131k\",\"@id\":\"https:\/\/narteks.net\/#\/schema\/person\/61f37d9834294b72d31d274e7ed79bca\"},\"headline\":\"Berivan&#8217;\u0131n \u00e7\u0131\u011fl\u0131\u011f\u0131: Can\u0131m yan\u0131yor\",\"datePublished\":\"2010-02-21T11:10:48+00:00\",\"mainEntityOfPage\":{\"@id\":\"https:\/\/narteks.net\/index.php\/2010\/02\/21\/berivanin-cigligi-canim-yaniyor\/\"},\"wordCount\":677,\"commentCount\":0,\"publisher\":{\"@id\":\"https:\/\/narteks.net\/#organization\"},\"image\":{\"@id\":\"https:\/\/narteks.net\/index.php\/2010\/02\/21\/berivanin-cigligi-canim-yaniyor\/#primaryimage\"},\"thumbnailUrl\":\"http:\/\/www.gundem-online.net\/resimler\/berivan_cocukbatman.jpg\",\"articleSection\":[\"T\u00fcrkiye\"],\"inLanguage\":\"tr\",\"potentialAction\":[{\"@type\":\"CommentAction\",\"name\":\"Comment\",\"target\":[\"https:\/\/narteks.net\/index.php\/2010\/02\/21\/berivanin-cigligi-canim-yaniyor\/#respond\"]}]},{\"@type\":\"WebPage\",\"@id\":\"https:\/\/narteks.net\/index.php\/2010\/02\/21\/berivanin-cigligi-canim-yaniyor\/\",\"url\":\"https:\/\/narteks.net\/index.php\/2010\/02\/21\/berivanin-cigligi-canim-yaniyor\/\",\"name\":\"Berivan'\u0131n \u00e7\u0131\u011fl\u0131\u011f\u0131: Can\u0131m yan\u0131yor - narteks.net\",\"isPartOf\":{\"@id\":\"https:\/\/narteks.net\/#website\"},\"primaryImageOfPage\":{\"@id\":\"https:\/\/narteks.net\/index.php\/2010\/02\/21\/berivanin-cigligi-canim-yaniyor\/#primaryimage\"},\"image\":{\"@id\":\"https:\/\/narteks.net\/index.php\/2010\/02\/21\/berivanin-cigligi-canim-yaniyor\/#primaryimage\"},\"thumbnailUrl\":\"http:\/\/www.gundem-online.net\/resimler\/berivan_cocukbatman.jpg\",\"datePublished\":\"2010-02-21T11:10:48+00:00\",\"breadcrumb\":{\"@id\":\"https:\/\/narteks.net\/index.php\/2010\/02\/21\/berivanin-cigligi-canim-yaniyor\/#breadcrumb\"},\"inLanguage\":\"tr\",\"potentialAction\":[{\"@type\":\"ReadAction\",\"target\":[\"https:\/\/narteks.net\/index.php\/2010\/02\/21\/berivanin-cigligi-canim-yaniyor\/\"]}]},{\"@type\":\"ImageObject\",\"inLanguage\":\"tr\",\"@id\":\"https:\/\/narteks.net\/index.php\/2010\/02\/21\/berivanin-cigligi-canim-yaniyor\/#primaryimage\",\"url\":\"http:\/\/www.gundem-online.net\/resimler\/berivan_cocukbatman.jpg\",\"contentUrl\":\"http:\/\/www.gundem-online.net\/resimler\/berivan_cocukbatman.jpg\"},{\"@type\":\"BreadcrumbList\",\"@id\":\"https:\/\/narteks.net\/index.php\/2010\/02\/21\/berivanin-cigligi-canim-yaniyor\/#breadcrumb\",\"itemListElement\":[{\"@type\":\"ListItem\",\"position\":1,\"name\":\"Anasayfa\",\"item\":\"https:\/\/narteks.net\/\"},{\"@type\":\"ListItem\",\"position\":2,\"name\":\"Berivan&#8217;\u0131n \u00e7\u0131\u011fl\u0131\u011f\u0131: Can\u0131m yan\u0131yor\"}]},{\"@type\":\"WebSite\",\"@id\":\"https:\/\/narteks.net\/#website\",\"url\":\"https:\/\/narteks.net\/\",\"name\":\"narteks.net\",\"description\":\"K\u00fclt\u00fcr Sanat Edebiyat Felsefe\",\"publisher\":{\"@id\":\"https:\/\/narteks.net\/#organization\"},\"alternateName\":\"K\u00fclt\u00fcr Sanat Edebiyat Felsefe\",\"potentialAction\":[{\"@type\":\"SearchAction\",\"target\":{\"@type\":\"EntryPoint\",\"urlTemplate\":\"https:\/\/narteks.net\/?s={search_term_string}\"},\"query-input\":{\"@type\":\"PropertyValueSpecification\",\"valueRequired\":true,\"valueName\":\"search_term_string\"}}],\"inLanguage\":\"tr\"},{\"@type\":\"Organization\",\"@id\":\"https:\/\/narteks.net\/#organization\",\"name\":\"narteks.net\",\"url\":\"https:\/\/narteks.net\/\",\"logo\":{\"@type\":\"ImageObject\",\"inLanguage\":\"tr\",\"@id\":\"https:\/\/narteks.net\/#\/schema\/logo\/image\/\",\"url\":\"https:\/\/narteks.net\/wp-content\/uploads\/narteks.png\",\"contentUrl\":\"https:\/\/narteks.net\/wp-content\/uploads\/narteks.png\",\"width\":300,\"height\":90,\"caption\":\"narteks.net\"},\"image\":{\"@id\":\"https:\/\/narteks.net\/#\/schema\/logo\/image\/\"},\"sameAs\":[\"https:\/\/x.com\/narteks\",\"https:\/\/instagram.com\/narteksnet\"]},{\"@type\":\"Person\",\"@id\":\"https:\/\/narteks.net\/#\/schema\/person\/61f37d9834294b72d31d274e7ed79bca\",\"name\":\"Tar\u0131k\",\"image\":{\"@type\":\"ImageObject\",\"inLanguage\":\"tr\",\"@id\":\"https:\/\/narteks.net\/#\/schema\/person\/image\/\",\"url\":\"https:\/\/secure.gravatar.com\/avatar\/50865afb55632c4ae467e0af0930f6510aa2297d8014be502a55b14f3b7550cf?s=96&d=mm&r=g\",\"contentUrl\":\"https:\/\/secure.gravatar.com\/avatar\/50865afb55632c4ae467e0af0930f6510aa2297d8014be502a55b14f3b7550cf?s=96&d=mm&r=g\",\"caption\":\"Tar\u0131k\"},\"sameAs\":[\"http:\/\/narteks.net\"],\"url\":\"https:\/\/narteks.net\/index.php\/author\/narbak\/\"}]}<\/script>\n<!-- \/ Yoast SEO Premium plugin. -->","yoast_head_json":{"title":"Berivan'\u0131n \u00e7\u0131\u011fl\u0131\u011f\u0131: Can\u0131m yan\u0131yor - narteks.net","robots":{"index":"index","follow":"follow","max-snippet":"max-snippet:-1","max-image-preview":"max-image-preview:large","max-video-preview":"max-video-preview:-1"},"canonical":"https:\/\/narteks.net\/index.php\/2010\/02\/21\/berivanin-cigligi-canim-yaniyor\/","og_locale":"tr_TR","og_type":"article","og_title":"Berivan'\u0131n \u00e7\u0131\u011fl\u0131\u011f\u0131: Can\u0131m yan\u0131yor","og_description":"Batman&#8217;da kat\u0131ld\u0131\u011f\u0131 g\u00f6steride polise ta\u015f att\u0131\u011f\u0131 iddias\u0131yla yarg\u0131land\u0131\u011f\u0131 \u00d6zel Yetkili A\u011f\u0131r Ceza Mahkemesi&#8217;nde ilk duru\u015fmada 7 y\u0131l 9 ay hapis cezas\u0131na \u00e7arpt\u0131r\u0131lan Berivan S., \u0130HD Elaz\u0131\u011f \u015eube Ba\u015fkan\u0131 Nafiz Ko\u00e7&#8217;a mektup g\u00f6nderdi. Berivan g\u00f6nderdi\u011fi mektupta g\u00f6zalt\u0131na al\u0131nd\u0131\u011f\u0131nda polisin y\u00fcz\u00fcn\u00fc pu\u015fi ile kapatt\u0131\u011f\u0131n\u0131 ve foto\u011fraf \u00e7ektirdi\u011fini belirterek, g\u00f6zalt\u0131nda i\u015fkence g\u00f6rd\u00fc\u011f\u00fcn\u00fc yaz\u0131yor. Berivan mektubunda, &#8216;Beni yakalad\u0131klar\u0131nda \u00e7ok [&hellip;]","og_url":"https:\/\/narteks.net\/index.php\/2010\/02\/21\/berivanin-cigligi-canim-yaniyor\/","og_site_name":"narteks.net","article_published_time":"2010-02-21T11:10:48+00:00","og_image":[{"url":"http:\/\/www.gundem-online.net\/resimler\/berivan_cocukbatman.jpg","type":"","width":"","height":""}],"author":"Tar\u0131k","twitter_card":"summary_large_image","twitter_creator":"@narteks","twitter_site":"@narteks","twitter_misc":{"Yazan:":"Tar\u0131k","Tahmini okuma s\u00fcresi":"3 dakika"},"schema":{"@context":"https:\/\/schema.org","@graph":[{"@type":"Article","@id":"https:\/\/narteks.net\/index.php\/2010\/02\/21\/berivanin-cigligi-canim-yaniyor\/#article","isPartOf":{"@id":"https:\/\/narteks.net\/index.php\/2010\/02\/21\/berivanin-cigligi-canim-yaniyor\/"},"author":{"name":"Tar\u0131k","@id":"https:\/\/narteks.net\/#\/schema\/person\/61f37d9834294b72d31d274e7ed79bca"},"headline":"Berivan&#8217;\u0131n \u00e7\u0131\u011fl\u0131\u011f\u0131: Can\u0131m yan\u0131yor","datePublished":"2010-02-21T11:10:48+00:00","mainEntityOfPage":{"@id":"https:\/\/narteks.net\/index.php\/2010\/02\/21\/berivanin-cigligi-canim-yaniyor\/"},"wordCount":677,"commentCount":0,"publisher":{"@id":"https:\/\/narteks.net\/#organization"},"image":{"@id":"https:\/\/narteks.net\/index.php\/2010\/02\/21\/berivanin-cigligi-canim-yaniyor\/#primaryimage"},"thumbnailUrl":"http:\/\/www.gundem-online.net\/resimler\/berivan_cocukbatman.jpg","articleSection":["T\u00fcrkiye"],"inLanguage":"tr","potentialAction":[{"@type":"CommentAction","name":"Comment","target":["https:\/\/narteks.net\/index.php\/2010\/02\/21\/berivanin-cigligi-canim-yaniyor\/#respond"]}]},{"@type":"WebPage","@id":"https:\/\/narteks.net\/index.php\/2010\/02\/21\/berivanin-cigligi-canim-yaniyor\/","url":"https:\/\/narteks.net\/index.php\/2010\/02\/21\/berivanin-cigligi-canim-yaniyor\/","name":"Berivan'\u0131n \u00e7\u0131\u011fl\u0131\u011f\u0131: Can\u0131m yan\u0131yor - narteks.net","isPartOf":{"@id":"https:\/\/narteks.net\/#website"},"primaryImageOfPage":{"@id":"https:\/\/narteks.net\/index.php\/2010\/02\/21\/berivanin-cigligi-canim-yaniyor\/#primaryimage"},"image":{"@id":"https:\/\/narteks.net\/index.php\/2010\/02\/21\/berivanin-cigligi-canim-yaniyor\/#primaryimage"},"thumbnailUrl":"http:\/\/www.gundem-online.net\/resimler\/berivan_cocukbatman.jpg","datePublished":"2010-02-21T11:10:48+00:00","breadcrumb":{"@id":"https:\/\/narteks.net\/index.php\/2010\/02\/21\/berivanin-cigligi-canim-yaniyor\/#breadcrumb"},"inLanguage":"tr","potentialAction":[{"@type":"ReadAction","target":["https:\/\/narteks.net\/index.php\/2010\/02\/21\/berivanin-cigligi-canim-yaniyor\/"]}]},{"@type":"ImageObject","inLanguage":"tr","@id":"https:\/\/narteks.net\/index.php\/2010\/02\/21\/berivanin-cigligi-canim-yaniyor\/#primaryimage","url":"http:\/\/www.gundem-online.net\/resimler\/berivan_cocukbatman.jpg","contentUrl":"http:\/\/www.gundem-online.net\/resimler\/berivan_cocukbatman.jpg"},{"@type":"BreadcrumbList","@id":"https:\/\/narteks.net\/index.php\/2010\/02\/21\/berivanin-cigligi-canim-yaniyor\/#breadcrumb","itemListElement":[{"@type":"ListItem","position":1,"name":"Anasayfa","item":"https:\/\/narteks.net\/"},{"@type":"ListItem","position":2,"name":"Berivan&#8217;\u0131n \u00e7\u0131\u011fl\u0131\u011f\u0131: Can\u0131m yan\u0131yor"}]},{"@type":"WebSite","@id":"https:\/\/narteks.net\/#website","url":"https:\/\/narteks.net\/","name":"narteks.net","description":"K\u00fclt\u00fcr Sanat Edebiyat Felsefe","publisher":{"@id":"https:\/\/narteks.net\/#organization"},"alternateName":"K\u00fclt\u00fcr Sanat Edebiyat Felsefe","potentialAction":[{"@type":"SearchAction","target":{"@type":"EntryPoint","urlTemplate":"https:\/\/narteks.net\/?s={search_term_string}"},"query-input":{"@type":"PropertyValueSpecification","valueRequired":true,"valueName":"search_term_string"}}],"inLanguage":"tr"},{"@type":"Organization","@id":"https:\/\/narteks.net\/#organization","name":"narteks.net","url":"https:\/\/narteks.net\/","logo":{"@type":"ImageObject","inLanguage":"tr","@id":"https:\/\/narteks.net\/#\/schema\/logo\/image\/","url":"https:\/\/narteks.net\/wp-content\/uploads\/narteks.png","contentUrl":"https:\/\/narteks.net\/wp-content\/uploads\/narteks.png","width":300,"height":90,"caption":"narteks.net"},"image":{"@id":"https:\/\/narteks.net\/#\/schema\/logo\/image\/"},"sameAs":["https:\/\/x.com\/narteks","https:\/\/instagram.com\/narteksnet"]},{"@type":"Person","@id":"https:\/\/narteks.net\/#\/schema\/person\/61f37d9834294b72d31d274e7ed79bca","name":"Tar\u0131k","image":{"@type":"ImageObject","inLanguage":"tr","@id":"https:\/\/narteks.net\/#\/schema\/person\/image\/","url":"https:\/\/secure.gravatar.com\/avatar\/50865afb55632c4ae467e0af0930f6510aa2297d8014be502a55b14f3b7550cf?s=96&d=mm&r=g","contentUrl":"https:\/\/secure.gravatar.com\/avatar\/50865afb55632c4ae467e0af0930f6510aa2297d8014be502a55b14f3b7550cf?s=96&d=mm&r=g","caption":"Tar\u0131k"},"sameAs":["http:\/\/narteks.net"],"url":"https:\/\/narteks.net\/index.php\/author\/narbak\/"}]}},"_links":{"self":[{"href":"https:\/\/narteks.net\/index.php\/wp-json\/wp\/v2\/posts\/4242","targetHints":{"allow":["GET"]}}],"collection":[{"href":"https:\/\/narteks.net\/index.php\/wp-json\/wp\/v2\/posts"}],"about":[{"href":"https:\/\/narteks.net\/index.php\/wp-json\/wp\/v2\/types\/post"}],"author":[{"embeddable":true,"href":"https:\/\/narteks.net\/index.php\/wp-json\/wp\/v2\/users\/1"}],"replies":[{"embeddable":true,"href":"https:\/\/narteks.net\/index.php\/wp-json\/wp\/v2\/comments?post=4242"}],"version-history":[{"count":0,"href":"https:\/\/narteks.net\/index.php\/wp-json\/wp\/v2\/posts\/4242\/revisions"}],"wp:attachment":[{"href":"https:\/\/narteks.net\/index.php\/wp-json\/wp\/v2\/media?parent=4242"}],"wp:term":[{"taxonomy":"category","embeddable":true,"href":"https:\/\/narteks.net\/index.php\/wp-json\/wp\/v2\/categories?post=4242"},{"taxonomy":"post_tag","embeddable":true,"href":"https:\/\/narteks.net\/index.php\/wp-json\/wp\/v2\/tags?post=4242"}],"curies":[{"name":"wp","href":"https:\/\/api.w.org\/{rel}","templated":true}]}}