{"id":4243,"date":"2010-02-21T23:11:03","date_gmt":"2010-02-21T20:11:03","guid":{"rendered":"http:\/\/localhost\/wordpress\/2010\/02\/21\/benim-derdim-erkeklerle-degil-erkeklikle-pinar-selekle-roportaj\/"},"modified":"2010-02-21T23:11:03","modified_gmt":"2010-02-21T20:11:03","slug":"benim-derdim-erkeklerle-degil-erkeklikle-pinar-selekle-roportaj","status":"publish","type":"post","link":"https:\/\/narteks.net\/index.php\/2010\/02\/21\/benim-derdim-erkeklerle-degil-erkeklikle-pinar-selekle-roportaj\/","title":{"rendered":"Benim derdim erkeklerle de\u011fil &#8216;Erkeklik&#8217;le ! | P\u0131nar Selekle R\u00f6portaj"},"content":{"rendered":"<p style=\"text-align: justify;\"><em><img loading=\"lazy\" decoding=\"async\" style=\"float: left;\" src=\"http:\/\/t0.gstatic.com\/images?q=tbn:CDB0SR76oZnCGM:http:\/\/yeni.pusula.tv\/modul_haber\/resimler\/pslxyzytrtyytr\/179_22.jpg\" width=\"155\" height=\"205\" border=\"0\" \/>Selek: &#8220;Erkeklerin iktidar konumunda olmas\u0131, bu konumun avantajlar\u0131ndan yararlanmas\u0131 benim a\u00e7\u0131mdan b\u00fcy\u00fck dert! O y\u00fczden kendini sorgulamayan, erkeklik meselesine kafa yormayan b\u00fct\u00fcn erkeklerle benim derdim var&#8230;&#8221; <\/em><em>&#8220;Askerlik bir erkeklik laboratuvar\u0131&#8230; Erkek olarak pi\u015fmenin zorunlu dura\u011f\u0131&#8221; <\/em>diyor P\u0131nar Selek. O y\u00fczden T\u00fcrkiye&#8217;nin d\u00f6rt bir yan\u0131ndan 58 erkekle konu\u015fuyor ve S\u00fcr\u00fcne S\u00fcr\u00fcne Erkek Olmak nas\u0131l olur bir g\u00fczel yaz\u0131yor.<br \/>S\u00fcr\u00fcne S\u00fcr\u00fcne Erkek Olmak\u00a0 adl\u0131 kitapta erkeklerin T\u00fcrkiye&#8217;de nas\u0131l adam edildiklerini g\u00f6stermeye \u00e7al\u0131\u015f\u0131yor. &#8220;Kad\u0131nlar\u0131 ma\u011fdur eden o &#8216;erkeklik&#8217; kal\u0131b\u0131n\u0131n nas\u0131l olu\u015ftu\u011funu, k\u00fc\u00e7\u00fcc\u00fck \u00e7ocuklar\u0131n bu erkeklik kal\u0131b\u0131 i\u00e7erisinde nas\u0131l \u015fiddet uygulamay\u0131 \u00f6\u011frendiklerini anlatt\u0131m,&#8221; diyor.<br \/><strong><br \/>Erkeklerin d\u00fcnyas\u0131 neden sizi ilgilendiriyor? Kad\u0131n\u0131n duru\u015funu, konumunu belirledi\u011fi i\u00e7in mi? <\/strong><\/p>\n<p>Bir hayat yarat\u0131yoruz ve hep birlikte bu hayat\u0131 ya\u015f\u0131yoruz. Bu hayat\u0131 ya\u015farken kad\u0131nlar\u0131n da, erkeklerin de farkl\u0131 deneyimleri, farkl\u0131 kompleksleri, farkl\u0131 davran\u0131\u015flar\u0131 belirliyor kurdu\u011fumuz ili\u015fkileri. Bir kad\u0131n olarak, ayn\u0131 zamanda bu toplumda ya\u015fayan bir insan olarak, toplumda hakim olan belli de\u011ferlerle ya\u015famak istemiyorum. \u015eiddetsiz, anlay\u0131\u015f\u0131n, dayan\u0131\u015fman\u0131n hakim oldu\u011fu ili\u015fkilerin i\u00e7inde ya\u015famak istiyorum.<br \/><strong><br \/>Erkek egemenli\u011finin olmad\u0131\u011f\u0131 bir toplumda yani? <\/strong><\/p>\n<p style=\"text-align: justify;\">Ayn\u0131 zamanda bu erkek egemenli\u011finin yaratt\u0131\u011f\u0131 k\u00fclt\u00fcr\u00fcn olmad\u0131\u011f\u0131 bir ortamda! Yani \u015fiddet, d\u0131\u015flama, kendini \u00fcst\u00fcn g\u00f6rme, di\u011ferinin hayat\u0131na kar\u0131\u015fma olmas\u0131n istiyorum. B\u00fcy\u00fcklerle \u00e7ocuklar\u0131n ili\u015fkilerini ele al&#8230; B\u00fcy\u00fckler her \u015feyi kendilerinde hak g\u00f6r\u00fcrler, \u00e7ocuklar\u0131na da s\u00fcrekli &#8216;Ak\u0131ll\u0131 ol,&#8217; derler. Do\u011fayla ili\u015fkimiz bile, hayvanlarla ili\u015fkimiz bile b\u00f6yle. Avrupa da Do\u011fu \u00fclkelerine ayn\u0131 \u015feyi yap\u0131yor. Kad\u0131nl\u0131k-erkeklik meselesinde oldu\u011fu gibi her \u015fey kad\u0131ns\u0131la\u015ft\u0131r\u0131l\u0131yor. O k\u00fclt\u00fcr, o tarz her t\u00fcr ili\u015fkiye yans\u0131yor yani. Ben o &#8216;g\u00fc\u00e7l\u00fcler&#8217; \u015feklinde g\u00f6z\u00fcken, g\u00f6sterilen z\u00fcmrelerin asl\u0131nda o kadar da g\u00fc\u00e7l\u00fc olmad\u0131\u011f\u0131n\u0131, o g\u00fcc\u00fcn alt\u0131nda onlar\u0131n da ezildi\u011fini anlatmaya \u00e7al\u0131\u015f\u0131yorum.<br \/><strong><br \/>S\u00fcr\u00fcn\u00fcyorlar diyorsunuz \u00f6zetle? <\/strong><\/p>\n<p>Evet, s\u00fcr\u00fcn\u00fcyorlar bir yerde&#8230; Asl\u0131nda, al\u0131\u015ft\u0131\u011f\u0131m\u0131z i\u00e7in g\u00f6remedi\u011fimiz fakat t\u00fcm hayat\u0131 belirleyen ciddi bir erkeklik kriziyle kar\u015f\u0131 kar\u015f\u0131yay\u0131z.<\/p>\n<p><strong>Ne demek o? <\/strong><\/p>\n<p>\u015eu demek; s\u00fcrekli k\u0131\u015fk\u0131rt\u0131lma ve s\u00fcrekli tokat yeme hali s\u00f6z konusu.<br \/><strong><br \/>Erkekler hem k\u0131\u015fk\u0131rt\u0131l\u0131yor hem tokat m\u0131 yiyor? <\/strong><\/p>\n<p>Fena halde.<\/p>\n<p><strong>Kimden tokat yiyor? <\/strong><\/p>\n<p>Hayattan tokat yiyor! \u00c7\u00fcnk\u00fc bir erkeklik miti var toplumda ve \u00e7ocukluktan itibaren bu mite g\u00f6re yeti\u015ftiriliyor erkek \u00e7ocuklar\u0131. Vurdu mu k\u0131racak, a\u00e7\u0131lmayan kapa\u011f\u0131 a\u00e7acak, h\u00f6t dedi mi korkulacak, yan\u0131nda birine laf at\u0131l\u0131rsa m\u00fcdahale edecek ve sald\u0131racak, her an koruyucu olacak, her an d\u00f6v\u00fc\u015fecek, evini ge\u00e7indirecek. Bir mit alt\u0131nda ezilen bir varl\u0131k yani! Her yerde s\u00fcrekli bir erkeklik ispat\u0131 isteniyor ondan. Bu hi\u00e7 sonlanm\u0131yor, s\u00fcrekli tehlikede kal\u0131yor, erkekli\u011fini her an kaybedebilir. Dolay\u0131s\u0131yla \u00e7ok ciddi bir erkeklik krizi var toplumda.<br \/><strong><br \/>Ve siz bu krizin askerlikten itibaren ba\u015flad\u0131\u011f\u0131n\u0131 m\u0131 s\u00f6yl\u00fcyorsunuz? <\/strong><\/p>\n<p>S\u00fcnnet de buna dahil. Erkeklerin T\u00fcrkiye&#8217;de nas\u0131l adam edildiklerini g\u00f6stermeye \u00e7al\u0131\u015ft\u0131m. Bir kad\u0131n olarak iyi ya da k\u00f6t\u00fc ili\u015fki kurdu\u011fumuz erkekleri, kad\u0131nlar\u0131 ma\u011fdur eden o &#8216;erkeklik&#8217; kal\u0131b\u0131n\u0131n nas\u0131l olu\u015ftu\u011funu anlamaya \u00e7al\u0131\u015ft\u0131m. K\u00fc\u00e7\u00fcc\u00fck \u00e7ocuklar\u0131n, bu erkeklik kal\u0131b\u0131 i\u00e7erisinde nas\u0131l \u015fiddet uygulamay\u0131 \u00f6\u011frendiklerini, nas\u0131l otorite olmay\u0131 \u00f6\u011frendiklerini ve asl\u0131nda bunun alt\u0131nda nas\u0131l ezildiklerini anlamaya \u00e7al\u0131\u015ft\u0131m.<br \/><strong><br \/>Erkeklik duvar\u0131n\u0131n arka y\u00fcz\u00fcn\u00fc merak ettiniz yani? <\/strong><\/p>\n<p>Evet.<br \/>Her insan i\u00e7in ge\u00e7erli de\u011fil mi peki bu kendini ispatlama, \u00f6ne \u00e7\u0131kma, sahiplenme durumu? <br \/>Kad\u0131nlar ba\u015fka t\u00fcrl\u00fc ya\u015f\u0131yor bu s\u00fcreci, erkekler ba\u015fka. Kad\u0131nlar da g\u00fczel olmal\u0131, albenili olmal\u0131, han\u0131mefendi olmal\u0131, \u015fefkatli olmal\u0131, g\u00fc\u00e7l\u00fc de olsa y\u00f6netici pozisyonunda da olsa anacan olmal\u0131 falan&#8230;<br \/><strong><br \/>Ka\u00e7 ki\u015fiyle ve nas\u0131l erkeklerle konu\u015ftunuz bu ara\u015ft\u0131rma i\u00e7in? <\/strong><\/p>\n<p>Bu ara\u015ft\u0131rmay\u0131 tek ba\u015f\u0131ma yapamazd\u0131m, \u00f6ncelikle bir kad\u0131nd\u0131m \u00e7\u00fcnk\u00fc! Erkek deneyimlerine ihtiyac\u0131m vard\u0131. H\u00fcseyin Deniz ve \u0130rfan U\u00e7ar yard\u0131m etti, sorular\u0131m\u0131 baz\u0131 erkeklere onlar sordu. 90 ya\u015f\u0131ndan, 21 ya\u015f\u0131na kadar 58 ki\u015fiyle konu\u015ftuk.<br \/><strong><br \/>K\u00f6yl\u00fc de, yuppie de var m\u0131yd\u0131 i\u00e7lerinde? <\/strong><\/p>\n<p>Hepsi vard\u0131. AKP&#8217;lilerden MHP&#8217;ye, solcu ve K\u00fcrtler&#8217;den travestiye kadar herkes var. Hem etnik temsiliyete hem siyasal g\u00f6r\u00fc\u015f farkl\u0131l\u0131klar\u0131na dikkat ettik. \u015eu anda elimizde binlerce sayfal\u0131k bir ar\u015fiv var, bunu da AMARG\u0130 Kad\u0131n Kooperatifi&#8217;ne ba\u011f\u0131\u015fl\u0131yorum, bir\u00e7ok ara\u015ft\u0131rmac\u0131 bundan yararlanabilir.<br \/>Sosyolog da olsan\u0131z bir kad\u0131n olarak askerlik ve erkeklik d\u00fcnyas\u0131n\u0131 \u00e7\u00f6zmeye \u00e7al\u0131\u015fmak zor de\u011fil mi? <br \/>Kad\u0131n olman\u0131n avantajlar\u0131 var&#8230;<br \/><strong><br \/>Mesela? <\/strong><\/p>\n<p>Uzaktan, d\u0131\u015far\u0131dan bakabiliyorsun \u00e7\u00fcnk\u00fc ve tabloyu daha b\u00fct\u00fcnl\u00fckl\u00fc g\u00f6rebiliyorsun. E\u011fer ben bu tablonun i\u00e7inden biri olsayd\u0131m, baz\u0131 \u015feyleri g\u00f6remeyebilirdim. Di\u011fer taraftan dezavantaj\u0131 da vard\u0131; anlat\u0131lanlar\u0131n arka plan\u0131ndaki \u00e7e\u015fitli duygular\u0131 ya\u015famad\u0131\u011f\u0131m i\u00e7in de\u011ferlendirmelerimde y\u00fczeysel de kalm\u0131\u015f olabilirim.<\/p>\n<p><strong>Kitab\u0131n\u0131zda diyorsunuz ki; bir erke\u011fin erkek olarak kabul edilmesi i\u00e7in d\u00f6rt a\u015fama gerekiyor: S\u00fcnnet, askerlik, i\u015f bulma, evlilik. Niye sadece askerli\u011fe odakland\u0131n\u0131z peki? <\/strong><\/p>\n<p>Bir se\u00e7im yapmak zorundayd\u0131m, bunu se\u00e7tim. Erkeklik duvar\u0131n\u0131n arkas\u0131na girebilmek i\u00e7in tek bir ara\u015ft\u0131rman\u0131n yetece\u011fini de s\u00f6ylemiyorum; belki ba\u015fkalar\u0131 yapar belki ben yapar\u0131m ama mutlaka bu tart\u0131\u015fma ba\u015flamal\u0131yd\u0131. Hatta erkeklerin kendi deneyimlerini kendilerinin yazmas\u0131 gerekti\u011fini de d\u00fc\u015f\u00fcn\u00fcyorum. Kendi \u00fczerlerine d\u00fc\u015f\u00fcnmeleri gerekiyor \u00e7\u00fcnk\u00fc. <\/p>\n<p>\u201dKad\u0131nlar\u0131n da irade g\u00f6stermesi gerekiyor.\u201d<br \/><strong><br \/>Bu askerlik ve erkeklik meselesine feminist biri olarak m\u0131 yakla\u015ft\u0131n\u0131z siz? <\/strong><\/p>\n<p>As\u0131l derdim erkeklerle de\u011fil, erkeklikle! Tabii erkeklikle oldu\u011fu kadar kad\u0131nl\u0131kla da. \u00c7\u00fcnk\u00fc bu mesele kad\u0131nlar ve erkekler aras\u0131nda de\u011fil, kad\u0131nl\u0131kla erkeklik aras\u0131nda asl\u0131nda. Erkeklerin iktidar konumunda olmas\u0131, bu konumun avantajlar\u0131ndan yararlanmas\u0131 ve mutsuz olsalar da bunu s\u00fcrd\u00fcrmeye devam etmeleri benim a\u00e7\u0131mdan bir dert. O y\u00fczden bir \u015fekilde kendilerini sorgulamayan, erkeklik meselesine kafa yormayan b\u00fct\u00fcn erkeklerle benim derdim var.<br \/><strong><br \/>Nefret mi, su\u00e7lama m\u0131, onlar\u0131 d\u00f6n\u00fc\u015ft\u00fcrme \u00e7abas\u0131 m\u0131, nedir hissetti\u011finiz, istedi\u011finiz? <\/strong><\/p>\n<p>Su\u00e7lama, nefret gibi kavramlar\u0131 ben \u00e7ok erkeksi kavramlar olarak g\u00f6r\u00fcyorum, \u00f6nce onu s\u00f6yleyeyim. Bu meselede kad\u0131nlar\u0131n da su\u00e7 orta\u011f\u0131 oldu\u011funu d\u00fc\u015f\u00fcn\u00fcyorum. Dolay\u0131s\u0131yla bu sorunu \u00e7\u00f6zmek i\u00e7in kad\u0131nlar\u0131n irade g\u00f6stermesi gerekiyor, kendi ba\u011f\u0131ms\u0131z alanlar\u0131n\u0131 yaratmalar\u0131 gerekiyor ve kad\u0131nla erkek aras\u0131nda, kal\u0131plardan ba\u011f\u0131ms\u0131z, \u00f6zg\u00fcr ili\u015fkilerin ya\u015fanmas\u0131 gerekiyor. <\/p>\n<p>\u201c\u015eansl\u0131yd\u0131m, t\u0131pik kad\u0131n-erkek rollerini \u00f6\u011frenerek b\u00fcy\u00fcmedim.\u201d<br \/><strong><br \/>Hayat\u0131n\u0131z boyunca erkeklerle hep sava\u015f\u0131p didi\u015ftiniz mi siz? <\/strong><\/p>\n<p>Ben asl\u0131nda \u00e7ok \u015fansl\u0131 bir \u00e7ocukluk ya\u015fad\u0131m. Hatta \u00e7ok \u015fansl\u0131 oldu\u011fum i\u00e7in de kendimi k\u00f6t\u00fc hissederdim! \u00c7ok basit s\u00f6yleyeyim; yemek yapmak ya da ev i\u015fi yapmak bizim evde kad\u0131n i\u015fi de\u011fildi babam\u0131n varl\u0131\u011f\u0131ndan dolay\u0131. Babam daha iyi yemek yapar evde, tarhanad\u0131r, tur\u015fudur, babamdan sorulur. Biz kad\u0131nerkek ili\u015fkisindeki genel rolleri evde \u00f6\u011frenemedik.<br \/><strong><br \/>Nas\u0131l bir baba-k\u0131z ili\u015fkisiydi sizinki? <\/strong><\/p>\n<p>O kadar do\u011fald\u0131 ki ili\u015fkilerimiz, ben \u00e2det oldu\u011fumu ba\u011f\u0131ra ba\u011f\u0131ra s\u00f6ylemi\u015ftim mesela.<br \/><strong><br \/>Kutlama olmu\u015f muydu, \u015fimdi moda oldu ya? <\/strong><\/p>\n<p>Olmam\u0131\u015ft\u0131 ama herkes sar\u0131lm\u0131\u015ft\u0131 bana, k\u00fclotumu g\u00f6stermi\u015ftim ortal\u0131kta. Bu utan\u0131lacak bir \u015fey de\u011fildi. Hep sevgi ve dayan\u0131\u015fma ortam\u0131 vard\u0131 evde.<br \/><strong><br \/>Evdeki ortam y\u00fcz\u00fcnden kendinizi fanusun i\u00e7inde hissetmediniz mi hi\u00e7? Yani d\u0131\u015far\u0131ya nas\u0131l adapte oluyordunuz, uyum sa\u011fl\u0131yordunuz? <\/strong><\/p>\n<p>Kendi \u00e7evremizi de ona g\u00f6re kurmu\u015f, se\u00e7mi\u015ftik, o y\u00fczden rahatt\u0131k. Bu anlamda kad\u0131nl\u0131k-erkeklik meselesini ge\u00e7 ke\u015ffettim asl\u0131nda. Ama biraz b\u00fcy\u00fcmeye ba\u015flay\u0131nca \u015funu g\u00f6rd\u00fcm: Erkekler gibi de\u011filim, istedi\u011fim gibi davranam\u0131yorum, gece ge\u00e7 saatlerde erkekler gibi sokakta oynayam\u0131yorum. Babamla birlikte bal\u0131k\u00e7\u0131larla zaman ge\u00e7irirdik. Babam yokken, onlar\u0131n aras\u0131na girmeye \u00e7al\u0131\u015ft\u0131\u011f\u0131mda birden bire bana bak\u0131\u015flar\u0131n farkl\u0131la\u015ft\u0131\u011f\u0131n\u0131 g\u00f6rd\u00fcm. 12-13 ya\u015f\u0131nda, k\u0131z \u00e7ocu\u011fu olarak d\u0131\u015far\u0131daki hayat\u0131n farkl\u0131l\u0131\u011f\u0131 beni zorlad\u0131.<br \/><strong><br \/>\u0130lk erkek arkada\u015f deneyiminiz peki? <\/strong><\/p>\n<p>Ben masallardan \u00e7ok etkilenirdim, \u00e7ok masal okurdum. A\u015fk masallar\u0131n\u0131 da \u00e7ok severdim, inan\u0131rd\u0131m da&#8230; &#8220;Benim masal gibi, destan gibi bir a\u015fk\u0131m olacak,&#8221; derdim hep. Kar\u015f\u0131la\u015ft\u0131\u011f\u0131m erkeklere de masals\u0131 anlamlar y\u00fcklerdim. Y\u0131llar sonra herkesi babamla k\u0131yaslad\u0131\u011f\u0131m\u0131 fark ettim. O y\u00fczden &#8216;Bu benim masal\u0131m de\u011fil,&#8217; diyordum, yar\u0131m kal\u0131yordu hepsi. Bir s\u00fcre sonra o masallar\u0131 da sorgulamaya ba\u015flad\u0131m. \u00c7\u00fcnk\u00fc o masallarda kad\u0131nlar \u00e7ok pasifti, erkekler aktif, bask\u0131n! Orada da bir erkek ve kad\u0131n rol\u00fc vard\u0131 yani. &#8220;P\u0131nar sen kendi masal\u0131n\u0131 kendin yaz en iyisi,&#8221; dedim ben de&#8230;<br \/><strong><br \/>Yazd\u0131n\u0131z m\u0131? <\/strong><\/p>\n<p>Evet yazd\u0131m ve ya\u015f\u0131yorum \u015fu anda.<br \/>&#8220;Kimseye kar\u0131l\u0131k etmeyelim, evlenmeyelim&#8221; \u00e7a\u011fr\u0131s\u0131 yap\u0131yorsunuz ayn\u0131 zamanda. Evlilik de onay g\u00f6rm\u00fcyor sizden anlad\u0131\u011f\u0131m kadar\u0131yla&#8230;<br \/>\u0130ki sevgili olmak, iki \u00e2\u015f\u0131k olmak, bunlar ba\u015fka bir \u015fey ama &#8216;kar\u0131l\u0131k&#8217; ve &#8216;kocal\u0131k&#8217; laflar\u0131 belli formatta bir ili\u015fkiyi \u00e7a\u011fr\u0131\u015ft\u0131r\u0131r. S\u00f6yledi\u011fim de bu zaten; biz kar\u0131l\u0131k g\u00f6revini yapmayal\u0131m, erkek de kocal\u0131k g\u00f6revini yapmas\u0131n! \u0130ki insan birbirini seviyorsa ba\u015fka mucizevi g\u00fczellikler yaratabilir hayatta.<br \/><strong><br \/>&#8216;Evlilik m\u00fcmk\u00fcn de\u011fil,&#8217; diyorsunuz yani? <\/strong><\/p>\n<p>Evlili\u011fe kar\u015f\u0131 olmam, sadece erkeklerle ilgili bir mesele de\u011fil, kad\u0131nla-erkek aras\u0131ndaki ili\u015fki k\u00fclt\u00fcr\u00fcn\u00fc devam ettiren alanlardan biri olarak g\u00f6rd\u00fc\u011f\u00fcm i\u00e7in kar\u015f\u0131y\u0131m buna. \u0130kincisi; ben a\u015fk\u0131n, sevginin, bu t\u00fcr kal\u0131plara girmesi gerekti\u011fini d\u00fc\u015f\u00fcnm\u00fcyorum. <\/p>\n<p>\u201c &#8216;Ak\u0131ll\u0131 ol&#8217; diye parma\u011f\u0131n\u0131 sallayan o adamlar nas\u0131l olu\u015fur merak ettim.\u201d\u00a0 <br \/><strong><br \/>Kitab\u0131n\u0131z\u0131n giri\u015finde yazm\u0131\u015fs\u0131n\u0131z; Dink cinayetinde yarg\u0131lanan Yasin Hayal&#8217;in mahkeme giri\u015finde &#8216;Ak\u0131ll\u0131 ol&#8217; diyerek parmak sallamas\u0131 \u00e7\u0131k\u0131\u015f noktan\u0131z olmu\u015f. Neden? <\/strong><\/p>\n<p>Yasin Hayal&#8217;i merak etmedim \u00f6zel olarak, onun TV&#8217;deki sureti \u00e7ok tan\u0131d\u0131kt\u0131 benim i\u00e7in \u00e7\u00fcnk\u00fc&#8230; Ben \u00dclker Sokak&#8217;ta uzun zaman ara\u015ft\u0131rma yapt\u0131m. \u00dclker Sokak travestilerin fuhu\u015f yapt\u0131\u011f\u0131 bir aland\u0131 ve orada travestileri d\u0131\u015flayan, onlar\u0131 d\u0131\u015far\u0131 at\u0131p evlerini yakan gruplar vard\u0131. O adamlarla \u00e7ok kar\u015f\u0131la\u015ft\u0131m. O adamlar, ayn\u0131 zamanda travestilerin m\u00fc\u015fterileriydi. Ve o lin\u00e7 gruplar\u0131n\u0131 \u00e7ok \u00e7e\u015fitli yerlerde g\u00f6rd\u00fcm, o &#8216;ak\u0131ll\u0131 ol&#8217; diyen ifadelerini. Bir insan bunu yaparken nas\u0131l bir ruh hali i\u00e7indedir ya da o parma\u011f\u0131 nas\u0131l sall\u0131yordur, o kadar g\u00fc\u00e7l\u00fc m\u00fcd\u00fcr g\u00f6r\u00fcnd\u00fc\u011f\u00fc kadar, o g\u00f6sterdi\u011fi g\u00fcc\u00fcn alt\u0131nda eziliyor mudur diye merak ettim, buradan yola \u00e7\u0131kt\u0131m.<br \/><strong><br \/>&#8216;Bir bebekten katile nas\u0131l d\u00f6n\u00fc\u015f\u00fcld\u00fc\u011f\u00fcn\u00fc&#8217; yani merak ettiniz? <\/strong><\/p>\n<p>Evet Rakel Dink&#8217;in laf\u0131d\u0131r &#8216;bir bebekten katil yaratan zihniyet&#8217; diyor. Ama ben burada sadece katilleri anlamaya \u00e7al\u0131\u015fmad\u0131m, \u015fiddet uygulamas\u0131 me\u015fru olan bir varl\u0131\u011f\u0131n ya da ne bileyim \u00e7ocu\u011funu d\u00f6ven, herhangi bir yerde sert ba\u011f\u0131ran, taraftar ortam\u0131nda vurdulu k\u0131rd\u0131l\u0131 konu\u015fan o adam\u0131n arka y\u00fcz\u00fcn\u00fc anlamaya \u00e7al\u0131\u015ft\u0131m. Klasik erkeklik kal\u0131b\u0131na giren zihniyeti inceledim. Bu kal\u0131p asl\u0131nda i\u00e7inde bulunan\u0131 ezdi\u011fi i\u00e7in tehlikelidir. \u00c7\u00fcnk\u00fc ezilen her zaman kendini ispatlamak derdi i\u00e7indedir.<br \/><strong><br \/>Askerlik buna nas\u0131l katk\u0131 sa\u011fl\u0131yor peki? <br \/><\/strong><br \/>T\u00fcrkiye&#8217;nin d\u00f6rt bir yan\u0131ndan gelen \u00e7e\u015fitli erkekler biraraya geliyorlar, birbirlerinden bir s\u00fcr\u00fc \u015fey \u00f6\u011freniyorlar. Yani erkekler toplulu\u011fu olu\u015fuyor, orada \u00e7ok fazla \u015fey a\u00e7\u0131\u011fa \u00e7\u0131k\u0131yor. Yani sadece o s\u00fcrece, birbirleriyle kurduklar\u0131 ili\u015fkilere bak\u0131nca, T\u00fcrk toplumunda yarat\u0131lan kal\u0131plara dair \u00e7ok \u015fey okuyabildim.<br \/><strong><br \/>S\u00fcr\u00fcne s\u00fcr\u00fcne derken ne kastediyorsunuz? <\/strong><\/p>\n<p>Erkek zay\u0131fl\u0131\u011f\u0131n\u0131, eksikli\u011fini g\u00f6stermemek zorunda; a\u011f\u0131r olmak zorunda, g\u00fc\u00e7l\u00fc olmak zorunda, zay\u0131fl\u0131klar\u0131n\u0131 gizlemek zorunda. Bu y\u00fczden &#8216;erkekler a\u011flamaz&#8217; denir. Oysa ben bu s\u00fcre\u00e7 tersine \u00e7evrilmeli diyorum&#8230;<br \/><strong><br \/>Erkekler a\u011flamal\u0131 m\u0131 diyorsunuz? <\/strong><\/p>\n<p>Diyorum ki, bu s\u00fcrece siz s\u00fcr\u00fcne s\u00fcr\u00fcne geldiniz, yani s\u00fcr\u00fcne s\u00fcr\u00fcne erkek oldunuz, sizden s\u00fcrekli kendinizi ispat etmeniz istendi, bazen yapamad\u0131n\u0131z, dayak yediniz, bunu i\u00e7inizde bast\u0131rmak zorunda kald\u0131n\u0131z, belli etmemek zorunda kald\u0131n\u0131z, g\u00f6z ya\u015flar\u0131n\u0131z\u0131 i\u00e7inize ak\u0131tmak zorunda kald\u0131n\u0131z. Bo\u015funa hava atmay\u0131n, ya\u015fad\u0131\u011f\u0131n\u0131z ger\u00e7ek bu ve a\u011flamaya ba\u015flay\u0131n. A\u011flamaya ba\u015flarsan\u0131z, o kat\u0131l\u0131k eriyebilir, siz de kendinizi bulursunuz.<\/p>\n<p>\u015eirin Sever<\/p>\n<p>\u00a0<\/p>\n","protected":false},"excerpt":{"rendered":"<p>Selek: &#8220;Erkeklerin iktidar konumunda olmas\u0131, bu konumun avantajlar\u0131ndan yararlanmas\u0131 benim a\u00e7\u0131mdan b\u00fcy\u00fck dert! O y\u00fczden kendini sorgulamayan, erkeklik meselesine kafa yormayan b\u00fct\u00fcn erkeklerle benim derdim var&#8230;&#8221; &#8220;Askerlik bir erkeklik laboratuvar\u0131&#8230; Erkek olarak pi\u015fmenin zorunlu dura\u011f\u0131&#8221; diyor P\u0131nar Selek. O y\u00fczden T\u00fcrkiye&#8217;nin d\u00f6rt bir yan\u0131ndan 58 erkekle konu\u015fuyor ve S\u00fcr\u00fcne S\u00fcr\u00fcne Erkek Olmak nas\u0131l olur bir [&hellip;]<\/p>\n","protected":false},"author":1,"featured_media":0,"comment_status":"open","ping_status":"open","sticky":false,"template":"","format":"standard","meta":{"footnotes":""},"categories":[176],"tags":[],"class_list":{"0":"post-4243","1":"post","2":"type-post","3":"status-publish","4":"format-standard","6":"category-kadin-a-dair"},"yoast_head":"<!-- This site is optimized with the Yoast SEO Premium plugin v24.9 (Yoast SEO v24.9) - https:\/\/yoast.com\/wordpress\/plugins\/seo\/ -->\n<title>Benim derdim erkeklerle de\u011fil &#039;Erkeklik&#039;le ! | P\u0131nar Selekle R\u00f6portaj - narteks.net<\/title>\n<meta name=\"robots\" content=\"index, follow, max-snippet:-1, max-image-preview:large, max-video-preview:-1\" \/>\n<link rel=\"canonical\" href=\"https:\/\/narteks.net\/index.php\/2010\/02\/21\/benim-derdim-erkeklerle-degil-erkeklikle-pinar-selekle-roportaj\/\" \/>\n<meta property=\"og:locale\" content=\"tr_TR\" \/>\n<meta property=\"og:type\" content=\"article\" \/>\n<meta property=\"og:title\" content=\"Benim derdim erkeklerle de\u011fil &#039;Erkeklik&#039;le ! | P\u0131nar Selekle R\u00f6portaj\" \/>\n<meta property=\"og:description\" content=\"Selek: &#8220;Erkeklerin iktidar konumunda olmas\u0131, bu konumun avantajlar\u0131ndan yararlanmas\u0131 benim a\u00e7\u0131mdan b\u00fcy\u00fck dert! O y\u00fczden kendini sorgulamayan, erkeklik meselesine kafa yormayan b\u00fct\u00fcn erkeklerle benim derdim var&#8230;&#8221; &#8220;Askerlik bir erkeklik laboratuvar\u0131&#8230; Erkek olarak pi\u015fmenin zorunlu dura\u011f\u0131&#8221; diyor P\u0131nar Selek. O y\u00fczden T\u00fcrkiye&#8217;nin d\u00f6rt bir yan\u0131ndan 58 erkekle konu\u015fuyor ve S\u00fcr\u00fcne S\u00fcr\u00fcne Erkek Olmak nas\u0131l olur bir [&hellip;]\" \/>\n<meta property=\"og:url\" content=\"https:\/\/narteks.net\/index.php\/2010\/02\/21\/benim-derdim-erkeklerle-degil-erkeklikle-pinar-selekle-roportaj\/\" \/>\n<meta property=\"og:site_name\" content=\"narteks.net\" \/>\n<meta property=\"article:published_time\" content=\"2010-02-21T20:11:03+00:00\" \/>\n<meta property=\"og:image\" content=\"http:\/\/t0.gstatic.com\/images?q=tbn:CDB0SR76oZnCGM:http:\/\/yeni.pusula.tv\/modul_haber\/resimler\/pslxyzytrtyytr\/179_22.jpg\" \/>\n<meta name=\"author\" content=\"Tar\u0131k\" \/>\n<meta name=\"twitter:card\" content=\"summary_large_image\" \/>\n<meta name=\"twitter:creator\" content=\"@narteks\" \/>\n<meta name=\"twitter:site\" content=\"@narteks\" \/>\n<meta name=\"twitter:label1\" content=\"Yazan:\" \/>\n\t<meta name=\"twitter:data1\" content=\"Tar\u0131k\" \/>\n\t<meta name=\"twitter:label2\" content=\"Tahmini okuma s\u00fcresi\" \/>\n\t<meta name=\"twitter:data2\" content=\"11 dakika\" \/>\n<script type=\"application\/ld+json\" class=\"yoast-schema-graph\">{\"@context\":\"https:\/\/schema.org\",\"@graph\":[{\"@type\":\"Article\",\"@id\":\"https:\/\/narteks.net\/index.php\/2010\/02\/21\/benim-derdim-erkeklerle-degil-erkeklikle-pinar-selekle-roportaj\/#article\",\"isPartOf\":{\"@id\":\"https:\/\/narteks.net\/index.php\/2010\/02\/21\/benim-derdim-erkeklerle-degil-erkeklikle-pinar-selekle-roportaj\/\"},\"author\":{\"name\":\"Tar\u0131k\",\"@id\":\"https:\/\/narteks.net\/#\/schema\/person\/61f37d9834294b72d31d274e7ed79bca\"},\"headline\":\"Benim derdim erkeklerle de\u011fil &#8216;Erkeklik&#8217;le ! | P\u0131nar Selekle R\u00f6portaj\",\"datePublished\":\"2010-02-21T20:11:03+00:00\",\"mainEntityOfPage\":{\"@id\":\"https:\/\/narteks.net\/index.php\/2010\/02\/21\/benim-derdim-erkeklerle-degil-erkeklikle-pinar-selekle-roportaj\/\"},\"wordCount\":2265,\"commentCount\":0,\"publisher\":{\"@id\":\"https:\/\/narteks.net\/#organization\"},\"image\":{\"@id\":\"https:\/\/narteks.net\/index.php\/2010\/02\/21\/benim-derdim-erkeklerle-degil-erkeklikle-pinar-selekle-roportaj\/#primaryimage\"},\"thumbnailUrl\":\"http:\/\/t0.gstatic.com\/images?q=tbn:CDB0SR76oZnCGM:http:\/\/yeni.pusula.tv\/modul_haber\/resimler\/pslxyzytrtyytr\/179_22.jpg\",\"articleSection\":[\"Kad\u0131na Dair\"],\"inLanguage\":\"tr\",\"potentialAction\":[{\"@type\":\"CommentAction\",\"name\":\"Comment\",\"target\":[\"https:\/\/narteks.net\/index.php\/2010\/02\/21\/benim-derdim-erkeklerle-degil-erkeklikle-pinar-selekle-roportaj\/#respond\"]}]},{\"@type\":\"WebPage\",\"@id\":\"https:\/\/narteks.net\/index.php\/2010\/02\/21\/benim-derdim-erkeklerle-degil-erkeklikle-pinar-selekle-roportaj\/\",\"url\":\"https:\/\/narteks.net\/index.php\/2010\/02\/21\/benim-derdim-erkeklerle-degil-erkeklikle-pinar-selekle-roportaj\/\",\"name\":\"Benim derdim erkeklerle de\u011fil 'Erkeklik'le ! | P\u0131nar Selekle R\u00f6portaj - narteks.net\",\"isPartOf\":{\"@id\":\"https:\/\/narteks.net\/#website\"},\"primaryImageOfPage\":{\"@id\":\"https:\/\/narteks.net\/index.php\/2010\/02\/21\/benim-derdim-erkeklerle-degil-erkeklikle-pinar-selekle-roportaj\/#primaryimage\"},\"image\":{\"@id\":\"https:\/\/narteks.net\/index.php\/2010\/02\/21\/benim-derdim-erkeklerle-degil-erkeklikle-pinar-selekle-roportaj\/#primaryimage\"},\"thumbnailUrl\":\"http:\/\/t0.gstatic.com\/images?q=tbn:CDB0SR76oZnCGM:http:\/\/yeni.pusula.tv\/modul_haber\/resimler\/pslxyzytrtyytr\/179_22.jpg\",\"datePublished\":\"2010-02-21T20:11:03+00:00\",\"breadcrumb\":{\"@id\":\"https:\/\/narteks.net\/index.php\/2010\/02\/21\/benim-derdim-erkeklerle-degil-erkeklikle-pinar-selekle-roportaj\/#breadcrumb\"},\"inLanguage\":\"tr\",\"potentialAction\":[{\"@type\":\"ReadAction\",\"target\":[\"https:\/\/narteks.net\/index.php\/2010\/02\/21\/benim-derdim-erkeklerle-degil-erkeklikle-pinar-selekle-roportaj\/\"]}]},{\"@type\":\"ImageObject\",\"inLanguage\":\"tr\",\"@id\":\"https:\/\/narteks.net\/index.php\/2010\/02\/21\/benim-derdim-erkeklerle-degil-erkeklikle-pinar-selekle-roportaj\/#primaryimage\",\"url\":\"http:\/\/t0.gstatic.com\/images?q=tbn:CDB0SR76oZnCGM:http:\/\/yeni.pusula.tv\/modul_haber\/resimler\/pslxyzytrtyytr\/179_22.jpg\",\"contentUrl\":\"http:\/\/t0.gstatic.com\/images?q=tbn:CDB0SR76oZnCGM:http:\/\/yeni.pusula.tv\/modul_haber\/resimler\/pslxyzytrtyytr\/179_22.jpg\"},{\"@type\":\"BreadcrumbList\",\"@id\":\"https:\/\/narteks.net\/index.php\/2010\/02\/21\/benim-derdim-erkeklerle-degil-erkeklikle-pinar-selekle-roportaj\/#breadcrumb\",\"itemListElement\":[{\"@type\":\"ListItem\",\"position\":1,\"name\":\"Anasayfa\",\"item\":\"https:\/\/narteks.net\/\"},{\"@type\":\"ListItem\",\"position\":2,\"name\":\"Benim derdim erkeklerle de\u011fil &#8216;Erkeklik&#8217;le ! | P\u0131nar Selekle R\u00f6portaj\"}]},{\"@type\":\"WebSite\",\"@id\":\"https:\/\/narteks.net\/#website\",\"url\":\"https:\/\/narteks.net\/\",\"name\":\"narteks.net\",\"description\":\"K\u00fclt\u00fcr Sanat Edebiyat Felsefe\",\"publisher\":{\"@id\":\"https:\/\/narteks.net\/#organization\"},\"alternateName\":\"K\u00fclt\u00fcr Sanat Edebiyat Felsefe\",\"potentialAction\":[{\"@type\":\"SearchAction\",\"target\":{\"@type\":\"EntryPoint\",\"urlTemplate\":\"https:\/\/narteks.net\/?s={search_term_string}\"},\"query-input\":{\"@type\":\"PropertyValueSpecification\",\"valueRequired\":true,\"valueName\":\"search_term_string\"}}],\"inLanguage\":\"tr\"},{\"@type\":\"Organization\",\"@id\":\"https:\/\/narteks.net\/#organization\",\"name\":\"narteks.net\",\"url\":\"https:\/\/narteks.net\/\",\"logo\":{\"@type\":\"ImageObject\",\"inLanguage\":\"tr\",\"@id\":\"https:\/\/narteks.net\/#\/schema\/logo\/image\/\",\"url\":\"https:\/\/narteks.net\/wp-content\/uploads\/narteks.png\",\"contentUrl\":\"https:\/\/narteks.net\/wp-content\/uploads\/narteks.png\",\"width\":300,\"height\":90,\"caption\":\"narteks.net\"},\"image\":{\"@id\":\"https:\/\/narteks.net\/#\/schema\/logo\/image\/\"},\"sameAs\":[\"https:\/\/x.com\/narteks\",\"https:\/\/instagram.com\/narteksnet\"]},{\"@type\":\"Person\",\"@id\":\"https:\/\/narteks.net\/#\/schema\/person\/61f37d9834294b72d31d274e7ed79bca\",\"name\":\"Tar\u0131k\",\"image\":{\"@type\":\"ImageObject\",\"inLanguage\":\"tr\",\"@id\":\"https:\/\/narteks.net\/#\/schema\/person\/image\/\",\"url\":\"https:\/\/secure.gravatar.com\/avatar\/50865afb55632c4ae467e0af0930f6510aa2297d8014be502a55b14f3b7550cf?s=96&d=mm&r=g\",\"contentUrl\":\"https:\/\/secure.gravatar.com\/avatar\/50865afb55632c4ae467e0af0930f6510aa2297d8014be502a55b14f3b7550cf?s=96&d=mm&r=g\",\"caption\":\"Tar\u0131k\"},\"sameAs\":[\"http:\/\/narteks.net\"],\"url\":\"https:\/\/narteks.net\/index.php\/author\/narbak\/\"}]}<\/script>\n<!-- \/ Yoast SEO Premium plugin. -->","yoast_head_json":{"title":"Benim derdim erkeklerle de\u011fil 'Erkeklik'le ! | P\u0131nar Selekle R\u00f6portaj - narteks.net","robots":{"index":"index","follow":"follow","max-snippet":"max-snippet:-1","max-image-preview":"max-image-preview:large","max-video-preview":"max-video-preview:-1"},"canonical":"https:\/\/narteks.net\/index.php\/2010\/02\/21\/benim-derdim-erkeklerle-degil-erkeklikle-pinar-selekle-roportaj\/","og_locale":"tr_TR","og_type":"article","og_title":"Benim derdim erkeklerle de\u011fil 'Erkeklik'le ! | P\u0131nar Selekle R\u00f6portaj","og_description":"Selek: &#8220;Erkeklerin iktidar konumunda olmas\u0131, bu konumun avantajlar\u0131ndan yararlanmas\u0131 benim a\u00e7\u0131mdan b\u00fcy\u00fck dert! O y\u00fczden kendini sorgulamayan, erkeklik meselesine kafa yormayan b\u00fct\u00fcn erkeklerle benim derdim var&#8230;&#8221; &#8220;Askerlik bir erkeklik laboratuvar\u0131&#8230; Erkek olarak pi\u015fmenin zorunlu dura\u011f\u0131&#8221; diyor P\u0131nar Selek. O y\u00fczden T\u00fcrkiye&#8217;nin d\u00f6rt bir yan\u0131ndan 58 erkekle konu\u015fuyor ve S\u00fcr\u00fcne S\u00fcr\u00fcne Erkek Olmak nas\u0131l olur bir [&hellip;]","og_url":"https:\/\/narteks.net\/index.php\/2010\/02\/21\/benim-derdim-erkeklerle-degil-erkeklikle-pinar-selekle-roportaj\/","og_site_name":"narteks.net","article_published_time":"2010-02-21T20:11:03+00:00","og_image":[{"url":"http:\/\/t0.gstatic.com\/images?q=tbn:CDB0SR76oZnCGM:http:\/\/yeni.pusula.tv\/modul_haber\/resimler\/pslxyzytrtyytr\/179_22.jpg","type":"","width":"","height":""}],"author":"Tar\u0131k","twitter_card":"summary_large_image","twitter_creator":"@narteks","twitter_site":"@narteks","twitter_misc":{"Yazan:":"Tar\u0131k","Tahmini okuma s\u00fcresi":"11 dakika"},"schema":{"@context":"https:\/\/schema.org","@graph":[{"@type":"Article","@id":"https:\/\/narteks.net\/index.php\/2010\/02\/21\/benim-derdim-erkeklerle-degil-erkeklikle-pinar-selekle-roportaj\/#article","isPartOf":{"@id":"https:\/\/narteks.net\/index.php\/2010\/02\/21\/benim-derdim-erkeklerle-degil-erkeklikle-pinar-selekle-roportaj\/"},"author":{"name":"Tar\u0131k","@id":"https:\/\/narteks.net\/#\/schema\/person\/61f37d9834294b72d31d274e7ed79bca"},"headline":"Benim derdim erkeklerle de\u011fil &#8216;Erkeklik&#8217;le ! | P\u0131nar Selekle R\u00f6portaj","datePublished":"2010-02-21T20:11:03+00:00","mainEntityOfPage":{"@id":"https:\/\/narteks.net\/index.php\/2010\/02\/21\/benim-derdim-erkeklerle-degil-erkeklikle-pinar-selekle-roportaj\/"},"wordCount":2265,"commentCount":0,"publisher":{"@id":"https:\/\/narteks.net\/#organization"},"image":{"@id":"https:\/\/narteks.net\/index.php\/2010\/02\/21\/benim-derdim-erkeklerle-degil-erkeklikle-pinar-selekle-roportaj\/#primaryimage"},"thumbnailUrl":"http:\/\/t0.gstatic.com\/images?q=tbn:CDB0SR76oZnCGM:http:\/\/yeni.pusula.tv\/modul_haber\/resimler\/pslxyzytrtyytr\/179_22.jpg","articleSection":["Kad\u0131na Dair"],"inLanguage":"tr","potentialAction":[{"@type":"CommentAction","name":"Comment","target":["https:\/\/narteks.net\/index.php\/2010\/02\/21\/benim-derdim-erkeklerle-degil-erkeklikle-pinar-selekle-roportaj\/#respond"]}]},{"@type":"WebPage","@id":"https:\/\/narteks.net\/index.php\/2010\/02\/21\/benim-derdim-erkeklerle-degil-erkeklikle-pinar-selekle-roportaj\/","url":"https:\/\/narteks.net\/index.php\/2010\/02\/21\/benim-derdim-erkeklerle-degil-erkeklikle-pinar-selekle-roportaj\/","name":"Benim derdim erkeklerle de\u011fil 'Erkeklik'le ! | P\u0131nar Selekle R\u00f6portaj - narteks.net","isPartOf":{"@id":"https:\/\/narteks.net\/#website"},"primaryImageOfPage":{"@id":"https:\/\/narteks.net\/index.php\/2010\/02\/21\/benim-derdim-erkeklerle-degil-erkeklikle-pinar-selekle-roportaj\/#primaryimage"},"image":{"@id":"https:\/\/narteks.net\/index.php\/2010\/02\/21\/benim-derdim-erkeklerle-degil-erkeklikle-pinar-selekle-roportaj\/#primaryimage"},"thumbnailUrl":"http:\/\/t0.gstatic.com\/images?q=tbn:CDB0SR76oZnCGM:http:\/\/yeni.pusula.tv\/modul_haber\/resimler\/pslxyzytrtyytr\/179_22.jpg","datePublished":"2010-02-21T20:11:03+00:00","breadcrumb":{"@id":"https:\/\/narteks.net\/index.php\/2010\/02\/21\/benim-derdim-erkeklerle-degil-erkeklikle-pinar-selekle-roportaj\/#breadcrumb"},"inLanguage":"tr","potentialAction":[{"@type":"ReadAction","target":["https:\/\/narteks.net\/index.php\/2010\/02\/21\/benim-derdim-erkeklerle-degil-erkeklikle-pinar-selekle-roportaj\/"]}]},{"@type":"ImageObject","inLanguage":"tr","@id":"https:\/\/narteks.net\/index.php\/2010\/02\/21\/benim-derdim-erkeklerle-degil-erkeklikle-pinar-selekle-roportaj\/#primaryimage","url":"http:\/\/t0.gstatic.com\/images?q=tbn:CDB0SR76oZnCGM:http:\/\/yeni.pusula.tv\/modul_haber\/resimler\/pslxyzytrtyytr\/179_22.jpg","contentUrl":"http:\/\/t0.gstatic.com\/images?q=tbn:CDB0SR76oZnCGM:http:\/\/yeni.pusula.tv\/modul_haber\/resimler\/pslxyzytrtyytr\/179_22.jpg"},{"@type":"BreadcrumbList","@id":"https:\/\/narteks.net\/index.php\/2010\/02\/21\/benim-derdim-erkeklerle-degil-erkeklikle-pinar-selekle-roportaj\/#breadcrumb","itemListElement":[{"@type":"ListItem","position":1,"name":"Anasayfa","item":"https:\/\/narteks.net\/"},{"@type":"ListItem","position":2,"name":"Benim derdim erkeklerle de\u011fil &#8216;Erkeklik&#8217;le ! | P\u0131nar Selekle R\u00f6portaj"}]},{"@type":"WebSite","@id":"https:\/\/narteks.net\/#website","url":"https:\/\/narteks.net\/","name":"narteks.net","description":"K\u00fclt\u00fcr Sanat Edebiyat Felsefe","publisher":{"@id":"https:\/\/narteks.net\/#organization"},"alternateName":"K\u00fclt\u00fcr Sanat Edebiyat Felsefe","potentialAction":[{"@type":"SearchAction","target":{"@type":"EntryPoint","urlTemplate":"https:\/\/narteks.net\/?s={search_term_string}"},"query-input":{"@type":"PropertyValueSpecification","valueRequired":true,"valueName":"search_term_string"}}],"inLanguage":"tr"},{"@type":"Organization","@id":"https:\/\/narteks.net\/#organization","name":"narteks.net","url":"https:\/\/narteks.net\/","logo":{"@type":"ImageObject","inLanguage":"tr","@id":"https:\/\/narteks.net\/#\/schema\/logo\/image\/","url":"https:\/\/narteks.net\/wp-content\/uploads\/narteks.png","contentUrl":"https:\/\/narteks.net\/wp-content\/uploads\/narteks.png","width":300,"height":90,"caption":"narteks.net"},"image":{"@id":"https:\/\/narteks.net\/#\/schema\/logo\/image\/"},"sameAs":["https:\/\/x.com\/narteks","https:\/\/instagram.com\/narteksnet"]},{"@type":"Person","@id":"https:\/\/narteks.net\/#\/schema\/person\/61f37d9834294b72d31d274e7ed79bca","name":"Tar\u0131k","image":{"@type":"ImageObject","inLanguage":"tr","@id":"https:\/\/narteks.net\/#\/schema\/person\/image\/","url":"https:\/\/secure.gravatar.com\/avatar\/50865afb55632c4ae467e0af0930f6510aa2297d8014be502a55b14f3b7550cf?s=96&d=mm&r=g","contentUrl":"https:\/\/secure.gravatar.com\/avatar\/50865afb55632c4ae467e0af0930f6510aa2297d8014be502a55b14f3b7550cf?s=96&d=mm&r=g","caption":"Tar\u0131k"},"sameAs":["http:\/\/narteks.net"],"url":"https:\/\/narteks.net\/index.php\/author\/narbak\/"}]}},"_links":{"self":[{"href":"https:\/\/narteks.net\/index.php\/wp-json\/wp\/v2\/posts\/4243","targetHints":{"allow":["GET"]}}],"collection":[{"href":"https:\/\/narteks.net\/index.php\/wp-json\/wp\/v2\/posts"}],"about":[{"href":"https:\/\/narteks.net\/index.php\/wp-json\/wp\/v2\/types\/post"}],"author":[{"embeddable":true,"href":"https:\/\/narteks.net\/index.php\/wp-json\/wp\/v2\/users\/1"}],"replies":[{"embeddable":true,"href":"https:\/\/narteks.net\/index.php\/wp-json\/wp\/v2\/comments?post=4243"}],"version-history":[{"count":0,"href":"https:\/\/narteks.net\/index.php\/wp-json\/wp\/v2\/posts\/4243\/revisions"}],"wp:attachment":[{"href":"https:\/\/narteks.net\/index.php\/wp-json\/wp\/v2\/media?parent=4243"}],"wp:term":[{"taxonomy":"category","embeddable":true,"href":"https:\/\/narteks.net\/index.php\/wp-json\/wp\/v2\/categories?post=4243"},{"taxonomy":"post_tag","embeddable":true,"href":"https:\/\/narteks.net\/index.php\/wp-json\/wp\/v2\/tags?post=4243"}],"curies":[{"name":"wp","href":"https:\/\/api.w.org\/{rel}","templated":true}]}}