{"id":4244,"date":"2010-02-22T10:20:22","date_gmt":"2010-02-22T07:20:22","guid":{"rendered":"http:\/\/localhost\/wordpress\/2010\/02\/22\/marksistler-bireysel-terorizme-neden-karsidirlar-lev-trocki\/"},"modified":"2010-02-22T10:20:22","modified_gmt":"2010-02-22T07:20:22","slug":"marksistler-bireysel-terorizme-neden-karsidirlar-lev-trocki","status":"publish","type":"post","link":"https:\/\/narteks.net\/index.php\/2010\/02\/22\/marksistler-bireysel-terorizme-neden-karsidirlar-lev-trocki\/","title":{"rendered":"Marksistler Bireysel Ter\u00f6rizme Neden Kar\u015f\u0131d\u0131rlar | Lev Tro\u00e7ki"},"content":{"rendered":"<p style=\"text-align: justify;\"><img loading=\"lazy\" decoding=\"async\" src=\"http:\/\/img36.imageshack.us\/img36\/5674\/trocki190808byk9635248.jpg\" border=\"0\" width=\"155\" height=\"205\" style=\"float: left;\" \/>S\u0131n\u0131f d\u00fc\u015fmanlar\u0131m\u0131z, bizim ter\u00f6rizmimizden yak\u0131nmay\u0131 al\u0131\u015fkanl\u0131k haline getirdiler. Bununla neyi kastettikleri pek a\u00e7\u0131k de\u011fil. Onlar proletaryan\u0131n, s\u0131n\u0131f d\u00fc\u015fmanlar\u0131n\u0131n \u00e7\u0131karlar\u0131na kar\u015f\u0131 y\u00f6neltilmi\u015f olan t\u00fcm etkinliklerini ter\u00f6rizm olarak yaftalamak istiyorlar. Onlar\u0131n g\u00f6z\u00fcnde grev, ter\u00f6rizmin ba\u015fl\u0131ca y\u00f6ntemidir. Bir grev tehdidi, grev g\u00f6zc\u00fclerinin \u00f6rg\u00fctlenmesi, k\u00f6le \u00e7al\u0131\u015ft\u0131r\u0131c\u0131s\u0131 patrona kar\u015f\u0131 ekonomik boykot, kendi saflar\u0131m\u0131zdan \u00e7\u0131kan bir haine kar\u015f\u0131 ahl\u00e2ki boykot; bunlar\u0131n t\u00fcm\u00fcn\u00fc ve daha bir\u00e7ok \u015feyi, ter\u00f6rizm olarak adland\u0131r\u0131yorlar. E\u011fer ter\u00f6rizm, bu \u015fekilde d\u00fc\u015fmanda korku uyand\u0131ran veya ona zarar veren her t\u00fcrl\u00fc eylem olarak anla\u015f\u0131l\u0131rsa, do\u011fal olarak t\u00fcm s\u0131n\u0131f m\u00fccadelesi ter\u00f6rizmden ba\u015fka bir \u015fey de\u011fildir. Ve geriye kalan tek sorun, yasalar\u0131yla, polisiyle ve ordusuyla burjuvazinin t\u00fcm devlet ayg\u0131t\u0131 kapitalist ter\u00f6r ayg\u0131t\u0131ndan ba\u015fka bir \u015fey de\u011filken, burjuva politikac\u0131lar\u0131n proletarya ter\u00f6rizmine y\u00f6nelik ahl\u00e2ki \u00f6fkelerini kusma haklar\u0131 olup olmad\u0131\u011f\u0131d\u0131r!<\/p>\n<p style=\"text-align: justify;\">Bununla birlikte, bizi ter\u00f6ristlikle k\u0131nad\u0131klar\u0131nda, bu s\u00f6zc\u00fc\u011fe \u2013her zaman bilin\u00e7li olmamakla birlikte\u2013 daha dar, daha dolayl\u0131 bir anlam vermeye \u00e7al\u0131\u015ft\u0131klar\u0131 s\u00f6ylenmelidir. \u00d6rne\u011fin, makinelerin i\u015f\u00e7iler taraf\u0131ndan par\u00e7alanmas\u0131 kelimenin bu anlam\u0131yla ter\u00f6rizmdir. Bir patronun \u00f6ld\u00fcr\u00fclmesi, bir fabrikan\u0131n ate\u015fe verilme te\u015febb\u00fcs\u00fc, birinin \u00f6l\u00fcmle tehdidi, bir h\u00fck\u00fcmet bakan\u0131na kar\u015f\u0131 silahl\u0131 suikast te\u015febb\u00fcs\u00fc; t\u00fcm bunlar kelimenin tam ve ger\u00e7ek anlam\u0131 ile ter\u00f6rist eylemlerdir. Ancak, uluslararas\u0131 Sosyal Demokrasinin ger\u00e7ek do\u011fas\u0131na ili\u015fkin bir fikre sahip olan herkes bilmelidir ki, o, bu tip eylemlerin t\u00fcm\u00fcne her zaman uzla\u015fmaz bi\u00e7imde kar\u015f\u0131d\u0131r.<\/p>\n<p><strong>Ni\u00e7in?<\/strong><\/p>\n<p>Grev tehdidi ile \u201cter\u00f6rize\u201d etme veya fiili olarak bir grev \u00f6rg\u00fctleme, sadece sanayi ve tar\u0131m i\u015f\u00e7ilerinin yapabilece\u011fi bir \u015feydir. Bir grevin toplumsal \u00f6nemi do\u011frudan do\u011fruya, ilkin giri\u015fimin b\u00fcy\u00fckl\u00fc\u011f\u00fcne veya grevin etkileyece\u011fi sanayi koluna; ve ikinci olarak kat\u0131lan i\u015f\u00e7ilerin \u00f6rg\u00fctlenme, disipline olma ve eyleme isteklilik derecesine ba\u011fl\u0131d\u0131r. Bu, ekonomik bir grev kadar, politik bir grev i\u00e7in de do\u011frudur. Grev, do\u011frudan do\u011fruya proletaryan\u0131n modern toplumdaki \u00fcretici rol\u00fcnden kaynaklanan bir m\u00fccadele y\u00f6ntemi olmaya devam eder.<br \/>Kitlelerin rol\u00fcn\u00fc k\u00fc\u00e7\u00fcltmek<\/p>\n<p>Kapitalist sistem, geli\u015fmek i\u00e7in bir parlamenter \u00fcstyap\u0131ya ihtiya\u00e7 duyar. Fakat modern proletaryay\u0131 politik bir gettoya hapsedemeyece\u011fi i\u00e7in, eninde sonunda i\u015f\u00e7ilerin parlamentoya kat\u0131lmalar\u0131na izin vermek zorundad\u0131r. Proletaryan\u0131n kitle karakteri ve politik geli\u015fmi\u015flik d\u00fczeyi \u2013yine onun toplumsal rol\u00fc, yani her \u015feyden \u00f6nce \u00fcretici rol\u00fc taraf\u0131ndan belirlenen nitelikleri\u2013 se\u00e7imlerde ifadesini bulur.<\/p>\n<p>Bir grevde oldu\u011fu gibi, bir se\u00e7imde de m\u00fccadelenin y\u00f6ntemi, amac\u0131 ve sonucu, her zaman, proletaryan\u0131n bir s\u0131n\u0131f olarak toplumsal rol\u00fcne ve g\u00fcc\u00fcne ba\u011fl\u0131d\u0131r. Yaln\u0131zca i\u015f\u00e7iler bir grev \u00f6rg\u00fctleyebilirler. Fabrika taraf\u0131ndan ifl\u00e2s ettirilen zanaatk\u00e2rlar, fabrikalar\u0131n sular\u0131n\u0131 zehirledi\u011fi k\u00f6yl\u00fcler veya ya\u011fma aray\u0131\u015f\u0131ndaki l\u00fcmpen proleterler makineleri par\u00e7alayabilir, bir fabrikay\u0131 ate\u015fe verebilir veya onun sahibini \u00f6ld\u00fcrebilirler.<\/p>\n<p>Sadece bilin\u00e7li ve \u00f6rg\u00fctlenmi\u015f i\u015f\u00e7i s\u0131n\u0131f\u0131, proletaryan\u0131n \u00e7\u0131karlar\u0131n\u0131 savunmak i\u00e7in parlamentonun salonlar\u0131na g\u00fc\u00e7l\u00fc bir temsilci g\u00f6nderebilir. Bununla birlikte nefret edilen bir g\u00f6revliyi \u00f6ld\u00fcrmek i\u00e7in arkan\u0131zda \u00f6rg\u00fctlenmi\u015f kitlelere ihtiya\u00e7 duymazs\u0131n\u0131z. Patlay\u0131c\u0131lar i\u00e7in re\u00e7ete herkes\u00e7e elde edilebilir ve bir Browning her yerden edinilebilir. \u0130lk durumda, y\u00f6ntem ve ara\u00e7lar\u0131 zorunlu olarak egemen toplumsal d\u00fczenin do\u011fas\u0131ndan kaynaklanan toplumsal bir m\u00fccadele vard\u0131r; ikincide ise (\u00f6ld\u00fcrme, bombalama, vb.) ortaya \u00e7\u0131kt\u0131\u011f\u0131 her yerde \u2013Fransa\u2019da oldu\u011fu gibi \u00c7in\u2019de de\u2013 g\u00f6r\u00fcn\u00fcrde \u00e7ok g\u00f6zal\u0131c\u0131 fakat toplumsal sistem devam etti\u011fi s\u00fcrece tamamen zarars\u0131z salt mekanik bir tepki s\u00f6z konusudur.<\/p>\n<p>Orta b\u00fcy\u00fckl\u00fckte bir grev bile baz\u0131 toplumsal sonu\u00e7lara yol a\u00e7ar: \u0130\u015f\u00e7ilerin \u00f6zg\u00fcveninin g\u00fc\u00e7lenmesi, sendikan\u0131n b\u00fcy\u00fcmesi ve hatta \u00fcretim teknolojisinde ilerleme kaydedilmesi ender g\u00f6r\u00fclen sonu\u00e7lardan de\u011fildir. Bir fabrika sahibinin \u00f6ld\u00fcr\u00fclmesi ise, polisiye nitelikte bir etki do\u011furur veya mal sahibinin de\u011fi\u015fmesi gibi her t\u00fcrl\u00fc toplumsal anlamdan yoksun bir sonuca yol a\u00e7ar. Bir ter\u00f6rist eylemin, hatta \u201cba\u015far\u0131l\u0131\u201d olan\u0131n\u0131n bile, egemen s\u0131n\u0131f\u0131 b\u00fct\u00fcn\u00fcyle kar\u0131\u015f\u0131kl\u0131\u011fa s\u00fcr\u00fcklemesi somut politik ko\u015fullara ba\u011fl\u0131d\u0131r. Her hal\u00fck\u00e2rda, kar\u0131\u015f\u0131kl\u0131k sadece k\u0131sa \u00f6m\u00fcrl\u00fc olabilir; kapitalist devlet kendisini h\u00fck\u00fcmet bakanlar\u0131na dayand\u0131rmaz ve onlar\u0131n ortadan kald\u0131r\u0131lmas\u0131yla da y\u0131k\u0131lmaz. Egemen s\u0131n\u0131flar her zaman kendilerine hizmet edecek yeni insanlar bulacakt\u0131r; mekanizma hi\u00e7bir zarar g\u00f6rmeden kal\u0131r ve i\u015flevini s\u00fcrd\u00fcr\u00fcr.<\/p>\n<p>Fakat bizzat \u00e7al\u0131\u015fan kitlelerin i\u00e7inde, bir ter\u00f6rist eylemle yarat\u0131lan karma\u015fa \u00e7ok daha derindir. E\u011fer bir ki\u015finin amac\u0131na ula\u015fmak i\u00e7in bir tabanca ile silahlanmas\u0131 yeterliyse, s\u0131n\u0131f m\u00fccadelesinin \u00e7abalar\u0131 niye? Bir y\u00fcks\u00fck dolusu barut ve k\u00fc\u00e7\u00fck bir par\u00e7a kur\u015fun d\u00fc\u015fman\u0131 ortadan kald\u0131rmak i\u00e7in yeterliyse, bir s\u0131n\u0131f \u00f6rg\u00fct\u00fcne ne gerek var? Bir \u00fcst d\u00fczey yetkiliyi patlamalar\u0131n k\u00fckreyi\u015fi ile deh\u015fete d\u00fc\u015f\u00fcrmek m\u00fcmk\u00fcnse, partiye ni\u00e7in ihtiya\u00e7 var? Bir ki\u015fi parlamento salonundan bakanl\u0131k s\u0131ralar\u0131na kolayca ni\u015fan alabiliyorsa, toplant\u0131lar, kitle ajitasyonu ve se\u00e7imler neden?<\/p>\n<p>Bizim g\u00f6z\u00fcm\u00fczde bireysel ter\u00f6r kesinlikle kabul edilemez, \u00e7\u00fcnk\u00fc kitlelerin rol\u00fcn\u00fc onlar\u0131n kendi bilin\u00e7lerinde k\u00fc\u00e7\u00fclt\u00fcr, onlar\u0131 g\u00fc\u00e7s\u00fczl\u00fcklerine raz\u0131 eder, g\u00f6zlerini ve umutlar\u0131n\u0131 bir g\u00fcn gelecek ve misyonunu yerine getirecek olan bir intikamc\u0131ya veya kurtar\u0131c\u0131ya \u00e7evirmelerine yol a\u00e7ar. \u201cEylem propagandas\u0131\u201dn\u0131n anar\u015fist peygamberleri, ter\u00f6rist eylemlerin kitleler \u00fczerinde uyand\u0131r\u0131c\u0131 ve canland\u0131r\u0131c\u0131 etkisi olaca\u011f\u0131n\u0131 savunabilirler. Ancak teorik de\u011ferlendirmeler ve politik deneyimler aksini ispatlar. Ter\u00f6rist eylemlerin \u201cetkisi\u201d ne kadar artarsa, tesiri ne kadar b\u00fcy\u00fcrse, kitlelerin dikkati o kadar bunlar \u00fczerinde odakla\u015f\u0131r; \u00f6z-\u00f6rg\u00fctl\u00fcl\u00fc\u011fe ve \u00f6z-e\u011fitime ilgileri o kadar azal\u0131r.<\/p>\n<p>Fakat patlaman\u0131n duman\u0131 da\u011f\u0131l\u0131p panik yok olunca, \u00f6ld\u00fcr\u00fclen bakan\u0131n halefi arz-\u0131 endam eder, ya\u015fam tekrar eski ray\u0131na oturur, kapitalist s\u00f6m\u00fcr\u00fc \u00e7ark\u0131 eskiden oldu\u011fu gibi d\u00f6ner; sadece polis bask\u0131s\u0131 daha vah\u015fi ve ars\u0131z hale gelir. Ve sonu\u00e7 olarak, ate\u015flenen umutlar\u0131n ve yapay olarak canland\u0131r\u0131lan heyecan\u0131n yerine hayal k\u0131r\u0131kl\u0131\u011f\u0131 ve kay\u0131ts\u0131zl\u0131k gelir.<\/p>\n<p>Gericili\u011fin grevleri ve kitlesel i\u015f\u00e7i hareketini genel olarak sona erdirme \u00e7abalar\u0131, her yerde daima ba\u015far\u0131s\u0131zl\u0131kla sonu\u00e7lanm\u0131\u015ft\u0131r. Kapitalist toplum etkin, hareketli ve zeki bir proletaryaya ihtiya\u00e7 duyar; bu nedenle proletaryan\u0131n elini aya\u011f\u0131n\u0131 uzun s\u00fcre ba\u011flayamaz. \u00d6te yandan anar\u015fist \u201ceylem propagandas\u0131\u201d her zaman g\u00f6stermi\u015ftir ki, devlet fiziksel y\u0131k\u0131m ara\u00e7lar\u0131 ve bask\u0131 mekanizmalar\u0131 bak\u0131m\u0131ndan, ter\u00f6rist gruplardan \u00e7ok daha zengindir.<\/p>\n<p>E\u011fer b\u00f6yleyse, devrime ne olacak? Bu durum devrimi yads\u0131y\u0131p imk\u00e2ns\u0131z hale mi getiriyor? Hi\u00e7 de de\u011fil. \u00c7\u00fcnk\u00fc devrim, mekanik ara\u00e7lar\u0131n basit bir toplam\u0131 de\u011fildir. Devrim, sadece s\u0131n\u0131f m\u00fccadelesinin keskinle\u015fmesinden do\u011far ve sadece proletaryan\u0131n toplumsal i\u015flevlerinde bir zafer garantisi bulabilir. Politik kitle grevi, silahl\u0131 ayaklanma, devlet iktidar\u0131n\u0131n ele ge\u00e7irilmesi; b\u00fct\u00fcn bunlar, \u00fcretimin geli\u015fmi\u015flik derecesi, s\u0131n\u0131fsal g\u00fc\u00e7lerin mevzileni\u015fi, proletaryan\u0131n toplumsal a\u011f\u0131rl\u0131\u011f\u0131 ve nihayet, devrim an\u0131nda devlet iktidar\u0131n\u0131n kaderini belirleyen etken silahl\u0131 kuvvetler oldu\u011fu i\u00e7in, ordunun toplumsal bile\u015fimi taraf\u0131ndan belirlenir.<\/p>\n<p>Sosyal Demokrasi, mevcut tarihsel ko\u015fullar\u0131n do\u011furdu\u011fu devrimden ka\u00e7\u0131nmaya \u00e7al\u0131\u015fmayacak kadar ger\u00e7ek\u00e7idir; tersine devrimi d\u00f6rt g\u00f6zle kar\u015f\u0131lamaya \u00e7al\u0131\u015f\u0131r. Fakat Sosyal Demokrasi \u2013anar\u015fistlere kar\u015f\u0131t olarak ve onlara kar\u015f\u0131 do\u011frudan m\u00fccadele ederek\u2013 toplumun geli\u015fimini yapay olarak zorlamay\u0131, proletaryan\u0131n yetersiz devrimci g\u00fcc\u00fcn\u00fcn yerine haz\u0131r kimyasal form\u00fclleri ge\u00e7irmeyi ama\u00e7layan t\u00fcm y\u00f6ntem ve ara\u00e7lar\u0131 reddeder.<\/p>\n<p>Bir politik m\u00fccadele d\u00fczeyine y\u00fckseltilmeden \u00f6nce ter\u00f6rizm, kendisini bireysel intikam eylemleri bi\u00e7iminde ortaya koyar. Ter\u00f6rizmin klasik \u00fclkesi Rusya\u2019da durum buydu. Politik su\u00e7lular\u0131n k\u0131rba\u00e7lanmas\u0131, Vera Zasuli\u00e7\u2019i, genel \u00f6fke duygusunu General Trepov\u2019a y\u00f6nelik bir suikast eylemiyle ifade etmeye zorlam\u0131\u015ft\u0131. Herhangi bir kitle deste\u011finden yoksun olan devrimci entelijensiya i\u00e7inde Zasuli\u00e7\u2019in \u00f6rne\u011fi taklit edildi. Bilin\u00e7siz bir intikam eylemi olarak ba\u015flayan \u015fey, 1879-81 aras\u0131nda sistemli olarak geli\u015ftirildi. Bat\u0131 Avrupa ve Kuzey Amerika\u2019daki anar\u015fist suikast eylemleri salg\u0131n\u0131, her zaman pe\u015finden h\u00fck\u00fcmetin ba\u015flatt\u0131\u011f\u0131 vah\u015feti \u2013grevcilerin kovulmas\u0131n\u0131 ya da politik muhaliflerin idam edilmesini\u2013 getirmi\u015ftir. Ter\u00f6rizmin en \u00f6nemli psikolojik kayna\u011f\u0131, daima bir \u00e7\u0131k\u0131\u015f aray\u0131\u015f\u0131 i\u00e7indeki intikam hissi olmu\u015ftur.<\/p>\n<p>Ter\u00f6rist eylemlere kar\u015f\u0131 insan ya\u015fam\u0131n\u0131n \u201ckutsal de\u011feri\u201d hakk\u0131nda ciddi a\u00e7\u0131klamalar yapan sat\u0131n al\u0131nm\u0131\u015f ahl\u00e2k\u00e7\u0131larla Sosyal Demokrasinin ortak hi\u00e7bir yan\u0131 olmad\u0131\u011f\u0131na de\u011finmeye gerek bile yok. Onlar, ba\u015fka durumlarda, ba\u015fka \u201ckutsal de\u011ferler\u201d ad\u0131na \u2013\u00f6rne\u011fin ulusun onuru veya monar\u015finin prestiji\u2013 milyonlarca insan\u0131 sava\u015f cehennemine itmeye haz\u0131rd\u0131rlar. Bug\u00fcn \u2013en kutsal hak olan \u00f6zel m\u00fclkiyet ad\u0131na\u2013 silahs\u0131z i\u015f\u00e7iler \u00fczerine ate\u015f a\u00e7\u0131lmas\u0131 emrini veren bakan, onlar\u0131n ulusal kahraman\u0131d\u0131r; ve yar\u0131n, i\u015fsiz i\u015f\u00e7ilerin \u00e7aresiz elleri bir yumruk haline geldi\u011finde veya bir silah\u0131 kavrad\u0131\u011f\u0131nda, yine ayn\u0131 adamlar bu kez \u015fiddetin hi\u00e7bir bi\u00e7iminin kabul edilemeyece\u011fine dair bin bir t\u00fcrl\u00fc sa\u00e7mal\u0131\u011f\u0131 dillerine dolayacaklard\u0131r.<\/p>\n<p>Ahl\u00e2k\u0131n harema\u011falar\u0131 ve ikiy\u00fczl\u00fcleri ne s\u00f6ylerse s\u00f6ylesin, intikam duygusunun kendine \u00f6zg\u00fc do\u011frular\u0131 vard\u0131r. Bu duygu i\u015f\u00e7i s\u0131n\u0131f\u0131na, d\u00fcnyalar\u0131n bu en iyisinde olup bitenlere bo\u015f bir kay\u0131ts\u0131zl\u0131kla bakmamak gibi b\u00fcy\u00fck bir ahl\u00e2ki erdem kazand\u0131r\u0131r. Proletaryan\u0131n ta\u015f\u0131d\u0131\u011f\u0131 intikam duygusunu s\u00f6nd\u00fcrmek de\u011fil, tam aksine onu tekrar tekrar k\u0131\u015fk\u0131rtmak, derinle\u015ftirmek ve bu \u00f6fkeyi t\u00fcm adaletsizlik ve insani al\u00e7akl\u0131\u011f\u0131n ger\u00e7ek kaynaklar\u0131na kar\u015f\u0131 y\u00f6neltmek; Sosyal Demokrasinin g\u00f6revi budur.<\/p>\n<p>E\u011fer biz ter\u00f6rist eylemlere kar\u015f\u0131ysak, bu sadece bireysel intikam bizi tatmin etmedi\u011fi i\u00e7indir. Bizim kapitalist sistemle g\u00f6r\u00fclecek hesab\u0131m\u0131z, bakan denen baz\u0131 g\u00f6revlilerle g\u00f6r\u00fclecek olandan \u00e7ok daha b\u00fcy\u00fckt\u00fcr. T\u00fcm enerjimizi bu sisteme kar\u015f\u0131 kolektif bir m\u00fccadeleye y\u00f6neltmek i\u00e7in, insanl\u0131\u011fa kar\u015f\u0131 i\u015flenen t\u00fcm su\u00e7lar\u0131, insan bedeni ve ruhunun maruz kald\u0131\u011f\u0131 t\u00fcm hakaretleri mevcut toplumsal sistemin zorunlu sonu\u00e7lar\u0131 ve ifadeleri olarak g\u00f6rmeyi \u00f6\u011frenmek; tutu\u015fan intikam arzusunun en y\u00fcksek manevi tatmin bulabilece\u011fi y\u00f6n budur.<\/p>\n<p>\u00a0<\/p>\n","protected":false},"excerpt":{"rendered":"<p>S\u0131n\u0131f d\u00fc\u015fmanlar\u0131m\u0131z, bizim ter\u00f6rizmimizden yak\u0131nmay\u0131 al\u0131\u015fkanl\u0131k haline getirdiler. Bununla neyi kastettikleri pek a\u00e7\u0131k de\u011fil. Onlar proletaryan\u0131n, s\u0131n\u0131f d\u00fc\u015fmanlar\u0131n\u0131n \u00e7\u0131karlar\u0131na kar\u015f\u0131 y\u00f6neltilmi\u015f olan t\u00fcm etkinliklerini ter\u00f6rizm olarak yaftalamak istiyorlar. Onlar\u0131n g\u00f6z\u00fcnde grev, ter\u00f6rizmin ba\u015fl\u0131ca y\u00f6ntemidir. Bir grev tehdidi, grev g\u00f6zc\u00fclerinin \u00f6rg\u00fctlenmesi, k\u00f6le \u00e7al\u0131\u015ft\u0131r\u0131c\u0131s\u0131 patrona kar\u015f\u0131 ekonomik boykot, kendi saflar\u0131m\u0131zdan \u00e7\u0131kan bir haine kar\u015f\u0131 ahl\u00e2ki boykot; bunlar\u0131n [&hellip;]<\/p>\n","protected":false},"author":1,"featured_media":0,"comment_status":"open","ping_status":"open","sticky":false,"template":"","format":"standard","meta":{"footnotes":""},"categories":[99],"tags":[],"class_list":{"0":"post-4244","1":"post","2":"type-post","3":"status-publish","4":"format-standard","6":"category-dunya"},"yoast_head":"<!-- This site is optimized with the Yoast SEO Premium plugin v24.9 (Yoast SEO v24.9) - https:\/\/yoast.com\/wordpress\/plugins\/seo\/ -->\n<title>Marksistler Bireysel Ter\u00f6rizme Neden Kar\u015f\u0131d\u0131rlar | Lev Tro\u00e7ki - narteks.net<\/title>\n<meta name=\"robots\" content=\"index, follow, max-snippet:-1, max-image-preview:large, max-video-preview:-1\" \/>\n<link rel=\"canonical\" href=\"https:\/\/narteks.net\/index.php\/2010\/02\/22\/marksistler-bireysel-terorizme-neden-karsidirlar-lev-trocki\/\" \/>\n<meta property=\"og:locale\" content=\"tr_TR\" \/>\n<meta property=\"og:type\" content=\"article\" \/>\n<meta property=\"og:title\" content=\"Marksistler Bireysel Ter\u00f6rizme Neden Kar\u015f\u0131d\u0131rlar | Lev Tro\u00e7ki\" \/>\n<meta property=\"og:description\" content=\"S\u0131n\u0131f d\u00fc\u015fmanlar\u0131m\u0131z, bizim ter\u00f6rizmimizden yak\u0131nmay\u0131 al\u0131\u015fkanl\u0131k haline getirdiler. Bununla neyi kastettikleri pek a\u00e7\u0131k de\u011fil. Onlar proletaryan\u0131n, s\u0131n\u0131f d\u00fc\u015fmanlar\u0131n\u0131n \u00e7\u0131karlar\u0131na kar\u015f\u0131 y\u00f6neltilmi\u015f olan t\u00fcm etkinliklerini ter\u00f6rizm olarak yaftalamak istiyorlar. Onlar\u0131n g\u00f6z\u00fcnde grev, ter\u00f6rizmin ba\u015fl\u0131ca y\u00f6ntemidir. Bir grev tehdidi, grev g\u00f6zc\u00fclerinin \u00f6rg\u00fctlenmesi, k\u00f6le \u00e7al\u0131\u015ft\u0131r\u0131c\u0131s\u0131 patrona kar\u015f\u0131 ekonomik boykot, kendi saflar\u0131m\u0131zdan \u00e7\u0131kan bir haine kar\u015f\u0131 ahl\u00e2ki boykot; bunlar\u0131n [&hellip;]\" \/>\n<meta property=\"og:url\" content=\"https:\/\/narteks.net\/index.php\/2010\/02\/22\/marksistler-bireysel-terorizme-neden-karsidirlar-lev-trocki\/\" \/>\n<meta property=\"og:site_name\" content=\"narteks.net\" \/>\n<meta property=\"article:published_time\" content=\"2010-02-22T07:20:22+00:00\" \/>\n<meta property=\"og:image\" content=\"http:\/\/img36.imageshack.us\/img36\/5674\/trocki190808byk9635248.jpg\" \/>\n<meta name=\"author\" content=\"Tar\u0131k\" \/>\n<meta name=\"twitter:card\" content=\"summary_large_image\" \/>\n<meta name=\"twitter:creator\" content=\"@narteks\" \/>\n<meta name=\"twitter:site\" content=\"@narteks\" \/>\n<meta name=\"twitter:label1\" content=\"Yazan:\" \/>\n\t<meta name=\"twitter:data1\" content=\"Tar\u0131k\" \/>\n\t<meta name=\"twitter:label2\" content=\"Tahmini okuma s\u00fcresi\" \/>\n\t<meta name=\"twitter:data2\" content=\"10 dakika\" \/>\n<script type=\"application\/ld+json\" class=\"yoast-schema-graph\">{\"@context\":\"https:\/\/schema.org\",\"@graph\":[{\"@type\":\"Article\",\"@id\":\"https:\/\/narteks.net\/index.php\/2010\/02\/22\/marksistler-bireysel-terorizme-neden-karsidirlar-lev-trocki\/#article\",\"isPartOf\":{\"@id\":\"https:\/\/narteks.net\/index.php\/2010\/02\/22\/marksistler-bireysel-terorizme-neden-karsidirlar-lev-trocki\/\"},\"author\":{\"name\":\"Tar\u0131k\",\"@id\":\"https:\/\/narteks.net\/#\/schema\/person\/61f37d9834294b72d31d274e7ed79bca\"},\"headline\":\"Marksistler Bireysel Ter\u00f6rizme Neden Kar\u015f\u0131d\u0131rlar | Lev Tro\u00e7ki\",\"datePublished\":\"2010-02-22T07:20:22+00:00\",\"mainEntityOfPage\":{\"@id\":\"https:\/\/narteks.net\/index.php\/2010\/02\/22\/marksistler-bireysel-terorizme-neden-karsidirlar-lev-trocki\/\"},\"wordCount\":1931,\"commentCount\":0,\"publisher\":{\"@id\":\"https:\/\/narteks.net\/#organization\"},\"image\":{\"@id\":\"https:\/\/narteks.net\/index.php\/2010\/02\/22\/marksistler-bireysel-terorizme-neden-karsidirlar-lev-trocki\/#primaryimage\"},\"thumbnailUrl\":\"http:\/\/img36.imageshack.us\/img36\/5674\/trocki190808byk9635248.jpg\",\"articleSection\":[\"D\u00fcnya\"],\"inLanguage\":\"tr\",\"potentialAction\":[{\"@type\":\"CommentAction\",\"name\":\"Comment\",\"target\":[\"https:\/\/narteks.net\/index.php\/2010\/02\/22\/marksistler-bireysel-terorizme-neden-karsidirlar-lev-trocki\/#respond\"]}]},{\"@type\":\"WebPage\",\"@id\":\"https:\/\/narteks.net\/index.php\/2010\/02\/22\/marksistler-bireysel-terorizme-neden-karsidirlar-lev-trocki\/\",\"url\":\"https:\/\/narteks.net\/index.php\/2010\/02\/22\/marksistler-bireysel-terorizme-neden-karsidirlar-lev-trocki\/\",\"name\":\"Marksistler Bireysel Ter\u00f6rizme Neden Kar\u015f\u0131d\u0131rlar | Lev Tro\u00e7ki - narteks.net\",\"isPartOf\":{\"@id\":\"https:\/\/narteks.net\/#website\"},\"primaryImageOfPage\":{\"@id\":\"https:\/\/narteks.net\/index.php\/2010\/02\/22\/marksistler-bireysel-terorizme-neden-karsidirlar-lev-trocki\/#primaryimage\"},\"image\":{\"@id\":\"https:\/\/narteks.net\/index.php\/2010\/02\/22\/marksistler-bireysel-terorizme-neden-karsidirlar-lev-trocki\/#primaryimage\"},\"thumbnailUrl\":\"http:\/\/img36.imageshack.us\/img36\/5674\/trocki190808byk9635248.jpg\",\"datePublished\":\"2010-02-22T07:20:22+00:00\",\"breadcrumb\":{\"@id\":\"https:\/\/narteks.net\/index.php\/2010\/02\/22\/marksistler-bireysel-terorizme-neden-karsidirlar-lev-trocki\/#breadcrumb\"},\"inLanguage\":\"tr\",\"potentialAction\":[{\"@type\":\"ReadAction\",\"target\":[\"https:\/\/narteks.net\/index.php\/2010\/02\/22\/marksistler-bireysel-terorizme-neden-karsidirlar-lev-trocki\/\"]}]},{\"@type\":\"ImageObject\",\"inLanguage\":\"tr\",\"@id\":\"https:\/\/narteks.net\/index.php\/2010\/02\/22\/marksistler-bireysel-terorizme-neden-karsidirlar-lev-trocki\/#primaryimage\",\"url\":\"http:\/\/img36.imageshack.us\/img36\/5674\/trocki190808byk9635248.jpg\",\"contentUrl\":\"http:\/\/img36.imageshack.us\/img36\/5674\/trocki190808byk9635248.jpg\"},{\"@type\":\"BreadcrumbList\",\"@id\":\"https:\/\/narteks.net\/index.php\/2010\/02\/22\/marksistler-bireysel-terorizme-neden-karsidirlar-lev-trocki\/#breadcrumb\",\"itemListElement\":[{\"@type\":\"ListItem\",\"position\":1,\"name\":\"Anasayfa\",\"item\":\"https:\/\/narteks.net\/\"},{\"@type\":\"ListItem\",\"position\":2,\"name\":\"Marksistler Bireysel Ter\u00f6rizme Neden Kar\u015f\u0131d\u0131rlar | Lev Tro\u00e7ki\"}]},{\"@type\":\"WebSite\",\"@id\":\"https:\/\/narteks.net\/#website\",\"url\":\"https:\/\/narteks.net\/\",\"name\":\"narteks.net\",\"description\":\"K\u00fclt\u00fcr Sanat Edebiyat Felsefe\",\"publisher\":{\"@id\":\"https:\/\/narteks.net\/#organization\"},\"alternateName\":\"K\u00fclt\u00fcr Sanat Edebiyat Felsefe\",\"potentialAction\":[{\"@type\":\"SearchAction\",\"target\":{\"@type\":\"EntryPoint\",\"urlTemplate\":\"https:\/\/narteks.net\/?s={search_term_string}\"},\"query-input\":{\"@type\":\"PropertyValueSpecification\",\"valueRequired\":true,\"valueName\":\"search_term_string\"}}],\"inLanguage\":\"tr\"},{\"@type\":\"Organization\",\"@id\":\"https:\/\/narteks.net\/#organization\",\"name\":\"narteks.net\",\"url\":\"https:\/\/narteks.net\/\",\"logo\":{\"@type\":\"ImageObject\",\"inLanguage\":\"tr\",\"@id\":\"https:\/\/narteks.net\/#\/schema\/logo\/image\/\",\"url\":\"https:\/\/narteks.net\/wp-content\/uploads\/narteks.png\",\"contentUrl\":\"https:\/\/narteks.net\/wp-content\/uploads\/narteks.png\",\"width\":300,\"height\":90,\"caption\":\"narteks.net\"},\"image\":{\"@id\":\"https:\/\/narteks.net\/#\/schema\/logo\/image\/\"},\"sameAs\":[\"https:\/\/x.com\/narteks\",\"https:\/\/instagram.com\/narteksnet\"]},{\"@type\":\"Person\",\"@id\":\"https:\/\/narteks.net\/#\/schema\/person\/61f37d9834294b72d31d274e7ed79bca\",\"name\":\"Tar\u0131k\",\"image\":{\"@type\":\"ImageObject\",\"inLanguage\":\"tr\",\"@id\":\"https:\/\/narteks.net\/#\/schema\/person\/image\/\",\"url\":\"https:\/\/secure.gravatar.com\/avatar\/50865afb55632c4ae467e0af0930f6510aa2297d8014be502a55b14f3b7550cf?s=96&d=mm&r=g\",\"contentUrl\":\"https:\/\/secure.gravatar.com\/avatar\/50865afb55632c4ae467e0af0930f6510aa2297d8014be502a55b14f3b7550cf?s=96&d=mm&r=g\",\"caption\":\"Tar\u0131k\"},\"sameAs\":[\"http:\/\/narteks.net\"],\"url\":\"https:\/\/narteks.net\/index.php\/author\/narbak\/\"}]}<\/script>\n<!-- \/ Yoast SEO Premium plugin. -->","yoast_head_json":{"title":"Marksistler Bireysel Ter\u00f6rizme Neden Kar\u015f\u0131d\u0131rlar | Lev Tro\u00e7ki - narteks.net","robots":{"index":"index","follow":"follow","max-snippet":"max-snippet:-1","max-image-preview":"max-image-preview:large","max-video-preview":"max-video-preview:-1"},"canonical":"https:\/\/narteks.net\/index.php\/2010\/02\/22\/marksistler-bireysel-terorizme-neden-karsidirlar-lev-trocki\/","og_locale":"tr_TR","og_type":"article","og_title":"Marksistler Bireysel Ter\u00f6rizme Neden Kar\u015f\u0131d\u0131rlar | Lev Tro\u00e7ki","og_description":"S\u0131n\u0131f d\u00fc\u015fmanlar\u0131m\u0131z, bizim ter\u00f6rizmimizden yak\u0131nmay\u0131 al\u0131\u015fkanl\u0131k haline getirdiler. Bununla neyi kastettikleri pek a\u00e7\u0131k de\u011fil. Onlar proletaryan\u0131n, s\u0131n\u0131f d\u00fc\u015fmanlar\u0131n\u0131n \u00e7\u0131karlar\u0131na kar\u015f\u0131 y\u00f6neltilmi\u015f olan t\u00fcm etkinliklerini ter\u00f6rizm olarak yaftalamak istiyorlar. Onlar\u0131n g\u00f6z\u00fcnde grev, ter\u00f6rizmin ba\u015fl\u0131ca y\u00f6ntemidir. Bir grev tehdidi, grev g\u00f6zc\u00fclerinin \u00f6rg\u00fctlenmesi, k\u00f6le \u00e7al\u0131\u015ft\u0131r\u0131c\u0131s\u0131 patrona kar\u015f\u0131 ekonomik boykot, kendi saflar\u0131m\u0131zdan \u00e7\u0131kan bir haine kar\u015f\u0131 ahl\u00e2ki boykot; bunlar\u0131n [&hellip;]","og_url":"https:\/\/narteks.net\/index.php\/2010\/02\/22\/marksistler-bireysel-terorizme-neden-karsidirlar-lev-trocki\/","og_site_name":"narteks.net","article_published_time":"2010-02-22T07:20:22+00:00","og_image":[{"url":"http:\/\/img36.imageshack.us\/img36\/5674\/trocki190808byk9635248.jpg","type":"","width":"","height":""}],"author":"Tar\u0131k","twitter_card":"summary_large_image","twitter_creator":"@narteks","twitter_site":"@narteks","twitter_misc":{"Yazan:":"Tar\u0131k","Tahmini okuma s\u00fcresi":"10 dakika"},"schema":{"@context":"https:\/\/schema.org","@graph":[{"@type":"Article","@id":"https:\/\/narteks.net\/index.php\/2010\/02\/22\/marksistler-bireysel-terorizme-neden-karsidirlar-lev-trocki\/#article","isPartOf":{"@id":"https:\/\/narteks.net\/index.php\/2010\/02\/22\/marksistler-bireysel-terorizme-neden-karsidirlar-lev-trocki\/"},"author":{"name":"Tar\u0131k","@id":"https:\/\/narteks.net\/#\/schema\/person\/61f37d9834294b72d31d274e7ed79bca"},"headline":"Marksistler Bireysel Ter\u00f6rizme Neden Kar\u015f\u0131d\u0131rlar | Lev Tro\u00e7ki","datePublished":"2010-02-22T07:20:22+00:00","mainEntityOfPage":{"@id":"https:\/\/narteks.net\/index.php\/2010\/02\/22\/marksistler-bireysel-terorizme-neden-karsidirlar-lev-trocki\/"},"wordCount":1931,"commentCount":0,"publisher":{"@id":"https:\/\/narteks.net\/#organization"},"image":{"@id":"https:\/\/narteks.net\/index.php\/2010\/02\/22\/marksistler-bireysel-terorizme-neden-karsidirlar-lev-trocki\/#primaryimage"},"thumbnailUrl":"http:\/\/img36.imageshack.us\/img36\/5674\/trocki190808byk9635248.jpg","articleSection":["D\u00fcnya"],"inLanguage":"tr","potentialAction":[{"@type":"CommentAction","name":"Comment","target":["https:\/\/narteks.net\/index.php\/2010\/02\/22\/marksistler-bireysel-terorizme-neden-karsidirlar-lev-trocki\/#respond"]}]},{"@type":"WebPage","@id":"https:\/\/narteks.net\/index.php\/2010\/02\/22\/marksistler-bireysel-terorizme-neden-karsidirlar-lev-trocki\/","url":"https:\/\/narteks.net\/index.php\/2010\/02\/22\/marksistler-bireysel-terorizme-neden-karsidirlar-lev-trocki\/","name":"Marksistler Bireysel Ter\u00f6rizme Neden Kar\u015f\u0131d\u0131rlar | Lev Tro\u00e7ki - narteks.net","isPartOf":{"@id":"https:\/\/narteks.net\/#website"},"primaryImageOfPage":{"@id":"https:\/\/narteks.net\/index.php\/2010\/02\/22\/marksistler-bireysel-terorizme-neden-karsidirlar-lev-trocki\/#primaryimage"},"image":{"@id":"https:\/\/narteks.net\/index.php\/2010\/02\/22\/marksistler-bireysel-terorizme-neden-karsidirlar-lev-trocki\/#primaryimage"},"thumbnailUrl":"http:\/\/img36.imageshack.us\/img36\/5674\/trocki190808byk9635248.jpg","datePublished":"2010-02-22T07:20:22+00:00","breadcrumb":{"@id":"https:\/\/narteks.net\/index.php\/2010\/02\/22\/marksistler-bireysel-terorizme-neden-karsidirlar-lev-trocki\/#breadcrumb"},"inLanguage":"tr","potentialAction":[{"@type":"ReadAction","target":["https:\/\/narteks.net\/index.php\/2010\/02\/22\/marksistler-bireysel-terorizme-neden-karsidirlar-lev-trocki\/"]}]},{"@type":"ImageObject","inLanguage":"tr","@id":"https:\/\/narteks.net\/index.php\/2010\/02\/22\/marksistler-bireysel-terorizme-neden-karsidirlar-lev-trocki\/#primaryimage","url":"http:\/\/img36.imageshack.us\/img36\/5674\/trocki190808byk9635248.jpg","contentUrl":"http:\/\/img36.imageshack.us\/img36\/5674\/trocki190808byk9635248.jpg"},{"@type":"BreadcrumbList","@id":"https:\/\/narteks.net\/index.php\/2010\/02\/22\/marksistler-bireysel-terorizme-neden-karsidirlar-lev-trocki\/#breadcrumb","itemListElement":[{"@type":"ListItem","position":1,"name":"Anasayfa","item":"https:\/\/narteks.net\/"},{"@type":"ListItem","position":2,"name":"Marksistler Bireysel Ter\u00f6rizme Neden Kar\u015f\u0131d\u0131rlar | Lev Tro\u00e7ki"}]},{"@type":"WebSite","@id":"https:\/\/narteks.net\/#website","url":"https:\/\/narteks.net\/","name":"narteks.net","description":"K\u00fclt\u00fcr Sanat Edebiyat Felsefe","publisher":{"@id":"https:\/\/narteks.net\/#organization"},"alternateName":"K\u00fclt\u00fcr Sanat Edebiyat Felsefe","potentialAction":[{"@type":"SearchAction","target":{"@type":"EntryPoint","urlTemplate":"https:\/\/narteks.net\/?s={search_term_string}"},"query-input":{"@type":"PropertyValueSpecification","valueRequired":true,"valueName":"search_term_string"}}],"inLanguage":"tr"},{"@type":"Organization","@id":"https:\/\/narteks.net\/#organization","name":"narteks.net","url":"https:\/\/narteks.net\/","logo":{"@type":"ImageObject","inLanguage":"tr","@id":"https:\/\/narteks.net\/#\/schema\/logo\/image\/","url":"https:\/\/narteks.net\/wp-content\/uploads\/narteks.png","contentUrl":"https:\/\/narteks.net\/wp-content\/uploads\/narteks.png","width":300,"height":90,"caption":"narteks.net"},"image":{"@id":"https:\/\/narteks.net\/#\/schema\/logo\/image\/"},"sameAs":["https:\/\/x.com\/narteks","https:\/\/instagram.com\/narteksnet"]},{"@type":"Person","@id":"https:\/\/narteks.net\/#\/schema\/person\/61f37d9834294b72d31d274e7ed79bca","name":"Tar\u0131k","image":{"@type":"ImageObject","inLanguage":"tr","@id":"https:\/\/narteks.net\/#\/schema\/person\/image\/","url":"https:\/\/secure.gravatar.com\/avatar\/50865afb55632c4ae467e0af0930f6510aa2297d8014be502a55b14f3b7550cf?s=96&d=mm&r=g","contentUrl":"https:\/\/secure.gravatar.com\/avatar\/50865afb55632c4ae467e0af0930f6510aa2297d8014be502a55b14f3b7550cf?s=96&d=mm&r=g","caption":"Tar\u0131k"},"sameAs":["http:\/\/narteks.net"],"url":"https:\/\/narteks.net\/index.php\/author\/narbak\/"}]}},"_links":{"self":[{"href":"https:\/\/narteks.net\/index.php\/wp-json\/wp\/v2\/posts\/4244","targetHints":{"allow":["GET"]}}],"collection":[{"href":"https:\/\/narteks.net\/index.php\/wp-json\/wp\/v2\/posts"}],"about":[{"href":"https:\/\/narteks.net\/index.php\/wp-json\/wp\/v2\/types\/post"}],"author":[{"embeddable":true,"href":"https:\/\/narteks.net\/index.php\/wp-json\/wp\/v2\/users\/1"}],"replies":[{"embeddable":true,"href":"https:\/\/narteks.net\/index.php\/wp-json\/wp\/v2\/comments?post=4244"}],"version-history":[{"count":0,"href":"https:\/\/narteks.net\/index.php\/wp-json\/wp\/v2\/posts\/4244\/revisions"}],"wp:attachment":[{"href":"https:\/\/narteks.net\/index.php\/wp-json\/wp\/v2\/media?parent=4244"}],"wp:term":[{"taxonomy":"category","embeddable":true,"href":"https:\/\/narteks.net\/index.php\/wp-json\/wp\/v2\/categories?post=4244"},{"taxonomy":"post_tag","embeddable":true,"href":"https:\/\/narteks.net\/index.php\/wp-json\/wp\/v2\/tags?post=4244"}],"curies":[{"name":"wp","href":"https:\/\/api.w.org\/{rel}","templated":true}]}}