{"id":4245,"date":"2010-02-22T10:26:55","date_gmt":"2010-02-22T07:26:55","guid":{"rendered":"http:\/\/localhost\/wordpress\/2010\/02\/22\/sovyetler-kizil-ordu-korosu-ve-sarkilari\/"},"modified":"2010-02-22T10:26:55","modified_gmt":"2010-02-22T07:26:55","slug":"sovyetler-kizil-ordu-korosu-ve-sarkilari","status":"publish","type":"post","link":"https:\/\/narteks.net\/index.php\/2010\/02\/22\/sovyetler-kizil-ordu-korosu-ve-sarkilari\/","title":{"rendered":"Sovyetler K\u0131z\u0131l Ordu Korosu ve \u015eark\u0131lar\u0131"},"content":{"rendered":"<p style=\"text-align: justify;\"><img loading=\"lazy\" decoding=\"async\" src=\"images\/stories\/kizilordukorosu.jpg\" border=\"0\" width=\"155\" height=\"205\" style=\"float: left;\" \/>K\u0131z\u0131l Ordu Korosu 1928 y\u0131l\u0131nda Moskova Merkez Ordu Kul\u00fcb\u00fc&#8217;nde ilk \u015feklini alm\u0131\u015ft\u0131r. K\u0131z\u0131l Ordu Korosu ad\u0131 alt\u0131nda oniki asker, bir vokal, bir akordiyon, 2 dans\u00e7\u0131 ve bir anlat\u0131c\u0131 bulunmaktad\u0131r. \u0130lk resmi g\u00f6sterilerini 12 Ekim 1928&#8217;de Orkestran\u0131n 1929 y\u0131l\u0131nda koro Sovyetler Birli\u011fi&#8217;nin Uzak Do\u011fu b\u00f6lgesinde demiryolu in\u015fa eden askerleri ziyaret ederek konserler verirler. De\u011fi\u015fik birliklerden insanlardan olu\u015fan koro, orkestra ve dans\u00e7\u0131lardan olu\u015fan grup r\u00fctbe ayr\u0131m\u0131 yapmadan amat\u00f6r sanat\u0131 geli\u015ftirmek, askerlere moral vermek ve onlar\u0131 kaliteli m\u00fczi\u011fe ilgilerini \u00e7ekmek amac\u0131 ile 1933 y\u0131l\u0131na kadar 300&#8217;e yak\u0131n etkinlik d\u00fczenledi. Bu d\u00f6nemde grup sovyet \u015fark\u0131larla beraber Vasily Solovyov-Sedoy Paris&#8217;de Uluslararas\u0131 Modern Hayatda Sanat ve Teknoloji Sergisi&#8217;nde sahne ald\u0131lar ve juri taraf\u0131ndan Grand Prix Onur \u00d6d\u00fcl\u00fc&#8217;ne lay\u0131k g\u00f6r\u00fcld\u00fcler.<\/p>\n<p>II. D\u00fcnya Sava\u015f\u0131 s\u0131ras\u0131nda Sovyet Cephelerinde, havalanlar\u0131nda hastahanelerde askerlere ve halka moral vermek i\u00e7in 1500&#8217;\u00fcn \u00fcst\u00fcnde g\u00f6steri yapt\u0131lar.<\/p>\n<p>Aleksandrov&#8217;un 1946 y\u0131l\u0131nda \u00f6l\u00fcm\u00fcnden sonra o\u011flu Boris Aleksandrov koronun y\u00f6netimini ba\u015far\u0131 ile devam ettirdi. 1987&#8217;de son emeklili\u011finden \u00f6nce Koro&#8217;ya D\u00fcnya turu s\u0131ras\u0131nda \u015feflik yapt\u0131. 2003&#8217;den g\u00fcn\u00fcm\u00fcze kadar koroya Vyacheslav Korobko \u015feflik etmektedir.<\/p>\n<p>Bunun d\u0131\u015f\u0131nda koro David Foster, Jean-Jacques Goldman ve Steve Barakatt gibi bir \u00e7ok pop\u00fcler sanat\u00e7\u0131 ve yap\u0131mc\u0131 ile birlikte de \u00e7al\u0131\u015fm\u0131\u015ft\u0131r.<\/p>\n<p style=\"text-align: justify;\"><strong><img loading=\"lazy\" decoding=\"async\" src=\"http:\/\/upload.wikimedia.org\/wikipedia\/tr\/8\/85\/K%C4%B1z%C4%B1l_Ordu_Korosu_armas%C4%B1.jpg\" border=\"0\" width=\"147\" height=\"168\" style=\"float: left;\" \/>Koro<\/strong><\/p>\n<p>Koro di\u011fer ba\u015fka erkek korolar\u0131 gibi ten\u00f6r, baritone ve bass olmak \u00fczere \u00fc\u00e7 b\u00f6l\u00fcmden olu\u015fmaktad\u0131r. Ancak bu b\u00f6l\u00fcmler sekiz de\u011fi\u015fik vokal \u00e7izgisinde alt kategorilere de b\u00f6l\u00fcnm\u00fc\u015ft\u00fcr.<\/p>\n<p style=\"text-align: justify;\"><strong>Orkestra<\/strong><\/p>\n<p>Orkestra klasik askeri koro orkestra n\u00fcelerinden ba\u015fka balalayka, domra, akordion, ikili bass, \u00e7e\u015fitli tahta \u00fcflemeli \u00e7alg\u0131lar, brass, gitar gibi rus ve bat\u0131 geleneksel m\u00fczik aletlerini de kullannm\u0131\u015ft\u0131r.<\/p>\n<p style=\"text-align: justify;\"><strong>Dans grubu<\/strong><\/p>\n<p>Grubun sahne g\u00f6sterilerinde yer alan danslar\u0131 Zaparozhtsi danslar\u0131, kazak s\u00fcvari danslar\u0131, Mart bayram\u0131, askeri danslar, denizci danslar\u0131 temel olmak \u00fczere zaman zaman bunlar\u0131n birbiriyle kombinelerinden olu\u015fan danslar\u0131 da kullan\u0131lm\u0131\u015ft\u0131r.<\/p>\n<p>\u00a0<\/p>\n<p><embed type=\"application\/x-shockwave-flash\" width=\"400\" height=\"300\" src=\"http:\/\/www.humyo.com\/E\/10422871-281475394700291\/10422871-281475394700333\/10422871-281475394700369\/10422871-281475394700409\/10422871-281475394700433\/10422871-281475394700465\/10422871-281475394700487\/10422871-281475394700535\/10422871-281475394700557\/10422871-281475394700591\/10422871-281475394700617\/10422871-281475394700651\/10422871-281475394700687\/10422871-281475394700711\/10422871-281475394700759\/10422871-281475394700793\/10422871-281475394700831\/10422871-281475394700865?a=y5P45uPYP40%2Cr-J0QH3xkJU%2CscwDnCieVk0%2C2w6fQGlKQf0%2CTH-S22yXNpY%2Cossi0BmOpJo%2C0yxOF4FYfwQ%2Cp_Li_UFuwoY%2CQ08WKVsB06Y%2CDmAA9sQSbIU%2CJFPU2TOQc9c%2CyU7axqloSdw%2CfUAu5oT9X4o%2CVVcZlKOEYUw%2CSHwIilKoKdU%2C99jkes0TG6E%2CoIn948rnCUo%2CA1qMTSCO_Sc\" flashvars=\"autostart=true&amp;usefullscreen=true&amp;\" allowfullscreen=\"true\"><\/embed><\/p>\n","protected":false},"excerpt":{"rendered":"<p>K\u0131z\u0131l Ordu Korosu 1928 y\u0131l\u0131nda Moskova Merkez Ordu Kul\u00fcb\u00fc&#8217;nde ilk \u015feklini alm\u0131\u015ft\u0131r. K\u0131z\u0131l Ordu Korosu ad\u0131 alt\u0131nda oniki asker, bir vokal, bir akordiyon, 2 dans\u00e7\u0131 ve bir anlat\u0131c\u0131 bulunmaktad\u0131r. \u0130lk resmi g\u00f6sterilerini 12 Ekim 1928&#8217;de Orkestran\u0131n 1929 y\u0131l\u0131nda koro Sovyetler Birli\u011fi&#8217;nin Uzak Do\u011fu b\u00f6lgesinde demiryolu in\u015fa eden askerleri ziyaret ederek konserler verirler. De\u011fi\u015fik birliklerden insanlardan [&hellip;]<\/p>\n","protected":false},"author":1,"featured_media":0,"comment_status":"open","ping_status":"open","sticky":false,"template":"","format":"standard","meta":{"footnotes":""},"categories":[127],"tags":[],"class_list":{"0":"post-4245","1":"post","2":"type-post","3":"status-publish","4":"format-standard","6":"category-muzik-gruplari"},"yoast_head":"<!-- This site is optimized with the Yoast SEO Premium plugin v24.9 (Yoast SEO v24.9) - https:\/\/yoast.com\/wordpress\/plugins\/seo\/ -->\n<title>Sovyetler K\u0131z\u0131l Ordu Korosu ve \u015eark\u0131lar\u0131 - narteks.net<\/title>\n<meta name=\"robots\" content=\"index, follow, max-snippet:-1, max-image-preview:large, max-video-preview:-1\" \/>\n<link rel=\"canonical\" href=\"https:\/\/narteks.net\/index.php\/2010\/02\/22\/sovyetler-kizil-ordu-korosu-ve-sarkilari\/\" \/>\n<meta property=\"og:locale\" content=\"tr_TR\" \/>\n<meta property=\"og:type\" content=\"article\" \/>\n<meta property=\"og:title\" content=\"Sovyetler K\u0131z\u0131l Ordu Korosu ve \u015eark\u0131lar\u0131\" \/>\n<meta property=\"og:description\" content=\"K\u0131z\u0131l Ordu Korosu 1928 y\u0131l\u0131nda Moskova Merkez Ordu Kul\u00fcb\u00fc&#8217;nde ilk \u015feklini alm\u0131\u015ft\u0131r. K\u0131z\u0131l Ordu Korosu ad\u0131 alt\u0131nda oniki asker, bir vokal, bir akordiyon, 2 dans\u00e7\u0131 ve bir anlat\u0131c\u0131 bulunmaktad\u0131r. \u0130lk resmi g\u00f6sterilerini 12 Ekim 1928&#8217;de Orkestran\u0131n 1929 y\u0131l\u0131nda koro Sovyetler Birli\u011fi&#8217;nin Uzak Do\u011fu b\u00f6lgesinde demiryolu in\u015fa eden askerleri ziyaret ederek konserler verirler. De\u011fi\u015fik birliklerden insanlardan [&hellip;]\" \/>\n<meta property=\"og:url\" content=\"https:\/\/narteks.net\/index.php\/2010\/02\/22\/sovyetler-kizil-ordu-korosu-ve-sarkilari\/\" \/>\n<meta property=\"og:site_name\" content=\"narteks.net\" \/>\n<meta property=\"article:published_time\" content=\"2010-02-22T07:26:55+00:00\" \/>\n<meta property=\"og:image\" content=\"http:\/\/upload.wikimedia.org\/wikipedia\/tr\/8\/85\/K%C4%B1z%C4%B1l_Ordu_Korosu_armas%C4%B1.jpg\" \/>\n<meta name=\"author\" content=\"Tar\u0131k\" \/>\n<meta name=\"twitter:card\" content=\"summary_large_image\" \/>\n<meta name=\"twitter:creator\" content=\"@narteks\" \/>\n<meta name=\"twitter:site\" content=\"@narteks\" \/>\n<meta name=\"twitter:label1\" content=\"Yazan:\" \/>\n\t<meta name=\"twitter:data1\" content=\"Tar\u0131k\" \/>\n\t<meta name=\"twitter:label2\" content=\"Tahmini okuma s\u00fcresi\" \/>\n\t<meta name=\"twitter:data2\" content=\"2 dakika\" \/>\n<script type=\"application\/ld+json\" class=\"yoast-schema-graph\">{\"@context\":\"https:\/\/schema.org\",\"@graph\":[{\"@type\":\"Article\",\"@id\":\"https:\/\/narteks.net\/index.php\/2010\/02\/22\/sovyetler-kizil-ordu-korosu-ve-sarkilari\/#article\",\"isPartOf\":{\"@id\":\"https:\/\/narteks.net\/index.php\/2010\/02\/22\/sovyetler-kizil-ordu-korosu-ve-sarkilari\/\"},\"author\":{\"name\":\"Tar\u0131k\",\"@id\":\"https:\/\/narteks.net\/#\/schema\/person\/61f37d9834294b72d31d274e7ed79bca\"},\"headline\":\"Sovyetler K\u0131z\u0131l Ordu Korosu ve \u015eark\u0131lar\u0131\",\"datePublished\":\"2010-02-22T07:26:55+00:00\",\"mainEntityOfPage\":{\"@id\":\"https:\/\/narteks.net\/index.php\/2010\/02\/22\/sovyetler-kizil-ordu-korosu-ve-sarkilari\/\"},\"wordCount\":376,\"commentCount\":0,\"publisher\":{\"@id\":\"https:\/\/narteks.net\/#organization\"},\"image\":{\"@id\":\"https:\/\/narteks.net\/index.php\/2010\/02\/22\/sovyetler-kizil-ordu-korosu-ve-sarkilari\/#primaryimage\"},\"thumbnailUrl\":\"http:\/\/upload.wikimedia.org\/wikipedia\/tr\/8\/85\/K%C4%B1z%C4%B1l_Ordu_Korosu_armas%C4%B1.jpg\",\"articleSection\":[\"M\u00fczik Gruplar\u0131\"],\"inLanguage\":\"tr\",\"potentialAction\":[{\"@type\":\"CommentAction\",\"name\":\"Comment\",\"target\":[\"https:\/\/narteks.net\/index.php\/2010\/02\/22\/sovyetler-kizil-ordu-korosu-ve-sarkilari\/#respond\"]}]},{\"@type\":\"WebPage\",\"@id\":\"https:\/\/narteks.net\/index.php\/2010\/02\/22\/sovyetler-kizil-ordu-korosu-ve-sarkilari\/\",\"url\":\"https:\/\/narteks.net\/index.php\/2010\/02\/22\/sovyetler-kizil-ordu-korosu-ve-sarkilari\/\",\"name\":\"Sovyetler K\u0131z\u0131l Ordu Korosu ve \u015eark\u0131lar\u0131 - narteks.net\",\"isPartOf\":{\"@id\":\"https:\/\/narteks.net\/#website\"},\"primaryImageOfPage\":{\"@id\":\"https:\/\/narteks.net\/index.php\/2010\/02\/22\/sovyetler-kizil-ordu-korosu-ve-sarkilari\/#primaryimage\"},\"image\":{\"@id\":\"https:\/\/narteks.net\/index.php\/2010\/02\/22\/sovyetler-kizil-ordu-korosu-ve-sarkilari\/#primaryimage\"},\"thumbnailUrl\":\"http:\/\/upload.wikimedia.org\/wikipedia\/tr\/8\/85\/K%C4%B1z%C4%B1l_Ordu_Korosu_armas%C4%B1.jpg\",\"datePublished\":\"2010-02-22T07:26:55+00:00\",\"breadcrumb\":{\"@id\":\"https:\/\/narteks.net\/index.php\/2010\/02\/22\/sovyetler-kizil-ordu-korosu-ve-sarkilari\/#breadcrumb\"},\"inLanguage\":\"tr\",\"potentialAction\":[{\"@type\":\"ReadAction\",\"target\":[\"https:\/\/narteks.net\/index.php\/2010\/02\/22\/sovyetler-kizil-ordu-korosu-ve-sarkilari\/\"]}]},{\"@type\":\"ImageObject\",\"inLanguage\":\"tr\",\"@id\":\"https:\/\/narteks.net\/index.php\/2010\/02\/22\/sovyetler-kizil-ordu-korosu-ve-sarkilari\/#primaryimage\",\"url\":\"http:\/\/upload.wikimedia.org\/wikipedia\/tr\/8\/85\/K%C4%B1z%C4%B1l_Ordu_Korosu_armas%C4%B1.jpg\",\"contentUrl\":\"http:\/\/upload.wikimedia.org\/wikipedia\/tr\/8\/85\/K%C4%B1z%C4%B1l_Ordu_Korosu_armas%C4%B1.jpg\"},{\"@type\":\"BreadcrumbList\",\"@id\":\"https:\/\/narteks.net\/index.php\/2010\/02\/22\/sovyetler-kizil-ordu-korosu-ve-sarkilari\/#breadcrumb\",\"itemListElement\":[{\"@type\":\"ListItem\",\"position\":1,\"name\":\"Anasayfa\",\"item\":\"https:\/\/narteks.net\/\"},{\"@type\":\"ListItem\",\"position\":2,\"name\":\"Sovyetler K\u0131z\u0131l Ordu Korosu ve \u015eark\u0131lar\u0131\"}]},{\"@type\":\"WebSite\",\"@id\":\"https:\/\/narteks.net\/#website\",\"url\":\"https:\/\/narteks.net\/\",\"name\":\"narteks.net\",\"description\":\"K\u00fclt\u00fcr Sanat Edebiyat Felsefe\",\"publisher\":{\"@id\":\"https:\/\/narteks.net\/#organization\"},\"alternateName\":\"K\u00fclt\u00fcr Sanat Edebiyat Felsefe\",\"potentialAction\":[{\"@type\":\"SearchAction\",\"target\":{\"@type\":\"EntryPoint\",\"urlTemplate\":\"https:\/\/narteks.net\/?s={search_term_string}\"},\"query-input\":{\"@type\":\"PropertyValueSpecification\",\"valueRequired\":true,\"valueName\":\"search_term_string\"}}],\"inLanguage\":\"tr\"},{\"@type\":\"Organization\",\"@id\":\"https:\/\/narteks.net\/#organization\",\"name\":\"narteks.net\",\"url\":\"https:\/\/narteks.net\/\",\"logo\":{\"@type\":\"ImageObject\",\"inLanguage\":\"tr\",\"@id\":\"https:\/\/narteks.net\/#\/schema\/logo\/image\/\",\"url\":\"https:\/\/narteks.net\/wp-content\/uploads\/narteks.png\",\"contentUrl\":\"https:\/\/narteks.net\/wp-content\/uploads\/narteks.png\",\"width\":300,\"height\":90,\"caption\":\"narteks.net\"},\"image\":{\"@id\":\"https:\/\/narteks.net\/#\/schema\/logo\/image\/\"},\"sameAs\":[\"https:\/\/x.com\/narteks\",\"https:\/\/instagram.com\/narteksnet\"]},{\"@type\":\"Person\",\"@id\":\"https:\/\/narteks.net\/#\/schema\/person\/61f37d9834294b72d31d274e7ed79bca\",\"name\":\"Tar\u0131k\",\"image\":{\"@type\":\"ImageObject\",\"inLanguage\":\"tr\",\"@id\":\"https:\/\/narteks.net\/#\/schema\/person\/image\/\",\"url\":\"https:\/\/secure.gravatar.com\/avatar\/50865afb55632c4ae467e0af0930f6510aa2297d8014be502a55b14f3b7550cf?s=96&d=mm&r=g\",\"contentUrl\":\"https:\/\/secure.gravatar.com\/avatar\/50865afb55632c4ae467e0af0930f6510aa2297d8014be502a55b14f3b7550cf?s=96&d=mm&r=g\",\"caption\":\"Tar\u0131k\"},\"sameAs\":[\"http:\/\/narteks.net\"],\"url\":\"https:\/\/narteks.net\/index.php\/author\/narbak\/\"}]}<\/script>\n<!-- \/ Yoast SEO Premium plugin. -->","yoast_head_json":{"title":"Sovyetler K\u0131z\u0131l Ordu Korosu ve \u015eark\u0131lar\u0131 - narteks.net","robots":{"index":"index","follow":"follow","max-snippet":"max-snippet:-1","max-image-preview":"max-image-preview:large","max-video-preview":"max-video-preview:-1"},"canonical":"https:\/\/narteks.net\/index.php\/2010\/02\/22\/sovyetler-kizil-ordu-korosu-ve-sarkilari\/","og_locale":"tr_TR","og_type":"article","og_title":"Sovyetler K\u0131z\u0131l Ordu Korosu ve \u015eark\u0131lar\u0131","og_description":"K\u0131z\u0131l Ordu Korosu 1928 y\u0131l\u0131nda Moskova Merkez Ordu Kul\u00fcb\u00fc&#8217;nde ilk \u015feklini alm\u0131\u015ft\u0131r. K\u0131z\u0131l Ordu Korosu ad\u0131 alt\u0131nda oniki asker, bir vokal, bir akordiyon, 2 dans\u00e7\u0131 ve bir anlat\u0131c\u0131 bulunmaktad\u0131r. \u0130lk resmi g\u00f6sterilerini 12 Ekim 1928&#8217;de Orkestran\u0131n 1929 y\u0131l\u0131nda koro Sovyetler Birli\u011fi&#8217;nin Uzak Do\u011fu b\u00f6lgesinde demiryolu in\u015fa eden askerleri ziyaret ederek konserler verirler. De\u011fi\u015fik birliklerden insanlardan [&hellip;]","og_url":"https:\/\/narteks.net\/index.php\/2010\/02\/22\/sovyetler-kizil-ordu-korosu-ve-sarkilari\/","og_site_name":"narteks.net","article_published_time":"2010-02-22T07:26:55+00:00","og_image":[{"url":"http:\/\/upload.wikimedia.org\/wikipedia\/tr\/8\/85\/K%C4%B1z%C4%B1l_Ordu_Korosu_armas%C4%B1.jpg","type":"","width":"","height":""}],"author":"Tar\u0131k","twitter_card":"summary_large_image","twitter_creator":"@narteks","twitter_site":"@narteks","twitter_misc":{"Yazan:":"Tar\u0131k","Tahmini okuma s\u00fcresi":"2 dakika"},"schema":{"@context":"https:\/\/schema.org","@graph":[{"@type":"Article","@id":"https:\/\/narteks.net\/index.php\/2010\/02\/22\/sovyetler-kizil-ordu-korosu-ve-sarkilari\/#article","isPartOf":{"@id":"https:\/\/narteks.net\/index.php\/2010\/02\/22\/sovyetler-kizil-ordu-korosu-ve-sarkilari\/"},"author":{"name":"Tar\u0131k","@id":"https:\/\/narteks.net\/#\/schema\/person\/61f37d9834294b72d31d274e7ed79bca"},"headline":"Sovyetler K\u0131z\u0131l Ordu Korosu ve \u015eark\u0131lar\u0131","datePublished":"2010-02-22T07:26:55+00:00","mainEntityOfPage":{"@id":"https:\/\/narteks.net\/index.php\/2010\/02\/22\/sovyetler-kizil-ordu-korosu-ve-sarkilari\/"},"wordCount":376,"commentCount":0,"publisher":{"@id":"https:\/\/narteks.net\/#organization"},"image":{"@id":"https:\/\/narteks.net\/index.php\/2010\/02\/22\/sovyetler-kizil-ordu-korosu-ve-sarkilari\/#primaryimage"},"thumbnailUrl":"http:\/\/upload.wikimedia.org\/wikipedia\/tr\/8\/85\/K%C4%B1z%C4%B1l_Ordu_Korosu_armas%C4%B1.jpg","articleSection":["M\u00fczik Gruplar\u0131"],"inLanguage":"tr","potentialAction":[{"@type":"CommentAction","name":"Comment","target":["https:\/\/narteks.net\/index.php\/2010\/02\/22\/sovyetler-kizil-ordu-korosu-ve-sarkilari\/#respond"]}]},{"@type":"WebPage","@id":"https:\/\/narteks.net\/index.php\/2010\/02\/22\/sovyetler-kizil-ordu-korosu-ve-sarkilari\/","url":"https:\/\/narteks.net\/index.php\/2010\/02\/22\/sovyetler-kizil-ordu-korosu-ve-sarkilari\/","name":"Sovyetler K\u0131z\u0131l Ordu Korosu ve \u015eark\u0131lar\u0131 - narteks.net","isPartOf":{"@id":"https:\/\/narteks.net\/#website"},"primaryImageOfPage":{"@id":"https:\/\/narteks.net\/index.php\/2010\/02\/22\/sovyetler-kizil-ordu-korosu-ve-sarkilari\/#primaryimage"},"image":{"@id":"https:\/\/narteks.net\/index.php\/2010\/02\/22\/sovyetler-kizil-ordu-korosu-ve-sarkilari\/#primaryimage"},"thumbnailUrl":"http:\/\/upload.wikimedia.org\/wikipedia\/tr\/8\/85\/K%C4%B1z%C4%B1l_Ordu_Korosu_armas%C4%B1.jpg","datePublished":"2010-02-22T07:26:55+00:00","breadcrumb":{"@id":"https:\/\/narteks.net\/index.php\/2010\/02\/22\/sovyetler-kizil-ordu-korosu-ve-sarkilari\/#breadcrumb"},"inLanguage":"tr","potentialAction":[{"@type":"ReadAction","target":["https:\/\/narteks.net\/index.php\/2010\/02\/22\/sovyetler-kizil-ordu-korosu-ve-sarkilari\/"]}]},{"@type":"ImageObject","inLanguage":"tr","@id":"https:\/\/narteks.net\/index.php\/2010\/02\/22\/sovyetler-kizil-ordu-korosu-ve-sarkilari\/#primaryimage","url":"http:\/\/upload.wikimedia.org\/wikipedia\/tr\/8\/85\/K%C4%B1z%C4%B1l_Ordu_Korosu_armas%C4%B1.jpg","contentUrl":"http:\/\/upload.wikimedia.org\/wikipedia\/tr\/8\/85\/K%C4%B1z%C4%B1l_Ordu_Korosu_armas%C4%B1.jpg"},{"@type":"BreadcrumbList","@id":"https:\/\/narteks.net\/index.php\/2010\/02\/22\/sovyetler-kizil-ordu-korosu-ve-sarkilari\/#breadcrumb","itemListElement":[{"@type":"ListItem","position":1,"name":"Anasayfa","item":"https:\/\/narteks.net\/"},{"@type":"ListItem","position":2,"name":"Sovyetler K\u0131z\u0131l Ordu Korosu ve \u015eark\u0131lar\u0131"}]},{"@type":"WebSite","@id":"https:\/\/narteks.net\/#website","url":"https:\/\/narteks.net\/","name":"narteks.net","description":"K\u00fclt\u00fcr Sanat Edebiyat Felsefe","publisher":{"@id":"https:\/\/narteks.net\/#organization"},"alternateName":"K\u00fclt\u00fcr Sanat Edebiyat Felsefe","potentialAction":[{"@type":"SearchAction","target":{"@type":"EntryPoint","urlTemplate":"https:\/\/narteks.net\/?s={search_term_string}"},"query-input":{"@type":"PropertyValueSpecification","valueRequired":true,"valueName":"search_term_string"}}],"inLanguage":"tr"},{"@type":"Organization","@id":"https:\/\/narteks.net\/#organization","name":"narteks.net","url":"https:\/\/narteks.net\/","logo":{"@type":"ImageObject","inLanguage":"tr","@id":"https:\/\/narteks.net\/#\/schema\/logo\/image\/","url":"https:\/\/narteks.net\/wp-content\/uploads\/narteks.png","contentUrl":"https:\/\/narteks.net\/wp-content\/uploads\/narteks.png","width":300,"height":90,"caption":"narteks.net"},"image":{"@id":"https:\/\/narteks.net\/#\/schema\/logo\/image\/"},"sameAs":["https:\/\/x.com\/narteks","https:\/\/instagram.com\/narteksnet"]},{"@type":"Person","@id":"https:\/\/narteks.net\/#\/schema\/person\/61f37d9834294b72d31d274e7ed79bca","name":"Tar\u0131k","image":{"@type":"ImageObject","inLanguage":"tr","@id":"https:\/\/narteks.net\/#\/schema\/person\/image\/","url":"https:\/\/secure.gravatar.com\/avatar\/50865afb55632c4ae467e0af0930f6510aa2297d8014be502a55b14f3b7550cf?s=96&d=mm&r=g","contentUrl":"https:\/\/secure.gravatar.com\/avatar\/50865afb55632c4ae467e0af0930f6510aa2297d8014be502a55b14f3b7550cf?s=96&d=mm&r=g","caption":"Tar\u0131k"},"sameAs":["http:\/\/narteks.net"],"url":"https:\/\/narteks.net\/index.php\/author\/narbak\/"}]}},"_links":{"self":[{"href":"https:\/\/narteks.net\/index.php\/wp-json\/wp\/v2\/posts\/4245","targetHints":{"allow":["GET"]}}],"collection":[{"href":"https:\/\/narteks.net\/index.php\/wp-json\/wp\/v2\/posts"}],"about":[{"href":"https:\/\/narteks.net\/index.php\/wp-json\/wp\/v2\/types\/post"}],"author":[{"embeddable":true,"href":"https:\/\/narteks.net\/index.php\/wp-json\/wp\/v2\/users\/1"}],"replies":[{"embeddable":true,"href":"https:\/\/narteks.net\/index.php\/wp-json\/wp\/v2\/comments?post=4245"}],"version-history":[{"count":0,"href":"https:\/\/narteks.net\/index.php\/wp-json\/wp\/v2\/posts\/4245\/revisions"}],"wp:attachment":[{"href":"https:\/\/narteks.net\/index.php\/wp-json\/wp\/v2\/media?parent=4245"}],"wp:term":[{"taxonomy":"category","embeddable":true,"href":"https:\/\/narteks.net\/index.php\/wp-json\/wp\/v2\/categories?post=4245"},{"taxonomy":"post_tag","embeddable":true,"href":"https:\/\/narteks.net\/index.php\/wp-json\/wp\/v2\/tags?post=4245"}],"curies":[{"name":"wp","href":"https:\/\/api.w.org\/{rel}","templated":true}]}}