{"id":4246,"date":"2010-02-22T12:21:45","date_gmt":"2010-02-22T09:21:45","guid":{"rendered":"http:\/\/localhost\/wordpress\/2010\/02\/22\/siz-olu-degil-misiniz-avci-gracchus-franz-kafka\/"},"modified":"2010-02-22T12:21:45","modified_gmt":"2010-02-22T09:21:45","slug":"siz-olu-degil-misiniz-avci-gracchus-franz-kafka","status":"publish","type":"post","link":"https:\/\/narteks.net\/index.php\/2010\/02\/22\/siz-olu-degil-misiniz-avci-gracchus-franz-kafka\/","title":{"rendered":"Siz \u00f6l\u00fc de\u011fil misiniz? | Avc\u0131 Gracchus &#8211; Franz Kafka"},"content":{"rendered":"<p style=\"text-align: justify;\"><img loading=\"lazy\" decoding=\"async\" src=\"http:\/\/fcom.us.es\/blogs\/vazquezmedel\/files\/2009\/03\/franz-kafka.jpg\" border=\"0\" width=\"155\" height=\"205\" style=\"float: left;\" \/>\u0130ki o\u011flan \u00e7ocu\u011fu r\u0131ht\u0131m duvar\u0131n\u0131n \u00fcst\u00fcne oturmu\u015f zar at\u0131yorlard\u0131. Adam\u0131n biri, bir heykelin basamaklar\u0131 \u00fcst\u00fcnde, k\u0131l\u0131\u00e7 sallayan kahraman\u0131n g\u00f6lgesinde gazete okuyordu. K\u0131z\u0131n biri \u00e7e\u015fme ba\u015f\u0131nda bakrac\u0131na su dolduruyordu. Bir meyve sat\u0131c\u0131s\u0131 mal\u0131n\u0131n yan\u0131 ba\u015f\u0131na uzanm\u0131\u015f g\u00f6l\u00fc seyrediyordu. Bir meyhanenin i\u00e7 taraf\u0131nda iki adam\u0131n \u015farap i\u00e7ti\u011fi, a\u00e7\u0131k kap\u0131 ve pencere deliklerinden bak\u0131nca g\u00f6r\u00fcl\u00fcyordu. Meyhaneci \u00f6n tarafta bir masada oturmu\u015f kestiriyordu. Bir kay\u0131k, suyun \u00fcst\u00fcnde ta\u015f\u0131yorlarm\u0131\u015f gibi yava\u015f\u00e7a, k\u00fc\u00e7\u00fck limana giriyordu. Mavi giysili bir adam karaya \u00e7\u0131kt\u0131 ve halatlar\u0131 halkalara ge\u00e7irdi. G\u00fcm\u00fc\u015f d\u00fc\u011fmeli siyah elbise giymi\u015f \u00f6teki iki adam da, kay\u0131k\u00e7\u0131n\u0131n arkas\u0131nda bir sedye ta\u015f\u0131yordu; sedyede, iri \u00e7i\u00e7ek \u00f6rnekleriyle s\u00fcsl\u00fc, kenarlar\u0131 p\u00fcsk\u00fcll\u00fc ipek bir \u00f6rt\u00fcn\u00fcn alt\u0131nda bir insan\u0131n yatt\u0131\u011f\u0131 anla\u015f\u0131l\u0131yordu.<\/p>\n<p style=\"text-align: justify;\">R\u0131ht\u0131mda hi\u00e7 kimse bu yeni gelen ki\u015filerle ilgilenmedi; hen\u00fcz halatlarla u\u011fra\u015fan sandal kaptan\u0131n\u0131 beklemek i\u00e7in sedyeyi yere koyduklar\u0131nda bile hi\u00e7 kimse onlara yakla\u015fmad\u0131, bir soru y\u00f6neltmedi, dikkatle bakmad\u0131.<\/p>\n<p>Kaptan, kuca\u011f\u0131nda bir \u00e7ocukla ve sa\u00e7lar\u0131 da\u011f\u0131n\u0131k halde sandalda beliren bir kad\u0131n y\u00fcz\u00fcnden biraz daha oyaland\u0131. Sonra bu yana geldi, sol tarafta suyun yak\u0131n\u0131nda, yukar\u0131 dosdo\u011fru y\u00fckselen sar\u0131ms\u0131, iki katl\u0131 bir binay\u0131 g\u00f6sterdi, ta\u015f\u0131y\u0131c\u0131lar sedyeyi kald\u0131rd\u0131lar ve al\u00e7ak, ama ince s\u00fctunlardan olu\u015fan bir kap\u0131dan i\u00e7eri g\u00f6t\u00fcrd\u00fcler. K\u00fc\u00e7\u00fck bir o\u011flan pencerenin birini a\u00e7t\u0131, ta\u015f\u0131y\u0131c\u0131lar\u0131n evde g\u00f6zden kayboldu\u011funu g\u00f6r\u00fcnce \u00e7abucak pencereyi gene kapatt\u0131. Ard\u0131ndan kap\u0131 da kapand\u0131; kap\u0131 siyah me\u015fe a\u011fac\u0131ndan \u00f6zenle yap\u0131lm\u0131\u015ft\u0131. O ana kadar \u00e7an kulesinin etraf\u0131nda u\u00e7u\u015fan bir g\u00fcvercin s\u00fcr\u00fcs\u00fc evin \u00f6n\u00fcne kondu. G\u00fcvercinler yemleri bu evde saklan\u0131yormu\u015f gibi, kap\u0131n\u0131n \u00f6n\u00fcne topland\u0131lar. Bir tanesi birinci kata kadar u\u00e7tu ve pencerenin cam\u0131n\u0131 gagalad\u0131. Bunlar a\u00e7\u0131k renkli, bak\u0131ml\u0131, canl\u0131 hayvanlard\u0131. Sandaldaki kad\u0131n engin bir hareketle g\u00fcvercinlere yem att\u0131, onlar da yem tanelerini toplad\u0131lar ve sonra kad\u0131na do\u011fru u\u00e7tular.<\/p>\n<p>Silindir \u015fapkas\u0131nda siyah matem band\u0131 bulunan bir adam, limana giden dar ve dik sokaklardan birinden indi. Dikkatle etraf\u0131na bak\u0131nd\u0131, buradaki her \u015fey can\u0131n\u0131 s\u0131kt\u0131, bir k\u00f6\u015fede bulunan \u00e7\u00f6plerin g\u00f6r\u00fcn\u00fcm\u00fc kar\u015f\u0131s\u0131nda y\u00fcz\u00fcn\u00fc buru\u015fturdu. Heykelin basamaklar\u0131 \u00fcst\u00fcnde meyve kabuklar\u0131 vard\u0131, ge\u00e7erken bastonu ile bunlar\u0131 a\u015fa\u011f\u0131 do\u011fru itti. Odan\u0131n kap\u0131s\u0131n\u0131 vurdu, ayn\u0131 zamanda da silindir \u015fapkay\u0131 siyah eldivenli sa\u011f eline ald\u0131. Kap\u0131 hemen a\u00e7\u0131ld\u0131, say\u0131lar\u0131 elliyi bulan k\u00fc\u00e7\u00fck o\u011flan uzun koridorda bir halka olu\u015fturdular ve e\u011filerek selamlad\u0131lar.<\/p>\n<p>Sandal\u0131n kaptan\u0131 evin merdiveninden a\u015fa\u011f\u0131 indi, adam\u0131 selamlad\u0131, yukar\u0131 \u00e7\u0131kard\u0131, birinci katta onunla birlikte ince yap\u0131l\u0131, s\u00fcsl\u00fc localarla \u00e7evrili avluyu dola\u015ft\u0131 ve ikisi de, o\u011flanlar sayg\u0131 i\u015fareti anlam\u0131na gelen bir uzakl\u0131k b\u0131rakarak arkalar\u0131ndan gelirken, evin arka taraf\u0131ndaki serin ve b\u00fcy\u00fck bir odaya girdiler; bunun kar\u015f\u0131s\u0131nda ba\u015fka ev yoktu, yaln\u0131z \u00e7\u0131plak, gri siyah bir kaya duvar\u0131 g\u00f6ze \u00e7arp\u0131yordu. Sedyeciler, sedyenin ba\u015f taraf\u0131na birka\u00e7 uzun mumu dikmek ve yakmak i\u015fiyle u\u011fra\u015f\u0131yorlard\u0131, ama bunun sonucu ayd\u0131nl\u0131k meydana gelmedi, yaln\u0131zca bi\u00e7imsel olarak \u00f6nceden var olan g\u00f6lgeler k\u0131p\u0131rdad\u0131 ve duvarlarda oyna\u015ft\u0131. Sedyenin \u00fcst\u00fcnden \u00f6rt\u00fcy\u00fc kald\u0131rd\u0131lar, i\u00e7inde sa\u00e7\u0131 sakal\u0131 yabans\u0131 bi\u00e7imde birbirine kar\u0131\u015fm\u0131\u015f, teni g\u00fcne\u015fte yanm\u0131\u015f, galiba avc\u0131ya benzeyen bir adam yat\u0131yordu. Hareketsiz yat\u0131yordu, g\u00f6r\u00fcld\u00fc\u011f\u00fc kadar\u0131 ile soluk alm\u0131yordu, g\u00f6zleri kapal\u0131yd\u0131, gene de onun bir \u00f6l\u00fc olabilece\u011fini yaln\u0131zca \u00e7evresi sezdiriyordu.<\/p>\n<p>Adam sedyeye yakla\u015ft\u0131, elini orada yatan\u0131n aln\u0131na koydu, sonra diz \u00e7\u00f6k\u00fcp dua etti. Kay\u0131k\u00e7\u0131 oday\u0131 terk etmeleri i\u00e7in ta\u015f\u0131y\u0131c\u0131lara i\u015faret verdi, \u00e7\u0131kt\u0131lar, d\u0131\u015farda toplanm\u0131\u015f olan \u00e7ocuklar\u0131 da\u011f\u0131tt\u0131lar ve kap\u0131y\u0131 kapad\u0131lar. Ancak bu kadar sessizlik adama h\u00e2l\u00e2 daha yeterli g\u00f6r\u00fcnm\u00fcyordu, kay\u0131k\u00e7\u0131ya bakt\u0131, kay\u0131k\u00e7\u0131 anlad\u0131 ve yan kap\u0131dan biti\u015fik odaya ge\u00e7ti. Sedyedeki adam derhal g\u00f6zlerini a\u00e7t\u0131, y\u00fcz\u00fcn\u00fc adama \u00e7evirdi ve sordu: &#8220;Sen kimsin?&#8221; &#8211; Adam \u015fa\u015fk\u0131nl\u0131k belirtisi g\u00f6stermeden yukar\u0131 do\u011fruldu ve yan\u0131tlad\u0131: &#8220;Riva Belediye Ba\u015fkan\u0131.&#8221;<\/p>\n<p>Sedyedeki adam ba\u015f\u0131n\u0131 sallad\u0131, bitkin bir halde kolunu uzatarak, bir koltu\u011fu g\u00f6sterdi ve Belediye iste\u011fini yerine getirdikten sonra konu\u015ftu: &#8220;Biliyordum, say\u0131n Ba\u015fkan, ama ilk anda hepsini unuttum, \u00e7evrede her \u015fey benimle ilgili ve hepsini biliyorsam da, sorsam daha iyi olacak. Belki siz de biliyorsunuz, ben avc\u0131 Gracchus&#8217;um.&#8221;<\/p>\n<p>&#8220;Ku\u015fkusuz&#8221;, dedi Belediye Ba\u015fkan\u0131. &#8220;Bu gece sizi bana haber verdiler. \u00c7oktan uyumu\u015ftuk. Gece yar\u0131s\u0131na do\u011fru kar\u0131m seslendi: &#8220;Salvatora&#8221;, -bu benim ad\u0131m- &#8220;penceredeki g\u00fcvercine bak!&#8221; Ger\u00e7ekten de bir g\u00fcvercindi, ama horoz kadar b\u00fcy\u00fckt\u00fc. Kula\u011f\u0131ma do\u011fru u\u00e7tu ve \u015funu dedi: &#8216;\u00d6l\u00fc avc\u0131 Gracchus yar\u0131n geliyor, kent ad\u0131na onu kar\u015f\u0131la.'&#8221;<\/p>\n<p>Avc\u0131 ba\u015f\u0131n\u0131 sallad\u0131 ve dilinin ucunu dudaklar\u0131n\u0131n aras\u0131na koydu: &#8220;Evet, g\u00fcvercinler benim \u00f6n\u00fcmden gidiyor. Peki, say\u0131n Ba\u015fkan, Riva&#8217;da kalaca\u011f\u0131ma inan\u0131yor musunuz?&#8221;<\/p>\n<p>&#8220;Bunu hen\u00fcz s\u00f6yleyemem&#8221;, diye yan\u0131tlad\u0131 Belediye Ba\u015fkan\u0131. &#8220;Siz \u00f6l\u00fc de\u011fil misiniz?&#8221;<\/p>\n<p>&#8220;\u00d6l\u00fcy\u00fcm&#8221;, dedi avc\u0131, &#8220;g\u00f6r\u00fcyorsunuz. Y\u0131llar \u00f6nce, aradan \u00e7ok y\u0131llar ge\u00e7mi\u015f olmas\u0131 gerekir, Kara Ormanda -bu yer Almanya&#8217;da-bir Alp ke\u00e7isini kovalarken kayalardan a\u015fa\u011f\u0131 d\u00fc\u015ft\u00fcm. Ondan bu yana \u00f6l\u00fcy\u00fcm.&#8221;<\/p>\n<p>&#8220;Ama ayn\u0131 zamanda da ya\u015f\u0131yorsunuz&#8221;, dedi Belediye Ba\u015fkan\u0131.<\/p>\n<p>&#8220;Bir bak\u0131ma \u00f6yle&#8221;, dedi avc\u0131, &#8220;bir bak\u0131ma da ya\u015f\u0131yorum. Beni ta\u015f\u0131yan sandal yolunu \u015fa\u015f\u0131rd\u0131, d\u00fcmencinin yanl\u0131\u015f d\u00f6n\u00fc\u015f\u00fc, kaptan\u0131n bir anl\u0131k dikkatsizli\u011fi, yurdumun g\u00fczelli\u011fi y\u00fcz\u00fcnden dikkatin da\u011f\u0131lmas\u0131; hangisidir bilmiyorum, yaln\u0131z \u015funu biliyorum ki, yery\u00fcz\u00fcnde kald\u0131m ve ondan bu yana kay\u0131\u011f\u0131m d\u00fcnyan\u0131n sular\u0131nda dola\u015f\u0131yor. Ben de, yaln\u0131z da\u011flarda ya\u015famak isteyen bir ki\u015fi, \u00f6l\u00fcm\u00fcmden sonra d\u00fcnyan\u0131n b\u00fct\u00fcn \u00fclkelerini geziyorum.&#8221;<\/p>\n<p>&#8220;\u00d6te tarafta sizden hi\u00e7bir par\u00e7a da yok mu?&#8221; diye sordu Belediye Ba\u015fkan\u0131, aln\u0131n\u0131 buru\u015fturmu\u015ftu.<\/p>\n<p>&#8220;Ben&#8221;, diye yan\u0131tlad\u0131 avc\u0131, &#8220;s\u00fcrekli olarak, yukar\u0131 do\u011fru \u00e7\u0131kan merdivenin \u00fcst\u00fcndeyim. A\u00e7\u0131kta duran bu sonsuz uzunluktaki merdivende bir a\u015fa\u011f\u0131, bir yukar\u0131, bir sa\u011fa, bir sola dola\u015f\u0131p duruyorum, s\u00fcrekli hareket halindeyim. Bu avc\u0131 bir kelebek oldu. G\u00fclmeyin.&#8221;<\/p>\n<p>&#8220;G\u00fclm\u00fcyorum&#8221;, diye itiraz etti Ba\u015fkan.<\/p>\n<p>&#8220;\u00c7ok anlay\u0131\u015fl\u0131s\u0131n\u0131z&#8221;, dedi avc\u0131. &#8220;Hep hareket halindeyim. Ama \u00e7ok ne\u015felenirsem ve yukardaki kap\u0131 kar\u015f\u0131mda par\u0131ldarsa, d\u00fcnyadaki sular\u0131n bir yerinde tek ba\u015f\u0131na duran eski kay\u0131\u011f\u0131mda uyan\u0131yorum. Vaktiyle \u00f6l\u00fc\u015f\u00fcm\u00fcn temel yanl\u0131\u015fl\u0131\u011f\u0131, kamaramda beni \u00e7ep\u00e7evre sar\u0131yor. Kaptan\u0131n kar\u0131s\u0131 Julia, kap\u0131ya vuruyor, k\u0131y\u0131lardan ge\u00e7mekte oldu\u011fumuz \u00fclkenin sabah i\u00e7kisini sedyeme getiriyor. A\u011fa\u00e7 bir kerevet \u00fcst\u00fcnde yat\u0131yorum, \u00fcst\u00fcmde -beni seyretmek hi\u00e7 de ho\u015f bir \u015fey de\u011fil- kirli bir \u00f6l\u00fc g\u00f6mle\u011fi var, sa\u00e7 ve sakal, gri ve siyah, ayr\u0131\u015fmayacak gibi birbirine kar\u0131\u015f\u0131yor, bacaklar\u0131m \u00e7i\u00e7eklerle s\u00fcsl\u00fc, uzun p\u00fcsk\u00fcll\u00fc kocaman bir ipek kad\u0131n \u015fah ile \u00f6rt\u00fcl\u00fc. Ba\u015f taraf\u0131mda bir kilise mumu dikili, bana \u0131\u015f\u0131k veriyor. Kar\u015f\u0131mdaki duvarda k\u00fc\u00e7\u00fck bir resim var, herhalde ilkel bir Afrikal\u0131, karg\u0131s\u0131yla bana ni\u015fan al\u0131yor ve \u00e7ok g\u00fczel boyanm\u0131\u015f bir kalkan\u0131n ard\u0131nda olabildi\u011fince saklan\u0131yor. Gemilerde baz\u0131 ahmak\u00e7a resimlere rastlan\u0131r ya, bu onlar\u0131n en ahmak\u00e7as\u0131. Bunun d\u0131\u015f\u0131nda a\u011fa\u00e7 kafesimde bir \u015fey yok. Yan duvar\u0131n bir deli\u011finden g\u00fcney gecelerinin s\u0131cak havas\u0131 geliyor, eski sandala suyun vuru\u015funu duyuyorum.<\/p>\n<p>Canl\u0131 bir avc\u0131 olarak ya\u015fad\u0131\u011f\u0131m Kara Orman&#8217;da, Alp ke\u00e7isini kovalarken kayadan d\u00fc\u015ft\u00fc\u011f\u00fcm g\u00fcnden beri burada yat\u0131yorum. Her \u015fey bir s\u0131raya g\u00f6re olu\u015ftu. Kovalad\u0131m, d\u00fc\u015ft\u00fcm, u\u00e7urumda kan kaybettim, \u00f6ld\u00fcm ve sandal beni \u00f6te tarafa g\u00f6t\u00fcrecekti. Bu kerevete ilk kez nas\u0131l ne\u015feyle uzand\u0131\u011f\u0131m\u0131 an\u0131ms\u0131yorum. Da\u011flar hi\u00e7bir zaman benden, o zamanki bu yar\u0131 karanl\u0131k duvarlar\u0131n duydu\u011fu \u015fark\u0131y\u0131 duymad\u0131.<\/p>\n<p>Severek ya\u015fad\u0131m ve severek \u00f6ld\u00fcm, kay\u0131\u011fa binmeden \u00f6nce sil\u00e2h, \u00e7anta, her zaman gururla ta\u015f\u0131d\u0131\u011f\u0131m av t\u00fcfe\u011fi gibi berbat \u015feyleri mutlulukla f\u0131rlat\u0131p att\u0131m ve gen\u00e7 bir k\u0131z\u0131n gelinlik giyi\u015fi gibi \u00f6l\u00fc g\u00f6mle\u011fini s\u0131rt\u0131ma ge\u00e7irdim. Buraya yatt\u0131m ve bekledim. Fel\u00e2ket o zaman geldi.&#8221;<\/p>\n<p>&#8220;K\u00f6t\u00fc bir yazg\u0131&#8221;, dedi Belediye Ba\u015fkan\u0131, elini havada kendinden uza\u011fa do\u011fru itti.<\/p>\n<p>&#8220;Peki, sizin bunda hi\u00e7 su\u00e7unuz yok mu?&#8221;<\/p>\n<p>&#8220;Hay\u0131r&#8221;, dedi avc\u0131, &#8220;avc\u0131yd\u0131m, avc\u0131 olmak su\u00e7 mu? Vaktiyle hen\u00fcz kurtlarla dolu olan Kara Orman&#8217;da avc\u0131 olarak bulunuyordum. Pusuya yat\u0131yor, ate\u015f ediyor, vuruyor, deriyi y\u00fcz\u00fcyordum, bu su\u00e7 mu? \u0130\u015fim be\u011feniliyordu. &#8216;Kara Orman&#8217;\u0131n b\u00fcy\u00fck avc\u0131s\u0131&#8217; diyorlard\u0131 bana. Bu su\u00e7 mu?&#8221;<\/p>\n<p>&#8220;Bu konuda yarg\u0131da bulunmaya yetkili de\u011filim&#8221;, dedi Belediye Ba\u015fkan\u0131, &#8220;ama bence ortada bir su\u00e7 konusu yok. Peki su\u00e7lu kim?&#8221;<\/p>\n<p>&#8220;Kay\u0131k\u00e7\u0131&#8221;, dedi avc\u0131. &#8220;\u015euraya ne yazd\u0131\u011f\u0131m\u0131 hi\u00e7 kimse okumayacak, bana yard\u0131m etmeye kimse gelmeyecek; bana yard\u0131m etmek bir g\u00f6rev olsayd\u0131, b\u00fct\u00fcn evlerin b\u00fct\u00fcn kap\u0131lar\u0131, b\u00fct\u00fcn pencereleri kapal\u0131 kal\u0131rd\u0131, hi\u00e7 kimse yata\u011f\u0131ndan k\u0131p\u0131rdamazd\u0131, hi\u00e7 kimse ba\u015f\u0131n\u0131 yorgan\u0131n d\u0131\u015f\u0131na \u00e7\u0131karmazd\u0131, t\u00fcm d\u00fcnya bir gece bar\u0131na\u011f\u0131 olurdu. Bunun da bir anlam\u0131 var, \u00e7\u00fcnk\u00fc hi\u00e7 kimsenin benden haberi yok ve e\u011fer olsayd\u0131 bile, kald\u0131\u011f\u0131m yeri bilmeyecekti, kald\u0131\u011f\u0131m yeri bilseydi, beni orda al\u0131koymas\u0131n\u0131 bilmeyecekti, bana nas\u0131l yard\u0131m edece\u011fini bilmeyecekti. Bana yard\u0131m etme d\u00fc\u015f\u00fcncesi bir hastal\u0131kt\u0131r ve yaln\u0131z yatakta iyile\u015febilir.<\/p>\n<p>Bunu bildi\u011fim i\u00e7in, \u00fczerinde \u00e7ok durdu\u011fum -\u00f6rne\u011fin tam \u015fimdiki gibi kendimi tutamad\u0131\u011f\u0131m- anlarda bile yard\u0131m gelsin diye hayk\u0131rm\u0131yorum. Ama etraf\u0131ma bak\u0131n\u0131nca ve nerede oldu\u011fumu, y\u00fczy\u0131llard\u0131r -bunu rahatl\u0131kla ileri s\u00fcrebilirim- oturdu\u011fum yeri g\u00f6z \u00f6n\u00fcne al\u0131nca b\u00f6yle d\u00fc\u015f\u00fcnceleri kafamdan atmak yeterli oluyor.&#8221;<\/p>\n<p>&#8220;Ola\u011fan\u00fcst\u00fc&#8221;, dedi Belediye Ba\u015fkan\u0131 &#8220;ola\u011fan\u00fcst\u00fc bir \u015fey. -Peki Riva&#8217;da bizim yan\u0131m\u0131zda kalmay\u0131 d\u00fc\u015f\u00fcn\u00fcyor musunuz?&#8221;<\/p>\n<p>&#8220;D\u00fc\u015f\u00fcnm\u00fcyorum&#8221;, dedi avc\u0131 g\u00fcl\u00fcmseyerek, alayc\u0131l\u0131\u011f\u0131n\u0131 ho\u015f g\u00f6stermek i\u00e7in elini Ba\u015fkan\u0131n dizinin \u00fcst\u00fcne koydu.<\/p>\n<p>&#8220;Ben buraday\u0131m, ba\u015fka bildi\u011fim yok, elimden ba\u015fka bir \u015fey gelmez. Sandal\u0131m\u0131n d\u00fcmeni yok, \u00f6l\u00fcm\u00fcn en a\u015fa\u011f\u0131 b\u00f6lgelerinde esen r\u00fczg\u00e2r onu ta\u015f\u0131yor.&#8221;<\/p>\n<p>FRANZ KAFKA<\/p>\n","protected":false},"excerpt":{"rendered":"<p>\u0130ki o\u011flan \u00e7ocu\u011fu r\u0131ht\u0131m duvar\u0131n\u0131n \u00fcst\u00fcne oturmu\u015f zar at\u0131yorlard\u0131. Adam\u0131n biri, bir heykelin basamaklar\u0131 \u00fcst\u00fcnde, k\u0131l\u0131\u00e7 sallayan kahraman\u0131n g\u00f6lgesinde gazete okuyordu. K\u0131z\u0131n biri \u00e7e\u015fme ba\u015f\u0131nda bakrac\u0131na su dolduruyordu. Bir meyve sat\u0131c\u0131s\u0131 mal\u0131n\u0131n yan\u0131 ba\u015f\u0131na uzanm\u0131\u015f g\u00f6l\u00fc seyrediyordu. Bir meyhanenin i\u00e7 taraf\u0131nda iki adam\u0131n \u015farap i\u00e7ti\u011fi, a\u00e7\u0131k kap\u0131 ve pencere deliklerinden bak\u0131nca g\u00f6r\u00fcl\u00fcyordu. Meyhaneci \u00f6n tarafta [&hellip;]<\/p>\n","protected":false},"author":1,"featured_media":0,"comment_status":"open","ping_status":"open","sticky":false,"template":"","format":"standard","meta":{"footnotes":""},"categories":[138],"tags":[],"class_list":{"0":"post-4246","1":"post","2":"type-post","3":"status-publish","4":"format-standard","6":"category-edebiyat-dunya"},"yoast_head":"<!-- This site is optimized with the Yoast SEO Premium plugin v24.9 (Yoast SEO v24.9) - https:\/\/yoast.com\/wordpress\/plugins\/seo\/ -->\n<title>Siz \u00f6l\u00fc de\u011fil misiniz? | Avc\u0131 Gracchus - Franz Kafka - narteks.net<\/title>\n<meta name=\"robots\" content=\"index, follow, max-snippet:-1, max-image-preview:large, max-video-preview:-1\" \/>\n<link rel=\"canonical\" href=\"https:\/\/narteks.net\/index.php\/2010\/02\/22\/siz-olu-degil-misiniz-avci-gracchus-franz-kafka\/\" \/>\n<meta property=\"og:locale\" content=\"tr_TR\" \/>\n<meta property=\"og:type\" content=\"article\" \/>\n<meta property=\"og:title\" content=\"Siz \u00f6l\u00fc de\u011fil misiniz? | Avc\u0131 Gracchus - Franz Kafka\" \/>\n<meta property=\"og:description\" content=\"\u0130ki o\u011flan \u00e7ocu\u011fu r\u0131ht\u0131m duvar\u0131n\u0131n \u00fcst\u00fcne oturmu\u015f zar at\u0131yorlard\u0131. Adam\u0131n biri, bir heykelin basamaklar\u0131 \u00fcst\u00fcnde, k\u0131l\u0131\u00e7 sallayan kahraman\u0131n g\u00f6lgesinde gazete okuyordu. K\u0131z\u0131n biri \u00e7e\u015fme ba\u015f\u0131nda bakrac\u0131na su dolduruyordu. Bir meyve sat\u0131c\u0131s\u0131 mal\u0131n\u0131n yan\u0131 ba\u015f\u0131na uzanm\u0131\u015f g\u00f6l\u00fc seyrediyordu. Bir meyhanenin i\u00e7 taraf\u0131nda iki adam\u0131n \u015farap i\u00e7ti\u011fi, a\u00e7\u0131k kap\u0131 ve pencere deliklerinden bak\u0131nca g\u00f6r\u00fcl\u00fcyordu. Meyhaneci \u00f6n tarafta [&hellip;]\" \/>\n<meta property=\"og:url\" content=\"https:\/\/narteks.net\/index.php\/2010\/02\/22\/siz-olu-degil-misiniz-avci-gracchus-franz-kafka\/\" \/>\n<meta property=\"og:site_name\" content=\"narteks.net\" \/>\n<meta property=\"article:published_time\" content=\"2010-02-22T09:21:45+00:00\" \/>\n<meta property=\"og:image\" content=\"http:\/\/fcom.us.es\/blogs\/vazquezmedel\/files\/2009\/03\/franz-kafka.jpg\" \/>\n<meta name=\"author\" content=\"Tar\u0131k\" \/>\n<meta name=\"twitter:card\" content=\"summary_large_image\" \/>\n<meta name=\"twitter:creator\" content=\"@narteks\" \/>\n<meta name=\"twitter:site\" content=\"@narteks\" \/>\n<meta name=\"twitter:label1\" content=\"Yazan:\" \/>\n\t<meta name=\"twitter:data1\" content=\"Tar\u0131k\" \/>\n\t<meta name=\"twitter:label2\" content=\"Tahmini okuma s\u00fcresi\" \/>\n\t<meta name=\"twitter:data2\" content=\"9 dakika\" \/>\n<script type=\"application\/ld+json\" class=\"yoast-schema-graph\">{\"@context\":\"https:\/\/schema.org\",\"@graph\":[{\"@type\":\"Article\",\"@id\":\"https:\/\/narteks.net\/index.php\/2010\/02\/22\/siz-olu-degil-misiniz-avci-gracchus-franz-kafka\/#article\",\"isPartOf\":{\"@id\":\"https:\/\/narteks.net\/index.php\/2010\/02\/22\/siz-olu-degil-misiniz-avci-gracchus-franz-kafka\/\"},\"author\":{\"name\":\"Tar\u0131k\",\"@id\":\"https:\/\/narteks.net\/#\/schema\/person\/61f37d9834294b72d31d274e7ed79bca\"},\"headline\":\"Siz \u00f6l\u00fc de\u011fil misiniz? | Avc\u0131 Gracchus &#8211; Franz Kafka\",\"datePublished\":\"2010-02-22T09:21:45+00:00\",\"mainEntityOfPage\":{\"@id\":\"https:\/\/narteks.net\/index.php\/2010\/02\/22\/siz-olu-degil-misiniz-avci-gracchus-franz-kafka\/\"},\"wordCount\":1903,\"commentCount\":0,\"publisher\":{\"@id\":\"https:\/\/narteks.net\/#organization\"},\"image\":{\"@id\":\"https:\/\/narteks.net\/index.php\/2010\/02\/22\/siz-olu-degil-misiniz-avci-gracchus-franz-kafka\/#primaryimage\"},\"thumbnailUrl\":\"http:\/\/fcom.us.es\/blogs\/vazquezmedel\/files\/2009\/03\/franz-kafka.jpg\",\"articleSection\":[\"Edebiyat ( D\u00fcnya )\"],\"inLanguage\":\"tr\",\"potentialAction\":[{\"@type\":\"CommentAction\",\"name\":\"Comment\",\"target\":[\"https:\/\/narteks.net\/index.php\/2010\/02\/22\/siz-olu-degil-misiniz-avci-gracchus-franz-kafka\/#respond\"]}]},{\"@type\":\"WebPage\",\"@id\":\"https:\/\/narteks.net\/index.php\/2010\/02\/22\/siz-olu-degil-misiniz-avci-gracchus-franz-kafka\/\",\"url\":\"https:\/\/narteks.net\/index.php\/2010\/02\/22\/siz-olu-degil-misiniz-avci-gracchus-franz-kafka\/\",\"name\":\"Siz \u00f6l\u00fc de\u011fil misiniz? | Avc\u0131 Gracchus - Franz Kafka - narteks.net\",\"isPartOf\":{\"@id\":\"https:\/\/narteks.net\/#website\"},\"primaryImageOfPage\":{\"@id\":\"https:\/\/narteks.net\/index.php\/2010\/02\/22\/siz-olu-degil-misiniz-avci-gracchus-franz-kafka\/#primaryimage\"},\"image\":{\"@id\":\"https:\/\/narteks.net\/index.php\/2010\/02\/22\/siz-olu-degil-misiniz-avci-gracchus-franz-kafka\/#primaryimage\"},\"thumbnailUrl\":\"http:\/\/fcom.us.es\/blogs\/vazquezmedel\/files\/2009\/03\/franz-kafka.jpg\",\"datePublished\":\"2010-02-22T09:21:45+00:00\",\"breadcrumb\":{\"@id\":\"https:\/\/narteks.net\/index.php\/2010\/02\/22\/siz-olu-degil-misiniz-avci-gracchus-franz-kafka\/#breadcrumb\"},\"inLanguage\":\"tr\",\"potentialAction\":[{\"@type\":\"ReadAction\",\"target\":[\"https:\/\/narteks.net\/index.php\/2010\/02\/22\/siz-olu-degil-misiniz-avci-gracchus-franz-kafka\/\"]}]},{\"@type\":\"ImageObject\",\"inLanguage\":\"tr\",\"@id\":\"https:\/\/narteks.net\/index.php\/2010\/02\/22\/siz-olu-degil-misiniz-avci-gracchus-franz-kafka\/#primaryimage\",\"url\":\"http:\/\/fcom.us.es\/blogs\/vazquezmedel\/files\/2009\/03\/franz-kafka.jpg\",\"contentUrl\":\"http:\/\/fcom.us.es\/blogs\/vazquezmedel\/files\/2009\/03\/franz-kafka.jpg\"},{\"@type\":\"BreadcrumbList\",\"@id\":\"https:\/\/narteks.net\/index.php\/2010\/02\/22\/siz-olu-degil-misiniz-avci-gracchus-franz-kafka\/#breadcrumb\",\"itemListElement\":[{\"@type\":\"ListItem\",\"position\":1,\"name\":\"Anasayfa\",\"item\":\"https:\/\/narteks.net\/\"},{\"@type\":\"ListItem\",\"position\":2,\"name\":\"Siz \u00f6l\u00fc de\u011fil misiniz? | Avc\u0131 Gracchus &#8211; Franz Kafka\"}]},{\"@type\":\"WebSite\",\"@id\":\"https:\/\/narteks.net\/#website\",\"url\":\"https:\/\/narteks.net\/\",\"name\":\"narteks.net\",\"description\":\"K\u00fclt\u00fcr Sanat Edebiyat Felsefe\",\"publisher\":{\"@id\":\"https:\/\/narteks.net\/#organization\"},\"alternateName\":\"K\u00fclt\u00fcr Sanat Edebiyat Felsefe\",\"potentialAction\":[{\"@type\":\"SearchAction\",\"target\":{\"@type\":\"EntryPoint\",\"urlTemplate\":\"https:\/\/narteks.net\/?s={search_term_string}\"},\"query-input\":{\"@type\":\"PropertyValueSpecification\",\"valueRequired\":true,\"valueName\":\"search_term_string\"}}],\"inLanguage\":\"tr\"},{\"@type\":\"Organization\",\"@id\":\"https:\/\/narteks.net\/#organization\",\"name\":\"narteks.net\",\"url\":\"https:\/\/narteks.net\/\",\"logo\":{\"@type\":\"ImageObject\",\"inLanguage\":\"tr\",\"@id\":\"https:\/\/narteks.net\/#\/schema\/logo\/image\/\",\"url\":\"https:\/\/narteks.net\/wp-content\/uploads\/narteks.png\",\"contentUrl\":\"https:\/\/narteks.net\/wp-content\/uploads\/narteks.png\",\"width\":300,\"height\":90,\"caption\":\"narteks.net\"},\"image\":{\"@id\":\"https:\/\/narteks.net\/#\/schema\/logo\/image\/\"},\"sameAs\":[\"https:\/\/x.com\/narteks\",\"https:\/\/instagram.com\/narteksnet\"]},{\"@type\":\"Person\",\"@id\":\"https:\/\/narteks.net\/#\/schema\/person\/61f37d9834294b72d31d274e7ed79bca\",\"name\":\"Tar\u0131k\",\"image\":{\"@type\":\"ImageObject\",\"inLanguage\":\"tr\",\"@id\":\"https:\/\/narteks.net\/#\/schema\/person\/image\/\",\"url\":\"https:\/\/secure.gravatar.com\/avatar\/50865afb55632c4ae467e0af0930f6510aa2297d8014be502a55b14f3b7550cf?s=96&d=mm&r=g\",\"contentUrl\":\"https:\/\/secure.gravatar.com\/avatar\/50865afb55632c4ae467e0af0930f6510aa2297d8014be502a55b14f3b7550cf?s=96&d=mm&r=g\",\"caption\":\"Tar\u0131k\"},\"sameAs\":[\"http:\/\/narteks.net\"],\"url\":\"https:\/\/narteks.net\/index.php\/author\/narbak\/\"}]}<\/script>\n<!-- \/ Yoast SEO Premium plugin. -->","yoast_head_json":{"title":"Siz \u00f6l\u00fc de\u011fil misiniz? | Avc\u0131 Gracchus - Franz Kafka - narteks.net","robots":{"index":"index","follow":"follow","max-snippet":"max-snippet:-1","max-image-preview":"max-image-preview:large","max-video-preview":"max-video-preview:-1"},"canonical":"https:\/\/narteks.net\/index.php\/2010\/02\/22\/siz-olu-degil-misiniz-avci-gracchus-franz-kafka\/","og_locale":"tr_TR","og_type":"article","og_title":"Siz \u00f6l\u00fc de\u011fil misiniz? | Avc\u0131 Gracchus - Franz Kafka","og_description":"\u0130ki o\u011flan \u00e7ocu\u011fu r\u0131ht\u0131m duvar\u0131n\u0131n \u00fcst\u00fcne oturmu\u015f zar at\u0131yorlard\u0131. Adam\u0131n biri, bir heykelin basamaklar\u0131 \u00fcst\u00fcnde, k\u0131l\u0131\u00e7 sallayan kahraman\u0131n g\u00f6lgesinde gazete okuyordu. K\u0131z\u0131n biri \u00e7e\u015fme ba\u015f\u0131nda bakrac\u0131na su dolduruyordu. Bir meyve sat\u0131c\u0131s\u0131 mal\u0131n\u0131n yan\u0131 ba\u015f\u0131na uzanm\u0131\u015f g\u00f6l\u00fc seyrediyordu. Bir meyhanenin i\u00e7 taraf\u0131nda iki adam\u0131n \u015farap i\u00e7ti\u011fi, a\u00e7\u0131k kap\u0131 ve pencere deliklerinden bak\u0131nca g\u00f6r\u00fcl\u00fcyordu. Meyhaneci \u00f6n tarafta [&hellip;]","og_url":"https:\/\/narteks.net\/index.php\/2010\/02\/22\/siz-olu-degil-misiniz-avci-gracchus-franz-kafka\/","og_site_name":"narteks.net","article_published_time":"2010-02-22T09:21:45+00:00","og_image":[{"url":"http:\/\/fcom.us.es\/blogs\/vazquezmedel\/files\/2009\/03\/franz-kafka.jpg","type":"","width":"","height":""}],"author":"Tar\u0131k","twitter_card":"summary_large_image","twitter_creator":"@narteks","twitter_site":"@narteks","twitter_misc":{"Yazan:":"Tar\u0131k","Tahmini okuma s\u00fcresi":"9 dakika"},"schema":{"@context":"https:\/\/schema.org","@graph":[{"@type":"Article","@id":"https:\/\/narteks.net\/index.php\/2010\/02\/22\/siz-olu-degil-misiniz-avci-gracchus-franz-kafka\/#article","isPartOf":{"@id":"https:\/\/narteks.net\/index.php\/2010\/02\/22\/siz-olu-degil-misiniz-avci-gracchus-franz-kafka\/"},"author":{"name":"Tar\u0131k","@id":"https:\/\/narteks.net\/#\/schema\/person\/61f37d9834294b72d31d274e7ed79bca"},"headline":"Siz \u00f6l\u00fc de\u011fil misiniz? | Avc\u0131 Gracchus &#8211; Franz Kafka","datePublished":"2010-02-22T09:21:45+00:00","mainEntityOfPage":{"@id":"https:\/\/narteks.net\/index.php\/2010\/02\/22\/siz-olu-degil-misiniz-avci-gracchus-franz-kafka\/"},"wordCount":1903,"commentCount":0,"publisher":{"@id":"https:\/\/narteks.net\/#organization"},"image":{"@id":"https:\/\/narteks.net\/index.php\/2010\/02\/22\/siz-olu-degil-misiniz-avci-gracchus-franz-kafka\/#primaryimage"},"thumbnailUrl":"http:\/\/fcom.us.es\/blogs\/vazquezmedel\/files\/2009\/03\/franz-kafka.jpg","articleSection":["Edebiyat ( D\u00fcnya )"],"inLanguage":"tr","potentialAction":[{"@type":"CommentAction","name":"Comment","target":["https:\/\/narteks.net\/index.php\/2010\/02\/22\/siz-olu-degil-misiniz-avci-gracchus-franz-kafka\/#respond"]}]},{"@type":"WebPage","@id":"https:\/\/narteks.net\/index.php\/2010\/02\/22\/siz-olu-degil-misiniz-avci-gracchus-franz-kafka\/","url":"https:\/\/narteks.net\/index.php\/2010\/02\/22\/siz-olu-degil-misiniz-avci-gracchus-franz-kafka\/","name":"Siz \u00f6l\u00fc de\u011fil misiniz? | Avc\u0131 Gracchus - Franz Kafka - narteks.net","isPartOf":{"@id":"https:\/\/narteks.net\/#website"},"primaryImageOfPage":{"@id":"https:\/\/narteks.net\/index.php\/2010\/02\/22\/siz-olu-degil-misiniz-avci-gracchus-franz-kafka\/#primaryimage"},"image":{"@id":"https:\/\/narteks.net\/index.php\/2010\/02\/22\/siz-olu-degil-misiniz-avci-gracchus-franz-kafka\/#primaryimage"},"thumbnailUrl":"http:\/\/fcom.us.es\/blogs\/vazquezmedel\/files\/2009\/03\/franz-kafka.jpg","datePublished":"2010-02-22T09:21:45+00:00","breadcrumb":{"@id":"https:\/\/narteks.net\/index.php\/2010\/02\/22\/siz-olu-degil-misiniz-avci-gracchus-franz-kafka\/#breadcrumb"},"inLanguage":"tr","potentialAction":[{"@type":"ReadAction","target":["https:\/\/narteks.net\/index.php\/2010\/02\/22\/siz-olu-degil-misiniz-avci-gracchus-franz-kafka\/"]}]},{"@type":"ImageObject","inLanguage":"tr","@id":"https:\/\/narteks.net\/index.php\/2010\/02\/22\/siz-olu-degil-misiniz-avci-gracchus-franz-kafka\/#primaryimage","url":"http:\/\/fcom.us.es\/blogs\/vazquezmedel\/files\/2009\/03\/franz-kafka.jpg","contentUrl":"http:\/\/fcom.us.es\/blogs\/vazquezmedel\/files\/2009\/03\/franz-kafka.jpg"},{"@type":"BreadcrumbList","@id":"https:\/\/narteks.net\/index.php\/2010\/02\/22\/siz-olu-degil-misiniz-avci-gracchus-franz-kafka\/#breadcrumb","itemListElement":[{"@type":"ListItem","position":1,"name":"Anasayfa","item":"https:\/\/narteks.net\/"},{"@type":"ListItem","position":2,"name":"Siz \u00f6l\u00fc de\u011fil misiniz? | Avc\u0131 Gracchus &#8211; Franz Kafka"}]},{"@type":"WebSite","@id":"https:\/\/narteks.net\/#website","url":"https:\/\/narteks.net\/","name":"narteks.net","description":"K\u00fclt\u00fcr Sanat Edebiyat Felsefe","publisher":{"@id":"https:\/\/narteks.net\/#organization"},"alternateName":"K\u00fclt\u00fcr Sanat Edebiyat Felsefe","potentialAction":[{"@type":"SearchAction","target":{"@type":"EntryPoint","urlTemplate":"https:\/\/narteks.net\/?s={search_term_string}"},"query-input":{"@type":"PropertyValueSpecification","valueRequired":true,"valueName":"search_term_string"}}],"inLanguage":"tr"},{"@type":"Organization","@id":"https:\/\/narteks.net\/#organization","name":"narteks.net","url":"https:\/\/narteks.net\/","logo":{"@type":"ImageObject","inLanguage":"tr","@id":"https:\/\/narteks.net\/#\/schema\/logo\/image\/","url":"https:\/\/narteks.net\/wp-content\/uploads\/narteks.png","contentUrl":"https:\/\/narteks.net\/wp-content\/uploads\/narteks.png","width":300,"height":90,"caption":"narteks.net"},"image":{"@id":"https:\/\/narteks.net\/#\/schema\/logo\/image\/"},"sameAs":["https:\/\/x.com\/narteks","https:\/\/instagram.com\/narteksnet"]},{"@type":"Person","@id":"https:\/\/narteks.net\/#\/schema\/person\/61f37d9834294b72d31d274e7ed79bca","name":"Tar\u0131k","image":{"@type":"ImageObject","inLanguage":"tr","@id":"https:\/\/narteks.net\/#\/schema\/person\/image\/","url":"https:\/\/secure.gravatar.com\/avatar\/50865afb55632c4ae467e0af0930f6510aa2297d8014be502a55b14f3b7550cf?s=96&d=mm&r=g","contentUrl":"https:\/\/secure.gravatar.com\/avatar\/50865afb55632c4ae467e0af0930f6510aa2297d8014be502a55b14f3b7550cf?s=96&d=mm&r=g","caption":"Tar\u0131k"},"sameAs":["http:\/\/narteks.net"],"url":"https:\/\/narteks.net\/index.php\/author\/narbak\/"}]}},"_links":{"self":[{"href":"https:\/\/narteks.net\/index.php\/wp-json\/wp\/v2\/posts\/4246","targetHints":{"allow":["GET"]}}],"collection":[{"href":"https:\/\/narteks.net\/index.php\/wp-json\/wp\/v2\/posts"}],"about":[{"href":"https:\/\/narteks.net\/index.php\/wp-json\/wp\/v2\/types\/post"}],"author":[{"embeddable":true,"href":"https:\/\/narteks.net\/index.php\/wp-json\/wp\/v2\/users\/1"}],"replies":[{"embeddable":true,"href":"https:\/\/narteks.net\/index.php\/wp-json\/wp\/v2\/comments?post=4246"}],"version-history":[{"count":0,"href":"https:\/\/narteks.net\/index.php\/wp-json\/wp\/v2\/posts\/4246\/revisions"}],"wp:attachment":[{"href":"https:\/\/narteks.net\/index.php\/wp-json\/wp\/v2\/media?parent=4246"}],"wp:term":[{"taxonomy":"category","embeddable":true,"href":"https:\/\/narteks.net\/index.php\/wp-json\/wp\/v2\/categories?post=4246"},{"taxonomy":"post_tag","embeddable":true,"href":"https:\/\/narteks.net\/index.php\/wp-json\/wp\/v2\/tags?post=4246"}],"curies":[{"name":"wp","href":"https:\/\/api.w.org\/{rel}","templated":true}]}}