{"id":4247,"date":"2010-02-22T13:17:05","date_gmt":"2010-02-22T10:17:05","guid":{"rendered":"http:\/\/localhost\/wordpress\/2010\/02\/22\/ne-olumden-korkmak-ayip-ne-de-dusunmek-olumu-zlivaneli-ve-sarkilari\/"},"modified":"2010-02-22T13:17:05","modified_gmt":"2010-02-22T10:17:05","slug":"ne-olumden-korkmak-ayip-ne-de-dusunmek-olumu-zlivaneli-ve-sarkilari","status":"publish","type":"post","link":"https:\/\/narteks.net\/index.php\/2010\/02\/22\/ne-olumden-korkmak-ayip-ne-de-dusunmek-olumu-zlivaneli-ve-sarkilari\/","title":{"rendered":"Ne \u00f6l\u00fcmden korkmak ay\u0131p ne de d\u00fc\u015f\u00fcnmek \u00f6l\u00fcm\u00fc | Z.Livaneli ve \u015fark\u0131lar\u0131"},"content":{"rendered":"<p style=\"text-align: justify;\"><img loading=\"lazy\" decoding=\"async\" src=\"images\/stories\/zulfu-livaneli.jpg\" border=\"0\" width=\"155\" height=\"205\" style=\"float: left;\" \/>Tam ad\u0131 \u00d6mer Z\u00fclf\u00fc Livanelio\u011flu\u2019dur. Aslen Artvin Yusufelilidir. Ankara Koleji(TED) mezunudur. Daha sonraki tarihlerde ABD Fairfax Konservatuar\u0131&#8217;n\u0131 bitirmi\u015ftir. Z\u00fclf\u00fc Livanelio\u011flu ba\u011flama \u00e7almay\u0131 teyzesi Nazmiye (T\u00fcreli) Y\u00fccel&#8217;in e\u015fi olan eni\u015ftesi Turhan Y\u00fccel&#8217;den Ilg\u0131n&#8217;da ya\u015fad\u0131\u011f\u0131 y\u0131llarda ve yaz tatillerinde \u00f6\u011frendi\u011finde, eni\u015ftesi Turhan bey&#8217;in hayat\u0131n\u0131 de\u011fi\u015ftirecek bir sermayeyi kendisine hediye etti\u011finden haberi yoktu.<\/p>\n<p>Z\u00fclf\u00fc Livaneli, m\u00fczi\u011fi ile bir\u00e7ok ulusal ve uluslararas\u0131 \u00f6d\u00fcl ald\u0131 ve eserleri Joan Baez, Maria Farandouri, Maria del Mar Bonet, Leman Sam gibi onlarca yerli ve yabanc\u0131 sanat\u00e7\u0131 taraf\u0131ndan yorumland\u0131. K\u00fclt\u00fcr, sanat ve politika alan\u0131nda T\u00fcrkiye\u2019nin \u00f6nemli isimlerinden birisi olan sanat\u00e7\u0131, sanat ya\u015fam\u0131 boyunca 300&#8217;e yak\u0131n besteye ve 30 film m\u00fczi\u011fine imzas\u0131n\u0131 att\u0131.<\/p>\n<p style=\"text-align: justify;\">T\u00fcrkiye&#8217;den ans\u0131z\u0131n ayr\u0131larak \u0130sve\u00e7&#8217;e s\u00fcrg\u00fcn y\u0131llar\u0131nda bula\u015f\u0131k\u00e7\u0131kl\u0131k dahil muhtelif i\u015flerde \u00e7al\u0131\u015fan Livaneli&#8217;nin en b\u00fcy\u00fck arzusu bir g\u00fcn T\u00fcrkan \u015eoray ile tan\u0131\u015fabilmek ve o zaman T\u00fcrkiye&#8217;de su\u00e7lanan ki\u015filerin u\u011frak yeri haline gelen \u0130sve\u00e7&#8217;te bulunan \u00fcnl\u00fc yazar, gazeteci veya \u015fairlerle kar\u015f\u0131la\u015fabilmekti.<\/p>\n<p>Bug\u00fcne kadar \u00fc\u00e7 uzun metrajl\u0131 film y\u00f6netti: &#8220;Yer Demir G\u00f6k Bak\u0131r&#8221;, &#8220;Sis&#8221; ve &#8220;\u015eahmaran&#8221;. Valencia Film Festivali&#8217;nde &#8220;Alt\u0131n Palmiye&#8221; ve 1989&#8217;da Montpelier Film Festivali&#8217;nde &#8220;Alt\u0131n Antigone&#8221; \u00f6d\u00fcl\u00fcne lay\u0131k g\u00f6r\u00fcld\u00fc. &#8220;Sis&#8221;, &#8220;En iyi Avrupa Film \u00d6d\u00fcl\u00fc&#8221;ne aday g\u00f6sterildi. Sanat\u00e7\u0131n\u0131n filmleri T\u00fcrkiye, ABD, Fransa, Almanya, \u0130svi\u00e7re, ve Japonya&#8217;da g\u00f6sterime girdi ve BBC, WDR, \u0130spanya, Kanada ve Japon televizyonlar\u0131 gibi bir\u00e7ok televizyon \u015firketine sat\u0131ld\u0131.<\/p>\n<p>Ekim 1986&#8217;da Cengiz Aytmatov&#8217;un daveti \u00fczerine Federico Major, Ya\u015far Kemal, Arthur Miller ve di\u011fer \u00fcnl\u00fc sanat\u00e7\u0131 ve d\u00fc\u015f\u00fcn\u00fcrlerin kat\u0131ld\u0131\u011f\u0131 K\u0131rg\u0131zistan ve daha sonra Wengen, Granada ve Mexico City&#8217;de toplanan Issyk &#8211; Kul Forumu&#8217;nda yer ald\u0131.<\/p>\n<p>Livaneli, Elia Kazan, Jack Lang, Vanessa Redgrave, Arthur Miller, Mikhail Gorba\u00e7ov gibi \u00fcnl\u00fc ki\u015filerle birlikte d\u00fcnya k\u00fclt\u00fcr\u00fcn\u00fcn ilerlemesi ve d\u00fcnya sanatlar\u0131n\u0131n geli\u015fmesine katk\u0131da bulunmak \u00fczere \u00e7al\u0131\u015fmalarda bulundu.<\/p>\n<p>1996 y\u0131l\u0131nda Paris\u2019te merkezi bulunan UNESCO (Birle\u015fmi\u015f Milletlerin E\u011fitim K\u00fclt\u00fcr Bilim Kurulu) taraf\u0131ndan b\u00fcy\u00fckel\u00e7ilik verilen sanat\u00e7\u0131 Livaneli, 1978 y\u0131l\u0131nda yapt\u0131\u011f\u0131 &#8220;Naz\u0131m T\u00fcrk\u00fcs\u00fc&#8221; adl\u0131 alb\u00fcmde Naz\u0131m Hikmet&#8217;in \u015fiirlerinden besteledi\u011fi \u015fark\u0131lar\u0131 bir araya getirdi.<\/p>\n<p>&#8220;Arafatta bir \u00e7ocuk&#8221;, &#8220;Ge\u00e7mi\u015ften Gelece\u011fe T\u00fcrk\u00fcler&#8221;, &#8220;Sis&#8221;, &#8220;Orta Zekal\u0131lar Cenneti&#8221;, &#8220;Diktat\u00f6r ile Palya\u00e7o&#8221;, &#8220;Sosyalizm \u00f6ld\u00fc m\u00fc&#8221;, &#8220;Engere\u011fin G\u00f6z\u00fcndeki Kama\u015fma&#8221; ve &#8220;Bir Kedi, Bir Adam, Bir \u00d6l\u00fcm&#8221; ve &#8220;Mutluluk&#8221; ve Leyla&#8217;n\u0131n Evi kitaplar\u0131n\u0131n yazar\u0131 olan Livaneli, h\u00e2len Vatan Gazetesi&#8217;nde k\u00f6\u015fe yazarl\u0131\u011f\u0131na devam etmektedir. Sanat\u00e7\u0131 uluslararas\u0131 k\u00fclt\u00fcr \u00e7evrelerinde tan\u0131nmakta ve sayg\u0131 g\u00f6rmektedir.<\/p>\n<p>\u00d6mer Z\u00fclf\u00fc Livaneli \u00dclker Han\u0131m&#8217;la evlidir ve bir k\u0131z\u0131 vard\u0131r. K\u0131z\u0131 Aylin Livaneli e\u011fitimi ve yapt\u0131\u011f\u0131 pek \u00e7ok i\u015ften sonra m\u00fczik ile ilgilenmi\u015f. 5 alb\u00fcme imza atm\u0131\u015ft\u0131r. M\u00fczi\u011fe ara veren Aylin Livaneli \u015fuan yurt d\u0131\u015f\u0131nda ekonomi \u00fczerine e\u011fitim almaktad\u0131r.Yay\u0131nlanm\u0131\u015f 3 kitab\u0131 bulunmaktad\u0131r. Livaneli vejeteryandir.<\/p>\n<p>19 May\u0131s 1997 tarihinde, Ankara Hipodrom meydan\u0131nda verdi\u011fi konsere 500.000 ki\u015finin kat\u0131lmas\u0131yla T\u00fcrkiye&#8217;nin en b\u00fcy\u00fck konserini ger\u00e7ekle\u015ftirme \u00fcnvan\u0131n\u0131 kazanm\u0131\u015ft\u0131r.<\/p>\n<p>\u00a0<\/p>\n<p style=\"text-align: justify;\">Livaneli 1994 yerel se\u00e7imlerinde, Sosyaldemokrat Halk\u00e7\u0131 Parti&#8217;den \u0130stanbul B\u00fcy\u00fck\u015fehir Belediye Ba\u015fkanl\u0131\u011f\u0131&#8217;na aday oldu. Anavatan Partisi&#8217;nin aday\u0131 \u0130lhan Kesici, Refah Partisi&#8217;nin aday\u0131 Recep Tayyip Erdo\u011fan ve Do\u011fru Yol Partisi&#8217;nin aday\u0131n\u0131n Bedrettin Dalan oldu\u011fu \u00e7eki\u015fmeli se\u00e7im s\u00fcrecinde oylar\u0131n\u00a0%20.30&#8217;unu alan Livaneli \u00fc\u00e7\u00fcnc\u00fc geldi. Erdo\u011fan ise\u00a0%25.19&#8217;luk bir oranla Belediye Ba\u015fkan\u0131 se\u00e7ildi. Livaneli, 2002 genel se\u00e7imlerinde <span class=\"mw-redirect\">Cumhuriyet Halk Partisi<\/span>&#8216;den \u0130stanbul milletvekili se\u00e7ildi. Partinin 13. Ola\u011fan\u00fcst\u00fc Kurultay\u0131&#8217;nda yeter say\u0131da imza bulamad\u0131\u011f\u0131 i\u00e7in genel ba\u015fkan aday\u0131 olamad\u0131 ve parti y\u00f6netimini a\u011f\u0131r \u015fekilde su\u00e7layarak istifa etti.Livaneli, istifas\u0131n\u0131 a\u00e7\u0131klarken \u015funlar\u0131 s\u00f6yledi:<\/p>\n<p><em>CHP y\u00f6netimi, Atat\u00fcrk&#8217;\u00fcn laik, <span class=\"mw-redirect\">devrimci<\/span>, halk\u00e7\u0131, \u00e7a\u011fda\u015f ve reformcu \u00e7izgisini 21. y\u00fczy\u0131la ta\u015f\u0131yamad\u0131\u011f\u0131 i\u00e7in \u00fclkemizi i\u00e7inden \u00e7\u0131k\u0131lmas\u0131 g\u00fc\u00e7 bir siyasi karma\u015faya s\u00fcr\u00fckledi. Bu b\u00fcy\u00fck tarihsel ve siyasi kaymay\u0131 engelleyebilmek ve CHP&#8217;yi \u00f6z\u00fcndeki devrimci, reformcu ilkelere tekrar kavu\u015fturabilmek i\u00e7in, parti i\u00e7inde her d\u00fczeyde b\u00fcy\u00fck \u00e7aba harcad\u0131m. Ama ne yaz\u0131k ki bu \u00e7abalar da di\u011ferleri gibi sonu\u00e7suz kald\u0131. Partideki muhalif fikir ve ki\u015fileri yok etme al\u0131\u015fkanl\u0131\u011f\u0131, bu kurultaydan sonra da bir k\u0131y\u0131ma d\u00f6n\u00fc\u015ferek devam ediyor. CHP i\u00e7inde kalarak m\u00fccadele etme yollar\u0131 art\u0131k t\u00fckendi. Parti, \u00f6rne\u011fi g\u00f6r\u00fclmemi\u015f bir \u015fekilde antidemokratik ve oligar\u015fik bir yap\u0131ya d\u00f6n\u00fc\u015ft\u00fcr\u00fcld\u00fc.<\/em> \u201d<\/p>\n<p>\u00a0<\/p>\n<p>\n<object width=\"400\" height=\"300\" data=\"http:\/\/www.humyo.com\/E\/10422871-281475396282657\/10422871-281475396283091\/10422871-281475396283623\/10422871-281475396284001\/10422871-281475396284511\/10422871-281475396285011\/10422871-281475396285481\/10422871-281475396286135\/10422871-281475396286751\/10422871-281475396287323\/10422871-281475396287781\/10422871-281475396288389\/10422871-281475396288875\/10422871-281475396289471?a=SKn730ghwa4%2CFMwm7JNJTbg%2CGzRFetBqWpI%2CE9ZmaN4Qkes%2CJpuSize6OaI%2C9JCWTDvfs88%2CQWEF6tSuKHs%2CRL3C5l3TC-0%2CHd5h88Y2RI4%2CJdnJz5B_9A4%2CvTebCzbRCHA%2CLt_qrJ8sBD4%2CVgmf6kwFFkI%2CazEAHGo_s48\" type=\"application\/x-shockwave-flash\"><param name=\"flashvars\" value=\"autostart=true&amp;usefullscreen=true&amp;\" \/><param name=\"src\" value=\"http:\/\/www.humyo.com\/E\/10422871-281475396282657\/10422871-281475396283091\/10422871-281475396283623\/10422871-281475396284001\/10422871-281475396284511\/10422871-281475396285011\/10422871-281475396285481\/10422871-281475396286135\/10422871-281475396286751\/10422871-281475396287323\/10422871-281475396287781\/10422871-281475396288389\/10422871-281475396288875\/10422871-281475396289471?a=SKn730ghwa4%2CFMwm7JNJTbg%2CGzRFetBqWpI%2CE9ZmaN4Qkes%2CJpuSize6OaI%2C9JCWTDvfs88%2CQWEF6tSuKHs%2CRL3C5l3TC-0%2CHd5h88Y2RI4%2CJdnJz5B_9A4%2CvTebCzbRCHA%2CLt_qrJ8sBD4%2CVgmf6kwFFkI%2CazEAHGo_s48\" \/><param name=\"allowfullscreen\" value=\"true\" \/><\/object><\/p>\n","protected":false},"excerpt":{"rendered":"<p>Tam ad\u0131 \u00d6mer Z\u00fclf\u00fc Livanelio\u011flu\u2019dur. Aslen Artvin Yusufelilidir. Ankara Koleji(TED) mezunudur. Daha sonraki tarihlerde ABD Fairfax Konservatuar\u0131&#8217;n\u0131 bitirmi\u015ftir. Z\u00fclf\u00fc Livanelio\u011flu ba\u011flama \u00e7almay\u0131 teyzesi Nazmiye (T\u00fcreli) Y\u00fccel&#8217;in e\u015fi olan eni\u015ftesi Turhan Y\u00fccel&#8217;den Ilg\u0131n&#8217;da ya\u015fad\u0131\u011f\u0131 y\u0131llarda ve yaz tatillerinde \u00f6\u011frendi\u011finde, eni\u015ftesi Turhan bey&#8217;in hayat\u0131n\u0131 de\u011fi\u015ftirecek bir sermayeyi kendisine hediye etti\u011finden haberi yoktu. Z\u00fclf\u00fc Livaneli, m\u00fczi\u011fi ile bir\u00e7ok [&hellip;]<\/p>\n","protected":false},"author":1,"featured_media":0,"comment_status":"open","ping_status":"open","sticky":false,"template":"","format":"standard","meta":{"footnotes":""},"categories":[100],"tags":[],"class_list":{"0":"post-4247","1":"post","2":"type-post","3":"status-publish","4":"format-standard","6":"category-muzisyenler"},"yoast_head":"<!-- This site is optimized with the Yoast SEO Premium plugin v24.9 (Yoast SEO v24.9) - https:\/\/yoast.com\/wordpress\/plugins\/seo\/ -->\n<title>Ne \u00f6l\u00fcmden korkmak ay\u0131p ne de d\u00fc\u015f\u00fcnmek \u00f6l\u00fcm\u00fc | Z.Livaneli ve \u015fark\u0131lar\u0131 - narteks.net<\/title>\n<meta name=\"robots\" content=\"index, follow, max-snippet:-1, max-image-preview:large, max-video-preview:-1\" \/>\n<link rel=\"canonical\" href=\"https:\/\/narteks.net\/index.php\/2010\/02\/22\/ne-olumden-korkmak-ayip-ne-de-dusunmek-olumu-zlivaneli-ve-sarkilari\/\" \/>\n<meta property=\"og:locale\" content=\"tr_TR\" \/>\n<meta property=\"og:type\" content=\"article\" \/>\n<meta property=\"og:title\" content=\"Ne \u00f6l\u00fcmden korkmak ay\u0131p ne de d\u00fc\u015f\u00fcnmek \u00f6l\u00fcm\u00fc | Z.Livaneli ve \u015fark\u0131lar\u0131\" \/>\n<meta property=\"og:description\" content=\"Tam ad\u0131 \u00d6mer Z\u00fclf\u00fc Livanelio\u011flu\u2019dur. Aslen Artvin Yusufelilidir. Ankara Koleji(TED) mezunudur. Daha sonraki tarihlerde ABD Fairfax Konservatuar\u0131&#8217;n\u0131 bitirmi\u015ftir. Z\u00fclf\u00fc Livanelio\u011flu ba\u011flama \u00e7almay\u0131 teyzesi Nazmiye (T\u00fcreli) Y\u00fccel&#8217;in e\u015fi olan eni\u015ftesi Turhan Y\u00fccel&#8217;den Ilg\u0131n&#8217;da ya\u015fad\u0131\u011f\u0131 y\u0131llarda ve yaz tatillerinde \u00f6\u011frendi\u011finde, eni\u015ftesi Turhan bey&#8217;in hayat\u0131n\u0131 de\u011fi\u015ftirecek bir sermayeyi kendisine hediye etti\u011finden haberi yoktu. Z\u00fclf\u00fc Livaneli, m\u00fczi\u011fi ile bir\u00e7ok [&hellip;]\" \/>\n<meta property=\"og:url\" content=\"https:\/\/narteks.net\/index.php\/2010\/02\/22\/ne-olumden-korkmak-ayip-ne-de-dusunmek-olumu-zlivaneli-ve-sarkilari\/\" \/>\n<meta property=\"og:site_name\" content=\"narteks.net\" \/>\n<meta property=\"article:published_time\" content=\"2010-02-22T10:17:05+00:00\" \/>\n<meta property=\"og:image\" content=\"https:\/\/narteks.net\/wp-content\/uploads\/narteks.png\" \/>\n\t<meta property=\"og:image:width\" content=\"300\" \/>\n\t<meta property=\"og:image:height\" content=\"90\" \/>\n\t<meta property=\"og:image:type\" content=\"image\/png\" \/>\n<meta name=\"author\" content=\"Tar\u0131k\" \/>\n<meta name=\"twitter:card\" content=\"summary_large_image\" \/>\n<meta name=\"twitter:creator\" content=\"@narteks\" \/>\n<meta name=\"twitter:site\" content=\"@narteks\" \/>\n<meta name=\"twitter:label1\" content=\"Yazan:\" \/>\n\t<meta name=\"twitter:data1\" content=\"Tar\u0131k\" \/>\n\t<meta name=\"twitter:label2\" content=\"Tahmini okuma s\u00fcresi\" \/>\n\t<meta name=\"twitter:data2\" content=\"4 dakika\" \/>\n<script type=\"application\/ld+json\" class=\"yoast-schema-graph\">{\"@context\":\"https:\/\/schema.org\",\"@graph\":[{\"@type\":\"Article\",\"@id\":\"https:\/\/narteks.net\/index.php\/2010\/02\/22\/ne-olumden-korkmak-ayip-ne-de-dusunmek-olumu-zlivaneli-ve-sarkilari\/#article\",\"isPartOf\":{\"@id\":\"https:\/\/narteks.net\/index.php\/2010\/02\/22\/ne-olumden-korkmak-ayip-ne-de-dusunmek-olumu-zlivaneli-ve-sarkilari\/\"},\"author\":{\"name\":\"Tar\u0131k\",\"@id\":\"https:\/\/narteks.net\/#\/schema\/person\/61f37d9834294b72d31d274e7ed79bca\"},\"headline\":\"Ne \u00f6l\u00fcmden korkmak ay\u0131p ne de d\u00fc\u015f\u00fcnmek \u00f6l\u00fcm\u00fc | Z.Livaneli ve \u015fark\u0131lar\u0131\",\"datePublished\":\"2010-02-22T10:17:05+00:00\",\"mainEntityOfPage\":{\"@id\":\"https:\/\/narteks.net\/index.php\/2010\/02\/22\/ne-olumden-korkmak-ayip-ne-de-dusunmek-olumu-zlivaneli-ve-sarkilari\/\"},\"wordCount\":850,\"commentCount\":0,\"publisher\":{\"@id\":\"https:\/\/narteks.net\/#organization\"},\"articleSection\":[\"M\u00fczisyenler\"],\"inLanguage\":\"tr\",\"potentialAction\":[{\"@type\":\"CommentAction\",\"name\":\"Comment\",\"target\":[\"https:\/\/narteks.net\/index.php\/2010\/02\/22\/ne-olumden-korkmak-ayip-ne-de-dusunmek-olumu-zlivaneli-ve-sarkilari\/#respond\"]}]},{\"@type\":\"WebPage\",\"@id\":\"https:\/\/narteks.net\/index.php\/2010\/02\/22\/ne-olumden-korkmak-ayip-ne-de-dusunmek-olumu-zlivaneli-ve-sarkilari\/\",\"url\":\"https:\/\/narteks.net\/index.php\/2010\/02\/22\/ne-olumden-korkmak-ayip-ne-de-dusunmek-olumu-zlivaneli-ve-sarkilari\/\",\"name\":\"Ne \u00f6l\u00fcmden korkmak ay\u0131p ne de d\u00fc\u015f\u00fcnmek \u00f6l\u00fcm\u00fc | Z.Livaneli ve \u015fark\u0131lar\u0131 - narteks.net\",\"isPartOf\":{\"@id\":\"https:\/\/narteks.net\/#website\"},\"datePublished\":\"2010-02-22T10:17:05+00:00\",\"breadcrumb\":{\"@id\":\"https:\/\/narteks.net\/index.php\/2010\/02\/22\/ne-olumden-korkmak-ayip-ne-de-dusunmek-olumu-zlivaneli-ve-sarkilari\/#breadcrumb\"},\"inLanguage\":\"tr\",\"potentialAction\":[{\"@type\":\"ReadAction\",\"target\":[\"https:\/\/narteks.net\/index.php\/2010\/02\/22\/ne-olumden-korkmak-ayip-ne-de-dusunmek-olumu-zlivaneli-ve-sarkilari\/\"]}]},{\"@type\":\"BreadcrumbList\",\"@id\":\"https:\/\/narteks.net\/index.php\/2010\/02\/22\/ne-olumden-korkmak-ayip-ne-de-dusunmek-olumu-zlivaneli-ve-sarkilari\/#breadcrumb\",\"itemListElement\":[{\"@type\":\"ListItem\",\"position\":1,\"name\":\"Anasayfa\",\"item\":\"https:\/\/narteks.net\/\"},{\"@type\":\"ListItem\",\"position\":2,\"name\":\"Ne \u00f6l\u00fcmden korkmak ay\u0131p ne de d\u00fc\u015f\u00fcnmek \u00f6l\u00fcm\u00fc | Z.Livaneli ve \u015fark\u0131lar\u0131\"}]},{\"@type\":\"WebSite\",\"@id\":\"https:\/\/narteks.net\/#website\",\"url\":\"https:\/\/narteks.net\/\",\"name\":\"narteks.net\",\"description\":\"K\u00fclt\u00fcr Sanat Edebiyat Felsefe\",\"publisher\":{\"@id\":\"https:\/\/narteks.net\/#organization\"},\"alternateName\":\"K\u00fclt\u00fcr Sanat Edebiyat Felsefe\",\"potentialAction\":[{\"@type\":\"SearchAction\",\"target\":{\"@type\":\"EntryPoint\",\"urlTemplate\":\"https:\/\/narteks.net\/?s={search_term_string}\"},\"query-input\":{\"@type\":\"PropertyValueSpecification\",\"valueRequired\":true,\"valueName\":\"search_term_string\"}}],\"inLanguage\":\"tr\"},{\"@type\":\"Organization\",\"@id\":\"https:\/\/narteks.net\/#organization\",\"name\":\"narteks.net\",\"url\":\"https:\/\/narteks.net\/\",\"logo\":{\"@type\":\"ImageObject\",\"inLanguage\":\"tr\",\"@id\":\"https:\/\/narteks.net\/#\/schema\/logo\/image\/\",\"url\":\"https:\/\/narteks.net\/wp-content\/uploads\/narteks.png\",\"contentUrl\":\"https:\/\/narteks.net\/wp-content\/uploads\/narteks.png\",\"width\":300,\"height\":90,\"caption\":\"narteks.net\"},\"image\":{\"@id\":\"https:\/\/narteks.net\/#\/schema\/logo\/image\/\"},\"sameAs\":[\"https:\/\/x.com\/narteks\",\"https:\/\/instagram.com\/narteksnet\"]},{\"@type\":\"Person\",\"@id\":\"https:\/\/narteks.net\/#\/schema\/person\/61f37d9834294b72d31d274e7ed79bca\",\"name\":\"Tar\u0131k\",\"image\":{\"@type\":\"ImageObject\",\"inLanguage\":\"tr\",\"@id\":\"https:\/\/narteks.net\/#\/schema\/person\/image\/\",\"url\":\"https:\/\/secure.gravatar.com\/avatar\/50865afb55632c4ae467e0af0930f6510aa2297d8014be502a55b14f3b7550cf?s=96&d=mm&r=g\",\"contentUrl\":\"https:\/\/secure.gravatar.com\/avatar\/50865afb55632c4ae467e0af0930f6510aa2297d8014be502a55b14f3b7550cf?s=96&d=mm&r=g\",\"caption\":\"Tar\u0131k\"},\"sameAs\":[\"http:\/\/narteks.net\"],\"url\":\"https:\/\/narteks.net\/index.php\/author\/narbak\/\"}]}<\/script>\n<!-- \/ Yoast SEO Premium plugin. -->","yoast_head_json":{"title":"Ne \u00f6l\u00fcmden korkmak ay\u0131p ne de d\u00fc\u015f\u00fcnmek \u00f6l\u00fcm\u00fc | Z.Livaneli ve \u015fark\u0131lar\u0131 - narteks.net","robots":{"index":"index","follow":"follow","max-snippet":"max-snippet:-1","max-image-preview":"max-image-preview:large","max-video-preview":"max-video-preview:-1"},"canonical":"https:\/\/narteks.net\/index.php\/2010\/02\/22\/ne-olumden-korkmak-ayip-ne-de-dusunmek-olumu-zlivaneli-ve-sarkilari\/","og_locale":"tr_TR","og_type":"article","og_title":"Ne \u00f6l\u00fcmden korkmak ay\u0131p ne de d\u00fc\u015f\u00fcnmek \u00f6l\u00fcm\u00fc | Z.Livaneli ve \u015fark\u0131lar\u0131","og_description":"Tam ad\u0131 \u00d6mer Z\u00fclf\u00fc Livanelio\u011flu\u2019dur. Aslen Artvin Yusufelilidir. Ankara Koleji(TED) mezunudur. Daha sonraki tarihlerde ABD Fairfax Konservatuar\u0131&#8217;n\u0131 bitirmi\u015ftir. Z\u00fclf\u00fc Livanelio\u011flu ba\u011flama \u00e7almay\u0131 teyzesi Nazmiye (T\u00fcreli) Y\u00fccel&#8217;in e\u015fi olan eni\u015ftesi Turhan Y\u00fccel&#8217;den Ilg\u0131n&#8217;da ya\u015fad\u0131\u011f\u0131 y\u0131llarda ve yaz tatillerinde \u00f6\u011frendi\u011finde, eni\u015ftesi Turhan bey&#8217;in hayat\u0131n\u0131 de\u011fi\u015ftirecek bir sermayeyi kendisine hediye etti\u011finden haberi yoktu. Z\u00fclf\u00fc Livaneli, m\u00fczi\u011fi ile bir\u00e7ok [&hellip;]","og_url":"https:\/\/narteks.net\/index.php\/2010\/02\/22\/ne-olumden-korkmak-ayip-ne-de-dusunmek-olumu-zlivaneli-ve-sarkilari\/","og_site_name":"narteks.net","article_published_time":"2010-02-22T10:17:05+00:00","og_image":[{"width":300,"height":90,"url":"https:\/\/narteks.net\/wp-content\/uploads\/narteks.png","type":"image\/png"}],"author":"Tar\u0131k","twitter_card":"summary_large_image","twitter_creator":"@narteks","twitter_site":"@narteks","twitter_misc":{"Yazan:":"Tar\u0131k","Tahmini okuma s\u00fcresi":"4 dakika"},"schema":{"@context":"https:\/\/schema.org","@graph":[{"@type":"Article","@id":"https:\/\/narteks.net\/index.php\/2010\/02\/22\/ne-olumden-korkmak-ayip-ne-de-dusunmek-olumu-zlivaneli-ve-sarkilari\/#article","isPartOf":{"@id":"https:\/\/narteks.net\/index.php\/2010\/02\/22\/ne-olumden-korkmak-ayip-ne-de-dusunmek-olumu-zlivaneli-ve-sarkilari\/"},"author":{"name":"Tar\u0131k","@id":"https:\/\/narteks.net\/#\/schema\/person\/61f37d9834294b72d31d274e7ed79bca"},"headline":"Ne \u00f6l\u00fcmden korkmak ay\u0131p ne de d\u00fc\u015f\u00fcnmek \u00f6l\u00fcm\u00fc | Z.Livaneli ve \u015fark\u0131lar\u0131","datePublished":"2010-02-22T10:17:05+00:00","mainEntityOfPage":{"@id":"https:\/\/narteks.net\/index.php\/2010\/02\/22\/ne-olumden-korkmak-ayip-ne-de-dusunmek-olumu-zlivaneli-ve-sarkilari\/"},"wordCount":850,"commentCount":0,"publisher":{"@id":"https:\/\/narteks.net\/#organization"},"articleSection":["M\u00fczisyenler"],"inLanguage":"tr","potentialAction":[{"@type":"CommentAction","name":"Comment","target":["https:\/\/narteks.net\/index.php\/2010\/02\/22\/ne-olumden-korkmak-ayip-ne-de-dusunmek-olumu-zlivaneli-ve-sarkilari\/#respond"]}]},{"@type":"WebPage","@id":"https:\/\/narteks.net\/index.php\/2010\/02\/22\/ne-olumden-korkmak-ayip-ne-de-dusunmek-olumu-zlivaneli-ve-sarkilari\/","url":"https:\/\/narteks.net\/index.php\/2010\/02\/22\/ne-olumden-korkmak-ayip-ne-de-dusunmek-olumu-zlivaneli-ve-sarkilari\/","name":"Ne \u00f6l\u00fcmden korkmak ay\u0131p ne de d\u00fc\u015f\u00fcnmek \u00f6l\u00fcm\u00fc | Z.Livaneli ve \u015fark\u0131lar\u0131 - narteks.net","isPartOf":{"@id":"https:\/\/narteks.net\/#website"},"datePublished":"2010-02-22T10:17:05+00:00","breadcrumb":{"@id":"https:\/\/narteks.net\/index.php\/2010\/02\/22\/ne-olumden-korkmak-ayip-ne-de-dusunmek-olumu-zlivaneli-ve-sarkilari\/#breadcrumb"},"inLanguage":"tr","potentialAction":[{"@type":"ReadAction","target":["https:\/\/narteks.net\/index.php\/2010\/02\/22\/ne-olumden-korkmak-ayip-ne-de-dusunmek-olumu-zlivaneli-ve-sarkilari\/"]}]},{"@type":"BreadcrumbList","@id":"https:\/\/narteks.net\/index.php\/2010\/02\/22\/ne-olumden-korkmak-ayip-ne-de-dusunmek-olumu-zlivaneli-ve-sarkilari\/#breadcrumb","itemListElement":[{"@type":"ListItem","position":1,"name":"Anasayfa","item":"https:\/\/narteks.net\/"},{"@type":"ListItem","position":2,"name":"Ne \u00f6l\u00fcmden korkmak ay\u0131p ne de d\u00fc\u015f\u00fcnmek \u00f6l\u00fcm\u00fc | Z.Livaneli ve \u015fark\u0131lar\u0131"}]},{"@type":"WebSite","@id":"https:\/\/narteks.net\/#website","url":"https:\/\/narteks.net\/","name":"narteks.net","description":"K\u00fclt\u00fcr Sanat Edebiyat Felsefe","publisher":{"@id":"https:\/\/narteks.net\/#organization"},"alternateName":"K\u00fclt\u00fcr Sanat Edebiyat Felsefe","potentialAction":[{"@type":"SearchAction","target":{"@type":"EntryPoint","urlTemplate":"https:\/\/narteks.net\/?s={search_term_string}"},"query-input":{"@type":"PropertyValueSpecification","valueRequired":true,"valueName":"search_term_string"}}],"inLanguage":"tr"},{"@type":"Organization","@id":"https:\/\/narteks.net\/#organization","name":"narteks.net","url":"https:\/\/narteks.net\/","logo":{"@type":"ImageObject","inLanguage":"tr","@id":"https:\/\/narteks.net\/#\/schema\/logo\/image\/","url":"https:\/\/narteks.net\/wp-content\/uploads\/narteks.png","contentUrl":"https:\/\/narteks.net\/wp-content\/uploads\/narteks.png","width":300,"height":90,"caption":"narteks.net"},"image":{"@id":"https:\/\/narteks.net\/#\/schema\/logo\/image\/"},"sameAs":["https:\/\/x.com\/narteks","https:\/\/instagram.com\/narteksnet"]},{"@type":"Person","@id":"https:\/\/narteks.net\/#\/schema\/person\/61f37d9834294b72d31d274e7ed79bca","name":"Tar\u0131k","image":{"@type":"ImageObject","inLanguage":"tr","@id":"https:\/\/narteks.net\/#\/schema\/person\/image\/","url":"https:\/\/secure.gravatar.com\/avatar\/50865afb55632c4ae467e0af0930f6510aa2297d8014be502a55b14f3b7550cf?s=96&d=mm&r=g","contentUrl":"https:\/\/secure.gravatar.com\/avatar\/50865afb55632c4ae467e0af0930f6510aa2297d8014be502a55b14f3b7550cf?s=96&d=mm&r=g","caption":"Tar\u0131k"},"sameAs":["http:\/\/narteks.net"],"url":"https:\/\/narteks.net\/index.php\/author\/narbak\/"}]}},"_links":{"self":[{"href":"https:\/\/narteks.net\/index.php\/wp-json\/wp\/v2\/posts\/4247","targetHints":{"allow":["GET"]}}],"collection":[{"href":"https:\/\/narteks.net\/index.php\/wp-json\/wp\/v2\/posts"}],"about":[{"href":"https:\/\/narteks.net\/index.php\/wp-json\/wp\/v2\/types\/post"}],"author":[{"embeddable":true,"href":"https:\/\/narteks.net\/index.php\/wp-json\/wp\/v2\/users\/1"}],"replies":[{"embeddable":true,"href":"https:\/\/narteks.net\/index.php\/wp-json\/wp\/v2\/comments?post=4247"}],"version-history":[{"count":0,"href":"https:\/\/narteks.net\/index.php\/wp-json\/wp\/v2\/posts\/4247\/revisions"}],"wp:attachment":[{"href":"https:\/\/narteks.net\/index.php\/wp-json\/wp\/v2\/media?parent=4247"}],"wp:term":[{"taxonomy":"category","embeddable":true,"href":"https:\/\/narteks.net\/index.php\/wp-json\/wp\/v2\/categories?post=4247"},{"taxonomy":"post_tag","embeddable":true,"href":"https:\/\/narteks.net\/index.php\/wp-json\/wp\/v2\/tags?post=4247"}],"curies":[{"name":"wp","href":"https:\/\/api.w.org\/{rel}","templated":true}]}}