{"id":4249,"date":"2010-02-22T15:44:07","date_gmt":"2010-02-22T12:44:07","guid":{"rendered":"http:\/\/localhost\/wordpress\/2010\/02\/22\/yasamak-agrisi-asildi-boynuma-ahmet-kaya-ve-sarkilari\/"},"modified":"2010-02-22T15:44:07","modified_gmt":"2010-02-22T12:44:07","slug":"yasamak-agrisi-asildi-boynuma-ahmet-kaya-ve-sarkilari","status":"publish","type":"post","link":"https:\/\/narteks.net\/index.php\/2010\/02\/22\/yasamak-agrisi-asildi-boynuma-ahmet-kaya-ve-sarkilari\/","title":{"rendered":"Ya\u015famak a\u011fr\u0131s\u0131 as\u0131ld\u0131 boynuma | Ahmet Kaya ve \u015fark\u0131lar\u0131"},"content":{"rendered":"<p style=\"text-align: justify;\"><img loading=\"lazy\" decoding=\"async\" src=\"images\/stories\/ahmet-kaya.jpg\" border=\"0\" alt=\"ahmet-kaya\" width=\"155\" height=\"205\" style=\"float: left; border: 0;\" \/>1957 y\u0131l\u0131nda Ad\u0131yaman&#8217;dan Malatya&#8217;ya g\u00f6\u00e7 etmi\u015f K\u00fcrt bir baba ile Erzurumlu bir Zaza annenin be\u015finci \u00e7ocu\u011fu olarak do\u011fdu.Babas\u0131 S\u00fcmerbank mensucat fabrikas\u0131nda \u00e7al\u0131\u015fan bir i\u015f\u00e7iydi. \u0130lkokulu Malatya&#8217;da okudu ve kendi hayat\u0131n\u0131 anlatt\u0131\u011f\u0131 bir belgeselde m\u00fczikle alt\u0131 ya\u015f\u0131nda babas\u0131n\u0131n hediye etti\u011fi ba\u011flama ile tan\u0131\u015ft\u0131\u011f\u0131n\u0131 s\u00f6yler. Okuldan geri kalan zamanlar\u0131nda plak ve kaset satan bir d\u00fckk\u00e2nda \u00e7al\u0131\u015fmaya ba\u015flad\u0131. Ailesinin ge\u00e7im s\u0131k\u0131nt\u0131s\u0131 \u00e7ekmesi nedeniyle 1972&#8217;de \u0130stanbul Kocamustafapa\u015fa&#8217;ya g\u00f6\u00e7 ettiler ve okulu b\u0131rakt\u0131. \u0130\u015fportac\u0131l\u0131k ve \u00e7\u0131rakl\u0131k gibi \u00e7e\u015fitli vas\u0131fs\u0131z i\u015flerde \u00e7al\u0131\u015ft\u0131. Bu d\u00f6nemde k\u00fc\u00e7\u00fck bir yerle\u015fim yerinden b\u00fcy\u00fck bir \u015fehre ta\u015f\u0131nman\u0131n ve al\u0131\u015fman\u0131n s\u0131k\u0131nt\u0131lar\u0131n\u0131 ya\u015fad\u0131. Bu s\u0131k\u0131nt\u0131lar\u0131n\u0131 Aynalar isimli belgeselde \u015f\u00f6yle dile getirdi:<\/p>\n<p style=\"text-align: justify;\">\u201c \u00a0\u00a0\u00a0 Onlarla konu\u015fmuyordum \u00e7\u00fcnk\u00fc onlarla konu\u015fam\u0131yordum. Giyimleri ba\u015fkayd\u0131, konu\u015fmalar\u0131 ba\u015fkayd\u0131. Onlar gibi konu\u015fmaya \u00e7al\u0131\u015f\u0131yordum. Mesela terziye gidip, onlar gibi pantolon diktirmeye filan ba\u015flam\u0131\u015ft\u0131m. Terzinin yapt\u0131rd\u0131\u011f\u0131 pantolonlar\u0131n \u00fczerime uymad\u0131\u011f\u0131n\u0131 g\u00f6r\u00fcyordum. Onlara yak\u0131\u015f\u0131yordu bana yak\u0131\u015fm\u0131yordu. Bir k\u0131z vard\u0131 bizim okulda; herkesin bir a\u015fk\u0131 vard\u0131r, \u00e7ocukluk a\u015fk\u0131. Bir g\u00fcn gittim dedim ki: &#8216;Biraz seninle konu\u015fak be\u015f dakika, ka\u00e7\u0131yorsun hep&#8230;&#8217; Bana dedi ki: &#8216;Rica ederim.&#8217; \u00d6yle bir a\u011fr\u0131ma gitti ki: &#8216;Ben de sana rica ederim,&#8217; dedim.. Ben o zaman anlam\u0131n\u0131 bilmiyordum, yani onu bir k\u00fcf\u00fcr zannettim. \u00a0\u00a0\u00a0 \u201d<\/p>\n<p style=\"text-align: justify;\">16 ya\u015f\u0131nda yasak afi\u015f basmaktan hapse at\u0131ld\u0131. Daha sonra birka\u00e7 arkada\u015f\u0131yla birlikte Halk Birimleri Derne\u011fi&#8217;nin \u00e7al\u0131\u015fmalar\u0131na kat\u0131ld\u0131. Bu \u00e7al\u0131\u015fmalar\u0131 s\u0131ras\u0131nda \u00e7e\u015fitli etkinliklerde ba\u011flama \u00e7almaya devam etti. 1 May\u0131s 1977 y\u0131l\u0131nda oldu. Bo\u011fazi\u00e7i \u00dcniversitesi&#8217;nde yap\u0131lan bir etkinlikte Ruhi Su ile tan\u0131\u015fma f\u0131rsat\u0131 buldu, Mahsus Mahal isimli Ruhi Su t\u00fcrk\u00fcs\u00fcn\u00fc s\u00f6yledi. 1978 y\u0131l\u0131nda Gelibolu&#8217;da askerlik yapt\u0131, bu arada orkestrada m\u00fczik \u00e7al\u0131\u015fmalar\u0131na devam etti. Askerlik d\u00f6n\u00fc\u015f\u00fc Emine Kaya ile evlendi ve 1982 y\u0131l\u0131nda k\u0131zlar\u0131 \u00c7i\u011fdem do\u011fdu.<\/p>\n<p style=\"text-align: justify;\">\u0130\u015fsizlik ve paras\u0131zl\u0131k sebebiyle ekonomik zorluklar \u00e7eker. Bu s\u0131rada e\u015fi kendisinden ayr\u0131l\u0131r. Bu ekonomik sorunlar\u0131ndan kurtulmak umuduyla kendi deyimiyle &#8220;sistemin tersine hareket&#8221; ederek hapse girmeye \u00e7al\u0131\u015f\u0131r. Nihayetinde uzun u\u011fra\u015f\u0131lar sonucu \u00e7\u0131kard\u0131\u011f\u0131 A\u011flama Bebe\u011fim alb\u00fcm\u00fcn\u00fc 1985 y\u0131l\u0131nda yay\u0131mlar. \u0130stanbul \u015ean Tiyatrosu&#8217;nda k\u00fc\u00e7\u00fck bir konser verir. Yay\u0131mland\u0131\u011f\u0131 y\u0131l alb\u00fcm toplat\u0131l\u0131r fakat daha sonra sans\u00fcr\u00fc kald\u0131r\u0131l\u0131r. 1985&#8217;de ikinci alb\u00fcm\u00fc Ac\u0131lara Tutunmak i\u00e7in birinci alb\u00fcmde oldu\u011fu gibi De\u011fi\u015fim St\u00fcdyosu&#8217;yla anla\u015f\u0131r. St\u00fcdyonun sahibi, o s\u0131ralarda Metris Askeri Cezaevi&#8217;nde olan Selda Ba\u011fcan&#8217;\u0131n karde\u015fidir. Cezaevinde tan\u0131\u015ft\u0131\u011f\u0131 G\u00fclten Hayalo\u011flu ile Ahmet Kaya&#8217;n\u0131n tan\u0131\u015fmas\u0131na arac\u0131l\u0131k eder. Alb\u00fcm yay\u0131mland\u0131ktan sonra evlenirler. G\u00fclten Hayalo\u011flu hapishanede idam cezas\u0131na mahkum olan Nevzat \u00c7elik&#8217;in \u015eafak T\u00fcrk\u00fcs\u00fc \u015fiirini Ahmet Kaya&#8217;ya iletir. B\u00f6ylelikle geni\u015f kitlelerce tan\u0131nmas\u0131 sa\u011flanan alb\u00fcm, 1985 y\u0131l\u0131nda yap\u0131l\u0131p 1986&#8217;da piyasaya \u00e7\u0131kan \u015eafak T\u00fcrk\u00fcs\u00fc olur. Bu alb\u00fcmde aranj\u00f6r O\u011fuz Abadan&#8217;la \u00e7al\u0131\u015f\u0131r ve hemen hemen t\u00fcm besteleri kendisi yapar. Ayn\u0131 y\u0131l An Gelir alb\u00fcm\u00fcn\u00fc yay\u0131mlar. 1987 y\u0131l\u0131nda k\u0131z\u0131 Melis do\u011far.<\/p>\n<p style=\"text-align: justify;\">G\u00fclten Hayalo\u011flu ile evlendikten sonra karde\u015fi Yusuf Hayalo\u011flu ve \u015fiirleriyle tan\u0131\u015f\u0131r. S\u00f6zlerinin \u00e7o\u011funlu\u011funun Yusuf Hayalo\u011flu&#8217;na ait oldu\u011fu Yorgun Demokrat alb\u00fcm\u00fc isimli 1987 y\u0131l\u0131nda yay\u0131mlan\u0131r. 1988 y\u0131l\u0131nda sadece iki \u015fark\u0131n\u0131n s\u00f6z yazarl\u0131\u011f\u0131n\u0131 Hayalo\u011flu&#8217;nun yapt\u0131\u011f\u0131 ve di\u011fer s\u00f6zlerin tan\u0131nm\u0131\u015f \u015fairlerin \u015fiirlerinden olu\u015fan Ba\u015fkald\u0131r\u0131yorum &#8216;\u00fc yap\u0131l\u0131r. Ard\u0131ndan 1989 y\u0131l\u0131nda sadece ba\u011flama ve vokalin olu\u015fturdu\u011fu konserlerinden bir derleme olan Resitaller-1&#8217;i yay\u0131mlan\u0131r. Ayn\u0131 y\u0131l Osman \u0130\u015fmen&#8217;in d\u00fczenlemesiyle, s\u00f6zlerinin b\u00fcy\u00fck \u00e7o\u011funlu\u011funu Hayalo\u011flu&#8217;nun yazd\u0131\u011f\u0131 \u0130yimser Bir G\u00fcl&#8217;\u00fc yapar. 1990 y\u0131l\u0131nda Resitaller-1&#8217;in devam\u0131 niteli\u011finde olan Resitaller-2 alb\u00fcm\u00fc yay\u0131mlan\u0131r. Ayn\u0131 y\u0131l\u0131n Ekim ay\u0131nda \u00e7e\u015fitli \u015fairlerin \u015fiirlerinden olu\u015fan Sevgi Duvar\u0131 isimli alb\u00fcm\u00fcn\u00fc \u00e7\u0131kart\u0131r.<\/p>\n<p>\u015eark\u0131lar\u0131m Da\u011flara alb\u00fcm\u00fc bas\u0131lan 12.800.000 bandrolle rekor k\u0131rm\u0131\u015ft\u0131r.. Bu alb\u00fcmde yer alan \u00d6zg\u00fcr \u00c7a\u011fr\u0131 isimli \u015fark\u0131da ge\u00e7en Abin bir g\u00fcn da\u011fdan d\u00f6ner, sar\u0131l\u0131rs\u0131n yavruca\u011f\u0131m gibi s\u00f6zler nedeniyle alb\u00fcm\u00fc toplat\u0131l\u0131r, konser vermesi yasaklan\u0131r.<\/p>\n<p>1990 y\u0131l\u0131nda Tatar Ramazan ve 1992 y\u0131l\u0131nda Tatar Ramazan S\u00fcrg\u00fcnde filmlerinin m\u00fczi\u011fini yapt\u0131. 1994 y\u0131l\u0131nda prod\u00fcksiyonu&#8217;nu G\u00fclten Kaya ve Yusuf Hayalo\u011flu&#8217;nun yapt\u0131\u011f\u0131, Kanal D&#8217;de yay\u0131mlanan Ahmet Abi&#8217;nin Vapuru program\u0131n\u0131 yapar. Bu program sadece 13 hafta s\u00fcrer. Bu programa Nihat Akg\u00fcn&#8217;\u00fcn kat\u0131lmas\u0131 ve JET-PA&#8217;n\u0131n sponsorlu\u011funu yapmas\u0131 b\u00fcy\u00fck ele\u015ftiriler al\u0131r.<\/p>\n<p style=\"text-align: justify;\">Bo\u011fazi\u00e7i \u00dcniversitesi&#8217;nde Ruhi Su ile tan\u0131\u015f\u0131p Mahsus Mahal isimli t\u00fcrk\u00fcy\u00fc \u00e7ald\u0131\u011f\u0131 zaman, Ruhi Su ba\u011flaman\u0131n bu \u015fekilde, at teper gibi \u00e7al\u0131nmayaca\u011f\u0131n\u0131 s\u00f6yler. Y\u0131llar sonra Ahmet Kaya verdi\u011fi konserin birinde &#8220;Ba\u011flama b\u00f6yle de \u00e7al\u0131n\u0131r,&#8221; der.<\/p>\n<p>\u0130lk d\u00f6nem alb\u00fcmlerinde genel olarak ba\u011flamaya a\u011f\u0131rl\u0131k verdi. Pop, T\u00fcrk Halk M\u00fczi\u011fi ve Arabesk kategorisine dahil edilemedi\u011fi i\u00e7in m\u00fczikal t\u00fcr\u00fcne Devrimci Arabesk de denilmektedir.\u00a0 Fakat kendisi m\u00fczik tarz\u0131n\u0131n Devrimci Arabesk veya protest olarak tan\u0131mlanmas\u0131na kar\u015f\u0131 \u00e7\u0131kar.\u00a0 S\u00f6zlerini kendisinin yazd\u0131\u011f\u0131 bestelerle beraber, Attil\u00e2 \u0130lhan, Can Y\u00fccel, Nevzat \u00c7elik, Hasan H\u00fcseyin Korkmazgil, Enver G\u00f6k\u00e7e, Ahmed Arif gibi tan\u0131nm\u0131\u015f \u015fairlerin \u015fiirlerini de bestelemi\u015ftir. Genellikle \u015fark\u0131lar\u0131nda toplumsal meseleler i\u015flenir. Yirmi iki alb\u00fcm\u00fcnden sadece Kervan (Karwan) diye bir K\u00fcrt\u00e7e \u015fark\u0131s\u0131 vard\u0131r ve bir tane de K\u00fcrt\u00e7e a\u00e7\u0131l\u0131\u015f vard\u0131r.<\/p>\n<p style=\"text-align: justify;\">Yasal su\u00e7lamalar\u0131n yan\u0131s\u0131ra, \u00e7e\u015fitli kesimlerce l\u00fcks i\u00e7inde ya\u015farken yoksulluk edebiyat\u0131 yapmakla su\u00e7land\u0131.Bu ele\u015ftirilerle ilgili olarak y\u00f6neltilen bir soruya \u015fu \u015fekilde yan\u0131t verdi:<\/p>\n<p style=\"text-align: justify;\">\u201c \u00a0\u00a0\u00a0 Benim hi\u00e7 &#8216;Mercedes&#8217;im olmad\u0131. \u015eimdiki arabam &#8216;Mercedes&#8217;den daha pahal\u0131, cip oldu\u011fu i\u00e7in g\u00f6z\u00fcne batm\u0131yor insanlar\u0131n. Salakla\u015fmamak laz\u0131m bunlar \u00f6nemli \u015feyler, yani&#8230; Biz insanlar\u0131n yoksullu\u011funu savunmad\u0131k, bizler ya\u015fam\u0131m\u0131z boyunca insanlar\u0131n zenginli\u011fini savunduk&#8230; Yani ben cipe binsem &#8216;Mercedes&#8217;e binsem bunlar \u00f6nemli \u015feyler midir? Ben tarihin y\u00fckledi\u011fi misyonu yerine getiriyor muyum, bu \u00f6nemli&#8230; Tam 30 sene a\u00e7 ya\u015fad\u0131m bu \u00fclkede, 30 y\u0131l boyunca. B\u00fct\u00fcn lokantalar\u0131n kenarlar\u0131na gidip, o lahmacunlar\u0131n nas\u0131l \u00e7\u0131kt\u0131\u011f\u0131na bakt\u0131m. Art\u0131k ben bu saatten sonra bunu yerim ve kimse bunu engelleyemez&#8230;\u00a0\u00a0\u00a0 \u201d<\/p>\n<p>Bir\u00e7ok alb\u00fcm\u00fcn\u00fcn toplat\u0131lmas\u0131n\u0131n ve konserlerinin iptal edilmesinin yan\u0131 s\u0131ra, 10 \u015eubat 1999&#8217;da Magazin Gazetecileri Derne\u011fi&#8217;nin Princess Otel kongre salonunda d\u00fczenlenen \u00f6d\u00fcl t\u00f6reninde y\u0131l\u0131n en iyi sanat\u00e7\u0131s\u0131 \u00f6d\u00fcl\u00fcn\u00fc ald\u0131 ve \u00f6d\u00fcl konu\u015fmas\u0131nda: &#8220;Ben bu \u00f6d\u00fcl i\u00e7in \u0130nsan Haklar\u0131 Derne\u011fi\u2019ne, Cumartesi Anneleri\u2019ne, t\u00fcm bas\u0131n emek\u00e7ileri ve t\u00fcm T\u00fcrkiye halk\u0131na te\u015fekk\u00fcr ediyorum. Bir de bir a\u00e7\u0131klamam var: \u015eu anda haz\u0131rlad\u0131\u011f\u0131m ve \u00f6n\u00fcm\u00fczdeki g\u00fcnlerde yay\u0131mlayaca\u011f\u0131m alb\u00fcmde bir K\u00fcrt\u00e7e \u015fark\u0131 s\u00f6yleyece\u011fim ve bu \u015fark\u0131ya bir klip \u00e7ekece\u011fim. Aram\u0131zda bu klibi yay\u0131mlayacak y\u00fcrekli televizyoncular oldu\u011funu biliyorum, yay\u0131mlamazlarsa T\u00fcrkiye halk\u0131yla nas\u0131l hesapla\u015facaklar\u0131n\u0131 bilmiyorum.&#8221; dedi. Bunun s\u00f6zleri \u00fczerine davetliler tepki g\u00f6sterip, k\u00fcf\u00fcr etmeye, \u00e7e\u015fitli e\u015fyalar f\u0131rlatmaya ba\u015flad\u0131. MGD g\u00f6revlileri taraf\u0131ndan kongre salonundan, ola\u011fan ko\u015fullarda d\u0131\u015far\u0131ya \u00e7\u0131kart\u0131ld\u0131.<\/p>\n<p>Bu olay\u0131n hemen sonras\u0131nda Ahmet Kaya&#8217;n\u0131n 1993 y\u0131l\u0131nda Berlin&#8217;de K\u00fcrt \u0130\u015fadamlar\u0131 Derne\u011fi&#8217;nin d\u00fczenledi\u011fi bir gecede verdi\u011fi konsere ili\u015fkin foto\u011fraflar\u0131n H\u00fcrriyet Gazetesi&#8217;nde yay\u0131nlanmas\u0131 \u00fczerine &#8220;B\u00f6l\u00fcc\u00fc PKK \u00f6rg\u00fct\u00fcne yard\u0131m ve yatakl\u0131k yapt\u0131\u011f\u0131 ve halk\u0131 \u0131rk farkl\u0131l\u0131\u011f\u0131 g\u00f6zeterek kin ve d\u00fc\u015fmanl\u0131\u011fa tahrik etti\u011fi&#8221; iddias\u0131yla hakk\u0131nda \u0130stanbul Devlet G\u00fcvenlik Mahkemesi&#8217;nde toplam 10.5 y\u0131l a\u011f\u0131r hapis istemiyle iki ayr\u0131 dava a\u00e7\u0131ld\u0131.Haziran 1999&#8217;da T\u00fcrkiye&#8217;den ayr\u0131ld\u0131. Yarg\u0131lamalar\u0131n sonucunda toplam 3 y\u0131l 9 ay a\u011f\u0131r hapis cezas\u0131na \u00e7arpt\u0131r\u0131ld\u0131. Ancak yurt d\u0131\u015f\u0131nda oldu\u011fu i\u00e7in hapse girmedi. Daha sonra bu g\u00f6r\u00fcnt\u00fclerin d\u00fczmece oldu\u011fu belirlendi. <\/p>\n<p>Bu arada Ordu Valili\u011fi, Ahmet Kaya&#8217;n\u0131n kasetlerinin kentte sat\u0131lmas\u0131n\u0131 ve bulundurulmas\u0131n\u0131 yasaklad\u0131. 1999 y\u0131l\u0131nda M\u00fcnih&#8217;de PKK yanl\u0131lar\u0131 taraf\u0131ndan d\u00fczenlenen konserde \u2018\u2018Arabam\u0131 o \u015ferefsizlerin memleketinde b\u0131rakt\u0131m\u2019\u2019 dedi\u011fini iddia eden H\u00fcrriyet Gazetesi haberi i\u00e7in hakk\u0131nda DGM taraf\u0131ndan bir kez daha soru\u015fturma ba\u015flat\u0131ld\u0131. 9 \u015eubat 2000 y\u0131l\u0131nda Zaman Gazetesi&#8217;ne yapt\u0131\u011f\u0131 r\u00f6portajda &#8220;Ben 3 tane \u015ferefsizin y\u00fcz\u00fcnden \u00fclkemde arabama bile binemedim dedim&#8221; diyerek yalanlad\u0131.\u00a0 Yine Almanya&#8217;da 1999 y\u0131l\u0131nda M\u00fcnih \u015fehrinde Bar\u0131\u015f, Demokrasi ve \u00d6zg\u00fcrl\u00fck Festivali isimli organizasyonda verdi\u011fi konserde K\u00fcrd\u00fcz \u00d6lene Kadar, Vallahi biz dostu \u00f6zledik, K\u00fcrd\u00fcz sonuna kadar, Vallahi Apo&#8217;yu \u00f6zledik&#8221; s\u00f6zlerinin ge\u00e7ti\u011fi \u015fark\u0131y\u0131 s\u00f6yledi.(Daha sonralar\u0131 Ahmet Kaya ile ilgili e\u015fi G\u00fclten Kaya&#8217;n\u0131n yapt\u0131\u011f\u0131 bir a\u00e7\u0131klamada; &#8220;Ahmet Kaya&#8217;n\u0131n &#8220;vallahi bar\u0131\u015f\u0131 \u00f6zledik,vallahi apoyu \u00f6zledik&#8221;s\u00f6z\u00fc ge\u00e7en \u015fark\u0131da tutuklanan ter\u00f6r \u00f6rg\u00fct\u00fc lideri apo&#8217;nun ter\u00f6r \u00f6rg\u00fct\u00fc mensuplar\u0131na silah\u0131 b\u0131rakmalar\u0131 \u00e7a\u011fr\u0131s\u0131 \u00fczerine bu \u015fark\u0131y\u0131 yapt\u0131\u011f\u0131n\u0131 s\u00f6ylemi\u015ftir.)<\/p>\n<p style=\"text-align: justify;\"><img loading=\"lazy\" decoding=\"async\" src=\"http:\/\/upload.wikimedia.org\/wikipedia\/tr\/1\/15\/Pere_Lachaise_Ahmet_Kaya_T%C3%BCm.JPG\" border=\"0\" width=\"155\" height=\"205\" style=\"float: left;\" \/>Ahmet Kaya, 2000 y\u0131l\u0131nda Ho\u015f\u00e7akal\u0131n G\u00f6z\u00fcm isimli alb\u00fcm\u00fcn\u00fcn kay\u0131tlar\u0131n\u0131 yaparken, Paris&#8217;in Porte de Versailles semtindeki evinde bir gece kalp krizi sonucu hayat\u0131n\u0131 kaybetti. Bu alb\u00fcmde Karwan isimli \u015fark\u0131y\u0131 seslendirdi.\u00a0 Cenaze merasimi Paris K\u00fcrt Enstit\u00fcs\u00fc&#8217;nde yap\u0131ld\u0131.<\/p>\n<p>\u00d6l\u00fcm\u00fcnden sonra , 2002 y\u0131l\u0131nda Ahmet Kaya&#8217;n\u0131n \u015fark\u0131lar\u0131n\u0131 20 \u00fcnl\u00fc sanat\u00e7\u0131n\u0131n s\u00f6yledi\u011fi Dinle Sevgili \u00dclkem isimli bir alb\u00fcm yap\u0131lm\u0131\u015f , Magazin Gazetecileri Derne\u011fi&#8217;nin gecesinde duyurdu\u011fu K\u00fcrt\u00e7e Karwan (Kervan) par\u00e7as\u0131n\u0131n ve klibinin de bulundu\u011fu Ho\u015f\u00e7akal\u0131n G\u00f6z\u00fcm, Biraz da Sen A\u011fla alb\u00fcm\u00fc yay\u0131mland\u0131. P\u00e8re-Lachaise mezarl\u0131\u011f\u0131ndaki mezar\u0131 2003 y\u0131l\u0131nda tekrar d\u00fczenlendi. Mezar a\u011f\u0131rl\u0131\u011f\u0131n\u0131n yakla\u015f\u0131k 3,5 ton oldu\u011fu s\u00f6ylenmektedir. \u00dczerine kardelen motifleri, enstr\u00fcmanlar, Kastamonu yazmas\u0131, \u0130stanbul silueti, \u015fark\u0131 s\u00f6zleri ve b\u00fcst\u00fcn\u00fcn bulundu\u011fu bir mezard\u0131r.\u00a0 Kals\u0131n Benim Davam. ve G\u00f6zlerim Bin Ya\u015f\u0131nda (Aral\u0131k 2006) adlar\u0131nda d\u00f6rt alb\u00fcm\u00fc daha yay\u0131nlanm\u0131\u015ft\u0131r.<\/p>\n<p>4 Eyl\u00fcl 2007&#8217;de, T\u00fcrkiye&#8217;de kendi ismine a\u00e7\u0131lan tek yer olan, Ahmet Kaya Halk Evi Batman&#8217;da a\u00e7\u0131ld\u0131. 2009 y\u0131l\u0131nda AK Parti h\u00fck\u00fcmetince mezar\u0131n\u0131n Paris&#8217;ten T\u00fcrkiye&#8217;ye ta\u015f\u0131nmas\u0131 konusunda fikirler ortaya at\u0131ld\u0131.<\/p>\n<p style=\"text-align: justify;\">\u00a0<\/p>\n","protected":false},"excerpt":{"rendered":"<p>1957 y\u0131l\u0131nda Ad\u0131yaman&#8217;dan Malatya&#8217;ya g\u00f6\u00e7 etmi\u015f K\u00fcrt bir baba ile Erzurumlu bir Zaza annenin be\u015finci \u00e7ocu\u011fu olarak do\u011fdu.Babas\u0131 S\u00fcmerbank mensucat fabrikas\u0131nda \u00e7al\u0131\u015fan bir i\u015f\u00e7iydi. \u0130lkokulu Malatya&#8217;da okudu ve kendi hayat\u0131n\u0131 anlatt\u0131\u011f\u0131 bir belgeselde m\u00fczikle alt\u0131 ya\u015f\u0131nda babas\u0131n\u0131n hediye etti\u011fi ba\u011flama ile tan\u0131\u015ft\u0131\u011f\u0131n\u0131 s\u00f6yler. Okuldan geri kalan zamanlar\u0131nda plak ve kaset satan bir d\u00fckk\u00e2nda \u00e7al\u0131\u015fmaya ba\u015flad\u0131. [&hellip;]<\/p>\n","protected":false},"author":1,"featured_media":0,"comment_status":"open","ping_status":"open","sticky":false,"template":"","format":"standard","meta":{"footnotes":""},"categories":[100],"tags":[],"class_list":{"0":"post-4249","1":"post","2":"type-post","3":"status-publish","4":"format-standard","6":"category-muzisyenler"},"yoast_head":"<!-- This site is optimized with the Yoast SEO Premium plugin v24.9 (Yoast SEO v24.9) - https:\/\/yoast.com\/wordpress\/plugins\/seo\/ -->\n<title>Ya\u015famak a\u011fr\u0131s\u0131 as\u0131ld\u0131 boynuma | Ahmet Kaya ve \u015fark\u0131lar\u0131 - narteks.net<\/title>\n<meta name=\"robots\" content=\"index, follow, max-snippet:-1, max-image-preview:large, max-video-preview:-1\" \/>\n<link rel=\"canonical\" href=\"https:\/\/narteks.net\/index.php\/2010\/02\/22\/yasamak-agrisi-asildi-boynuma-ahmet-kaya-ve-sarkilari\/\" \/>\n<meta property=\"og:locale\" content=\"tr_TR\" \/>\n<meta property=\"og:type\" content=\"article\" \/>\n<meta property=\"og:title\" content=\"Ya\u015famak a\u011fr\u0131s\u0131 as\u0131ld\u0131 boynuma | Ahmet Kaya ve \u015fark\u0131lar\u0131\" \/>\n<meta property=\"og:description\" content=\"1957 y\u0131l\u0131nda Ad\u0131yaman&#8217;dan Malatya&#8217;ya g\u00f6\u00e7 etmi\u015f K\u00fcrt bir baba ile Erzurumlu bir Zaza annenin be\u015finci \u00e7ocu\u011fu olarak do\u011fdu.Babas\u0131 S\u00fcmerbank mensucat fabrikas\u0131nda \u00e7al\u0131\u015fan bir i\u015f\u00e7iydi. \u0130lkokulu Malatya&#8217;da okudu ve kendi hayat\u0131n\u0131 anlatt\u0131\u011f\u0131 bir belgeselde m\u00fczikle alt\u0131 ya\u015f\u0131nda babas\u0131n\u0131n hediye etti\u011fi ba\u011flama ile tan\u0131\u015ft\u0131\u011f\u0131n\u0131 s\u00f6yler. Okuldan geri kalan zamanlar\u0131nda plak ve kaset satan bir d\u00fckk\u00e2nda \u00e7al\u0131\u015fmaya ba\u015flad\u0131. [&hellip;]\" \/>\n<meta property=\"og:url\" content=\"https:\/\/narteks.net\/index.php\/2010\/02\/22\/yasamak-agrisi-asildi-boynuma-ahmet-kaya-ve-sarkilari\/\" \/>\n<meta property=\"og:site_name\" content=\"narteks.net\" \/>\n<meta property=\"article:published_time\" content=\"2010-02-22T12:44:07+00:00\" \/>\n<meta property=\"og:image\" content=\"http:\/\/upload.wikimedia.org\/wikipedia\/tr\/1\/15\/Pere_Lachaise_Ahmet_Kaya_T%C3%BCm.JPG\" \/>\n<meta name=\"author\" content=\"Tar\u0131k\" \/>\n<meta name=\"twitter:card\" content=\"summary_large_image\" \/>\n<meta name=\"twitter:creator\" content=\"@narteks\" \/>\n<meta name=\"twitter:site\" content=\"@narteks\" \/>\n<meta name=\"twitter:label1\" content=\"Yazan:\" \/>\n\t<meta name=\"twitter:data1\" content=\"Tar\u0131k\" \/>\n\t<meta name=\"twitter:label2\" content=\"Tahmini okuma s\u00fcresi\" \/>\n\t<meta name=\"twitter:data2\" content=\"10 dakika\" \/>\n<script type=\"application\/ld+json\" class=\"yoast-schema-graph\">{\"@context\":\"https:\/\/schema.org\",\"@graph\":[{\"@type\":\"Article\",\"@id\":\"https:\/\/narteks.net\/index.php\/2010\/02\/22\/yasamak-agrisi-asildi-boynuma-ahmet-kaya-ve-sarkilari\/#article\",\"isPartOf\":{\"@id\":\"https:\/\/narteks.net\/index.php\/2010\/02\/22\/yasamak-agrisi-asildi-boynuma-ahmet-kaya-ve-sarkilari\/\"},\"author\":{\"name\":\"Tar\u0131k\",\"@id\":\"https:\/\/narteks.net\/#\/schema\/person\/61f37d9834294b72d31d274e7ed79bca\"},\"headline\":\"Ya\u015famak a\u011fr\u0131s\u0131 as\u0131ld\u0131 boynuma | Ahmet Kaya ve \u015fark\u0131lar\u0131\",\"datePublished\":\"2010-02-22T12:44:07+00:00\",\"mainEntityOfPage\":{\"@id\":\"https:\/\/narteks.net\/index.php\/2010\/02\/22\/yasamak-agrisi-asildi-boynuma-ahmet-kaya-ve-sarkilari\/\"},\"wordCount\":1923,\"commentCount\":0,\"publisher\":{\"@id\":\"https:\/\/narteks.net\/#organization\"},\"image\":{\"@id\":\"https:\/\/narteks.net\/index.php\/2010\/02\/22\/yasamak-agrisi-asildi-boynuma-ahmet-kaya-ve-sarkilari\/#primaryimage\"},\"thumbnailUrl\":\"http:\/\/upload.wikimedia.org\/wikipedia\/tr\/1\/15\/Pere_Lachaise_Ahmet_Kaya_T%C3%BCm.JPG\",\"articleSection\":[\"M\u00fczisyenler\"],\"inLanguage\":\"tr\",\"potentialAction\":[{\"@type\":\"CommentAction\",\"name\":\"Comment\",\"target\":[\"https:\/\/narteks.net\/index.php\/2010\/02\/22\/yasamak-agrisi-asildi-boynuma-ahmet-kaya-ve-sarkilari\/#respond\"]}]},{\"@type\":\"WebPage\",\"@id\":\"https:\/\/narteks.net\/index.php\/2010\/02\/22\/yasamak-agrisi-asildi-boynuma-ahmet-kaya-ve-sarkilari\/\",\"url\":\"https:\/\/narteks.net\/index.php\/2010\/02\/22\/yasamak-agrisi-asildi-boynuma-ahmet-kaya-ve-sarkilari\/\",\"name\":\"Ya\u015famak a\u011fr\u0131s\u0131 as\u0131ld\u0131 boynuma | Ahmet Kaya ve \u015fark\u0131lar\u0131 - narteks.net\",\"isPartOf\":{\"@id\":\"https:\/\/narteks.net\/#website\"},\"primaryImageOfPage\":{\"@id\":\"https:\/\/narteks.net\/index.php\/2010\/02\/22\/yasamak-agrisi-asildi-boynuma-ahmet-kaya-ve-sarkilari\/#primaryimage\"},\"image\":{\"@id\":\"https:\/\/narteks.net\/index.php\/2010\/02\/22\/yasamak-agrisi-asildi-boynuma-ahmet-kaya-ve-sarkilari\/#primaryimage\"},\"thumbnailUrl\":\"http:\/\/upload.wikimedia.org\/wikipedia\/tr\/1\/15\/Pere_Lachaise_Ahmet_Kaya_T%C3%BCm.JPG\",\"datePublished\":\"2010-02-22T12:44:07+00:00\",\"breadcrumb\":{\"@id\":\"https:\/\/narteks.net\/index.php\/2010\/02\/22\/yasamak-agrisi-asildi-boynuma-ahmet-kaya-ve-sarkilari\/#breadcrumb\"},\"inLanguage\":\"tr\",\"potentialAction\":[{\"@type\":\"ReadAction\",\"target\":[\"https:\/\/narteks.net\/index.php\/2010\/02\/22\/yasamak-agrisi-asildi-boynuma-ahmet-kaya-ve-sarkilari\/\"]}]},{\"@type\":\"ImageObject\",\"inLanguage\":\"tr\",\"@id\":\"https:\/\/narteks.net\/index.php\/2010\/02\/22\/yasamak-agrisi-asildi-boynuma-ahmet-kaya-ve-sarkilari\/#primaryimage\",\"url\":\"http:\/\/upload.wikimedia.org\/wikipedia\/tr\/1\/15\/Pere_Lachaise_Ahmet_Kaya_T%C3%BCm.JPG\",\"contentUrl\":\"http:\/\/upload.wikimedia.org\/wikipedia\/tr\/1\/15\/Pere_Lachaise_Ahmet_Kaya_T%C3%BCm.JPG\"},{\"@type\":\"BreadcrumbList\",\"@id\":\"https:\/\/narteks.net\/index.php\/2010\/02\/22\/yasamak-agrisi-asildi-boynuma-ahmet-kaya-ve-sarkilari\/#breadcrumb\",\"itemListElement\":[{\"@type\":\"ListItem\",\"position\":1,\"name\":\"Anasayfa\",\"item\":\"https:\/\/narteks.net\/\"},{\"@type\":\"ListItem\",\"position\":2,\"name\":\"Ya\u015famak a\u011fr\u0131s\u0131 as\u0131ld\u0131 boynuma | Ahmet Kaya ve \u015fark\u0131lar\u0131\"}]},{\"@type\":\"WebSite\",\"@id\":\"https:\/\/narteks.net\/#website\",\"url\":\"https:\/\/narteks.net\/\",\"name\":\"narteks.net\",\"description\":\"K\u00fclt\u00fcr Sanat Edebiyat Felsefe\",\"publisher\":{\"@id\":\"https:\/\/narteks.net\/#organization\"},\"alternateName\":\"K\u00fclt\u00fcr Sanat Edebiyat Felsefe\",\"potentialAction\":[{\"@type\":\"SearchAction\",\"target\":{\"@type\":\"EntryPoint\",\"urlTemplate\":\"https:\/\/narteks.net\/?s={search_term_string}\"},\"query-input\":{\"@type\":\"PropertyValueSpecification\",\"valueRequired\":true,\"valueName\":\"search_term_string\"}}],\"inLanguage\":\"tr\"},{\"@type\":\"Organization\",\"@id\":\"https:\/\/narteks.net\/#organization\",\"name\":\"narteks.net\",\"url\":\"https:\/\/narteks.net\/\",\"logo\":{\"@type\":\"ImageObject\",\"inLanguage\":\"tr\",\"@id\":\"https:\/\/narteks.net\/#\/schema\/logo\/image\/\",\"url\":\"https:\/\/narteks.net\/wp-content\/uploads\/narteks.png\",\"contentUrl\":\"https:\/\/narteks.net\/wp-content\/uploads\/narteks.png\",\"width\":300,\"height\":90,\"caption\":\"narteks.net\"},\"image\":{\"@id\":\"https:\/\/narteks.net\/#\/schema\/logo\/image\/\"},\"sameAs\":[\"https:\/\/x.com\/narteks\",\"https:\/\/instagram.com\/narteksnet\"]},{\"@type\":\"Person\",\"@id\":\"https:\/\/narteks.net\/#\/schema\/person\/61f37d9834294b72d31d274e7ed79bca\",\"name\":\"Tar\u0131k\",\"image\":{\"@type\":\"ImageObject\",\"inLanguage\":\"tr\",\"@id\":\"https:\/\/narteks.net\/#\/schema\/person\/image\/\",\"url\":\"https:\/\/secure.gravatar.com\/avatar\/50865afb55632c4ae467e0af0930f6510aa2297d8014be502a55b14f3b7550cf?s=96&d=mm&r=g\",\"contentUrl\":\"https:\/\/secure.gravatar.com\/avatar\/50865afb55632c4ae467e0af0930f6510aa2297d8014be502a55b14f3b7550cf?s=96&d=mm&r=g\",\"caption\":\"Tar\u0131k\"},\"sameAs\":[\"http:\/\/narteks.net\"],\"url\":\"https:\/\/narteks.net\/index.php\/author\/narbak\/\"}]}<\/script>\n<!-- \/ Yoast SEO Premium plugin. -->","yoast_head_json":{"title":"Ya\u015famak a\u011fr\u0131s\u0131 as\u0131ld\u0131 boynuma | Ahmet Kaya ve \u015fark\u0131lar\u0131 - narteks.net","robots":{"index":"index","follow":"follow","max-snippet":"max-snippet:-1","max-image-preview":"max-image-preview:large","max-video-preview":"max-video-preview:-1"},"canonical":"https:\/\/narteks.net\/index.php\/2010\/02\/22\/yasamak-agrisi-asildi-boynuma-ahmet-kaya-ve-sarkilari\/","og_locale":"tr_TR","og_type":"article","og_title":"Ya\u015famak a\u011fr\u0131s\u0131 as\u0131ld\u0131 boynuma | Ahmet Kaya ve \u015fark\u0131lar\u0131","og_description":"1957 y\u0131l\u0131nda Ad\u0131yaman&#8217;dan Malatya&#8217;ya g\u00f6\u00e7 etmi\u015f K\u00fcrt bir baba ile Erzurumlu bir Zaza annenin be\u015finci \u00e7ocu\u011fu olarak do\u011fdu.Babas\u0131 S\u00fcmerbank mensucat fabrikas\u0131nda \u00e7al\u0131\u015fan bir i\u015f\u00e7iydi. \u0130lkokulu Malatya&#8217;da okudu ve kendi hayat\u0131n\u0131 anlatt\u0131\u011f\u0131 bir belgeselde m\u00fczikle alt\u0131 ya\u015f\u0131nda babas\u0131n\u0131n hediye etti\u011fi ba\u011flama ile tan\u0131\u015ft\u0131\u011f\u0131n\u0131 s\u00f6yler. Okuldan geri kalan zamanlar\u0131nda plak ve kaset satan bir d\u00fckk\u00e2nda \u00e7al\u0131\u015fmaya ba\u015flad\u0131. [&hellip;]","og_url":"https:\/\/narteks.net\/index.php\/2010\/02\/22\/yasamak-agrisi-asildi-boynuma-ahmet-kaya-ve-sarkilari\/","og_site_name":"narteks.net","article_published_time":"2010-02-22T12:44:07+00:00","og_image":[{"url":"http:\/\/upload.wikimedia.org\/wikipedia\/tr\/1\/15\/Pere_Lachaise_Ahmet_Kaya_T%C3%BCm.JPG","type":"","width":"","height":""}],"author":"Tar\u0131k","twitter_card":"summary_large_image","twitter_creator":"@narteks","twitter_site":"@narteks","twitter_misc":{"Yazan:":"Tar\u0131k","Tahmini okuma s\u00fcresi":"10 dakika"},"schema":{"@context":"https:\/\/schema.org","@graph":[{"@type":"Article","@id":"https:\/\/narteks.net\/index.php\/2010\/02\/22\/yasamak-agrisi-asildi-boynuma-ahmet-kaya-ve-sarkilari\/#article","isPartOf":{"@id":"https:\/\/narteks.net\/index.php\/2010\/02\/22\/yasamak-agrisi-asildi-boynuma-ahmet-kaya-ve-sarkilari\/"},"author":{"name":"Tar\u0131k","@id":"https:\/\/narteks.net\/#\/schema\/person\/61f37d9834294b72d31d274e7ed79bca"},"headline":"Ya\u015famak a\u011fr\u0131s\u0131 as\u0131ld\u0131 boynuma | Ahmet Kaya ve \u015fark\u0131lar\u0131","datePublished":"2010-02-22T12:44:07+00:00","mainEntityOfPage":{"@id":"https:\/\/narteks.net\/index.php\/2010\/02\/22\/yasamak-agrisi-asildi-boynuma-ahmet-kaya-ve-sarkilari\/"},"wordCount":1923,"commentCount":0,"publisher":{"@id":"https:\/\/narteks.net\/#organization"},"image":{"@id":"https:\/\/narteks.net\/index.php\/2010\/02\/22\/yasamak-agrisi-asildi-boynuma-ahmet-kaya-ve-sarkilari\/#primaryimage"},"thumbnailUrl":"http:\/\/upload.wikimedia.org\/wikipedia\/tr\/1\/15\/Pere_Lachaise_Ahmet_Kaya_T%C3%BCm.JPG","articleSection":["M\u00fczisyenler"],"inLanguage":"tr","potentialAction":[{"@type":"CommentAction","name":"Comment","target":["https:\/\/narteks.net\/index.php\/2010\/02\/22\/yasamak-agrisi-asildi-boynuma-ahmet-kaya-ve-sarkilari\/#respond"]}]},{"@type":"WebPage","@id":"https:\/\/narteks.net\/index.php\/2010\/02\/22\/yasamak-agrisi-asildi-boynuma-ahmet-kaya-ve-sarkilari\/","url":"https:\/\/narteks.net\/index.php\/2010\/02\/22\/yasamak-agrisi-asildi-boynuma-ahmet-kaya-ve-sarkilari\/","name":"Ya\u015famak a\u011fr\u0131s\u0131 as\u0131ld\u0131 boynuma | Ahmet Kaya ve \u015fark\u0131lar\u0131 - narteks.net","isPartOf":{"@id":"https:\/\/narteks.net\/#website"},"primaryImageOfPage":{"@id":"https:\/\/narteks.net\/index.php\/2010\/02\/22\/yasamak-agrisi-asildi-boynuma-ahmet-kaya-ve-sarkilari\/#primaryimage"},"image":{"@id":"https:\/\/narteks.net\/index.php\/2010\/02\/22\/yasamak-agrisi-asildi-boynuma-ahmet-kaya-ve-sarkilari\/#primaryimage"},"thumbnailUrl":"http:\/\/upload.wikimedia.org\/wikipedia\/tr\/1\/15\/Pere_Lachaise_Ahmet_Kaya_T%C3%BCm.JPG","datePublished":"2010-02-22T12:44:07+00:00","breadcrumb":{"@id":"https:\/\/narteks.net\/index.php\/2010\/02\/22\/yasamak-agrisi-asildi-boynuma-ahmet-kaya-ve-sarkilari\/#breadcrumb"},"inLanguage":"tr","potentialAction":[{"@type":"ReadAction","target":["https:\/\/narteks.net\/index.php\/2010\/02\/22\/yasamak-agrisi-asildi-boynuma-ahmet-kaya-ve-sarkilari\/"]}]},{"@type":"ImageObject","inLanguage":"tr","@id":"https:\/\/narteks.net\/index.php\/2010\/02\/22\/yasamak-agrisi-asildi-boynuma-ahmet-kaya-ve-sarkilari\/#primaryimage","url":"http:\/\/upload.wikimedia.org\/wikipedia\/tr\/1\/15\/Pere_Lachaise_Ahmet_Kaya_T%C3%BCm.JPG","contentUrl":"http:\/\/upload.wikimedia.org\/wikipedia\/tr\/1\/15\/Pere_Lachaise_Ahmet_Kaya_T%C3%BCm.JPG"},{"@type":"BreadcrumbList","@id":"https:\/\/narteks.net\/index.php\/2010\/02\/22\/yasamak-agrisi-asildi-boynuma-ahmet-kaya-ve-sarkilari\/#breadcrumb","itemListElement":[{"@type":"ListItem","position":1,"name":"Anasayfa","item":"https:\/\/narteks.net\/"},{"@type":"ListItem","position":2,"name":"Ya\u015famak a\u011fr\u0131s\u0131 as\u0131ld\u0131 boynuma | Ahmet Kaya ve \u015fark\u0131lar\u0131"}]},{"@type":"WebSite","@id":"https:\/\/narteks.net\/#website","url":"https:\/\/narteks.net\/","name":"narteks.net","description":"K\u00fclt\u00fcr Sanat Edebiyat Felsefe","publisher":{"@id":"https:\/\/narteks.net\/#organization"},"alternateName":"K\u00fclt\u00fcr Sanat Edebiyat Felsefe","potentialAction":[{"@type":"SearchAction","target":{"@type":"EntryPoint","urlTemplate":"https:\/\/narteks.net\/?s={search_term_string}"},"query-input":{"@type":"PropertyValueSpecification","valueRequired":true,"valueName":"search_term_string"}}],"inLanguage":"tr"},{"@type":"Organization","@id":"https:\/\/narteks.net\/#organization","name":"narteks.net","url":"https:\/\/narteks.net\/","logo":{"@type":"ImageObject","inLanguage":"tr","@id":"https:\/\/narteks.net\/#\/schema\/logo\/image\/","url":"https:\/\/narteks.net\/wp-content\/uploads\/narteks.png","contentUrl":"https:\/\/narteks.net\/wp-content\/uploads\/narteks.png","width":300,"height":90,"caption":"narteks.net"},"image":{"@id":"https:\/\/narteks.net\/#\/schema\/logo\/image\/"},"sameAs":["https:\/\/x.com\/narteks","https:\/\/instagram.com\/narteksnet"]},{"@type":"Person","@id":"https:\/\/narteks.net\/#\/schema\/person\/61f37d9834294b72d31d274e7ed79bca","name":"Tar\u0131k","image":{"@type":"ImageObject","inLanguage":"tr","@id":"https:\/\/narteks.net\/#\/schema\/person\/image\/","url":"https:\/\/secure.gravatar.com\/avatar\/50865afb55632c4ae467e0af0930f6510aa2297d8014be502a55b14f3b7550cf?s=96&d=mm&r=g","contentUrl":"https:\/\/secure.gravatar.com\/avatar\/50865afb55632c4ae467e0af0930f6510aa2297d8014be502a55b14f3b7550cf?s=96&d=mm&r=g","caption":"Tar\u0131k"},"sameAs":["http:\/\/narteks.net"],"url":"https:\/\/narteks.net\/index.php\/author\/narbak\/"}]}},"_links":{"self":[{"href":"https:\/\/narteks.net\/index.php\/wp-json\/wp\/v2\/posts\/4249","targetHints":{"allow":["GET"]}}],"collection":[{"href":"https:\/\/narteks.net\/index.php\/wp-json\/wp\/v2\/posts"}],"about":[{"href":"https:\/\/narteks.net\/index.php\/wp-json\/wp\/v2\/types\/post"}],"author":[{"embeddable":true,"href":"https:\/\/narteks.net\/index.php\/wp-json\/wp\/v2\/users\/1"}],"replies":[{"embeddable":true,"href":"https:\/\/narteks.net\/index.php\/wp-json\/wp\/v2\/comments?post=4249"}],"version-history":[{"count":0,"href":"https:\/\/narteks.net\/index.php\/wp-json\/wp\/v2\/posts\/4249\/revisions"}],"wp:attachment":[{"href":"https:\/\/narteks.net\/index.php\/wp-json\/wp\/v2\/media?parent=4249"}],"wp:term":[{"taxonomy":"category","embeddable":true,"href":"https:\/\/narteks.net\/index.php\/wp-json\/wp\/v2\/categories?post=4249"},{"taxonomy":"post_tag","embeddable":true,"href":"https:\/\/narteks.net\/index.php\/wp-json\/wp\/v2\/tags?post=4249"}],"curies":[{"name":"wp","href":"https:\/\/api.w.org\/{rel}","templated":true}]}}