{"id":4250,"date":"2010-02-22T16:00:48","date_gmt":"2010-02-22T13:00:48","guid":{"rendered":"http:\/\/localhost\/wordpress\/2010\/02\/22\/2010-bafta-oeduelleri-belli-oldu\/"},"modified":"2010-02-22T16:00:48","modified_gmt":"2010-02-22T13:00:48","slug":"2010-bafta-oeduelleri-belli-oldu","status":"publish","type":"post","link":"https:\/\/narteks.net\/index.php\/2010\/02\/22\/2010-bafta-oeduelleri-belli-oldu\/","title":{"rendered":"2010 BAFTA \u00d6d\u00fclleri Belli Oldu"},"content":{"rendered":"<p>EN \u0130Y\u0130 F\u0130LM<\/p>\n<p>The Hurt Locker<\/p>\n<p>EN \u0130Y\u0130 KADIN OYUNCU<\/p>\n<p>An Education filmindeki rol\u00fcyle Carey Mulligan<\/p>\n<p>EN \u0130Y\u0130 ERKEK OYUNCU<\/p>\n<p>A Single Man filmindeki rol\u00fcyle Colin Firth<\/p>\n<p>EN \u0130Y\u0130 Y\u00d6NETMEN<\/p>\n<p>Hurt Locker filmiyle Kathyrn Bigelow<\/p>\n<p>YABANCI D\u0130LDE EN \u0130Y\u0130 F\u0130LM<\/p>\n<p>Un Prophet<\/p>\n<p>EN \u0130Y\u0130 AN\u0130MASYON F\u0130LM<\/p>\n<p>Up<\/p>\n<p>EN \u0130Y\u0130 UYARLAMA SENARYO<\/p>\n<p>Up In The Air<\/p>\n<p>ORANGE Y\u00dcKSELEN YILDIZ<\/p>\n<p>Kristen Stewart (Halk Oylamas\u0131)<\/p>\n<p>EN \u0130Y\u0130 YAPIM TASARIMI<\/p>\n<p>Avatar<\/p>\n<p>EN \u0130Y\u0130 OR\u0130J\u0130NAL SENARYO<\/p>\n<p>Hurt Locker Senaristi Mark Boal<\/p>\n<p>G\u00d6ZE \u00c7ARPAN \u0130NG\u0130L\u0130Z F\u0130LM\u0130<\/p>\n<p>Fish Tank<\/p>\n<p>EN \u0130Y\u0130 YARDIMCI KADIN OYUNCU<\/p>\n<p>Precious&#8217;taki rol\u00fcyle Mo&#8217;Nique<\/p>\n<p>EN \u0130Y\u0130 MAKYAJ&amp;SA\u00c7<\/p>\n<p>The Young Victoria<\/p>\n<p>EN \u0130Y\u0130 KOST\u00dcM TASARIMI<\/p>\n<p>The Young Victoria<\/p>\n<p>EN \u0130Y\u0130 YARDIMCI ERKEK OYUNCU<\/p>\n<p>Inglourious Basterds&#8217;taki rol\u00fcyle Christoph Waltz<\/p>\n<p>EN \u0130Y\u0130 G\u00d6RSEL EFEKT<\/p>\n<p>Avatar<\/p>\n<p>EN \u0130Y\u0130 S\u0130NEMATOGRAF\u0130<\/p>\n<p>The Hurt Locker<\/p>\n<p>EN \u0130Y\u0130 KURGU<\/p>\n<p>The Hurt Locker<\/p>\n<p>EN \u0130Y\u0130 SES<\/p>\n<p>The Hurt Locker<\/p>\n<p>EN \u0130Y\u0130 M\u00dcZ\u0130K<\/p>\n<p>The Hurt Locker<\/p>\n<p>EN \u0130Y\u0130 KISA AN\u0130MASYON<\/p>\n<p>Mother of Many<\/p>\n<p>EN \u0130Y\u0130 KISA F\u0130LM<\/p>\n<p>I Do Air<\/p>\n<p>\u0130NG\u0130L\u0130Z YAZAR\/Y\u00d6NETMEN\/YAPIMCI OLARAK EN \u0130Y\u0130 \u00c7IKI\u015e<\/p>\n<p>Moon filminin y\u00f6netmeni Duncan Jones<\/p>\n","protected":false},"excerpt":{"rendered":"<p>EN \u0130Y\u0130 F\u0130LM The Hurt Locker EN \u0130Y\u0130 KADIN OYUNCU An Education filmindeki rol\u00fcyle Carey Mulligan EN \u0130Y\u0130 ERKEK OYUNCU A Single Man filmindeki rol\u00fcyle Colin Firth EN \u0130Y\u0130 Y\u00d6NETMEN Hurt Locker filmiyle Kathyrn Bigelow YABANCI D\u0130LDE EN \u0130Y\u0130 F\u0130LM Un Prophet EN \u0130Y\u0130 AN\u0130MASYON F\u0130LM Up EN \u0130Y\u0130 UYARLAMA SENARYO Up In The Air [&hellip;]<\/p>\n","protected":false},"author":1,"featured_media":0,"comment_status":"open","ping_status":"open","sticky":false,"template":"","format":"standard","meta":{"footnotes":""},"categories":[111],"tags":[],"class_list":{"0":"post-4250","1":"post","2":"type-post","3":"status-publish","4":"format-standard","6":"category-sinema-haberleri"},"yoast_head":"<!-- This site is optimized with the Yoast SEO Premium plugin v24.9 (Yoast SEO v24.9) - https:\/\/yoast.com\/wordpress\/plugins\/seo\/ -->\n<title>2010 BAFTA \u00d6d\u00fclleri Belli Oldu - narteks.net<\/title>\n<meta name=\"robots\" content=\"index, follow, max-snippet:-1, max-image-preview:large, max-video-preview:-1\" \/>\n<link rel=\"canonical\" href=\"https:\/\/narteks.net\/index.php\/2010\/02\/22\/2010-bafta-oeduelleri-belli-oldu\/\" \/>\n<meta property=\"og:locale\" content=\"tr_TR\" \/>\n<meta property=\"og:type\" content=\"article\" \/>\n<meta property=\"og:title\" content=\"2010 BAFTA \u00d6d\u00fclleri Belli Oldu\" \/>\n<meta property=\"og:description\" content=\"EN \u0130Y\u0130 F\u0130LM The Hurt Locker EN \u0130Y\u0130 KADIN OYUNCU An Education filmindeki rol\u00fcyle Carey Mulligan EN \u0130Y\u0130 ERKEK OYUNCU A Single Man filmindeki rol\u00fcyle Colin Firth EN \u0130Y\u0130 Y\u00d6NETMEN Hurt Locker filmiyle Kathyrn Bigelow YABANCI D\u0130LDE EN \u0130Y\u0130 F\u0130LM Un Prophet EN \u0130Y\u0130 AN\u0130MASYON F\u0130LM Up EN \u0130Y\u0130 UYARLAMA SENARYO Up In The Air [&hellip;]\" \/>\n<meta property=\"og:url\" content=\"https:\/\/narteks.net\/index.php\/2010\/02\/22\/2010-bafta-oeduelleri-belli-oldu\/\" \/>\n<meta property=\"og:site_name\" content=\"narteks.net\" \/>\n<meta property=\"article:published_time\" content=\"2010-02-22T13:00:48+00:00\" \/>\n<meta property=\"og:image\" content=\"https:\/\/narteks.net\/wp-content\/uploads\/narteks.png\" \/>\n\t<meta property=\"og:image:width\" content=\"300\" \/>\n\t<meta property=\"og:image:height\" content=\"90\" \/>\n\t<meta property=\"og:image:type\" content=\"image\/png\" \/>\n<meta name=\"author\" content=\"Tar\u0131k\" \/>\n<meta name=\"twitter:card\" content=\"summary_large_image\" \/>\n<meta name=\"twitter:creator\" content=\"@narteks\" \/>\n<meta name=\"twitter:site\" content=\"@narteks\" \/>\n<meta name=\"twitter:label1\" content=\"Yazan:\" \/>\n\t<meta name=\"twitter:data1\" content=\"Tar\u0131k\" \/>\n\t<meta name=\"twitter:label2\" content=\"Tahmini okuma s\u00fcresi\" \/>\n\t<meta name=\"twitter:data2\" content=\"1 dakika\" \/>\n<script type=\"application\/ld+json\" class=\"yoast-schema-graph\">{\"@context\":\"https:\/\/schema.org\",\"@graph\":[{\"@type\":\"Article\",\"@id\":\"https:\/\/narteks.net\/index.php\/2010\/02\/22\/2010-bafta-oeduelleri-belli-oldu\/#article\",\"isPartOf\":{\"@id\":\"https:\/\/narteks.net\/index.php\/2010\/02\/22\/2010-bafta-oeduelleri-belli-oldu\/\"},\"author\":{\"name\":\"Tar\u0131k\",\"@id\":\"https:\/\/narteks.net\/#\/schema\/person\/61f37d9834294b72d31d274e7ed79bca\"},\"headline\":\"2010 BAFTA \u00d6d\u00fclleri Belli Oldu\",\"datePublished\":\"2010-02-22T13:00:48+00:00\",\"mainEntityOfPage\":{\"@id\":\"https:\/\/narteks.net\/index.php\/2010\/02\/22\/2010-bafta-oeduelleri-belli-oldu\/\"},\"wordCount\":204,\"commentCount\":0,\"publisher\":{\"@id\":\"https:\/\/narteks.net\/#organization\"},\"articleSection\":[\"Sinema Haberleri\"],\"inLanguage\":\"tr\",\"potentialAction\":[{\"@type\":\"CommentAction\",\"name\":\"Comment\",\"target\":[\"https:\/\/narteks.net\/index.php\/2010\/02\/22\/2010-bafta-oeduelleri-belli-oldu\/#respond\"]}]},{\"@type\":\"WebPage\",\"@id\":\"https:\/\/narteks.net\/index.php\/2010\/02\/22\/2010-bafta-oeduelleri-belli-oldu\/\",\"url\":\"https:\/\/narteks.net\/index.php\/2010\/02\/22\/2010-bafta-oeduelleri-belli-oldu\/\",\"name\":\"2010 BAFTA \u00d6d\u00fclleri Belli Oldu - narteks.net\",\"isPartOf\":{\"@id\":\"https:\/\/narteks.net\/#website\"},\"datePublished\":\"2010-02-22T13:00:48+00:00\",\"breadcrumb\":{\"@id\":\"https:\/\/narteks.net\/index.php\/2010\/02\/22\/2010-bafta-oeduelleri-belli-oldu\/#breadcrumb\"},\"inLanguage\":\"tr\",\"potentialAction\":[{\"@type\":\"ReadAction\",\"target\":[\"https:\/\/narteks.net\/index.php\/2010\/02\/22\/2010-bafta-oeduelleri-belli-oldu\/\"]}]},{\"@type\":\"BreadcrumbList\",\"@id\":\"https:\/\/narteks.net\/index.php\/2010\/02\/22\/2010-bafta-oeduelleri-belli-oldu\/#breadcrumb\",\"itemListElement\":[{\"@type\":\"ListItem\",\"position\":1,\"name\":\"Anasayfa\",\"item\":\"https:\/\/narteks.net\/\"},{\"@type\":\"ListItem\",\"position\":2,\"name\":\"2010 BAFTA \u00d6d\u00fclleri Belli Oldu\"}]},{\"@type\":\"WebSite\",\"@id\":\"https:\/\/narteks.net\/#website\",\"url\":\"https:\/\/narteks.net\/\",\"name\":\"narteks.net\",\"description\":\"K\u00fclt\u00fcr Sanat Edebiyat Felsefe\",\"publisher\":{\"@id\":\"https:\/\/narteks.net\/#organization\"},\"alternateName\":\"K\u00fclt\u00fcr Sanat Edebiyat Felsefe\",\"potentialAction\":[{\"@type\":\"SearchAction\",\"target\":{\"@type\":\"EntryPoint\",\"urlTemplate\":\"https:\/\/narteks.net\/?s={search_term_string}\"},\"query-input\":{\"@type\":\"PropertyValueSpecification\",\"valueRequired\":true,\"valueName\":\"search_term_string\"}}],\"inLanguage\":\"tr\"},{\"@type\":\"Organization\",\"@id\":\"https:\/\/narteks.net\/#organization\",\"name\":\"narteks.net\",\"url\":\"https:\/\/narteks.net\/\",\"logo\":{\"@type\":\"ImageObject\",\"inLanguage\":\"tr\",\"@id\":\"https:\/\/narteks.net\/#\/schema\/logo\/image\/\",\"url\":\"https:\/\/narteks.net\/wp-content\/uploads\/narteks.png\",\"contentUrl\":\"https:\/\/narteks.net\/wp-content\/uploads\/narteks.png\",\"width\":300,\"height\":90,\"caption\":\"narteks.net\"},\"image\":{\"@id\":\"https:\/\/narteks.net\/#\/schema\/logo\/image\/\"},\"sameAs\":[\"https:\/\/x.com\/narteks\",\"https:\/\/instagram.com\/narteksnet\"]},{\"@type\":\"Person\",\"@id\":\"https:\/\/narteks.net\/#\/schema\/person\/61f37d9834294b72d31d274e7ed79bca\",\"name\":\"Tar\u0131k\",\"image\":{\"@type\":\"ImageObject\",\"inLanguage\":\"tr\",\"@id\":\"https:\/\/narteks.net\/#\/schema\/person\/image\/\",\"url\":\"https:\/\/secure.gravatar.com\/avatar\/50865afb55632c4ae467e0af0930f6510aa2297d8014be502a55b14f3b7550cf?s=96&d=mm&r=g\",\"contentUrl\":\"https:\/\/secure.gravatar.com\/avatar\/50865afb55632c4ae467e0af0930f6510aa2297d8014be502a55b14f3b7550cf?s=96&d=mm&r=g\",\"caption\":\"Tar\u0131k\"},\"sameAs\":[\"http:\/\/narteks.net\"],\"url\":\"https:\/\/narteks.net\/index.php\/author\/narbak\/\"}]}<\/script>\n<!-- \/ Yoast SEO Premium plugin. -->","yoast_head_json":{"title":"2010 BAFTA \u00d6d\u00fclleri Belli Oldu - narteks.net","robots":{"index":"index","follow":"follow","max-snippet":"max-snippet:-1","max-image-preview":"max-image-preview:large","max-video-preview":"max-video-preview:-1"},"canonical":"https:\/\/narteks.net\/index.php\/2010\/02\/22\/2010-bafta-oeduelleri-belli-oldu\/","og_locale":"tr_TR","og_type":"article","og_title":"2010 BAFTA \u00d6d\u00fclleri Belli Oldu","og_description":"EN \u0130Y\u0130 F\u0130LM The Hurt Locker EN \u0130Y\u0130 KADIN OYUNCU An Education filmindeki rol\u00fcyle Carey Mulligan EN \u0130Y\u0130 ERKEK OYUNCU A Single Man filmindeki rol\u00fcyle Colin Firth EN \u0130Y\u0130 Y\u00d6NETMEN Hurt Locker filmiyle Kathyrn Bigelow YABANCI D\u0130LDE EN \u0130Y\u0130 F\u0130LM Un Prophet EN \u0130Y\u0130 AN\u0130MASYON F\u0130LM Up EN \u0130Y\u0130 UYARLAMA SENARYO Up In The Air [&hellip;]","og_url":"https:\/\/narteks.net\/index.php\/2010\/02\/22\/2010-bafta-oeduelleri-belli-oldu\/","og_site_name":"narteks.net","article_published_time":"2010-02-22T13:00:48+00:00","og_image":[{"width":300,"height":90,"url":"https:\/\/narteks.net\/wp-content\/uploads\/narteks.png","type":"image\/png"}],"author":"Tar\u0131k","twitter_card":"summary_large_image","twitter_creator":"@narteks","twitter_site":"@narteks","twitter_misc":{"Yazan:":"Tar\u0131k","Tahmini okuma s\u00fcresi":"1 dakika"},"schema":{"@context":"https:\/\/schema.org","@graph":[{"@type":"Article","@id":"https:\/\/narteks.net\/index.php\/2010\/02\/22\/2010-bafta-oeduelleri-belli-oldu\/#article","isPartOf":{"@id":"https:\/\/narteks.net\/index.php\/2010\/02\/22\/2010-bafta-oeduelleri-belli-oldu\/"},"author":{"name":"Tar\u0131k","@id":"https:\/\/narteks.net\/#\/schema\/person\/61f37d9834294b72d31d274e7ed79bca"},"headline":"2010 BAFTA \u00d6d\u00fclleri Belli Oldu","datePublished":"2010-02-22T13:00:48+00:00","mainEntityOfPage":{"@id":"https:\/\/narteks.net\/index.php\/2010\/02\/22\/2010-bafta-oeduelleri-belli-oldu\/"},"wordCount":204,"commentCount":0,"publisher":{"@id":"https:\/\/narteks.net\/#organization"},"articleSection":["Sinema Haberleri"],"inLanguage":"tr","potentialAction":[{"@type":"CommentAction","name":"Comment","target":["https:\/\/narteks.net\/index.php\/2010\/02\/22\/2010-bafta-oeduelleri-belli-oldu\/#respond"]}]},{"@type":"WebPage","@id":"https:\/\/narteks.net\/index.php\/2010\/02\/22\/2010-bafta-oeduelleri-belli-oldu\/","url":"https:\/\/narteks.net\/index.php\/2010\/02\/22\/2010-bafta-oeduelleri-belli-oldu\/","name":"2010 BAFTA \u00d6d\u00fclleri Belli Oldu - narteks.net","isPartOf":{"@id":"https:\/\/narteks.net\/#website"},"datePublished":"2010-02-22T13:00:48+00:00","breadcrumb":{"@id":"https:\/\/narteks.net\/index.php\/2010\/02\/22\/2010-bafta-oeduelleri-belli-oldu\/#breadcrumb"},"inLanguage":"tr","potentialAction":[{"@type":"ReadAction","target":["https:\/\/narteks.net\/index.php\/2010\/02\/22\/2010-bafta-oeduelleri-belli-oldu\/"]}]},{"@type":"BreadcrumbList","@id":"https:\/\/narteks.net\/index.php\/2010\/02\/22\/2010-bafta-oeduelleri-belli-oldu\/#breadcrumb","itemListElement":[{"@type":"ListItem","position":1,"name":"Anasayfa","item":"https:\/\/narteks.net\/"},{"@type":"ListItem","position":2,"name":"2010 BAFTA \u00d6d\u00fclleri Belli Oldu"}]},{"@type":"WebSite","@id":"https:\/\/narteks.net\/#website","url":"https:\/\/narteks.net\/","name":"narteks.net","description":"K\u00fclt\u00fcr Sanat Edebiyat Felsefe","publisher":{"@id":"https:\/\/narteks.net\/#organization"},"alternateName":"K\u00fclt\u00fcr Sanat Edebiyat Felsefe","potentialAction":[{"@type":"SearchAction","target":{"@type":"EntryPoint","urlTemplate":"https:\/\/narteks.net\/?s={search_term_string}"},"query-input":{"@type":"PropertyValueSpecification","valueRequired":true,"valueName":"search_term_string"}}],"inLanguage":"tr"},{"@type":"Organization","@id":"https:\/\/narteks.net\/#organization","name":"narteks.net","url":"https:\/\/narteks.net\/","logo":{"@type":"ImageObject","inLanguage":"tr","@id":"https:\/\/narteks.net\/#\/schema\/logo\/image\/","url":"https:\/\/narteks.net\/wp-content\/uploads\/narteks.png","contentUrl":"https:\/\/narteks.net\/wp-content\/uploads\/narteks.png","width":300,"height":90,"caption":"narteks.net"},"image":{"@id":"https:\/\/narteks.net\/#\/schema\/logo\/image\/"},"sameAs":["https:\/\/x.com\/narteks","https:\/\/instagram.com\/narteksnet"]},{"@type":"Person","@id":"https:\/\/narteks.net\/#\/schema\/person\/61f37d9834294b72d31d274e7ed79bca","name":"Tar\u0131k","image":{"@type":"ImageObject","inLanguage":"tr","@id":"https:\/\/narteks.net\/#\/schema\/person\/image\/","url":"https:\/\/secure.gravatar.com\/avatar\/50865afb55632c4ae467e0af0930f6510aa2297d8014be502a55b14f3b7550cf?s=96&d=mm&r=g","contentUrl":"https:\/\/secure.gravatar.com\/avatar\/50865afb55632c4ae467e0af0930f6510aa2297d8014be502a55b14f3b7550cf?s=96&d=mm&r=g","caption":"Tar\u0131k"},"sameAs":["http:\/\/narteks.net"],"url":"https:\/\/narteks.net\/index.php\/author\/narbak\/"}]}},"_links":{"self":[{"href":"https:\/\/narteks.net\/index.php\/wp-json\/wp\/v2\/posts\/4250","targetHints":{"allow":["GET"]}}],"collection":[{"href":"https:\/\/narteks.net\/index.php\/wp-json\/wp\/v2\/posts"}],"about":[{"href":"https:\/\/narteks.net\/index.php\/wp-json\/wp\/v2\/types\/post"}],"author":[{"embeddable":true,"href":"https:\/\/narteks.net\/index.php\/wp-json\/wp\/v2\/users\/1"}],"replies":[{"embeddable":true,"href":"https:\/\/narteks.net\/index.php\/wp-json\/wp\/v2\/comments?post=4250"}],"version-history":[{"count":0,"href":"https:\/\/narteks.net\/index.php\/wp-json\/wp\/v2\/posts\/4250\/revisions"}],"wp:attachment":[{"href":"https:\/\/narteks.net\/index.php\/wp-json\/wp\/v2\/media?parent=4250"}],"wp:term":[{"taxonomy":"category","embeddable":true,"href":"https:\/\/narteks.net\/index.php\/wp-json\/wp\/v2\/categories?post=4250"},{"taxonomy":"post_tag","embeddable":true,"href":"https:\/\/narteks.net\/index.php\/wp-json\/wp\/v2\/tags?post=4250"}],"curies":[{"name":"wp","href":"https:\/\/api.w.org\/{rel}","templated":true}]}}