{"id":4251,"date":"2010-02-22T21:58:35","date_gmt":"2010-02-22T18:58:35","guid":{"rendered":"http:\/\/localhost\/wordpress\/2010\/02\/22\/her-denilene-inanirsan-ceza-rap-yapar-buna-da-inan-ceza-ve-sarkilari\/"},"modified":"2010-02-22T21:58:35","modified_gmt":"2010-02-22T18:58:35","slug":"her-denilene-inanirsan-ceza-rap-yapar-buna-da-inan-ceza-ve-sarkilari","status":"publish","type":"post","link":"https:\/\/narteks.net\/index.php\/2010\/02\/22\/her-denilene-inanirsan-ceza-rap-yapar-buna-da-inan-ceza-ve-sarkilari\/","title":{"rendered":"Her denilene inan\u0131rsan CEZA rap yapar! buna da inan! | Ceza ve \u015fark\u0131lar\u0131"},"content":{"rendered":"<p style=\"text-align: justify;\"><img loading=\"lazy\" decoding=\"async\" src=\"http:\/\/thecountdowntr.files.wordpress.com\/2008\/09\/16_162ceza2.jpg\" border=\"0\" width=\"155\" height=\"205\" style=\"float: left; border: 0;\" \/>Ceza(d. 31 Aral\u0131k, 1977) As\u0131l Ad\u0131 Bilgin \u00d6z\u00e7alkan&#8217;d\u0131r. Ceza, 1977 yilinda \u00dcsk\u00fcdar\/\u0130stanbul\u2019da dogdu. Rap m\u00fczige olan ilgisi ilkokul yillarinda sira arkadasindan \u00f6d\u00fcn\u00e7 aldigi kasetlerle basladi. Ceza tabii ki ger\u00e7ek ismi degil, bu onun hiphop\u2019ta kullanmak i\u00e7in se\u00e7tigi yada daha dogrusu kazandigi bir lakap! Katildigi hiphop partilerinde, Freestyle rap (yani o an sahneye \u00e7ikip m\u00fczik esliginde, o an yazilan s\u00f6zlerle rap yapma) yarismalarinda her zaman birinci olan Ceza i\u00e7in diger yarismacilar hep \u201ceyvah Ceza\u2019miz geldi\u201d diyorlarmis ve bunun sonucunda, o da Ceza\u2019yi lakap olarak kullanmaya baslamis. <br \/> Gen\u00e7lik yillarinda, \u00e7esitli projelerde yer alan Ceza, 1998 yilinda Dr. Fuchs ile bir araya gelerek \u201cNefret\u201di kurdu. Kendi \u00e7abalariyla yaptiklari deneme kayitlar\u0131 sonrasinda \u201cYeralti Operasyonu\u201d isimli toplama T\u00fcrk\u00e7e Rap alb\u00fcm\u00fcnde yer aldilar.<\/p>\n<p style=\"text-align: justify;\">\u201cYeralti Operasyonu\u201dnda en \u00e7ok ilgi \u00e7eken grup olan \u201cNefret\u201d, kisa bir s\u00fcre sonra Hammer M\u00fczik ile anlasarak ilk alb\u00fcm\u00fc \u201cMeclis-i Ala \u0130stanbul\u201du yayinladi. Alb\u00fcm\u00fcn hit par\u00e7asi \u201c\u0130stanbul\u201d i\u00e7in \u00e7ekilen videoklip bir\u00e7ok yerel ve ulusal TV kanalinda yayinlandi. Alb\u00fcm sonrasi T\u00fcrk ve Yabanci basindan olumlu elestiriler alan \u201cNefret\u201d, H2000, J&amp;B Dance Festivali ve Avrupa M\u00fczik Festivali gibi b\u00fcy\u00fck organizasyonlarda sahne aldi. \u201cMeclis-i Ala \u0130stanbul\u201d alb\u00fcmleri Hammer M\u00fczik\u2019in distrib\u00fct\u00f6rleri taraf\u0131ndan T\u00fcrkiye ile ayni anda Avrupa\u2019da da piyasaya s\u00fcr\u00fcld\u00fc. \u00d6zellikle T\u00fcrk\u00e7e Rap\u2019in b\u00fcy\u00fck ilgi g\u00f6rd\u00fcg\u00fc Almanya\u2019da T\u00fcrkiye\u2019den \u00e7ikan bir grup i\u00e7in y\u00fcksek bir satis rakamina ulasti.<\/p>\n<p>\u0130kinci alb\u00fcmleri \u201cAnahtar\u201d i\u00e7in \u0130stanbul\u2019da Digitalmix st\u00fcdyosunda kayida giren \u201cNefret\u201d, \u00e7alismalarini 2001 yilinin Temmuz ayinda tamamladi. Cartel grubundan Erci E, Wu Tang Clan i\u00e7in yaptigi featuring ile b\u00fcy\u00fck isim yapan Bektas, Megalomaniax grubundan Kader K, ve \u201cGer\u00e7ek Kal\u201d alb\u00fcm\u00fcyle ad\u0131ndan s\u00f6z ettiren Fresh B\u2019nin de konuk oldugu alb\u00fcmde scratch\u2019ler Almanya\u2019n\u0131n \u00fcnl\u00fc DJ\u2019leri DJ Rocky ve DJ Ness tarafindan atildi <\/p>\n<p> T\u00fcrkiye\u2019de yasanan ekonomik kriz ve Dr. Fuchs\u2019un ani sekilde askere gitmesi sonucu istenilen promosyonun yapilamamasina ragmen \u201cAnahtar\u201d \u00e7ok y\u00fcksek bir satis rakamina ulasti ve Nefret\u2019in T\u00fcrkiye\u2019nin en \u00e7ok satan ve D\u00fcnya\u2019da en \u00e7ok taninan T\u00fcrk\u00e7e Rap grubu olmasini sagladi! <\/p>\n<p> Dr. Fuchs\u2019un askere gitmesinin \u00fczerine, Ceza uzun s\u00fcredir \u00fczerinde \u00e7alistigi, solo alb\u00fcm projesine hiz verdi. Prod\u00fckt\u00f6r olarak Silahsiz Kuvvet\u2019ten Dj Mic Check\u2019i se\u00e7en Ceza; ilk solo alb\u00fcm\u00fc \u201cMed-Cezir\u201din kayitlarini Kuvvet Mira ve Digitalmix st\u00fcdyolarinda ger\u00e7eklestirdi. <\/p>\n<p> Solo alb\u00fcm \u00e7alismalari devam ederken T\u00fcrkiye\u2019de pek \u00e7ok konser veren Ceza, 2002\u2019nin Mart ayinda ilk yurtdisi konserini de \u0130sve\u00e7\u2019te ger\u00e7eklestirdi. \u0130sve\u00e7\u2019te yasayan T\u00fcrklerin yanisira \u0130sve\u00e7\u2019li m\u00fczikseverlerinde yogun ilgi g\u00f6sterdigi konser \u00e7ok ba\u015farili ge\u00e7ti. Ceza, \u0130sve\u00e7 seyahatinde ayrica \u0130sve\u00e7\u2019in en \u00f6nemli hiphop gruplarindan Fjarde Varlden ile birlikte bir par\u00e7a kaydetti. Bu par\u00e7a Fjarde Varlden\u2019in \u201cTamam\u201d adli single\u2019inda yeraldi ve \u0130sve\u00e7\u2019te CD ve LP olarak piyasaya \u00e7ikti. <\/p>\n<p> Haziran 2002\u2019de \u201cMed Cezir\u201d piyasaya \u00e7ikti. Alb\u00fcme adini veren \u201cMed Cezir\u201d par\u00e7asina daha \u00f6nce Levent Y\u00fcksel, Mirkelam gibi sanat\u00e7ilara \u00e7ektigi videokliplerle \u00fcnlenen y\u00f6netmen Murad K\u00fc\u00e7\u00fck tarafindan profesyonel bir video klip \u00e7ekildi. Klip m\u00fczik kanallarinda d\u00f6nerken, Ceza ayrica ulusal kanallarda haber b\u00fcltenlerine ve \u00e7esitli TV programlarina konuk oldu. T\u00fcm g\u00fcnl\u00fck gazeteler (H\u00fcrriyet, Milliyet, Sabah, Cumhuriyet, Vatan vs.), aylik dergiler (Blue Jean, Cosmo Girl, Akt\u00fcel, \u0130stanbul Life vs.) \u00f6zel r\u00f6portajlarla yer verdiler.<\/p>\n<p><object width=\"480\" height=\"389\" data=\"http:\/\/www.dailymotion.com\/swf\/xaqocr\" type=\"application\/x-shockwave-flash\"><param name=\"allowFullScreen\" value=\"true\" \/><param name=\"allowScriptAccess\" value=\"always\" \/><param name=\"src\" value=\"http:\/\/www.dailymotion.com\/swf\/xaqocr\" \/><param name=\"allowfullscreen\" value=\"true\" \/><\/object><br \/>\n<br \/><strong><a href=\"http:\/\/www.dailymotion.com\/video\/xaqocr_ceza-paydos_music\">Ceza &#8211; Paydos<\/a><\/strong><br \/><em> <\/em><\/p>\n<p style=\"text-align: justify;\">Alb\u00fcm sonrasinda T\u00fcrkiye\u2019nin d\u00f6rt bir yaninda konserler veren ve H2000, RockIstanbul gibi \u00f6nemli organizasyonlarda yer alan Ceza ayrica yurtdisinda Almanya, Hollanda, \u0130sve\u00e7, Norve\u00e7, Bel\u00e7ika gibi \u00fclkelerde sahne aldi. <\/p>\n<p> Ceza, Mart ayinda Mitsubishi Lancer i\u00e7in bir radyo reklamini seslendirerek tekrar g\u00fcndeme geldi. Reklamin \u00e7ekti\u011fi b\u00fcy\u00fck ilgi \u00fczerine devam b\u00f6l\u00fcmleride kaydedildi. <\/p>\n<p> \u0130kinci alb\u00fcm\u00fcn\u00fc hazirlayan Ceza, bu arada Candan Er\u00e7etin, Mercan Dede ve Burcu G\u00fcnes\u2019in alb\u00fcmleri i\u00e7inde d\u00fcetler kaydetti ve bu d\u00fcetlerle de ses getirdi. <\/p>\n<p> 2004 yilinin sonlarina yaklasirken Ceza, Rapstar alb\u00fcm\u00fcn\u00fc piyasaya s\u00fcrd\u00fc, alb\u00fcmde 22 track bulunuyordur, alb\u00fcm genelde basarili bir perspektif \u00e7iziyor, farkli beat\u00b4ler \u00fczerinde de rap yapilabilecegini kanitlamaya \u00e7alisiyor adeta, sarki s\u00f6zleri \u00e7ok ince elenmis sik dokunmus, bazen bir s\u00f6zl\u00fcge ihtiya\u00e7 duydugumuz anlar oluyor ama yine de mesajlar dogru kanallara ulastirilmis g\u00f6z\u00fck\u00fcyor, rap camiasina atiflarda bulunulmus,dokundurmalar yer yer g\u00f6ze batiyor, ama bir &#8220;diss&#8221; mantigiyla degil, daha \u00e7ok yeri gelince s\u00f6ylenmis dokundurmalar, sonu\u00e7 olarak Ceza\u00b4dan beklenebilecek kalitede bir \u00e7alismanin \u00fcr\u00fcn\u00fc. Alb\u00fcmde Sahtiyan, Fuchs, Fuat, Ayben, Mic check, bu projede sanatciya eslik eden isimlerdir. <\/p>\n<p> <strong><span style=\"font-size: small;\"> <\/span><\/strong><strong>ceza:<\/strong><\/p>\n<p style=\"text-align: justify;\">Bir kursun kaleme benzer hayat tek eksik silgidir anla insanlar kendileri yazmakta zannetmekte dunyanin gonlunu almak cok zordur oldurmek bir intihardir aldatmaksa intizardir kandirmaksa hep zarardir hep siyahtir fatalrhymer represent; gezegenime sahip olamadim ama yeralti benim olsun yildizlar hep yanimdalar dusmanlar hep yanildilar dusmanlar hep yarildilar 77 den beri her gun olumu gormekten biktim ben herkes bir kere olsun olmeyecek olan olumude gorsun herkes bir kere gulsun varolusun temeli sarsildi dikkat; cikarcilar taaruzda yalancilar zafere cok yakinlar ekmek aslanin agzindaysa sular benim kalbimde sahtiyan:<br \/> rapte melankoli sahtiyan geceleri uyku girmez gozlerime underground da kim var diye dusunurum her gece yaptigim en kotu sarki gotunuzu tavana vurduracak duzeyde arap collerinin derinliklerinde bulunur alcak duvarlari neredeyse sayisiz asirlarin kumlariyla saklanmis halde cokmekte olan dilsiz ve adsiz turkce rapi ali cengiz oyunlarina getirenleri esefle kinama gorevinde arkadan bizans oyunlari ceviren %90 salak turk halki belkide aziz nesin hakliydi gercek kurmacadan daha tuhafti olmayan sorunlari yaratan anandi hicbir buyucu beni kandiramadi tasinabilir gurur koruyucu tasinabilir yalan dedektoru oklittus kuramlar bos bakis acisi satilik ruhlar toplumsal yarilis cabasi sabah 6 ayazinda rap yarimadasinda afgan daglarinda amerikan tshirt u giymiyor diye vurulan cocuklara tasaklari olan teyzelere rap yaptiranlara gunde bir kere sahtiyan tok karinlara mistik caglarda olumde olur sok bunu kafana <br \/> mic check :<br \/> asar kim ki daglari farz i misal; gucunu has eden normlari sorunlari bes bini asmis zugurtun nallari kanlari akitan caninin kilici mikrofonun efendileri bogazin kara sularindan bulanik bakici rakici; bir buyuk icmiscesine kafaci rap ile kasici polimetrik lirikal kulak kabartici sen olsan ben kemirgen yirtici micro s check ik micro checkt i pimi bosphoritik uc mc dev aynasindan buyuteci gunese cevirdi insanligin dusmani rap ile civilendi mimlendi korun problemleri cozume erdi ermis lirikal pen ve ben yeralti gunesiyle eridi halil imin sulasyonu ucurumdan intikamini har eyledi<\/p>\n<p>\n<object width=\"400\" height=\"300\" data=\"http:\/\/www.humyo.com\/E\/10044311-281475252613747?a=VoFVJ-y-Gys%2Cp28GZkU2dp4%2CaD5UcXKrmY4\" type=\"application\/x-shockwave-flash\"><param name=\"flashvars\" value=\"autostart=true&amp;\" \/><param name=\"src\" value=\"http:\/\/www.humyo.com\/E\/10044311-281475252613747?a=VoFVJ-y-Gys%2Cp28GZkU2dp4%2CaD5UcXKrmY4\" \/><\/object><\/p>\n","protected":false},"excerpt":{"rendered":"<p>Ceza(d. 31 Aral\u0131k, 1977) As\u0131l Ad\u0131 Bilgin \u00d6z\u00e7alkan&#8217;d\u0131r. Ceza, 1977 yilinda \u00dcsk\u00fcdar\/\u0130stanbul\u2019da dogdu. Rap m\u00fczige olan ilgisi ilkokul yillarinda sira arkadasindan \u00f6d\u00fcn\u00e7 aldigi kasetlerle basladi. Ceza tabii ki ger\u00e7ek ismi degil, bu onun hiphop\u2019ta kullanmak i\u00e7in se\u00e7tigi yada daha dogrusu kazandigi bir lakap! Katildigi hiphop partilerinde, Freestyle rap (yani o an sahneye \u00e7ikip m\u00fczik esliginde, [&hellip;]<\/p>\n","protected":false},"author":1,"featured_media":0,"comment_status":"open","ping_status":"open","sticky":false,"template":"","format":"standard","meta":{"footnotes":""},"categories":[100],"tags":[],"class_list":{"0":"post-4251","1":"post","2":"type-post","3":"status-publish","4":"format-standard","6":"category-muzisyenler"},"yoast_head":"<!-- This site is optimized with the Yoast SEO Premium plugin v24.9 (Yoast SEO v24.9) - https:\/\/yoast.com\/wordpress\/plugins\/seo\/ -->\n<title>Her denilene inan\u0131rsan CEZA rap yapar! buna da inan! | Ceza ve \u015fark\u0131lar\u0131 - narteks.net<\/title>\n<meta name=\"robots\" content=\"index, follow, max-snippet:-1, max-image-preview:large, max-video-preview:-1\" \/>\n<link rel=\"canonical\" href=\"https:\/\/narteks.net\/index.php\/2010\/02\/22\/her-denilene-inanirsan-ceza-rap-yapar-buna-da-inan-ceza-ve-sarkilari\/\" \/>\n<meta property=\"og:locale\" content=\"tr_TR\" \/>\n<meta property=\"og:type\" content=\"article\" \/>\n<meta property=\"og:title\" content=\"Her denilene inan\u0131rsan CEZA rap yapar! buna da inan! | Ceza ve \u015fark\u0131lar\u0131\" \/>\n<meta property=\"og:description\" content=\"Ceza(d. 31 Aral\u0131k, 1977) As\u0131l Ad\u0131 Bilgin \u00d6z\u00e7alkan&#8217;d\u0131r. Ceza, 1977 yilinda \u00dcsk\u00fcdar\/\u0130stanbul\u2019da dogdu. Rap m\u00fczige olan ilgisi ilkokul yillarinda sira arkadasindan \u00f6d\u00fcn\u00e7 aldigi kasetlerle basladi. Ceza tabii ki ger\u00e7ek ismi degil, bu onun hiphop\u2019ta kullanmak i\u00e7in se\u00e7tigi yada daha dogrusu kazandigi bir lakap! Katildigi hiphop partilerinde, Freestyle rap (yani o an sahneye \u00e7ikip m\u00fczik esliginde, [&hellip;]\" \/>\n<meta property=\"og:url\" content=\"https:\/\/narteks.net\/index.php\/2010\/02\/22\/her-denilene-inanirsan-ceza-rap-yapar-buna-da-inan-ceza-ve-sarkilari\/\" \/>\n<meta property=\"og:site_name\" content=\"narteks.net\" \/>\n<meta property=\"article:published_time\" content=\"2010-02-22T18:58:35+00:00\" \/>\n<meta property=\"og:image\" content=\"http:\/\/thecountdowntr.files.wordpress.com\/2008\/09\/16_162ceza2.jpg\" \/>\n<meta name=\"author\" content=\"Tar\u0131k\" \/>\n<meta name=\"twitter:card\" content=\"summary_large_image\" \/>\n<meta name=\"twitter:creator\" content=\"@narteks\" \/>\n<meta name=\"twitter:site\" content=\"@narteks\" \/>\n<meta name=\"twitter:label1\" content=\"Yazan:\" \/>\n\t<meta name=\"twitter:data1\" content=\"Tar\u0131k\" \/>\n\t<meta name=\"twitter:label2\" content=\"Tahmini okuma s\u00fcresi\" \/>\n\t<meta name=\"twitter:data2\" content=\"6 dakika\" \/>\n<script type=\"application\/ld+json\" class=\"yoast-schema-graph\">{\"@context\":\"https:\/\/schema.org\",\"@graph\":[{\"@type\":\"Article\",\"@id\":\"https:\/\/narteks.net\/index.php\/2010\/02\/22\/her-denilene-inanirsan-ceza-rap-yapar-buna-da-inan-ceza-ve-sarkilari\/#article\",\"isPartOf\":{\"@id\":\"https:\/\/narteks.net\/index.php\/2010\/02\/22\/her-denilene-inanirsan-ceza-rap-yapar-buna-da-inan-ceza-ve-sarkilari\/\"},\"author\":{\"name\":\"Tar\u0131k\",\"@id\":\"https:\/\/narteks.net\/#\/schema\/person\/61f37d9834294b72d31d274e7ed79bca\"},\"headline\":\"Her denilene inan\u0131rsan CEZA rap yapar! buna da inan! | Ceza ve \u015fark\u0131lar\u0131\",\"datePublished\":\"2010-02-22T18:58:35+00:00\",\"mainEntityOfPage\":{\"@id\":\"https:\/\/narteks.net\/index.php\/2010\/02\/22\/her-denilene-inanirsan-ceza-rap-yapar-buna-da-inan-ceza-ve-sarkilari\/\"},\"wordCount\":1118,\"commentCount\":0,\"publisher\":{\"@id\":\"https:\/\/narteks.net\/#organization\"},\"image\":{\"@id\":\"https:\/\/narteks.net\/index.php\/2010\/02\/22\/her-denilene-inanirsan-ceza-rap-yapar-buna-da-inan-ceza-ve-sarkilari\/#primaryimage\"},\"thumbnailUrl\":\"http:\/\/thecountdowntr.files.wordpress.com\/2008\/09\/16_162ceza2.jpg\",\"articleSection\":[\"M\u00fczisyenler\"],\"inLanguage\":\"tr\",\"potentialAction\":[{\"@type\":\"CommentAction\",\"name\":\"Comment\",\"target\":[\"https:\/\/narteks.net\/index.php\/2010\/02\/22\/her-denilene-inanirsan-ceza-rap-yapar-buna-da-inan-ceza-ve-sarkilari\/#respond\"]}]},{\"@type\":\"WebPage\",\"@id\":\"https:\/\/narteks.net\/index.php\/2010\/02\/22\/her-denilene-inanirsan-ceza-rap-yapar-buna-da-inan-ceza-ve-sarkilari\/\",\"url\":\"https:\/\/narteks.net\/index.php\/2010\/02\/22\/her-denilene-inanirsan-ceza-rap-yapar-buna-da-inan-ceza-ve-sarkilari\/\",\"name\":\"Her denilene inan\u0131rsan CEZA rap yapar! buna da inan! | Ceza ve \u015fark\u0131lar\u0131 - narteks.net\",\"isPartOf\":{\"@id\":\"https:\/\/narteks.net\/#website\"},\"primaryImageOfPage\":{\"@id\":\"https:\/\/narteks.net\/index.php\/2010\/02\/22\/her-denilene-inanirsan-ceza-rap-yapar-buna-da-inan-ceza-ve-sarkilari\/#primaryimage\"},\"image\":{\"@id\":\"https:\/\/narteks.net\/index.php\/2010\/02\/22\/her-denilene-inanirsan-ceza-rap-yapar-buna-da-inan-ceza-ve-sarkilari\/#primaryimage\"},\"thumbnailUrl\":\"http:\/\/thecountdowntr.files.wordpress.com\/2008\/09\/16_162ceza2.jpg\",\"datePublished\":\"2010-02-22T18:58:35+00:00\",\"breadcrumb\":{\"@id\":\"https:\/\/narteks.net\/index.php\/2010\/02\/22\/her-denilene-inanirsan-ceza-rap-yapar-buna-da-inan-ceza-ve-sarkilari\/#breadcrumb\"},\"inLanguage\":\"tr\",\"potentialAction\":[{\"@type\":\"ReadAction\",\"target\":[\"https:\/\/narteks.net\/index.php\/2010\/02\/22\/her-denilene-inanirsan-ceza-rap-yapar-buna-da-inan-ceza-ve-sarkilari\/\"]}]},{\"@type\":\"ImageObject\",\"inLanguage\":\"tr\",\"@id\":\"https:\/\/narteks.net\/index.php\/2010\/02\/22\/her-denilene-inanirsan-ceza-rap-yapar-buna-da-inan-ceza-ve-sarkilari\/#primaryimage\",\"url\":\"http:\/\/thecountdowntr.files.wordpress.com\/2008\/09\/16_162ceza2.jpg\",\"contentUrl\":\"http:\/\/thecountdowntr.files.wordpress.com\/2008\/09\/16_162ceza2.jpg\"},{\"@type\":\"BreadcrumbList\",\"@id\":\"https:\/\/narteks.net\/index.php\/2010\/02\/22\/her-denilene-inanirsan-ceza-rap-yapar-buna-da-inan-ceza-ve-sarkilari\/#breadcrumb\",\"itemListElement\":[{\"@type\":\"ListItem\",\"position\":1,\"name\":\"Anasayfa\",\"item\":\"https:\/\/narteks.net\/\"},{\"@type\":\"ListItem\",\"position\":2,\"name\":\"Her denilene inan\u0131rsan CEZA rap yapar! buna da inan! | Ceza ve \u015fark\u0131lar\u0131\"}]},{\"@type\":\"WebSite\",\"@id\":\"https:\/\/narteks.net\/#website\",\"url\":\"https:\/\/narteks.net\/\",\"name\":\"narteks.net\",\"description\":\"K\u00fclt\u00fcr Sanat Edebiyat Felsefe\",\"publisher\":{\"@id\":\"https:\/\/narteks.net\/#organization\"},\"alternateName\":\"K\u00fclt\u00fcr Sanat Edebiyat Felsefe\",\"potentialAction\":[{\"@type\":\"SearchAction\",\"target\":{\"@type\":\"EntryPoint\",\"urlTemplate\":\"https:\/\/narteks.net\/?s={search_term_string}\"},\"query-input\":{\"@type\":\"PropertyValueSpecification\",\"valueRequired\":true,\"valueName\":\"search_term_string\"}}],\"inLanguage\":\"tr\"},{\"@type\":\"Organization\",\"@id\":\"https:\/\/narteks.net\/#organization\",\"name\":\"narteks.net\",\"url\":\"https:\/\/narteks.net\/\",\"logo\":{\"@type\":\"ImageObject\",\"inLanguage\":\"tr\",\"@id\":\"https:\/\/narteks.net\/#\/schema\/logo\/image\/\",\"url\":\"https:\/\/narteks.net\/wp-content\/uploads\/narteks.png\",\"contentUrl\":\"https:\/\/narteks.net\/wp-content\/uploads\/narteks.png\",\"width\":300,\"height\":90,\"caption\":\"narteks.net\"},\"image\":{\"@id\":\"https:\/\/narteks.net\/#\/schema\/logo\/image\/\"},\"sameAs\":[\"https:\/\/x.com\/narteks\",\"https:\/\/instagram.com\/narteksnet\"]},{\"@type\":\"Person\",\"@id\":\"https:\/\/narteks.net\/#\/schema\/person\/61f37d9834294b72d31d274e7ed79bca\",\"name\":\"Tar\u0131k\",\"image\":{\"@type\":\"ImageObject\",\"inLanguage\":\"tr\",\"@id\":\"https:\/\/narteks.net\/#\/schema\/person\/image\/\",\"url\":\"https:\/\/secure.gravatar.com\/avatar\/50865afb55632c4ae467e0af0930f6510aa2297d8014be502a55b14f3b7550cf?s=96&d=mm&r=g\",\"contentUrl\":\"https:\/\/secure.gravatar.com\/avatar\/50865afb55632c4ae467e0af0930f6510aa2297d8014be502a55b14f3b7550cf?s=96&d=mm&r=g\",\"caption\":\"Tar\u0131k\"},\"sameAs\":[\"http:\/\/narteks.net\"],\"url\":\"https:\/\/narteks.net\/index.php\/author\/narbak\/\"}]}<\/script>\n<!-- \/ Yoast SEO Premium plugin. -->","yoast_head_json":{"title":"Her denilene inan\u0131rsan CEZA rap yapar! buna da inan! | Ceza ve \u015fark\u0131lar\u0131 - narteks.net","robots":{"index":"index","follow":"follow","max-snippet":"max-snippet:-1","max-image-preview":"max-image-preview:large","max-video-preview":"max-video-preview:-1"},"canonical":"https:\/\/narteks.net\/index.php\/2010\/02\/22\/her-denilene-inanirsan-ceza-rap-yapar-buna-da-inan-ceza-ve-sarkilari\/","og_locale":"tr_TR","og_type":"article","og_title":"Her denilene inan\u0131rsan CEZA rap yapar! buna da inan! | Ceza ve \u015fark\u0131lar\u0131","og_description":"Ceza(d. 31 Aral\u0131k, 1977) As\u0131l Ad\u0131 Bilgin \u00d6z\u00e7alkan&#8217;d\u0131r. Ceza, 1977 yilinda \u00dcsk\u00fcdar\/\u0130stanbul\u2019da dogdu. Rap m\u00fczige olan ilgisi ilkokul yillarinda sira arkadasindan \u00f6d\u00fcn\u00e7 aldigi kasetlerle basladi. Ceza tabii ki ger\u00e7ek ismi degil, bu onun hiphop\u2019ta kullanmak i\u00e7in se\u00e7tigi yada daha dogrusu kazandigi bir lakap! Katildigi hiphop partilerinde, Freestyle rap (yani o an sahneye \u00e7ikip m\u00fczik esliginde, [&hellip;]","og_url":"https:\/\/narteks.net\/index.php\/2010\/02\/22\/her-denilene-inanirsan-ceza-rap-yapar-buna-da-inan-ceza-ve-sarkilari\/","og_site_name":"narteks.net","article_published_time":"2010-02-22T18:58:35+00:00","og_image":[{"url":"http:\/\/thecountdowntr.files.wordpress.com\/2008\/09\/16_162ceza2.jpg","type":"","width":"","height":""}],"author":"Tar\u0131k","twitter_card":"summary_large_image","twitter_creator":"@narteks","twitter_site":"@narteks","twitter_misc":{"Yazan:":"Tar\u0131k","Tahmini okuma s\u00fcresi":"6 dakika"},"schema":{"@context":"https:\/\/schema.org","@graph":[{"@type":"Article","@id":"https:\/\/narteks.net\/index.php\/2010\/02\/22\/her-denilene-inanirsan-ceza-rap-yapar-buna-da-inan-ceza-ve-sarkilari\/#article","isPartOf":{"@id":"https:\/\/narteks.net\/index.php\/2010\/02\/22\/her-denilene-inanirsan-ceza-rap-yapar-buna-da-inan-ceza-ve-sarkilari\/"},"author":{"name":"Tar\u0131k","@id":"https:\/\/narteks.net\/#\/schema\/person\/61f37d9834294b72d31d274e7ed79bca"},"headline":"Her denilene inan\u0131rsan CEZA rap yapar! buna da inan! | Ceza ve \u015fark\u0131lar\u0131","datePublished":"2010-02-22T18:58:35+00:00","mainEntityOfPage":{"@id":"https:\/\/narteks.net\/index.php\/2010\/02\/22\/her-denilene-inanirsan-ceza-rap-yapar-buna-da-inan-ceza-ve-sarkilari\/"},"wordCount":1118,"commentCount":0,"publisher":{"@id":"https:\/\/narteks.net\/#organization"},"image":{"@id":"https:\/\/narteks.net\/index.php\/2010\/02\/22\/her-denilene-inanirsan-ceza-rap-yapar-buna-da-inan-ceza-ve-sarkilari\/#primaryimage"},"thumbnailUrl":"http:\/\/thecountdowntr.files.wordpress.com\/2008\/09\/16_162ceza2.jpg","articleSection":["M\u00fczisyenler"],"inLanguage":"tr","potentialAction":[{"@type":"CommentAction","name":"Comment","target":["https:\/\/narteks.net\/index.php\/2010\/02\/22\/her-denilene-inanirsan-ceza-rap-yapar-buna-da-inan-ceza-ve-sarkilari\/#respond"]}]},{"@type":"WebPage","@id":"https:\/\/narteks.net\/index.php\/2010\/02\/22\/her-denilene-inanirsan-ceza-rap-yapar-buna-da-inan-ceza-ve-sarkilari\/","url":"https:\/\/narteks.net\/index.php\/2010\/02\/22\/her-denilene-inanirsan-ceza-rap-yapar-buna-da-inan-ceza-ve-sarkilari\/","name":"Her denilene inan\u0131rsan CEZA rap yapar! buna da inan! | Ceza ve \u015fark\u0131lar\u0131 - narteks.net","isPartOf":{"@id":"https:\/\/narteks.net\/#website"},"primaryImageOfPage":{"@id":"https:\/\/narteks.net\/index.php\/2010\/02\/22\/her-denilene-inanirsan-ceza-rap-yapar-buna-da-inan-ceza-ve-sarkilari\/#primaryimage"},"image":{"@id":"https:\/\/narteks.net\/index.php\/2010\/02\/22\/her-denilene-inanirsan-ceza-rap-yapar-buna-da-inan-ceza-ve-sarkilari\/#primaryimage"},"thumbnailUrl":"http:\/\/thecountdowntr.files.wordpress.com\/2008\/09\/16_162ceza2.jpg","datePublished":"2010-02-22T18:58:35+00:00","breadcrumb":{"@id":"https:\/\/narteks.net\/index.php\/2010\/02\/22\/her-denilene-inanirsan-ceza-rap-yapar-buna-da-inan-ceza-ve-sarkilari\/#breadcrumb"},"inLanguage":"tr","potentialAction":[{"@type":"ReadAction","target":["https:\/\/narteks.net\/index.php\/2010\/02\/22\/her-denilene-inanirsan-ceza-rap-yapar-buna-da-inan-ceza-ve-sarkilari\/"]}]},{"@type":"ImageObject","inLanguage":"tr","@id":"https:\/\/narteks.net\/index.php\/2010\/02\/22\/her-denilene-inanirsan-ceza-rap-yapar-buna-da-inan-ceza-ve-sarkilari\/#primaryimage","url":"http:\/\/thecountdowntr.files.wordpress.com\/2008\/09\/16_162ceza2.jpg","contentUrl":"http:\/\/thecountdowntr.files.wordpress.com\/2008\/09\/16_162ceza2.jpg"},{"@type":"BreadcrumbList","@id":"https:\/\/narteks.net\/index.php\/2010\/02\/22\/her-denilene-inanirsan-ceza-rap-yapar-buna-da-inan-ceza-ve-sarkilari\/#breadcrumb","itemListElement":[{"@type":"ListItem","position":1,"name":"Anasayfa","item":"https:\/\/narteks.net\/"},{"@type":"ListItem","position":2,"name":"Her denilene inan\u0131rsan CEZA rap yapar! buna da inan! | Ceza ve \u015fark\u0131lar\u0131"}]},{"@type":"WebSite","@id":"https:\/\/narteks.net\/#website","url":"https:\/\/narteks.net\/","name":"narteks.net","description":"K\u00fclt\u00fcr Sanat Edebiyat Felsefe","publisher":{"@id":"https:\/\/narteks.net\/#organization"},"alternateName":"K\u00fclt\u00fcr Sanat Edebiyat Felsefe","potentialAction":[{"@type":"SearchAction","target":{"@type":"EntryPoint","urlTemplate":"https:\/\/narteks.net\/?s={search_term_string}"},"query-input":{"@type":"PropertyValueSpecification","valueRequired":true,"valueName":"search_term_string"}}],"inLanguage":"tr"},{"@type":"Organization","@id":"https:\/\/narteks.net\/#organization","name":"narteks.net","url":"https:\/\/narteks.net\/","logo":{"@type":"ImageObject","inLanguage":"tr","@id":"https:\/\/narteks.net\/#\/schema\/logo\/image\/","url":"https:\/\/narteks.net\/wp-content\/uploads\/narteks.png","contentUrl":"https:\/\/narteks.net\/wp-content\/uploads\/narteks.png","width":300,"height":90,"caption":"narteks.net"},"image":{"@id":"https:\/\/narteks.net\/#\/schema\/logo\/image\/"},"sameAs":["https:\/\/x.com\/narteks","https:\/\/instagram.com\/narteksnet"]},{"@type":"Person","@id":"https:\/\/narteks.net\/#\/schema\/person\/61f37d9834294b72d31d274e7ed79bca","name":"Tar\u0131k","image":{"@type":"ImageObject","inLanguage":"tr","@id":"https:\/\/narteks.net\/#\/schema\/person\/image\/","url":"https:\/\/secure.gravatar.com\/avatar\/50865afb55632c4ae467e0af0930f6510aa2297d8014be502a55b14f3b7550cf?s=96&d=mm&r=g","contentUrl":"https:\/\/secure.gravatar.com\/avatar\/50865afb55632c4ae467e0af0930f6510aa2297d8014be502a55b14f3b7550cf?s=96&d=mm&r=g","caption":"Tar\u0131k"},"sameAs":["http:\/\/narteks.net"],"url":"https:\/\/narteks.net\/index.php\/author\/narbak\/"}]}},"_links":{"self":[{"href":"https:\/\/narteks.net\/index.php\/wp-json\/wp\/v2\/posts\/4251","targetHints":{"allow":["GET"]}}],"collection":[{"href":"https:\/\/narteks.net\/index.php\/wp-json\/wp\/v2\/posts"}],"about":[{"href":"https:\/\/narteks.net\/index.php\/wp-json\/wp\/v2\/types\/post"}],"author":[{"embeddable":true,"href":"https:\/\/narteks.net\/index.php\/wp-json\/wp\/v2\/users\/1"}],"replies":[{"embeddable":true,"href":"https:\/\/narteks.net\/index.php\/wp-json\/wp\/v2\/comments?post=4251"}],"version-history":[{"count":0,"href":"https:\/\/narteks.net\/index.php\/wp-json\/wp\/v2\/posts\/4251\/revisions"}],"wp:attachment":[{"href":"https:\/\/narteks.net\/index.php\/wp-json\/wp\/v2\/media?parent=4251"}],"wp:term":[{"taxonomy":"category","embeddable":true,"href":"https:\/\/narteks.net\/index.php\/wp-json\/wp\/v2\/categories?post=4251"},{"taxonomy":"post_tag","embeddable":true,"href":"https:\/\/narteks.net\/index.php\/wp-json\/wp\/v2\/tags?post=4251"}],"curies":[{"name":"wp","href":"https:\/\/api.w.org\/{rel}","templated":true}]}}