{"id":4254,"date":"2010-02-23T12:57:10","date_gmt":"2010-02-23T09:57:10","guid":{"rendered":"http:\/\/localhost\/wordpress\/2010\/02\/23\/iki-savcinin-karsilastirmasi-ismail-saymaz\/"},"modified":"2010-02-23T12:57:10","modified_gmt":"2010-02-23T09:57:10","slug":"iki-savcinin-karsilastirmasi-ismail-saymaz","status":"publish","type":"post","link":"https:\/\/narteks.net\/index.php\/2010\/02\/23\/iki-savcinin-karsilastirmasi-ismail-saymaz\/","title":{"rendered":"\u0130ki Savc\u0131n\u0131n Kar\u015f\u0131la\u015ft\u0131rmas\u0131 | \u0130smail Saymaz"},"content":{"rendered":"<p style=\"text-align: justify;\"><img loading=\"lazy\" decoding=\"async\" style=\"float: left;\" src=\"http:\/\/i.radikal.com.tr\/644x385\/2010\/02\/22\/fft5_mf367221.Jpeg\" width=\"155\" height=\"205\" border=\"0\" \/>Hapse at\u0131lan Erzincan Ba\u015fsavc\u0131s\u0131 Cihaner\u2019le kendisini tutuklat\u0131nca yetkisi al\u0131nan eski Erzurum Savc\u0131s\u0131 \u015eanal\u2019\u0131n portreleri \u00e7ok farkl\u0131<\/p>\n<p>\u0130STANBUL &#8211; \u0130smaila\u011fa ve Fethullah G\u00fclen tarikatlar\u0131na y\u00f6nelik soru\u015fturmalar\u0131 sonras\u0131 Erzincan\u2019daki operasyonda \u2018Ergenekon \u00fcyeli\u011fi\u2019nden tutuklanan Erzincan Cumhuriyet Ba\u015fsavc\u0131s\u0131 \u0130lhan Cihaner, 1998\u2019de \u0130dil Savc\u0131s\u0131\u2019yken faili me\u00e7hul cinayetlerin izini s\u00fcrd\u00fc. Cihaner, \u2018F\u0131rat\u2019\u0131n \u00f6te yakas\u0131\u2019nda yapt\u0131\u011f\u0131 soru\u015fturmada, 1989\u2019da \u00fc\u00e7 k\u00f6yl\u00fcn\u00fcn \u00f6rd\u00fcr\u00fclmesiyle, 1996\u2019da iki ayr\u0131 noktada 1.5 saat arayla i\u015flenen \u00fc\u00e7 cinayetin pe\u015fine d\u00fc\u015ft\u00fc. 1989\u2019daki cinayetle ilgili \u00e7ok sonra \u2018Ergenekon\u2019 soru\u015fturmas\u0131nda tutuklanan J\u0130TEM\u2019in kurucular\u0131ndan Albay Arif Do\u011fan\u2019\u0131n ilk kez ifadesi al\u0131nabildi. Cihaner\u2019in Diyarbak\u0131r\u2019a g\u00f6nderdi\u011fi ve \u2018\u015f\u00fcpheliler\u2019 hanesinde Do\u011fan ile Binba\u015f\u0131 Cem Ersever\u2019in de ad\u0131 ge\u00e7en dosya, \u2018J\u0130TEM\u2019 davas\u0131n\u0131n \u0130dil aya\u011f\u0131n\u0131 olu\u015fturdu.<\/p>\n<p><strong>Bakanl\u0131\u011fa anlatt\u0131<\/strong><br \/>Cihaner ayr\u0131ca, 1996\u2019daki iki cinayetin ayn\u0131 silahtan \u00e7\u0131kan kur\u015funlarla i\u015flendi\u011fini saptad\u0131 ve Adalet Bakanl\u0131\u011f\u0131\u2019na g\u00f6nderdi\u011fi yaz\u0131da, \u2018F\u0131rat\u2019\u0131n \u00f6te yakas\u0131\u2019nda olan biteni \u015f\u00f6yle anlatt\u0131:\u00a0\u00a0\u00a0\u00a0\u00a0\u00a0\u00a0 <br \/>\u201cMaktulleri ka\u00e7\u0131rarak \u00f6ld\u00fcren\/\u00f6ld\u00fcrten ki\u015filerin elleri telsizli, sahte plaka tak\u0131l\u0131 ara\u00e7larla bu su\u00e7u i\u015fledikleri, kendilerini polis olarak tan\u0131tt\u0131klar\u0131, g\u00f6rg\u00fc tan\u0131klar\u0131nca ayr\u0131nt\u0131l\u0131 ve benzer \u015fekilde tarif edildikleri, ka\u00e7\u0131r\u0131lan Tevfik Kusun\u2019un emniyet binas\u0131na kadar g\u00f6t\u00fcr\u00fcld\u00fc\u011f\u00fcn\u00fcn g\u00f6r\u00fcld\u00fc\u011f\u00fc, geceleyin ara\u00e7 trafi\u011fine kapal\u0131 yollarda rahat\u00e7a hareket ettikleri g\u00f6r\u00fclm\u00fc\u015ft\u00fcr. Sonu\u00e7 olarak t\u00fcm bu su\u00e7lar\u0131n \u00e7ete tan\u0131m\u0131na uyacak \u015fekilde organize olmu\u015f ki\u015filerce i\u015flendi\u011fi anla\u015f\u0131lm\u0131\u015ft\u0131r.\u201d<br \/><strong><br \/>Radikal\u2019de \u00e7\u0131kan haber<\/strong><br \/>Cihaner, 1998 y\u0131l\u0131nda \u015e\u0131rnak\u2019\u0131n \u0130dil il\u00e7esinde savc\u0131 olarak atand\u0131. G\u00f6reve ba\u015flad\u0131ktan sonra Radikal\u2019de 4 \u015eubat 1998\u2019de yay\u0131mlanan bir haber dikkatini \u00e7ekti. Kaynak olarak \u0130nsan Haklar\u0131 Derne\u011fi\u2019nin (\u0130HD) g\u00f6sterildi\u011fi haberde, \u0130li\u00e7\u2019te i\u015flenmi\u015f olanlar dahil, faili me\u00e7hul cinayetlere de\u011finiliyordu.<br \/>Cihaner haber do\u011frultusunda, \u0130dil-Midyat karayolu kenar\u0131nda 4 Aral\u0131k 1996\u2019da elleri ba\u011fl\u0131, kafas\u0131na ate\u015f edilerek \u00f6ld\u00fcr\u00fclm\u00fc\u015f halde bulunan cesetle ilgili soru\u015fturma dosyas\u0131n\u0131 raftan indirdi. \u0130HD ile yaz\u0131\u015f\u0131p bilgi ve kay\u0131plar\u0131n foto\u011fraflar\u0131n\u0131 istedi. Ayr\u0131ca, b\u00f6lgede \u00e7ok say\u0131da faili me\u00e7hul cinayet i\u015flendi\u011fini ve kay\u0131plar\u0131n oldu\u011funu \u00f6\u011frendi. Uzun ara\u015ft\u0131rmalar\u0131 sonucunda Midyat\u2019taki cesedin Ramazan Yaz\u0131c\u0131\u2019ya ait oldu\u011funu saptad\u0131.<\/p>\n<p style=\"text-align: justify;\">Eline bir bilgi daha ula\u015ft\u0131: Midyat\u2019takiyle ayn\u0131 ak\u015fam Cizre-Silopi karayolunda, iki ki\u015finin daha cesedi bulunmu\u015ftu. Bu dosyay\u0131 da Cizre\u2019den istedi. Cesetlerin Mahmut ve Fehriye Mordeniz \u00e7iftine ait oldu\u011funu belirledi. Ancak a\u00e7\u0131kl\u0131\u011f\u0131 korku\u00e7 bir veri vard\u0131: \u0130ki cinayetin kur\u015funlar\u0131 ayn\u0131 silahtan \u00e7\u0131km\u0131\u015ft\u0131&#8230;<\/p>\n<p><strong>\u0130ki y\u0131l sonra<\/strong><br \/>Aralar\u0131nda 80 kilometre olan ve 1.5 saat farkla i\u015flenen iki cinayet ayn\u0131 silahla ger\u00e7ekle\u015ftirildi\u011fi ve ayr\u0131 ayr\u0131 kriminal inceleme yap\u0131ld\u0131\u011f\u0131 halde, bu sonuca ancak iki y\u0131l sonra Cihaner sayesinde ula\u015f\u0131labildi.\u00a0 <br \/>Ayr\u0131ca Cihaner, yine Radikal\u2019de 11 Haziran 1998\u2019de yay\u0131mlanan, itiraf\u00e7\u0131 \u0130brahim Babat\u2019\u0131n o d\u00f6nemin TBMM Susurluk Komisyonu\u2019ndaki ifadeleri do\u011frultusunda, 1989\u2019da \u0130dil\u2019de \u00f6ld\u00fcr\u00fclm\u00fc\u015f Hasan Utan\u00e7, Hasan Caner ve Tahsin Sevim\u2019le ilgili 1989\/274 say\u0131l\u0131 soru\u015fturma evrak\u0131n\u0131 raftan indirdi. Ve 12 Kas\u0131m 1998\u2019de\u00a0 ifadesini bizzat almak ve yer g\u00f6stermesi i\u00e7in Babat\u2019\u0131n Midyat Cezaevi\u2019ne naklini istedi. Bu talep reddedildi. Ard\u0131ndan, Babat\u2019\u0131n ifadesini bizzat almak i\u00e7in izin istedi, yine geri \u00e7evrildi. Bunun \u00fczerine faksla g\u00f6nderdi\u011fi 60 sorunun yan\u0131t\u0131 talimatla al\u0131nd\u0131.<\/p>\n<p><strong>Do\u011fan ve Ersever<\/strong><br \/>Cihaner, her iki soru\u015fturma evrak\u0131yla ilgili Diyarbak\u0131r\u2019da bir soru\u015fturma y\u00fcr\u00fct\u00fcld\u00fc\u011f\u00fcnden 20 Kas\u0131m 1998\u2019de bu dosyay\u0131, daha sonra kapat\u0131lm\u0131\u015f olan Diyarbak\u0131r Devlet G\u00fcvenlik Mahkemesi (DGM) Ba\u015fsavc\u0131l\u0131\u011f\u0131\u2019na g\u00f6nderdi. \u2018Su\u00e7 i\u015flemek i\u00e7in \u00e7ete olu\u015fturmak, bu \u00e7etenin emirleri do\u011frultusunda taamm\u00fcden adam \u00f6ld\u00fcrmek\u2019 iddias\u0131yla d\u00fczenledi\u011fi fezlekenin \u2018\u015f\u00fcpheliler\u2019 hanesinde \u015fu isimler vard\u0131: J\u0130TEM kurucusu Albay Arif Do\u011fan, Diyarbak\u0131r J\u0130TEM Grup Komutan\u0131 Binba\u015f\u0131 Cem Ersever, Jandarma K\u0131demli Ba\u015f\u00e7avu\u015f \u015eaban Bayram, koruculardan Faysal \u015eanl\u0131&#8230;<br \/>1996\u2019daki \u00fc\u00e7 cinayetle ilgili, \u2018\u015f\u00fcpheli\u2019 hanesine \u201cA\u00e7\u0131k kimlikleri belli de\u011fil\u201d diye not d\u00fc\u015ft\u00fc\u011f\u00fc 1996\/233 numaral\u0131 soru\u015fturma dosyas\u0131n\u0131\u00a0 8 Ocak 1999\u2019da Diyarbak\u0131r\u2019a g\u00f6nderdi, Cihaner, ikinci fezlekede, \u20181996 i\u00e7in benzer \u015fekilde koybolan bir\u00e7ok ki\u015fiden de haber al\u0131namad\u0131\u011f\u0131\u2019n\u0131 vurgularken, o d\u00f6nem i\u00e7in bir \u2018ilk\u2019 olan \u015fu saptamalar\u0131 s\u0131ral\u0131yordu:<br \/>\u201cMaktulleri ka\u00e7\u0131rarak \u00f6ld\u00fcren\/\u00f6ld\u00fcrten ki\u015filerin elleri telsizli, sahte plaka tak\u0131l\u0131 ara\u00e7larla bu su\u00e7u i\u015fledikleri, kendilerini polis olarak tan\u0131tt\u0131klar\u0131, g\u00f6rg\u00fc tan\u0131klar\u0131nca ayr\u0131nt\u0131l\u0131 ve benzer \u015fekilde tarif edildikleri, ka\u00e7\u0131r\u0131lan Tevfik Kusun\u2019un emniyet binas\u0131na kadar g\u00f6t\u00fcr\u00fcld\u00fc\u011f\u00fcn\u00fcn g\u00f6r\u00fcld\u00fc\u011f\u00fc, geceleyin ara\u00e7 trafi\u011fine kapal\u0131 yollarda rahat\u00e7a hareket ettikleri g\u00f6r\u00fclm\u00fc\u015ft\u00fcr. Sonu\u00e7 olarak t\u00fcm bu su\u00e7lar\u0131n \u00e7ete tan\u0131m\u0131na uyacak \u015fekilde organize olmu\u015f ki\u015filerce i\u015flendi\u011fi anla\u015f\u0131lm\u0131\u015ft\u0131r.\u201d<br \/>Cihaner, \u2018G\u00f6revsizlik\u2019 karar\u0131yla yetinmeyip ayn\u0131 g\u00fcn Adalet Bakanl\u0131\u011f\u0131 Ceza \u0130\u015fleri Genel M\u00fcd\u00fcrl\u00fc\u011f\u00fc\u2019ne bir yaz\u0131 g\u00f6nderdi. Yaz\u0131s\u0131nda, \u015fu de\u011ferlendirmelerde bulunuyordu:<\/p>\n<p>* Su\u00e7lar\u0131n kimler taraf\u0131ndan i\u015flenmi\u015f olabilece\u011fi, bir\u00e7ok kamu g\u00f6revlisi ve kurumun bilgisindedir.<\/p>\n<p>* OHAL b\u00f6lgesinde kanunsuz i\u015flere kat\u0131lan ki\u015filer di\u011fer b\u00f6lgelerde de kanunsuz ili\u015fkilerini s\u00fcrd\u00fcr\u00fcyor. Bu haliyle \u00fclke genelindeki bir\u00e7ok su\u00e7un altyap\u0131s\u0131 OHAL\u2019de olu\u015fmu\u015ftur.<\/p>\n<p><strong>Su\u00e7lular korunuyor<\/strong><br \/>* Ka\u00e7\u0131rmalar\u0131n yo\u011funlukla i\u015flendi\u011fi ve g\u00fcvenli\u011fin \u00fcst d\u00fczeyde oldu\u011fu Diyarbak\u0131r\u2019da a\u00e7\u0131kta silah ve telsiz ta\u015f\u0131yan ki\u015filerin g\u00fcnd\u00fczleyin gizlenme ihtiyac\u0131 duymadan ka\u00e7\u0131rma olaylar\u0131n\u0131 ger\u00e7ekle\u015ftirmeleri, bu su\u00e7u i\u015fleyenlerin en az\u0131ndan korunduklar\u0131n\u0131 g\u00f6steriyor.<\/p>\n<p>* Delillerin sa\u011fl\u0131kl\u0131 de\u011ferlendirilmesinin \u00f6n\u00fcne ge\u00e7mek i\u00e7in cesetler ka\u00e7\u0131r\u0131ld\u0131klar\u0131 noktalardan uza\u011fa b\u0131rak\u0131l\u0131yor. \u015eoru\u015fturma evraklar\u0131; otopsi tutana\u011f\u0131, rutin yaz\u0131\u015fmalardan ibaret&#8230;<\/p>\n<p>* Kaybolan\/\u00f6ld\u00fcr\u00fclen ki\u015filer a\u011f\u0131rl\u0131kl\u0131 ter\u00f6r su\u00e7undan soru\u015fturulmu\u015f ki\u015filer olup su\u00e7a bula\u015fmam\u0131\u015f ki\u015filer var. Baz\u0131lar\u0131n\u0131n ailelerinden fidye isteniyor.<br \/>Cihaner, soru\u015fturma s\u00fcrecinde kar\u015f\u0131la\u015ft\u0131\u011f\u0131 kimi engellemeleri ve g\u00fc\u00e7l\u00fckleri ise \u015f\u00f6yle s\u0131ral\u0131yordu:\u00a0 <\/p>\n<p>* Bilgi istenilen kurumlardan acele kayd\u0131na ra\u011fmen bilgiler ya ge\u00e7 g\u00f6nderiliyor ya da hi\u00e7 g\u00f6nderilmiyor.<\/p>\n<p><strong>\u0130ki y\u0131l sonra anla\u015f\u0131ld\u0131<\/strong><br \/>* Kriminal labaratuvarlar yaln\u0131zca kendi b\u00f6lgelerindeki ar\u015fivi esas ald\u0131klar\u0131ndan faili me\u00e7hullerle ilgili mukayeseler y\u0131llar al\u0131yor. Diyarbak\u0131r\u2019da \u2018\u00e7ekirdek\u2019 ar\u015fivi tutulmad\u0131\u011f\u0131 i\u00e7in ba\u011flant\u0131lar ortaya \u00e7\u0131kar\u0131lam\u0131yor.<\/p>\n<p>* Balistik inceleme yap\u0131ld\u0131\u011f\u0131 halde, 80 kilometre uzakl\u0131k ve birka\u00e7 saat arayla i\u015flenen Yaz\u0131c\u0131 ve Mordeniz cinayetlerinde kullan\u0131lan silahlar\u0131n ayn\u0131 oldu\u011fu iki y\u0131l sonra anla\u015f\u0131ld\u0131.<\/p>\n<p>* \u0130tiraflarda bulunabilecek ki\u015filer bask\u0131 alt\u0131na al\u0131n\u0131p susturuluyor.<\/p>\n<p>* \u0130tiraf\u00e7\u0131 \u0130brahim Babat, kamu g\u00f6revlilerince konu\u015fmamas\u0131 yolunda uyar\u0131lm\u0131\u015ft\u0131r.<\/p>\n<p>* G\u00f6renler bilgi vermekten \u00e7ekiniyor<\/p>\n<p>* Su\u00e7a kat\u0131ld\u0131klar\u0131 iddia edilen kamu g\u00f6revlileri h\u00e2l\u00e2 g\u00f6revlerinde&#8230;<\/p>\n<p><strong>\u00d6neriler<\/strong><br \/>Cihaner, sa\u011fl\u0131kl\u0131 bir soru\u015fturma s\u00fcreci i\u00e7in de \u015fu \u00f6nerileri de s\u0131ralad\u0131:<br \/>* Cinayetler tek elden soru\u015fturulmal\u0131.<\/p>\n<p>* T\u00fcm kurumlarda soru\u015fturma yapabilecek, san\u0131k ve san\u0131klar\u0131 dinleyebilecek, delilleri de\u011ferlendirecek ekip olu\u015fturulmal\u0131.<\/p>\n<p>* TBMM\u2019deki ilgili komisyonlar\u0131n raporlar\u0131 ayr\u0131nt\u0131l\u0131 incelenip ba\u011flant\u0131lar a\u00e7\u0131\u011fa \u00e7\u0131kar\u0131lmal\u0131.<\/p>\n<p>* Kriminal labarotuvarlarda \u00e7ekirdek ar\u015fivi kurulmal\u0131.<\/p>\n<p>* Su\u00e7a kat\u0131ld\u0131klar\u0131 ileri s\u00fcr\u00fclen kamu g\u00f6revlilerinin malvarl\u0131klar\u0131, telefon kay\u0131tlar\u0131, banka hesaplar\u0131 incelenmeli.<\/p>\n<p>* Silahlar\u0131n daha \u00f6nce hangi su\u00e7ta kulland\u0131\u011f\u0131 saptanmal\u0131. <\/p>\n<p><strong>Dava Diyarbak\u0131r\u2019da<\/strong><br \/>Cihaner\u2019in iki fezlekesinden biri olan 1989\u2019daki \u00fc\u00e7 cinayete ili\u015fkin dosya, 1999\/187 numaral\u0131 Diyarbak\u0131r DGM Ba\u015fsavc\u0131l\u0131\u011f\u0131\u2019ndaki dosyayla birle\u015fti. \u0130tiraf\u00e7\u0131 Hac\u0131 Hasan (\u0130brahim Babat), Adil Timurta\u015f, Mehmet Zahir Karadeniz, Lokman G\u00fcnd\u00fcz, Faysal \u015eanl\u0131, Recep Tiril, Ali Ozansoy, H\u00fcseyin Tilki, Abd\u00fclkadir Aygan, Hayrettin Toka, Fethi \u00c7etin hakk\u0131nda silahl\u0131 \u00e7ete olu\u015fturmak ve adam \u00f6ld\u00fcrmek iddias\u0131yla dava a\u00e7\u0131ld\u0131. DGM\u2019lerin kapat\u0131lmas\u0131 sonras\u0131 dava Diyarbak\u0131r 3. A\u011f\u0131r Ceza Mahkemesi\u2019ne ge\u00e7ti ve 2002\/60 nolu dosya olarak halen s\u00fcr\u00fcyor. Dosyada son olarak, 14 Nisan 2009\u2019da J\u0130TEM diye bir \u00f6rg\u00fct\u00fcn olup olmad\u0131\u011f\u0131 TSK\u2019ya soruldu. Yan\u0131tta, b\u00f6yle bir \u00f6rg\u00fct\u00fcn olmad\u0131\u011f\u0131 belirtildi. Davan\u0131n 31 Aral\u0131k 2009\u2019daki duru\u015fmas\u0131nda, dosya \u2018g\u00f6revsizlik\u2019 karar\u0131yla \u00f6zel yetkili mahkemeye g\u00f6nderildi.<\/p>\n<p>****************<\/p>\n<p>\u0130STANBUL &#8211; Erzincan Cumhuriyet Ba\u015fsavc\u0131s\u0131 \u0130lhan Cihaner\u2019i \u2018Ergenekon \u00fcyesi\u2019 oldu\u011fu gerek\u00e7esiyle tutuklatt\u0131ktan sonra H\u00e2kimler Savc\u0131lar Y\u00fcksek Kurulu (HSYK) taraf\u0131ndan yetkileri kald\u0131r\u0131lan eski Erzurum \u00f6zel yetli savc\u0131s\u0131 Osman \u015eanal\u2019\u0131n son soru\u015fturmalar\u0131ndan birisi sol bir \u00f6rg\u00fcte ili\u015fkindi. \u015eanal, T\u00fcrkiye Kom\u00fcnist Partisi-Marksist Leninist\/Konferans (TKP-ML) adl\u0131 illegal \u00f6rg\u00fct\u00fcn legal alan \u00e7al\u0131\u015fmas\u0131nda yer almakla su\u00e7lad\u0131\u011f\u0131 alt\u0131s\u0131 tutuklu sekiz ki\u015fiye dava a\u00e7t\u0131. \u015eanal\u2019\u0131n iddianamesinde, \u201cS\u00f6z\u00fcmona demokratik hak kullan\u0131m\u0131 ad\u0131 alt\u0131nda \u00f6rg\u00fct\u00fcn ama\u00e7 ve eylemleri do\u011frultusunda yap\u0131l\u0131yor\u2019 dedi\u011fi eylemler \u015funlar: 1 May\u0131s\u2019a kat\u0131lmak, \u0130srail sald\u0131r\u0131s\u0131n\u0131 k\u0131namak ve Y\u00d6K\u2019\u00fc protesto etmek \u2018Kad\u0131na \u015eiddet\u2019 konulu a\u00e7\u0131klamaya gitmek.\u00a0 \u015eanal\u2019\u0131n \u2018kan\u0131tlar\u2019\u0131ndan baz\u0131lar\u0131ysa \u015f\u00f6yle: 1 May\u0131s\u2019ta alk\u0131\u015f tutarken \u00e7ekilmi\u015f foto\u011fraf, isimdeki \u2018\u00c7\u2019nin orak gibi \u00e7izilmesi, bir \u015fiir.<br \/>\u015eanal, Erzincan\u2019\u0131n Kemah il\u00e7esinde 11 A\u011fustos 2008\u2019de PKK sald\u0131r\u0131s\u0131 sonucu 10 askerin \u015fehit olmas\u0131yla ilgili soru\u015fturmay\u0131 da y\u00fcr\u00fctm\u00fc\u015ft\u00fc. O soru\u015fturmadaki kolluk g\u00fcc\u00fc, daha sonra \u2018Ergenekon\u2019 \u00e7er\u00e7evesinde tutuklatt\u0131\u011f\u0131 Jandarma istihbarat Komutan\u0131 Binba\u015f\u0131 Nedim Ertan\u2019d\u0131. \u015e\u00fcpheli bulunan \u00fc\u00e7 k\u00f6yl\u00fc, \u201cPKK\u2019l\u0131lar\u0131n geldi\u011fini jandarmaya s\u00f6ylemi\u015ftik\u201d dedi. K\u00f6yl\u00fcler hakk\u0131nda, A\u011fustos 2009\u2019da \u2018m\u00fcebbet\u2019 hapis isteyen \u015eanal, \u00fc\u00e7 ay sonra Ertan\u2019a, \u201cSald\u0131r\u0131 sizin i\u015finiz mi?\u201d diye sordu. \u2018M\u00fcebbet\u2018 istenen k\u00f6yl\u00fclerden biri serbest kald\u0131.\u00a0\u00a0\u00a0 <\/p>\n<p><strong>Dergilere bask\u0131n<\/strong><br \/>Erzincan\u2019da \u00fc\u00e7 y\u0131ll\u0131k takibin ard\u0131ndan TKP\/ML-Konferans adl\u0131 yasa d\u0131\u015f\u0131 \u00f6rg\u00fct\u00fcn legal birimleri oldu\u011fu \u00f6ne s\u00fcr\u00fclen \u0130\u015f\u00e7i-K\u00f6yl\u00fc gazetesi, Partizan Dergisi ve Yurtsever Devrimci Gen\u00e7lik (YDG) Dergisi\u2019ne 9 Haziran 2009\u2019da operasyon yap\u0131ld\u0131 ve Cengiz K\u0131l\u0131\u00e7, e\u015fi Derya G\u00f6kmen K\u0131l\u0131\u00e7, Ali Soylu, \u00c7etin Kirsiz, H\u00fcseyin D\u00fcz ve Hakan \u00c7ak\u0131r tutuklan\u0131rken, Erdo\u011fan Kartal ve Ahmet \u00d6zt\u00fcrk b\u0131rak\u0131ld\u0131. \u015eanal, 15 Ocak 2010\u2019da haz\u0131rlad\u0131\u011f\u0131 iddianamede, \u015f\u00fcphelilerin yapt\u0131\u011f\u0131 ve kat\u0131ld\u0131\u011f\u0131 demok-ratik eylem ve etkinlikleri, \u201cS\u00f6z\u00fcmona demokratik hak kullan\u0131m\u0131 ad\u0131 alt\u0131nda, \u00f6rg\u00fct\u00fcn ama\u00e7 ve eylemleri do\u011frultusunda hareket etmek\u201d diye nitelendirdi. <\/p>\n<p>\u2018<strong>Su\u00e7lar<\/strong>\u2019<br \/>O eylemler \u015funlar: \u20181 May\u0131s kutlamas\u0131na kat\u0131lmak, Kelkit Meslek Y\u00fcksekokulu\u2019nda Y\u00d6K\u2019\u00fc protesto etmek, 8 Mart D\u00fcnya Kad\u0131nlar G\u00fcn\u00fc\u2019nde a\u00e7\u0131klama yapmak, Nevruz ile ilgili a\u00e7\u0131klama yapmak, E\u011fitim-Sen ve SES taraf\u0131ndan yap\u0131lan \u2018Kad\u0131na \u015fiddet\u2019 konulu a\u00e7\u0131klamaya kat\u0131lmak, \u2018\u0130\u015f ve \u00c7al\u015f\u0131ma \u015eartlar\u0131n\u0131\u2019 k\u0131namak, \u0130brahim Kaypakkaya\u2019y\u0131 anmak, \u0130srail\u2019in Gazze sald\u0131r\u0131s\u0131n\u0131 ve\u00a0 Halep\u00e7e Katliam\u0131\u2019n\u0131 protesto etmek.\u2019<br \/>\u0130ddianamede, Erzincan\u2019daki YDG b\u00fcrosunun \u0130stanbul\u2019daki YDG merkezine \u00f6rg\u00fctsel \u015fekilde ba\u011fl\u0131 oldu\u011fu, \u0130stanbul\u2019dan Erzincan\u2019a talimat g\u00f6nderildi\u011fi savunuluyor. O \u2018talimatlar\u2019 \u015funlar: \u201cE\u011fitimin ticarile\u015fmesine ili\u015fkin panel ve etkinlik yap\u0131lmas\u0131, dergi sat\u0131\u015f bedellerinin g\u00f6nderilmesi, dergiden ka\u00e7ar adet istenildi\u011fi, \u2018E\u011fitim sat\u0131l\u0131k de\u011fil\u2019 eylemleri yap\u0131lmas\u0131, derginin yeni say\u0131s\u0131 i\u00e7in resmi ve yaz\u0131 g\u00f6nderilmesi&#8230;\u201d<\/p>\n<p><strong>Dergideki yaz\u0131<\/strong><br \/>YDG\u2019nin Haziran 2005\u2019teki n\u00fcshas\u0131nda yay\u0131mlanan \u2018K\u00f6y \u00e7al\u0131\u015fmas\u0131n\u0131 \u00f6\u011frenmek ve \u00f6\u011fretmek i\u00e7in\u2019 yaz\u0131s\u0131 da iddianameye konuldu. Yaz\u0131da \u2018i\u015fsiz gen\u00e7ler i\u00e7in fon olu\u015fturulmas\u0131, bu fona \u00fcye olanlara\u00a0 yard\u0131m edilmesi, uygulaman\u0131n imece usuluyle yayg\u0131nla\u015ft\u0131r\u0131lmas\u0131; hasta, sakat ve ya\u015fl\u0131lar\u0131n g\u00fcnl\u00fck ihtiya\u00e7lar\u0131n\u0131n kar\u015f\u0131lanmas\u0131, vas\u0131fs\u0131z gen\u00e7lere meslek edindirmek, \u0130ngilizce \u00f6\u011fretmek\u2019 gibi konulardan bahsediliyor.<br \/>\u015e\u00fcphelilerin takibe al\u0131na telefon g\u00f6r\u00fc\u015fmeleri de iddianameye kan\u0131t olarak konuldu. Baz\u0131lar\u0131 \u015f\u00f6yle:<br \/>x: 8 Mart\u2019la ilgili haber bekliyoruz da \u2018Dersimdeki\u2019 arkada\u015flara ula\u015fmaya \u00e7al\u0131\u015f\u0131yoruz<br \/>Cengiz K\u0131l\u0131\u00e7: Heee&#8230;<br \/>x: Telefon numaras\u0131 varsa arasan\u0131z, haber g\u00f6nderseler.<br \/>K\u0131l\u0131\u00e7: Tamam.<br \/>x: Sayfalar\u0131n \u00e7ak\u0131\u015f\u0131n\u0131 almak m\u00fcmk\u00fcn m\u00fc?<br \/>K\u0131l\u0131\u00e7: Tamam, deneriz ya.<br \/>x: Alo Cengiz \u015fey, ben \u0130stanbul\u2019dan geliyorum da lise bulu\u015fmas\u0131 i\u00e7in&#8230;<br \/> ***<br \/>YDG: \u00d6neriniz nedir?<br \/>Erzincan: K\u00fcrt edabiyat\u0131 \u00fczerine yaz\u0131 haz\u0131rl\u0131yoruz.<br \/>YDG: \u00c7ok iyi olur<br \/>Erzincan: Bir de K\u00fcrt\u00e7e \u015fiir ve yaz\u0131.<br \/>YDG: Erken g\u00f6nderin&#8230;<br \/>\u015eanal, iddianamesinde \u201c\u0130stanbul\u2019daki dergiye yay\u0131mlanmak i\u00e7in yaz\u0131 g\u00f6nderdikleri kesinlikle de\u011ferlendirilmektedir\u201d diyor. \u015eanal ayr\u0131ca, para toplanmas\u0131na ili\u015fkin bir g\u00f6r\u00fc\u015fme konusunda da, \u201cAhmet \u00d6zt\u00fcrk\u2019\u00fcn Kabahatler Kanunu\u2019nun 250 TL\u2019lik para cezas\u0131na \u00f6deyebilmek i\u00e7in sempatizan \u00f6\u011frencilerden para talebinde bulunaca\u011f\u0131, maddi durumunun iyi olmad\u0131\u011f\u0131\u201d saptamas\u0131n\u0131 yap\u0131yor.<br \/>Bu arada, Tuncelili \u015f\u00fcphelilerden Ali Soylu\u2019nun, y\u00f6neticisi oldu\u011fu Tuncelili Derne\u011fi ile \u2018ba\u011f\u0131na\u2019 dikkat \u00e7ekiliyor. Ayr\u0131ca, 1 May\u0131s 2008\u2019deki 1 May\u0131s kutlamas\u0131na kat\u0131lan Soylu i\u00e7in, \u2018Grupla birlikte y\u00fcr\u00fcd\u00fc\u011f\u00fc, eliyle alk\u0131\u015f tuttu\u011fu g\u00f6r\u00fcld\u00fc\u2019 deniliyor. <\/p>\n<p><strong>Ma\u00e7 da var \u015fiir de<\/strong><br \/>Tutuklu san\u0131k \u00c7etin Kirsiz i\u00e7in de, \u2018Edebiyat-\u00d6SS\u2019 yaz\u0131l\u0131 kitab\u0131n \u00fczerine kendi ad\u0131n\u0131 yazmas\u0131, ismindeki \u2018\u00c7\u2019 harfini orak-\u00e7eki\u00e7\u00a0 \u015feklinde, \u2018\u0130\u2019 harfini de silah \u015feklinde dizayn etti\u011fi vurgulan\u0131yor. Tutuklu H\u00fcseyin D\u00fcz\u2019\u00fcn biyoloji defterinin yan\u0131 s\u0131ra, \u2018Ba\u015fkan yar\u0131n 2\u2019de ma\u00e7 var, seni de ald\u0131k, yar\u0131n gel\u2019 yaz\u0131l\u0131 mesaj\u0131na yer veriliyor. \u2018K\u00e2\u011f\u0131ttan bir gemidir devrim, kim bilir ka\u00e7 yunus g\u00f6rm\u00fc\u015f, ka\u00e7 Deniz Gezmi\u015f\u2019 yaz\u0131l\u0131 mesaj de kan\u0131t olarak g\u00f6steriliyor<br \/>Ayr\u0131ca, \u0130\u015f\u00e7i-K\u00f6yl\u00fc gazetesi b\u00fcrosundaki aramalarda; \u00e7er\u00e7eveli halleriyle duvara as\u0131lm\u0131\u015f Marks, Lenin, Mao, Stalin ve Darvin portrelerine el konuldu.<br \/>Erzurum 2. A\u011f\u0131r Ceza Mahkemesi\u2019nce kabul edilen iddianamede; Cengiz ve Derya G\u00f6kmen K\u0131l\u0131\u00e7, H\u00fcseyin D\u00fcz ve Hakan \u00c7ak\u0131r i\u00e7in \u2018silahl\u0131 \u00f6rg\u00fct y\u00f6neticili\u011fi\u2019 su\u00e7lamas\u0131yla 15 y\u0131la, Erdo\u011fan Kartal, Ali Soylu ve Ahmet \u00d6zt\u00fcrk i\u00e7in de \u2018silahl\u0131 \u00f6rg\u00fct \u00fcyeli\u011fi\u2019nden 10 y\u0131la kadar hapis isteniyor. Yakla\u015fk dokuz ayd\u0131r tutuklu bulunan san\u0131klar, 18 Mart\u2019ta h\u00e2kim kar\u015f\u0131s\u0131na \u00e7\u0131kacak. <\/p>\n<p><strong>\u00dc\u00e7 k\u00f6yl\u00fcy\u00fc tutuklatt\u0131<\/strong><br \/>\u015eanal\u2019\u0131n y\u00fcr\u00fctt\u00fc\u011f\u00fc ba\u015fka bir soru\u015fturma da PKK\u2019n\u0131n Kemah\u2019ta 11 A\u011fustos 2009\u2019da 10 asker \u015fehit etti\u011fi sald\u0131r\u0131yla ilgili. \u015eanal sald\u0131r\u0131 sonras\u0131\u00a0 Sar\u0131yaz\u0131 K\u00f6y\u00fc Muhtar\u0131 Zeki A., Salyurdu Mevkii\u2019ndeki yaylada hayvanc\u0131l\u0131k yapan M\u0131zrap I. ve Metin \u0130.\u2019yi 26 Ocak 2009\u2019da tutuklatt\u0131. \u015eanal, iddianamesini 13 A\u011fustos 2009\u2019da bitirdi. \u0130ddianamede anlat\u0131mlar\u0131na \u2018555\u2019 diye kodlanan gizli tan\u0131k sald\u0131r\u0131dan bir g\u00fcn \u00f6nce \u00fc\u00e7 PKK\u2019l\u0131n\u0131n Metin \u0130. ve M\u0131zrap I.\u2019n\u0131n\u00a0 \u00e7ad\u0131r\u0131na girdi\u011fini, bu be\u015f ki\u015finin daha sonra k\u00f6ye indi\u011fini ileri s\u00fcrd\u00fc.<br \/>\u0130ddianameye g\u00f6re, d\u00fczene\u011fe ba\u011fl\u0131 \u2018D.\u2019 marka alt\u0131 pil bulundu. Pillerde ize rastlanmad\u0131. M\u0131zrap I., ifadesinde; Haziran 2008\u2019de, yaylaya gelen \u00fc\u00e7 PKK\u2019l\u0131n\u0131n hayvan ba\u015f\u0131na 1.5 TL\u2019lik \u2018vergi\u2019 ve bir kutu D. marka pil istedi\u011fini s\u00f6yl\u00fcyordu: \u201cParay\u0131 getiririm ancak sizi jandarmaya \u015fik\u00e2yet ederim, dedim.\u201d M\u0131zrap I. Metin \u0130. ile temmuzda peynirlerini sat\u0131p i\u00e7inde 24 adet olan bir koli D. marka pil al\u0131p d\u00f6nd\u00fcler. \u0130ddiaya g\u00f6re para ve pilleri 15 Temmuz\u2019da PKK\u2019l\u0131lara verdiler.<br \/>Savc\u0131 \u015eanal, parmak izi bulunmad\u0131\u011f\u0131 y\u00f6n\u00fcndeki rapora ra\u011fmen M\u0131zrap I. ve Metin \u0130.\u2019nin, ald\u0131klar\u0131 D. marka pillerin sald\u0131r\u0131dakilerle sadece ayn\u0131 marka olmas\u0131ndan yola \u00e7\u0131karak, \u2018eyleme bilip isteyerek yard\u0131m ettiklerini\u2019 iddia etti. San\u0131k Zeki A. sald\u0131r\u0131dan bir g\u00fcn \u00f6nce \u00fc\u00e7 PKK\u2019l\u0131n\u0131n evine geldiklerini belirterek, \u201cNedim Y\u00fczba\u015f\u0131 ile Murat Ba\u015f\u00e7avu\u015f ile g\u00f6r\u00fc\u015ft\u00fcm. Ertesi g\u00fcn, 11 A\u011fustos\u2019ta jandarmaya u\u011frad\u0131m\u201d dedi. \u015eanal, \u00fc\u00e7 k\u00f6yl\u00fc hakk\u0131nda, \u2018tasarlayarak adam \u00f6ld\u00fcrmek, adam \u00f6ld\u00fcrmeye te\u015febb\u00fcs, ter\u00f6r \u00f6rg\u00fct\u00fcne \u00fcyelik, devletin birli\u011fini ve \u00fclke b\u00fct\u00fcnl\u00fc\u011f\u00fcn\u00fc bozmak\u2019tan 10 ayr\u0131 \u2018a\u011f\u0131rla\u015ft\u0131r\u0131lm\u0131\u015f m\u00fcebbet hapis\u2019 istemiyle dava a\u00e7t\u0131. Zeki A., daha o duru\u015fmada tahliye edildi ve t\u00fcm san\u0131klar i\u00e7in su\u00e7un niteli\u011fi de\u011fi\u015ftirilerek, \u2018yard\u0131m ve yatakl\u0131k\u2019 su\u00e7lamas\u0131yla ek savunma hakk\u0131 verildi. Ve b\u00f6ylece, \u015eanal\u2019\u0131n \u2018a\u011f\u0131rla\u015ft\u0131r\u0131lm\u0131\u015f m\u00fcebbet\u2019 istedi\u011fi k\u00f6yl\u00fcler i\u00e7in istenilen miktar, alt\u0131 y\u0131la d\u00fc\u015ft\u00fc&#8230; \u015eenel\u2019se operasyonu birlikte y\u00fcr\u00fctt\u00fc\u011f\u00fc Binba\u015f\u0131 Nedim Ertan\u2019\u0131 \u00fc\u00e7 ay sonra Ergenekon iddias\u0131yla g\u00f6zalt\u0131na al\u0131p sald\u0131r\u0131 nedeniyle sorgulad\u0131.<\/p>\n","protected":false},"excerpt":{"rendered":"<p>Hapse at\u0131lan Erzincan Ba\u015fsavc\u0131s\u0131 Cihaner\u2019le kendisini tutuklat\u0131nca yetkisi al\u0131nan eski Erzurum Savc\u0131s\u0131 \u015eanal\u2019\u0131n portreleri \u00e7ok farkl\u0131 \u0130STANBUL &#8211; \u0130smaila\u011fa ve Fethullah G\u00fclen tarikatlar\u0131na y\u00f6nelik soru\u015fturmalar\u0131 sonras\u0131 Erzincan\u2019daki operasyonda \u2018Ergenekon \u00fcyeli\u011fi\u2019nden tutuklanan Erzincan Cumhuriyet Ba\u015fsavc\u0131s\u0131 \u0130lhan Cihaner, 1998\u2019de \u0130dil Savc\u0131s\u0131\u2019yken faili me\u00e7hul cinayetlerin izini s\u00fcrd\u00fc. Cihaner, \u2018F\u0131rat\u2019\u0131n \u00f6te yakas\u0131\u2019nda yapt\u0131\u011f\u0131 soru\u015fturmada, 1989\u2019da \u00fc\u00e7 k\u00f6yl\u00fcn\u00fcn \u00f6rd\u00fcr\u00fclmesiyle, 1996\u2019da [&hellip;]<\/p>\n","protected":false},"author":1,"featured_media":0,"comment_status":"open","ping_status":"open","sticky":false,"template":"","format":"standard","meta":{"footnotes":""},"categories":[98],"tags":[],"class_list":{"0":"post-4254","1":"post","2":"type-post","3":"status-publish","4":"format-standard","6":"category-turkiye"},"yoast_head":"<!-- This site is optimized with the Yoast SEO Premium plugin v24.9 (Yoast SEO v24.9) - https:\/\/yoast.com\/wordpress\/plugins\/seo\/ -->\n<title>\u0130ki Savc\u0131n\u0131n Kar\u015f\u0131la\u015ft\u0131rmas\u0131 | \u0130smail Saymaz - narteks.net<\/title>\n<meta name=\"robots\" content=\"index, follow, max-snippet:-1, max-image-preview:large, max-video-preview:-1\" \/>\n<link rel=\"canonical\" href=\"https:\/\/narteks.net\/index.php\/2010\/02\/23\/iki-savcinin-karsilastirmasi-ismail-saymaz\/\" \/>\n<meta property=\"og:locale\" content=\"tr_TR\" \/>\n<meta property=\"og:type\" content=\"article\" \/>\n<meta property=\"og:title\" content=\"\u0130ki Savc\u0131n\u0131n Kar\u015f\u0131la\u015ft\u0131rmas\u0131 | \u0130smail Saymaz\" \/>\n<meta property=\"og:description\" content=\"Hapse at\u0131lan Erzincan Ba\u015fsavc\u0131s\u0131 Cihaner\u2019le kendisini tutuklat\u0131nca yetkisi al\u0131nan eski Erzurum Savc\u0131s\u0131 \u015eanal\u2019\u0131n portreleri \u00e7ok farkl\u0131 \u0130STANBUL &#8211; \u0130smaila\u011fa ve Fethullah G\u00fclen tarikatlar\u0131na y\u00f6nelik soru\u015fturmalar\u0131 sonras\u0131 Erzincan\u2019daki operasyonda \u2018Ergenekon \u00fcyeli\u011fi\u2019nden tutuklanan Erzincan Cumhuriyet Ba\u015fsavc\u0131s\u0131 \u0130lhan Cihaner, 1998\u2019de \u0130dil Savc\u0131s\u0131\u2019yken faili me\u00e7hul cinayetlerin izini s\u00fcrd\u00fc. Cihaner, \u2018F\u0131rat\u2019\u0131n \u00f6te yakas\u0131\u2019nda yapt\u0131\u011f\u0131 soru\u015fturmada, 1989\u2019da \u00fc\u00e7 k\u00f6yl\u00fcn\u00fcn \u00f6rd\u00fcr\u00fclmesiyle, 1996\u2019da [&hellip;]\" \/>\n<meta property=\"og:url\" content=\"https:\/\/narteks.net\/index.php\/2010\/02\/23\/iki-savcinin-karsilastirmasi-ismail-saymaz\/\" \/>\n<meta property=\"og:site_name\" content=\"narteks.net\" \/>\n<meta property=\"article:published_time\" content=\"2010-02-23T09:57:10+00:00\" \/>\n<meta property=\"og:image\" content=\"http:\/\/i.radikal.com.tr\/644x385\/2010\/02\/22\/fft5_mf367221.Jpeg\" \/>\n<meta name=\"author\" content=\"Tar\u0131k\" \/>\n<meta name=\"twitter:card\" content=\"summary_large_image\" \/>\n<meta name=\"twitter:creator\" content=\"@narteks\" \/>\n<meta name=\"twitter:site\" content=\"@narteks\" \/>\n<meta name=\"twitter:label1\" content=\"Yazan:\" \/>\n\t<meta name=\"twitter:data1\" content=\"Tar\u0131k\" \/>\n\t<meta name=\"twitter:label2\" content=\"Tahmini okuma s\u00fcresi\" \/>\n\t<meta name=\"twitter:data2\" content=\"14 dakika\" \/>\n<script type=\"application\/ld+json\" class=\"yoast-schema-graph\">{\"@context\":\"https:\/\/schema.org\",\"@graph\":[{\"@type\":\"Article\",\"@id\":\"https:\/\/narteks.net\/index.php\/2010\/02\/23\/iki-savcinin-karsilastirmasi-ismail-saymaz\/#article\",\"isPartOf\":{\"@id\":\"https:\/\/narteks.net\/index.php\/2010\/02\/23\/iki-savcinin-karsilastirmasi-ismail-saymaz\/\"},\"author\":{\"name\":\"Tar\u0131k\",\"@id\":\"https:\/\/narteks.net\/#\/schema\/person\/61f37d9834294b72d31d274e7ed79bca\"},\"headline\":\"\u0130ki Savc\u0131n\u0131n Kar\u015f\u0131la\u015ft\u0131rmas\u0131 | \u0130smail Saymaz\",\"datePublished\":\"2010-02-23T09:57:10+00:00\",\"mainEntityOfPage\":{\"@id\":\"https:\/\/narteks.net\/index.php\/2010\/02\/23\/iki-savcinin-karsilastirmasi-ismail-saymaz\/\"},\"wordCount\":2889,\"commentCount\":0,\"publisher\":{\"@id\":\"https:\/\/narteks.net\/#organization\"},\"image\":{\"@id\":\"https:\/\/narteks.net\/index.php\/2010\/02\/23\/iki-savcinin-karsilastirmasi-ismail-saymaz\/#primaryimage\"},\"thumbnailUrl\":\"http:\/\/i.radikal.com.tr\/644x385\/2010\/02\/22\/fft5_mf367221.Jpeg\",\"articleSection\":[\"T\u00fcrkiye\"],\"inLanguage\":\"tr\",\"potentialAction\":[{\"@type\":\"CommentAction\",\"name\":\"Comment\",\"target\":[\"https:\/\/narteks.net\/index.php\/2010\/02\/23\/iki-savcinin-karsilastirmasi-ismail-saymaz\/#respond\"]}]},{\"@type\":\"WebPage\",\"@id\":\"https:\/\/narteks.net\/index.php\/2010\/02\/23\/iki-savcinin-karsilastirmasi-ismail-saymaz\/\",\"url\":\"https:\/\/narteks.net\/index.php\/2010\/02\/23\/iki-savcinin-karsilastirmasi-ismail-saymaz\/\",\"name\":\"\u0130ki Savc\u0131n\u0131n Kar\u015f\u0131la\u015ft\u0131rmas\u0131 | \u0130smail Saymaz - narteks.net\",\"isPartOf\":{\"@id\":\"https:\/\/narteks.net\/#website\"},\"primaryImageOfPage\":{\"@id\":\"https:\/\/narteks.net\/index.php\/2010\/02\/23\/iki-savcinin-karsilastirmasi-ismail-saymaz\/#primaryimage\"},\"image\":{\"@id\":\"https:\/\/narteks.net\/index.php\/2010\/02\/23\/iki-savcinin-karsilastirmasi-ismail-saymaz\/#primaryimage\"},\"thumbnailUrl\":\"http:\/\/i.radikal.com.tr\/644x385\/2010\/02\/22\/fft5_mf367221.Jpeg\",\"datePublished\":\"2010-02-23T09:57:10+00:00\",\"breadcrumb\":{\"@id\":\"https:\/\/narteks.net\/index.php\/2010\/02\/23\/iki-savcinin-karsilastirmasi-ismail-saymaz\/#breadcrumb\"},\"inLanguage\":\"tr\",\"potentialAction\":[{\"@type\":\"ReadAction\",\"target\":[\"https:\/\/narteks.net\/index.php\/2010\/02\/23\/iki-savcinin-karsilastirmasi-ismail-saymaz\/\"]}]},{\"@type\":\"ImageObject\",\"inLanguage\":\"tr\",\"@id\":\"https:\/\/narteks.net\/index.php\/2010\/02\/23\/iki-savcinin-karsilastirmasi-ismail-saymaz\/#primaryimage\",\"url\":\"http:\/\/i.radikal.com.tr\/644x385\/2010\/02\/22\/fft5_mf367221.Jpeg\",\"contentUrl\":\"http:\/\/i.radikal.com.tr\/644x385\/2010\/02\/22\/fft5_mf367221.Jpeg\"},{\"@type\":\"BreadcrumbList\",\"@id\":\"https:\/\/narteks.net\/index.php\/2010\/02\/23\/iki-savcinin-karsilastirmasi-ismail-saymaz\/#breadcrumb\",\"itemListElement\":[{\"@type\":\"ListItem\",\"position\":1,\"name\":\"Anasayfa\",\"item\":\"https:\/\/narteks.net\/\"},{\"@type\":\"ListItem\",\"position\":2,\"name\":\"\u0130ki Savc\u0131n\u0131n Kar\u015f\u0131la\u015ft\u0131rmas\u0131 | \u0130smail Saymaz\"}]},{\"@type\":\"WebSite\",\"@id\":\"https:\/\/narteks.net\/#website\",\"url\":\"https:\/\/narteks.net\/\",\"name\":\"narteks.net\",\"description\":\"K\u00fclt\u00fcr Sanat Edebiyat Felsefe\",\"publisher\":{\"@id\":\"https:\/\/narteks.net\/#organization\"},\"alternateName\":\"K\u00fclt\u00fcr Sanat Edebiyat Felsefe\",\"potentialAction\":[{\"@type\":\"SearchAction\",\"target\":{\"@type\":\"EntryPoint\",\"urlTemplate\":\"https:\/\/narteks.net\/?s={search_term_string}\"},\"query-input\":{\"@type\":\"PropertyValueSpecification\",\"valueRequired\":true,\"valueName\":\"search_term_string\"}}],\"inLanguage\":\"tr\"},{\"@type\":\"Organization\",\"@id\":\"https:\/\/narteks.net\/#organization\",\"name\":\"narteks.net\",\"url\":\"https:\/\/narteks.net\/\",\"logo\":{\"@type\":\"ImageObject\",\"inLanguage\":\"tr\",\"@id\":\"https:\/\/narteks.net\/#\/schema\/logo\/image\/\",\"url\":\"https:\/\/narteks.net\/wp-content\/uploads\/narteks.png\",\"contentUrl\":\"https:\/\/narteks.net\/wp-content\/uploads\/narteks.png\",\"width\":300,\"height\":90,\"caption\":\"narteks.net\"},\"image\":{\"@id\":\"https:\/\/narteks.net\/#\/schema\/logo\/image\/\"},\"sameAs\":[\"https:\/\/x.com\/narteks\",\"https:\/\/instagram.com\/narteksnet\"]},{\"@type\":\"Person\",\"@id\":\"https:\/\/narteks.net\/#\/schema\/person\/61f37d9834294b72d31d274e7ed79bca\",\"name\":\"Tar\u0131k\",\"image\":{\"@type\":\"ImageObject\",\"inLanguage\":\"tr\",\"@id\":\"https:\/\/narteks.net\/#\/schema\/person\/image\/\",\"url\":\"https:\/\/secure.gravatar.com\/avatar\/50865afb55632c4ae467e0af0930f6510aa2297d8014be502a55b14f3b7550cf?s=96&d=mm&r=g\",\"contentUrl\":\"https:\/\/secure.gravatar.com\/avatar\/50865afb55632c4ae467e0af0930f6510aa2297d8014be502a55b14f3b7550cf?s=96&d=mm&r=g\",\"caption\":\"Tar\u0131k\"},\"sameAs\":[\"http:\/\/narteks.net\"],\"url\":\"https:\/\/narteks.net\/index.php\/author\/narbak\/\"}]}<\/script>\n<!-- \/ Yoast SEO Premium plugin. -->","yoast_head_json":{"title":"\u0130ki Savc\u0131n\u0131n Kar\u015f\u0131la\u015ft\u0131rmas\u0131 | \u0130smail Saymaz - narteks.net","robots":{"index":"index","follow":"follow","max-snippet":"max-snippet:-1","max-image-preview":"max-image-preview:large","max-video-preview":"max-video-preview:-1"},"canonical":"https:\/\/narteks.net\/index.php\/2010\/02\/23\/iki-savcinin-karsilastirmasi-ismail-saymaz\/","og_locale":"tr_TR","og_type":"article","og_title":"\u0130ki Savc\u0131n\u0131n Kar\u015f\u0131la\u015ft\u0131rmas\u0131 | \u0130smail Saymaz","og_description":"Hapse at\u0131lan Erzincan Ba\u015fsavc\u0131s\u0131 Cihaner\u2019le kendisini tutuklat\u0131nca yetkisi al\u0131nan eski Erzurum Savc\u0131s\u0131 \u015eanal\u2019\u0131n portreleri \u00e7ok farkl\u0131 \u0130STANBUL &#8211; \u0130smaila\u011fa ve Fethullah G\u00fclen tarikatlar\u0131na y\u00f6nelik soru\u015fturmalar\u0131 sonras\u0131 Erzincan\u2019daki operasyonda \u2018Ergenekon \u00fcyeli\u011fi\u2019nden tutuklanan Erzincan Cumhuriyet Ba\u015fsavc\u0131s\u0131 \u0130lhan Cihaner, 1998\u2019de \u0130dil Savc\u0131s\u0131\u2019yken faili me\u00e7hul cinayetlerin izini s\u00fcrd\u00fc. Cihaner, \u2018F\u0131rat\u2019\u0131n \u00f6te yakas\u0131\u2019nda yapt\u0131\u011f\u0131 soru\u015fturmada, 1989\u2019da \u00fc\u00e7 k\u00f6yl\u00fcn\u00fcn \u00f6rd\u00fcr\u00fclmesiyle, 1996\u2019da [&hellip;]","og_url":"https:\/\/narteks.net\/index.php\/2010\/02\/23\/iki-savcinin-karsilastirmasi-ismail-saymaz\/","og_site_name":"narteks.net","article_published_time":"2010-02-23T09:57:10+00:00","og_image":[{"url":"http:\/\/i.radikal.com.tr\/644x385\/2010\/02\/22\/fft5_mf367221.Jpeg","type":"","width":"","height":""}],"author":"Tar\u0131k","twitter_card":"summary_large_image","twitter_creator":"@narteks","twitter_site":"@narteks","twitter_misc":{"Yazan:":"Tar\u0131k","Tahmini okuma s\u00fcresi":"14 dakika"},"schema":{"@context":"https:\/\/schema.org","@graph":[{"@type":"Article","@id":"https:\/\/narteks.net\/index.php\/2010\/02\/23\/iki-savcinin-karsilastirmasi-ismail-saymaz\/#article","isPartOf":{"@id":"https:\/\/narteks.net\/index.php\/2010\/02\/23\/iki-savcinin-karsilastirmasi-ismail-saymaz\/"},"author":{"name":"Tar\u0131k","@id":"https:\/\/narteks.net\/#\/schema\/person\/61f37d9834294b72d31d274e7ed79bca"},"headline":"\u0130ki Savc\u0131n\u0131n Kar\u015f\u0131la\u015ft\u0131rmas\u0131 | \u0130smail Saymaz","datePublished":"2010-02-23T09:57:10+00:00","mainEntityOfPage":{"@id":"https:\/\/narteks.net\/index.php\/2010\/02\/23\/iki-savcinin-karsilastirmasi-ismail-saymaz\/"},"wordCount":2889,"commentCount":0,"publisher":{"@id":"https:\/\/narteks.net\/#organization"},"image":{"@id":"https:\/\/narteks.net\/index.php\/2010\/02\/23\/iki-savcinin-karsilastirmasi-ismail-saymaz\/#primaryimage"},"thumbnailUrl":"http:\/\/i.radikal.com.tr\/644x385\/2010\/02\/22\/fft5_mf367221.Jpeg","articleSection":["T\u00fcrkiye"],"inLanguage":"tr","potentialAction":[{"@type":"CommentAction","name":"Comment","target":["https:\/\/narteks.net\/index.php\/2010\/02\/23\/iki-savcinin-karsilastirmasi-ismail-saymaz\/#respond"]}]},{"@type":"WebPage","@id":"https:\/\/narteks.net\/index.php\/2010\/02\/23\/iki-savcinin-karsilastirmasi-ismail-saymaz\/","url":"https:\/\/narteks.net\/index.php\/2010\/02\/23\/iki-savcinin-karsilastirmasi-ismail-saymaz\/","name":"\u0130ki Savc\u0131n\u0131n Kar\u015f\u0131la\u015ft\u0131rmas\u0131 | \u0130smail Saymaz - narteks.net","isPartOf":{"@id":"https:\/\/narteks.net\/#website"},"primaryImageOfPage":{"@id":"https:\/\/narteks.net\/index.php\/2010\/02\/23\/iki-savcinin-karsilastirmasi-ismail-saymaz\/#primaryimage"},"image":{"@id":"https:\/\/narteks.net\/index.php\/2010\/02\/23\/iki-savcinin-karsilastirmasi-ismail-saymaz\/#primaryimage"},"thumbnailUrl":"http:\/\/i.radikal.com.tr\/644x385\/2010\/02\/22\/fft5_mf367221.Jpeg","datePublished":"2010-02-23T09:57:10+00:00","breadcrumb":{"@id":"https:\/\/narteks.net\/index.php\/2010\/02\/23\/iki-savcinin-karsilastirmasi-ismail-saymaz\/#breadcrumb"},"inLanguage":"tr","potentialAction":[{"@type":"ReadAction","target":["https:\/\/narteks.net\/index.php\/2010\/02\/23\/iki-savcinin-karsilastirmasi-ismail-saymaz\/"]}]},{"@type":"ImageObject","inLanguage":"tr","@id":"https:\/\/narteks.net\/index.php\/2010\/02\/23\/iki-savcinin-karsilastirmasi-ismail-saymaz\/#primaryimage","url":"http:\/\/i.radikal.com.tr\/644x385\/2010\/02\/22\/fft5_mf367221.Jpeg","contentUrl":"http:\/\/i.radikal.com.tr\/644x385\/2010\/02\/22\/fft5_mf367221.Jpeg"},{"@type":"BreadcrumbList","@id":"https:\/\/narteks.net\/index.php\/2010\/02\/23\/iki-savcinin-karsilastirmasi-ismail-saymaz\/#breadcrumb","itemListElement":[{"@type":"ListItem","position":1,"name":"Anasayfa","item":"https:\/\/narteks.net\/"},{"@type":"ListItem","position":2,"name":"\u0130ki Savc\u0131n\u0131n Kar\u015f\u0131la\u015ft\u0131rmas\u0131 | \u0130smail Saymaz"}]},{"@type":"WebSite","@id":"https:\/\/narteks.net\/#website","url":"https:\/\/narteks.net\/","name":"narteks.net","description":"K\u00fclt\u00fcr Sanat Edebiyat Felsefe","publisher":{"@id":"https:\/\/narteks.net\/#organization"},"alternateName":"K\u00fclt\u00fcr Sanat Edebiyat Felsefe","potentialAction":[{"@type":"SearchAction","target":{"@type":"EntryPoint","urlTemplate":"https:\/\/narteks.net\/?s={search_term_string}"},"query-input":{"@type":"PropertyValueSpecification","valueRequired":true,"valueName":"search_term_string"}}],"inLanguage":"tr"},{"@type":"Organization","@id":"https:\/\/narteks.net\/#organization","name":"narteks.net","url":"https:\/\/narteks.net\/","logo":{"@type":"ImageObject","inLanguage":"tr","@id":"https:\/\/narteks.net\/#\/schema\/logo\/image\/","url":"https:\/\/narteks.net\/wp-content\/uploads\/narteks.png","contentUrl":"https:\/\/narteks.net\/wp-content\/uploads\/narteks.png","width":300,"height":90,"caption":"narteks.net"},"image":{"@id":"https:\/\/narteks.net\/#\/schema\/logo\/image\/"},"sameAs":["https:\/\/x.com\/narteks","https:\/\/instagram.com\/narteksnet"]},{"@type":"Person","@id":"https:\/\/narteks.net\/#\/schema\/person\/61f37d9834294b72d31d274e7ed79bca","name":"Tar\u0131k","image":{"@type":"ImageObject","inLanguage":"tr","@id":"https:\/\/narteks.net\/#\/schema\/person\/image\/","url":"https:\/\/secure.gravatar.com\/avatar\/50865afb55632c4ae467e0af0930f6510aa2297d8014be502a55b14f3b7550cf?s=96&d=mm&r=g","contentUrl":"https:\/\/secure.gravatar.com\/avatar\/50865afb55632c4ae467e0af0930f6510aa2297d8014be502a55b14f3b7550cf?s=96&d=mm&r=g","caption":"Tar\u0131k"},"sameAs":["http:\/\/narteks.net"],"url":"https:\/\/narteks.net\/index.php\/author\/narbak\/"}]}},"_links":{"self":[{"href":"https:\/\/narteks.net\/index.php\/wp-json\/wp\/v2\/posts\/4254","targetHints":{"allow":["GET"]}}],"collection":[{"href":"https:\/\/narteks.net\/index.php\/wp-json\/wp\/v2\/posts"}],"about":[{"href":"https:\/\/narteks.net\/index.php\/wp-json\/wp\/v2\/types\/post"}],"author":[{"embeddable":true,"href":"https:\/\/narteks.net\/index.php\/wp-json\/wp\/v2\/users\/1"}],"replies":[{"embeddable":true,"href":"https:\/\/narteks.net\/index.php\/wp-json\/wp\/v2\/comments?post=4254"}],"version-history":[{"count":0,"href":"https:\/\/narteks.net\/index.php\/wp-json\/wp\/v2\/posts\/4254\/revisions"}],"wp:attachment":[{"href":"https:\/\/narteks.net\/index.php\/wp-json\/wp\/v2\/media?parent=4254"}],"wp:term":[{"taxonomy":"category","embeddable":true,"href":"https:\/\/narteks.net\/index.php\/wp-json\/wp\/v2\/categories?post=4254"},{"taxonomy":"post_tag","embeddable":true,"href":"https:\/\/narteks.net\/index.php\/wp-json\/wp\/v2\/tags?post=4254"}],"curies":[{"name":"wp","href":"https:\/\/api.w.org\/{rel}","templated":true}]}}