{"id":4255,"date":"2010-02-23T13:04:29","date_gmt":"2010-02-23T10:04:29","guid":{"rendered":"http:\/\/localhost\/wordpress\/2010\/02\/23\/altn-ay-oedueluenue-qbalq-filmi-kazand\/"},"modified":"2010-02-23T13:04:29","modified_gmt":"2010-02-23T10:04:29","slug":"altn-ay-oedueluenue-qbalq-filmi-kazand","status":"publish","type":"post","link":"https:\/\/narteks.net\/index.php\/2010\/02\/23\/altn-ay-oedueluenue-qbalq-filmi-kazand\/","title":{"rendered":"Alt\u0131n Ay\u0131 \u00f6d\u00fcl\u00fcn\u00fc &#8220;Bal&#8221; filmi kazand\u0131"},"content":{"rendered":"<p>60. Uluslararas\u0131 Berlin Film Festivali\u2019nde B\u00fcy\u00fck \u00d6d\u00fcl Alt\u0131n Ay\u0131\u2019y\u0131 Semih Kaplano\u011flu\u2019nun \u2018Bal\u2019 adl\u0131 filmi kazand\u0131.<\/p>\n<p><strong>\u00d6d\u00fcller<\/strong><\/p>\n<p>Alt\u0131n Ay\u0131 \/ En \u0130yi Film &#8211; Bal (Semih Kaplano\u011flu)<br \/>G\u00fcm\u00fc\u015f Ay\u0131 \/ J\u00fcri B\u00fcy\u00fck \u00d6d\u00fcl\u00fc &#8211; Whistle Want To (Isl\u0131k \u00c7almak \u0130stersem \u00c7alar\u0131m) Florin Serban<br \/>G\u00fcm\u00fc\u015f Ay\u0131 &#8211; En \u0130yi Y\u00f6netmen &#8211; G\u00fcm\u00fc\u015f Ay\u0131 &#8211; Roman Polanski (The Ghost Writer)<br \/>G\u00fcm\u00fc\u015f Ay\u0131 &#8211; En \u0130yi Kad\u0131n Oyuncu &#8211; Shinobu Terajima (Caterpillar -Koji Wakamatsu)<br \/>G\u00fcm\u00fc\u015f Ay\u0131 &#8211; En \u0130yi Erkek Oyuncu &#8211; Grigori Dobrygin (Kak Ya Provel Etim Letom\u201d (Bu Yaz\u0131 Nas\u0131l Ge\u00e7irdim)Alexej Popogrebski<br \/>G\u00fcm\u00fc\u015f Ay\u0131 &#8211; En \u0130yi Sanatsal Katk\u0131 &#8211; Pavel Kostomarov (G\u00f6r\u00fcnt\u00fc Y\u00f6netmeni) (Kak Ya Provel Etim Letom)<br \/>G\u00fcm\u00fc\u015f Ay\u0131 &#8211; En \u0130yi Senaryo &#8211; Wang Quan&#8217;an ve Na Jin (Tuan Yuan- (Apart Together)<br \/>Alfred Bauer \u00d6d\u00fcl\u00fc &#8211; Whistle Want To<br \/>(Festival kurucusu an\u0131s\u0131na verilen bu \u00f6d\u00fcl, \u00f6zellikle yenilik getiren filmlere veriliyor)<br \/>Berlinale Kamera \u00d6d\u00fcl\u00fc &#8211; Yoji Yamada (Ot\u00f4to)<br \/>Alfred Bauer \u00d6d\u00fcl\u00fc &#8211; \u201cEu Cand Vreau Sa Fluier, Fluier\u201d &#8211; Florin Serban<br \/>En \u0130yi \u0130lk Uzun Metrajl\u0131 Film \u00d6d\u00fcl\u00fc &#8211; \u201cSebbe\u201d &#8211; Babak Najafi<br \/>FIPRESCI \u00d6d\u00fclleri<br \/>Yar\u0131\u015fma B\u00f6l\u00fcm\u00fc &#8211; \u201cEn Familie\u201d &#8211; Pernille Fischer Christensen<br \/>Panorama B\u00f6l\u00fcm\u00fc &#8211; \u201cPar\u00eado\u201d &#8211; Isao Yukisada<br \/>Forum B\u00f6l\u00fcm\u00fc &#8211; \u201cEl vuelco del cangrejo\u201d &#8211; Oscar Ruiz Navia<br \/>\u201cLabel Europa Cinemas\u201d \u00d6d\u00fcl\u00fc &#8211; \u201cDie Fremde\u201d &#8211; Feo Aladag<br \/>Uluslararas\u0131 Af \u00d6rg\u00fct\u00fc \u00d6d\u00fcl\u00fc &#8211; \u201cSon Of Babylon\u201d &#8211; Mohamed Al-Daradji<\/p>\n","protected":false},"excerpt":{"rendered":"<p>60. Uluslararas\u0131 Berlin Film Festivali\u2019nde B\u00fcy\u00fck \u00d6d\u00fcl Alt\u0131n Ay\u0131\u2019y\u0131 Semih Kaplano\u011flu\u2019nun \u2018Bal\u2019 adl\u0131 filmi kazand\u0131. \u00d6d\u00fcller Alt\u0131n Ay\u0131 \/ En \u0130yi Film &#8211; Bal (Semih Kaplano\u011flu)G\u00fcm\u00fc\u015f Ay\u0131 \/ J\u00fcri B\u00fcy\u00fck \u00d6d\u00fcl\u00fc &#8211; Whistle Want To (Isl\u0131k \u00c7almak \u0130stersem \u00c7alar\u0131m) Florin SerbanG\u00fcm\u00fc\u015f Ay\u0131 &#8211; En \u0130yi Y\u00f6netmen &#8211; G\u00fcm\u00fc\u015f Ay\u0131 &#8211; Roman Polanski (The Ghost Writer)G\u00fcm\u00fc\u015f [&hellip;]<\/p>\n","protected":false},"author":1,"featured_media":0,"comment_status":"open","ping_status":"open","sticky":false,"template":"","format":"standard","meta":{"footnotes":""},"categories":[111],"tags":[],"class_list":{"0":"post-4255","1":"post","2":"type-post","3":"status-publish","4":"format-standard","6":"category-sinema-haberleri"},"yoast_head":"<!-- This site is optimized with the Yoast SEO Premium plugin v24.9 (Yoast SEO v24.9) - https:\/\/yoast.com\/wordpress\/plugins\/seo\/ -->\n<title>Alt\u0131n Ay\u0131 \u00f6d\u00fcl\u00fcn\u00fc &quot;Bal&quot; filmi kazand\u0131 - narteks.net<\/title>\n<meta name=\"robots\" content=\"index, follow, max-snippet:-1, max-image-preview:large, max-video-preview:-1\" \/>\n<link rel=\"canonical\" href=\"https:\/\/narteks.net\/index.php\/2010\/02\/23\/altn-ay-oedueluenue-qbalq-filmi-kazand\/\" \/>\n<meta property=\"og:locale\" content=\"tr_TR\" \/>\n<meta property=\"og:type\" content=\"article\" \/>\n<meta property=\"og:title\" content=\"Alt\u0131n Ay\u0131 \u00f6d\u00fcl\u00fcn\u00fc &quot;Bal&quot; filmi kazand\u0131\" \/>\n<meta property=\"og:description\" content=\"60. Uluslararas\u0131 Berlin Film Festivali\u2019nde B\u00fcy\u00fck \u00d6d\u00fcl Alt\u0131n Ay\u0131\u2019y\u0131 Semih Kaplano\u011flu\u2019nun \u2018Bal\u2019 adl\u0131 filmi kazand\u0131. \u00d6d\u00fcller Alt\u0131n Ay\u0131 \/ En \u0130yi Film &#8211; Bal (Semih Kaplano\u011flu)G\u00fcm\u00fc\u015f Ay\u0131 \/ J\u00fcri B\u00fcy\u00fck \u00d6d\u00fcl\u00fc &#8211; Whistle Want To (Isl\u0131k \u00c7almak \u0130stersem \u00c7alar\u0131m) Florin SerbanG\u00fcm\u00fc\u015f Ay\u0131 &#8211; En \u0130yi Y\u00f6netmen &#8211; G\u00fcm\u00fc\u015f Ay\u0131 &#8211; Roman Polanski (The Ghost Writer)G\u00fcm\u00fc\u015f [&hellip;]\" \/>\n<meta property=\"og:url\" content=\"https:\/\/narteks.net\/index.php\/2010\/02\/23\/altn-ay-oedueluenue-qbalq-filmi-kazand\/\" \/>\n<meta property=\"og:site_name\" content=\"narteks.net\" \/>\n<meta property=\"article:published_time\" content=\"2010-02-23T10:04:29+00:00\" \/>\n<meta property=\"og:image\" content=\"https:\/\/narteks.net\/wp-content\/uploads\/narteks.png\" \/>\n\t<meta property=\"og:image:width\" content=\"300\" \/>\n\t<meta property=\"og:image:height\" content=\"90\" \/>\n\t<meta property=\"og:image:type\" content=\"image\/png\" \/>\n<meta name=\"author\" content=\"Tar\u0131k\" \/>\n<meta name=\"twitter:card\" content=\"summary_large_image\" \/>\n<meta name=\"twitter:creator\" content=\"@narteks\" \/>\n<meta name=\"twitter:site\" content=\"@narteks\" \/>\n<meta name=\"twitter:label1\" content=\"Yazan:\" \/>\n\t<meta name=\"twitter:data1\" content=\"Tar\u0131k\" \/>\n\t<meta name=\"twitter:label2\" content=\"Tahmini okuma s\u00fcresi\" \/>\n\t<meta name=\"twitter:data2\" content=\"1 dakika\" \/>\n<script type=\"application\/ld+json\" class=\"yoast-schema-graph\">{\"@context\":\"https:\/\/schema.org\",\"@graph\":[{\"@type\":\"Article\",\"@id\":\"https:\/\/narteks.net\/index.php\/2010\/02\/23\/altn-ay-oedueluenue-qbalq-filmi-kazand\/#article\",\"isPartOf\":{\"@id\":\"https:\/\/narteks.net\/index.php\/2010\/02\/23\/altn-ay-oedueluenue-qbalq-filmi-kazand\/\"},\"author\":{\"name\":\"Tar\u0131k\",\"@id\":\"https:\/\/narteks.net\/#\/schema\/person\/61f37d9834294b72d31d274e7ed79bca\"},\"headline\":\"Alt\u0131n Ay\u0131 \u00f6d\u00fcl\u00fcn\u00fc &#8220;Bal&#8221; filmi kazand\u0131\",\"datePublished\":\"2010-02-23T10:04:29+00:00\",\"mainEntityOfPage\":{\"@id\":\"https:\/\/narteks.net\/index.php\/2010\/02\/23\/altn-ay-oedueluenue-qbalq-filmi-kazand\/\"},\"wordCount\":273,\"commentCount\":0,\"publisher\":{\"@id\":\"https:\/\/narteks.net\/#organization\"},\"articleSection\":[\"Sinema Haberleri\"],\"inLanguage\":\"tr\",\"potentialAction\":[{\"@type\":\"CommentAction\",\"name\":\"Comment\",\"target\":[\"https:\/\/narteks.net\/index.php\/2010\/02\/23\/altn-ay-oedueluenue-qbalq-filmi-kazand\/#respond\"]}]},{\"@type\":\"WebPage\",\"@id\":\"https:\/\/narteks.net\/index.php\/2010\/02\/23\/altn-ay-oedueluenue-qbalq-filmi-kazand\/\",\"url\":\"https:\/\/narteks.net\/index.php\/2010\/02\/23\/altn-ay-oedueluenue-qbalq-filmi-kazand\/\",\"name\":\"Alt\u0131n Ay\u0131 \u00f6d\u00fcl\u00fcn\u00fc \\\"Bal\\\" filmi kazand\u0131 - narteks.net\",\"isPartOf\":{\"@id\":\"https:\/\/narteks.net\/#website\"},\"datePublished\":\"2010-02-23T10:04:29+00:00\",\"breadcrumb\":{\"@id\":\"https:\/\/narteks.net\/index.php\/2010\/02\/23\/altn-ay-oedueluenue-qbalq-filmi-kazand\/#breadcrumb\"},\"inLanguage\":\"tr\",\"potentialAction\":[{\"@type\":\"ReadAction\",\"target\":[\"https:\/\/narteks.net\/index.php\/2010\/02\/23\/altn-ay-oedueluenue-qbalq-filmi-kazand\/\"]}]},{\"@type\":\"BreadcrumbList\",\"@id\":\"https:\/\/narteks.net\/index.php\/2010\/02\/23\/altn-ay-oedueluenue-qbalq-filmi-kazand\/#breadcrumb\",\"itemListElement\":[{\"@type\":\"ListItem\",\"position\":1,\"name\":\"Anasayfa\",\"item\":\"https:\/\/narteks.net\/\"},{\"@type\":\"ListItem\",\"position\":2,\"name\":\"Alt\u0131n Ay\u0131 \u00f6d\u00fcl\u00fcn\u00fc &#8220;Bal&#8221; filmi kazand\u0131\"}]},{\"@type\":\"WebSite\",\"@id\":\"https:\/\/narteks.net\/#website\",\"url\":\"https:\/\/narteks.net\/\",\"name\":\"narteks.net\",\"description\":\"K\u00fclt\u00fcr Sanat Edebiyat Felsefe\",\"publisher\":{\"@id\":\"https:\/\/narteks.net\/#organization\"},\"alternateName\":\"K\u00fclt\u00fcr Sanat Edebiyat Felsefe\",\"potentialAction\":[{\"@type\":\"SearchAction\",\"target\":{\"@type\":\"EntryPoint\",\"urlTemplate\":\"https:\/\/narteks.net\/?s={search_term_string}\"},\"query-input\":{\"@type\":\"PropertyValueSpecification\",\"valueRequired\":true,\"valueName\":\"search_term_string\"}}],\"inLanguage\":\"tr\"},{\"@type\":\"Organization\",\"@id\":\"https:\/\/narteks.net\/#organization\",\"name\":\"narteks.net\",\"url\":\"https:\/\/narteks.net\/\",\"logo\":{\"@type\":\"ImageObject\",\"inLanguage\":\"tr\",\"@id\":\"https:\/\/narteks.net\/#\/schema\/logo\/image\/\",\"url\":\"https:\/\/narteks.net\/wp-content\/uploads\/narteks.png\",\"contentUrl\":\"https:\/\/narteks.net\/wp-content\/uploads\/narteks.png\",\"width\":300,\"height\":90,\"caption\":\"narteks.net\"},\"image\":{\"@id\":\"https:\/\/narteks.net\/#\/schema\/logo\/image\/\"},\"sameAs\":[\"https:\/\/x.com\/narteks\",\"https:\/\/instagram.com\/narteksnet\"]},{\"@type\":\"Person\",\"@id\":\"https:\/\/narteks.net\/#\/schema\/person\/61f37d9834294b72d31d274e7ed79bca\",\"name\":\"Tar\u0131k\",\"image\":{\"@type\":\"ImageObject\",\"inLanguage\":\"tr\",\"@id\":\"https:\/\/narteks.net\/#\/schema\/person\/image\/\",\"url\":\"https:\/\/secure.gravatar.com\/avatar\/50865afb55632c4ae467e0af0930f6510aa2297d8014be502a55b14f3b7550cf?s=96&d=mm&r=g\",\"contentUrl\":\"https:\/\/secure.gravatar.com\/avatar\/50865afb55632c4ae467e0af0930f6510aa2297d8014be502a55b14f3b7550cf?s=96&d=mm&r=g\",\"caption\":\"Tar\u0131k\"},\"sameAs\":[\"http:\/\/narteks.net\"],\"url\":\"https:\/\/narteks.net\/index.php\/author\/narbak\/\"}]}<\/script>\n<!-- \/ Yoast SEO Premium plugin. -->","yoast_head_json":{"title":"Alt\u0131n Ay\u0131 \u00f6d\u00fcl\u00fcn\u00fc \"Bal\" filmi kazand\u0131 - narteks.net","robots":{"index":"index","follow":"follow","max-snippet":"max-snippet:-1","max-image-preview":"max-image-preview:large","max-video-preview":"max-video-preview:-1"},"canonical":"https:\/\/narteks.net\/index.php\/2010\/02\/23\/altn-ay-oedueluenue-qbalq-filmi-kazand\/","og_locale":"tr_TR","og_type":"article","og_title":"Alt\u0131n Ay\u0131 \u00f6d\u00fcl\u00fcn\u00fc \"Bal\" filmi kazand\u0131","og_description":"60. Uluslararas\u0131 Berlin Film Festivali\u2019nde B\u00fcy\u00fck \u00d6d\u00fcl Alt\u0131n Ay\u0131\u2019y\u0131 Semih Kaplano\u011flu\u2019nun \u2018Bal\u2019 adl\u0131 filmi kazand\u0131. \u00d6d\u00fcller Alt\u0131n Ay\u0131 \/ En \u0130yi Film &#8211; Bal (Semih Kaplano\u011flu)G\u00fcm\u00fc\u015f Ay\u0131 \/ J\u00fcri B\u00fcy\u00fck \u00d6d\u00fcl\u00fc &#8211; Whistle Want To (Isl\u0131k \u00c7almak \u0130stersem \u00c7alar\u0131m) Florin SerbanG\u00fcm\u00fc\u015f Ay\u0131 &#8211; En \u0130yi Y\u00f6netmen &#8211; G\u00fcm\u00fc\u015f Ay\u0131 &#8211; Roman Polanski (The Ghost Writer)G\u00fcm\u00fc\u015f [&hellip;]","og_url":"https:\/\/narteks.net\/index.php\/2010\/02\/23\/altn-ay-oedueluenue-qbalq-filmi-kazand\/","og_site_name":"narteks.net","article_published_time":"2010-02-23T10:04:29+00:00","og_image":[{"width":300,"height":90,"url":"https:\/\/narteks.net\/wp-content\/uploads\/narteks.png","type":"image\/png"}],"author":"Tar\u0131k","twitter_card":"summary_large_image","twitter_creator":"@narteks","twitter_site":"@narteks","twitter_misc":{"Yazan:":"Tar\u0131k","Tahmini okuma s\u00fcresi":"1 dakika"},"schema":{"@context":"https:\/\/schema.org","@graph":[{"@type":"Article","@id":"https:\/\/narteks.net\/index.php\/2010\/02\/23\/altn-ay-oedueluenue-qbalq-filmi-kazand\/#article","isPartOf":{"@id":"https:\/\/narteks.net\/index.php\/2010\/02\/23\/altn-ay-oedueluenue-qbalq-filmi-kazand\/"},"author":{"name":"Tar\u0131k","@id":"https:\/\/narteks.net\/#\/schema\/person\/61f37d9834294b72d31d274e7ed79bca"},"headline":"Alt\u0131n Ay\u0131 \u00f6d\u00fcl\u00fcn\u00fc &#8220;Bal&#8221; filmi kazand\u0131","datePublished":"2010-02-23T10:04:29+00:00","mainEntityOfPage":{"@id":"https:\/\/narteks.net\/index.php\/2010\/02\/23\/altn-ay-oedueluenue-qbalq-filmi-kazand\/"},"wordCount":273,"commentCount":0,"publisher":{"@id":"https:\/\/narteks.net\/#organization"},"articleSection":["Sinema Haberleri"],"inLanguage":"tr","potentialAction":[{"@type":"CommentAction","name":"Comment","target":["https:\/\/narteks.net\/index.php\/2010\/02\/23\/altn-ay-oedueluenue-qbalq-filmi-kazand\/#respond"]}]},{"@type":"WebPage","@id":"https:\/\/narteks.net\/index.php\/2010\/02\/23\/altn-ay-oedueluenue-qbalq-filmi-kazand\/","url":"https:\/\/narteks.net\/index.php\/2010\/02\/23\/altn-ay-oedueluenue-qbalq-filmi-kazand\/","name":"Alt\u0131n Ay\u0131 \u00f6d\u00fcl\u00fcn\u00fc \"Bal\" filmi kazand\u0131 - narteks.net","isPartOf":{"@id":"https:\/\/narteks.net\/#website"},"datePublished":"2010-02-23T10:04:29+00:00","breadcrumb":{"@id":"https:\/\/narteks.net\/index.php\/2010\/02\/23\/altn-ay-oedueluenue-qbalq-filmi-kazand\/#breadcrumb"},"inLanguage":"tr","potentialAction":[{"@type":"ReadAction","target":["https:\/\/narteks.net\/index.php\/2010\/02\/23\/altn-ay-oedueluenue-qbalq-filmi-kazand\/"]}]},{"@type":"BreadcrumbList","@id":"https:\/\/narteks.net\/index.php\/2010\/02\/23\/altn-ay-oedueluenue-qbalq-filmi-kazand\/#breadcrumb","itemListElement":[{"@type":"ListItem","position":1,"name":"Anasayfa","item":"https:\/\/narteks.net\/"},{"@type":"ListItem","position":2,"name":"Alt\u0131n Ay\u0131 \u00f6d\u00fcl\u00fcn\u00fc &#8220;Bal&#8221; filmi kazand\u0131"}]},{"@type":"WebSite","@id":"https:\/\/narteks.net\/#website","url":"https:\/\/narteks.net\/","name":"narteks.net","description":"K\u00fclt\u00fcr Sanat Edebiyat Felsefe","publisher":{"@id":"https:\/\/narteks.net\/#organization"},"alternateName":"K\u00fclt\u00fcr Sanat Edebiyat Felsefe","potentialAction":[{"@type":"SearchAction","target":{"@type":"EntryPoint","urlTemplate":"https:\/\/narteks.net\/?s={search_term_string}"},"query-input":{"@type":"PropertyValueSpecification","valueRequired":true,"valueName":"search_term_string"}}],"inLanguage":"tr"},{"@type":"Organization","@id":"https:\/\/narteks.net\/#organization","name":"narteks.net","url":"https:\/\/narteks.net\/","logo":{"@type":"ImageObject","inLanguage":"tr","@id":"https:\/\/narteks.net\/#\/schema\/logo\/image\/","url":"https:\/\/narteks.net\/wp-content\/uploads\/narteks.png","contentUrl":"https:\/\/narteks.net\/wp-content\/uploads\/narteks.png","width":300,"height":90,"caption":"narteks.net"},"image":{"@id":"https:\/\/narteks.net\/#\/schema\/logo\/image\/"},"sameAs":["https:\/\/x.com\/narteks","https:\/\/instagram.com\/narteksnet"]},{"@type":"Person","@id":"https:\/\/narteks.net\/#\/schema\/person\/61f37d9834294b72d31d274e7ed79bca","name":"Tar\u0131k","image":{"@type":"ImageObject","inLanguage":"tr","@id":"https:\/\/narteks.net\/#\/schema\/person\/image\/","url":"https:\/\/secure.gravatar.com\/avatar\/50865afb55632c4ae467e0af0930f6510aa2297d8014be502a55b14f3b7550cf?s=96&d=mm&r=g","contentUrl":"https:\/\/secure.gravatar.com\/avatar\/50865afb55632c4ae467e0af0930f6510aa2297d8014be502a55b14f3b7550cf?s=96&d=mm&r=g","caption":"Tar\u0131k"},"sameAs":["http:\/\/narteks.net"],"url":"https:\/\/narteks.net\/index.php\/author\/narbak\/"}]}},"_links":{"self":[{"href":"https:\/\/narteks.net\/index.php\/wp-json\/wp\/v2\/posts\/4255","targetHints":{"allow":["GET"]}}],"collection":[{"href":"https:\/\/narteks.net\/index.php\/wp-json\/wp\/v2\/posts"}],"about":[{"href":"https:\/\/narteks.net\/index.php\/wp-json\/wp\/v2\/types\/post"}],"author":[{"embeddable":true,"href":"https:\/\/narteks.net\/index.php\/wp-json\/wp\/v2\/users\/1"}],"replies":[{"embeddable":true,"href":"https:\/\/narteks.net\/index.php\/wp-json\/wp\/v2\/comments?post=4255"}],"version-history":[{"count":0,"href":"https:\/\/narteks.net\/index.php\/wp-json\/wp\/v2\/posts\/4255\/revisions"}],"wp:attachment":[{"href":"https:\/\/narteks.net\/index.php\/wp-json\/wp\/v2\/media?parent=4255"}],"wp:term":[{"taxonomy":"category","embeddable":true,"href":"https:\/\/narteks.net\/index.php\/wp-json\/wp\/v2\/categories?post=4255"},{"taxonomy":"post_tag","embeddable":true,"href":"https:\/\/narteks.net\/index.php\/wp-json\/wp\/v2\/tags?post=4255"}],"curies":[{"name":"wp","href":"https:\/\/api.w.org\/{rel}","templated":true}]}}