{"id":4257,"date":"2010-02-24T02:12:36","date_gmt":"2010-02-23T23:12:36","guid":{"rendered":"http:\/\/localhost\/wordpress\/2010\/02\/24\/kurtce-tiyatro-erkan-kucuk\/"},"modified":"2010-02-24T02:12:36","modified_gmt":"2010-02-23T23:12:36","slug":"kurtce-tiyatro-erkan-kucuk","status":"publish","type":"post","link":"https:\/\/narteks.net\/index.php\/2010\/02\/24\/kurtce-tiyatro-erkan-kucuk\/","title":{"rendered":"K\u00fcrt\u00e7e tiyatro ? | Erkan K\u00fc\u00e7\u00fck"},"content":{"rendered":"<p style=\"text-align: justify;\">Haldun Dormen, Cevat Fehmi Ba\u015fkut\u2019un \u2018Buzlar \u00c7\u00f6z\u00fclmeden\u2019 adl\u0131 oyunundan uyarlad\u0131\u011f\u0131 \u201cBir K\u0131\u015f Masal\u0131\u201d adl\u0131 oyunu\u00a0\u00a0 K\u00fcrt\u00e7e olarak \u201c\u00c7irokeke Zivistane\u201d adl\u0131yla Diyabak\u0131r Bld. \u015eehir Tiyatrosu\u2019nda\u00a0 sahnelemeye haz\u0131rlan\u0131yor. Akp\u2019nin\u00a0 son s\u00fcre\u00e7teki politikalar\u0131n\u0131n etkisiyle ger\u00e7ekle\u015ftirilen bu giri\u015fimi bir y\u00f6n\u00fcyle olumlu buluyorum.<\/p>\n<p style=\"text-align: justify;\">Salt tiyatro alan\u0131n\u0131n i\u00e7inden bak\u0131ld\u0131\u011f\u0131nda K\u00fcrt halk\u0131na kendi dillinde tiyatro oyunlar\u0131 sunmak k\u00fclt\u00fcrel olarak bir geli\u015fmedir. K\u00fcrt k\u00f6kenli olup da resmi dilden k\u00fcplerini doldurup nesebini unutanlar bolken T\u00fcrk k\u00f6kenli Haldun Dormen\u2019in bu i\u015fe soyunuyor olmas\u0131 ironik bir ger\u00e7eklik olu\u015ftursa da iyi bir hal. Kimin ger\u00e7ekte &#8220;Er&#8221; ki\u015fi olarak &#8220;Do\u011fdu\u011fu&#8221; belli olmuyor demek ki. <br \/>Di\u011fer bir noktadan bak\u0131ld\u0131\u011f\u0131nda belki a\u015f\u0131r\u0131 bir yorum olacak ama yinede s\u00f6yleyeyim. T.C.\u2019 nin devlet gelene\u011finin yap\u0131s\u0131 malum, pek \u00e7ok noktada kat\u0131, asimilasyonist bir duru\u015fu var. Yok edemedi\u011fi kar\u015f\u0131t g\u00fcc\u00fc muhtevas\u0131n\u0131 de\u011fi\u015ftirip kendi b\u00fcnyesine alma politikas\u0131n\u0131 y\u00fcr\u00fct\u00fcyor. \u00d6rne\u011fin binlerce y\u0131ll\u0131k Newroz\u2019u al\u0131p nevruz yap\u0131p Orta Asya\u2019ya k\u00f6kenlemesi gibi\u00a0 ya da \u201ckom\u00fcnizm gelecekse onu da biz getiririz\u201d mant\u0131\u011f\u0131yla, K\u00fcrt tiyatrosu olacaksa\u00a0 aha onu da biz yapar\u0131z refleksi mi var acaba? <\/p>\n<p>S\u00f6yledi\u011fim gibi bu a\u015f\u0131r\u0131 bir yorum olabilir. \u0130yimser olmak da yarar var. Her \u015feye kar\u015f\u0131n iyimserlik g\u00fc\u00e7l\u00fc olmaktan kaynaklan\u0131r ( ya da aptall\u0131ktan, ancak bu seferlik aptall\u0131\u011f\u0131 es ge\u00e7elim)<\/p>\n<p style=\"text-align: justify;\">Belki oyunu g\u00f6rmek nasip olursa ele\u015ftirimizi daha nesnel veriler \u0131\u015f\u0131\u011f\u0131nda \u015fekillendirebiliriz. \u015eimdilik bekleyelim.<br \/>Ancak i\u00e7imde kalmas\u0131n diye esas meram\u0131m\u0131 anlatmak istiyorum. K\u00fcrt\u00e7e oyun yapma a\u00e7\u0131l\u0131m\u0131 p\u0131r ho\u015fa giden bir durum ancak i\u015fin hakikatine kulak kabartt\u0131\u011f\u0131m\u0131zda pek de \u00f6yle ho\u015fnut kalamayaca\u011f\u0131m\u0131z\u0131 s\u00f6yleyeyim. K\u00fcrt\u00e7e tiyatro bug\u00fcn Haldun Dormen\u2019le ba\u015flamad\u0131, bu alanda \u00e7abalayan, bir \u015feyler \u00fcretmeye \u00e7al\u0131\u015fan tiyatrocu arkada\u015flar\u00a0 var ve bir \u00e7ok sorunla bo\u011fu\u015fuyorlar. Haldun Dormen\u2019in Deus ex machina\u00a0\u00a0\u00a0 k\u0131l\u0131\u011f\u0131nda ortaya \u00e7\u0131k\u0131p olay\u0131 saadete erdirdi\u011fini d\u00fc\u015f\u00fcnmek safdillik olur. <\/p>\n<p> Problemlerden birini dillendireyim:\u00a0 K\u00fcrt tiyatrosunun pratik anlamda en \u00f6nemli sorunu mekan sorunu. Teatra Jiyana N\u00fb\u2019nun gazetede yay\u0131nlanan bir s\u00f6yle\u015fisinde bu sorun \u015fu c\u00fcmlelerle vurgulanm\u0131\u015f: <br \/><em>\u201cBizim sahnemiz biraz k\u00fc\u00e7\u00fck oldu\u011fu i\u00e7in baz\u0131 perdelik oyunlar\u0131m\u0131z\u0131 sahneleyemiyoruz. Bu sebeple de, \u0130stanbul&#8217;daki sahne aray\u0131\u015flar\u0131m\u0131z \u00e7ok problemli oluyor; ba\u015fvuru yapt\u0131\u011f\u0131m\u0131z yerlerden olumlu cevap alam\u0131yoruz. Genelde programlar \u00e7ok dolu deniliyor. \u00d6zellikle belediye sahnelerini hi\u00e7 alam\u0131yoruz. Mesela Muammer Karaca Tiyatrosu&#8217;na iki y\u0131ldan beridir MKM ad\u0131na ba\u015fvuruyoruz, hen\u00fcz olumlu bir cevap alam\u0131yoruz. \u0130stanbul gibi b\u00fcy\u00fck bir metropolde, insanlar\u0131 buraya toplay\u0131p bir oyunu, bir defaya mahsus izletmek \u00e7ok problemli oluyor. Bu nedenle biz halka gitmek istiyoruz. Anadolu yakas\u0131nda bizim kitlelerimizin daha \u00e7ok oldu\u011fu (\u00dcmraniye, Kad\u0131k\u00f6y) semtlere ula\u015fma \u00e7abam\u0131z var. \u201d<\/em><\/p>\n<p style=\"text-align: justify;\">Hepinizin malumu tiyatro oyununun ger\u00e7ekle\u015febilmesi\u00a0 i\u00e7in \u00f6nceliklerden biri mekan. Her ne kadar Peter Brook hazretleri tiyatro olay\u0131n\u0131n ger\u00e7ekle\u015fmesi i\u00e7in bir oyuncunun ve bo\u015f bir alan\u0131n yeterli oldu\u011funu s\u00f6ylese de\u00a0 bu ancak tiyatronun belli bir geli\u015fmi\u015flik seviyesine ula\u015ft\u0131\u011f\u0131 ve izleyicisini yaratm\u0131\u015f oldu\u011fu ve demokratik anlamda sanata sayg\u0131 duyuldu\u011fu \u00fclkeler i\u00e7in ge\u00e7erli bir durum. <br \/>\u00d6rne\u011fin T\u00fcrkiye de ajit prop (ajitasyon propaganda)\u00a0 bir oyunu sokakta sahnelemeyi bug\u00fcn bir deneyin. B\u00fcy\u00fck ihtimal bir lin\u00e7 g\u00fcruhu kat\u0131l\u0131mc\u0131 seyirci olarak oyuna dahil olmak isteyecektir. Mazo\u015fist tiyatro yapmak isteyenler i\u00e7in bir yol olabilir ama pek sa\u011fl\u0131kl\u0131 oldu\u011funu s\u00f6yleyemem.<\/p>\n<p style=\"text-align: justify;\">S\u00f6z\u00fcm\u00fcz\u00fcn encam\u0131 \u015f\u00f6yle olsun: Son d\u00f6nemlerde \u201ccesur sanat\u00e7\u0131lar\u0131m\u0131z\u201d a\u00e7\u0131l\u0131mla beraber K\u00fcrt diye bir halk\u0131n ya\u015fad\u0131\u011f\u0131n\u0131 g\u00f6r\u00fcp reklam kabilinden birka\u00e7 kelam ettiler. Onlar\u0131n bu at\u0131l\u0131mlar\u0131n\u0131n kendi tiyatro sahnelerini\u00a0 K\u00fcrt tiyatrocular\u0131na a\u00e7ma y\u00f6n\u00fcnde devam etmesini arzu ediyorum. Haydi hay\u0131rl\u0131s\u0131!<\/p>\n","protected":false},"excerpt":{"rendered":"<p>Haldun Dormen, Cevat Fehmi Ba\u015fkut\u2019un \u2018Buzlar \u00c7\u00f6z\u00fclmeden\u2019 adl\u0131 oyunundan uyarlad\u0131\u011f\u0131 \u201cBir K\u0131\u015f Masal\u0131\u201d adl\u0131 oyunu\u00a0\u00a0 K\u00fcrt\u00e7e olarak \u201c\u00c7irokeke Zivistane\u201d adl\u0131yla Diyabak\u0131r Bld. \u015eehir Tiyatrosu\u2019nda\u00a0 sahnelemeye haz\u0131rlan\u0131yor. Akp\u2019nin\u00a0 son s\u00fcre\u00e7teki politikalar\u0131n\u0131n etkisiyle ger\u00e7ekle\u015ftirilen bu giri\u015fimi bir y\u00f6n\u00fcyle olumlu buluyorum. Salt tiyatro alan\u0131n\u0131n i\u00e7inden bak\u0131ld\u0131\u011f\u0131nda K\u00fcrt halk\u0131na kendi dillinde tiyatro oyunlar\u0131 sunmak k\u00fclt\u00fcrel olarak bir geli\u015fmedir. K\u00fcrt [&hellip;]<\/p>\n","protected":false},"author":1,"featured_media":0,"comment_status":"open","ping_status":"open","sticky":false,"template":"","format":"standard","meta":{"footnotes":""},"categories":[140],"tags":[],"class_list":{"0":"post-4257","1":"post","2":"type-post","3":"status-publish","4":"format-standard","6":"category-erkan-kucuk-makale"},"yoast_head":"<!-- This site is optimized with the Yoast SEO Premium plugin v24.9 (Yoast SEO v24.9) - https:\/\/yoast.com\/wordpress\/plugins\/seo\/ -->\n<title>K\u00fcrt\u00e7e tiyatro ? | Erkan K\u00fc\u00e7\u00fck - narteks.net<\/title>\n<meta name=\"robots\" content=\"index, follow, max-snippet:-1, max-image-preview:large, max-video-preview:-1\" \/>\n<link rel=\"canonical\" href=\"https:\/\/narteks.net\/index.php\/2010\/02\/24\/kurtce-tiyatro-erkan-kucuk\/\" \/>\n<meta property=\"og:locale\" content=\"tr_TR\" \/>\n<meta property=\"og:type\" content=\"article\" \/>\n<meta property=\"og:title\" content=\"K\u00fcrt\u00e7e tiyatro ? | Erkan K\u00fc\u00e7\u00fck\" \/>\n<meta property=\"og:description\" content=\"Haldun Dormen, Cevat Fehmi Ba\u015fkut\u2019un \u2018Buzlar \u00c7\u00f6z\u00fclmeden\u2019 adl\u0131 oyunundan uyarlad\u0131\u011f\u0131 \u201cBir K\u0131\u015f Masal\u0131\u201d adl\u0131 oyunu\u00a0\u00a0 K\u00fcrt\u00e7e olarak \u201c\u00c7irokeke Zivistane\u201d adl\u0131yla Diyabak\u0131r Bld. \u015eehir Tiyatrosu\u2019nda\u00a0 sahnelemeye haz\u0131rlan\u0131yor. Akp\u2019nin\u00a0 son s\u00fcre\u00e7teki politikalar\u0131n\u0131n etkisiyle ger\u00e7ekle\u015ftirilen bu giri\u015fimi bir y\u00f6n\u00fcyle olumlu buluyorum. Salt tiyatro alan\u0131n\u0131n i\u00e7inden bak\u0131ld\u0131\u011f\u0131nda K\u00fcrt halk\u0131na kendi dillinde tiyatro oyunlar\u0131 sunmak k\u00fclt\u00fcrel olarak bir geli\u015fmedir. K\u00fcrt [&hellip;]\" \/>\n<meta property=\"og:url\" content=\"https:\/\/narteks.net\/index.php\/2010\/02\/24\/kurtce-tiyatro-erkan-kucuk\/\" \/>\n<meta property=\"og:site_name\" content=\"narteks.net\" \/>\n<meta property=\"article:published_time\" content=\"2010-02-23T23:12:36+00:00\" \/>\n<meta property=\"og:image\" content=\"https:\/\/narteks.net\/wp-content\/uploads\/narteks.png\" \/>\n\t<meta property=\"og:image:width\" content=\"300\" \/>\n\t<meta property=\"og:image:height\" content=\"90\" \/>\n\t<meta property=\"og:image:type\" content=\"image\/png\" \/>\n<meta name=\"author\" content=\"Tar\u0131k\" \/>\n<meta name=\"twitter:card\" content=\"summary_large_image\" \/>\n<meta name=\"twitter:creator\" content=\"@narteks\" \/>\n<meta name=\"twitter:site\" content=\"@narteks\" \/>\n<meta name=\"twitter:label1\" content=\"Yazan:\" \/>\n\t<meta name=\"twitter:data1\" content=\"Tar\u0131k\" \/>\n\t<meta name=\"twitter:label2\" content=\"Tahmini okuma s\u00fcresi\" \/>\n\t<meta name=\"twitter:data2\" content=\"4 dakika\" \/>\n<script type=\"application\/ld+json\" class=\"yoast-schema-graph\">{\"@context\":\"https:\/\/schema.org\",\"@graph\":[{\"@type\":\"Article\",\"@id\":\"https:\/\/narteks.net\/index.php\/2010\/02\/24\/kurtce-tiyatro-erkan-kucuk\/#article\",\"isPartOf\":{\"@id\":\"https:\/\/narteks.net\/index.php\/2010\/02\/24\/kurtce-tiyatro-erkan-kucuk\/\"},\"author\":{\"name\":\"Tar\u0131k\",\"@id\":\"https:\/\/narteks.net\/#\/schema\/person\/61f37d9834294b72d31d274e7ed79bca\"},\"headline\":\"K\u00fcrt\u00e7e tiyatro ? | Erkan K\u00fc\u00e7\u00fck\",\"datePublished\":\"2010-02-23T23:12:36+00:00\",\"mainEntityOfPage\":{\"@id\":\"https:\/\/narteks.net\/index.php\/2010\/02\/24\/kurtce-tiyatro-erkan-kucuk\/\"},\"wordCount\":718,\"commentCount\":0,\"publisher\":{\"@id\":\"https:\/\/narteks.net\/#organization\"},\"articleSection\":[\"Erkan K\u00fc\u00e7\u00fck (Makale)\"],\"inLanguage\":\"tr\",\"potentialAction\":[{\"@type\":\"CommentAction\",\"name\":\"Comment\",\"target\":[\"https:\/\/narteks.net\/index.php\/2010\/02\/24\/kurtce-tiyatro-erkan-kucuk\/#respond\"]}]},{\"@type\":\"WebPage\",\"@id\":\"https:\/\/narteks.net\/index.php\/2010\/02\/24\/kurtce-tiyatro-erkan-kucuk\/\",\"url\":\"https:\/\/narteks.net\/index.php\/2010\/02\/24\/kurtce-tiyatro-erkan-kucuk\/\",\"name\":\"K\u00fcrt\u00e7e tiyatro ? | Erkan K\u00fc\u00e7\u00fck - narteks.net\",\"isPartOf\":{\"@id\":\"https:\/\/narteks.net\/#website\"},\"datePublished\":\"2010-02-23T23:12:36+00:00\",\"breadcrumb\":{\"@id\":\"https:\/\/narteks.net\/index.php\/2010\/02\/24\/kurtce-tiyatro-erkan-kucuk\/#breadcrumb\"},\"inLanguage\":\"tr\",\"potentialAction\":[{\"@type\":\"ReadAction\",\"target\":[\"https:\/\/narteks.net\/index.php\/2010\/02\/24\/kurtce-tiyatro-erkan-kucuk\/\"]}]},{\"@type\":\"BreadcrumbList\",\"@id\":\"https:\/\/narteks.net\/index.php\/2010\/02\/24\/kurtce-tiyatro-erkan-kucuk\/#breadcrumb\",\"itemListElement\":[{\"@type\":\"ListItem\",\"position\":1,\"name\":\"Anasayfa\",\"item\":\"https:\/\/narteks.net\/\"},{\"@type\":\"ListItem\",\"position\":2,\"name\":\"K\u00fcrt\u00e7e tiyatro ? | Erkan K\u00fc\u00e7\u00fck\"}]},{\"@type\":\"WebSite\",\"@id\":\"https:\/\/narteks.net\/#website\",\"url\":\"https:\/\/narteks.net\/\",\"name\":\"narteks.net\",\"description\":\"K\u00fclt\u00fcr Sanat Edebiyat Felsefe\",\"publisher\":{\"@id\":\"https:\/\/narteks.net\/#organization\"},\"alternateName\":\"K\u00fclt\u00fcr Sanat Edebiyat Felsefe\",\"potentialAction\":[{\"@type\":\"SearchAction\",\"target\":{\"@type\":\"EntryPoint\",\"urlTemplate\":\"https:\/\/narteks.net\/?s={search_term_string}\"},\"query-input\":{\"@type\":\"PropertyValueSpecification\",\"valueRequired\":true,\"valueName\":\"search_term_string\"}}],\"inLanguage\":\"tr\"},{\"@type\":\"Organization\",\"@id\":\"https:\/\/narteks.net\/#organization\",\"name\":\"narteks.net\",\"url\":\"https:\/\/narteks.net\/\",\"logo\":{\"@type\":\"ImageObject\",\"inLanguage\":\"tr\",\"@id\":\"https:\/\/narteks.net\/#\/schema\/logo\/image\/\",\"url\":\"https:\/\/narteks.net\/wp-content\/uploads\/narteks.png\",\"contentUrl\":\"https:\/\/narteks.net\/wp-content\/uploads\/narteks.png\",\"width\":300,\"height\":90,\"caption\":\"narteks.net\"},\"image\":{\"@id\":\"https:\/\/narteks.net\/#\/schema\/logo\/image\/\"},\"sameAs\":[\"https:\/\/x.com\/narteks\",\"https:\/\/instagram.com\/narteksnet\"]},{\"@type\":\"Person\",\"@id\":\"https:\/\/narteks.net\/#\/schema\/person\/61f37d9834294b72d31d274e7ed79bca\",\"name\":\"Tar\u0131k\",\"image\":{\"@type\":\"ImageObject\",\"inLanguage\":\"tr\",\"@id\":\"https:\/\/narteks.net\/#\/schema\/person\/image\/\",\"url\":\"https:\/\/secure.gravatar.com\/avatar\/50865afb55632c4ae467e0af0930f6510aa2297d8014be502a55b14f3b7550cf?s=96&d=mm&r=g\",\"contentUrl\":\"https:\/\/secure.gravatar.com\/avatar\/50865afb55632c4ae467e0af0930f6510aa2297d8014be502a55b14f3b7550cf?s=96&d=mm&r=g\",\"caption\":\"Tar\u0131k\"},\"sameAs\":[\"http:\/\/narteks.net\"],\"url\":\"https:\/\/narteks.net\/index.php\/author\/narbak\/\"}]}<\/script>\n<!-- \/ Yoast SEO Premium plugin. -->","yoast_head_json":{"title":"K\u00fcrt\u00e7e tiyatro ? | Erkan K\u00fc\u00e7\u00fck - narteks.net","robots":{"index":"index","follow":"follow","max-snippet":"max-snippet:-1","max-image-preview":"max-image-preview:large","max-video-preview":"max-video-preview:-1"},"canonical":"https:\/\/narteks.net\/index.php\/2010\/02\/24\/kurtce-tiyatro-erkan-kucuk\/","og_locale":"tr_TR","og_type":"article","og_title":"K\u00fcrt\u00e7e tiyatro ? | Erkan K\u00fc\u00e7\u00fck","og_description":"Haldun Dormen, Cevat Fehmi Ba\u015fkut\u2019un \u2018Buzlar \u00c7\u00f6z\u00fclmeden\u2019 adl\u0131 oyunundan uyarlad\u0131\u011f\u0131 \u201cBir K\u0131\u015f Masal\u0131\u201d adl\u0131 oyunu\u00a0\u00a0 K\u00fcrt\u00e7e olarak \u201c\u00c7irokeke Zivistane\u201d adl\u0131yla Diyabak\u0131r Bld. \u015eehir Tiyatrosu\u2019nda\u00a0 sahnelemeye haz\u0131rlan\u0131yor. Akp\u2019nin\u00a0 son s\u00fcre\u00e7teki politikalar\u0131n\u0131n etkisiyle ger\u00e7ekle\u015ftirilen bu giri\u015fimi bir y\u00f6n\u00fcyle olumlu buluyorum. Salt tiyatro alan\u0131n\u0131n i\u00e7inden bak\u0131ld\u0131\u011f\u0131nda K\u00fcrt halk\u0131na kendi dillinde tiyatro oyunlar\u0131 sunmak k\u00fclt\u00fcrel olarak bir geli\u015fmedir. K\u00fcrt [&hellip;]","og_url":"https:\/\/narteks.net\/index.php\/2010\/02\/24\/kurtce-tiyatro-erkan-kucuk\/","og_site_name":"narteks.net","article_published_time":"2010-02-23T23:12:36+00:00","og_image":[{"width":300,"height":90,"url":"https:\/\/narteks.net\/wp-content\/uploads\/narteks.png","type":"image\/png"}],"author":"Tar\u0131k","twitter_card":"summary_large_image","twitter_creator":"@narteks","twitter_site":"@narteks","twitter_misc":{"Yazan:":"Tar\u0131k","Tahmini okuma s\u00fcresi":"4 dakika"},"schema":{"@context":"https:\/\/schema.org","@graph":[{"@type":"Article","@id":"https:\/\/narteks.net\/index.php\/2010\/02\/24\/kurtce-tiyatro-erkan-kucuk\/#article","isPartOf":{"@id":"https:\/\/narteks.net\/index.php\/2010\/02\/24\/kurtce-tiyatro-erkan-kucuk\/"},"author":{"name":"Tar\u0131k","@id":"https:\/\/narteks.net\/#\/schema\/person\/61f37d9834294b72d31d274e7ed79bca"},"headline":"K\u00fcrt\u00e7e tiyatro ? | Erkan K\u00fc\u00e7\u00fck","datePublished":"2010-02-23T23:12:36+00:00","mainEntityOfPage":{"@id":"https:\/\/narteks.net\/index.php\/2010\/02\/24\/kurtce-tiyatro-erkan-kucuk\/"},"wordCount":718,"commentCount":0,"publisher":{"@id":"https:\/\/narteks.net\/#organization"},"articleSection":["Erkan K\u00fc\u00e7\u00fck (Makale)"],"inLanguage":"tr","potentialAction":[{"@type":"CommentAction","name":"Comment","target":["https:\/\/narteks.net\/index.php\/2010\/02\/24\/kurtce-tiyatro-erkan-kucuk\/#respond"]}]},{"@type":"WebPage","@id":"https:\/\/narteks.net\/index.php\/2010\/02\/24\/kurtce-tiyatro-erkan-kucuk\/","url":"https:\/\/narteks.net\/index.php\/2010\/02\/24\/kurtce-tiyatro-erkan-kucuk\/","name":"K\u00fcrt\u00e7e tiyatro ? | Erkan K\u00fc\u00e7\u00fck - narteks.net","isPartOf":{"@id":"https:\/\/narteks.net\/#website"},"datePublished":"2010-02-23T23:12:36+00:00","breadcrumb":{"@id":"https:\/\/narteks.net\/index.php\/2010\/02\/24\/kurtce-tiyatro-erkan-kucuk\/#breadcrumb"},"inLanguage":"tr","potentialAction":[{"@type":"ReadAction","target":["https:\/\/narteks.net\/index.php\/2010\/02\/24\/kurtce-tiyatro-erkan-kucuk\/"]}]},{"@type":"BreadcrumbList","@id":"https:\/\/narteks.net\/index.php\/2010\/02\/24\/kurtce-tiyatro-erkan-kucuk\/#breadcrumb","itemListElement":[{"@type":"ListItem","position":1,"name":"Anasayfa","item":"https:\/\/narteks.net\/"},{"@type":"ListItem","position":2,"name":"K\u00fcrt\u00e7e tiyatro ? | Erkan K\u00fc\u00e7\u00fck"}]},{"@type":"WebSite","@id":"https:\/\/narteks.net\/#website","url":"https:\/\/narteks.net\/","name":"narteks.net","description":"K\u00fclt\u00fcr Sanat Edebiyat Felsefe","publisher":{"@id":"https:\/\/narteks.net\/#organization"},"alternateName":"K\u00fclt\u00fcr Sanat Edebiyat Felsefe","potentialAction":[{"@type":"SearchAction","target":{"@type":"EntryPoint","urlTemplate":"https:\/\/narteks.net\/?s={search_term_string}"},"query-input":{"@type":"PropertyValueSpecification","valueRequired":true,"valueName":"search_term_string"}}],"inLanguage":"tr"},{"@type":"Organization","@id":"https:\/\/narteks.net\/#organization","name":"narteks.net","url":"https:\/\/narteks.net\/","logo":{"@type":"ImageObject","inLanguage":"tr","@id":"https:\/\/narteks.net\/#\/schema\/logo\/image\/","url":"https:\/\/narteks.net\/wp-content\/uploads\/narteks.png","contentUrl":"https:\/\/narteks.net\/wp-content\/uploads\/narteks.png","width":300,"height":90,"caption":"narteks.net"},"image":{"@id":"https:\/\/narteks.net\/#\/schema\/logo\/image\/"},"sameAs":["https:\/\/x.com\/narteks","https:\/\/instagram.com\/narteksnet"]},{"@type":"Person","@id":"https:\/\/narteks.net\/#\/schema\/person\/61f37d9834294b72d31d274e7ed79bca","name":"Tar\u0131k","image":{"@type":"ImageObject","inLanguage":"tr","@id":"https:\/\/narteks.net\/#\/schema\/person\/image\/","url":"https:\/\/secure.gravatar.com\/avatar\/50865afb55632c4ae467e0af0930f6510aa2297d8014be502a55b14f3b7550cf?s=96&d=mm&r=g","contentUrl":"https:\/\/secure.gravatar.com\/avatar\/50865afb55632c4ae467e0af0930f6510aa2297d8014be502a55b14f3b7550cf?s=96&d=mm&r=g","caption":"Tar\u0131k"},"sameAs":["http:\/\/narteks.net"],"url":"https:\/\/narteks.net\/index.php\/author\/narbak\/"}]}},"_links":{"self":[{"href":"https:\/\/narteks.net\/index.php\/wp-json\/wp\/v2\/posts\/4257","targetHints":{"allow":["GET"]}}],"collection":[{"href":"https:\/\/narteks.net\/index.php\/wp-json\/wp\/v2\/posts"}],"about":[{"href":"https:\/\/narteks.net\/index.php\/wp-json\/wp\/v2\/types\/post"}],"author":[{"embeddable":true,"href":"https:\/\/narteks.net\/index.php\/wp-json\/wp\/v2\/users\/1"}],"replies":[{"embeddable":true,"href":"https:\/\/narteks.net\/index.php\/wp-json\/wp\/v2\/comments?post=4257"}],"version-history":[{"count":0,"href":"https:\/\/narteks.net\/index.php\/wp-json\/wp\/v2\/posts\/4257\/revisions"}],"wp:attachment":[{"href":"https:\/\/narteks.net\/index.php\/wp-json\/wp\/v2\/media?parent=4257"}],"wp:term":[{"taxonomy":"category","embeddable":true,"href":"https:\/\/narteks.net\/index.php\/wp-json\/wp\/v2\/categories?post=4257"},{"taxonomy":"post_tag","embeddable":true,"href":"https:\/\/narteks.net\/index.php\/wp-json\/wp\/v2\/tags?post=4257"}],"curies":[{"name":"wp","href":"https:\/\/api.w.org\/{rel}","templated":true}]}}