{"id":4259,"date":"2010-02-24T11:51:35","date_gmt":"2010-02-24T08:51:35","guid":{"rendered":"http:\/\/localhost\/wordpress\/2010\/02\/24\/yilanlaraciyanlaraorumceklere-karsi-dayanin-yurttaslarim-aziz-nesin\/"},"modified":"2010-02-24T11:51:35","modified_gmt":"2010-02-24T08:51:35","slug":"yilanlaraciyanlaraorumceklere-karsi-dayanin-yurttaslarim-aziz-nesin","status":"publish","type":"post","link":"https:\/\/narteks.net\/index.php\/2010\/02\/24\/yilanlaraciyanlaraorumceklere-karsi-dayanin-yurttaslarim-aziz-nesin\/","title":{"rendered":"Y\u0131lanlara,\u00e7\u0131yanlara,\u00f6r\u00fcmceklere kar\u015f\u0131 | Dayan\u0131n Yurtta\u015flar\u0131m &#8211; Aziz Nesin"},"content":{"rendered":"<p style=\"text-align: justify;\"><img loading=\"lazy\" decoding=\"async\" src=\"http:\/\/upload.wikimedia.org\/wikipedia\/tr\/3\/39\/Aziz_Nesin.jpg\" border=\"0\" width=\"155\" height=\"205\" style=\"float: left;\" \/>\u00c7ook eskiden, bu kavanoz dipli koca d\u00fcnyan\u0131n bir yerinde, d\u00f6rt bir yan\u0131 da\u011f, ortas\u0131 ba\u011f, sular\u0131 \u015f\u0131r\u0131l \u015f\u0131r\u0131l, g\u00f6kleri p\u0131r\u0131l p\u0131r\u0131l bir \u00fclke varm\u0131\u015f. D\u00fcnyan\u0131n her yerinde oldu\u011fu gibi, burada da, insanlardan ba\u015fka yarat\u0131klar da varm\u0131\u015f. Bunlar\u0131n aras\u0131nda s\u00fcr\u00fcngenler, zehirli b\u00f6cekler, \u00f6r\u00fcmcekler de elbet bulunurmu\u015f. Ama bunlar, ba\u015fka yerlerdekinden ne \u00e7ok, ne az olduklar\u0131ndan hi\u00e7 kimsenin g\u00f6z\u00fcne batmazm\u0131\u015f. Bu \u00fclkenin ba\u015f\u0131nda bir ki\u015fi bulunurmu\u015f. Buna &#8220;Ba\u015fbay&#8221; denirmi\u015f. O \u00fclkede ba\u015fbayl\u0131k se\u00e7imle olurmu\u015f. Ba\u015fbay olmak isteyenler, adayl\u0131klar\u0131n\u0131 koyarlar, se\u00e7menler de bunlar\u0131n i\u00e7inden be\u011fendiklerini Ba\u015fbay se\u00e7erlermi\u015f. Hangi aday\u0131n ald\u0131\u011f\u0131 oy \u00e7oksa o, Ba\u015fbay olurmu\u015f.<br \/>Gel zaman git zaman, o \u00fclkede bir \u015fa\u015f\u0131las\u0131 de\u011fi\u015fme olmu\u015f. S\u00fcr\u00fcngenler, zehirli b\u00f6cekler g\u00fcnden g\u00fcne \u00e7o\u011falmaya ba\u015flam\u0131\u015f. Y\u0131lanlar, \u00e7\u0131yanlar, k\u0131rkayaklar, akrepler, \u00f6r\u00fcmcekler, kertenkeleler, hem her g\u00fcn biraz daha \u00e7o\u011fal\u0131yor, hem de her g\u00fcn biraz daha b\u00fcy\u00fcy\u00fcp irile\u015fiyorlarm\u0131\u015f. Y\u0131lanlar, kavak kadar uzay\u0131p boylanm\u0131\u015f, kavak g\u00f6vdesi kadar en alm\u0131\u015f. \u00f6r\u00fcmcekler b\u00fcy\u00fcye b\u00fcy\u00fcye ev kadar olmu\u015flar. \u0130rile\u015fen kertenkelelerin yeni do\u011fan yavrulan bile timsahtan b\u00fcy\u00fck olurmu\u015f. K\u0131rkayaklar, yolcu trenleri gibi uzam\u0131\u015f. Yarasalar\u0131n kanatlar\u0131 \u00e7ad\u0131r kadar geni\u015flemi\u015f.<\/p>\n<p style=\"text-align: justify;\">Akl\u0131 ergin, derin bilgin, erdemli ki\u015filer, bu i\u015fin nedeni \u00fcst\u00fcnde kafa patlatm\u0131\u015flar, d\u00fc\u015f\u00fcnm\u00fc\u015fler, ama bit\u00fcrl\u00fc bu zararl\u0131 yarat\u0131klar\u0131n neden g\u00fcndeng\u00fcne b\u00fcy\u00fcy\u00fcp \u00e7o\u011fald\u0131klar\u0131n\u0131 anlayamam\u0131\u015flar. \u0130\u015f bu kadarla da kalmam\u0131\u015f. Bu zararl\u0131 yarat\u0131klar, insanlar\u0131 sokmaya, \u0131s\u0131rmaya, zehirlemeye de ba\u015flam\u0131\u015flar. Daha bir \u015fa\u015f\u0131lacak yan\u0131, bunlar\u0131n \u0131s\u0131r\u0131p zehirledi\u011fi ki\u015filer \u00f6lm\u00fcyorlarm\u0131\u015f. \u00d6lmedikten ba\u015fka, bu zehirler insan\u0131n beynini uyu\u015fturuyor, tatl\u0131 bir yar\u0131 uyku veriyormu\u015f. Bu \u00f6yle bir keyifmi\u015f ki, kan\u0131na bir kere bu zehirden kar\u0131\u015fan, hemen bu zehire al\u0131\u015f\u0131rm\u0131\u015f. Art\u0131k bu ki\u015fi kendisini y\u0131lanlara, akreplere \u0131s\u0131rtmadan, k\u0131rkayaklara \u00f6r\u00fcmceklere sokturmadan, kertenkelelere, yarasalara kan\u0131n\u0131 emdirtmeden duramazm\u0131\u015f. Hem de bu zehirin verdi\u011fi keyfin sonu yokmu\u015f. Bikere bu zehire al\u0131\u015fanlar, onun verdi\u011fi keyfi hi\u00e7bir zaman yeter bulmazlar, herg\u00fcn daha \u00e7ok, daha \u00e7ok isterlermi\u015f. Haftada bir kendilerini zehirletenler, giderek iki g\u00fcnde bir, herg\u00fcn, daha sonra da g\u00fcnde bika\u00e7 \u00f6\u011f\u00fcn kendilerini zehirletmeye ba\u015flam\u0131\u015flar.<\/p>\n<p>Beyinlerinin d\u00fc\u015f\u00fcnmeye yarad\u0131\u011f\u0131n\u0131 bilen, kafas\u0131 \u00f6nce, y\u00fcre\u011fi y\u00fcce ki\u015filer, nas\u0131l etsek de insano\u011flunu \u015fu y\u0131lan \u00e7\u0131yan zehirinden kurtarsak diye bir yol aram\u0131\u015flar. Ama \u00f6b\u00fcr yandan, kendilerini ille zehirleterek keyiflenmek isteyenler b\u00f6yle d\u00fc\u015f\u00fcnenlere kar\u015f\u0131 dururlarm\u0131\u015f. Bu y\u00fczden o \u00fclkedeki insanlar ikiye ayr\u0131lm\u0131\u015flar. Aralar\u0131nda ba\u015fka ayr\u0131l\u0131klar da varm\u0131\u015f elbet ama, \u00e7o\u011funlukla iki belli ayr\u0131m varm\u0131\u015f. Y\u0131lan \u00e7\u0131yan zehirine al\u0131\u015fanlar, bu zehirin \u00e7ok iyi yararl\u0131 bir \u015fey oldu\u011funu savunanlarla, bunun tersini s\u00f6yleyenler.<\/p>\n<p>Yarasalar, .\u00f6r\u00fcmcekler, akrepler, k\u0131rkayaklar durmadan insanlar\u0131 sokmaya h\u0131z verdiklerinden, zehire al\u0131\u015fanlar g\u00fcndeng\u00fcne \u00e7o\u011fal\u0131yor, \u00f6b\u00fcrleri herg\u00fcn biraz daha az\u0131nl\u0131kta kal\u0131yorlarm\u0131\u015f. Gel zaman git zaman, bu zehire ah\u015fanlar o kadar \u00e7ok zehirlenmeye ba\u015flam\u0131\u015flar ki, gitgide y\u00fczleri g\u00f6zleri, elleri ayaklan de\u011fi\u015fmeye ba\u015flam\u0131\u015f. Kendilerini y\u0131lanlara sokturanlar\u0131n, her g\u00fcn birer par\u00e7a, birer par\u00e7a derilerinin rengi ye\u015file ka\u00e7\u0131yor, v\u00fccutlar\u0131 uzuyor, kafalar\u0131 k\u00fc\u00e7\u00fcl\u00fcyor, bir zaman sonra b\u00fcsb\u00fct\u00fcn y\u0131lan olup \u00e7\u0131k\u0131yorlarm\u0131\u015f. O zaman y\u0131landan hi\u00e7 ayr\u0131ms\u0131z, yerde s\u00fcr\u00fcnmeye ba\u015fl\u0131yorlar, ba\u015fkalar\u0131n\u0131 sokmaya, zehirlemeye \u00e7al\u0131\u015f\u0131yorlarm\u0131\u015f. Bitak\u0131mlar\u0131n\u0131n da parmaklan, t\u0131rnaklan, elleri, ayaklan gitgide inceliyor, uzuyor, yeniden eller ayaklar \u00e7\u0131k\u0131yor, yava\u015f yava\u015f derken g\u00fcn\u00fcn birinde iri bir \u00f6r\u00fcmcek oluyorlarm\u0131\u015f. Ondan sonra ba\u015fka insanlar\u0131n \u00fczerine at\u0131l\u0131yorlarm\u0131\u015f. B\u00f6yle b\u00f6yle derken, zehirlenen insanlar da, kanlar\u0131na kar\u0131\u015fan zehirin etkisiyle g\u00fcndeng\u00fcne y\u0131lanla\u015fmaya, \u00e7\u0131yanla\u015fmaya, yarasala\u015fmaya, solucanla\u015fmaya, s\u00fcr\u00fcngenle\u015fmeye ba\u015flam\u0131\u015flar.<br \/>\u00d6tekiler, insan kalmak i\u00e7in direnirlerken, her elveren yerde dillerinin d\u00f6nd\u00fc\u011f\u00fc kadar,<\/p>\n<p>&#8211; Yurtta\u015flar!.. \u0130nsanl\u0131\u011f\u0131n\u0131z\u0131 koruyun, \u00f6r\u00fcmcekle\u015fmeyin, akreple\u015fmeyin!.. diye ba\u011f\u0131r\u0131rlar, s\u00f6ylerler, ama dinletemezlermi\u015f.<\/p>\n<p>Zehirlenip de\u011fi\u015fenler gitgide \u00e7o\u011fald\u0131klar\u0131ndan, b\u00f6yle s\u00f6yleyenlere,<\/p>\n<p>&#8211; Hainler, al\u00e7aklar!.. diye ba\u011f\u0131r\u0131r, \u00fczerine y\u00fcr\u00fcrlermi\u015f.<\/p>\n<p>\u0130nsanl\u0131\u011f\u0131n\u0131 koruyanlar gitgide o denli az\u0131nl\u0131kta kalm\u0131\u015flar ki, g\u00fcn\u00fcn birinde o \u00fclkede b\u00fcsb\u00fct\u00fcn insan kalmamas\u0131ndan korkmaya ba\u015flam\u0131\u015flar. Ba\u015fbay se\u00e7imi zaman\u0131 gelince, kamuoyu da onlardan yana oldu\u011fu i\u00e7in, y\u0131lan, \u00e7\u0131yan, yarasa, \u00f6r\u00fcmcek bi\u00e7imine girmi\u015f olanlar kimi se\u00e7erlerse, o \u00fclkeye Ba\u015fbay olurmu\u015f. O \u00fclkede ayd\u0131n ki\u015filer de varm\u0131\u015f. &#8220;Ba\u015f\u0131m\u0131za gelenler nedir? Bundan yurtta\u015flar\u0131m\u0131z\u0131 nas\u0131l kurtar\u0131r\u0131z, koruruz?&#8221; diye d\u00fc\u015f\u00fcnmeye ba\u015flam\u0131\u015flar. Her ayd\u0131n kendi kafas\u0131na g\u00f6re buna bir yol bulmu\u015f. Kimi,<\/p>\n<p>&#8211; Zehire al\u0131\u015fa al\u0131\u015fa s\u00fcr\u00fcngenle\u015fenler, \u00f6r\u00fcmcekle\u015fenler, art\u0131k insan say\u0131lmazlar. Onlarda insanl\u0131\u011f\u0131n ne bi\u00e7imi kalm\u0131\u015f, ne \u00f6z\u00fc&#8230; Bunun i\u00e7in de Ba\u015fbay se\u00e7imine kat\u0131lmas\u0131nlar!.. demi\u015f. Her ne kadar bi\u00e7imleri insan de\u011filse de, ilk geli\u015fleri, do\u011fu\u015flar\u0131 insan. \u00c7\u00fcnk\u00fc, bunlar\u0131n \u00e7ocuklar\u0131 yine insan do\u011farm\u0131\u015f. Kanlar\u0131na zehir kat\u0131lmazsa, hep insan kal\u0131rlarm\u0131\u015f.<br \/>O \u00fclkedeki ayd\u0131nlar\u0131n kimisi de,<\/p>\n<p>&#8211; \u0130nsan kalmak i\u00e7in, \u00e7atalla yemek yensin!.. demi\u015f.<\/p>\n<p>&#8220;\u00dct\u00fcl\u00fc pantolon giymeli&#8221; diyen, &#8220;Herg\u00fcn t\u0131ra\u015f olmal\u0131&#8221; diyen doluymu\u015f. Ama bunlar\u0131n hi\u00e7biri, insanlar\u0131n insanl\u0131\u011f\u0131n\u0131 korumaya yetmezmi\u015f.<br \/>O zaman, o \u00fclkenin ayd\u0131nlar\u0131, &#8220;Bir de ba\u015fka \u00fclkelere bakal\u0131m. Oralarda da bi\u00e7imini, kal\u0131b\u0131n\u0131, i\u00e7ini, \u00f6z\u00fcn\u00fc de\u011fi\u015ftirenler var m\u0131? Varsa, neler yap\u0131yorlar? Bunu nas\u0131l \u00f6nl\u00fcyorlar, gidip g\u00f6relim!&#8221; demeye ba\u015flam\u0131\u015flar.<br \/>Dedikleri gibi de, ba\u015fka \u00fclkelere gidip, oralardaki insanlar\u0131 incelemi\u015fler. Sonra, oralarda g\u00f6r\u00fcp \u00f6\u011frendiklerini, kendi \u00fclkelerine uygulay\u0131p, yurtta\u015flar\u0131na yararl\u0131 olmak i\u00e7in, evlerine, \u00e7ocuklar\u0131na d\u00f6nm\u00fc\u015fler. Yine eskisi gibi herkes kendince bir d\u00fc\u015f\u00fcnce s\u00fcrm\u00fc\u015f ileri.<br \/>Kimisi,<\/p>\n<p>&#8211; Evlere daha geni\u015f pencereler a\u00e7al\u0131m!.. demi\u015f. Kimisi,<br \/>&#8211; Ba\u015fka \u00fclkelerden \u00f6rnek insanlar getirelim!.. demi\u015f. Kimisi de,<br \/>&#8211; Bizimkileri ba\u015fka \u00fclkelere g\u00f6nderelim, oralardaki insanlar\u0131 g\u00f6rs\u00fcnler!.. demi\u015f. &#8220;G\u00fcnde \u00fc\u00e7 kere z\u0131plamak gerek.&#8221; &#8220;Yatakta sol yana yatmal\u0131.&#8221; diyenler bile varm\u0131\u015f. Yaln\u0131z bunlar\u0131n aralar\u0131nda kafas\u0131 i\u015fleyen biri \u00e7\u0131km\u0131\u015f.<\/p>\n<p>&#8211; Beni dinleyin, demi\u015f, ben s\u00fcr\u00fcngenlerin, b\u00f6ceklerin neden \u00e7o\u011fal\u0131p geli\u015ftiklerini anlad\u0131m. Yery\u00fcz\u00fcn\u00fcn ba\u015fka \u00fclkelerine bak\u0131p, bunu \u00f6\u011frendim. Bir hava esiyor, bu hava s\u00fcr\u00fcngenlere, b\u00f6ceklere o kadar yar\u0131yor ki b\u00fcy\u00fcyorlar, \u00e7o\u011fal\u0131yorlar. \u015eimdi i\u015f, bu havan\u0131n esmesine engel olmakta. Bu hava da, do\u011fu y\u00f6n\u00fcnden esiyor. Gezip dola\u015ft\u0131\u011f\u0131m yerlerde g\u00f6rd\u00fcm. Do\u011fudan esen bu havay\u0131 kesen da\u011f dibinde kurulmu\u015f \u00fclkelerde, bizde olanlar olmuyor. Akl\u0131m\u0131z\u0131 ba\u015f\u0131m\u0131za toplay\u0131p, b\u00fcsb\u00fct\u00fcn i\u015f i\u015ften ge\u00e7meden, do\u011fudan esen hava yolunu kapamal\u0131y\u0131z. Yoksa hepimiz, g\u00fcn\u00fcn birinde de\u011fi\u015fip insanl\u0131ktan \u00e7\u0131kaca\u011f\u0131z, y\u0131lan \u00e7\u0131yan olaca\u011f\u0131z.<br \/>Bu s\u00f6zlere inananlar da olmu\u015f, inanmayanlar da, g\u00fcl\u00fcp ge\u00e7enler de.. Ama inananlar i\u015fi s\u0131k\u0131 tutup, zehirli s\u00fcr\u00fcngen, \u00f6r\u00fcmcek, kertenkele, yarasa bi\u00e7imindekilerle sava\u015fa girmi\u015fler. Bu \u00f6l\u00fcm kal\u0131m sava\u015f\u0131 \u00e7ok kanl\u0131 olmu\u015f. \u00c7\u00fcnk\u00fc o zaman\u0131n Ba\u015fbay\u0131 da, \u00e7o\u011funluktan yanaym\u0131\u015f.<br \/>O, \u00fclke d\u00fc\u015fmanlardan korunmak i\u00e7in \u00e7ep\u00e7evre kale duvarlar\u0131yla \u00e7evriliymi\u015f, Bu kal\u0131n duvarlar\u0131n her biyana kap\u0131lar\u0131 varm\u0131\u015f. \u00dclkenin insanlar\u0131, do\u011fu kap\u0131s\u0131n\u0131 kapamaya \u00e7al\u0131\u015f\u0131rlarken, \u00f6b\u00fcrleri de kapatmamaya \u00e7al\u0131\u015f\u0131rlarm\u0131\u015f. \u0130nsanlar kap\u0131y\u0131 i\u00e7erden itmeye, \u00f6b\u00fcrleri d\u0131\u015fardan dayan\u0131p kapatmamaya u\u011fra\u015f\u0131rlarken seller gibi kanlar akm\u0131\u015f. Ama sonunda i\u00e7erdekiler ba\u015far\u0131 kazan\u0131m\u0131\u015flar, do\u011fu kap\u0131s\u0131n\u0131 s\u0131k\u0131ca kapam\u0131\u015flar. \u00d6b\u00fcrleri de kap\u0131n\u0131n d\u0131\u015f\u0131nda kalm\u0131\u015flar. Bu d\u00fc\u015f\u00fcnceyi ileri s\u00fcr\u00fcp ba\u015far\u0131 kazanan ki\u015fi, o \u00fclkeye Ba\u015fbay olmu\u015f. Yurtta\u015flar\u0131na,<\/p>\n<p>&#8211; Sak\u0131n, demi\u015f, bu kap\u0131y\u0131 aralamay\u0131n! Bir kere aralarsan\u0131z, sonunu alamazs\u0131n\u0131z. Bu b\u00f6yle bir kap\u0131d\u0131r ki, bir parmak aralansa, g\u00fcn\u00fcn birinde ard\u0131na kadar a\u00e7\u0131l\u0131r. Bir zaman sonra bu ak\u0131ll\u0131 ki\u015fi \u00f6lm\u00fc\u015f. Onun yerine ba\u015fkalar\u0131 se\u00e7ile se\u00e7ile Ba\u015fbay olmu\u015flar. Yine eskiden, her yerde, her zaman oldu\u011fu gibi o \u00fclkede de s\u00fcr\u00fcngenlerle \u00f6teki b\u00f6cekler varm\u0131\u015f ama, do\u011fu kap\u0131s\u0131 kapal\u0131 oldu\u011fundan, do\u011fudan hava girmedi\u011fi i\u00e7in, bunlar olduklar\u0131ndan daha \u00e7ok b\u00fcy\u00fcyemez, \u00fcreyemezlermi\u015f.<\/p>\n<p>Gel zaman git zaman, Ba\u015fbay adaylar\u0131 aras\u0131nda, sen se\u00e7ileceksin, ben se\u00e7ilece\u011fim, diye \u00e7at\u0131\u015fmalar ba\u015flam\u0131\u015f. Do\u011frusu bu Ba\u015fbay adaylar\u0131n\u0131n hi\u00e7biri, yeniden insanlar\u0131n \u00f6r\u00fcmcekle\u015fmesini, akreple\u015fmesini istemiyorlarm\u0131\u015f. \u0130stemiyorlarm\u0131\u015f ama, ne yaps\u0131nlar, oy kazanmak gerek. O zaman\u0131n Ba\u015fbay\u0131, d\u00fc\u015f\u00fcnm\u00fc\u015f ta\u015f\u0131nm\u0131\u015f, \u00f6b\u00fcr adaydan \u00fc\u00e7 oy daha \u00e7ok alsa se\u00e7imi kazanacak.<\/p>\n<p>&#8211; Ben \u015fu kap\u0131y\u0131 \u00fc\u00e7 oyluk aralar\u0131m!.. demi\u015f.<\/p>\n<p>Dedi\u011fi gibi de yap\u0131p, Ba\u015fbayl\u0131\u011f\u0131 ba\u015fkas\u0131na b\u0131rakmam\u0131\u015f.<\/p>\n<p>Bunu g\u00f6ren \u00f6b\u00fcr adaylar, kap\u0131y\u0131 daha da a\u00e7\u0131p, kendilerine oy verecekleri i\u00e7eri sokmaya ba\u015flam\u0131\u015flar. Onlar da, kap\u0131n\u0131n b\u00fcsb\u00fct\u00fcn a\u00e7\u0131l\u0131p hepsinin dolmas\u0131n\u0131 istemiyorlarm\u0131\u015f. Bunun i\u00e7in de kendilerine gerekli on oyluk kadar kap\u0131y\u0131 aralam\u0131\u015flar. Biyandan da kap\u0131 temelli a\u00e7\u0131lmas\u0131n diye, kendi adamlar\u0131na, kap\u0131y\u0131 ard\u0131ndan ittirirlermi\u015f. Kap\u0131 on oyluk, y\u00fcz oyluk, bin oyluk aralana aralana, g\u00fcn gelmi\u015f, ard\u0131na kadar a\u00e7\u0131lm\u0131\u015f. Gelgelelim Ba\u015fbaylar, kap\u0131n\u0131n hepten a\u00e7\u0131k kalmas\u0131n\u0131 istemediklerinden,<\/p>\n<p>&#8211; Dayan\u0131n, i\u00e7erden itin! diye de kendi adamlar\u0131na emirler verirlermi\u015f.<\/p>\n<p>\u0130\u00e7erden ite, d\u0131\u015fardan ite, kap\u0131 kendi ekseni \u00fcst\u00fcnde f\u0131r f\u0131r d\u00f6nmeye ba\u015flam\u0131\u015f.<\/p>\n<p>\u0130\u015fte o zamandan beri o \u00fclkede do\u011fu kap\u0131s\u0131 f\u0131r f\u0131r d\u00f6ner, ama Ba\u015fbaylar da, hi\u00e7 durmadan,<br \/>-Dayan\u0131n yurtta\u015flar\u0131m, dayan\u0131n!.. diye ba\u011f\u0131r\u0131rlarm\u0131\u015f.<\/p>\n","protected":false},"excerpt":{"rendered":"<p>\u00c7ook eskiden, bu kavanoz dipli koca d\u00fcnyan\u0131n bir yerinde, d\u00f6rt bir yan\u0131 da\u011f, ortas\u0131 ba\u011f, sular\u0131 \u015f\u0131r\u0131l \u015f\u0131r\u0131l, g\u00f6kleri p\u0131r\u0131l p\u0131r\u0131l bir \u00fclke varm\u0131\u015f. D\u00fcnyan\u0131n her yerinde oldu\u011fu gibi, burada da, insanlardan ba\u015fka yarat\u0131klar da varm\u0131\u015f. Bunlar\u0131n aras\u0131nda s\u00fcr\u00fcngenler, zehirli b\u00f6cekler, \u00f6r\u00fcmcekler de elbet bulunurmu\u015f. Ama bunlar, ba\u015fka yerlerdekinden ne \u00e7ok, ne az olduklar\u0131ndan hi\u00e7 [&hellip;]<\/p>\n","protected":false},"author":1,"featured_media":0,"comment_status":"open","ping_status":"open","sticky":false,"template":"","format":"standard","meta":{"footnotes":""},"categories":[114],"tags":[],"class_list":{"0":"post-4259","1":"post","2":"type-post","3":"status-publish","4":"format-standard","6":"category-turkiye-den-oykuler"},"yoast_head":"<!-- This site is optimized with the Yoast SEO Premium plugin v24.9 (Yoast SEO v24.9) - https:\/\/yoast.com\/wordpress\/plugins\/seo\/ -->\n<title>Y\u0131lanlara,\u00e7\u0131yanlara,\u00f6r\u00fcmceklere kar\u015f\u0131 | Dayan\u0131n Yurtta\u015flar\u0131m - Aziz Nesin - narteks.net<\/title>\n<meta name=\"robots\" content=\"index, follow, max-snippet:-1, max-image-preview:large, max-video-preview:-1\" \/>\n<link rel=\"canonical\" href=\"https:\/\/narteks.net\/index.php\/2010\/02\/24\/yilanlaraciyanlaraorumceklere-karsi-dayanin-yurttaslarim-aziz-nesin\/\" \/>\n<meta property=\"og:locale\" content=\"tr_TR\" \/>\n<meta property=\"og:type\" content=\"article\" \/>\n<meta property=\"og:title\" content=\"Y\u0131lanlara,\u00e7\u0131yanlara,\u00f6r\u00fcmceklere kar\u015f\u0131 | Dayan\u0131n Yurtta\u015flar\u0131m - Aziz Nesin\" \/>\n<meta property=\"og:description\" content=\"\u00c7ook eskiden, bu kavanoz dipli koca d\u00fcnyan\u0131n bir yerinde, d\u00f6rt bir yan\u0131 da\u011f, ortas\u0131 ba\u011f, sular\u0131 \u015f\u0131r\u0131l \u015f\u0131r\u0131l, g\u00f6kleri p\u0131r\u0131l p\u0131r\u0131l bir \u00fclke varm\u0131\u015f. D\u00fcnyan\u0131n her yerinde oldu\u011fu gibi, burada da, insanlardan ba\u015fka yarat\u0131klar da varm\u0131\u015f. Bunlar\u0131n aras\u0131nda s\u00fcr\u00fcngenler, zehirli b\u00f6cekler, \u00f6r\u00fcmcekler de elbet bulunurmu\u015f. Ama bunlar, ba\u015fka yerlerdekinden ne \u00e7ok, ne az olduklar\u0131ndan hi\u00e7 [&hellip;]\" \/>\n<meta property=\"og:url\" content=\"https:\/\/narteks.net\/index.php\/2010\/02\/24\/yilanlaraciyanlaraorumceklere-karsi-dayanin-yurttaslarim-aziz-nesin\/\" \/>\n<meta property=\"og:site_name\" content=\"narteks.net\" \/>\n<meta property=\"article:published_time\" content=\"2010-02-24T08:51:35+00:00\" \/>\n<meta property=\"og:image\" content=\"http:\/\/upload.wikimedia.org\/wikipedia\/tr\/3\/39\/Aziz_Nesin.jpg\" \/>\n<meta name=\"author\" content=\"Tar\u0131k\" \/>\n<meta name=\"twitter:card\" content=\"summary_large_image\" \/>\n<meta name=\"twitter:creator\" content=\"@narteks\" \/>\n<meta name=\"twitter:site\" content=\"@narteks\" \/>\n<meta name=\"twitter:label1\" content=\"Yazan:\" \/>\n\t<meta name=\"twitter:data1\" content=\"Tar\u0131k\" \/>\n\t<meta name=\"twitter:label2\" content=\"Tahmini okuma s\u00fcresi\" \/>\n\t<meta name=\"twitter:data2\" content=\"9 dakika\" \/>\n<script type=\"application\/ld+json\" class=\"yoast-schema-graph\">{\"@context\":\"https:\/\/schema.org\",\"@graph\":[{\"@type\":\"Article\",\"@id\":\"https:\/\/narteks.net\/index.php\/2010\/02\/24\/yilanlaraciyanlaraorumceklere-karsi-dayanin-yurttaslarim-aziz-nesin\/#article\",\"isPartOf\":{\"@id\":\"https:\/\/narteks.net\/index.php\/2010\/02\/24\/yilanlaraciyanlaraorumceklere-karsi-dayanin-yurttaslarim-aziz-nesin\/\"},\"author\":{\"name\":\"Tar\u0131k\",\"@id\":\"https:\/\/narteks.net\/#\/schema\/person\/61f37d9834294b72d31d274e7ed79bca\"},\"headline\":\"Y\u0131lanlara,\u00e7\u0131yanlara,\u00f6r\u00fcmceklere kar\u015f\u0131 | Dayan\u0131n Yurtta\u015flar\u0131m &#8211; Aziz Nesin\",\"datePublished\":\"2010-02-24T08:51:35+00:00\",\"mainEntityOfPage\":{\"@id\":\"https:\/\/narteks.net\/index.php\/2010\/02\/24\/yilanlaraciyanlaraorumceklere-karsi-dayanin-yurttaslarim-aziz-nesin\/\"},\"wordCount\":1794,\"commentCount\":0,\"publisher\":{\"@id\":\"https:\/\/narteks.net\/#organization\"},\"image\":{\"@id\":\"https:\/\/narteks.net\/index.php\/2010\/02\/24\/yilanlaraciyanlaraorumceklere-karsi-dayanin-yurttaslarim-aziz-nesin\/#primaryimage\"},\"thumbnailUrl\":\"http:\/\/upload.wikimedia.org\/wikipedia\/tr\/3\/39\/Aziz_Nesin.jpg\",\"articleSection\":[\"T\u00fcrkiye'den \u00d6yk\u00fcler\"],\"inLanguage\":\"tr\",\"potentialAction\":[{\"@type\":\"CommentAction\",\"name\":\"Comment\",\"target\":[\"https:\/\/narteks.net\/index.php\/2010\/02\/24\/yilanlaraciyanlaraorumceklere-karsi-dayanin-yurttaslarim-aziz-nesin\/#respond\"]}]},{\"@type\":\"WebPage\",\"@id\":\"https:\/\/narteks.net\/index.php\/2010\/02\/24\/yilanlaraciyanlaraorumceklere-karsi-dayanin-yurttaslarim-aziz-nesin\/\",\"url\":\"https:\/\/narteks.net\/index.php\/2010\/02\/24\/yilanlaraciyanlaraorumceklere-karsi-dayanin-yurttaslarim-aziz-nesin\/\",\"name\":\"Y\u0131lanlara,\u00e7\u0131yanlara,\u00f6r\u00fcmceklere kar\u015f\u0131 | Dayan\u0131n Yurtta\u015flar\u0131m - Aziz Nesin - narteks.net\",\"isPartOf\":{\"@id\":\"https:\/\/narteks.net\/#website\"},\"primaryImageOfPage\":{\"@id\":\"https:\/\/narteks.net\/index.php\/2010\/02\/24\/yilanlaraciyanlaraorumceklere-karsi-dayanin-yurttaslarim-aziz-nesin\/#primaryimage\"},\"image\":{\"@id\":\"https:\/\/narteks.net\/index.php\/2010\/02\/24\/yilanlaraciyanlaraorumceklere-karsi-dayanin-yurttaslarim-aziz-nesin\/#primaryimage\"},\"thumbnailUrl\":\"http:\/\/upload.wikimedia.org\/wikipedia\/tr\/3\/39\/Aziz_Nesin.jpg\",\"datePublished\":\"2010-02-24T08:51:35+00:00\",\"breadcrumb\":{\"@id\":\"https:\/\/narteks.net\/index.php\/2010\/02\/24\/yilanlaraciyanlaraorumceklere-karsi-dayanin-yurttaslarim-aziz-nesin\/#breadcrumb\"},\"inLanguage\":\"tr\",\"potentialAction\":[{\"@type\":\"ReadAction\",\"target\":[\"https:\/\/narteks.net\/index.php\/2010\/02\/24\/yilanlaraciyanlaraorumceklere-karsi-dayanin-yurttaslarim-aziz-nesin\/\"]}]},{\"@type\":\"ImageObject\",\"inLanguage\":\"tr\",\"@id\":\"https:\/\/narteks.net\/index.php\/2010\/02\/24\/yilanlaraciyanlaraorumceklere-karsi-dayanin-yurttaslarim-aziz-nesin\/#primaryimage\",\"url\":\"http:\/\/upload.wikimedia.org\/wikipedia\/tr\/3\/39\/Aziz_Nesin.jpg\",\"contentUrl\":\"http:\/\/upload.wikimedia.org\/wikipedia\/tr\/3\/39\/Aziz_Nesin.jpg\"},{\"@type\":\"BreadcrumbList\",\"@id\":\"https:\/\/narteks.net\/index.php\/2010\/02\/24\/yilanlaraciyanlaraorumceklere-karsi-dayanin-yurttaslarim-aziz-nesin\/#breadcrumb\",\"itemListElement\":[{\"@type\":\"ListItem\",\"position\":1,\"name\":\"Anasayfa\",\"item\":\"https:\/\/narteks.net\/\"},{\"@type\":\"ListItem\",\"position\":2,\"name\":\"Y\u0131lanlara,\u00e7\u0131yanlara,\u00f6r\u00fcmceklere kar\u015f\u0131 | Dayan\u0131n Yurtta\u015flar\u0131m &#8211; Aziz Nesin\"}]},{\"@type\":\"WebSite\",\"@id\":\"https:\/\/narteks.net\/#website\",\"url\":\"https:\/\/narteks.net\/\",\"name\":\"narteks.net\",\"description\":\"K\u00fclt\u00fcr Sanat Edebiyat Felsefe\",\"publisher\":{\"@id\":\"https:\/\/narteks.net\/#organization\"},\"alternateName\":\"K\u00fclt\u00fcr Sanat Edebiyat Felsefe\",\"potentialAction\":[{\"@type\":\"SearchAction\",\"target\":{\"@type\":\"EntryPoint\",\"urlTemplate\":\"https:\/\/narteks.net\/?s={search_term_string}\"},\"query-input\":{\"@type\":\"PropertyValueSpecification\",\"valueRequired\":true,\"valueName\":\"search_term_string\"}}],\"inLanguage\":\"tr\"},{\"@type\":\"Organization\",\"@id\":\"https:\/\/narteks.net\/#organization\",\"name\":\"narteks.net\",\"url\":\"https:\/\/narteks.net\/\",\"logo\":{\"@type\":\"ImageObject\",\"inLanguage\":\"tr\",\"@id\":\"https:\/\/narteks.net\/#\/schema\/logo\/image\/\",\"url\":\"https:\/\/narteks.net\/wp-content\/uploads\/narteks.png\",\"contentUrl\":\"https:\/\/narteks.net\/wp-content\/uploads\/narteks.png\",\"width\":300,\"height\":90,\"caption\":\"narteks.net\"},\"image\":{\"@id\":\"https:\/\/narteks.net\/#\/schema\/logo\/image\/\"},\"sameAs\":[\"https:\/\/x.com\/narteks\",\"https:\/\/instagram.com\/narteksnet\"]},{\"@type\":\"Person\",\"@id\":\"https:\/\/narteks.net\/#\/schema\/person\/61f37d9834294b72d31d274e7ed79bca\",\"name\":\"Tar\u0131k\",\"image\":{\"@type\":\"ImageObject\",\"inLanguage\":\"tr\",\"@id\":\"https:\/\/narteks.net\/#\/schema\/person\/image\/\",\"url\":\"https:\/\/secure.gravatar.com\/avatar\/50865afb55632c4ae467e0af0930f6510aa2297d8014be502a55b14f3b7550cf?s=96&d=mm&r=g\",\"contentUrl\":\"https:\/\/secure.gravatar.com\/avatar\/50865afb55632c4ae467e0af0930f6510aa2297d8014be502a55b14f3b7550cf?s=96&d=mm&r=g\",\"caption\":\"Tar\u0131k\"},\"sameAs\":[\"http:\/\/narteks.net\"],\"url\":\"https:\/\/narteks.net\/index.php\/author\/narbak\/\"}]}<\/script>\n<!-- \/ Yoast SEO Premium plugin. -->","yoast_head_json":{"title":"Y\u0131lanlara,\u00e7\u0131yanlara,\u00f6r\u00fcmceklere kar\u015f\u0131 | Dayan\u0131n Yurtta\u015flar\u0131m - Aziz Nesin - narteks.net","robots":{"index":"index","follow":"follow","max-snippet":"max-snippet:-1","max-image-preview":"max-image-preview:large","max-video-preview":"max-video-preview:-1"},"canonical":"https:\/\/narteks.net\/index.php\/2010\/02\/24\/yilanlaraciyanlaraorumceklere-karsi-dayanin-yurttaslarim-aziz-nesin\/","og_locale":"tr_TR","og_type":"article","og_title":"Y\u0131lanlara,\u00e7\u0131yanlara,\u00f6r\u00fcmceklere kar\u015f\u0131 | Dayan\u0131n Yurtta\u015flar\u0131m - Aziz Nesin","og_description":"\u00c7ook eskiden, bu kavanoz dipli koca d\u00fcnyan\u0131n bir yerinde, d\u00f6rt bir yan\u0131 da\u011f, ortas\u0131 ba\u011f, sular\u0131 \u015f\u0131r\u0131l \u015f\u0131r\u0131l, g\u00f6kleri p\u0131r\u0131l p\u0131r\u0131l bir \u00fclke varm\u0131\u015f. D\u00fcnyan\u0131n her yerinde oldu\u011fu gibi, burada da, insanlardan ba\u015fka yarat\u0131klar da varm\u0131\u015f. Bunlar\u0131n aras\u0131nda s\u00fcr\u00fcngenler, zehirli b\u00f6cekler, \u00f6r\u00fcmcekler de elbet bulunurmu\u015f. Ama bunlar, ba\u015fka yerlerdekinden ne \u00e7ok, ne az olduklar\u0131ndan hi\u00e7 [&hellip;]","og_url":"https:\/\/narteks.net\/index.php\/2010\/02\/24\/yilanlaraciyanlaraorumceklere-karsi-dayanin-yurttaslarim-aziz-nesin\/","og_site_name":"narteks.net","article_published_time":"2010-02-24T08:51:35+00:00","og_image":[{"url":"http:\/\/upload.wikimedia.org\/wikipedia\/tr\/3\/39\/Aziz_Nesin.jpg","type":"","width":"","height":""}],"author":"Tar\u0131k","twitter_card":"summary_large_image","twitter_creator":"@narteks","twitter_site":"@narteks","twitter_misc":{"Yazan:":"Tar\u0131k","Tahmini okuma s\u00fcresi":"9 dakika"},"schema":{"@context":"https:\/\/schema.org","@graph":[{"@type":"Article","@id":"https:\/\/narteks.net\/index.php\/2010\/02\/24\/yilanlaraciyanlaraorumceklere-karsi-dayanin-yurttaslarim-aziz-nesin\/#article","isPartOf":{"@id":"https:\/\/narteks.net\/index.php\/2010\/02\/24\/yilanlaraciyanlaraorumceklere-karsi-dayanin-yurttaslarim-aziz-nesin\/"},"author":{"name":"Tar\u0131k","@id":"https:\/\/narteks.net\/#\/schema\/person\/61f37d9834294b72d31d274e7ed79bca"},"headline":"Y\u0131lanlara,\u00e7\u0131yanlara,\u00f6r\u00fcmceklere kar\u015f\u0131 | Dayan\u0131n Yurtta\u015flar\u0131m &#8211; Aziz Nesin","datePublished":"2010-02-24T08:51:35+00:00","mainEntityOfPage":{"@id":"https:\/\/narteks.net\/index.php\/2010\/02\/24\/yilanlaraciyanlaraorumceklere-karsi-dayanin-yurttaslarim-aziz-nesin\/"},"wordCount":1794,"commentCount":0,"publisher":{"@id":"https:\/\/narteks.net\/#organization"},"image":{"@id":"https:\/\/narteks.net\/index.php\/2010\/02\/24\/yilanlaraciyanlaraorumceklere-karsi-dayanin-yurttaslarim-aziz-nesin\/#primaryimage"},"thumbnailUrl":"http:\/\/upload.wikimedia.org\/wikipedia\/tr\/3\/39\/Aziz_Nesin.jpg","articleSection":["T\u00fcrkiye'den \u00d6yk\u00fcler"],"inLanguage":"tr","potentialAction":[{"@type":"CommentAction","name":"Comment","target":["https:\/\/narteks.net\/index.php\/2010\/02\/24\/yilanlaraciyanlaraorumceklere-karsi-dayanin-yurttaslarim-aziz-nesin\/#respond"]}]},{"@type":"WebPage","@id":"https:\/\/narteks.net\/index.php\/2010\/02\/24\/yilanlaraciyanlaraorumceklere-karsi-dayanin-yurttaslarim-aziz-nesin\/","url":"https:\/\/narteks.net\/index.php\/2010\/02\/24\/yilanlaraciyanlaraorumceklere-karsi-dayanin-yurttaslarim-aziz-nesin\/","name":"Y\u0131lanlara,\u00e7\u0131yanlara,\u00f6r\u00fcmceklere kar\u015f\u0131 | Dayan\u0131n Yurtta\u015flar\u0131m - Aziz Nesin - narteks.net","isPartOf":{"@id":"https:\/\/narteks.net\/#website"},"primaryImageOfPage":{"@id":"https:\/\/narteks.net\/index.php\/2010\/02\/24\/yilanlaraciyanlaraorumceklere-karsi-dayanin-yurttaslarim-aziz-nesin\/#primaryimage"},"image":{"@id":"https:\/\/narteks.net\/index.php\/2010\/02\/24\/yilanlaraciyanlaraorumceklere-karsi-dayanin-yurttaslarim-aziz-nesin\/#primaryimage"},"thumbnailUrl":"http:\/\/upload.wikimedia.org\/wikipedia\/tr\/3\/39\/Aziz_Nesin.jpg","datePublished":"2010-02-24T08:51:35+00:00","breadcrumb":{"@id":"https:\/\/narteks.net\/index.php\/2010\/02\/24\/yilanlaraciyanlaraorumceklere-karsi-dayanin-yurttaslarim-aziz-nesin\/#breadcrumb"},"inLanguage":"tr","potentialAction":[{"@type":"ReadAction","target":["https:\/\/narteks.net\/index.php\/2010\/02\/24\/yilanlaraciyanlaraorumceklere-karsi-dayanin-yurttaslarim-aziz-nesin\/"]}]},{"@type":"ImageObject","inLanguage":"tr","@id":"https:\/\/narteks.net\/index.php\/2010\/02\/24\/yilanlaraciyanlaraorumceklere-karsi-dayanin-yurttaslarim-aziz-nesin\/#primaryimage","url":"http:\/\/upload.wikimedia.org\/wikipedia\/tr\/3\/39\/Aziz_Nesin.jpg","contentUrl":"http:\/\/upload.wikimedia.org\/wikipedia\/tr\/3\/39\/Aziz_Nesin.jpg"},{"@type":"BreadcrumbList","@id":"https:\/\/narteks.net\/index.php\/2010\/02\/24\/yilanlaraciyanlaraorumceklere-karsi-dayanin-yurttaslarim-aziz-nesin\/#breadcrumb","itemListElement":[{"@type":"ListItem","position":1,"name":"Anasayfa","item":"https:\/\/narteks.net\/"},{"@type":"ListItem","position":2,"name":"Y\u0131lanlara,\u00e7\u0131yanlara,\u00f6r\u00fcmceklere kar\u015f\u0131 | Dayan\u0131n Yurtta\u015flar\u0131m &#8211; Aziz Nesin"}]},{"@type":"WebSite","@id":"https:\/\/narteks.net\/#website","url":"https:\/\/narteks.net\/","name":"narteks.net","description":"K\u00fclt\u00fcr Sanat Edebiyat Felsefe","publisher":{"@id":"https:\/\/narteks.net\/#organization"},"alternateName":"K\u00fclt\u00fcr Sanat Edebiyat Felsefe","potentialAction":[{"@type":"SearchAction","target":{"@type":"EntryPoint","urlTemplate":"https:\/\/narteks.net\/?s={search_term_string}"},"query-input":{"@type":"PropertyValueSpecification","valueRequired":true,"valueName":"search_term_string"}}],"inLanguage":"tr"},{"@type":"Organization","@id":"https:\/\/narteks.net\/#organization","name":"narteks.net","url":"https:\/\/narteks.net\/","logo":{"@type":"ImageObject","inLanguage":"tr","@id":"https:\/\/narteks.net\/#\/schema\/logo\/image\/","url":"https:\/\/narteks.net\/wp-content\/uploads\/narteks.png","contentUrl":"https:\/\/narteks.net\/wp-content\/uploads\/narteks.png","width":300,"height":90,"caption":"narteks.net"},"image":{"@id":"https:\/\/narteks.net\/#\/schema\/logo\/image\/"},"sameAs":["https:\/\/x.com\/narteks","https:\/\/instagram.com\/narteksnet"]},{"@type":"Person","@id":"https:\/\/narteks.net\/#\/schema\/person\/61f37d9834294b72d31d274e7ed79bca","name":"Tar\u0131k","image":{"@type":"ImageObject","inLanguage":"tr","@id":"https:\/\/narteks.net\/#\/schema\/person\/image\/","url":"https:\/\/secure.gravatar.com\/avatar\/50865afb55632c4ae467e0af0930f6510aa2297d8014be502a55b14f3b7550cf?s=96&d=mm&r=g","contentUrl":"https:\/\/secure.gravatar.com\/avatar\/50865afb55632c4ae467e0af0930f6510aa2297d8014be502a55b14f3b7550cf?s=96&d=mm&r=g","caption":"Tar\u0131k"},"sameAs":["http:\/\/narteks.net"],"url":"https:\/\/narteks.net\/index.php\/author\/narbak\/"}]}},"_links":{"self":[{"href":"https:\/\/narteks.net\/index.php\/wp-json\/wp\/v2\/posts\/4259","targetHints":{"allow":["GET"]}}],"collection":[{"href":"https:\/\/narteks.net\/index.php\/wp-json\/wp\/v2\/posts"}],"about":[{"href":"https:\/\/narteks.net\/index.php\/wp-json\/wp\/v2\/types\/post"}],"author":[{"embeddable":true,"href":"https:\/\/narteks.net\/index.php\/wp-json\/wp\/v2\/users\/1"}],"replies":[{"embeddable":true,"href":"https:\/\/narteks.net\/index.php\/wp-json\/wp\/v2\/comments?post=4259"}],"version-history":[{"count":0,"href":"https:\/\/narteks.net\/index.php\/wp-json\/wp\/v2\/posts\/4259\/revisions"}],"wp:attachment":[{"href":"https:\/\/narteks.net\/index.php\/wp-json\/wp\/v2\/media?parent=4259"}],"wp:term":[{"taxonomy":"category","embeddable":true,"href":"https:\/\/narteks.net\/index.php\/wp-json\/wp\/v2\/categories?post=4259"},{"taxonomy":"post_tag","embeddable":true,"href":"https:\/\/narteks.net\/index.php\/wp-json\/wp\/v2\/tags?post=4259"}],"curies":[{"name":"wp","href":"https:\/\/api.w.org\/{rel}","templated":true}]}}