{"id":426,"date":"2009-03-13T14:16:21","date_gmt":"2009-03-13T11:16:21","guid":{"rendered":"http:\/\/localhost\/wordpress\/2009\/03\/13\/gozum-yasi-terme-cayini-tutuyor\/"},"modified":"2009-03-13T14:16:21","modified_gmt":"2009-03-13T11:16:21","slug":"gozum-yasi-terme-cayini-tutuyor","status":"publish","type":"post","link":"https:\/\/narteks.net\/index.php\/2009\/03\/13\/gozum-yasi-terme-cayini-tutuyor\/","title":{"rendered":"G\u00f6z\u00fcm Ya\u015f\u0131 Terme \u00c7ay\u0131n\u0131 Tutuyor"},"content":{"rendered":"<p style=\"text-align: justify;\"><span style=\"font-size: 14pt;\"><strong> G\u00f6z\u00fcm Ya\u015f\u0131 Terme \u00c7ay\u0131n\u0131 Tutuyor <\/strong><\/span><\/p>\n<p>Ad\u0131 Mart. Anadolu bozk\u0131r\u0131nda orta halli k\u00fc\u00e7\u00fck bir k\u00f6y, \u00c7ank\u0131r\u0131&#8217;n\u0131n \u015eaban\u00f6z\u00fc il\u00e7esine ba\u011fl\u0131. \u0130nsanlar\u0131 tar\u0131m ve hayvanc\u0131l\u0131kla u\u011fra\u015f\u0131r. Yoksulu bol, kendi ya\u011f\u0131yla kavrulan\u0131 azd\u0131r. \u00d6yk\u00fcm\u00fcz\u00fcn kahraman\u0131 Ahmet de bu k\u00f6y\u00fcn yoksullar b\u00f6l\u00fc\u011f\u00fcnden. Babadan yetim kele\u015f bir delikanl\u0131yd\u0131. \u00c7al\u0131ml\u0131 de\u011fil ama, sevimli, yumu\u015fak huylu, y\u00fcz\u00fc yolda bir gen\u00e7ti. Babas\u0131 \u00f6l\u00fcr \u00f6lmez anas\u0131yla birlikte el kap\u0131lar\u0131nda ko\u015fturdu y\u0131llarca. Irgatl\u0131k yapt\u0131, \u00e7\u00f6ne durdu. \u00c7ile hamurunu gen\u00e7 ya\u015f\u0131nda k\u00f6y\u00fcn\u00fcn ta\u015f\u0131 topra\u011f\u0131yla yo\u011furdu. Anas\u0131yla birlikte muhanette muhta\u00e7 olmad\u0131. Yumruk kadar bebe iken i\u015fe ba\u015flad\u0131, \u00e7al\u0131\u015fa \u00e7abalaya onsekizine ula\u015ft\u0131. G\u00fcn\u00fcn birinde, &#8220;askersin, haz\u0131rlan bakal\u0131m&#8221; dediler. Vard\u0131 kasabaya muayene oldu. Kusursuzdu, sa\u011flamd\u0131, Verdiler s\u00fcl\u00fcs\u00fcn\u00fc, \u00e7ekti gitti askere gitti. Vatani g\u00f6rev yeri: Erzincan 58. Top\u00e7u alay\u0131.<\/p>\n<p>\u0130ki y\u0131l sonra kutsal g\u00f6revi y\u00fcz ak\u0131yla bitirdi geldi Ahmet. Geldi ya, baba oca\u011f\u0131nda g\u00f6rd\u00fc\u011f\u00fc, giderken b\u0131rakt\u0131\u011f\u0131 gibi de\u011fildi. Anas\u0131 eski g\u00fcc\u00fcn\u00fc direncini kaybetmi\u015fti. Beli e\u011filmi\u015f, sa\u00e7lar\u0131 a\u011farm\u0131\u015ft\u0131. Ahmet&#8217;in g\u00f6z\u00fcnde bug\u00fcn var yar\u0131n yoktu. Birka\u00e7 g\u00fcn gezindikten, askerli\u011fin havas\u0131n\u0131 unuttuktan sonra verdi karar\u0131n\u0131. &#8220;Anac\u0131\u011f\u0131m, yetmez mi benim i\u00e7in \u00e7ekti\u011fin? Bunca y\u0131ld\u0131r el kap\u0131lar\u0131nda a\u011fartt\u0131n sa\u00e7lar\u0131n\u0131. Benim i\u00e7in s\u00fcp\u00fcrge ettin. Gece g\u00fcnd\u00fcz demedin \u00e7al\u0131\u015ft\u0131n. Bundan gayri kendi evimizin i\u015fine bak. Ben \u00e7al\u0131\u015fay\u0131m sen kazanc\u0131m\u0131n bekeri ol&#8230;&#8221; Sevindi anas\u0131. \u00c7\u00fcnk\u00fc O&#8217;na g\u00fcveniyordu. Tek deste\u011fi kay\u0131n\u0131yla o\u011flu Ahmet&#8217;ti.<\/p>\n<p>Ahmet vine el kap\u0131lar\u0131nda gece g\u00fcnd\u00fcz \u0131rgatl\u0131k yapmaya ba\u015flad\u0131. Tek d\u00fc\u015f\u00fcncesi para kazanmakt\u0131. \u0130htiyar anas\u0131n\u0131 mutlu etmek, onun sa\u011fl\u0131\u011f\u0131nda evlenmekti. \u0130stedi ki, bir gelin h\u00fcrmeti, bir ka\u00e7 torun y\u00fcz\u00fc g\u00f6rs\u00fcn anas\u0131&#8230;<\/p>\n<p>Bu d\u00fc\u015flerle bir k\u0131\u015f mevsimi gelip ge\u00e7ti. G\u00fcnler ilkbahara dayand\u0131. Mart ay\u0131 \u00e7\u0131kar \u00e7\u0131kmaz Mart k\u00f6y\u00fcn\u00fcn da\u011f\u0131-ovas\u0131, deresi tepesi renge boyand\u0131. Ba\u011flar\u0131 ekilmeye, bostanlar\u0131 dikilmeye ba\u015fland\u0131. Mad\u0131maklar yollarda ekinler tarlalarda ye\u015ferdi. Ya Ahmet&#8217;in umutlar\u0131? Baharla birlikte onun duygular\u0131 da kabard\u0131. K\u00f6y\u00fcn g\u00fczel k\u0131zlar\u0131ndan birine, G\u00fcll\u00fc&#8217;ye g\u00f6nl\u00fcn\u00fc kapt\u0131rd\u0131. Uzaktan uza\u011fa seviyorlar derdini bir t\u00fcrl\u00fc duyuram\u0131yordu. Mahalledeki \u00e7\u00f6p\u00e7atan Emine&#8217;yle haber g\u00f6ndererek sevdi\u011fini belli etmeye \u00e7al\u0131\u015ft\u0131. Kendi a\u00e7arsa olmazd\u0131. \u00c7\u00fcnk\u00fc G\u00fcll\u00fc&#8217;n\u00fcn ad\u0131n\u0131 dillere destan etmek istemiyordu.<\/p>\n<p>G\u00fcll\u00fc g\u00fczel, G\u00fcll\u00fc al\u0131ml\u0131 k\u0131zd\u0131. G\u00f6nl\u00fc ganiydi.\u00d6yle y\u00fckseklerden u\u00e7an, kendini a\u011f\u0131ra saran cinsten de\u011fildi. A\u011fa o\u011flu, bey o\u011flu, \u0131rgat, dal kad\u0131n \u00e7ocu\u011fu nedir bilmezdi.Bir insan \u00e7al\u0131\u015fkan m\u0131, evine k\u00f6y\u00fcne ba\u011fl\u0131 m\u0131, mert mi, ince mi, y\u00fcre\u011fi yufka m\u0131, bunlara bakard\u0131&#8230; G\u00fcll\u00fc bu nitelikleri Ahmet&#8217;te g\u00f6rd\u00fc, g\u00f6nl\u00fc onun g\u00f6nl\u00fcne su gibi akt\u0131. O y\u0131l\u0131n Kurban Bayram\u0131 \u015fenliklerinde arkada\u015flar\u0131yla tura oynarken iyice bak\u0131\u015ft\u0131lar. Boyunu boyuna, huyunu huyuna yak\u0131\u015ft\u0131rd\u0131. \u0130ki g\u00f6z, iki g\u00f6n\u00fcl bir oldu uzaktan G\u00fcll\u00fc Ahmet&#8217;e Ahmet&#8217;te G\u00fcll\u00fc&#8217;ye tutu\u015ftu. Ne var ki, k\u00f6yl\u00fck yer istenen her \u015fey \u00f6yle a\u00e7\u0131kta olamaz ki! Sevenler bulu\u015famaz ! Ne olacaksa gizli sakl\u0131 g\u00f6zden uzakta, g\u00f6n\u00fclden can cana&#8230;<\/p>\n<p>O y\u0131l, Mart k\u00f6y\u00fcn\u00fcn bahar\u0131 iyice canlan\u0131nca i\u015flet artmaya ba\u015flad\u0131. Herkes i\u015fine g\u00fcc\u00fcne dald\u0131. Ba\u011fda-bostanda, yaylada-ovada \u00e7al\u0131\u015fmalar k\u0131z\u0131\u015ft\u0131. G\u00fcll\u00fc k\u0131z elinde \u00e7apa bel bostanda \u00f6tekilere, o ba\u011fdan bu ba\u011fa ko\u015fmaya ba\u015flad\u0131. S\u0131caklar ortal\u0131\u011f\u0131, a\u015fk ate\u015fi g\u00f6nl\u00fcn\u00fc sar\u0131nca ne yapaca\u011f\u0131n\u0131 bilmez oldu. Ku\u015fluk zaman\u0131 k\u00f6ye geliyor, helkeleri kapt\u0131\u011f\u0131 gibi davar sa\u011fmaya ko\u015fuyordu yaylaya. \u00c7\u00fcnk\u00fc Ahmet zaman zaman k\u00f6y\u00fcn s\u00fcr\u00fcs\u00fcn\u00fc g\u00fcd\u00fcyordu. Gezik kime gelirse o \u00e7oban oluyordu baharda.<\/p>\n<p>Ahmet bir g\u00fcn yaylada karar\u0131n\u0131 verdi. Ahlad\u0131n g\u00f6lgesinde davar sa\u011fan G\u00fcll\u00fc&#8217;n\u00fcn yan\u0131na yakla\u015ft\u0131. &#8220;Bereketli olsun&#8221; dedi k\u0131s\u0131k bir sesle. G\u00fcll\u00fc \u015fa\u015f\u0131rd\u0131. D\u00f6nd\u00fc bakt\u0131 ki, Ahmet yan\u0131ba\u015f\u0131nda. \u0130lk kez duyuyordu bu sesi. S\u00fct sa\u011fd\u0131\u011f\u0131 helkeyi heyecanla kendine do\u011fru \u00e7ekti. Sa\u011fd\u0131\u011f\u0131 koyunu b\u0131rakt\u0131, g\u00fcrne\u011fin aras\u0131nda aya\u011fa kalkt\u0131. &#8220;Ho\u015fgeldin&#8221; dedi utan\u00e7 bir sesle. Fakat elleri titriyor, g\u00f6zlerinin i\u00e7i g\u00fcl\u00fcyordu. Ahmet&#8217;in sesindeki titrekli\u011fi, g\u00f6zlerindeki parlay\u0131\u015f\u0131 ilk kez yak\u0131ndan seziyordu. &#8220;Otural\u0131m m\u0131&#8221; dedi G\u00fcll\u00fc.&#8221;Bilmem sen bilirsin istersen&#8221; dedi. Ahmet. Her ikisi de ahlad\u0131 g\u00f6lgesindeki sa\u011fmal koyunlar\u0131n aras\u0131na \u00e7\u00f6kt\u00fcler. Dereden tepeden bir s\u00fcre konu\u015ftular. Yan yana ilk bulu\u015fmast\u0131d\u0131 \u00e7\u00fcnk\u00fc bu. Ahmet ya\u015fl\u0131 anas\u0131ndan, G\u00fcll\u00fc h\u0131r\u00e7\u0131n garda\u015f\u0131ndan s\u00f6z etti. Bulu\u015ftuklar\u0131 g\u00f6r\u00fcls\u00fcn, konu\u015ftuklar\u0131 duyulsun istemiyordu G\u00fcll\u00fc. Ama Ahmet, kestirdi att\u0131; niyetini a\u00e7\u0131k\u00e7a belli etti o g\u00fcn. &#8220;Seni istetecem, babana d\u00fcn\u00fcr g\u00f6nderecem&#8221; dedi. Bu s\u00f6zleri duyunca, bir ho\u015f oldu G\u00fcll\u00fc k\u0131z. Sevincinden y\u00fcre\u011fi hoplad\u0131. &#8220;Beklerim, en k\u0131sa zamanda beklerim&#8221; dedi s\u00fct helkesini kapt\u0131\u011f\u0131 gibi k\u00f6ye do\u011fru y\u00f6neldi.<\/p>\n<p>O g\u00fcnden \u00fc\u00e7 g\u00fcn sonra gezik biter bitmez k\u00f6ye d\u00f6nd\u00fc Ahmet. Bir ak\u015fam, ya\u015fl\u0131 anas\u0131n\u0131n dizlerinin dibine oturdu. &#8220;Anac\u0131\u011f\u0131m&#8221; dedi. &#8220;Benim i\u00e7in bunca y\u0131l sa\u00e7\u0131n\u0131 s\u00fcp\u00fcrge ettin, babas\u0131zl\u0131\u011f\u0131n ac\u0131s\u0131n\u0131 duyurmad\u0131n, beni bug\u00fcnlere getirdin. Ba\u015f\u0131m\u0131z\u0131 sokacak evimiz var, askerli\u011fimi de yapt\u0131m, s\u0131ra evlenmeye geldi. \u0130sterim ki, bir gelinin olsun. Benim g\u00f6nl\u00fcm G\u00fcll\u00fc k\u0131z\u0131 ister. Severiz birbirimizi. N&#8217;olursun bir istet babas\u0131ndan!&#8230;&#8221;<br \/>&#8211; Do\u011fru diyorsun yerinde zaman\u0131nda s\u00f6yl\u00fcyorsun Ahmed&#8217;im&#8221; dedi anas\u0131. &#8220;Bilirim ki seversin G\u00fcll\u00fc&#8217;y\u00fc, o da seni be\u011fenir; lakin babas\u0131yla deli garda\u015flan ne der bu i\u015fe?&#8221; onlar y\u00fck\u00fc yeceye y\u0131kan cinsinden. Ba\u015f\u0131m\u0131za bir dert a\u00e7mas\u0131nlar.<br \/>&#8220;Bir kere deneyelim&#8221; dedi Ahmet. Anas\u0131n\u0131 razz etti ve G\u00fcll\u00fcye d\u00fcn\u00fcrc\u00fcleri g\u00f6nderdi&#8230;<\/p>\n<p>Ahmet&#8217;in d\u00fcn\u00fcrc\u00fcleri bir Cuma ak\u015fam\u0131 \u00e7ald\u0131lar kap\u0131y\u0131.<br \/>Selam sohbetten sonra \u00e7\u0131tlatt\u0131lar geli\u015f niyetini. Daha G\u00fcll\u00fc&#8217;n\u00fcn ad\u0131 ge\u00e7er ge\u00e7mez dikildi karda\u015flar\u0131. K\u00fcplere bindi babas\u0131.<br \/>&#8220;Olmaz! Bu i\u015f i\u00e7in geldinizse kap\u0131m size kapal\u0131. Ahmet \u00f6nce bir karn\u0131n\u0131 doyursun. Benim, ayak yal\u0131n \u00e7\u0131plak kar\u0131n gezene verilecek k\u0131z\u0131m yok&#8221; deyip kesti s\u00f6z\u00fc.<br \/>G\u00fcll\u00fc, direniyordu yandaki odada. &#8220;Ahmet&#8217;ten ba\u015fkas\u0131na varmam!&#8221; diyor babas\u0131na a\u011falar\u0131na k\u0131z\u0131yordu. Anas\u0131 anlam\u0131\u015ft\u0131 G\u00fcll\u00fc&#8217;y\u00fc. Ama s\u00f6z hakk\u0131 yok ki.. &#8220;Sus k\u0131z\u0131m, baban a\u011falar\u0131n duyar sonra. Ne&#8217;der de dikiliriz kar\u015f\u0131lar\u0131na?&#8221;<\/p>\n<p>O gece, G\u00fcll\u00fc verilmedi, ger\u00e7ek de\u011fi\u015fmedi. Birbirlerini sevenlerin a\u015fk\u0131 s\u00fcr\u00fcyordu. Ahmet G\u00fcll\u00fc&#8217;ye, G\u00fcll\u00fc Ahmet&#8217;e ba\u011fl\u0131yd\u0131. \u00c7\u00fcnk\u00fc daha \u00f6nce s\u00f6z verni\u015fti G\u00fcll\u00fc. Gerekirse, babas\u0131 vermezse, garda\u015flar\u0131 \u00f6n\u00fcne ge\u00e7erse ka\u00e7acakt\u0131.<\/p>\n<p>\u00d6te yandan Ahmet, d\u00fcn\u00fcrc\u00fclerin haberlerini duyunca \u015fa\u015f\u0131rd\u0131. Olup bitenleri bir g\u00fczel \u00f6\u011frendi. &#8220;Ayak yal\u0131n, \u00e7\u0131plak kar\u0131n!&#8221; Ne demekti bu? G\u00fcll\u00fc n\u00fcn babas\u0131 nas\u0131l s\u00f6ylerdi bu s\u00f6z\u00fc!&#8230; Oturdu uzun uzun d\u00fc\u015f\u00fcnd\u00fc. \u00d6nce anas\u0131na, k\u00f6y\u00fcn uslular\u0131na, can ci\u011fer arkada\u015flar\u0131na dan\u0131\u015ft\u0131. Kendine verilen \u00f6\u011f\u00fct, &#8220;sabret bekle umudunu yitirme&#8230; &#8220;Ahmet Umudunu yitirmedi, bekledi bekledi.&#8221; Belki d\u00fczelir&#8221; dedi i\u00e7inden. Babas\u0131n\u0131 sayd\u0131, garda\u015flar\u0131n\u0131n \u00f6n\u00fcne ge\u00e7medi G\u00fcll\u00fc&#8217;n\u00fcn. Ama ne yapsa ne etse ger\u00e7ek de\u011fi\u015fmiyordu. A\u011f\u0131r konu\u015fanlar, her yerde hor bakan konu\u015fmaz olmu\u015ftu Ahmet&#8217;le.<br \/>Aradan birka\u00e7 g\u00fcn ge\u00e7ince G\u00fcll\u00fc&#8217;den hater geldi.&#8221;Ka\u00e7\u0131rs\u0131n beni&#8221; Bu gece sabaha kar\u015f\u0131 tan y\u0131ld\u0131z\u0131 do\u011far do\u011fmaz bizim ar\u0131l\u0131kta beklerim onu&#8230;&#8221; Ahmet, hem \u015fa\u015f\u0131rd\u0131, hem sevindi. &#8220;Bu durumda geri durmak olur mu? Ni\u00e7in ya\u015f\u0131yorum, kim i\u00e7in ta\u015f\u0131yorum bu can\u0131? \u00d6l\u00fcrsem G\u00fcll\u00fc&#8217;n\u00fcn yolunda \u00f6leyim!..&#8221;<\/p>\n<p>Zaman\u0131nda beklendi\u011fi yere vard\u0131 Ahmet. Bakt\u0131 ki ar\u0131l\u0131kta saklanm\u0131\u015f bekliyor G\u00fcll\u00fc. Ayaklar\u0131 lastik, ba\u015f\u0131nda d\u00fclbent, s\u0131rt\u0131nda bir ak gecelik. Me\u011ferse, epeydir a\u011falar\u0131, G\u00fcll\u00fc ka\u00e7mas\u0131n diye urbanlar\u0131n\u0131 kendi yast\u0131klar\u0131n\u0131n alt\u0131na saklam\u0131\u015f. Ahmet durumu \u00f6\u011frenince, bir oldu g\u00fcld\u00fc, bir oldu d\u00fc\u015f\u00fcnd\u00fc. yapacak bir \u015fey yoktu art\u0131k. G\u00f6mle\u011fini \u00e7\u0131kanp G\u00fcll\u00fc&#8217;ye giydirdi ve tuttular Kara\u00f6ren&#8217;in yolunu. Kara\u00f6ren kom\u015fu k\u00f6y. S\u0131\u011f\u0131nacaklan en emin yer oras\u0131. Day\u0131s\u0131n\u0131n evine gidecekler, orada saklanacaklar bir ka\u00e7 g\u00fcn. K\u00e2h y\u00fcr\u00fcd\u00fcler, kah ko\u015ftular ama Kara\u00f6ren alt\u0131 saatlik yol. Iki saat sonra ortal\u0131k iyice a\u011fard\u0131. Bu dummda g\u00f6renler olursa ne der? G\u00fcll\u00fc: &#8220;B\u00f6ylece gidelim&#8221;, Ahmet &#8220;Olmaz&#8221; dedi. &#8220;Kesin olmaz&#8221; Tuttu kolundan yak\u0131n\u0131ndaki g\u00f6l\u00fcn yan\u0131na vard\u0131. Bakt\u0131 ki her taraf sazl\u0131k. Kam\u0131\u015flar, k\u0131nd\u0131ralar adam\u0131n boyunu ge\u00e7iyor. &#8220;Tamam&#8221; dedi buras\u0131 iyi arkas\u0131ndan gelmesin diye G\u00fcll\u00fc&#8217;n\u00fcn elini aya\u011f\u0131n\u0131 ba\u011flad\u0131. Sesi \u00e7\u0131kmas\u0131n, ba\u011f\u0131rmas\u0131n diye de a\u011fz\u0131n\u0131&#8230; Ve \u00f6ylece sazlar\u0131n i\u00e7ine b\u0131rak\u0131p y\u00fcr\u00fcd\u00fc. Niyeti day\u0131s\u0131n\u0131n k\u00f6y\u00fcne varacak, durumu anlatacak, onlar\u0131n yard\u0131m\u0131n\u0131 isteyecek. \u0130ki saat sonra Kara\u00f6ren k\u00f6y\u00fcne vard\u0131 Ahmet. Dummu bir g\u00fczel anlatt\u0131. &#8220;Ho\u015f be\u015f, ne yapal\u0131m, nas\u0131l edelim&#8221; derken bir saatte \u00f6yle ge\u00e7ti. Sonunda day\u0131s\u0131gilden urbalar\u0131 ald\u0131\u011f\u0131 gibi d\u00fc\u015ft\u00fc yola. K\u00e2h y\u00fcr\u00fcd\u00fc kah ko\u015ftu. Kan ter i\u00e7inde \u00e7\u0131k\u0131\u015f\u0131ndan be\u015f saat sonra, g\u00fcn tepeye dikilirken G\u00fcll\u00fc&#8217;y\u00fc b\u0131rakt\u0131\u011f\u0131 sazl\u0131\u011fa geldi. Bakt\u0131 ki, G\u00fcll\u00fc yok. Yerinde yeller eser. Fazla zaman kaybetmeden hemen geri d\u00f6nd\u00fc day\u0131s\u0131n\u0131n k\u00f6y\u00fcne. S\u0131rt\u0131n\u0131 buz gibi ter kaplad\u0131 dizlerinde fer kalmad\u0131. &#8220;G\u00fcll\u00fc geldi mi&#8217; &#8220;Gelmedi&#8221;.&#8221;Allah Allah nereye gitti peki?&#8221; Day\u0131s\u0131 Kara\u00f6ren k\u00f6y\u00fcnden birini hemen Mart k\u00f6y\u00fcne yollad\u0131. &#8220;Sorun bakal\u0131m orada var m\u0131?&#8221; Sekiz saat sonra haber geldi. Orada da yok. B\u00f6ylece ertesi g\u00fcn \u00f6\u011fle vakti oldu. Day\u0131s\u0131yla birlikte k\u00f6y\u00fcn birka\u00e7 uslusuna, caminin imam\u0131na sordular. &#8220;Durum b\u00f6yle iken b\u00f6yle, ne yapal\u0131m ne edelim?&#8221;<br \/>K\u00f6y imam\u0131: &#8220;O\u011flum Ahmet, sabahleyin erkenden sazl\u0131\u011f\u0131n \u00fczerindeki tepeye \u00e7\u0131k; k\u0131z\u0131 ba\u011flay\u0131p koydu\u011fun tarafa bak; sivrisinek nereye topluca inip kalk\u0131yorsa orada ara&#8221; dedi&#8230;<\/p>\n<p>B\u00f6yle yapt\u0131 Ahmet. Kara\u00f6ren&#8217;den geceleyin \u00e7\u0131kt\u0131 yola. G\u00fcn do\u011farken sazl\u0131\u011f\u0131n \u00fczerindeki tepeye \u00e7\u0131kt\u0131. Bakt\u0131ki, sivrisinek s\u00fcr\u00fcs\u00fc G\u00fcll\u00fc&#8217;y\u00fc ba\u011fl\u0131 b\u0131rakt\u0131\u011f\u0131 sazlar\u0131n be\u015fy\u00fcz metre yak\u0131n\u0131na k\u00fcme k\u00fcme inip kalkar..<\/p>\n<p>Ko\u015ftu oraya ki, ne g\u00f6rs\u00fcn? G\u00fcll\u00fc cans\u0131z yat\u0131yor yerde. Sivrisinekler \u00fc\u015f\u00fc\u015fm\u00fc\u015f \u00fcst\u00fcne. Her taraf\u0131 \u015fi\u015fmi\u015f, davul gibi olmu\u015f. Zavall\u0131 G\u00fcll\u00fc can havliyle \u00e7\u0131rp\u0131nm\u0131\u015f \u00e7abalam\u0131\u015f s\u00fcr\u00fcnm\u00fc\u015f. Eli aya\u011f\u0131 ba\u011fl\u0131 oldu\u011fu i\u00e7in kurtulamam\u0131\u015f, a\u011fz\u0131 kapal\u0131 oldu\u011fu i\u00e7in ba\u011f\u0131ramam\u0131\u015f. Her taraf\u0131 \u00e7izik s\u0131yr\u0131k, saz kesi\u011fi&#8230;&#8221;<br \/>Bu durumu g\u00f6r\u00fcnce deliye d\u00f6nd\u00fc Ahmet. Dizlerini \u00e7\u0131rpt\u0131, sa\u00e7lar\u0131n\u0131 yoldu. A\u011flad\u0131 a\u011flad\u0131. Bir \u015fa\u015f\u0131rd\u0131 bir a\u011flad\u0131. Sonra ald\u0131 ba\u015f\u0131n\u0131 ayr\u0131ld\u0131 oradan. Gitti ki o gidi\u015f. Olay tez zamanda yay\u0131ld\u0131. Duyanlar\u0131n g\u00f6renlerin i\u00e7i yand\u0131. Nice nice y\u00fcrekler par\u00e7aland\u0131 a\u011f\u0131tlar s\u00f6ylendi, destanlar yaz\u0131ld\u0131. G\u00fcll\u00fc&#8217;n\u00fcn \u00f6yk\u00fcs\u00fc, y\u00f6rede bilindi, gen\u00e7lerce ezberlendi. Bir saz\u0131n ezgisi e\u015fli\u011finde dilden dile s\u00f6ylendi. \u0130bretle dinlenen bir i\u00e7li bozlak oldu y\u00f6rede.<\/p>\n<p>Kaynak:<br \/>Salih Turhan , Kubilay D\u00f6kmeta\u015f , Levent \u00c7elik <br \/>Notalar\u0131yla T\u00fcrk\u00fclerimiz ve Hikayeleri<br \/>Ankara, 1996<\/p>\n","protected":false},"excerpt":{"rendered":"<p>G\u00f6z\u00fcm Ya\u015f\u0131 Terme \u00c7ay\u0131n\u0131 Tutuyor Ad\u0131 Mart. Anadolu bozk\u0131r\u0131nda orta halli k\u00fc\u00e7\u00fck bir k\u00f6y, \u00c7ank\u0131r\u0131&#8217;n\u0131n \u015eaban\u00f6z\u00fc il\u00e7esine ba\u011fl\u0131. \u0130nsanlar\u0131 tar\u0131m ve hayvanc\u0131l\u0131kla u\u011fra\u015f\u0131r. Yoksulu bol, kendi ya\u011f\u0131yla kavrulan\u0131 azd\u0131r. \u00d6yk\u00fcm\u00fcz\u00fcn kahraman\u0131 Ahmet de bu k\u00f6y\u00fcn yoksullar b\u00f6l\u00fc\u011f\u00fcnden. Babadan yetim kele\u015f bir delikanl\u0131yd\u0131. \u00c7al\u0131ml\u0131 de\u011fil ama, sevimli, yumu\u015fak huylu, y\u00fcz\u00fc yolda bir gen\u00e7ti. Babas\u0131 \u00f6l\u00fcr \u00f6lmez [&hellip;]<\/p>\n","protected":false},"author":1,"featured_media":0,"comment_status":"open","ping_status":"open","sticky":false,"template":"","format":"standard","meta":{"footnotes":""},"categories":[55],"tags":[],"class_list":{"0":"post-426","1":"post","2":"type-post","3":"status-publish","4":"format-standard","6":"category-oykuleriyle-turkuler"},"yoast_head":"<!-- This site is optimized with the Yoast SEO Premium plugin v24.9 (Yoast SEO v24.9) - https:\/\/yoast.com\/wordpress\/plugins\/seo\/ -->\n<title>G\u00f6z\u00fcm Ya\u015f\u0131 Terme \u00c7ay\u0131n\u0131 Tutuyor - narteks.net<\/title>\n<meta name=\"robots\" content=\"index, follow, max-snippet:-1, max-image-preview:large, max-video-preview:-1\" \/>\n<link rel=\"canonical\" href=\"https:\/\/narteks.net\/index.php\/2009\/03\/13\/gozum-yasi-terme-cayini-tutuyor\/\" \/>\n<meta property=\"og:locale\" content=\"tr_TR\" \/>\n<meta property=\"og:type\" content=\"article\" \/>\n<meta property=\"og:title\" content=\"G\u00f6z\u00fcm Ya\u015f\u0131 Terme \u00c7ay\u0131n\u0131 Tutuyor\" \/>\n<meta property=\"og:description\" content=\"G\u00f6z\u00fcm Ya\u015f\u0131 Terme \u00c7ay\u0131n\u0131 Tutuyor Ad\u0131 Mart. Anadolu bozk\u0131r\u0131nda orta halli k\u00fc\u00e7\u00fck bir k\u00f6y, \u00c7ank\u0131r\u0131&#8217;n\u0131n \u015eaban\u00f6z\u00fc il\u00e7esine ba\u011fl\u0131. \u0130nsanlar\u0131 tar\u0131m ve hayvanc\u0131l\u0131kla u\u011fra\u015f\u0131r. Yoksulu bol, kendi ya\u011f\u0131yla kavrulan\u0131 azd\u0131r. \u00d6yk\u00fcm\u00fcz\u00fcn kahraman\u0131 Ahmet de bu k\u00f6y\u00fcn yoksullar b\u00f6l\u00fc\u011f\u00fcnden. Babadan yetim kele\u015f bir delikanl\u0131yd\u0131. \u00c7al\u0131ml\u0131 de\u011fil ama, sevimli, yumu\u015fak huylu, y\u00fcz\u00fc yolda bir gen\u00e7ti. Babas\u0131 \u00f6l\u00fcr \u00f6lmez [&hellip;]\" \/>\n<meta property=\"og:url\" content=\"https:\/\/narteks.net\/index.php\/2009\/03\/13\/gozum-yasi-terme-cayini-tutuyor\/\" \/>\n<meta property=\"og:site_name\" content=\"narteks.net\" \/>\n<meta property=\"article:published_time\" content=\"2009-03-13T11:16:21+00:00\" \/>\n<meta property=\"og:image\" content=\"https:\/\/narteks.net\/wp-content\/uploads\/narteks.png\" \/>\n\t<meta property=\"og:image:width\" content=\"300\" \/>\n\t<meta property=\"og:image:height\" content=\"90\" \/>\n\t<meta property=\"og:image:type\" content=\"image\/png\" \/>\n<meta name=\"author\" content=\"Tar\u0131k\" \/>\n<meta name=\"twitter:card\" content=\"summary_large_image\" \/>\n<meta name=\"twitter:creator\" content=\"@narteks\" \/>\n<meta name=\"twitter:site\" content=\"@narteks\" \/>\n<meta name=\"twitter:label1\" content=\"Yazan:\" \/>\n\t<meta name=\"twitter:data1\" content=\"Tar\u0131k\" \/>\n\t<meta name=\"twitter:label2\" content=\"Tahmini okuma s\u00fcresi\" \/>\n\t<meta name=\"twitter:data2\" content=\"10 dakika\" \/>\n<script type=\"application\/ld+json\" class=\"yoast-schema-graph\">{\"@context\":\"https:\/\/schema.org\",\"@graph\":[{\"@type\":\"Article\",\"@id\":\"https:\/\/narteks.net\/index.php\/2009\/03\/13\/gozum-yasi-terme-cayini-tutuyor\/#article\",\"isPartOf\":{\"@id\":\"https:\/\/narteks.net\/index.php\/2009\/03\/13\/gozum-yasi-terme-cayini-tutuyor\/\"},\"author\":{\"name\":\"Tar\u0131k\",\"@id\":\"https:\/\/narteks.net\/#\/schema\/person\/61f37d9834294b72d31d274e7ed79bca\"},\"headline\":\"G\u00f6z\u00fcm Ya\u015f\u0131 Terme \u00c7ay\u0131n\u0131 Tutuyor\",\"datePublished\":\"2009-03-13T11:16:21+00:00\",\"mainEntityOfPage\":{\"@id\":\"https:\/\/narteks.net\/index.php\/2009\/03\/13\/gozum-yasi-terme-cayini-tutuyor\/\"},\"wordCount\":2092,\"commentCount\":0,\"publisher\":{\"@id\":\"https:\/\/narteks.net\/#organization\"},\"articleSection\":[\"\u00d6yk\u00fcleriyle T\u00fcrk\u00fcler\"],\"inLanguage\":\"tr\",\"potentialAction\":[{\"@type\":\"CommentAction\",\"name\":\"Comment\",\"target\":[\"https:\/\/narteks.net\/index.php\/2009\/03\/13\/gozum-yasi-terme-cayini-tutuyor\/#respond\"]}]},{\"@type\":\"WebPage\",\"@id\":\"https:\/\/narteks.net\/index.php\/2009\/03\/13\/gozum-yasi-terme-cayini-tutuyor\/\",\"url\":\"https:\/\/narteks.net\/index.php\/2009\/03\/13\/gozum-yasi-terme-cayini-tutuyor\/\",\"name\":\"G\u00f6z\u00fcm Ya\u015f\u0131 Terme \u00c7ay\u0131n\u0131 Tutuyor - narteks.net\",\"isPartOf\":{\"@id\":\"https:\/\/narteks.net\/#website\"},\"datePublished\":\"2009-03-13T11:16:21+00:00\",\"breadcrumb\":{\"@id\":\"https:\/\/narteks.net\/index.php\/2009\/03\/13\/gozum-yasi-terme-cayini-tutuyor\/#breadcrumb\"},\"inLanguage\":\"tr\",\"potentialAction\":[{\"@type\":\"ReadAction\",\"target\":[\"https:\/\/narteks.net\/index.php\/2009\/03\/13\/gozum-yasi-terme-cayini-tutuyor\/\"]}]},{\"@type\":\"BreadcrumbList\",\"@id\":\"https:\/\/narteks.net\/index.php\/2009\/03\/13\/gozum-yasi-terme-cayini-tutuyor\/#breadcrumb\",\"itemListElement\":[{\"@type\":\"ListItem\",\"position\":1,\"name\":\"Anasayfa\",\"item\":\"https:\/\/narteks.net\/\"},{\"@type\":\"ListItem\",\"position\":2,\"name\":\"G\u00f6z\u00fcm Ya\u015f\u0131 Terme \u00c7ay\u0131n\u0131 Tutuyor\"}]},{\"@type\":\"WebSite\",\"@id\":\"https:\/\/narteks.net\/#website\",\"url\":\"https:\/\/narteks.net\/\",\"name\":\"narteks.net\",\"description\":\"K\u00fclt\u00fcr Sanat Edebiyat Felsefe\",\"publisher\":{\"@id\":\"https:\/\/narteks.net\/#organization\"},\"alternateName\":\"K\u00fclt\u00fcr Sanat Edebiyat Felsefe\",\"potentialAction\":[{\"@type\":\"SearchAction\",\"target\":{\"@type\":\"EntryPoint\",\"urlTemplate\":\"https:\/\/narteks.net\/?s={search_term_string}\"},\"query-input\":{\"@type\":\"PropertyValueSpecification\",\"valueRequired\":true,\"valueName\":\"search_term_string\"}}],\"inLanguage\":\"tr\"},{\"@type\":\"Organization\",\"@id\":\"https:\/\/narteks.net\/#organization\",\"name\":\"narteks.net\",\"url\":\"https:\/\/narteks.net\/\",\"logo\":{\"@type\":\"ImageObject\",\"inLanguage\":\"tr\",\"@id\":\"https:\/\/narteks.net\/#\/schema\/logo\/image\/\",\"url\":\"https:\/\/narteks.net\/wp-content\/uploads\/narteks.png\",\"contentUrl\":\"https:\/\/narteks.net\/wp-content\/uploads\/narteks.png\",\"width\":300,\"height\":90,\"caption\":\"narteks.net\"},\"image\":{\"@id\":\"https:\/\/narteks.net\/#\/schema\/logo\/image\/\"},\"sameAs\":[\"https:\/\/x.com\/narteks\",\"https:\/\/instagram.com\/narteksnet\"]},{\"@type\":\"Person\",\"@id\":\"https:\/\/narteks.net\/#\/schema\/person\/61f37d9834294b72d31d274e7ed79bca\",\"name\":\"Tar\u0131k\",\"image\":{\"@type\":\"ImageObject\",\"inLanguage\":\"tr\",\"@id\":\"https:\/\/narteks.net\/#\/schema\/person\/image\/\",\"url\":\"https:\/\/secure.gravatar.com\/avatar\/50865afb55632c4ae467e0af0930f6510aa2297d8014be502a55b14f3b7550cf?s=96&d=mm&r=g\",\"contentUrl\":\"https:\/\/secure.gravatar.com\/avatar\/50865afb55632c4ae467e0af0930f6510aa2297d8014be502a55b14f3b7550cf?s=96&d=mm&r=g\",\"caption\":\"Tar\u0131k\"},\"sameAs\":[\"http:\/\/narteks.net\"],\"url\":\"https:\/\/narteks.net\/index.php\/author\/narbak\/\"}]}<\/script>\n<!-- \/ Yoast SEO Premium plugin. -->","yoast_head_json":{"title":"G\u00f6z\u00fcm Ya\u015f\u0131 Terme \u00c7ay\u0131n\u0131 Tutuyor - narteks.net","robots":{"index":"index","follow":"follow","max-snippet":"max-snippet:-1","max-image-preview":"max-image-preview:large","max-video-preview":"max-video-preview:-1"},"canonical":"https:\/\/narteks.net\/index.php\/2009\/03\/13\/gozum-yasi-terme-cayini-tutuyor\/","og_locale":"tr_TR","og_type":"article","og_title":"G\u00f6z\u00fcm Ya\u015f\u0131 Terme \u00c7ay\u0131n\u0131 Tutuyor","og_description":"G\u00f6z\u00fcm Ya\u015f\u0131 Terme \u00c7ay\u0131n\u0131 Tutuyor Ad\u0131 Mart. Anadolu bozk\u0131r\u0131nda orta halli k\u00fc\u00e7\u00fck bir k\u00f6y, \u00c7ank\u0131r\u0131&#8217;n\u0131n \u015eaban\u00f6z\u00fc il\u00e7esine ba\u011fl\u0131. \u0130nsanlar\u0131 tar\u0131m ve hayvanc\u0131l\u0131kla u\u011fra\u015f\u0131r. Yoksulu bol, kendi ya\u011f\u0131yla kavrulan\u0131 azd\u0131r. \u00d6yk\u00fcm\u00fcz\u00fcn kahraman\u0131 Ahmet de bu k\u00f6y\u00fcn yoksullar b\u00f6l\u00fc\u011f\u00fcnden. Babadan yetim kele\u015f bir delikanl\u0131yd\u0131. \u00c7al\u0131ml\u0131 de\u011fil ama, sevimli, yumu\u015fak huylu, y\u00fcz\u00fc yolda bir gen\u00e7ti. Babas\u0131 \u00f6l\u00fcr \u00f6lmez [&hellip;]","og_url":"https:\/\/narteks.net\/index.php\/2009\/03\/13\/gozum-yasi-terme-cayini-tutuyor\/","og_site_name":"narteks.net","article_published_time":"2009-03-13T11:16:21+00:00","og_image":[{"width":300,"height":90,"url":"https:\/\/narteks.net\/wp-content\/uploads\/narteks.png","type":"image\/png"}],"author":"Tar\u0131k","twitter_card":"summary_large_image","twitter_creator":"@narteks","twitter_site":"@narteks","twitter_misc":{"Yazan:":"Tar\u0131k","Tahmini okuma s\u00fcresi":"10 dakika"},"schema":{"@context":"https:\/\/schema.org","@graph":[{"@type":"Article","@id":"https:\/\/narteks.net\/index.php\/2009\/03\/13\/gozum-yasi-terme-cayini-tutuyor\/#article","isPartOf":{"@id":"https:\/\/narteks.net\/index.php\/2009\/03\/13\/gozum-yasi-terme-cayini-tutuyor\/"},"author":{"name":"Tar\u0131k","@id":"https:\/\/narteks.net\/#\/schema\/person\/61f37d9834294b72d31d274e7ed79bca"},"headline":"G\u00f6z\u00fcm Ya\u015f\u0131 Terme \u00c7ay\u0131n\u0131 Tutuyor","datePublished":"2009-03-13T11:16:21+00:00","mainEntityOfPage":{"@id":"https:\/\/narteks.net\/index.php\/2009\/03\/13\/gozum-yasi-terme-cayini-tutuyor\/"},"wordCount":2092,"commentCount":0,"publisher":{"@id":"https:\/\/narteks.net\/#organization"},"articleSection":["\u00d6yk\u00fcleriyle T\u00fcrk\u00fcler"],"inLanguage":"tr","potentialAction":[{"@type":"CommentAction","name":"Comment","target":["https:\/\/narteks.net\/index.php\/2009\/03\/13\/gozum-yasi-terme-cayini-tutuyor\/#respond"]}]},{"@type":"WebPage","@id":"https:\/\/narteks.net\/index.php\/2009\/03\/13\/gozum-yasi-terme-cayini-tutuyor\/","url":"https:\/\/narteks.net\/index.php\/2009\/03\/13\/gozum-yasi-terme-cayini-tutuyor\/","name":"G\u00f6z\u00fcm Ya\u015f\u0131 Terme \u00c7ay\u0131n\u0131 Tutuyor - narteks.net","isPartOf":{"@id":"https:\/\/narteks.net\/#website"},"datePublished":"2009-03-13T11:16:21+00:00","breadcrumb":{"@id":"https:\/\/narteks.net\/index.php\/2009\/03\/13\/gozum-yasi-terme-cayini-tutuyor\/#breadcrumb"},"inLanguage":"tr","potentialAction":[{"@type":"ReadAction","target":["https:\/\/narteks.net\/index.php\/2009\/03\/13\/gozum-yasi-terme-cayini-tutuyor\/"]}]},{"@type":"BreadcrumbList","@id":"https:\/\/narteks.net\/index.php\/2009\/03\/13\/gozum-yasi-terme-cayini-tutuyor\/#breadcrumb","itemListElement":[{"@type":"ListItem","position":1,"name":"Anasayfa","item":"https:\/\/narteks.net\/"},{"@type":"ListItem","position":2,"name":"G\u00f6z\u00fcm Ya\u015f\u0131 Terme \u00c7ay\u0131n\u0131 Tutuyor"}]},{"@type":"WebSite","@id":"https:\/\/narteks.net\/#website","url":"https:\/\/narteks.net\/","name":"narteks.net","description":"K\u00fclt\u00fcr Sanat Edebiyat Felsefe","publisher":{"@id":"https:\/\/narteks.net\/#organization"},"alternateName":"K\u00fclt\u00fcr Sanat Edebiyat Felsefe","potentialAction":[{"@type":"SearchAction","target":{"@type":"EntryPoint","urlTemplate":"https:\/\/narteks.net\/?s={search_term_string}"},"query-input":{"@type":"PropertyValueSpecification","valueRequired":true,"valueName":"search_term_string"}}],"inLanguage":"tr"},{"@type":"Organization","@id":"https:\/\/narteks.net\/#organization","name":"narteks.net","url":"https:\/\/narteks.net\/","logo":{"@type":"ImageObject","inLanguage":"tr","@id":"https:\/\/narteks.net\/#\/schema\/logo\/image\/","url":"https:\/\/narteks.net\/wp-content\/uploads\/narteks.png","contentUrl":"https:\/\/narteks.net\/wp-content\/uploads\/narteks.png","width":300,"height":90,"caption":"narteks.net"},"image":{"@id":"https:\/\/narteks.net\/#\/schema\/logo\/image\/"},"sameAs":["https:\/\/x.com\/narteks","https:\/\/instagram.com\/narteksnet"]},{"@type":"Person","@id":"https:\/\/narteks.net\/#\/schema\/person\/61f37d9834294b72d31d274e7ed79bca","name":"Tar\u0131k","image":{"@type":"ImageObject","inLanguage":"tr","@id":"https:\/\/narteks.net\/#\/schema\/person\/image\/","url":"https:\/\/secure.gravatar.com\/avatar\/50865afb55632c4ae467e0af0930f6510aa2297d8014be502a55b14f3b7550cf?s=96&d=mm&r=g","contentUrl":"https:\/\/secure.gravatar.com\/avatar\/50865afb55632c4ae467e0af0930f6510aa2297d8014be502a55b14f3b7550cf?s=96&d=mm&r=g","caption":"Tar\u0131k"},"sameAs":["http:\/\/narteks.net"],"url":"https:\/\/narteks.net\/index.php\/author\/narbak\/"}]}},"_links":{"self":[{"href":"https:\/\/narteks.net\/index.php\/wp-json\/wp\/v2\/posts\/426","targetHints":{"allow":["GET"]}}],"collection":[{"href":"https:\/\/narteks.net\/index.php\/wp-json\/wp\/v2\/posts"}],"about":[{"href":"https:\/\/narteks.net\/index.php\/wp-json\/wp\/v2\/types\/post"}],"author":[{"embeddable":true,"href":"https:\/\/narteks.net\/index.php\/wp-json\/wp\/v2\/users\/1"}],"replies":[{"embeddable":true,"href":"https:\/\/narteks.net\/index.php\/wp-json\/wp\/v2\/comments?post=426"}],"version-history":[{"count":0,"href":"https:\/\/narteks.net\/index.php\/wp-json\/wp\/v2\/posts\/426\/revisions"}],"wp:attachment":[{"href":"https:\/\/narteks.net\/index.php\/wp-json\/wp\/v2\/media?parent=426"}],"wp:term":[{"taxonomy":"category","embeddable":true,"href":"https:\/\/narteks.net\/index.php\/wp-json\/wp\/v2\/categories?post=426"},{"taxonomy":"post_tag","embeddable":true,"href":"https:\/\/narteks.net\/index.php\/wp-json\/wp\/v2\/tags?post=426"}],"curies":[{"name":"wp","href":"https:\/\/api.w.org\/{rel}","templated":true}]}}