{"id":4261,"date":"2010-02-24T14:04:37","date_gmt":"2010-02-24T11:04:37","guid":{"rendered":"http:\/\/localhost\/wordpress\/2010\/02\/24\/golgelerki-gunese-bagli-biz-ikimiz-de-oyleyiz-ama-bilmeyiz-bortacgil-ve-sarkilari\/"},"modified":"2010-02-24T14:04:37","modified_gmt":"2010-02-24T11:04:37","slug":"golgelerki-gunese-bagli-biz-ikimiz-de-oyleyiz-ama-bilmeyiz-bortacgil-ve-sarkilari","status":"publish","type":"post","link":"https:\/\/narteks.net\/index.php\/2010\/02\/24\/golgelerki-gunese-bagli-biz-ikimiz-de-oyleyiz-ama-bilmeyiz-bortacgil-ve-sarkilari\/","title":{"rendered":"G\u00f6lgelerki g\u00fcne\u015fe ba\u011fl\u0131 biz ikimiz de \u00f6yleyiz ama bilmeyiz | B.Orta\u00e7gil ve \u015fark\u0131lar\u0131"},"content":{"rendered":"<p style=\"text-align: justify;\"><img loading=\"lazy\" decoding=\"async\" src=\"images\/stories\/bulent-ortacgil.jpg\" border=\"0\" width=\"155\" height=\"205\" style=\"float: left;\" \/>B\u00fclent Orta\u00e7gil (d. 1 Mart 1950, Ankara)Babas\u0131 Zafer Orta\u00e7gil askeri t\u0131p doktoruydu. Annesi Nesrin Han\u0131m ise ev han\u0131m\u0131yd\u0131. 1953&#8217;te karde\u015fi Erc\u00fcment, 1961&#8217;de ise k\u0131z karde\u015fi Bahar do\u011fdu. \u0130lkokula Ankara&#8217;da ba\u015flad\u0131 ve daha sonra \u0130stanbul&#8217;a ta\u015f\u0131nd\u0131. \u0130stanbul Sultanahmet \u0130lkokulu&#8217;nu bitirdi. Ortaokul ve liseyi Kad\u0131k\u00f6y Maarif Koleji (Kad\u0131k\u00f6y Anadolu Lisesi)&#8217;nde okuduktan sonra \u0130stanbul \u00dcniversitesi Kimya Fak\u00fcltesi&#8217;ni kazand\u0131. M\u00fczikle tan\u0131\u015fmas\u0131 lise y\u0131llar\u0131na dayan\u0131yordu. Mazhar Alanson&#8217;dan bir s\u0131n\u0131f altta olan B\u00fclent Orta\u00e7gil, Maarif Koleji&#8217;nde s\u0131n\u0131f arkada\u015flar\u0131yla beraber gitar \u00e7almaya ba\u015flad\u0131. \u0130lk gitar\u0131n\u0131 eni\u015ftesi alm\u0131\u015ft\u0131. Kendi aralar\u0131nda baz\u0131 gruplar kurdular. Farkl\u0131 farkl\u0131 isimlerle amat\u00f6r m\u00fczik yapan bu gruplardan birisi de Damlalar ismini ta\u015f\u0131yordu.<\/p>\n<p>Grupta davul \u00e7alan Orta\u00e7gil, &#8220;House of the Rising Sun&#8221;, &#8220;I Dig Rock&#8217;n&#8217;Roll Music&#8221; gibi \u015fark\u0131lar\u0131 yorumluyorlard\u0131. D\u00f6nemde \u00fcn\u00fc yakalayan The Beatles&#8217;tan \u00e7ok etkilenen Orta\u00e7gil, m\u00fczik \u00e7al\u0131\u015fmalar\u0131na h\u0131z verdi ve okul konserlerinin yan\u0131 s\u0131ra Milliyet Gazetesi Liseleraras\u0131 M\u00fczik Yar\u0131\u015fmas\u0131&#8217;na kat\u0131ld\u0131. Ancak kendi besteleri jurideki \u015eerif Y\u00fczba\u015f\u0131o\u011flu taraf\u0131ndan hi\u00e7 be\u011fenilmedi. Daha sonra gitara ge\u00e7en Orta\u00e7gil bu sefer yan\u0131na bas gitarda Ahmet G\u00fcven\u00e7, klavyede Galip Boransu, gitar ve vokalde Mustafa Hunca&#8217;y\u0131 al\u0131p Filozoflar grubunu kurdu. Bu grupla gazinolarda da konserler verdiler ancak lise mezuniyetiyle grup da\u011f\u0131ld\u0131.<\/p>\n<p>Lise y\u0131llar\u0131nda m\u00fczik d\u0131\u015f\u0131nda tiyatroya da merak sard\u0131. Liseleraras\u0131 bir tiyatro yar\u0131\u015fmas\u0131nda Turgut \u00d6zakman&#8217;\u0131n &#8220;G\u00fcne\u015fte On Ki\u015fi&#8221; oyununu oynad\u0131 ve en iyi yard\u0131mc\u0131 oyuncu \u00f6d\u00fcl\u00fcn\u00fc kazand\u0131. Ayn\u0131 yar\u0131\u015fmada en iyi oyuncu \u00f6d\u00fcl\u00fcn\u00fc de Rutkay Aziz alm\u0131\u015ft\u0131. Tiyatro ve m\u00fczik d\u0131\u015f\u0131nda Orta\u00e7gil, atletizme de merakl\u0131yd\u0131.<\/p>\n<p>B\u00fclent Orta\u00e7gil o y\u0131llarda The Beatles, Cat Stevens, Donovan ve Bob Dylan&#8217;\u0131n tarzlar\u0131ndan etkilendi. Bu s\u0131ralar karde\u015fi Erc\u00fcment Orta\u00e7gil ile birlikte Ahmet G\u00fcven\u00e7&#8217;lerin evinde m\u00fczik yapt\u0131lar. G\u00fcven\u00e7, Orta\u00e7gil&#8217;in isim babal\u0131\u011f\u0131n\u0131 yapt\u0131\u011f\u0131 Bunal\u0131m grubu ile daha sert bir y\u00f6ne y\u00f6nelirken, Orta\u00e7gil gitar\u0131yla sade m\u00fczikler yap\u0131yordu. Bunal\u0131m ilk 45&#8217;likleri &#8220;Ta\u015f Var K\u00f6pek Yok&#8221;u yaparken, plak \u015firketlerine B\u00fclent Orta\u00e7gil&#8217;i \u00f6nerdiler. 1971&#8217;de Kimya Fak\u00fcltesi&#8217;ndeyken &#8220;Anlams\u0131z \/ Y\u00fcz\u00fcn\u00fc D\u00f6kme K\u00fc\u00e7\u00fck K\u0131z&#8221; isimli k\u0131rkbe\u015fli\u011fini yay\u0131mlad\u0131. Bu 45&#8217;lik \u00e7ok satmasa da Hey dergisinin 1971 y\u0131l\u0131 &#8220;En \u00dcmit Veren Erkek Sanat\u00e7\u0131&#8221; anketinde 5. oldu.<\/p>\n<p>1971&#8217;de k\u0131sa bir s\u00fcre karde\u015finin de i\u00e7inde bulundu\u011fu &#8220;Biz&#8221; adl\u0131 bir grup kurdu. Yerel m\u00fczi\u011fe daha \u00e7ok y\u00f6nelece\u011fini s\u00f6yleyip, bir s\u00fcre ba\u011flama \u00e7alsa da istediklerine ula\u015famay\u0131p hi\u00e7 bir kay\u0131t yapmadan k\u0131sa s\u00fcre sonra da\u011f\u0131ld\u0131.<br \/>&#8220;Benimle Oynar M\u0131s\u0131n?&#8221; <\/p>\n<p>\u0130lk alb\u00fcm\u00fc Benimle Oynar M\u0131s\u0131n&#8217;\u0131 1974 y\u0131l\u0131nda ilk 45&#8217;li\u011finde oldu\u011fu gibi sadece &#8220;B\u00fclent&#8221; ad\u0131yla kaydetti. Hala T\u00fcrk pop tarihinin en \u00f6nemlilerinden birisi olarak kabul edilen bu alb\u00fcmde Onno Tun\u00e7 ve Ergun Pekak\u00e7an&#8217;la \u00e7al\u0131\u015ft\u0131. Ali Kocatepe&#8217;ye ait &#8220;1 Numara Plak\u00e7\u0131l\u0131k&#8221;tan \u00e7\u0131kt\u0131. Alb\u00fcmde daha sonra konserlerde ve ba\u015fka sanat\u00e7\u0131lar taraf\u0131ndan \u00e7ok\u00e7a yorumlanacak &#8220;Olmal\u0131 M\u0131, Olmama M\u0131&#8221;, &#8220;Kediler&#8221;, &#8220;Her \u015eey Sevgiyle Ba\u015flar&#8221;, &#8220;\u015e\u0131k Latife&#8221;, Ahmet G\u00fcven\u00e7&#8217;in annesi i\u00e7in yaz\u0131lm\u0131\u015f &#8220;Suna Abla&#8221; vard\u0131r. Alb\u00fcmdeki \u015fark\u0131lardan &#8220;Ya\u011fmur&#8221; \u0130sve\u00e7&#8217;li \u015fair Artur Lundkvist&#8217;in bir \u015fiirinin Orta\u00e7gil taraf\u0131ndan bestelenmesiyle olu\u015fmu\u015ftur. Bu alb\u00fcmden baz\u0131 \u015fark\u0131lar 1976 tarihli Kadir \u0130nan\u0131r ve M\u00fcjde Ar&#8217;\u0131n oynad\u0131\u011f\u0131 Zeki \u00d6kten filmi &#8220;Pisi Pisi&#8221;de kullan\u0131lm\u0131\u015ft\u0131r. 1975&#8217;te yine Hey Dergisinin anketinde &#8220;Y\u0131l\u0131n \u00dcmit Veren \u015eark\u0131c\u0131s\u0131&#8221; anketinde bu sefer 4. oldu. Ancak alb\u00fcm sadece 2000 satt\u0131. Bu alb\u00fcmden kazand\u0131\u011f\u0131 parayla kendine ikili bir pikap ald\u0131. Alb\u00fcm\u00fcn ba\u015fka bir konseri olmad\u0131. <\/p>\n<p>Alb\u00fcm 30 y\u0131l sonra &#8220;World Psychedelia&#8221; \u015firketi taraf\u0131ndan Amerika&#8217;da da yay\u0131nland\u0131. Nick Drake, Donovan gibi \u0130ngiliz folk rock ve psychedelic folk sanat\u00e7\u0131lar\u0131n\u0131n eserlerine benzetilen alb\u00fcm be\u011feni toplad\u0131. Alb\u00fcmden &#8220;Olmal\u0131 m\u0131, Olmamal\u0131 m\u0131 \/ \u015e\u0131k Latife&#8221; 45&#8217;li\u011fi yay\u0131nland\u0131.<\/p>\n<p>Alb\u00fcm sonras\u0131 m\u00fczik teorisi, yaz\u0131m\u0131, notalar ile ilgilenmeye ba\u015flad\u0131. Ali Kocatepe&#8217;nin masallara m\u00fczik yazma teklifini kabul eden Orta\u00e7gil, ilk kez notal\u0131 \u00e7al\u0131\u015fmalar yapt\u0131. Atilla \u00d6zdemiro\u011flu, Ergun Pekakcan&#8217;\u0131n keman, piyano \u00e7ald\u0131\u011f\u0131 &#8220;3 Masal&#8221; alb\u00fcm\u00fc 1976&#8217;da yay\u0131nland\u0131. 3 \u015fark\u0131 bulunan bu plak ba\u015far\u0131l\u0131 olmad\u0131.<\/p>\n<p>Bu alb\u00fcmden sonra evlenen Orta\u00e7gil, m\u00fczik hayat\u0131nda b\u00fcy\u00fck ba\u015far\u0131lar yakalayamad\u0131\u011f\u0131n\u0131 anlay\u0131nca m\u00fczik kariyerine on y\u0131ll\u0131k bir ara verdi. Pfizer ve Neta\u015f gibi \u015firketlerde Kimya M\u00fchendisli\u011fi yapt\u0131. Bir sene kadar Norve\u00e7&#8217;te ya\u015fad\u0131. M\u00fchendisli\u011fi se\u00e7mesini b\u00f6yle a\u00e7\u0131klad\u0131: &#8220;M\u00fchendislik yapt\u0131m. \u00c7\u00fcnk\u00fc korktum. \u0130stemedi\u011fim m\u00fczi\u011fi \u00e7alarak kendime kurdu\u011fum o m\u00fczik d\u00fcnyas\u0131n\u0131 y\u0131kmak istemedim.&#8221; <br \/>\u00c7ekirdek Sanatevi <\/p>\n<p>1980&#8217;lerin ba\u015f\u0131nda kendisi gibi m\u00fczi\u011fe ara vermi\u015f Fikret K\u0131z\u0131lok ile tan\u0131\u015ft\u0131. \u0130kili \u00c7ekirdek Sanatevi&#8217;ni kurdular. Bostanc\u0131&#8217;daki bu ev, amat\u00f6r sanat\u00e7\u0131lar\u0131n \u00fccretsiz konserler d\u00fczenledi\u011fi, kay\u0131tlar yap\u0131lan bir sahne haline geldi. 1984&#8217;te Erkan O\u011fur ve Yaz Baltac\u0131gil&#8217;in \u00e7ald\u0131\u011f\u0131 Orta\u00e7gil alb\u00fcm\u00fc &#8220;R\u00fczg\u00e2ra S\u00f6ylenen \u015eark\u0131lar&#8221; \u00e7\u0131kt\u0131. Bu canl\u0131 kay\u0131tta, Benimle Oynar M\u0131s\u0131n?&#8217;dan \u015fark\u0131lar ve daha \u00f6nce yay\u0131nlanmam\u0131\u015f, \u00e7o\u011fu sonraki alb\u00fcmlerde yer alacak \u015fark\u0131lar vard\u0131. Bir y\u0131l sonra da Fikret K\u0131z\u0131lok ile \u00c7ekirdek kay\u0131tlar\u0131ndan olan &#8220;Biz \u015eark\u0131lar\u0131m\u0131z\u0131&#8230;&#8221; adl\u0131 alb\u00fcm\u00fc \u00e7\u0131kard\u0131. Birbirlerinin \u015fark\u0131lar\u0131n\u0131 s\u00f6yleyip e\u015flik ettikleri bu alb\u00fcmde beraber besteleri &#8220;Biz \u015eark\u0131lar\u0131m\u0131z\u0131&#8221; d\u0131\u015fn\u0131da Orta\u00e7gil besteleri &#8220;Mum&#8221;, &#8220;Deniz Kokusu&#8221;, &#8220;Nereye Soka\u011f\u0131&#8221;, &#8220;Memurun \u015eark\u0131s\u0131&#8221; vard\u0131. Bu d\u00f6nemde TRT i\u00e7in \u00e7ocuk \u015fark\u0131lar\u0131 kaydettiler. Telif yasalar\u0131ndan sonra bandroll\u00fc alb\u00fcm \u00e7\u0131karmak zorunda kald\u0131lar. Orta\u00e7gil &#8211; K\u0131z\u0131lok ortakl\u0131\u011f\u0131 1986 y\u0131l\u0131nda Pencere \u00d6n\u00fc \u00c7i\u00e7e\u011fi isimli alb\u00fcmle sonu\u00e7land\u0131. Alb\u00fcmde &#8220;Bir Nihavend Yaln\u0131zl\u0131k&#8221; &#8220;G\u00fcne\u015fin Aynas\u0131nda&#8221;, &#8220;Uyusun da B\u00fcy\u00fcs\u00fcn&#8221; gibi ortak besteler ve solo besteler yer al\u0131yordu.<\/p>\n<p>1988&#8217;de Fikret K\u0131z\u0131lok ile Sonay&#8217;\u0131n &#8220;Gecenin \u00dc\u00e7\u00fcnde&#8221; ve Sibel Seval&#8217;in &#8220;Bu Kalp Seni Unutur Mu?&#8221; alb\u00fcm\u00fcn\u00fcn yap\u0131m\u0131nda yer ald\u0131. Bu alb\u00fcmlerde gitar \u00e7ald\u0131. Ancak Fikret K\u0131z\u0131lok ile m\u00fczikal anla\u015fmazl\u0131klar ya\u015famaya ba\u015flad\u0131\u011f\u0131 i\u00e7in b\u00fct\u00fcn 1980&#8217;leri beraber ge\u00e7iren sanat\u00e7\u0131lar yollar\u0131n\u0131 ay\u0131rd\u0131. Bu d\u00f6nemde Orta\u00e7gil e\u015finden de ayr\u0131ld\u0131.<\/p>\n<p>1989&#8217;da B\u00fclent Orta\u00e7gil, &#8220;Benimle Oynar M\u0131s\u0131n?&#8221;\u0131 takip edecek ikinci st\u00fcdyo alb\u00fcm\u00fcn\u00fc haz\u0131rlamaya ba\u015flad\u0131. Yine Onno Tun\u00e7 ile \u00e7al\u0131\u015fan Orta\u00e7gil, Tun\u00e7&#8217;un evinde Sezen Aksu&#8217;yla tan\u0131\u015ft\u0131. Aksu, Orta\u00e7gil&#8217;den bir \u015fark\u0131 istedi. Orta\u00e7gil, daha sonra Light alb\u00fcm\u00fcnde yer alacak &#8220;Kimseye Anlatmad\u0131m&#8221;\u0131 besteliyordu ama Sezen Aksu, Orta\u00e7gil&#8217;in &#8220;Beni Kategorize Etme&#8221; \u015fark\u0131s\u0131n\u0131 ald\u0131 ve Sezen Aksu S\u00f6yl\u00fcyor alb\u00fcm\u00fcnde s\u00f6yledi.<\/p>\n<p>1990&#8217;da solo kariyerine verdi\u011fi 16 y\u0131ll\u0131k aradan sonra &#8220;2. Perde&#8221; alb\u00fcm\u00fcyle m\u00fczik piyasalar\u0131na geri d\u00f6nd\u00fc. 2. Perde&#8217;de B\u00fclent Orta\u00e7gil&#8217;in en \u00f6nemli yard\u0131mc\u0131s\u0131 b\u00fct\u00fcn enstr\u00fcmanlar\u0131 \u00e7alan Onno Tun\u00e7 oldu. Alb\u00fcmde &#8220;Bu \u0130\u015f \u00c7ok Zor Yonca&#8221;, &#8220;Bozburun&#8221;, &#8220;\u00c7\u0131\u011fl\u0131k \u00c7\u0131\u011fl\u0131\u011fa&#8221; gibi Orta\u00e7gil hitleri vard\u0131. O y\u0131l daha \u00f6nce \u00c7ekirdek Sanatevi&#8217;nde alb\u00fcm kaydeden Yeni T\u00fcrk\u00fc&#8217;n\u00fcn &#8220;Vira Vira&#8221; alb\u00fcm\u00fcnde iki Selim Atakan bestesine s\u00f6z yazd\u0131. (Beklemek ve Anne)<\/p>\n<p>Ertesi y\u0131l Benimle Oynar M\u0131s\u0131n&#8217;\u0131n devam\u0131 olarak nitelendirilebilecek &#8220;Oyuna Devam&#8221; isimli alb\u00fcm geldi. Bu alb\u00fcmde Orta\u00e7gil, on y\u0131l boyunca beraber \u00e7alaca\u011f\u0131 m\u00fczisyen arkada\u015flar\u0131n\u0131 da bir araya getiriyordu. Erkan O\u011fur, Cem Aksel, G\u00fcrol A\u011f\u0131rba\u015f ve B\u00fclent Orta\u00e7gil d\u00f6rtl\u00fcs\u00fc bu alb\u00fcmde bir araya geldi. Alb\u00fcmde bir \u015fark\u0131n\u0131n vokalini Leman Sam yap\u0131yordu. Ayn\u0131 y\u0131l Ay\u015feg\u00fcl Aldin\u00e7, &#8220;\u015e\u0131k Latife&#8221; \u015fark\u0131s\u0131n\u0131 yorumlay\u0131p, bir klip \u00e7ekti. Alman bir plak \u015firketinin T\u00fcrk m\u00fczi\u011fini tan\u0131tmak i\u00e7in haz\u0131rlad\u0131\u011f\u0131 &#8220;The Other Side of Turkey&#8221; alb\u00fcm\u00fcnde Erkan O\u011fur ile 5 Orta\u00e7gil \u015fark\u0131s\u0131n\u0131n yan\u0131s\u0131ra &#8220;B\u00fcy\u00fck Ceviz A\u011fac\u0131n\u0131n Dibi&#8221; \u015fark\u0131s\u0131n\u0131 s\u00f6yledi.<\/p>\n<p>&#8220;Bu \u015eark\u0131lar Adam Olmaz&#8221; alb\u00fcm\u00fc 1994&#8217;te yay\u0131nland\u0131. Bu sefer Serdar Ate\u015fer, Ak\u0131n Eldes gibi sanat\u00e7\u0131lar\u0131 bar\u0131nd\u0131r\u0131yordu. 1996 tarihli Erkan O\u011fur alb\u00fcm\u00fcne ad\u0131n\u0131 veren par\u00e7a olan &#8220;Bir \u00d6m\u00fcrl\u00fck Misafir&#8221;in s\u00f6zlerini Sezen Aksu ile birlikte yazd\u0131. 1998&#8217;de Light alb\u00fcm\u00fc yay\u0131nland\u0131. Eski ekibi O\u011fur, Aksel, A\u011f\u0131rba\u015f&#8217;\u0131n yan\u0131nda Birsen Tezer, Ozan Do\u011fulu gibi sanat\u00e7\u0131lar\u0131 bar\u0131nd\u0131ran alb\u00fcm &#8220;Mavi Ku\u015f&#8221;, &#8220;Eyl\u00fcl Ak\u015fam\u0131&#8221;, &#8220;\u015eark\u0131lar\u0131m Senindir&#8221; gibi duygusal par\u00e7alar yan\u0131nda d\u00f6nemin siyasal karma\u015fas\u0131na bir ta\u015flama olan &#8220;Normal&#8221;i de bar\u0131nd\u0131r\u0131yordu.<\/p>\n<p>Orta\u00e7gil, verdi\u011fi konserler ve ekip arkada\u015flar\u0131n\u0131n katk\u0131lar\u0131yla eski \u015fark\u0131lar\u0131n\u0131n yeni haller oldu\u011funu g\u00f6r\u00fcnce, konser tad\u0131nda canl\u0131 bir kay\u0131t yapmaya karar verdi. 1999&#8217;da \u00e7\u0131kan &#8220;Eski Defterler&#8221; alb\u00fcm\u00fc s\u0131k\u00e7a Benimle Oynar M\u0131s\u0131n ve \u00c7ekirdek Sanatevi d\u00f6nemi \u015fark\u0131lar\u0131ndan olu\u015fmu\u015ftu.<\/p>\n<p>2000 y\u0131l\u0131nda T\u00fcrkiye&#8217;de daha \u00f6nce \u00e7ok amat\u00f6r \u015fekillerde yap\u0131lm\u0131\u015f tribute \u00e7al\u0131\u015fmalar\u0131n\u0131n en profesyoneli olan &#8220;Orta\u00e7gil \u0130\u00e7in S\u00f6ylenmi\u015f Orta\u00e7gil \u015eark\u0131lar\u0131&#8221; alb\u00fcm\u00fc yay\u0131nland\u0131. Alb\u00fcmde Sezen Aksu, \u015eebnem Ferah, Levent Y\u00fcksel, Bulutsuzluk \u00d6zlemi, Teoman, Zuhal Olcay, Haluk Levent, Mirkelam, Ya\u015far gibi bir \u00e7ok pop\u00fcler m\u00fczik sanat\u00e7\u0131s\u0131 yer al\u0131yordu. Orta\u00e7gil, &#8220;Pencere \u00d6n\u00fc \u00c7i\u00e7e\u011fi&#8221; ve &#8220;Y\u00fcz\u00fcn\u00fc D\u00f6kme K\u00fc\u00e7\u00fck K\u0131z&#8221; \u015fark\u0131lar\u0131nda gitar da \u00e7ald\u0131. Ayn\u0131 y\u0131l Orta\u00e7gil, G\u00fcrol A\u011f\u0131rba\u015f&#8217;\u0131n Bas \u015eark\u0131lar\u0131 alb\u00fcm\u00fcndeki 108 adl\u0131 \u015fark\u0131n\u0131n s\u00f6zlerini yazd\u0131. Sezen Aksu&#8217;nun &#8220;Gidiyorum Bu \u015eehirden&#8221; \u015fark\u0131s\u0131n\u0131n d\u00fczenlemesini yap\u0131p gitar \u00e7ald\u0131.<\/p>\n<p>2003&#8217;te g\u00fcn\u00fcm\u00fcze kadar ki son st\u00fcdyo alb\u00fcm\u00fc Gece Yalanlar\u0131 \u00e7\u0131kt\u0131. Klasik Orta\u00e7gil ekibinin yan\u0131nda Baki Duyarlar&#8217;\u0131n yer ald\u0131\u011f\u0131 alb\u00fcm Orta\u00e7gil alb\u00fcmleri aras\u0131nda caz&#8217;a en yak\u0131n alb\u00fcmd\u00fc.<\/p>\n<p>Gece Yalanlar\u0131&#8217;ndan sonra Orta\u00e7gil, konserlere ve ba\u015fka sanat\u00e7\u0131lara destek vermeye devam etti. 2002 tarihli Zuhal Olcay alb\u00fcm\u00fc Ba\u015fucu \u015eark\u0131lar\u0131&#8217;na &#8220;Ya\u011fmur&#8221; \u015fark\u0131s\u0131n\u0131 verip, alb\u00fcm\u00fcn s\u00fcperviz\u00f6rl\u00fc\u011f\u00fcn\u00fc yapt\u0131. Bir s\u00fcre ikili beraber konserler verdiler. 2005&#8217;te Ba\u015fucu \u015eark\u0131lar\u0131 2 \u00e7\u0131kt\u0131. Bu alb\u00fcm\u00fcn de s\u00fcperviz\u00f6r\u00fc olan Orta\u00e7gil, &#8220;Beni Kategorize Etme&#8221; \u015fark\u0131s\u0131n\u0131 Olcay&#8217;a verdi ve &#8220;Sus Duymas\u0131n&#8221; \u015fark\u0131s\u0131nda onunla d\u00fcet yapt\u0131.<\/p>\n<p>Orta\u00e7gil bu d\u00f6nemlerde 2 tane tribute alb\u00fcm\u00fcnde de yer ald\u0131. \u0130lk alb\u00fcm\u00fcn\u00fcn \u00e7\u0131kmas\u0131nda b\u00fcy\u00fck yard\u0131mlar\u0131 olan Ali Kocatepe i\u00e7in yap\u0131lan &#8220;41 Kere Ma\u015fallah&#8221; alb\u00fcm\u00fcnde &#8220;Hayat Umutla Ba\u015flar&#8221; \u015fark\u0131s\u0131n\u0131 s\u00f6yledi. 2007&#8217;de ise \u00c7ekirdek Sanatevi d\u00f6neminde bir alb\u00fcmlerini yapt\u0131\u011f\u0131 Ezginin G\u00fcnl\u00fc\u011f\u00fc&#8217;ne sayg\u0131 alb\u00fcm\u00fc &#8220;\u00c7eyrek&#8221;te &#8220;Teninle Konu\u015fmak&#8221; \u015fark\u0131s\u0131n\u0131 s\u00f6yledi.<\/p>\n<p>2004&#8217;te M\u00fcsl\u00fcm G\u00fcrses&#8217;in &#8220;Neredesin Firuze&#8221; filmi i\u00e7in &#8220;Sensiz Olmaz&#8221;\u0131 yorumlamas\u0131 b\u00fcy\u00fck bir ilgi toplad\u0131. Ayn\u0131 y\u0131l Teoman ve Orta\u00e7gil beraber konserlere \u00e7\u0131kt\u0131. 2007&#8217;de bu konserin kay\u0131tlar\u0131 &#8220;Konser&#8221; adl\u0131 alb\u00fcmde yay\u0131nland\u0131. Bu alb\u00fcmde Teoman, Orta\u00e7gil \u015fark\u0131lar\u0131n\u0131, Orta\u00e7gil de Teoman \u015fark\u0131lar\u0131n\u0131 yorumluyordu. Ayn\u0131 y\u0131l Fikret K\u0131z\u0131lok ile eskiden besteledi\u011fi \u00e7ocuk \u015fark\u0131lar\u0131 &#8220;B\u00fcy\u00fckler i\u00e7in \u00c7ocuk \u015eark\u0131lar\u0131&#8221; ad\u0131yla ar\u015fivlik bir \u00e7al\u0131\u015fma olarak yay\u0131nland\u0131. 2009 y\u0131l\u0131nda G\u00fclben Ergen sanat\u00e7\u0131n\u0131n &#8220;Bu Su Hi\u00e7 Durmaz&#8221; \u015fark\u0131s\u0131n\u0131 alb\u00fcm\u00fcnde s\u00f6yledi. Ayn\u0131 y\u0131l Zuhal Olcay&#8217;\u0131n A\u015fk&#8217;\u0131n Halleri alb\u00fcm\u00fcne &#8220;A\u015fk\u0131n En Mavi Zaman\u0131&#8221; \u015fark\u0131s\u0131n\u0131 yaz\u0131p, karde\u015fi Erc\u00fcment Orta\u00e7gil&#8217;in \u00fc\u00e7 bestesine de s\u00f6z yazd\u0131.<\/p>\n<p>B\u00fclent Orta\u00e7gil hayat\u0131n\u0131 hala uzun zamand\u0131r ya\u015fad\u0131\u011f\u0131 Bozburun, Marmaris&#8217;te s\u00fcrd\u00fcrmektedir.<\/p>\n<p>\u00a0<\/p>\n<p>\u00a0<\/p>\n<p><embed type=\"application\/x-shockwave-flash\" width=\"400\" height=\"300\" src=\"http:\/\/www.humyo.com\/E\/10422871-281475389628253\/10422871-281475389654365\/10422871-281475389655631\/10422871-281475389657215\/10422871-281475389661027\/10422871-281475389662865\/10422871-281475389629789\/10422871-281475389631077\/10422871-281475389658217\/10422871-281475389631575\/10422871-281475389632969\/10422871-281475389633847\/10422871-281475389635329\/10422871-281475389636509\/10422871-281475389637553\/10422871-281475389638759\/10422871-281475389640003\/10422871-281475389640879\/10422871-281475389641669\/10422871-281475389659689\/10422871-281475389642679\/10422871-281475389644225\/10422871-281475389644939\/10422871-281475389645965\/10422871-281475389647407\/10422871-281475389648749\/10422871-281475389650411\/10422871-281475389651597\/10422871-281475389653297\/10422871-281475389664655\/10422871-281475389666123?a=X3hjtUQqNLs%2C_F1zq25DWmU%2CCFBQQvtZ0io%2CvujH4BHuEjU%2Ce5dxTJ6rABg%2CbKkquYBaZd8%2CD3GQeErgRYQ%2CL1vtjd50HF4%2CfivvdwoavlI%2Cc0TpdX8n_DE%2CaN1e6O1nJoc%2CuysTQg6zhKw%2ChYbOZpcYxus%2CUOiY8vxxga4%2Crdx-_lOxsRo%2CwIMnGBZi26w%2CF4ruB6OzaFs%2CMTgGxxFLNnk%2CJs1EY66dRco%2Cv51SeeVzYkM%2CihuvBXxBgM0%2CfKohWTN3LRo%2CQa1WD7dhHWo%2CYh4kNZBnLSE%2CCgjIjGIzsEQ%2CzailJjusQ3Y%2CNZ6GI70RqQQ%2COIeBFiC4-Vg%2CaXqLWJjXbOo%2CwdxqkvdTrrw%2CcN6VUfa-huw\" flashvars=\"autostart=true&amp;\"><\/embed><\/p>\n<p>\u00a0<\/p>\n<p>St\u00fcdyo alb\u00fcmleri<\/p>\n<p> * 1974: Benimle Oynar M\u0131s\u0131n?<br \/> * 1990: \u0130kinci Perde<br \/> * 1991: Oyuna Devam<br \/> * 1994: Bu \u015eark\u0131lar Adam Olmaz<br \/> * 1998: Light<br \/> * 2003: Gece Yalanlar\u0131<\/p>\n<p>Di\u011fer alb\u00fcmler <\/p>\n<p> * 1976: 3 Masal (Masal alb\u00fcm\u00fc)<br \/> * 1984: R\u00fczgara S\u00f6ylenen \u015eark\u0131lar (Canl\u0131 kay\u0131t)<br \/> * 1985: Biz \u015eark\u0131lar\u0131m\u0131z\u0131&#8230; (Fikret K\u0131z\u0131lok ile)<br \/> * 1986: Pencere \u00d6n\u00fc \u00c7i\u00e7e\u011fi (Fikret K\u0131z\u0131lok ile)<br \/> * 1999: Eski Defterler (Eski \u015fark\u0131lar\u0131n yeni yorumlar\u0131)<br \/> * 2007: Konser (Teoman&#8217;la)<br \/> * 2007: B\u00fcy\u00fckler i\u00e7in \u00c7ocuk \u015eark\u0131lar\u0131 (Fikret K\u0131z\u0131lok ile)<\/p>\n<p>Yer ald\u0131\u011f\u0131 alb\u00fcmler<\/p>\n<p> * 1991: The Other Side of Turkey (Erkan O\u011fur ile)<br \/> * 2000: Orta\u00e7gil i\u00e7in S\u00f6ylenen Orta\u00e7gil \u015eark\u0131lar\u0131 (Sayg\u0131 alb\u00fcm\u00fc)<br \/> * 2001: Ka\u00e7 Y\u0131l Ge\u00e7ti Aradan, T\u00fcrk Pop M\u00fczik Tarihi (Benimle Oynar M\u0131s\u0131n? ile)<br \/> * 2005: Love, Peace &amp; Poetry: Turkish Psychedelic Music (Sen Vars\u0131n ile)<br \/> * 2006: 41 Kere Ma\u015fallah (Hayat Umutla Ba\u015flar ile)<br \/> * 2007: \u00c7eyrek (Teninle Konu\u015fmak ile)<\/p>\n","protected":false},"excerpt":{"rendered":"<p>B\u00fclent Orta\u00e7gil (d. 1 Mart 1950, Ankara)Babas\u0131 Zafer Orta\u00e7gil askeri t\u0131p doktoruydu. Annesi Nesrin Han\u0131m ise ev han\u0131m\u0131yd\u0131. 1953&#8217;te karde\u015fi Erc\u00fcment, 1961&#8217;de ise k\u0131z karde\u015fi Bahar do\u011fdu. \u0130lkokula Ankara&#8217;da ba\u015flad\u0131 ve daha sonra \u0130stanbul&#8217;a ta\u015f\u0131nd\u0131. \u0130stanbul Sultanahmet \u0130lkokulu&#8217;nu bitirdi. Ortaokul ve liseyi Kad\u0131k\u00f6y Maarif Koleji (Kad\u0131k\u00f6y Anadolu Lisesi)&#8217;nde okuduktan sonra \u0130stanbul \u00dcniversitesi Kimya Fak\u00fcltesi&#8217;ni kazand\u0131. [&hellip;]<\/p>\n","protected":false},"author":1,"featured_media":0,"comment_status":"open","ping_status":"open","sticky":false,"template":"","format":"standard","meta":{"footnotes":""},"categories":[100],"tags":[],"class_list":{"0":"post-4261","1":"post","2":"type-post","3":"status-publish","4":"format-standard","6":"category-muzisyenler"},"yoast_head":"<!-- This site is optimized with the Yoast SEO Premium plugin v24.9 (Yoast SEO v24.9) - https:\/\/yoast.com\/wordpress\/plugins\/seo\/ -->\n<title>G\u00f6lgelerki g\u00fcne\u015fe ba\u011fl\u0131 biz ikimiz de \u00f6yleyiz ama bilmeyiz | B.Orta\u00e7gil ve \u015fark\u0131lar\u0131 - narteks.net<\/title>\n<meta name=\"robots\" content=\"index, follow, max-snippet:-1, max-image-preview:large, max-video-preview:-1\" \/>\n<link rel=\"canonical\" href=\"https:\/\/narteks.net\/index.php\/2010\/02\/24\/golgelerki-gunese-bagli-biz-ikimiz-de-oyleyiz-ama-bilmeyiz-bortacgil-ve-sarkilari\/\" \/>\n<meta property=\"og:locale\" content=\"tr_TR\" \/>\n<meta property=\"og:type\" content=\"article\" \/>\n<meta property=\"og:title\" content=\"G\u00f6lgelerki g\u00fcne\u015fe ba\u011fl\u0131 biz ikimiz de \u00f6yleyiz ama bilmeyiz | B.Orta\u00e7gil ve \u015fark\u0131lar\u0131\" \/>\n<meta property=\"og:description\" content=\"B\u00fclent Orta\u00e7gil (d. 1 Mart 1950, Ankara)Babas\u0131 Zafer Orta\u00e7gil askeri t\u0131p doktoruydu. Annesi Nesrin Han\u0131m ise ev han\u0131m\u0131yd\u0131. 1953&#8217;te karde\u015fi Erc\u00fcment, 1961&#8217;de ise k\u0131z karde\u015fi Bahar do\u011fdu. \u0130lkokula Ankara&#8217;da ba\u015flad\u0131 ve daha sonra \u0130stanbul&#8217;a ta\u015f\u0131nd\u0131. \u0130stanbul Sultanahmet \u0130lkokulu&#8217;nu bitirdi. Ortaokul ve liseyi Kad\u0131k\u00f6y Maarif Koleji (Kad\u0131k\u00f6y Anadolu Lisesi)&#8217;nde okuduktan sonra \u0130stanbul \u00dcniversitesi Kimya Fak\u00fcltesi&#8217;ni kazand\u0131. [&hellip;]\" \/>\n<meta property=\"og:url\" content=\"https:\/\/narteks.net\/index.php\/2010\/02\/24\/golgelerki-gunese-bagli-biz-ikimiz-de-oyleyiz-ama-bilmeyiz-bortacgil-ve-sarkilari\/\" \/>\n<meta property=\"og:site_name\" content=\"narteks.net\" \/>\n<meta property=\"article:published_time\" content=\"2010-02-24T11:04:37+00:00\" \/>\n<meta property=\"og:image\" content=\"https:\/\/narteks.net\/wp-content\/uploads\/narteks.png\" \/>\n\t<meta property=\"og:image:width\" content=\"300\" \/>\n\t<meta property=\"og:image:height\" content=\"90\" \/>\n\t<meta property=\"og:image:type\" content=\"image\/png\" \/>\n<meta name=\"author\" content=\"Tar\u0131k\" \/>\n<meta name=\"twitter:card\" content=\"summary_large_image\" \/>\n<meta name=\"twitter:creator\" content=\"@narteks\" \/>\n<meta name=\"twitter:site\" content=\"@narteks\" \/>\n<meta name=\"twitter:label1\" content=\"Yazan:\" \/>\n\t<meta name=\"twitter:data1\" content=\"Tar\u0131k\" \/>\n\t<meta name=\"twitter:label2\" content=\"Tahmini okuma s\u00fcresi\" \/>\n\t<meta name=\"twitter:data2\" content=\"11 dakika\" \/>\n<script type=\"application\/ld+json\" class=\"yoast-schema-graph\">{\"@context\":\"https:\/\/schema.org\",\"@graph\":[{\"@type\":\"Article\",\"@id\":\"https:\/\/narteks.net\/index.php\/2010\/02\/24\/golgelerki-gunese-bagli-biz-ikimiz-de-oyleyiz-ama-bilmeyiz-bortacgil-ve-sarkilari\/#article\",\"isPartOf\":{\"@id\":\"https:\/\/narteks.net\/index.php\/2010\/02\/24\/golgelerki-gunese-bagli-biz-ikimiz-de-oyleyiz-ama-bilmeyiz-bortacgil-ve-sarkilari\/\"},\"author\":{\"name\":\"Tar\u0131k\",\"@id\":\"https:\/\/narteks.net\/#\/schema\/person\/61f37d9834294b72d31d274e7ed79bca\"},\"headline\":\"G\u00f6lgelerki g\u00fcne\u015fe ba\u011fl\u0131 biz ikimiz de \u00f6yleyiz ama bilmeyiz | B.Orta\u00e7gil ve \u015fark\u0131lar\u0131\",\"datePublished\":\"2010-02-24T11:04:37+00:00\",\"mainEntityOfPage\":{\"@id\":\"https:\/\/narteks.net\/index.php\/2010\/02\/24\/golgelerki-gunese-bagli-biz-ikimiz-de-oyleyiz-ama-bilmeyiz-bortacgil-ve-sarkilari\/\"},\"wordCount\":2278,\"commentCount\":0,\"publisher\":{\"@id\":\"https:\/\/narteks.net\/#organization\"},\"articleSection\":[\"M\u00fczisyenler\"],\"inLanguage\":\"tr\",\"potentialAction\":[{\"@type\":\"CommentAction\",\"name\":\"Comment\",\"target\":[\"https:\/\/narteks.net\/index.php\/2010\/02\/24\/golgelerki-gunese-bagli-biz-ikimiz-de-oyleyiz-ama-bilmeyiz-bortacgil-ve-sarkilari\/#respond\"]}]},{\"@type\":\"WebPage\",\"@id\":\"https:\/\/narteks.net\/index.php\/2010\/02\/24\/golgelerki-gunese-bagli-biz-ikimiz-de-oyleyiz-ama-bilmeyiz-bortacgil-ve-sarkilari\/\",\"url\":\"https:\/\/narteks.net\/index.php\/2010\/02\/24\/golgelerki-gunese-bagli-biz-ikimiz-de-oyleyiz-ama-bilmeyiz-bortacgil-ve-sarkilari\/\",\"name\":\"G\u00f6lgelerki g\u00fcne\u015fe ba\u011fl\u0131 biz ikimiz de \u00f6yleyiz ama bilmeyiz | B.Orta\u00e7gil ve \u015fark\u0131lar\u0131 - narteks.net\",\"isPartOf\":{\"@id\":\"https:\/\/narteks.net\/#website\"},\"datePublished\":\"2010-02-24T11:04:37+00:00\",\"breadcrumb\":{\"@id\":\"https:\/\/narteks.net\/index.php\/2010\/02\/24\/golgelerki-gunese-bagli-biz-ikimiz-de-oyleyiz-ama-bilmeyiz-bortacgil-ve-sarkilari\/#breadcrumb\"},\"inLanguage\":\"tr\",\"potentialAction\":[{\"@type\":\"ReadAction\",\"target\":[\"https:\/\/narteks.net\/index.php\/2010\/02\/24\/golgelerki-gunese-bagli-biz-ikimiz-de-oyleyiz-ama-bilmeyiz-bortacgil-ve-sarkilari\/\"]}]},{\"@type\":\"BreadcrumbList\",\"@id\":\"https:\/\/narteks.net\/index.php\/2010\/02\/24\/golgelerki-gunese-bagli-biz-ikimiz-de-oyleyiz-ama-bilmeyiz-bortacgil-ve-sarkilari\/#breadcrumb\",\"itemListElement\":[{\"@type\":\"ListItem\",\"position\":1,\"name\":\"Anasayfa\",\"item\":\"https:\/\/narteks.net\/\"},{\"@type\":\"ListItem\",\"position\":2,\"name\":\"G\u00f6lgelerki g\u00fcne\u015fe ba\u011fl\u0131 biz ikimiz de \u00f6yleyiz ama bilmeyiz | B.Orta\u00e7gil ve \u015fark\u0131lar\u0131\"}]},{\"@type\":\"WebSite\",\"@id\":\"https:\/\/narteks.net\/#website\",\"url\":\"https:\/\/narteks.net\/\",\"name\":\"narteks.net\",\"description\":\"K\u00fclt\u00fcr Sanat Edebiyat Felsefe\",\"publisher\":{\"@id\":\"https:\/\/narteks.net\/#organization\"},\"alternateName\":\"K\u00fclt\u00fcr Sanat Edebiyat Felsefe\",\"potentialAction\":[{\"@type\":\"SearchAction\",\"target\":{\"@type\":\"EntryPoint\",\"urlTemplate\":\"https:\/\/narteks.net\/?s={search_term_string}\"},\"query-input\":{\"@type\":\"PropertyValueSpecification\",\"valueRequired\":true,\"valueName\":\"search_term_string\"}}],\"inLanguage\":\"tr\"},{\"@type\":\"Organization\",\"@id\":\"https:\/\/narteks.net\/#organization\",\"name\":\"narteks.net\",\"url\":\"https:\/\/narteks.net\/\",\"logo\":{\"@type\":\"ImageObject\",\"inLanguage\":\"tr\",\"@id\":\"https:\/\/narteks.net\/#\/schema\/logo\/image\/\",\"url\":\"https:\/\/narteks.net\/wp-content\/uploads\/narteks.png\",\"contentUrl\":\"https:\/\/narteks.net\/wp-content\/uploads\/narteks.png\",\"width\":300,\"height\":90,\"caption\":\"narteks.net\"},\"image\":{\"@id\":\"https:\/\/narteks.net\/#\/schema\/logo\/image\/\"},\"sameAs\":[\"https:\/\/x.com\/narteks\",\"https:\/\/instagram.com\/narteksnet\"]},{\"@type\":\"Person\",\"@id\":\"https:\/\/narteks.net\/#\/schema\/person\/61f37d9834294b72d31d274e7ed79bca\",\"name\":\"Tar\u0131k\",\"image\":{\"@type\":\"ImageObject\",\"inLanguage\":\"tr\",\"@id\":\"https:\/\/narteks.net\/#\/schema\/person\/image\/\",\"url\":\"https:\/\/secure.gravatar.com\/avatar\/50865afb55632c4ae467e0af0930f6510aa2297d8014be502a55b14f3b7550cf?s=96&d=mm&r=g\",\"contentUrl\":\"https:\/\/secure.gravatar.com\/avatar\/50865afb55632c4ae467e0af0930f6510aa2297d8014be502a55b14f3b7550cf?s=96&d=mm&r=g\",\"caption\":\"Tar\u0131k\"},\"sameAs\":[\"http:\/\/narteks.net\"],\"url\":\"https:\/\/narteks.net\/index.php\/author\/narbak\/\"}]}<\/script>\n<!-- \/ Yoast SEO Premium plugin. -->","yoast_head_json":{"title":"G\u00f6lgelerki g\u00fcne\u015fe ba\u011fl\u0131 biz ikimiz de \u00f6yleyiz ama bilmeyiz | B.Orta\u00e7gil ve \u015fark\u0131lar\u0131 - narteks.net","robots":{"index":"index","follow":"follow","max-snippet":"max-snippet:-1","max-image-preview":"max-image-preview:large","max-video-preview":"max-video-preview:-1"},"canonical":"https:\/\/narteks.net\/index.php\/2010\/02\/24\/golgelerki-gunese-bagli-biz-ikimiz-de-oyleyiz-ama-bilmeyiz-bortacgil-ve-sarkilari\/","og_locale":"tr_TR","og_type":"article","og_title":"G\u00f6lgelerki g\u00fcne\u015fe ba\u011fl\u0131 biz ikimiz de \u00f6yleyiz ama bilmeyiz | B.Orta\u00e7gil ve \u015fark\u0131lar\u0131","og_description":"B\u00fclent Orta\u00e7gil (d. 1 Mart 1950, Ankara)Babas\u0131 Zafer Orta\u00e7gil askeri t\u0131p doktoruydu. Annesi Nesrin Han\u0131m ise ev han\u0131m\u0131yd\u0131. 1953&#8217;te karde\u015fi Erc\u00fcment, 1961&#8217;de ise k\u0131z karde\u015fi Bahar do\u011fdu. \u0130lkokula Ankara&#8217;da ba\u015flad\u0131 ve daha sonra \u0130stanbul&#8217;a ta\u015f\u0131nd\u0131. \u0130stanbul Sultanahmet \u0130lkokulu&#8217;nu bitirdi. Ortaokul ve liseyi Kad\u0131k\u00f6y Maarif Koleji (Kad\u0131k\u00f6y Anadolu Lisesi)&#8217;nde okuduktan sonra \u0130stanbul \u00dcniversitesi Kimya Fak\u00fcltesi&#8217;ni kazand\u0131. [&hellip;]","og_url":"https:\/\/narteks.net\/index.php\/2010\/02\/24\/golgelerki-gunese-bagli-biz-ikimiz-de-oyleyiz-ama-bilmeyiz-bortacgil-ve-sarkilari\/","og_site_name":"narteks.net","article_published_time":"2010-02-24T11:04:37+00:00","og_image":[{"width":300,"height":90,"url":"https:\/\/narteks.net\/wp-content\/uploads\/narteks.png","type":"image\/png"}],"author":"Tar\u0131k","twitter_card":"summary_large_image","twitter_creator":"@narteks","twitter_site":"@narteks","twitter_misc":{"Yazan:":"Tar\u0131k","Tahmini okuma s\u00fcresi":"11 dakika"},"schema":{"@context":"https:\/\/schema.org","@graph":[{"@type":"Article","@id":"https:\/\/narteks.net\/index.php\/2010\/02\/24\/golgelerki-gunese-bagli-biz-ikimiz-de-oyleyiz-ama-bilmeyiz-bortacgil-ve-sarkilari\/#article","isPartOf":{"@id":"https:\/\/narteks.net\/index.php\/2010\/02\/24\/golgelerki-gunese-bagli-biz-ikimiz-de-oyleyiz-ama-bilmeyiz-bortacgil-ve-sarkilari\/"},"author":{"name":"Tar\u0131k","@id":"https:\/\/narteks.net\/#\/schema\/person\/61f37d9834294b72d31d274e7ed79bca"},"headline":"G\u00f6lgelerki g\u00fcne\u015fe ba\u011fl\u0131 biz ikimiz de \u00f6yleyiz ama bilmeyiz | B.Orta\u00e7gil ve \u015fark\u0131lar\u0131","datePublished":"2010-02-24T11:04:37+00:00","mainEntityOfPage":{"@id":"https:\/\/narteks.net\/index.php\/2010\/02\/24\/golgelerki-gunese-bagli-biz-ikimiz-de-oyleyiz-ama-bilmeyiz-bortacgil-ve-sarkilari\/"},"wordCount":2278,"commentCount":0,"publisher":{"@id":"https:\/\/narteks.net\/#organization"},"articleSection":["M\u00fczisyenler"],"inLanguage":"tr","potentialAction":[{"@type":"CommentAction","name":"Comment","target":["https:\/\/narteks.net\/index.php\/2010\/02\/24\/golgelerki-gunese-bagli-biz-ikimiz-de-oyleyiz-ama-bilmeyiz-bortacgil-ve-sarkilari\/#respond"]}]},{"@type":"WebPage","@id":"https:\/\/narteks.net\/index.php\/2010\/02\/24\/golgelerki-gunese-bagli-biz-ikimiz-de-oyleyiz-ama-bilmeyiz-bortacgil-ve-sarkilari\/","url":"https:\/\/narteks.net\/index.php\/2010\/02\/24\/golgelerki-gunese-bagli-biz-ikimiz-de-oyleyiz-ama-bilmeyiz-bortacgil-ve-sarkilari\/","name":"G\u00f6lgelerki g\u00fcne\u015fe ba\u011fl\u0131 biz ikimiz de \u00f6yleyiz ama bilmeyiz | B.Orta\u00e7gil ve \u015fark\u0131lar\u0131 - narteks.net","isPartOf":{"@id":"https:\/\/narteks.net\/#website"},"datePublished":"2010-02-24T11:04:37+00:00","breadcrumb":{"@id":"https:\/\/narteks.net\/index.php\/2010\/02\/24\/golgelerki-gunese-bagli-biz-ikimiz-de-oyleyiz-ama-bilmeyiz-bortacgil-ve-sarkilari\/#breadcrumb"},"inLanguage":"tr","potentialAction":[{"@type":"ReadAction","target":["https:\/\/narteks.net\/index.php\/2010\/02\/24\/golgelerki-gunese-bagli-biz-ikimiz-de-oyleyiz-ama-bilmeyiz-bortacgil-ve-sarkilari\/"]}]},{"@type":"BreadcrumbList","@id":"https:\/\/narteks.net\/index.php\/2010\/02\/24\/golgelerki-gunese-bagli-biz-ikimiz-de-oyleyiz-ama-bilmeyiz-bortacgil-ve-sarkilari\/#breadcrumb","itemListElement":[{"@type":"ListItem","position":1,"name":"Anasayfa","item":"https:\/\/narteks.net\/"},{"@type":"ListItem","position":2,"name":"G\u00f6lgelerki g\u00fcne\u015fe ba\u011fl\u0131 biz ikimiz de \u00f6yleyiz ama bilmeyiz | B.Orta\u00e7gil ve \u015fark\u0131lar\u0131"}]},{"@type":"WebSite","@id":"https:\/\/narteks.net\/#website","url":"https:\/\/narteks.net\/","name":"narteks.net","description":"K\u00fclt\u00fcr Sanat Edebiyat Felsefe","publisher":{"@id":"https:\/\/narteks.net\/#organization"},"alternateName":"K\u00fclt\u00fcr Sanat Edebiyat Felsefe","potentialAction":[{"@type":"SearchAction","target":{"@type":"EntryPoint","urlTemplate":"https:\/\/narteks.net\/?s={search_term_string}"},"query-input":{"@type":"PropertyValueSpecification","valueRequired":true,"valueName":"search_term_string"}}],"inLanguage":"tr"},{"@type":"Organization","@id":"https:\/\/narteks.net\/#organization","name":"narteks.net","url":"https:\/\/narteks.net\/","logo":{"@type":"ImageObject","inLanguage":"tr","@id":"https:\/\/narteks.net\/#\/schema\/logo\/image\/","url":"https:\/\/narteks.net\/wp-content\/uploads\/narteks.png","contentUrl":"https:\/\/narteks.net\/wp-content\/uploads\/narteks.png","width":300,"height":90,"caption":"narteks.net"},"image":{"@id":"https:\/\/narteks.net\/#\/schema\/logo\/image\/"},"sameAs":["https:\/\/x.com\/narteks","https:\/\/instagram.com\/narteksnet"]},{"@type":"Person","@id":"https:\/\/narteks.net\/#\/schema\/person\/61f37d9834294b72d31d274e7ed79bca","name":"Tar\u0131k","image":{"@type":"ImageObject","inLanguage":"tr","@id":"https:\/\/narteks.net\/#\/schema\/person\/image\/","url":"https:\/\/secure.gravatar.com\/avatar\/50865afb55632c4ae467e0af0930f6510aa2297d8014be502a55b14f3b7550cf?s=96&d=mm&r=g","contentUrl":"https:\/\/secure.gravatar.com\/avatar\/50865afb55632c4ae467e0af0930f6510aa2297d8014be502a55b14f3b7550cf?s=96&d=mm&r=g","caption":"Tar\u0131k"},"sameAs":["http:\/\/narteks.net"],"url":"https:\/\/narteks.net\/index.php\/author\/narbak\/"}]}},"_links":{"self":[{"href":"https:\/\/narteks.net\/index.php\/wp-json\/wp\/v2\/posts\/4261","targetHints":{"allow":["GET"]}}],"collection":[{"href":"https:\/\/narteks.net\/index.php\/wp-json\/wp\/v2\/posts"}],"about":[{"href":"https:\/\/narteks.net\/index.php\/wp-json\/wp\/v2\/types\/post"}],"author":[{"embeddable":true,"href":"https:\/\/narteks.net\/index.php\/wp-json\/wp\/v2\/users\/1"}],"replies":[{"embeddable":true,"href":"https:\/\/narteks.net\/index.php\/wp-json\/wp\/v2\/comments?post=4261"}],"version-history":[{"count":0,"href":"https:\/\/narteks.net\/index.php\/wp-json\/wp\/v2\/posts\/4261\/revisions"}],"wp:attachment":[{"href":"https:\/\/narteks.net\/index.php\/wp-json\/wp\/v2\/media?parent=4261"}],"wp:term":[{"taxonomy":"category","embeddable":true,"href":"https:\/\/narteks.net\/index.php\/wp-json\/wp\/v2\/categories?post=4261"},{"taxonomy":"post_tag","embeddable":true,"href":"https:\/\/narteks.net\/index.php\/wp-json\/wp\/v2\/tags?post=4261"}],"curies":[{"name":"wp","href":"https:\/\/api.w.org\/{rel}","templated":true}]}}