{"id":4267,"date":"2010-02-27T14:40:39","date_gmt":"2010-02-27T11:40:39","guid":{"rendered":"http:\/\/localhost\/wordpress\/2010\/02\/27\/8-kisiyi-kursuna-dizdik-20-koyu-yaktik\/"},"modified":"2010-02-27T14:40:39","modified_gmt":"2010-02-27T11:40:39","slug":"8-kisiyi-kursuna-dizdik-20-koyu-yaktik","status":"publish","type":"post","link":"https:\/\/narteks.net\/index.php\/2010\/02\/27\/8-kisiyi-kursuna-dizdik-20-koyu-yaktik\/","title":{"rendered":"8 ki\u015fiyi kur\u015funa dizdik 20 k\u00f6y\u00fc yakt\u0131k"},"content":{"rendered":"<p style=\"text-align: justify;\">Mardin&#8217;de 12 y\u0131l koruculuk yapan Ethem Seyhan&#8217;dan korkun\u00e7 itiraflar<\/p>\n<p>Su\u00e7lar\u0131 PKK&#8217;ye y\u0131kt\u0131k<\/p>\n<p>&#8216;Korucuba\u015f\u0131 Cengiz Kaymaz ve Kutlubey K\u00f6y\u00fc Jandarma Karakolu Komutan\u0131 Haydar K\u00fcrek\u00e7i ile birlikte \u0130dil, Midyat ve Nusaybin&#8217;e ba\u011fl\u0131 20&#8217;yi a\u015fk\u0131n k\u00f6y yakt\u0131k, k\u00f6yl\u00fclere i\u015fkence yapt\u0131k. Su\u00e7lar\u0131 PKK&#8217;ye y\u0131kt\u0131k.&#8217;<\/p>\n<p>K\u00f6y minib\u00fcs\u00fcn\u00fc tarad\u0131k<\/p>\n<p>&#8216;K\u00f6y minib\u00fcs\u00fcn\u00fcn \u00f6n\u00fcn\u00fc kestik ve yolcular\u0131 indirdik. Korucuba\u015f\u0131 Kaymaz, 4 isim sayd\u0131. Yan yana dizdi, silah\u0131n\u0131n namlusunu en ba\u015fta bulunan\u0131n karn\u0131na dayayarak ate\u015f etti. 4 ki\u015fi orada \u00f6ld\u00fc. Sonra arabay\u0131 tarad\u0131k.&#8217;<\/p>\n<p>O kuyu ceset dolu<\/p>\n<p>&#8216;Korucuba\u015f\u0131 Kaymaz ve Uzman \u00c7avu\u015f Aslan, Ahmet adl\u0131 minib\u00fcs \u015fof\u00f6r\u00fcn\u00fc Bugarge mevkiine g\u00f6t\u00fcr\u00fcp \u00f6ld\u00fcrd\u00fcler ve orada bulunan su kuyusuna att\u0131lar. O kuyuda 10&#8217;un \u00fczerinde ceset vard\u0131r.&#8217;<\/p>\n<p>&#8217;20 k\u00f6y\u00fc biz yakt\u0131k&#8217;<\/p>\n<p style=\"text-align: justify;\">Mardin&#8217;in Nusaybin il\u00e7esi Kutlubey (Tinat\u00ea) K\u00f6y\u00fc&#8217;nde 1986&#8217;da bek\u00e7ili\u011fe ba\u015flayan Ethem Seyhan, 1990-1998 y\u0131llar\u0131 aras\u0131nda koruculuk yapt\u0131. Seyhan, koruculuk yapt\u0131\u011f\u0131 d\u00f6nemde \u0130dil, Midyat ve Nusaybin&#8217;e ba\u011fl\u0131 20&#8217;yi a\u015fk\u0131n k\u00f6y yakt\u0131klar\u0131n\u0131 ve k\u00f6yl\u00fclere i\u015fkence yapt\u0131klar\u0131n\u0131 itiraf etti. Seyhan, k\u00f6y yakma olaylar\u0131na ili\u015fkin \u015fu bilgileri verdi: &#8216;Korucu oldu\u011fumuzda Kutlubey K\u00f6y\u00fc Jandarma Karakol Komutan\u0131 Haydar K\u00fcrek\u00e7i ve o d\u00f6nem Mardin&#8217;de korucuba\u015f\u0131 olan Cengiz Kaymaz (Kulik) ile birlikte \u00c7ele, G\u00fcltepe (Bizgure), Koyular (Cibilgirab\u00ea), Kovanl\u0131 (Mi\u015ft\u00eene), Dala\u00e7 (Barbej), Unsall\u0131 (Sade), Kayaba\u011fl\u0131 (Karmete), \u00c7alp\u0131nar (Site), Kersiban\u00ea, \u015eakumlu (Gunde \u015eeh Al\u00ee), Kayaba\u015f\u0131 (Keberzute), Hayalp\u0131nar (Mikre), Toptepe, \u00c7anl\u0131dere (Hev\u00eerne), Bacin\u00ee, Deonk\u00ea, Afer\u00ea, Gunde Halit ve daha ismini bilmedi\u011fim bir \u00e7ok k\u00f6y\u00fc biz yakt\u0131k. K\u00f6yl\u00fclere &#8216;ya korucu olursunuz ya da buralar\u0131 terk edersiniz&#8217; diyorduk. K\u00f6y meydan\u0131nda toplay\u0131p \u00e7\u0131r\u0131l\u00e7\u0131plak soyarak d\u00f6v\u00fcyorduk. Bir\u00e7ok k\u00f6yl\u00fcy\u00fc de sulardan ge\u00e7erken \u0131slanmamak i\u00e7in yan\u0131m\u0131zda g\u00f6t\u00fcr\u00fcp s\u0131rtlar\u0131na biniyorduk. Ben bunlara bizzat \u015fahit oldum ve kendim de yapt\u0131m&#8217;<\/p>\n<p>K\u00f6yl\u00fclere i\u015fkence<\/p>\n<p>K\u00f6yl\u00fclerin korucular taraf\u0131ndan i\u015fkenceden ge\u00e7irildiklerini itiraf eden Seyhan, \u015f\u00f6yle konu\u015ftu: &#8216;Kulik, k\u00f6y\u00fcm\u00fcz\u00fcn yak\u0131n\u0131nda buluna Kuma Berana denilen bir yerde 16 ki\u015fiyi \u00e7\u0131r\u0131l\u00e7\u0131plak soyarak onlar\u0131n ellerini kollar\u0131n\u0131 ba\u011flad\u0131, daha sonra da trakt\u00f6rlerin arkas\u0131ndan s\u00fcr\u00fckleyerek Kutlubey k\u00f6y karakoluna kadar s\u00fcr\u00fcklemi\u015fti. K\u00f6y karakoluna getirilen 16 ki\u015finin koruculu\u011fu kabul etmemesi \u00fczerine evleri yak\u0131ld\u0131 ve k\u00f6yden \u00e7\u0131kart\u0131ld\u0131. Daha sonrada o 16 ki\u015fi de k\u00f6yden \u00e7\u0131kart\u0131ld\u0131. Kulik ve Y\u00fczba\u015f\u0131 Hasan b\u00fct\u00fcn k\u00f6yleri dola\u015farak korucu olmayan k\u00f6yl\u00fclere i\u015fkenceler edip onlar\u0131n evlerini yak\u0131p k\u00f6yden \u00e7\u0131kart\u0131yorlard\u0131. K\u00f6yde hata yapanlara ise birer silah getirme cezas\u0131 veriyordu. Kulik&#8217;a silah getirmeyen ki\u015fiye ise g\u00fcnlerce i\u015fkence ediliyor ve adam\u0131n o y\u0131lki b\u00fct\u00fcn gelirine el konuluyordu. Kulik, i\u015fkence etti\u011fi ve evlerini yakt\u0131\u011f\u0131 ki\u015fileri tehdit ederek, olay\u0131 PKK&#8217;ye y\u00fcklemelerini istiyorlard\u0131. K\u00f6yl\u00fcler de korkudan tutanaklara \u00f6yle imza at\u0131yorlard\u0131.&#8217; diye anlatt\u0131.<\/p>\n<p>Seyhan, k\u00f6y evlerini basarak, ka\u00e7ak olan silahlar\u0131 evin i\u00e7ine koyup sonrada onlar\u0131 PKK&#8217;li yakalad\u0131lar\u0131n\u0131 ve devlete teslim ettiklerini s\u00f6yledi.<\/p>\n<p>&#8216;\u0130\u015fkence ile \u00f6ld\u00fcrd\u00fcler&#8217;<\/p>\n<p>Nusaybin Kutlubey K\u00f6y\u00fc&#8217;ne ba\u011fl\u0131 Dohmuk Mezras\u0131&#8217;nda korucular taraf\u0131ndan yakalanan \u0130brahim Polat isminde bir vatanda\u015f\u0131n, gazeteci oldu\u011fu iddias\u0131 ile 1993 y\u0131l\u0131nda Midyat B\u00f6l\u00fck Komutan\u0131 \u00c7akmak ve Cengiz Kaymaz taraf\u0131ndan d\u00f6v\u00fclerek \u00f6ld\u00fcr\u00fcld\u00fc\u011f\u00fcn\u00fc belirten Seyhan, &#8216;Biz araziye \u00e7\u0131km\u0131\u015ft\u0131k. Dohmuk mezras\u0131nda birini yakalad\u0131k, Korucuba\u015f\u0131 Cengiz Kaymaz bize yakalanan\u0131n bir gazeteci oldu\u011funu belirterek, askerlere haber vermemizi istedi. Tam o s\u0131rada Midyat alay\u0131na ba\u011fl\u0131 3 askeri ara\u00e7 bizim yan\u0131m\u0131za geldi. Hepimizi oradan uzakla\u015ft\u0131rd\u0131lar. Daha sonra odunlarla yakalanan ki\u015fiye vurmaya ba\u015flad\u0131lar. K\u0131sa bir s\u00fcre sonra sesler kesildi. Sonra \u00f6\u011frendik ki o gazeteci orada i\u015fkence ile \u00f6ld\u00fcr\u00fclm\u00fc\u015f&#8217; dedi.<\/p>\n<p>\u00d6ld\u00fcr\u00fcp kuyuya att\u0131lar&#8217;<\/p>\n<p>1992 y\u0131l\u0131nda s\u0131k\u00e7a ya\u015fanan faili me\u00e7hul cinayetlerin birini anlatan korucu Seyhan, &#8216;1993 y\u0131l\u0131nda Kutlubey K\u00f6y\u00fc ve C\u0131b\u0131rnak K\u00f6y\u00fc aras\u0131nda Ahmet isimli bir dolmu\u015f \u015fof\u00f6r\u00fcn\u00fc PKK&#8217;ye yard\u0131m etti\u011fi gerek\u00e7esi ile korucuba\u015f\u0131 Cengiz Kaymaz ve Kutlubey K\u00f6y\u00fc karakolundan Uzman \u00e7avu\u015f Aslan ile birlikte k\u00f6y\u00fcn yak\u0131n\u0131nda bulunan Bugarge mevkiine g\u00f6t\u00fcr\u00fcp \u00f6ld\u00fcrd\u00fcler ve orada bulunan su kuyusuna att\u0131lar. Daha sonra da bizi konu\u015fmamakla tahdit ederek, ki\u015fiyi g\u00f6rmedi\u011fimizi s\u00f6ylememizi istedi. O kuyuda belki 10&#8217;nun \u00fczerinde ceset vard\u0131r. \u00c7\u00fcnk\u00fc birinin \u00f6l\u00fcm\u00fc olacaksa orada yap\u0131l\u0131yordu&#8217; diye belirtti.<\/p>\n<p>&#8216;K\u00f6y minib\u00fcs\u00fcn\u00fc tarad\u0131k&#8217;<\/p>\n<p>1993 y\u0131l\u0131nda bir k\u00f6y minib\u00fcs\u00fcn\u00fcn \u00f6n\u00fcn\u00fc keserek 8 ki\u015fiyi \u00f6ld\u00fcren korucular\u0131n aras\u0131nda oldu\u011funu belirten Seyhan, ya\u015fananlar\u0131 \u015fu \u015fekilde anlatt\u0131: &#8216;Korucuba\u015f\u0131 Cengiz Kaymaz, ak\u015fam korucular\u0131 toplayarak &#8216;Yar\u0131n \u00c7alp\u0131nar K\u00f6y\u00fcnden Midyat&#8217;a 3 PKK&#8217;li gidecek. Biz de arabalar\u0131n \u00f6n\u00fcn\u00fc keserek onlar\u0131 yakalay\u0131p devlete teslim edece\u011fiz ve bizi m\u00fck\u00e2fatland\u0131racaklar&#8217; dedi. Sabah saat 05.00 gibi arabalarla 27 korucu ve Kutlubey K\u00f6y karakolundan uzman \u00e7avu\u015f Ali ve Arif de bizle birlikte geldi. Alkadasuse b\u00f6lgesine geldik, burada pusuya yatarak \u00c7alp\u0131nar arabalar\u0131n\u0131n gelmesini bekledik. Aradan bir saat ge\u00e7ti ve araba geldi. Hemen \u00f6n\u00fcn\u00fc kestik ve yolcular\u0131 indirdik. Cengiz Kaymaz, b\u00fct\u00fcn yolcular\u0131 tek s\u0131raya dizerek, onlara &#8216;Ben kimin ismini okusam \u00f6ne \u00e7\u0131kacak&#8217; diye ba\u011f\u0131rd\u0131. Daha sonra 4 ismi sayd\u0131, onlar \u00f6ne \u00e7\u0131kt\u0131lar. 4 ki\u015fiyi yan yana dizen korucuba\u015f\u0131, silah\u0131n\u0131n namlusunun en ba\u015fta bulunan\u0131n karn\u0131na dayayarak ate\u015f etti. 4 ki\u015fi orada yere y\u0131\u011f\u0131ld\u0131. Daha sonra hepimiz arabay\u0131 tarad\u0131k. Tam o s\u0131rada Ahmat\u00ea Halo denilen biri kafas\u0131n\u0131 kald\u0131rarak bana bakt\u0131. Ben de silah\u0131m\u0131 ona do\u011frulttum ve onu tarad\u0131m. Olaydan bir y\u0131l sonra bize dava a\u00e7\u0131ld\u0131. Mahkeme bizi serbest b\u0131rakt\u0131. 1998 y\u0131l\u0131nda korcuba\u015f\u0131n\u0131n verdikleri emirleri yerine getirmedi\u011fim i\u00e7in, beni s\u0131k\u00e7a tehdit etmeye ba\u015flad\u0131. Daha sonra gidip o olay\u0131 benim tek yapt\u0131\u011f\u0131m\u0131 anlat\u0131p, yalanc\u0131 \u015fahitler tutarak ben ve Tacettin Sakan, Nevat Ayd\u0131n, Halit Aktar, Rahmi Ka\u00e7maz, Vecdi \u00d6zbay, Mehmet \u015eeyhan, Tevkif Akbay, Abbas Ta\u015f ve \u015eehmus \u015eeyda&#8217;y\u0131 yakalad\u0131lar. Her birimiz 6 y\u0131l ceza evinde kald\u0131k.&#8217;<\/p>\n<p>REMZ\u0130 \u00c7O\u015eKUN<br \/>\u0130ZM\u0130R-D\u0130HA<\/p>\n<p>\u00a0<\/p>\n","protected":false},"excerpt":{"rendered":"<p>Mardin&#8217;de 12 y\u0131l koruculuk yapan Ethem Seyhan&#8217;dan korkun\u00e7 itiraflar Su\u00e7lar\u0131 PKK&#8217;ye y\u0131kt\u0131k &#8216;Korucuba\u015f\u0131 Cengiz Kaymaz ve Kutlubey K\u00f6y\u00fc Jandarma Karakolu Komutan\u0131 Haydar K\u00fcrek\u00e7i ile birlikte \u0130dil, Midyat ve Nusaybin&#8217;e ba\u011fl\u0131 20&#8217;yi a\u015fk\u0131n k\u00f6y yakt\u0131k, k\u00f6yl\u00fclere i\u015fkence yapt\u0131k. Su\u00e7lar\u0131 PKK&#8217;ye y\u0131kt\u0131k.&#8217; K\u00f6y minib\u00fcs\u00fcn\u00fc tarad\u0131k &#8216;K\u00f6y minib\u00fcs\u00fcn\u00fcn \u00f6n\u00fcn\u00fc kestik ve yolcular\u0131 indirdik. Korucuba\u015f\u0131 Kaymaz, 4 isim sayd\u0131. [&hellip;]<\/p>\n","protected":false},"author":1,"featured_media":0,"comment_status":"open","ping_status":"open","sticky":false,"template":"","format":"standard","meta":{"footnotes":""},"categories":[98],"tags":[],"class_list":{"0":"post-4267","1":"post","2":"type-post","3":"status-publish","4":"format-standard","6":"category-turkiye"},"yoast_head":"<!-- This site is optimized with the Yoast SEO Premium plugin v24.9 (Yoast SEO v24.9) - https:\/\/yoast.com\/wordpress\/plugins\/seo\/ -->\n<title>8 ki\u015fiyi kur\u015funa dizdik 20 k\u00f6y\u00fc yakt\u0131k - narteks.net<\/title>\n<meta name=\"robots\" content=\"index, follow, max-snippet:-1, max-image-preview:large, max-video-preview:-1\" \/>\n<link rel=\"canonical\" href=\"https:\/\/narteks.net\/index.php\/2010\/02\/27\/8-kisiyi-kursuna-dizdik-20-koyu-yaktik\/\" \/>\n<meta property=\"og:locale\" content=\"tr_TR\" \/>\n<meta property=\"og:type\" content=\"article\" \/>\n<meta property=\"og:title\" content=\"8 ki\u015fiyi kur\u015funa dizdik 20 k\u00f6y\u00fc yakt\u0131k\" \/>\n<meta property=\"og:description\" content=\"Mardin&#8217;de 12 y\u0131l koruculuk yapan Ethem Seyhan&#8217;dan korkun\u00e7 itiraflar Su\u00e7lar\u0131 PKK&#8217;ye y\u0131kt\u0131k &#8216;Korucuba\u015f\u0131 Cengiz Kaymaz ve Kutlubey K\u00f6y\u00fc Jandarma Karakolu Komutan\u0131 Haydar K\u00fcrek\u00e7i ile birlikte \u0130dil, Midyat ve Nusaybin&#8217;e ba\u011fl\u0131 20&#8217;yi a\u015fk\u0131n k\u00f6y yakt\u0131k, k\u00f6yl\u00fclere i\u015fkence yapt\u0131k. Su\u00e7lar\u0131 PKK&#8217;ye y\u0131kt\u0131k.&#8217; K\u00f6y minib\u00fcs\u00fcn\u00fc tarad\u0131k &#8216;K\u00f6y minib\u00fcs\u00fcn\u00fcn \u00f6n\u00fcn\u00fc kestik ve yolcular\u0131 indirdik. Korucuba\u015f\u0131 Kaymaz, 4 isim sayd\u0131. [&hellip;]\" \/>\n<meta property=\"og:url\" content=\"https:\/\/narteks.net\/index.php\/2010\/02\/27\/8-kisiyi-kursuna-dizdik-20-koyu-yaktik\/\" \/>\n<meta property=\"og:site_name\" content=\"narteks.net\" \/>\n<meta property=\"article:published_time\" content=\"2010-02-27T11:40:39+00:00\" \/>\n<meta property=\"og:image\" content=\"https:\/\/narteks.net\/wp-content\/uploads\/narteks.png\" \/>\n\t<meta property=\"og:image:width\" content=\"300\" \/>\n\t<meta property=\"og:image:height\" content=\"90\" \/>\n\t<meta property=\"og:image:type\" content=\"image\/png\" \/>\n<meta name=\"author\" content=\"Tar\u0131k\" \/>\n<meta name=\"twitter:card\" content=\"summary_large_image\" \/>\n<meta name=\"twitter:creator\" content=\"@narteks\" \/>\n<meta name=\"twitter:site\" content=\"@narteks\" \/>\n<meta name=\"twitter:label1\" content=\"Yazan:\" \/>\n\t<meta name=\"twitter:data1\" content=\"Tar\u0131k\" \/>\n\t<meta name=\"twitter:label2\" content=\"Tahmini okuma s\u00fcresi\" \/>\n\t<meta name=\"twitter:data2\" content=\"6 dakika\" \/>\n<script type=\"application\/ld+json\" class=\"yoast-schema-graph\">{\"@context\":\"https:\/\/schema.org\",\"@graph\":[{\"@type\":\"Article\",\"@id\":\"https:\/\/narteks.net\/index.php\/2010\/02\/27\/8-kisiyi-kursuna-dizdik-20-koyu-yaktik\/#article\",\"isPartOf\":{\"@id\":\"https:\/\/narteks.net\/index.php\/2010\/02\/27\/8-kisiyi-kursuna-dizdik-20-koyu-yaktik\/\"},\"author\":{\"name\":\"Tar\u0131k\",\"@id\":\"https:\/\/narteks.net\/#\/schema\/person\/61f37d9834294b72d31d274e7ed79bca\"},\"headline\":\"8 ki\u015fiyi kur\u015funa dizdik 20 k\u00f6y\u00fc yakt\u0131k\",\"datePublished\":\"2010-02-27T11:40:39+00:00\",\"mainEntityOfPage\":{\"@id\":\"https:\/\/narteks.net\/index.php\/2010\/02\/27\/8-kisiyi-kursuna-dizdik-20-koyu-yaktik\/\"},\"wordCount\":1133,\"commentCount\":0,\"publisher\":{\"@id\":\"https:\/\/narteks.net\/#organization\"},\"articleSection\":[\"T\u00fcrkiye\"],\"inLanguage\":\"tr\",\"potentialAction\":[{\"@type\":\"CommentAction\",\"name\":\"Comment\",\"target\":[\"https:\/\/narteks.net\/index.php\/2010\/02\/27\/8-kisiyi-kursuna-dizdik-20-koyu-yaktik\/#respond\"]}]},{\"@type\":\"WebPage\",\"@id\":\"https:\/\/narteks.net\/index.php\/2010\/02\/27\/8-kisiyi-kursuna-dizdik-20-koyu-yaktik\/\",\"url\":\"https:\/\/narteks.net\/index.php\/2010\/02\/27\/8-kisiyi-kursuna-dizdik-20-koyu-yaktik\/\",\"name\":\"8 ki\u015fiyi kur\u015funa dizdik 20 k\u00f6y\u00fc yakt\u0131k - narteks.net\",\"isPartOf\":{\"@id\":\"https:\/\/narteks.net\/#website\"},\"datePublished\":\"2010-02-27T11:40:39+00:00\",\"breadcrumb\":{\"@id\":\"https:\/\/narteks.net\/index.php\/2010\/02\/27\/8-kisiyi-kursuna-dizdik-20-koyu-yaktik\/#breadcrumb\"},\"inLanguage\":\"tr\",\"potentialAction\":[{\"@type\":\"ReadAction\",\"target\":[\"https:\/\/narteks.net\/index.php\/2010\/02\/27\/8-kisiyi-kursuna-dizdik-20-koyu-yaktik\/\"]}]},{\"@type\":\"BreadcrumbList\",\"@id\":\"https:\/\/narteks.net\/index.php\/2010\/02\/27\/8-kisiyi-kursuna-dizdik-20-koyu-yaktik\/#breadcrumb\",\"itemListElement\":[{\"@type\":\"ListItem\",\"position\":1,\"name\":\"Anasayfa\",\"item\":\"https:\/\/narteks.net\/\"},{\"@type\":\"ListItem\",\"position\":2,\"name\":\"8 ki\u015fiyi kur\u015funa dizdik 20 k\u00f6y\u00fc yakt\u0131k\"}]},{\"@type\":\"WebSite\",\"@id\":\"https:\/\/narteks.net\/#website\",\"url\":\"https:\/\/narteks.net\/\",\"name\":\"narteks.net\",\"description\":\"K\u00fclt\u00fcr Sanat Edebiyat Felsefe\",\"publisher\":{\"@id\":\"https:\/\/narteks.net\/#organization\"},\"alternateName\":\"K\u00fclt\u00fcr Sanat Edebiyat Felsefe\",\"potentialAction\":[{\"@type\":\"SearchAction\",\"target\":{\"@type\":\"EntryPoint\",\"urlTemplate\":\"https:\/\/narteks.net\/?s={search_term_string}\"},\"query-input\":{\"@type\":\"PropertyValueSpecification\",\"valueRequired\":true,\"valueName\":\"search_term_string\"}}],\"inLanguage\":\"tr\"},{\"@type\":\"Organization\",\"@id\":\"https:\/\/narteks.net\/#organization\",\"name\":\"narteks.net\",\"url\":\"https:\/\/narteks.net\/\",\"logo\":{\"@type\":\"ImageObject\",\"inLanguage\":\"tr\",\"@id\":\"https:\/\/narteks.net\/#\/schema\/logo\/image\/\",\"url\":\"https:\/\/narteks.net\/wp-content\/uploads\/narteks.png\",\"contentUrl\":\"https:\/\/narteks.net\/wp-content\/uploads\/narteks.png\",\"width\":300,\"height\":90,\"caption\":\"narteks.net\"},\"image\":{\"@id\":\"https:\/\/narteks.net\/#\/schema\/logo\/image\/\"},\"sameAs\":[\"https:\/\/x.com\/narteks\",\"https:\/\/instagram.com\/narteksnet\"]},{\"@type\":\"Person\",\"@id\":\"https:\/\/narteks.net\/#\/schema\/person\/61f37d9834294b72d31d274e7ed79bca\",\"name\":\"Tar\u0131k\",\"image\":{\"@type\":\"ImageObject\",\"inLanguage\":\"tr\",\"@id\":\"https:\/\/narteks.net\/#\/schema\/person\/image\/\",\"url\":\"https:\/\/secure.gravatar.com\/avatar\/50865afb55632c4ae467e0af0930f6510aa2297d8014be502a55b14f3b7550cf?s=96&d=mm&r=g\",\"contentUrl\":\"https:\/\/secure.gravatar.com\/avatar\/50865afb55632c4ae467e0af0930f6510aa2297d8014be502a55b14f3b7550cf?s=96&d=mm&r=g\",\"caption\":\"Tar\u0131k\"},\"sameAs\":[\"http:\/\/narteks.net\"],\"url\":\"https:\/\/narteks.net\/index.php\/author\/narbak\/\"}]}<\/script>\n<!-- \/ Yoast SEO Premium plugin. -->","yoast_head_json":{"title":"8 ki\u015fiyi kur\u015funa dizdik 20 k\u00f6y\u00fc yakt\u0131k - narteks.net","robots":{"index":"index","follow":"follow","max-snippet":"max-snippet:-1","max-image-preview":"max-image-preview:large","max-video-preview":"max-video-preview:-1"},"canonical":"https:\/\/narteks.net\/index.php\/2010\/02\/27\/8-kisiyi-kursuna-dizdik-20-koyu-yaktik\/","og_locale":"tr_TR","og_type":"article","og_title":"8 ki\u015fiyi kur\u015funa dizdik 20 k\u00f6y\u00fc yakt\u0131k","og_description":"Mardin&#8217;de 12 y\u0131l koruculuk yapan Ethem Seyhan&#8217;dan korkun\u00e7 itiraflar Su\u00e7lar\u0131 PKK&#8217;ye y\u0131kt\u0131k &#8216;Korucuba\u015f\u0131 Cengiz Kaymaz ve Kutlubey K\u00f6y\u00fc Jandarma Karakolu Komutan\u0131 Haydar K\u00fcrek\u00e7i ile birlikte \u0130dil, Midyat ve Nusaybin&#8217;e ba\u011fl\u0131 20&#8217;yi a\u015fk\u0131n k\u00f6y yakt\u0131k, k\u00f6yl\u00fclere i\u015fkence yapt\u0131k. Su\u00e7lar\u0131 PKK&#8217;ye y\u0131kt\u0131k.&#8217; K\u00f6y minib\u00fcs\u00fcn\u00fc tarad\u0131k &#8216;K\u00f6y minib\u00fcs\u00fcn\u00fcn \u00f6n\u00fcn\u00fc kestik ve yolcular\u0131 indirdik. Korucuba\u015f\u0131 Kaymaz, 4 isim sayd\u0131. [&hellip;]","og_url":"https:\/\/narteks.net\/index.php\/2010\/02\/27\/8-kisiyi-kursuna-dizdik-20-koyu-yaktik\/","og_site_name":"narteks.net","article_published_time":"2010-02-27T11:40:39+00:00","og_image":[{"width":300,"height":90,"url":"https:\/\/narteks.net\/wp-content\/uploads\/narteks.png","type":"image\/png"}],"author":"Tar\u0131k","twitter_card":"summary_large_image","twitter_creator":"@narteks","twitter_site":"@narteks","twitter_misc":{"Yazan:":"Tar\u0131k","Tahmini okuma s\u00fcresi":"6 dakika"},"schema":{"@context":"https:\/\/schema.org","@graph":[{"@type":"Article","@id":"https:\/\/narteks.net\/index.php\/2010\/02\/27\/8-kisiyi-kursuna-dizdik-20-koyu-yaktik\/#article","isPartOf":{"@id":"https:\/\/narteks.net\/index.php\/2010\/02\/27\/8-kisiyi-kursuna-dizdik-20-koyu-yaktik\/"},"author":{"name":"Tar\u0131k","@id":"https:\/\/narteks.net\/#\/schema\/person\/61f37d9834294b72d31d274e7ed79bca"},"headline":"8 ki\u015fiyi kur\u015funa dizdik 20 k\u00f6y\u00fc yakt\u0131k","datePublished":"2010-02-27T11:40:39+00:00","mainEntityOfPage":{"@id":"https:\/\/narteks.net\/index.php\/2010\/02\/27\/8-kisiyi-kursuna-dizdik-20-koyu-yaktik\/"},"wordCount":1133,"commentCount":0,"publisher":{"@id":"https:\/\/narteks.net\/#organization"},"articleSection":["T\u00fcrkiye"],"inLanguage":"tr","potentialAction":[{"@type":"CommentAction","name":"Comment","target":["https:\/\/narteks.net\/index.php\/2010\/02\/27\/8-kisiyi-kursuna-dizdik-20-koyu-yaktik\/#respond"]}]},{"@type":"WebPage","@id":"https:\/\/narteks.net\/index.php\/2010\/02\/27\/8-kisiyi-kursuna-dizdik-20-koyu-yaktik\/","url":"https:\/\/narteks.net\/index.php\/2010\/02\/27\/8-kisiyi-kursuna-dizdik-20-koyu-yaktik\/","name":"8 ki\u015fiyi kur\u015funa dizdik 20 k\u00f6y\u00fc yakt\u0131k - narteks.net","isPartOf":{"@id":"https:\/\/narteks.net\/#website"},"datePublished":"2010-02-27T11:40:39+00:00","breadcrumb":{"@id":"https:\/\/narteks.net\/index.php\/2010\/02\/27\/8-kisiyi-kursuna-dizdik-20-koyu-yaktik\/#breadcrumb"},"inLanguage":"tr","potentialAction":[{"@type":"ReadAction","target":["https:\/\/narteks.net\/index.php\/2010\/02\/27\/8-kisiyi-kursuna-dizdik-20-koyu-yaktik\/"]}]},{"@type":"BreadcrumbList","@id":"https:\/\/narteks.net\/index.php\/2010\/02\/27\/8-kisiyi-kursuna-dizdik-20-koyu-yaktik\/#breadcrumb","itemListElement":[{"@type":"ListItem","position":1,"name":"Anasayfa","item":"https:\/\/narteks.net\/"},{"@type":"ListItem","position":2,"name":"8 ki\u015fiyi kur\u015funa dizdik 20 k\u00f6y\u00fc yakt\u0131k"}]},{"@type":"WebSite","@id":"https:\/\/narteks.net\/#website","url":"https:\/\/narteks.net\/","name":"narteks.net","description":"K\u00fclt\u00fcr Sanat Edebiyat Felsefe","publisher":{"@id":"https:\/\/narteks.net\/#organization"},"alternateName":"K\u00fclt\u00fcr Sanat Edebiyat Felsefe","potentialAction":[{"@type":"SearchAction","target":{"@type":"EntryPoint","urlTemplate":"https:\/\/narteks.net\/?s={search_term_string}"},"query-input":{"@type":"PropertyValueSpecification","valueRequired":true,"valueName":"search_term_string"}}],"inLanguage":"tr"},{"@type":"Organization","@id":"https:\/\/narteks.net\/#organization","name":"narteks.net","url":"https:\/\/narteks.net\/","logo":{"@type":"ImageObject","inLanguage":"tr","@id":"https:\/\/narteks.net\/#\/schema\/logo\/image\/","url":"https:\/\/narteks.net\/wp-content\/uploads\/narteks.png","contentUrl":"https:\/\/narteks.net\/wp-content\/uploads\/narteks.png","width":300,"height":90,"caption":"narteks.net"},"image":{"@id":"https:\/\/narteks.net\/#\/schema\/logo\/image\/"},"sameAs":["https:\/\/x.com\/narteks","https:\/\/instagram.com\/narteksnet"]},{"@type":"Person","@id":"https:\/\/narteks.net\/#\/schema\/person\/61f37d9834294b72d31d274e7ed79bca","name":"Tar\u0131k","image":{"@type":"ImageObject","inLanguage":"tr","@id":"https:\/\/narteks.net\/#\/schema\/person\/image\/","url":"https:\/\/secure.gravatar.com\/avatar\/50865afb55632c4ae467e0af0930f6510aa2297d8014be502a55b14f3b7550cf?s=96&d=mm&r=g","contentUrl":"https:\/\/secure.gravatar.com\/avatar\/50865afb55632c4ae467e0af0930f6510aa2297d8014be502a55b14f3b7550cf?s=96&d=mm&r=g","caption":"Tar\u0131k"},"sameAs":["http:\/\/narteks.net"],"url":"https:\/\/narteks.net\/index.php\/author\/narbak\/"}]}},"_links":{"self":[{"href":"https:\/\/narteks.net\/index.php\/wp-json\/wp\/v2\/posts\/4267","targetHints":{"allow":["GET"]}}],"collection":[{"href":"https:\/\/narteks.net\/index.php\/wp-json\/wp\/v2\/posts"}],"about":[{"href":"https:\/\/narteks.net\/index.php\/wp-json\/wp\/v2\/types\/post"}],"author":[{"embeddable":true,"href":"https:\/\/narteks.net\/index.php\/wp-json\/wp\/v2\/users\/1"}],"replies":[{"embeddable":true,"href":"https:\/\/narteks.net\/index.php\/wp-json\/wp\/v2\/comments?post=4267"}],"version-history":[{"count":0,"href":"https:\/\/narteks.net\/index.php\/wp-json\/wp\/v2\/posts\/4267\/revisions"}],"wp:attachment":[{"href":"https:\/\/narteks.net\/index.php\/wp-json\/wp\/v2\/media?parent=4267"}],"wp:term":[{"taxonomy":"category","embeddable":true,"href":"https:\/\/narteks.net\/index.php\/wp-json\/wp\/v2\/categories?post=4267"},{"taxonomy":"post_tag","embeddable":true,"href":"https:\/\/narteks.net\/index.php\/wp-json\/wp\/v2\/tags?post=4267"}],"curies":[{"name":"wp","href":"https:\/\/api.w.org\/{rel}","templated":true}]}}