{"id":4269,"date":"2010-03-01T10:51:04","date_gmt":"2010-03-01T07:51:04","guid":{"rendered":"http:\/\/localhost\/wordpress\/2010\/03\/01\/serkan-engin-biyografisi\/"},"modified":"2010-03-01T10:51:04","modified_gmt":"2010-03-01T07:51:04","slug":"serkan-engin-biyografisi","status":"publish","type":"post","link":"https:\/\/narteks.net\/index.php\/2010\/03\/01\/serkan-engin-biyografisi\/","title":{"rendered":"Serkan Engin B\u0130YOGRAF\u0130S\u0130"},"content":{"rendered":"<p>T\u00fcrk\u00e7e\u2019nin Turist \u00d6mer\u2019i<\/p>\n<p>Serkan Engin ki Turist \u00d6mer\u2019i T\u00fcrk\u00e7e\u2019nin; ya\u015f : her dem deli&#8230;Haylazistan Kom\u00fcnist Partisi \u00c7ay \u0130\u015fleri B\u00f6lge Sorumlusu\u2026<\/p>\n<p><em>Alevi E\u015fcinsel bir Zenci<br \/>Ateist Travesti bir Mohikan<br \/>Dersimli bir Laz, Lazistanl\u0131 bir K\u00fcrt<br \/>Berlinli bir Pigme, Kongolu bir Germen<\/em><\/p>\n<p><strong>Serkan Engin<\/strong><\/p>\n<p><strong>Biyografi<\/strong><\/p>\n<p>\u2019 93\u2019te Deniz Lisesi\u2019ni bitirdi. \u2019 95\u2019te Deniz Harp Okulu\u2019ndan disiplin bozuklu\u011fu nedeniyle at\u0131ld\u0131. \u2019 99\u2019da Kocaeli \u00dcniversitesi\u2019nden Tekniker olarak mezun oldu.<\/p>\n<p><em>: Kendinin Yahuda\u2019s\u0131<\/em><\/p>\n<p>\u0130\u015fportac\u0131l\u0131k, Muhabirlik, Fabrika \u0130\u015f\u00e7ili\u011fi, Edit\u00f6rl\u00fck, Oto Y\u0131kamac\u0131l\u0131\u011f\u0131 , vs\u2026gibi i\u015flerde \u00e7al\u0131\u015ft\u0131ysa da hi\u00e7birinde diki\u015f tutturamad\u0131. Hayat\u2019a kafa atarak ya\u015fad\u0131\u2026<\/p>\n<p><em>: Kendinin Kamburu<\/em><\/p>\n<p>\u015eiirleri ve poetik yaz\u0131lar\u0131, Ada( Samsun), Afrodisyas Sanat, Agora, A\u011f\u0131r Ol Bay D\u00fczyaz\u0131, Akdeniz Edebiyat, Akk\u00f6y, Alaz, And\u0131z, Ayk\u0131r\u0131 Sanat, Berfin Bahar, Bezuvar, Bireylikler, BH, \u00c7al\u0131, Damar, D\u00fc\u015fl\u00fck, Edebiyat-Koop , Ekin Sanat, Eski Broy, Esmer, G\u00f6\u00e7 Edebiyat, G\u00f6ky\u00fcz\u00fc, g\u00f6\u011febakmadura\u011f\u0131, G\u00fcney, Hayal, \u0130le, \u0130nsanc\u0131l, \u0130zdiham, Kalem, Kar, Karalama, K\u0131y\u0131, Kum, Lacivert, Mavi Ada, Mavi Liman, Mavi Yaren, Mor Taka, Nikbinlik, Ortanca, Patika, Poyraz Edebiyat, Sert Sessiz, Ses(s)iz Edebiyat, \u015eair \u00c7\u0131kmaz\u0131, \u015eehir, \u015eiir \u00dclkesi, Taflan, Tay, Telve, \u00dcnlem, Varl\u0131k, Varo\u015f Fanzin, Yal\u0131nayak Edebiyat, Yarat\u0131m, Zined ve K\u0131rat dergi ve fanzinlerinde yay\u0131mland\u0131.<\/p>\n<p><em>: Kendinin Himalaya\u2019s\u0131<\/em><\/p>\n<p>Eyl\u00fcl 2004\u2019te \u015eiir \u00dclkesi\u2019nde, \u0130mgeci Toplumcu \u015eiir Manifestosu\u2019nu yay\u0131mlatt\u0131.<br \/>Manifestosu \u00e7e\u015fitli dergilerde tart\u0131\u015f\u0131ld\u0131 ve \u015fiir y\u0131ll\u0131klar\u0131nda an\u0131ld\u0131. \u0130mgeci Toplumcu \u015eiir Manifestosu, Eyl\u00fcl 2007\u2019de, Necmi Selamet\u2019in derledi\u011fi cumhuriyet tarihindeki on iki \u015fiir manifestosunu kapsayan \u201c\u015eiirimizde Manifestolar \u201d adl\u0131 kitapta yer ald\u0131.<\/p>\n<p><em>: Kendinin Pi\u00e7i<\/em><\/p>\n<p>Ocak 2006\u2019da Ekin Sanat\u2019ta, \u0130mgeci Toplumcu Roman Manifestosu\u2019nu yay\u0131mlatt\u0131. &#8220;Uysal Cinayetler &#8221; ad\u0131nda, e-kitap olarak yay\u0131mlanm\u0131\u015f bir de roman\u0131 var&#8230;<\/p>\n<p>\u0130ngilizce \u00fczerine serbest \u00e7evirmenlik yaparak hayat\u0131n\u0131 kazanmaktad\u0131r.<\/p>\n<p><em>: Kendinin Ta\u015fras\u0131<\/em><\/p>\n<p>\u00a0<\/p>\n<p><strong><em>\u015eairin Eserleri ( e-kitap format\u0131nda)<\/em><\/strong><\/p>\n<p><a href=\"http:\/\/www.dosya.tc\/files\/GDpITe\/ars_zakrosti_.pdf.html\" target=\"_blank\" rel=\"noopener noreferrer\"><strong>Ars\u0131z Akrosti\u015f<\/strong><\/a><\/p>\n<p><a href=\"http:\/\/www.dosya.tc\/files\/zF2gHq\/Erotik_iirlerAtlas_m.pdf.html\" target=\"_blank\" rel=\"noopener noreferrer\"><strong>Erotik \u015eiirler Atlas\u0131m<\/strong><\/a><\/p>\n","protected":false},"excerpt":{"rendered":"<p>T\u00fcrk\u00e7e\u2019nin Turist \u00d6mer\u2019i Serkan Engin ki Turist \u00d6mer\u2019i T\u00fcrk\u00e7e\u2019nin; ya\u015f : her dem deli&#8230;Haylazistan Kom\u00fcnist Partisi \u00c7ay \u0130\u015fleri B\u00f6lge Sorumlusu\u2026 Alevi E\u015fcinsel bir ZenciAteist Travesti bir MohikanDersimli bir Laz, Lazistanl\u0131 bir K\u00fcrtBerlinli bir Pigme, Kongolu bir Germen Serkan Engin Biyografi \u2019 93\u2019te Deniz Lisesi\u2019ni bitirdi. \u2019 95\u2019te Deniz Harp Okulu\u2019ndan disiplin bozuklu\u011fu nedeniyle at\u0131ld\u0131. \u2019 [&hellip;]<\/p>\n","protected":false},"author":1,"featured_media":0,"comment_status":"open","ping_status":"open","sticky":false,"template":"","format":"standard","meta":{"footnotes":""},"categories":[141],"tags":[],"class_list":{"0":"post-4269","1":"post","2":"type-post","3":"status-publish","4":"format-standard","6":"category-serkan-engin"},"yoast_head":"<!-- This site is optimized with the Yoast SEO Premium plugin v24.9 (Yoast SEO v24.9) - https:\/\/yoast.com\/wordpress\/plugins\/seo\/ -->\n<title>Serkan Engin B\u0130YOGRAF\u0130S\u0130 - narteks.net<\/title>\n<meta name=\"robots\" content=\"index, follow, max-snippet:-1, max-image-preview:large, max-video-preview:-1\" \/>\n<link rel=\"canonical\" href=\"https:\/\/narteks.net\/index.php\/2010\/03\/01\/serkan-engin-biyografisi\/\" \/>\n<meta property=\"og:locale\" content=\"tr_TR\" \/>\n<meta property=\"og:type\" content=\"article\" \/>\n<meta property=\"og:title\" content=\"Serkan Engin B\u0130YOGRAF\u0130S\u0130\" \/>\n<meta property=\"og:description\" content=\"T\u00fcrk\u00e7e\u2019nin Turist \u00d6mer\u2019i Serkan Engin ki Turist \u00d6mer\u2019i T\u00fcrk\u00e7e\u2019nin; ya\u015f : her dem deli&#8230;Haylazistan Kom\u00fcnist Partisi \u00c7ay \u0130\u015fleri B\u00f6lge Sorumlusu\u2026 Alevi E\u015fcinsel bir ZenciAteist Travesti bir MohikanDersimli bir Laz, Lazistanl\u0131 bir K\u00fcrtBerlinli bir Pigme, Kongolu bir Germen Serkan Engin Biyografi \u2019 93\u2019te Deniz Lisesi\u2019ni bitirdi. \u2019 95\u2019te Deniz Harp Okulu\u2019ndan disiplin bozuklu\u011fu nedeniyle at\u0131ld\u0131. \u2019 [&hellip;]\" \/>\n<meta property=\"og:url\" content=\"https:\/\/narteks.net\/index.php\/2010\/03\/01\/serkan-engin-biyografisi\/\" \/>\n<meta property=\"og:site_name\" content=\"narteks.net\" \/>\n<meta property=\"article:published_time\" content=\"2010-03-01T07:51:04+00:00\" \/>\n<meta property=\"og:image\" content=\"https:\/\/narteks.net\/wp-content\/uploads\/narteks.png\" \/>\n\t<meta property=\"og:image:width\" content=\"300\" \/>\n\t<meta property=\"og:image:height\" content=\"90\" \/>\n\t<meta property=\"og:image:type\" content=\"image\/png\" \/>\n<meta name=\"author\" content=\"Tar\u0131k\" \/>\n<meta name=\"twitter:card\" content=\"summary_large_image\" \/>\n<meta name=\"twitter:creator\" content=\"@narteks\" \/>\n<meta name=\"twitter:site\" content=\"@narteks\" \/>\n<meta name=\"twitter:label1\" content=\"Yazan:\" \/>\n\t<meta name=\"twitter:data1\" content=\"Tar\u0131k\" \/>\n\t<meta name=\"twitter:label2\" content=\"Tahmini okuma s\u00fcresi\" \/>\n\t<meta name=\"twitter:data2\" content=\"2 dakika\" \/>\n<script type=\"application\/ld+json\" class=\"yoast-schema-graph\">{\"@context\":\"https:\/\/schema.org\",\"@graph\":[{\"@type\":\"Article\",\"@id\":\"https:\/\/narteks.net\/index.php\/2010\/03\/01\/serkan-engin-biyografisi\/#article\",\"isPartOf\":{\"@id\":\"https:\/\/narteks.net\/index.php\/2010\/03\/01\/serkan-engin-biyografisi\/\"},\"author\":{\"name\":\"Tar\u0131k\",\"@id\":\"https:\/\/narteks.net\/#\/schema\/person\/61f37d9834294b72d31d274e7ed79bca\"},\"headline\":\"Serkan Engin B\u0130YOGRAF\u0130S\u0130\",\"datePublished\":\"2010-03-01T07:51:04+00:00\",\"mainEntityOfPage\":{\"@id\":\"https:\/\/narteks.net\/index.php\/2010\/03\/01\/serkan-engin-biyografisi\/\"},\"wordCount\":333,\"commentCount\":0,\"publisher\":{\"@id\":\"https:\/\/narteks.net\/#organization\"},\"articleSection\":[\"Serkan ENG\u0130N\"],\"inLanguage\":\"tr\",\"potentialAction\":[{\"@type\":\"CommentAction\",\"name\":\"Comment\",\"target\":[\"https:\/\/narteks.net\/index.php\/2010\/03\/01\/serkan-engin-biyografisi\/#respond\"]}]},{\"@type\":\"WebPage\",\"@id\":\"https:\/\/narteks.net\/index.php\/2010\/03\/01\/serkan-engin-biyografisi\/\",\"url\":\"https:\/\/narteks.net\/index.php\/2010\/03\/01\/serkan-engin-biyografisi\/\",\"name\":\"Serkan Engin B\u0130YOGRAF\u0130S\u0130 - narteks.net\",\"isPartOf\":{\"@id\":\"https:\/\/narteks.net\/#website\"},\"datePublished\":\"2010-03-01T07:51:04+00:00\",\"breadcrumb\":{\"@id\":\"https:\/\/narteks.net\/index.php\/2010\/03\/01\/serkan-engin-biyografisi\/#breadcrumb\"},\"inLanguage\":\"tr\",\"potentialAction\":[{\"@type\":\"ReadAction\",\"target\":[\"https:\/\/narteks.net\/index.php\/2010\/03\/01\/serkan-engin-biyografisi\/\"]}]},{\"@type\":\"BreadcrumbList\",\"@id\":\"https:\/\/narteks.net\/index.php\/2010\/03\/01\/serkan-engin-biyografisi\/#breadcrumb\",\"itemListElement\":[{\"@type\":\"ListItem\",\"position\":1,\"name\":\"Anasayfa\",\"item\":\"https:\/\/narteks.net\/\"},{\"@type\":\"ListItem\",\"position\":2,\"name\":\"Serkan Engin B\u0130YOGRAF\u0130S\u0130\"}]},{\"@type\":\"WebSite\",\"@id\":\"https:\/\/narteks.net\/#website\",\"url\":\"https:\/\/narteks.net\/\",\"name\":\"narteks.net\",\"description\":\"K\u00fclt\u00fcr Sanat Edebiyat Felsefe\",\"publisher\":{\"@id\":\"https:\/\/narteks.net\/#organization\"},\"alternateName\":\"K\u00fclt\u00fcr Sanat Edebiyat Felsefe\",\"potentialAction\":[{\"@type\":\"SearchAction\",\"target\":{\"@type\":\"EntryPoint\",\"urlTemplate\":\"https:\/\/narteks.net\/?s={search_term_string}\"},\"query-input\":{\"@type\":\"PropertyValueSpecification\",\"valueRequired\":true,\"valueName\":\"search_term_string\"}}],\"inLanguage\":\"tr\"},{\"@type\":\"Organization\",\"@id\":\"https:\/\/narteks.net\/#organization\",\"name\":\"narteks.net\",\"url\":\"https:\/\/narteks.net\/\",\"logo\":{\"@type\":\"ImageObject\",\"inLanguage\":\"tr\",\"@id\":\"https:\/\/narteks.net\/#\/schema\/logo\/image\/\",\"url\":\"https:\/\/narteks.net\/wp-content\/uploads\/narteks.png\",\"contentUrl\":\"https:\/\/narteks.net\/wp-content\/uploads\/narteks.png\",\"width\":300,\"height\":90,\"caption\":\"narteks.net\"},\"image\":{\"@id\":\"https:\/\/narteks.net\/#\/schema\/logo\/image\/\"},\"sameAs\":[\"https:\/\/x.com\/narteks\",\"https:\/\/instagram.com\/narteksnet\"]},{\"@type\":\"Person\",\"@id\":\"https:\/\/narteks.net\/#\/schema\/person\/61f37d9834294b72d31d274e7ed79bca\",\"name\":\"Tar\u0131k\",\"image\":{\"@type\":\"ImageObject\",\"inLanguage\":\"tr\",\"@id\":\"https:\/\/narteks.net\/#\/schema\/person\/image\/\",\"url\":\"https:\/\/secure.gravatar.com\/avatar\/50865afb55632c4ae467e0af0930f6510aa2297d8014be502a55b14f3b7550cf?s=96&d=mm&r=g\",\"contentUrl\":\"https:\/\/secure.gravatar.com\/avatar\/50865afb55632c4ae467e0af0930f6510aa2297d8014be502a55b14f3b7550cf?s=96&d=mm&r=g\",\"caption\":\"Tar\u0131k\"},\"sameAs\":[\"http:\/\/narteks.net\"],\"url\":\"https:\/\/narteks.net\/index.php\/author\/narbak\/\"}]}<\/script>\n<!-- \/ Yoast SEO Premium plugin. -->","yoast_head_json":{"title":"Serkan Engin B\u0130YOGRAF\u0130S\u0130 - narteks.net","robots":{"index":"index","follow":"follow","max-snippet":"max-snippet:-1","max-image-preview":"max-image-preview:large","max-video-preview":"max-video-preview:-1"},"canonical":"https:\/\/narteks.net\/index.php\/2010\/03\/01\/serkan-engin-biyografisi\/","og_locale":"tr_TR","og_type":"article","og_title":"Serkan Engin B\u0130YOGRAF\u0130S\u0130","og_description":"T\u00fcrk\u00e7e\u2019nin Turist \u00d6mer\u2019i Serkan Engin ki Turist \u00d6mer\u2019i T\u00fcrk\u00e7e\u2019nin; ya\u015f : her dem deli&#8230;Haylazistan Kom\u00fcnist Partisi \u00c7ay \u0130\u015fleri B\u00f6lge Sorumlusu\u2026 Alevi E\u015fcinsel bir ZenciAteist Travesti bir MohikanDersimli bir Laz, Lazistanl\u0131 bir K\u00fcrtBerlinli bir Pigme, Kongolu bir Germen Serkan Engin Biyografi \u2019 93\u2019te Deniz Lisesi\u2019ni bitirdi. \u2019 95\u2019te Deniz Harp Okulu\u2019ndan disiplin bozuklu\u011fu nedeniyle at\u0131ld\u0131. \u2019 [&hellip;]","og_url":"https:\/\/narteks.net\/index.php\/2010\/03\/01\/serkan-engin-biyografisi\/","og_site_name":"narteks.net","article_published_time":"2010-03-01T07:51:04+00:00","og_image":[{"width":300,"height":90,"url":"https:\/\/narteks.net\/wp-content\/uploads\/narteks.png","type":"image\/png"}],"author":"Tar\u0131k","twitter_card":"summary_large_image","twitter_creator":"@narteks","twitter_site":"@narteks","twitter_misc":{"Yazan:":"Tar\u0131k","Tahmini okuma s\u00fcresi":"2 dakika"},"schema":{"@context":"https:\/\/schema.org","@graph":[{"@type":"Article","@id":"https:\/\/narteks.net\/index.php\/2010\/03\/01\/serkan-engin-biyografisi\/#article","isPartOf":{"@id":"https:\/\/narteks.net\/index.php\/2010\/03\/01\/serkan-engin-biyografisi\/"},"author":{"name":"Tar\u0131k","@id":"https:\/\/narteks.net\/#\/schema\/person\/61f37d9834294b72d31d274e7ed79bca"},"headline":"Serkan Engin B\u0130YOGRAF\u0130S\u0130","datePublished":"2010-03-01T07:51:04+00:00","mainEntityOfPage":{"@id":"https:\/\/narteks.net\/index.php\/2010\/03\/01\/serkan-engin-biyografisi\/"},"wordCount":333,"commentCount":0,"publisher":{"@id":"https:\/\/narteks.net\/#organization"},"articleSection":["Serkan ENG\u0130N"],"inLanguage":"tr","potentialAction":[{"@type":"CommentAction","name":"Comment","target":["https:\/\/narteks.net\/index.php\/2010\/03\/01\/serkan-engin-biyografisi\/#respond"]}]},{"@type":"WebPage","@id":"https:\/\/narteks.net\/index.php\/2010\/03\/01\/serkan-engin-biyografisi\/","url":"https:\/\/narteks.net\/index.php\/2010\/03\/01\/serkan-engin-biyografisi\/","name":"Serkan Engin B\u0130YOGRAF\u0130S\u0130 - narteks.net","isPartOf":{"@id":"https:\/\/narteks.net\/#website"},"datePublished":"2010-03-01T07:51:04+00:00","breadcrumb":{"@id":"https:\/\/narteks.net\/index.php\/2010\/03\/01\/serkan-engin-biyografisi\/#breadcrumb"},"inLanguage":"tr","potentialAction":[{"@type":"ReadAction","target":["https:\/\/narteks.net\/index.php\/2010\/03\/01\/serkan-engin-biyografisi\/"]}]},{"@type":"BreadcrumbList","@id":"https:\/\/narteks.net\/index.php\/2010\/03\/01\/serkan-engin-biyografisi\/#breadcrumb","itemListElement":[{"@type":"ListItem","position":1,"name":"Anasayfa","item":"https:\/\/narteks.net\/"},{"@type":"ListItem","position":2,"name":"Serkan Engin B\u0130YOGRAF\u0130S\u0130"}]},{"@type":"WebSite","@id":"https:\/\/narteks.net\/#website","url":"https:\/\/narteks.net\/","name":"narteks.net","description":"K\u00fclt\u00fcr Sanat Edebiyat Felsefe","publisher":{"@id":"https:\/\/narteks.net\/#organization"},"alternateName":"K\u00fclt\u00fcr Sanat Edebiyat Felsefe","potentialAction":[{"@type":"SearchAction","target":{"@type":"EntryPoint","urlTemplate":"https:\/\/narteks.net\/?s={search_term_string}"},"query-input":{"@type":"PropertyValueSpecification","valueRequired":true,"valueName":"search_term_string"}}],"inLanguage":"tr"},{"@type":"Organization","@id":"https:\/\/narteks.net\/#organization","name":"narteks.net","url":"https:\/\/narteks.net\/","logo":{"@type":"ImageObject","inLanguage":"tr","@id":"https:\/\/narteks.net\/#\/schema\/logo\/image\/","url":"https:\/\/narteks.net\/wp-content\/uploads\/narteks.png","contentUrl":"https:\/\/narteks.net\/wp-content\/uploads\/narteks.png","width":300,"height":90,"caption":"narteks.net"},"image":{"@id":"https:\/\/narteks.net\/#\/schema\/logo\/image\/"},"sameAs":["https:\/\/x.com\/narteks","https:\/\/instagram.com\/narteksnet"]},{"@type":"Person","@id":"https:\/\/narteks.net\/#\/schema\/person\/61f37d9834294b72d31d274e7ed79bca","name":"Tar\u0131k","image":{"@type":"ImageObject","inLanguage":"tr","@id":"https:\/\/narteks.net\/#\/schema\/person\/image\/","url":"https:\/\/secure.gravatar.com\/avatar\/50865afb55632c4ae467e0af0930f6510aa2297d8014be502a55b14f3b7550cf?s=96&d=mm&r=g","contentUrl":"https:\/\/secure.gravatar.com\/avatar\/50865afb55632c4ae467e0af0930f6510aa2297d8014be502a55b14f3b7550cf?s=96&d=mm&r=g","caption":"Tar\u0131k"},"sameAs":["http:\/\/narteks.net"],"url":"https:\/\/narteks.net\/index.php\/author\/narbak\/"}]}},"_links":{"self":[{"href":"https:\/\/narteks.net\/index.php\/wp-json\/wp\/v2\/posts\/4269","targetHints":{"allow":["GET"]}}],"collection":[{"href":"https:\/\/narteks.net\/index.php\/wp-json\/wp\/v2\/posts"}],"about":[{"href":"https:\/\/narteks.net\/index.php\/wp-json\/wp\/v2\/types\/post"}],"author":[{"embeddable":true,"href":"https:\/\/narteks.net\/index.php\/wp-json\/wp\/v2\/users\/1"}],"replies":[{"embeddable":true,"href":"https:\/\/narteks.net\/index.php\/wp-json\/wp\/v2\/comments?post=4269"}],"version-history":[{"count":0,"href":"https:\/\/narteks.net\/index.php\/wp-json\/wp\/v2\/posts\/4269\/revisions"}],"wp:attachment":[{"href":"https:\/\/narteks.net\/index.php\/wp-json\/wp\/v2\/media?parent=4269"}],"wp:term":[{"taxonomy":"category","embeddable":true,"href":"https:\/\/narteks.net\/index.php\/wp-json\/wp\/v2\/categories?post=4269"},{"taxonomy":"post_tag","embeddable":true,"href":"https:\/\/narteks.net\/index.php\/wp-json\/wp\/v2\/tags?post=4269"}],"curies":[{"name":"wp","href":"https:\/\/api.w.org\/{rel}","templated":true}]}}