{"id":4278,"date":"2010-03-01T11:08:12","date_gmt":"2010-03-01T08:08:12","guid":{"rendered":"http:\/\/localhost\/wordpress\/2010\/03\/01\/gecenin-g-noktasi\/"},"modified":"2010-03-01T11:08:12","modified_gmt":"2010-03-01T08:08:12","slug":"gecenin-g-noktasi","status":"publish","type":"post","link":"https:\/\/narteks.net\/index.php\/2010\/03\/01\/gecenin-g-noktasi\/","title":{"rendered":"GECEN\u0130N G NOKTASI"},"content":{"rendered":"<p>\u00a0<\/p>\n<p style=\"margin: 0pt;\">gecenin G noktas\u0131na de\u011fdi tenimiz<\/p>\n<p style=\"margin: 0pt;\">k\u0131rm\u0131z\u0131 bir zelzele tenin tenha yerlerinde<\/p>\n<p style=\"margin: 0pt;\">dilbaz oldu \u015fehvet nefesin \u00f6rt\u00fcn\u00fcnce bedenime<\/p>\n<p style=\"margin: 0pt;\">nefesin ki \u00f6ns\u00f6z\u00fcd\u00fcr ya\u011fmurlu devinimlerinin<\/p>\n<p style=\"margin: 0pt;\">\u00a0<\/p>\n<p style=\"margin: 0pt;\">\u00a0<\/p>\n<p style=\"margin: 0pt;\">k\u00e2\u015fifi benim g\u00f6vdenin sakl\u0131 \u015fehrinin<\/p>\n<p style=\"margin: 0pt;\">ellerimle heceleyerek kat ettim<\/p>\n<p style=\"margin: 0pt;\">boydan boya beyaz atlas\u0131n\u0131 teninin<\/p>\n<p style=\"margin: 0pt;\">y\u00fcz\u00fcn\u00fcn g\u00fcneyindeki minik gelincik<\/p>\n<p style=\"margin: 0pt;\">tarlas\u0131na konuyor e\u015fek ar\u0131lar\u0131 dilimin<\/p>\n<p style=\"margin: 0pt;\">\u00a0<\/p>\n<p style=\"margin: 0pt;\">\u00a0<\/p>\n<p style=\"margin: 0pt;\">ah yarim, \u00f6mr\u00fcm\u00fcn gizli \u00f6znesi<\/p>\n<p style=\"margin: 0pt;\">ah o memelerin \u00c7anakkale Ge\u00e7ilmez gibi<\/p>\n<p style=\"margin: 0pt;\">uzan\u0131yor \u00c7in Seddi gibi<\/p>\n<p style=\"margin: 0pt;\">bir omzundan \u00f6tekine<\/p>\n<p style=\"margin: 0pt;\">bu iml\u00e2s\u0131 \u015fa\u015f\u0131 gecede<\/p>\n<p style=\"margin: 0pt;\">egemenlik kay\u0131ts\u0131z \u015farts\u0131z memelerinde<\/p>\n","protected":false},"excerpt":{"rendered":"<p>\u00a0 gecenin G noktas\u0131na de\u011fdi tenimiz k\u0131rm\u0131z\u0131 bir zelzele tenin tenha yerlerinde dilbaz oldu \u015fehvet nefesin \u00f6rt\u00fcn\u00fcnce bedenime nefesin ki \u00f6ns\u00f6z\u00fcd\u00fcr ya\u011fmurlu devinimlerinin \u00a0 \u00a0 k\u00e2\u015fifi benim g\u00f6vdenin sakl\u0131 \u015fehrinin ellerimle heceleyerek kat ettim boydan boya beyaz atlas\u0131n\u0131 teninin y\u00fcz\u00fcn\u00fcn g\u00fcneyindeki minik gelincik tarlas\u0131na konuyor e\u015fek ar\u0131lar\u0131 dilimin \u00a0 \u00a0 ah yarim, \u00f6mr\u00fcm\u00fcn gizli \u00f6znesi [&hellip;]<\/p>\n","protected":false},"author":1,"featured_media":0,"comment_status":"open","ping_status":"open","sticky":false,"template":"","format":"standard","meta":{"footnotes":""},"categories":[141],"tags":[],"class_list":{"0":"post-4278","1":"post","2":"type-post","3":"status-publish","4":"format-standard","6":"category-serkan-engin"},"yoast_head":"<!-- This site is optimized with the Yoast SEO Premium plugin v24.9 (Yoast SEO v24.9) - https:\/\/yoast.com\/wordpress\/plugins\/seo\/ -->\n<title>GECEN\u0130N G NOKTASI - narteks.net<\/title>\n<meta name=\"robots\" content=\"index, follow, max-snippet:-1, max-image-preview:large, max-video-preview:-1\" \/>\n<link rel=\"canonical\" href=\"https:\/\/narteks.net\/index.php\/2010\/03\/01\/gecenin-g-noktasi\/\" \/>\n<meta property=\"og:locale\" content=\"tr_TR\" \/>\n<meta property=\"og:type\" content=\"article\" \/>\n<meta property=\"og:title\" content=\"GECEN\u0130N G NOKTASI\" \/>\n<meta property=\"og:description\" content=\"\u00a0 gecenin G noktas\u0131na de\u011fdi tenimiz k\u0131rm\u0131z\u0131 bir zelzele tenin tenha yerlerinde dilbaz oldu \u015fehvet nefesin \u00f6rt\u00fcn\u00fcnce bedenime nefesin ki \u00f6ns\u00f6z\u00fcd\u00fcr ya\u011fmurlu devinimlerinin \u00a0 \u00a0 k\u00e2\u015fifi benim g\u00f6vdenin sakl\u0131 \u015fehrinin ellerimle heceleyerek kat ettim boydan boya beyaz atlas\u0131n\u0131 teninin y\u00fcz\u00fcn\u00fcn g\u00fcneyindeki minik gelincik tarlas\u0131na konuyor e\u015fek ar\u0131lar\u0131 dilimin \u00a0 \u00a0 ah yarim, \u00f6mr\u00fcm\u00fcn gizli \u00f6znesi [&hellip;]\" \/>\n<meta property=\"og:url\" content=\"https:\/\/narteks.net\/index.php\/2010\/03\/01\/gecenin-g-noktasi\/\" \/>\n<meta property=\"og:site_name\" content=\"narteks.net\" \/>\n<meta property=\"article:published_time\" content=\"2010-03-01T08:08:12+00:00\" \/>\n<meta property=\"og:image\" content=\"https:\/\/narteks.net\/wp-content\/uploads\/narteks.png\" \/>\n\t<meta property=\"og:image:width\" content=\"300\" \/>\n\t<meta property=\"og:image:height\" content=\"90\" \/>\n\t<meta property=\"og:image:type\" content=\"image\/png\" \/>\n<meta name=\"author\" content=\"Tar\u0131k\" \/>\n<meta name=\"twitter:card\" content=\"summary_large_image\" \/>\n<meta name=\"twitter:creator\" content=\"@narteks\" \/>\n<meta name=\"twitter:site\" content=\"@narteks\" \/>\n<meta name=\"twitter:label1\" content=\"Yazan:\" \/>\n\t<meta name=\"twitter:data1\" content=\"Tar\u0131k\" \/>\n<script type=\"application\/ld+json\" class=\"yoast-schema-graph\">{\"@context\":\"https:\/\/schema.org\",\"@graph\":[{\"@type\":\"Article\",\"@id\":\"https:\/\/narteks.net\/index.php\/2010\/03\/01\/gecenin-g-noktasi\/#article\",\"isPartOf\":{\"@id\":\"https:\/\/narteks.net\/index.php\/2010\/03\/01\/gecenin-g-noktasi\/\"},\"author\":{\"name\":\"Tar\u0131k\",\"@id\":\"https:\/\/narteks.net\/#\/schema\/person\/61f37d9834294b72d31d274e7ed79bca\"},\"headline\":\"GECEN\u0130N G NOKTASI\",\"datePublished\":\"2010-03-01T08:08:12+00:00\",\"mainEntityOfPage\":{\"@id\":\"https:\/\/narteks.net\/index.php\/2010\/03\/01\/gecenin-g-noktasi\/\"},\"wordCount\":103,\"commentCount\":0,\"publisher\":{\"@id\":\"https:\/\/narteks.net\/#organization\"},\"articleSection\":[\"Serkan ENG\u0130N\"],\"inLanguage\":\"tr\",\"potentialAction\":[{\"@type\":\"CommentAction\",\"name\":\"Comment\",\"target\":[\"https:\/\/narteks.net\/index.php\/2010\/03\/01\/gecenin-g-noktasi\/#respond\"]}]},{\"@type\":\"WebPage\",\"@id\":\"https:\/\/narteks.net\/index.php\/2010\/03\/01\/gecenin-g-noktasi\/\",\"url\":\"https:\/\/narteks.net\/index.php\/2010\/03\/01\/gecenin-g-noktasi\/\",\"name\":\"GECEN\u0130N G NOKTASI - narteks.net\",\"isPartOf\":{\"@id\":\"https:\/\/narteks.net\/#website\"},\"datePublished\":\"2010-03-01T08:08:12+00:00\",\"breadcrumb\":{\"@id\":\"https:\/\/narteks.net\/index.php\/2010\/03\/01\/gecenin-g-noktasi\/#breadcrumb\"},\"inLanguage\":\"tr\",\"potentialAction\":[{\"@type\":\"ReadAction\",\"target\":[\"https:\/\/narteks.net\/index.php\/2010\/03\/01\/gecenin-g-noktasi\/\"]}]},{\"@type\":\"BreadcrumbList\",\"@id\":\"https:\/\/narteks.net\/index.php\/2010\/03\/01\/gecenin-g-noktasi\/#breadcrumb\",\"itemListElement\":[{\"@type\":\"ListItem\",\"position\":1,\"name\":\"Anasayfa\",\"item\":\"https:\/\/narteks.net\/\"},{\"@type\":\"ListItem\",\"position\":2,\"name\":\"GECEN\u0130N G NOKTASI\"}]},{\"@type\":\"WebSite\",\"@id\":\"https:\/\/narteks.net\/#website\",\"url\":\"https:\/\/narteks.net\/\",\"name\":\"narteks.net\",\"description\":\"K\u00fclt\u00fcr Sanat Edebiyat Felsefe\",\"publisher\":{\"@id\":\"https:\/\/narteks.net\/#organization\"},\"alternateName\":\"K\u00fclt\u00fcr Sanat Edebiyat Felsefe\",\"potentialAction\":[{\"@type\":\"SearchAction\",\"target\":{\"@type\":\"EntryPoint\",\"urlTemplate\":\"https:\/\/narteks.net\/?s={search_term_string}\"},\"query-input\":{\"@type\":\"PropertyValueSpecification\",\"valueRequired\":true,\"valueName\":\"search_term_string\"}}],\"inLanguage\":\"tr\"},{\"@type\":\"Organization\",\"@id\":\"https:\/\/narteks.net\/#organization\",\"name\":\"narteks.net\",\"url\":\"https:\/\/narteks.net\/\",\"logo\":{\"@type\":\"ImageObject\",\"inLanguage\":\"tr\",\"@id\":\"https:\/\/narteks.net\/#\/schema\/logo\/image\/\",\"url\":\"https:\/\/narteks.net\/wp-content\/uploads\/narteks.png\",\"contentUrl\":\"https:\/\/narteks.net\/wp-content\/uploads\/narteks.png\",\"width\":300,\"height\":90,\"caption\":\"narteks.net\"},\"image\":{\"@id\":\"https:\/\/narteks.net\/#\/schema\/logo\/image\/\"},\"sameAs\":[\"https:\/\/x.com\/narteks\",\"https:\/\/instagram.com\/narteksnet\"]},{\"@type\":\"Person\",\"@id\":\"https:\/\/narteks.net\/#\/schema\/person\/61f37d9834294b72d31d274e7ed79bca\",\"name\":\"Tar\u0131k\",\"image\":{\"@type\":\"ImageObject\",\"inLanguage\":\"tr\",\"@id\":\"https:\/\/narteks.net\/#\/schema\/person\/image\/\",\"url\":\"https:\/\/secure.gravatar.com\/avatar\/50865afb55632c4ae467e0af0930f6510aa2297d8014be502a55b14f3b7550cf?s=96&d=mm&r=g\",\"contentUrl\":\"https:\/\/secure.gravatar.com\/avatar\/50865afb55632c4ae467e0af0930f6510aa2297d8014be502a55b14f3b7550cf?s=96&d=mm&r=g\",\"caption\":\"Tar\u0131k\"},\"sameAs\":[\"http:\/\/narteks.net\"],\"url\":\"https:\/\/narteks.net\/index.php\/author\/narbak\/\"}]}<\/script>\n<!-- \/ Yoast SEO Premium plugin. -->","yoast_head_json":{"title":"GECEN\u0130N G NOKTASI - narteks.net","robots":{"index":"index","follow":"follow","max-snippet":"max-snippet:-1","max-image-preview":"max-image-preview:large","max-video-preview":"max-video-preview:-1"},"canonical":"https:\/\/narteks.net\/index.php\/2010\/03\/01\/gecenin-g-noktasi\/","og_locale":"tr_TR","og_type":"article","og_title":"GECEN\u0130N G NOKTASI","og_description":"\u00a0 gecenin G noktas\u0131na de\u011fdi tenimiz k\u0131rm\u0131z\u0131 bir zelzele tenin tenha yerlerinde dilbaz oldu \u015fehvet nefesin \u00f6rt\u00fcn\u00fcnce bedenime nefesin ki \u00f6ns\u00f6z\u00fcd\u00fcr ya\u011fmurlu devinimlerinin \u00a0 \u00a0 k\u00e2\u015fifi benim g\u00f6vdenin sakl\u0131 \u015fehrinin ellerimle heceleyerek kat ettim boydan boya beyaz atlas\u0131n\u0131 teninin y\u00fcz\u00fcn\u00fcn g\u00fcneyindeki minik gelincik tarlas\u0131na konuyor e\u015fek ar\u0131lar\u0131 dilimin \u00a0 \u00a0 ah yarim, \u00f6mr\u00fcm\u00fcn gizli \u00f6znesi [&hellip;]","og_url":"https:\/\/narteks.net\/index.php\/2010\/03\/01\/gecenin-g-noktasi\/","og_site_name":"narteks.net","article_published_time":"2010-03-01T08:08:12+00:00","og_image":[{"width":300,"height":90,"url":"https:\/\/narteks.net\/wp-content\/uploads\/narteks.png","type":"image\/png"}],"author":"Tar\u0131k","twitter_card":"summary_large_image","twitter_creator":"@narteks","twitter_site":"@narteks","twitter_misc":{"Yazan:":"Tar\u0131k"},"schema":{"@context":"https:\/\/schema.org","@graph":[{"@type":"Article","@id":"https:\/\/narteks.net\/index.php\/2010\/03\/01\/gecenin-g-noktasi\/#article","isPartOf":{"@id":"https:\/\/narteks.net\/index.php\/2010\/03\/01\/gecenin-g-noktasi\/"},"author":{"name":"Tar\u0131k","@id":"https:\/\/narteks.net\/#\/schema\/person\/61f37d9834294b72d31d274e7ed79bca"},"headline":"GECEN\u0130N G NOKTASI","datePublished":"2010-03-01T08:08:12+00:00","mainEntityOfPage":{"@id":"https:\/\/narteks.net\/index.php\/2010\/03\/01\/gecenin-g-noktasi\/"},"wordCount":103,"commentCount":0,"publisher":{"@id":"https:\/\/narteks.net\/#organization"},"articleSection":["Serkan ENG\u0130N"],"inLanguage":"tr","potentialAction":[{"@type":"CommentAction","name":"Comment","target":["https:\/\/narteks.net\/index.php\/2010\/03\/01\/gecenin-g-noktasi\/#respond"]}]},{"@type":"WebPage","@id":"https:\/\/narteks.net\/index.php\/2010\/03\/01\/gecenin-g-noktasi\/","url":"https:\/\/narteks.net\/index.php\/2010\/03\/01\/gecenin-g-noktasi\/","name":"GECEN\u0130N G NOKTASI - narteks.net","isPartOf":{"@id":"https:\/\/narteks.net\/#website"},"datePublished":"2010-03-01T08:08:12+00:00","breadcrumb":{"@id":"https:\/\/narteks.net\/index.php\/2010\/03\/01\/gecenin-g-noktasi\/#breadcrumb"},"inLanguage":"tr","potentialAction":[{"@type":"ReadAction","target":["https:\/\/narteks.net\/index.php\/2010\/03\/01\/gecenin-g-noktasi\/"]}]},{"@type":"BreadcrumbList","@id":"https:\/\/narteks.net\/index.php\/2010\/03\/01\/gecenin-g-noktasi\/#breadcrumb","itemListElement":[{"@type":"ListItem","position":1,"name":"Anasayfa","item":"https:\/\/narteks.net\/"},{"@type":"ListItem","position":2,"name":"GECEN\u0130N G NOKTASI"}]},{"@type":"WebSite","@id":"https:\/\/narteks.net\/#website","url":"https:\/\/narteks.net\/","name":"narteks.net","description":"K\u00fclt\u00fcr Sanat Edebiyat Felsefe","publisher":{"@id":"https:\/\/narteks.net\/#organization"},"alternateName":"K\u00fclt\u00fcr Sanat Edebiyat Felsefe","potentialAction":[{"@type":"SearchAction","target":{"@type":"EntryPoint","urlTemplate":"https:\/\/narteks.net\/?s={search_term_string}"},"query-input":{"@type":"PropertyValueSpecification","valueRequired":true,"valueName":"search_term_string"}}],"inLanguage":"tr"},{"@type":"Organization","@id":"https:\/\/narteks.net\/#organization","name":"narteks.net","url":"https:\/\/narteks.net\/","logo":{"@type":"ImageObject","inLanguage":"tr","@id":"https:\/\/narteks.net\/#\/schema\/logo\/image\/","url":"https:\/\/narteks.net\/wp-content\/uploads\/narteks.png","contentUrl":"https:\/\/narteks.net\/wp-content\/uploads\/narteks.png","width":300,"height":90,"caption":"narteks.net"},"image":{"@id":"https:\/\/narteks.net\/#\/schema\/logo\/image\/"},"sameAs":["https:\/\/x.com\/narteks","https:\/\/instagram.com\/narteksnet"]},{"@type":"Person","@id":"https:\/\/narteks.net\/#\/schema\/person\/61f37d9834294b72d31d274e7ed79bca","name":"Tar\u0131k","image":{"@type":"ImageObject","inLanguage":"tr","@id":"https:\/\/narteks.net\/#\/schema\/person\/image\/","url":"https:\/\/secure.gravatar.com\/avatar\/50865afb55632c4ae467e0af0930f6510aa2297d8014be502a55b14f3b7550cf?s=96&d=mm&r=g","contentUrl":"https:\/\/secure.gravatar.com\/avatar\/50865afb55632c4ae467e0af0930f6510aa2297d8014be502a55b14f3b7550cf?s=96&d=mm&r=g","caption":"Tar\u0131k"},"sameAs":["http:\/\/narteks.net"],"url":"https:\/\/narteks.net\/index.php\/author\/narbak\/"}]}},"_links":{"self":[{"href":"https:\/\/narteks.net\/index.php\/wp-json\/wp\/v2\/posts\/4278","targetHints":{"allow":["GET"]}}],"collection":[{"href":"https:\/\/narteks.net\/index.php\/wp-json\/wp\/v2\/posts"}],"about":[{"href":"https:\/\/narteks.net\/index.php\/wp-json\/wp\/v2\/types\/post"}],"author":[{"embeddable":true,"href":"https:\/\/narteks.net\/index.php\/wp-json\/wp\/v2\/users\/1"}],"replies":[{"embeddable":true,"href":"https:\/\/narteks.net\/index.php\/wp-json\/wp\/v2\/comments?post=4278"}],"version-history":[{"count":0,"href":"https:\/\/narteks.net\/index.php\/wp-json\/wp\/v2\/posts\/4278\/revisions"}],"wp:attachment":[{"href":"https:\/\/narteks.net\/index.php\/wp-json\/wp\/v2\/media?parent=4278"}],"wp:term":[{"taxonomy":"category","embeddable":true,"href":"https:\/\/narteks.net\/index.php\/wp-json\/wp\/v2\/categories?post=4278"},{"taxonomy":"post_tag","embeddable":true,"href":"https:\/\/narteks.net\/index.php\/wp-json\/wp\/v2\/tags?post=4278"}],"curies":[{"name":"wp","href":"https:\/\/api.w.org\/{rel}","templated":true}]}}