{"id":4292,"date":"2010-03-01T11:20:30","date_gmt":"2010-03-01T08:20:30","guid":{"rendered":"http:\/\/localhost\/wordpress\/2010\/03\/01\/turist-omer-i-turkce-nin\/"},"modified":"2010-03-01T11:20:30","modified_gmt":"2010-03-01T08:20:30","slug":"turist-omer-i-turkce-nin","status":"publish","type":"post","link":"https:\/\/narteks.net\/index.php\/2010\/03\/01\/turist-omer-i-turkce-nin\/","title":{"rendered":"TUR\u0130ST \u00d6MER&#8217;\u0130 T\u00dcRK\u00c7E&#8217;N\u0130N"},"content":{"rendered":"<p>\u00a0<\/p>\n<p style=\"margin: 0pt;\">kalbim ki Turist \u00d6mer\u2019i T\u00fcrk\u00e7e\u2019nin<\/p>\n<p style=\"margin: 0pt;\">sakallar\u0131m\u0131n aras\u0131na kar\u0131\u015fm\u0131\u015f diki\u015f tutmaz dizeler<\/p>\n<p style=\"margin: 0pt;\">ince bir itirazd\u0131r var olu\u015fum yeis\u2019e<\/p>\n<p style=\"margin: 0pt;\">ac\u0131\u2019n\u0131n kar\u015f\u0131s\u0131na dikilmi\u015f bir \u00fcnlem i\u015faretiyim<\/p>\n<p style=\"margin: 0pt;\">\u00a0<\/p>\n<p style=\"margin: 0pt;\">\u00a0<\/p>\n<p style=\"margin: 0pt;\">y\u0131ld\u0131z ya\u011far usulca yaln\u0131zl\u0131\u011f\u0131ma<\/p>\n<p style=\"margin: 0pt;\">y\u0131ld\u0131zlar ki birer papatyad\u0131r<\/p>\n<p style=\"margin: 0pt;\">gecenin sa\u00e7lar\u0131na takt\u0131\u011f\u0131<\/p>\n<p style=\"margin: 0pt;\">ben \u015farapla \u00e7izerim gecenin alt\u0131n\u0131<\/p>\n<p style=\"margin: 0pt;\">h\u00fcz\u00fcn g\u00f6ky\u00fcz\u00fcnden s\u0131yr\u0131ls\u0131n i\u00e7in<\/p>\n<p style=\"margin: 0pt;\">\u00a0<\/p>\n<p style=\"margin: 0pt;\">\u00a0<\/p>\n<p style=\"margin: 0pt;\">\u015fen \u015fakrak bir Laz takas\u0131 ellerim<\/p>\n<p style=\"margin: 0pt;\">horon tepe tepe dola\u015fan<\/p>\n<p style=\"margin: 0pt;\">dalgal\u0131 denizlerinde A\u015fk\u2019\u0131n sa\u00e7lar\u0131n\u0131n<\/p>\n<p style=\"margin: 0pt;\">hacmim kalmaz evrende<\/p>\n<p style=\"margin: 0pt;\">\u00e7\u0131kart\u0131rsak benden A\u015fk\u2019\u0131<\/p>\n<p style=\"margin: 0pt;\">A\u015fk ki anlam giydirmektir hi\u00e7li\u011fe<\/p>\n<p style=\"margin: 0pt;\">\u00a0<\/p>\n<p style=\"margin: 0pt;\">\u00a0<\/p>\n<p style=\"margin: 0pt;\">kalbim ki Turist \u00d6mer\u2019i T\u00fcrk\u00e7e\u2019nin<\/p>\n","protected":false},"excerpt":{"rendered":"<p>\u00a0 kalbim ki Turist \u00d6mer\u2019i T\u00fcrk\u00e7e\u2019nin sakallar\u0131m\u0131n aras\u0131na kar\u0131\u015fm\u0131\u015f diki\u015f tutmaz dizeler ince bir itirazd\u0131r var olu\u015fum yeis\u2019e ac\u0131\u2019n\u0131n kar\u015f\u0131s\u0131na dikilmi\u015f bir \u00fcnlem i\u015faretiyim \u00a0 \u00a0 y\u0131ld\u0131z ya\u011far usulca yaln\u0131zl\u0131\u011f\u0131ma y\u0131ld\u0131zlar ki birer papatyad\u0131r gecenin sa\u00e7lar\u0131na takt\u0131\u011f\u0131 ben \u015farapla \u00e7izerim gecenin alt\u0131n\u0131 h\u00fcz\u00fcn g\u00f6ky\u00fcz\u00fcnden s\u0131yr\u0131ls\u0131n i\u00e7in \u00a0 \u00a0 \u015fen \u015fakrak bir Laz takas\u0131 ellerim horon [&hellip;]<\/p>\n","protected":false},"author":1,"featured_media":0,"comment_status":"open","ping_status":"open","sticky":false,"template":"","format":"standard","meta":{"footnotes":""},"categories":[141],"tags":[],"class_list":{"0":"post-4292","1":"post","2":"type-post","3":"status-publish","4":"format-standard","6":"category-serkan-engin"},"yoast_head":"<!-- This site is optimized with the Yoast SEO Premium plugin v24.9 (Yoast SEO v24.9) - https:\/\/yoast.com\/wordpress\/plugins\/seo\/ -->\n<title>TUR\u0130ST \u00d6MER&#039;\u0130 T\u00dcRK\u00c7E&#039;N\u0130N - narteks.net<\/title>\n<meta name=\"robots\" content=\"index, follow, max-snippet:-1, max-image-preview:large, max-video-preview:-1\" \/>\n<link rel=\"canonical\" href=\"https:\/\/narteks.net\/index.php\/2010\/03\/01\/turist-omer-i-turkce-nin\/\" \/>\n<meta property=\"og:locale\" content=\"tr_TR\" \/>\n<meta property=\"og:type\" content=\"article\" \/>\n<meta property=\"og:title\" content=\"TUR\u0130ST \u00d6MER&#039;\u0130 T\u00dcRK\u00c7E&#039;N\u0130N\" \/>\n<meta property=\"og:description\" content=\"\u00a0 kalbim ki Turist \u00d6mer\u2019i T\u00fcrk\u00e7e\u2019nin sakallar\u0131m\u0131n aras\u0131na kar\u0131\u015fm\u0131\u015f diki\u015f tutmaz dizeler ince bir itirazd\u0131r var olu\u015fum yeis\u2019e ac\u0131\u2019n\u0131n kar\u015f\u0131s\u0131na dikilmi\u015f bir \u00fcnlem i\u015faretiyim \u00a0 \u00a0 y\u0131ld\u0131z ya\u011far usulca yaln\u0131zl\u0131\u011f\u0131ma y\u0131ld\u0131zlar ki birer papatyad\u0131r gecenin sa\u00e7lar\u0131na takt\u0131\u011f\u0131 ben \u015farapla \u00e7izerim gecenin alt\u0131n\u0131 h\u00fcz\u00fcn g\u00f6ky\u00fcz\u00fcnden s\u0131yr\u0131ls\u0131n i\u00e7in \u00a0 \u00a0 \u015fen \u015fakrak bir Laz takas\u0131 ellerim horon [&hellip;]\" \/>\n<meta property=\"og:url\" content=\"https:\/\/narteks.net\/index.php\/2010\/03\/01\/turist-omer-i-turkce-nin\/\" \/>\n<meta property=\"og:site_name\" content=\"narteks.net\" \/>\n<meta property=\"article:published_time\" content=\"2010-03-01T08:20:30+00:00\" \/>\n<meta property=\"og:image\" content=\"https:\/\/narteks.net\/wp-content\/uploads\/narteks.png\" \/>\n\t<meta property=\"og:image:width\" content=\"300\" \/>\n\t<meta property=\"og:image:height\" content=\"90\" \/>\n\t<meta property=\"og:image:type\" content=\"image\/png\" \/>\n<meta name=\"author\" content=\"Tar\u0131k\" \/>\n<meta name=\"twitter:card\" content=\"summary_large_image\" \/>\n<meta name=\"twitter:creator\" content=\"@narteks\" \/>\n<meta name=\"twitter:site\" content=\"@narteks\" \/>\n<meta name=\"twitter:label1\" content=\"Yazan:\" \/>\n\t<meta name=\"twitter:data1\" content=\"Tar\u0131k\" \/>\n\t<meta name=\"twitter:label2\" content=\"Tahmini okuma s\u00fcresi\" \/>\n\t<meta name=\"twitter:data2\" content=\"1 dakika\" \/>\n<script type=\"application\/ld+json\" class=\"yoast-schema-graph\">{\"@context\":\"https:\/\/schema.org\",\"@graph\":[{\"@type\":\"Article\",\"@id\":\"https:\/\/narteks.net\/index.php\/2010\/03\/01\/turist-omer-i-turkce-nin\/#article\",\"isPartOf\":{\"@id\":\"https:\/\/narteks.net\/index.php\/2010\/03\/01\/turist-omer-i-turkce-nin\/\"},\"author\":{\"name\":\"Tar\u0131k\",\"@id\":\"https:\/\/narteks.net\/#\/schema\/person\/61f37d9834294b72d31d274e7ed79bca\"},\"headline\":\"TUR\u0130ST \u00d6MER&#8217;\u0130 T\u00dcRK\u00c7E&#8217;N\u0130N\",\"datePublished\":\"2010-03-01T08:20:30+00:00\",\"mainEntityOfPage\":{\"@id\":\"https:\/\/narteks.net\/index.php\/2010\/03\/01\/turist-omer-i-turkce-nin\/\"},\"wordCount\":131,\"commentCount\":0,\"publisher\":{\"@id\":\"https:\/\/narteks.net\/#organization\"},\"articleSection\":[\"Serkan ENG\u0130N\"],\"inLanguage\":\"tr\",\"potentialAction\":[{\"@type\":\"CommentAction\",\"name\":\"Comment\",\"target\":[\"https:\/\/narteks.net\/index.php\/2010\/03\/01\/turist-omer-i-turkce-nin\/#respond\"]}]},{\"@type\":\"WebPage\",\"@id\":\"https:\/\/narteks.net\/index.php\/2010\/03\/01\/turist-omer-i-turkce-nin\/\",\"url\":\"https:\/\/narteks.net\/index.php\/2010\/03\/01\/turist-omer-i-turkce-nin\/\",\"name\":\"TUR\u0130ST \u00d6MER'\u0130 T\u00dcRK\u00c7E'N\u0130N - narteks.net\",\"isPartOf\":{\"@id\":\"https:\/\/narteks.net\/#website\"},\"datePublished\":\"2010-03-01T08:20:30+00:00\",\"breadcrumb\":{\"@id\":\"https:\/\/narteks.net\/index.php\/2010\/03\/01\/turist-omer-i-turkce-nin\/#breadcrumb\"},\"inLanguage\":\"tr\",\"potentialAction\":[{\"@type\":\"ReadAction\",\"target\":[\"https:\/\/narteks.net\/index.php\/2010\/03\/01\/turist-omer-i-turkce-nin\/\"]}]},{\"@type\":\"BreadcrumbList\",\"@id\":\"https:\/\/narteks.net\/index.php\/2010\/03\/01\/turist-omer-i-turkce-nin\/#breadcrumb\",\"itemListElement\":[{\"@type\":\"ListItem\",\"position\":1,\"name\":\"Anasayfa\",\"item\":\"https:\/\/narteks.net\/\"},{\"@type\":\"ListItem\",\"position\":2,\"name\":\"TUR\u0130ST \u00d6MER&#8217;\u0130 T\u00dcRK\u00c7E&#8217;N\u0130N\"}]},{\"@type\":\"WebSite\",\"@id\":\"https:\/\/narteks.net\/#website\",\"url\":\"https:\/\/narteks.net\/\",\"name\":\"narteks.net\",\"description\":\"K\u00fclt\u00fcr Sanat Edebiyat Felsefe\",\"publisher\":{\"@id\":\"https:\/\/narteks.net\/#organization\"},\"alternateName\":\"K\u00fclt\u00fcr Sanat Edebiyat Felsefe\",\"potentialAction\":[{\"@type\":\"SearchAction\",\"target\":{\"@type\":\"EntryPoint\",\"urlTemplate\":\"https:\/\/narteks.net\/?s={search_term_string}\"},\"query-input\":{\"@type\":\"PropertyValueSpecification\",\"valueRequired\":true,\"valueName\":\"search_term_string\"}}],\"inLanguage\":\"tr\"},{\"@type\":\"Organization\",\"@id\":\"https:\/\/narteks.net\/#organization\",\"name\":\"narteks.net\",\"url\":\"https:\/\/narteks.net\/\",\"logo\":{\"@type\":\"ImageObject\",\"inLanguage\":\"tr\",\"@id\":\"https:\/\/narteks.net\/#\/schema\/logo\/image\/\",\"url\":\"https:\/\/narteks.net\/wp-content\/uploads\/narteks.png\",\"contentUrl\":\"https:\/\/narteks.net\/wp-content\/uploads\/narteks.png\",\"width\":300,\"height\":90,\"caption\":\"narteks.net\"},\"image\":{\"@id\":\"https:\/\/narteks.net\/#\/schema\/logo\/image\/\"},\"sameAs\":[\"https:\/\/x.com\/narteks\",\"https:\/\/instagram.com\/narteksnet\"]},{\"@type\":\"Person\",\"@id\":\"https:\/\/narteks.net\/#\/schema\/person\/61f37d9834294b72d31d274e7ed79bca\",\"name\":\"Tar\u0131k\",\"image\":{\"@type\":\"ImageObject\",\"inLanguage\":\"tr\",\"@id\":\"https:\/\/narteks.net\/#\/schema\/person\/image\/\",\"url\":\"https:\/\/secure.gravatar.com\/avatar\/50865afb55632c4ae467e0af0930f6510aa2297d8014be502a55b14f3b7550cf?s=96&d=mm&r=g\",\"contentUrl\":\"https:\/\/secure.gravatar.com\/avatar\/50865afb55632c4ae467e0af0930f6510aa2297d8014be502a55b14f3b7550cf?s=96&d=mm&r=g\",\"caption\":\"Tar\u0131k\"},\"sameAs\":[\"http:\/\/narteks.net\"],\"url\":\"https:\/\/narteks.net\/index.php\/author\/narbak\/\"}]}<\/script>\n<!-- \/ Yoast SEO Premium plugin. -->","yoast_head_json":{"title":"TUR\u0130ST \u00d6MER'\u0130 T\u00dcRK\u00c7E'N\u0130N - narteks.net","robots":{"index":"index","follow":"follow","max-snippet":"max-snippet:-1","max-image-preview":"max-image-preview:large","max-video-preview":"max-video-preview:-1"},"canonical":"https:\/\/narteks.net\/index.php\/2010\/03\/01\/turist-omer-i-turkce-nin\/","og_locale":"tr_TR","og_type":"article","og_title":"TUR\u0130ST \u00d6MER'\u0130 T\u00dcRK\u00c7E'N\u0130N","og_description":"\u00a0 kalbim ki Turist \u00d6mer\u2019i T\u00fcrk\u00e7e\u2019nin sakallar\u0131m\u0131n aras\u0131na kar\u0131\u015fm\u0131\u015f diki\u015f tutmaz dizeler ince bir itirazd\u0131r var olu\u015fum yeis\u2019e ac\u0131\u2019n\u0131n kar\u015f\u0131s\u0131na dikilmi\u015f bir \u00fcnlem i\u015faretiyim \u00a0 \u00a0 y\u0131ld\u0131z ya\u011far usulca yaln\u0131zl\u0131\u011f\u0131ma y\u0131ld\u0131zlar ki birer papatyad\u0131r gecenin sa\u00e7lar\u0131na takt\u0131\u011f\u0131 ben \u015farapla \u00e7izerim gecenin alt\u0131n\u0131 h\u00fcz\u00fcn g\u00f6ky\u00fcz\u00fcnden s\u0131yr\u0131ls\u0131n i\u00e7in \u00a0 \u00a0 \u015fen \u015fakrak bir Laz takas\u0131 ellerim horon [&hellip;]","og_url":"https:\/\/narteks.net\/index.php\/2010\/03\/01\/turist-omer-i-turkce-nin\/","og_site_name":"narteks.net","article_published_time":"2010-03-01T08:20:30+00:00","og_image":[{"width":300,"height":90,"url":"https:\/\/narteks.net\/wp-content\/uploads\/narteks.png","type":"image\/png"}],"author":"Tar\u0131k","twitter_card":"summary_large_image","twitter_creator":"@narteks","twitter_site":"@narteks","twitter_misc":{"Yazan:":"Tar\u0131k","Tahmini okuma s\u00fcresi":"1 dakika"},"schema":{"@context":"https:\/\/schema.org","@graph":[{"@type":"Article","@id":"https:\/\/narteks.net\/index.php\/2010\/03\/01\/turist-omer-i-turkce-nin\/#article","isPartOf":{"@id":"https:\/\/narteks.net\/index.php\/2010\/03\/01\/turist-omer-i-turkce-nin\/"},"author":{"name":"Tar\u0131k","@id":"https:\/\/narteks.net\/#\/schema\/person\/61f37d9834294b72d31d274e7ed79bca"},"headline":"TUR\u0130ST \u00d6MER&#8217;\u0130 T\u00dcRK\u00c7E&#8217;N\u0130N","datePublished":"2010-03-01T08:20:30+00:00","mainEntityOfPage":{"@id":"https:\/\/narteks.net\/index.php\/2010\/03\/01\/turist-omer-i-turkce-nin\/"},"wordCount":131,"commentCount":0,"publisher":{"@id":"https:\/\/narteks.net\/#organization"},"articleSection":["Serkan ENG\u0130N"],"inLanguage":"tr","potentialAction":[{"@type":"CommentAction","name":"Comment","target":["https:\/\/narteks.net\/index.php\/2010\/03\/01\/turist-omer-i-turkce-nin\/#respond"]}]},{"@type":"WebPage","@id":"https:\/\/narteks.net\/index.php\/2010\/03\/01\/turist-omer-i-turkce-nin\/","url":"https:\/\/narteks.net\/index.php\/2010\/03\/01\/turist-omer-i-turkce-nin\/","name":"TUR\u0130ST \u00d6MER'\u0130 T\u00dcRK\u00c7E'N\u0130N - narteks.net","isPartOf":{"@id":"https:\/\/narteks.net\/#website"},"datePublished":"2010-03-01T08:20:30+00:00","breadcrumb":{"@id":"https:\/\/narteks.net\/index.php\/2010\/03\/01\/turist-omer-i-turkce-nin\/#breadcrumb"},"inLanguage":"tr","potentialAction":[{"@type":"ReadAction","target":["https:\/\/narteks.net\/index.php\/2010\/03\/01\/turist-omer-i-turkce-nin\/"]}]},{"@type":"BreadcrumbList","@id":"https:\/\/narteks.net\/index.php\/2010\/03\/01\/turist-omer-i-turkce-nin\/#breadcrumb","itemListElement":[{"@type":"ListItem","position":1,"name":"Anasayfa","item":"https:\/\/narteks.net\/"},{"@type":"ListItem","position":2,"name":"TUR\u0130ST \u00d6MER&#8217;\u0130 T\u00dcRK\u00c7E&#8217;N\u0130N"}]},{"@type":"WebSite","@id":"https:\/\/narteks.net\/#website","url":"https:\/\/narteks.net\/","name":"narteks.net","description":"K\u00fclt\u00fcr Sanat Edebiyat Felsefe","publisher":{"@id":"https:\/\/narteks.net\/#organization"},"alternateName":"K\u00fclt\u00fcr Sanat Edebiyat Felsefe","potentialAction":[{"@type":"SearchAction","target":{"@type":"EntryPoint","urlTemplate":"https:\/\/narteks.net\/?s={search_term_string}"},"query-input":{"@type":"PropertyValueSpecification","valueRequired":true,"valueName":"search_term_string"}}],"inLanguage":"tr"},{"@type":"Organization","@id":"https:\/\/narteks.net\/#organization","name":"narteks.net","url":"https:\/\/narteks.net\/","logo":{"@type":"ImageObject","inLanguage":"tr","@id":"https:\/\/narteks.net\/#\/schema\/logo\/image\/","url":"https:\/\/narteks.net\/wp-content\/uploads\/narteks.png","contentUrl":"https:\/\/narteks.net\/wp-content\/uploads\/narteks.png","width":300,"height":90,"caption":"narteks.net"},"image":{"@id":"https:\/\/narteks.net\/#\/schema\/logo\/image\/"},"sameAs":["https:\/\/x.com\/narteks","https:\/\/instagram.com\/narteksnet"]},{"@type":"Person","@id":"https:\/\/narteks.net\/#\/schema\/person\/61f37d9834294b72d31d274e7ed79bca","name":"Tar\u0131k","image":{"@type":"ImageObject","inLanguage":"tr","@id":"https:\/\/narteks.net\/#\/schema\/person\/image\/","url":"https:\/\/secure.gravatar.com\/avatar\/50865afb55632c4ae467e0af0930f6510aa2297d8014be502a55b14f3b7550cf?s=96&d=mm&r=g","contentUrl":"https:\/\/secure.gravatar.com\/avatar\/50865afb55632c4ae467e0af0930f6510aa2297d8014be502a55b14f3b7550cf?s=96&d=mm&r=g","caption":"Tar\u0131k"},"sameAs":["http:\/\/narteks.net"],"url":"https:\/\/narteks.net\/index.php\/author\/narbak\/"}]}},"_links":{"self":[{"href":"https:\/\/narteks.net\/index.php\/wp-json\/wp\/v2\/posts\/4292","targetHints":{"allow":["GET"]}}],"collection":[{"href":"https:\/\/narteks.net\/index.php\/wp-json\/wp\/v2\/posts"}],"about":[{"href":"https:\/\/narteks.net\/index.php\/wp-json\/wp\/v2\/types\/post"}],"author":[{"embeddable":true,"href":"https:\/\/narteks.net\/index.php\/wp-json\/wp\/v2\/users\/1"}],"replies":[{"embeddable":true,"href":"https:\/\/narteks.net\/index.php\/wp-json\/wp\/v2\/comments?post=4292"}],"version-history":[{"count":0,"href":"https:\/\/narteks.net\/index.php\/wp-json\/wp\/v2\/posts\/4292\/revisions"}],"wp:attachment":[{"href":"https:\/\/narteks.net\/index.php\/wp-json\/wp\/v2\/media?parent=4292"}],"wp:term":[{"taxonomy":"category","embeddable":true,"href":"https:\/\/narteks.net\/index.php\/wp-json\/wp\/v2\/categories?post=4292"},{"taxonomy":"post_tag","embeddable":true,"href":"https:\/\/narteks.net\/index.php\/wp-json\/wp\/v2\/tags?post=4292"}],"curies":[{"name":"wp","href":"https:\/\/api.w.org\/{rel}","templated":true}]}}