{"id":4293,"date":"2010-03-01T11:21:21","date_gmt":"2010-03-01T08:21:21","guid":{"rendered":"http:\/\/localhost\/wordpress\/2010\/03\/01\/annem-ve-omrum\/"},"modified":"2010-03-01T11:21:21","modified_gmt":"2010-03-01T08:21:21","slug":"annem-ve-omrum","status":"publish","type":"post","link":"https:\/\/narteks.net\/index.php\/2010\/03\/01\/annem-ve-omrum\/","title":{"rendered":"ANNEM VE \u00d6MR\u00dcM"},"content":{"rendered":"<p>\u00a0<\/p>\n<p>ben anne bilmedim<br \/>annem yakamda bir kangren \u00e7i\u00e7e\u011fi<\/p>\n<p style=\"margin: 0pt;\">yaslatmad\u0131 ba\u015f\u0131m\u0131 huzurun dizlerine<br \/>sa\u00e7\u0131m\u0131 \u015fefkat burcunda ok\u015famad\u0131<br \/>bir \u00f6fke denizidir annem<br \/>dalgalar\u0131 \u00e7ocuklu\u011fumu d\u00f6ven<\/p>\n<p>kendime giden yolda bir barikatt\u0131 annem<br \/>tartaklay\u0131p tercihlerimi yar\u0131n\u0131ma \u00e7elme takan<br \/>bir namlu gibi dayad\u0131 egosunu \u00f6mr\u00fcme<br \/>bir \u00fcnlem i\u015faretiydi annem d\u00fc\u015flerimin \u00f6n\u00fcnde<br \/>i\u00e7imde zonklayan ilk gen\u00e7li\u011fimde<\/p>\n<p>annemin \u0131skartas\u0131y\u0131m<br \/>italik yaz\u0131lm\u0131yorum m\u00fclk\u2019\u00fcn ve erk\u2019in \u00f6n\u00fcnde<br \/>hazin bir yan\u0131lg\u0131d\u0131r annem<br \/>e\u015fya t\u0131k\u0131\u015ft\u0131ran \u00f6mr\u00fcne<\/p>\n<p>ben anne bilmedim<br \/>annem yakamda bir kangren \u00e7i\u00e7e\u011fi<\/p>\n","protected":false},"excerpt":{"rendered":"<p>\u00a0 ben anne bilmedimannem yakamda bir kangren \u00e7i\u00e7e\u011fi yaslatmad\u0131 ba\u015f\u0131m\u0131 huzurun dizlerinesa\u00e7\u0131m\u0131 \u015fefkat burcunda ok\u015famad\u0131bir \u00f6fke denizidir annemdalgalar\u0131 \u00e7ocuklu\u011fumu d\u00f6ven kendime giden yolda bir barikatt\u0131 annemtartaklay\u0131p tercihlerimi yar\u0131n\u0131ma \u00e7elme takanbir namlu gibi dayad\u0131 egosunu \u00f6mr\u00fcmebir \u00fcnlem i\u015faretiydi annem d\u00fc\u015flerimin \u00f6n\u00fcndei\u00e7imde zonklayan ilk gen\u00e7li\u011fimde annemin \u0131skartas\u0131y\u0131mitalik yaz\u0131lm\u0131yorum m\u00fclk\u2019\u00fcn ve erk\u2019in \u00f6n\u00fcndehazin bir yan\u0131lg\u0131d\u0131r anneme\u015fya t\u0131k\u0131\u015ft\u0131ran \u00f6mr\u00fcne [&hellip;]<\/p>\n","protected":false},"author":1,"featured_media":0,"comment_status":"open","ping_status":"open","sticky":false,"template":"","format":"standard","meta":{"footnotes":""},"categories":[141],"tags":[],"class_list":{"0":"post-4293","1":"post","2":"type-post","3":"status-publish","4":"format-standard","6":"category-serkan-engin"},"yoast_head":"<!-- This site is optimized with the Yoast SEO Premium plugin v24.9 (Yoast SEO v24.9) - https:\/\/yoast.com\/wordpress\/plugins\/seo\/ -->\n<title>ANNEM VE \u00d6MR\u00dcM - narteks.net<\/title>\n<meta name=\"robots\" content=\"index, follow, max-snippet:-1, max-image-preview:large, max-video-preview:-1\" \/>\n<link rel=\"canonical\" href=\"https:\/\/narteks.net\/index.php\/2010\/03\/01\/annem-ve-omrum\/\" \/>\n<meta property=\"og:locale\" content=\"tr_TR\" \/>\n<meta property=\"og:type\" content=\"article\" \/>\n<meta property=\"og:title\" content=\"ANNEM VE \u00d6MR\u00dcM\" \/>\n<meta property=\"og:description\" content=\"\u00a0 ben anne bilmedimannem yakamda bir kangren \u00e7i\u00e7e\u011fi yaslatmad\u0131 ba\u015f\u0131m\u0131 huzurun dizlerinesa\u00e7\u0131m\u0131 \u015fefkat burcunda ok\u015famad\u0131bir \u00f6fke denizidir annemdalgalar\u0131 \u00e7ocuklu\u011fumu d\u00f6ven kendime giden yolda bir barikatt\u0131 annemtartaklay\u0131p tercihlerimi yar\u0131n\u0131ma \u00e7elme takanbir namlu gibi dayad\u0131 egosunu \u00f6mr\u00fcmebir \u00fcnlem i\u015faretiydi annem d\u00fc\u015flerimin \u00f6n\u00fcndei\u00e7imde zonklayan ilk gen\u00e7li\u011fimde annemin \u0131skartas\u0131y\u0131mitalik yaz\u0131lm\u0131yorum m\u00fclk\u2019\u00fcn ve erk\u2019in \u00f6n\u00fcndehazin bir yan\u0131lg\u0131d\u0131r anneme\u015fya t\u0131k\u0131\u015ft\u0131ran \u00f6mr\u00fcne [&hellip;]\" \/>\n<meta property=\"og:url\" content=\"https:\/\/narteks.net\/index.php\/2010\/03\/01\/annem-ve-omrum\/\" \/>\n<meta property=\"og:site_name\" content=\"narteks.net\" \/>\n<meta property=\"article:published_time\" content=\"2010-03-01T08:21:21+00:00\" \/>\n<meta property=\"og:image\" content=\"https:\/\/narteks.net\/wp-content\/uploads\/narteks.png\" \/>\n\t<meta property=\"og:image:width\" content=\"300\" \/>\n\t<meta property=\"og:image:height\" content=\"90\" \/>\n\t<meta property=\"og:image:type\" content=\"image\/png\" \/>\n<meta name=\"author\" content=\"Tar\u0131k\" \/>\n<meta name=\"twitter:card\" content=\"summary_large_image\" \/>\n<meta name=\"twitter:creator\" content=\"@narteks\" \/>\n<meta name=\"twitter:site\" content=\"@narteks\" \/>\n<meta name=\"twitter:label1\" content=\"Yazan:\" \/>\n\t<meta name=\"twitter:data1\" content=\"Tar\u0131k\" \/>\n<script type=\"application\/ld+json\" class=\"yoast-schema-graph\">{\"@context\":\"https:\/\/schema.org\",\"@graph\":[{\"@type\":\"Article\",\"@id\":\"https:\/\/narteks.net\/index.php\/2010\/03\/01\/annem-ve-omrum\/#article\",\"isPartOf\":{\"@id\":\"https:\/\/narteks.net\/index.php\/2010\/03\/01\/annem-ve-omrum\/\"},\"author\":{\"name\":\"Tar\u0131k\",\"@id\":\"https:\/\/narteks.net\/#\/schema\/person\/61f37d9834294b72d31d274e7ed79bca\"},\"headline\":\"ANNEM VE \u00d6MR\u00dcM\",\"datePublished\":\"2010-03-01T08:21:21+00:00\",\"mainEntityOfPage\":{\"@id\":\"https:\/\/narteks.net\/index.php\/2010\/03\/01\/annem-ve-omrum\/\"},\"wordCount\":101,\"commentCount\":0,\"publisher\":{\"@id\":\"https:\/\/narteks.net\/#organization\"},\"articleSection\":[\"Serkan ENG\u0130N\"],\"inLanguage\":\"tr\",\"potentialAction\":[{\"@type\":\"CommentAction\",\"name\":\"Comment\",\"target\":[\"https:\/\/narteks.net\/index.php\/2010\/03\/01\/annem-ve-omrum\/#respond\"]}]},{\"@type\":\"WebPage\",\"@id\":\"https:\/\/narteks.net\/index.php\/2010\/03\/01\/annem-ve-omrum\/\",\"url\":\"https:\/\/narteks.net\/index.php\/2010\/03\/01\/annem-ve-omrum\/\",\"name\":\"ANNEM VE \u00d6MR\u00dcM - narteks.net\",\"isPartOf\":{\"@id\":\"https:\/\/narteks.net\/#website\"},\"datePublished\":\"2010-03-01T08:21:21+00:00\",\"breadcrumb\":{\"@id\":\"https:\/\/narteks.net\/index.php\/2010\/03\/01\/annem-ve-omrum\/#breadcrumb\"},\"inLanguage\":\"tr\",\"potentialAction\":[{\"@type\":\"ReadAction\",\"target\":[\"https:\/\/narteks.net\/index.php\/2010\/03\/01\/annem-ve-omrum\/\"]}]},{\"@type\":\"BreadcrumbList\",\"@id\":\"https:\/\/narteks.net\/index.php\/2010\/03\/01\/annem-ve-omrum\/#breadcrumb\",\"itemListElement\":[{\"@type\":\"ListItem\",\"position\":1,\"name\":\"Anasayfa\",\"item\":\"https:\/\/narteks.net\/\"},{\"@type\":\"ListItem\",\"position\":2,\"name\":\"ANNEM VE \u00d6MR\u00dcM\"}]},{\"@type\":\"WebSite\",\"@id\":\"https:\/\/narteks.net\/#website\",\"url\":\"https:\/\/narteks.net\/\",\"name\":\"narteks.net\",\"description\":\"K\u00fclt\u00fcr Sanat Edebiyat Felsefe\",\"publisher\":{\"@id\":\"https:\/\/narteks.net\/#organization\"},\"alternateName\":\"K\u00fclt\u00fcr Sanat Edebiyat Felsefe\",\"potentialAction\":[{\"@type\":\"SearchAction\",\"target\":{\"@type\":\"EntryPoint\",\"urlTemplate\":\"https:\/\/narteks.net\/?s={search_term_string}\"},\"query-input\":{\"@type\":\"PropertyValueSpecification\",\"valueRequired\":true,\"valueName\":\"search_term_string\"}}],\"inLanguage\":\"tr\"},{\"@type\":\"Organization\",\"@id\":\"https:\/\/narteks.net\/#organization\",\"name\":\"narteks.net\",\"url\":\"https:\/\/narteks.net\/\",\"logo\":{\"@type\":\"ImageObject\",\"inLanguage\":\"tr\",\"@id\":\"https:\/\/narteks.net\/#\/schema\/logo\/image\/\",\"url\":\"https:\/\/narteks.net\/wp-content\/uploads\/narteks.png\",\"contentUrl\":\"https:\/\/narteks.net\/wp-content\/uploads\/narteks.png\",\"width\":300,\"height\":90,\"caption\":\"narteks.net\"},\"image\":{\"@id\":\"https:\/\/narteks.net\/#\/schema\/logo\/image\/\"},\"sameAs\":[\"https:\/\/x.com\/narteks\",\"https:\/\/instagram.com\/narteksnet\"]},{\"@type\":\"Person\",\"@id\":\"https:\/\/narteks.net\/#\/schema\/person\/61f37d9834294b72d31d274e7ed79bca\",\"name\":\"Tar\u0131k\",\"image\":{\"@type\":\"ImageObject\",\"inLanguage\":\"tr\",\"@id\":\"https:\/\/narteks.net\/#\/schema\/person\/image\/\",\"url\":\"https:\/\/secure.gravatar.com\/avatar\/50865afb55632c4ae467e0af0930f6510aa2297d8014be502a55b14f3b7550cf?s=96&d=mm&r=g\",\"contentUrl\":\"https:\/\/secure.gravatar.com\/avatar\/50865afb55632c4ae467e0af0930f6510aa2297d8014be502a55b14f3b7550cf?s=96&d=mm&r=g\",\"caption\":\"Tar\u0131k\"},\"sameAs\":[\"http:\/\/narteks.net\"],\"url\":\"https:\/\/narteks.net\/index.php\/author\/narbak\/\"}]}<\/script>\n<!-- \/ Yoast SEO Premium plugin. -->","yoast_head_json":{"title":"ANNEM VE \u00d6MR\u00dcM - narteks.net","robots":{"index":"index","follow":"follow","max-snippet":"max-snippet:-1","max-image-preview":"max-image-preview:large","max-video-preview":"max-video-preview:-1"},"canonical":"https:\/\/narteks.net\/index.php\/2010\/03\/01\/annem-ve-omrum\/","og_locale":"tr_TR","og_type":"article","og_title":"ANNEM VE \u00d6MR\u00dcM","og_description":"\u00a0 ben anne bilmedimannem yakamda bir kangren \u00e7i\u00e7e\u011fi yaslatmad\u0131 ba\u015f\u0131m\u0131 huzurun dizlerinesa\u00e7\u0131m\u0131 \u015fefkat burcunda ok\u015famad\u0131bir \u00f6fke denizidir annemdalgalar\u0131 \u00e7ocuklu\u011fumu d\u00f6ven kendime giden yolda bir barikatt\u0131 annemtartaklay\u0131p tercihlerimi yar\u0131n\u0131ma \u00e7elme takanbir namlu gibi dayad\u0131 egosunu \u00f6mr\u00fcmebir \u00fcnlem i\u015faretiydi annem d\u00fc\u015flerimin \u00f6n\u00fcndei\u00e7imde zonklayan ilk gen\u00e7li\u011fimde annemin \u0131skartas\u0131y\u0131mitalik yaz\u0131lm\u0131yorum m\u00fclk\u2019\u00fcn ve erk\u2019in \u00f6n\u00fcndehazin bir yan\u0131lg\u0131d\u0131r anneme\u015fya t\u0131k\u0131\u015ft\u0131ran \u00f6mr\u00fcne [&hellip;]","og_url":"https:\/\/narteks.net\/index.php\/2010\/03\/01\/annem-ve-omrum\/","og_site_name":"narteks.net","article_published_time":"2010-03-01T08:21:21+00:00","og_image":[{"width":300,"height":90,"url":"https:\/\/narteks.net\/wp-content\/uploads\/narteks.png","type":"image\/png"}],"author":"Tar\u0131k","twitter_card":"summary_large_image","twitter_creator":"@narteks","twitter_site":"@narteks","twitter_misc":{"Yazan:":"Tar\u0131k"},"schema":{"@context":"https:\/\/schema.org","@graph":[{"@type":"Article","@id":"https:\/\/narteks.net\/index.php\/2010\/03\/01\/annem-ve-omrum\/#article","isPartOf":{"@id":"https:\/\/narteks.net\/index.php\/2010\/03\/01\/annem-ve-omrum\/"},"author":{"name":"Tar\u0131k","@id":"https:\/\/narteks.net\/#\/schema\/person\/61f37d9834294b72d31d274e7ed79bca"},"headline":"ANNEM VE \u00d6MR\u00dcM","datePublished":"2010-03-01T08:21:21+00:00","mainEntityOfPage":{"@id":"https:\/\/narteks.net\/index.php\/2010\/03\/01\/annem-ve-omrum\/"},"wordCount":101,"commentCount":0,"publisher":{"@id":"https:\/\/narteks.net\/#organization"},"articleSection":["Serkan ENG\u0130N"],"inLanguage":"tr","potentialAction":[{"@type":"CommentAction","name":"Comment","target":["https:\/\/narteks.net\/index.php\/2010\/03\/01\/annem-ve-omrum\/#respond"]}]},{"@type":"WebPage","@id":"https:\/\/narteks.net\/index.php\/2010\/03\/01\/annem-ve-omrum\/","url":"https:\/\/narteks.net\/index.php\/2010\/03\/01\/annem-ve-omrum\/","name":"ANNEM VE \u00d6MR\u00dcM - narteks.net","isPartOf":{"@id":"https:\/\/narteks.net\/#website"},"datePublished":"2010-03-01T08:21:21+00:00","breadcrumb":{"@id":"https:\/\/narteks.net\/index.php\/2010\/03\/01\/annem-ve-omrum\/#breadcrumb"},"inLanguage":"tr","potentialAction":[{"@type":"ReadAction","target":["https:\/\/narteks.net\/index.php\/2010\/03\/01\/annem-ve-omrum\/"]}]},{"@type":"BreadcrumbList","@id":"https:\/\/narteks.net\/index.php\/2010\/03\/01\/annem-ve-omrum\/#breadcrumb","itemListElement":[{"@type":"ListItem","position":1,"name":"Anasayfa","item":"https:\/\/narteks.net\/"},{"@type":"ListItem","position":2,"name":"ANNEM VE \u00d6MR\u00dcM"}]},{"@type":"WebSite","@id":"https:\/\/narteks.net\/#website","url":"https:\/\/narteks.net\/","name":"narteks.net","description":"K\u00fclt\u00fcr Sanat Edebiyat Felsefe","publisher":{"@id":"https:\/\/narteks.net\/#organization"},"alternateName":"K\u00fclt\u00fcr Sanat Edebiyat Felsefe","potentialAction":[{"@type":"SearchAction","target":{"@type":"EntryPoint","urlTemplate":"https:\/\/narteks.net\/?s={search_term_string}"},"query-input":{"@type":"PropertyValueSpecification","valueRequired":true,"valueName":"search_term_string"}}],"inLanguage":"tr"},{"@type":"Organization","@id":"https:\/\/narteks.net\/#organization","name":"narteks.net","url":"https:\/\/narteks.net\/","logo":{"@type":"ImageObject","inLanguage":"tr","@id":"https:\/\/narteks.net\/#\/schema\/logo\/image\/","url":"https:\/\/narteks.net\/wp-content\/uploads\/narteks.png","contentUrl":"https:\/\/narteks.net\/wp-content\/uploads\/narteks.png","width":300,"height":90,"caption":"narteks.net"},"image":{"@id":"https:\/\/narteks.net\/#\/schema\/logo\/image\/"},"sameAs":["https:\/\/x.com\/narteks","https:\/\/instagram.com\/narteksnet"]},{"@type":"Person","@id":"https:\/\/narteks.net\/#\/schema\/person\/61f37d9834294b72d31d274e7ed79bca","name":"Tar\u0131k","image":{"@type":"ImageObject","inLanguage":"tr","@id":"https:\/\/narteks.net\/#\/schema\/person\/image\/","url":"https:\/\/secure.gravatar.com\/avatar\/50865afb55632c4ae467e0af0930f6510aa2297d8014be502a55b14f3b7550cf?s=96&d=mm&r=g","contentUrl":"https:\/\/secure.gravatar.com\/avatar\/50865afb55632c4ae467e0af0930f6510aa2297d8014be502a55b14f3b7550cf?s=96&d=mm&r=g","caption":"Tar\u0131k"},"sameAs":["http:\/\/narteks.net"],"url":"https:\/\/narteks.net\/index.php\/author\/narbak\/"}]}},"_links":{"self":[{"href":"https:\/\/narteks.net\/index.php\/wp-json\/wp\/v2\/posts\/4293","targetHints":{"allow":["GET"]}}],"collection":[{"href":"https:\/\/narteks.net\/index.php\/wp-json\/wp\/v2\/posts"}],"about":[{"href":"https:\/\/narteks.net\/index.php\/wp-json\/wp\/v2\/types\/post"}],"author":[{"embeddable":true,"href":"https:\/\/narteks.net\/index.php\/wp-json\/wp\/v2\/users\/1"}],"replies":[{"embeddable":true,"href":"https:\/\/narteks.net\/index.php\/wp-json\/wp\/v2\/comments?post=4293"}],"version-history":[{"count":0,"href":"https:\/\/narteks.net\/index.php\/wp-json\/wp\/v2\/posts\/4293\/revisions"}],"wp:attachment":[{"href":"https:\/\/narteks.net\/index.php\/wp-json\/wp\/v2\/media?parent=4293"}],"wp:term":[{"taxonomy":"category","embeddable":true,"href":"https:\/\/narteks.net\/index.php\/wp-json\/wp\/v2\/categories?post=4293"},{"taxonomy":"post_tag","embeddable":true,"href":"https:\/\/narteks.net\/index.php\/wp-json\/wp\/v2\/tags?post=4293"}],"curies":[{"name":"wp","href":"https:\/\/api.w.org\/{rel}","templated":true}]}}