{"id":4294,"date":"2010-03-01T11:22:01","date_gmt":"2010-03-01T08:22:01","guid":{"rendered":"http:\/\/localhost\/wordpress\/2010\/03\/01\/cinnet-ve-izmit\/"},"modified":"2010-03-01T11:22:01","modified_gmt":"2010-03-01T08:22:01","slug":"cinnet-ve-izmit","status":"publish","type":"post","link":"https:\/\/narteks.net\/index.php\/2010\/03\/01\/cinnet-ve-izmit\/","title":{"rendered":"C\u0130NNET VE \u0130ZM\u0130T"},"content":{"rendered":"<p>\u00a0<\/p>\n<p>\u201c <em>Kocaman bir yaln\u0131zl\u0131kt\u0131 \u0130zmit<\/em> \u201d<br \/> Beh\u00e7et Aysan<\/p>\n<p style=\"margin: 0pt;\">uzun metrajl\u0131 bir i\u015fsizliktir \u0130zmit<br \/>bana cinnet g\u00f6mle\u011fi giydiren<br \/>elimde k\u00f6t\u00fcr\u00fcm bir diploma<br \/>a\u011f\u0131r tonajl\u0131 yoksulluk<br \/>\u00f6mr\u00fcm\u00fcn derisini y\u00fczerken<\/p>\n<p>yokannemin evidir \u0130zmit<br \/>salonuna gen\u00e7li\u011fimi hal\u0131 yap\u0131p ezdi\u011fi<br \/>kendimden eksildi\u011fim dar(a\u011fac\u0131) odam<br \/>izmaritlerin ve depresyonun istila etti\u011fi<\/p>\n<p>kimsesizli\u011fin izd\u00fc\u015f\u00fcm\u00fcd\u00fcr \u0130zmit<br \/>k\u0131rba\u00e7t\u0131r gecesinin ayaz dili<br \/>gar\u0131nda parklar\u0131nda cami avlular\u0131nda<br \/>ben ve yaln\u0131zl\u0131\u011fa havlayan sokak k\u00f6pekleri<br \/>a\u00e7l\u0131k bir sustal\u0131 gibi \u015fahdamar\u0131m\u0131zda<br \/>kederin kara yorgan\u0131 alt\u0131nda sabahlarken<\/p>\n<p>i\u00e7 kanamal\u0131 bir A\u015fk travmas\u0131d\u0131r \u0130zmit<br \/>i\u011fneli f\u0131\u00e7\u0131lara sokan kalbimi <br \/>kendimi \u0131skalad\u0131\u011f\u0131m y\u0131llar ve isyan<br \/>gen\u00e7li\u011fimin ince yerinde<\/p>\n<p>&#8211; <em>beni bir daha do\u011furma anne<\/em>!<br \/>\u2026 en az\u0131ndan \u0130zmit\u2019te<\/p>\n","protected":false},"excerpt":{"rendered":"<p>\u00a0 \u201c Kocaman bir yaln\u0131zl\u0131kt\u0131 \u0130zmit \u201d Beh\u00e7et Aysan uzun metrajl\u0131 bir i\u015fsizliktir \u0130zmitbana cinnet g\u00f6mle\u011fi giydirenelimde k\u00f6t\u00fcr\u00fcm bir diplomaa\u011f\u0131r tonajl\u0131 yoksulluk\u00f6mr\u00fcm\u00fcn derisini y\u00fczerken yokannemin evidir \u0130zmitsalonuna gen\u00e7li\u011fimi hal\u0131 yap\u0131p ezdi\u011fikendimden eksildi\u011fim dar(a\u011fac\u0131) odamizmaritlerin ve depresyonun istila etti\u011fi kimsesizli\u011fin izd\u00fc\u015f\u00fcm\u00fcd\u00fcr \u0130zmitk\u0131rba\u00e7t\u0131r gecesinin ayaz diligar\u0131nda parklar\u0131nda cami avlular\u0131ndaben ve yaln\u0131zl\u0131\u011fa havlayan sokak k\u00f6pekleria\u00e7l\u0131k bir sustal\u0131 gibi [&hellip;]<\/p>\n","protected":false},"author":1,"featured_media":0,"comment_status":"open","ping_status":"open","sticky":false,"template":"","format":"standard","meta":{"footnotes":""},"categories":[141],"tags":[],"class_list":{"0":"post-4294","1":"post","2":"type-post","3":"status-publish","4":"format-standard","6":"category-serkan-engin"},"yoast_head":"<!-- This site is optimized with the Yoast SEO Premium plugin v24.9 (Yoast SEO v24.9) - https:\/\/yoast.com\/wordpress\/plugins\/seo\/ -->\n<title>C\u0130NNET VE \u0130ZM\u0130T - narteks.net<\/title>\n<meta name=\"robots\" content=\"index, follow, max-snippet:-1, max-image-preview:large, max-video-preview:-1\" \/>\n<link rel=\"canonical\" href=\"https:\/\/narteks.net\/index.php\/2010\/03\/01\/cinnet-ve-izmit\/\" \/>\n<meta property=\"og:locale\" content=\"tr_TR\" \/>\n<meta property=\"og:type\" content=\"article\" \/>\n<meta property=\"og:title\" content=\"C\u0130NNET VE \u0130ZM\u0130T\" \/>\n<meta property=\"og:description\" content=\"\u00a0 \u201c Kocaman bir yaln\u0131zl\u0131kt\u0131 \u0130zmit \u201d Beh\u00e7et Aysan uzun metrajl\u0131 bir i\u015fsizliktir \u0130zmitbana cinnet g\u00f6mle\u011fi giydirenelimde k\u00f6t\u00fcr\u00fcm bir diplomaa\u011f\u0131r tonajl\u0131 yoksulluk\u00f6mr\u00fcm\u00fcn derisini y\u00fczerken yokannemin evidir \u0130zmitsalonuna gen\u00e7li\u011fimi hal\u0131 yap\u0131p ezdi\u011fikendimden eksildi\u011fim dar(a\u011fac\u0131) odamizmaritlerin ve depresyonun istila etti\u011fi kimsesizli\u011fin izd\u00fc\u015f\u00fcm\u00fcd\u00fcr \u0130zmitk\u0131rba\u00e7t\u0131r gecesinin ayaz diligar\u0131nda parklar\u0131nda cami avlular\u0131ndaben ve yaln\u0131zl\u0131\u011fa havlayan sokak k\u00f6pekleria\u00e7l\u0131k bir sustal\u0131 gibi [&hellip;]\" \/>\n<meta property=\"og:url\" content=\"https:\/\/narteks.net\/index.php\/2010\/03\/01\/cinnet-ve-izmit\/\" \/>\n<meta property=\"og:site_name\" content=\"narteks.net\" \/>\n<meta property=\"article:published_time\" content=\"2010-03-01T08:22:01+00:00\" \/>\n<meta property=\"og:image\" content=\"https:\/\/narteks.net\/wp-content\/uploads\/narteks.png\" \/>\n\t<meta property=\"og:image:width\" content=\"300\" \/>\n\t<meta property=\"og:image:height\" content=\"90\" \/>\n\t<meta property=\"og:image:type\" content=\"image\/png\" \/>\n<meta name=\"author\" content=\"Tar\u0131k\" \/>\n<meta name=\"twitter:card\" content=\"summary_large_image\" \/>\n<meta name=\"twitter:creator\" content=\"@narteks\" \/>\n<meta name=\"twitter:site\" content=\"@narteks\" \/>\n<meta name=\"twitter:label1\" content=\"Yazan:\" \/>\n\t<meta name=\"twitter:data1\" content=\"Tar\u0131k\" \/>\n\t<meta name=\"twitter:label2\" content=\"Tahmini okuma s\u00fcresi\" \/>\n\t<meta name=\"twitter:data2\" content=\"1 dakika\" \/>\n<script type=\"application\/ld+json\" class=\"yoast-schema-graph\">{\"@context\":\"https:\/\/schema.org\",\"@graph\":[{\"@type\":\"Article\",\"@id\":\"https:\/\/narteks.net\/index.php\/2010\/03\/01\/cinnet-ve-izmit\/#article\",\"isPartOf\":{\"@id\":\"https:\/\/narteks.net\/index.php\/2010\/03\/01\/cinnet-ve-izmit\/\"},\"author\":{\"name\":\"Tar\u0131k\",\"@id\":\"https:\/\/narteks.net\/#\/schema\/person\/61f37d9834294b72d31d274e7ed79bca\"},\"headline\":\"C\u0130NNET VE \u0130ZM\u0130T\",\"datePublished\":\"2010-03-01T08:22:01+00:00\",\"mainEntityOfPage\":{\"@id\":\"https:\/\/narteks.net\/index.php\/2010\/03\/01\/cinnet-ve-izmit\/\"},\"wordCount\":139,\"commentCount\":0,\"publisher\":{\"@id\":\"https:\/\/narteks.net\/#organization\"},\"articleSection\":[\"Serkan ENG\u0130N\"],\"inLanguage\":\"tr\",\"potentialAction\":[{\"@type\":\"CommentAction\",\"name\":\"Comment\",\"target\":[\"https:\/\/narteks.net\/index.php\/2010\/03\/01\/cinnet-ve-izmit\/#respond\"]}]},{\"@type\":\"WebPage\",\"@id\":\"https:\/\/narteks.net\/index.php\/2010\/03\/01\/cinnet-ve-izmit\/\",\"url\":\"https:\/\/narteks.net\/index.php\/2010\/03\/01\/cinnet-ve-izmit\/\",\"name\":\"C\u0130NNET VE \u0130ZM\u0130T - narteks.net\",\"isPartOf\":{\"@id\":\"https:\/\/narteks.net\/#website\"},\"datePublished\":\"2010-03-01T08:22:01+00:00\",\"breadcrumb\":{\"@id\":\"https:\/\/narteks.net\/index.php\/2010\/03\/01\/cinnet-ve-izmit\/#breadcrumb\"},\"inLanguage\":\"tr\",\"potentialAction\":[{\"@type\":\"ReadAction\",\"target\":[\"https:\/\/narteks.net\/index.php\/2010\/03\/01\/cinnet-ve-izmit\/\"]}]},{\"@type\":\"BreadcrumbList\",\"@id\":\"https:\/\/narteks.net\/index.php\/2010\/03\/01\/cinnet-ve-izmit\/#breadcrumb\",\"itemListElement\":[{\"@type\":\"ListItem\",\"position\":1,\"name\":\"Anasayfa\",\"item\":\"https:\/\/narteks.net\/\"},{\"@type\":\"ListItem\",\"position\":2,\"name\":\"C\u0130NNET VE \u0130ZM\u0130T\"}]},{\"@type\":\"WebSite\",\"@id\":\"https:\/\/narteks.net\/#website\",\"url\":\"https:\/\/narteks.net\/\",\"name\":\"narteks.net\",\"description\":\"K\u00fclt\u00fcr Sanat Edebiyat Felsefe\",\"publisher\":{\"@id\":\"https:\/\/narteks.net\/#organization\"},\"alternateName\":\"K\u00fclt\u00fcr Sanat Edebiyat Felsefe\",\"potentialAction\":[{\"@type\":\"SearchAction\",\"target\":{\"@type\":\"EntryPoint\",\"urlTemplate\":\"https:\/\/narteks.net\/?s={search_term_string}\"},\"query-input\":{\"@type\":\"PropertyValueSpecification\",\"valueRequired\":true,\"valueName\":\"search_term_string\"}}],\"inLanguage\":\"tr\"},{\"@type\":\"Organization\",\"@id\":\"https:\/\/narteks.net\/#organization\",\"name\":\"narteks.net\",\"url\":\"https:\/\/narteks.net\/\",\"logo\":{\"@type\":\"ImageObject\",\"inLanguage\":\"tr\",\"@id\":\"https:\/\/narteks.net\/#\/schema\/logo\/image\/\",\"url\":\"https:\/\/narteks.net\/wp-content\/uploads\/narteks.png\",\"contentUrl\":\"https:\/\/narteks.net\/wp-content\/uploads\/narteks.png\",\"width\":300,\"height\":90,\"caption\":\"narteks.net\"},\"image\":{\"@id\":\"https:\/\/narteks.net\/#\/schema\/logo\/image\/\"},\"sameAs\":[\"https:\/\/x.com\/narteks\",\"https:\/\/instagram.com\/narteksnet\"]},{\"@type\":\"Person\",\"@id\":\"https:\/\/narteks.net\/#\/schema\/person\/61f37d9834294b72d31d274e7ed79bca\",\"name\":\"Tar\u0131k\",\"image\":{\"@type\":\"ImageObject\",\"inLanguage\":\"tr\",\"@id\":\"https:\/\/narteks.net\/#\/schema\/person\/image\/\",\"url\":\"https:\/\/secure.gravatar.com\/avatar\/50865afb55632c4ae467e0af0930f6510aa2297d8014be502a55b14f3b7550cf?s=96&d=mm&r=g\",\"contentUrl\":\"https:\/\/secure.gravatar.com\/avatar\/50865afb55632c4ae467e0af0930f6510aa2297d8014be502a55b14f3b7550cf?s=96&d=mm&r=g\",\"caption\":\"Tar\u0131k\"},\"sameAs\":[\"http:\/\/narteks.net\"],\"url\":\"https:\/\/narteks.net\/index.php\/author\/narbak\/\"}]}<\/script>\n<!-- \/ Yoast SEO Premium plugin. -->","yoast_head_json":{"title":"C\u0130NNET VE \u0130ZM\u0130T - narteks.net","robots":{"index":"index","follow":"follow","max-snippet":"max-snippet:-1","max-image-preview":"max-image-preview:large","max-video-preview":"max-video-preview:-1"},"canonical":"https:\/\/narteks.net\/index.php\/2010\/03\/01\/cinnet-ve-izmit\/","og_locale":"tr_TR","og_type":"article","og_title":"C\u0130NNET VE \u0130ZM\u0130T","og_description":"\u00a0 \u201c Kocaman bir yaln\u0131zl\u0131kt\u0131 \u0130zmit \u201d Beh\u00e7et Aysan uzun metrajl\u0131 bir i\u015fsizliktir \u0130zmitbana cinnet g\u00f6mle\u011fi giydirenelimde k\u00f6t\u00fcr\u00fcm bir diplomaa\u011f\u0131r tonajl\u0131 yoksulluk\u00f6mr\u00fcm\u00fcn derisini y\u00fczerken yokannemin evidir \u0130zmitsalonuna gen\u00e7li\u011fimi hal\u0131 yap\u0131p ezdi\u011fikendimden eksildi\u011fim dar(a\u011fac\u0131) odamizmaritlerin ve depresyonun istila etti\u011fi kimsesizli\u011fin izd\u00fc\u015f\u00fcm\u00fcd\u00fcr \u0130zmitk\u0131rba\u00e7t\u0131r gecesinin ayaz diligar\u0131nda parklar\u0131nda cami avlular\u0131ndaben ve yaln\u0131zl\u0131\u011fa havlayan sokak k\u00f6pekleria\u00e7l\u0131k bir sustal\u0131 gibi [&hellip;]","og_url":"https:\/\/narteks.net\/index.php\/2010\/03\/01\/cinnet-ve-izmit\/","og_site_name":"narteks.net","article_published_time":"2010-03-01T08:22:01+00:00","og_image":[{"width":300,"height":90,"url":"https:\/\/narteks.net\/wp-content\/uploads\/narteks.png","type":"image\/png"}],"author":"Tar\u0131k","twitter_card":"summary_large_image","twitter_creator":"@narteks","twitter_site":"@narteks","twitter_misc":{"Yazan:":"Tar\u0131k","Tahmini okuma s\u00fcresi":"1 dakika"},"schema":{"@context":"https:\/\/schema.org","@graph":[{"@type":"Article","@id":"https:\/\/narteks.net\/index.php\/2010\/03\/01\/cinnet-ve-izmit\/#article","isPartOf":{"@id":"https:\/\/narteks.net\/index.php\/2010\/03\/01\/cinnet-ve-izmit\/"},"author":{"name":"Tar\u0131k","@id":"https:\/\/narteks.net\/#\/schema\/person\/61f37d9834294b72d31d274e7ed79bca"},"headline":"C\u0130NNET VE \u0130ZM\u0130T","datePublished":"2010-03-01T08:22:01+00:00","mainEntityOfPage":{"@id":"https:\/\/narteks.net\/index.php\/2010\/03\/01\/cinnet-ve-izmit\/"},"wordCount":139,"commentCount":0,"publisher":{"@id":"https:\/\/narteks.net\/#organization"},"articleSection":["Serkan ENG\u0130N"],"inLanguage":"tr","potentialAction":[{"@type":"CommentAction","name":"Comment","target":["https:\/\/narteks.net\/index.php\/2010\/03\/01\/cinnet-ve-izmit\/#respond"]}]},{"@type":"WebPage","@id":"https:\/\/narteks.net\/index.php\/2010\/03\/01\/cinnet-ve-izmit\/","url":"https:\/\/narteks.net\/index.php\/2010\/03\/01\/cinnet-ve-izmit\/","name":"C\u0130NNET VE \u0130ZM\u0130T - narteks.net","isPartOf":{"@id":"https:\/\/narteks.net\/#website"},"datePublished":"2010-03-01T08:22:01+00:00","breadcrumb":{"@id":"https:\/\/narteks.net\/index.php\/2010\/03\/01\/cinnet-ve-izmit\/#breadcrumb"},"inLanguage":"tr","potentialAction":[{"@type":"ReadAction","target":["https:\/\/narteks.net\/index.php\/2010\/03\/01\/cinnet-ve-izmit\/"]}]},{"@type":"BreadcrumbList","@id":"https:\/\/narteks.net\/index.php\/2010\/03\/01\/cinnet-ve-izmit\/#breadcrumb","itemListElement":[{"@type":"ListItem","position":1,"name":"Anasayfa","item":"https:\/\/narteks.net\/"},{"@type":"ListItem","position":2,"name":"C\u0130NNET VE \u0130ZM\u0130T"}]},{"@type":"WebSite","@id":"https:\/\/narteks.net\/#website","url":"https:\/\/narteks.net\/","name":"narteks.net","description":"K\u00fclt\u00fcr Sanat Edebiyat Felsefe","publisher":{"@id":"https:\/\/narteks.net\/#organization"},"alternateName":"K\u00fclt\u00fcr Sanat Edebiyat Felsefe","potentialAction":[{"@type":"SearchAction","target":{"@type":"EntryPoint","urlTemplate":"https:\/\/narteks.net\/?s={search_term_string}"},"query-input":{"@type":"PropertyValueSpecification","valueRequired":true,"valueName":"search_term_string"}}],"inLanguage":"tr"},{"@type":"Organization","@id":"https:\/\/narteks.net\/#organization","name":"narteks.net","url":"https:\/\/narteks.net\/","logo":{"@type":"ImageObject","inLanguage":"tr","@id":"https:\/\/narteks.net\/#\/schema\/logo\/image\/","url":"https:\/\/narteks.net\/wp-content\/uploads\/narteks.png","contentUrl":"https:\/\/narteks.net\/wp-content\/uploads\/narteks.png","width":300,"height":90,"caption":"narteks.net"},"image":{"@id":"https:\/\/narteks.net\/#\/schema\/logo\/image\/"},"sameAs":["https:\/\/x.com\/narteks","https:\/\/instagram.com\/narteksnet"]},{"@type":"Person","@id":"https:\/\/narteks.net\/#\/schema\/person\/61f37d9834294b72d31d274e7ed79bca","name":"Tar\u0131k","image":{"@type":"ImageObject","inLanguage":"tr","@id":"https:\/\/narteks.net\/#\/schema\/person\/image\/","url":"https:\/\/secure.gravatar.com\/avatar\/50865afb55632c4ae467e0af0930f6510aa2297d8014be502a55b14f3b7550cf?s=96&d=mm&r=g","contentUrl":"https:\/\/secure.gravatar.com\/avatar\/50865afb55632c4ae467e0af0930f6510aa2297d8014be502a55b14f3b7550cf?s=96&d=mm&r=g","caption":"Tar\u0131k"},"sameAs":["http:\/\/narteks.net"],"url":"https:\/\/narteks.net\/index.php\/author\/narbak\/"}]}},"_links":{"self":[{"href":"https:\/\/narteks.net\/index.php\/wp-json\/wp\/v2\/posts\/4294","targetHints":{"allow":["GET"]}}],"collection":[{"href":"https:\/\/narteks.net\/index.php\/wp-json\/wp\/v2\/posts"}],"about":[{"href":"https:\/\/narteks.net\/index.php\/wp-json\/wp\/v2\/types\/post"}],"author":[{"embeddable":true,"href":"https:\/\/narteks.net\/index.php\/wp-json\/wp\/v2\/users\/1"}],"replies":[{"embeddable":true,"href":"https:\/\/narteks.net\/index.php\/wp-json\/wp\/v2\/comments?post=4294"}],"version-history":[{"count":0,"href":"https:\/\/narteks.net\/index.php\/wp-json\/wp\/v2\/posts\/4294\/revisions"}],"wp:attachment":[{"href":"https:\/\/narteks.net\/index.php\/wp-json\/wp\/v2\/media?parent=4294"}],"wp:term":[{"taxonomy":"category","embeddable":true,"href":"https:\/\/narteks.net\/index.php\/wp-json\/wp\/v2\/categories?post=4294"},{"taxonomy":"post_tag","embeddable":true,"href":"https:\/\/narteks.net\/index.php\/wp-json\/wp\/v2\/tags?post=4294"}],"curies":[{"name":"wp","href":"https:\/\/api.w.org\/{rel}","templated":true}]}}