{"id":4295,"date":"2010-03-01T11:23:04","date_gmt":"2010-03-01T08:23:04","guid":{"rendered":"http:\/\/localhost\/wordpress\/2010\/03\/01\/ailem-ve-diyalektik\/"},"modified":"2010-03-01T11:23:04","modified_gmt":"2010-03-01T08:23:04","slug":"ailem-ve-diyalektik","status":"publish","type":"post","link":"https:\/\/narteks.net\/index.php\/2010\/03\/01\/ailem-ve-diyalektik\/","title":{"rendered":"A\u0130LEM (!) VE D\u0130YALEKT\u0130K"},"content":{"rendered":"<p>\u00a0<\/p>\n<p style=\"margin: 0pt;\">kendime ko\u015ftuk\u00e7a azald\u0131\u011f\u0131md\u0131r babam<\/p>\n<p style=\"margin: 0pt;\">donan\u0131p tepeden t\u0131rna\u011fa g\u00fcne\u015f \u00e7i\u00e7ekleriyle<\/p>\n<p style=\"margin: 0pt;\">k\u0131vr\u0131ms\u0131z beyninde serbest sal\u0131n\u0131m yapan<\/p>\n<p style=\"margin: 0pt;\">me\u015fin yuvarlak ve bira<\/p>\n<p style=\"margin: 0pt;\">polis\u2019ten ve allah\u2019tan e\u015fde\u011fer korkulu<\/p>\n<p style=\"margin: 0pt;\">kendini hi\u00e7li\u011fe b\u00fcy\u00fctt\u00fc\u011f\u00fcn\u00fc bile bilmeyen<\/p>\n<p style=\"margin: 0pt;\">\u00a0<\/p>\n<p style=\"margin: 0pt;\">\u00a0<\/p>\n<p style=\"margin: 0pt 0pt 0pt 18pt;\">&#8211;\u00a0\u00a0\u00a0\u00a0\u00a0\u00a0\u00a0<em> ulan\u00a0 buras\u0131 Nas\u0131ra m\u0131 yoksa \u0130zmit<\/em><\/p>\n<p style=\"margin: 0pt 0pt 0pt 18pt;\"><em>gen\u00e7li\u011fimi \u00e7arm\u0131ha geren babam ve pragmatizm<\/em><\/p>\n<p style=\"margin: 0pt 0pt 0pt 18pt;\">\u00a0<\/p>\n<p style=\"margin: 0pt;\">\u00a0<\/p>\n<p style=\"margin: 0pt;\">mor bir dikendir annem batan \u00f6mr\u00fcme<\/p>\n<p style=\"margin: 0pt;\">buru\u015fuk kalbinde yatan<\/p>\n<p style=\"margin: 0pt;\">m\u00fclkiyet oburlu\u011fu ve pusulas\u0131z \u00f6fke<\/p>\n<p style=\"margin: 0pt;\">para\u2019ya allah\u2019tan daha \u00e7ok imanl\u0131<\/p>\n<p style=\"margin: 0pt;\">kendini hi\u00e7li\u011fe b\u00fcy\u00fctt\u00fc\u011f\u00fc bile bilmeyen<\/p>\n<p style=\"margin: 0pt;\">\u00a0<\/p>\n<p style=\"margin: 0pt;\">\u00a0<\/p>\n<p style=\"margin: 0pt 0pt 0pt 18pt;\">&#8211;\u00a0\u00a0\u00a0\u00a0\u00a0\u00a0\u00a0\u00a0 <em> ulan buras\u0131 Nas\u0131ra m\u0131 yoksa \u0130zmit<\/em><\/p>\n<p style=\"margin: 0pt 0pt 0pt 18pt;\"><em>gen\u00e7li\u011fimi \u00e7arm\u0131ha geren annem ve kapitalizm<\/em><\/p>\n","protected":false},"excerpt":{"rendered":"<p>\u00a0 kendime ko\u015ftuk\u00e7a azald\u0131\u011f\u0131md\u0131r babam donan\u0131p tepeden t\u0131rna\u011fa g\u00fcne\u015f \u00e7i\u00e7ekleriyle k\u0131vr\u0131ms\u0131z beyninde serbest sal\u0131n\u0131m yapan me\u015fin yuvarlak ve bira polis\u2019ten ve allah\u2019tan e\u015fde\u011fer korkulu kendini hi\u00e7li\u011fe b\u00fcy\u00fctt\u00fc\u011f\u00fcn\u00fc bile bilmeyen \u00a0 \u00a0 &#8211;\u00a0\u00a0\u00a0\u00a0\u00a0\u00a0\u00a0 ulan\u00a0 buras\u0131 Nas\u0131ra m\u0131 yoksa \u0130zmit gen\u00e7li\u011fimi \u00e7arm\u0131ha geren babam ve pragmatizm \u00a0 \u00a0 mor bir dikendir annem batan \u00f6mr\u00fcme buru\u015fuk kalbinde yatan [&hellip;]<\/p>\n","protected":false},"author":1,"featured_media":0,"comment_status":"open","ping_status":"open","sticky":false,"template":"","format":"standard","meta":{"footnotes":""},"categories":[141],"tags":[],"class_list":{"0":"post-4295","1":"post","2":"type-post","3":"status-publish","4":"format-standard","6":"category-serkan-engin"},"yoast_head":"<!-- This site is optimized with the Yoast SEO Premium plugin v24.9 (Yoast SEO v24.9) - https:\/\/yoast.com\/wordpress\/plugins\/seo\/ -->\n<title>A\u0130LEM (!) VE D\u0130YALEKT\u0130K - narteks.net<\/title>\n<meta name=\"robots\" content=\"index, follow, max-snippet:-1, max-image-preview:large, max-video-preview:-1\" \/>\n<link rel=\"canonical\" href=\"https:\/\/narteks.net\/index.php\/2010\/03\/01\/ailem-ve-diyalektik\/\" \/>\n<meta property=\"og:locale\" content=\"tr_TR\" \/>\n<meta property=\"og:type\" content=\"article\" \/>\n<meta property=\"og:title\" content=\"A\u0130LEM (!) VE D\u0130YALEKT\u0130K\" \/>\n<meta property=\"og:description\" content=\"\u00a0 kendime ko\u015ftuk\u00e7a azald\u0131\u011f\u0131md\u0131r babam donan\u0131p tepeden t\u0131rna\u011fa g\u00fcne\u015f \u00e7i\u00e7ekleriyle k\u0131vr\u0131ms\u0131z beyninde serbest sal\u0131n\u0131m yapan me\u015fin yuvarlak ve bira polis\u2019ten ve allah\u2019tan e\u015fde\u011fer korkulu kendini hi\u00e7li\u011fe b\u00fcy\u00fctt\u00fc\u011f\u00fcn\u00fc bile bilmeyen \u00a0 \u00a0 &#8211;\u00a0\u00a0\u00a0\u00a0\u00a0\u00a0\u00a0 ulan\u00a0 buras\u0131 Nas\u0131ra m\u0131 yoksa \u0130zmit gen\u00e7li\u011fimi \u00e7arm\u0131ha geren babam ve pragmatizm \u00a0 \u00a0 mor bir dikendir annem batan \u00f6mr\u00fcme buru\u015fuk kalbinde yatan [&hellip;]\" \/>\n<meta property=\"og:url\" content=\"https:\/\/narteks.net\/index.php\/2010\/03\/01\/ailem-ve-diyalektik\/\" \/>\n<meta property=\"og:site_name\" content=\"narteks.net\" \/>\n<meta property=\"article:published_time\" content=\"2010-03-01T08:23:04+00:00\" \/>\n<meta property=\"og:image\" content=\"https:\/\/narteks.net\/wp-content\/uploads\/narteks.png\" \/>\n\t<meta property=\"og:image:width\" content=\"300\" \/>\n\t<meta property=\"og:image:height\" content=\"90\" \/>\n\t<meta property=\"og:image:type\" content=\"image\/png\" \/>\n<meta name=\"author\" content=\"Tar\u0131k\" \/>\n<meta name=\"twitter:card\" content=\"summary_large_image\" \/>\n<meta name=\"twitter:creator\" content=\"@narteks\" \/>\n<meta name=\"twitter:site\" content=\"@narteks\" \/>\n<meta name=\"twitter:label1\" content=\"Yazan:\" \/>\n\t<meta name=\"twitter:data1\" content=\"Tar\u0131k\" \/>\n\t<meta name=\"twitter:label2\" content=\"Tahmini okuma s\u00fcresi\" \/>\n\t<meta name=\"twitter:data2\" content=\"1 dakika\" \/>\n<script type=\"application\/ld+json\" class=\"yoast-schema-graph\">{\"@context\":\"https:\/\/schema.org\",\"@graph\":[{\"@type\":\"Article\",\"@id\":\"https:\/\/narteks.net\/index.php\/2010\/03\/01\/ailem-ve-diyalektik\/#article\",\"isPartOf\":{\"@id\":\"https:\/\/narteks.net\/index.php\/2010\/03\/01\/ailem-ve-diyalektik\/\"},\"author\":{\"name\":\"Tar\u0131k\",\"@id\":\"https:\/\/narteks.net\/#\/schema\/person\/61f37d9834294b72d31d274e7ed79bca\"},\"headline\":\"A\u0130LEM (!) VE D\u0130YALEKT\u0130K\",\"datePublished\":\"2010-03-01T08:23:04+00:00\",\"mainEntityOfPage\":{\"@id\":\"https:\/\/narteks.net\/index.php\/2010\/03\/01\/ailem-ve-diyalektik\/\"},\"wordCount\":127,\"commentCount\":0,\"publisher\":{\"@id\":\"https:\/\/narteks.net\/#organization\"},\"articleSection\":[\"Serkan ENG\u0130N\"],\"inLanguage\":\"tr\",\"potentialAction\":[{\"@type\":\"CommentAction\",\"name\":\"Comment\",\"target\":[\"https:\/\/narteks.net\/index.php\/2010\/03\/01\/ailem-ve-diyalektik\/#respond\"]}]},{\"@type\":\"WebPage\",\"@id\":\"https:\/\/narteks.net\/index.php\/2010\/03\/01\/ailem-ve-diyalektik\/\",\"url\":\"https:\/\/narteks.net\/index.php\/2010\/03\/01\/ailem-ve-diyalektik\/\",\"name\":\"A\u0130LEM (!) VE D\u0130YALEKT\u0130K - narteks.net\",\"isPartOf\":{\"@id\":\"https:\/\/narteks.net\/#website\"},\"datePublished\":\"2010-03-01T08:23:04+00:00\",\"breadcrumb\":{\"@id\":\"https:\/\/narteks.net\/index.php\/2010\/03\/01\/ailem-ve-diyalektik\/#breadcrumb\"},\"inLanguage\":\"tr\",\"potentialAction\":[{\"@type\":\"ReadAction\",\"target\":[\"https:\/\/narteks.net\/index.php\/2010\/03\/01\/ailem-ve-diyalektik\/\"]}]},{\"@type\":\"BreadcrumbList\",\"@id\":\"https:\/\/narteks.net\/index.php\/2010\/03\/01\/ailem-ve-diyalektik\/#breadcrumb\",\"itemListElement\":[{\"@type\":\"ListItem\",\"position\":1,\"name\":\"Anasayfa\",\"item\":\"https:\/\/narteks.net\/\"},{\"@type\":\"ListItem\",\"position\":2,\"name\":\"A\u0130LEM (!) VE D\u0130YALEKT\u0130K\"}]},{\"@type\":\"WebSite\",\"@id\":\"https:\/\/narteks.net\/#website\",\"url\":\"https:\/\/narteks.net\/\",\"name\":\"narteks.net\",\"description\":\"K\u00fclt\u00fcr Sanat Edebiyat Felsefe\",\"publisher\":{\"@id\":\"https:\/\/narteks.net\/#organization\"},\"alternateName\":\"K\u00fclt\u00fcr Sanat Edebiyat Felsefe\",\"potentialAction\":[{\"@type\":\"SearchAction\",\"target\":{\"@type\":\"EntryPoint\",\"urlTemplate\":\"https:\/\/narteks.net\/?s={search_term_string}\"},\"query-input\":{\"@type\":\"PropertyValueSpecification\",\"valueRequired\":true,\"valueName\":\"search_term_string\"}}],\"inLanguage\":\"tr\"},{\"@type\":\"Organization\",\"@id\":\"https:\/\/narteks.net\/#organization\",\"name\":\"narteks.net\",\"url\":\"https:\/\/narteks.net\/\",\"logo\":{\"@type\":\"ImageObject\",\"inLanguage\":\"tr\",\"@id\":\"https:\/\/narteks.net\/#\/schema\/logo\/image\/\",\"url\":\"https:\/\/narteks.net\/wp-content\/uploads\/narteks.png\",\"contentUrl\":\"https:\/\/narteks.net\/wp-content\/uploads\/narteks.png\",\"width\":300,\"height\":90,\"caption\":\"narteks.net\"},\"image\":{\"@id\":\"https:\/\/narteks.net\/#\/schema\/logo\/image\/\"},\"sameAs\":[\"https:\/\/x.com\/narteks\",\"https:\/\/instagram.com\/narteksnet\"]},{\"@type\":\"Person\",\"@id\":\"https:\/\/narteks.net\/#\/schema\/person\/61f37d9834294b72d31d274e7ed79bca\",\"name\":\"Tar\u0131k\",\"image\":{\"@type\":\"ImageObject\",\"inLanguage\":\"tr\",\"@id\":\"https:\/\/narteks.net\/#\/schema\/person\/image\/\",\"url\":\"https:\/\/secure.gravatar.com\/avatar\/50865afb55632c4ae467e0af0930f6510aa2297d8014be502a55b14f3b7550cf?s=96&d=mm&r=g\",\"contentUrl\":\"https:\/\/secure.gravatar.com\/avatar\/50865afb55632c4ae467e0af0930f6510aa2297d8014be502a55b14f3b7550cf?s=96&d=mm&r=g\",\"caption\":\"Tar\u0131k\"},\"sameAs\":[\"http:\/\/narteks.net\"],\"url\":\"https:\/\/narteks.net\/index.php\/author\/narbak\/\"}]}<\/script>\n<!-- \/ Yoast SEO Premium plugin. -->","yoast_head_json":{"title":"A\u0130LEM (!) VE D\u0130YALEKT\u0130K - narteks.net","robots":{"index":"index","follow":"follow","max-snippet":"max-snippet:-1","max-image-preview":"max-image-preview:large","max-video-preview":"max-video-preview:-1"},"canonical":"https:\/\/narteks.net\/index.php\/2010\/03\/01\/ailem-ve-diyalektik\/","og_locale":"tr_TR","og_type":"article","og_title":"A\u0130LEM (!) VE D\u0130YALEKT\u0130K","og_description":"\u00a0 kendime ko\u015ftuk\u00e7a azald\u0131\u011f\u0131md\u0131r babam donan\u0131p tepeden t\u0131rna\u011fa g\u00fcne\u015f \u00e7i\u00e7ekleriyle k\u0131vr\u0131ms\u0131z beyninde serbest sal\u0131n\u0131m yapan me\u015fin yuvarlak ve bira polis\u2019ten ve allah\u2019tan e\u015fde\u011fer korkulu kendini hi\u00e7li\u011fe b\u00fcy\u00fctt\u00fc\u011f\u00fcn\u00fc bile bilmeyen \u00a0 \u00a0 &#8211;\u00a0\u00a0\u00a0\u00a0\u00a0\u00a0\u00a0 ulan\u00a0 buras\u0131 Nas\u0131ra m\u0131 yoksa \u0130zmit gen\u00e7li\u011fimi \u00e7arm\u0131ha geren babam ve pragmatizm \u00a0 \u00a0 mor bir dikendir annem batan \u00f6mr\u00fcme buru\u015fuk kalbinde yatan [&hellip;]","og_url":"https:\/\/narteks.net\/index.php\/2010\/03\/01\/ailem-ve-diyalektik\/","og_site_name":"narteks.net","article_published_time":"2010-03-01T08:23:04+00:00","og_image":[{"width":300,"height":90,"url":"https:\/\/narteks.net\/wp-content\/uploads\/narteks.png","type":"image\/png"}],"author":"Tar\u0131k","twitter_card":"summary_large_image","twitter_creator":"@narteks","twitter_site":"@narteks","twitter_misc":{"Yazan:":"Tar\u0131k","Tahmini okuma s\u00fcresi":"1 dakika"},"schema":{"@context":"https:\/\/schema.org","@graph":[{"@type":"Article","@id":"https:\/\/narteks.net\/index.php\/2010\/03\/01\/ailem-ve-diyalektik\/#article","isPartOf":{"@id":"https:\/\/narteks.net\/index.php\/2010\/03\/01\/ailem-ve-diyalektik\/"},"author":{"name":"Tar\u0131k","@id":"https:\/\/narteks.net\/#\/schema\/person\/61f37d9834294b72d31d274e7ed79bca"},"headline":"A\u0130LEM (!) VE D\u0130YALEKT\u0130K","datePublished":"2010-03-01T08:23:04+00:00","mainEntityOfPage":{"@id":"https:\/\/narteks.net\/index.php\/2010\/03\/01\/ailem-ve-diyalektik\/"},"wordCount":127,"commentCount":0,"publisher":{"@id":"https:\/\/narteks.net\/#organization"},"articleSection":["Serkan ENG\u0130N"],"inLanguage":"tr","potentialAction":[{"@type":"CommentAction","name":"Comment","target":["https:\/\/narteks.net\/index.php\/2010\/03\/01\/ailem-ve-diyalektik\/#respond"]}]},{"@type":"WebPage","@id":"https:\/\/narteks.net\/index.php\/2010\/03\/01\/ailem-ve-diyalektik\/","url":"https:\/\/narteks.net\/index.php\/2010\/03\/01\/ailem-ve-diyalektik\/","name":"A\u0130LEM (!) VE D\u0130YALEKT\u0130K - narteks.net","isPartOf":{"@id":"https:\/\/narteks.net\/#website"},"datePublished":"2010-03-01T08:23:04+00:00","breadcrumb":{"@id":"https:\/\/narteks.net\/index.php\/2010\/03\/01\/ailem-ve-diyalektik\/#breadcrumb"},"inLanguage":"tr","potentialAction":[{"@type":"ReadAction","target":["https:\/\/narteks.net\/index.php\/2010\/03\/01\/ailem-ve-diyalektik\/"]}]},{"@type":"BreadcrumbList","@id":"https:\/\/narteks.net\/index.php\/2010\/03\/01\/ailem-ve-diyalektik\/#breadcrumb","itemListElement":[{"@type":"ListItem","position":1,"name":"Anasayfa","item":"https:\/\/narteks.net\/"},{"@type":"ListItem","position":2,"name":"A\u0130LEM (!) VE D\u0130YALEKT\u0130K"}]},{"@type":"WebSite","@id":"https:\/\/narteks.net\/#website","url":"https:\/\/narteks.net\/","name":"narteks.net","description":"K\u00fclt\u00fcr Sanat Edebiyat Felsefe","publisher":{"@id":"https:\/\/narteks.net\/#organization"},"alternateName":"K\u00fclt\u00fcr Sanat Edebiyat Felsefe","potentialAction":[{"@type":"SearchAction","target":{"@type":"EntryPoint","urlTemplate":"https:\/\/narteks.net\/?s={search_term_string}"},"query-input":{"@type":"PropertyValueSpecification","valueRequired":true,"valueName":"search_term_string"}}],"inLanguage":"tr"},{"@type":"Organization","@id":"https:\/\/narteks.net\/#organization","name":"narteks.net","url":"https:\/\/narteks.net\/","logo":{"@type":"ImageObject","inLanguage":"tr","@id":"https:\/\/narteks.net\/#\/schema\/logo\/image\/","url":"https:\/\/narteks.net\/wp-content\/uploads\/narteks.png","contentUrl":"https:\/\/narteks.net\/wp-content\/uploads\/narteks.png","width":300,"height":90,"caption":"narteks.net"},"image":{"@id":"https:\/\/narteks.net\/#\/schema\/logo\/image\/"},"sameAs":["https:\/\/x.com\/narteks","https:\/\/instagram.com\/narteksnet"]},{"@type":"Person","@id":"https:\/\/narteks.net\/#\/schema\/person\/61f37d9834294b72d31d274e7ed79bca","name":"Tar\u0131k","image":{"@type":"ImageObject","inLanguage":"tr","@id":"https:\/\/narteks.net\/#\/schema\/person\/image\/","url":"https:\/\/secure.gravatar.com\/avatar\/50865afb55632c4ae467e0af0930f6510aa2297d8014be502a55b14f3b7550cf?s=96&d=mm&r=g","contentUrl":"https:\/\/secure.gravatar.com\/avatar\/50865afb55632c4ae467e0af0930f6510aa2297d8014be502a55b14f3b7550cf?s=96&d=mm&r=g","caption":"Tar\u0131k"},"sameAs":["http:\/\/narteks.net"],"url":"https:\/\/narteks.net\/index.php\/author\/narbak\/"}]}},"_links":{"self":[{"href":"https:\/\/narteks.net\/index.php\/wp-json\/wp\/v2\/posts\/4295","targetHints":{"allow":["GET"]}}],"collection":[{"href":"https:\/\/narteks.net\/index.php\/wp-json\/wp\/v2\/posts"}],"about":[{"href":"https:\/\/narteks.net\/index.php\/wp-json\/wp\/v2\/types\/post"}],"author":[{"embeddable":true,"href":"https:\/\/narteks.net\/index.php\/wp-json\/wp\/v2\/users\/1"}],"replies":[{"embeddable":true,"href":"https:\/\/narteks.net\/index.php\/wp-json\/wp\/v2\/comments?post=4295"}],"version-history":[{"count":0,"href":"https:\/\/narteks.net\/index.php\/wp-json\/wp\/v2\/posts\/4295\/revisions"}],"wp:attachment":[{"href":"https:\/\/narteks.net\/index.php\/wp-json\/wp\/v2\/media?parent=4295"}],"wp:term":[{"taxonomy":"category","embeddable":true,"href":"https:\/\/narteks.net\/index.php\/wp-json\/wp\/v2\/categories?post=4295"},{"taxonomy":"post_tag","embeddable":true,"href":"https:\/\/narteks.net\/index.php\/wp-json\/wp\/v2\/tags?post=4295"}],"curies":[{"name":"wp","href":"https:\/\/api.w.org\/{rel}","templated":true}]}}