{"id":4299,"date":"2010-03-01T14:24:26","date_gmt":"2010-03-01T11:24:26","guid":{"rendered":"http:\/\/localhost\/wordpress\/2010\/03\/01\/bile-bile-yalan-soylememek-ve-insanin-insani-ezmesine-karsi-koymak-isvec-soylevi-albert-camus\/"},"modified":"2010-03-01T14:24:26","modified_gmt":"2010-03-01T11:24:26","slug":"bile-bile-yalan-soylememek-ve-insanin-insani-ezmesine-karsi-koymak-isvec-soylevi-albert-camus","status":"publish","type":"post","link":"https:\/\/narteks.net\/index.php\/2010\/03\/01\/bile-bile-yalan-soylememek-ve-insanin-insani-ezmesine-karsi-koymak-isvec-soylevi-albert-camus\/","title":{"rendered":"Bile bile yalan s\u00f6ylememek ve insan\u0131n insan\u0131 ezmesine kar\u015f\u0131 koymak | \u0130sve\u00e7 S\u00f6ylevi &#8211; Albert Camus"},"content":{"rendered":"<p style=\"text-align: justify;\"><img loading=\"lazy\" decoding=\"async\" style=\"float: left;\" src=\"http:\/\/t2.gstatic.com\/images?q=tbn:DkXyksFMV8BrWM:http:\/\/www.frenchlib.org\/graphics\/karsh2.jpg\" width=\"155\" height=\"205\" border=\"0\" \/>Ben kendi hesab\u0131ma sanat\u0131m olmadan ya\u015fayamam. Ama, bu sanat\u0131 her \u015feyin \u00fcst\u00fcne koymu\u015f da de\u011filim. Tersine, onsuz edemeyi\u015fim, onun beni herkesle bir etmesi ve oldu\u011fumdan ba\u015fka t\u00fcrl\u00fc olmaks\u0131z\u0131n herkesle bir d\u00fczeyde ya\u015fatmas\u0131d\u0131r. Sanat, benim i\u00e7in tek ba\u015f\u0131na tad\u0131 \u00e7\u0131kar\u0131lan bir \u015fey de\u011fildir. Sanat bence, en b\u00fcy\u00fck say\u0131da insan\u0131, ortak ac\u0131lar ve sevin\u00e7lerle co\u015fturacak g\u00f6r\u00fcnt\u00fcleri, bi\u00e7imleri bulmakt\u0131r. Demek ki sanat, sanat\u00e7\u0131y\u0131 insanlardan ayr\u0131lmamaya zorlar; onu, en g\u00fcndelik ve en evrensel ger\u00e7e\u011fe ba\u011flar.<\/p>\n<p style=\"text-align: justify;\">Ve \u00e7ok kez, kendilerini ba\u015fkalar\u0131ndan ayr\u0131 g\u00f6rd\u00fckleri i\u00e7in, sanat\u0131 se\u00e7enler k\u0131sa bir zaman sonra anlarlar ki, sanatlar\u0131n\u0131 ve ba\u015fkal\u0131klar\u0131n\u0131 ancak herkesle benzerliklerini ortaya koyarak g\u00f6sterebilirler. Sanat\u00e7\u0131, kendini bu ba\u015fkalar\u0131na gidip gelme ile yo\u011furur : Vazge\u00e7emedi\u011fi g\u00fczellik ve kopamad\u0131\u011f\u0131 topluluk aras\u0131ndad\u0131r. Onun i\u00e7in ger\u00e7ek sanat\u00e7\u0131lar hi\u00e7bir \u015feyi k\u00fc\u00e7\u00fck g\u00f6rmezler; yarg\u0131lamaya de\u011fil, anlamaya \u00e7al\u0131\u015f\u0131rlar. Ve d\u00fcnyada tutacaklar\u0131 bir yer varsa, o da, Nietzsche&#8217;nin \u00e7ok g\u00fczel s\u00f6yledi\u011fi gibi, yarg\u0131c\u0131n de\u011fil, i\u015f\u00e7i olsun ayd\u0131n olsun, yarat\u0131c\u0131n\u0131n ba\u015fa ge\u00e7ece\u011fi bir d\u00fcnya olacakt\u0131r.<\/p>\n<p style=\"text-align: justify;\">Buna inand\u0131k m\u0131, yazar\u0131n rol\u00fc, ister istemez, g\u00fc\u00e7le\u015fiyor. Sanat\u00e7\u0131, tan\u0131m\u0131 gere\u011fi, bug\u00fcn tarihi yapanlar\u0131n buyru\u011funa giremez : Tersine, ona kat\u0131lanlar\u0131n buyru\u011fundad\u0131r. Yoksa, tek ba\u015f\u0131na ve sanat\u0131n\u0131n uza\u011f\u0131nda kal\u0131r. Zorbal\u0131k milyonlarca adam\u0131 ile birlikte onu yaln\u0131zl\u0131\u011f\u0131ndan ay\u0131ramaz, onlara ayak uydurmaya kalk\u0131\u015fsa bile, hatta, as\u0131l o zaman. Ama, d\u00fcnyan\u0131n \u00f6b\u00fcr ucunda hapse girmi\u015f ve hor g\u00f6r\u00fclm\u00fc\u015f, bilmedi\u011fimiz bir insan\u0131n \u00e7\u0131kmayan sesi, yazar\u0131, yaln\u0131zl\u0131\u011f\u0131ndan kurtarmaya yeter, hi\u00e7 de\u011filse, \u00f6zg\u00fcrl\u00fc\u011f\u00fcn sa\u011flad\u0131\u011f\u0131 olanaklar i\u00e7inde, o \u00e7\u0131kmayan sesi unutmamay\u0131 ve onu sanat yoluyla duyurmay\u0131 ba\u015fard\u0131k\u00e7a.<\/p>\n<p style=\"text-align: justify;\">Hi\u00e7birimiz b\u00f6ylesine b\u00fcy\u00fck bir i\u015fin adam\u0131 de\u011filiz. \u0130ster b\u00fct\u00fcn \u00f6mr\u00fcnce \u00fcns\u00fcz ya da bir zaman i\u00e7in \u00fcnl\u00fc olsun, ister zorbalar\u0131n zincirlerine vurulsun, ister bir s\u00fcre dile\u011fini \u00f6zg\u00fcrce s\u00f6ylesin, yazar kendini hakl\u0131 ve canl\u0131 bir topluluk i\u00e7inde duyabilir; bu da, yazar\u0131n, elinden geldi\u011fince, sanat\u0131n\u0131n b\u00fcy\u00fckl\u00fc\u011f\u00fcn\u00fc yapan \u015fu iki g\u00f6revi y\u00fcklenmesiyle olur : Ger\u00e7e\u011fi ve \u00f6zg\u00fcrl\u00fc\u011f\u00fc.<\/p>\n<p style=\"text-align: justify;\">Sanat\u00e7\u0131n\u0131n i\u015fi en b\u00fcy\u00fck say\u0131da insan\u0131 toplamak oldu\u011fu i\u00e7in, yalanla ve k\u00f6lelikle uzla\u015famaz, \u00e7\u00fcnk\u00fc, yalan da k\u00f6lelik de, bulunduklar\u0131 yerde yaln\u0131zl\u0131klar\u0131 \u00e7o\u011falt\u0131rlar. Tek tek olarak sakatl\u0131klar\u0131m\u0131z ne olursa olsun, soylu yazarl\u0131k sanat\u0131, korunmas\u0131 g\u00fc\u00e7 olan \u015fu iki \u00f6deve ba\u011fl\u0131 kalacakt\u0131r : Bile bile yalan s\u00f6ylememek ve insan\u0131n insan\u0131 ezmesine kar\u015f\u0131 koymak.<\/p>\n<p style=\"text-align: justify;\">\u0130sve\u00e7 S\u00f6ylevi &#8211; Albert Camus<\/p>\n","protected":false},"excerpt":{"rendered":"<p>Ben kendi hesab\u0131ma sanat\u0131m olmadan ya\u015fayamam. Ama, bu sanat\u0131 her \u015feyin \u00fcst\u00fcne koymu\u015f da de\u011filim. Tersine, onsuz edemeyi\u015fim, onun beni herkesle bir etmesi ve oldu\u011fumdan ba\u015fka t\u00fcrl\u00fc olmaks\u0131z\u0131n herkesle bir d\u00fczeyde ya\u015fatmas\u0131d\u0131r. Sanat, benim i\u00e7in tek ba\u015f\u0131na tad\u0131 \u00e7\u0131kar\u0131lan bir \u015fey de\u011fildir. Sanat bence, en b\u00fcy\u00fck say\u0131da insan\u0131, ortak ac\u0131lar ve sevin\u00e7lerle co\u015fturacak g\u00f6r\u00fcnt\u00fcleri, bi\u00e7imleri [&hellip;]<\/p>\n","protected":false},"author":1,"featured_media":0,"comment_status":"open","ping_status":"open","sticky":false,"template":"","format":"standard","meta":{"footnotes":""},"categories":[46],"tags":[],"class_list":["post-4299","post","type-post","status-publish","format-standard","category-estetik"],"yoast_head":"<!-- This site is optimized with the Yoast SEO Premium plugin v24.9 (Yoast SEO v24.9) - https:\/\/yoast.com\/wordpress\/plugins\/seo\/ -->\n<title>Bile bile yalan s\u00f6ylememek ve insan\u0131n insan\u0131 ezmesine kar\u015f\u0131 koymak | \u0130sve\u00e7 S\u00f6ylevi - Albert Camus - narteks.net<\/title>\n<meta name=\"robots\" content=\"index, follow, max-snippet:-1, max-image-preview:large, max-video-preview:-1\" \/>\n<link rel=\"canonical\" href=\"https:\/\/narteks.net\/index.php\/2010\/03\/01\/bile-bile-yalan-soylememek-ve-insanin-insani-ezmesine-karsi-koymak-isvec-soylevi-albert-camus\/\" \/>\n<meta property=\"og:locale\" content=\"tr_TR\" \/>\n<meta property=\"og:type\" content=\"article\" \/>\n<meta property=\"og:title\" content=\"Bile bile yalan s\u00f6ylememek ve insan\u0131n insan\u0131 ezmesine kar\u015f\u0131 koymak | \u0130sve\u00e7 S\u00f6ylevi - Albert Camus\" \/>\n<meta property=\"og:description\" content=\"Ben kendi hesab\u0131ma sanat\u0131m olmadan ya\u015fayamam. Ama, bu sanat\u0131 her \u015feyin \u00fcst\u00fcne koymu\u015f da de\u011filim. Tersine, onsuz edemeyi\u015fim, onun beni herkesle bir etmesi ve oldu\u011fumdan ba\u015fka t\u00fcrl\u00fc olmaks\u0131z\u0131n herkesle bir d\u00fczeyde ya\u015fatmas\u0131d\u0131r. Sanat, benim i\u00e7in tek ba\u015f\u0131na tad\u0131 \u00e7\u0131kar\u0131lan bir \u015fey de\u011fildir. Sanat bence, en b\u00fcy\u00fck say\u0131da insan\u0131, ortak ac\u0131lar ve sevin\u00e7lerle co\u015fturacak g\u00f6r\u00fcnt\u00fcleri, bi\u00e7imleri [&hellip;]\" \/>\n<meta property=\"og:url\" content=\"https:\/\/narteks.net\/index.php\/2010\/03\/01\/bile-bile-yalan-soylememek-ve-insanin-insani-ezmesine-karsi-koymak-isvec-soylevi-albert-camus\/\" \/>\n<meta property=\"og:site_name\" content=\"narteks.net\" \/>\n<meta property=\"article:published_time\" content=\"2010-03-01T11:24:26+00:00\" \/>\n<meta property=\"og:image\" content=\"http:\/\/t2.gstatic.com\/images?q=tbn:DkXyksFMV8BrWM:http:\/\/www.frenchlib.org\/graphics\/karsh2.jpg\" \/>\n<meta name=\"author\" content=\"Tar\u0131k\" \/>\n<meta name=\"twitter:card\" content=\"summary_large_image\" \/>\n<meta name=\"twitter:creator\" content=\"@narteks\" \/>\n<meta name=\"twitter:site\" content=\"@narteks\" \/>\n<meta name=\"twitter:label1\" content=\"Yazan:\" \/>\n\t<meta name=\"twitter:data1\" content=\"Tar\u0131k\" \/>\n\t<meta name=\"twitter:label2\" content=\"Tahmini okuma s\u00fcresi\" \/>\n\t<meta name=\"twitter:data2\" content=\"3 dakika\" \/>\n<script type=\"application\/ld+json\" class=\"yoast-schema-graph\">{\"@context\":\"https:\/\/schema.org\",\"@graph\":[{\"@type\":\"Article\",\"@id\":\"https:\/\/narteks.net\/index.php\/2010\/03\/01\/bile-bile-yalan-soylememek-ve-insanin-insani-ezmesine-karsi-koymak-isvec-soylevi-albert-camus\/#article\",\"isPartOf\":{\"@id\":\"https:\/\/narteks.net\/index.php\/2010\/03\/01\/bile-bile-yalan-soylememek-ve-insanin-insani-ezmesine-karsi-koymak-isvec-soylevi-albert-camus\/\"},\"author\":{\"name\":\"Tar\u0131k\",\"@id\":\"https:\/\/narteks.net\/#\/schema\/person\/61f37d9834294b72d31d274e7ed79bca\"},\"headline\":\"Bile bile yalan s\u00f6ylememek ve insan\u0131n insan\u0131 ezmesine kar\u015f\u0131 koymak | \u0130sve\u00e7 S\u00f6ylevi &#8211; Albert Camus\",\"datePublished\":\"2010-03-01T11:24:26+00:00\",\"mainEntityOfPage\":{\"@id\":\"https:\/\/narteks.net\/index.php\/2010\/03\/01\/bile-bile-yalan-soylememek-ve-insanin-insani-ezmesine-karsi-koymak-isvec-soylevi-albert-camus\/\"},\"wordCount\":527,\"commentCount\":0,\"publisher\":{\"@id\":\"https:\/\/narteks.net\/#organization\"},\"image\":{\"@id\":\"https:\/\/narteks.net\/index.php\/2010\/03\/01\/bile-bile-yalan-soylememek-ve-insanin-insani-ezmesine-karsi-koymak-isvec-soylevi-albert-camus\/#primaryimage\"},\"thumbnailUrl\":\"http:\/\/t2.gstatic.com\/images?q=tbn:DkXyksFMV8BrWM:http:\/\/www.frenchlib.org\/graphics\/karsh2.jpg\",\"articleSection\":[\"Estetik\"],\"inLanguage\":\"tr\",\"potentialAction\":[{\"@type\":\"CommentAction\",\"name\":\"Comment\",\"target\":[\"https:\/\/narteks.net\/index.php\/2010\/03\/01\/bile-bile-yalan-soylememek-ve-insanin-insani-ezmesine-karsi-koymak-isvec-soylevi-albert-camus\/#respond\"]}]},{\"@type\":\"WebPage\",\"@id\":\"https:\/\/narteks.net\/index.php\/2010\/03\/01\/bile-bile-yalan-soylememek-ve-insanin-insani-ezmesine-karsi-koymak-isvec-soylevi-albert-camus\/\",\"url\":\"https:\/\/narteks.net\/index.php\/2010\/03\/01\/bile-bile-yalan-soylememek-ve-insanin-insani-ezmesine-karsi-koymak-isvec-soylevi-albert-camus\/\",\"name\":\"Bile bile yalan s\u00f6ylememek ve insan\u0131n insan\u0131 ezmesine kar\u015f\u0131 koymak | \u0130sve\u00e7 S\u00f6ylevi - Albert Camus - narteks.net\",\"isPartOf\":{\"@id\":\"https:\/\/narteks.net\/#website\"},\"primaryImageOfPage\":{\"@id\":\"https:\/\/narteks.net\/index.php\/2010\/03\/01\/bile-bile-yalan-soylememek-ve-insanin-insani-ezmesine-karsi-koymak-isvec-soylevi-albert-camus\/#primaryimage\"},\"image\":{\"@id\":\"https:\/\/narteks.net\/index.php\/2010\/03\/01\/bile-bile-yalan-soylememek-ve-insanin-insani-ezmesine-karsi-koymak-isvec-soylevi-albert-camus\/#primaryimage\"},\"thumbnailUrl\":\"http:\/\/t2.gstatic.com\/images?q=tbn:DkXyksFMV8BrWM:http:\/\/www.frenchlib.org\/graphics\/karsh2.jpg\",\"datePublished\":\"2010-03-01T11:24:26+00:00\",\"breadcrumb\":{\"@id\":\"https:\/\/narteks.net\/index.php\/2010\/03\/01\/bile-bile-yalan-soylememek-ve-insanin-insani-ezmesine-karsi-koymak-isvec-soylevi-albert-camus\/#breadcrumb\"},\"inLanguage\":\"tr\",\"potentialAction\":[{\"@type\":\"ReadAction\",\"target\":[\"https:\/\/narteks.net\/index.php\/2010\/03\/01\/bile-bile-yalan-soylememek-ve-insanin-insani-ezmesine-karsi-koymak-isvec-soylevi-albert-camus\/\"]}]},{\"@type\":\"ImageObject\",\"inLanguage\":\"tr\",\"@id\":\"https:\/\/narteks.net\/index.php\/2010\/03\/01\/bile-bile-yalan-soylememek-ve-insanin-insani-ezmesine-karsi-koymak-isvec-soylevi-albert-camus\/#primaryimage\",\"url\":\"http:\/\/t2.gstatic.com\/images?q=tbn:DkXyksFMV8BrWM:http:\/\/www.frenchlib.org\/graphics\/karsh2.jpg\",\"contentUrl\":\"http:\/\/t2.gstatic.com\/images?q=tbn:DkXyksFMV8BrWM:http:\/\/www.frenchlib.org\/graphics\/karsh2.jpg\"},{\"@type\":\"BreadcrumbList\",\"@id\":\"https:\/\/narteks.net\/index.php\/2010\/03\/01\/bile-bile-yalan-soylememek-ve-insanin-insani-ezmesine-karsi-koymak-isvec-soylevi-albert-camus\/#breadcrumb\",\"itemListElement\":[{\"@type\":\"ListItem\",\"position\":1,\"name\":\"Anasayfa\",\"item\":\"https:\/\/narteks.net\/\"},{\"@type\":\"ListItem\",\"position\":2,\"name\":\"Bile bile yalan s\u00f6ylememek ve insan\u0131n insan\u0131 ezmesine kar\u015f\u0131 koymak | \u0130sve\u00e7 S\u00f6ylevi &#8211; Albert Camus\"}]},{\"@type\":\"WebSite\",\"@id\":\"https:\/\/narteks.net\/#website\",\"url\":\"https:\/\/narteks.net\/\",\"name\":\"narteks.net\",\"description\":\"K\u00fclt\u00fcr Sanat Edebiyat Felsefe\",\"publisher\":{\"@id\":\"https:\/\/narteks.net\/#organization\"},\"alternateName\":\"K\u00fclt\u00fcr Sanat Edebiyat Felsefe\",\"potentialAction\":[{\"@type\":\"SearchAction\",\"target\":{\"@type\":\"EntryPoint\",\"urlTemplate\":\"https:\/\/narteks.net\/?s={search_term_string}\"},\"query-input\":{\"@type\":\"PropertyValueSpecification\",\"valueRequired\":true,\"valueName\":\"search_term_string\"}}],\"inLanguage\":\"tr\"},{\"@type\":\"Organization\",\"@id\":\"https:\/\/narteks.net\/#organization\",\"name\":\"narteks.net\",\"url\":\"https:\/\/narteks.net\/\",\"logo\":{\"@type\":\"ImageObject\",\"inLanguage\":\"tr\",\"@id\":\"https:\/\/narteks.net\/#\/schema\/logo\/image\/\",\"url\":\"https:\/\/narteks.net\/wp-content\/uploads\/narteks.png\",\"contentUrl\":\"https:\/\/narteks.net\/wp-content\/uploads\/narteks.png\",\"width\":300,\"height\":90,\"caption\":\"narteks.net\"},\"image\":{\"@id\":\"https:\/\/narteks.net\/#\/schema\/logo\/image\/\"},\"sameAs\":[\"https:\/\/x.com\/narteks\",\"https:\/\/instagram.com\/narteksnet\"]},{\"@type\":\"Person\",\"@id\":\"https:\/\/narteks.net\/#\/schema\/person\/61f37d9834294b72d31d274e7ed79bca\",\"name\":\"Tar\u0131k\",\"image\":{\"@type\":\"ImageObject\",\"inLanguage\":\"tr\",\"@id\":\"https:\/\/narteks.net\/#\/schema\/person\/image\/\",\"url\":\"https:\/\/secure.gravatar.com\/avatar\/50865afb55632c4ae467e0af0930f6510aa2297d8014be502a55b14f3b7550cf?s=96&d=mm&r=g\",\"contentUrl\":\"https:\/\/secure.gravatar.com\/avatar\/50865afb55632c4ae467e0af0930f6510aa2297d8014be502a55b14f3b7550cf?s=96&d=mm&r=g\",\"caption\":\"Tar\u0131k\"},\"sameAs\":[\"http:\/\/narteks.net\"],\"url\":\"https:\/\/narteks.net\/index.php\/author\/narbak\/\"}]}<\/script>\n<!-- \/ Yoast SEO Premium plugin. -->","yoast_head_json":{"title":"Bile bile yalan s\u00f6ylememek ve insan\u0131n insan\u0131 ezmesine kar\u015f\u0131 koymak | \u0130sve\u00e7 S\u00f6ylevi - Albert Camus - narteks.net","robots":{"index":"index","follow":"follow","max-snippet":"max-snippet:-1","max-image-preview":"max-image-preview:large","max-video-preview":"max-video-preview:-1"},"canonical":"https:\/\/narteks.net\/index.php\/2010\/03\/01\/bile-bile-yalan-soylememek-ve-insanin-insani-ezmesine-karsi-koymak-isvec-soylevi-albert-camus\/","og_locale":"tr_TR","og_type":"article","og_title":"Bile bile yalan s\u00f6ylememek ve insan\u0131n insan\u0131 ezmesine kar\u015f\u0131 koymak | \u0130sve\u00e7 S\u00f6ylevi - Albert Camus","og_description":"Ben kendi hesab\u0131ma sanat\u0131m olmadan ya\u015fayamam. Ama, bu sanat\u0131 her \u015feyin \u00fcst\u00fcne koymu\u015f da de\u011filim. Tersine, onsuz edemeyi\u015fim, onun beni herkesle bir etmesi ve oldu\u011fumdan ba\u015fka t\u00fcrl\u00fc olmaks\u0131z\u0131n herkesle bir d\u00fczeyde ya\u015fatmas\u0131d\u0131r. Sanat, benim i\u00e7in tek ba\u015f\u0131na tad\u0131 \u00e7\u0131kar\u0131lan bir \u015fey de\u011fildir. Sanat bence, en b\u00fcy\u00fck say\u0131da insan\u0131, ortak ac\u0131lar ve sevin\u00e7lerle co\u015fturacak g\u00f6r\u00fcnt\u00fcleri, bi\u00e7imleri [&hellip;]","og_url":"https:\/\/narteks.net\/index.php\/2010\/03\/01\/bile-bile-yalan-soylememek-ve-insanin-insani-ezmesine-karsi-koymak-isvec-soylevi-albert-camus\/","og_site_name":"narteks.net","article_published_time":"2010-03-01T11:24:26+00:00","og_image":[{"url":"http:\/\/t2.gstatic.com\/images?q=tbn:DkXyksFMV8BrWM:http:\/\/www.frenchlib.org\/graphics\/karsh2.jpg","type":"","width":"","height":""}],"author":"Tar\u0131k","twitter_card":"summary_large_image","twitter_creator":"@narteks","twitter_site":"@narteks","twitter_misc":{"Yazan:":"Tar\u0131k","Tahmini okuma s\u00fcresi":"3 dakika"},"schema":{"@context":"https:\/\/schema.org","@graph":[{"@type":"Article","@id":"https:\/\/narteks.net\/index.php\/2010\/03\/01\/bile-bile-yalan-soylememek-ve-insanin-insani-ezmesine-karsi-koymak-isvec-soylevi-albert-camus\/#article","isPartOf":{"@id":"https:\/\/narteks.net\/index.php\/2010\/03\/01\/bile-bile-yalan-soylememek-ve-insanin-insani-ezmesine-karsi-koymak-isvec-soylevi-albert-camus\/"},"author":{"name":"Tar\u0131k","@id":"https:\/\/narteks.net\/#\/schema\/person\/61f37d9834294b72d31d274e7ed79bca"},"headline":"Bile bile yalan s\u00f6ylememek ve insan\u0131n insan\u0131 ezmesine kar\u015f\u0131 koymak | \u0130sve\u00e7 S\u00f6ylevi &#8211; Albert Camus","datePublished":"2010-03-01T11:24:26+00:00","mainEntityOfPage":{"@id":"https:\/\/narteks.net\/index.php\/2010\/03\/01\/bile-bile-yalan-soylememek-ve-insanin-insani-ezmesine-karsi-koymak-isvec-soylevi-albert-camus\/"},"wordCount":527,"commentCount":0,"publisher":{"@id":"https:\/\/narteks.net\/#organization"},"image":{"@id":"https:\/\/narteks.net\/index.php\/2010\/03\/01\/bile-bile-yalan-soylememek-ve-insanin-insani-ezmesine-karsi-koymak-isvec-soylevi-albert-camus\/#primaryimage"},"thumbnailUrl":"http:\/\/t2.gstatic.com\/images?q=tbn:DkXyksFMV8BrWM:http:\/\/www.frenchlib.org\/graphics\/karsh2.jpg","articleSection":["Estetik"],"inLanguage":"tr","potentialAction":[{"@type":"CommentAction","name":"Comment","target":["https:\/\/narteks.net\/index.php\/2010\/03\/01\/bile-bile-yalan-soylememek-ve-insanin-insani-ezmesine-karsi-koymak-isvec-soylevi-albert-camus\/#respond"]}]},{"@type":"WebPage","@id":"https:\/\/narteks.net\/index.php\/2010\/03\/01\/bile-bile-yalan-soylememek-ve-insanin-insani-ezmesine-karsi-koymak-isvec-soylevi-albert-camus\/","url":"https:\/\/narteks.net\/index.php\/2010\/03\/01\/bile-bile-yalan-soylememek-ve-insanin-insani-ezmesine-karsi-koymak-isvec-soylevi-albert-camus\/","name":"Bile bile yalan s\u00f6ylememek ve insan\u0131n insan\u0131 ezmesine kar\u015f\u0131 koymak | \u0130sve\u00e7 S\u00f6ylevi - Albert Camus - narteks.net","isPartOf":{"@id":"https:\/\/narteks.net\/#website"},"primaryImageOfPage":{"@id":"https:\/\/narteks.net\/index.php\/2010\/03\/01\/bile-bile-yalan-soylememek-ve-insanin-insani-ezmesine-karsi-koymak-isvec-soylevi-albert-camus\/#primaryimage"},"image":{"@id":"https:\/\/narteks.net\/index.php\/2010\/03\/01\/bile-bile-yalan-soylememek-ve-insanin-insani-ezmesine-karsi-koymak-isvec-soylevi-albert-camus\/#primaryimage"},"thumbnailUrl":"http:\/\/t2.gstatic.com\/images?q=tbn:DkXyksFMV8BrWM:http:\/\/www.frenchlib.org\/graphics\/karsh2.jpg","datePublished":"2010-03-01T11:24:26+00:00","breadcrumb":{"@id":"https:\/\/narteks.net\/index.php\/2010\/03\/01\/bile-bile-yalan-soylememek-ve-insanin-insani-ezmesine-karsi-koymak-isvec-soylevi-albert-camus\/#breadcrumb"},"inLanguage":"tr","potentialAction":[{"@type":"ReadAction","target":["https:\/\/narteks.net\/index.php\/2010\/03\/01\/bile-bile-yalan-soylememek-ve-insanin-insani-ezmesine-karsi-koymak-isvec-soylevi-albert-camus\/"]}]},{"@type":"ImageObject","inLanguage":"tr","@id":"https:\/\/narteks.net\/index.php\/2010\/03\/01\/bile-bile-yalan-soylememek-ve-insanin-insani-ezmesine-karsi-koymak-isvec-soylevi-albert-camus\/#primaryimage","url":"http:\/\/t2.gstatic.com\/images?q=tbn:DkXyksFMV8BrWM:http:\/\/www.frenchlib.org\/graphics\/karsh2.jpg","contentUrl":"http:\/\/t2.gstatic.com\/images?q=tbn:DkXyksFMV8BrWM:http:\/\/www.frenchlib.org\/graphics\/karsh2.jpg"},{"@type":"BreadcrumbList","@id":"https:\/\/narteks.net\/index.php\/2010\/03\/01\/bile-bile-yalan-soylememek-ve-insanin-insani-ezmesine-karsi-koymak-isvec-soylevi-albert-camus\/#breadcrumb","itemListElement":[{"@type":"ListItem","position":1,"name":"Anasayfa","item":"https:\/\/narteks.net\/"},{"@type":"ListItem","position":2,"name":"Bile bile yalan s\u00f6ylememek ve insan\u0131n insan\u0131 ezmesine kar\u015f\u0131 koymak | \u0130sve\u00e7 S\u00f6ylevi &#8211; Albert Camus"}]},{"@type":"WebSite","@id":"https:\/\/narteks.net\/#website","url":"https:\/\/narteks.net\/","name":"narteks.net","description":"K\u00fclt\u00fcr Sanat Edebiyat Felsefe","publisher":{"@id":"https:\/\/narteks.net\/#organization"},"alternateName":"K\u00fclt\u00fcr Sanat Edebiyat Felsefe","potentialAction":[{"@type":"SearchAction","target":{"@type":"EntryPoint","urlTemplate":"https:\/\/narteks.net\/?s={search_term_string}"},"query-input":{"@type":"PropertyValueSpecification","valueRequired":true,"valueName":"search_term_string"}}],"inLanguage":"tr"},{"@type":"Organization","@id":"https:\/\/narteks.net\/#organization","name":"narteks.net","url":"https:\/\/narteks.net\/","logo":{"@type":"ImageObject","inLanguage":"tr","@id":"https:\/\/narteks.net\/#\/schema\/logo\/image\/","url":"https:\/\/narteks.net\/wp-content\/uploads\/narteks.png","contentUrl":"https:\/\/narteks.net\/wp-content\/uploads\/narteks.png","width":300,"height":90,"caption":"narteks.net"},"image":{"@id":"https:\/\/narteks.net\/#\/schema\/logo\/image\/"},"sameAs":["https:\/\/x.com\/narteks","https:\/\/instagram.com\/narteksnet"]},{"@type":"Person","@id":"https:\/\/narteks.net\/#\/schema\/person\/61f37d9834294b72d31d274e7ed79bca","name":"Tar\u0131k","image":{"@type":"ImageObject","inLanguage":"tr","@id":"https:\/\/narteks.net\/#\/schema\/person\/image\/","url":"https:\/\/secure.gravatar.com\/avatar\/50865afb55632c4ae467e0af0930f6510aa2297d8014be502a55b14f3b7550cf?s=96&d=mm&r=g","contentUrl":"https:\/\/secure.gravatar.com\/avatar\/50865afb55632c4ae467e0af0930f6510aa2297d8014be502a55b14f3b7550cf?s=96&d=mm&r=g","caption":"Tar\u0131k"},"sameAs":["http:\/\/narteks.net"],"url":"https:\/\/narteks.net\/index.php\/author\/narbak\/"}]}},"_links":{"self":[{"href":"https:\/\/narteks.net\/index.php\/wp-json\/wp\/v2\/posts\/4299","targetHints":{"allow":["GET"]}}],"collection":[{"href":"https:\/\/narteks.net\/index.php\/wp-json\/wp\/v2\/posts"}],"about":[{"href":"https:\/\/narteks.net\/index.php\/wp-json\/wp\/v2\/types\/post"}],"author":[{"embeddable":true,"href":"https:\/\/narteks.net\/index.php\/wp-json\/wp\/v2\/users\/1"}],"replies":[{"embeddable":true,"href":"https:\/\/narteks.net\/index.php\/wp-json\/wp\/v2\/comments?post=4299"}],"version-history":[{"count":0,"href":"https:\/\/narteks.net\/index.php\/wp-json\/wp\/v2\/posts\/4299\/revisions"}],"wp:attachment":[{"href":"https:\/\/narteks.net\/index.php\/wp-json\/wp\/v2\/media?parent=4299"}],"wp:term":[{"taxonomy":"category","embeddable":true,"href":"https:\/\/narteks.net\/index.php\/wp-json\/wp\/v2\/categories?post=4299"},{"taxonomy":"post_tag","embeddable":true,"href":"https:\/\/narteks.net\/index.php\/wp-json\/wp\/v2\/tags?post=4299"}],"curies":[{"name":"wp","href":"https:\/\/api.w.org\/{rel}","templated":true}]}}