{"id":4304,"date":"2010-03-02T17:03:28","date_gmt":"2010-03-02T14:03:28","guid":{"rendered":"http:\/\/localhost\/wordpress\/2010\/03\/02\/anadolu-rockin-en-onemli-seslerinden-biri-cem-karaca-ve-sarkilari\/"},"modified":"2010-03-02T17:03:28","modified_gmt":"2010-03-02T14:03:28","slug":"anadolu-rockin-en-onemli-seslerinden-biri-cem-karaca-ve-sarkilari","status":"publish","type":"post","link":"https:\/\/narteks.net\/index.php\/2010\/03\/02\/anadolu-rockin-en-onemli-seslerinden-biri-cem-karaca-ve-sarkilari\/","title":{"rendered":"Anadolu Rock&#8217;\u0131n en \u00f6nemli seslerinden biri | Cem Karaca ve \u015fark\u0131lar\u0131"},"content":{"rendered":"<p style=\"text-align: justify;\"><img loading=\"lazy\" decoding=\"async\" src=\"images\/stories\/cem-karaca.jpg\" border=\"0\" width=\"155\" height=\"205\" style=\"float: left;\" \/>Muhtar Cem Karaca (d. Antakya, 5 Nisan 1945 &#8211; \u00f6. \u0130stanbul, 8 \u015eubat 2004) T\u00fcrk m\u00fczi\u011finin en \u00f6nemli sanat\u00e7\u0131lar\u0131ndan biri olan Cem Karaca ,Anadolu Rock&#8217;\u0131n ve Anadolu Pop&#8217;\u0131n kurucular\u0131 aras\u0131nda yerini alm\u0131\u015ft\u0131r. Bu m\u00fczik tarzlar\u0131n\u0131 uygulayan bir \u00e7ok grupla \u00e7al\u0131\u015fm\u0131\u015f (Apa\u015flar, Karda\u015flar, Mo\u011follar ve Dervi\u015fan) kurucusu ve y\u00f6neticisi olmu\u015f g\u00fc\u00e7l\u00fc bir rock ve pop k\u00fclt\u00fc yaratm\u0131\u015ft\u0131r. Her tarzda rock ve pop m\u00fczi\u011fini anadolu insan\u0131na T\u00fcrk\u00e7e s\u00f6zlerle tan\u0131tan ve sevdiren ki\u015fidir.Eserlerinde sosyal ve politik i\u00e7erikli konulara de\u011finmesiyle daha b\u00fcy\u00fck sorumluluklar \u00fcstlenen Karaca, \u00f6zg\u00fcn stiliylede anadolu m\u00fczi\u011finin efsane sanat\u00e7\u0131lar\u0131 aras\u0131nda yer al\u0131r.<\/p>\n<p style=\"text-align: justify;\">Annesi Ermeni as\u0131ll\u0131 Toto Karaca ve babas\u0131 Azeri as\u0131ll\u0131 Mehmet Karaca olan Cem Karaca, sanatla hep i\u00e7 i\u00e7e b\u00fcy\u00fcd\u00fc. Orta\u00f6\u011frenimini Robert Kolej&#8217;de yapan Cem Karaca sanat\u00e7\u0131 bi \u00e7iftin \u00e7ocu\u011fu oldu\u011fundan m\u00fczi\u011fe do\u011fustan yetenekliydi.M\u00fczik ile ilk tan\u0131\u015fmas\u0131 annesinin teyzesi Rosa Felegyan&#8217;\u0131n Cem Karaca&#8217;ya piyano notalar\u0131 ve piyano na\u011fmeleri \u00f6\u011fretmesi ile olmu\u015ftur. Kolej y\u0131llar\u0131ndayken d\u00fcnyadaki pop\u00fcleritesini artt\u0131ran rock m\u00fczi\u011fine ilgi duyar ve k\u0131z arkada\u015flar\u0131n\u0131 etkilemek i\u00e7in d\u00f6nemin rock starlar\u0131n\u0131n \u015fark\u0131lar\u0131n\u0131 s\u00f6yler.Karaca&#8217;n\u0131n sesinin ke\u015ffedilmesi ise annesi Toto Karaca taraf\u0131ndan olmu\u015ftur. \u0130lk d\u00f6nemlerde Jaguarlar, Dinamitler gibi gruplarla amat\u00f6rce \u00e7al\u0131\u015fmalar yapan Cem Karaca pop\u00fcler rock&#8217;n roll par\u00e7alar\u0131n\u0131 s\u00f6yl\u00fcyordu. O d\u00f6nemlerde kendisinin en b\u00fcy\u00fck destek\u00e7ilerinden biri de \u0130lham Gencer&#8217;di ve onun orkestras\u0131nda m\u00fczikal deneyimini olduk\u00e7a ilerletmi\u015fti. Bu y\u0131llarda ayn\u0131 zamanda tiyatro ile de ilgilenen Cem Karaca \u00e7e\u015fitli oyunlarda da g\u00f6rev ald\u0131.<\/p>\n<p>Askerli\u011fi s\u0131ras\u0131nda Anadolu&#8217;nun ilkokul kitaplar\u0131nda anlat\u0131ld\u0131\u011f\u0131 gibi olmad\u0131\u011f\u0131n\u0131 fark etti. Asker arkada\u015f\u0131n\u0131n \u00e7ald\u0131\u011f\u0131 ba\u011flama ise onu bamba\u015fka diyarlara ta\u015f\u0131d\u0131. Bir zamanlar ilkel ve s\u0131k\u0131c\u0131 buldu\u011fu m\u00fczi\u011fin kendi duygular\u0131n\u0131 anlatt\u0131\u011f\u0131n\u0131 ke\u015ffetti&#8230;<\/p>\n<p>1967&#8217;de askerlik d\u00f6n\u00fc\u015f\u00fc Apa\u015flar grubuna kat\u0131ld\u0131. Bu grupla H\u00fcrriyet&#8217;in d\u00fczenledi\u011fi Alt\u0131n Mikrofon yar\u0131\u015fmas\u0131nda Emrah isimli par\u00e7alayla ikinci oldular ve do\u011fu-bat\u0131 m\u00fczi\u011fi sentezinde \u015fark\u0131lar \u00fcretmeye \u00e7al\u0131\u015ft\u0131lar. &#8216;Resimdeki G\u00f6zya\u015flar\u0131&#8217; isimli par\u00e7ayla b\u00fcy\u00fck ba\u015far\u0131 elde eden Apa\u015flar&#8217;la Bat\u0131 Almanya&#8217;ya gitti. Apa\u015flar&#8217;la olan beraberli\u011fi 1969&#8217;un sonlar\u0131na kadar s\u00fcrd\u00fc. Grupta gitarist Mehmet Soyarslan ve Cem Karaca aras\u0131nda do\u011fan baz\u0131 politik anla\u015fmazl\u0131klardan \u00f6t\u00fcr\u00fc Apa\u015flar da\u011f\u0131ld\u0131.<\/p>\n<p>Apa\u015flar&#8217;\u0131n bas\u00e7\u0131s\u0131 Seyhan Karabay ile birlikte Karda\u015flar grubunu kurdu. Bu s\u0131rada Almanya&#8217;ya giderek Ferdy Klein Orkestras\u0131&#8217;yla d\u00f6rt tane 45&#8217;lik doldurdu. Amac\u0131 maddi s\u0131k\u0131nt\u0131 ya\u015famadan \u00e7al\u0131\u015fmalar yapmakt\u0131. \u0130lk 45&#8217;likleri &#8216;Dadalo\u011flu&#8217; ile b\u00fcy\u00fck bir ba\u015far\u0131 elde ettiler. Fakat 1972&#8217;de Seyhan Karabay aras\u0131ndaki tart\u0131\u015fmalar nedeniyle Karda\u015flar&#8217;la yollar\u0131 ayr\u0131ld\u0131. Bu s\u0131rada e\u015fi benzeri g\u00f6r\u00fclmemi\u015f bir de\u011fi\u015f-toku\u015f meydana geldi. Cem Karaca, Karda\u015flar&#8217;dan ayr\u0131l\u0131p Anadolu Rock&#8217;\u0131n g\u00fc\u00e7l\u00fc sesi Mo\u011follar&#8217;la birle\u015firken Karda\u015flar da Mo\u011follar&#8217;la anla\u015famayan Ersen Dinleten&#8217;i gruplar\u0131na dahil etti.<\/p>\n<p>\u00dc\u00e7 45&#8217;lik \u00e7\u0131karan Karaca, Mo\u011follar&#8217;\u0131n da\u011f\u0131lmas\u0131yla kariyerinin en \u00f6nemli d\u00f6nemini ya\u015fayaca\u011f\u0131 Dervi\u015fan grubunu kurdu. Dervi\u015fan politik rock&#8217;\u0131n yan\u0131s\u0131ra progressive rock&#8217;\u0131n T\u00fcrkiye ile tan\u0131\u015fmas\u0131nda \u00f6nemli rol oynad\u0131. Ayn\u0131 zamanda tam anlam\u0131yla ilk st\u00fcdyo alb\u00fcm\u00fcn\u00fc bu grupla \u00e7\u0131kard\u0131: &#8216;Yoksulluk Kader Olamaz&#8217;. Dervi\u015fan&#8217;\u0131n da\u011f\u0131lmas\u0131ndan sonra Edirdahan isimli grubu kurdu. Yeni alb\u00fcm\u00fc &#8216;Safinaz&#8217;la eski ba\u015far\u0131s\u0131n\u0131 elde edemedi. Bu alb\u00fcmden sonra Almanya&#8217;ya gitti ve 1987&#8217;ye kadar s\u00fcrg\u00fcn hayat\u0131 ya\u015famak zorunda kald\u0131. Bu d\u00f6nemdeki \u00e7al\u0131\u015fmalar\u0131nda s\u0131k s\u0131k gurbet ac\u0131s\u0131 gibi temalar\u0131 i\u015fledi. Bu s\u00fcre i\u00e7indeki en iyi alb\u00fcm\u00fcn\u00fc Almanca olarak \u00e7\u0131kard\u0131: &#8216;Die Kanaken&#8217;. Bu alb\u00fcmde yabanc\u0131 d\u00fc\u015fmanl\u0131\u011f\u0131, gurbet\u00e7ilerin ya\u015fam\u0131 gibi konular\u0131 i\u015fledi. Alb\u00fcmdeki baz\u0131 par\u00e7alar\u0131n T\u00fcrk\u00e7esini sonraki alb\u00fcmlerinde kaydetti. &#8216;Die Kanaken&#8217; alb\u00fcm\u00fcn\u00fcn arka kapa\u011f\u0131nda kendisiyle ilgili \u015funlar yaz\u0131l\u0131yd\u0131:<\/p>\n<p>Cem Karaca \u00fclkesi olan T\u00fcrkiye&#8217;de bir rock y\u0131ld\u0131z\u0131. \u00dclkesinde 50&#8217;ye yak\u0131n 45&#8217;lik ve LP yay\u0131nlayan Karaca&#8217;n\u0131n par\u00e7alar\u0131n\u0131n \u00e7o\u011fu sosyal i\u00e7erikli s\u00f6zlere sahip. 1981&#8217;in ocak ay\u0131nda Almanya&#8217;dayken son alb\u00fcm\u00fc y\u00fcz\u00fcnden \u00fclkesinde aranmaya ba\u015flad\u0131. Bunun \u00fczerine Karaca, \u00fclkesine geri d\u00f6nmedi. Mallar\u0131na el konan \u015fark\u0131c\u0131 200 y\u0131l hapis cezas\u0131na \u00e7arpt\u0131r\u0131ld\u0131 ve 1983&#8217;te de darbeci generaller onu T\u00fcrk vatanda\u015fl\u0131\u011f\u0131ndan att\u0131lar. Almanya&#8217;da daha \u00e7ok Naz\u0131m Hikmet&#8217;in \u015fiirlerini seslendirmesiyle tan\u0131nan Karaca, ilk olarak 1983&#8217;\u00fcn ba\u015flar\u0131nda Almanca s\u00f6zlerle ve do\u011fu-bat\u0131 sentezinden olu\u015fan bir m\u00fczikle seyirci \u00f6n\u00fcne \u00e7\u0131kt\u0131. Amac\u0131 T\u00fcrkiye&#8217;de olan biteni anlatmak de\u011fil, burada olup bitenleri anlatmak ve Alman-T\u00fcrk ili\u015fkilerini d\u00fczeltmeye \u00e7al\u0131\u015fmak.<\/p>\n<p>Yurda d\u00f6nd\u00fc\u011f\u00fc zaman Turgut \u00d6zal&#8217;\u0131n elini \u00f6pt\u00fc\u011f\u00fc iddia edildi ve d\u00f6neklikle su\u00e7land\u0131. Hem Cem Karaca hem de \u00d6zal ailesi bu iddian\u0131n ger\u00e7ek olmad\u0131\u011f\u0131n\u0131 \u0131srarla belirttikleri halde, sanat\u00e7\u0131 yine de 12 Eyl\u00fcl bozgununa sorumlu arayan eski solcular\u0131n g\u00fcnah ke\u00e7isi olmaktan ve d\u0131\u015flanmaktan kurtulamad\u0131. Bu ayd\u0131n sapmas\u0131n\u0131 hicvetti\u011fi &#8216;Yar\u0131m Porsiyon Ayd\u0131nl\u0131k&#8217; adl\u0131 \u015fark\u0131s\u0131nda &#8216;hi\u00e7 bir \u015fey \u00fcretemeden sadece ele\u015ftirirsiniz&#8217; diyerek k\u0131rg\u0131nl\u0131\u011f\u0131n\u0131 dile getirdi. Seksen sonras\u0131 d\u00f6nemde m\u00fczik yap\u0131mc\u0131lar\u0131n\u0131n deste\u011fini alamadan \u00e7\u0131kard\u0131\u011f\u0131 alb\u00fcmler o y\u0131llar b\u00fcy\u00fck ses getirmemesine kar\u015f\u0131n, y\u0131llar i\u00e7inde \u015fark\u0131lar de\u011ferini buldu. Oh Be, Kahya Yahya,Hep Kah\u0131r gibi hit \u015fark\u0131lar bu d\u00f6nemde \u00e7\u0131kt\u0131.<\/p>\n<p>\u00dclkesine yeniden d\u00f6n\u00fc\u015f\u00fcnden sonra ilk alb\u00fcm\u00fcn\u00fc 1987&#8217;de eski arkada\u015f\u0131 Cahit Berkay&#8217;la birlikte yapt\u0131lar. &#8216;Merhaba Gen\u00e7ler ve Her Zaman Gen\u00e7 Kalanlar&#8217;. Bundan bir sene sonra 1988&#8217;de, aranj\u00f6r O\u011fuz Abadan&#8217;la birlikte 60&#8217;l\u0131 y\u0131llar\u0131n sonunda yapt\u0131\u011f\u0131 \u00e7al\u0131\u015fmalarda da oldu\u011fu gibi, orkestrasyona a\u011f\u0131rl\u0131k vererek, yayl\u0131 varyasyonlar\u0131n\u0131n hakim oldu\u011fu bir ba\u015fka \u00e7al\u0131\u015fmay\u0131 ger\u00e7ekle\u015ftirirler: &#8216;T\u00f6re&#8217;. 1990 ve 1992&#8217;de U\u011fur Dikmen ve Cahit Berkay&#8217;la &#8216;Yiyin Efendiler&#8217; ve &#8216;Nerde Kalm\u0131\u015ft\u0131k&#8217; alb\u00fcmleriyle biraz da olsa eski g\u00fcnlerine d\u00f6nd\u00fc. 1997&#8217;de \u00e7ekilen &#8216;A\u011f\u0131r Roman&#8217; filminde seslendirdi\u011fi &#8216;Resimdeki G\u00f6zya\u015flar\u0131&#8217; ile yeniden pop\u00fcler oldu.<\/p>\n<p>1999&#8217;da Cahit Berkay, Engin Y\u00f6r\u00fcko\u011flu, Ahmet G\u00fcven\u00e7 ve U\u011fur Dikmen&#8217;in deste\u011fiyle &#8216;Bindik Bir Alamete&#8230;&#8217; isimli alb\u00fcm\u00fcn\u00fc \u00e7\u0131kard\u0131. Son alb\u00fcm\u00fc de say\u0131labilecek olan bu alb\u00fcm eski g\u00fcnlerin g\u00fcr\u00fcl g\u00fcr\u00fcl Cem Karaca&#8217;s\u0131n\u0131n yeniden geri d\u00f6nd\u00fc\u011f\u00fc ba\u015far\u0131l\u0131 bir \u00e7al\u0131\u015fmad\u0131r. &#8216;Kahpe Bizans&#8217; filmi i\u00e7in \u00fc\u00e7 par\u00e7a kaydedip, filmde k\u00fc\u00e7\u00fck bir rol ald\u0131. 2000&#8217;li y\u0131llarda \u00e7e\u015fitli \u015fiir \u00e7al\u0131\u015fmalar\u0131 da yapt\u0131. Bar\u0131\u015f Man\u00e7o&#8217;nun efsanevi grubu Kurtalan Ekspres&#8217;le birle\u015ferek konserler verdi. Son olarak Yol Arkada\u015flar\u0131 isimli grubuyla sahneye \u00e7\u0131kan ve bu grupla son alb\u00fcm\u00fc Hayvan Terli ve Murathan Mungan alb\u00fcm\u00fcndeki G\u00f6\u00e7 Yollar\u0131 isimli \u015fark\u0131y\u0131 kaydeden Cem Karaca, 8 \u015eubat 2004&#8217;de 59 ya\u015f\u0131nda hayata g\u00f6zlerini yumdu. Karacaahmet Mezarl\u0131\u011f\u0131&#8217;na defnedildi.<\/p>\n<p>\u00a0<\/p>\n<p>\n<object width=\"400\" height=\"315\" data=\"http:\/\/www.humyo.com\/E\/10044311-281475262763925\/10044311-281475262755591\/10044311-281475262756763\/10044311-281475262757447\/10044311-281475262758057\/10044311-281475262758703\/10044311-281475262759519\/10044311-281475262759977\/10044311-281475262760327\/10044311-281475262761271\/10044311-281475262772795\/10044311-281475262761909\/10044311-281475262762729\/10044311-281475262763391\/10044311-281475262764687\/10044311-281475262765531\/10044311-281475262766509\/10044311-281475262767013\/10044311-281475262767709\/10044311-281475262768347\/10044311-281475262769021\/10044311-281475262769725\/10044311-281475262770359\/10044311-281475262771187\/10044311-281475262772165\/10044311-281475262773463\/10044311-281475262774589\/10044311-281475262775909\/10044311-281475262776847\" type=\"application\/x-shockwave-flash\"><param name=\"flashvars\" value=\"autostart=true&amp;imagestart=true&amp;displayheight=236\" \/><param name=\"src\" value=\"http:\/\/www.humyo.com\/E\/10044311-281475262763925\/10044311-281475262755591\/10044311-281475262756763\/10044311-281475262757447\/10044311-281475262758057\/10044311-281475262758703\/10044311-281475262759519\/10044311-281475262759977\/10044311-281475262760327\/10044311-281475262761271\/10044311-281475262772795\/10044311-281475262761909\/10044311-281475262762729\/10044311-281475262763391\/10044311-281475262764687\/10044311-281475262765531\/10044311-281475262766509\/10044311-281475262767013\/10044311-281475262767709\/10044311-281475262768347\/10044311-281475262769021\/10044311-281475262769725\/10044311-281475262770359\/10044311-281475262771187\/10044311-281475262772165\/10044311-281475262773463\/10044311-281475262774589\/10044311-281475262775909\/10044311-281475262776847\" \/><\/object><\/p>\n","protected":false},"excerpt":{"rendered":"<p>Muhtar Cem Karaca (d. Antakya, 5 Nisan 1945 &#8211; \u00f6. \u0130stanbul, 8 \u015eubat 2004) T\u00fcrk m\u00fczi\u011finin en \u00f6nemli sanat\u00e7\u0131lar\u0131ndan biri olan Cem Karaca ,Anadolu Rock&#8217;\u0131n ve Anadolu Pop&#8217;\u0131n kurucular\u0131 aras\u0131nda yerini alm\u0131\u015ft\u0131r. Bu m\u00fczik tarzlar\u0131n\u0131 uygulayan bir \u00e7ok grupla \u00e7al\u0131\u015fm\u0131\u015f (Apa\u015flar, Karda\u015flar, Mo\u011follar ve Dervi\u015fan) kurucusu ve y\u00f6neticisi olmu\u015f g\u00fc\u00e7l\u00fc bir rock ve pop k\u00fclt\u00fc [&hellip;]<\/p>\n","protected":false},"author":1,"featured_media":0,"comment_status":"open","ping_status":"open","sticky":false,"template":"","format":"standard","meta":{"footnotes":""},"categories":[100],"tags":[],"class_list":{"0":"post-4304","1":"post","2":"type-post","3":"status-publish","4":"format-standard","6":"category-muzisyenler"},"yoast_head":"<!-- This site is optimized with the Yoast SEO Premium plugin v24.9 (Yoast SEO v24.9) - https:\/\/yoast.com\/wordpress\/plugins\/seo\/ -->\n<title>Anadolu Rock&#039;\u0131n en \u00f6nemli seslerinden biri | Cem Karaca ve \u015fark\u0131lar\u0131 - narteks.net<\/title>\n<meta name=\"robots\" content=\"index, follow, max-snippet:-1, max-image-preview:large, max-video-preview:-1\" \/>\n<link rel=\"canonical\" href=\"https:\/\/narteks.net\/index.php\/2010\/03\/02\/anadolu-rockin-en-onemli-seslerinden-biri-cem-karaca-ve-sarkilari\/\" \/>\n<meta property=\"og:locale\" content=\"tr_TR\" \/>\n<meta property=\"og:type\" content=\"article\" \/>\n<meta property=\"og:title\" content=\"Anadolu Rock&#039;\u0131n en \u00f6nemli seslerinden biri | Cem Karaca ve \u015fark\u0131lar\u0131\" \/>\n<meta property=\"og:description\" content=\"Muhtar Cem Karaca (d. Antakya, 5 Nisan 1945 &#8211; \u00f6. \u0130stanbul, 8 \u015eubat 2004) T\u00fcrk m\u00fczi\u011finin en \u00f6nemli sanat\u00e7\u0131lar\u0131ndan biri olan Cem Karaca ,Anadolu Rock&#8217;\u0131n ve Anadolu Pop&#8217;\u0131n kurucular\u0131 aras\u0131nda yerini alm\u0131\u015ft\u0131r. Bu m\u00fczik tarzlar\u0131n\u0131 uygulayan bir \u00e7ok grupla \u00e7al\u0131\u015fm\u0131\u015f (Apa\u015flar, Karda\u015flar, Mo\u011follar ve Dervi\u015fan) kurucusu ve y\u00f6neticisi olmu\u015f g\u00fc\u00e7l\u00fc bir rock ve pop k\u00fclt\u00fc [&hellip;]\" \/>\n<meta property=\"og:url\" content=\"https:\/\/narteks.net\/index.php\/2010\/03\/02\/anadolu-rockin-en-onemli-seslerinden-biri-cem-karaca-ve-sarkilari\/\" \/>\n<meta property=\"og:site_name\" content=\"narteks.net\" \/>\n<meta property=\"article:published_time\" content=\"2010-03-02T14:03:28+00:00\" \/>\n<meta property=\"og:image\" content=\"https:\/\/narteks.net\/wp-content\/uploads\/narteks.png\" \/>\n\t<meta property=\"og:image:width\" content=\"300\" \/>\n\t<meta property=\"og:image:height\" content=\"90\" \/>\n\t<meta property=\"og:image:type\" content=\"image\/png\" \/>\n<meta name=\"author\" content=\"Tar\u0131k\" \/>\n<meta name=\"twitter:card\" content=\"summary_large_image\" \/>\n<meta name=\"twitter:creator\" content=\"@narteks\" \/>\n<meta name=\"twitter:site\" content=\"@narteks\" \/>\n<meta name=\"twitter:label1\" content=\"Yazan:\" \/>\n\t<meta name=\"twitter:data1\" content=\"Tar\u0131k\" \/>\n\t<meta name=\"twitter:label2\" content=\"Tahmini okuma s\u00fcresi\" \/>\n\t<meta name=\"twitter:data2\" content=\"6 dakika\" \/>\n<script type=\"application\/ld+json\" class=\"yoast-schema-graph\">{\"@context\":\"https:\/\/schema.org\",\"@graph\":[{\"@type\":\"Article\",\"@id\":\"https:\/\/narteks.net\/index.php\/2010\/03\/02\/anadolu-rockin-en-onemli-seslerinden-biri-cem-karaca-ve-sarkilari\/#article\",\"isPartOf\":{\"@id\":\"https:\/\/narteks.net\/index.php\/2010\/03\/02\/anadolu-rockin-en-onemli-seslerinden-biri-cem-karaca-ve-sarkilari\/\"},\"author\":{\"name\":\"Tar\u0131k\",\"@id\":\"https:\/\/narteks.net\/#\/schema\/person\/61f37d9834294b72d31d274e7ed79bca\"},\"headline\":\"Anadolu Rock&#8217;\u0131n en \u00f6nemli seslerinden biri | Cem Karaca ve \u015fark\u0131lar\u0131\",\"datePublished\":\"2010-03-02T14:03:28+00:00\",\"mainEntityOfPage\":{\"@id\":\"https:\/\/narteks.net\/index.php\/2010\/03\/02\/anadolu-rockin-en-onemli-seslerinden-biri-cem-karaca-ve-sarkilari\/\"},\"wordCount\":1268,\"commentCount\":0,\"publisher\":{\"@id\":\"https:\/\/narteks.net\/#organization\"},\"articleSection\":[\"M\u00fczisyenler\"],\"inLanguage\":\"tr\",\"potentialAction\":[{\"@type\":\"CommentAction\",\"name\":\"Comment\",\"target\":[\"https:\/\/narteks.net\/index.php\/2010\/03\/02\/anadolu-rockin-en-onemli-seslerinden-biri-cem-karaca-ve-sarkilari\/#respond\"]}]},{\"@type\":\"WebPage\",\"@id\":\"https:\/\/narteks.net\/index.php\/2010\/03\/02\/anadolu-rockin-en-onemli-seslerinden-biri-cem-karaca-ve-sarkilari\/\",\"url\":\"https:\/\/narteks.net\/index.php\/2010\/03\/02\/anadolu-rockin-en-onemli-seslerinden-biri-cem-karaca-ve-sarkilari\/\",\"name\":\"Anadolu Rock'\u0131n en \u00f6nemli seslerinden biri | Cem Karaca ve \u015fark\u0131lar\u0131 - narteks.net\",\"isPartOf\":{\"@id\":\"https:\/\/narteks.net\/#website\"},\"datePublished\":\"2010-03-02T14:03:28+00:00\",\"breadcrumb\":{\"@id\":\"https:\/\/narteks.net\/index.php\/2010\/03\/02\/anadolu-rockin-en-onemli-seslerinden-biri-cem-karaca-ve-sarkilari\/#breadcrumb\"},\"inLanguage\":\"tr\",\"potentialAction\":[{\"@type\":\"ReadAction\",\"target\":[\"https:\/\/narteks.net\/index.php\/2010\/03\/02\/anadolu-rockin-en-onemli-seslerinden-biri-cem-karaca-ve-sarkilari\/\"]}]},{\"@type\":\"BreadcrumbList\",\"@id\":\"https:\/\/narteks.net\/index.php\/2010\/03\/02\/anadolu-rockin-en-onemli-seslerinden-biri-cem-karaca-ve-sarkilari\/#breadcrumb\",\"itemListElement\":[{\"@type\":\"ListItem\",\"position\":1,\"name\":\"Anasayfa\",\"item\":\"https:\/\/narteks.net\/\"},{\"@type\":\"ListItem\",\"position\":2,\"name\":\"Anadolu Rock&#8217;\u0131n en \u00f6nemli seslerinden biri | Cem Karaca ve \u015fark\u0131lar\u0131\"}]},{\"@type\":\"WebSite\",\"@id\":\"https:\/\/narteks.net\/#website\",\"url\":\"https:\/\/narteks.net\/\",\"name\":\"narteks.net\",\"description\":\"K\u00fclt\u00fcr Sanat Edebiyat Felsefe\",\"publisher\":{\"@id\":\"https:\/\/narteks.net\/#organization\"},\"alternateName\":\"K\u00fclt\u00fcr Sanat Edebiyat Felsefe\",\"potentialAction\":[{\"@type\":\"SearchAction\",\"target\":{\"@type\":\"EntryPoint\",\"urlTemplate\":\"https:\/\/narteks.net\/?s={search_term_string}\"},\"query-input\":{\"@type\":\"PropertyValueSpecification\",\"valueRequired\":true,\"valueName\":\"search_term_string\"}}],\"inLanguage\":\"tr\"},{\"@type\":\"Organization\",\"@id\":\"https:\/\/narteks.net\/#organization\",\"name\":\"narteks.net\",\"url\":\"https:\/\/narteks.net\/\",\"logo\":{\"@type\":\"ImageObject\",\"inLanguage\":\"tr\",\"@id\":\"https:\/\/narteks.net\/#\/schema\/logo\/image\/\",\"url\":\"https:\/\/narteks.net\/wp-content\/uploads\/narteks.png\",\"contentUrl\":\"https:\/\/narteks.net\/wp-content\/uploads\/narteks.png\",\"width\":300,\"height\":90,\"caption\":\"narteks.net\"},\"image\":{\"@id\":\"https:\/\/narteks.net\/#\/schema\/logo\/image\/\"},\"sameAs\":[\"https:\/\/x.com\/narteks\",\"https:\/\/instagram.com\/narteksnet\"]},{\"@type\":\"Person\",\"@id\":\"https:\/\/narteks.net\/#\/schema\/person\/61f37d9834294b72d31d274e7ed79bca\",\"name\":\"Tar\u0131k\",\"image\":{\"@type\":\"ImageObject\",\"inLanguage\":\"tr\",\"@id\":\"https:\/\/narteks.net\/#\/schema\/person\/image\/\",\"url\":\"https:\/\/secure.gravatar.com\/avatar\/50865afb55632c4ae467e0af0930f6510aa2297d8014be502a55b14f3b7550cf?s=96&d=mm&r=g\",\"contentUrl\":\"https:\/\/secure.gravatar.com\/avatar\/50865afb55632c4ae467e0af0930f6510aa2297d8014be502a55b14f3b7550cf?s=96&d=mm&r=g\",\"caption\":\"Tar\u0131k\"},\"sameAs\":[\"http:\/\/narteks.net\"],\"url\":\"https:\/\/narteks.net\/index.php\/author\/narbak\/\"}]}<\/script>\n<!-- \/ Yoast SEO Premium plugin. -->","yoast_head_json":{"title":"Anadolu Rock'\u0131n en \u00f6nemli seslerinden biri | Cem Karaca ve \u015fark\u0131lar\u0131 - narteks.net","robots":{"index":"index","follow":"follow","max-snippet":"max-snippet:-1","max-image-preview":"max-image-preview:large","max-video-preview":"max-video-preview:-1"},"canonical":"https:\/\/narteks.net\/index.php\/2010\/03\/02\/anadolu-rockin-en-onemli-seslerinden-biri-cem-karaca-ve-sarkilari\/","og_locale":"tr_TR","og_type":"article","og_title":"Anadolu Rock'\u0131n en \u00f6nemli seslerinden biri | Cem Karaca ve \u015fark\u0131lar\u0131","og_description":"Muhtar Cem Karaca (d. Antakya, 5 Nisan 1945 &#8211; \u00f6. \u0130stanbul, 8 \u015eubat 2004) T\u00fcrk m\u00fczi\u011finin en \u00f6nemli sanat\u00e7\u0131lar\u0131ndan biri olan Cem Karaca ,Anadolu Rock&#8217;\u0131n ve Anadolu Pop&#8217;\u0131n kurucular\u0131 aras\u0131nda yerini alm\u0131\u015ft\u0131r. Bu m\u00fczik tarzlar\u0131n\u0131 uygulayan bir \u00e7ok grupla \u00e7al\u0131\u015fm\u0131\u015f (Apa\u015flar, Karda\u015flar, Mo\u011follar ve Dervi\u015fan) kurucusu ve y\u00f6neticisi olmu\u015f g\u00fc\u00e7l\u00fc bir rock ve pop k\u00fclt\u00fc [&hellip;]","og_url":"https:\/\/narteks.net\/index.php\/2010\/03\/02\/anadolu-rockin-en-onemli-seslerinden-biri-cem-karaca-ve-sarkilari\/","og_site_name":"narteks.net","article_published_time":"2010-03-02T14:03:28+00:00","og_image":[{"width":300,"height":90,"url":"https:\/\/narteks.net\/wp-content\/uploads\/narteks.png","type":"image\/png"}],"author":"Tar\u0131k","twitter_card":"summary_large_image","twitter_creator":"@narteks","twitter_site":"@narteks","twitter_misc":{"Yazan:":"Tar\u0131k","Tahmini okuma s\u00fcresi":"6 dakika"},"schema":{"@context":"https:\/\/schema.org","@graph":[{"@type":"Article","@id":"https:\/\/narteks.net\/index.php\/2010\/03\/02\/anadolu-rockin-en-onemli-seslerinden-biri-cem-karaca-ve-sarkilari\/#article","isPartOf":{"@id":"https:\/\/narteks.net\/index.php\/2010\/03\/02\/anadolu-rockin-en-onemli-seslerinden-biri-cem-karaca-ve-sarkilari\/"},"author":{"name":"Tar\u0131k","@id":"https:\/\/narteks.net\/#\/schema\/person\/61f37d9834294b72d31d274e7ed79bca"},"headline":"Anadolu Rock&#8217;\u0131n en \u00f6nemli seslerinden biri | Cem Karaca ve \u015fark\u0131lar\u0131","datePublished":"2010-03-02T14:03:28+00:00","mainEntityOfPage":{"@id":"https:\/\/narteks.net\/index.php\/2010\/03\/02\/anadolu-rockin-en-onemli-seslerinden-biri-cem-karaca-ve-sarkilari\/"},"wordCount":1268,"commentCount":0,"publisher":{"@id":"https:\/\/narteks.net\/#organization"},"articleSection":["M\u00fczisyenler"],"inLanguage":"tr","potentialAction":[{"@type":"CommentAction","name":"Comment","target":["https:\/\/narteks.net\/index.php\/2010\/03\/02\/anadolu-rockin-en-onemli-seslerinden-biri-cem-karaca-ve-sarkilari\/#respond"]}]},{"@type":"WebPage","@id":"https:\/\/narteks.net\/index.php\/2010\/03\/02\/anadolu-rockin-en-onemli-seslerinden-biri-cem-karaca-ve-sarkilari\/","url":"https:\/\/narteks.net\/index.php\/2010\/03\/02\/anadolu-rockin-en-onemli-seslerinden-biri-cem-karaca-ve-sarkilari\/","name":"Anadolu Rock'\u0131n en \u00f6nemli seslerinden biri | Cem Karaca ve \u015fark\u0131lar\u0131 - narteks.net","isPartOf":{"@id":"https:\/\/narteks.net\/#website"},"datePublished":"2010-03-02T14:03:28+00:00","breadcrumb":{"@id":"https:\/\/narteks.net\/index.php\/2010\/03\/02\/anadolu-rockin-en-onemli-seslerinden-biri-cem-karaca-ve-sarkilari\/#breadcrumb"},"inLanguage":"tr","potentialAction":[{"@type":"ReadAction","target":["https:\/\/narteks.net\/index.php\/2010\/03\/02\/anadolu-rockin-en-onemli-seslerinden-biri-cem-karaca-ve-sarkilari\/"]}]},{"@type":"BreadcrumbList","@id":"https:\/\/narteks.net\/index.php\/2010\/03\/02\/anadolu-rockin-en-onemli-seslerinden-biri-cem-karaca-ve-sarkilari\/#breadcrumb","itemListElement":[{"@type":"ListItem","position":1,"name":"Anasayfa","item":"https:\/\/narteks.net\/"},{"@type":"ListItem","position":2,"name":"Anadolu Rock&#8217;\u0131n en \u00f6nemli seslerinden biri | Cem Karaca ve \u015fark\u0131lar\u0131"}]},{"@type":"WebSite","@id":"https:\/\/narteks.net\/#website","url":"https:\/\/narteks.net\/","name":"narteks.net","description":"K\u00fclt\u00fcr Sanat Edebiyat Felsefe","publisher":{"@id":"https:\/\/narteks.net\/#organization"},"alternateName":"K\u00fclt\u00fcr Sanat Edebiyat Felsefe","potentialAction":[{"@type":"SearchAction","target":{"@type":"EntryPoint","urlTemplate":"https:\/\/narteks.net\/?s={search_term_string}"},"query-input":{"@type":"PropertyValueSpecification","valueRequired":true,"valueName":"search_term_string"}}],"inLanguage":"tr"},{"@type":"Organization","@id":"https:\/\/narteks.net\/#organization","name":"narteks.net","url":"https:\/\/narteks.net\/","logo":{"@type":"ImageObject","inLanguage":"tr","@id":"https:\/\/narteks.net\/#\/schema\/logo\/image\/","url":"https:\/\/narteks.net\/wp-content\/uploads\/narteks.png","contentUrl":"https:\/\/narteks.net\/wp-content\/uploads\/narteks.png","width":300,"height":90,"caption":"narteks.net"},"image":{"@id":"https:\/\/narteks.net\/#\/schema\/logo\/image\/"},"sameAs":["https:\/\/x.com\/narteks","https:\/\/instagram.com\/narteksnet"]},{"@type":"Person","@id":"https:\/\/narteks.net\/#\/schema\/person\/61f37d9834294b72d31d274e7ed79bca","name":"Tar\u0131k","image":{"@type":"ImageObject","inLanguage":"tr","@id":"https:\/\/narteks.net\/#\/schema\/person\/image\/","url":"https:\/\/secure.gravatar.com\/avatar\/50865afb55632c4ae467e0af0930f6510aa2297d8014be502a55b14f3b7550cf?s=96&d=mm&r=g","contentUrl":"https:\/\/secure.gravatar.com\/avatar\/50865afb55632c4ae467e0af0930f6510aa2297d8014be502a55b14f3b7550cf?s=96&d=mm&r=g","caption":"Tar\u0131k"},"sameAs":["http:\/\/narteks.net"],"url":"https:\/\/narteks.net\/index.php\/author\/narbak\/"}]}},"_links":{"self":[{"href":"https:\/\/narteks.net\/index.php\/wp-json\/wp\/v2\/posts\/4304","targetHints":{"allow":["GET"]}}],"collection":[{"href":"https:\/\/narteks.net\/index.php\/wp-json\/wp\/v2\/posts"}],"about":[{"href":"https:\/\/narteks.net\/index.php\/wp-json\/wp\/v2\/types\/post"}],"author":[{"embeddable":true,"href":"https:\/\/narteks.net\/index.php\/wp-json\/wp\/v2\/users\/1"}],"replies":[{"embeddable":true,"href":"https:\/\/narteks.net\/index.php\/wp-json\/wp\/v2\/comments?post=4304"}],"version-history":[{"count":0,"href":"https:\/\/narteks.net\/index.php\/wp-json\/wp\/v2\/posts\/4304\/revisions"}],"wp:attachment":[{"href":"https:\/\/narteks.net\/index.php\/wp-json\/wp\/v2\/media?parent=4304"}],"wp:term":[{"taxonomy":"category","embeddable":true,"href":"https:\/\/narteks.net\/index.php\/wp-json\/wp\/v2\/categories?post=4304"},{"taxonomy":"post_tag","embeddable":true,"href":"https:\/\/narteks.net\/index.php\/wp-json\/wp\/v2\/tags?post=4304"}],"curies":[{"name":"wp","href":"https:\/\/api.w.org\/{rel}","templated":true}]}}