{"id":4309,"date":"2010-03-04T15:32:15","date_gmt":"2010-03-04T12:32:15","guid":{"rendered":"http:\/\/localhost\/wordpress\/2010\/03\/04\/bozlakin-yasayan-en-buyuk-ustasi-neset-ertas-garip-ve-turkuleri\/"},"modified":"2010-03-04T15:32:15","modified_gmt":"2010-03-04T12:32:15","slug":"bozlakin-yasayan-en-buyuk-ustasi-neset-ertas-garip-ve-turkuleri","status":"publish","type":"post","link":"https:\/\/narteks.net\/index.php\/2010\/03\/04\/bozlakin-yasayan-en-buyuk-ustasi-neset-ertas-garip-ve-turkuleri\/","title":{"rendered":"Bozlak&#8217;\u0131n ya\u015fayan en b\u00fcy\u00fck ustas\u0131 | Ne\u015fet Erta\u015f ( Garip ) ve T\u00fcrk\u00fcleri"},"content":{"rendered":"<p style=\"text-align: justify;\"><img loading=\"lazy\" decoding=\"async\" src=\"images\/stories\/neset-ertas.jpg\" border=\"0\" width=\"155\" height=\"205\" style=\"float: left;\" \/>Halk m\u00fczi\u011fimize kaynakl\u0131k eden mahalli sanat\u00e7\u0131lar\u0131m\u0131z\u0131n eserleri ve yapm\u0131\u015f, olduklar\u0131 \u00e7al\u0131\u015fmalar\u0131n yan\u0131 s\u0131ra, biyografilerinin de ara\u015ft\u0131r\u0131larak ortaya \u00e7\u0131kar\u0131lmas\u0131 b\u00fcy\u00fck \u00f6nem ta\u015f\u0131maktad\u0131r. \u015eu anda hayatta olmayan mahalli sanat\u00e7\u0131lar hakk\u0131ndaki bilgileri ikinci \u00fc\u00e7\u00fcnc\u00fc \u015fah\u0131slardan \u00f6\u011frenmekteyiz. S\u00f6z konusu mahalli sanat\u00e7\u0131lar hakk\u0131ndaki edindi\u011fimiz bilgilerde bir tak\u0131m soru i\u015fretleri olu\u015fmakta ve a\u00e7\u0131kl\u0131\u011fa kavu\u015fturulmas\u0131 gereken baz\u0131 konular ise yeterince a\u00e7\u0131kl\u0131k kazanamamaktad\u0131r. \u00d6zellikle bu biyografik \u00e7al\u0131\u015fmalar\u0131n mahalli sanat\u00e7\u0131lar hayatta iken kendilerinden al\u0131nan bilgiler \u0131\u015f\u0131\u011f\u0131nda yap\u0131lmas\u0131 en sa\u011fl\u0131kl\u0131 olan\u0131d\u0131r.<\/p>\n<p>Orta Anadolu t\u00fcrk\u00fclerini ve bozlaklar\u0131n\u0131 gerek saz\u0131 gerekse sesi ile getirdi\u011fi yorum ve icra bi\u00e7imleri sonucunda \u00fcn yapm\u0131\u015f, mahalli sanat\u00e7\u0131lar\u0131m\u0131zdan biriside Ne\u015fet Erta\u015f&#8217;t\u0131r.<\/p>\n<p style=\"text-align: justify;\">Ne\u015fet Erta\u015f 1943 y\u0131l\u0131nda \u00c7i\u00e7ekda\u011f\u0131&#8217;na ba\u011fl\u0131 eski ad\u0131yla ABDALLAR yeni ad\u0131yla GIRTILLAR k\u00f6y\u00fcnde do\u011fdu. 7 karde\u015fi olan Ne\u015fet Erta\u015f ailenin 2. \u00e7ocu\u011fudur ve karde\u015flerinden m\u00fczikle ilgilenen yoktur. 5-6 ya\u015flar\u0131nda ba\u011flama ve keman \u00e7almaya ba\u011flayan Ne\u015fet Erta\u015f babas\u0131 Muharrem Erta\u015f ile birlikte gittikleri d\u00fc\u011f\u00fcnlerde babas\u0131na kemanla e\u015flik ediyordu. Ge\u00e7imlerini d\u00fc\u011f\u00fcnlerde ald\u0131klar\u0131 paralardan temin eden Erta\u015f&#8217;lar birlikte 8 y\u0131l K\u0131r\u015fehir, Nev\u015fehir, Ni\u011fde, K\u0131r\u0131kkale, Keskin, Yerk\u00f6y, Kayseri, Yozgat ve k\u00f6ylerini gezerek bu i\u015fi s\u00fcrd\u00fcrd\u00fcler. Ne\u015fet Erta\u015f bu i\u015flerle u\u011fra\u015fmaktan okula da hi\u00e7 gidememi\u015ftir.<\/p>\n<p>14 ya\u015f\u0131nda \u00e7al\u0131\u015fmak i\u00e7in \u0130stanbul&#8217;a giden Ne\u015fet Erta\u015f&#8217;\u0131n i\u015f bulmas\u0131 kolay olmad\u0131. Kar\u0131n toklu\u011funa \u00e7al\u0131\u015faca\u011f\u0131 bir i\u015fe dahi raz\u0131 olan sanat\u00e7\u0131 bir g\u00fcn \u015een\u00e7alar Plak ad\u0131nda bir \u015firkete gider. \u015eirketin sahibi olan Kadri \u015een\u00e7alar Ne\u015fet Erta\u015f&#8217;\u0131 dinler ve \u00e7ok be\u011fenir. &#8221;Neden Garip Garip \u00d6tersin B\u00fclb\u00fcl&#8221; adl\u0131 ilk pla\u011f\u0131 1957 y\u0131l\u0131nda \u015een\u00e7alar plak taraf\u0131ndan piyasaya \u00e7\u0131kar\u0131l\u0131r. Ne\u015fet Erta\u015f bu arada Beyo\u011flu&#8217;nda da bir gazinoda sahneye \u00e7\u0131kmaktad\u0131r. <\/p>\n<p>2 y\u0131l \u0130stanbul&#8217;da \u00e7al\u0131\u015fan Ne\u015fet Erta\u015f daha sonra Ankara&#8217;ya gelir ve sahne hayat\u0131 burada devam eder. Ankara&#8217; da \u00e7al\u0131\u015ft\u0131\u011f\u0131 gazinoda Leyla isminde bir k\u0131zla tan\u0131\u015f\u0131r ve hemen evlenirler. \u0130ki k\u0131z bir erkek \u00e7ocuklar\u0131 olur. Ama bu evlilik mutlu s\u00fcrmemektedir. Ne\u015fet Erta\u015f bu arada askere gider. 1962&#8217;de \u0130zmir Narl\u0131dere&#8217;de askerli\u011fini yapan Ne\u015fet Erta\u015f askerlik d\u00f6n\u00fc\u015f\u00fcnde Leyla Erta\u015f ile s\u00fcren 7 y\u0131ll\u0131k evlili\u011fini bitirip ayr\u0131l\u0131r. Plak \u00fczerine plak yapan Ne\u015fet Erta\u015f konserleriyle de bir \u00e7ok \u015fehri 6-7 defa gezdi. Beste ve plaklar\u0131yla \u00e7ok me\u015fhur olan Ne\u015fet Erta\u015f her yerde aranan bir sanat\u00e7\u0131 olmu\u015ftu. \u00d6zellikle orta Anadolu d\u00fc\u011f\u00fcnlerinin de\u011fi\u015fmez sanat\u00e7\u0131s\u0131yd\u0131. Ne\u015fet Erta\u015f d\u00fc\u011f\u00fcnlerdeki i\u00e7kili sofralar\u0131n sayesinde alkol\u00fcn dozunu da art\u0131rm\u0131\u015ft\u0131. Dolay\u0131s\u0131yla s\u0131hhati de bozulmaya ba\u011flad\u0131 ve 1978 y\u0131l\u0131nda parmaklar\u0131 fel\u00e7 oldu. M\u00fczisyenlikten ba\u015fka mesle\u011fide olmad\u0131\u011f\u0131 i\u00e7in i\u015fsiz ve paras\u0131z kald\u0131. \u00c7ok peri\u015fan bir hale gelen Ne\u015fet Erta\u015f tedavi olacak paray\u0131 dahi bulamad\u0131. \u00c7areyi 1979&#8217;da Almanya&#8217;da bulunan karde\u015finin yan\u0131na gitmekte bulan Ne\u015fet Erta\u015f, tedavisini de orada yapt\u0131rd\u0131. E\u015finin yan\u0131nda olan 3 \u00e7ocu\u011funu da daha sonra yan\u0131na ald\u0131ran sanat\u00e7\u0131 mesle\u011fine de Almanya&#8217;da tekrar ba\u015flad\u0131. T\u00fcrklerin bulundu\u011fu yerlerde gazino ve d\u00fc\u011f\u00fcn salonlar\u0131nda \u00e7al\u0131p s\u00f6ylemeye ba\u015flad\u0131.<\/p>\n<p>Kaset ve sahne \u00e7al\u0131\u015fmalar\u0131na Almanya&#8217;da devam eden sanat\u00e7\u0131 kendisi okula gidemedi\u011finden dolay\u0131 \u00e7ocuklar\u0131n\u0131n okumalar\u0131 i\u00e7in elinden geleni yapt\u0131. 1 O\u011flu 2 K\u0131z\u0131 olan sanat\u00e7\u0131 ; o\u011flunu hem \u00fcniversitede okutmakta hem de iyi bir m\u00fczisyen olarak yeti\u015ftirmektedir. Evli olan k\u0131z\u0131 da e\u015fiyle birlikte \u00fcniversitede \u00f6\u011frenim g\u00f6rmektedirler.<\/p>\n<p>Ne\u015fet Erta\u015f&#8217;a babas\u0131n\u0131n hayat\u0131 ve sanat\u0131 ile ilgili bir soruya;<br \/>&#8220;Babam K\u0131r\u015fehir&#8217;den \u00e7\u0131km\u0131\u015f, Keskin&#8221;e gelmi\u015f, anam\u0131nan evlenmi\u015f. \u00c7i\u00e7ekda\u011f\u0131&#8217;n\u0131n G\u0131rt\u0131llar eski ad\u0131yla Abdallar k\u00f6y\u00fc denilen 20 haneli k\u00fc\u00e7\u00fck bir k\u00f6ye gelip yerle\u015fmi\u015f. Ben o Abdallar yeni ad\u0131yla G\u0131rt\u0131llar k\u00f6y\u00fcnde d\u00fcnyaya gelmi\u015fim.<\/p>\n<p>Babam saz\u0131ynan sesiynen tan\u0131nm\u0131\u015f engin g\u00f6n\u00fcl , ho\u015fg\u00f6r\u00fcs\u00fcynen sevilen bir sanat\u00e7\u0131yd\u0131. Saz \u00e7almas\u0131n\u0131 Yusuf Usta&#8217;dan \u00f6\u011frenmi\u015f. Ge\u00e7inmemizi saz\u0131yla temin ederdi. Anam\u0131 Keskin&#8217;den alm\u0131\u015f, kendisi K\u0131r\u015fehir&#8217;li olmas\u0131na ra\u011fmen uzun y\u0131llar Keskin&#8217;de kalm\u0131\u015f, Hac\u0131 Ta\u015fan\u0131 yeti\u015ftirmi\u015f. K\u0131r\u0131kkale ve Yozgat&#8217;\u0131n k\u00f6ylerini, \u0130\u00e7 Anadolu&#8217;nun bir\u00e7ok k\u00f6ylerini saz\u0131 omzunda gezmi\u015f, her yerde t\u00fcrk\u00fcler avazlar b\u0131rakm\u0131\u015f. 5-6 ya\u015f\u0131mda babam beni yan\u0131na ald\u0131. Gitti\u011fi yerlere beni de g\u00f6t\u00fcr\u00fcrd\u00fc. Birlikte 8 y\u0131l Yozgat, Kayseri, Ni\u011fde, Nev\u015fehir, K\u0131r\u0131kkale, Keskin ve Yerk\u00f6y&#8217;\u00fc k\u00f6yleriyle beraber gezip d\u00fc\u011f\u00fcn \u00e7alard\u0131k. Ge\u00e7imimizde<br \/>verilen bah\u015fi\u015flerden olurdu.<\/p>\n<p>En sonunda K\u0131r\u015fehir&#8217;e gelmi\u015f 1980 de mi 1981 de mi rahmete kavu\u015fmu\u015f oldu.&#8221; \u015feklinde cevap vermi\u015ftir. Ne\u015fet Erta\u015f&#8217;a ba\u011flama \u00e7almaya ka\u00e7 ya\u015f\u0131nda ba\u015flad\u0131\u011f\u0131n\u0131 sordu\u011fumuzda ise; &#8220;Ben d\u00fcnyaya geldi\u011fimde saz\u0131 g\u00f6be\u011fime koymu\u015flar&#8221; \u015feklinde cevap vermi\u015ftir. Ba\u011flama \u00f6\u011frenmesinde babas\u0131n\u0131n \u00e7ok etkisi ve eme\u011fi oldu\u011funu s\u00f6yleyen sanat\u00e7\u0131, Bayram Arac\u0131, A. Gazi Ayhan, Refik Ba\u015faran gibi ba\u011flama ustalar\u0131n\u0131 da \u00e7ok be\u011fenerek dinledi\u011fini ifade etmektedir. Sanat\u00e7\u0131; bir ba\u011flamada hangi \u00f6zellikleri ar\u0131yorsunuz? \u015feklindeki sorumuza ;<br \/>&#8220;Oyma saz ve \u00e7ok perdeli olsun.&#8221; diye cevap vermi\u015ftir.<\/p>\n<p>Ba\u011flamalar\u0131n\u0131 da oyma tekne yapan ustalara yapt\u0131rmay\u0131 tercih eden sanat\u00e7\u0131, ba\u011flamalar\u0131na da 7 tel tak\u0131p, kendi sesine g\u00f6re akort yapt\u0131\u011f\u0131n\u0131 s\u00f6ylemektedir.<\/p>\n<p>Sanat\u00e7\u0131n\u0131n ba\u011flamas\u0131ndan duydu\u011fumuz baz\u0131 sesleri, ba\u015fka ba\u011flamalar\u0131 dinledi\u011fimizde duyamamaktay\u0131z. Sanat\u00e7\u0131 bunun nedenini ba\u011flamas\u0131ndaki perde ayarlar\u0131n\u0131 kendisinin yapmas\u0131ndan dolay\u0131 meydana gelen bir farkl\u0131l\u0131k oldu\u011fu ifade etmektedir.<\/p>\n<p>Sanat\u00e7\u0131 bestelerini, s\u00f4z ve m\u00fczi\u011fi ayn\u0131 anda d\u00fc\u015f\u00fcnerek yapt\u0131\u011f\u0131n\u0131, \u015fimdiye kadar ka\u00e7 bestesi ve kaseti oldu\u011funu hat\u0131rlayamad\u0131\u011f\u0131n\u0131 ve kendi eserlerini en iyi icra eden sanat\u00e7\u0131lar\u0131n da G\u00fcl\u015fen Kutlu, Nezahat Bayram, Neriman Alt\u0131nda\u011f T\u00fcfek\u00e7i oldu\u011funu s\u00f6ylemektedir.<\/p>\n<p>Ne\u015fet Erta\u015f&#8217;a bir \u00e7ok eserlerinde ad\u0131n\u0131 kulland\u0131\u011f\u0131 ve ona t\u00fcrk\u00fcler yakt\u0131\u011f\u0131 Leyla&#8217;n\u0131n kim oldu\u011funu sordu\u011fumuzda; <br \/>&#8220;Eski e\u015fim ve \u00e7ocuklar\u0131m\u0131n anas\u0131 Leyla Erta\u015f&#8217;t\u0131r. Ama ayr\u0131ld\u0131ktan sonra t\u00fcrk\u00fclerimde Leyla ismini art\u0131k kullanm\u0131yorum.&#8221;diye cevap verdi. Ne\u015fet Erta\u015f, kendisine ait t\u00fcrk\u00fclerin son k\u0131talar\u0131nda &#8220;GAR\u0130P&#8221; mahlas\u0131n\u0131 kullanmaktad\u0131r. Kendisi bunun nedenini \u015f\u00f6yle a\u00e7\u0131klamaktad\u0131r.<br \/>&#8220;Soyad\u0131 yokken bize Garipler derlermi\u015f. Ger\u00e7ektende biz garip, yani ezilmi\u015f, hor g\u00f6r\u00fclm\u00fc\u015f, Abdal diye nitelendirilmi\u015f, a\u015fa\u011f\u0131lanm\u0131\u015f\u0131zd\u0131r. O gariplik bende kald\u0131\u011f\u0131 i\u00e7in garibim diyorum. Sanat\u00e7\u0131 BOZLAK&#8217;\u0131n tan\u0131m\u0131n\u0131 da Feryatt\u0131r, A\u011f\u0131tt\u0131r.&#8221; olarak yapm\u0131\u015ft\u0131r.<\/p>\n<p>Ne\u015fet Erta\u015f&#8217;a ilk pla\u011f\u0131n\u0131 yapmas\u0131nda maddi ve manevi yard\u0131m\u0131 olanlar\u0131 sordu\u011fumuzda;<\/p>\n<p>&#8220;Kadri \u015een\u00e7alar&#8217;d\u0131r. Kendisi benimle \u00e7ok yak\u0131ndan ilgilendi, bana plak okuttu. Beyo\u011flu saza g\u00f6t\u00fcrerek bana pro\u011fram ald\u0131 ve onun sayesinde sahne hayat\u0131m ba\u015flad\u0131.&#8221; diye cevap verdi. Sanat\u00e7\u0131 \u015fimdiye kadar saz\u0131 ile hi\u00e7 bir sanat\u00e7\u0131ya e\u015flik etmedi\u011fini, sadece tek olarak \u00e7al\u0131p s\u00f6ylemeyi tercih etti\u011fi s\u00f6yledi.<\/p>\n<p>Ne\u015fet Erta\u015f \u00f6nceki bestelerinin \u00e7o\u011funda sevgiliye duyulan a\u015fk ve \u00f6zlem konular\u0131n\u0131 i\u015flemi\u015fti. Son kasetlerindeki (Nerde ne ar\u0131yorsun, Yolcu, \u015eirin K\u0131r\u015fehir, Benim Yurdum) bestelerinde ise insanlara belli mesajlar veriyor. Allah a\u015fk\u0131, insan hakk\u0131 ve sevgisi, ana ve babaya duyulan \u00f6zlem, ilim ve cehalet, memleket hasreti, \u00f6l\u00fcm gibi. Sanat\u00e7\u0131 bunun nedenini \u015f\u00f6yle a\u00e7\u0131kl\u0131yor:<\/p>\n<p>&#8220;A\u015f\u0131k Veysel in de dedi\u011fi gibi benim sad\u0131k yarim gara toprakt\u0131r. G\u00f6z\u00fcnen g\u00f6r\u00fclen, e!inen tutulan, yedi\u011fimiz i\u00e7ti\u011fimiz, can\u0131m\u0131z toprakt\u0131r. Bu topra\u011f\u0131n en g\u00fczeli insand\u0131r, insanlar\u0131n en g\u00fczeli de anam\u0131z ve yarimizdir.<br \/>\u0130nsan\u0131 seven insan; Hakk\u0131 sever, bizde o Hakk\u0131n a\u015f\u0131\u011f\u0131y\u0131z. \u015e\u00fcphesiz ki \u00f6lmez, yitmez, yemez, i\u00e7mez, solmaz bir tek Allah&#8217; t\u0131r. Allah hepimizi e\u015fit yaratm\u0131\u015f. Haks\u0131zl\u0131k, cana g\u0131yma, d\u00fc\u015f\u00fck g\u00f6rme olmas\u0131n. Allah&#8217;tan geldik Allah&#8217;a gidece\u011fiz. Cehalete hat\u0131rlatabildimse mutluyum.&#8221;<br \/>T\u00fcrkiye&#8217;de konserler vermeniz i\u00e7in teklifler yap\u0131l\u0131yordur. Bu teklifleri nas\u0131l kar\u015f\u0131l\u0131yorsunuz? sorumuza sanat\u00e7\u0131 \u015f\u00f6yle cevap verdi:<br \/>&#8220;Kabul etmiyorum. \u00c7\u00fcnki; k\u0131rk y\u0131l o garip vatanda\u015flar\u0131m\u0131n ekme\u011fini yedim. Tekrar konser verip onlar\u0131n cebindeki ekmek paralar\u0131n\u0131 alamam. Ama onlara televizyondan bedava konser veririm.&#8221;<\/p>\n<p>Sanat\u00e7\u0131 t\u00fcm ailesinin Almanya&#8217;da oldu\u011funu, \u00e7ocuklar\u0131n\u0131n \u00fcniversitede okudu\u011funu ve kendisinin de m\u00fczisyen olarak \u00e7al\u0131\u015fmaya devam etti\u011fini, dolay\u0131s\u0131 ile T\u00fcrkiye&#8217; ye kesin d\u00f6n\u00fc\u015f yapmay\u0131, \u015fimdilik d\u00fc\u015f\u00fcnmedi\u011fini ifade etmektedir.<\/p>\n<p>Ne\u015fet Erta\u015f T\u00fcrkiye&#8217;de halk m\u00fczi\u011finin \u015fu andaki yeri hakk\u0131nda \u015f\u00f6yle d\u00fc\u015f\u00fcn\u00fcyor:<br \/>&#8220;Halk m\u00fczi\u011fi \u00f6l\u00fcms\u00fczd\u00fcr. Yeter ki y\u00fcrekten okuyan, y\u00fcrekten \u00e7alan olsun. \u015eu anda \u00e7alan olsun okuyan olsun verimlilik g\u00f6remiyorum.&#8221;<br \/>Halk m\u00fczi\u011fine b\u00fcy\u00fck eme\u011fi ge\u00e7mi\u015f bir sanat\u00e7\u0131 olarak TRT ve K\u00fclt\u00fcr <br \/>Bakanl\u0131\u011f\u0131&#8217;n\u0131n size g\u00f6sterdi\u011fi ilgiden memnunmusunuz? diye sordu\u011fumuzda:<br \/>&#8220;Hay\u0131r memnun de\u011filim. Muzaffer Sar\u0131s\u00f6zen 14 ya\u015f\u0131mda iken beni mektupla \u00e7a\u011f\u0131r\u0131r, misafir olarak \u00e7ald\u0131r\u0131r, okuturdu. Daha sonra imtihanla mahalli sanat\u00e7\u0131 olarak radyoya girdim. 23 sene her ay 2 pro\u011fram yapard\u0131m. Halk m\u00fczi\u011fi y\u00f6neticilerinden \u00e7ok bencil insanlar vard\u0131. Beni \u00e7\u0131kard\u0131lar, istedi\u011fim gibi \u00e7ald\u0131r\u0131p s\u00f6yletmediler. Bende terk ettim.&#8221; diye cevap verdi.<\/p>\n<p>Ne\u015fet Erta\u015f&#8217;a, \u015fimdiye kadar sizin ve baban\u0131z\u0131n hakk\u0131nda herhangi bir<br \/>ara\u015ft\u0131rma yap\u0131ld\u0131 m\u0131? diye sordu\u011fumuzda;<br \/>&#8220;Benim hakk\u0131mda, yani bana sorulmad\u0131. Ama babam\u0131n hakk\u0131nda kendisinden soranlar olmu\u015ftur.&#8221; diye cevap verdi.<br \/>Orta Anadolu t\u00fcrk\u00fclerini ve bozlaklar\u0131n\u0131 en iyi yorumlayan mahalli sanat\u00e7\u0131lardan biri olan Ne\u015fet Erta\u015f&#8217;\u0131n eserlerinin ve m\u00fczik \u00e7al\u0131\u015fmalar\u0131n\u0131n bilinmesinin gereklili\u011fi ile birlikte sanat hayat\u0131n\u0131n ve kendisinin yapt\u0131\u011f\u0131 m\u00fczik hakk\u0131nda d\u00fc\u015f\u00fcnce ve yorumlar\u0131n\u0131n da bilinmesi gerekmektedir.<\/p>\n<p>Ne\u015fet Erta\u015f gibi bir \u00e7ok mahalli sanat\u00e7\u0131 hakk\u0131nda bu t\u00fcr \u00e7al\u0131\u015fmalar yap\u0131lmad\u0131\u011f\u0131 i\u00e7in eserleri ve ya\u015fant\u0131s\u0131 hakk\u0131nda yaz\u0131l\u0131 bilgiler bulmakta g\u00fc\u00e7l\u00fck \u00e7ekilmektedir. Dile\u011fimiz bu t\u00fcr \u00e7al\u0131\u015fma ve yaz\u0131lar\u0131n artmas\u0131d\u0131r.<\/p>\n<p>\u00d6\u011fr. G\u00f6r. Hakan TATY\u00dcZ<br \/> Gaziantep \u00dcniversitesi T.M.D. Konservatuar\u0131 \u00d6\u011fretim G\u00f6revlisi<br \/>Not: Bu \u00e7al\u0131\u015fma 06.04.1996 tarihinde yap\u0131lm\u0131\u015ft\u0131r ve Milli Folklor Dergisinin 31-32. say\u0131s\u0131nda 1996 y\u0131l\u0131nda yay\u0131nlanm\u0131\u015ft\u0131r.<\/p>\n<p>KAYNAKLAR<br \/>1. Ne\u015fet Erta\u015f&#8217;a g\u00f6nderilen, soru ka\u011f\u0131d\u0131 g\u00f6nderme y\u00f6ntemi ile elde edilen bilgiler. <br \/>2. KAYMAK, Mansur &#8211; THM ve Oyunlar\u0131 (Cilt :1 Y\u0131l:1 Say\u0131:1 1982) <br \/>3. EK\u0130C\u0130, Sava\u015f &#8211; Ramazan G\u00fcng\u00f6r ve \u00fc\u00e7 telli kopuzu. (K\u00fclt\u00fcr Bak. HAGEM yay\u0131nlar\u0131. 188 ANKARA 1993) <br \/>4. Halk Ozanlar\u0131n\u0131n Sesi ( Y\u0131l:1 Say\u0131:1 Aral\u0131k 1992 K\u00fclt\u00fcr Bak. HAGEM yay\u0131nlar\u0131.)<\/p>\n<p>\u00a0<\/p>\n<p>\n<object width=\"400\" height=\"300\" data=\"http:\/\/www.humyo.com\/E\/10422871-281475396260373\/10422871-281475396260737\/10422871-281475396261369\/10422871-281475396262007\/10422871-281475396262719\/10422871-281475396263631\/10422871-281475396264333\/10422871-281475396265291\/10422871-281475396266467\/10422871-281475396267947\/10422871-281475396268819\/10422871-281475396270103\/10422871-281475396270697\/10422871-281475396271463?a=NoDAmqBRy5U%2C4pUwjM1JKM8%2Cu3c_HujYnnE%2CUsvvBmJzlko%2CwURuL1Da8Go%2Cf1z0J_HAsyw%2CGgOP2OHyedA%2CwvBa3ZOaFNE%2CgdwRoyLRZxk%2CJk3PXwfd9SM%2CqWQYLW7PcYA%2CNIukoJwrWKs%2CpTvjvV3hxR4%2CiMn14Nv73BI\" type=\"application\/x-shockwave-flash\"><param name=\"flashvars\" value=\"autostart=true&amp;usefullscreen=true&amp;\" \/><param name=\"src\" value=\"http:\/\/www.humyo.com\/E\/10422871-281475396260373\/10422871-281475396260737\/10422871-281475396261369\/10422871-281475396262007\/10422871-281475396262719\/10422871-281475396263631\/10422871-281475396264333\/10422871-281475396265291\/10422871-281475396266467\/10422871-281475396267947\/10422871-281475396268819\/10422871-281475396270103\/10422871-281475396270697\/10422871-281475396271463?a=NoDAmqBRy5U%2C4pUwjM1JKM8%2Cu3c_HujYnnE%2CUsvvBmJzlko%2CwURuL1Da8Go%2Cf1z0J_HAsyw%2CGgOP2OHyedA%2CwvBa3ZOaFNE%2CgdwRoyLRZxk%2CJk3PXwfd9SM%2CqWQYLW7PcYA%2CNIukoJwrWKs%2CpTvjvV3hxR4%2CiMn14Nv73BI\" \/><param name=\"allowfullscreen\" value=\"true\" \/><\/object><\/p>\n","protected":false},"excerpt":{"rendered":"<p>Halk m\u00fczi\u011fimize kaynakl\u0131k eden mahalli sanat\u00e7\u0131lar\u0131m\u0131z\u0131n eserleri ve yapm\u0131\u015f, olduklar\u0131 \u00e7al\u0131\u015fmalar\u0131n yan\u0131 s\u0131ra, biyografilerinin de ara\u015ft\u0131r\u0131larak ortaya \u00e7\u0131kar\u0131lmas\u0131 b\u00fcy\u00fck \u00f6nem ta\u015f\u0131maktad\u0131r. \u015eu anda hayatta olmayan mahalli sanat\u00e7\u0131lar hakk\u0131ndaki bilgileri ikinci \u00fc\u00e7\u00fcnc\u00fc \u015fah\u0131slardan \u00f6\u011frenmekteyiz. S\u00f6z konusu mahalli sanat\u00e7\u0131lar hakk\u0131ndaki edindi\u011fimiz bilgilerde bir tak\u0131m soru i\u015fretleri olu\u015fmakta ve a\u00e7\u0131kl\u0131\u011fa kavu\u015fturulmas\u0131 gereken baz\u0131 konular ise yeterince a\u00e7\u0131kl\u0131k kazanamamaktad\u0131r. [&hellip;]<\/p>\n","protected":false},"author":1,"featured_media":0,"comment_status":"open","ping_status":"open","sticky":false,"template":"","format":"standard","meta":{"footnotes":""},"categories":[100],"tags":[],"class_list":{"0":"post-4309","1":"post","2":"type-post","3":"status-publish","4":"format-standard","6":"category-muzisyenler"},"yoast_head":"<!-- This site is optimized with the Yoast SEO Premium plugin v24.9 (Yoast SEO v24.9) - https:\/\/yoast.com\/wordpress\/plugins\/seo\/ -->\n<title>Bozlak&#039;\u0131n ya\u015fayan en b\u00fcy\u00fck ustas\u0131 | Ne\u015fet Erta\u015f ( Garip ) ve T\u00fcrk\u00fcleri - narteks.net<\/title>\n<meta name=\"robots\" content=\"index, follow, max-snippet:-1, max-image-preview:large, max-video-preview:-1\" \/>\n<link rel=\"canonical\" href=\"https:\/\/narteks.net\/index.php\/2010\/03\/04\/bozlakin-yasayan-en-buyuk-ustasi-neset-ertas-garip-ve-turkuleri\/\" \/>\n<meta property=\"og:locale\" content=\"tr_TR\" \/>\n<meta property=\"og:type\" content=\"article\" \/>\n<meta property=\"og:title\" content=\"Bozlak&#039;\u0131n ya\u015fayan en b\u00fcy\u00fck ustas\u0131 | Ne\u015fet Erta\u015f ( Garip ) ve T\u00fcrk\u00fcleri\" \/>\n<meta property=\"og:description\" content=\"Halk m\u00fczi\u011fimize kaynakl\u0131k eden mahalli sanat\u00e7\u0131lar\u0131m\u0131z\u0131n eserleri ve yapm\u0131\u015f, olduklar\u0131 \u00e7al\u0131\u015fmalar\u0131n yan\u0131 s\u0131ra, biyografilerinin de ara\u015ft\u0131r\u0131larak ortaya \u00e7\u0131kar\u0131lmas\u0131 b\u00fcy\u00fck \u00f6nem ta\u015f\u0131maktad\u0131r. \u015eu anda hayatta olmayan mahalli sanat\u00e7\u0131lar hakk\u0131ndaki bilgileri ikinci \u00fc\u00e7\u00fcnc\u00fc \u015fah\u0131slardan \u00f6\u011frenmekteyiz. S\u00f6z konusu mahalli sanat\u00e7\u0131lar hakk\u0131ndaki edindi\u011fimiz bilgilerde bir tak\u0131m soru i\u015fretleri olu\u015fmakta ve a\u00e7\u0131kl\u0131\u011fa kavu\u015fturulmas\u0131 gereken baz\u0131 konular ise yeterince a\u00e7\u0131kl\u0131k kazanamamaktad\u0131r. [&hellip;]\" \/>\n<meta property=\"og:url\" content=\"https:\/\/narteks.net\/index.php\/2010\/03\/04\/bozlakin-yasayan-en-buyuk-ustasi-neset-ertas-garip-ve-turkuleri\/\" \/>\n<meta property=\"og:site_name\" content=\"narteks.net\" \/>\n<meta property=\"article:published_time\" content=\"2010-03-04T12:32:15+00:00\" \/>\n<meta property=\"og:image\" content=\"https:\/\/narteks.net\/wp-content\/uploads\/narteks.png\" \/>\n\t<meta property=\"og:image:width\" content=\"300\" \/>\n\t<meta property=\"og:image:height\" content=\"90\" \/>\n\t<meta property=\"og:image:type\" content=\"image\/png\" \/>\n<meta name=\"author\" content=\"Tar\u0131k\" \/>\n<meta name=\"twitter:card\" content=\"summary_large_image\" \/>\n<meta name=\"twitter:creator\" content=\"@narteks\" \/>\n<meta name=\"twitter:site\" content=\"@narteks\" \/>\n<meta name=\"twitter:label1\" content=\"Yazan:\" \/>\n\t<meta name=\"twitter:data1\" content=\"Tar\u0131k\" \/>\n\t<meta name=\"twitter:label2\" content=\"Tahmini okuma s\u00fcresi\" \/>\n\t<meta name=\"twitter:data2\" content=\"10 dakika\" \/>\n<script type=\"application\/ld+json\" class=\"yoast-schema-graph\">{\"@context\":\"https:\/\/schema.org\",\"@graph\":[{\"@type\":\"Article\",\"@id\":\"https:\/\/narteks.net\/index.php\/2010\/03\/04\/bozlakin-yasayan-en-buyuk-ustasi-neset-ertas-garip-ve-turkuleri\/#article\",\"isPartOf\":{\"@id\":\"https:\/\/narteks.net\/index.php\/2010\/03\/04\/bozlakin-yasayan-en-buyuk-ustasi-neset-ertas-garip-ve-turkuleri\/\"},\"author\":{\"name\":\"Tar\u0131k\",\"@id\":\"https:\/\/narteks.net\/#\/schema\/person\/61f37d9834294b72d31d274e7ed79bca\"},\"headline\":\"Bozlak&#8217;\u0131n ya\u015fayan en b\u00fcy\u00fck ustas\u0131 | Ne\u015fet Erta\u015f ( Garip ) ve T\u00fcrk\u00fcleri\",\"datePublished\":\"2010-03-04T12:32:15+00:00\",\"mainEntityOfPage\":{\"@id\":\"https:\/\/narteks.net\/index.php\/2010\/03\/04\/bozlakin-yasayan-en-buyuk-ustasi-neset-ertas-garip-ve-turkuleri\/\"},\"wordCount\":1939,\"commentCount\":0,\"publisher\":{\"@id\":\"https:\/\/narteks.net\/#organization\"},\"articleSection\":[\"M\u00fczisyenler\"],\"inLanguage\":\"tr\",\"potentialAction\":[{\"@type\":\"CommentAction\",\"name\":\"Comment\",\"target\":[\"https:\/\/narteks.net\/index.php\/2010\/03\/04\/bozlakin-yasayan-en-buyuk-ustasi-neset-ertas-garip-ve-turkuleri\/#respond\"]}]},{\"@type\":\"WebPage\",\"@id\":\"https:\/\/narteks.net\/index.php\/2010\/03\/04\/bozlakin-yasayan-en-buyuk-ustasi-neset-ertas-garip-ve-turkuleri\/\",\"url\":\"https:\/\/narteks.net\/index.php\/2010\/03\/04\/bozlakin-yasayan-en-buyuk-ustasi-neset-ertas-garip-ve-turkuleri\/\",\"name\":\"Bozlak'\u0131n ya\u015fayan en b\u00fcy\u00fck ustas\u0131 | Ne\u015fet Erta\u015f ( Garip ) ve T\u00fcrk\u00fcleri - narteks.net\",\"isPartOf\":{\"@id\":\"https:\/\/narteks.net\/#website\"},\"datePublished\":\"2010-03-04T12:32:15+00:00\",\"breadcrumb\":{\"@id\":\"https:\/\/narteks.net\/index.php\/2010\/03\/04\/bozlakin-yasayan-en-buyuk-ustasi-neset-ertas-garip-ve-turkuleri\/#breadcrumb\"},\"inLanguage\":\"tr\",\"potentialAction\":[{\"@type\":\"ReadAction\",\"target\":[\"https:\/\/narteks.net\/index.php\/2010\/03\/04\/bozlakin-yasayan-en-buyuk-ustasi-neset-ertas-garip-ve-turkuleri\/\"]}]},{\"@type\":\"BreadcrumbList\",\"@id\":\"https:\/\/narteks.net\/index.php\/2010\/03\/04\/bozlakin-yasayan-en-buyuk-ustasi-neset-ertas-garip-ve-turkuleri\/#breadcrumb\",\"itemListElement\":[{\"@type\":\"ListItem\",\"position\":1,\"name\":\"Anasayfa\",\"item\":\"https:\/\/narteks.net\/\"},{\"@type\":\"ListItem\",\"position\":2,\"name\":\"Bozlak&#8217;\u0131n ya\u015fayan en b\u00fcy\u00fck ustas\u0131 | Ne\u015fet Erta\u015f ( Garip ) ve T\u00fcrk\u00fcleri\"}]},{\"@type\":\"WebSite\",\"@id\":\"https:\/\/narteks.net\/#website\",\"url\":\"https:\/\/narteks.net\/\",\"name\":\"narteks.net\",\"description\":\"K\u00fclt\u00fcr Sanat Edebiyat Felsefe\",\"publisher\":{\"@id\":\"https:\/\/narteks.net\/#organization\"},\"alternateName\":\"K\u00fclt\u00fcr Sanat Edebiyat Felsefe\",\"potentialAction\":[{\"@type\":\"SearchAction\",\"target\":{\"@type\":\"EntryPoint\",\"urlTemplate\":\"https:\/\/narteks.net\/?s={search_term_string}\"},\"query-input\":{\"@type\":\"PropertyValueSpecification\",\"valueRequired\":true,\"valueName\":\"search_term_string\"}}],\"inLanguage\":\"tr\"},{\"@type\":\"Organization\",\"@id\":\"https:\/\/narteks.net\/#organization\",\"name\":\"narteks.net\",\"url\":\"https:\/\/narteks.net\/\",\"logo\":{\"@type\":\"ImageObject\",\"inLanguage\":\"tr\",\"@id\":\"https:\/\/narteks.net\/#\/schema\/logo\/image\/\",\"url\":\"https:\/\/narteks.net\/wp-content\/uploads\/narteks.png\",\"contentUrl\":\"https:\/\/narteks.net\/wp-content\/uploads\/narteks.png\",\"width\":300,\"height\":90,\"caption\":\"narteks.net\"},\"image\":{\"@id\":\"https:\/\/narteks.net\/#\/schema\/logo\/image\/\"},\"sameAs\":[\"https:\/\/x.com\/narteks\",\"https:\/\/instagram.com\/narteksnet\"]},{\"@type\":\"Person\",\"@id\":\"https:\/\/narteks.net\/#\/schema\/person\/61f37d9834294b72d31d274e7ed79bca\",\"name\":\"Tar\u0131k\",\"image\":{\"@type\":\"ImageObject\",\"inLanguage\":\"tr\",\"@id\":\"https:\/\/narteks.net\/#\/schema\/person\/image\/\",\"url\":\"https:\/\/secure.gravatar.com\/avatar\/50865afb55632c4ae467e0af0930f6510aa2297d8014be502a55b14f3b7550cf?s=96&d=mm&r=g\",\"contentUrl\":\"https:\/\/secure.gravatar.com\/avatar\/50865afb55632c4ae467e0af0930f6510aa2297d8014be502a55b14f3b7550cf?s=96&d=mm&r=g\",\"caption\":\"Tar\u0131k\"},\"sameAs\":[\"http:\/\/narteks.net\"],\"url\":\"https:\/\/narteks.net\/index.php\/author\/narbak\/\"}]}<\/script>\n<!-- \/ Yoast SEO Premium plugin. -->","yoast_head_json":{"title":"Bozlak'\u0131n ya\u015fayan en b\u00fcy\u00fck ustas\u0131 | Ne\u015fet Erta\u015f ( Garip ) ve T\u00fcrk\u00fcleri - narteks.net","robots":{"index":"index","follow":"follow","max-snippet":"max-snippet:-1","max-image-preview":"max-image-preview:large","max-video-preview":"max-video-preview:-1"},"canonical":"https:\/\/narteks.net\/index.php\/2010\/03\/04\/bozlakin-yasayan-en-buyuk-ustasi-neset-ertas-garip-ve-turkuleri\/","og_locale":"tr_TR","og_type":"article","og_title":"Bozlak'\u0131n ya\u015fayan en b\u00fcy\u00fck ustas\u0131 | Ne\u015fet Erta\u015f ( Garip ) ve T\u00fcrk\u00fcleri","og_description":"Halk m\u00fczi\u011fimize kaynakl\u0131k eden mahalli sanat\u00e7\u0131lar\u0131m\u0131z\u0131n eserleri ve yapm\u0131\u015f, olduklar\u0131 \u00e7al\u0131\u015fmalar\u0131n yan\u0131 s\u0131ra, biyografilerinin de ara\u015ft\u0131r\u0131larak ortaya \u00e7\u0131kar\u0131lmas\u0131 b\u00fcy\u00fck \u00f6nem ta\u015f\u0131maktad\u0131r. \u015eu anda hayatta olmayan mahalli sanat\u00e7\u0131lar hakk\u0131ndaki bilgileri ikinci \u00fc\u00e7\u00fcnc\u00fc \u015fah\u0131slardan \u00f6\u011frenmekteyiz. S\u00f6z konusu mahalli sanat\u00e7\u0131lar hakk\u0131ndaki edindi\u011fimiz bilgilerde bir tak\u0131m soru i\u015fretleri olu\u015fmakta ve a\u00e7\u0131kl\u0131\u011fa kavu\u015fturulmas\u0131 gereken baz\u0131 konular ise yeterince a\u00e7\u0131kl\u0131k kazanamamaktad\u0131r. [&hellip;]","og_url":"https:\/\/narteks.net\/index.php\/2010\/03\/04\/bozlakin-yasayan-en-buyuk-ustasi-neset-ertas-garip-ve-turkuleri\/","og_site_name":"narteks.net","article_published_time":"2010-03-04T12:32:15+00:00","og_image":[{"width":300,"height":90,"url":"https:\/\/narteks.net\/wp-content\/uploads\/narteks.png","type":"image\/png"}],"author":"Tar\u0131k","twitter_card":"summary_large_image","twitter_creator":"@narteks","twitter_site":"@narteks","twitter_misc":{"Yazan:":"Tar\u0131k","Tahmini okuma s\u00fcresi":"10 dakika"},"schema":{"@context":"https:\/\/schema.org","@graph":[{"@type":"Article","@id":"https:\/\/narteks.net\/index.php\/2010\/03\/04\/bozlakin-yasayan-en-buyuk-ustasi-neset-ertas-garip-ve-turkuleri\/#article","isPartOf":{"@id":"https:\/\/narteks.net\/index.php\/2010\/03\/04\/bozlakin-yasayan-en-buyuk-ustasi-neset-ertas-garip-ve-turkuleri\/"},"author":{"name":"Tar\u0131k","@id":"https:\/\/narteks.net\/#\/schema\/person\/61f37d9834294b72d31d274e7ed79bca"},"headline":"Bozlak&#8217;\u0131n ya\u015fayan en b\u00fcy\u00fck ustas\u0131 | Ne\u015fet Erta\u015f ( Garip ) ve T\u00fcrk\u00fcleri","datePublished":"2010-03-04T12:32:15+00:00","mainEntityOfPage":{"@id":"https:\/\/narteks.net\/index.php\/2010\/03\/04\/bozlakin-yasayan-en-buyuk-ustasi-neset-ertas-garip-ve-turkuleri\/"},"wordCount":1939,"commentCount":0,"publisher":{"@id":"https:\/\/narteks.net\/#organization"},"articleSection":["M\u00fczisyenler"],"inLanguage":"tr","potentialAction":[{"@type":"CommentAction","name":"Comment","target":["https:\/\/narteks.net\/index.php\/2010\/03\/04\/bozlakin-yasayan-en-buyuk-ustasi-neset-ertas-garip-ve-turkuleri\/#respond"]}]},{"@type":"WebPage","@id":"https:\/\/narteks.net\/index.php\/2010\/03\/04\/bozlakin-yasayan-en-buyuk-ustasi-neset-ertas-garip-ve-turkuleri\/","url":"https:\/\/narteks.net\/index.php\/2010\/03\/04\/bozlakin-yasayan-en-buyuk-ustasi-neset-ertas-garip-ve-turkuleri\/","name":"Bozlak'\u0131n ya\u015fayan en b\u00fcy\u00fck ustas\u0131 | Ne\u015fet Erta\u015f ( Garip ) ve T\u00fcrk\u00fcleri - narteks.net","isPartOf":{"@id":"https:\/\/narteks.net\/#website"},"datePublished":"2010-03-04T12:32:15+00:00","breadcrumb":{"@id":"https:\/\/narteks.net\/index.php\/2010\/03\/04\/bozlakin-yasayan-en-buyuk-ustasi-neset-ertas-garip-ve-turkuleri\/#breadcrumb"},"inLanguage":"tr","potentialAction":[{"@type":"ReadAction","target":["https:\/\/narteks.net\/index.php\/2010\/03\/04\/bozlakin-yasayan-en-buyuk-ustasi-neset-ertas-garip-ve-turkuleri\/"]}]},{"@type":"BreadcrumbList","@id":"https:\/\/narteks.net\/index.php\/2010\/03\/04\/bozlakin-yasayan-en-buyuk-ustasi-neset-ertas-garip-ve-turkuleri\/#breadcrumb","itemListElement":[{"@type":"ListItem","position":1,"name":"Anasayfa","item":"https:\/\/narteks.net\/"},{"@type":"ListItem","position":2,"name":"Bozlak&#8217;\u0131n ya\u015fayan en b\u00fcy\u00fck ustas\u0131 | Ne\u015fet Erta\u015f ( Garip ) ve T\u00fcrk\u00fcleri"}]},{"@type":"WebSite","@id":"https:\/\/narteks.net\/#website","url":"https:\/\/narteks.net\/","name":"narteks.net","description":"K\u00fclt\u00fcr Sanat Edebiyat Felsefe","publisher":{"@id":"https:\/\/narteks.net\/#organization"},"alternateName":"K\u00fclt\u00fcr Sanat Edebiyat Felsefe","potentialAction":[{"@type":"SearchAction","target":{"@type":"EntryPoint","urlTemplate":"https:\/\/narteks.net\/?s={search_term_string}"},"query-input":{"@type":"PropertyValueSpecification","valueRequired":true,"valueName":"search_term_string"}}],"inLanguage":"tr"},{"@type":"Organization","@id":"https:\/\/narteks.net\/#organization","name":"narteks.net","url":"https:\/\/narteks.net\/","logo":{"@type":"ImageObject","inLanguage":"tr","@id":"https:\/\/narteks.net\/#\/schema\/logo\/image\/","url":"https:\/\/narteks.net\/wp-content\/uploads\/narteks.png","contentUrl":"https:\/\/narteks.net\/wp-content\/uploads\/narteks.png","width":300,"height":90,"caption":"narteks.net"},"image":{"@id":"https:\/\/narteks.net\/#\/schema\/logo\/image\/"},"sameAs":["https:\/\/x.com\/narteks","https:\/\/instagram.com\/narteksnet"]},{"@type":"Person","@id":"https:\/\/narteks.net\/#\/schema\/person\/61f37d9834294b72d31d274e7ed79bca","name":"Tar\u0131k","image":{"@type":"ImageObject","inLanguage":"tr","@id":"https:\/\/narteks.net\/#\/schema\/person\/image\/","url":"https:\/\/secure.gravatar.com\/avatar\/50865afb55632c4ae467e0af0930f6510aa2297d8014be502a55b14f3b7550cf?s=96&d=mm&r=g","contentUrl":"https:\/\/secure.gravatar.com\/avatar\/50865afb55632c4ae467e0af0930f6510aa2297d8014be502a55b14f3b7550cf?s=96&d=mm&r=g","caption":"Tar\u0131k"},"sameAs":["http:\/\/narteks.net"],"url":"https:\/\/narteks.net\/index.php\/author\/narbak\/"}]}},"_links":{"self":[{"href":"https:\/\/narteks.net\/index.php\/wp-json\/wp\/v2\/posts\/4309","targetHints":{"allow":["GET"]}}],"collection":[{"href":"https:\/\/narteks.net\/index.php\/wp-json\/wp\/v2\/posts"}],"about":[{"href":"https:\/\/narteks.net\/index.php\/wp-json\/wp\/v2\/types\/post"}],"author":[{"embeddable":true,"href":"https:\/\/narteks.net\/index.php\/wp-json\/wp\/v2\/users\/1"}],"replies":[{"embeddable":true,"href":"https:\/\/narteks.net\/index.php\/wp-json\/wp\/v2\/comments?post=4309"}],"version-history":[{"count":0,"href":"https:\/\/narteks.net\/index.php\/wp-json\/wp\/v2\/posts\/4309\/revisions"}],"wp:attachment":[{"href":"https:\/\/narteks.net\/index.php\/wp-json\/wp\/v2\/media?parent=4309"}],"wp:term":[{"taxonomy":"category","embeddable":true,"href":"https:\/\/narteks.net\/index.php\/wp-json\/wp\/v2\/categories?post=4309"},{"taxonomy":"post_tag","embeddable":true,"href":"https:\/\/narteks.net\/index.php\/wp-json\/wp\/v2\/tags?post=4309"}],"curies":[{"name":"wp","href":"https:\/\/api.w.org\/{rel}","templated":true}]}}