{"id":431,"date":"2009-03-13T14:21:26","date_gmt":"2009-03-13T11:21:26","guid":{"rendered":"http:\/\/localhost\/wordpress\/2009\/03\/13\/islam-oglu\/"},"modified":"2009-03-13T14:21:26","modified_gmt":"2009-03-13T11:21:26","slug":"islam-oglu","status":"publish","type":"post","link":"https:\/\/narteks.net\/index.php\/2009\/03\/13\/islam-oglu\/","title":{"rendered":"\u0130slam O\u011flu"},"content":{"rendered":"<p style=\"text-align: justify;\"><span style=\"font-size: 14pt;\"><strong>\u0130slam O\u011flu <\/strong><\/span><\/p>\n<p>Bundan 200 y\u0131l kadar \u00f6nce u\u015fak y\u00f6remizde \u0130slam o\u011flu ad\u0131nda biri ya\u015farm\u0131\u015f .<\/p>\n<p>\u0130slam O\u011flu k\u00f6y\u00fcnde, yufka y\u00fcrekli tan\u0131nan iyilik sever kimseyi incitmeyen bir insanm\u0131\u015f.<\/p>\n<p>Cana k\u0131yaca\u011f\u0131 kimsenin akl\u0131ndan bile ge\u00e7meyen \u0130slam O\u011flu bir g\u00fcn kahvede otururken ufak bir m\u00fcnaka\u015fa sonunda arkada\u015f\u0131n\u0131 \u00f6ld\u00fcr\u00fcyor. Ve da\u011fa \u00e7\u0131k\u0131yor.<\/p>\n<p>\u0130slam O\u011flu nun pe\u015fine bir \u00e7ok zaptiye sal\u0131n\u0131yor fakat aylarca ele ge\u00e7miyor.<\/p>\n<p>Bir g\u00fcn k\u00f6y\u00fcn yak\u0131nlar\u0131nda ulu bir \u00e7\u0131nar a\u011fac\u0131n\u0131n alt\u0131nda otururken k\u00f6yl\u00fcler \u0130slam o\u011flu nu g\u00f6r\u00fcyorlar. Hemen zaptiye ye haber sal\u0131n\u0131yor. \u0130slam o\u011flu aptestini alm\u0131\u015f tam namaza durdu\u011fu s\u0131rada zaptiyeler kendisine ate\u015f a\u00e7\u0131yorlar. \u0130ri g\u00f6vdeli \u0130slam o\u011flu ulu \u00e7\u0131nar a\u011fac\u0131na yaslan\u0131p \u00f6ylece kal\u0131yor.<\/p>\n<p>Yere y\u0131\u011f\u0131lmayan \u0130slam o\u011flunu \u00f6lmedi zanneden k\u00f6yl\u00fcler 4 g\u00fcn yak\u0131n\u0131na varam\u0131yorlar. 4 g\u00fcn sonra ceset yere y\u0131k\u0131l\u0131yor.<\/p>\n<p>\u0130slam o\u011fluna yak\u0131lan bu t\u00fcrk\u00fc bug\u00fcn hala u\u015fak y\u00f6resinde d\u00fc\u011f\u00fcnlerde s\u00f6ylenir.<\/p>\n<p>Ellerde ka\u015f\u0131klar \u00e7al\u0131narak, k\u0131vrak zeybek olarak oynan\u0131r.<\/p>\n<p>\u0130slam o\u011flu efem derler benim \u015fan\u0131ma <br \/>\u00dc\u00e7 atl\u0131 gelemiyor yan\u0131ma<\/p>\n<p>\u0130slam o\u011flu iner gelir ini\u015ften<br \/>Her yanlar\u0131 g\u00f6r\u00fcnm\u00fcyor g\u00fcm\u00fc\u015ften<\/p>\n<p>\u0130slam o\u011flu kale yapar ta\u015f\u0131nan <br \/>G\u00f6zlerim doldu alkan ile ya\u015f\u0131nan<\/p>\n<p>Kaynak:<br \/>Ahmet G\u00fcnday<br \/>Ba\u011flama Metodu<br \/>Notalar\u0131 ile Halk T\u00fcrk\u00fcleri<br \/>ve T\u00fcrk\u00fc Hikayeleri\u00a0\u00a0\u00a0\u00a0\u00a0\u00a0\u00a0\u00a0\u00a0\u00a0\u00a0\u00a0\u00a0 Nisan 1977<\/p>\n","protected":false},"excerpt":{"rendered":"<p>\u0130slam O\u011flu Bundan 200 y\u0131l kadar \u00f6nce u\u015fak y\u00f6remizde \u0130slam o\u011flu ad\u0131nda biri ya\u015farm\u0131\u015f . \u0130slam O\u011flu k\u00f6y\u00fcnde, yufka y\u00fcrekli tan\u0131nan iyilik sever kimseyi incitmeyen bir insanm\u0131\u015f. Cana k\u0131yaca\u011f\u0131 kimsenin akl\u0131ndan bile ge\u00e7meyen \u0130slam O\u011flu bir g\u00fcn kahvede otururken ufak bir m\u00fcnaka\u015fa sonunda arkada\u015f\u0131n\u0131 \u00f6ld\u00fcr\u00fcyor. Ve da\u011fa \u00e7\u0131k\u0131yor. \u0130slam O\u011flu nun pe\u015fine bir \u00e7ok zaptiye [&hellip;]<\/p>\n","protected":false},"author":1,"featured_media":0,"comment_status":"open","ping_status":"open","sticky":false,"template":"","format":"standard","meta":{"footnotes":""},"categories":[55],"tags":[],"class_list":{"0":"post-431","1":"post","2":"type-post","3":"status-publish","4":"format-standard","6":"category-oykuleriyle-turkuler"},"yoast_head":"<!-- This site is optimized with the Yoast SEO Premium plugin v24.9 (Yoast SEO v24.9) - https:\/\/yoast.com\/wordpress\/plugins\/seo\/ -->\n<title>\u0130slam O\u011flu - narteks.net<\/title>\n<meta name=\"robots\" content=\"index, follow, max-snippet:-1, max-image-preview:large, max-video-preview:-1\" \/>\n<link rel=\"canonical\" href=\"https:\/\/narteks.net\/index.php\/2009\/03\/13\/islam-oglu\/\" \/>\n<meta property=\"og:locale\" content=\"tr_TR\" \/>\n<meta property=\"og:type\" content=\"article\" \/>\n<meta property=\"og:title\" content=\"\u0130slam O\u011flu\" \/>\n<meta property=\"og:description\" content=\"\u0130slam O\u011flu Bundan 200 y\u0131l kadar \u00f6nce u\u015fak y\u00f6remizde \u0130slam o\u011flu ad\u0131nda biri ya\u015farm\u0131\u015f . \u0130slam O\u011flu k\u00f6y\u00fcnde, yufka y\u00fcrekli tan\u0131nan iyilik sever kimseyi incitmeyen bir insanm\u0131\u015f. Cana k\u0131yaca\u011f\u0131 kimsenin akl\u0131ndan bile ge\u00e7meyen \u0130slam O\u011flu bir g\u00fcn kahvede otururken ufak bir m\u00fcnaka\u015fa sonunda arkada\u015f\u0131n\u0131 \u00f6ld\u00fcr\u00fcyor. Ve da\u011fa \u00e7\u0131k\u0131yor. \u0130slam O\u011flu nun pe\u015fine bir \u00e7ok zaptiye [&hellip;]\" \/>\n<meta property=\"og:url\" content=\"https:\/\/narteks.net\/index.php\/2009\/03\/13\/islam-oglu\/\" \/>\n<meta property=\"og:site_name\" content=\"narteks.net\" \/>\n<meta property=\"article:published_time\" content=\"2009-03-13T11:21:26+00:00\" \/>\n<meta property=\"og:image\" content=\"https:\/\/narteks.net\/wp-content\/uploads\/narteks.png\" \/>\n\t<meta property=\"og:image:width\" content=\"300\" \/>\n\t<meta property=\"og:image:height\" content=\"90\" \/>\n\t<meta property=\"og:image:type\" content=\"image\/png\" \/>\n<meta name=\"author\" content=\"Tar\u0131k\" \/>\n<meta name=\"twitter:card\" content=\"summary_large_image\" \/>\n<meta name=\"twitter:creator\" content=\"@narteks\" \/>\n<meta name=\"twitter:site\" content=\"@narteks\" \/>\n<meta name=\"twitter:label1\" content=\"Yazan:\" \/>\n\t<meta name=\"twitter:data1\" content=\"Tar\u0131k\" \/>\n\t<meta name=\"twitter:label2\" content=\"Tahmini okuma s\u00fcresi\" \/>\n\t<meta name=\"twitter:data2\" content=\"1 dakika\" \/>\n<script type=\"application\/ld+json\" class=\"yoast-schema-graph\">{\"@context\":\"https:\/\/schema.org\",\"@graph\":[{\"@type\":\"Article\",\"@id\":\"https:\/\/narteks.net\/index.php\/2009\/03\/13\/islam-oglu\/#article\",\"isPartOf\":{\"@id\":\"https:\/\/narteks.net\/index.php\/2009\/03\/13\/islam-oglu\/\"},\"author\":{\"name\":\"Tar\u0131k\",\"@id\":\"https:\/\/narteks.net\/#\/schema\/person\/61f37d9834294b72d31d274e7ed79bca\"},\"headline\":\"\u0130slam O\u011flu\",\"datePublished\":\"2009-03-13T11:21:26+00:00\",\"mainEntityOfPage\":{\"@id\":\"https:\/\/narteks.net\/index.php\/2009\/03\/13\/islam-oglu\/\"},\"wordCount\":271,\"commentCount\":0,\"publisher\":{\"@id\":\"https:\/\/narteks.net\/#organization\"},\"articleSection\":[\"\u00d6yk\u00fcleriyle T\u00fcrk\u00fcler\"],\"inLanguage\":\"tr\",\"potentialAction\":[{\"@type\":\"CommentAction\",\"name\":\"Comment\",\"target\":[\"https:\/\/narteks.net\/index.php\/2009\/03\/13\/islam-oglu\/#respond\"]}]},{\"@type\":\"WebPage\",\"@id\":\"https:\/\/narteks.net\/index.php\/2009\/03\/13\/islam-oglu\/\",\"url\":\"https:\/\/narteks.net\/index.php\/2009\/03\/13\/islam-oglu\/\",\"name\":\"\u0130slam O\u011flu - narteks.net\",\"isPartOf\":{\"@id\":\"https:\/\/narteks.net\/#website\"},\"datePublished\":\"2009-03-13T11:21:26+00:00\",\"breadcrumb\":{\"@id\":\"https:\/\/narteks.net\/index.php\/2009\/03\/13\/islam-oglu\/#breadcrumb\"},\"inLanguage\":\"tr\",\"potentialAction\":[{\"@type\":\"ReadAction\",\"target\":[\"https:\/\/narteks.net\/index.php\/2009\/03\/13\/islam-oglu\/\"]}]},{\"@type\":\"BreadcrumbList\",\"@id\":\"https:\/\/narteks.net\/index.php\/2009\/03\/13\/islam-oglu\/#breadcrumb\",\"itemListElement\":[{\"@type\":\"ListItem\",\"position\":1,\"name\":\"Anasayfa\",\"item\":\"https:\/\/narteks.net\/\"},{\"@type\":\"ListItem\",\"position\":2,\"name\":\"\u0130slam O\u011flu\"}]},{\"@type\":\"WebSite\",\"@id\":\"https:\/\/narteks.net\/#website\",\"url\":\"https:\/\/narteks.net\/\",\"name\":\"narteks.net\",\"description\":\"K\u00fclt\u00fcr Sanat Edebiyat Felsefe\",\"publisher\":{\"@id\":\"https:\/\/narteks.net\/#organization\"},\"alternateName\":\"K\u00fclt\u00fcr Sanat Edebiyat Felsefe\",\"potentialAction\":[{\"@type\":\"SearchAction\",\"target\":{\"@type\":\"EntryPoint\",\"urlTemplate\":\"https:\/\/narteks.net\/?s={search_term_string}\"},\"query-input\":{\"@type\":\"PropertyValueSpecification\",\"valueRequired\":true,\"valueName\":\"search_term_string\"}}],\"inLanguage\":\"tr\"},{\"@type\":\"Organization\",\"@id\":\"https:\/\/narteks.net\/#organization\",\"name\":\"narteks.net\",\"url\":\"https:\/\/narteks.net\/\",\"logo\":{\"@type\":\"ImageObject\",\"inLanguage\":\"tr\",\"@id\":\"https:\/\/narteks.net\/#\/schema\/logo\/image\/\",\"url\":\"https:\/\/narteks.net\/wp-content\/uploads\/narteks.png\",\"contentUrl\":\"https:\/\/narteks.net\/wp-content\/uploads\/narteks.png\",\"width\":300,\"height\":90,\"caption\":\"narteks.net\"},\"image\":{\"@id\":\"https:\/\/narteks.net\/#\/schema\/logo\/image\/\"},\"sameAs\":[\"https:\/\/x.com\/narteks\",\"https:\/\/instagram.com\/narteksnet\"]},{\"@type\":\"Person\",\"@id\":\"https:\/\/narteks.net\/#\/schema\/person\/61f37d9834294b72d31d274e7ed79bca\",\"name\":\"Tar\u0131k\",\"image\":{\"@type\":\"ImageObject\",\"inLanguage\":\"tr\",\"@id\":\"https:\/\/narteks.net\/#\/schema\/person\/image\/\",\"url\":\"https:\/\/secure.gravatar.com\/avatar\/50865afb55632c4ae467e0af0930f6510aa2297d8014be502a55b14f3b7550cf?s=96&d=mm&r=g\",\"contentUrl\":\"https:\/\/secure.gravatar.com\/avatar\/50865afb55632c4ae467e0af0930f6510aa2297d8014be502a55b14f3b7550cf?s=96&d=mm&r=g\",\"caption\":\"Tar\u0131k\"},\"sameAs\":[\"http:\/\/narteks.net\"],\"url\":\"https:\/\/narteks.net\/index.php\/author\/narbak\/\"}]}<\/script>\n<!-- \/ Yoast SEO Premium plugin. -->","yoast_head_json":{"title":"\u0130slam O\u011flu - narteks.net","robots":{"index":"index","follow":"follow","max-snippet":"max-snippet:-1","max-image-preview":"max-image-preview:large","max-video-preview":"max-video-preview:-1"},"canonical":"https:\/\/narteks.net\/index.php\/2009\/03\/13\/islam-oglu\/","og_locale":"tr_TR","og_type":"article","og_title":"\u0130slam O\u011flu","og_description":"\u0130slam O\u011flu Bundan 200 y\u0131l kadar \u00f6nce u\u015fak y\u00f6remizde \u0130slam o\u011flu ad\u0131nda biri ya\u015farm\u0131\u015f . \u0130slam O\u011flu k\u00f6y\u00fcnde, yufka y\u00fcrekli tan\u0131nan iyilik sever kimseyi incitmeyen bir insanm\u0131\u015f. Cana k\u0131yaca\u011f\u0131 kimsenin akl\u0131ndan bile ge\u00e7meyen \u0130slam O\u011flu bir g\u00fcn kahvede otururken ufak bir m\u00fcnaka\u015fa sonunda arkada\u015f\u0131n\u0131 \u00f6ld\u00fcr\u00fcyor. Ve da\u011fa \u00e7\u0131k\u0131yor. \u0130slam O\u011flu nun pe\u015fine bir \u00e7ok zaptiye [&hellip;]","og_url":"https:\/\/narteks.net\/index.php\/2009\/03\/13\/islam-oglu\/","og_site_name":"narteks.net","article_published_time":"2009-03-13T11:21:26+00:00","og_image":[{"width":300,"height":90,"url":"https:\/\/narteks.net\/wp-content\/uploads\/narteks.png","type":"image\/png"}],"author":"Tar\u0131k","twitter_card":"summary_large_image","twitter_creator":"@narteks","twitter_site":"@narteks","twitter_misc":{"Yazan:":"Tar\u0131k","Tahmini okuma s\u00fcresi":"1 dakika"},"schema":{"@context":"https:\/\/schema.org","@graph":[{"@type":"Article","@id":"https:\/\/narteks.net\/index.php\/2009\/03\/13\/islam-oglu\/#article","isPartOf":{"@id":"https:\/\/narteks.net\/index.php\/2009\/03\/13\/islam-oglu\/"},"author":{"name":"Tar\u0131k","@id":"https:\/\/narteks.net\/#\/schema\/person\/61f37d9834294b72d31d274e7ed79bca"},"headline":"\u0130slam O\u011flu","datePublished":"2009-03-13T11:21:26+00:00","mainEntityOfPage":{"@id":"https:\/\/narteks.net\/index.php\/2009\/03\/13\/islam-oglu\/"},"wordCount":271,"commentCount":0,"publisher":{"@id":"https:\/\/narteks.net\/#organization"},"articleSection":["\u00d6yk\u00fcleriyle T\u00fcrk\u00fcler"],"inLanguage":"tr","potentialAction":[{"@type":"CommentAction","name":"Comment","target":["https:\/\/narteks.net\/index.php\/2009\/03\/13\/islam-oglu\/#respond"]}]},{"@type":"WebPage","@id":"https:\/\/narteks.net\/index.php\/2009\/03\/13\/islam-oglu\/","url":"https:\/\/narteks.net\/index.php\/2009\/03\/13\/islam-oglu\/","name":"\u0130slam O\u011flu - narteks.net","isPartOf":{"@id":"https:\/\/narteks.net\/#website"},"datePublished":"2009-03-13T11:21:26+00:00","breadcrumb":{"@id":"https:\/\/narteks.net\/index.php\/2009\/03\/13\/islam-oglu\/#breadcrumb"},"inLanguage":"tr","potentialAction":[{"@type":"ReadAction","target":["https:\/\/narteks.net\/index.php\/2009\/03\/13\/islam-oglu\/"]}]},{"@type":"BreadcrumbList","@id":"https:\/\/narteks.net\/index.php\/2009\/03\/13\/islam-oglu\/#breadcrumb","itemListElement":[{"@type":"ListItem","position":1,"name":"Anasayfa","item":"https:\/\/narteks.net\/"},{"@type":"ListItem","position":2,"name":"\u0130slam O\u011flu"}]},{"@type":"WebSite","@id":"https:\/\/narteks.net\/#website","url":"https:\/\/narteks.net\/","name":"narteks.net","description":"K\u00fclt\u00fcr Sanat Edebiyat Felsefe","publisher":{"@id":"https:\/\/narteks.net\/#organization"},"alternateName":"K\u00fclt\u00fcr Sanat Edebiyat Felsefe","potentialAction":[{"@type":"SearchAction","target":{"@type":"EntryPoint","urlTemplate":"https:\/\/narteks.net\/?s={search_term_string}"},"query-input":{"@type":"PropertyValueSpecification","valueRequired":true,"valueName":"search_term_string"}}],"inLanguage":"tr"},{"@type":"Organization","@id":"https:\/\/narteks.net\/#organization","name":"narteks.net","url":"https:\/\/narteks.net\/","logo":{"@type":"ImageObject","inLanguage":"tr","@id":"https:\/\/narteks.net\/#\/schema\/logo\/image\/","url":"https:\/\/narteks.net\/wp-content\/uploads\/narteks.png","contentUrl":"https:\/\/narteks.net\/wp-content\/uploads\/narteks.png","width":300,"height":90,"caption":"narteks.net"},"image":{"@id":"https:\/\/narteks.net\/#\/schema\/logo\/image\/"},"sameAs":["https:\/\/x.com\/narteks","https:\/\/instagram.com\/narteksnet"]},{"@type":"Person","@id":"https:\/\/narteks.net\/#\/schema\/person\/61f37d9834294b72d31d274e7ed79bca","name":"Tar\u0131k","image":{"@type":"ImageObject","inLanguage":"tr","@id":"https:\/\/narteks.net\/#\/schema\/person\/image\/","url":"https:\/\/secure.gravatar.com\/avatar\/50865afb55632c4ae467e0af0930f6510aa2297d8014be502a55b14f3b7550cf?s=96&d=mm&r=g","contentUrl":"https:\/\/secure.gravatar.com\/avatar\/50865afb55632c4ae467e0af0930f6510aa2297d8014be502a55b14f3b7550cf?s=96&d=mm&r=g","caption":"Tar\u0131k"},"sameAs":["http:\/\/narteks.net"],"url":"https:\/\/narteks.net\/index.php\/author\/narbak\/"}]}},"_links":{"self":[{"href":"https:\/\/narteks.net\/index.php\/wp-json\/wp\/v2\/posts\/431","targetHints":{"allow":["GET"]}}],"collection":[{"href":"https:\/\/narteks.net\/index.php\/wp-json\/wp\/v2\/posts"}],"about":[{"href":"https:\/\/narteks.net\/index.php\/wp-json\/wp\/v2\/types\/post"}],"author":[{"embeddable":true,"href":"https:\/\/narteks.net\/index.php\/wp-json\/wp\/v2\/users\/1"}],"replies":[{"embeddable":true,"href":"https:\/\/narteks.net\/index.php\/wp-json\/wp\/v2\/comments?post=431"}],"version-history":[{"count":0,"href":"https:\/\/narteks.net\/index.php\/wp-json\/wp\/v2\/posts\/431\/revisions"}],"wp:attachment":[{"href":"https:\/\/narteks.net\/index.php\/wp-json\/wp\/v2\/media?parent=431"}],"wp:term":[{"taxonomy":"category","embeddable":true,"href":"https:\/\/narteks.net\/index.php\/wp-json\/wp\/v2\/categories?post=431"},{"taxonomy":"post_tag","embeddable":true,"href":"https:\/\/narteks.net\/index.php\/wp-json\/wp\/v2\/tags?post=431"}],"curies":[{"name":"wp","href":"https:\/\/api.w.org\/{rel}","templated":true}]}}