{"id":4316,"date":"2010-03-07T01:52:56","date_gmt":"2010-03-06T22:52:56","guid":{"rendered":"http:\/\/localhost\/wordpress\/2010\/03\/07\/cocuklar-ve-din-ahmet-altan\/"},"modified":"2010-03-07T01:52:56","modified_gmt":"2010-03-06T22:52:56","slug":"cocuklar-ve-din-ahmet-altan","status":"publish","type":"post","link":"https:\/\/narteks.net\/index.php\/2010\/03\/07\/cocuklar-ve-din-ahmet-altan\/","title":{"rendered":"\u00c7OCUKLAR ve D\u0130N | AHMET ALTAN"},"content":{"rendered":"<p>\u00c7OCUKLAR ve D\u0130N<\/p>\n<p>Dindar olmak isterdim.<\/p>\n<p>Dini bilmek isterdim.<\/p>\n<p>\u0130sterdim ki bana inanmayacak, benden ku\u015fku duyacak insanlara, onlar\u0131n inanaca\u011f\u0131 ayetlerle, hadislerle seslenebileyim.<\/p>\n<p>Eminim ki kutsal kitaplar\u0131n, kutsal s\u00f6zlerin bir yerinde \u201cdin ad\u0131na g\u00f6steri\u015fi\u201d lanetleyen bir c\u00fcmle vard\u0131r.<\/p>\n<p>O c\u00fcmleyi bilebilmek isterdim.<\/p>\n<p>Ve, onlara o c\u00fcmleyi s\u00f6yleyebilmek isterdim.<\/p>\n<p>Bir da\u011f\u0131n yamac\u0131ndaki bir binaya k\u00fc\u00e7\u00fck k\u0131zlar\u0131 doldurup onlara Kuran \u00f6\u011fretmeye kalkman\u0131n bir amac\u0131 vard\u0131r.<\/p>\n<p>Nedir o ama\u00e7?<\/p>\n<p>O \u00e7ocuklar\u0131 hayat\u0131n k\u00f6t\u00fcl\u00fcklerinden korumak m\u0131?<\/p>\n<p>Allah\u2019\u0131n b\u00fcy\u00fckl\u00fc\u011f\u00fcn\u00fc onlara anlatmak m\u0131?<\/p>\n<p>Onlara cennete giden yolu g\u00f6stermek mi?<\/p>\n<p>Peki, o \u00e7ocuklar\u0131 \u00f6l\u00fcmden korumay\u0131 hi\u00e7 d\u00fc\u015f\u00fcnmeyen biri, onlar\u0131 hayat\u0131n k\u00f6t\u00fcl\u00fcklerinden koruyabilir mi?<\/p>\n<p>Hayat\u0131n k\u00f6t\u00fcl\u00fcklerinden biri, \u00e7ocuklar\u0131n hayat\u0131n\u0131 hi\u00e7e saymak de\u011fil mi?<\/p>\n<p>Dindar olmak isterdim.<\/p>\n<p>Dini bilmek isterdim.<\/p>\n<p>As\u0131l ibadetin, \u00e7ocuklar\u0131 iyi ve g\u00fcvenli ya\u015fatmak oldu\u011funu s\u00f6yleme hakk\u0131na sahip olmak isterdim.<\/p>\n<p>Yapt\u0131\u011f\u0131n binaya ald\u0131rmadan Kuran dersi vermenin bir \u201c\u015fekil\u201d, bir \u201cg\u00f6steri\u015f\u201d, bir \u201cg\u00fcnah\u201d oldu\u011funu s\u00f6yleyebilecek bir bilgim, da\u011farc\u0131\u011f\u0131mda s\u00f6yledi\u011fime \u015fahit g\u00f6sterebilece\u011fim \u201ckutsal\u201d bir c\u00fcmle bulunsun isterdim.<\/p>\n<p>\u00d6yle bir bilgim yok.<\/p>\n<p>\u00d6yle bir c\u00fcmle bilmiyorum.<\/p>\n<p>Ne kadar \u00e7aresizim.<\/p>\n<p>Bir g\u00fcnahk\u00e2ra ni\u00e7in inans\u0131nlar?<\/p>\n<p>Bir g\u00fcnahk\u00e2r\u0131n, g\u00fcnah buldu\u011funa onlar ni\u00e7in \u201cg\u00fcnah\u201d desinler?<\/p>\n<p>Ama i\u00e7imden, ta derinimden o kadar eminim ki o \u00e7ocuklar\u0131 o binaya sokman\u0131n g\u00fcnah oldu\u011funa.<\/p>\n<p>Hi\u00e7bir ibadetin bu g\u00fcnah\u0131 silemeyece\u011fine o kadar eminim ki&#8230;<\/p>\n<p>Ve, ben bunu anlatamad\u0131\u011f\u0131m i\u00e7in o kadar \u00e7aresizim ki.<\/p>\n<p>Ben dinden hi\u00e7 korkmad\u0131m.<\/p>\n<p>Ben dindarlardan hi\u00e7 korkmad\u0131m.<\/p>\n<p>Ama dini sadece bir \u015fekil, bir g\u00f6steri\u015f sananlar hep \u00fcrk\u00fctt\u00fc beni.<\/p>\n<p>\u201cDin \u00f6yle bir \u015fey de\u011fil,\u201d diye ba\u011f\u0131rmak istedim.<\/p>\n<p>Din \u00f6yle bir \u015fey de\u011fil.<\/p>\n<p>Din g\u00f6steri\u015f de\u011fil.<\/p>\n<p>Biliyorum, bunu s\u00f6ylemeye benim hakk\u0131m yok.<\/p>\n<p>Ben bunu s\u00f6yleyemem.<\/p>\n<p>Ama dindar olmasam da ta i\u00e7imden, ta derinimden biliyorum, \u201ckul kula emanettir\u201d ve biliyorum, \u201cibadet, sana emanet edileni korumakla ba\u015flar.\u201d<\/p>\n<p>O \u00e7ocuklar\u0131 korumayan herkes, o binan\u0131n sa\u011flam olmas\u0131n\u0131 sa\u011flamayan herkes, \u201cdinin g\u00f6steri\u015f\u00e7ili\u011fi\u201d taraf\u0131ndan mahk\u00fbm edilmekten korktu\u011fu i\u00e7in o binay\u0131 kapatmayan herkes g\u00fcnahk\u00e2rd\u0131r bence.<\/p>\n<p>Ben dindar olmak isterdim.<\/p>\n<p>Dini bilmek isterdim.<\/p>\n<p>\u201cDin ad\u0131na yap\u0131lan her g\u00f6steri\u015f, sevab\u0131 \u015fekilde her arayan her davran\u0131\u015f, insan\u0131 g\u00fcnaha g\u00f6t\u00fcr\u00fcr,\u201d diyebilmek isterdim.<\/p>\n<p>Bunu diyebilmek isterdim ger\u00e7ekten, buna b\u00fct\u00fcn kalbimle inan\u0131yorum \u00e7\u00fcnk\u00fc.<\/p>\n<p>O \u00e7ocuklar\u0131 \u00f6ld\u00fcrd\u00fcler.<\/p>\n<p>Kazanacaklar\u0131 sevab\u0131, \u00e7ocuklar\u0131n hayat\u0131ndan daha fazla d\u00fc\u015f\u00fcnd\u00fckleri i\u00e7in \u00f6ld\u00fcrd\u00fcler.<\/p>\n<p>Ve, o kadar \u00e7oklar ki&#8230;<\/p>\n<p>Kimse o \u00e7ocuklar\u0131 korumaya gitmedi.<\/p>\n<p>Kimse o binay\u0131 kapatmad\u0131.<\/p>\n<p>Bunu yapmaya kalkana \u201cdinsiz\u201d diyeceklerdi \u00e7\u00fcnk\u00fc.<\/p>\n<p>\u201cAs\u0131l dindar, o binay\u0131 kapatacak cesarete ve d\u00fcr\u00fcstl\u00fc\u011fe sahip oland\u0131r\u201d diyebilmek isterdim.<\/p>\n<p>Ama diyemem ki&#8230;<\/p>\n<p>Kim bana inan\u0131r?<\/p>\n<p>Hangi dindar inan\u0131r bana?<\/p>\n<p>Kutsal bir c\u00fcmle bilmiyorum ki&#8230;<\/p>\n<p>Tanr\u0131ya inanmasam da tanr\u0131yla ilgili bir sezgim var ama benim.<\/p>\n<p>Onun \u201cbenim yaratt\u0131klar\u0131m\u0131 koruyun, birbirinizi koruyun\u201d diyece\u011fine eminim.<\/p>\n<p>B\u00f6yle bir dua bilseydim, ben o duay\u0131 ederdim.<\/p>\n<p>\u201cDi\u011fer kullar\u0131m\u0131 sevmeden, beni sevemezsiniz\u201d diyece\u011fine eminim.<\/p>\n<p>Bundan eminim.<\/p>\n<p>E\u011fer varsa, O, benim bundan emin oldu\u011fumu biliyor.<\/p>\n<p>Benim hi\u00e7bir dindara din anlatmaya hakk\u0131m yok.<\/p>\n<p>Cahilim ve inan\u00e7s\u0131z\u0131m.<\/p>\n<p>Ama inansayd\u0131m ve bilseydim, \u201cen b\u00fcy\u00fck ibadetin insanlar\u0131, \u00e7ocuklar\u0131 korumak\u201d oldu\u011funu s\u00f6yleyen bir c\u00fcmle bulurdum.<\/p>\n<p>Ve inansayd\u0131m ve bunu s\u00f6ylemeye hakk\u0131m olsayd\u0131, ben hayat\u0131m boyunca bu c\u00fcmleyi tekrarlar, bir tek \u00e7ocuk \u00f6lmesin diye dinimden vazge\u00e7meye, onu k\u0131zd\u0131rmaya, en a\u011f\u0131r cezalarla cezaland\u0131r\u0131lmaya raz\u0131 olurdum.<\/p>\n<p>Ve, bunun en b\u00fcy\u00fck ibadet oldu\u011funa ve bunun O\u2019na duyulan en b\u00fcy\u00fck sevgi oldu\u011funa iman ederdim.<\/p>\n<p>Ve, hi\u00e7 kimse inanmasa da O buna inan\u0131rd\u0131.<\/p>\n<p>AHMET ALTAN<\/p>\n","protected":false},"excerpt":{"rendered":"<p>\u00c7OCUKLAR ve D\u0130N Dindar olmak isterdim. Dini bilmek isterdim. \u0130sterdim ki bana inanmayacak, benden ku\u015fku duyacak insanlara, onlar\u0131n inanaca\u011f\u0131 ayetlerle, hadislerle seslenebileyim. Eminim ki kutsal kitaplar\u0131n, kutsal s\u00f6zlerin bir yerinde \u201cdin ad\u0131na g\u00f6steri\u015fi\u201d lanetleyen bir c\u00fcmle vard\u0131r. O c\u00fcmleyi bilebilmek isterdim. Ve, onlara o c\u00fcmleyi s\u00f6yleyebilmek isterdim. Bir da\u011f\u0131n yamac\u0131ndaki bir binaya k\u00fc\u00e7\u00fck k\u0131zlar\u0131 doldurup [&hellip;]<\/p>\n","protected":false},"author":1,"featured_media":0,"comment_status":"open","ping_status":"open","sticky":false,"template":"","format":"standard","meta":{"footnotes":""},"categories":[157],"tags":[],"class_list":{"0":"post-4316","1":"post","2":"type-post","3":"status-publish","4":"format-standard","6":"category-sizden-gelenler"},"yoast_head":"<!-- This site is optimized with the Yoast SEO Premium plugin v24.9 (Yoast SEO v24.9) - https:\/\/yoast.com\/wordpress\/plugins\/seo\/ -->\n<title>\u00c7OCUKLAR ve D\u0130N | AHMET ALTAN - narteks.net<\/title>\n<meta name=\"robots\" content=\"index, follow, max-snippet:-1, max-image-preview:large, max-video-preview:-1\" \/>\n<link rel=\"canonical\" href=\"https:\/\/narteks.net\/index.php\/2010\/03\/07\/cocuklar-ve-din-ahmet-altan\/\" \/>\n<meta property=\"og:locale\" content=\"tr_TR\" \/>\n<meta property=\"og:type\" content=\"article\" \/>\n<meta property=\"og:title\" content=\"\u00c7OCUKLAR ve D\u0130N | AHMET ALTAN\" \/>\n<meta property=\"og:description\" content=\"\u00c7OCUKLAR ve D\u0130N Dindar olmak isterdim. Dini bilmek isterdim. \u0130sterdim ki bana inanmayacak, benden ku\u015fku duyacak insanlara, onlar\u0131n inanaca\u011f\u0131 ayetlerle, hadislerle seslenebileyim. Eminim ki kutsal kitaplar\u0131n, kutsal s\u00f6zlerin bir yerinde \u201cdin ad\u0131na g\u00f6steri\u015fi\u201d lanetleyen bir c\u00fcmle vard\u0131r. O c\u00fcmleyi bilebilmek isterdim. Ve, onlara o c\u00fcmleyi s\u00f6yleyebilmek isterdim. Bir da\u011f\u0131n yamac\u0131ndaki bir binaya k\u00fc\u00e7\u00fck k\u0131zlar\u0131 doldurup [&hellip;]\" \/>\n<meta property=\"og:url\" content=\"https:\/\/narteks.net\/index.php\/2010\/03\/07\/cocuklar-ve-din-ahmet-altan\/\" \/>\n<meta property=\"og:site_name\" content=\"narteks.net\" \/>\n<meta property=\"article:published_time\" content=\"2010-03-06T22:52:56+00:00\" \/>\n<meta property=\"og:image\" content=\"https:\/\/narteks.net\/wp-content\/uploads\/narteks.png\" \/>\n\t<meta property=\"og:image:width\" content=\"300\" \/>\n\t<meta property=\"og:image:height\" content=\"90\" \/>\n\t<meta property=\"og:image:type\" content=\"image\/png\" \/>\n<meta name=\"author\" content=\"Tar\u0131k\" \/>\n<meta name=\"twitter:card\" content=\"summary_large_image\" \/>\n<meta name=\"twitter:creator\" content=\"@narteks\" \/>\n<meta name=\"twitter:site\" content=\"@narteks\" \/>\n<meta name=\"twitter:label1\" content=\"Yazan:\" \/>\n\t<meta name=\"twitter:data1\" content=\"Tar\u0131k\" \/>\n\t<meta name=\"twitter:label2\" content=\"Tahmini okuma s\u00fcresi\" \/>\n\t<meta name=\"twitter:data2\" content=\"3 dakika\" \/>\n<script type=\"application\/ld+json\" class=\"yoast-schema-graph\">{\"@context\":\"https:\/\/schema.org\",\"@graph\":[{\"@type\":\"Article\",\"@id\":\"https:\/\/narteks.net\/index.php\/2010\/03\/07\/cocuklar-ve-din-ahmet-altan\/#article\",\"isPartOf\":{\"@id\":\"https:\/\/narteks.net\/index.php\/2010\/03\/07\/cocuklar-ve-din-ahmet-altan\/\"},\"author\":{\"name\":\"Tar\u0131k\",\"@id\":\"https:\/\/narteks.net\/#\/schema\/person\/61f37d9834294b72d31d274e7ed79bca\"},\"headline\":\"\u00c7OCUKLAR ve D\u0130N | AHMET ALTAN\",\"datePublished\":\"2010-03-06T22:52:56+00:00\",\"mainEntityOfPage\":{\"@id\":\"https:\/\/narteks.net\/index.php\/2010\/03\/07\/cocuklar-ve-din-ahmet-altan\/\"},\"wordCount\":689,\"commentCount\":0,\"publisher\":{\"@id\":\"https:\/\/narteks.net\/#organization\"},\"articleSection\":[\"Sizden Gelenler\"],\"inLanguage\":\"tr\",\"potentialAction\":[{\"@type\":\"CommentAction\",\"name\":\"Comment\",\"target\":[\"https:\/\/narteks.net\/index.php\/2010\/03\/07\/cocuklar-ve-din-ahmet-altan\/#respond\"]}]},{\"@type\":\"WebPage\",\"@id\":\"https:\/\/narteks.net\/index.php\/2010\/03\/07\/cocuklar-ve-din-ahmet-altan\/\",\"url\":\"https:\/\/narteks.net\/index.php\/2010\/03\/07\/cocuklar-ve-din-ahmet-altan\/\",\"name\":\"\u00c7OCUKLAR ve D\u0130N | AHMET ALTAN - narteks.net\",\"isPartOf\":{\"@id\":\"https:\/\/narteks.net\/#website\"},\"datePublished\":\"2010-03-06T22:52:56+00:00\",\"breadcrumb\":{\"@id\":\"https:\/\/narteks.net\/index.php\/2010\/03\/07\/cocuklar-ve-din-ahmet-altan\/#breadcrumb\"},\"inLanguage\":\"tr\",\"potentialAction\":[{\"@type\":\"ReadAction\",\"target\":[\"https:\/\/narteks.net\/index.php\/2010\/03\/07\/cocuklar-ve-din-ahmet-altan\/\"]}]},{\"@type\":\"BreadcrumbList\",\"@id\":\"https:\/\/narteks.net\/index.php\/2010\/03\/07\/cocuklar-ve-din-ahmet-altan\/#breadcrumb\",\"itemListElement\":[{\"@type\":\"ListItem\",\"position\":1,\"name\":\"Anasayfa\",\"item\":\"https:\/\/narteks.net\/\"},{\"@type\":\"ListItem\",\"position\":2,\"name\":\"\u00c7OCUKLAR ve D\u0130N | AHMET ALTAN\"}]},{\"@type\":\"WebSite\",\"@id\":\"https:\/\/narteks.net\/#website\",\"url\":\"https:\/\/narteks.net\/\",\"name\":\"narteks.net\",\"description\":\"K\u00fclt\u00fcr Sanat Edebiyat Felsefe\",\"publisher\":{\"@id\":\"https:\/\/narteks.net\/#organization\"},\"alternateName\":\"K\u00fclt\u00fcr Sanat Edebiyat Felsefe\",\"potentialAction\":[{\"@type\":\"SearchAction\",\"target\":{\"@type\":\"EntryPoint\",\"urlTemplate\":\"https:\/\/narteks.net\/?s={search_term_string}\"},\"query-input\":{\"@type\":\"PropertyValueSpecification\",\"valueRequired\":true,\"valueName\":\"search_term_string\"}}],\"inLanguage\":\"tr\"},{\"@type\":\"Organization\",\"@id\":\"https:\/\/narteks.net\/#organization\",\"name\":\"narteks.net\",\"url\":\"https:\/\/narteks.net\/\",\"logo\":{\"@type\":\"ImageObject\",\"inLanguage\":\"tr\",\"@id\":\"https:\/\/narteks.net\/#\/schema\/logo\/image\/\",\"url\":\"https:\/\/narteks.net\/wp-content\/uploads\/narteks.png\",\"contentUrl\":\"https:\/\/narteks.net\/wp-content\/uploads\/narteks.png\",\"width\":300,\"height\":90,\"caption\":\"narteks.net\"},\"image\":{\"@id\":\"https:\/\/narteks.net\/#\/schema\/logo\/image\/\"},\"sameAs\":[\"https:\/\/x.com\/narteks\",\"https:\/\/instagram.com\/narteksnet\"]},{\"@type\":\"Person\",\"@id\":\"https:\/\/narteks.net\/#\/schema\/person\/61f37d9834294b72d31d274e7ed79bca\",\"name\":\"Tar\u0131k\",\"image\":{\"@type\":\"ImageObject\",\"inLanguage\":\"tr\",\"@id\":\"https:\/\/narteks.net\/#\/schema\/person\/image\/\",\"url\":\"https:\/\/secure.gravatar.com\/avatar\/50865afb55632c4ae467e0af0930f6510aa2297d8014be502a55b14f3b7550cf?s=96&d=mm&r=g\",\"contentUrl\":\"https:\/\/secure.gravatar.com\/avatar\/50865afb55632c4ae467e0af0930f6510aa2297d8014be502a55b14f3b7550cf?s=96&d=mm&r=g\",\"caption\":\"Tar\u0131k\"},\"sameAs\":[\"http:\/\/narteks.net\"],\"url\":\"https:\/\/narteks.net\/index.php\/author\/narbak\/\"}]}<\/script>\n<!-- \/ Yoast SEO Premium plugin. -->","yoast_head_json":{"title":"\u00c7OCUKLAR ve D\u0130N | AHMET ALTAN - narteks.net","robots":{"index":"index","follow":"follow","max-snippet":"max-snippet:-1","max-image-preview":"max-image-preview:large","max-video-preview":"max-video-preview:-1"},"canonical":"https:\/\/narteks.net\/index.php\/2010\/03\/07\/cocuklar-ve-din-ahmet-altan\/","og_locale":"tr_TR","og_type":"article","og_title":"\u00c7OCUKLAR ve D\u0130N | AHMET ALTAN","og_description":"\u00c7OCUKLAR ve D\u0130N Dindar olmak isterdim. Dini bilmek isterdim. \u0130sterdim ki bana inanmayacak, benden ku\u015fku duyacak insanlara, onlar\u0131n inanaca\u011f\u0131 ayetlerle, hadislerle seslenebileyim. Eminim ki kutsal kitaplar\u0131n, kutsal s\u00f6zlerin bir yerinde \u201cdin ad\u0131na g\u00f6steri\u015fi\u201d lanetleyen bir c\u00fcmle vard\u0131r. O c\u00fcmleyi bilebilmek isterdim. Ve, onlara o c\u00fcmleyi s\u00f6yleyebilmek isterdim. Bir da\u011f\u0131n yamac\u0131ndaki bir binaya k\u00fc\u00e7\u00fck k\u0131zlar\u0131 doldurup [&hellip;]","og_url":"https:\/\/narteks.net\/index.php\/2010\/03\/07\/cocuklar-ve-din-ahmet-altan\/","og_site_name":"narteks.net","article_published_time":"2010-03-06T22:52:56+00:00","og_image":[{"width":300,"height":90,"url":"https:\/\/narteks.net\/wp-content\/uploads\/narteks.png","type":"image\/png"}],"author":"Tar\u0131k","twitter_card":"summary_large_image","twitter_creator":"@narteks","twitter_site":"@narteks","twitter_misc":{"Yazan:":"Tar\u0131k","Tahmini okuma s\u00fcresi":"3 dakika"},"schema":{"@context":"https:\/\/schema.org","@graph":[{"@type":"Article","@id":"https:\/\/narteks.net\/index.php\/2010\/03\/07\/cocuklar-ve-din-ahmet-altan\/#article","isPartOf":{"@id":"https:\/\/narteks.net\/index.php\/2010\/03\/07\/cocuklar-ve-din-ahmet-altan\/"},"author":{"name":"Tar\u0131k","@id":"https:\/\/narteks.net\/#\/schema\/person\/61f37d9834294b72d31d274e7ed79bca"},"headline":"\u00c7OCUKLAR ve D\u0130N | AHMET ALTAN","datePublished":"2010-03-06T22:52:56+00:00","mainEntityOfPage":{"@id":"https:\/\/narteks.net\/index.php\/2010\/03\/07\/cocuklar-ve-din-ahmet-altan\/"},"wordCount":689,"commentCount":0,"publisher":{"@id":"https:\/\/narteks.net\/#organization"},"articleSection":["Sizden Gelenler"],"inLanguage":"tr","potentialAction":[{"@type":"CommentAction","name":"Comment","target":["https:\/\/narteks.net\/index.php\/2010\/03\/07\/cocuklar-ve-din-ahmet-altan\/#respond"]}]},{"@type":"WebPage","@id":"https:\/\/narteks.net\/index.php\/2010\/03\/07\/cocuklar-ve-din-ahmet-altan\/","url":"https:\/\/narteks.net\/index.php\/2010\/03\/07\/cocuklar-ve-din-ahmet-altan\/","name":"\u00c7OCUKLAR ve D\u0130N | AHMET ALTAN - narteks.net","isPartOf":{"@id":"https:\/\/narteks.net\/#website"},"datePublished":"2010-03-06T22:52:56+00:00","breadcrumb":{"@id":"https:\/\/narteks.net\/index.php\/2010\/03\/07\/cocuklar-ve-din-ahmet-altan\/#breadcrumb"},"inLanguage":"tr","potentialAction":[{"@type":"ReadAction","target":["https:\/\/narteks.net\/index.php\/2010\/03\/07\/cocuklar-ve-din-ahmet-altan\/"]}]},{"@type":"BreadcrumbList","@id":"https:\/\/narteks.net\/index.php\/2010\/03\/07\/cocuklar-ve-din-ahmet-altan\/#breadcrumb","itemListElement":[{"@type":"ListItem","position":1,"name":"Anasayfa","item":"https:\/\/narteks.net\/"},{"@type":"ListItem","position":2,"name":"\u00c7OCUKLAR ve D\u0130N | AHMET ALTAN"}]},{"@type":"WebSite","@id":"https:\/\/narteks.net\/#website","url":"https:\/\/narteks.net\/","name":"narteks.net","description":"K\u00fclt\u00fcr Sanat Edebiyat Felsefe","publisher":{"@id":"https:\/\/narteks.net\/#organization"},"alternateName":"K\u00fclt\u00fcr Sanat Edebiyat Felsefe","potentialAction":[{"@type":"SearchAction","target":{"@type":"EntryPoint","urlTemplate":"https:\/\/narteks.net\/?s={search_term_string}"},"query-input":{"@type":"PropertyValueSpecification","valueRequired":true,"valueName":"search_term_string"}}],"inLanguage":"tr"},{"@type":"Organization","@id":"https:\/\/narteks.net\/#organization","name":"narteks.net","url":"https:\/\/narteks.net\/","logo":{"@type":"ImageObject","inLanguage":"tr","@id":"https:\/\/narteks.net\/#\/schema\/logo\/image\/","url":"https:\/\/narteks.net\/wp-content\/uploads\/narteks.png","contentUrl":"https:\/\/narteks.net\/wp-content\/uploads\/narteks.png","width":300,"height":90,"caption":"narteks.net"},"image":{"@id":"https:\/\/narteks.net\/#\/schema\/logo\/image\/"},"sameAs":["https:\/\/x.com\/narteks","https:\/\/instagram.com\/narteksnet"]},{"@type":"Person","@id":"https:\/\/narteks.net\/#\/schema\/person\/61f37d9834294b72d31d274e7ed79bca","name":"Tar\u0131k","image":{"@type":"ImageObject","inLanguage":"tr","@id":"https:\/\/narteks.net\/#\/schema\/person\/image\/","url":"https:\/\/secure.gravatar.com\/avatar\/50865afb55632c4ae467e0af0930f6510aa2297d8014be502a55b14f3b7550cf?s=96&d=mm&r=g","contentUrl":"https:\/\/secure.gravatar.com\/avatar\/50865afb55632c4ae467e0af0930f6510aa2297d8014be502a55b14f3b7550cf?s=96&d=mm&r=g","caption":"Tar\u0131k"},"sameAs":["http:\/\/narteks.net"],"url":"https:\/\/narteks.net\/index.php\/author\/narbak\/"}]}},"_links":{"self":[{"href":"https:\/\/narteks.net\/index.php\/wp-json\/wp\/v2\/posts\/4316","targetHints":{"allow":["GET"]}}],"collection":[{"href":"https:\/\/narteks.net\/index.php\/wp-json\/wp\/v2\/posts"}],"about":[{"href":"https:\/\/narteks.net\/index.php\/wp-json\/wp\/v2\/types\/post"}],"author":[{"embeddable":true,"href":"https:\/\/narteks.net\/index.php\/wp-json\/wp\/v2\/users\/1"}],"replies":[{"embeddable":true,"href":"https:\/\/narteks.net\/index.php\/wp-json\/wp\/v2\/comments?post=4316"}],"version-history":[{"count":0,"href":"https:\/\/narteks.net\/index.php\/wp-json\/wp\/v2\/posts\/4316\/revisions"}],"wp:attachment":[{"href":"https:\/\/narteks.net\/index.php\/wp-json\/wp\/v2\/media?parent=4316"}],"wp:term":[{"taxonomy":"category","embeddable":true,"href":"https:\/\/narteks.net\/index.php\/wp-json\/wp\/v2\/categories?post=4316"},{"taxonomy":"post_tag","embeddable":true,"href":"https:\/\/narteks.net\/index.php\/wp-json\/wp\/v2\/tags?post=4316"}],"curies":[{"name":"wp","href":"https:\/\/api.w.org\/{rel}","templated":true}]}}