{"id":4323,"date":"2010-03-09T12:02:15","date_gmt":"2010-03-09T09:02:15","guid":{"rendered":"http:\/\/localhost\/wordpress\/2010\/03\/09\/ben-degil-yedi-sulalem-kizilbastir-bir-suc-varsa-o-da-dedemdedir-mahzuni-serif-ve-turkuleri\/"},"modified":"2010-03-09T12:02:15","modified_gmt":"2010-03-09T09:02:15","slug":"ben-degil-yedi-sulalem-kizilbastir-bir-suc-varsa-o-da-dedemdedir-mahzuni-serif-ve-turkuleri","status":"publish","type":"post","link":"https:\/\/narteks.net\/index.php\/2010\/03\/09\/ben-degil-yedi-sulalem-kizilbastir-bir-suc-varsa-o-da-dedemdedir-mahzuni-serif-ve-turkuleri\/","title":{"rendered":"Ben de\u011fil, yedi s\u00fclalem K\u0131z\u0131lba\u015ft\u0131r. Bir su\u00e7 varsa o da dedemdedir | Mahzuni \u015eerif ve T\u00fcrk\u00fcleri"},"content":{"rendered":"<p style=\"text-align: justify;\"><img loading=\"lazy\" decoding=\"async\" src=\"images\/stories\/mahzuniserif.jpg\" border=\"0\" width=\"155\" height=\"205\" style=\"float: left;\" \/>Mahzuni \u015eerif (d. 1939, 1940 ya da 1943, Af\u015fin, Kahramanmara\u015f &#8211; \u00f6. 17 May\u0131s 2002, K\u00f6ln), As\u0131l Ad\u0131 \u015eerif \u00c7\u0131r\u0131k Olan Ozan\u0131m\u0131z,Mahzuni \u015eerif olarak tan\u0131nm\u0131\u015ft\u0131r.<br \/>Mahzuni \u015eerif&#8217;in b\u00fcy\u00fck dedesi Seyyid Mehmet&#8217;in t\u00fcrbesinin bulundu\u011fu Hasan K\u00f6y\u00fc, 1800&#8217;l\u00fc y\u0131llar\u0131n ortas\u0131n da mezhep olarak S\u00fcnnili\u011fi se\u00e7mi\u015ftir. Seyyid Mehmed&#8217;in \u00f6l\u00fcm\u00fcnden sonra aile iki kola ayr\u0131lm\u0131\u015f; bir kol, o d\u00f6nemde Elbistan&#8217;a ba\u011fl\u0131 olan Ber\u00e7enek&#8217;e yerle\u015ferek Alevi inanc\u0131n\u0131 s\u00fcrd\u00fcrm\u00fc\u015f, di\u011fer kol ise Hasank\u00f6y&#8217;de kalarak S\u00fcnni inanc\u0131 benimsemi\u015ftir.<\/p>\n<p>Kahramanmara\u015f&#8217;\u0131n Ber\u00e7enek K\u00f6y\u00fc&#8217;nde d\u00fcnyaya gelen ozan\u0131m\u0131z, 1955 y\u0131l\u0131nda, sonradan Ankara&#8217;ya nakledilen Mersin Astsubay Okulu&#8217;na kaydoldu. 1960&#8217;ta e\u015fi Suna&#8217;y\u0131 ka\u00e7\u0131rd\u0131 ve 6 ay k\u00f6y\u00fcnde kald\u0131. Bu s\u0131rada okulu Bal\u0131kesir&#8217;e nakledildi. Okul komutan\u0131n\u0131n \u00e7abas\u0131 ile yeniden okula d\u00f6nen A\u015f\u0131k Mahzuni, 6 ay devams\u0131zl\u0131k yapt\u0131\u011f\u0131na ili\u015fkin bir ihbar \u00fczerine okuldan at\u0131l\u0131nca yeniden k\u00f6y\u00fcne d\u00f6nd\u00fc. 1964 y\u0131l\u0131nda ilk pla\u011f\u0131 ile dinleyicileriyle bulu\u015ftu.<\/p>\n<p style=\"text-align: justify;\">Bir s\u00fcre Gaziantep&#8217;te ikamet ettikten sonra Ankara&#8217;ya ta\u015f\u0131nd\u0131. 1989-1991 y\u0131llar\u0131 aras\u0131nda Halk Ozanlar\u0131 Federasyonu taraf\u0131ndan D\u00fcnya&#8217;n\u0131n en b\u00fcy\u00fck 3 ozan\u0131 aras\u0131nda g\u00f6sterildi.<\/p>\n<p>2001 y\u0131l\u0131n\u0131n Kas\u0131m ay\u0131nda kendisine, &#8220;Elhamd\u00fclillah K\u0131z\u0131lba\u015f&#8217;\u0131m ve lai\u011fim. Ben de\u011fil, yedi s\u00fclalem K\u0131z\u0131lba\u015ft\u0131r. Bir su\u00e7 varsa o da dedemdedir.&#8221; dedi\u011fi i\u00e7in, DGM taraf\u0131ndan aleyhinde dava a\u00e7\u0131ld\u0131. Duru\u015fma 27 Aral\u0131k 2001 tarihinde DGM&#8217;de yap\u0131ld\u0131.<\/p>\n<p>2002&#8217;in ba\u015flar\u0131nda rahats\u0131zlanarak, kalp ve solunum yetmezli\u011fi nedeniyle, bir hastanede yo\u011fun bak\u0131m alt\u0131na al\u0131nd\u0131. May\u0131s ay\u0131nda taburcu edildi. 17 May\u0131s 2002 tarihinde, evli, sekiz \u00e7ocuk, d\u00f6rt torun sahibi olan Mahsuni \u015eerif 60&#8217;l\u0131 ya\u015flar\u0131nda Almanya&#8217;n\u0131n K\u00f6ln \u015fehrinde vefat etti. Vefat etti\u011finde, DGM&#8217;deki davas\u0131 hen\u00fcz sonu\u00e7lanmam\u0131\u015ft\u0131.<\/p>\n<p>Mezar\u0131 \u015fu an son ikamatg\u00e2h\u0131 olan Hac\u0131 Bekta\u015f Veli K\u00fclliyesi&#8217;nin yak\u0131n\u0131ndaki \u00c7ilehane ad\u0131 verilen b\u00f6lgededir.<\/p>\n<p>T\u00fcrk halk m\u00fczi\u011fi sanat\u00e7\u0131lar\u0131 taraf\u0131nda s\u00f6z ve besteleri s\u0131kl\u0131kla kullan\u0131lm\u0131\u015ft\u0131r. Ara\u015ft\u0131rmac\u0131 Yazar Battal Pehlivan&#8217;\u0131n A\u015f\u0131k Mahzuni \u015eerif&#8217;in ya\u015fam\u0131 ve sanat\u0131 \u00fczerine yapt\u0131\u011f\u0131 incelemenin ad\u0131 Dom Dom Kur\u015funu idi. Dom dom kur\u015funu, Yuh Yuh, Fadimem, G\u00fcl y\u00fczl\u00fcm, Ci\u011ferparem ve Ekmek k\u00f6lesi gibi eserleriyle tan\u0131nan A\u015f\u0131k Mahzuni&#8217;nin t\u00fcrk\u00fclerini bir\u00e7ok t\u00fcrk\u00fcc\u00fc ile baz\u0131 pop m\u00fczik sanat\u00e7\u0131lar\u0131 da okudu. Halk \u015fiirine g\u00f6n\u00fcl veren ve konu\u015fma dilini \u015fiirle\u015ftiren A\u015f\u0131k Mahzuni&#8217;nin 453 pla\u011f\u0131, 50 kasedi ve yay\u0131nlanm\u0131\u015f 9 adet kitab\u0131 bulunuyor.Ayr\u0131ca TRT taraf\u0131ndan \u00e7ekilmi\u015f 2 adet belgeseli bulunmaktad\u0131r.Eserlerinin bir \u00e7o\u011fu devlet taraf\u0131nda yasaklanm\u0131\u015ft\u0131r.<\/p>\n<p>\u00a0<\/p>\n<p>\u00a0<\/p>\n<p>\n<object width=\"400\" height=\"315\" data=\"http:\/\/www.humyo.com\/E\/10044311-281475270201279\/10044311-281475270203409\/10044311-281475270205549\/10044311-281475270196529\/10044311-281475270196881\/10044311-281475270197437\/10044311-281475270197965\/10044311-281475270198429\/10044311-281475270199005\/10044311-281475270202669\/10044311-281475270199813\/10044311-281475270200753\/10044311-281475270203781\/10044311-281475270204611\/10044311-281475270202209\/10044311-281475270206247\/10044311-281475270206729\/10044311-281475270207223\/10044311-281475270207657\/10044311-281475270208091\/10044311-281475270208439\/10044311-281475270209157\/10044311-281475270209765\/10044311-281475270210463\/10044311-281475270210855\/10044311-281475270211453\/10044311-281475270211989\/10044311-281475270212299\/10044311-281475270212785\/10044311-281475270213165\/10044311-281475270213723\/10044311-281475270214143\/10044311-281475270214575\/10044311-281475270215047\/10044311-281475270215519\/10044311-281475270216101\/10044311-281475270216429\/10044311-281475270216707\/10044311-281475270217093\/10044311-281475270217591\/10044311-281475270217987\/10044311-281475270218337\/10044311-281475270218747\" type=\"application\/x-shockwave-flash\"><param name=\"flashvars\" value=\"autostart=true&amp;imagestart=true&amp;displayheight=236\" \/><param name=\"src\" value=\"http:\/\/www.humyo.com\/E\/10044311-281475270201279\/10044311-281475270203409\/10044311-281475270205549\/10044311-281475270196529\/10044311-281475270196881\/10044311-281475270197437\/10044311-281475270197965\/10044311-281475270198429\/10044311-281475270199005\/10044311-281475270202669\/10044311-281475270199813\/10044311-281475270200753\/10044311-281475270203781\/10044311-281475270204611\/10044311-281475270202209\/10044311-281475270206247\/10044311-281475270206729\/10044311-281475270207223\/10044311-281475270207657\/10044311-281475270208091\/10044311-281475270208439\/10044311-281475270209157\/10044311-281475270209765\/10044311-281475270210463\/10044311-281475270210855\/10044311-281475270211453\/10044311-281475270211989\/10044311-281475270212299\/10044311-281475270212785\/10044311-281475270213165\/10044311-281475270213723\/10044311-281475270214143\/10044311-281475270214575\/10044311-281475270215047\/10044311-281475270215519\/10044311-281475270216101\/10044311-281475270216429\/10044311-281475270216707\/10044311-281475270217093\/10044311-281475270217591\/10044311-281475270217987\/10044311-281475270218337\/10044311-281475270218747\" \/><\/object><\/p>\n","protected":false},"excerpt":{"rendered":"<p>Mahzuni \u015eerif (d. 1939, 1940 ya da 1943, Af\u015fin, Kahramanmara\u015f &#8211; \u00f6. 17 May\u0131s 2002, K\u00f6ln), As\u0131l Ad\u0131 \u015eerif \u00c7\u0131r\u0131k Olan Ozan\u0131m\u0131z,Mahzuni \u015eerif olarak tan\u0131nm\u0131\u015ft\u0131r.Mahzuni \u015eerif&#8217;in b\u00fcy\u00fck dedesi Seyyid Mehmet&#8217;in t\u00fcrbesinin bulundu\u011fu Hasan K\u00f6y\u00fc, 1800&#8217;l\u00fc y\u0131llar\u0131n ortas\u0131n da mezhep olarak S\u00fcnnili\u011fi se\u00e7mi\u015ftir. Seyyid Mehmed&#8217;in \u00f6l\u00fcm\u00fcnden sonra aile iki kola ayr\u0131lm\u0131\u015f; bir kol, o d\u00f6nemde Elbistan&#8217;a [&hellip;]<\/p>\n","protected":false},"author":1,"featured_media":0,"comment_status":"open","ping_status":"open","sticky":false,"template":"","format":"standard","meta":{"footnotes":""},"categories":[100],"tags":[],"class_list":{"0":"post-4323","1":"post","2":"type-post","3":"status-publish","4":"format-standard","6":"category-muzisyenler"},"yoast_head":"<!-- This site is optimized with the Yoast SEO Premium plugin v24.9 (Yoast SEO v24.9) - https:\/\/yoast.com\/wordpress\/plugins\/seo\/ -->\n<title>Ben de\u011fil, yedi s\u00fclalem K\u0131z\u0131lba\u015ft\u0131r. Bir su\u00e7 varsa o da dedemdedir | Mahzuni \u015eerif ve T\u00fcrk\u00fcleri - narteks.net<\/title>\n<meta name=\"robots\" content=\"index, follow, max-snippet:-1, max-image-preview:large, max-video-preview:-1\" \/>\n<link rel=\"canonical\" href=\"https:\/\/narteks.net\/index.php\/2010\/03\/09\/ben-degil-yedi-sulalem-kizilbastir-bir-suc-varsa-o-da-dedemdedir-mahzuni-serif-ve-turkuleri\/\" \/>\n<meta property=\"og:locale\" content=\"tr_TR\" \/>\n<meta property=\"og:type\" content=\"article\" \/>\n<meta property=\"og:title\" content=\"Ben de\u011fil, yedi s\u00fclalem K\u0131z\u0131lba\u015ft\u0131r. Bir su\u00e7 varsa o da dedemdedir | Mahzuni \u015eerif ve T\u00fcrk\u00fcleri\" \/>\n<meta property=\"og:description\" content=\"Mahzuni \u015eerif (d. 1939, 1940 ya da 1943, Af\u015fin, Kahramanmara\u015f &#8211; \u00f6. 17 May\u0131s 2002, K\u00f6ln), As\u0131l Ad\u0131 \u015eerif \u00c7\u0131r\u0131k Olan Ozan\u0131m\u0131z,Mahzuni \u015eerif olarak tan\u0131nm\u0131\u015ft\u0131r.Mahzuni \u015eerif&#8217;in b\u00fcy\u00fck dedesi Seyyid Mehmet&#8217;in t\u00fcrbesinin bulundu\u011fu Hasan K\u00f6y\u00fc, 1800&#8217;l\u00fc y\u0131llar\u0131n ortas\u0131n da mezhep olarak S\u00fcnnili\u011fi se\u00e7mi\u015ftir. Seyyid Mehmed&#8217;in \u00f6l\u00fcm\u00fcnden sonra aile iki kola ayr\u0131lm\u0131\u015f; bir kol, o d\u00f6nemde Elbistan&#8217;a [&hellip;]\" \/>\n<meta property=\"og:url\" content=\"https:\/\/narteks.net\/index.php\/2010\/03\/09\/ben-degil-yedi-sulalem-kizilbastir-bir-suc-varsa-o-da-dedemdedir-mahzuni-serif-ve-turkuleri\/\" \/>\n<meta property=\"og:site_name\" content=\"narteks.net\" \/>\n<meta property=\"article:published_time\" content=\"2010-03-09T09:02:15+00:00\" \/>\n<meta property=\"og:image\" content=\"https:\/\/narteks.net\/wp-content\/uploads\/narteks.png\" \/>\n\t<meta property=\"og:image:width\" content=\"300\" \/>\n\t<meta property=\"og:image:height\" content=\"90\" \/>\n\t<meta property=\"og:image:type\" content=\"image\/png\" \/>\n<meta name=\"author\" content=\"Tar\u0131k\" \/>\n<meta name=\"twitter:card\" content=\"summary_large_image\" \/>\n<meta name=\"twitter:creator\" content=\"@narteks\" \/>\n<meta name=\"twitter:site\" content=\"@narteks\" \/>\n<meta name=\"twitter:label1\" content=\"Yazan:\" \/>\n\t<meta name=\"twitter:data1\" content=\"Tar\u0131k\" \/>\n\t<meta name=\"twitter:label2\" content=\"Tahmini okuma s\u00fcresi\" \/>\n\t<meta name=\"twitter:data2\" content=\"2 dakika\" \/>\n<script type=\"application\/ld+json\" class=\"yoast-schema-graph\">{\"@context\":\"https:\/\/schema.org\",\"@graph\":[{\"@type\":\"Article\",\"@id\":\"https:\/\/narteks.net\/index.php\/2010\/03\/09\/ben-degil-yedi-sulalem-kizilbastir-bir-suc-varsa-o-da-dedemdedir-mahzuni-serif-ve-turkuleri\/#article\",\"isPartOf\":{\"@id\":\"https:\/\/narteks.net\/index.php\/2010\/03\/09\/ben-degil-yedi-sulalem-kizilbastir-bir-suc-varsa-o-da-dedemdedir-mahzuni-serif-ve-turkuleri\/\"},\"author\":{\"name\":\"Tar\u0131k\",\"@id\":\"https:\/\/narteks.net\/#\/schema\/person\/61f37d9834294b72d31d274e7ed79bca\"},\"headline\":\"Ben de\u011fil, yedi s\u00fclalem K\u0131z\u0131lba\u015ft\u0131r. Bir su\u00e7 varsa o da dedemdedir | Mahzuni \u015eerif ve T\u00fcrk\u00fcleri\",\"datePublished\":\"2010-03-09T09:02:15+00:00\",\"mainEntityOfPage\":{\"@id\":\"https:\/\/narteks.net\/index.php\/2010\/03\/09\/ben-degil-yedi-sulalem-kizilbastir-bir-suc-varsa-o-da-dedemdedir-mahzuni-serif-ve-turkuleri\/\"},\"wordCount\":510,\"commentCount\":0,\"publisher\":{\"@id\":\"https:\/\/narteks.net\/#organization\"},\"articleSection\":[\"M\u00fczisyenler\"],\"inLanguage\":\"tr\",\"potentialAction\":[{\"@type\":\"CommentAction\",\"name\":\"Comment\",\"target\":[\"https:\/\/narteks.net\/index.php\/2010\/03\/09\/ben-degil-yedi-sulalem-kizilbastir-bir-suc-varsa-o-da-dedemdedir-mahzuni-serif-ve-turkuleri\/#respond\"]}]},{\"@type\":\"WebPage\",\"@id\":\"https:\/\/narteks.net\/index.php\/2010\/03\/09\/ben-degil-yedi-sulalem-kizilbastir-bir-suc-varsa-o-da-dedemdedir-mahzuni-serif-ve-turkuleri\/\",\"url\":\"https:\/\/narteks.net\/index.php\/2010\/03\/09\/ben-degil-yedi-sulalem-kizilbastir-bir-suc-varsa-o-da-dedemdedir-mahzuni-serif-ve-turkuleri\/\",\"name\":\"Ben de\u011fil, yedi s\u00fclalem K\u0131z\u0131lba\u015ft\u0131r. Bir su\u00e7 varsa o da dedemdedir | Mahzuni \u015eerif ve T\u00fcrk\u00fcleri - narteks.net\",\"isPartOf\":{\"@id\":\"https:\/\/narteks.net\/#website\"},\"datePublished\":\"2010-03-09T09:02:15+00:00\",\"breadcrumb\":{\"@id\":\"https:\/\/narteks.net\/index.php\/2010\/03\/09\/ben-degil-yedi-sulalem-kizilbastir-bir-suc-varsa-o-da-dedemdedir-mahzuni-serif-ve-turkuleri\/#breadcrumb\"},\"inLanguage\":\"tr\",\"potentialAction\":[{\"@type\":\"ReadAction\",\"target\":[\"https:\/\/narteks.net\/index.php\/2010\/03\/09\/ben-degil-yedi-sulalem-kizilbastir-bir-suc-varsa-o-da-dedemdedir-mahzuni-serif-ve-turkuleri\/\"]}]},{\"@type\":\"BreadcrumbList\",\"@id\":\"https:\/\/narteks.net\/index.php\/2010\/03\/09\/ben-degil-yedi-sulalem-kizilbastir-bir-suc-varsa-o-da-dedemdedir-mahzuni-serif-ve-turkuleri\/#breadcrumb\",\"itemListElement\":[{\"@type\":\"ListItem\",\"position\":1,\"name\":\"Anasayfa\",\"item\":\"https:\/\/narteks.net\/\"},{\"@type\":\"ListItem\",\"position\":2,\"name\":\"Ben de\u011fil, yedi s\u00fclalem K\u0131z\u0131lba\u015ft\u0131r. Bir su\u00e7 varsa o da dedemdedir | Mahzuni \u015eerif ve T\u00fcrk\u00fcleri\"}]},{\"@type\":\"WebSite\",\"@id\":\"https:\/\/narteks.net\/#website\",\"url\":\"https:\/\/narteks.net\/\",\"name\":\"narteks.net\",\"description\":\"K\u00fclt\u00fcr Sanat Edebiyat Felsefe\",\"publisher\":{\"@id\":\"https:\/\/narteks.net\/#organization\"},\"alternateName\":\"K\u00fclt\u00fcr Sanat Edebiyat Felsefe\",\"potentialAction\":[{\"@type\":\"SearchAction\",\"target\":{\"@type\":\"EntryPoint\",\"urlTemplate\":\"https:\/\/narteks.net\/?s={search_term_string}\"},\"query-input\":{\"@type\":\"PropertyValueSpecification\",\"valueRequired\":true,\"valueName\":\"search_term_string\"}}],\"inLanguage\":\"tr\"},{\"@type\":\"Organization\",\"@id\":\"https:\/\/narteks.net\/#organization\",\"name\":\"narteks.net\",\"url\":\"https:\/\/narteks.net\/\",\"logo\":{\"@type\":\"ImageObject\",\"inLanguage\":\"tr\",\"@id\":\"https:\/\/narteks.net\/#\/schema\/logo\/image\/\",\"url\":\"https:\/\/narteks.net\/wp-content\/uploads\/narteks.png\",\"contentUrl\":\"https:\/\/narteks.net\/wp-content\/uploads\/narteks.png\",\"width\":300,\"height\":90,\"caption\":\"narteks.net\"},\"image\":{\"@id\":\"https:\/\/narteks.net\/#\/schema\/logo\/image\/\"},\"sameAs\":[\"https:\/\/x.com\/narteks\",\"https:\/\/instagram.com\/narteksnet\"]},{\"@type\":\"Person\",\"@id\":\"https:\/\/narteks.net\/#\/schema\/person\/61f37d9834294b72d31d274e7ed79bca\",\"name\":\"Tar\u0131k\",\"image\":{\"@type\":\"ImageObject\",\"inLanguage\":\"tr\",\"@id\":\"https:\/\/narteks.net\/#\/schema\/person\/image\/\",\"url\":\"https:\/\/secure.gravatar.com\/avatar\/50865afb55632c4ae467e0af0930f6510aa2297d8014be502a55b14f3b7550cf?s=96&d=mm&r=g\",\"contentUrl\":\"https:\/\/secure.gravatar.com\/avatar\/50865afb55632c4ae467e0af0930f6510aa2297d8014be502a55b14f3b7550cf?s=96&d=mm&r=g\",\"caption\":\"Tar\u0131k\"},\"sameAs\":[\"http:\/\/narteks.net\"],\"url\":\"https:\/\/narteks.net\/index.php\/author\/narbak\/\"}]}<\/script>\n<!-- \/ Yoast SEO Premium plugin. -->","yoast_head_json":{"title":"Ben de\u011fil, yedi s\u00fclalem K\u0131z\u0131lba\u015ft\u0131r. Bir su\u00e7 varsa o da dedemdedir | Mahzuni \u015eerif ve T\u00fcrk\u00fcleri - narteks.net","robots":{"index":"index","follow":"follow","max-snippet":"max-snippet:-1","max-image-preview":"max-image-preview:large","max-video-preview":"max-video-preview:-1"},"canonical":"https:\/\/narteks.net\/index.php\/2010\/03\/09\/ben-degil-yedi-sulalem-kizilbastir-bir-suc-varsa-o-da-dedemdedir-mahzuni-serif-ve-turkuleri\/","og_locale":"tr_TR","og_type":"article","og_title":"Ben de\u011fil, yedi s\u00fclalem K\u0131z\u0131lba\u015ft\u0131r. Bir su\u00e7 varsa o da dedemdedir | Mahzuni \u015eerif ve T\u00fcrk\u00fcleri","og_description":"Mahzuni \u015eerif (d. 1939, 1940 ya da 1943, Af\u015fin, Kahramanmara\u015f &#8211; \u00f6. 17 May\u0131s 2002, K\u00f6ln), As\u0131l Ad\u0131 \u015eerif \u00c7\u0131r\u0131k Olan Ozan\u0131m\u0131z,Mahzuni \u015eerif olarak tan\u0131nm\u0131\u015ft\u0131r.Mahzuni \u015eerif&#8217;in b\u00fcy\u00fck dedesi Seyyid Mehmet&#8217;in t\u00fcrbesinin bulundu\u011fu Hasan K\u00f6y\u00fc, 1800&#8217;l\u00fc y\u0131llar\u0131n ortas\u0131n da mezhep olarak S\u00fcnnili\u011fi se\u00e7mi\u015ftir. Seyyid Mehmed&#8217;in \u00f6l\u00fcm\u00fcnden sonra aile iki kola ayr\u0131lm\u0131\u015f; bir kol, o d\u00f6nemde Elbistan&#8217;a [&hellip;]","og_url":"https:\/\/narteks.net\/index.php\/2010\/03\/09\/ben-degil-yedi-sulalem-kizilbastir-bir-suc-varsa-o-da-dedemdedir-mahzuni-serif-ve-turkuleri\/","og_site_name":"narteks.net","article_published_time":"2010-03-09T09:02:15+00:00","og_image":[{"width":300,"height":90,"url":"https:\/\/narteks.net\/wp-content\/uploads\/narteks.png","type":"image\/png"}],"author":"Tar\u0131k","twitter_card":"summary_large_image","twitter_creator":"@narteks","twitter_site":"@narteks","twitter_misc":{"Yazan:":"Tar\u0131k","Tahmini okuma s\u00fcresi":"2 dakika"},"schema":{"@context":"https:\/\/schema.org","@graph":[{"@type":"Article","@id":"https:\/\/narteks.net\/index.php\/2010\/03\/09\/ben-degil-yedi-sulalem-kizilbastir-bir-suc-varsa-o-da-dedemdedir-mahzuni-serif-ve-turkuleri\/#article","isPartOf":{"@id":"https:\/\/narteks.net\/index.php\/2010\/03\/09\/ben-degil-yedi-sulalem-kizilbastir-bir-suc-varsa-o-da-dedemdedir-mahzuni-serif-ve-turkuleri\/"},"author":{"name":"Tar\u0131k","@id":"https:\/\/narteks.net\/#\/schema\/person\/61f37d9834294b72d31d274e7ed79bca"},"headline":"Ben de\u011fil, yedi s\u00fclalem K\u0131z\u0131lba\u015ft\u0131r. Bir su\u00e7 varsa o da dedemdedir | Mahzuni \u015eerif ve T\u00fcrk\u00fcleri","datePublished":"2010-03-09T09:02:15+00:00","mainEntityOfPage":{"@id":"https:\/\/narteks.net\/index.php\/2010\/03\/09\/ben-degil-yedi-sulalem-kizilbastir-bir-suc-varsa-o-da-dedemdedir-mahzuni-serif-ve-turkuleri\/"},"wordCount":510,"commentCount":0,"publisher":{"@id":"https:\/\/narteks.net\/#organization"},"articleSection":["M\u00fczisyenler"],"inLanguage":"tr","potentialAction":[{"@type":"CommentAction","name":"Comment","target":["https:\/\/narteks.net\/index.php\/2010\/03\/09\/ben-degil-yedi-sulalem-kizilbastir-bir-suc-varsa-o-da-dedemdedir-mahzuni-serif-ve-turkuleri\/#respond"]}]},{"@type":"WebPage","@id":"https:\/\/narteks.net\/index.php\/2010\/03\/09\/ben-degil-yedi-sulalem-kizilbastir-bir-suc-varsa-o-da-dedemdedir-mahzuni-serif-ve-turkuleri\/","url":"https:\/\/narteks.net\/index.php\/2010\/03\/09\/ben-degil-yedi-sulalem-kizilbastir-bir-suc-varsa-o-da-dedemdedir-mahzuni-serif-ve-turkuleri\/","name":"Ben de\u011fil, yedi s\u00fclalem K\u0131z\u0131lba\u015ft\u0131r. Bir su\u00e7 varsa o da dedemdedir | Mahzuni \u015eerif ve T\u00fcrk\u00fcleri - narteks.net","isPartOf":{"@id":"https:\/\/narteks.net\/#website"},"datePublished":"2010-03-09T09:02:15+00:00","breadcrumb":{"@id":"https:\/\/narteks.net\/index.php\/2010\/03\/09\/ben-degil-yedi-sulalem-kizilbastir-bir-suc-varsa-o-da-dedemdedir-mahzuni-serif-ve-turkuleri\/#breadcrumb"},"inLanguage":"tr","potentialAction":[{"@type":"ReadAction","target":["https:\/\/narteks.net\/index.php\/2010\/03\/09\/ben-degil-yedi-sulalem-kizilbastir-bir-suc-varsa-o-da-dedemdedir-mahzuni-serif-ve-turkuleri\/"]}]},{"@type":"BreadcrumbList","@id":"https:\/\/narteks.net\/index.php\/2010\/03\/09\/ben-degil-yedi-sulalem-kizilbastir-bir-suc-varsa-o-da-dedemdedir-mahzuni-serif-ve-turkuleri\/#breadcrumb","itemListElement":[{"@type":"ListItem","position":1,"name":"Anasayfa","item":"https:\/\/narteks.net\/"},{"@type":"ListItem","position":2,"name":"Ben de\u011fil, yedi s\u00fclalem K\u0131z\u0131lba\u015ft\u0131r. Bir su\u00e7 varsa o da dedemdedir | Mahzuni \u015eerif ve T\u00fcrk\u00fcleri"}]},{"@type":"WebSite","@id":"https:\/\/narteks.net\/#website","url":"https:\/\/narteks.net\/","name":"narteks.net","description":"K\u00fclt\u00fcr Sanat Edebiyat Felsefe","publisher":{"@id":"https:\/\/narteks.net\/#organization"},"alternateName":"K\u00fclt\u00fcr Sanat Edebiyat Felsefe","potentialAction":[{"@type":"SearchAction","target":{"@type":"EntryPoint","urlTemplate":"https:\/\/narteks.net\/?s={search_term_string}"},"query-input":{"@type":"PropertyValueSpecification","valueRequired":true,"valueName":"search_term_string"}}],"inLanguage":"tr"},{"@type":"Organization","@id":"https:\/\/narteks.net\/#organization","name":"narteks.net","url":"https:\/\/narteks.net\/","logo":{"@type":"ImageObject","inLanguage":"tr","@id":"https:\/\/narteks.net\/#\/schema\/logo\/image\/","url":"https:\/\/narteks.net\/wp-content\/uploads\/narteks.png","contentUrl":"https:\/\/narteks.net\/wp-content\/uploads\/narteks.png","width":300,"height":90,"caption":"narteks.net"},"image":{"@id":"https:\/\/narteks.net\/#\/schema\/logo\/image\/"},"sameAs":["https:\/\/x.com\/narteks","https:\/\/instagram.com\/narteksnet"]},{"@type":"Person","@id":"https:\/\/narteks.net\/#\/schema\/person\/61f37d9834294b72d31d274e7ed79bca","name":"Tar\u0131k","image":{"@type":"ImageObject","inLanguage":"tr","@id":"https:\/\/narteks.net\/#\/schema\/person\/image\/","url":"https:\/\/secure.gravatar.com\/avatar\/50865afb55632c4ae467e0af0930f6510aa2297d8014be502a55b14f3b7550cf?s=96&d=mm&r=g","contentUrl":"https:\/\/secure.gravatar.com\/avatar\/50865afb55632c4ae467e0af0930f6510aa2297d8014be502a55b14f3b7550cf?s=96&d=mm&r=g","caption":"Tar\u0131k"},"sameAs":["http:\/\/narteks.net"],"url":"https:\/\/narteks.net\/index.php\/author\/narbak\/"}]}},"_links":{"self":[{"href":"https:\/\/narteks.net\/index.php\/wp-json\/wp\/v2\/posts\/4323","targetHints":{"allow":["GET"]}}],"collection":[{"href":"https:\/\/narteks.net\/index.php\/wp-json\/wp\/v2\/posts"}],"about":[{"href":"https:\/\/narteks.net\/index.php\/wp-json\/wp\/v2\/types\/post"}],"author":[{"embeddable":true,"href":"https:\/\/narteks.net\/index.php\/wp-json\/wp\/v2\/users\/1"}],"replies":[{"embeddable":true,"href":"https:\/\/narteks.net\/index.php\/wp-json\/wp\/v2\/comments?post=4323"}],"version-history":[{"count":0,"href":"https:\/\/narteks.net\/index.php\/wp-json\/wp\/v2\/posts\/4323\/revisions"}],"wp:attachment":[{"href":"https:\/\/narteks.net\/index.php\/wp-json\/wp\/v2\/media?parent=4323"}],"wp:term":[{"taxonomy":"category","embeddable":true,"href":"https:\/\/narteks.net\/index.php\/wp-json\/wp\/v2\/categories?post=4323"},{"taxonomy":"post_tag","embeddable":true,"href":"https:\/\/narteks.net\/index.php\/wp-json\/wp\/v2\/tags?post=4323"}],"curies":[{"name":"wp","href":"https:\/\/api.w.org\/{rel}","templated":true}]}}